{"id":10524,"date":"2020-11-27T17:15:28","date_gmt":"2020-11-27T20:15:28","guid":{"rendered":"http:\/\/www.sindipetroba.org.br\/2019\/?p=10524"},"modified":"2025-09-29T16:48:31","modified_gmt":"2025-09-29T19:48:31","slug":"populacao-e-empresarios-contabilizam-prejuizos-de-22-dias-de-apagao-no-amapa","status":"publish","type":"post","link":"http:\/\/www.sindipetroba.org.br\/2019\/populacao-e-empresarios-contabilizam-prejuizos-de-22-dias-de-apagao-no-amapa\/","title":{"rendered":"Popula\u00e7\u00e3o e empres\u00e1rios contabilizam preju\u00edzos de 22 dias de apag\u00e3o no Amap\u00e1"},"content":{"rendered":"<p>Os moradores e os empres\u00e1rios do estado do Amap\u00e1 viveram 22 dias de completo caos e agora contabilizam diversos preju\u00edzos, que v\u00e3o desde despesa extra com comida pronta porque perderam os alimentos que tinham em casa, vela e \u00e1gua a pre\u00e7os abusivos at\u00e9 a el\u00e9tricos e eletr\u00f4nicos queimados e perda de insumos perec\u00edveis nos bares e restaurantes, que pode provocar demiss\u00f5es.<\/p>\n<p>O preju\u00edzo m\u00e9dio pela falta de receita no com\u00e9rcio \u00e9 estimado em R$12 mil e o causado pela falta de insumos, que estragaram e equipamentos queimados \u00e9 de, em m\u00e9dia, R$ 8 mil a R$ 10 mil, segundo avalia\u00e7\u00e3o feita por Sandro Belo, executivo da Associa\u00e7\u00e3o Brasileira de Bares e Restaurantes no Amap\u00e1 (Abrasel), que representa cerca de 1.400 empresas no estado, sendo 900 delas localizadas na capital, Macap\u00e1, \u00e0 reportagem do\u00a0<strong><a href=\"https:\/\/www.brasildefato.com.br\/2020\/11\/26\/de-eletronicos-queimados-ao-desemprego-os-prejuizos-de-22-dias-de-apagao-no-amapa\">BdF.<\/a><\/strong><\/p>\n<p>Como o\u00a0<strong><a href=\"https:\/\/www.cut.org.br\/noticias\/volta-da-energia-nao-acaba-com-o-drama-do-povo-do-amapa-prejuizos-sao-irreparave-53bd\">Portal CUT<\/a><\/strong>\u00a0relatou muitos moradores tamb\u00e9m tiveram casas incendiadas, sofreram com os assaltos no meio da escurid\u00e3o, com o calor de mais de 30 graus que os impedia de dormir porque faltava ventila\u00e7\u00e3o, al\u00e9m da \u00a0comunica\u00e7\u00e3o extremamente prec\u00e1ria. Tudo isso em meio \u00e0 pandemia do novo coronav\u00edrus (Covid -19).<\/p>\n<p>Reportagem do\u00a0<strong>BdF\u00a0<\/strong>desta sexta-feira (27) conta outros dramas dos moradores. Um dos casos \u00e9 o de Elaine Almeida, 35 anos, uma das muitas pessoas prejudicadas pelo blecaute que atingiu o estado no dia 3 de novembro.<\/p>\n<p>Elaine est\u00e1 desempregada e mesmo com dificuldade financeira teve que comprar marmita, porque n\u00e3o era poss\u00edvel armazenar alimentos com seguran\u00e7a. Al\u00e9m disso, a m\u00e3e perdeu uma televis\u00e3o de 43 polegadas, comprada com muito esfor\u00e7o, que queimou na intermit\u00eancia da energia.<\/p>\n<p>&#8220;Al\u00e9m da TV que foi o preju\u00edzo maior, o que tamb\u00e9m estragou foi verdura na geladeira. A gente se virava comprando comida todo dia, porque se comprasse em quantidade poderia estragar, j\u00e1 que a energia ficava indo e voltando. Quando a energia ia embora, a gente corria e tirava tudo da tomada, porque depois que a TV queimou ficamos mais atentos. Quando ela retornava, lig\u00e1vamos tudo novamente. Agora, minha m\u00e3e est\u00e1 sem televis\u00e3o&#8221;, conta.<\/p>\n<p>Al\u00e9m dos gastos com a comida pronta, a popula\u00e7\u00e3o tamb\u00e9m teve de desembolsar o pouco que tinha para comprar \u00e1gua, vendida por muitos comerciantes a pre\u00e7os abusivos. Ap\u00f3s den\u00fancia da popula\u00e7\u00e3o, o Instituto de Defesa do Consumidor do Amap\u00e1 (Procon) realizou fiscaliza\u00e7\u00e3o multando alguns estabelecimentos.<\/p>\n<p>A \u00fanica ajuda do governo de Jair Bolsonaro (ex-PSL), depois de pressionado por parlamentares foi isentar a popula\u00e7\u00e3o da conta de luz. Para Elaine, os efeitos da medida s\u00e3o m\u00ednimos. &#8220;Isso \u00e9 mais do que justo, porque ficamos sem energia por 20 dias e ainda ter\u00edamos que pagar por isso?\u201d, questionou.<\/p>\n<p><a href=\"https:\/\/www.cut.org.br\/noticias\/governo-federal-sabia-de-risco-de-apagao-no-amapa-ha-2-anos-diz-jornal-e862\">Governo federal sabia de risco de apag\u00e3o no Amap\u00e1 h\u00e1 2 anos, diz jornal<\/a><\/p>\n<p>O Brasil de Fato entrou em contato com a Companhia de Eletricidade do Amap\u00e1 (CEA) sobre os preju\u00edzos \u00e0 popula\u00e7\u00e3o. A Companhia informa que as pessoas que se sentirem lesadas devem procurar o atendimento da pr\u00f3pria CEA e fazer o registro de queima de equipamento.<\/p>\n<p>&#8220;A companhia vai seguir o regulamento da Ag\u00eancia Nacional de Energia El\u00e9trica (Aneel) de fazer inspe\u00e7\u00e3o, gerar laudo e, caso se confirme que houve de fato a queima por oscila\u00e7\u00e3o, providenciaremos o ressarcimento&#8221;, esclareceu a assessoria \u00e0 jornalista Catarina Barbosa, do BdF de Bel\u00e9m.<\/p>\n<p><strong>Desemprego e fal\u00eancia<\/strong><\/p>\n<p>Com a perda de receita e os preju\u00edzos com os insumos perec\u00edveis, al\u00e9m de equipamentos el\u00e9tricos e eletr\u00f4nicos queimados, cerca de 94% do total das empresas do Amap\u00e1, que s\u00e3o micro e pequenos neg\u00f3cios ou empresas familiares com no m\u00e1ximo cinco colaboradores, est\u00e3o com dificuldades, segundo o BdF.<\/p>\n<p>&#8220;O apag\u00e3o, infelizmente, causou o fechamento de um n\u00famero significativo de pequenos neg\u00f3cios, a dispensa de m\u00e3o de obra e a impossibilidade de receita por conta do fechamento por alguns dias e em alguns turnos dessas empresas. S\u00e3o servi\u00e7os essenciais, a alimenta\u00e7\u00e3o, principalmente, em um per\u00edodo em que a popula\u00e7\u00e3o n\u00e3o conseguia armazenar prote\u00ednas em suas resid\u00eancias. Ent\u00e3o, muitas fam\u00edlias procuravam o alimento pronto fora do lar&#8221;, disse o eecutivo da Abrasel.<\/p>\n<p>A associa\u00e7\u00e3o, segundo o dirigente, est\u00e1 se articulado para tomar as medidas necess\u00e1rias e exigir a devida repara\u00e7\u00e3o pelos danos. &#8220;A Abrasel tem buscado parcerias com escrit\u00f3rios de advocacia no sentido de buscar a repara\u00e7\u00e3o junto aos respons\u00e1veis legais pelo servi\u00e7o de rebaixamento da energia el\u00e9trica e demais entidades que ser\u00e3o arroladas diante do ponto de vista legal para trazer essa repara\u00e7\u00e3o junto \u00e0s empresas\u201d.<\/p>\n","protected":false},"excerpt":{"rendered":"Os moradores e os empres\u00e1rios do estado do Amap\u00e1 viveram 22 dias de completo caos e agora contabilizam diversos preju\u00edzos, que v\u00e3o desde despesa extra com comida pronta porque perderam os alimentos que tinham em casa, vela e \u00e1gua a pre\u00e7os abusivos at\u00e9 a el\u00e9tricos e eletr\u00f4nicos queimados e perda de insumos perec\u00edveis nos bares&#8230; <a class=\"view-article\" href=\"http:\/\/www.sindipetroba.org.br\/2019\/populacao-e-empresarios-contabilizam-prejuizos-de-22-dias-de-apagao-no-amapa\/\">Ver artigo<\/a>","protected":false},"author":1,"featured_media":10525,"comment_status":"closed","ping_status":"open","sticky":false,"template":"","format":"standard","meta":{"_et_pb_use_builder":"","_et_pb_old_content":"","_et_gb_content_width":"","footnotes":""},"categories":[1,3922],"tags":[],"class_list":["post-10524","post","type-post","status-publish","format-standard","has-post-thumbnail","hentry","category-noticia","category-preco-justo"],"yoast_head":"<!-- This site is optimized with the Yoast SEO plugin v27.3 - https:\/\/yoast.com\/product\/yoast-seo-wordpress\/ -->\n<title>Popula\u00e7\u00e3o e empres\u00e1rios contabilizam preju\u00edzos de 22 dias de apag\u00e3o no Amap\u00e1 - Sindipetro BA<\/title>\n<meta name=\"robots\" content=\"index, follow, max-snippet:-1, max-image-preview:large, max-video-preview:-1\" \/>\n<link rel=\"canonical\" href=\"http:\/\/www.sindipetroba.org.br\/2019\/populacao-e-empresarios-contabilizam-prejuizos-de-22-dias-de-apagao-no-amapa\/\" \/>\n<meta property=\"og:locale\" content=\"pt_BR\" \/>\n<meta property=\"og:type\" content=\"article\" \/>\n<meta property=\"og:title\" content=\"Popula\u00e7\u00e3o e empres\u00e1rios contabilizam preju\u00edzos de 22 dias de apag\u00e3o no Amap\u00e1 - Sindipetro BA\" \/>\n<meta property=\"og:description\" content=\"Os moradores e os empres\u00e1rios do estado do Amap\u00e1 viveram 22 dias de completo caos e agora contabilizam diversos preju\u00edzos, que v\u00e3o desde despesa extra com comida pronta porque perderam os alimentos que tinham em casa, vela e \u00e1gua a pre\u00e7os abusivos at\u00e9 a el\u00e9tricos e eletr\u00f4nicos queimados e perda de insumos perec\u00edveis nos bares... Ver artigo\" \/>\n<meta property=\"og:url\" content=\"http:\/\/www.sindipetroba.org.br\/2019\/populacao-e-empresarios-contabilizam-prejuizos-de-22-dias-de-apagao-no-amapa\/\" \/>\n<meta property=\"og:site_name\" content=\"Sindipetro BA\" \/>\n<meta property=\"article:publisher\" content=\"https:\/\/www.facebook.com\/sindipetroBa\/\" \/>\n<meta property=\"article:published_time\" content=\"2020-11-27T20:15:28+00:00\" \/>\n<meta property=\"article:modified_time\" content=\"2025-09-29T19:48:31+00:00\" \/>\n<meta property=\"og:image\" content=\"http:\/\/www.sindipetroba.org.br\/2019\/wp-content\/uploads\/2020\/11\/systemuploadsnews049521e8d6c7fc963c0-700x460xfit-f276c.jpeg\" \/>\n\t<meta property=\"og:image:width\" content=\"700\" \/>\n\t<meta property=\"og:image:height\" content=\"460\" \/>\n\t<meta property=\"og:image:type\" content=\"image\/jpeg\" \/>\n<meta name=\"author\" content=\"admsp\" \/>\n<meta name=\"twitter:card\" content=\"summary_large_image\" \/>\n<meta name=\"twitter:creator\" content=\"@SindipetroBahia\" \/>\n<meta name=\"twitter:site\" content=\"@SindipetroBahia\" \/>\n<meta name=\"twitter:label1\" content=\"Escrito por\" \/>\n\t<meta name=\"twitter:data1\" content=\"admsp\" \/>\n\t<meta name=\"twitter:label2\" content=\"Est. tempo de leitura\" \/>\n\t<meta name=\"twitter:data2\" content=\"4 minutos\" \/>\n<script type=\"application\/ld+json\" class=\"yoast-schema-graph\">{\"@context\":\"https:\\\/\\\/schema.org\",\"@graph\":[{\"@type\":\"Article\",\"@id\":\"http:\\\/\\\/www.sindipetroba.org.br\\\/2019\\\/populacao-e-empresarios-contabilizam-prejuizos-de-22-dias-de-apagao-no-amapa\\\/#article\",\"isPartOf\":{\"@id\":\"http:\\\/\\\/www.sindipetroba.org.br\\\/2019\\\/populacao-e-empresarios-contabilizam-prejuizos-de-22-dias-de-apagao-no-amapa\\\/\"},\"author\":{\"name\":\"admsp\",\"@id\":\"http:\\\/\\\/www.sindipetroba.org.br\\\/2019\\\/#\\\/schema\\\/person\\\/e61228ef9f981537d4c4eb80f6ea7713\"},\"headline\":\"Popula\u00e7\u00e3o e empres\u00e1rios contabilizam preju\u00edzos de 22 dias de apag\u00e3o no Amap\u00e1\",\"datePublished\":\"2020-11-27T20:15:28+00:00\",\"dateModified\":\"2025-09-29T19:48:31+00:00\",\"mainEntityOfPage\":{\"@id\":\"http:\\\/\\\/www.sindipetroba.org.br\\\/2019\\\/populacao-e-empresarios-contabilizam-prejuizos-de-22-dias-de-apagao-no-amapa\\\/\"},\"wordCount\":807,\"publisher\":{\"@id\":\"http:\\\/\\\/www.sindipetroba.org.br\\\/2019\\\/#organization\"},\"image\":{\"@id\":\"http:\\\/\\\/www.sindipetroba.org.br\\\/2019\\\/populacao-e-empresarios-contabilizam-prejuizos-de-22-dias-de-apagao-no-amapa\\\/#primaryimage\"},\"thumbnailUrl\":\"http:\\\/\\\/www.sindipetroba.org.br\\\/2019\\\/wp-content\\\/uploads\\\/2020\\\/11\\\/systemuploadsnews049521e8d6c7fc963c0-700x460xfit-f276c.jpeg\",\"articleSection\":[\"Not\u00edcia\",\"Pre\u00e7o Justo\"],\"inLanguage\":\"pt-BR\"},{\"@type\":\"WebPage\",\"@id\":\"http:\\\/\\\/www.sindipetroba.org.br\\\/2019\\\/populacao-e-empresarios-contabilizam-prejuizos-de-22-dias-de-apagao-no-amapa\\\/\",\"url\":\"http:\\\/\\\/www.sindipetroba.org.br\\\/2019\\\/populacao-e-empresarios-contabilizam-prejuizos-de-22-dias-de-apagao-no-amapa\\\/\",\"name\":\"Popula\u00e7\u00e3o e empres\u00e1rios contabilizam preju\u00edzos de 22 dias de apag\u00e3o no Amap\u00e1 - Sindipetro BA\",\"isPartOf\":{\"@id\":\"http:\\\/\\\/www.sindipetroba.org.br\\\/2019\\\/#website\"},\"primaryImageOfPage\":{\"@id\":\"http:\\\/\\\/www.sindipetroba.org.br\\\/2019\\\/populacao-e-empresarios-contabilizam-prejuizos-de-22-dias-de-apagao-no-amapa\\\/#primaryimage\"},\"image\":{\"@id\":\"http:\\\/\\\/www.sindipetroba.org.br\\\/2019\\\/populacao-e-empresarios-contabilizam-prejuizos-de-22-dias-de-apagao-no-amapa\\\/#primaryimage\"},\"thumbnailUrl\":\"http:\\\/\\\/www.sindipetroba.org.br\\\/2019\\\/wp-content\\\/uploads\\\/2020\\\/11\\\/systemuploadsnews049521e8d6c7fc963c0-700x460xfit-f276c.jpeg\",\"datePublished\":\"2020-11-27T20:15:28+00:00\",\"dateModified\":\"2025-09-29T19:48:31+00:00\",\"breadcrumb\":{\"@id\":\"http:\\\/\\\/www.sindipetroba.org.br\\\/2019\\\/populacao-e-empresarios-contabilizam-prejuizos-de-22-dias-de-apagao-no-amapa\\\/#breadcrumb\"},\"inLanguage\":\"pt-BR\",\"potentialAction\":[{\"@type\":\"ReadAction\",\"target\":[\"http:\\\/\\\/www.sindipetroba.org.br\\\/2019\\\/populacao-e-empresarios-contabilizam-prejuizos-de-22-dias-de-apagao-no-amapa\\\/\"]}]},{\"@type\":\"ImageObject\",\"inLanguage\":\"pt-BR\",\"@id\":\"http:\\\/\\\/www.sindipetroba.org.br\\\/2019\\\/populacao-e-empresarios-contabilizam-prejuizos-de-22-dias-de-apagao-no-amapa\\\/#primaryimage\",\"url\":\"http:\\\/\\\/www.sindipetroba.org.br\\\/2019\\\/wp-content\\\/uploads\\\/2020\\\/11\\\/systemuploadsnews049521e8d6c7fc963c0-700x460xfit-f276c.jpeg\",\"contentUrl\":\"http:\\\/\\\/www.sindipetroba.org.br\\\/2019\\\/wp-content\\\/uploads\\\/2020\\\/11\\\/systemuploadsnews049521e8d6c7fc963c0-700x460xfit-f276c.jpeg\",\"width\":700,\"height\":460},{\"@type\":\"BreadcrumbList\",\"@id\":\"http:\\\/\\\/www.sindipetroba.org.br\\\/2019\\\/populacao-e-empresarios-contabilizam-prejuizos-de-22-dias-de-apagao-no-amapa\\\/#breadcrumb\",\"itemListElement\":[{\"@type\":\"ListItem\",\"position\":1,\"name\":\"In\u00edcio\",\"item\":\"http:\\\/\\\/www.sindipetroba.org.br\\\/2019\\\/\"},{\"@type\":\"ListItem\",\"position\":2,\"name\":\"Popula\u00e7\u00e3o e empres\u00e1rios contabilizam preju\u00edzos de 22 dias de apag\u00e3o no Amap\u00e1\"}]},{\"@type\":\"WebSite\",\"@id\":\"http:\\\/\\\/www.sindipetroba.org.br\\\/2019\\\/#website\",\"url\":\"http:\\\/\\\/www.sindipetroba.org.br\\\/2019\\\/\",\"name\":\"Sindipetro BA\",\"description\":\"Sindicato dos Petroleiros e Petroleiras do Estado da Bahia\",\"publisher\":{\"@id\":\"http:\\\/\\\/www.sindipetroba.org.br\\\/2019\\\/#organization\"},\"potentialAction\":[{\"@type\":\"SearchAction\",\"target\":{\"@type\":\"EntryPoint\",\"urlTemplate\":\"http:\\\/\\\/www.sindipetroba.org.br\\\/2019\\\/?s={search_term_string}\"},\"query-input\":{\"@type\":\"PropertyValueSpecification\",\"valueRequired\":true,\"valueName\":\"search_term_string\"}}],\"inLanguage\":\"pt-BR\"},{\"@type\":\"Organization\",\"@id\":\"http:\\\/\\\/www.sindipetroba.org.br\\\/2019\\\/#organization\",\"name\":\"Sindipetro BA\",\"url\":\"http:\\\/\\\/www.sindipetroba.org.br\\\/2019\\\/\",\"logo\":{\"@type\":\"ImageObject\",\"inLanguage\":\"pt-BR\",\"@id\":\"http:\\\/\\\/www.sindipetroba.org.br\\\/2019\\\/#\\\/schema\\\/logo\\\/image\\\/\",\"url\":\"http:\\\/\\\/www.sindipetroba.org.br\\\/2019\\\/wp-content\\\/uploads\\\/2019\\\/01\\\/sindipetro-marca-cor.png\",\"contentUrl\":\"http:\\\/\\\/www.sindipetroba.org.br\\\/2019\\\/wp-content\\\/uploads\\\/2019\\\/01\\\/sindipetro-marca-cor.png\",\"width\":350,\"height\":126,\"caption\":\"Sindipetro BA\"},\"image\":{\"@id\":\"http:\\\/\\\/www.sindipetroba.org.br\\\/2019\\\/#\\\/schema\\\/logo\\\/image\\\/\"},\"sameAs\":[\"https:\\\/\\\/www.facebook.com\\\/sindipetroBa\\\/\",\"https:\\\/\\\/x.com\\\/SindipetroBahia\",\"https:\\\/\\\/www.instagram.com\\\/sindipetroba\\\/\",\"https:\\\/\\\/www.youtube.com\\\/c\\\/SindipetroBahiaOficial\"]},{\"@type\":\"Person\",\"@id\":\"http:\\\/\\\/www.sindipetroba.org.br\\\/2019\\\/#\\\/schema\\\/person\\\/e61228ef9f981537d4c4eb80f6ea7713\",\"name\":\"admsp\",\"image\":{\"@type\":\"ImageObject\",\"inLanguage\":\"pt-BR\",\"@id\":\"https:\\\/\\\/secure.gravatar.com\\\/avatar\\\/50f06e2b746fe9248099d2c61c12342ab36327e9d413e3171dd7033b84800d96?s=96&d=mm&r=g\",\"url\":\"https:\\\/\\\/secure.gravatar.com\\\/avatar\\\/50f06e2b746fe9248099d2c61c12342ab36327e9d413e3171dd7033b84800d96?s=96&d=mm&r=g\",\"contentUrl\":\"https:\\\/\\\/secure.gravatar.com\\\/avatar\\\/50f06e2b746fe9248099d2c61c12342ab36327e9d413e3171dd7033b84800d96?s=96&d=mm&r=g\",\"caption\":\"admsp\"}}]}<\/script>\n<!-- \/ Yoast SEO plugin. -->","yoast_head_json":{"title":"Popula\u00e7\u00e3o e empres\u00e1rios contabilizam preju\u00edzos de 22 dias de apag\u00e3o no Amap\u00e1 - Sindipetro BA","robots":{"index":"index","follow":"follow","max-snippet":"max-snippet:-1","max-image-preview":"max-image-preview:large","max-video-preview":"max-video-preview:-1"},"canonical":"http:\/\/www.sindipetroba.org.br\/2019\/populacao-e-empresarios-contabilizam-prejuizos-de-22-dias-de-apagao-no-amapa\/","og_locale":"pt_BR","og_type":"article","og_title":"Popula\u00e7\u00e3o e empres\u00e1rios contabilizam preju\u00edzos de 22 dias de apag\u00e3o no Amap\u00e1 - Sindipetro BA","og_description":"Os moradores e os empres\u00e1rios do estado do Amap\u00e1 viveram 22 dias de completo caos e agora contabilizam diversos preju\u00edzos, que v\u00e3o desde despesa extra com comida pronta porque perderam os alimentos que tinham em casa, vela e \u00e1gua a pre\u00e7os abusivos at\u00e9 a el\u00e9tricos e eletr\u00f4nicos queimados e perda de insumos perec\u00edveis nos bares... Ver artigo","og_url":"http:\/\/www.sindipetroba.org.br\/2019\/populacao-e-empresarios-contabilizam-prejuizos-de-22-dias-de-apagao-no-amapa\/","og_site_name":"Sindipetro BA","article_publisher":"https:\/\/www.facebook.com\/sindipetroBa\/","article_published_time":"2020-11-27T20:15:28+00:00","article_modified_time":"2025-09-29T19:48:31+00:00","og_image":[{"width":700,"height":460,"url":"http:\/\/www.sindipetroba.org.br\/2019\/wp-content\/uploads\/2020\/11\/systemuploadsnews049521e8d6c7fc963c0-700x460xfit-f276c.jpeg","type":"image\/jpeg"}],"author":"admsp","twitter_card":"summary_large_image","twitter_creator":"@SindipetroBahia","twitter_site":"@SindipetroBahia","twitter_misc":{"Escrito por":"admsp","Est. tempo de leitura":"4 minutos"},"schema":{"@context":"https:\/\/schema.org","@graph":[{"@type":"Article","@id":"http:\/\/www.sindipetroba.org.br\/2019\/populacao-e-empresarios-contabilizam-prejuizos-de-22-dias-de-apagao-no-amapa\/#article","isPartOf":{"@id":"http:\/\/www.sindipetroba.org.br\/2019\/populacao-e-empresarios-contabilizam-prejuizos-de-22-dias-de-apagao-no-amapa\/"},"author":{"name":"admsp","@id":"http:\/\/www.sindipetroba.org.br\/2019\/#\/schema\/person\/e61228ef9f981537d4c4eb80f6ea7713"},"headline":"Popula\u00e7\u00e3o e empres\u00e1rios contabilizam preju\u00edzos de 22 dias de apag\u00e3o no Amap\u00e1","datePublished":"2020-11-27T20:15:28+00:00","dateModified":"2025-09-29T19:48:31+00:00","mainEntityOfPage":{"@id":"http:\/\/www.sindipetroba.org.br\/2019\/populacao-e-empresarios-contabilizam-prejuizos-de-22-dias-de-apagao-no-amapa\/"},"wordCount":807,"publisher":{"@id":"http:\/\/www.sindipetroba.org.br\/2019\/#organization"},"image":{"@id":"http:\/\/www.sindipetroba.org.br\/2019\/populacao-e-empresarios-contabilizam-prejuizos-de-22-dias-de-apagao-no-amapa\/#primaryimage"},"thumbnailUrl":"http:\/\/www.sindipetroba.org.br\/2019\/wp-content\/uploads\/2020\/11\/systemuploadsnews049521e8d6c7fc963c0-700x460xfit-f276c.jpeg","articleSection":["Not\u00edcia","Pre\u00e7o Justo"],"inLanguage":"pt-BR"},{"@type":"WebPage","@id":"http:\/\/www.sindipetroba.org.br\/2019\/populacao-e-empresarios-contabilizam-prejuizos-de-22-dias-de-apagao-no-amapa\/","url":"http:\/\/www.sindipetroba.org.br\/2019\/populacao-e-empresarios-contabilizam-prejuizos-de-22-dias-de-apagao-no-amapa\/","name":"Popula\u00e7\u00e3o e empres\u00e1rios contabilizam preju\u00edzos de 22 dias de apag\u00e3o no Amap\u00e1 - Sindipetro BA","isPartOf":{"@id":"http:\/\/www.sindipetroba.org.br\/2019\/#website"},"primaryImageOfPage":{"@id":"http:\/\/www.sindipetroba.org.br\/2019\/populacao-e-empresarios-contabilizam-prejuizos-de-22-dias-de-apagao-no-amapa\/#primaryimage"},"image":{"@id":"http:\/\/www.sindipetroba.org.br\/2019\/populacao-e-empresarios-contabilizam-prejuizos-de-22-dias-de-apagao-no-amapa\/#primaryimage"},"thumbnailUrl":"http:\/\/www.sindipetroba.org.br\/2019\/wp-content\/uploads\/2020\/11\/systemuploadsnews049521e8d6c7fc963c0-700x460xfit-f276c.jpeg","datePublished":"2020-11-27T20:15:28+00:00","dateModified":"2025-09-29T19:48:31+00:00","breadcrumb":{"@id":"http:\/\/www.sindipetroba.org.br\/2019\/populacao-e-empresarios-contabilizam-prejuizos-de-22-dias-de-apagao-no-amapa\/#breadcrumb"},"inLanguage":"pt-BR","potentialAction":[{"@type":"ReadAction","target":["http:\/\/www.sindipetroba.org.br\/2019\/populacao-e-empresarios-contabilizam-prejuizos-de-22-dias-de-apagao-no-amapa\/"]}]},{"@type":"ImageObject","inLanguage":"pt-BR","@id":"http:\/\/www.sindipetroba.org.br\/2019\/populacao-e-empresarios-contabilizam-prejuizos-de-22-dias-de-apagao-no-amapa\/#primaryimage","url":"http:\/\/www.sindipetroba.org.br\/2019\/wp-content\/uploads\/2020\/11\/systemuploadsnews049521e8d6c7fc963c0-700x460xfit-f276c.jpeg","contentUrl":"http:\/\/www.sindipetroba.org.br\/2019\/wp-content\/uploads\/2020\/11\/systemuploadsnews049521e8d6c7fc963c0-700x460xfit-f276c.jpeg","width":700,"height":460},{"@type":"BreadcrumbList","@id":"http:\/\/www.sindipetroba.org.br\/2019\/populacao-e-empresarios-contabilizam-prejuizos-de-22-dias-de-apagao-no-amapa\/#breadcrumb","itemListElement":[{"@type":"ListItem","position":1,"name":"In\u00edcio","item":"http:\/\/www.sindipetroba.org.br\/2019\/"},{"@type":"ListItem","position":2,"name":"Popula\u00e7\u00e3o e empres\u00e1rios contabilizam preju\u00edzos de 22 dias de apag\u00e3o no Amap\u00e1"}]},{"@type":"WebSite","@id":"http:\/\/www.sindipetroba.org.br\/2019\/#website","url":"http:\/\/www.sindipetroba.org.br\/2019\/","name":"Sindipetro BA","description":"Sindicato dos Petroleiros e Petroleiras do Estado da Bahia","publisher":{"@id":"http:\/\/www.sindipetroba.org.br\/2019\/#organization"},"potentialAction":[{"@type":"SearchAction","target":{"@type":"EntryPoint","urlTemplate":"http:\/\/www.sindipetroba.org.br\/2019\/?s={search_term_string}"},"query-input":{"@type":"PropertyValueSpecification","valueRequired":true,"valueName":"search_term_string"}}],"inLanguage":"pt-BR"},{"@type":"Organization","@id":"http:\/\/www.sindipetroba.org.br\/2019\/#organization","name":"Sindipetro BA","url":"http:\/\/www.sindipetroba.org.br\/2019\/","logo":{"@type":"ImageObject","inLanguage":"pt-BR","@id":"http:\/\/www.sindipetroba.org.br\/2019\/#\/schema\/logo\/image\/","url":"http:\/\/www.sindipetroba.org.br\/2019\/wp-content\/uploads\/2019\/01\/sindipetro-marca-cor.png","contentUrl":"http:\/\/www.sindipetroba.org.br\/2019\/wp-content\/uploads\/2019\/01\/sindipetro-marca-cor.png","width":350,"height":126,"caption":"Sindipetro BA"},"image":{"@id":"http:\/\/www.sindipetroba.org.br\/2019\/#\/schema\/logo\/image\/"},"sameAs":["https:\/\/www.facebook.com\/sindipetroBa\/","https:\/\/x.com\/SindipetroBahia","https:\/\/www.instagram.com\/sindipetroba\/","https:\/\/www.youtube.com\/c\/SindipetroBahiaOficial"]},{"@type":"Person","@id":"http:\/\/www.sindipetroba.org.br\/2019\/#\/schema\/person\/e61228ef9f981537d4c4eb80f6ea7713","name":"admsp","image":{"@type":"ImageObject","inLanguage":"pt-BR","@id":"https:\/\/secure.gravatar.com\/avatar\/50f06e2b746fe9248099d2c61c12342ab36327e9d413e3171dd7033b84800d96?s=96&d=mm&r=g","url":"https:\/\/secure.gravatar.com\/avatar\/50f06e2b746fe9248099d2c61c12342ab36327e9d413e3171dd7033b84800d96?s=96&d=mm&r=g","contentUrl":"https:\/\/secure.gravatar.com\/avatar\/50f06e2b746fe9248099d2c61c12342ab36327e9d413e3171dd7033b84800d96?s=96&d=mm&r=g","caption":"admsp"}}]}},"_links":{"self":[{"href":"http:\/\/www.sindipetroba.org.br\/2019\/wp-json\/wp\/v2\/posts\/10524","targetHints":{"allow":["GET"]}}],"collection":[{"href":"http:\/\/www.sindipetroba.org.br\/2019\/wp-json\/wp\/v2\/posts"}],"about":[{"href":"http:\/\/www.sindipetroba.org.br\/2019\/wp-json\/wp\/v2\/types\/post"}],"author":[{"embeddable":true,"href":"http:\/\/www.sindipetroba.org.br\/2019\/wp-json\/wp\/v2\/users\/1"}],"replies":[{"embeddable":true,"href":"http:\/\/www.sindipetroba.org.br\/2019\/wp-json\/wp\/v2\/comments?post=10524"}],"version-history":[{"count":1,"href":"http:\/\/www.sindipetroba.org.br\/2019\/wp-json\/wp\/v2\/posts\/10524\/revisions"}],"predecessor-version":[{"id":10526,"href":"http:\/\/www.sindipetroba.org.br\/2019\/wp-json\/wp\/v2\/posts\/10524\/revisions\/10526"}],"wp:featuredmedia":[{"embeddable":true,"href":"http:\/\/www.sindipetroba.org.br\/2019\/wp-json\/wp\/v2\/media\/10525"}],"wp:attachment":[{"href":"http:\/\/www.sindipetroba.org.br\/2019\/wp-json\/wp\/v2\/media?parent=10524"}],"wp:term":[{"taxonomy":"category","embeddable":true,"href":"http:\/\/www.sindipetroba.org.br\/2019\/wp-json\/wp\/v2\/categories?post=10524"},{"taxonomy":"post_tag","embeddable":true,"href":"http:\/\/www.sindipetroba.org.br\/2019\/wp-json\/wp\/v2\/tags?post=10524"}],"curies":[{"name":"wp","href":"https:\/\/api.w.org\/{rel}","templated":true}]}}