{"id":10722,"date":"2020-12-16T14:11:24","date_gmt":"2020-12-16T17:11:24","guid":{"rendered":"http:\/\/www.sindipetroba.org.br\/2019\/?p=10722"},"modified":"2020-12-16T14:12:12","modified_gmt":"2020-12-16T17:12:12","slug":"prevencao-contra-covid-no-trabalho-e-essencial-para-evitar-surtos-alerta-mpt","status":"publish","type":"post","link":"http:\/\/www.sindipetroba.org.br\/2019\/prevencao-contra-covid-no-trabalho-e-essencial-para-evitar-surtos-alerta-mpt\/","title":{"rendered":"Preven\u00e7\u00e3o contra Covid no trabalho \u00e9 essencial para evitar surtos, alerta MPT"},"content":{"rendered":"<div class=\"itemFullText\">\n<p><strong>Nota do Minist\u00e9rio P\u00fablico do Trabalhado alerta para import\u00e2ncia de um programa de sa\u00fade e da notifica\u00e7\u00e3o\u00a0e emiss\u00e3o de CAT como medidas fundamentais no enfrentamento da pandemia nos locais de trabalho<\/strong><\/p>\n<p><em>[Da imprensa da CUT | Foto: Sindicato dos Metal\u00fargicos do ABC]<\/em><\/p>\n<p>As medidas de seguran\u00e7a e sa\u00fade divulgadas pela Organiza\u00e7\u00e3o Mundial da Sa\u00fade (OMS) e Organiza\u00e7\u00e3o Internacional do Trabalho (OIT) de\u00a0<strong>preven\u00e7\u00e3o contra\u00a0<\/strong>a prolifera\u00e7\u00e3o da\u00a0<strong>Covid-19<\/strong>\u00a0e algumas leis brasileiras relacionadas a sa\u00fade do trabalhador devem ser observadas no local de\u00a0<strong>trabalho<\/strong>\u00a0para evitar\u00a0<strong>surtos\u00a0<\/strong>do novo coronav\u00edrus, a piora da pandemia no Brasil e ainda salvar milhares de vidas.<\/p>\n<p>Este foi o tom da\u00a0<strong>Nota T\u00e9cnica n\u00ba20<\/strong>\u00a0do Minist\u00e9rio P\u00fablico do Trabalho (MPT) divulgada nesta semana. O documento elenca medidas de preven\u00e7\u00e3o de casos e surtos de Covid-19 nos ambientes de trabalho para empregadores, empresas, entidades p\u00fablicas e privadas que contratem trabalhadores e trabalhadoras para estabelecer diagn\u00f3sticos precoces da Covid-19 e para interrup\u00e7\u00e3o das cadeias de transmiss\u00e3o da doen\u00e7a nos ambientes laborais, favorecendo, concomitantemente, o desenvolvimento da atividade econ\u00f4mica e a sa\u00fade de trabalhadores e trabalhadoras. [conhe\u00e7a as medidas abaixo]<\/p>\n<p>\u201cQuanto mais as empresas adotarem normas de sa\u00fade e seguran\u00e7a do trabalho para preven\u00e7\u00e3o e surtos da Covid-19, melhor. Agora, se a empresa alicer\u00e7a a prote\u00e7\u00e3o apenas a m\u00e1scaras, sem adotar outras medidas de prote\u00e7\u00e3o coletiva e de organiza\u00e7\u00e3o do trabalho, como teletrabalho, escalas de trabalho, flexibiliza\u00e7\u00e3o de jornada, de modo a promover o distanciamento social entre os empregados, ela ter\u00e1 menos meios de demonstrar que a contamina\u00e7\u00e3o n\u00e3o ocorreu no local de trabalho\u201d, explicou a procuradora do MPT, Ileana Neiva.<\/p>\n<p>A nota foi escrita baseada em Leis, na emerg\u00eancia em sa\u00fade p\u00fablica que o pa\u00eds vive, decorrente do novo coronav\u00edrus, que representa novo risco ocupacional de natureza biol\u00f3gica nos ambientes de trabalho, normas, recomenda\u00e7\u00f5es e Conven\u00e7\u00f5es da OMS e OIT, em artigos da Constitui\u00e7\u00e3o Federal e o dever institucional do Minist\u00e9rio P\u00fablico do Trabalho de atuar para a prote\u00e7\u00e3o do direito fundamental \u00e0 sa\u00fade do trabalhador e, por conseguinte, reduzir os acidentes e doen\u00e7as do trabalho e combater a sua subnotifica\u00e7\u00e3o.<\/p>\n<h3><strong>Programas de sa\u00fade no trabalho<\/strong><\/h3>\n<p>Segundo a procuradora, \u00e9 importante que as empresas elaborarem programas de sa\u00fade e seguran\u00e7a do trabalho para evitar adoecimento e deve ser feito observando a hierarquia das medidas de preven\u00e7\u00e3o.<\/p>\n<p>Ileana conta que \u00e9 preciso tomar medidas administrativas e de engenharia, como afastar os empregados, os postos de trabalho devem ser distantes, devem ter ventila\u00e7\u00e3o natural e depois v\u00eam os EPIs, que devem ser adequados. M\u00e1scaras de tecido est\u00e3o disseminadas, explica ela, mas n\u00e3o s\u00e3o a melhor prote\u00e7\u00e3o, pontua, \u201cprincipalmente quando a empresa deixa a higieniza\u00e7\u00e3o a cargo do empregado, que, \u00e0s vezes, pode morar em um local que falta \u00e1gua com frequ\u00eancia, pode faltar o dinheiro para o sab\u00e3o ou pode fazer o processo de lavagem e secagem de forma inadequada\u201d.<\/p>\n<p>\u201cEmpresa que quer fazer boa preven\u00e7\u00e3o fornece, no m\u00ednimo, m\u00e1scaras descart\u00e1veis, ap\u00f3s afastar os postos de trabalho para manter a dist\u00e2ncia. Pessoas trabalhando lado a lado, em ambiente fechado e refrigerado, propiciam surtos, como se viu em frigor\u00edficos e em outros setores\u201d, afirma.<\/p>\n<h3><strong>Eliminar riscos ocupacionais \u00e9 dever de todos<\/strong><\/h3>\n<p>A procuradora tamb\u00e9m fala sobre o papel dos sindicatos. Para ela, as entidades sindicais de trabalhadores devem ficar atentas e cumprir o seu papel, previsto na conven\u00e7\u00e3o 155 da OIT, ratificada pelo Brasil, e acompanhar se as empresas est\u00e3o prevendo o risco biol\u00f3gico, como determina a lei.<\/p>\n<p>\u201cO fato da pandemia n\u00e3o ser um risco criado pela empresa, n\u00e3o significa que n\u00e3o seja um risco que deva ser controlado por ela. Todos os riscos que entram na empresa, \u00e9 seu dever control\u00e1-los. Fazer gest\u00e3o de riscos ocupacionais, buscando elimin\u00e1-los ou reduzi-los, \u00e9 dever de todas as empresas\u201d, disse a procuradora<\/p>\n<h3><strong>Covid \u00e9 doen\u00e7a do trabalho?<\/strong><\/h3>\n<p>Se a Covid-19, doen\u00e7a causada pelo novo coronav\u00edrus, pode ser considerada doen\u00e7a relacionada ao trabalho, ela fala que n\u00e3o se pode ter mais d\u00favida. J\u00e1 est\u00e1 configurado no Artigo 20 da Lei n\u00ba 8.213\/91: \u201ca COVID-19 pode ser considerada doen\u00e7a do trabalho quando a contamina\u00e7\u00e3o do (a) trabalhador (a) pelo SARS-CoV-2 ocorrer em decorr\u00eancia das condi\u00e7\u00f5es especiais de trabalho\u201d.<\/p>\n<p>\u201cA comprova\u00e7\u00e3o de que o trabalhador foi contaminado no ambiente de trabalho pode ocorrer de diversas formas. Por exemplo, se h\u00e1 v\u00e1rias pessoas no ambiente de trabalho com COVID-19 n\u00e3o se pode, logicamente, concluir que a doen\u00e7a ocorreu fora do trabalho e que o trabalho n\u00e3o tem nenhuma rela\u00e7\u00e3o com ela\u201d, explicou Ileana.<\/p>\n<h3><strong>A import\u00e2ncia da notifica\u00e7\u00e3o<\/strong><\/h3>\n<p>\u00c9 preciso notificar, porque a notifica\u00e7\u00e3o da COVID-19 propicia um direcionamento correto da pol\u00edtica p\u00fablica de sa\u00fade e da pol\u00edtica econ\u00f4mica. Quando se sabe em qual setor est\u00e1 havendo adoecimentos pela doen\u00e7a, reorienta-se as medidas de preven\u00e7\u00e3o, melhorando-as para evitar mais adoecimentos.<\/p>\n<p>\u201cSubnotificar significa empurrar o problema para debaixo do tapete e n\u00e3o melhorar a preven\u00e7\u00e3o. A\u00ed o surto ocorre numa empresa e passa para outra, no mesmo ou em outro munic\u00edpio, porque as pessoas circulam, mas se uma empresa notifica e adota-se medidas espec\u00edficas para ela, as outras empresas e seus empregados ficam protegidos\u201d, contou Ileana.<\/p>\n<p>Ela conta que n\u00e3o notificar doen\u00e7a na notifica\u00e7\u00e3o compuls\u00f3ria, como \u00e9 o caso da Covid, \u00e9 crime e ainda o art. 336 do regulamento da Previd\u00eancia Social, citado na Nota T\u00e9cnica n\u00ba 20, diz que \u00e9 dever notificar \u00e0 previd\u00eancia, para fins estat\u00edsticos e epidemiol\u00f3gicos.<\/p>\n<p>\u201cO que n\u00e3o podemos conviver \u00e9 com a falta de notifica\u00e7\u00e3o, pois a Covid-19 deixa sequelas, e as empresas devem notificar os casos de COVID-19. O m\u00e9dico do trabalho tem que fazer relat\u00f3rios mensais, como est\u00e1 na Norma Regulamentadora 4, e fazer relat\u00f3rio anual, como est\u00e1 determinado na Norma Regulamentadora 7. Nesses relat\u00f3rios, t\u00eam que especificar quantos trabalhadores foram testados e o teste deve ser pago pelo empresa\u201d, afirmou a procuradora, que complementa: \u201cToda esta documenta\u00e7\u00e3o da sa\u00fade do trabalhador deve ser guardada pela empresa por 20 anos\u201d.<\/p>\n<h3><strong>Para agir precisa conhecer o problema<\/strong><\/h3>\n<p>A subnotifica\u00e7\u00e3o prejudica as empresas s\u00e9rias que adotam todos os protocolos sanit\u00e1rios e fazem vigil\u00e2ncia epidemiol\u00f3gica, disse a procuradora.<\/p>\n<p>\u201cQuando h\u00e1 notifica\u00e7\u00e3o, o poder p\u00fablico fica sabendo de um surto de COVID-19 e pode fiscalizar a empresa que n\u00e3o est\u00e1 adotando as medidas de preven\u00e7\u00e3o, e corrigir sua conduta. Mas se n\u00e3o sabe, o poder p\u00fablico n\u00e3o age, e o surto se espalha, atingindo outras empresas e pessoas. N\u00e3o existe controle de pandemia sem notifica\u00e7\u00e3o\u201d, finaliza Ileana Neiva.<\/p>\n<h3><strong>CAT (Comunica\u00e7\u00e3o de Acidente de Trabalho)<\/strong><\/h3>\n<p>Na nota, o MPT tamb\u00e9m destaca que os m\u00e9dicos do trabalho, havendo a confirma\u00e7\u00e3o do diagn\u00f3stico de COVID-19, seja por testes ou por crit\u00e9rio cl\u00ednico-epidemiol\u00f3gico, precisam solicitar \u00e0 empresa a emiss\u00e3o da Comunica\u00e7\u00e3o de Acidente do Trabalho (CAT).<\/p>\n<p>\u201cNotificar \u00e9 uma medida de sa\u00fade p\u00fablica e constitui crime previsto no C\u00f3digo Penal se n\u00e3o notificar doen\u00e7a de notifica\u00e7\u00e3o compuls\u00f3ria, como \u00e9 o caso da COVID019. Os n\u00fameros s\u00e3o para fins estat\u00edsticos e epidemiol\u00f3gicos, e a per\u00edcia do INSS \u00e9 que estabelecer\u00e1 o direito ao benef\u00edcio por incapacidade, se for o caso\u201d, diz a procuradora.<\/p>\n<p>A lei tamb\u00e9m diz que na falta de comunica\u00e7\u00e3o por parte da empresa, podem formaliz\u00e1-la o pr\u00f3prio acidentado, seus dependentes, a entidade sindical competente, o m\u00e9dico que o assistiu ou qualquer autoridade p\u00fablica.<\/p>\n<h3><strong>O que \u00e9 CAT<\/strong><\/h3>\n<p>Em qualquer caso de acidente de trabalho do empregado, a empresa precisa emitir um documento chamado CAT (Comunica\u00e7\u00e3o de Acidente de Trabalho), preenchido pelo m\u00e9dico do trabalho e que tem como objetivo informar \u00e0 Previd\u00eancia Social sobre o ocorrido.<\/p>\n<p>Se a empresa se negar a emitir CAT, a previd\u00eancia social pode cobrar multa. Os sindicatos podem emitir e podem exigir que a previd\u00eancia inicie o processo de apura\u00e7\u00e3o e cobran\u00e7a da multa<\/p>\n<p><a href=\"https:\/\/mpt.mp.br\/pgt\/noticias\/nota-tecnica-20-gt-covid-19-mpt-revisao-11-12-2020-5-1.pdf\">Conhe\u00e7a a nota p\u00fablica da entidade<\/a>\u00a0na \u00edntegra.<\/p>\n<h3><strong>Medidas sugeridas pelo MPT\u00a0<\/strong><\/h3>\n<p>&#8211; Prever no Programa de Controle M\u00e9dico de Sa\u00fade Ocupacional (PCMSO), a implementa\u00e7\u00e3o da busca ativa de casos, do rastreamento e diagn\u00f3stico precoce das infec\u00e7\u00f5es pelo novo coronav\u00edrus e o afastamento do local de trabalho dos casos confirmados e suspeitos, e seus contatantes, ainda que assintom\u00e1ticos;<\/p>\n<p>&#8211; Afastar do local de trabalho o trabalhador ou a trabalhadora confirmado ou suspeito de COVID-19, por contato familiar ou no trabalho, e fazer o rastreio dos contatos no trabalho, afastando os contratantes, ainda que assintom\u00e1ticos;<\/p>\n<p>&#8211; Prever no PCMSO, os procedimentos relacionados \u00e0 testagem dos trabalhadores e das trabalhadoras para diagn\u00f3stico da COVID-19 sem \u00f4nus para os empregados;<\/p>\n<p>&#8211; Prever no PCMSO, o per\u00edodo de afastamento para \u201cquarentena\u201d, segundo as orienta\u00e7\u00f5es cient\u00edficas dos organismos de sa\u00fade nacionais e internacionais, e, em face de diverg\u00eancia entre as prescri\u00e7\u00f5es, adotar a norma mais favor\u00e1vel e que preveja maior tempo de afastamento do trabalho, por aplica\u00e7\u00e3o do princ\u00edpio da precau\u00e7\u00e3o;<\/p>\n<p>&#8211; Prever no PCMSO, os exames m\u00e9dicos de retorno ao trabalho, ap\u00f3s o fim da \u201cquarentena\u201d, com avalia\u00e7\u00e3o cl\u00ednica do empregado e exames complementares, independente da dura\u00e7\u00e3o do per\u00edodo de afastamento, por aplica\u00e7\u00e3o do princ\u00edpio da precau\u00e7\u00e3o;<\/p>\n<p>&#8211; Prever no PCMSO, no caso de mudan\u00e7a de fun\u00e7\u00e3o, por pertencer<\/p>\n<p>O trabalhador ou a trabalhadora a grupo de risco, que dever\u00e1 ser realizada, antes da altera\u00e7\u00e3o de fun\u00e7\u00e3o, o exame de mudan\u00e7a de fun\u00e7\u00e3o para verifica\u00e7\u00e3o da condi\u00e7\u00e3o f\u00edsica e mental para o desempenho das novas fun\u00e7\u00f5es, bem como os riscos ocupacionais identificados no Programa de Preven\u00e7\u00e3o de Riscos Ambientais;<\/p>\n<p>&#8211; Dever\u00e3o os m\u00e9dicos do trabalho indicar o afastamento do trabalhador ou da trabalhadora com diagn\u00f3stico de COVID-19 do trabalho, ainda que o teste consigne resultado \u201cn\u00e3o detect\u00e1vel\u201d para o novo coronav\u00edrus, mas estejam presentes elementos para a confirma\u00e7\u00e3o cl\u00ednico-epidemiol\u00f3gica. Orientando o empregador quanto \u00e0 necessidade de ado\u00e7\u00e3o de medidas de controle no ambiente de trabalho e de bloqueio de transmiss\u00e3o da COVID-19;<\/p>\n<p>&#8211; Dever\u00e3o os m\u00e9dicos do trabalho, havendo a confirma\u00e7\u00e3o do diagn\u00f3stico de COVID-19, seja por testes ou por crit\u00e9rio cl\u00ednico-epidemiol\u00f3gico, solicitar \u00e0 empresa a emiss\u00e3o da Comunica\u00e7\u00e3o de Acidente do Trabalho (CAT), ainda que na suspeita de nexo causal com o trabalho (art. 169 da CLT);<\/p>\n<p>&#8211; Registrar todos os casos de infec\u00e7\u00e3o de COVID-19 nos prontu\u00e1rios m\u00e9dicos individuais dos empregados, os quais devem ser atualizados mensalmente, garantida a sua acessibilidade \u00e0s autoridades fiscalizat\u00f3rias da Sa\u00fade e da Auditoria Fiscal do Trabalho.<\/p>\n<\/div>\n<div class=\"clr\"><\/div>\n","protected":false},"excerpt":{"rendered":"Nota do Minist\u00e9rio P\u00fablico do Trabalhado alerta para import\u00e2ncia de um programa de sa\u00fade e da notifica\u00e7\u00e3o\u00a0e emiss\u00e3o de CAT como medidas fundamentais no enfrentamento da pandemia nos locais de trabalho [Da imprensa da CUT | Foto: Sindicato dos Metal\u00fargicos do ABC] As medidas de seguran\u00e7a e sa\u00fade divulgadas pela Organiza\u00e7\u00e3o Mundial da Sa\u00fade (OMS)&#8230; <a class=\"view-article\" href=\"http:\/\/www.sindipetroba.org.br\/2019\/prevencao-contra-covid-no-trabalho-e-essencial-para-evitar-surtos-alerta-mpt\/\">Ver artigo<\/a>","protected":false},"author":1,"featured_media":10723,"comment_status":"closed","ping_status":"open","sticky":false,"template":"","format":"standard","meta":{"_et_pb_use_builder":"","_et_pb_old_content":"","_et_gb_content_width":"","footnotes":""},"categories":[1],"tags":[1427,278,1477],"class_list":["post-10722","post","type-post","status-publish","format-standard","has-post-thumbnail","hentry","category-noticia","tag-covid","tag-mpt","tag-prevencao"],"yoast_head":"<!-- This site is optimized with the Yoast SEO plugin v27.3 - https:\/\/yoast.com\/product\/yoast-seo-wordpress\/ -->\n<title>Preven\u00e7\u00e3o contra Covid no trabalho \u00e9 essencial para evitar surtos, alerta MPT - Sindipetro BA<\/title>\n<meta name=\"robots\" content=\"index, follow, max-snippet:-1, max-image-preview:large, max-video-preview:-1\" \/>\n<link rel=\"canonical\" href=\"http:\/\/www.sindipetroba.org.br\/2019\/prevencao-contra-covid-no-trabalho-e-essencial-para-evitar-surtos-alerta-mpt\/\" \/>\n<meta property=\"og:locale\" content=\"pt_BR\" \/>\n<meta property=\"og:type\" content=\"article\" \/>\n<meta property=\"og:title\" content=\"Preven\u00e7\u00e3o contra Covid no trabalho \u00e9 essencial para evitar surtos, alerta MPT - Sindipetro BA\" \/>\n<meta property=\"og:description\" content=\"Nota do Minist\u00e9rio P\u00fablico do Trabalhado alerta para import\u00e2ncia de um programa de sa\u00fade e da notifica\u00e7\u00e3o\u00a0e emiss\u00e3o de CAT como medidas fundamentais no enfrentamento da pandemia nos locais de trabalho [Da imprensa da CUT | Foto: Sindicato dos Metal\u00fargicos do ABC] As medidas de seguran\u00e7a e sa\u00fade divulgadas pela Organiza\u00e7\u00e3o Mundial da Sa\u00fade (OMS)... Ver artigo\" \/>\n<meta property=\"og:url\" content=\"http:\/\/www.sindipetroba.org.br\/2019\/prevencao-contra-covid-no-trabalho-e-essencial-para-evitar-surtos-alerta-mpt\/\" \/>\n<meta property=\"og:site_name\" content=\"Sindipetro BA\" \/>\n<meta property=\"article:publisher\" content=\"https:\/\/www.facebook.com\/sindipetroBa\/\" \/>\n<meta property=\"article:published_time\" content=\"2020-12-16T17:11:24+00:00\" \/>\n<meta property=\"article:modified_time\" content=\"2020-12-16T17:12:12+00:00\" \/>\n<meta property=\"og:image\" content=\"http:\/\/www.sindipetroba.org.br\/2019\/wp-content\/uploads\/2020\/12\/e3cb6f530601922e87be3991e5603ca6_L.jpg\" \/>\n\t<meta property=\"og:image:width\" content=\"900\" \/>\n\t<meta property=\"og:image:height\" content=\"591\" \/>\n\t<meta property=\"og:image:type\" content=\"image\/jpeg\" \/>\n<meta name=\"author\" content=\"admsp\" \/>\n<meta name=\"twitter:card\" content=\"summary_large_image\" \/>\n<meta name=\"twitter:creator\" content=\"@SindipetroBahia\" \/>\n<meta name=\"twitter:site\" content=\"@SindipetroBahia\" \/>\n<meta name=\"twitter:label1\" content=\"Escrito por\" \/>\n\t<meta name=\"twitter:data1\" content=\"admsp\" \/>\n\t<meta name=\"twitter:label2\" content=\"Est. tempo de leitura\" \/>\n\t<meta name=\"twitter:data2\" content=\"9 minutos\" \/>\n<script type=\"application\/ld+json\" class=\"yoast-schema-graph\">{\"@context\":\"https:\\\/\\\/schema.org\",\"@graph\":[{\"@type\":\"Article\",\"@id\":\"http:\\\/\\\/www.sindipetroba.org.br\\\/2019\\\/prevencao-contra-covid-no-trabalho-e-essencial-para-evitar-surtos-alerta-mpt\\\/#article\",\"isPartOf\":{\"@id\":\"http:\\\/\\\/www.sindipetroba.org.br\\\/2019\\\/prevencao-contra-covid-no-trabalho-e-essencial-para-evitar-surtos-alerta-mpt\\\/\"},\"author\":{\"name\":\"admsp\",\"@id\":\"http:\\\/\\\/www.sindipetroba.org.br\\\/2019\\\/#\\\/schema\\\/person\\\/e61228ef9f981537d4c4eb80f6ea7713\"},\"headline\":\"Preven\u00e7\u00e3o contra Covid no trabalho \u00e9 essencial para evitar surtos, alerta MPT\",\"datePublished\":\"2020-12-16T17:11:24+00:00\",\"dateModified\":\"2020-12-16T17:12:12+00:00\",\"mainEntityOfPage\":{\"@id\":\"http:\\\/\\\/www.sindipetroba.org.br\\\/2019\\\/prevencao-contra-covid-no-trabalho-e-essencial-para-evitar-surtos-alerta-mpt\\\/\"},\"wordCount\":1906,\"publisher\":{\"@id\":\"http:\\\/\\\/www.sindipetroba.org.br\\\/2019\\\/#organization\"},\"image\":{\"@id\":\"http:\\\/\\\/www.sindipetroba.org.br\\\/2019\\\/prevencao-contra-covid-no-trabalho-e-essencial-para-evitar-surtos-alerta-mpt\\\/#primaryimage\"},\"thumbnailUrl\":\"http:\\\/\\\/www.sindipetroba.org.br\\\/2019\\\/wp-content\\\/uploads\\\/2020\\\/12\\\/e3cb6f530601922e87be3991e5603ca6_L.jpg\",\"keywords\":[\"Covid\",\"MPT\",\"Preven\u00e7\u00e3o\"],\"articleSection\":[\"Not\u00edcia\"],\"inLanguage\":\"pt-BR\"},{\"@type\":\"WebPage\",\"@id\":\"http:\\\/\\\/www.sindipetroba.org.br\\\/2019\\\/prevencao-contra-covid-no-trabalho-e-essencial-para-evitar-surtos-alerta-mpt\\\/\",\"url\":\"http:\\\/\\\/www.sindipetroba.org.br\\\/2019\\\/prevencao-contra-covid-no-trabalho-e-essencial-para-evitar-surtos-alerta-mpt\\\/\",\"name\":\"Preven\u00e7\u00e3o contra Covid no trabalho \u00e9 essencial para evitar surtos, alerta MPT - Sindipetro BA\",\"isPartOf\":{\"@id\":\"http:\\\/\\\/www.sindipetroba.org.br\\\/2019\\\/#website\"},\"primaryImageOfPage\":{\"@id\":\"http:\\\/\\\/www.sindipetroba.org.br\\\/2019\\\/prevencao-contra-covid-no-trabalho-e-essencial-para-evitar-surtos-alerta-mpt\\\/#primaryimage\"},\"image\":{\"@id\":\"http:\\\/\\\/www.sindipetroba.org.br\\\/2019\\\/prevencao-contra-covid-no-trabalho-e-essencial-para-evitar-surtos-alerta-mpt\\\/#primaryimage\"},\"thumbnailUrl\":\"http:\\\/\\\/www.sindipetroba.org.br\\\/2019\\\/wp-content\\\/uploads\\\/2020\\\/12\\\/e3cb6f530601922e87be3991e5603ca6_L.jpg\",\"datePublished\":\"2020-12-16T17:11:24+00:00\",\"dateModified\":\"2020-12-16T17:12:12+00:00\",\"breadcrumb\":{\"@id\":\"http:\\\/\\\/www.sindipetroba.org.br\\\/2019\\\/prevencao-contra-covid-no-trabalho-e-essencial-para-evitar-surtos-alerta-mpt\\\/#breadcrumb\"},\"inLanguage\":\"pt-BR\",\"potentialAction\":[{\"@type\":\"ReadAction\",\"target\":[\"http:\\\/\\\/www.sindipetroba.org.br\\\/2019\\\/prevencao-contra-covid-no-trabalho-e-essencial-para-evitar-surtos-alerta-mpt\\\/\"]}]},{\"@type\":\"ImageObject\",\"inLanguage\":\"pt-BR\",\"@id\":\"http:\\\/\\\/www.sindipetroba.org.br\\\/2019\\\/prevencao-contra-covid-no-trabalho-e-essencial-para-evitar-surtos-alerta-mpt\\\/#primaryimage\",\"url\":\"http:\\\/\\\/www.sindipetroba.org.br\\\/2019\\\/wp-content\\\/uploads\\\/2020\\\/12\\\/e3cb6f530601922e87be3991e5603ca6_L.jpg\",\"contentUrl\":\"http:\\\/\\\/www.sindipetroba.org.br\\\/2019\\\/wp-content\\\/uploads\\\/2020\\\/12\\\/e3cb6f530601922e87be3991e5603ca6_L.jpg\",\"width\":900,\"height\":591},{\"@type\":\"BreadcrumbList\",\"@id\":\"http:\\\/\\\/www.sindipetroba.org.br\\\/2019\\\/prevencao-contra-covid-no-trabalho-e-essencial-para-evitar-surtos-alerta-mpt\\\/#breadcrumb\",\"itemListElement\":[{\"@type\":\"ListItem\",\"position\":1,\"name\":\"In\u00edcio\",\"item\":\"http:\\\/\\\/www.sindipetroba.org.br\\\/2019\\\/\"},{\"@type\":\"ListItem\",\"position\":2,\"name\":\"Preven\u00e7\u00e3o contra Covid no trabalho \u00e9 essencial para evitar surtos, alerta MPT\"}]},{\"@type\":\"WebSite\",\"@id\":\"http:\\\/\\\/www.sindipetroba.org.br\\\/2019\\\/#website\",\"url\":\"http:\\\/\\\/www.sindipetroba.org.br\\\/2019\\\/\",\"name\":\"Sindipetro BA\",\"description\":\"Sindicato dos Petroleiros e Petroleiras do Estado da Bahia\",\"publisher\":{\"@id\":\"http:\\\/\\\/www.sindipetroba.org.br\\\/2019\\\/#organization\"},\"potentialAction\":[{\"@type\":\"SearchAction\",\"target\":{\"@type\":\"EntryPoint\",\"urlTemplate\":\"http:\\\/\\\/www.sindipetroba.org.br\\\/2019\\\/?s={search_term_string}\"},\"query-input\":{\"@type\":\"PropertyValueSpecification\",\"valueRequired\":true,\"valueName\":\"search_term_string\"}}],\"inLanguage\":\"pt-BR\"},{\"@type\":\"Organization\",\"@id\":\"http:\\\/\\\/www.sindipetroba.org.br\\\/2019\\\/#organization\",\"name\":\"Sindipetro BA\",\"url\":\"http:\\\/\\\/www.sindipetroba.org.br\\\/2019\\\/\",\"logo\":{\"@type\":\"ImageObject\",\"inLanguage\":\"pt-BR\",\"@id\":\"http:\\\/\\\/www.sindipetroba.org.br\\\/2019\\\/#\\\/schema\\\/logo\\\/image\\\/\",\"url\":\"http:\\\/\\\/www.sindipetroba.org.br\\\/2019\\\/wp-content\\\/uploads\\\/2019\\\/01\\\/sindipetro-marca-cor.png\",\"contentUrl\":\"http:\\\/\\\/www.sindipetroba.org.br\\\/2019\\\/wp-content\\\/uploads\\\/2019\\\/01\\\/sindipetro-marca-cor.png\",\"width\":350,\"height\":126,\"caption\":\"Sindipetro BA\"},\"image\":{\"@id\":\"http:\\\/\\\/www.sindipetroba.org.br\\\/2019\\\/#\\\/schema\\\/logo\\\/image\\\/\"},\"sameAs\":[\"https:\\\/\\\/www.facebook.com\\\/sindipetroBa\\\/\",\"https:\\\/\\\/x.com\\\/SindipetroBahia\",\"https:\\\/\\\/www.instagram.com\\\/sindipetroba\\\/\",\"https:\\\/\\\/www.youtube.com\\\/c\\\/SindipetroBahiaOficial\"]},{\"@type\":\"Person\",\"@id\":\"http:\\\/\\\/www.sindipetroba.org.br\\\/2019\\\/#\\\/schema\\\/person\\\/e61228ef9f981537d4c4eb80f6ea7713\",\"name\":\"admsp\",\"image\":{\"@type\":\"ImageObject\",\"inLanguage\":\"pt-BR\",\"@id\":\"https:\\\/\\\/secure.gravatar.com\\\/avatar\\\/50f06e2b746fe9248099d2c61c12342ab36327e9d413e3171dd7033b84800d96?s=96&d=mm&r=g\",\"url\":\"https:\\\/\\\/secure.gravatar.com\\\/avatar\\\/50f06e2b746fe9248099d2c61c12342ab36327e9d413e3171dd7033b84800d96?s=96&d=mm&r=g\",\"contentUrl\":\"https:\\\/\\\/secure.gravatar.com\\\/avatar\\\/50f06e2b746fe9248099d2c61c12342ab36327e9d413e3171dd7033b84800d96?s=96&d=mm&r=g\",\"caption\":\"admsp\"}}]}<\/script>\n<!-- \/ Yoast SEO plugin. -->","yoast_head_json":{"title":"Preven\u00e7\u00e3o contra Covid no trabalho \u00e9 essencial para evitar surtos, alerta MPT - Sindipetro BA","robots":{"index":"index","follow":"follow","max-snippet":"max-snippet:-1","max-image-preview":"max-image-preview:large","max-video-preview":"max-video-preview:-1"},"canonical":"http:\/\/www.sindipetroba.org.br\/2019\/prevencao-contra-covid-no-trabalho-e-essencial-para-evitar-surtos-alerta-mpt\/","og_locale":"pt_BR","og_type":"article","og_title":"Preven\u00e7\u00e3o contra Covid no trabalho \u00e9 essencial para evitar surtos, alerta MPT - Sindipetro BA","og_description":"Nota do Minist\u00e9rio P\u00fablico do Trabalhado alerta para import\u00e2ncia de um programa de sa\u00fade e da notifica\u00e7\u00e3o\u00a0e emiss\u00e3o de CAT como medidas fundamentais no enfrentamento da pandemia nos locais de trabalho [Da imprensa da CUT | Foto: Sindicato dos Metal\u00fargicos do ABC] As medidas de seguran\u00e7a e sa\u00fade divulgadas pela Organiza\u00e7\u00e3o Mundial da Sa\u00fade (OMS)... Ver artigo","og_url":"http:\/\/www.sindipetroba.org.br\/2019\/prevencao-contra-covid-no-trabalho-e-essencial-para-evitar-surtos-alerta-mpt\/","og_site_name":"Sindipetro BA","article_publisher":"https:\/\/www.facebook.com\/sindipetroBa\/","article_published_time":"2020-12-16T17:11:24+00:00","article_modified_time":"2020-12-16T17:12:12+00:00","og_image":[{"width":900,"height":591,"url":"http:\/\/www.sindipetroba.org.br\/2019\/wp-content\/uploads\/2020\/12\/e3cb6f530601922e87be3991e5603ca6_L.jpg","type":"image\/jpeg"}],"author":"admsp","twitter_card":"summary_large_image","twitter_creator":"@SindipetroBahia","twitter_site":"@SindipetroBahia","twitter_misc":{"Escrito por":"admsp","Est. tempo de leitura":"9 minutos"},"schema":{"@context":"https:\/\/schema.org","@graph":[{"@type":"Article","@id":"http:\/\/www.sindipetroba.org.br\/2019\/prevencao-contra-covid-no-trabalho-e-essencial-para-evitar-surtos-alerta-mpt\/#article","isPartOf":{"@id":"http:\/\/www.sindipetroba.org.br\/2019\/prevencao-contra-covid-no-trabalho-e-essencial-para-evitar-surtos-alerta-mpt\/"},"author":{"name":"admsp","@id":"http:\/\/www.sindipetroba.org.br\/2019\/#\/schema\/person\/e61228ef9f981537d4c4eb80f6ea7713"},"headline":"Preven\u00e7\u00e3o contra Covid no trabalho \u00e9 essencial para evitar surtos, alerta MPT","datePublished":"2020-12-16T17:11:24+00:00","dateModified":"2020-12-16T17:12:12+00:00","mainEntityOfPage":{"@id":"http:\/\/www.sindipetroba.org.br\/2019\/prevencao-contra-covid-no-trabalho-e-essencial-para-evitar-surtos-alerta-mpt\/"},"wordCount":1906,"publisher":{"@id":"http:\/\/www.sindipetroba.org.br\/2019\/#organization"},"image":{"@id":"http:\/\/www.sindipetroba.org.br\/2019\/prevencao-contra-covid-no-trabalho-e-essencial-para-evitar-surtos-alerta-mpt\/#primaryimage"},"thumbnailUrl":"http:\/\/www.sindipetroba.org.br\/2019\/wp-content\/uploads\/2020\/12\/e3cb6f530601922e87be3991e5603ca6_L.jpg","keywords":["Covid","MPT","Preven\u00e7\u00e3o"],"articleSection":["Not\u00edcia"],"inLanguage":"pt-BR"},{"@type":"WebPage","@id":"http:\/\/www.sindipetroba.org.br\/2019\/prevencao-contra-covid-no-trabalho-e-essencial-para-evitar-surtos-alerta-mpt\/","url":"http:\/\/www.sindipetroba.org.br\/2019\/prevencao-contra-covid-no-trabalho-e-essencial-para-evitar-surtos-alerta-mpt\/","name":"Preven\u00e7\u00e3o contra Covid no trabalho \u00e9 essencial para evitar surtos, alerta MPT - Sindipetro BA","isPartOf":{"@id":"http:\/\/www.sindipetroba.org.br\/2019\/#website"},"primaryImageOfPage":{"@id":"http:\/\/www.sindipetroba.org.br\/2019\/prevencao-contra-covid-no-trabalho-e-essencial-para-evitar-surtos-alerta-mpt\/#primaryimage"},"image":{"@id":"http:\/\/www.sindipetroba.org.br\/2019\/prevencao-contra-covid-no-trabalho-e-essencial-para-evitar-surtos-alerta-mpt\/#primaryimage"},"thumbnailUrl":"http:\/\/www.sindipetroba.org.br\/2019\/wp-content\/uploads\/2020\/12\/e3cb6f530601922e87be3991e5603ca6_L.jpg","datePublished":"2020-12-16T17:11:24+00:00","dateModified":"2020-12-16T17:12:12+00:00","breadcrumb":{"@id":"http:\/\/www.sindipetroba.org.br\/2019\/prevencao-contra-covid-no-trabalho-e-essencial-para-evitar-surtos-alerta-mpt\/#breadcrumb"},"inLanguage":"pt-BR","potentialAction":[{"@type":"ReadAction","target":["http:\/\/www.sindipetroba.org.br\/2019\/prevencao-contra-covid-no-trabalho-e-essencial-para-evitar-surtos-alerta-mpt\/"]}]},{"@type":"ImageObject","inLanguage":"pt-BR","@id":"http:\/\/www.sindipetroba.org.br\/2019\/prevencao-contra-covid-no-trabalho-e-essencial-para-evitar-surtos-alerta-mpt\/#primaryimage","url":"http:\/\/www.sindipetroba.org.br\/2019\/wp-content\/uploads\/2020\/12\/e3cb6f530601922e87be3991e5603ca6_L.jpg","contentUrl":"http:\/\/www.sindipetroba.org.br\/2019\/wp-content\/uploads\/2020\/12\/e3cb6f530601922e87be3991e5603ca6_L.jpg","width":900,"height":591},{"@type":"BreadcrumbList","@id":"http:\/\/www.sindipetroba.org.br\/2019\/prevencao-contra-covid-no-trabalho-e-essencial-para-evitar-surtos-alerta-mpt\/#breadcrumb","itemListElement":[{"@type":"ListItem","position":1,"name":"In\u00edcio","item":"http:\/\/www.sindipetroba.org.br\/2019\/"},{"@type":"ListItem","position":2,"name":"Preven\u00e7\u00e3o contra Covid no trabalho \u00e9 essencial para evitar surtos, alerta MPT"}]},{"@type":"WebSite","@id":"http:\/\/www.sindipetroba.org.br\/2019\/#website","url":"http:\/\/www.sindipetroba.org.br\/2019\/","name":"Sindipetro BA","description":"Sindicato dos Petroleiros e Petroleiras do Estado da Bahia","publisher":{"@id":"http:\/\/www.sindipetroba.org.br\/2019\/#organization"},"potentialAction":[{"@type":"SearchAction","target":{"@type":"EntryPoint","urlTemplate":"http:\/\/www.sindipetroba.org.br\/2019\/?s={search_term_string}"},"query-input":{"@type":"PropertyValueSpecification","valueRequired":true,"valueName":"search_term_string"}}],"inLanguage":"pt-BR"},{"@type":"Organization","@id":"http:\/\/www.sindipetroba.org.br\/2019\/#organization","name":"Sindipetro BA","url":"http:\/\/www.sindipetroba.org.br\/2019\/","logo":{"@type":"ImageObject","inLanguage":"pt-BR","@id":"http:\/\/www.sindipetroba.org.br\/2019\/#\/schema\/logo\/image\/","url":"http:\/\/www.sindipetroba.org.br\/2019\/wp-content\/uploads\/2019\/01\/sindipetro-marca-cor.png","contentUrl":"http:\/\/www.sindipetroba.org.br\/2019\/wp-content\/uploads\/2019\/01\/sindipetro-marca-cor.png","width":350,"height":126,"caption":"Sindipetro BA"},"image":{"@id":"http:\/\/www.sindipetroba.org.br\/2019\/#\/schema\/logo\/image\/"},"sameAs":["https:\/\/www.facebook.com\/sindipetroBa\/","https:\/\/x.com\/SindipetroBahia","https:\/\/www.instagram.com\/sindipetroba\/","https:\/\/www.youtube.com\/c\/SindipetroBahiaOficial"]},{"@type":"Person","@id":"http:\/\/www.sindipetroba.org.br\/2019\/#\/schema\/person\/e61228ef9f981537d4c4eb80f6ea7713","name":"admsp","image":{"@type":"ImageObject","inLanguage":"pt-BR","@id":"https:\/\/secure.gravatar.com\/avatar\/50f06e2b746fe9248099d2c61c12342ab36327e9d413e3171dd7033b84800d96?s=96&d=mm&r=g","url":"https:\/\/secure.gravatar.com\/avatar\/50f06e2b746fe9248099d2c61c12342ab36327e9d413e3171dd7033b84800d96?s=96&d=mm&r=g","contentUrl":"https:\/\/secure.gravatar.com\/avatar\/50f06e2b746fe9248099d2c61c12342ab36327e9d413e3171dd7033b84800d96?s=96&d=mm&r=g","caption":"admsp"}}]}},"_links":{"self":[{"href":"http:\/\/www.sindipetroba.org.br\/2019\/wp-json\/wp\/v2\/posts\/10722","targetHints":{"allow":["GET"]}}],"collection":[{"href":"http:\/\/www.sindipetroba.org.br\/2019\/wp-json\/wp\/v2\/posts"}],"about":[{"href":"http:\/\/www.sindipetroba.org.br\/2019\/wp-json\/wp\/v2\/types\/post"}],"author":[{"embeddable":true,"href":"http:\/\/www.sindipetroba.org.br\/2019\/wp-json\/wp\/v2\/users\/1"}],"replies":[{"embeddable":true,"href":"http:\/\/www.sindipetroba.org.br\/2019\/wp-json\/wp\/v2\/comments?post=10722"}],"version-history":[{"count":1,"href":"http:\/\/www.sindipetroba.org.br\/2019\/wp-json\/wp\/v2\/posts\/10722\/revisions"}],"predecessor-version":[{"id":10724,"href":"http:\/\/www.sindipetroba.org.br\/2019\/wp-json\/wp\/v2\/posts\/10722\/revisions\/10724"}],"wp:featuredmedia":[{"embeddable":true,"href":"http:\/\/www.sindipetroba.org.br\/2019\/wp-json\/wp\/v2\/media\/10723"}],"wp:attachment":[{"href":"http:\/\/www.sindipetroba.org.br\/2019\/wp-json\/wp\/v2\/media?parent=10722"}],"wp:term":[{"taxonomy":"category","embeddable":true,"href":"http:\/\/www.sindipetroba.org.br\/2019\/wp-json\/wp\/v2\/categories?post=10722"},{"taxonomy":"post_tag","embeddable":true,"href":"http:\/\/www.sindipetroba.org.br\/2019\/wp-json\/wp\/v2\/tags?post=10722"}],"curies":[{"name":"wp","href":"https:\/\/api.w.org\/{rel}","templated":true}]}}