{"id":11029,"date":"2021-01-15T16:40:52","date_gmt":"2021-01-15T19:40:52","guid":{"rendered":"http:\/\/www.sindipetroba.org.br\/2019\/?p=11029"},"modified":"2021-01-15T16:40:52","modified_gmt":"2021-01-15T19:40:52","slug":"mortes-por-asfixia-em-manaus-sao-culpa-da-negligencia-e-negacao-de-bolsonaro","status":"publish","type":"post","link":"http:\/\/www.sindipetroba.org.br\/2019\/mortes-por-asfixia-em-manaus-sao-culpa-da-negligencia-e-negacao-de-bolsonaro\/","title":{"rendered":"Mortes por asfixia em Manaus s\u00e3o culpa da neglig\u00eancia e nega\u00e7\u00e3o de Bolsonaro"},"content":{"rendered":"<div class=\"dd-m-display dd-m-display--small dd-m-background-energized-light\">\n<div class=\"wrap\">\n<div class=\"row\">\n<div class=\"col-xs-12\">\n<div class=\"row\">\n<div class=\"col-xs-12 col-lg-10 col-md-10 col-lg-offset-1 col-md-offset-1\">\n<h2 class=\"dd-m-text dd-m-text--big font-MerriWeather\">Enquanto o pa\u00eds inteiro se mobiliza para ajudar Manaus, Pazuello e Bolsonaro divulgam fake news sobre o uso da cloroquina e usam estrat\u00e9gia de responsabilizar apenas o prefeito e o governador do Amazonas<\/h2>\n<\/div>\n<\/div>\n<\/div>\n<\/div>\n<\/div>\n<\/div>\n<div class=\"dd-m-share\">\n<div class=\"dd-m-icon__group-icons\">\n<div class=\"dd-m-editor\">\n<p>O negacionismo de Jair Bolsonaro (ex-PSL), a falta de rumo do governo federal, o fracasso na coordena\u00e7\u00e3o nacional no combate \u00e0 pandemia do novo coronav\u00edrus (Covid-19) , e do in\u00edcio imediato de uma campanha de vacina\u00e7\u00e3o, levou o Brasil a assistir a <a href=\"https:\/\/www.cut.org.br\/noticias\/falta-oxigenio-nos-hospitais-de-manaus-e-governador-decreta-toque-de-recolher-ebe7\">trag\u00e9dia da falta de oxig\u00eanio em Manaus, no Amazonas, nesta quinta-feira (14)<\/a>. A situa\u00e7\u00e3o chegou a tal ponto que, segundo informa\u00e7\u00f5es do pesquisador Jesem Orellana, da Fiocruz-Amaz\u00f4nia, uma ala inteira de pacientes morreu asfixiada. Um verdadeiro genoc\u00eddio.<\/p>\n<p>Com o colapso no sistema de sa\u00fade, as cenas nas Unidades de Terapia Intensiva (UTIs), de Manaus parecem de um filme de terror, relatam familiares de pacientes, m\u00e9dicos e enfermeiros. M\u00e9dicos contam ainda que est\u00e3o transportando cilindros de oxig\u00eanios nos pr\u00f3prios carros para os hospitais, enquanto familiares de doentes tentam comprar os insumos.<\/p>\n<p>Enquanto a popula\u00e7\u00e3o, parte da classe art\u00edstica e clubes de futebol se mobilizam nas redes sociais para ajudar Manaus com doa\u00e7\u00f5es em dinheiro e at\u00e9 cilindros de oxig\u00eanio, o ministro da Sa\u00fade, Eduardo Pazuello, e Bolsonaro participavam de uma live no Facebook. Nela, n\u00e3o houve uma palavra de solidariedade e ajuda do Presidente da Rep\u00fablica para minimizar o sofrimento popula\u00e7\u00e3o amazonense.<\/p>\n<p><iframe loading=\"lazy\" src=\"https:\/\/www.facebook.com\/plugins\/video.php?height=476&amp;href=https%3A%2F%2Fwww.facebook.com%2Fcutbrasil%2Fvideos%2F872850700216053%2F&amp;show_text=true&amp;width=317\" width=\"317\" height=\"591\" frameborder=\"0\" scrolling=\"no\" allowfullscreen=\"allowfullscreen\"><\/iframe><\/p>\n<p>Tanto o ministro da Sa\u00fade como o presidente sabiam da situa\u00e7\u00e3o ca\u00f3tica em Manaus, mas nada fizeram para evitar.<\/p>\n<p>N\u00e3o bastasse toda a trag\u00e9dia anunciada que vive Manaus, Pazuello esteve no estado do Amazonas nesta semana e afirmou ser \u201cinadmiss\u00edvel\u201d o n\u00e3o uso de cloroquina no combate ao coronav\u00edrus na cidade. O uso desse medicamento j\u00e1 foi descartado categoricamente pela comunidade m\u00e9dica e n\u00e3o h\u00e1 comprova\u00e7\u00e3o cient\u00edfica no combate \u00e0 doen\u00e7a.<\/p>\n<p>Durante a live, Pazuello e Bolsonaro voltaram a divulgar fake news sobre o uso da cloroquina e usaram a estrat\u00e9gia do governo em responsabilizar apenas o prefeito e o governador do Amazonas pela crise. Embora sejam os dois tamb\u00e9m s\u00e3o respons\u00e1veis pelo caos em Manaus, permitindo a reabertura do com\u00e9rcio e evitando medidas mais duras de quarentena ( somente na quinta-feira, o governador anunciou um toque de recolher ) , foram \u00a0Bolsonaro e os deputados aliados a ele, que criticaram as medidas de prote\u00e7\u00e3o no Amazonas no final do ano, como o lockdown.<\/p>\n<p><strong>Solidariedade de artistas e ajuda da Venezuela<\/strong><\/p>\n<p>A crise provocada pela falta de oxig\u00eanio nas unidades de sa\u00fade de Manaus comoveu an\u00f4nimos e famosos em redes sociais e gerou uma onda de posts de solidariedade e pedidos de ajuda.<\/p>\n<p>O youtuber Whindersson Nunes, 26, mobilizou os amigos para ajudar na crise provocada pela falta de oxig\u00eanio. Ap\u00f3s o contato dele, diversos famosos se juntaram para mandar cilindros de oxig\u00eanio para a capital do Amazonas.<\/p>\n<p><a class=\"dd-lightbox\" href=\"https:\/\/admin.cut.org.br\/system\/uploads\/ck\/whinderson.PNG\" target=\"_blank\" rel=\"noopener\"><img loading=\"lazy\" decoding=\"async\" src=\"https:\/\/www.cut.org.br\/images\/cache\/systemuploadsckwhindersonpng-597x451xfit-f6237.PNG\" alt=\"\" width=\"597\" height=\"451\" \/><\/a><\/p>\n<p>A atriz Ta\u00eds Ara\u00fajo, que ajudou a divulgar itens que os hospitais manauaras est\u00e3o precisando, resumiu: &#8220;Toda a ajuda e mobiliza\u00e7\u00e3o \u00e9 bem-vinda agora&#8221;.<\/p>\n<p><a class=\"dd-lightbox\" href=\"https:\/\/admin.cut.org.br\/system\/uploads\/ck\/tais.PNG\" target=\"_blank\" rel=\"noopener\"><img loading=\"lazy\" decoding=\"async\" src=\"https:\/\/www.cut.org.br\/images\/cache\/systemuploadscktaispng-606x254xfit-47ce6.PNG\" alt=\"\" width=\"606\" height=\"254\" \/><\/a><\/p>\n<p>Tamb\u00e9m preocupado com a crise no pa\u00eds vizinho<strong>, <a href=\"https:\/\/www.cut.org.br\/noticias\/venezuela-oferece-oxigenio-para-manaus-enfrentar-alta-demanda-em-utis-8236\">o presidente da<\/a><\/strong><a href=\"https:\/\/www.cut.org.br\/noticias\/venezuela-oferece-oxigenio-para-manaus-enfrentar-alta-demanda-em-utis-8236\"> <strong>Venezuela, Nicolas Maduro, se disp\u00f4s a ajudar o Brasil<\/strong> <\/a>a superar o problema do colapso na sa\u00fade em Manaus, no Amazonas. Por meio do ministro das Rela\u00e7\u00f5es Exteriores, Jorge Arreaza, o pa\u00eds ofereceu oxig\u00eanio necess\u00e1rio para minimizar a dificuldade dos hospitais.<\/p>\n<p>As empresas que produzem os cilindros aumentaram a capacidade de fabrica\u00e7\u00e3o ao limite, mas a demanda seria tr\u00eas vezes maior ao que Manaus tem condi\u00e7\u00f5es de produzir. Uma das solu\u00e7\u00f5es seria apelar \u00e0 fornecedora White Martins, que j\u00e1 tem parceria com o governo do Amazonas e est\u00e1 trabalhando em ritmo acelerado para atender \u00e0 demanda.<\/p>\n<p>O Amazonas j\u00e1 registrou mais de 219 mil casos da Covid-19 e 5.879 mortes desde o in\u00edcio da pandemia. Pelo menos 1.564 pacientes seguem internados no estado.<\/p>\n<p><strong>Pacientes est\u00e3o sendo transferidos para outros estados<\/strong><\/p>\n<p>Com o sistema de sa\u00fade colapsado em Manaus e a in\u00e9rcia do governo de Jair Bolsonaro, diversos estados e munic\u00edpios ofereceram ajuda ao Amazonas.<\/p>\n<p>O Par\u00e1 informou que est\u00e1 pronto para receber 30 pacientes acometidos pela covid-19 , que necessitam de interna\u00e7\u00e3o hospitalar. O Cear\u00e1 tamb\u00e9m se colocou \u00e0 disposi\u00e7\u00e3o para ajudar. O Piau\u00ed enviou 45 mil EPIs (Equipamentos de Prote\u00e7\u00e3o Individual) e 30 mil testes para Covid-19.<\/p>\n<p>Goi\u00e1s, Esp\u00edrito Santo, Piau\u00ed, Maranh\u00e3o, Para\u00edba, Rio Grande do Norte e o Distrito Federal informaram que tamb\u00e9m v\u00e3o receber pacientes de Manaus.<\/p>\n<p>No entanto, um dos temores dos especialistas em sa\u00fade com a transfer\u00eancia de pacientes de Manaus para outros estados \u00e9 a possibilidade de a nova cepa do coronav\u00edrus se espalhar com velocidade para outras regi\u00f5es. O governador do estado, Wilson Lima (PSC-AM), afirmou que n\u00e3o havia outra alternativa \u2014a n\u00e3o ser deixar que os doentes morressem sufocados nos hospitais da cidade.<\/p>\n<p><strong>Pol\u00edcia apreende cilindros em Manaus<\/strong><\/p>\n<p>As pol\u00edcias Civil e Militar apreenderam na tarde desta quinta, 33 cilindros de oxig\u00eanio que estavam escondidos em um caminh\u00e3o, no bairro Alvorada, na zona centro-oeste de Manaus.<\/p>\n<p>Uma den\u00fancia an\u00f4nima informou sobre a movimenta\u00e7\u00e3o estranha no caminh\u00e3o, que estava parado no local, e cilindros estavam sendo retirados para ve\u00edculos particulares.<\/p>\n<p>O condutor do ve\u00edculo, de 38 anos, foi preso por reter produtos para o fim de especula\u00e7\u00e3o, segundo informou a SSP-AM (Secretaria de Seguran\u00e7a P\u00fablica do Amazonas). O nome dele e o da transportadora n\u00e3o foram divulgados.<\/p>\n<\/div>\n<\/div>\n<\/div>\n","protected":false},"excerpt":{"rendered":"Enquanto o pa\u00eds inteiro se mobiliza para ajudar Manaus, Pazuello e Bolsonaro divulgam fake news sobre o uso da cloroquina e usam estrat\u00e9gia de responsabilizar apenas o prefeito e o governador do Amazonas O negacionismo de Jair Bolsonaro (ex-PSL), a falta de rumo do governo federal, o fracasso na coordena\u00e7\u00e3o nacional no combate \u00e0 pandemia&#8230; <a class=\"view-article\" href=\"http:\/\/www.sindipetroba.org.br\/2019\/mortes-por-asfixia-em-manaus-sao-culpa-da-negligencia-e-negacao-de-bolsonaro\/\">Ver artigo<\/a>","protected":false},"author":4,"featured_media":11030,"comment_status":"closed","ping_status":"open","sticky":false,"template":"","format":"standard","meta":{"_et_pb_use_builder":"","_et_pb_old_content":"","_et_gb_content_width":"","footnotes":""},"categories":[1],"tags":[1559,1554,1212,1558,380,1556,1555,1557,1035,1560],"class_list":["post-11029","post","type-post","status-publish","format-standard","has-post-thumbnail","hentry","category-noticia","tag-amazonas","tag-eduardo-pazuello","tag-fiocruz","tag-genocida","tag-jair-bolsonaro","tag-jesem-orellana","tag-manaus","tag-ministro-da-saude","tag-solidariedade","tag-white-martins"],"yoast_head":"<!-- This site is optimized with the Yoast SEO plugin v27.3 - https:\/\/yoast.com\/product\/yoast-seo-wordpress\/ -->\n<title>Mortes por asfixia em Manaus s\u00e3o culpa da neglig\u00eancia e nega\u00e7\u00e3o de Bolsonaro - Sindipetro BA<\/title>\n<meta name=\"robots\" content=\"index, follow, max-snippet:-1, max-image-preview:large, max-video-preview:-1\" \/>\n<link rel=\"canonical\" href=\"http:\/\/www.sindipetroba.org.br\/2019\/mortes-por-asfixia-em-manaus-sao-culpa-da-negligencia-e-negacao-de-bolsonaro\/\" \/>\n<meta property=\"og:locale\" content=\"pt_BR\" \/>\n<meta property=\"og:type\" content=\"article\" \/>\n<meta property=\"og:title\" content=\"Mortes por asfixia em Manaus s\u00e3o culpa da neglig\u00eancia e nega\u00e7\u00e3o de Bolsonaro - Sindipetro BA\" \/>\n<meta property=\"og:description\" content=\"Enquanto o pa\u00eds inteiro se mobiliza para ajudar Manaus, Pazuello e Bolsonaro divulgam fake news sobre o uso da cloroquina e usam estrat\u00e9gia de responsabilizar apenas o prefeito e o governador do Amazonas O negacionismo de Jair Bolsonaro (ex-PSL), a falta de rumo do governo federal, o fracasso na coordena\u00e7\u00e3o nacional no combate \u00e0 pandemia... Ver artigo\" \/>\n<meta property=\"og:url\" content=\"http:\/\/www.sindipetroba.org.br\/2019\/mortes-por-asfixia-em-manaus-sao-culpa-da-negligencia-e-negacao-de-bolsonaro\/\" \/>\n<meta property=\"og:site_name\" content=\"Sindipetro BA\" \/>\n<meta property=\"article:publisher\" content=\"https:\/\/www.facebook.com\/sindipetroBa\/\" \/>\n<meta property=\"article:published_time\" content=\"2021-01-15T19:40:52+00:00\" \/>\n<meta property=\"og:image\" content=\"http:\/\/www.sindipetroba.org.br\/2019\/wp-content\/uploads\/2021\/01\/systemuploadsnewsfdeac5228351e675ed3-700x460xfit-fb592.png\" \/>\n\t<meta property=\"og:image:width\" content=\"700\" \/>\n\t<meta property=\"og:image:height\" content=\"460\" \/>\n\t<meta property=\"og:image:type\" content=\"image\/png\" \/>\n<meta name=\"author\" content=\"ASCOM\" \/>\n<meta name=\"twitter:card\" content=\"summary_large_image\" \/>\n<meta name=\"twitter:creator\" content=\"@SindipetroBahia\" \/>\n<meta name=\"twitter:site\" content=\"@SindipetroBahia\" \/>\n<meta name=\"twitter:label1\" content=\"Escrito por\" \/>\n\t<meta name=\"twitter:data1\" content=\"ASCOM\" \/>\n\t<meta name=\"twitter:label2\" content=\"Est. tempo de leitura\" \/>\n\t<meta name=\"twitter:data2\" content=\"5 minutos\" \/>\n<script type=\"application\/ld+json\" class=\"yoast-schema-graph\">{\"@context\":\"https:\\\/\\\/schema.org\",\"@graph\":[{\"@type\":\"Article\",\"@id\":\"http:\\\/\\\/www.sindipetroba.org.br\\\/2019\\\/mortes-por-asfixia-em-manaus-sao-culpa-da-negligencia-e-negacao-de-bolsonaro\\\/#article\",\"isPartOf\":{\"@id\":\"http:\\\/\\\/www.sindipetroba.org.br\\\/2019\\\/mortes-por-asfixia-em-manaus-sao-culpa-da-negligencia-e-negacao-de-bolsonaro\\\/\"},\"author\":{\"name\":\"ASCOM\",\"@id\":\"http:\\\/\\\/www.sindipetroba.org.br\\\/2019\\\/#\\\/schema\\\/person\\\/80e88dbf823328ddad08b17600055a3c\"},\"headline\":\"Mortes por asfixia em Manaus s\u00e3o culpa da neglig\u00eancia e nega\u00e7\u00e3o de Bolsonaro\",\"datePublished\":\"2021-01-15T19:40:52+00:00\",\"mainEntityOfPage\":{\"@id\":\"http:\\\/\\\/www.sindipetroba.org.br\\\/2019\\\/mortes-por-asfixia-em-manaus-sao-culpa-da-negligencia-e-negacao-de-bolsonaro\\\/\"},\"wordCount\":969,\"publisher\":{\"@id\":\"http:\\\/\\\/www.sindipetroba.org.br\\\/2019\\\/#organization\"},\"image\":{\"@id\":\"http:\\\/\\\/www.sindipetroba.org.br\\\/2019\\\/mortes-por-asfixia-em-manaus-sao-culpa-da-negligencia-e-negacao-de-bolsonaro\\\/#primaryimage\"},\"thumbnailUrl\":\"http:\\\/\\\/www.sindipetroba.org.br\\\/2019\\\/wp-content\\\/uploads\\\/2021\\\/01\\\/systemuploadsnewsfdeac5228351e675ed3-700x460xfit-fb592.png\",\"keywords\":[\"Amazonas\",\"Eduardo Pazuello\",\"Fiocruz\",\"Genocida\",\"Jair Bolsonaro\",\"Jesem Orellana\",\"Manaus\",\"ministro da Sa\u00fade\",\"Solidariedade\",\"White Martins\"],\"articleSection\":[\"Not\u00edcia\"],\"inLanguage\":\"pt-BR\"},{\"@type\":\"WebPage\",\"@id\":\"http:\\\/\\\/www.sindipetroba.org.br\\\/2019\\\/mortes-por-asfixia-em-manaus-sao-culpa-da-negligencia-e-negacao-de-bolsonaro\\\/\",\"url\":\"http:\\\/\\\/www.sindipetroba.org.br\\\/2019\\\/mortes-por-asfixia-em-manaus-sao-culpa-da-negligencia-e-negacao-de-bolsonaro\\\/\",\"name\":\"Mortes por asfixia em Manaus s\u00e3o culpa da neglig\u00eancia e nega\u00e7\u00e3o de Bolsonaro - Sindipetro BA\",\"isPartOf\":{\"@id\":\"http:\\\/\\\/www.sindipetroba.org.br\\\/2019\\\/#website\"},\"primaryImageOfPage\":{\"@id\":\"http:\\\/\\\/www.sindipetroba.org.br\\\/2019\\\/mortes-por-asfixia-em-manaus-sao-culpa-da-negligencia-e-negacao-de-bolsonaro\\\/#primaryimage\"},\"image\":{\"@id\":\"http:\\\/\\\/www.sindipetroba.org.br\\\/2019\\\/mortes-por-asfixia-em-manaus-sao-culpa-da-negligencia-e-negacao-de-bolsonaro\\\/#primaryimage\"},\"thumbnailUrl\":\"http:\\\/\\\/www.sindipetroba.org.br\\\/2019\\\/wp-content\\\/uploads\\\/2021\\\/01\\\/systemuploadsnewsfdeac5228351e675ed3-700x460xfit-fb592.png\",\"datePublished\":\"2021-01-15T19:40:52+00:00\",\"breadcrumb\":{\"@id\":\"http:\\\/\\\/www.sindipetroba.org.br\\\/2019\\\/mortes-por-asfixia-em-manaus-sao-culpa-da-negligencia-e-negacao-de-bolsonaro\\\/#breadcrumb\"},\"inLanguage\":\"pt-BR\",\"potentialAction\":[{\"@type\":\"ReadAction\",\"target\":[\"http:\\\/\\\/www.sindipetroba.org.br\\\/2019\\\/mortes-por-asfixia-em-manaus-sao-culpa-da-negligencia-e-negacao-de-bolsonaro\\\/\"]}]},{\"@type\":\"ImageObject\",\"inLanguage\":\"pt-BR\",\"@id\":\"http:\\\/\\\/www.sindipetroba.org.br\\\/2019\\\/mortes-por-asfixia-em-manaus-sao-culpa-da-negligencia-e-negacao-de-bolsonaro\\\/#primaryimage\",\"url\":\"http:\\\/\\\/www.sindipetroba.org.br\\\/2019\\\/wp-content\\\/uploads\\\/2021\\\/01\\\/systemuploadsnewsfdeac5228351e675ed3-700x460xfit-fb592.png\",\"contentUrl\":\"http:\\\/\\\/www.sindipetroba.org.br\\\/2019\\\/wp-content\\\/uploads\\\/2021\\\/01\\\/systemuploadsnewsfdeac5228351e675ed3-700x460xfit-fb592.png\",\"width\":700,\"height\":460},{\"@type\":\"BreadcrumbList\",\"@id\":\"http:\\\/\\\/www.sindipetroba.org.br\\\/2019\\\/mortes-por-asfixia-em-manaus-sao-culpa-da-negligencia-e-negacao-de-bolsonaro\\\/#breadcrumb\",\"itemListElement\":[{\"@type\":\"ListItem\",\"position\":1,\"name\":\"In\u00edcio\",\"item\":\"http:\\\/\\\/www.sindipetroba.org.br\\\/2019\\\/\"},{\"@type\":\"ListItem\",\"position\":2,\"name\":\"Mortes por asfixia em Manaus s\u00e3o culpa da neglig\u00eancia e nega\u00e7\u00e3o de Bolsonaro\"}]},{\"@type\":\"WebSite\",\"@id\":\"http:\\\/\\\/www.sindipetroba.org.br\\\/2019\\\/#website\",\"url\":\"http:\\\/\\\/www.sindipetroba.org.br\\\/2019\\\/\",\"name\":\"Sindipetro BA\",\"description\":\"Sindicato dos Petroleiros e Petroleiras do Estado da Bahia\",\"publisher\":{\"@id\":\"http:\\\/\\\/www.sindipetroba.org.br\\\/2019\\\/#organization\"},\"potentialAction\":[{\"@type\":\"SearchAction\",\"target\":{\"@type\":\"EntryPoint\",\"urlTemplate\":\"http:\\\/\\\/www.sindipetroba.org.br\\\/2019\\\/?s={search_term_string}\"},\"query-input\":{\"@type\":\"PropertyValueSpecification\",\"valueRequired\":true,\"valueName\":\"search_term_string\"}}],\"inLanguage\":\"pt-BR\"},{\"@type\":\"Organization\",\"@id\":\"http:\\\/\\\/www.sindipetroba.org.br\\\/2019\\\/#organization\",\"name\":\"Sindipetro BA\",\"url\":\"http:\\\/\\\/www.sindipetroba.org.br\\\/2019\\\/\",\"logo\":{\"@type\":\"ImageObject\",\"inLanguage\":\"pt-BR\",\"@id\":\"http:\\\/\\\/www.sindipetroba.org.br\\\/2019\\\/#\\\/schema\\\/logo\\\/image\\\/\",\"url\":\"http:\\\/\\\/www.sindipetroba.org.br\\\/2019\\\/wp-content\\\/uploads\\\/2019\\\/01\\\/sindipetro-marca-cor.png\",\"contentUrl\":\"http:\\\/\\\/www.sindipetroba.org.br\\\/2019\\\/wp-content\\\/uploads\\\/2019\\\/01\\\/sindipetro-marca-cor.png\",\"width\":350,\"height\":126,\"caption\":\"Sindipetro BA\"},\"image\":{\"@id\":\"http:\\\/\\\/www.sindipetroba.org.br\\\/2019\\\/#\\\/schema\\\/logo\\\/image\\\/\"},\"sameAs\":[\"https:\\\/\\\/www.facebook.com\\\/sindipetroBa\\\/\",\"https:\\\/\\\/x.com\\\/SindipetroBahia\",\"https:\\\/\\\/www.instagram.com\\\/sindipetroba\\\/\",\"https:\\\/\\\/www.youtube.com\\\/c\\\/SindipetroBahiaOficial\"]},{\"@type\":\"Person\",\"@id\":\"http:\\\/\\\/www.sindipetroba.org.br\\\/2019\\\/#\\\/schema\\\/person\\\/80e88dbf823328ddad08b17600055a3c\",\"name\":\"ASCOM\",\"image\":{\"@type\":\"ImageObject\",\"inLanguage\":\"pt-BR\",\"@id\":\"https:\\\/\\\/secure.gravatar.com\\\/avatar\\\/a2ab2fd873c57926b9f03e30be8804429fd7b0d41f4f71170e45b7b7f84998a6?s=96&d=mm&r=g\",\"url\":\"https:\\\/\\\/secure.gravatar.com\\\/avatar\\\/a2ab2fd873c57926b9f03e30be8804429fd7b0d41f4f71170e45b7b7f84998a6?s=96&d=mm&r=g\",\"contentUrl\":\"https:\\\/\\\/secure.gravatar.com\\\/avatar\\\/a2ab2fd873c57926b9f03e30be8804429fd7b0d41f4f71170e45b7b7f84998a6?s=96&d=mm&r=g\",\"caption\":\"ASCOM\"},\"sameAs\":[\"http:\\\/\\\/www.sindipetroba.org.br\"]}]}<\/script>\n<!-- \/ Yoast SEO plugin. -->","yoast_head_json":{"title":"Mortes por asfixia em Manaus s\u00e3o culpa da neglig\u00eancia e nega\u00e7\u00e3o de Bolsonaro - Sindipetro BA","robots":{"index":"index","follow":"follow","max-snippet":"max-snippet:-1","max-image-preview":"max-image-preview:large","max-video-preview":"max-video-preview:-1"},"canonical":"http:\/\/www.sindipetroba.org.br\/2019\/mortes-por-asfixia-em-manaus-sao-culpa-da-negligencia-e-negacao-de-bolsonaro\/","og_locale":"pt_BR","og_type":"article","og_title":"Mortes por asfixia em Manaus s\u00e3o culpa da neglig\u00eancia e nega\u00e7\u00e3o de Bolsonaro - Sindipetro BA","og_description":"Enquanto o pa\u00eds inteiro se mobiliza para ajudar Manaus, Pazuello e Bolsonaro divulgam fake news sobre o uso da cloroquina e usam estrat\u00e9gia de responsabilizar apenas o prefeito e o governador do Amazonas O negacionismo de Jair Bolsonaro (ex-PSL), a falta de rumo do governo federal, o fracasso na coordena\u00e7\u00e3o nacional no combate \u00e0 pandemia... Ver artigo","og_url":"http:\/\/www.sindipetroba.org.br\/2019\/mortes-por-asfixia-em-manaus-sao-culpa-da-negligencia-e-negacao-de-bolsonaro\/","og_site_name":"Sindipetro BA","article_publisher":"https:\/\/www.facebook.com\/sindipetroBa\/","article_published_time":"2021-01-15T19:40:52+00:00","og_image":[{"width":700,"height":460,"url":"http:\/\/www.sindipetroba.org.br\/2019\/wp-content\/uploads\/2021\/01\/systemuploadsnewsfdeac5228351e675ed3-700x460xfit-fb592.png","type":"image\/png"}],"author":"ASCOM","twitter_card":"summary_large_image","twitter_creator":"@SindipetroBahia","twitter_site":"@SindipetroBahia","twitter_misc":{"Escrito por":"ASCOM","Est. tempo de leitura":"5 minutos"},"schema":{"@context":"https:\/\/schema.org","@graph":[{"@type":"Article","@id":"http:\/\/www.sindipetroba.org.br\/2019\/mortes-por-asfixia-em-manaus-sao-culpa-da-negligencia-e-negacao-de-bolsonaro\/#article","isPartOf":{"@id":"http:\/\/www.sindipetroba.org.br\/2019\/mortes-por-asfixia-em-manaus-sao-culpa-da-negligencia-e-negacao-de-bolsonaro\/"},"author":{"name":"ASCOM","@id":"http:\/\/www.sindipetroba.org.br\/2019\/#\/schema\/person\/80e88dbf823328ddad08b17600055a3c"},"headline":"Mortes por asfixia em Manaus s\u00e3o culpa da neglig\u00eancia e nega\u00e7\u00e3o de Bolsonaro","datePublished":"2021-01-15T19:40:52+00:00","mainEntityOfPage":{"@id":"http:\/\/www.sindipetroba.org.br\/2019\/mortes-por-asfixia-em-manaus-sao-culpa-da-negligencia-e-negacao-de-bolsonaro\/"},"wordCount":969,"publisher":{"@id":"http:\/\/www.sindipetroba.org.br\/2019\/#organization"},"image":{"@id":"http:\/\/www.sindipetroba.org.br\/2019\/mortes-por-asfixia-em-manaus-sao-culpa-da-negligencia-e-negacao-de-bolsonaro\/#primaryimage"},"thumbnailUrl":"http:\/\/www.sindipetroba.org.br\/2019\/wp-content\/uploads\/2021\/01\/systemuploadsnewsfdeac5228351e675ed3-700x460xfit-fb592.png","keywords":["Amazonas","Eduardo Pazuello","Fiocruz","Genocida","Jair Bolsonaro","Jesem Orellana","Manaus","ministro da Sa\u00fade","Solidariedade","White Martins"],"articleSection":["Not\u00edcia"],"inLanguage":"pt-BR"},{"@type":"WebPage","@id":"http:\/\/www.sindipetroba.org.br\/2019\/mortes-por-asfixia-em-manaus-sao-culpa-da-negligencia-e-negacao-de-bolsonaro\/","url":"http:\/\/www.sindipetroba.org.br\/2019\/mortes-por-asfixia-em-manaus-sao-culpa-da-negligencia-e-negacao-de-bolsonaro\/","name":"Mortes por asfixia em Manaus s\u00e3o culpa da neglig\u00eancia e nega\u00e7\u00e3o de Bolsonaro - Sindipetro BA","isPartOf":{"@id":"http:\/\/www.sindipetroba.org.br\/2019\/#website"},"primaryImageOfPage":{"@id":"http:\/\/www.sindipetroba.org.br\/2019\/mortes-por-asfixia-em-manaus-sao-culpa-da-negligencia-e-negacao-de-bolsonaro\/#primaryimage"},"image":{"@id":"http:\/\/www.sindipetroba.org.br\/2019\/mortes-por-asfixia-em-manaus-sao-culpa-da-negligencia-e-negacao-de-bolsonaro\/#primaryimage"},"thumbnailUrl":"http:\/\/www.sindipetroba.org.br\/2019\/wp-content\/uploads\/2021\/01\/systemuploadsnewsfdeac5228351e675ed3-700x460xfit-fb592.png","datePublished":"2021-01-15T19:40:52+00:00","breadcrumb":{"@id":"http:\/\/www.sindipetroba.org.br\/2019\/mortes-por-asfixia-em-manaus-sao-culpa-da-negligencia-e-negacao-de-bolsonaro\/#breadcrumb"},"inLanguage":"pt-BR","potentialAction":[{"@type":"ReadAction","target":["http:\/\/www.sindipetroba.org.br\/2019\/mortes-por-asfixia-em-manaus-sao-culpa-da-negligencia-e-negacao-de-bolsonaro\/"]}]},{"@type":"ImageObject","inLanguage":"pt-BR","@id":"http:\/\/www.sindipetroba.org.br\/2019\/mortes-por-asfixia-em-manaus-sao-culpa-da-negligencia-e-negacao-de-bolsonaro\/#primaryimage","url":"http:\/\/www.sindipetroba.org.br\/2019\/wp-content\/uploads\/2021\/01\/systemuploadsnewsfdeac5228351e675ed3-700x460xfit-fb592.png","contentUrl":"http:\/\/www.sindipetroba.org.br\/2019\/wp-content\/uploads\/2021\/01\/systemuploadsnewsfdeac5228351e675ed3-700x460xfit-fb592.png","width":700,"height":460},{"@type":"BreadcrumbList","@id":"http:\/\/www.sindipetroba.org.br\/2019\/mortes-por-asfixia-em-manaus-sao-culpa-da-negligencia-e-negacao-de-bolsonaro\/#breadcrumb","itemListElement":[{"@type":"ListItem","position":1,"name":"In\u00edcio","item":"http:\/\/www.sindipetroba.org.br\/2019\/"},{"@type":"ListItem","position":2,"name":"Mortes por asfixia em Manaus s\u00e3o culpa da neglig\u00eancia e nega\u00e7\u00e3o de Bolsonaro"}]},{"@type":"WebSite","@id":"http:\/\/www.sindipetroba.org.br\/2019\/#website","url":"http:\/\/www.sindipetroba.org.br\/2019\/","name":"Sindipetro BA","description":"Sindicato dos Petroleiros e Petroleiras do Estado da Bahia","publisher":{"@id":"http:\/\/www.sindipetroba.org.br\/2019\/#organization"},"potentialAction":[{"@type":"SearchAction","target":{"@type":"EntryPoint","urlTemplate":"http:\/\/www.sindipetroba.org.br\/2019\/?s={search_term_string}"},"query-input":{"@type":"PropertyValueSpecification","valueRequired":true,"valueName":"search_term_string"}}],"inLanguage":"pt-BR"},{"@type":"Organization","@id":"http:\/\/www.sindipetroba.org.br\/2019\/#organization","name":"Sindipetro BA","url":"http:\/\/www.sindipetroba.org.br\/2019\/","logo":{"@type":"ImageObject","inLanguage":"pt-BR","@id":"http:\/\/www.sindipetroba.org.br\/2019\/#\/schema\/logo\/image\/","url":"http:\/\/www.sindipetroba.org.br\/2019\/wp-content\/uploads\/2019\/01\/sindipetro-marca-cor.png","contentUrl":"http:\/\/www.sindipetroba.org.br\/2019\/wp-content\/uploads\/2019\/01\/sindipetro-marca-cor.png","width":350,"height":126,"caption":"Sindipetro BA"},"image":{"@id":"http:\/\/www.sindipetroba.org.br\/2019\/#\/schema\/logo\/image\/"},"sameAs":["https:\/\/www.facebook.com\/sindipetroBa\/","https:\/\/x.com\/SindipetroBahia","https:\/\/www.instagram.com\/sindipetroba\/","https:\/\/www.youtube.com\/c\/SindipetroBahiaOficial"]},{"@type":"Person","@id":"http:\/\/www.sindipetroba.org.br\/2019\/#\/schema\/person\/80e88dbf823328ddad08b17600055a3c","name":"ASCOM","image":{"@type":"ImageObject","inLanguage":"pt-BR","@id":"https:\/\/secure.gravatar.com\/avatar\/a2ab2fd873c57926b9f03e30be8804429fd7b0d41f4f71170e45b7b7f84998a6?s=96&d=mm&r=g","url":"https:\/\/secure.gravatar.com\/avatar\/a2ab2fd873c57926b9f03e30be8804429fd7b0d41f4f71170e45b7b7f84998a6?s=96&d=mm&r=g","contentUrl":"https:\/\/secure.gravatar.com\/avatar\/a2ab2fd873c57926b9f03e30be8804429fd7b0d41f4f71170e45b7b7f84998a6?s=96&d=mm&r=g","caption":"ASCOM"},"sameAs":["http:\/\/www.sindipetroba.org.br"]}]}},"_links":{"self":[{"href":"http:\/\/www.sindipetroba.org.br\/2019\/wp-json\/wp\/v2\/posts\/11029","targetHints":{"allow":["GET"]}}],"collection":[{"href":"http:\/\/www.sindipetroba.org.br\/2019\/wp-json\/wp\/v2\/posts"}],"about":[{"href":"http:\/\/www.sindipetroba.org.br\/2019\/wp-json\/wp\/v2\/types\/post"}],"author":[{"embeddable":true,"href":"http:\/\/www.sindipetroba.org.br\/2019\/wp-json\/wp\/v2\/users\/4"}],"replies":[{"embeddable":true,"href":"http:\/\/www.sindipetroba.org.br\/2019\/wp-json\/wp\/v2\/comments?post=11029"}],"version-history":[{"count":1,"href":"http:\/\/www.sindipetroba.org.br\/2019\/wp-json\/wp\/v2\/posts\/11029\/revisions"}],"predecessor-version":[{"id":11031,"href":"http:\/\/www.sindipetroba.org.br\/2019\/wp-json\/wp\/v2\/posts\/11029\/revisions\/11031"}],"wp:featuredmedia":[{"embeddable":true,"href":"http:\/\/www.sindipetroba.org.br\/2019\/wp-json\/wp\/v2\/media\/11030"}],"wp:attachment":[{"href":"http:\/\/www.sindipetroba.org.br\/2019\/wp-json\/wp\/v2\/media?parent=11029"}],"wp:term":[{"taxonomy":"category","embeddable":true,"href":"http:\/\/www.sindipetroba.org.br\/2019\/wp-json\/wp\/v2\/categories?post=11029"},{"taxonomy":"post_tag","embeddable":true,"href":"http:\/\/www.sindipetroba.org.br\/2019\/wp-json\/wp\/v2\/tags?post=11029"}],"curies":[{"name":"wp","href":"https:\/\/api.w.org\/{rel}","templated":true}]}}