{"id":11084,"date":"2021-01-22T10:56:12","date_gmt":"2021-01-22T13:56:12","guid":{"rendered":"http:\/\/www.sindipetroba.org.br\/2019\/?p=11084"},"modified":"2021-01-22T15:37:29","modified_gmt":"2021-01-22T18:37:29","slug":"dia-dos-aposentados-nao-ha-nada-a-comemorar","status":"publish","type":"post","link":"http:\/\/www.sindipetroba.org.br\/2019\/dia-dos-aposentados-nao-ha-nada-a-comemorar\/","title":{"rendered":"Dia dos Aposentados: n\u00e3o h\u00e1 nada a comemorar"},"content":{"rendered":"<p>Um pa\u00eds que h\u00e1 muito deixou de ser jovem mas, ao que parece, n\u00e3o est\u00e1 sabendo envelhecer bem. Assim \u00e9 o Brasil, pa\u00eds que n\u00e3o valoriza e n\u00e3o cuida da sua popula\u00e7\u00e3o idosa e onde o caminhar para a maturidade \u00e9 cheio de percal\u00e7os.<\/p>\n<p>De acordo com a mais recente Pesquisa Nacional por Amostra de Domic\u00edlios (Pnad) do Instituto Brasileiro de Geografia e Estat\u00edstica (IBGE), realizada no quarto trimestre de 2019, no Brasil havia 34 milh\u00f5es de idosos (pessoas com 60 anos ou mais), o que corresponde a 16,2% da popula\u00e7\u00e3o do pa\u00eds.<\/p>\n<p>Ainda segundo a pesquisa, 24,9% dos domic\u00edlios no Brasil t\u00eam pessoas de 60 anos (ou mais) que contribuem com mais de 50% da renda domiciliar, com suas aposentadorias, pens\u00f5es, e rendimentos do trabalho (no final de 2019, 22,19% da popula\u00e7\u00e3o idosa estava trabalhando).<\/p>\n<p>Portanto, no Brasil, para a maioria da popula\u00e7\u00e3o, a aposentadoria n\u00e3o significa o t\u00e3o almejado per\u00edodo para relaxar e curtir a vida. Pelo contr\u00e1rio. Muitos quando chegam a essa fase sofrem com a queda brusca da sua renda e ainda precisam sustentar a fam\u00edlia ou contribuir com o sustento de filhos e netos. Esse \u00e9 o caso do aposentado petroleiro, Antenor Ferreira Gomes, de 66 anos. \u201cDurante o per\u00edodo que estava trabalhando n\u00e3o tive tempo para nada, foi s\u00f3 trabalho e preocupa\u00e7\u00e3o para garantir um futuro melhor, para minha velhice e fam\u00edlia. O sal\u00e1rio era para o sustento e o estudo dos filhos, que hoje est\u00e3o formados, mas sem emprego, continuo sustentando\u201d, conta Antenor, acrescentando que apesar das dificuldades, n\u00e3o deixa de curtir a vida com a esposa, admirando a natureza e \u201cpraticando meu hobby que \u00e9 dan\u00e7ar e andar de motocicleta\u201d.<\/p>\n<div id=\"attachment_11114\" style=\"width: 507px\" class=\"wp-caption aligncenter\"><img loading=\"lazy\" decoding=\"async\" aria-describedby=\"caption-attachment-11114\" class=\"wp-image-11114\" src=\"http:\/\/www.sindipetroba.org.br\/2019\/wp-content\/uploads\/2021\/01\/cfa8e83f-7b4a-4e9d-ad79-f8f328d58f19.jpg\" alt=\"Antenor Ferreira Gomes\" width=\"497\" height=\"643\" srcset=\"http:\/\/www.sindipetroba.org.br\/2019\/wp-content\/uploads\/2021\/01\/cfa8e83f-7b4a-4e9d-ad79-f8f328d58f19-250x324.jpg 250w, http:\/\/www.sindipetroba.org.br\/2019\/wp-content\/uploads\/2021\/01\/cfa8e83f-7b4a-4e9d-ad79-f8f328d58f19-120x156.jpg 120w\" sizes=\"(max-width: 497px) 100vw, 497px\" \/><p id=\"caption-attachment-11114\" class=\"wp-caption-text\">Antenor Ferreira Gomes &#8211; Petroleiro Aposentado<\/p><\/div>\n<p>Os aposentados e pensionistas petroleiros tamb\u00e9m sofrem com o projeto do governo Bolsonaro\/Guedes de desmonte e privatiza\u00e7\u00e3o do Sistema Petrobr\u00e1s. Esse segmento da categoria vem sendo atingido duramente. \u201cPagar o d\u00e9ficit da Petros, AMS e, Benef\u00edcio Farm\u00e1cia, tem se constitu\u00eddo um castigo cruel e desumano. Com a pandemia, infla\u00e7\u00e3o alta e sem ganho real, viver tem sido uma tarefa muito dif\u00edcil. Para piorar, as perspectivas s\u00e3o duvidosas e n\u00e3o garantem nenhuma tranquilidade a n\u00f3s aposentados e pensionistas\u201d, lamenta a diretora da Secretaria de Seguridade e Aposentados da Federa\u00e7\u00e3o \u00danica dos Petroleiros (FUP), Marise Sans\u00e3o.<\/p>\n<p>Para Sans\u00e3o, apesar da import\u00e2ncia do 24 de janeiro, data em que se celebra o Dia dos Aposentados, n\u00e3o h\u00e1 o que se comemorar. \u201cO que temos s\u00e3o perdas e amea\u00e7as. Por isso, esse \u00e9, antes de tudo, um dia de protesto. Um dia para botar para fora esse luto todo que temos dentro de n\u00f3s\u201d. A dirigente sindical defende que \u00e9 preciso ir para as ruas, pressionar os deputados para que deem aten\u00e7\u00e3o \u00e0s pautas importantes para os aposentados e pensionistas \u201ca exemplo da aprova\u00e7\u00e3o do 14 \u00ba sal\u00e1rio, que, lamentavelmente, n\u00e3o saiu em 2020. Mas, infelizmente, n\u00e3o podemos ir para as ruas, pois a pandemia da Covid-19 n\u00e3o \u00e9 brincadeira, n\u00e3o \u00e9 uma gripezinha como afirmou o presidente Bolsonaro\u201d.<\/p>\n<p>&nbsp;<\/p>\n<div id=\"attachment_11113\" style=\"width: 610px\" class=\"wp-caption aligncenter\"><img loading=\"lazy\" decoding=\"async\" aria-describedby=\"caption-attachment-11113\" class=\"wp-image-11113\" src=\"http:\/\/www.sindipetroba.org.br\/2019\/wp-content\/uploads\/2021\/01\/7b84487a-2c9b-4e1d-b66b-2bd641b96017.jpg\" alt=\"Marise Sans\u00e3o\" width=\"600\" height=\"425\" srcset=\"http:\/\/www.sindipetroba.org.br\/2019\/wp-content\/uploads\/2021\/01\/7b84487a-2c9b-4e1d-b66b-2bd641b96017.jpg 1125w, http:\/\/www.sindipetroba.org.br\/2019\/wp-content\/uploads\/2021\/01\/7b84487a-2c9b-4e1d-b66b-2bd641b96017-250x177.jpg 250w, http:\/\/www.sindipetroba.org.br\/2019\/wp-content\/uploads\/2021\/01\/7b84487a-2c9b-4e1d-b66b-2bd641b96017-700x495.jpg 700w, http:\/\/www.sindipetroba.org.br\/2019\/wp-content\/uploads\/2021\/01\/7b84487a-2c9b-4e1d-b66b-2bd641b96017-768x543.jpg 768w, http:\/\/www.sindipetroba.org.br\/2019\/wp-content\/uploads\/2021\/01\/7b84487a-2c9b-4e1d-b66b-2bd641b96017-120x85.jpg 120w, http:\/\/www.sindipetroba.org.br\/2019\/wp-content\/uploads\/2021\/01\/7b84487a-2c9b-4e1d-b66b-2bd641b96017-400x284.jpg 400w, http:\/\/www.sindipetroba.org.br\/2019\/wp-content\/uploads\/2021\/01\/7b84487a-2c9b-4e1d-b66b-2bd641b96017-1080x764.jpg 1080w\" sizes=\"(max-width: 600px) 100vw, 600px\" \/><p id=\"caption-attachment-11113\" class=\"wp-caption-text\">Marise Sans\u00e3o &#8211; Diretora da Secretaria de Seguridade e Aposentados da Federa\u00e7\u00e3o \u00danica dos Petroleiros (FUP)<\/p><\/div>\n<p>O diretor do Setor de Aposentados e Seguridade do Sindipetro Bahia, Francisco Ramos (Chic\u00e3o), tamb\u00e9m acredita que n\u00e3o h\u00e1 o que comemorar. \u201cA cada dia do governo Bolsonaro\/Guedes agrava-se a situa\u00e7\u00e3o dos aposentados e pensionistas no pa\u00eds. N\u00e3o h\u00e1 humanidade e nem compromisso com a popula\u00e7\u00e3o, um exemplo disso \u00e9 a restri\u00e7\u00e3o \u00e0 concess\u00e3o do Benef\u00edcio de Presta\u00e7\u00e3o Continuada (BPC) pago a idosos e pessoas com defici\u00eancia de baixa renda, o que pode excluir 500 mil brasileiros desse benef\u00edcio. Guardada as devidas propor\u00e7\u00f5es, os aposentados e pensionistas da categoria petroleira tamb\u00e9m passam por situa\u00e7\u00e3o muito dif\u00edcil, proveniente, em parte, do desmonte da estatal pelo governo federal. Apesar de o novo PED ter reduzido o valor que pagamos a t\u00edtulo de equacionamento, ainda est\u00e1 muito pesado. A cobran\u00e7a equivocada em rela\u00e7\u00e3o \u00e0 AMS e ao benef\u00edcio farm\u00e1cia ainda piorou a situa\u00e7\u00e3o dos aposentados e pensionistas, pois muitos n\u00e3o est\u00e3o conseguindo nem pagar as suas contas\u201d.<\/p>\n<div id=\"attachment_11090\" style=\"width: 410px\" class=\"wp-caption aligncenter\"><img loading=\"lazy\" decoding=\"async\" aria-describedby=\"caption-attachment-11090\" class=\"wp-image-11090\" title=\"Francisco Ramos\" src=\"http:\/\/www.sindipetroba.org.br\/2019\/wp-content\/uploads\/2021\/01\/CHICAO.jpeg\" alt=\"Francisco Ramos\" width=\"400\" height=\"400\" srcset=\"http:\/\/www.sindipetroba.org.br\/2019\/wp-content\/uploads\/2021\/01\/CHICAO.jpeg 640w, http:\/\/www.sindipetroba.org.br\/2019\/wp-content\/uploads\/2021\/01\/CHICAO-250x250.jpeg 250w, http:\/\/www.sindipetroba.org.br\/2019\/wp-content\/uploads\/2021\/01\/CHICAO-220x220.jpeg 220w, http:\/\/www.sindipetroba.org.br\/2019\/wp-content\/uploads\/2021\/01\/CHICAO-120x120.jpeg 120w\" sizes=\"(max-width: 400px) 100vw, 400px\" \/><p id=\"caption-attachment-11090\" class=\"wp-caption-text\">Francisco Ramos (Chic\u00e3o) &#8211; Diretor do Setor de Aposentados e Seguridade do Sindipetro Bahia<\/p><\/div>\n<h4><strong>Voc\u00ea sabia?<\/strong><\/h4>\n<p>&#8211; A data em que se comemora o Dia dos Aposentados, foi criada em homenagem \u00e0 institui\u00e7\u00e3o da primeira lei brasileira destinada \u00e0 previd\u00eancia social, em 24 de janeiro de 1923, pelo ent\u00e3o presidente Artur Bernardes: a Lei Eloy Chaves. O Decreto de Lei n\u00ba 6.926\/81, proposto pelo ent\u00e3o Deputado Federal e ex-presidente da Confedera\u00e7\u00e3o Brasileira de Aposentados, Pensionistas e Idosos (COBAP), Benedito Marc\u00edlio, determinou o dia 24 de janeiro como o Dia Nacional dos Aposentados no Brasil.<\/p>\n<p>&#8211; A Previd\u00eancia Social com sua principal fun\u00e7\u00e3o que \u00e9 assegurar a prote\u00e7\u00e3o social, foi criada em 1923. Funcionando em regime de reparti\u00e7\u00e3o, os trabalhadores que est\u00e3o na ativa custeiam os benef\u00edcios daqueles que est\u00e3o aposentados.<\/p>\n<p>&#8211; A reforma da Previd\u00eancia foi aprovada pelo Congresso Nacional no dia 12\/11\/2019 e as novas regras, que passou para 60 anos (mulher) e 65 anos (homem) a idade m\u00ednima para aposentadoria, entrou em vigor no dia 13\/11\/2019. Outras regras prejudiciais aos trabalhadores foram o fim da aposentadoria por tempo de contribui\u00e7\u00e3o, redu\u00e7\u00e3o dos valores dos benef\u00edcios tanto para aposentadoria como para pens\u00e3o das vi\u00favas, vi\u00favos e \u00f3rf\u00e3os, al\u00edquotas mais altas de contribui\u00e7\u00e3o, aposentadoria integral apenas com 40 anos de contribui\u00e7\u00e3o, ataques espec\u00edficos contra trabalhadores rurais e a aposentadoria especial de diversas categorias.<\/p>\n<h3><strong>Preocupa\u00e7\u00e3o<\/strong><\/h3>\n<p>A reforma trabalhista n\u00e3o gerou as 6 milh\u00f5es de novas vagas de emprego prometidas. Pelo contr\u00e1rio, aumentou o n\u00famero de demitidos no pa\u00eds e precarizou o trabalho. E ainda causou grande impacto na previd\u00eancia. Com o aumento do n\u00famero de desempregados, aumentou tamb\u00e9m o n\u00famero de pessoas que deixaram de contribuir com a previd\u00eancia social, enfraquecendo a seguridade social p\u00fablica.<\/p>\n","protected":false},"excerpt":{"rendered":"Um pa\u00eds que h\u00e1 muito deixou de ser jovem mas, ao que parece, n\u00e3o est\u00e1 sabendo envelhecer bem. Assim \u00e9 o Brasil, pa\u00eds que n\u00e3o valoriza e n\u00e3o cuida da sua popula\u00e7\u00e3o idosa e onde o caminhar para a maturidade \u00e9 cheio de percal\u00e7os. De acordo com a mais recente Pesquisa Nacional por Amostra de&#8230; <a class=\"view-article\" href=\"http:\/\/www.sindipetroba.org.br\/2019\/dia-dos-aposentados-nao-ha-nada-a-comemorar\/\">Ver artigo<\/a>","protected":false},"author":4,"featured_media":11085,"comment_status":"closed","ping_status":"open","sticky":false,"template":"","format":"standard","meta":{"_et_pb_use_builder":"","_et_pb_old_content":"","_et_gb_content_width":"","footnotes":""},"categories":[1],"tags":[49,1578,1248,320,1298,219,785,494,70,1102,794,1574,1576,1575,48,1573,1577],"class_list":["post-11084","post","type-post","status-publish","format-standard","has-post-thumbnail","hentry","category-noticia","tag-ams","tag-beneficio-de-prestacao-continuada","tag-beneficio-farmacia","tag-bolsonaro","tag-bpc","tag-brasil","tag-congresso-nacional","tag-federacao-unica-dos-petroleiros","tag-fup","tag-guedes","tag-ibge","tag-instituto-brasileiro-de-geografia-e-estatistica","tag-marise-sansao","tag-pesquisa-nacional-por-amostra-de-domicilios","tag-petros","tag-pnad","tag-setor-de-aposentados-e-seguridade-do-sindipetro-bahia"],"yoast_head":"<!-- This site is optimized with the Yoast SEO plugin v27.3 - https:\/\/yoast.com\/product\/yoast-seo-wordpress\/ -->\n<title>Dia dos Aposentados: n\u00e3o h\u00e1 nada a comemorar - Sindipetro BA<\/title>\n<meta name=\"robots\" content=\"index, follow, max-snippet:-1, max-image-preview:large, max-video-preview:-1\" \/>\n<link rel=\"canonical\" href=\"http:\/\/www.sindipetroba.org.br\/2019\/dia-dos-aposentados-nao-ha-nada-a-comemorar\/\" \/>\n<meta property=\"og:locale\" content=\"pt_BR\" \/>\n<meta property=\"og:type\" content=\"article\" \/>\n<meta property=\"og:title\" content=\"Dia dos Aposentados: n\u00e3o h\u00e1 nada a comemorar - Sindipetro BA\" \/>\n<meta property=\"og:description\" content=\"Um pa\u00eds que h\u00e1 muito deixou de ser jovem mas, ao que parece, n\u00e3o est\u00e1 sabendo envelhecer bem. Assim \u00e9 o Brasil, pa\u00eds que n\u00e3o valoriza e n\u00e3o cuida da sua popula\u00e7\u00e3o idosa e onde o caminhar para a maturidade \u00e9 cheio de percal\u00e7os. De acordo com a mais recente Pesquisa Nacional por Amostra de... Ver artigo\" \/>\n<meta property=\"og:url\" content=\"http:\/\/www.sindipetroba.org.br\/2019\/dia-dos-aposentados-nao-ha-nada-a-comemorar\/\" \/>\n<meta property=\"og:site_name\" content=\"Sindipetro BA\" \/>\n<meta property=\"article:publisher\" content=\"https:\/\/www.facebook.com\/sindipetroBa\/\" \/>\n<meta property=\"article:published_time\" content=\"2021-01-22T13:56:12+00:00\" \/>\n<meta property=\"article:modified_time\" content=\"2021-01-22T18:37:29+00:00\" \/>\n<meta property=\"og:image\" content=\"http:\/\/www.sindipetroba.org.br\/2019\/wp-content\/uploads\/2021\/01\/MATERIA-BA-700x700.png\" \/>\n\t<meta property=\"og:image:width\" content=\"700\" \/>\n\t<meta property=\"og:image:height\" content=\"700\" \/>\n\t<meta property=\"og:image:type\" content=\"image\/png\" \/>\n<meta name=\"author\" content=\"ASCOM\" \/>\n<meta name=\"twitter:card\" content=\"summary_large_image\" \/>\n<meta name=\"twitter:creator\" content=\"@SindipetroBahia\" \/>\n<meta name=\"twitter:site\" content=\"@SindipetroBahia\" \/>\n<meta name=\"twitter:label1\" content=\"Escrito por\" \/>\n\t<meta name=\"twitter:data1\" content=\"ASCOM\" \/>\n\t<meta name=\"twitter:label2\" content=\"Est. tempo de leitura\" \/>\n\t<meta name=\"twitter:data2\" content=\"5 minutos\" \/>\n<script type=\"application\/ld+json\" class=\"yoast-schema-graph\">{\"@context\":\"https:\\\/\\\/schema.org\",\"@graph\":[{\"@type\":\"Article\",\"@id\":\"http:\\\/\\\/www.sindipetroba.org.br\\\/2019\\\/dia-dos-aposentados-nao-ha-nada-a-comemorar\\\/#article\",\"isPartOf\":{\"@id\":\"http:\\\/\\\/www.sindipetroba.org.br\\\/2019\\\/dia-dos-aposentados-nao-ha-nada-a-comemorar\\\/\"},\"author\":{\"name\":\"ASCOM\",\"@id\":\"http:\\\/\\\/www.sindipetroba.org.br\\\/2019\\\/#\\\/schema\\\/person\\\/80e88dbf823328ddad08b17600055a3c\"},\"headline\":\"Dia dos Aposentados: n\u00e3o h\u00e1 nada a comemorar\",\"datePublished\":\"2021-01-22T13:56:12+00:00\",\"dateModified\":\"2021-01-22T18:37:29+00:00\",\"mainEntityOfPage\":{\"@id\":\"http:\\\/\\\/www.sindipetroba.org.br\\\/2019\\\/dia-dos-aposentados-nao-ha-nada-a-comemorar\\\/\"},\"wordCount\":1069,\"publisher\":{\"@id\":\"http:\\\/\\\/www.sindipetroba.org.br\\\/2019\\\/#organization\"},\"image\":{\"@id\":\"http:\\\/\\\/www.sindipetroba.org.br\\\/2019\\\/dia-dos-aposentados-nao-ha-nada-a-comemorar\\\/#primaryimage\"},\"thumbnailUrl\":\"http:\\\/\\\/www.sindipetroba.org.br\\\/2019\\\/wp-content\\\/uploads\\\/2021\\\/01\\\/MATERIA-BA.png\",\"keywords\":[\"AMS\",\"Benef\u00edcio de Presta\u00e7\u00e3o Cont\u00ednuada\",\"Benef\u00edcio Farm\u00e1cia\",\"Bolsonaro\",\"BPC\",\"Brasil\",\"Congresso Nacional\",\"Federa\u00e7\u00e3o \u00danica dos Petroleiros\",\"FUP\",\"Guedes\",\"IBGE\",\"Instituto Brasileiro de Geografia e Estat\u00edstica\",\"Marise Sans\u00e3o\",\"Pesquisa Nacional por Amostra de Domic\u00edlios\",\"Petros\",\"Pnad\",\"Setor de Aposentados e Seguridade do Sindipetro Bahia\"],\"articleSection\":[\"Not\u00edcia\"],\"inLanguage\":\"pt-BR\"},{\"@type\":\"WebPage\",\"@id\":\"http:\\\/\\\/www.sindipetroba.org.br\\\/2019\\\/dia-dos-aposentados-nao-ha-nada-a-comemorar\\\/\",\"url\":\"http:\\\/\\\/www.sindipetroba.org.br\\\/2019\\\/dia-dos-aposentados-nao-ha-nada-a-comemorar\\\/\",\"name\":\"Dia dos Aposentados: n\u00e3o h\u00e1 nada a comemorar - Sindipetro BA\",\"isPartOf\":{\"@id\":\"http:\\\/\\\/www.sindipetroba.org.br\\\/2019\\\/#website\"},\"primaryImageOfPage\":{\"@id\":\"http:\\\/\\\/www.sindipetroba.org.br\\\/2019\\\/dia-dos-aposentados-nao-ha-nada-a-comemorar\\\/#primaryimage\"},\"image\":{\"@id\":\"http:\\\/\\\/www.sindipetroba.org.br\\\/2019\\\/dia-dos-aposentados-nao-ha-nada-a-comemorar\\\/#primaryimage\"},\"thumbnailUrl\":\"http:\\\/\\\/www.sindipetroba.org.br\\\/2019\\\/wp-content\\\/uploads\\\/2021\\\/01\\\/MATERIA-BA.png\",\"datePublished\":\"2021-01-22T13:56:12+00:00\",\"dateModified\":\"2021-01-22T18:37:29+00:00\",\"breadcrumb\":{\"@id\":\"http:\\\/\\\/www.sindipetroba.org.br\\\/2019\\\/dia-dos-aposentados-nao-ha-nada-a-comemorar\\\/#breadcrumb\"},\"inLanguage\":\"pt-BR\",\"potentialAction\":[{\"@type\":\"ReadAction\",\"target\":[\"http:\\\/\\\/www.sindipetroba.org.br\\\/2019\\\/dia-dos-aposentados-nao-ha-nada-a-comemorar\\\/\"]}]},{\"@type\":\"ImageObject\",\"inLanguage\":\"pt-BR\",\"@id\":\"http:\\\/\\\/www.sindipetroba.org.br\\\/2019\\\/dia-dos-aposentados-nao-ha-nada-a-comemorar\\\/#primaryimage\",\"url\":\"http:\\\/\\\/www.sindipetroba.org.br\\\/2019\\\/wp-content\\\/uploads\\\/2021\\\/01\\\/MATERIA-BA.png\",\"contentUrl\":\"http:\\\/\\\/www.sindipetroba.org.br\\\/2019\\\/wp-content\\\/uploads\\\/2021\\\/01\\\/MATERIA-BA.png\",\"width\":1080,\"height\":1080},{\"@type\":\"BreadcrumbList\",\"@id\":\"http:\\\/\\\/www.sindipetroba.org.br\\\/2019\\\/dia-dos-aposentados-nao-ha-nada-a-comemorar\\\/#breadcrumb\",\"itemListElement\":[{\"@type\":\"ListItem\",\"position\":1,\"name\":\"In\u00edcio\",\"item\":\"http:\\\/\\\/www.sindipetroba.org.br\\\/2019\\\/\"},{\"@type\":\"ListItem\",\"position\":2,\"name\":\"Dia dos Aposentados: n\u00e3o h\u00e1 nada a comemorar\"}]},{\"@type\":\"WebSite\",\"@id\":\"http:\\\/\\\/www.sindipetroba.org.br\\\/2019\\\/#website\",\"url\":\"http:\\\/\\\/www.sindipetroba.org.br\\\/2019\\\/\",\"name\":\"Sindipetro BA\",\"description\":\"Sindicato dos Petroleiros e Petroleiras do Estado da Bahia\",\"publisher\":{\"@id\":\"http:\\\/\\\/www.sindipetroba.org.br\\\/2019\\\/#organization\"},\"potentialAction\":[{\"@type\":\"SearchAction\",\"target\":{\"@type\":\"EntryPoint\",\"urlTemplate\":\"http:\\\/\\\/www.sindipetroba.org.br\\\/2019\\\/?s={search_term_string}\"},\"query-input\":{\"@type\":\"PropertyValueSpecification\",\"valueRequired\":true,\"valueName\":\"search_term_string\"}}],\"inLanguage\":\"pt-BR\"},{\"@type\":\"Organization\",\"@id\":\"http:\\\/\\\/www.sindipetroba.org.br\\\/2019\\\/#organization\",\"name\":\"Sindipetro BA\",\"url\":\"http:\\\/\\\/www.sindipetroba.org.br\\\/2019\\\/\",\"logo\":{\"@type\":\"ImageObject\",\"inLanguage\":\"pt-BR\",\"@id\":\"http:\\\/\\\/www.sindipetroba.org.br\\\/2019\\\/#\\\/schema\\\/logo\\\/image\\\/\",\"url\":\"http:\\\/\\\/www.sindipetroba.org.br\\\/2019\\\/wp-content\\\/uploads\\\/2019\\\/01\\\/sindipetro-marca-cor.png\",\"contentUrl\":\"http:\\\/\\\/www.sindipetroba.org.br\\\/2019\\\/wp-content\\\/uploads\\\/2019\\\/01\\\/sindipetro-marca-cor.png\",\"width\":350,\"height\":126,\"caption\":\"Sindipetro BA\"},\"image\":{\"@id\":\"http:\\\/\\\/www.sindipetroba.org.br\\\/2019\\\/#\\\/schema\\\/logo\\\/image\\\/\"},\"sameAs\":[\"https:\\\/\\\/www.facebook.com\\\/sindipetroBa\\\/\",\"https:\\\/\\\/x.com\\\/SindipetroBahia\",\"https:\\\/\\\/www.instagram.com\\\/sindipetroba\\\/\",\"https:\\\/\\\/www.youtube.com\\\/c\\\/SindipetroBahiaOficial\"]},{\"@type\":\"Person\",\"@id\":\"http:\\\/\\\/www.sindipetroba.org.br\\\/2019\\\/#\\\/schema\\\/person\\\/80e88dbf823328ddad08b17600055a3c\",\"name\":\"ASCOM\",\"image\":{\"@type\":\"ImageObject\",\"inLanguage\":\"pt-BR\",\"@id\":\"https:\\\/\\\/secure.gravatar.com\\\/avatar\\\/a2ab2fd873c57926b9f03e30be8804429fd7b0d41f4f71170e45b7b7f84998a6?s=96&d=mm&r=g\",\"url\":\"https:\\\/\\\/secure.gravatar.com\\\/avatar\\\/a2ab2fd873c57926b9f03e30be8804429fd7b0d41f4f71170e45b7b7f84998a6?s=96&d=mm&r=g\",\"contentUrl\":\"https:\\\/\\\/secure.gravatar.com\\\/avatar\\\/a2ab2fd873c57926b9f03e30be8804429fd7b0d41f4f71170e45b7b7f84998a6?s=96&d=mm&r=g\",\"caption\":\"ASCOM\"},\"sameAs\":[\"http:\\\/\\\/www.sindipetroba.org.br\"]}]}<\/script>\n<!-- \/ Yoast SEO plugin. -->","yoast_head_json":{"title":"Dia dos Aposentados: n\u00e3o h\u00e1 nada a comemorar - Sindipetro BA","robots":{"index":"index","follow":"follow","max-snippet":"max-snippet:-1","max-image-preview":"max-image-preview:large","max-video-preview":"max-video-preview:-1"},"canonical":"http:\/\/www.sindipetroba.org.br\/2019\/dia-dos-aposentados-nao-ha-nada-a-comemorar\/","og_locale":"pt_BR","og_type":"article","og_title":"Dia dos Aposentados: n\u00e3o h\u00e1 nada a comemorar - Sindipetro BA","og_description":"Um pa\u00eds que h\u00e1 muito deixou de ser jovem mas, ao que parece, n\u00e3o est\u00e1 sabendo envelhecer bem. Assim \u00e9 o Brasil, pa\u00eds que n\u00e3o valoriza e n\u00e3o cuida da sua popula\u00e7\u00e3o idosa e onde o caminhar para a maturidade \u00e9 cheio de percal\u00e7os. De acordo com a mais recente Pesquisa Nacional por Amostra de... Ver artigo","og_url":"http:\/\/www.sindipetroba.org.br\/2019\/dia-dos-aposentados-nao-ha-nada-a-comemorar\/","og_site_name":"Sindipetro BA","article_publisher":"https:\/\/www.facebook.com\/sindipetroBa\/","article_published_time":"2021-01-22T13:56:12+00:00","article_modified_time":"2021-01-22T18:37:29+00:00","og_image":[{"width":700,"height":700,"url":"http:\/\/www.sindipetroba.org.br\/2019\/wp-content\/uploads\/2021\/01\/MATERIA-BA-700x700.png","type":"image\/png"}],"author":"ASCOM","twitter_card":"summary_large_image","twitter_creator":"@SindipetroBahia","twitter_site":"@SindipetroBahia","twitter_misc":{"Escrito por":"ASCOM","Est. tempo de leitura":"5 minutos"},"schema":{"@context":"https:\/\/schema.org","@graph":[{"@type":"Article","@id":"http:\/\/www.sindipetroba.org.br\/2019\/dia-dos-aposentados-nao-ha-nada-a-comemorar\/#article","isPartOf":{"@id":"http:\/\/www.sindipetroba.org.br\/2019\/dia-dos-aposentados-nao-ha-nada-a-comemorar\/"},"author":{"name":"ASCOM","@id":"http:\/\/www.sindipetroba.org.br\/2019\/#\/schema\/person\/80e88dbf823328ddad08b17600055a3c"},"headline":"Dia dos Aposentados: n\u00e3o h\u00e1 nada a comemorar","datePublished":"2021-01-22T13:56:12+00:00","dateModified":"2021-01-22T18:37:29+00:00","mainEntityOfPage":{"@id":"http:\/\/www.sindipetroba.org.br\/2019\/dia-dos-aposentados-nao-ha-nada-a-comemorar\/"},"wordCount":1069,"publisher":{"@id":"http:\/\/www.sindipetroba.org.br\/2019\/#organization"},"image":{"@id":"http:\/\/www.sindipetroba.org.br\/2019\/dia-dos-aposentados-nao-ha-nada-a-comemorar\/#primaryimage"},"thumbnailUrl":"http:\/\/www.sindipetroba.org.br\/2019\/wp-content\/uploads\/2021\/01\/MATERIA-BA.png","keywords":["AMS","Benef\u00edcio de Presta\u00e7\u00e3o Cont\u00ednuada","Benef\u00edcio Farm\u00e1cia","Bolsonaro","BPC","Brasil","Congresso Nacional","Federa\u00e7\u00e3o \u00danica dos Petroleiros","FUP","Guedes","IBGE","Instituto Brasileiro de Geografia e Estat\u00edstica","Marise Sans\u00e3o","Pesquisa Nacional por Amostra de Domic\u00edlios","Petros","Pnad","Setor de Aposentados e Seguridade do Sindipetro Bahia"],"articleSection":["Not\u00edcia"],"inLanguage":"pt-BR"},{"@type":"WebPage","@id":"http:\/\/www.sindipetroba.org.br\/2019\/dia-dos-aposentados-nao-ha-nada-a-comemorar\/","url":"http:\/\/www.sindipetroba.org.br\/2019\/dia-dos-aposentados-nao-ha-nada-a-comemorar\/","name":"Dia dos Aposentados: n\u00e3o h\u00e1 nada a comemorar - Sindipetro BA","isPartOf":{"@id":"http:\/\/www.sindipetroba.org.br\/2019\/#website"},"primaryImageOfPage":{"@id":"http:\/\/www.sindipetroba.org.br\/2019\/dia-dos-aposentados-nao-ha-nada-a-comemorar\/#primaryimage"},"image":{"@id":"http:\/\/www.sindipetroba.org.br\/2019\/dia-dos-aposentados-nao-ha-nada-a-comemorar\/#primaryimage"},"thumbnailUrl":"http:\/\/www.sindipetroba.org.br\/2019\/wp-content\/uploads\/2021\/01\/MATERIA-BA.png","datePublished":"2021-01-22T13:56:12+00:00","dateModified":"2021-01-22T18:37:29+00:00","breadcrumb":{"@id":"http:\/\/www.sindipetroba.org.br\/2019\/dia-dos-aposentados-nao-ha-nada-a-comemorar\/#breadcrumb"},"inLanguage":"pt-BR","potentialAction":[{"@type":"ReadAction","target":["http:\/\/www.sindipetroba.org.br\/2019\/dia-dos-aposentados-nao-ha-nada-a-comemorar\/"]}]},{"@type":"ImageObject","inLanguage":"pt-BR","@id":"http:\/\/www.sindipetroba.org.br\/2019\/dia-dos-aposentados-nao-ha-nada-a-comemorar\/#primaryimage","url":"http:\/\/www.sindipetroba.org.br\/2019\/wp-content\/uploads\/2021\/01\/MATERIA-BA.png","contentUrl":"http:\/\/www.sindipetroba.org.br\/2019\/wp-content\/uploads\/2021\/01\/MATERIA-BA.png","width":1080,"height":1080},{"@type":"BreadcrumbList","@id":"http:\/\/www.sindipetroba.org.br\/2019\/dia-dos-aposentados-nao-ha-nada-a-comemorar\/#breadcrumb","itemListElement":[{"@type":"ListItem","position":1,"name":"In\u00edcio","item":"http:\/\/www.sindipetroba.org.br\/2019\/"},{"@type":"ListItem","position":2,"name":"Dia dos Aposentados: n\u00e3o h\u00e1 nada a comemorar"}]},{"@type":"WebSite","@id":"http:\/\/www.sindipetroba.org.br\/2019\/#website","url":"http:\/\/www.sindipetroba.org.br\/2019\/","name":"Sindipetro BA","description":"Sindicato dos Petroleiros e Petroleiras do Estado da Bahia","publisher":{"@id":"http:\/\/www.sindipetroba.org.br\/2019\/#organization"},"potentialAction":[{"@type":"SearchAction","target":{"@type":"EntryPoint","urlTemplate":"http:\/\/www.sindipetroba.org.br\/2019\/?s={search_term_string}"},"query-input":{"@type":"PropertyValueSpecification","valueRequired":true,"valueName":"search_term_string"}}],"inLanguage":"pt-BR"},{"@type":"Organization","@id":"http:\/\/www.sindipetroba.org.br\/2019\/#organization","name":"Sindipetro BA","url":"http:\/\/www.sindipetroba.org.br\/2019\/","logo":{"@type":"ImageObject","inLanguage":"pt-BR","@id":"http:\/\/www.sindipetroba.org.br\/2019\/#\/schema\/logo\/image\/","url":"http:\/\/www.sindipetroba.org.br\/2019\/wp-content\/uploads\/2019\/01\/sindipetro-marca-cor.png","contentUrl":"http:\/\/www.sindipetroba.org.br\/2019\/wp-content\/uploads\/2019\/01\/sindipetro-marca-cor.png","width":350,"height":126,"caption":"Sindipetro BA"},"image":{"@id":"http:\/\/www.sindipetroba.org.br\/2019\/#\/schema\/logo\/image\/"},"sameAs":["https:\/\/www.facebook.com\/sindipetroBa\/","https:\/\/x.com\/SindipetroBahia","https:\/\/www.instagram.com\/sindipetroba\/","https:\/\/www.youtube.com\/c\/SindipetroBahiaOficial"]},{"@type":"Person","@id":"http:\/\/www.sindipetroba.org.br\/2019\/#\/schema\/person\/80e88dbf823328ddad08b17600055a3c","name":"ASCOM","image":{"@type":"ImageObject","inLanguage":"pt-BR","@id":"https:\/\/secure.gravatar.com\/avatar\/a2ab2fd873c57926b9f03e30be8804429fd7b0d41f4f71170e45b7b7f84998a6?s=96&d=mm&r=g","url":"https:\/\/secure.gravatar.com\/avatar\/a2ab2fd873c57926b9f03e30be8804429fd7b0d41f4f71170e45b7b7f84998a6?s=96&d=mm&r=g","contentUrl":"https:\/\/secure.gravatar.com\/avatar\/a2ab2fd873c57926b9f03e30be8804429fd7b0d41f4f71170e45b7b7f84998a6?s=96&d=mm&r=g","caption":"ASCOM"},"sameAs":["http:\/\/www.sindipetroba.org.br"]}]}},"_links":{"self":[{"href":"http:\/\/www.sindipetroba.org.br\/2019\/wp-json\/wp\/v2\/posts\/11084","targetHints":{"allow":["GET"]}}],"collection":[{"href":"http:\/\/www.sindipetroba.org.br\/2019\/wp-json\/wp\/v2\/posts"}],"about":[{"href":"http:\/\/www.sindipetroba.org.br\/2019\/wp-json\/wp\/v2\/types\/post"}],"author":[{"embeddable":true,"href":"http:\/\/www.sindipetroba.org.br\/2019\/wp-json\/wp\/v2\/users\/4"}],"replies":[{"embeddable":true,"href":"http:\/\/www.sindipetroba.org.br\/2019\/wp-json\/wp\/v2\/comments?post=11084"}],"version-history":[{"count":8,"href":"http:\/\/www.sindipetroba.org.br\/2019\/wp-json\/wp\/v2\/posts\/11084\/revisions"}],"predecessor-version":[{"id":11117,"href":"http:\/\/www.sindipetroba.org.br\/2019\/wp-json\/wp\/v2\/posts\/11084\/revisions\/11117"}],"wp:featuredmedia":[{"embeddable":true,"href":"http:\/\/www.sindipetroba.org.br\/2019\/wp-json\/wp\/v2\/media\/11085"}],"wp:attachment":[{"href":"http:\/\/www.sindipetroba.org.br\/2019\/wp-json\/wp\/v2\/media?parent=11084"}],"wp:term":[{"taxonomy":"category","embeddable":true,"href":"http:\/\/www.sindipetroba.org.br\/2019\/wp-json\/wp\/v2\/categories?post=11084"},{"taxonomy":"post_tag","embeddable":true,"href":"http:\/\/www.sindipetroba.org.br\/2019\/wp-json\/wp\/v2\/tags?post=11084"}],"curies":[{"name":"wp","href":"https:\/\/api.w.org\/{rel}","templated":true}]}}