{"id":1115,"date":"2019-05-02T15:18:17","date_gmt":"2019-05-02T18:18:17","guid":{"rendered":"http:\/\/www.sindipetroba.org.br\/2019\/?p=1115"},"modified":"2019-05-02T15:18:17","modified_gmt":"2019-05-02T18:18:17","slug":"dia-do-trabalhador-na-bahia","status":"publish","type":"post","link":"http:\/\/www.sindipetroba.org.br\/2019\/dia-do-trabalhador-na-bahia\/","title":{"rendered":"Dia do trabalhador na Bahia"},"content":{"rendered":"<div class=\"dd-m-editor\">\n<p>Na capital e no interior o 1\u00ba de maio Unificado da Classe Trabalhadora reuniu dirigentes e militantes CUTistas, das demais centrais, de partidos de esquerda e representantes de movimentos sociais que em suas falas denunciavam a viola\u00e7\u00e3o de direitos dos trabalhadores e em unanimidade incentivavam a resist\u00eancia t\u00edpica do guerreiro povo brasileiro, e faziam o chamamento para greve geral.\u00a0 Os trabalhadores que ouviam atentos, nesse momento aplaudiam e davam gritos de incentivo, in\u00fameras demonstra\u00e7\u00f5es que apoiavam em consenso a greve geral nacional marcada para o dia 14 de junho.<\/p>\n<p>\u201c Fazemos o primeiro de maio n\u00e3o s\u00f3 para ouvir m\u00fasica e dan\u00e7ar,\u00a0 mas para denunciar o desmonte do pa\u00eds, a destrui\u00e7\u00e3o dos programas e projetos sociais, o fim do ensino p\u00fablico, \u00e9 por isso que dizemos n\u00e3o a reforma da previd\u00eancia, a economia que querem fazer de um trilh\u00e3o \u00e9 em cima dos 85 % dos\u00a0 mais pobres da popula\u00e7\u00e3o. A pol\u00edtica de sucatear o ensino p\u00fablico no pa\u00eds dialoga com o desemprego, pois o governo atual \u00e9 voltado para os ricos e para eles, pobres e desempregados n\u00e3o podem estudar porque n\u00e3o tem empregos. Ent\u00e3o, realizamos esse primeiro de maio para toda sociedade e na unidade, aprovar a data da greve geral no dia 14 de junho\u201d, afirma Cedro Silva, Presidente da CUT Bahia.<\/p>\n<p>O secret\u00e1rio geral da CUT Bahia, Leonicio Maciel tamb\u00e9m afirma que agora \u00e9 greve geral. \u201cEsse \u00e9 um ato de grande import\u00e2ncia para classe oper\u00e1ria pois n\u00e3o estamos comemorando o dia do trabalhador, estamos lutando para uma previd\u00eancia social digna para ao trabalhador do Brasil. N\u00e3o vamos aceitar o que Bolsonaro est\u00e1 tentando fazer, acabar com os direitos da classe trabalhadora e com as entidades sindicais. As entidades sindicais s\u00e3o fortes e v\u00e3o reagir em todo o Brasil, rumo a greve geral em todo o Brasil\u201d, destaca.<\/p>\n<p>O Dia do Trabalhador na Bahia demonstrou que mesmo com n\u00edveis alarmantes de desempregados no pa\u00eds, que alcan\u00e7a 13,4 milh\u00f5es de pessoas desempregadas, n\u00e3o amedronta o povo, que quer reagir, unir for\u00e7as nas ruas para lutar contra essa triste realidade e a retirada de direitos.<\/p>\n<p>Ao som das bandas Tambores de B\u00fazios, Catadinho do Samba, Pisa Macio e Filomena Bagaceira, o povo levantavam faixas com os dizeres &#8220;Lula Livre&#8221;, \u201cquero me aposentar\u201d e sempre em apoio \u00e0 greve geral.<\/p>\n<p>Para o diretor da CUT Bahia e do Sindicato dos Rodovi\u00e1rios Ubirajara Sales o dia \u00e9 mais de luta. \u201cHoje o trabalhador n\u00e3o tem muito o que comemorar com esse governo que est\u00e1 a\u00ed querendo tirar um direito b\u00e1sico dos trabalhadores que \u00e9 de se aposentar, \u00e9 um dia de todos os trabalhadores e trabalhadoras se unirem dizendo n\u00e3o a esse governo e sim a nossa aposentadoria\u201d, incentiva o dirigente CUTista.<\/p>\n<p>J\u00e1 vice-presidente do Sincotelba e dirigente da CUT Bahia, Shirlene Souza lembra da venda das estatais que est\u00e3o em curso.\u00a0 \u201c A privatiza\u00e7\u00e3o dos correios j\u00e1 demonstra que esse governo n\u00e3o se importa com o emprego dos trabalhadores e a proposta da reforma da Previd\u00eancia \u00e9 mais uma confirma\u00e7\u00e3o que ele s\u00f3 quer retirar os direitos dos pobres para beneficiar os mais ricos, s\u00f3 nos resta a greve geral para barrar esses abusos\u201d, destaca.<\/p>\n<p>Um dos principais alvos dos protestos e manifesta\u00e7\u00f5es foram os ataques a educa\u00e7\u00e3o p\u00fablica e seu desmonte, dirigentes da APUB alertaram para mais esse retrocesso e neste momento reafirmando o Dia Nacional de Luta no dia 15 de maio, quando ter\u00e1 in\u00edcio o dia nacional de mobiliza\u00e7\u00e3o dos profissionais em educa\u00e7\u00e3o.<\/p>\n<p>O Ato em Salvador,\u00a0 contou com a\u00a0 participa\u00e7\u00e3o de pol\u00edticos de partidos de esquerda como o senador Jacques Vagner ( PT), o vice \u2013 presidente\u00a0 do PT, Martiniano Costa, Deputada Federal Alice\u00a0 Portugal (PT), a deputada estadual Olivia Santana ( PC do B), deputada federal L\u00eddice da Mata ( PSB), deputado federal Nelson Pelegrino ( PT), deputada estadual Maria Del Carmen (PT), deputado estadual Osni Cardoso (PT), entre outros.<\/p>\n<p>As cidades do interior tamb\u00e9m demonstraram a grade capacidade de mobiliza\u00e7\u00e3o com atos em Feira de Santana Pra\u00e7a Jos\u00e9 Falc\u00e3o, na Cidade Nova, Cama\u00e7ari, Santo Ant\u00f4nio de Jesus.<\/p>\n<p>Em Salvador, o s\u00e1bio comerciante Edmundo Santos,\u00a0 59\u00a0 anos que h\u00e1 30 anos vende caldo de cana na Barra, olhava atento toda a movimenta\u00e7\u00e3o do ato do dia do trabalhador e afirmou: \u201c o povo precisa acordar, estou nessa idade e nem sei se agora vou\u00a0 me aposentar, diminuiu minhas vendas e o prefeito ainda\u00a0 quer me tirar aqui da Barra que \u00e9 bairro de rico, e eu vou viver de que? Com Lula n\u00e3o era assim, eu vivia melhor, com mais dinheiro no bolso para meu sustento, era mais tranquilo. Tomara que Lula seja solto e volte logo, para os trabalhadores terem uma vida melhor\u201d, reflete.<\/p>\n<p>Agora \u00e9 luta, vamos todos construir a Greve Geral que come\u00e7a com a solidariedade das classes com todo apoio a greve dos professores no dia 15 de maio.<\/p>\n<p>N\u00e3o a reforma da previd\u00eancia e Lula Livre<\/p>\n<p><a class=\"dd-lightbox\" href=\"https:\/\/admin.cut.org.br\/system\/uploads\/ck\/bahia\/58961791_2608081295887342_8582855304780185600_n.jpg\" target=\"_blank\" rel=\"noopener noreferrer\"><img loading=\"lazy\" decoding=\"async\" src=\"https:\/\/ba.cut.org.br\/images\/cache\/systemuploadsckbahia58961791-260808-656x492xfit-1f6f3.jpg\" alt=\"\" width=\"656\" height=\"492\" \/><\/a><\/p>\n<p><a class=\"dd-lightbox\" href=\"https:\/\/admin.cut.org.br\/system\/uploads\/ck\/bahia\/salvador.jpg\" target=\"_blank\" rel=\"noopener noreferrer\"><img loading=\"lazy\" decoding=\"async\" src=\"https:\/\/ba.cut.org.br\/images\/cache\/systemuploadsckbahiasalvadorjpg-656x369xfit-92e99.jpg\" alt=\"\" width=\"656\" height=\"369\" \/><\/a><\/p>\n<\/div>\n<p>&nbsp;<\/p>\n<p>Fonte: CUT Bahia<\/p>\n","protected":false},"excerpt":{"rendered":"Na capital e no interior o 1\u00ba de maio Unificado da Classe Trabalhadora reuniu dirigentes e militantes CUTistas, das demais centrais, de partidos de esquerda e representantes de movimentos sociais que em suas falas denunciavam a viola\u00e7\u00e3o de direitos dos trabalhadores e em unanimidade incentivavam a resist\u00eancia t\u00edpica do guerreiro povo brasileiro, e faziam o&#8230; <a class=\"view-article\" href=\"http:\/\/www.sindipetroba.org.br\/2019\/dia-do-trabalhador-na-bahia\/\">Ver artigo<\/a>","protected":false},"author":1,"featured_media":1119,"comment_status":"closed","ping_status":"open","sticky":false,"template":"","format":"standard","meta":{"_et_pb_use_builder":"","_et_pb_old_content":"","_et_gb_content_width":"","footnotes":""},"categories":[1],"tags":[38,54,30],"class_list":["post-1115","post","type-post","status-publish","format-standard","has-post-thumbnail","hentry","category-noticia","tag-cut-bahia","tag-dia-do-trabalhador","tag-sindipetro-bahia"],"yoast_head":"<!-- This site is optimized with the Yoast SEO plugin v27.3 - https:\/\/yoast.com\/product\/yoast-seo-wordpress\/ -->\n<title>Dia do trabalhador na Bahia - Sindipetro BA<\/title>\n<meta name=\"robots\" content=\"index, follow, max-snippet:-1, max-image-preview:large, max-video-preview:-1\" \/>\n<link rel=\"canonical\" href=\"http:\/\/www.sindipetroba.org.br\/2019\/dia-do-trabalhador-na-bahia\/\" \/>\n<meta property=\"og:locale\" content=\"pt_BR\" \/>\n<meta property=\"og:type\" content=\"article\" \/>\n<meta property=\"og:title\" content=\"Dia do trabalhador na Bahia - Sindipetro BA\" \/>\n<meta property=\"og:description\" content=\"Na capital e no interior o 1\u00ba de maio Unificado da Classe Trabalhadora reuniu dirigentes e militantes CUTistas, das demais centrais, de partidos de esquerda e representantes de movimentos sociais que em suas falas denunciavam a viola\u00e7\u00e3o de direitos dos trabalhadores e em unanimidade incentivavam a resist\u00eancia t\u00edpica do guerreiro povo brasileiro, e faziam o... Ver artigo\" \/>\n<meta property=\"og:url\" content=\"http:\/\/www.sindipetroba.org.br\/2019\/dia-do-trabalhador-na-bahia\/\" \/>\n<meta property=\"og:site_name\" content=\"Sindipetro BA\" \/>\n<meta property=\"article:publisher\" content=\"https:\/\/www.facebook.com\/sindipetroBa\/\" \/>\n<meta property=\"article:published_time\" content=\"2019-05-02T18:18:17+00:00\" \/>\n<meta property=\"og:image\" content=\"http:\/\/www.sindipetroba.org.br\/2019\/wp-content\/uploads\/2019\/05\/systemuploadsnews3baf51739ffe2118ca2-700x460xfit-b54a8.jpg\" \/>\n\t<meta property=\"og:image:width\" content=\"700\" \/>\n\t<meta property=\"og:image:height\" content=\"460\" \/>\n\t<meta property=\"og:image:type\" content=\"image\/jpeg\" \/>\n<meta name=\"author\" content=\"admsp\" \/>\n<meta name=\"twitter:card\" content=\"summary_large_image\" \/>\n<meta name=\"twitter:creator\" content=\"@SindipetroBahia\" \/>\n<meta name=\"twitter:site\" content=\"@SindipetroBahia\" \/>\n<meta name=\"twitter:label1\" content=\"Escrito por\" \/>\n\t<meta name=\"twitter:data1\" content=\"admsp\" \/>\n\t<meta name=\"twitter:label2\" content=\"Est. tempo de leitura\" \/>\n\t<meta name=\"twitter:data2\" content=\"4 minutos\" \/>\n<script type=\"application\/ld+json\" class=\"yoast-schema-graph\">{\"@context\":\"https:\\\/\\\/schema.org\",\"@graph\":[{\"@type\":\"Article\",\"@id\":\"http:\\\/\\\/www.sindipetroba.org.br\\\/2019\\\/dia-do-trabalhador-na-bahia\\\/#article\",\"isPartOf\":{\"@id\":\"http:\\\/\\\/www.sindipetroba.org.br\\\/2019\\\/dia-do-trabalhador-na-bahia\\\/\"},\"author\":{\"name\":\"admsp\",\"@id\":\"http:\\\/\\\/www.sindipetroba.org.br\\\/2019\\\/#\\\/schema\\\/person\\\/e61228ef9f981537d4c4eb80f6ea7713\"},\"headline\":\"Dia do trabalhador na Bahia\",\"datePublished\":\"2019-05-02T18:18:17+00:00\",\"mainEntityOfPage\":{\"@id\":\"http:\\\/\\\/www.sindipetroba.org.br\\\/2019\\\/dia-do-trabalhador-na-bahia\\\/\"},\"wordCount\":863,\"publisher\":{\"@id\":\"http:\\\/\\\/www.sindipetroba.org.br\\\/2019\\\/#organization\"},\"image\":{\"@id\":\"http:\\\/\\\/www.sindipetroba.org.br\\\/2019\\\/dia-do-trabalhador-na-bahia\\\/#primaryimage\"},\"thumbnailUrl\":\"http:\\\/\\\/www.sindipetroba.org.br\\\/2019\\\/wp-content\\\/uploads\\\/2019\\\/05\\\/systemuploadsnews3baf51739ffe2118ca2-700x460xfit-b54a8.jpg\",\"keywords\":[\"cut bahia\",\"Dia do Trabalhador\",\"sindipetro bahia\"],\"articleSection\":[\"Not\u00edcia\"],\"inLanguage\":\"pt-BR\"},{\"@type\":\"WebPage\",\"@id\":\"http:\\\/\\\/www.sindipetroba.org.br\\\/2019\\\/dia-do-trabalhador-na-bahia\\\/\",\"url\":\"http:\\\/\\\/www.sindipetroba.org.br\\\/2019\\\/dia-do-trabalhador-na-bahia\\\/\",\"name\":\"Dia do trabalhador na Bahia - Sindipetro BA\",\"isPartOf\":{\"@id\":\"http:\\\/\\\/www.sindipetroba.org.br\\\/2019\\\/#website\"},\"primaryImageOfPage\":{\"@id\":\"http:\\\/\\\/www.sindipetroba.org.br\\\/2019\\\/dia-do-trabalhador-na-bahia\\\/#primaryimage\"},\"image\":{\"@id\":\"http:\\\/\\\/www.sindipetroba.org.br\\\/2019\\\/dia-do-trabalhador-na-bahia\\\/#primaryimage\"},\"thumbnailUrl\":\"http:\\\/\\\/www.sindipetroba.org.br\\\/2019\\\/wp-content\\\/uploads\\\/2019\\\/05\\\/systemuploadsnews3baf51739ffe2118ca2-700x460xfit-b54a8.jpg\",\"datePublished\":\"2019-05-02T18:18:17+00:00\",\"breadcrumb\":{\"@id\":\"http:\\\/\\\/www.sindipetroba.org.br\\\/2019\\\/dia-do-trabalhador-na-bahia\\\/#breadcrumb\"},\"inLanguage\":\"pt-BR\",\"potentialAction\":[{\"@type\":\"ReadAction\",\"target\":[\"http:\\\/\\\/www.sindipetroba.org.br\\\/2019\\\/dia-do-trabalhador-na-bahia\\\/\"]}]},{\"@type\":\"ImageObject\",\"inLanguage\":\"pt-BR\",\"@id\":\"http:\\\/\\\/www.sindipetroba.org.br\\\/2019\\\/dia-do-trabalhador-na-bahia\\\/#primaryimage\",\"url\":\"http:\\\/\\\/www.sindipetroba.org.br\\\/2019\\\/wp-content\\\/uploads\\\/2019\\\/05\\\/systemuploadsnews3baf51739ffe2118ca2-700x460xfit-b54a8.jpg\",\"contentUrl\":\"http:\\\/\\\/www.sindipetroba.org.br\\\/2019\\\/wp-content\\\/uploads\\\/2019\\\/05\\\/systemuploadsnews3baf51739ffe2118ca2-700x460xfit-b54a8.jpg\",\"width\":700,\"height\":460},{\"@type\":\"BreadcrumbList\",\"@id\":\"http:\\\/\\\/www.sindipetroba.org.br\\\/2019\\\/dia-do-trabalhador-na-bahia\\\/#breadcrumb\",\"itemListElement\":[{\"@type\":\"ListItem\",\"position\":1,\"name\":\"In\u00edcio\",\"item\":\"http:\\\/\\\/www.sindipetroba.org.br\\\/2019\\\/\"},{\"@type\":\"ListItem\",\"position\":2,\"name\":\"Dia do trabalhador na Bahia\"}]},{\"@type\":\"WebSite\",\"@id\":\"http:\\\/\\\/www.sindipetroba.org.br\\\/2019\\\/#website\",\"url\":\"http:\\\/\\\/www.sindipetroba.org.br\\\/2019\\\/\",\"name\":\"Sindipetro BA\",\"description\":\"Sindicato dos Petroleiros e Petroleiras do Estado da Bahia\",\"publisher\":{\"@id\":\"http:\\\/\\\/www.sindipetroba.org.br\\\/2019\\\/#organization\"},\"potentialAction\":[{\"@type\":\"SearchAction\",\"target\":{\"@type\":\"EntryPoint\",\"urlTemplate\":\"http:\\\/\\\/www.sindipetroba.org.br\\\/2019\\\/?s={search_term_string}\"},\"query-input\":{\"@type\":\"PropertyValueSpecification\",\"valueRequired\":true,\"valueName\":\"search_term_string\"}}],\"inLanguage\":\"pt-BR\"},{\"@type\":\"Organization\",\"@id\":\"http:\\\/\\\/www.sindipetroba.org.br\\\/2019\\\/#organization\",\"name\":\"Sindipetro BA\",\"url\":\"http:\\\/\\\/www.sindipetroba.org.br\\\/2019\\\/\",\"logo\":{\"@type\":\"ImageObject\",\"inLanguage\":\"pt-BR\",\"@id\":\"http:\\\/\\\/www.sindipetroba.org.br\\\/2019\\\/#\\\/schema\\\/logo\\\/image\\\/\",\"url\":\"http:\\\/\\\/www.sindipetroba.org.br\\\/2019\\\/wp-content\\\/uploads\\\/2019\\\/01\\\/sindipetro-marca-cor.png\",\"contentUrl\":\"http:\\\/\\\/www.sindipetroba.org.br\\\/2019\\\/wp-content\\\/uploads\\\/2019\\\/01\\\/sindipetro-marca-cor.png\",\"width\":350,\"height\":126,\"caption\":\"Sindipetro BA\"},\"image\":{\"@id\":\"http:\\\/\\\/www.sindipetroba.org.br\\\/2019\\\/#\\\/schema\\\/logo\\\/image\\\/\"},\"sameAs\":[\"https:\\\/\\\/www.facebook.com\\\/sindipetroBa\\\/\",\"https:\\\/\\\/x.com\\\/SindipetroBahia\",\"https:\\\/\\\/www.instagram.com\\\/sindipetroba\\\/\",\"https:\\\/\\\/www.youtube.com\\\/c\\\/SindipetroBahiaOficial\"]},{\"@type\":\"Person\",\"@id\":\"http:\\\/\\\/www.sindipetroba.org.br\\\/2019\\\/#\\\/schema\\\/person\\\/e61228ef9f981537d4c4eb80f6ea7713\",\"name\":\"admsp\",\"image\":{\"@type\":\"ImageObject\",\"inLanguage\":\"pt-BR\",\"@id\":\"https:\\\/\\\/secure.gravatar.com\\\/avatar\\\/50f06e2b746fe9248099d2c61c12342ab36327e9d413e3171dd7033b84800d96?s=96&d=mm&r=g\",\"url\":\"https:\\\/\\\/secure.gravatar.com\\\/avatar\\\/50f06e2b746fe9248099d2c61c12342ab36327e9d413e3171dd7033b84800d96?s=96&d=mm&r=g\",\"contentUrl\":\"https:\\\/\\\/secure.gravatar.com\\\/avatar\\\/50f06e2b746fe9248099d2c61c12342ab36327e9d413e3171dd7033b84800d96?s=96&d=mm&r=g\",\"caption\":\"admsp\"}}]}<\/script>\n<!-- \/ Yoast SEO plugin. -->","yoast_head_json":{"title":"Dia do trabalhador na Bahia - Sindipetro BA","robots":{"index":"index","follow":"follow","max-snippet":"max-snippet:-1","max-image-preview":"max-image-preview:large","max-video-preview":"max-video-preview:-1"},"canonical":"http:\/\/www.sindipetroba.org.br\/2019\/dia-do-trabalhador-na-bahia\/","og_locale":"pt_BR","og_type":"article","og_title":"Dia do trabalhador na Bahia - Sindipetro BA","og_description":"Na capital e no interior o 1\u00ba de maio Unificado da Classe Trabalhadora reuniu dirigentes e militantes CUTistas, das demais centrais, de partidos de esquerda e representantes de movimentos sociais que em suas falas denunciavam a viola\u00e7\u00e3o de direitos dos trabalhadores e em unanimidade incentivavam a resist\u00eancia t\u00edpica do guerreiro povo brasileiro, e faziam o... Ver artigo","og_url":"http:\/\/www.sindipetroba.org.br\/2019\/dia-do-trabalhador-na-bahia\/","og_site_name":"Sindipetro BA","article_publisher":"https:\/\/www.facebook.com\/sindipetroBa\/","article_published_time":"2019-05-02T18:18:17+00:00","og_image":[{"width":700,"height":460,"url":"http:\/\/www.sindipetroba.org.br\/2019\/wp-content\/uploads\/2019\/05\/systemuploadsnews3baf51739ffe2118ca2-700x460xfit-b54a8.jpg","type":"image\/jpeg"}],"author":"admsp","twitter_card":"summary_large_image","twitter_creator":"@SindipetroBahia","twitter_site":"@SindipetroBahia","twitter_misc":{"Escrito por":"admsp","Est. tempo de leitura":"4 minutos"},"schema":{"@context":"https:\/\/schema.org","@graph":[{"@type":"Article","@id":"http:\/\/www.sindipetroba.org.br\/2019\/dia-do-trabalhador-na-bahia\/#article","isPartOf":{"@id":"http:\/\/www.sindipetroba.org.br\/2019\/dia-do-trabalhador-na-bahia\/"},"author":{"name":"admsp","@id":"http:\/\/www.sindipetroba.org.br\/2019\/#\/schema\/person\/e61228ef9f981537d4c4eb80f6ea7713"},"headline":"Dia do trabalhador na Bahia","datePublished":"2019-05-02T18:18:17+00:00","mainEntityOfPage":{"@id":"http:\/\/www.sindipetroba.org.br\/2019\/dia-do-trabalhador-na-bahia\/"},"wordCount":863,"publisher":{"@id":"http:\/\/www.sindipetroba.org.br\/2019\/#organization"},"image":{"@id":"http:\/\/www.sindipetroba.org.br\/2019\/dia-do-trabalhador-na-bahia\/#primaryimage"},"thumbnailUrl":"http:\/\/www.sindipetroba.org.br\/2019\/wp-content\/uploads\/2019\/05\/systemuploadsnews3baf51739ffe2118ca2-700x460xfit-b54a8.jpg","keywords":["cut bahia","Dia do Trabalhador","sindipetro bahia"],"articleSection":["Not\u00edcia"],"inLanguage":"pt-BR"},{"@type":"WebPage","@id":"http:\/\/www.sindipetroba.org.br\/2019\/dia-do-trabalhador-na-bahia\/","url":"http:\/\/www.sindipetroba.org.br\/2019\/dia-do-trabalhador-na-bahia\/","name":"Dia do trabalhador na Bahia - Sindipetro BA","isPartOf":{"@id":"http:\/\/www.sindipetroba.org.br\/2019\/#website"},"primaryImageOfPage":{"@id":"http:\/\/www.sindipetroba.org.br\/2019\/dia-do-trabalhador-na-bahia\/#primaryimage"},"image":{"@id":"http:\/\/www.sindipetroba.org.br\/2019\/dia-do-trabalhador-na-bahia\/#primaryimage"},"thumbnailUrl":"http:\/\/www.sindipetroba.org.br\/2019\/wp-content\/uploads\/2019\/05\/systemuploadsnews3baf51739ffe2118ca2-700x460xfit-b54a8.jpg","datePublished":"2019-05-02T18:18:17+00:00","breadcrumb":{"@id":"http:\/\/www.sindipetroba.org.br\/2019\/dia-do-trabalhador-na-bahia\/#breadcrumb"},"inLanguage":"pt-BR","potentialAction":[{"@type":"ReadAction","target":["http:\/\/www.sindipetroba.org.br\/2019\/dia-do-trabalhador-na-bahia\/"]}]},{"@type":"ImageObject","inLanguage":"pt-BR","@id":"http:\/\/www.sindipetroba.org.br\/2019\/dia-do-trabalhador-na-bahia\/#primaryimage","url":"http:\/\/www.sindipetroba.org.br\/2019\/wp-content\/uploads\/2019\/05\/systemuploadsnews3baf51739ffe2118ca2-700x460xfit-b54a8.jpg","contentUrl":"http:\/\/www.sindipetroba.org.br\/2019\/wp-content\/uploads\/2019\/05\/systemuploadsnews3baf51739ffe2118ca2-700x460xfit-b54a8.jpg","width":700,"height":460},{"@type":"BreadcrumbList","@id":"http:\/\/www.sindipetroba.org.br\/2019\/dia-do-trabalhador-na-bahia\/#breadcrumb","itemListElement":[{"@type":"ListItem","position":1,"name":"In\u00edcio","item":"http:\/\/www.sindipetroba.org.br\/2019\/"},{"@type":"ListItem","position":2,"name":"Dia do trabalhador na Bahia"}]},{"@type":"WebSite","@id":"http:\/\/www.sindipetroba.org.br\/2019\/#website","url":"http:\/\/www.sindipetroba.org.br\/2019\/","name":"Sindipetro BA","description":"Sindicato dos Petroleiros e Petroleiras do Estado da Bahia","publisher":{"@id":"http:\/\/www.sindipetroba.org.br\/2019\/#organization"},"potentialAction":[{"@type":"SearchAction","target":{"@type":"EntryPoint","urlTemplate":"http:\/\/www.sindipetroba.org.br\/2019\/?s={search_term_string}"},"query-input":{"@type":"PropertyValueSpecification","valueRequired":true,"valueName":"search_term_string"}}],"inLanguage":"pt-BR"},{"@type":"Organization","@id":"http:\/\/www.sindipetroba.org.br\/2019\/#organization","name":"Sindipetro BA","url":"http:\/\/www.sindipetroba.org.br\/2019\/","logo":{"@type":"ImageObject","inLanguage":"pt-BR","@id":"http:\/\/www.sindipetroba.org.br\/2019\/#\/schema\/logo\/image\/","url":"http:\/\/www.sindipetroba.org.br\/2019\/wp-content\/uploads\/2019\/01\/sindipetro-marca-cor.png","contentUrl":"http:\/\/www.sindipetroba.org.br\/2019\/wp-content\/uploads\/2019\/01\/sindipetro-marca-cor.png","width":350,"height":126,"caption":"Sindipetro BA"},"image":{"@id":"http:\/\/www.sindipetroba.org.br\/2019\/#\/schema\/logo\/image\/"},"sameAs":["https:\/\/www.facebook.com\/sindipetroBa\/","https:\/\/x.com\/SindipetroBahia","https:\/\/www.instagram.com\/sindipetroba\/","https:\/\/www.youtube.com\/c\/SindipetroBahiaOficial"]},{"@type":"Person","@id":"http:\/\/www.sindipetroba.org.br\/2019\/#\/schema\/person\/e61228ef9f981537d4c4eb80f6ea7713","name":"admsp","image":{"@type":"ImageObject","inLanguage":"pt-BR","@id":"https:\/\/secure.gravatar.com\/avatar\/50f06e2b746fe9248099d2c61c12342ab36327e9d413e3171dd7033b84800d96?s=96&d=mm&r=g","url":"https:\/\/secure.gravatar.com\/avatar\/50f06e2b746fe9248099d2c61c12342ab36327e9d413e3171dd7033b84800d96?s=96&d=mm&r=g","contentUrl":"https:\/\/secure.gravatar.com\/avatar\/50f06e2b746fe9248099d2c61c12342ab36327e9d413e3171dd7033b84800d96?s=96&d=mm&r=g","caption":"admsp"}}]}},"_links":{"self":[{"href":"http:\/\/www.sindipetroba.org.br\/2019\/wp-json\/wp\/v2\/posts\/1115","targetHints":{"allow":["GET"]}}],"collection":[{"href":"http:\/\/www.sindipetroba.org.br\/2019\/wp-json\/wp\/v2\/posts"}],"about":[{"href":"http:\/\/www.sindipetroba.org.br\/2019\/wp-json\/wp\/v2\/types\/post"}],"author":[{"embeddable":true,"href":"http:\/\/www.sindipetroba.org.br\/2019\/wp-json\/wp\/v2\/users\/1"}],"replies":[{"embeddable":true,"href":"http:\/\/www.sindipetroba.org.br\/2019\/wp-json\/wp\/v2\/comments?post=1115"}],"version-history":[{"count":2,"href":"http:\/\/www.sindipetroba.org.br\/2019\/wp-json\/wp\/v2\/posts\/1115\/revisions"}],"predecessor-version":[{"id":1122,"href":"http:\/\/www.sindipetroba.org.br\/2019\/wp-json\/wp\/v2\/posts\/1115\/revisions\/1122"}],"wp:featuredmedia":[{"embeddable":true,"href":"http:\/\/www.sindipetroba.org.br\/2019\/wp-json\/wp\/v2\/media\/1119"}],"wp:attachment":[{"href":"http:\/\/www.sindipetroba.org.br\/2019\/wp-json\/wp\/v2\/media?parent=1115"}],"wp:term":[{"taxonomy":"category","embeddable":true,"href":"http:\/\/www.sindipetroba.org.br\/2019\/wp-json\/wp\/v2\/categories?post=1115"},{"taxonomy":"post_tag","embeddable":true,"href":"http:\/\/www.sindipetroba.org.br\/2019\/wp-json\/wp\/v2\/tags?post=1115"}],"curies":[{"name":"wp","href":"https:\/\/api.w.org\/{rel}","templated":true}]}}