{"id":11359,"date":"2021-02-10T13:45:17","date_gmt":"2021-02-10T16:45:17","guid":{"rendered":"http:\/\/www.sindipetroba.org.br\/2019\/?p=11359"},"modified":"2021-02-10T15:48:50","modified_gmt":"2021-02-10T18:48:50","slug":"vai-ter-luta-afirmam-petroleiros-em-protesto-contra-a-venda-da-rlam-na-bahia","status":"publish","type":"post","link":"http:\/\/www.sindipetroba.org.br\/2019\/vai-ter-luta-afirmam-petroleiros-em-protesto-contra-a-venda-da-rlam-na-bahia\/","title":{"rendered":"\u201cVai ter luta\u201d, afirmam petroleiros em protesto contra a venda da Rlam, na Bahia"},"content":{"rendered":"<p>O Trevo da Resist\u00eancia, via de acesso \u00e0 Refinaria Landulpho Alves (Rlam), no munic\u00edpio de S\u00e3o Francisco do Conde, na Bahia &#8211; palco de grandes manifesta\u00e7\u00f5es da categoria petroleira -, foi tomado por milhares de trabalhadores na manh\u00e3 dessa quarta (10).<\/p>\n<p>Em protesto \u00e0 venda da Rlam, anunciada pela dire\u00e7\u00e3o da Petrobr\u00e1s, petroleiros do turno, do administrativo e tamb\u00e9m trabalhadores terceirizados cruzaram os bra\u00e7os, atrasando em quatro horas a entrada no expediente.<\/p>\n<p>&nbsp;<\/p>\n<p>&nbsp;<\/p>\n<div id=\"attachment_11363\" style=\"width: 759px\" class=\"wp-caption aligncenter\"><img loading=\"lazy\" decoding=\"async\" aria-describedby=\"caption-attachment-11363\" class=\"wp-image-11363 \" src=\"http:\/\/www.sindipetroba.org.br\/2019\/wp-content\/uploads\/2021\/02\/WhatsApp-Image-2021-02-10-at-10.35.10.jpeg\" alt=\"\" width=\"749\" height=\"499\" srcset=\"http:\/\/www.sindipetroba.org.br\/2019\/wp-content\/uploads\/2021\/02\/WhatsApp-Image-2021-02-10-at-10.35.10.jpeg 1280w, http:\/\/www.sindipetroba.org.br\/2019\/wp-content\/uploads\/2021\/02\/WhatsApp-Image-2021-02-10-at-10.35.10-250x167.jpeg 250w, http:\/\/www.sindipetroba.org.br\/2019\/wp-content\/uploads\/2021\/02\/WhatsApp-Image-2021-02-10-at-10.35.10-700x466.jpeg 700w, http:\/\/www.sindipetroba.org.br\/2019\/wp-content\/uploads\/2021\/02\/WhatsApp-Image-2021-02-10-at-10.35.10-768x512.jpeg 768w, http:\/\/www.sindipetroba.org.br\/2019\/wp-content\/uploads\/2021\/02\/WhatsApp-Image-2021-02-10-at-10.35.10-120x80.jpeg 120w, http:\/\/www.sindipetroba.org.br\/2019\/wp-content\/uploads\/2021\/02\/WhatsApp-Image-2021-02-10-at-10.35.10-1080x720.jpeg 1080w\" sizes=\"(max-width: 749px) 100vw, 749px\" \/><p id=\"caption-attachment-11363\" class=\"wp-caption-text\">Coordenador do Sindipetro Bahia, Jairo Batista, em entrevista para Rede Globo (TV Bahia), durante a manifesta\u00e7\u00e3o.\u00a0 \u00a0 \u00a0 \u00a0 \u00a0 \u00a0 \u00a0 \u00a0 \u00a0 \u00a0 \u00a0 \u00a0 \u00a0 \u00a0 \u00a0 \u00a0 \u00a0 \u00a0 \u00a0 \u00a0 \u00a0 \u00a0 \u00a0 \u00a0 \u00a0 \u00a0 \u00a0 \u00a0 \u00a0 \u00a0 \u00a0 \u00a0 \u00a0 \u00a0 \u00a0 <em>\u00a0 \u00a0Foto: Pedro Henrique Caldas<\/em><\/p><\/div>\n<p>\u201cA manifesta\u00e7\u00e3o, organizada pelo Sindipetro Bahia, foi uma pr\u00e9via do que podemos esperar para a greve, j\u00e1 aprovada, e que deve come\u00e7ar a qualquer momento. Tivemos uma grande participa\u00e7\u00e3o da categoria \u2013 cerca de1500 pessoas &#8211; e isso foi muito importante, pois mostra a disposi\u00e7\u00e3o para a luta e a unidade dos petroleiros\u201d, afirmou o coordenador do Sindipetro, Jairo Batista.<\/p>\n<p>&nbsp;<\/p>\n<div id=\"attachment_11364\" style=\"width: 760px\" class=\"wp-caption aligncenter\"><img loading=\"lazy\" decoding=\"async\" aria-describedby=\"caption-attachment-11364\" class=\"wp-image-11364\" src=\"http:\/\/www.sindipetroba.org.br\/2019\/wp-content\/uploads\/2021\/02\/WhatsApp-Image-2021-02-10-at-06.58.55.jpeg\" alt=\"\" width=\"750\" height=\"500\" srcset=\"http:\/\/www.sindipetroba.org.br\/2019\/wp-content\/uploads\/2021\/02\/WhatsApp-Image-2021-02-10-at-06.58.55.jpeg 1280w, http:\/\/www.sindipetroba.org.br\/2019\/wp-content\/uploads\/2021\/02\/WhatsApp-Image-2021-02-10-at-06.58.55-250x167.jpeg 250w, http:\/\/www.sindipetroba.org.br\/2019\/wp-content\/uploads\/2021\/02\/WhatsApp-Image-2021-02-10-at-06.58.55-700x466.jpeg 700w, http:\/\/www.sindipetroba.org.br\/2019\/wp-content\/uploads\/2021\/02\/WhatsApp-Image-2021-02-10-at-06.58.55-768x512.jpeg 768w, http:\/\/www.sindipetroba.org.br\/2019\/wp-content\/uploads\/2021\/02\/WhatsApp-Image-2021-02-10-at-06.58.55-120x80.jpeg 120w, http:\/\/www.sindipetroba.org.br\/2019\/wp-content\/uploads\/2021\/02\/WhatsApp-Image-2021-02-10-at-06.58.55-1080x720.jpeg 1080w\" sizes=\"(max-width: 750px) 100vw, 750px\" \/><p id=\"caption-attachment-11364\" class=\"wp-caption-text\">Registro da faixa com frase \u201cN\u00e3o estamos a venda\u201d em protesto contra a privatiza\u00e7\u00e3o da Petrobr\u00e1s.\u00a0 \u00a0 \u00a0 \u00a0 \u00a0 \u00a0 \u00a0 \u00a0 \u00a0 \u00a0 \u00a0 \u00a0 \u00a0 \u00a0 \u00a0 \u00a0 \u00a0 \u00a0 \u00a0 \u00a0 \u00a0 \u00a0 \u00a0 \u00a0 \u00a0 \u00a0 \u00a0 \u00a0 \u00a0 \u00a0 \u00a0 \u00a0 \u00a0 \u00a0 \u00a0 \u00a0 \u00a0 \u00a0 \u00a0 \u00a0 \u00a0 \u00a0 \u00a0 \u00a0 \u00a0 \u00a0 <em>\u00a0 \u00a0Foto: Pedro Henrique Caldas<\/em><\/p><\/div>\n<p>&nbsp;<\/p>\n<p>&nbsp;<\/p>\n<p>&nbsp;<\/p>\n<div id=\"attachment_11365\" style=\"width: 760px\" class=\"wp-caption aligncenter\"><img loading=\"lazy\" decoding=\"async\" aria-describedby=\"caption-attachment-11365\" class=\"wp-image-11365\" src=\"http:\/\/www.sindipetroba.org.br\/2019\/wp-content\/uploads\/2021\/02\/WhatsApp-Image-2021-02-10-at-10.38.05.jpeg\" alt=\"\" width=\"750\" height=\"500\" srcset=\"http:\/\/www.sindipetroba.org.br\/2019\/wp-content\/uploads\/2021\/02\/WhatsApp-Image-2021-02-10-at-10.38.05.jpeg 1280w, http:\/\/www.sindipetroba.org.br\/2019\/wp-content\/uploads\/2021\/02\/WhatsApp-Image-2021-02-10-at-10.38.05-250x167.jpeg 250w, http:\/\/www.sindipetroba.org.br\/2019\/wp-content\/uploads\/2021\/02\/WhatsApp-Image-2021-02-10-at-10.38.05-700x466.jpeg 700w, http:\/\/www.sindipetroba.org.br\/2019\/wp-content\/uploads\/2021\/02\/WhatsApp-Image-2021-02-10-at-10.38.05-768x512.jpeg 768w, http:\/\/www.sindipetroba.org.br\/2019\/wp-content\/uploads\/2021\/02\/WhatsApp-Image-2021-02-10-at-10.38.05-120x80.jpeg 120w, http:\/\/www.sindipetroba.org.br\/2019\/wp-content\/uploads\/2021\/02\/WhatsApp-Image-2021-02-10-at-10.38.05-1080x720.jpeg 1080w\" sizes=\"(max-width: 750px) 100vw, 750px\" \/><p id=\"caption-attachment-11365\" class=\"wp-caption-text\">Na imagem, Celi Taffarel(UFBA), em fala sobre como a Universidade Federal da Bahia pode e deve ajudar na luta\u00a0 \u00a0 \u00a0 \u00a0 \u00a0 \u00a0 \u00a0 \u00a0 \u00a0 \u00a0 \u00a0 \u00a0 \u00a0 \u00a0 \u00a0 \u00a0 \u00a0 \u00a0 \u00a0 \u00a0 \u00a0 \u00a0 \u00a0 \u00a0contra as perdas de direitos sofridas diante do governo atual.\u00a0 \u00a0 \u00a0 \u00a0 \u00a0 \u00a0 \u00a0 \u00a0 \u00a0 \u00a0 \u00a0 \u00a0 \u00a0 \u00a0 \u00a0 \u00a0 \u00a0 \u00a0 \u00a0 \u00a0 \u00a0 \u00a0 \u00a0 \u00a0 \u00a0 \u00a0 \u00a0 \u00a0 \u00a0 \u00a0 \u00a0 \u00a0 \u00a0 \u00a0 \u00a0 \u00a0 \u00a0 \u00a0 \u00a0 \u00a0 \u00a0 \u00a0 \u00a0 \u00a0 \u00a0 \u00a0 \u00a0 \u00a0 \u00a0 \u00a0 \u00a0 \u00a0 \u00a0 \u00a0 \u00a0 \u00a0 \u00a0 \u00a0 \u00a0 \u00a0 \u00a0 <em>\u00a0 Foto: Pedro Henrique Caldas<\/em><\/p><\/div>\n<p>Tamb\u00e9m marcaram presen\u00e7a no ato, representantes de diversas entidades sindicais como a APUB, UEB, UNE, CTB, Sitticcan, UJS, MPJ Disparada, UFBA e Unegro. Al\u00e9m do coordenador da FUP, Deyvid Bacelar, do vice-presidente da CUT Bahia, Leonardo Urpia e do metal\u00fargico e diretor da CTB, Aurino Pedreira.<\/p>\n<p>O deputado federal Joseildo Ramos e o deputado estadual Rosemberg Pinto (ambos do PT) declararam total apoio \u00e0 luta dos petroleiros e ressaltaram a import\u00e2ncia da Refinaria Landullpho Alves para a economia da Bahia.<\/p>\n<p>&nbsp;<\/p>\n<div id=\"attachment_11366\" style=\"width: 760px\" class=\"wp-caption aligncenter\"><img loading=\"lazy\" decoding=\"async\" aria-describedby=\"caption-attachment-11366\" class=\"wp-image-11366\" src=\"http:\/\/www.sindipetroba.org.br\/2019\/wp-content\/uploads\/2021\/02\/WhatsApp-Image-2021-02-10-at-10.35.12.jpeg\" alt=\"\" width=\"750\" height=\"500\" srcset=\"http:\/\/www.sindipetroba.org.br\/2019\/wp-content\/uploads\/2021\/02\/WhatsApp-Image-2021-02-10-at-10.35.12.jpeg 1280w, http:\/\/www.sindipetroba.org.br\/2019\/wp-content\/uploads\/2021\/02\/WhatsApp-Image-2021-02-10-at-10.35.12-250x167.jpeg 250w, http:\/\/www.sindipetroba.org.br\/2019\/wp-content\/uploads\/2021\/02\/WhatsApp-Image-2021-02-10-at-10.35.12-700x466.jpeg 700w, http:\/\/www.sindipetroba.org.br\/2019\/wp-content\/uploads\/2021\/02\/WhatsApp-Image-2021-02-10-at-10.35.12-768x512.jpeg 768w, http:\/\/www.sindipetroba.org.br\/2019\/wp-content\/uploads\/2021\/02\/WhatsApp-Image-2021-02-10-at-10.35.12-120x80.jpeg 120w, http:\/\/www.sindipetroba.org.br\/2019\/wp-content\/uploads\/2021\/02\/WhatsApp-Image-2021-02-10-at-10.35.12-1080x720.jpeg 1080w\" sizes=\"(max-width: 750px) 100vw, 750px\" \/><p id=\"caption-attachment-11366\" class=\"wp-caption-text\">Diga n\u00e3o \u00e0 privatiza\u00e7\u00e3o!\u00a0 \u00a0 \u00a0 \u00a0 \u00a0 \u00a0 \u00a0 \u00a0 \u00a0 \u00a0 \u00a0 \u00a0 \u00a0 \u00a0 \u00a0 \u00a0 \u00a0 \u00a0 \u00a0 \u00a0 \u00a0 \u00a0 \u00a0 \u00a0 \u00a0 \u00a0 \u00a0 \u00a0 \u00a0 \u00a0 \u00a0 \u00a0 \u00a0 \u00a0 \u00a0 \u00a0 \u00a0 \u00a0 \u00a0 \u00a0 \u00a0 \u00a0 \u00a0 \u00a0 \u00a0 \u00a0 \u00a0 \u00a0 \u00a0 \u00a0 \u00a0 \u00a0 \u00a0 \u00a0 \u00a0 \u00a0 \u00a0 \u00a0 \u00a0 \u00a0 \u00a0 \u00a0 \u00a0 \u00a0 \u00a0 \u00a0 \u00a0 \u00a0 \u00a0 \u00a0 \u00a0 \u00a0 \u00a0 \u00a0 \u00a0 \u00a0<em> \u00a0Foto: Pedro Henrique Caldas<\/em><\/p><\/div>\n<p>Tamb\u00e9m marcaram presen\u00e7a no ato, representantes de diversas entidades sindicais como a APUB, UEB, UNE, CTB, Sitticcan, UJS, MPJ Disparada, UFBA e Unegro. Al\u00e9m do coordenador da FUP, Deyvid Bacelar, do vice-presidente da CUT Bahia, Leonardo Urpia e do metal\u00fargico e diretor da CRB, Aurino Pedreira.<\/p>\n<p>O deputado federal Joseildo Ramos e o deputado estadual Rosemberg Pinto (ambos do PT) declararam total apoio \u00e0 luta dos petroleiros e ressaltaram a import\u00e2ncia da Refinaria Landullpho Alves para a economia da Bahia.<\/p>\n<p>&nbsp;<\/p>\n<div id=\"attachment_11367\" style=\"width: 760px\" class=\"wp-caption aligncenter\"><img loading=\"lazy\" decoding=\"async\" aria-describedby=\"caption-attachment-11367\" class=\"wp-image-11367\" src=\"http:\/\/www.sindipetroba.org.br\/2019\/wp-content\/uploads\/2021\/02\/WhatsApp-Image-2021-02-10-at-08.17.57-1.jpeg\" alt=\"\" width=\"750\" height=\"500\" srcset=\"http:\/\/www.sindipetroba.org.br\/2019\/wp-content\/uploads\/2021\/02\/WhatsApp-Image-2021-02-10-at-08.17.57-1.jpeg 1280w, http:\/\/www.sindipetroba.org.br\/2019\/wp-content\/uploads\/2021\/02\/WhatsApp-Image-2021-02-10-at-08.17.57-1-250x167.jpeg 250w, http:\/\/www.sindipetroba.org.br\/2019\/wp-content\/uploads\/2021\/02\/WhatsApp-Image-2021-02-10-at-08.17.57-1-700x466.jpeg 700w, http:\/\/www.sindipetroba.org.br\/2019\/wp-content\/uploads\/2021\/02\/WhatsApp-Image-2021-02-10-at-08.17.57-1-768x512.jpeg 768w, http:\/\/www.sindipetroba.org.br\/2019\/wp-content\/uploads\/2021\/02\/WhatsApp-Image-2021-02-10-at-08.17.57-1-120x80.jpeg 120w, http:\/\/www.sindipetroba.org.br\/2019\/wp-content\/uploads\/2021\/02\/WhatsApp-Image-2021-02-10-at-08.17.57-1-1080x720.jpeg 1080w\" sizes=\"(max-width: 750px) 100vw, 750px\" \/><p id=\"caption-attachment-11367\" class=\"wp-caption-text\">Trabalhadores terceirizados mobilizados na luta contra privatiza\u00e7\u00e3o da RLAM.\u00a0 \u00a0 \u00a0 \u00a0 \u00a0 \u00a0 \u00a0 \u00a0 \u00a0 \u00a0 \u00a0 \u00a0 \u00a0 \u00a0 \u00a0 \u00a0 \u00a0 \u00a0 \u00a0 \u00a0 \u00a0 \u00a0 \u00a0 \u00a0 \u00a0 \u00a0 \u00a0 \u00a0 \u00a0 \u00a0 \u00a0 \u00a0 \u00a0 \u00a0 \u00a0 \u00a0 \u00a0 \u00a0 \u00a0 \u00a0 \u00a0 \u00a0 \u00a0 \u00a0 \u00a0 \u00a0 \u00a0 \u00a0 \u00a0 \u00a0 \u00a0 \u00a0 \u00a0<em>Foto: Pedro Henrique Caldas<\/em><\/p><\/div>\n<p>Primeira refinaria do Sistema Petrobr\u00e1s e segunda do pa\u00eds em capacidade de processamento, a Landulpho Alves tem hoje cerca de 900 trabalhadores pr\u00f3prios e aproximadamente 1700 terceirizados, que se dizem revoltados com a venda da refinaria, al\u00e9m de estarem apreensivos em rela\u00e7\u00e3o ao que os aguarda em um futuro pr\u00f3ximo, ou seja, \u201co desemprego e a retirada de direitos\u201d.<\/p>\n<p>&nbsp;<\/p>\n<div id=\"attachment_11368\" style=\"width: 760px\" class=\"wp-caption aligncenter\"><img loading=\"lazy\" decoding=\"async\" aria-describedby=\"caption-attachment-11368\" class=\"wp-image-11368\" src=\"http:\/\/www.sindipetroba.org.br\/2019\/wp-content\/uploads\/2021\/02\/WhatsApp-Image-2021-02-10-at-10.38.12.jpeg\" alt=\"\" width=\"750\" height=\"500\" srcset=\"http:\/\/www.sindipetroba.org.br\/2019\/wp-content\/uploads\/2021\/02\/WhatsApp-Image-2021-02-10-at-10.38.12.jpeg 1280w, http:\/\/www.sindipetroba.org.br\/2019\/wp-content\/uploads\/2021\/02\/WhatsApp-Image-2021-02-10-at-10.38.12-250x167.jpeg 250w, http:\/\/www.sindipetroba.org.br\/2019\/wp-content\/uploads\/2021\/02\/WhatsApp-Image-2021-02-10-at-10.38.12-700x466.jpeg 700w, http:\/\/www.sindipetroba.org.br\/2019\/wp-content\/uploads\/2021\/02\/WhatsApp-Image-2021-02-10-at-10.38.12-768x512.jpeg 768w, http:\/\/www.sindipetroba.org.br\/2019\/wp-content\/uploads\/2021\/02\/WhatsApp-Image-2021-02-10-at-10.38.12-120x80.jpeg 120w, http:\/\/www.sindipetroba.org.br\/2019\/wp-content\/uploads\/2021\/02\/WhatsApp-Image-2021-02-10-at-10.38.12-1080x720.jpeg 1080w\" sizes=\"(max-width: 750px) 100vw, 750px\" \/><p id=\"caption-attachment-11368\" class=\"wp-caption-text\">Coordenador Geral da FUP, Deyvid Bacelar, em fala sobre a perda soberania nacional como uma das consequ\u00eancias\u00a0 \u00a0 \u00a0 \u00a0 \u00a0 \u00a0 \u00a0 \u00a0 \u00a0 \u00a0 \u00a0 \u00a0 \u00a0 \u00a0 \u00a0 desse processo de privatiza\u00e7\u00e3o da Petrobr\u00e1s pelo governo Bolsonaro.\u00a0 \u00a0 \u00a0 \u00a0 \u00a0 \u00a0 \u00a0 \u00a0 \u00a0 \u00a0 \u00a0 \u00a0 \u00a0 \u00a0 \u00a0 \u00a0 \u00a0 \u00a0 \u00a0 \u00a0 \u00a0 \u00a0 \u00a0 \u00a0 \u00a0 \u00a0 \u00a0 \u00a0 \u00a0 \u00a0 \u00a0 \u00a0 \u00a0 \u00a0 \u00a0 \u00a0 \u00a0 \u00a0 \u00a0 \u00a0 \u00a0 \u00a0 \u00a0 \u00a0 \u00a0 \u00a0 \u00a0 \u00a0 \u00a0 \u00a0 \u00a0 \u00a0 \u00a0 \u00a0 \u00a0 \u00a0<em>\u00a0 \u00a0 \u00a0 \u00a0 Foto: Pedro Henrique Caldas<\/em><\/p><\/div>\n<p>O Sindipetro Bahia e a Federa\u00e7\u00e3o \u00danica dos Petroleiros (FUP) h\u00e1 anos v\u00eam realizando ofensivas nas \u00e1reas jur\u00eddica, sindical e politica para evitar a venda da Rlam e das outras unidades do Sistema Petrobr\u00e1s. \u201cSomos contra a privatiza\u00e7\u00e3o da Petrobr\u00e1s por uma quest\u00e3o de soberania, de preserva\u00e7\u00e3o do bem estar da popula\u00e7\u00e3o brasileira que n\u00e3o aguenta mais pagar valores alt\u00edssimos pelo g\u00e1s de cozinha, diesel e gasolina. A Petrobr\u00e1s n\u00e3o pode ser vendida e muito menos entregue a pre\u00e7o de banana como vem acontecendo. A Rlam, por exemplo, de acordo com c\u00e1lculos divulgados pelo Instituto de Estudos Estrat\u00e9gicos de Petr\u00f3leo, G\u00e1s Natural e Biocombust\u00edveis (Ineep), vale entre US$ 3 bilh\u00f5es e US$ 4 bilh\u00f5es e est\u00e1 sendo entregue por US$ 1,65 bilh\u00e3o\u201d, denuncia o coordenador da FUP, Deyvid Bacelar.<\/p>\n<p>&nbsp;<\/p>\n<div id=\"attachment_11369\" style=\"width: 760px\" class=\"wp-caption aligncenter\"><img loading=\"lazy\" decoding=\"async\" aria-describedby=\"caption-attachment-11369\" class=\"wp-image-11369\" src=\"http:\/\/www.sindipetroba.org.br\/2019\/wp-content\/uploads\/2021\/02\/WhatsApp-Image-2021-02-10-at-10.38.17.jpeg\" alt=\"\" width=\"750\" height=\"500\" srcset=\"http:\/\/www.sindipetroba.org.br\/2019\/wp-content\/uploads\/2021\/02\/WhatsApp-Image-2021-02-10-at-10.38.17.jpeg 1280w, http:\/\/www.sindipetroba.org.br\/2019\/wp-content\/uploads\/2021\/02\/WhatsApp-Image-2021-02-10-at-10.38.17-250x167.jpeg 250w, http:\/\/www.sindipetroba.org.br\/2019\/wp-content\/uploads\/2021\/02\/WhatsApp-Image-2021-02-10-at-10.38.17-700x466.jpeg 700w, http:\/\/www.sindipetroba.org.br\/2019\/wp-content\/uploads\/2021\/02\/WhatsApp-Image-2021-02-10-at-10.38.17-768x512.jpeg 768w, http:\/\/www.sindipetroba.org.br\/2019\/wp-content\/uploads\/2021\/02\/WhatsApp-Image-2021-02-10-at-10.38.17-120x80.jpeg 120w, http:\/\/www.sindipetroba.org.br\/2019\/wp-content\/uploads\/2021\/02\/WhatsApp-Image-2021-02-10-at-10.38.17-1080x720.jpeg 1080w\" sizes=\"(max-width: 750px) 100vw, 750px\" \/><p id=\"caption-attachment-11369\" class=\"wp-caption-text\">Diretor de Comunica\u00e7\u00e3o, Radiovaldo Costa, junto a todas as vozes da categoria dizendo:\u00a0 \u00a0 \u00a0 \u00a0 \u00a0 \u00a0 \u00a0 \u00a0 \u00a0 \u00a0 \u00a0 \u00a0 \u00a0 \u00a0 \u00a0 \u00a0 \u00a0 \u00a0 \u00a0 \u00a0 \u00a0 \u00a0 \u00a0 \u00a0 \u00a0 \u00a0 \u00a0 \u00a0 \u00a0 \u00a0 \u00a0 \u00a0 \u00a0 \u00a0 \u00a0 \u00a0 \u00a0 \u00a0 \u00a0 \u00a0 \u00a0 \u00a0 \u00a0 \u00a0 \u00a0 \u00a0 \u00a0N\u00c3O \u00c0 PRIVATIZA\u00c7\u00c3O DA RLAM!\u00a0 \u00a0 \u00a0 \u00a0 \u00a0 \u00a0 \u00a0 \u00a0 \u00a0 \u00a0 \u00a0 \u00a0 \u00a0 \u00a0 \u00a0 \u00a0 \u00a0 \u00a0 \u00a0 \u00a0 \u00a0 \u00a0 \u00a0 \u00a0 \u00a0 \u00a0 \u00a0 \u00a0 \u00a0 \u00a0 \u00a0 \u00a0 \u00a0 \u00a0 \u00a0 \u00a0 \u00a0 \u00a0 \u00a0 \u00a0 \u00a0 \u00a0 \u00a0 \u00a0 \u00a0 \u00a0 \u00a0 \u00a0 \u00a0 \u00a0 \u00a0 \u00a0 \u00a0 \u00a0 \u00a0 \u00a0 \u00a0 \u00a0 \u00a0 \u00a0 \u00a0 \u00a0 \u00a0 \u00a0 \u00a0 \u00a0 \u00a0 \u00a0 \u00a0 \u00a0 \u00a0 \u00a0<em> Foto: Pedro Henrique Caldas<\/em><\/p><\/div>\n<p>O diretor de comunica\u00e7\u00e3o do Sindipetro, Radiovaldo Costa, afirmou que o sindicato vai continuar resistindo e lutando para defender os interesses da Petrobr\u00e1s, do povo brasileiro e da categoria petroleira. Ele tamb\u00e9m lembrou da import\u00e2ncia da Rlam para a economia da Bahia e de diversos munic\u00edpios que dependem dos royalties, ISS e ICMS pagos pela refinaria. \u201cEm seus 70 anos, a Rlam alavancou o desenvolvimento econ\u00f4mico e industrial da Bahia, contribuindo para a ascens\u00e3o social de muitos trabalhadores de diversas categorias. Sua opera\u00e7\u00e3o tamb\u00e9m possibilitou o desenvolvimento do primeiro complexo petroqu\u00edmico planejado do pa\u00eds e maior complexo industrial do Hemisf\u00e9rio Sul, o Polo Petroqu\u00edmico de Cama\u00e7ari, na Bahia\u201d.<\/p>\n<div id=\"attachment_11370\" style=\"width: 760px\" class=\"wp-caption aligncenter\"><img loading=\"lazy\" decoding=\"async\" aria-describedby=\"caption-attachment-11370\" class=\"wp-image-11370\" src=\"http:\/\/www.sindipetroba.org.br\/2019\/wp-content\/uploads\/2021\/02\/WhatsApp-Image-2021-02-10-at-10.35.14-1.jpeg\" alt=\"\" width=\"750\" height=\"500\" srcset=\"http:\/\/www.sindipetroba.org.br\/2019\/wp-content\/uploads\/2021\/02\/WhatsApp-Image-2021-02-10-at-10.35.14-1.jpeg 1280w, http:\/\/www.sindipetroba.org.br\/2019\/wp-content\/uploads\/2021\/02\/WhatsApp-Image-2021-02-10-at-10.35.14-1-250x167.jpeg 250w, http:\/\/www.sindipetroba.org.br\/2019\/wp-content\/uploads\/2021\/02\/WhatsApp-Image-2021-02-10-at-10.35.14-1-700x466.jpeg 700w, http:\/\/www.sindipetroba.org.br\/2019\/wp-content\/uploads\/2021\/02\/WhatsApp-Image-2021-02-10-at-10.35.14-1-768x512.jpeg 768w, http:\/\/www.sindipetroba.org.br\/2019\/wp-content\/uploads\/2021\/02\/WhatsApp-Image-2021-02-10-at-10.35.14-1-120x80.jpeg 120w, http:\/\/www.sindipetroba.org.br\/2019\/wp-content\/uploads\/2021\/02\/WhatsApp-Image-2021-02-10-at-10.35.14-1-1080x720.jpeg 1080w\" sizes=\"(max-width: 750px) 100vw, 750px\" \/><p id=\"caption-attachment-11370\" class=\"wp-caption-text\">Diretor do Sindipetro Bahia, Jailton Andrade, em fala com a categoria sobre a import\u00e2ncia da Greve e da uni\u00e3o de\u00a0 \u00a0 \u00a0 \u00a0 \u00a0 \u00a0 \u00a0 \u00a0 \u00a0 \u00a0 \u00a0 \u00a0 \u00a0 \u00a0 \u00a0 \u00a0 \u00a0 \u00a0 \u00a0 \u00a0 \u00a0 \u00a0 \u00a0 \u00a0 \u00a0todos em todas contra a privatiza\u00e7\u00e3o da Petrobr\u00e1s.\u00a0 \u00a0 \u00a0 \u00a0 \u00a0 \u00a0 \u00a0 \u00a0 \u00a0 \u00a0 \u00a0 \u00a0 \u00a0 \u00a0 \u00a0 \u00a0 \u00a0 \u00a0 \u00a0 \u00a0 \u00a0 \u00a0 \u00a0 \u00a0 \u00a0 \u00a0 \u00a0 \u00a0 \u00a0 \u00a0 \u00a0 \u00a0 \u00a0 \u00a0 \u00a0 \u00a0 \u00a0 \u00a0 \u00a0 \u00a0 \u00a0 \u00a0 \u00a0 \u00a0 \u00a0 \u00a0 \u00a0 \u00a0 \u00a0 \u00a0 \u00a0 \u00a0 \u00a0 \u00a0 \u00a0 \u00a0 \u00a0 \u00a0 \u00a0 \u00a0 \u00a0 \u00a0 \u00a0 \u00a0 \u00a0 <em>Foto: Pedro Henrique Caldas<\/em><\/p><\/div>\n<p><strong>Greve<\/strong><\/p>\n<p>Os petroleiros se preparam agora para dar in\u00edcio \u00e0 greve j\u00e1 aprovada em assembleia. O movimento paredista em defesa dos empregos, dos direitos e da soberania, est\u00e1 sendo organizado atrav\u00e9s de setoriais que acontecem na quinta (11) e sexta(12), quando a categoria dar\u00e1 sugest\u00f5es sobre a melhor forma de conduzir a greve.<\/p>\n<p>J\u00e1 no s\u00e1bado (13), acontece o Semin\u00e1rio de Qualifica\u00e7\u00e3o de Greve, quando a diretoria do Sindipetro e a categoria analisam as sugest\u00f5es, organizam e escolhem o melhor dia para dar iniciar ao movimento paredista. Em seguida, a diretoria do Sindipetro ir\u00e1 notificar a Petrobr\u00e1s com anteced\u00eancia de 72 horas do in\u00edcio da greve, como determina a lei.<\/p>\n<p><em><strong>Assista ao v\u00eddeo abaixo, onde a categoria petroleira e a dire\u00e7\u00e3o do Sindipetro Bahia, mandam um forte recado para os privatistas.<\/strong><\/em><\/p>\n<p>&nbsp;<\/p>\n<div style=\"width: 900px;\" class=\"wp-video\"><video class=\"wp-video-shortcode\" id=\"video-11359-1\" width=\"900\" height=\"506\" poster=\"http:\/\/www.sindipetroba.org.br\/2019\/wp-content\/uploads\/2021\/02\/WhatsApp-Video-2021-02-10-at-15-29-29-mp4-image.jpg\" preload=\"metadata\" controls=\"controls\"><source type=\"video\/mp4\" src=\"http:\/\/www.sindipetroba.org.br\/2019\/wp-content\/uploads\/2021\/02\/WhatsApp-Video-2021-02-10-at-15.29.29.mp4?_=1\" \/><a href=\"http:\/\/www.sindipetroba.org.br\/2019\/wp-content\/uploads\/2021\/02\/WhatsApp-Video-2021-02-10-at-15.29.29.mp4\">http:\/\/www.sindipetroba.org.br\/2019\/wp-content\/uploads\/2021\/02\/WhatsApp-Video-2021-02-10-at-15.29.29.mp4<\/a><\/video><\/div>\n<p>&nbsp;<\/p>\n<p><em><strong>*{Imprensa Sindipetro Bahia}*<\/strong><\/em><\/p>\n<p>&nbsp;<\/p>\n","protected":false},"excerpt":{"rendered":"O Trevo da Resist\u00eancia, via de acesso \u00e0 Refinaria Landulpho Alves (Rlam), no munic\u00edpio de S\u00e3o Francisco do Conde, na Bahia &#8211; palco de grandes manifesta\u00e7\u00f5es da categoria petroleira -, foi tomado por milhares de trabalhadores na manh\u00e3 dessa quarta (10). Em protesto \u00e0 venda da Rlam, anunciada pela dire\u00e7\u00e3o da Petrobr\u00e1s, petroleiros do turno,&#8230; <a class=\"view-article\" href=\"http:\/\/www.sindipetroba.org.br\/2019\/vai-ter-luta-afirmam-petroleiros-em-protesto-contra-a-venda-da-rlam-na-bahia\/\">Ver artigo<\/a>","protected":false},"author":1,"featured_media":11360,"comment_status":"closed","ping_status":"open","sticky":false,"template":"","format":"standard","meta":{"_et_pb_use_builder":"","_et_pb_old_content":"","_et_gb_content_width":"","footnotes":""},"categories":[1],"tags":[96,43,51,44,1648],"class_list":["post-11359","post","type-post","status-publish","format-standard","has-post-thumbnail","hentry","category-noticia","tag-bahia","tag-petroleiros","tag-protesto","tag-rlam","tag-vai-ter-luta"],"yoast_head":"<!-- This site is optimized with the Yoast SEO plugin v27.3 - https:\/\/yoast.com\/product\/yoast-seo-wordpress\/ -->\n<title>\u201cVai ter luta\u201d, afirmam petroleiros em protesto contra a venda da Rlam, na Bahia - Sindipetro BA<\/title>\n<meta name=\"robots\" content=\"index, follow, max-snippet:-1, max-image-preview:large, max-video-preview:-1\" \/>\n<link rel=\"canonical\" href=\"http:\/\/www.sindipetroba.org.br\/2019\/vai-ter-luta-afirmam-petroleiros-em-protesto-contra-a-venda-da-rlam-na-bahia\/\" \/>\n<meta property=\"og:locale\" content=\"pt_BR\" \/>\n<meta property=\"og:type\" content=\"article\" \/>\n<meta property=\"og:title\" content=\"\u201cVai ter luta\u201d, afirmam petroleiros em protesto contra a venda da Rlam, na Bahia - Sindipetro BA\" \/>\n<meta property=\"og:description\" content=\"O Trevo da Resist\u00eancia, via de acesso \u00e0 Refinaria Landulpho Alves (Rlam), no munic\u00edpio de S\u00e3o Francisco do Conde, na Bahia &#8211; palco de grandes manifesta\u00e7\u00f5es da categoria petroleira -, foi tomado por milhares de trabalhadores na manh\u00e3 dessa quarta (10). Em protesto \u00e0 venda da Rlam, anunciada pela dire\u00e7\u00e3o da Petrobr\u00e1s, petroleiros do turno,... Ver artigo\" \/>\n<meta property=\"og:url\" content=\"http:\/\/www.sindipetroba.org.br\/2019\/vai-ter-luta-afirmam-petroleiros-em-protesto-contra-a-venda-da-rlam-na-bahia\/\" \/>\n<meta property=\"og:site_name\" content=\"Sindipetro BA\" \/>\n<meta property=\"article:publisher\" content=\"https:\/\/www.facebook.com\/sindipetroBa\/\" \/>\n<meta property=\"article:published_time\" content=\"2021-02-10T16:45:17+00:00\" \/>\n<meta property=\"article:modified_time\" content=\"2021-02-10T18:48:50+00:00\" \/>\n<meta property=\"og:image\" content=\"http:\/\/www.sindipetroba.org.br\/2019\/wp-content\/uploads\/2021\/02\/WhatsApp-Image-2021-02-10-at-13.26.34.jpeg\" \/>\n\t<meta property=\"og:image:width\" content=\"1280\" \/>\n\t<meta property=\"og:image:height\" content=\"853\" \/>\n\t<meta property=\"og:image:type\" content=\"image\/jpeg\" \/>\n<meta name=\"author\" content=\"admsp\" \/>\n<meta name=\"twitter:card\" content=\"summary_large_image\" \/>\n<meta name=\"twitter:creator\" content=\"@SindipetroBahia\" \/>\n<meta name=\"twitter:site\" content=\"@SindipetroBahia\" \/>\n<meta name=\"twitter:label1\" content=\"Escrito por\" \/>\n\t<meta name=\"twitter:data1\" content=\"admsp\" \/>\n\t<meta name=\"twitter:label2\" content=\"Est. tempo de leitura\" \/>\n\t<meta name=\"twitter:data2\" content=\"6 minutos\" \/>\n<script type=\"application\/ld+json\" class=\"yoast-schema-graph\">{\"@context\":\"https:\\\/\\\/schema.org\",\"@graph\":[{\"@type\":\"Article\",\"@id\":\"http:\\\/\\\/www.sindipetroba.org.br\\\/2019\\\/vai-ter-luta-afirmam-petroleiros-em-protesto-contra-a-venda-da-rlam-na-bahia\\\/#article\",\"isPartOf\":{\"@id\":\"http:\\\/\\\/www.sindipetroba.org.br\\\/2019\\\/vai-ter-luta-afirmam-petroleiros-em-protesto-contra-a-venda-da-rlam-na-bahia\\\/\"},\"author\":{\"name\":\"admsp\",\"@id\":\"http:\\\/\\\/www.sindipetroba.org.br\\\/2019\\\/#\\\/schema\\\/person\\\/e61228ef9f981537d4c4eb80f6ea7713\"},\"headline\":\"\u201cVai ter luta\u201d, afirmam petroleiros em protesto contra a venda da Rlam, na Bahia\",\"datePublished\":\"2021-02-10T16:45:17+00:00\",\"dateModified\":\"2021-02-10T18:48:50+00:00\",\"mainEntityOfPage\":{\"@id\":\"http:\\\/\\\/www.sindipetroba.org.br\\\/2019\\\/vai-ter-luta-afirmam-petroleiros-em-protesto-contra-a-venda-da-rlam-na-bahia\\\/\"},\"wordCount\":1095,\"publisher\":{\"@id\":\"http:\\\/\\\/www.sindipetroba.org.br\\\/2019\\\/#organization\"},\"image\":{\"@id\":\"http:\\\/\\\/www.sindipetroba.org.br\\\/2019\\\/vai-ter-luta-afirmam-petroleiros-em-protesto-contra-a-venda-da-rlam-na-bahia\\\/#primaryimage\"},\"thumbnailUrl\":\"http:\\\/\\\/www.sindipetroba.org.br\\\/2019\\\/wp-content\\\/uploads\\\/2021\\\/02\\\/WhatsApp-Image-2021-02-10-at-13.26.34.jpeg\",\"keywords\":[\"Bahia\",\"petroleiros\",\"protesto\",\"RLAM\",\"Vai ter luta\"],\"articleSection\":[\"Not\u00edcia\"],\"inLanguage\":\"pt-BR\"},{\"@type\":\"WebPage\",\"@id\":\"http:\\\/\\\/www.sindipetroba.org.br\\\/2019\\\/vai-ter-luta-afirmam-petroleiros-em-protesto-contra-a-venda-da-rlam-na-bahia\\\/\",\"url\":\"http:\\\/\\\/www.sindipetroba.org.br\\\/2019\\\/vai-ter-luta-afirmam-petroleiros-em-protesto-contra-a-venda-da-rlam-na-bahia\\\/\",\"name\":\"\u201cVai ter luta\u201d, afirmam petroleiros em protesto contra a venda da Rlam, na Bahia - Sindipetro BA\",\"isPartOf\":{\"@id\":\"http:\\\/\\\/www.sindipetroba.org.br\\\/2019\\\/#website\"},\"primaryImageOfPage\":{\"@id\":\"http:\\\/\\\/www.sindipetroba.org.br\\\/2019\\\/vai-ter-luta-afirmam-petroleiros-em-protesto-contra-a-venda-da-rlam-na-bahia\\\/#primaryimage\"},\"image\":{\"@id\":\"http:\\\/\\\/www.sindipetroba.org.br\\\/2019\\\/vai-ter-luta-afirmam-petroleiros-em-protesto-contra-a-venda-da-rlam-na-bahia\\\/#primaryimage\"},\"thumbnailUrl\":\"http:\\\/\\\/www.sindipetroba.org.br\\\/2019\\\/wp-content\\\/uploads\\\/2021\\\/02\\\/WhatsApp-Image-2021-02-10-at-13.26.34.jpeg\",\"datePublished\":\"2021-02-10T16:45:17+00:00\",\"dateModified\":\"2021-02-10T18:48:50+00:00\",\"breadcrumb\":{\"@id\":\"http:\\\/\\\/www.sindipetroba.org.br\\\/2019\\\/vai-ter-luta-afirmam-petroleiros-em-protesto-contra-a-venda-da-rlam-na-bahia\\\/#breadcrumb\"},\"inLanguage\":\"pt-BR\",\"potentialAction\":[{\"@type\":\"ReadAction\",\"target\":[\"http:\\\/\\\/www.sindipetroba.org.br\\\/2019\\\/vai-ter-luta-afirmam-petroleiros-em-protesto-contra-a-venda-da-rlam-na-bahia\\\/\"]}]},{\"@type\":\"ImageObject\",\"inLanguage\":\"pt-BR\",\"@id\":\"http:\\\/\\\/www.sindipetroba.org.br\\\/2019\\\/vai-ter-luta-afirmam-petroleiros-em-protesto-contra-a-venda-da-rlam-na-bahia\\\/#primaryimage\",\"url\":\"http:\\\/\\\/www.sindipetroba.org.br\\\/2019\\\/wp-content\\\/uploads\\\/2021\\\/02\\\/WhatsApp-Image-2021-02-10-at-13.26.34.jpeg\",\"contentUrl\":\"http:\\\/\\\/www.sindipetroba.org.br\\\/2019\\\/wp-content\\\/uploads\\\/2021\\\/02\\\/WhatsApp-Image-2021-02-10-at-13.26.34.jpeg\",\"width\":1280,\"height\":853},{\"@type\":\"BreadcrumbList\",\"@id\":\"http:\\\/\\\/www.sindipetroba.org.br\\\/2019\\\/vai-ter-luta-afirmam-petroleiros-em-protesto-contra-a-venda-da-rlam-na-bahia\\\/#breadcrumb\",\"itemListElement\":[{\"@type\":\"ListItem\",\"position\":1,\"name\":\"In\u00edcio\",\"item\":\"http:\\\/\\\/www.sindipetroba.org.br\\\/2019\\\/\"},{\"@type\":\"ListItem\",\"position\":2,\"name\":\"\u201cVai ter luta\u201d, afirmam petroleiros em protesto contra a venda da Rlam, na Bahia\"}]},{\"@type\":\"WebSite\",\"@id\":\"http:\\\/\\\/www.sindipetroba.org.br\\\/2019\\\/#website\",\"url\":\"http:\\\/\\\/www.sindipetroba.org.br\\\/2019\\\/\",\"name\":\"Sindipetro BA\",\"description\":\"Sindicato dos Petroleiros e Petroleiras do Estado da Bahia\",\"publisher\":{\"@id\":\"http:\\\/\\\/www.sindipetroba.org.br\\\/2019\\\/#organization\"},\"potentialAction\":[{\"@type\":\"SearchAction\",\"target\":{\"@type\":\"EntryPoint\",\"urlTemplate\":\"http:\\\/\\\/www.sindipetroba.org.br\\\/2019\\\/?s={search_term_string}\"},\"query-input\":{\"@type\":\"PropertyValueSpecification\",\"valueRequired\":true,\"valueName\":\"search_term_string\"}}],\"inLanguage\":\"pt-BR\"},{\"@type\":\"Organization\",\"@id\":\"http:\\\/\\\/www.sindipetroba.org.br\\\/2019\\\/#organization\",\"name\":\"Sindipetro BA\",\"url\":\"http:\\\/\\\/www.sindipetroba.org.br\\\/2019\\\/\",\"logo\":{\"@type\":\"ImageObject\",\"inLanguage\":\"pt-BR\",\"@id\":\"http:\\\/\\\/www.sindipetroba.org.br\\\/2019\\\/#\\\/schema\\\/logo\\\/image\\\/\",\"url\":\"http:\\\/\\\/www.sindipetroba.org.br\\\/2019\\\/wp-content\\\/uploads\\\/2019\\\/01\\\/sindipetro-marca-cor.png\",\"contentUrl\":\"http:\\\/\\\/www.sindipetroba.org.br\\\/2019\\\/wp-content\\\/uploads\\\/2019\\\/01\\\/sindipetro-marca-cor.png\",\"width\":350,\"height\":126,\"caption\":\"Sindipetro BA\"},\"image\":{\"@id\":\"http:\\\/\\\/www.sindipetroba.org.br\\\/2019\\\/#\\\/schema\\\/logo\\\/image\\\/\"},\"sameAs\":[\"https:\\\/\\\/www.facebook.com\\\/sindipetroBa\\\/\",\"https:\\\/\\\/x.com\\\/SindipetroBahia\",\"https:\\\/\\\/www.instagram.com\\\/sindipetroba\\\/\",\"https:\\\/\\\/www.youtube.com\\\/c\\\/SindipetroBahiaOficial\"]},{\"@type\":\"Person\",\"@id\":\"http:\\\/\\\/www.sindipetroba.org.br\\\/2019\\\/#\\\/schema\\\/person\\\/e61228ef9f981537d4c4eb80f6ea7713\",\"name\":\"admsp\",\"image\":{\"@type\":\"ImageObject\",\"inLanguage\":\"pt-BR\",\"@id\":\"https:\\\/\\\/secure.gravatar.com\\\/avatar\\\/50f06e2b746fe9248099d2c61c12342ab36327e9d413e3171dd7033b84800d96?s=96&d=mm&r=g\",\"url\":\"https:\\\/\\\/secure.gravatar.com\\\/avatar\\\/50f06e2b746fe9248099d2c61c12342ab36327e9d413e3171dd7033b84800d96?s=96&d=mm&r=g\",\"contentUrl\":\"https:\\\/\\\/secure.gravatar.com\\\/avatar\\\/50f06e2b746fe9248099d2c61c12342ab36327e9d413e3171dd7033b84800d96?s=96&d=mm&r=g\",\"caption\":\"admsp\"}}]}<\/script>\n<!-- \/ Yoast SEO plugin. -->","yoast_head_json":{"title":"\u201cVai ter luta\u201d, afirmam petroleiros em protesto contra a venda da Rlam, na Bahia - Sindipetro BA","robots":{"index":"index","follow":"follow","max-snippet":"max-snippet:-1","max-image-preview":"max-image-preview:large","max-video-preview":"max-video-preview:-1"},"canonical":"http:\/\/www.sindipetroba.org.br\/2019\/vai-ter-luta-afirmam-petroleiros-em-protesto-contra-a-venda-da-rlam-na-bahia\/","og_locale":"pt_BR","og_type":"article","og_title":"\u201cVai ter luta\u201d, afirmam petroleiros em protesto contra a venda da Rlam, na Bahia - Sindipetro BA","og_description":"O Trevo da Resist\u00eancia, via de acesso \u00e0 Refinaria Landulpho Alves (Rlam), no munic\u00edpio de S\u00e3o Francisco do Conde, na Bahia &#8211; palco de grandes manifesta\u00e7\u00f5es da categoria petroleira -, foi tomado por milhares de trabalhadores na manh\u00e3 dessa quarta (10). Em protesto \u00e0 venda da Rlam, anunciada pela dire\u00e7\u00e3o da Petrobr\u00e1s, petroleiros do turno,... Ver artigo","og_url":"http:\/\/www.sindipetroba.org.br\/2019\/vai-ter-luta-afirmam-petroleiros-em-protesto-contra-a-venda-da-rlam-na-bahia\/","og_site_name":"Sindipetro BA","article_publisher":"https:\/\/www.facebook.com\/sindipetroBa\/","article_published_time":"2021-02-10T16:45:17+00:00","article_modified_time":"2021-02-10T18:48:50+00:00","og_image":[{"width":1280,"height":853,"url":"http:\/\/www.sindipetroba.org.br\/2019\/wp-content\/uploads\/2021\/02\/WhatsApp-Image-2021-02-10-at-13.26.34.jpeg","type":"image\/jpeg"}],"author":"admsp","twitter_card":"summary_large_image","twitter_creator":"@SindipetroBahia","twitter_site":"@SindipetroBahia","twitter_misc":{"Escrito por":"admsp","Est. tempo de leitura":"6 minutos"},"schema":{"@context":"https:\/\/schema.org","@graph":[{"@type":"Article","@id":"http:\/\/www.sindipetroba.org.br\/2019\/vai-ter-luta-afirmam-petroleiros-em-protesto-contra-a-venda-da-rlam-na-bahia\/#article","isPartOf":{"@id":"http:\/\/www.sindipetroba.org.br\/2019\/vai-ter-luta-afirmam-petroleiros-em-protesto-contra-a-venda-da-rlam-na-bahia\/"},"author":{"name":"admsp","@id":"http:\/\/www.sindipetroba.org.br\/2019\/#\/schema\/person\/e61228ef9f981537d4c4eb80f6ea7713"},"headline":"\u201cVai ter luta\u201d, afirmam petroleiros em protesto contra a venda da Rlam, na Bahia","datePublished":"2021-02-10T16:45:17+00:00","dateModified":"2021-02-10T18:48:50+00:00","mainEntityOfPage":{"@id":"http:\/\/www.sindipetroba.org.br\/2019\/vai-ter-luta-afirmam-petroleiros-em-protesto-contra-a-venda-da-rlam-na-bahia\/"},"wordCount":1095,"publisher":{"@id":"http:\/\/www.sindipetroba.org.br\/2019\/#organization"},"image":{"@id":"http:\/\/www.sindipetroba.org.br\/2019\/vai-ter-luta-afirmam-petroleiros-em-protesto-contra-a-venda-da-rlam-na-bahia\/#primaryimage"},"thumbnailUrl":"http:\/\/www.sindipetroba.org.br\/2019\/wp-content\/uploads\/2021\/02\/WhatsApp-Image-2021-02-10-at-13.26.34.jpeg","keywords":["Bahia","petroleiros","protesto","RLAM","Vai ter luta"],"articleSection":["Not\u00edcia"],"inLanguage":"pt-BR"},{"@type":"WebPage","@id":"http:\/\/www.sindipetroba.org.br\/2019\/vai-ter-luta-afirmam-petroleiros-em-protesto-contra-a-venda-da-rlam-na-bahia\/","url":"http:\/\/www.sindipetroba.org.br\/2019\/vai-ter-luta-afirmam-petroleiros-em-protesto-contra-a-venda-da-rlam-na-bahia\/","name":"\u201cVai ter luta\u201d, afirmam petroleiros em protesto contra a venda da Rlam, na Bahia - Sindipetro BA","isPartOf":{"@id":"http:\/\/www.sindipetroba.org.br\/2019\/#website"},"primaryImageOfPage":{"@id":"http:\/\/www.sindipetroba.org.br\/2019\/vai-ter-luta-afirmam-petroleiros-em-protesto-contra-a-venda-da-rlam-na-bahia\/#primaryimage"},"image":{"@id":"http:\/\/www.sindipetroba.org.br\/2019\/vai-ter-luta-afirmam-petroleiros-em-protesto-contra-a-venda-da-rlam-na-bahia\/#primaryimage"},"thumbnailUrl":"http:\/\/www.sindipetroba.org.br\/2019\/wp-content\/uploads\/2021\/02\/WhatsApp-Image-2021-02-10-at-13.26.34.jpeg","datePublished":"2021-02-10T16:45:17+00:00","dateModified":"2021-02-10T18:48:50+00:00","breadcrumb":{"@id":"http:\/\/www.sindipetroba.org.br\/2019\/vai-ter-luta-afirmam-petroleiros-em-protesto-contra-a-venda-da-rlam-na-bahia\/#breadcrumb"},"inLanguage":"pt-BR","potentialAction":[{"@type":"ReadAction","target":["http:\/\/www.sindipetroba.org.br\/2019\/vai-ter-luta-afirmam-petroleiros-em-protesto-contra-a-venda-da-rlam-na-bahia\/"]}]},{"@type":"ImageObject","inLanguage":"pt-BR","@id":"http:\/\/www.sindipetroba.org.br\/2019\/vai-ter-luta-afirmam-petroleiros-em-protesto-contra-a-venda-da-rlam-na-bahia\/#primaryimage","url":"http:\/\/www.sindipetroba.org.br\/2019\/wp-content\/uploads\/2021\/02\/WhatsApp-Image-2021-02-10-at-13.26.34.jpeg","contentUrl":"http:\/\/www.sindipetroba.org.br\/2019\/wp-content\/uploads\/2021\/02\/WhatsApp-Image-2021-02-10-at-13.26.34.jpeg","width":1280,"height":853},{"@type":"BreadcrumbList","@id":"http:\/\/www.sindipetroba.org.br\/2019\/vai-ter-luta-afirmam-petroleiros-em-protesto-contra-a-venda-da-rlam-na-bahia\/#breadcrumb","itemListElement":[{"@type":"ListItem","position":1,"name":"In\u00edcio","item":"http:\/\/www.sindipetroba.org.br\/2019\/"},{"@type":"ListItem","position":2,"name":"\u201cVai ter luta\u201d, afirmam petroleiros em protesto contra a venda da Rlam, na Bahia"}]},{"@type":"WebSite","@id":"http:\/\/www.sindipetroba.org.br\/2019\/#website","url":"http:\/\/www.sindipetroba.org.br\/2019\/","name":"Sindipetro BA","description":"Sindicato dos Petroleiros e Petroleiras do Estado da Bahia","publisher":{"@id":"http:\/\/www.sindipetroba.org.br\/2019\/#organization"},"potentialAction":[{"@type":"SearchAction","target":{"@type":"EntryPoint","urlTemplate":"http:\/\/www.sindipetroba.org.br\/2019\/?s={search_term_string}"},"query-input":{"@type":"PropertyValueSpecification","valueRequired":true,"valueName":"search_term_string"}}],"inLanguage":"pt-BR"},{"@type":"Organization","@id":"http:\/\/www.sindipetroba.org.br\/2019\/#organization","name":"Sindipetro BA","url":"http:\/\/www.sindipetroba.org.br\/2019\/","logo":{"@type":"ImageObject","inLanguage":"pt-BR","@id":"http:\/\/www.sindipetroba.org.br\/2019\/#\/schema\/logo\/image\/","url":"http:\/\/www.sindipetroba.org.br\/2019\/wp-content\/uploads\/2019\/01\/sindipetro-marca-cor.png","contentUrl":"http:\/\/www.sindipetroba.org.br\/2019\/wp-content\/uploads\/2019\/01\/sindipetro-marca-cor.png","width":350,"height":126,"caption":"Sindipetro BA"},"image":{"@id":"http:\/\/www.sindipetroba.org.br\/2019\/#\/schema\/logo\/image\/"},"sameAs":["https:\/\/www.facebook.com\/sindipetroBa\/","https:\/\/x.com\/SindipetroBahia","https:\/\/www.instagram.com\/sindipetroba\/","https:\/\/www.youtube.com\/c\/SindipetroBahiaOficial"]},{"@type":"Person","@id":"http:\/\/www.sindipetroba.org.br\/2019\/#\/schema\/person\/e61228ef9f981537d4c4eb80f6ea7713","name":"admsp","image":{"@type":"ImageObject","inLanguage":"pt-BR","@id":"https:\/\/secure.gravatar.com\/avatar\/50f06e2b746fe9248099d2c61c12342ab36327e9d413e3171dd7033b84800d96?s=96&d=mm&r=g","url":"https:\/\/secure.gravatar.com\/avatar\/50f06e2b746fe9248099d2c61c12342ab36327e9d413e3171dd7033b84800d96?s=96&d=mm&r=g","contentUrl":"https:\/\/secure.gravatar.com\/avatar\/50f06e2b746fe9248099d2c61c12342ab36327e9d413e3171dd7033b84800d96?s=96&d=mm&r=g","caption":"admsp"}}]}},"_links":{"self":[{"href":"http:\/\/www.sindipetroba.org.br\/2019\/wp-json\/wp\/v2\/posts\/11359","targetHints":{"allow":["GET"]}}],"collection":[{"href":"http:\/\/www.sindipetroba.org.br\/2019\/wp-json\/wp\/v2\/posts"}],"about":[{"href":"http:\/\/www.sindipetroba.org.br\/2019\/wp-json\/wp\/v2\/types\/post"}],"author":[{"embeddable":true,"href":"http:\/\/www.sindipetroba.org.br\/2019\/wp-json\/wp\/v2\/users\/1"}],"replies":[{"embeddable":true,"href":"http:\/\/www.sindipetroba.org.br\/2019\/wp-json\/wp\/v2\/comments?post=11359"}],"version-history":[{"count":6,"href":"http:\/\/www.sindipetroba.org.br\/2019\/wp-json\/wp\/v2\/posts\/11359\/revisions"}],"predecessor-version":[{"id":11376,"href":"http:\/\/www.sindipetroba.org.br\/2019\/wp-json\/wp\/v2\/posts\/11359\/revisions\/11376"}],"wp:featuredmedia":[{"embeddable":true,"href":"http:\/\/www.sindipetroba.org.br\/2019\/wp-json\/wp\/v2\/media\/11360"}],"wp:attachment":[{"href":"http:\/\/www.sindipetroba.org.br\/2019\/wp-json\/wp\/v2\/media?parent=11359"}],"wp:term":[{"taxonomy":"category","embeddable":true,"href":"http:\/\/www.sindipetroba.org.br\/2019\/wp-json\/wp\/v2\/categories?post=11359"},{"taxonomy":"post_tag","embeddable":true,"href":"http:\/\/www.sindipetroba.org.br\/2019\/wp-json\/wp\/v2\/tags?post=11359"}],"curies":[{"name":"wp","href":"https:\/\/api.w.org\/{rel}","templated":true}]}}