{"id":11856,"date":"2021-03-08T18:45:58","date_gmt":"2021-03-08T21:45:58","guid":{"rendered":"http:\/\/www.sindipetroba.org.br\/2019\/?p=11856"},"modified":"2021-03-08T21:53:42","modified_gmt":"2021-03-09T00:53:42","slug":"diario-da-greve-dos-petroleiros-na-bahia-5o-dia","status":"publish","type":"post","link":"http:\/\/www.sindipetroba.org.br\/2019\/diario-da-greve-dos-petroleiros-na-bahia-5o-dia\/","title":{"rendered":"Di\u00e1rio da Greve dos Petroleiros na Bahia \u2013 5\u00ba dia"},"content":{"rendered":"<p>Amanh\u00e3 (9), completamos o 5\u00ba dia da greve dos petroleiros no estado. Estamos responsabilizando a Petrobr\u00e1s pela morte do Carlos Alberto, t\u00e9cnico de opera\u00e7\u00f5es lotado na CAFOR, que deveria ter sido afastado, pois, a empresa sabia de sua comorbidade e n\u00e3o tomou medidas, nem coletivas e nem espec\u00edficas para ele, visto que, a empresa sabia que ele era do grupo de risco.<\/p>\n<p>Diante disso amanh\u00e3 o Sindicado dos Petroleiros do Estado da Bahia, estar\u00e1 promovendo um ato de rep\u00fadio \u00e0 postura da ger\u00eancia da RLAM, no que tange as medidas protetivas e de distanciamento social, relacionadas \u00e0 covid-19. Vale lembrar que durante nosso primeiro ato de greve, no \u00faltimo dia 18, a ger\u00eancia obrigou os trabalhadores a permanecerem dentro das depend\u00eancias da refinaria um excedente fora da normalidade, afim de enfrentar o nosso movimento grevista leg\u00edtimo.<\/p>\n<p>O alto \u00edndice de contamina\u00e7\u00e3o pela Covid-19 dentro da refinaria, entre os trabalhadores pr\u00f3prios e os trabalhadores terceirizados, j\u00e1 foi denunciado pelo nosso sindicato, atrav\u00e9s de diversos meios de comunica\u00e7\u00e3o do estado. Fica evidente a falta de compromisso que \u00e0 atual gest\u00e3o t\u00eam com as nossas vidas. Irrespons\u00e1veis na maneira de gerir a unidade num momento t\u00e3o delicado como esse. \u00c9 dever conhecer e acompanhar a sa\u00fade dos trabalhadores pr\u00f3prios e tamb\u00e9m terceirizados, pois podem estar na mesma situa\u00e7\u00e3o, correndo riscos, num ambiente em que a dire\u00e7\u00e3o n\u00e3o toma nenhuma medida protetiva para seus trabalhadores.<\/p>\n<p>Al\u00e9m disso nossa greve continua firme e forte, para fazer com que a Petrobr\u00e1s atenda nossa pauta de reivindica\u00e7\u00e3o. A greve dos petroleiros na Bahia segue firme e forte amanh\u00e3 completar\u00e1 o 5\u00ba dia, a greve dos petroleiros da Bahia por empregos e direitos foi retomada na \u00faltima sexta-feira (5).<\/p>\n<p>A greve, que \u00e9 por tempo indeterminado, inicialmente, acontece apenas na RLAM, onde h\u00e1 uma extensa pauta de reivindica\u00e7\u00f5es dos trabalhadores. Entre outras coisas, os petroleiros reivindicam que a Petrobras envie ao Sindipetro Bahia, a c\u00f3pia do contrato de venda da Refinaria Landulpho Alves para o fundo \u00c1rabe Mubadala ou apresente e coloque em discuss\u00e3o o cronograma de transi\u00e7\u00e3o da opera\u00e7\u00e3o da unidade, os prazos de transfer\u00eancias de trabalhadores, seus crit\u00e9rios e prioridades, al\u00e9m das regras que utilizar\u00e1 para indenizar as transfer\u00eancias desses trabalhadores. Eles querem a garantia da perman\u00eancia dos postos de trabalho dos trabalhadores pr\u00f3prios e terceirizados e tamb\u00e9m de que n\u00e3o haver\u00e1 redu\u00e7\u00e3o salarial, retirada de direitos, de benef\u00edcios e vantagens.<\/p>\n<p>Petrobr\u00e1s encerrou negocia\u00e7\u00e3o<\/p>\n<p>No dia 18\/02, o Sindipetro Bahia resolveu suspender a greve, que seria iniciada nessa data, para dar continuidade \u00e0s negocia\u00e7\u00f5es com o RH Corporativo da Petrobras, uma vez que a estatal demonstrou publicamente o seu desejo de seguir com o processo negocial.<\/p>\n<p>Ap\u00f3s a suspens\u00e3o da greve, aconteceram mais duas rodadas de negocia\u00e7\u00e3o (j\u00e1 haviam ocorrido duas anteriormente) sem nenhum avan\u00e7o, at\u00e9 que o Sindipetro foi surpreendido com a decis\u00e3o da estatal de encerrar a mesa de negocia\u00e7\u00e3o, n\u00e3o restando outro caminho a n\u00e3o ser o de retomar o movimento paredista.<\/p>\n<p>A entidade sindical reafirma a sua disposi\u00e7\u00e3o para a negocia\u00e7\u00e3o, mas recha\u00e7a e denuncia o que vem acontecendo nas unidades da estatal em todo o Brasil: \u201cass\u00e9dio moral, press\u00e3o, amea\u00e7as e pol\u00edtica antissindical viraram ferramenta de gest\u00e3o da atual diretoria da Petrobras e isso n\u00e3o podemos tolerar\u201d.<\/p>\n<p>Movimentos regionais<\/p>\n<p>Em outros estados tamb\u00e9m acontecem mobiliza\u00e7\u00f5es e greves. O movimento paredista foi deflagrado regionalmente pelos Sindipetros do Espirito Santo, Minas Gerais, Amazonas, Pernambuco e S\u00e3o Paulo (Mau\u00e1 e Campinas).<\/p>\n<p>Filiados \u00e0 Federa\u00e7\u00e3o \u00danica dos Petroleiros (FUP) esses sindicatos tamb\u00e9m estavam negociando suas pautas reivindicat\u00f3rias regionais diretamente com a Companhia. Os sete Sindipetros restantes est\u00e3o realizando assembleias com as suas bases, e, em breve, decidem se tamb\u00e9m v\u00e3o aderir \u00e0 greve.<\/p>\n<p>A Refinaria Landulpho Alves, localizada no munic\u00edpio de S\u00e3o Francisco do Conde (Rec\u00f4ncavo baiano),tem cerca de 900 trabalhadores concursados e 1.700 terceirizados.<\/p>\n<p>Outras reivindica\u00e7\u00f5es<\/p>\n<p>A categoria reivindica a implementa\u00e7\u00e3o de pol\u00edtica efetiva de combate ao ass\u00e9dio moral nas unidades da Petrobras; incorpora\u00e7\u00e3o dos trabalhadores concursados da PBIO \u00e0 Petrobras, caso a Usina de Biocombust\u00edveis de Candeias seja realmente vendida; fim das dobras de turno e das prorroga\u00e7\u00f5es de jornada; rever a pol\u00edtica do efetivo m\u00ednimo do O&amp;M (Organiza\u00e7\u00e3o e M\u00e9todo) nos diversos setores da estatal, em especial da RLAM.<\/p>\n<p>Al\u00e9m da implanta\u00e7\u00e3o do Acordo Coletivo de Trabalho (ACT) espec\u00edfico da jornada de 12 (doze) horas di\u00e1rias, j\u00e1 praticada desde 2020 e aprovada pela categoria em assembleia e o fim da exig\u00eancia de quita\u00e7\u00e3o do passivo trabalhista anterior a fevereiro\/2020 para firmar esse documento; iniciar discuss\u00e3o e tratamento para a situa\u00e7\u00e3o das empresas contratadas, em especial dos contratos de trabalhos e direitos dos empregados terceirizados; apresenta\u00e7\u00e3o pela Companhia, do passivo ambiental, dos acidentes de trabalho (tudo que envolva agentes de riscos aos trabalhadores, seus compromissos de pagamentos e de seus sucessores).<\/p>\n","protected":false},"excerpt":{"rendered":"Amanh\u00e3 (9), completamos o 5\u00ba dia da greve dos petroleiros no estado. Estamos responsabilizando a Petrobr\u00e1s pela morte do Carlos Alberto, t\u00e9cnico de opera\u00e7\u00f5es lotado na CAFOR, que deveria ter sido afastado, pois, a empresa sabia de sua comorbidade e n\u00e3o tomou medidas, nem coletivas e nem espec\u00edficas para ele, visto que, a empresa sabia&#8230; <a class=\"view-article\" href=\"http:\/\/www.sindipetroba.org.br\/2019\/diario-da-greve-dos-petroleiros-na-bahia-5o-dia\/\">Ver artigo<\/a>","protected":false},"author":4,"featured_media":11854,"comment_status":"closed","ping_status":"open","sticky":false,"template":"","format":"standard","meta":{"_et_pb_use_builder":"","_et_pb_old_content":"","_et_gb_content_width":"","footnotes":""},"categories":[1],"tags":[1760,1755,700,32,1762,1761,30],"class_list":["post-11856","post","type-post","status-publish","format-standard","has-post-thumbnail","hentry","category-noticia","tag-cafor","tag-carlos-alberto","tag-covid-19","tag-petrobras","tag-rh-corporativo-da-petrobras","tag-sindicado-dos-petroleiros-do-estado-da-bahia","tag-sindipetro-bahia"],"yoast_head":"<!-- This site is optimized with the Yoast SEO plugin v27.3 - https:\/\/yoast.com\/product\/yoast-seo-wordpress\/ -->\n<title>Di\u00e1rio da Greve dos Petroleiros na Bahia \u2013 5\u00ba dia - Sindipetro BA<\/title>\n<meta name=\"robots\" content=\"index, follow, max-snippet:-1, max-image-preview:large, max-video-preview:-1\" \/>\n<link rel=\"canonical\" href=\"http:\/\/www.sindipetroba.org.br\/2019\/diario-da-greve-dos-petroleiros-na-bahia-5o-dia\/\" \/>\n<meta property=\"og:locale\" content=\"pt_BR\" \/>\n<meta property=\"og:type\" content=\"article\" \/>\n<meta property=\"og:title\" content=\"Di\u00e1rio da Greve dos Petroleiros na Bahia \u2013 5\u00ba dia - Sindipetro BA\" \/>\n<meta property=\"og:description\" content=\"Amanh\u00e3 (9), completamos o 5\u00ba dia da greve dos petroleiros no estado. Estamos responsabilizando a Petrobr\u00e1s pela morte do Carlos Alberto, t\u00e9cnico de opera\u00e7\u00f5es lotado na CAFOR, que deveria ter sido afastado, pois, a empresa sabia de sua comorbidade e n\u00e3o tomou medidas, nem coletivas e nem espec\u00edficas para ele, visto que, a empresa sabia... Ver artigo\" \/>\n<meta property=\"og:url\" content=\"http:\/\/www.sindipetroba.org.br\/2019\/diario-da-greve-dos-petroleiros-na-bahia-5o-dia\/\" \/>\n<meta property=\"og:site_name\" content=\"Sindipetro BA\" \/>\n<meta property=\"article:publisher\" content=\"https:\/\/www.facebook.com\/sindipetroBa\/\" \/>\n<meta property=\"article:published_time\" content=\"2021-03-08T21:45:58+00:00\" \/>\n<meta property=\"article:modified_time\" content=\"2021-03-09T00:53:42+00:00\" \/>\n<meta property=\"og:image\" content=\"http:\/\/www.sindipetroba.org.br\/2019\/wp-content\/uploads\/2021\/03\/18d4bba2-60f8-43b7-8135-4e43fcbd3e89.jpg\" \/>\n\t<meta property=\"og:image:width\" content=\"1200\" \/>\n\t<meta property=\"og:image:height\" content=\"1200\" \/>\n\t<meta property=\"og:image:type\" content=\"image\/jpeg\" \/>\n<meta name=\"author\" content=\"ASCOM\" \/>\n<meta name=\"twitter:card\" content=\"summary_large_image\" \/>\n<meta name=\"twitter:creator\" content=\"@SindipetroBahia\" \/>\n<meta name=\"twitter:site\" content=\"@SindipetroBahia\" \/>\n<meta name=\"twitter:label1\" content=\"Escrito por\" \/>\n\t<meta name=\"twitter:data1\" content=\"ASCOM\" \/>\n\t<meta name=\"twitter:label2\" content=\"Est. tempo de leitura\" \/>\n\t<meta name=\"twitter:data2\" content=\"4 minutos\" \/>\n<script type=\"application\/ld+json\" class=\"yoast-schema-graph\">{\"@context\":\"https:\\\/\\\/schema.org\",\"@graph\":[{\"@type\":\"Article\",\"@id\":\"http:\\\/\\\/www.sindipetroba.org.br\\\/2019\\\/diario-da-greve-dos-petroleiros-na-bahia-5o-dia\\\/#article\",\"isPartOf\":{\"@id\":\"http:\\\/\\\/www.sindipetroba.org.br\\\/2019\\\/diario-da-greve-dos-petroleiros-na-bahia-5o-dia\\\/\"},\"author\":{\"name\":\"ASCOM\",\"@id\":\"http:\\\/\\\/www.sindipetroba.org.br\\\/2019\\\/#\\\/schema\\\/person\\\/80e88dbf823328ddad08b17600055a3c\"},\"headline\":\"Di\u00e1rio da Greve dos Petroleiros na Bahia \u2013 5\u00ba dia\",\"datePublished\":\"2021-03-08T21:45:58+00:00\",\"dateModified\":\"2021-03-09T00:53:42+00:00\",\"mainEntityOfPage\":{\"@id\":\"http:\\\/\\\/www.sindipetroba.org.br\\\/2019\\\/diario-da-greve-dos-petroleiros-na-bahia-5o-dia\\\/\"},\"wordCount\":876,\"publisher\":{\"@id\":\"http:\\\/\\\/www.sindipetroba.org.br\\\/2019\\\/#organization\"},\"image\":{\"@id\":\"http:\\\/\\\/www.sindipetroba.org.br\\\/2019\\\/diario-da-greve-dos-petroleiros-na-bahia-5o-dia\\\/#primaryimage\"},\"thumbnailUrl\":\"http:\\\/\\\/www.sindipetroba.org.br\\\/2019\\\/wp-content\\\/uploads\\\/2021\\\/03\\\/18d4bba2-60f8-43b7-8135-4e43fcbd3e89.jpg\",\"keywords\":[\"CAFOR\",\"Carlos Alberto\",\"Covid-19\",\"petrobras\",\"RH Corporativo da Petrobras\",\"Sindicado dos Petroleiros do Estado da Bahia\",\"sindipetro bahia\"],\"articleSection\":[\"Not\u00edcia\"],\"inLanguage\":\"pt-BR\"},{\"@type\":\"WebPage\",\"@id\":\"http:\\\/\\\/www.sindipetroba.org.br\\\/2019\\\/diario-da-greve-dos-petroleiros-na-bahia-5o-dia\\\/\",\"url\":\"http:\\\/\\\/www.sindipetroba.org.br\\\/2019\\\/diario-da-greve-dos-petroleiros-na-bahia-5o-dia\\\/\",\"name\":\"Di\u00e1rio da Greve dos Petroleiros na Bahia \u2013 5\u00ba dia - Sindipetro BA\",\"isPartOf\":{\"@id\":\"http:\\\/\\\/www.sindipetroba.org.br\\\/2019\\\/#website\"},\"primaryImageOfPage\":{\"@id\":\"http:\\\/\\\/www.sindipetroba.org.br\\\/2019\\\/diario-da-greve-dos-petroleiros-na-bahia-5o-dia\\\/#primaryimage\"},\"image\":{\"@id\":\"http:\\\/\\\/www.sindipetroba.org.br\\\/2019\\\/diario-da-greve-dos-petroleiros-na-bahia-5o-dia\\\/#primaryimage\"},\"thumbnailUrl\":\"http:\\\/\\\/www.sindipetroba.org.br\\\/2019\\\/wp-content\\\/uploads\\\/2021\\\/03\\\/18d4bba2-60f8-43b7-8135-4e43fcbd3e89.jpg\",\"datePublished\":\"2021-03-08T21:45:58+00:00\",\"dateModified\":\"2021-03-09T00:53:42+00:00\",\"breadcrumb\":{\"@id\":\"http:\\\/\\\/www.sindipetroba.org.br\\\/2019\\\/diario-da-greve-dos-petroleiros-na-bahia-5o-dia\\\/#breadcrumb\"},\"inLanguage\":\"pt-BR\",\"potentialAction\":[{\"@type\":\"ReadAction\",\"target\":[\"http:\\\/\\\/www.sindipetroba.org.br\\\/2019\\\/diario-da-greve-dos-petroleiros-na-bahia-5o-dia\\\/\"]}]},{\"@type\":\"ImageObject\",\"inLanguage\":\"pt-BR\",\"@id\":\"http:\\\/\\\/www.sindipetroba.org.br\\\/2019\\\/diario-da-greve-dos-petroleiros-na-bahia-5o-dia\\\/#primaryimage\",\"url\":\"http:\\\/\\\/www.sindipetroba.org.br\\\/2019\\\/wp-content\\\/uploads\\\/2021\\\/03\\\/18d4bba2-60f8-43b7-8135-4e43fcbd3e89.jpg\",\"contentUrl\":\"http:\\\/\\\/www.sindipetroba.org.br\\\/2019\\\/wp-content\\\/uploads\\\/2021\\\/03\\\/18d4bba2-60f8-43b7-8135-4e43fcbd3e89.jpg\",\"width\":1200,\"height\":1200},{\"@type\":\"BreadcrumbList\",\"@id\":\"http:\\\/\\\/www.sindipetroba.org.br\\\/2019\\\/diario-da-greve-dos-petroleiros-na-bahia-5o-dia\\\/#breadcrumb\",\"itemListElement\":[{\"@type\":\"ListItem\",\"position\":1,\"name\":\"In\u00edcio\",\"item\":\"http:\\\/\\\/www.sindipetroba.org.br\\\/2019\\\/\"},{\"@type\":\"ListItem\",\"position\":2,\"name\":\"Di\u00e1rio da Greve dos Petroleiros na Bahia \u2013 5\u00ba dia\"}]},{\"@type\":\"WebSite\",\"@id\":\"http:\\\/\\\/www.sindipetroba.org.br\\\/2019\\\/#website\",\"url\":\"http:\\\/\\\/www.sindipetroba.org.br\\\/2019\\\/\",\"name\":\"Sindipetro BA\",\"description\":\"Sindicato dos Petroleiros e Petroleiras do Estado da Bahia\",\"publisher\":{\"@id\":\"http:\\\/\\\/www.sindipetroba.org.br\\\/2019\\\/#organization\"},\"potentialAction\":[{\"@type\":\"SearchAction\",\"target\":{\"@type\":\"EntryPoint\",\"urlTemplate\":\"http:\\\/\\\/www.sindipetroba.org.br\\\/2019\\\/?s={search_term_string}\"},\"query-input\":{\"@type\":\"PropertyValueSpecification\",\"valueRequired\":true,\"valueName\":\"search_term_string\"}}],\"inLanguage\":\"pt-BR\"},{\"@type\":\"Organization\",\"@id\":\"http:\\\/\\\/www.sindipetroba.org.br\\\/2019\\\/#organization\",\"name\":\"Sindipetro BA\",\"url\":\"http:\\\/\\\/www.sindipetroba.org.br\\\/2019\\\/\",\"logo\":{\"@type\":\"ImageObject\",\"inLanguage\":\"pt-BR\",\"@id\":\"http:\\\/\\\/www.sindipetroba.org.br\\\/2019\\\/#\\\/schema\\\/logo\\\/image\\\/\",\"url\":\"http:\\\/\\\/www.sindipetroba.org.br\\\/2019\\\/wp-content\\\/uploads\\\/2019\\\/01\\\/sindipetro-marca-cor.png\",\"contentUrl\":\"http:\\\/\\\/www.sindipetroba.org.br\\\/2019\\\/wp-content\\\/uploads\\\/2019\\\/01\\\/sindipetro-marca-cor.png\",\"width\":350,\"height\":126,\"caption\":\"Sindipetro BA\"},\"image\":{\"@id\":\"http:\\\/\\\/www.sindipetroba.org.br\\\/2019\\\/#\\\/schema\\\/logo\\\/image\\\/\"},\"sameAs\":[\"https:\\\/\\\/www.facebook.com\\\/sindipetroBa\\\/\",\"https:\\\/\\\/x.com\\\/SindipetroBahia\",\"https:\\\/\\\/www.instagram.com\\\/sindipetroba\\\/\",\"https:\\\/\\\/www.youtube.com\\\/c\\\/SindipetroBahiaOficial\"]},{\"@type\":\"Person\",\"@id\":\"http:\\\/\\\/www.sindipetroba.org.br\\\/2019\\\/#\\\/schema\\\/person\\\/80e88dbf823328ddad08b17600055a3c\",\"name\":\"ASCOM\",\"image\":{\"@type\":\"ImageObject\",\"inLanguage\":\"pt-BR\",\"@id\":\"https:\\\/\\\/secure.gravatar.com\\\/avatar\\\/a2ab2fd873c57926b9f03e30be8804429fd7b0d41f4f71170e45b7b7f84998a6?s=96&d=mm&r=g\",\"url\":\"https:\\\/\\\/secure.gravatar.com\\\/avatar\\\/a2ab2fd873c57926b9f03e30be8804429fd7b0d41f4f71170e45b7b7f84998a6?s=96&d=mm&r=g\",\"contentUrl\":\"https:\\\/\\\/secure.gravatar.com\\\/avatar\\\/a2ab2fd873c57926b9f03e30be8804429fd7b0d41f4f71170e45b7b7f84998a6?s=96&d=mm&r=g\",\"caption\":\"ASCOM\"},\"sameAs\":[\"http:\\\/\\\/www.sindipetroba.org.br\"]}]}<\/script>\n<!-- \/ Yoast SEO plugin. -->","yoast_head_json":{"title":"Di\u00e1rio da Greve dos Petroleiros na Bahia \u2013 5\u00ba dia - Sindipetro BA","robots":{"index":"index","follow":"follow","max-snippet":"max-snippet:-1","max-image-preview":"max-image-preview:large","max-video-preview":"max-video-preview:-1"},"canonical":"http:\/\/www.sindipetroba.org.br\/2019\/diario-da-greve-dos-petroleiros-na-bahia-5o-dia\/","og_locale":"pt_BR","og_type":"article","og_title":"Di\u00e1rio da Greve dos Petroleiros na Bahia \u2013 5\u00ba dia - Sindipetro BA","og_description":"Amanh\u00e3 (9), completamos o 5\u00ba dia da greve dos petroleiros no estado. Estamos responsabilizando a Petrobr\u00e1s pela morte do Carlos Alberto, t\u00e9cnico de opera\u00e7\u00f5es lotado na CAFOR, que deveria ter sido afastado, pois, a empresa sabia de sua comorbidade e n\u00e3o tomou medidas, nem coletivas e nem espec\u00edficas para ele, visto que, a empresa sabia... Ver artigo","og_url":"http:\/\/www.sindipetroba.org.br\/2019\/diario-da-greve-dos-petroleiros-na-bahia-5o-dia\/","og_site_name":"Sindipetro BA","article_publisher":"https:\/\/www.facebook.com\/sindipetroBa\/","article_published_time":"2021-03-08T21:45:58+00:00","article_modified_time":"2021-03-09T00:53:42+00:00","og_image":[{"width":1200,"height":1200,"url":"http:\/\/www.sindipetroba.org.br\/2019\/wp-content\/uploads\/2021\/03\/18d4bba2-60f8-43b7-8135-4e43fcbd3e89.jpg","type":"image\/jpeg"}],"author":"ASCOM","twitter_card":"summary_large_image","twitter_creator":"@SindipetroBahia","twitter_site":"@SindipetroBahia","twitter_misc":{"Escrito por":"ASCOM","Est. tempo de leitura":"4 minutos"},"schema":{"@context":"https:\/\/schema.org","@graph":[{"@type":"Article","@id":"http:\/\/www.sindipetroba.org.br\/2019\/diario-da-greve-dos-petroleiros-na-bahia-5o-dia\/#article","isPartOf":{"@id":"http:\/\/www.sindipetroba.org.br\/2019\/diario-da-greve-dos-petroleiros-na-bahia-5o-dia\/"},"author":{"name":"ASCOM","@id":"http:\/\/www.sindipetroba.org.br\/2019\/#\/schema\/person\/80e88dbf823328ddad08b17600055a3c"},"headline":"Di\u00e1rio da Greve dos Petroleiros na Bahia \u2013 5\u00ba dia","datePublished":"2021-03-08T21:45:58+00:00","dateModified":"2021-03-09T00:53:42+00:00","mainEntityOfPage":{"@id":"http:\/\/www.sindipetroba.org.br\/2019\/diario-da-greve-dos-petroleiros-na-bahia-5o-dia\/"},"wordCount":876,"publisher":{"@id":"http:\/\/www.sindipetroba.org.br\/2019\/#organization"},"image":{"@id":"http:\/\/www.sindipetroba.org.br\/2019\/diario-da-greve-dos-petroleiros-na-bahia-5o-dia\/#primaryimage"},"thumbnailUrl":"http:\/\/www.sindipetroba.org.br\/2019\/wp-content\/uploads\/2021\/03\/18d4bba2-60f8-43b7-8135-4e43fcbd3e89.jpg","keywords":["CAFOR","Carlos Alberto","Covid-19","petrobras","RH Corporativo da Petrobras","Sindicado dos Petroleiros do Estado da Bahia","sindipetro bahia"],"articleSection":["Not\u00edcia"],"inLanguage":"pt-BR"},{"@type":"WebPage","@id":"http:\/\/www.sindipetroba.org.br\/2019\/diario-da-greve-dos-petroleiros-na-bahia-5o-dia\/","url":"http:\/\/www.sindipetroba.org.br\/2019\/diario-da-greve-dos-petroleiros-na-bahia-5o-dia\/","name":"Di\u00e1rio da Greve dos Petroleiros na Bahia \u2013 5\u00ba dia - Sindipetro BA","isPartOf":{"@id":"http:\/\/www.sindipetroba.org.br\/2019\/#website"},"primaryImageOfPage":{"@id":"http:\/\/www.sindipetroba.org.br\/2019\/diario-da-greve-dos-petroleiros-na-bahia-5o-dia\/#primaryimage"},"image":{"@id":"http:\/\/www.sindipetroba.org.br\/2019\/diario-da-greve-dos-petroleiros-na-bahia-5o-dia\/#primaryimage"},"thumbnailUrl":"http:\/\/www.sindipetroba.org.br\/2019\/wp-content\/uploads\/2021\/03\/18d4bba2-60f8-43b7-8135-4e43fcbd3e89.jpg","datePublished":"2021-03-08T21:45:58+00:00","dateModified":"2021-03-09T00:53:42+00:00","breadcrumb":{"@id":"http:\/\/www.sindipetroba.org.br\/2019\/diario-da-greve-dos-petroleiros-na-bahia-5o-dia\/#breadcrumb"},"inLanguage":"pt-BR","potentialAction":[{"@type":"ReadAction","target":["http:\/\/www.sindipetroba.org.br\/2019\/diario-da-greve-dos-petroleiros-na-bahia-5o-dia\/"]}]},{"@type":"ImageObject","inLanguage":"pt-BR","@id":"http:\/\/www.sindipetroba.org.br\/2019\/diario-da-greve-dos-petroleiros-na-bahia-5o-dia\/#primaryimage","url":"http:\/\/www.sindipetroba.org.br\/2019\/wp-content\/uploads\/2021\/03\/18d4bba2-60f8-43b7-8135-4e43fcbd3e89.jpg","contentUrl":"http:\/\/www.sindipetroba.org.br\/2019\/wp-content\/uploads\/2021\/03\/18d4bba2-60f8-43b7-8135-4e43fcbd3e89.jpg","width":1200,"height":1200},{"@type":"BreadcrumbList","@id":"http:\/\/www.sindipetroba.org.br\/2019\/diario-da-greve-dos-petroleiros-na-bahia-5o-dia\/#breadcrumb","itemListElement":[{"@type":"ListItem","position":1,"name":"In\u00edcio","item":"http:\/\/www.sindipetroba.org.br\/2019\/"},{"@type":"ListItem","position":2,"name":"Di\u00e1rio da Greve dos Petroleiros na Bahia \u2013 5\u00ba dia"}]},{"@type":"WebSite","@id":"http:\/\/www.sindipetroba.org.br\/2019\/#website","url":"http:\/\/www.sindipetroba.org.br\/2019\/","name":"Sindipetro BA","description":"Sindicato dos Petroleiros e Petroleiras do Estado da Bahia","publisher":{"@id":"http:\/\/www.sindipetroba.org.br\/2019\/#organization"},"potentialAction":[{"@type":"SearchAction","target":{"@type":"EntryPoint","urlTemplate":"http:\/\/www.sindipetroba.org.br\/2019\/?s={search_term_string}"},"query-input":{"@type":"PropertyValueSpecification","valueRequired":true,"valueName":"search_term_string"}}],"inLanguage":"pt-BR"},{"@type":"Organization","@id":"http:\/\/www.sindipetroba.org.br\/2019\/#organization","name":"Sindipetro BA","url":"http:\/\/www.sindipetroba.org.br\/2019\/","logo":{"@type":"ImageObject","inLanguage":"pt-BR","@id":"http:\/\/www.sindipetroba.org.br\/2019\/#\/schema\/logo\/image\/","url":"http:\/\/www.sindipetroba.org.br\/2019\/wp-content\/uploads\/2019\/01\/sindipetro-marca-cor.png","contentUrl":"http:\/\/www.sindipetroba.org.br\/2019\/wp-content\/uploads\/2019\/01\/sindipetro-marca-cor.png","width":350,"height":126,"caption":"Sindipetro BA"},"image":{"@id":"http:\/\/www.sindipetroba.org.br\/2019\/#\/schema\/logo\/image\/"},"sameAs":["https:\/\/www.facebook.com\/sindipetroBa\/","https:\/\/x.com\/SindipetroBahia","https:\/\/www.instagram.com\/sindipetroba\/","https:\/\/www.youtube.com\/c\/SindipetroBahiaOficial"]},{"@type":"Person","@id":"http:\/\/www.sindipetroba.org.br\/2019\/#\/schema\/person\/80e88dbf823328ddad08b17600055a3c","name":"ASCOM","image":{"@type":"ImageObject","inLanguage":"pt-BR","@id":"https:\/\/secure.gravatar.com\/avatar\/a2ab2fd873c57926b9f03e30be8804429fd7b0d41f4f71170e45b7b7f84998a6?s=96&d=mm&r=g","url":"https:\/\/secure.gravatar.com\/avatar\/a2ab2fd873c57926b9f03e30be8804429fd7b0d41f4f71170e45b7b7f84998a6?s=96&d=mm&r=g","contentUrl":"https:\/\/secure.gravatar.com\/avatar\/a2ab2fd873c57926b9f03e30be8804429fd7b0d41f4f71170e45b7b7f84998a6?s=96&d=mm&r=g","caption":"ASCOM"},"sameAs":["http:\/\/www.sindipetroba.org.br"]}]}},"_links":{"self":[{"href":"http:\/\/www.sindipetroba.org.br\/2019\/wp-json\/wp\/v2\/posts\/11856","targetHints":{"allow":["GET"]}}],"collection":[{"href":"http:\/\/www.sindipetroba.org.br\/2019\/wp-json\/wp\/v2\/posts"}],"about":[{"href":"http:\/\/www.sindipetroba.org.br\/2019\/wp-json\/wp\/v2\/types\/post"}],"author":[{"embeddable":true,"href":"http:\/\/www.sindipetroba.org.br\/2019\/wp-json\/wp\/v2\/users\/4"}],"replies":[{"embeddable":true,"href":"http:\/\/www.sindipetroba.org.br\/2019\/wp-json\/wp\/v2\/comments?post=11856"}],"version-history":[{"count":2,"href":"http:\/\/www.sindipetroba.org.br\/2019\/wp-json\/wp\/v2\/posts\/11856\/revisions"}],"predecessor-version":[{"id":11859,"href":"http:\/\/www.sindipetroba.org.br\/2019\/wp-json\/wp\/v2\/posts\/11856\/revisions\/11859"}],"wp:featuredmedia":[{"embeddable":true,"href":"http:\/\/www.sindipetroba.org.br\/2019\/wp-json\/wp\/v2\/media\/11854"}],"wp:attachment":[{"href":"http:\/\/www.sindipetroba.org.br\/2019\/wp-json\/wp\/v2\/media?parent=11856"}],"wp:term":[{"taxonomy":"category","embeddable":true,"href":"http:\/\/www.sindipetroba.org.br\/2019\/wp-json\/wp\/v2\/categories?post=11856"},{"taxonomy":"post_tag","embeddable":true,"href":"http:\/\/www.sindipetroba.org.br\/2019\/wp-json\/wp\/v2\/tags?post=11856"}],"curies":[{"name":"wp","href":"https:\/\/api.w.org\/{rel}","templated":true}]}}