{"id":12526,"date":"2021-04-16T09:42:32","date_gmt":"2021-04-16T12:42:32","guid":{"rendered":"http:\/\/www.sindipetroba.org.br\/2019\/?p=12526"},"modified":"2021-04-16T11:39:55","modified_gmt":"2021-04-16T14:39:55","slug":"ato-virtual-em-solidariedade-a-deyvid-bacelar-reune-militancia-de-todo-o-pais","status":"publish","type":"post","link":"http:\/\/www.sindipetroba.org.br\/2019\/ato-virtual-em-solidariedade-a-deyvid-bacelar-reune-militancia-de-todo-o-pais\/","title":{"rendered":"Ato virtual em solidariedade a Deyvid Bacelar re\u00fane milit\u00e2ncia de todo o pa\u00eds"},"content":{"rendered":"<div class=\"itemHeader\"><span class=\"itemDateCreated\">Quinta, 15 Abril 2021 16:09 <\/span><\/div>\n<div class=\"itemBody\">\n<div class=\"itemImageBlock\">\n<p><i style=\"font-family: -apple-system, BlinkMacSystemFont, 'Segoe UI', Roboto, Oxygen-Sans, Ubuntu, Cantarell, 'Helvetica Neue', sans-serif;\">Realizado nesta quarta-feira (14), evento demonstrou ampla solidariedade com o coordenador da FUP , que sofreu retalia\u00e7\u00e3o da gest\u00e3o da Petrobr\u00e1s<\/i><\/p>\n<\/div>\n<\/div>\n<div class=\"itemBody\">\n<div class=\"itemFullText\">\n<p>\u201cN\u00e3o podemos aceitar de forma alguma que queiram nos silenciar&#8221;, afirmou no come\u00e7o do ato o l\u00edder do Partido dos Trabalhadores (PT) na C\u00e2mara dos Deputados, deputado Elvino Bohn Gass. \u201cDeyvid n\u00e3o est\u00e1 levantando a voz s\u00f3 por vontades corporativas da categoria dos petroleiros e petroleiras, est\u00e1 falando em nome do Brasil. A devasta\u00e7\u00e3o que a turma do [presidente Jair] Bolsonaro [sem partido] est\u00e1 fazendo no nosso pa\u00eds e na Petrobr\u00e1s precisa ser denunciada, e isso \u00e9 o que estamos fazendo\u201d, afirmou.<\/p>\n<p>Realizado na \u00faltima quarta-feira (14), o ato virtual foi motivado pela puni\u00e7\u00e3o injusta do coordenador da Federa\u00e7\u00e3o \u00danica dos Petroleiros (FUP), Deyvid Bacelar, suspenso por 29 dias pela dire\u00e7\u00e3o da Petrobr\u00e1s, ap\u00f3s participar de atividade da greve dos trabalhadores da Refinaria Landulpho Alves (Rlam), localizada na regi\u00e3o metropolitana de Salvador (BA).<\/p>\n<p>A empresa aceitou proposta de compra da refinaria do fundo de investimentos Mubadala Capital, dos Emirados \u00c1rabes Unidos, por um <a href=\"https:\/\/www.fup.org.br\/ultimas-noticias\/item\/26314-rlam-esta-sendo-vendida-por-metade-do-preco-privatizacao-cria-monopolio-regional\">pre\u00e7o abaixo do valor de mercado<\/a>. Essa subprecifica\u00e7\u00e3o motivou os petroleiros a entrarem com a\u00e7\u00e3o popular, na Justi\u00e7a Federal da Bahia, assinada tamb\u00e9m pelos senadores Jaques Wagner (PT\/BA), ex-governador da Bahia, e Otto Alencar (PSB\/BA), que preside a Comiss\u00e3o de Assuntos Econ\u00f4micos do Senado. Atualmente, o <a href=\"https:\/\/www.fup.org.br\/ultimas-noticias\/item\/26559-tcu-pode-suspender-venda-da-rlam\">Tribunal de Contas da Uni\u00e3o (TCU) analisa a suspens\u00e3o de venda do ativo<\/a>.<\/p>\n<p>Tamb\u00e9m presente no ato, a presidenta do PT, Gleisi Hoffmann, apontou que o coordenador da FUP est\u00e1 sendo perseguido \u201cpelo que representa na luta pela Petrobr\u00e1s, e pelo povo brasileiro\u201d. Essa luta, explicou, \u00e9 \u201ccontra o desmonte da maior empresa do Brasil, a mais estrat\u00e9gica para nosso desenvolvimento, e, portanto, uma luta em defesa do nosso povo\u201d.<\/p>\n<p>O deputado do Partido Socialismo e Liberdade (PSOL), Glauber Braga, destacou a \u201cimport\u00e2ncia fundamental\u201d de refor\u00e7ar uma articula\u00e7\u00e3o que \u201cse contraponha de maneira frontal \u00e0 aplica\u00e7\u00e3o da agenda ultraliberal de desmonte&#8221;. E afirmou: \u201cN\u00e3o vamos ficar de joelhos. Se Bolsonaro quer ficar de joelhos como ficou para Donald Trump, ele vai ficar sozinho. Essa milit\u00e2ncia que n\u00e3o aceita como fato consumado a entrega dos nossos recursos naturais est\u00e1 ativa para defender a autonomia e a capacidade de luta de um militante como o Deyvid, mas tamb\u00e9m para dizer: n\u00f3s n\u00e3o nos entregamos\u201d.<\/p>\n<p>O ato, promovido pela FUP e Central \u00danica dos Trabalhadores (CUT), tamb\u00e9m contou com a presen\u00e7a de pol\u00edticos como o senador Jaques Wagner (PT-BA), a deputada federal L\u00eddice da Mata (PSB-BA), a deputada federal Jandira Feghali (PCdoB-RJ), o senador Jean Paul Prates (PT-RN) e o ex-ministro Z\u00e9 Dirceu.<\/p>\n<p><b>Apoio dos movimentos sociais<\/b><\/p>\n<p>A solidariedade chegou de forma maci\u00e7a tamb\u00e9m atrav\u00e9s dos movimentos populares. Ap\u00f3s reafirmar que, atualmente, a defesa de Bacelar e a pauta da FUP se confundem com a defesa da soberania do pa\u00eds, a integrante da coordena\u00e7\u00e3o nacional do Movimento dos Atingidos por Barragens (MAB), Sonia Mara Maranho, afirmou: \u201cessa luta tamb\u00e9m \u00e9 em defesa da tarifa justa do g\u00e1s para quem coloca comida na mesa, pre\u00e7o justo para as tarifas de energia, de combust\u00edvel, e de \u00e1gua para a sociedade brasileira\u201d. A militante ainda agregou: \u201cN\u00e3o podemos deixar que os rentistas e especuladores se apropriem do patrim\u00f4nio hist\u00f3rico constru\u00eddo pela for\u00e7a dos trabalhadores e as trabalhadoras, petroleiros e petroleiras de todo esse nosso pa\u00eds\u201d.<\/p>\n<p>J\u00e1 o presidente da CUT, S\u00e9rgio Nobre, classificou a a\u00e7\u00e3o da Petrobr\u00e1s como \u201ccovarde\u201d e, por isso, deve que ser denunciada dentro e fora do pa\u00eds por \u201ctodos os democratas, aqueles que lutam e acreditam que a liberdade de express\u00e3o e organiza\u00e7\u00e3o dos trabalhadores \u00e9 um direito sagrado\u201d. Edivagno Rios, do Movimento dos Pequenos Agricultores (MPA), apontou que \u201c\u00e9 caracter\u00edstica de governos antidemocr\u00e1ticos perseguir os trabalhadores e tentar enfraquecer a organiza\u00e7\u00e3o sindical e os movimentos sociais&#8221;. Eles \u201cbuscam calar a boca daqueles que lutam, mas n\u00f3s reafirmamos nosso compromisso com a luta em defesa da soberania\u201d.<\/p>\n<p>Discurso semelhante foi proferido pela vice-presidenta da Uni\u00e3o Nacional dos Estudantes (UNE), \u00c9lida Elena: &#8220;Deyvid n\u00e3o est\u00e1 sozinho, lutaremos juntos para construir a resist\u00eancia necess\u00e1ria para tirar o Brasil dessa situa\u00e7\u00e3o, derrotar o bolsonarismo e construir um projeto nacional\u201d. Jo\u00e3o Paulo Rodrigues, do Movimento dos Trabalhadores Rurais Sem Terra (MST), acrescentou que \u201cquanto mais eles batem no Deyvid, mais forte ele fica\u201d e afirmou: \u201cN\u00e3o tenho d\u00favida nenhuma de que o movimento sindical, o conjunto dos movimentos populares e das for\u00e7as pol\u00edticas continuar\u00e3o aqui sendo solid\u00e1rias\u201d.<\/p>\n<p>A Plataforma Oper\u00e1ria e Camponesa da \u00c1gua e da Energia, o Movimento dos Trabalhadores Rurais Sem Terra (MST), o Movimento dos Atingidos por Barragens (MAB), a Uni\u00e3o Nacional dos Estudantes (UNE), Movimento dos Pequenos Agricultores (MPA),\u00a0 a Central dos Trabalhadores do Brasil (CTB), Uni\u00e3o Geral dos Trabalhadores (UGT), Nova Central Sindical de Trabalhadores (NCST) s\u00e3o algumas das organiza\u00e7\u00f5es que participaram do ato.<\/p>\n<p>Ant\u00f4nio Carlos Spis, coordenador da FUP durante a hist\u00f3rica greve de 1995, afirmou que s\u00f3 visualiza uma sa\u00edda: \u201ca unidade do movimento sindical, social, estudantil e os partidos de esquerda para peitar esse governo\u201d.<\/p>\n<p>Assista a \u00edntegra do ato no Youtube:<\/p>\n<p><a href=\"https:\/\/youtu.be\/LB0tjFETRWc\">https:\/\/youtu.be\/LB0tjFETRWc<\/a><\/p>\n<\/div>\n<div class=\"clr\"><\/div>\n<div class=\"w357-item-categories\">Publicado em <a href=\"https:\/\/fup.org.br\/ultimas-noticias\/itemlist\/category\/835-sistema-petrobras\">Sistema Petrobr\u00e1s<\/a><\/div>\n<div class=\"clr\"><\/div>\n<\/div>\n<div class=\"itemSocialSharing\">\n<div class=\"itemTwitterButton\"><\/div>\n<div class=\"itemFacebookButton\">\n<div id=\"fb-root\" class=\" fb_reset\">\n<div>\n<div><\/div>\n<\/div>\n<\/div>\n<div class=\"fb-like fb_iframe_widget\" data-width=\"200\" data-layout=\"button_count\" data-action=\"like\" data-show-faces=\"false\" data-share=\"false\">Via site FUP<\/div>\n<\/div>\n<\/div>\n","protected":false},"excerpt":{"rendered":"Quinta, 15 Abril 2021 16:09 Realizado nesta quarta-feira (14), evento demonstrou ampla solidariedade com o coordenador da FUP , que sofreu retalia\u00e7\u00e3o da gest\u00e3o da Petrobr\u00e1s \u201cN\u00e3o podemos aceitar de forma alguma que queiram nos silenciar&#8221;, afirmou no come\u00e7o do ato o l\u00edder do Partido dos Trabalhadores (PT) na C\u00e2mara dos Deputados, deputado Elvino Bohn&#8230; <a class=\"view-article\" href=\"http:\/\/www.sindipetroba.org.br\/2019\/ato-virtual-em-solidariedade-a-deyvid-bacelar-reune-militancia-de-todo-o-pais\/\">Ver artigo<\/a>","protected":false},"author":5,"featured_media":12531,"comment_status":"closed","ping_status":"open","sticky":false,"template":"","format":"standard","meta":{"_et_pb_use_builder":"","_et_pb_old_content":"","_et_gb_content_width":"","footnotes":""},"categories":[1],"tags":[1894,883,94],"class_list":["post-12526","post","type-post","status-publish","format-standard","has-post-thumbnail","hentry","category-noticia","tag-apoio-dos-movimentos-sociais","tag-deyvid-bacelar","tag-sistema-petrobras"],"yoast_head":"<!-- This site is optimized with the Yoast SEO plugin v27.3 - https:\/\/yoast.com\/product\/yoast-seo-wordpress\/ -->\n<title>Ato virtual em solidariedade a Deyvid Bacelar re\u00fane milit\u00e2ncia de todo o pa\u00eds - Sindipetro BA<\/title>\n<meta name=\"robots\" content=\"index, follow, max-snippet:-1, max-image-preview:large, max-video-preview:-1\" \/>\n<link rel=\"canonical\" href=\"http:\/\/www.sindipetroba.org.br\/2019\/ato-virtual-em-solidariedade-a-deyvid-bacelar-reune-militancia-de-todo-o-pais\/\" \/>\n<meta property=\"og:locale\" content=\"pt_BR\" \/>\n<meta property=\"og:type\" content=\"article\" \/>\n<meta property=\"og:title\" content=\"Ato virtual em solidariedade a Deyvid Bacelar re\u00fane milit\u00e2ncia de todo o pa\u00eds - Sindipetro BA\" \/>\n<meta property=\"og:description\" content=\"Quinta, 15 Abril 2021 16:09 Realizado nesta quarta-feira (14), evento demonstrou ampla solidariedade com o coordenador da FUP , que sofreu retalia\u00e7\u00e3o da gest\u00e3o da Petrobr\u00e1s \u201cN\u00e3o podemos aceitar de forma alguma que queiram nos silenciar&#8221;, afirmou no come\u00e7o do ato o l\u00edder do Partido dos Trabalhadores (PT) na C\u00e2mara dos Deputados, deputado Elvino Bohn... Ver artigo\" \/>\n<meta property=\"og:url\" content=\"http:\/\/www.sindipetroba.org.br\/2019\/ato-virtual-em-solidariedade-a-deyvid-bacelar-reune-militancia-de-todo-o-pais\/\" \/>\n<meta property=\"og:site_name\" content=\"Sindipetro BA\" \/>\n<meta property=\"article:publisher\" content=\"https:\/\/www.facebook.com\/sindipetroBa\/\" \/>\n<meta property=\"article:published_time\" content=\"2021-04-16T12:42:32+00:00\" \/>\n<meta property=\"article:modified_time\" content=\"2021-04-16T14:39:55+00:00\" \/>\n<meta property=\"og:image\" content=\"http:\/\/www.sindipetroba.org.br\/2019\/wp-content\/uploads\/2021\/04\/DEYVID-FUP.jpeg\" \/>\n\t<meta property=\"og:image:width\" content=\"900\" \/>\n\t<meta property=\"og:image:height\" content=\"506\" \/>\n\t<meta property=\"og:image:type\" content=\"image\/jpeg\" \/>\n<meta name=\"author\" content=\"ASCOM LH\" \/>\n<meta name=\"twitter:card\" content=\"summary_large_image\" \/>\n<meta name=\"twitter:creator\" content=\"@SindipetroBahia\" \/>\n<meta name=\"twitter:site\" content=\"@SindipetroBahia\" \/>\n<meta name=\"twitter:label1\" content=\"Escrito por\" \/>\n\t<meta name=\"twitter:data1\" content=\"ASCOM LH\" \/>\n\t<meta name=\"twitter:label2\" content=\"Est. tempo de leitura\" \/>\n\t<meta name=\"twitter:data2\" content=\"4 minutos\" \/>\n<script type=\"application\/ld+json\" class=\"yoast-schema-graph\">{\"@context\":\"https:\\\/\\\/schema.org\",\"@graph\":[{\"@type\":\"Article\",\"@id\":\"http:\\\/\\\/www.sindipetroba.org.br\\\/2019\\\/ato-virtual-em-solidariedade-a-deyvid-bacelar-reune-militancia-de-todo-o-pais\\\/#article\",\"isPartOf\":{\"@id\":\"http:\\\/\\\/www.sindipetroba.org.br\\\/2019\\\/ato-virtual-em-solidariedade-a-deyvid-bacelar-reune-militancia-de-todo-o-pais\\\/\"},\"author\":{\"name\":\"ASCOM LH\",\"@id\":\"http:\\\/\\\/www.sindipetroba.org.br\\\/2019\\\/#\\\/schema\\\/person\\\/72a6cd7d4c9df602b5b1d4f0ac95d3b5\"},\"headline\":\"Ato virtual em solidariedade a Deyvid Bacelar re\u00fane milit\u00e2ncia de todo o pa\u00eds\",\"datePublished\":\"2021-04-16T12:42:32+00:00\",\"dateModified\":\"2021-04-16T14:39:55+00:00\",\"mainEntityOfPage\":{\"@id\":\"http:\\\/\\\/www.sindipetroba.org.br\\\/2019\\\/ato-virtual-em-solidariedade-a-deyvid-bacelar-reune-militancia-de-todo-o-pais\\\/\"},\"wordCount\":945,\"publisher\":{\"@id\":\"http:\\\/\\\/www.sindipetroba.org.br\\\/2019\\\/#organization\"},\"image\":{\"@id\":\"http:\\\/\\\/www.sindipetroba.org.br\\\/2019\\\/ato-virtual-em-solidariedade-a-deyvid-bacelar-reune-militancia-de-todo-o-pais\\\/#primaryimage\"},\"thumbnailUrl\":\"http:\\\/\\\/www.sindipetroba.org.br\\\/2019\\\/wp-content\\\/uploads\\\/2021\\\/04\\\/DEYVID-FUP.jpeg\",\"keywords\":[\"apoio dos movimentos sociais\",\"Deyvid Bacelar\",\"Sistema Petrobr\u00e1s\"],\"articleSection\":[\"Not\u00edcia\"],\"inLanguage\":\"pt-BR\"},{\"@type\":\"WebPage\",\"@id\":\"http:\\\/\\\/www.sindipetroba.org.br\\\/2019\\\/ato-virtual-em-solidariedade-a-deyvid-bacelar-reune-militancia-de-todo-o-pais\\\/\",\"url\":\"http:\\\/\\\/www.sindipetroba.org.br\\\/2019\\\/ato-virtual-em-solidariedade-a-deyvid-bacelar-reune-militancia-de-todo-o-pais\\\/\",\"name\":\"Ato virtual em solidariedade a Deyvid Bacelar re\u00fane milit\u00e2ncia de todo o pa\u00eds - Sindipetro BA\",\"isPartOf\":{\"@id\":\"http:\\\/\\\/www.sindipetroba.org.br\\\/2019\\\/#website\"},\"primaryImageOfPage\":{\"@id\":\"http:\\\/\\\/www.sindipetroba.org.br\\\/2019\\\/ato-virtual-em-solidariedade-a-deyvid-bacelar-reune-militancia-de-todo-o-pais\\\/#primaryimage\"},\"image\":{\"@id\":\"http:\\\/\\\/www.sindipetroba.org.br\\\/2019\\\/ato-virtual-em-solidariedade-a-deyvid-bacelar-reune-militancia-de-todo-o-pais\\\/#primaryimage\"},\"thumbnailUrl\":\"http:\\\/\\\/www.sindipetroba.org.br\\\/2019\\\/wp-content\\\/uploads\\\/2021\\\/04\\\/DEYVID-FUP.jpeg\",\"datePublished\":\"2021-04-16T12:42:32+00:00\",\"dateModified\":\"2021-04-16T14:39:55+00:00\",\"breadcrumb\":{\"@id\":\"http:\\\/\\\/www.sindipetroba.org.br\\\/2019\\\/ato-virtual-em-solidariedade-a-deyvid-bacelar-reune-militancia-de-todo-o-pais\\\/#breadcrumb\"},\"inLanguage\":\"pt-BR\",\"potentialAction\":[{\"@type\":\"ReadAction\",\"target\":[\"http:\\\/\\\/www.sindipetroba.org.br\\\/2019\\\/ato-virtual-em-solidariedade-a-deyvid-bacelar-reune-militancia-de-todo-o-pais\\\/\"]}]},{\"@type\":\"ImageObject\",\"inLanguage\":\"pt-BR\",\"@id\":\"http:\\\/\\\/www.sindipetroba.org.br\\\/2019\\\/ato-virtual-em-solidariedade-a-deyvid-bacelar-reune-militancia-de-todo-o-pais\\\/#primaryimage\",\"url\":\"http:\\\/\\\/www.sindipetroba.org.br\\\/2019\\\/wp-content\\\/uploads\\\/2021\\\/04\\\/DEYVID-FUP.jpeg\",\"contentUrl\":\"http:\\\/\\\/www.sindipetroba.org.br\\\/2019\\\/wp-content\\\/uploads\\\/2021\\\/04\\\/DEYVID-FUP.jpeg\",\"width\":900,\"height\":506},{\"@type\":\"BreadcrumbList\",\"@id\":\"http:\\\/\\\/www.sindipetroba.org.br\\\/2019\\\/ato-virtual-em-solidariedade-a-deyvid-bacelar-reune-militancia-de-todo-o-pais\\\/#breadcrumb\",\"itemListElement\":[{\"@type\":\"ListItem\",\"position\":1,\"name\":\"In\u00edcio\",\"item\":\"http:\\\/\\\/www.sindipetroba.org.br\\\/2019\\\/\"},{\"@type\":\"ListItem\",\"position\":2,\"name\":\"Ato virtual em solidariedade a Deyvid Bacelar re\u00fane milit\u00e2ncia de todo o pa\u00eds\"}]},{\"@type\":\"WebSite\",\"@id\":\"http:\\\/\\\/www.sindipetroba.org.br\\\/2019\\\/#website\",\"url\":\"http:\\\/\\\/www.sindipetroba.org.br\\\/2019\\\/\",\"name\":\"Sindipetro BA\",\"description\":\"Sindicato dos Petroleiros e Petroleiras do Estado da Bahia\",\"publisher\":{\"@id\":\"http:\\\/\\\/www.sindipetroba.org.br\\\/2019\\\/#organization\"},\"potentialAction\":[{\"@type\":\"SearchAction\",\"target\":{\"@type\":\"EntryPoint\",\"urlTemplate\":\"http:\\\/\\\/www.sindipetroba.org.br\\\/2019\\\/?s={search_term_string}\"},\"query-input\":{\"@type\":\"PropertyValueSpecification\",\"valueRequired\":true,\"valueName\":\"search_term_string\"}}],\"inLanguage\":\"pt-BR\"},{\"@type\":\"Organization\",\"@id\":\"http:\\\/\\\/www.sindipetroba.org.br\\\/2019\\\/#organization\",\"name\":\"Sindipetro BA\",\"url\":\"http:\\\/\\\/www.sindipetroba.org.br\\\/2019\\\/\",\"logo\":{\"@type\":\"ImageObject\",\"inLanguage\":\"pt-BR\",\"@id\":\"http:\\\/\\\/www.sindipetroba.org.br\\\/2019\\\/#\\\/schema\\\/logo\\\/image\\\/\",\"url\":\"http:\\\/\\\/www.sindipetroba.org.br\\\/2019\\\/wp-content\\\/uploads\\\/2019\\\/01\\\/sindipetro-marca-cor.png\",\"contentUrl\":\"http:\\\/\\\/www.sindipetroba.org.br\\\/2019\\\/wp-content\\\/uploads\\\/2019\\\/01\\\/sindipetro-marca-cor.png\",\"width\":350,\"height\":126,\"caption\":\"Sindipetro BA\"},\"image\":{\"@id\":\"http:\\\/\\\/www.sindipetroba.org.br\\\/2019\\\/#\\\/schema\\\/logo\\\/image\\\/\"},\"sameAs\":[\"https:\\\/\\\/www.facebook.com\\\/sindipetroBa\\\/\",\"https:\\\/\\\/x.com\\\/SindipetroBahia\",\"https:\\\/\\\/www.instagram.com\\\/sindipetroba\\\/\",\"https:\\\/\\\/www.youtube.com\\\/c\\\/SindipetroBahiaOficial\"]},{\"@type\":\"Person\",\"@id\":\"http:\\\/\\\/www.sindipetroba.org.br\\\/2019\\\/#\\\/schema\\\/person\\\/72a6cd7d4c9df602b5b1d4f0ac95d3b5\",\"name\":\"ASCOM LH\",\"image\":{\"@type\":\"ImageObject\",\"inLanguage\":\"pt-BR\",\"@id\":\"https:\\\/\\\/secure.gravatar.com\\\/avatar\\\/d074b4cc54d766fa6795561991fa0f7c17b5f93fc3946b2fb84691e4e5fb9230?s=96&d=mm&r=g\",\"url\":\"https:\\\/\\\/secure.gravatar.com\\\/avatar\\\/d074b4cc54d766fa6795561991fa0f7c17b5f93fc3946b2fb84691e4e5fb9230?s=96&d=mm&r=g\",\"contentUrl\":\"https:\\\/\\\/secure.gravatar.com\\\/avatar\\\/d074b4cc54d766fa6795561991fa0f7c17b5f93fc3946b2fb84691e4e5fb9230?s=96&d=mm&r=g\",\"caption\":\"ASCOM LH\"},\"sameAs\":[\"http:\\\/\\\/www.sindipetroba.org.br\\\/\"]}]}<\/script>\n<!-- \/ Yoast SEO plugin. -->","yoast_head_json":{"title":"Ato virtual em solidariedade a Deyvid Bacelar re\u00fane milit\u00e2ncia de todo o pa\u00eds - Sindipetro BA","robots":{"index":"index","follow":"follow","max-snippet":"max-snippet:-1","max-image-preview":"max-image-preview:large","max-video-preview":"max-video-preview:-1"},"canonical":"http:\/\/www.sindipetroba.org.br\/2019\/ato-virtual-em-solidariedade-a-deyvid-bacelar-reune-militancia-de-todo-o-pais\/","og_locale":"pt_BR","og_type":"article","og_title":"Ato virtual em solidariedade a Deyvid Bacelar re\u00fane milit\u00e2ncia de todo o pa\u00eds - Sindipetro BA","og_description":"Quinta, 15 Abril 2021 16:09 Realizado nesta quarta-feira (14), evento demonstrou ampla solidariedade com o coordenador da FUP , que sofreu retalia\u00e7\u00e3o da gest\u00e3o da Petrobr\u00e1s \u201cN\u00e3o podemos aceitar de forma alguma que queiram nos silenciar&#8221;, afirmou no come\u00e7o do ato o l\u00edder do Partido dos Trabalhadores (PT) na C\u00e2mara dos Deputados, deputado Elvino Bohn... Ver artigo","og_url":"http:\/\/www.sindipetroba.org.br\/2019\/ato-virtual-em-solidariedade-a-deyvid-bacelar-reune-militancia-de-todo-o-pais\/","og_site_name":"Sindipetro BA","article_publisher":"https:\/\/www.facebook.com\/sindipetroBa\/","article_published_time":"2021-04-16T12:42:32+00:00","article_modified_time":"2021-04-16T14:39:55+00:00","og_image":[{"width":900,"height":506,"url":"http:\/\/www.sindipetroba.org.br\/2019\/wp-content\/uploads\/2021\/04\/DEYVID-FUP.jpeg","type":"image\/jpeg"}],"author":"ASCOM LH","twitter_card":"summary_large_image","twitter_creator":"@SindipetroBahia","twitter_site":"@SindipetroBahia","twitter_misc":{"Escrito por":"ASCOM LH","Est. tempo de leitura":"4 minutos"},"schema":{"@context":"https:\/\/schema.org","@graph":[{"@type":"Article","@id":"http:\/\/www.sindipetroba.org.br\/2019\/ato-virtual-em-solidariedade-a-deyvid-bacelar-reune-militancia-de-todo-o-pais\/#article","isPartOf":{"@id":"http:\/\/www.sindipetroba.org.br\/2019\/ato-virtual-em-solidariedade-a-deyvid-bacelar-reune-militancia-de-todo-o-pais\/"},"author":{"name":"ASCOM LH","@id":"http:\/\/www.sindipetroba.org.br\/2019\/#\/schema\/person\/72a6cd7d4c9df602b5b1d4f0ac95d3b5"},"headline":"Ato virtual em solidariedade a Deyvid Bacelar re\u00fane milit\u00e2ncia de todo o pa\u00eds","datePublished":"2021-04-16T12:42:32+00:00","dateModified":"2021-04-16T14:39:55+00:00","mainEntityOfPage":{"@id":"http:\/\/www.sindipetroba.org.br\/2019\/ato-virtual-em-solidariedade-a-deyvid-bacelar-reune-militancia-de-todo-o-pais\/"},"wordCount":945,"publisher":{"@id":"http:\/\/www.sindipetroba.org.br\/2019\/#organization"},"image":{"@id":"http:\/\/www.sindipetroba.org.br\/2019\/ato-virtual-em-solidariedade-a-deyvid-bacelar-reune-militancia-de-todo-o-pais\/#primaryimage"},"thumbnailUrl":"http:\/\/www.sindipetroba.org.br\/2019\/wp-content\/uploads\/2021\/04\/DEYVID-FUP.jpeg","keywords":["apoio dos movimentos sociais","Deyvid Bacelar","Sistema Petrobr\u00e1s"],"articleSection":["Not\u00edcia"],"inLanguage":"pt-BR"},{"@type":"WebPage","@id":"http:\/\/www.sindipetroba.org.br\/2019\/ato-virtual-em-solidariedade-a-deyvid-bacelar-reune-militancia-de-todo-o-pais\/","url":"http:\/\/www.sindipetroba.org.br\/2019\/ato-virtual-em-solidariedade-a-deyvid-bacelar-reune-militancia-de-todo-o-pais\/","name":"Ato virtual em solidariedade a Deyvid Bacelar re\u00fane milit\u00e2ncia de todo o pa\u00eds - Sindipetro BA","isPartOf":{"@id":"http:\/\/www.sindipetroba.org.br\/2019\/#website"},"primaryImageOfPage":{"@id":"http:\/\/www.sindipetroba.org.br\/2019\/ato-virtual-em-solidariedade-a-deyvid-bacelar-reune-militancia-de-todo-o-pais\/#primaryimage"},"image":{"@id":"http:\/\/www.sindipetroba.org.br\/2019\/ato-virtual-em-solidariedade-a-deyvid-bacelar-reune-militancia-de-todo-o-pais\/#primaryimage"},"thumbnailUrl":"http:\/\/www.sindipetroba.org.br\/2019\/wp-content\/uploads\/2021\/04\/DEYVID-FUP.jpeg","datePublished":"2021-04-16T12:42:32+00:00","dateModified":"2021-04-16T14:39:55+00:00","breadcrumb":{"@id":"http:\/\/www.sindipetroba.org.br\/2019\/ato-virtual-em-solidariedade-a-deyvid-bacelar-reune-militancia-de-todo-o-pais\/#breadcrumb"},"inLanguage":"pt-BR","potentialAction":[{"@type":"ReadAction","target":["http:\/\/www.sindipetroba.org.br\/2019\/ato-virtual-em-solidariedade-a-deyvid-bacelar-reune-militancia-de-todo-o-pais\/"]}]},{"@type":"ImageObject","inLanguage":"pt-BR","@id":"http:\/\/www.sindipetroba.org.br\/2019\/ato-virtual-em-solidariedade-a-deyvid-bacelar-reune-militancia-de-todo-o-pais\/#primaryimage","url":"http:\/\/www.sindipetroba.org.br\/2019\/wp-content\/uploads\/2021\/04\/DEYVID-FUP.jpeg","contentUrl":"http:\/\/www.sindipetroba.org.br\/2019\/wp-content\/uploads\/2021\/04\/DEYVID-FUP.jpeg","width":900,"height":506},{"@type":"BreadcrumbList","@id":"http:\/\/www.sindipetroba.org.br\/2019\/ato-virtual-em-solidariedade-a-deyvid-bacelar-reune-militancia-de-todo-o-pais\/#breadcrumb","itemListElement":[{"@type":"ListItem","position":1,"name":"In\u00edcio","item":"http:\/\/www.sindipetroba.org.br\/2019\/"},{"@type":"ListItem","position":2,"name":"Ato virtual em solidariedade a Deyvid Bacelar re\u00fane milit\u00e2ncia de todo o pa\u00eds"}]},{"@type":"WebSite","@id":"http:\/\/www.sindipetroba.org.br\/2019\/#website","url":"http:\/\/www.sindipetroba.org.br\/2019\/","name":"Sindipetro BA","description":"Sindicato dos Petroleiros e Petroleiras do Estado da Bahia","publisher":{"@id":"http:\/\/www.sindipetroba.org.br\/2019\/#organization"},"potentialAction":[{"@type":"SearchAction","target":{"@type":"EntryPoint","urlTemplate":"http:\/\/www.sindipetroba.org.br\/2019\/?s={search_term_string}"},"query-input":{"@type":"PropertyValueSpecification","valueRequired":true,"valueName":"search_term_string"}}],"inLanguage":"pt-BR"},{"@type":"Organization","@id":"http:\/\/www.sindipetroba.org.br\/2019\/#organization","name":"Sindipetro BA","url":"http:\/\/www.sindipetroba.org.br\/2019\/","logo":{"@type":"ImageObject","inLanguage":"pt-BR","@id":"http:\/\/www.sindipetroba.org.br\/2019\/#\/schema\/logo\/image\/","url":"http:\/\/www.sindipetroba.org.br\/2019\/wp-content\/uploads\/2019\/01\/sindipetro-marca-cor.png","contentUrl":"http:\/\/www.sindipetroba.org.br\/2019\/wp-content\/uploads\/2019\/01\/sindipetro-marca-cor.png","width":350,"height":126,"caption":"Sindipetro BA"},"image":{"@id":"http:\/\/www.sindipetroba.org.br\/2019\/#\/schema\/logo\/image\/"},"sameAs":["https:\/\/www.facebook.com\/sindipetroBa\/","https:\/\/x.com\/SindipetroBahia","https:\/\/www.instagram.com\/sindipetroba\/","https:\/\/www.youtube.com\/c\/SindipetroBahiaOficial"]},{"@type":"Person","@id":"http:\/\/www.sindipetroba.org.br\/2019\/#\/schema\/person\/72a6cd7d4c9df602b5b1d4f0ac95d3b5","name":"ASCOM LH","image":{"@type":"ImageObject","inLanguage":"pt-BR","@id":"https:\/\/secure.gravatar.com\/avatar\/d074b4cc54d766fa6795561991fa0f7c17b5f93fc3946b2fb84691e4e5fb9230?s=96&d=mm&r=g","url":"https:\/\/secure.gravatar.com\/avatar\/d074b4cc54d766fa6795561991fa0f7c17b5f93fc3946b2fb84691e4e5fb9230?s=96&d=mm&r=g","contentUrl":"https:\/\/secure.gravatar.com\/avatar\/d074b4cc54d766fa6795561991fa0f7c17b5f93fc3946b2fb84691e4e5fb9230?s=96&d=mm&r=g","caption":"ASCOM LH"},"sameAs":["http:\/\/www.sindipetroba.org.br\/"]}]}},"_links":{"self":[{"href":"http:\/\/www.sindipetroba.org.br\/2019\/wp-json\/wp\/v2\/posts\/12526","targetHints":{"allow":["GET"]}}],"collection":[{"href":"http:\/\/www.sindipetroba.org.br\/2019\/wp-json\/wp\/v2\/posts"}],"about":[{"href":"http:\/\/www.sindipetroba.org.br\/2019\/wp-json\/wp\/v2\/types\/post"}],"author":[{"embeddable":true,"href":"http:\/\/www.sindipetroba.org.br\/2019\/wp-json\/wp\/v2\/users\/5"}],"replies":[{"embeddable":true,"href":"http:\/\/www.sindipetroba.org.br\/2019\/wp-json\/wp\/v2\/comments?post=12526"}],"version-history":[{"count":4,"href":"http:\/\/www.sindipetroba.org.br\/2019\/wp-json\/wp\/v2\/posts\/12526\/revisions"}],"predecessor-version":[{"id":12545,"href":"http:\/\/www.sindipetroba.org.br\/2019\/wp-json\/wp\/v2\/posts\/12526\/revisions\/12545"}],"wp:featuredmedia":[{"embeddable":true,"href":"http:\/\/www.sindipetroba.org.br\/2019\/wp-json\/wp\/v2\/media\/12531"}],"wp:attachment":[{"href":"http:\/\/www.sindipetroba.org.br\/2019\/wp-json\/wp\/v2\/media?parent=12526"}],"wp:term":[{"taxonomy":"category","embeddable":true,"href":"http:\/\/www.sindipetroba.org.br\/2019\/wp-json\/wp\/v2\/categories?post=12526"},{"taxonomy":"post_tag","embeddable":true,"href":"http:\/\/www.sindipetroba.org.br\/2019\/wp-json\/wp\/v2\/tags?post=12526"}],"curies":[{"name":"wp","href":"https:\/\/api.w.org\/{rel}","templated":true}]}}