{"id":12988,"date":"2021-05-11T10:26:29","date_gmt":"2021-05-11T13:26:29","guid":{"rendered":"http:\/\/www.sindipetroba.org.br\/2019\/?p=12988"},"modified":"2021-05-11T12:36:22","modified_gmt":"2021-05-11T15:36:22","slug":"audiencia-publica-debate-privatizacao-da-refinaria-abreu-e-lima-na-camara-municipal-de-recife","status":"publish","type":"post","link":"http:\/\/www.sindipetroba.org.br\/2019\/audiencia-publica-debate-privatizacao-da-refinaria-abreu-e-lima-na-camara-municipal-de-recife\/","title":{"rendered":"Audi\u00eancia P\u00fablica debate privatiza\u00e7\u00e3o da Refinaria Abreu e Lima na C\u00e2mara Municipal de Recife"},"content":{"rendered":"<p><span lang=\"pt-BR\">A C\u00e2mara Municipal do Recife, promoveu nesta segunda-feira (10\/05) \u00e0 iniciativa do vereador Osmar Ricardo (PT) uma Audi\u00eancia P\u00fablica para debater a privatiza\u00e7\u00e3o da Refinaria Abreu e Lima, <\/span>localizada no Complexo Industrial Portu\u00e1rio de Suape, a 45 km do Recife, em Pernambuco. O evento, realizado de forma virtual, reuniu especialistas e lideran\u00e7as dos trabalhadores para discutir os impactos da poss\u00edvel venda da refinaria.<\/p>\n<p>Ricardo, disse que se esse debate \u00e9 muito importante porque \u201ca refinaria \u00e9 um patrim\u00f3nio de Pernambuco, do Brasil e seu povo, esse mesmo povo brasileiro que \u00e9 quem perdeu com o golpe\u201d. E acrescentou: \u201choje em dia temos um presidente que n\u00e3o procura cuidar das pessoas, e por isso precisamos trazer de volta um governo que defenda os direitos do povo. A luta que vai ter que ser constante, e a luta contra as privatiza\u00e7\u00f5es \u00e9 uma das mais importantes\u201d.<\/p>\n<p>Cloviomar Cararine, pesquisador do Departamento Intersindical de Estat\u00edstica e Estudos Socioecon\u00f4micos (DIEESE)\u00a0, contextualizou a import\u00e2ncia da refinaria: \u201cConstru\u00edda em 2014 Abreu e Lima ela marca um per\u00edodo importante porque a a sua constru\u00e7\u00e3o e inaugura\u00e7\u00e3o acaba com 34 anos sem constru\u00e7\u00e3o de novas refinarias no Brasil. Tem capacidade de produ\u00e7\u00e3o de um bem que \u00e9 fundamental, que \u00e9 o diesel, e um diesel de qualidade superior. Por tanto, \u00e9 uma refinaria estrat\u00e9gica para abastecer o Brasil\u201d.<\/p>\n<p>Nesse sentido, citou as cifras de produ\u00e7\u00e3o que demonstram essa import\u00e2ncia: \u201cSe compararmos a produ\u00e7\u00e3o da refinaria, e o consumo do estado de Pernambuco, percebemos que em \u00f3leo diesel por exemplo, a refinaria produz o dobro do que consome o estado, 200% a mais, em \u00f3leo combust\u00edvel \u00e9 %1000 por cento a mais\u201d.<\/p>\n<p>O deputado federal Carlos Veras (PT-PE), afirmou: \u201cPrivatizar vai retirar empregos, vai aumentar o pre\u00e7o dos combust\u00edveis, do g\u00e1s de cozinha, como tem aumentado, e quem vai pagar essa conta \u00e9 o povo brasileiro, que sofre esse processo de entrega do patrim\u00f4nio do nosso patrim\u00f4nio. Estamos perante um governo entreguista, que quer destruir as pol\u00edticas p\u00fablicas, e tudo o que o povo brasileiro levou tanto tempo para construir, vemos nosso pa\u00eds sendo entregue em bandeja. Precisamos lutar para que isso n\u00e3o aconte\u00e7a\u201d. E agregou: \u201cEsse n\u00e3o \u00e9 um debate de uma privatiza\u00e7\u00e3o pontual, o que est\u00e1 em jogo e a soberania nacional, e o que representam os constantes ataques \u00e0 Petrobr\u00e1s\u201d.<\/p>\n<p><b>Petroleiros em luta<\/b><\/p>\n<p>O coordenador da Federa\u00e7\u00e3o \u00danica dos Petroleiros, Deyvid Bacelar afirmou que \u201co presidente Bolsonaro mentiu\u201d ao afirmar que essa refinaria nunca funcionou: \u201cEle que \u00e9 o pai das fake news mais uma vez utiliza essa ferramenta para enganar a popula\u00e7\u00e3o. \u00c9 tamanha falta de desconhecimento, ou tamanha m\u00e1-f\u00e9 do presidente, sendo que a RNEST refina 115 mil barris de petr\u00f3leo por dia, est\u00e1 em funcionamento, e produzindo diesel de alt\u00edssima qualidade\u201d.<\/p>\n<p>Bacelar explicou que \u201ccaso essa refinaria venha ser entregue ao capital internacional, um dos primeiros impactos ser\u00e3o sofridos pelos trabalhadores e trabalhadoras, j\u00e1 que os privados v\u00e3o tentar minimizar seus custos, e maximizar seus lucros\u201d. Nesse sentido, explicou, \u201ca privatiza\u00e7\u00e3o promove menos emprego, e emprego de qualidade inferior\u201d. Um segundo impacto, que a pr\u00f3pria ANP j\u00e1 alerta, \u00e9 a possibilidade de desabastecimento, j\u00e1 que os investidores poder\u00e3o decidir n\u00e3o produzir determinados produtos.<\/p>\n<p>Para Bacelar, \u201cessas privatiza\u00e7\u00f5es promover\u00e3o monop\u00f3lios regionais privados em v\u00e1rias regi\u00f5es do pa\u00eds\u201d. E analiza: \u201cHoje j\u00e1 est\u00e1 caro, gasolina passando de 6 reais em alguns estados, diesel passando de 5 reais em outros, g\u00e1s de cozinha em 100 reais. Esse processo de privatiza\u00e7\u00e3o pode piorar ainda mais essa situa\u00e7\u00e3o. Temos a possibilidade de haver um monop\u00f3lio de um investidor internacional que n\u00e3o tem compromisso algum com o cidad\u00e3o de Pernambuco nem do Brasil, e pode trabalhar com o pre\u00e7o que quiser. O cidad\u00e3o vai ter que se submeter a esses pre\u00e7os que ser\u00e3o determinados\u201d.<\/p>\n<p><span lang=\"pt-BR\">Rog\u00e9rio Almeida,<\/span> diretor do Sindipetro PE\/PB, <span lang=\"pt-BR\">destacou a import\u00e2ncia de \u201cter um campo de refino robusto, num pa\u00eds onde vem crescendo de forma exponencial a produ\u00e7\u00e3o de petr\u00f3leo desde a descoberta do pre-sal precisamos ter cada vez mais refinarias, porque o que agrega valor e traz riqueza na \u00e1rea do petr\u00f3leo \u00e9 o produto refinado. A refinaria Abreu e Lima, \u00e9 a cereja do bolo, mas o processo que est\u00e1 em curso tenta entregar o 50% do mercado de refino. Deixar essa por\u00e7\u00e3o na m\u00e3o de multinacionais estrangeiras \u00e9 um crime\u201d.<\/span><\/p>\n<p><span lang=\"pt-BR\">A audi\u00eancia contou tamb\u00e9m com a presen\u00e7a de Paulo Bismarck, secretario executivo do Procon Recife, os vereadores Ivan Moraes (Psol), Marco Aur\u00e9lio Filho (PRTB), a vereadora Dani Portela (Psol), e Thiago Gomes, do Sindipetro-BA. <\/span><span lang=\"pt-BR\">O Procon se disponibilizou a questionar o Conselho Administrativo de Defesa Econ\u00f4mica (CADE) em rela\u00e7\u00e3o \u00e0 poss\u00edvel consolida\u00e7\u00e3o de um monop\u00f3lio na regi\u00e3o, o que afetaria os usu\u00e1rios.\u00a0Ao final da audi\u00eancia, Osmar Ricardo destacou que v\u00eddeos e abaixo-assinados ser\u00e3o organizados para chamar a aten\u00e7\u00e3o da popula\u00e7\u00e3o.<\/span><\/p>\n<p><em><strong>Assista na \u00edntegra:\u00a0<\/strong><\/em><\/p>\n<p><iframe loading=\"lazy\" title=\"Audi\u00eancia P\u00fablica - Tema:&quot; A privatiza\u00e7\u00e3o da Refinaria Abreu e Lima&quot; do dia 10\/05\/2021\" width=\"900\" height=\"506\" src=\"https:\/\/www.youtube.com\/embed\/d_6n6CaTvEo?feature=oembed\" frameborder=\"0\" allow=\"accelerometer; autoplay; clipboard-write; encrypted-media; gyroscope; picture-in-picture\" allowfullscreen><\/iframe><\/p>\n<p>&nbsp;<\/p>\n<p>VIA FUP<\/p>\n","protected":false},"excerpt":{"rendered":"A C\u00e2mara Municipal do Recife, promoveu nesta segunda-feira (10\/05) \u00e0 iniciativa do vereador Osmar Ricardo (PT) uma Audi\u00eancia P\u00fablica para debater a privatiza\u00e7\u00e3o da Refinaria Abreu e Lima, localizada no Complexo Industrial Portu\u00e1rio de Suape, a 45 km do Recife, em Pernambuco. O evento, realizado de forma virtual, reuniu especialistas e lideran\u00e7as dos trabalhadores para&#8230; <a class=\"view-article\" href=\"http:\/\/www.sindipetroba.org.br\/2019\/audiencia-publica-debate-privatizacao-da-refinaria-abreu-e-lima-na-camara-municipal-de-recife\/\">Ver artigo<\/a>","protected":false},"author":4,"featured_media":12991,"comment_status":"closed","ping_status":"open","sticky":false,"template":"","format":"standard","meta":{"_et_pb_use_builder":"","_et_pb_old_content":"","_et_gb_content_width":"","footnotes":""},"categories":[1],"tags":[363,320,1839,2047,2049,883,151,494,2045,2046,2048],"class_list":["post-12988","post","type-post","status-publish","format-standard","has-post-thumbnail","hentry","category-noticia","tag-audiencia-publica","tag-bolsonaro","tag-cloviomar-cararine","tag-complexo-industrial-portuario-de-suape","tag-departamento-intersindical-de-estatistica-e-estudos-socioeconomicos","tag-deyvid-bacelar","tag-dieese","tag-federacao-unica-dos-petroleiros","tag-osmar-ricardo","tag-recife","tag-refinaria-abreu-e-lima"],"yoast_head":"<!-- This site is optimized with the Yoast SEO plugin v27.3 - https:\/\/yoast.com\/product\/yoast-seo-wordpress\/ -->\n<title>Audi\u00eancia P\u00fablica debate privatiza\u00e7\u00e3o da Refinaria Abreu e Lima na C\u00e2mara Municipal de Recife - Sindipetro BA<\/title>\n<meta name=\"robots\" content=\"index, follow, max-snippet:-1, max-image-preview:large, max-video-preview:-1\" \/>\n<link rel=\"canonical\" href=\"http:\/\/www.sindipetroba.org.br\/2019\/audiencia-publica-debate-privatizacao-da-refinaria-abreu-e-lima-na-camara-municipal-de-recife\/\" \/>\n<meta property=\"og:locale\" content=\"pt_BR\" \/>\n<meta property=\"og:type\" content=\"article\" \/>\n<meta property=\"og:title\" content=\"Audi\u00eancia P\u00fablica debate privatiza\u00e7\u00e3o da Refinaria Abreu e Lima na C\u00e2mara Municipal de Recife - Sindipetro BA\" \/>\n<meta property=\"og:description\" content=\"A C\u00e2mara Municipal do Recife, promoveu nesta segunda-feira (10\/05) \u00e0 iniciativa do vereador Osmar Ricardo (PT) uma Audi\u00eancia P\u00fablica para debater a privatiza\u00e7\u00e3o da Refinaria Abreu e Lima, localizada no Complexo Industrial Portu\u00e1rio de Suape, a 45 km do Recife, em Pernambuco. O evento, realizado de forma virtual, reuniu especialistas e lideran\u00e7as dos trabalhadores para... Ver artigo\" \/>\n<meta property=\"og:url\" content=\"http:\/\/www.sindipetroba.org.br\/2019\/audiencia-publica-debate-privatizacao-da-refinaria-abreu-e-lima-na-camara-municipal-de-recife\/\" \/>\n<meta property=\"og:site_name\" content=\"Sindipetro BA\" \/>\n<meta property=\"article:publisher\" content=\"https:\/\/www.facebook.com\/sindipetroBa\/\" \/>\n<meta property=\"article:published_time\" content=\"2021-05-11T13:26:29+00:00\" \/>\n<meta property=\"article:modified_time\" content=\"2021-05-11T15:36:22+00:00\" \/>\n<meta property=\"og:image\" content=\"http:\/\/www.sindipetroba.org.br\/2019\/wp-content\/uploads\/2021\/05\/2bbf65607d5324668180dfab8742592e_L.jpg\" \/>\n\t<meta property=\"og:image:width\" content=\"900\" \/>\n\t<meta property=\"og:image:height\" content=\"505\" \/>\n\t<meta property=\"og:image:type\" content=\"image\/jpeg\" \/>\n<meta name=\"author\" content=\"ASCOM\" \/>\n<meta name=\"twitter:card\" content=\"summary_large_image\" \/>\n<meta name=\"twitter:creator\" content=\"@SindipetroBahia\" \/>\n<meta name=\"twitter:site\" content=\"@SindipetroBahia\" \/>\n<meta name=\"twitter:label1\" content=\"Escrito por\" \/>\n\t<meta name=\"twitter:data1\" content=\"ASCOM\" \/>\n\t<meta name=\"twitter:label2\" content=\"Est. tempo de leitura\" \/>\n\t<meta name=\"twitter:data2\" content=\"4 minutos\" \/>\n<script type=\"application\/ld+json\" class=\"yoast-schema-graph\">{\"@context\":\"https:\\\/\\\/schema.org\",\"@graph\":[{\"@type\":\"Article\",\"@id\":\"http:\\\/\\\/www.sindipetroba.org.br\\\/2019\\\/audiencia-publica-debate-privatizacao-da-refinaria-abreu-e-lima-na-camara-municipal-de-recife\\\/#article\",\"isPartOf\":{\"@id\":\"http:\\\/\\\/www.sindipetroba.org.br\\\/2019\\\/audiencia-publica-debate-privatizacao-da-refinaria-abreu-e-lima-na-camara-municipal-de-recife\\\/\"},\"author\":{\"name\":\"ASCOM\",\"@id\":\"http:\\\/\\\/www.sindipetroba.org.br\\\/2019\\\/#\\\/schema\\\/person\\\/80e88dbf823328ddad08b17600055a3c\"},\"headline\":\"Audi\u00eancia P\u00fablica debate privatiza\u00e7\u00e3o da Refinaria Abreu e Lima na C\u00e2mara Municipal de Recife\",\"datePublished\":\"2021-05-11T13:26:29+00:00\",\"dateModified\":\"2021-05-11T15:36:22+00:00\",\"mainEntityOfPage\":{\"@id\":\"http:\\\/\\\/www.sindipetroba.org.br\\\/2019\\\/audiencia-publica-debate-privatizacao-da-refinaria-abreu-e-lima-na-camara-municipal-de-recife\\\/\"},\"wordCount\":889,\"publisher\":{\"@id\":\"http:\\\/\\\/www.sindipetroba.org.br\\\/2019\\\/#organization\"},\"image\":{\"@id\":\"http:\\\/\\\/www.sindipetroba.org.br\\\/2019\\\/audiencia-publica-debate-privatizacao-da-refinaria-abreu-e-lima-na-camara-municipal-de-recife\\\/#primaryimage\"},\"thumbnailUrl\":\"http:\\\/\\\/www.sindipetroba.org.br\\\/2019\\\/wp-content\\\/uploads\\\/2021\\\/05\\\/2bbf65607d5324668180dfab8742592e_L.jpg\",\"keywords\":[\"audi\u00eancia p\u00fablica\",\"Bolsonaro\",\"Cloviomar Cararine\",\"Complexo Industrial Portu\u00e1rio de Suape\",\"Departamento Intersindical de Estat\u00edstica e Estudos Socioecon\u00f4micos\",\"Deyvid Bacelar\",\"Dieese\",\"Federa\u00e7\u00e3o \u00danica dos Petroleiros\",\"Osmar Ricardo\",\"Recife\",\"Refinaria Abreu e Lima\"],\"articleSection\":[\"Not\u00edcia\"],\"inLanguage\":\"pt-BR\"},{\"@type\":\"WebPage\",\"@id\":\"http:\\\/\\\/www.sindipetroba.org.br\\\/2019\\\/audiencia-publica-debate-privatizacao-da-refinaria-abreu-e-lima-na-camara-municipal-de-recife\\\/\",\"url\":\"http:\\\/\\\/www.sindipetroba.org.br\\\/2019\\\/audiencia-publica-debate-privatizacao-da-refinaria-abreu-e-lima-na-camara-municipal-de-recife\\\/\",\"name\":\"Audi\u00eancia P\u00fablica debate privatiza\u00e7\u00e3o da Refinaria Abreu e Lima na C\u00e2mara Municipal de Recife - Sindipetro BA\",\"isPartOf\":{\"@id\":\"http:\\\/\\\/www.sindipetroba.org.br\\\/2019\\\/#website\"},\"primaryImageOfPage\":{\"@id\":\"http:\\\/\\\/www.sindipetroba.org.br\\\/2019\\\/audiencia-publica-debate-privatizacao-da-refinaria-abreu-e-lima-na-camara-municipal-de-recife\\\/#primaryimage\"},\"image\":{\"@id\":\"http:\\\/\\\/www.sindipetroba.org.br\\\/2019\\\/audiencia-publica-debate-privatizacao-da-refinaria-abreu-e-lima-na-camara-municipal-de-recife\\\/#primaryimage\"},\"thumbnailUrl\":\"http:\\\/\\\/www.sindipetroba.org.br\\\/2019\\\/wp-content\\\/uploads\\\/2021\\\/05\\\/2bbf65607d5324668180dfab8742592e_L.jpg\",\"datePublished\":\"2021-05-11T13:26:29+00:00\",\"dateModified\":\"2021-05-11T15:36:22+00:00\",\"breadcrumb\":{\"@id\":\"http:\\\/\\\/www.sindipetroba.org.br\\\/2019\\\/audiencia-publica-debate-privatizacao-da-refinaria-abreu-e-lima-na-camara-municipal-de-recife\\\/#breadcrumb\"},\"inLanguage\":\"pt-BR\",\"potentialAction\":[{\"@type\":\"ReadAction\",\"target\":[\"http:\\\/\\\/www.sindipetroba.org.br\\\/2019\\\/audiencia-publica-debate-privatizacao-da-refinaria-abreu-e-lima-na-camara-municipal-de-recife\\\/\"]}]},{\"@type\":\"ImageObject\",\"inLanguage\":\"pt-BR\",\"@id\":\"http:\\\/\\\/www.sindipetroba.org.br\\\/2019\\\/audiencia-publica-debate-privatizacao-da-refinaria-abreu-e-lima-na-camara-municipal-de-recife\\\/#primaryimage\",\"url\":\"http:\\\/\\\/www.sindipetroba.org.br\\\/2019\\\/wp-content\\\/uploads\\\/2021\\\/05\\\/2bbf65607d5324668180dfab8742592e_L.jpg\",\"contentUrl\":\"http:\\\/\\\/www.sindipetroba.org.br\\\/2019\\\/wp-content\\\/uploads\\\/2021\\\/05\\\/2bbf65607d5324668180dfab8742592e_L.jpg\",\"width\":900,\"height\":505},{\"@type\":\"BreadcrumbList\",\"@id\":\"http:\\\/\\\/www.sindipetroba.org.br\\\/2019\\\/audiencia-publica-debate-privatizacao-da-refinaria-abreu-e-lima-na-camara-municipal-de-recife\\\/#breadcrumb\",\"itemListElement\":[{\"@type\":\"ListItem\",\"position\":1,\"name\":\"In\u00edcio\",\"item\":\"http:\\\/\\\/www.sindipetroba.org.br\\\/2019\\\/\"},{\"@type\":\"ListItem\",\"position\":2,\"name\":\"Audi\u00eancia P\u00fablica debate privatiza\u00e7\u00e3o da Refinaria Abreu e Lima na C\u00e2mara Municipal de Recife\"}]},{\"@type\":\"WebSite\",\"@id\":\"http:\\\/\\\/www.sindipetroba.org.br\\\/2019\\\/#website\",\"url\":\"http:\\\/\\\/www.sindipetroba.org.br\\\/2019\\\/\",\"name\":\"Sindipetro BA\",\"description\":\"Sindicato dos Petroleiros e Petroleiras do Estado da Bahia\",\"publisher\":{\"@id\":\"http:\\\/\\\/www.sindipetroba.org.br\\\/2019\\\/#organization\"},\"potentialAction\":[{\"@type\":\"SearchAction\",\"target\":{\"@type\":\"EntryPoint\",\"urlTemplate\":\"http:\\\/\\\/www.sindipetroba.org.br\\\/2019\\\/?s={search_term_string}\"},\"query-input\":{\"@type\":\"PropertyValueSpecification\",\"valueRequired\":true,\"valueName\":\"search_term_string\"}}],\"inLanguage\":\"pt-BR\"},{\"@type\":\"Organization\",\"@id\":\"http:\\\/\\\/www.sindipetroba.org.br\\\/2019\\\/#organization\",\"name\":\"Sindipetro BA\",\"url\":\"http:\\\/\\\/www.sindipetroba.org.br\\\/2019\\\/\",\"logo\":{\"@type\":\"ImageObject\",\"inLanguage\":\"pt-BR\",\"@id\":\"http:\\\/\\\/www.sindipetroba.org.br\\\/2019\\\/#\\\/schema\\\/logo\\\/image\\\/\",\"url\":\"http:\\\/\\\/www.sindipetroba.org.br\\\/2019\\\/wp-content\\\/uploads\\\/2019\\\/01\\\/sindipetro-marca-cor.png\",\"contentUrl\":\"http:\\\/\\\/www.sindipetroba.org.br\\\/2019\\\/wp-content\\\/uploads\\\/2019\\\/01\\\/sindipetro-marca-cor.png\",\"width\":350,\"height\":126,\"caption\":\"Sindipetro BA\"},\"image\":{\"@id\":\"http:\\\/\\\/www.sindipetroba.org.br\\\/2019\\\/#\\\/schema\\\/logo\\\/image\\\/\"},\"sameAs\":[\"https:\\\/\\\/www.facebook.com\\\/sindipetroBa\\\/\",\"https:\\\/\\\/x.com\\\/SindipetroBahia\",\"https:\\\/\\\/www.instagram.com\\\/sindipetroba\\\/\",\"https:\\\/\\\/www.youtube.com\\\/c\\\/SindipetroBahiaOficial\"]},{\"@type\":\"Person\",\"@id\":\"http:\\\/\\\/www.sindipetroba.org.br\\\/2019\\\/#\\\/schema\\\/person\\\/80e88dbf823328ddad08b17600055a3c\",\"name\":\"ASCOM\",\"image\":{\"@type\":\"ImageObject\",\"inLanguage\":\"pt-BR\",\"@id\":\"https:\\\/\\\/secure.gravatar.com\\\/avatar\\\/a2ab2fd873c57926b9f03e30be8804429fd7b0d41f4f71170e45b7b7f84998a6?s=96&d=mm&r=g\",\"url\":\"https:\\\/\\\/secure.gravatar.com\\\/avatar\\\/a2ab2fd873c57926b9f03e30be8804429fd7b0d41f4f71170e45b7b7f84998a6?s=96&d=mm&r=g\",\"contentUrl\":\"https:\\\/\\\/secure.gravatar.com\\\/avatar\\\/a2ab2fd873c57926b9f03e30be8804429fd7b0d41f4f71170e45b7b7f84998a6?s=96&d=mm&r=g\",\"caption\":\"ASCOM\"},\"sameAs\":[\"http:\\\/\\\/www.sindipetroba.org.br\"]}]}<\/script>\n<!-- \/ Yoast SEO plugin. -->","yoast_head_json":{"title":"Audi\u00eancia P\u00fablica debate privatiza\u00e7\u00e3o da Refinaria Abreu e Lima na C\u00e2mara Municipal de Recife - Sindipetro BA","robots":{"index":"index","follow":"follow","max-snippet":"max-snippet:-1","max-image-preview":"max-image-preview:large","max-video-preview":"max-video-preview:-1"},"canonical":"http:\/\/www.sindipetroba.org.br\/2019\/audiencia-publica-debate-privatizacao-da-refinaria-abreu-e-lima-na-camara-municipal-de-recife\/","og_locale":"pt_BR","og_type":"article","og_title":"Audi\u00eancia P\u00fablica debate privatiza\u00e7\u00e3o da Refinaria Abreu e Lima na C\u00e2mara Municipal de Recife - Sindipetro BA","og_description":"A C\u00e2mara Municipal do Recife, promoveu nesta segunda-feira (10\/05) \u00e0 iniciativa do vereador Osmar Ricardo (PT) uma Audi\u00eancia P\u00fablica para debater a privatiza\u00e7\u00e3o da Refinaria Abreu e Lima, localizada no Complexo Industrial Portu\u00e1rio de Suape, a 45 km do Recife, em Pernambuco. O evento, realizado de forma virtual, reuniu especialistas e lideran\u00e7as dos trabalhadores para... Ver artigo","og_url":"http:\/\/www.sindipetroba.org.br\/2019\/audiencia-publica-debate-privatizacao-da-refinaria-abreu-e-lima-na-camara-municipal-de-recife\/","og_site_name":"Sindipetro BA","article_publisher":"https:\/\/www.facebook.com\/sindipetroBa\/","article_published_time":"2021-05-11T13:26:29+00:00","article_modified_time":"2021-05-11T15:36:22+00:00","og_image":[{"width":900,"height":505,"url":"http:\/\/www.sindipetroba.org.br\/2019\/wp-content\/uploads\/2021\/05\/2bbf65607d5324668180dfab8742592e_L.jpg","type":"image\/jpeg"}],"author":"ASCOM","twitter_card":"summary_large_image","twitter_creator":"@SindipetroBahia","twitter_site":"@SindipetroBahia","twitter_misc":{"Escrito por":"ASCOM","Est. tempo de leitura":"4 minutos"},"schema":{"@context":"https:\/\/schema.org","@graph":[{"@type":"Article","@id":"http:\/\/www.sindipetroba.org.br\/2019\/audiencia-publica-debate-privatizacao-da-refinaria-abreu-e-lima-na-camara-municipal-de-recife\/#article","isPartOf":{"@id":"http:\/\/www.sindipetroba.org.br\/2019\/audiencia-publica-debate-privatizacao-da-refinaria-abreu-e-lima-na-camara-municipal-de-recife\/"},"author":{"name":"ASCOM","@id":"http:\/\/www.sindipetroba.org.br\/2019\/#\/schema\/person\/80e88dbf823328ddad08b17600055a3c"},"headline":"Audi\u00eancia P\u00fablica debate privatiza\u00e7\u00e3o da Refinaria Abreu e Lima na C\u00e2mara Municipal de Recife","datePublished":"2021-05-11T13:26:29+00:00","dateModified":"2021-05-11T15:36:22+00:00","mainEntityOfPage":{"@id":"http:\/\/www.sindipetroba.org.br\/2019\/audiencia-publica-debate-privatizacao-da-refinaria-abreu-e-lima-na-camara-municipal-de-recife\/"},"wordCount":889,"publisher":{"@id":"http:\/\/www.sindipetroba.org.br\/2019\/#organization"},"image":{"@id":"http:\/\/www.sindipetroba.org.br\/2019\/audiencia-publica-debate-privatizacao-da-refinaria-abreu-e-lima-na-camara-municipal-de-recife\/#primaryimage"},"thumbnailUrl":"http:\/\/www.sindipetroba.org.br\/2019\/wp-content\/uploads\/2021\/05\/2bbf65607d5324668180dfab8742592e_L.jpg","keywords":["audi\u00eancia p\u00fablica","Bolsonaro","Cloviomar Cararine","Complexo Industrial Portu\u00e1rio de Suape","Departamento Intersindical de Estat\u00edstica e Estudos Socioecon\u00f4micos","Deyvid Bacelar","Dieese","Federa\u00e7\u00e3o \u00danica dos Petroleiros","Osmar Ricardo","Recife","Refinaria Abreu e Lima"],"articleSection":["Not\u00edcia"],"inLanguage":"pt-BR"},{"@type":"WebPage","@id":"http:\/\/www.sindipetroba.org.br\/2019\/audiencia-publica-debate-privatizacao-da-refinaria-abreu-e-lima-na-camara-municipal-de-recife\/","url":"http:\/\/www.sindipetroba.org.br\/2019\/audiencia-publica-debate-privatizacao-da-refinaria-abreu-e-lima-na-camara-municipal-de-recife\/","name":"Audi\u00eancia P\u00fablica debate privatiza\u00e7\u00e3o da Refinaria Abreu e Lima na C\u00e2mara Municipal de Recife - Sindipetro BA","isPartOf":{"@id":"http:\/\/www.sindipetroba.org.br\/2019\/#website"},"primaryImageOfPage":{"@id":"http:\/\/www.sindipetroba.org.br\/2019\/audiencia-publica-debate-privatizacao-da-refinaria-abreu-e-lima-na-camara-municipal-de-recife\/#primaryimage"},"image":{"@id":"http:\/\/www.sindipetroba.org.br\/2019\/audiencia-publica-debate-privatizacao-da-refinaria-abreu-e-lima-na-camara-municipal-de-recife\/#primaryimage"},"thumbnailUrl":"http:\/\/www.sindipetroba.org.br\/2019\/wp-content\/uploads\/2021\/05\/2bbf65607d5324668180dfab8742592e_L.jpg","datePublished":"2021-05-11T13:26:29+00:00","dateModified":"2021-05-11T15:36:22+00:00","breadcrumb":{"@id":"http:\/\/www.sindipetroba.org.br\/2019\/audiencia-publica-debate-privatizacao-da-refinaria-abreu-e-lima-na-camara-municipal-de-recife\/#breadcrumb"},"inLanguage":"pt-BR","potentialAction":[{"@type":"ReadAction","target":["http:\/\/www.sindipetroba.org.br\/2019\/audiencia-publica-debate-privatizacao-da-refinaria-abreu-e-lima-na-camara-municipal-de-recife\/"]}]},{"@type":"ImageObject","inLanguage":"pt-BR","@id":"http:\/\/www.sindipetroba.org.br\/2019\/audiencia-publica-debate-privatizacao-da-refinaria-abreu-e-lima-na-camara-municipal-de-recife\/#primaryimage","url":"http:\/\/www.sindipetroba.org.br\/2019\/wp-content\/uploads\/2021\/05\/2bbf65607d5324668180dfab8742592e_L.jpg","contentUrl":"http:\/\/www.sindipetroba.org.br\/2019\/wp-content\/uploads\/2021\/05\/2bbf65607d5324668180dfab8742592e_L.jpg","width":900,"height":505},{"@type":"BreadcrumbList","@id":"http:\/\/www.sindipetroba.org.br\/2019\/audiencia-publica-debate-privatizacao-da-refinaria-abreu-e-lima-na-camara-municipal-de-recife\/#breadcrumb","itemListElement":[{"@type":"ListItem","position":1,"name":"In\u00edcio","item":"http:\/\/www.sindipetroba.org.br\/2019\/"},{"@type":"ListItem","position":2,"name":"Audi\u00eancia P\u00fablica debate privatiza\u00e7\u00e3o da Refinaria Abreu e Lima na C\u00e2mara Municipal de Recife"}]},{"@type":"WebSite","@id":"http:\/\/www.sindipetroba.org.br\/2019\/#website","url":"http:\/\/www.sindipetroba.org.br\/2019\/","name":"Sindipetro BA","description":"Sindicato dos Petroleiros e Petroleiras do Estado da Bahia","publisher":{"@id":"http:\/\/www.sindipetroba.org.br\/2019\/#organization"},"potentialAction":[{"@type":"SearchAction","target":{"@type":"EntryPoint","urlTemplate":"http:\/\/www.sindipetroba.org.br\/2019\/?s={search_term_string}"},"query-input":{"@type":"PropertyValueSpecification","valueRequired":true,"valueName":"search_term_string"}}],"inLanguage":"pt-BR"},{"@type":"Organization","@id":"http:\/\/www.sindipetroba.org.br\/2019\/#organization","name":"Sindipetro BA","url":"http:\/\/www.sindipetroba.org.br\/2019\/","logo":{"@type":"ImageObject","inLanguage":"pt-BR","@id":"http:\/\/www.sindipetroba.org.br\/2019\/#\/schema\/logo\/image\/","url":"http:\/\/www.sindipetroba.org.br\/2019\/wp-content\/uploads\/2019\/01\/sindipetro-marca-cor.png","contentUrl":"http:\/\/www.sindipetroba.org.br\/2019\/wp-content\/uploads\/2019\/01\/sindipetro-marca-cor.png","width":350,"height":126,"caption":"Sindipetro BA"},"image":{"@id":"http:\/\/www.sindipetroba.org.br\/2019\/#\/schema\/logo\/image\/"},"sameAs":["https:\/\/www.facebook.com\/sindipetroBa\/","https:\/\/x.com\/SindipetroBahia","https:\/\/www.instagram.com\/sindipetroba\/","https:\/\/www.youtube.com\/c\/SindipetroBahiaOficial"]},{"@type":"Person","@id":"http:\/\/www.sindipetroba.org.br\/2019\/#\/schema\/person\/80e88dbf823328ddad08b17600055a3c","name":"ASCOM","image":{"@type":"ImageObject","inLanguage":"pt-BR","@id":"https:\/\/secure.gravatar.com\/avatar\/a2ab2fd873c57926b9f03e30be8804429fd7b0d41f4f71170e45b7b7f84998a6?s=96&d=mm&r=g","url":"https:\/\/secure.gravatar.com\/avatar\/a2ab2fd873c57926b9f03e30be8804429fd7b0d41f4f71170e45b7b7f84998a6?s=96&d=mm&r=g","contentUrl":"https:\/\/secure.gravatar.com\/avatar\/a2ab2fd873c57926b9f03e30be8804429fd7b0d41f4f71170e45b7b7f84998a6?s=96&d=mm&r=g","caption":"ASCOM"},"sameAs":["http:\/\/www.sindipetroba.org.br"]}]}},"_links":{"self":[{"href":"http:\/\/www.sindipetroba.org.br\/2019\/wp-json\/wp\/v2\/posts\/12988","targetHints":{"allow":["GET"]}}],"collection":[{"href":"http:\/\/www.sindipetroba.org.br\/2019\/wp-json\/wp\/v2\/posts"}],"about":[{"href":"http:\/\/www.sindipetroba.org.br\/2019\/wp-json\/wp\/v2\/types\/post"}],"author":[{"embeddable":true,"href":"http:\/\/www.sindipetroba.org.br\/2019\/wp-json\/wp\/v2\/users\/4"}],"replies":[{"embeddable":true,"href":"http:\/\/www.sindipetroba.org.br\/2019\/wp-json\/wp\/v2\/comments?post=12988"}],"version-history":[{"count":2,"href":"http:\/\/www.sindipetroba.org.br\/2019\/wp-json\/wp\/v2\/posts\/12988\/revisions"}],"predecessor-version":[{"id":12992,"href":"http:\/\/www.sindipetroba.org.br\/2019\/wp-json\/wp\/v2\/posts\/12988\/revisions\/12992"}],"wp:featuredmedia":[{"embeddable":true,"href":"http:\/\/www.sindipetroba.org.br\/2019\/wp-json\/wp\/v2\/media\/12991"}],"wp:attachment":[{"href":"http:\/\/www.sindipetroba.org.br\/2019\/wp-json\/wp\/v2\/media?parent=12988"}],"wp:term":[{"taxonomy":"category","embeddable":true,"href":"http:\/\/www.sindipetroba.org.br\/2019\/wp-json\/wp\/v2\/categories?post=12988"},{"taxonomy":"post_tag","embeddable":true,"href":"http:\/\/www.sindipetroba.org.br\/2019\/wp-json\/wp\/v2\/tags?post=12988"}],"curies":[{"name":"wp","href":"https:\/\/api.w.org\/{rel}","templated":true}]}}