{"id":14708,"date":"2021-09-14T15:46:41","date_gmt":"2021-09-14T18:46:41","guid":{"rendered":"http:\/\/www.sindipetroba.org.br\/2019\/?p=14708"},"modified":"2021-09-14T15:52:43","modified_gmt":"2021-09-14T18:52:43","slug":"coordenador-da-fup-explica-que-explosao-dos-precos-dos-combustiveis-e-resultado-da-gestao-da-petrobras__","status":"publish","type":"post","link":"http:\/\/www.sindipetroba.org.br\/2019\/coordenador-da-fup-explica-que-explosao-dos-precos-dos-combustiveis-e-resultado-da-gestao-da-petrobras__\/","title":{"rendered":"Coordenador da FUP explica que explos\u00e3o dos pre\u00e7os dos combust\u00edveis \u00e9 resultado da gest\u00e3o da Petrobr\u00e1s"},"content":{"rendered":"<p><strong>Em artigo publicado na \u00faltima sexta-feira, 10, no portal de not\u00edcias Poder 360, o coordenador geral da FUP, Deyvid Bacelar, explica que a pol\u00edtica de reajustes dos derivados de petr\u00f3leo produzidos pela Petrobr\u00e1s tem foco no lucro dos acionistas<\/strong><i><br \/>\n<\/i><\/p>\n<p><em>Por Deyvid Bacelar*, no\u00a0<a href=\"https:\/\/www.poder360.com.br\/opiniao\/economia\/explosao-dos-precos-dos-combustiveis-e-resultado-da-gestao-da-petrobras-escreve-deyvid-bacelar\/\">Poder 360<\/a><\/em><\/p>\n<p>A escalada dos pre\u00e7os da gasolina, que superou R$ 7,00 o litro em alguns Estados, vem produzindo grande repercuss\u00e3o, mas n\u00e3o \u00e9 uma surpresa. Ainda que haja outros fatores envolvidos, a explos\u00e3o de valores em curtos espa\u00e7os de tempo \u00e9 resultado direto da institui\u00e7\u00e3o pela gest\u00e3o da Petrobras, desde outubro de 2016, do PPI (Pre\u00e7o de Paridade de Importa\u00e7\u00e3o), que n\u00e3o considera os custos nacionais de produ\u00e7\u00e3o, atrela os reajustes \u00e0s cota\u00e7\u00f5es do petr\u00f3leo no mercado internacional e do d\u00f3lar internamente e tamb\u00e9m aos custos de importa\u00e7\u00e3o, mesmo com o Brasil autossuficiente na produ\u00e7\u00e3o de petr\u00f3leo e tendo refinarias para produzir gasolina e outros combust\u00edveis.<\/p>\n<p>Entretanto, h\u00e1 outros aspectos associados a essa pol\u00edtica \u2013e \u00e0s solu\u00e7\u00f5es propostas para amenizar seus efeitos\u2013 pouco observados:<\/p>\n<p><b>FUT (fator de utiliza\u00e7\u00e3o das refinarias)<\/b>\u00a0\u2013 segundo o Boletim da Covid-19 do Minist\u00e9rio de Minas e Energia) de 24 de agosto de 2021, o fator de utiliza\u00e7\u00e3o das refinarias da Petrobr\u00e1s ficou em 75,2%. Ou seja, a Petrobr\u00e1s n\u00e3o usa a plenitude de seu parque de refino, o que poderia baratear seus custos e, assim, diminuir o impacto das cota\u00e7\u00f5es do \u00f3leo e do d\u00f3lar em seus pre\u00e7os.<\/p>\n<p>Simula\u00e7\u00e3o da Coppe\/UFRJ e da UFRRJ (Universidade Federal Rural do Rio de Janeiro) de outubro de 2020 mostrou que o uso das refinarias a plena carga teria impacto positivo de R$ 3,6 bilh\u00f5es no PIB (Produto Interno Bruto), al\u00e9m de pressionar para baixo a infla\u00e7\u00e3o dos setores de transportes e alimentos, entre outros.<\/p>\n<p>Mas, desde mar\u00e7o de 2020, o FUT n\u00e3o passa dos 85%, quando chega a esse patamar. \u00c9 a brecha para os importadores de combust\u00edveis, que, dia sim, outro tamb\u00e9m, pressionam pela alta dos pre\u00e7os \u2013acatada pela gest\u00e3o da Petrobras.<\/p>\n<p><b>Controle acion\u00e1rio \u2013<\/b>\u00a0a Petrobras \u00e9 uma empresa de capital misto, mas seu acionista controlador \u00e9 o Estado brasileiro. A companhia foi criada para assegurar a oferta de petr\u00f3leo, g\u00e1s natural e combust\u00edveis, abastecendo todo o pa\u00eds. Ou seja, ela tem um papel social. Por isso deve equilibrar os interesses da popula\u00e7\u00e3o brasileira e dos acionistas \u2013o que n\u00e3o est\u00e1 acontecendo. \u00c9 pelo papel social da Petrobras que sua log\u00edstica de refino e transporte de derivados \u00e9 integrada. Assim, cai-se em outra decis\u00e3o equivocada da gest\u00e3o da companhia, de \u201cdesinvestimentos\u201d no refino, como causa da escalada de pre\u00e7os.<\/p>\n<p>A log\u00edstica integrada e n\u00e3o concorrencial da Petrobras prova que n\u00e3o adianta vender uma refinaria ou um duto, porque isso n\u00e3o ir\u00e1 criar concorr\u00eancia, mas sim um monop\u00f3lio privado. Estudo da PUC-Rio (Pontif\u00edcia Universidade Cat\u00f3lica do Rio de Janeiro) e an\u00e1lise de especialistas do BNDES (Banco Nacional de Desenvolvimento Econ\u00f4mico e Social) j\u00e1 comprovaram isso.<\/p>\n<p>Al\u00e9m disso, an\u00e1lise recente do TCU (Tribunal de Contas da Uni\u00e3o) mostrou que n\u00e3o h\u00e1 regula\u00e7\u00e3o no pa\u00eds para garantir o abastecimento. E isso tem rela\u00e7\u00e3o direta com a venda das refinarias e sua infraestrutura log\u00edstica.<\/p>\n<p><b>Impostos\u00a0<\/b>\u2013 a pol\u00edtica tribut\u00e1ria brasileira deve ser revista, porque \u00e9 desigual e penaliza mais os pobres. Mas, no caso da gasolina, do diesel e do GLP, \u00e9 totalmente enganoso responsabilizar o ICMS (Imposto sobre Circula\u00e7\u00e3o de Mercadorias e Servi\u00e7os) estadual pela escalada dos pre\u00e7os. Por mais que o c\u00e1lculo desse imposto seja complexo, trata-se de percentuais fixos, cobrados conforme a varia\u00e7\u00e3o de valores na origem \u2013 ou seja, nas refinarias da Petrobr\u00e1s\u2013 e na revenda.<\/p>\n<p>Al\u00e9m disso, o ICMS \u00e9 a principal fonte de arrecada\u00e7\u00e3o dos Estados. Querer reduzi-lo \u201cna marra\u201d \u00e9 propor que se deixe de investir em sa\u00fade, educa\u00e7\u00e3o e infraestrutura para beneficiar os acionistas da Petrobr\u00e1s, j\u00e1 que a empresa vai continuar seguindo as cota\u00e7\u00f5es do petr\u00f3leo pelo d\u00f3lar e os custos de importa\u00e7\u00e3o de combust\u00edveis.<\/p>\n<p><b>Fundo amortizador<\/b>\u00a0\u2013 para n\u00e3o mexer no PPI, prop\u00f5e-se um fundo que amortize a volatilidade do petr\u00f3leo e do d\u00f3lar. Novamente, a popula\u00e7\u00e3o ir\u00e1 pagar por esse fundo \u2013 que dever\u00e1 ser formado por arrecada\u00e7\u00e3o federal ou pelos dividendos que a Uni\u00e3o recebe da empresa.<\/p>\n<p>\u00c9 justo toda a sociedade brasileira perder parte da arrecada\u00e7\u00e3o para garantir sa\u00fade, educa\u00e7\u00e3o e outros servi\u00e7os p\u00fablicos, para manter ganhos aos acionistas da Petrobr\u00e1s?<\/p>\n<p>Logo, n\u00e3o se pode ignorar que esse turbilh\u00e3o tem origem numa pol\u00edtica de reajustes dos combust\u00edveis que foca apenas o lucro e sua destina\u00e7\u00e3o a acionistas \u2013que j\u00e1 receber\u00e3o R$ 41,9 bilh\u00f5es somente neste ano\u2013, bem como num \u201cdesinvestimento\u201d que oculta uma \u201cprivatiza\u00e7\u00e3o aos peda\u00e7os\u201d da Petrobras. Assim como n\u00e3o se pode ignorar que isso tem nos levado a pre\u00e7os absurdos, que impactam a infla\u00e7\u00e3o e penalizam sobretudo a popula\u00e7\u00e3o mais pobre.<\/p>\n<hr \/>\n<p><i>*Deyvid Bacelar, 41 anos, \u00e9 coordenador geral da Federa\u00e7\u00e3o \u00danica dos Petroleiros (FUP). T\u00e9cnico de Seguran\u00e7a na RLAM, onde ingressou por concurso na Petrobras em 2006. T\u00e9cnico em Seguran\u00e7a do Trabalho pelo CETEB. Graduado em Administra\u00e7\u00e3o pela Universidade Estadual de Feira de Santana (UEFS), com especializa\u00e7\u00f5es em SMS pelo Instituto Federal de Educa\u00e7\u00e3o, Ci\u00eancia e Tecnologia da Bahia (IFBA) e em Gest\u00e3o de Pessoas pela Universidade Federal da Bahia (UFBA), desde o in\u00edcio se destacou nos movimentos sindicais e comunit\u00e1rios.<\/i><\/p>\n<p><em><strong>VIA FUP<\/strong><\/em><\/p>\n","protected":false},"excerpt":{"rendered":"Em artigo publicado na \u00faltima sexta-feira, 10, no portal de not\u00edcias Poder 360, o coordenador geral da FUP, Deyvid Bacelar, explica que a pol\u00edtica de reajustes dos derivados de petr\u00f3leo produzidos pela Petrobr\u00e1s tem foco no lucro dos acionistas Por Deyvid Bacelar*, no\u00a0Poder 360 A escalada dos pre\u00e7os da gasolina, que superou R$ 7,00 o&#8230; <a class=\"view-article\" href=\"http:\/\/www.sindipetroba.org.br\/2019\/coordenador-da-fup-explica-que-explosao-dos-precos-dos-combustiveis-e-resultado-da-gestao-da-petrobras__\/\">Ver artigo<\/a>","protected":false},"author":4,"featured_media":14713,"comment_status":"closed","ping_status":"open","sticky":false,"template":"","format":"standard","meta":{"_et_pb_use_builder":"","_et_pb_old_content":"","_et_gb_content_width":"","footnotes":""},"categories":[1],"tags":[2340,2343,2342,2341,1634,2316],"class_list":["post-14708","post","type-post","status-publish","format-standard","has-post-thumbnail","hentry","category-noticia","tag-estudo-da-puc-rio","tag-fator-de-utilizacao-das-refinarias","tag-fut","tag-ministerio-de-minas-e-energia","tag-ppi","tag-preco-de-paridade-de-importacao"],"yoast_head":"<!-- This site is optimized with the Yoast SEO plugin v27.3 - https:\/\/yoast.com\/product\/yoast-seo-wordpress\/ -->\n<title>Coordenador da FUP explica que explos\u00e3o dos pre\u00e7os dos combust\u00edveis \u00e9 resultado da gest\u00e3o da Petrobr\u00e1s - Sindipetro BA<\/title>\n<meta name=\"robots\" content=\"index, follow, max-snippet:-1, max-image-preview:large, max-video-preview:-1\" \/>\n<link rel=\"canonical\" href=\"http:\/\/www.sindipetroba.org.br\/2019\/coordenador-da-fup-explica-que-explosao-dos-precos-dos-combustiveis-e-resultado-da-gestao-da-petrobras__\/\" \/>\n<meta property=\"og:locale\" content=\"pt_BR\" \/>\n<meta property=\"og:type\" content=\"article\" \/>\n<meta property=\"og:title\" content=\"Coordenador da FUP explica que explos\u00e3o dos pre\u00e7os dos combust\u00edveis \u00e9 resultado da gest\u00e3o da Petrobr\u00e1s - Sindipetro BA\" \/>\n<meta property=\"og:description\" content=\"Em artigo publicado na \u00faltima sexta-feira, 10, no portal de not\u00edcias Poder 360, o coordenador geral da FUP, Deyvid Bacelar, explica que a pol\u00edtica de reajustes dos derivados de petr\u00f3leo produzidos pela Petrobr\u00e1s tem foco no lucro dos acionistas Por Deyvid Bacelar*, no\u00a0Poder 360 A escalada dos pre\u00e7os da gasolina, que superou R$ 7,00 o... Ver artigo\" \/>\n<meta property=\"og:url\" content=\"http:\/\/www.sindipetroba.org.br\/2019\/coordenador-da-fup-explica-que-explosao-dos-precos-dos-combustiveis-e-resultado-da-gestao-da-petrobras__\/\" \/>\n<meta property=\"og:site_name\" content=\"Sindipetro BA\" \/>\n<meta property=\"article:publisher\" content=\"https:\/\/www.facebook.com\/sindipetroBa\/\" \/>\n<meta property=\"article:published_time\" content=\"2021-09-14T18:46:41+00:00\" \/>\n<meta property=\"article:modified_time\" content=\"2021-09-14T18:52:43+00:00\" \/>\n<meta property=\"og:image\" content=\"http:\/\/www.sindipetroba.org.br\/2019\/wp-content\/uploads\/2021\/09\/dba38e16-153a-4501-9c59-d49b4fb905ee-1.jpg\" \/>\n\t<meta property=\"og:image:width\" content=\"1080\" \/>\n\t<meta property=\"og:image:height\" content=\"1076\" \/>\n\t<meta property=\"og:image:type\" content=\"image\/jpeg\" \/>\n<meta name=\"author\" content=\"ASCOM\" \/>\n<meta name=\"twitter:card\" content=\"summary_large_image\" \/>\n<meta name=\"twitter:creator\" content=\"@SindipetroBahia\" \/>\n<meta name=\"twitter:site\" content=\"@SindipetroBahia\" \/>\n<meta name=\"twitter:label1\" content=\"Escrito por\" \/>\n\t<meta name=\"twitter:data1\" content=\"ASCOM\" \/>\n\t<meta name=\"twitter:label2\" content=\"Est. tempo de leitura\" \/>\n\t<meta name=\"twitter:data2\" content=\"4 minutos\" \/>\n<script type=\"application\/ld+json\" class=\"yoast-schema-graph\">{\"@context\":\"https:\\\/\\\/schema.org\",\"@graph\":[{\"@type\":\"Article\",\"@id\":\"http:\\\/\\\/www.sindipetroba.org.br\\\/2019\\\/coordenador-da-fup-explica-que-explosao-dos-precos-dos-combustiveis-e-resultado-da-gestao-da-petrobras__\\\/#article\",\"isPartOf\":{\"@id\":\"http:\\\/\\\/www.sindipetroba.org.br\\\/2019\\\/coordenador-da-fup-explica-que-explosao-dos-precos-dos-combustiveis-e-resultado-da-gestao-da-petrobras__\\\/\"},\"author\":{\"name\":\"ASCOM\",\"@id\":\"http:\\\/\\\/www.sindipetroba.org.br\\\/2019\\\/#\\\/schema\\\/person\\\/80e88dbf823328ddad08b17600055a3c\"},\"headline\":\"Coordenador da FUP explica que explos\u00e3o dos pre\u00e7os dos combust\u00edveis \u00e9 resultado da gest\u00e3o da Petrobr\u00e1s\",\"datePublished\":\"2021-09-14T18:46:41+00:00\",\"dateModified\":\"2021-09-14T18:52:43+00:00\",\"mainEntityOfPage\":{\"@id\":\"http:\\\/\\\/www.sindipetroba.org.br\\\/2019\\\/coordenador-da-fup-explica-que-explosao-dos-precos-dos-combustiveis-e-resultado-da-gestao-da-petrobras__\\\/\"},\"wordCount\":988,\"publisher\":{\"@id\":\"http:\\\/\\\/www.sindipetroba.org.br\\\/2019\\\/#organization\"},\"image\":{\"@id\":\"http:\\\/\\\/www.sindipetroba.org.br\\\/2019\\\/coordenador-da-fup-explica-que-explosao-dos-precos-dos-combustiveis-e-resultado-da-gestao-da-petrobras__\\\/#primaryimage\"},\"thumbnailUrl\":\"http:\\\/\\\/www.sindipetroba.org.br\\\/2019\\\/wp-content\\\/uploads\\\/2021\\\/09\\\/dba38e16-153a-4501-9c59-d49b4fb905ee-1.jpg\",\"keywords\":[\"Estudo da PUC-Rio\",\"fator de utiliza\u00e7\u00e3o das refinarias\",\"FUT\",\"Minist\u00e9rio de Minas e Energia\",\"PPI\",\"Pre\u00e7o de Paridade de Importa\u00e7\u00e3o\"],\"articleSection\":[\"Not\u00edcia\"],\"inLanguage\":\"pt-BR\"},{\"@type\":\"WebPage\",\"@id\":\"http:\\\/\\\/www.sindipetroba.org.br\\\/2019\\\/coordenador-da-fup-explica-que-explosao-dos-precos-dos-combustiveis-e-resultado-da-gestao-da-petrobras__\\\/\",\"url\":\"http:\\\/\\\/www.sindipetroba.org.br\\\/2019\\\/coordenador-da-fup-explica-que-explosao-dos-precos-dos-combustiveis-e-resultado-da-gestao-da-petrobras__\\\/\",\"name\":\"Coordenador da FUP explica que explos\u00e3o dos pre\u00e7os dos combust\u00edveis \u00e9 resultado da gest\u00e3o da Petrobr\u00e1s - Sindipetro BA\",\"isPartOf\":{\"@id\":\"http:\\\/\\\/www.sindipetroba.org.br\\\/2019\\\/#website\"},\"primaryImageOfPage\":{\"@id\":\"http:\\\/\\\/www.sindipetroba.org.br\\\/2019\\\/coordenador-da-fup-explica-que-explosao-dos-precos-dos-combustiveis-e-resultado-da-gestao-da-petrobras__\\\/#primaryimage\"},\"image\":{\"@id\":\"http:\\\/\\\/www.sindipetroba.org.br\\\/2019\\\/coordenador-da-fup-explica-que-explosao-dos-precos-dos-combustiveis-e-resultado-da-gestao-da-petrobras__\\\/#primaryimage\"},\"thumbnailUrl\":\"http:\\\/\\\/www.sindipetroba.org.br\\\/2019\\\/wp-content\\\/uploads\\\/2021\\\/09\\\/dba38e16-153a-4501-9c59-d49b4fb905ee-1.jpg\",\"datePublished\":\"2021-09-14T18:46:41+00:00\",\"dateModified\":\"2021-09-14T18:52:43+00:00\",\"breadcrumb\":{\"@id\":\"http:\\\/\\\/www.sindipetroba.org.br\\\/2019\\\/coordenador-da-fup-explica-que-explosao-dos-precos-dos-combustiveis-e-resultado-da-gestao-da-petrobras__\\\/#breadcrumb\"},\"inLanguage\":\"pt-BR\",\"potentialAction\":[{\"@type\":\"ReadAction\",\"target\":[\"http:\\\/\\\/www.sindipetroba.org.br\\\/2019\\\/coordenador-da-fup-explica-que-explosao-dos-precos-dos-combustiveis-e-resultado-da-gestao-da-petrobras__\\\/\"]}]},{\"@type\":\"ImageObject\",\"inLanguage\":\"pt-BR\",\"@id\":\"http:\\\/\\\/www.sindipetroba.org.br\\\/2019\\\/coordenador-da-fup-explica-que-explosao-dos-precos-dos-combustiveis-e-resultado-da-gestao-da-petrobras__\\\/#primaryimage\",\"url\":\"http:\\\/\\\/www.sindipetroba.org.br\\\/2019\\\/wp-content\\\/uploads\\\/2021\\\/09\\\/dba38e16-153a-4501-9c59-d49b4fb905ee-1.jpg\",\"contentUrl\":\"http:\\\/\\\/www.sindipetroba.org.br\\\/2019\\\/wp-content\\\/uploads\\\/2021\\\/09\\\/dba38e16-153a-4501-9c59-d49b4fb905ee-1.jpg\",\"width\":1080,\"height\":1076},{\"@type\":\"BreadcrumbList\",\"@id\":\"http:\\\/\\\/www.sindipetroba.org.br\\\/2019\\\/coordenador-da-fup-explica-que-explosao-dos-precos-dos-combustiveis-e-resultado-da-gestao-da-petrobras__\\\/#breadcrumb\",\"itemListElement\":[{\"@type\":\"ListItem\",\"position\":1,\"name\":\"In\u00edcio\",\"item\":\"http:\\\/\\\/www.sindipetroba.org.br\\\/2019\\\/\"},{\"@type\":\"ListItem\",\"position\":2,\"name\":\"Coordenador da FUP explica que explos\u00e3o dos pre\u00e7os dos combust\u00edveis \u00e9 resultado da gest\u00e3o da Petrobr\u00e1s\"}]},{\"@type\":\"WebSite\",\"@id\":\"http:\\\/\\\/www.sindipetroba.org.br\\\/2019\\\/#website\",\"url\":\"http:\\\/\\\/www.sindipetroba.org.br\\\/2019\\\/\",\"name\":\"Sindipetro BA\",\"description\":\"Sindicato dos Petroleiros e Petroleiras do Estado da Bahia\",\"publisher\":{\"@id\":\"http:\\\/\\\/www.sindipetroba.org.br\\\/2019\\\/#organization\"},\"potentialAction\":[{\"@type\":\"SearchAction\",\"target\":{\"@type\":\"EntryPoint\",\"urlTemplate\":\"http:\\\/\\\/www.sindipetroba.org.br\\\/2019\\\/?s={search_term_string}\"},\"query-input\":{\"@type\":\"PropertyValueSpecification\",\"valueRequired\":true,\"valueName\":\"search_term_string\"}}],\"inLanguage\":\"pt-BR\"},{\"@type\":\"Organization\",\"@id\":\"http:\\\/\\\/www.sindipetroba.org.br\\\/2019\\\/#organization\",\"name\":\"Sindipetro BA\",\"url\":\"http:\\\/\\\/www.sindipetroba.org.br\\\/2019\\\/\",\"logo\":{\"@type\":\"ImageObject\",\"inLanguage\":\"pt-BR\",\"@id\":\"http:\\\/\\\/www.sindipetroba.org.br\\\/2019\\\/#\\\/schema\\\/logo\\\/image\\\/\",\"url\":\"http:\\\/\\\/www.sindipetroba.org.br\\\/2019\\\/wp-content\\\/uploads\\\/2019\\\/01\\\/sindipetro-marca-cor.png\",\"contentUrl\":\"http:\\\/\\\/www.sindipetroba.org.br\\\/2019\\\/wp-content\\\/uploads\\\/2019\\\/01\\\/sindipetro-marca-cor.png\",\"width\":350,\"height\":126,\"caption\":\"Sindipetro BA\"},\"image\":{\"@id\":\"http:\\\/\\\/www.sindipetroba.org.br\\\/2019\\\/#\\\/schema\\\/logo\\\/image\\\/\"},\"sameAs\":[\"https:\\\/\\\/www.facebook.com\\\/sindipetroBa\\\/\",\"https:\\\/\\\/x.com\\\/SindipetroBahia\",\"https:\\\/\\\/www.instagram.com\\\/sindipetroba\\\/\",\"https:\\\/\\\/www.youtube.com\\\/c\\\/SindipetroBahiaOficial\"]},{\"@type\":\"Person\",\"@id\":\"http:\\\/\\\/www.sindipetroba.org.br\\\/2019\\\/#\\\/schema\\\/person\\\/80e88dbf823328ddad08b17600055a3c\",\"name\":\"ASCOM\",\"image\":{\"@type\":\"ImageObject\",\"inLanguage\":\"pt-BR\",\"@id\":\"https:\\\/\\\/secure.gravatar.com\\\/avatar\\\/a2ab2fd873c57926b9f03e30be8804429fd7b0d41f4f71170e45b7b7f84998a6?s=96&d=mm&r=g\",\"url\":\"https:\\\/\\\/secure.gravatar.com\\\/avatar\\\/a2ab2fd873c57926b9f03e30be8804429fd7b0d41f4f71170e45b7b7f84998a6?s=96&d=mm&r=g\",\"contentUrl\":\"https:\\\/\\\/secure.gravatar.com\\\/avatar\\\/a2ab2fd873c57926b9f03e30be8804429fd7b0d41f4f71170e45b7b7f84998a6?s=96&d=mm&r=g\",\"caption\":\"ASCOM\"},\"sameAs\":[\"http:\\\/\\\/www.sindipetroba.org.br\"]}]}<\/script>\n<!-- \/ Yoast SEO plugin. -->","yoast_head_json":{"title":"Coordenador da FUP explica que explos\u00e3o dos pre\u00e7os dos combust\u00edveis \u00e9 resultado da gest\u00e3o da Petrobr\u00e1s - Sindipetro BA","robots":{"index":"index","follow":"follow","max-snippet":"max-snippet:-1","max-image-preview":"max-image-preview:large","max-video-preview":"max-video-preview:-1"},"canonical":"http:\/\/www.sindipetroba.org.br\/2019\/coordenador-da-fup-explica-que-explosao-dos-precos-dos-combustiveis-e-resultado-da-gestao-da-petrobras__\/","og_locale":"pt_BR","og_type":"article","og_title":"Coordenador da FUP explica que explos\u00e3o dos pre\u00e7os dos combust\u00edveis \u00e9 resultado da gest\u00e3o da Petrobr\u00e1s - Sindipetro BA","og_description":"Em artigo publicado na \u00faltima sexta-feira, 10, no portal de not\u00edcias Poder 360, o coordenador geral da FUP, Deyvid Bacelar, explica que a pol\u00edtica de reajustes dos derivados de petr\u00f3leo produzidos pela Petrobr\u00e1s tem foco no lucro dos acionistas Por Deyvid Bacelar*, no\u00a0Poder 360 A escalada dos pre\u00e7os da gasolina, que superou R$ 7,00 o... Ver artigo","og_url":"http:\/\/www.sindipetroba.org.br\/2019\/coordenador-da-fup-explica-que-explosao-dos-precos-dos-combustiveis-e-resultado-da-gestao-da-petrobras__\/","og_site_name":"Sindipetro BA","article_publisher":"https:\/\/www.facebook.com\/sindipetroBa\/","article_published_time":"2021-09-14T18:46:41+00:00","article_modified_time":"2021-09-14T18:52:43+00:00","og_image":[{"width":1080,"height":1076,"url":"http:\/\/www.sindipetroba.org.br\/2019\/wp-content\/uploads\/2021\/09\/dba38e16-153a-4501-9c59-d49b4fb905ee-1.jpg","type":"image\/jpeg"}],"author":"ASCOM","twitter_card":"summary_large_image","twitter_creator":"@SindipetroBahia","twitter_site":"@SindipetroBahia","twitter_misc":{"Escrito por":"ASCOM","Est. tempo de leitura":"4 minutos"},"schema":{"@context":"https:\/\/schema.org","@graph":[{"@type":"Article","@id":"http:\/\/www.sindipetroba.org.br\/2019\/coordenador-da-fup-explica-que-explosao-dos-precos-dos-combustiveis-e-resultado-da-gestao-da-petrobras__\/#article","isPartOf":{"@id":"http:\/\/www.sindipetroba.org.br\/2019\/coordenador-da-fup-explica-que-explosao-dos-precos-dos-combustiveis-e-resultado-da-gestao-da-petrobras__\/"},"author":{"name":"ASCOM","@id":"http:\/\/www.sindipetroba.org.br\/2019\/#\/schema\/person\/80e88dbf823328ddad08b17600055a3c"},"headline":"Coordenador da FUP explica que explos\u00e3o dos pre\u00e7os dos combust\u00edveis \u00e9 resultado da gest\u00e3o da Petrobr\u00e1s","datePublished":"2021-09-14T18:46:41+00:00","dateModified":"2021-09-14T18:52:43+00:00","mainEntityOfPage":{"@id":"http:\/\/www.sindipetroba.org.br\/2019\/coordenador-da-fup-explica-que-explosao-dos-precos-dos-combustiveis-e-resultado-da-gestao-da-petrobras__\/"},"wordCount":988,"publisher":{"@id":"http:\/\/www.sindipetroba.org.br\/2019\/#organization"},"image":{"@id":"http:\/\/www.sindipetroba.org.br\/2019\/coordenador-da-fup-explica-que-explosao-dos-precos-dos-combustiveis-e-resultado-da-gestao-da-petrobras__\/#primaryimage"},"thumbnailUrl":"http:\/\/www.sindipetroba.org.br\/2019\/wp-content\/uploads\/2021\/09\/dba38e16-153a-4501-9c59-d49b4fb905ee-1.jpg","keywords":["Estudo da PUC-Rio","fator de utiliza\u00e7\u00e3o das refinarias","FUT","Minist\u00e9rio de Minas e Energia","PPI","Pre\u00e7o de Paridade de Importa\u00e7\u00e3o"],"articleSection":["Not\u00edcia"],"inLanguage":"pt-BR"},{"@type":"WebPage","@id":"http:\/\/www.sindipetroba.org.br\/2019\/coordenador-da-fup-explica-que-explosao-dos-precos-dos-combustiveis-e-resultado-da-gestao-da-petrobras__\/","url":"http:\/\/www.sindipetroba.org.br\/2019\/coordenador-da-fup-explica-que-explosao-dos-precos-dos-combustiveis-e-resultado-da-gestao-da-petrobras__\/","name":"Coordenador da FUP explica que explos\u00e3o dos pre\u00e7os dos combust\u00edveis \u00e9 resultado da gest\u00e3o da Petrobr\u00e1s - Sindipetro BA","isPartOf":{"@id":"http:\/\/www.sindipetroba.org.br\/2019\/#website"},"primaryImageOfPage":{"@id":"http:\/\/www.sindipetroba.org.br\/2019\/coordenador-da-fup-explica-que-explosao-dos-precos-dos-combustiveis-e-resultado-da-gestao-da-petrobras__\/#primaryimage"},"image":{"@id":"http:\/\/www.sindipetroba.org.br\/2019\/coordenador-da-fup-explica-que-explosao-dos-precos-dos-combustiveis-e-resultado-da-gestao-da-petrobras__\/#primaryimage"},"thumbnailUrl":"http:\/\/www.sindipetroba.org.br\/2019\/wp-content\/uploads\/2021\/09\/dba38e16-153a-4501-9c59-d49b4fb905ee-1.jpg","datePublished":"2021-09-14T18:46:41+00:00","dateModified":"2021-09-14T18:52:43+00:00","breadcrumb":{"@id":"http:\/\/www.sindipetroba.org.br\/2019\/coordenador-da-fup-explica-que-explosao-dos-precos-dos-combustiveis-e-resultado-da-gestao-da-petrobras__\/#breadcrumb"},"inLanguage":"pt-BR","potentialAction":[{"@type":"ReadAction","target":["http:\/\/www.sindipetroba.org.br\/2019\/coordenador-da-fup-explica-que-explosao-dos-precos-dos-combustiveis-e-resultado-da-gestao-da-petrobras__\/"]}]},{"@type":"ImageObject","inLanguage":"pt-BR","@id":"http:\/\/www.sindipetroba.org.br\/2019\/coordenador-da-fup-explica-que-explosao-dos-precos-dos-combustiveis-e-resultado-da-gestao-da-petrobras__\/#primaryimage","url":"http:\/\/www.sindipetroba.org.br\/2019\/wp-content\/uploads\/2021\/09\/dba38e16-153a-4501-9c59-d49b4fb905ee-1.jpg","contentUrl":"http:\/\/www.sindipetroba.org.br\/2019\/wp-content\/uploads\/2021\/09\/dba38e16-153a-4501-9c59-d49b4fb905ee-1.jpg","width":1080,"height":1076},{"@type":"BreadcrumbList","@id":"http:\/\/www.sindipetroba.org.br\/2019\/coordenador-da-fup-explica-que-explosao-dos-precos-dos-combustiveis-e-resultado-da-gestao-da-petrobras__\/#breadcrumb","itemListElement":[{"@type":"ListItem","position":1,"name":"In\u00edcio","item":"http:\/\/www.sindipetroba.org.br\/2019\/"},{"@type":"ListItem","position":2,"name":"Coordenador da FUP explica que explos\u00e3o dos pre\u00e7os dos combust\u00edveis \u00e9 resultado da gest\u00e3o da Petrobr\u00e1s"}]},{"@type":"WebSite","@id":"http:\/\/www.sindipetroba.org.br\/2019\/#website","url":"http:\/\/www.sindipetroba.org.br\/2019\/","name":"Sindipetro BA","description":"Sindicato dos Petroleiros e Petroleiras do Estado da Bahia","publisher":{"@id":"http:\/\/www.sindipetroba.org.br\/2019\/#organization"},"potentialAction":[{"@type":"SearchAction","target":{"@type":"EntryPoint","urlTemplate":"http:\/\/www.sindipetroba.org.br\/2019\/?s={search_term_string}"},"query-input":{"@type":"PropertyValueSpecification","valueRequired":true,"valueName":"search_term_string"}}],"inLanguage":"pt-BR"},{"@type":"Organization","@id":"http:\/\/www.sindipetroba.org.br\/2019\/#organization","name":"Sindipetro BA","url":"http:\/\/www.sindipetroba.org.br\/2019\/","logo":{"@type":"ImageObject","inLanguage":"pt-BR","@id":"http:\/\/www.sindipetroba.org.br\/2019\/#\/schema\/logo\/image\/","url":"http:\/\/www.sindipetroba.org.br\/2019\/wp-content\/uploads\/2019\/01\/sindipetro-marca-cor.png","contentUrl":"http:\/\/www.sindipetroba.org.br\/2019\/wp-content\/uploads\/2019\/01\/sindipetro-marca-cor.png","width":350,"height":126,"caption":"Sindipetro BA"},"image":{"@id":"http:\/\/www.sindipetroba.org.br\/2019\/#\/schema\/logo\/image\/"},"sameAs":["https:\/\/www.facebook.com\/sindipetroBa\/","https:\/\/x.com\/SindipetroBahia","https:\/\/www.instagram.com\/sindipetroba\/","https:\/\/www.youtube.com\/c\/SindipetroBahiaOficial"]},{"@type":"Person","@id":"http:\/\/www.sindipetroba.org.br\/2019\/#\/schema\/person\/80e88dbf823328ddad08b17600055a3c","name":"ASCOM","image":{"@type":"ImageObject","inLanguage":"pt-BR","@id":"https:\/\/secure.gravatar.com\/avatar\/a2ab2fd873c57926b9f03e30be8804429fd7b0d41f4f71170e45b7b7f84998a6?s=96&d=mm&r=g","url":"https:\/\/secure.gravatar.com\/avatar\/a2ab2fd873c57926b9f03e30be8804429fd7b0d41f4f71170e45b7b7f84998a6?s=96&d=mm&r=g","contentUrl":"https:\/\/secure.gravatar.com\/avatar\/a2ab2fd873c57926b9f03e30be8804429fd7b0d41f4f71170e45b7b7f84998a6?s=96&d=mm&r=g","caption":"ASCOM"},"sameAs":["http:\/\/www.sindipetroba.org.br"]}]}},"_links":{"self":[{"href":"http:\/\/www.sindipetroba.org.br\/2019\/wp-json\/wp\/v2\/posts\/14708","targetHints":{"allow":["GET"]}}],"collection":[{"href":"http:\/\/www.sindipetroba.org.br\/2019\/wp-json\/wp\/v2\/posts"}],"about":[{"href":"http:\/\/www.sindipetroba.org.br\/2019\/wp-json\/wp\/v2\/types\/post"}],"author":[{"embeddable":true,"href":"http:\/\/www.sindipetroba.org.br\/2019\/wp-json\/wp\/v2\/users\/4"}],"replies":[{"embeddable":true,"href":"http:\/\/www.sindipetroba.org.br\/2019\/wp-json\/wp\/v2\/comments?post=14708"}],"version-history":[{"count":2,"href":"http:\/\/www.sindipetroba.org.br\/2019\/wp-json\/wp\/v2\/posts\/14708\/revisions"}],"predecessor-version":[{"id":14711,"href":"http:\/\/www.sindipetroba.org.br\/2019\/wp-json\/wp\/v2\/posts\/14708\/revisions\/14711"}],"wp:featuredmedia":[{"embeddable":true,"href":"http:\/\/www.sindipetroba.org.br\/2019\/wp-json\/wp\/v2\/media\/14713"}],"wp:attachment":[{"href":"http:\/\/www.sindipetroba.org.br\/2019\/wp-json\/wp\/v2\/media?parent=14708"}],"wp:term":[{"taxonomy":"category","embeddable":true,"href":"http:\/\/www.sindipetroba.org.br\/2019\/wp-json\/wp\/v2\/categories?post=14708"},{"taxonomy":"post_tag","embeddable":true,"href":"http:\/\/www.sindipetroba.org.br\/2019\/wp-json\/wp\/v2\/tags?post=14708"}],"curies":[{"name":"wp","href":"https:\/\/api.w.org\/{rel}","templated":true}]}}