{"id":14794,"date":"2021-09-23T15:32:31","date_gmt":"2021-09-23T18:32:31","guid":{"rendered":"http:\/\/www.sindipetroba.org.br\/2019\/?p=14794"},"modified":"2021-09-23T18:00:48","modified_gmt":"2021-09-23T21:00:48","slug":"atos-fora-bolsonaro-marcarao-68-anos-da-petrobras-com-protestos-contra-a-privatizacao-e-os-precos-abusivos-dos-combustiveis","status":"publish","type":"post","link":"http:\/\/www.sindipetroba.org.br\/2019\/atos-fora-bolsonaro-marcarao-68-anos-da-petrobras-com-protestos-contra-a-privatizacao-e-os-precos-abusivos-dos-combustiveis\/","title":{"rendered":"Atos Fora Bolsonaro marcar\u00e3o 68 anos da Petrobr\u00e1s, com protestos contra a privatiza\u00e7\u00e3o e os pre\u00e7os abusivos dos combust\u00edveis"},"content":{"rendered":"<h5>A Petrobr\u00e1s completa 68 anos no dia 03 de outubro, em meio ao maior desmonte de sua hist\u00f3ria, cuja conta o governo Bolsonaro est\u00e1\u00a0impondo \u00e0 popula\u00e7\u00e3o,\u00a0com pre\u00e7os\u00a0absurdos dos derivados, o que fez disparar a infla\u00e7\u00e3o e o custo de vida.\u00a0Para protestar, a FUP e seus sindicatos\u00a0estar\u00e3o nas ruas\u00a0nos\u00a0atos do dia 02 pelo Fora Bolsonaro e\u00a0nas a\u00e7\u00f5es solid\u00e1rias de venda de\u00a0g\u00e1s de cozinha a pre\u00e7o justo, na semana de 04 a 09 de outubro<\/h5>\n<p><em>[Imprensa da FUP]<\/em><\/p>\n<p>Com o pa\u00eds mergulhado em crises pol\u00edticas, econ\u00f4micas e sociais, cada vez mais agravadas pelos crimes de responsabilidade do governo Bolsonaro, investigado tamb\u00e9m por corrup\u00e7\u00e3o, as mobiliza\u00e7\u00f5es do dia 02 de outubro ser\u00e3o decisivas para a mudan\u00e7a de rumo que o povo brasileiro tanto clama. Os atos por Fora Bolsonaro, organizados pelas Frentes Brasil Popular e Povo Sem Medo, acontecem na v\u00e9spera do anivers\u00e1rio de 68 anos da Petrobr\u00e1s (03\/10), cujo desmonte foi intensificado neste governo, com a privatiza\u00e7\u00e3o aos peda\u00e7os da empresa e os reajustes abusivos dos derivados de petr\u00f3leo, com base no Pre\u00e7o de Paridade de Importa\u00e7\u00e3o (PPI), que obriga o consumidor a pagar em d\u00f3lar pela gasolina, diesel e g\u00e1s de cozinha.<\/p>\n<p>Em fun\u00e7\u00e3o da disparada dos combust\u00edveis, a infla\u00e7\u00e3o acumulada em 12 meses j\u00e1 beira 10% e as fam\u00edlias brasileiras sofrem os impactos de pagar R$ 7 pelo litro da gasolina e mais de R$ 100 pelo botij\u00e3o de g\u00e1s. Por conta dos reajustes feitos com base no pre\u00e7o de importa\u00e7\u00e3o, a gasolina j\u00e1 acumula aumentos de 51% nas refinarias somente este ano e o GLP e o diesel, de 40%. \u201cO desmonte da Petrobr\u00e1s, com a subutiliza\u00e7\u00e3o e privatiza\u00e7\u00e3o das refinarias, tem o prop\u00f3sito de aumentar o lucro dos acionistas privados, que se beneficiam com o d\u00f3lar alto e a exporta\u00e7\u00e3o de \u00f3leo cru, enquanto o povo \u00e9 obrigado a pagar pre\u00e7os de importa\u00e7\u00e3o para combust\u00edveis que s\u00e3o produzidos no Brasil\u201d, alerta o coordenador geral da FUP, Deyvid Bacelar.<\/p>\n<p>Para protestar contra essa pol\u00edtica, cuja responsabilidade \u00e9 integral do governo Bolsonaro, que representa o acionista majorit\u00e1rio da Petrobr\u00e1s, a FUP e seus sindicatos, junto com as demais entidades da Plataforma Oper\u00e1ria e Camponesa para a Energia (POCAE), intensificar\u00e3o a luta em defesa da soberania e por pre\u00e7os justos para a energia nos atos do dia 02 de outubro. Nas ruas e nas redes sociais, petroleiros, eletricit\u00e1rios, pequenos agricultores, atingidos por barragens e demais movimentos sociais que integram a POCAE ir\u00e3o protestar contra os pre\u00e7os abusivos dos combust\u00edveis e da energia el\u00e9trica, consequ\u00eancia do desmonte dos sistemas Petrobr\u00e1s e Eletrobr\u00e1s.<\/p>\n<p>A orienta\u00e7\u00e3o da FUP \u00e9 que os sindicatos priorizem as manifesta\u00e7\u00f5es do dia 02, dialogando com a popula\u00e7\u00e3o nas ruas e nas redes sobre a import\u00e2ncia de uma empresa estatal forte, para garantir o abastecimento nacional, com pre\u00e7os justos e desenvolvimento econ\u00f4mico e social nos estados em que atua. A hastag que ser\u00e1\u00a0massificada nas redes \u00e9 <strong>#T\u00e1CaroACulpa\u00c9doBolsonaro<\/strong><\/p>\n<h3><strong>Anivers\u00e1rio da Petrobr\u00e1s ter\u00e1 g\u00e1s de cozinha a pre\u00e7os justos, de 04 a 09 de outubro<\/strong><\/h3>\n<p>A FUP e seus sindicatos est\u00e3o organizando para a semana do dia 04 a 09 de outubro novas a\u00e7\u00f5es solid\u00e1rias de venda de g\u00e1s de cozinha a pre\u00e7os justos em diversos munic\u00edpios do pa\u00eds, em continuidade \u00e0s comemora\u00e7\u00f5es dos 68 anos da Petrobr\u00e1s, que ser\u00e3o iniciadas com os atos Fora Bolsonaro. No dia 04 de outubro, ser\u00e1 tamb\u00e9m realizado uma mobiliza\u00e7\u00e3o nacional na Refinaria Landuplho Alves (RLAM), na Bahia, que completou 71 anos no dia 17 de setembro, com a categoria resistindo \u00e0 sua privatiza\u00e7\u00e3o.<\/p>\n<p>\u201cEm meio \u00e0 devasta\u00e7\u00e3o do Sistema Petrobr\u00e1s, que penaliza a popula\u00e7\u00e3o brasileira, os trabalhadores ainda enfrentam uma s\u00e9rie de ataques por parte de uma gest\u00e3o autorit\u00e1ria, que nega-se a dialogar com os sindicatos, reproduzindo na empresa o modus operandi de Jair Bolsonaro, ao violar direitos, descumprir acordos e expor a categoria e as comunidades a riscos constantes de acidentes, como estamos vendo em diversas unidades. Por isso, \u00e9 fundamental que a categoria se engaje nas lutas que a FUP e os sindicatos est\u00e3o realizando, participando das manifesta\u00e7\u00f5es nas ruas, nas redes e nos locais de trabalho\u201d, refor\u00e7a Deyvid Bacelar.<\/p>\n<p>Os atos contra as privatiza\u00e7\u00f5es no Sistema Petrobr\u00e1s e os ataques da gest\u00e3o bolsonarista est\u00e3o acontecendo desde agosto nas bases da FUP. J\u00e1 foram realizadas mobiliza\u00e7\u00f5es na Refap (RS), na Reman (AM), na Abreu e Lima (PE), na Replan (SP), na Recap (SP) e na sexta-feira, 24, ser\u00e1 a vez da Regap, em Minas Gerais. As mobiliza\u00e7\u00f5es prosseguem ao longo de outubro, com atos j\u00e1 agendados para o dia 01\/10 em Mossor\u00f3 (RN), 04\/10 na RLAM, 05\/10 na Reduc, 14\/10 na Repar e 15\/10 na SIX.<\/p>\n","protected":false},"excerpt":{"rendered":"A Petrobr\u00e1s completa 68 anos no dia 03 de outubro, em meio ao maior desmonte de sua hist\u00f3ria, cuja conta o governo Bolsonaro est\u00e1\u00a0impondo \u00e0 popula\u00e7\u00e3o,\u00a0com pre\u00e7os\u00a0absurdos dos derivados, o que fez disparar a infla\u00e7\u00e3o e o custo de vida.\u00a0Para protestar, a FUP e seus sindicatos\u00a0estar\u00e3o nas ruas\u00a0nos\u00a0atos do dia 02 pelo Fora Bolsonaro e\u00a0nas&#8230; <a class=\"view-article\" href=\"http:\/\/www.sindipetroba.org.br\/2019\/atos-fora-bolsonaro-marcarao-68-anos-da-petrobras-com-protestos-contra-a-privatizacao-e-os-precos-abusivos-dos-combustiveis\/\">Ver artigo<\/a>","protected":false},"author":4,"featured_media":14791,"comment_status":"closed","ping_status":"open","sticky":false,"template":"","format":"standard","meta":{"_et_pb_use_builder":"","_et_pb_old_content":"","_et_gb_content_width":"","footnotes":""},"categories":[1],"tags":[219,523,713,2367,2365,2366,2364],"class_list":["post-14794","post","type-post","status-publish","format-standard","has-post-thumbnail","hentry","category-noticia","tag-brasil","tag-diesel","tag-gasolina","tag-hastag","tag-plataforma-operaria-e-camponesa","tag-plataforma-operaria-e-camponesa-para-a-energia","tag-pocae"],"yoast_head":"<!-- This site is optimized with the Yoast SEO plugin v27.3 - https:\/\/yoast.com\/product\/yoast-seo-wordpress\/ -->\n<title>Atos Fora Bolsonaro marcar\u00e3o 68 anos da Petrobr\u00e1s, com protestos contra a privatiza\u00e7\u00e3o e os pre\u00e7os abusivos dos combust\u00edveis - Sindipetro BA<\/title>\n<meta name=\"robots\" content=\"index, follow, max-snippet:-1, max-image-preview:large, max-video-preview:-1\" \/>\n<link rel=\"canonical\" href=\"http:\/\/www.sindipetroba.org.br\/2019\/atos-fora-bolsonaro-marcarao-68-anos-da-petrobras-com-protestos-contra-a-privatizacao-e-os-precos-abusivos-dos-combustiveis\/\" \/>\n<meta property=\"og:locale\" content=\"pt_BR\" \/>\n<meta property=\"og:type\" content=\"article\" \/>\n<meta property=\"og:title\" content=\"Atos Fora Bolsonaro marcar\u00e3o 68 anos da Petrobr\u00e1s, com protestos contra a privatiza\u00e7\u00e3o e os pre\u00e7os abusivos dos combust\u00edveis - Sindipetro BA\" \/>\n<meta property=\"og:description\" content=\"A Petrobr\u00e1s completa 68 anos no dia 03 de outubro, em meio ao maior desmonte de sua hist\u00f3ria, cuja conta o governo Bolsonaro est\u00e1\u00a0impondo \u00e0 popula\u00e7\u00e3o,\u00a0com pre\u00e7os\u00a0absurdos dos derivados, o que fez disparar a infla\u00e7\u00e3o e o custo de vida.\u00a0Para protestar, a FUP e seus sindicatos\u00a0estar\u00e3o nas ruas\u00a0nos\u00a0atos do dia 02 pelo Fora Bolsonaro e\u00a0nas... Ver artigo\" \/>\n<meta property=\"og:url\" content=\"http:\/\/www.sindipetroba.org.br\/2019\/atos-fora-bolsonaro-marcarao-68-anos-da-petrobras-com-protestos-contra-a-privatizacao-e-os-precos-abusivos-dos-combustiveis\/\" \/>\n<meta property=\"og:site_name\" content=\"Sindipetro BA\" \/>\n<meta property=\"article:publisher\" content=\"https:\/\/www.facebook.com\/sindipetroBa\/\" \/>\n<meta property=\"article:published_time\" content=\"2021-09-23T18:32:31+00:00\" \/>\n<meta property=\"article:modified_time\" content=\"2021-09-23T21:00:48+00:00\" \/>\n<meta property=\"og:image\" content=\"http:\/\/www.sindipetroba.org.br\/2019\/wp-content\/uploads\/2021\/09\/0f3fb0581e0193058aaef124e68e4589_L.jpg\" \/>\n\t<meta property=\"og:image:width\" content=\"900\" \/>\n\t<meta property=\"og:image:height\" content=\"675\" \/>\n\t<meta property=\"og:image:type\" content=\"image\/jpeg\" \/>\n<meta name=\"author\" content=\"ASCOM\" \/>\n<meta name=\"twitter:card\" content=\"summary_large_image\" \/>\n<meta name=\"twitter:creator\" content=\"@SindipetroBahia\" \/>\n<meta name=\"twitter:site\" content=\"@SindipetroBahia\" \/>\n<meta name=\"twitter:label1\" content=\"Escrito por\" \/>\n\t<meta name=\"twitter:data1\" content=\"ASCOM\" \/>\n\t<meta name=\"twitter:label2\" content=\"Est. tempo de leitura\" \/>\n\t<meta name=\"twitter:data2\" content=\"4 minutos\" \/>\n<script type=\"application\/ld+json\" class=\"yoast-schema-graph\">{\"@context\":\"https:\\\/\\\/schema.org\",\"@graph\":[{\"@type\":\"Article\",\"@id\":\"http:\\\/\\\/www.sindipetroba.org.br\\\/2019\\\/atos-fora-bolsonaro-marcarao-68-anos-da-petrobras-com-protestos-contra-a-privatizacao-e-os-precos-abusivos-dos-combustiveis\\\/#article\",\"isPartOf\":{\"@id\":\"http:\\\/\\\/www.sindipetroba.org.br\\\/2019\\\/atos-fora-bolsonaro-marcarao-68-anos-da-petrobras-com-protestos-contra-a-privatizacao-e-os-precos-abusivos-dos-combustiveis\\\/\"},\"author\":{\"name\":\"ASCOM\",\"@id\":\"http:\\\/\\\/www.sindipetroba.org.br\\\/2019\\\/#\\\/schema\\\/person\\\/80e88dbf823328ddad08b17600055a3c\"},\"headline\":\"Atos Fora Bolsonaro marcar\u00e3o 68 anos da Petrobr\u00e1s, com protestos contra a privatiza\u00e7\u00e3o e os pre\u00e7os abusivos dos combust\u00edveis\",\"datePublished\":\"2021-09-23T18:32:31+00:00\",\"dateModified\":\"2021-09-23T21:00:48+00:00\",\"mainEntityOfPage\":{\"@id\":\"http:\\\/\\\/www.sindipetroba.org.br\\\/2019\\\/atos-fora-bolsonaro-marcarao-68-anos-da-petrobras-com-protestos-contra-a-privatizacao-e-os-precos-abusivos-dos-combustiveis\\\/\"},\"wordCount\":858,\"publisher\":{\"@id\":\"http:\\\/\\\/www.sindipetroba.org.br\\\/2019\\\/#organization\"},\"image\":{\"@id\":\"http:\\\/\\\/www.sindipetroba.org.br\\\/2019\\\/atos-fora-bolsonaro-marcarao-68-anos-da-petrobras-com-protestos-contra-a-privatizacao-e-os-precos-abusivos-dos-combustiveis\\\/#primaryimage\"},\"thumbnailUrl\":\"http:\\\/\\\/www.sindipetroba.org.br\\\/2019\\\/wp-content\\\/uploads\\\/2021\\\/09\\\/0f3fb0581e0193058aaef124e68e4589_L.jpg\",\"keywords\":[\"Brasil\",\"diesel\",\"gasolina\",\"hastag\",\"Plataforma Oper\u00e1ria e Camponesa\",\"Plataforma Oper\u00e1ria e Camponesa para a Energia\",\"POCAE\"],\"articleSection\":[\"Not\u00edcia\"],\"inLanguage\":\"pt-BR\"},{\"@type\":\"WebPage\",\"@id\":\"http:\\\/\\\/www.sindipetroba.org.br\\\/2019\\\/atos-fora-bolsonaro-marcarao-68-anos-da-petrobras-com-protestos-contra-a-privatizacao-e-os-precos-abusivos-dos-combustiveis\\\/\",\"url\":\"http:\\\/\\\/www.sindipetroba.org.br\\\/2019\\\/atos-fora-bolsonaro-marcarao-68-anos-da-petrobras-com-protestos-contra-a-privatizacao-e-os-precos-abusivos-dos-combustiveis\\\/\",\"name\":\"Atos Fora Bolsonaro marcar\u00e3o 68 anos da Petrobr\u00e1s, com protestos contra a privatiza\u00e7\u00e3o e os pre\u00e7os abusivos dos combust\u00edveis - Sindipetro BA\",\"isPartOf\":{\"@id\":\"http:\\\/\\\/www.sindipetroba.org.br\\\/2019\\\/#website\"},\"primaryImageOfPage\":{\"@id\":\"http:\\\/\\\/www.sindipetroba.org.br\\\/2019\\\/atos-fora-bolsonaro-marcarao-68-anos-da-petrobras-com-protestos-contra-a-privatizacao-e-os-precos-abusivos-dos-combustiveis\\\/#primaryimage\"},\"image\":{\"@id\":\"http:\\\/\\\/www.sindipetroba.org.br\\\/2019\\\/atos-fora-bolsonaro-marcarao-68-anos-da-petrobras-com-protestos-contra-a-privatizacao-e-os-precos-abusivos-dos-combustiveis\\\/#primaryimage\"},\"thumbnailUrl\":\"http:\\\/\\\/www.sindipetroba.org.br\\\/2019\\\/wp-content\\\/uploads\\\/2021\\\/09\\\/0f3fb0581e0193058aaef124e68e4589_L.jpg\",\"datePublished\":\"2021-09-23T18:32:31+00:00\",\"dateModified\":\"2021-09-23T21:00:48+00:00\",\"breadcrumb\":{\"@id\":\"http:\\\/\\\/www.sindipetroba.org.br\\\/2019\\\/atos-fora-bolsonaro-marcarao-68-anos-da-petrobras-com-protestos-contra-a-privatizacao-e-os-precos-abusivos-dos-combustiveis\\\/#breadcrumb\"},\"inLanguage\":\"pt-BR\",\"potentialAction\":[{\"@type\":\"ReadAction\",\"target\":[\"http:\\\/\\\/www.sindipetroba.org.br\\\/2019\\\/atos-fora-bolsonaro-marcarao-68-anos-da-petrobras-com-protestos-contra-a-privatizacao-e-os-precos-abusivos-dos-combustiveis\\\/\"]}]},{\"@type\":\"ImageObject\",\"inLanguage\":\"pt-BR\",\"@id\":\"http:\\\/\\\/www.sindipetroba.org.br\\\/2019\\\/atos-fora-bolsonaro-marcarao-68-anos-da-petrobras-com-protestos-contra-a-privatizacao-e-os-precos-abusivos-dos-combustiveis\\\/#primaryimage\",\"url\":\"http:\\\/\\\/www.sindipetroba.org.br\\\/2019\\\/wp-content\\\/uploads\\\/2021\\\/09\\\/0f3fb0581e0193058aaef124e68e4589_L.jpg\",\"contentUrl\":\"http:\\\/\\\/www.sindipetroba.org.br\\\/2019\\\/wp-content\\\/uploads\\\/2021\\\/09\\\/0f3fb0581e0193058aaef124e68e4589_L.jpg\",\"width\":900,\"height\":675},{\"@type\":\"BreadcrumbList\",\"@id\":\"http:\\\/\\\/www.sindipetroba.org.br\\\/2019\\\/atos-fora-bolsonaro-marcarao-68-anos-da-petrobras-com-protestos-contra-a-privatizacao-e-os-precos-abusivos-dos-combustiveis\\\/#breadcrumb\",\"itemListElement\":[{\"@type\":\"ListItem\",\"position\":1,\"name\":\"In\u00edcio\",\"item\":\"http:\\\/\\\/www.sindipetroba.org.br\\\/2019\\\/\"},{\"@type\":\"ListItem\",\"position\":2,\"name\":\"Atos Fora Bolsonaro marcar\u00e3o 68 anos da Petrobr\u00e1s, com protestos contra a privatiza\u00e7\u00e3o e os pre\u00e7os abusivos dos combust\u00edveis\"}]},{\"@type\":\"WebSite\",\"@id\":\"http:\\\/\\\/www.sindipetroba.org.br\\\/2019\\\/#website\",\"url\":\"http:\\\/\\\/www.sindipetroba.org.br\\\/2019\\\/\",\"name\":\"Sindipetro BA\",\"description\":\"Sindicato dos Petroleiros e Petroleiras do Estado da Bahia\",\"publisher\":{\"@id\":\"http:\\\/\\\/www.sindipetroba.org.br\\\/2019\\\/#organization\"},\"potentialAction\":[{\"@type\":\"SearchAction\",\"target\":{\"@type\":\"EntryPoint\",\"urlTemplate\":\"http:\\\/\\\/www.sindipetroba.org.br\\\/2019\\\/?s={search_term_string}\"},\"query-input\":{\"@type\":\"PropertyValueSpecification\",\"valueRequired\":true,\"valueName\":\"search_term_string\"}}],\"inLanguage\":\"pt-BR\"},{\"@type\":\"Organization\",\"@id\":\"http:\\\/\\\/www.sindipetroba.org.br\\\/2019\\\/#organization\",\"name\":\"Sindipetro BA\",\"url\":\"http:\\\/\\\/www.sindipetroba.org.br\\\/2019\\\/\",\"logo\":{\"@type\":\"ImageObject\",\"inLanguage\":\"pt-BR\",\"@id\":\"http:\\\/\\\/www.sindipetroba.org.br\\\/2019\\\/#\\\/schema\\\/logo\\\/image\\\/\",\"url\":\"http:\\\/\\\/www.sindipetroba.org.br\\\/2019\\\/wp-content\\\/uploads\\\/2019\\\/01\\\/sindipetro-marca-cor.png\",\"contentUrl\":\"http:\\\/\\\/www.sindipetroba.org.br\\\/2019\\\/wp-content\\\/uploads\\\/2019\\\/01\\\/sindipetro-marca-cor.png\",\"width\":350,\"height\":126,\"caption\":\"Sindipetro BA\"},\"image\":{\"@id\":\"http:\\\/\\\/www.sindipetroba.org.br\\\/2019\\\/#\\\/schema\\\/logo\\\/image\\\/\"},\"sameAs\":[\"https:\\\/\\\/www.facebook.com\\\/sindipetroBa\\\/\",\"https:\\\/\\\/x.com\\\/SindipetroBahia\",\"https:\\\/\\\/www.instagram.com\\\/sindipetroba\\\/\",\"https:\\\/\\\/www.youtube.com\\\/c\\\/SindipetroBahiaOficial\"]},{\"@type\":\"Person\",\"@id\":\"http:\\\/\\\/www.sindipetroba.org.br\\\/2019\\\/#\\\/schema\\\/person\\\/80e88dbf823328ddad08b17600055a3c\",\"name\":\"ASCOM\",\"image\":{\"@type\":\"ImageObject\",\"inLanguage\":\"pt-BR\",\"@id\":\"https:\\\/\\\/secure.gravatar.com\\\/avatar\\\/a2ab2fd873c57926b9f03e30be8804429fd7b0d41f4f71170e45b7b7f84998a6?s=96&d=mm&r=g\",\"url\":\"https:\\\/\\\/secure.gravatar.com\\\/avatar\\\/a2ab2fd873c57926b9f03e30be8804429fd7b0d41f4f71170e45b7b7f84998a6?s=96&d=mm&r=g\",\"contentUrl\":\"https:\\\/\\\/secure.gravatar.com\\\/avatar\\\/a2ab2fd873c57926b9f03e30be8804429fd7b0d41f4f71170e45b7b7f84998a6?s=96&d=mm&r=g\",\"caption\":\"ASCOM\"},\"sameAs\":[\"http:\\\/\\\/www.sindipetroba.org.br\"]}]}<\/script>\n<!-- \/ Yoast SEO plugin. -->","yoast_head_json":{"title":"Atos Fora Bolsonaro marcar\u00e3o 68 anos da Petrobr\u00e1s, com protestos contra a privatiza\u00e7\u00e3o e os pre\u00e7os abusivos dos combust\u00edveis - Sindipetro BA","robots":{"index":"index","follow":"follow","max-snippet":"max-snippet:-1","max-image-preview":"max-image-preview:large","max-video-preview":"max-video-preview:-1"},"canonical":"http:\/\/www.sindipetroba.org.br\/2019\/atos-fora-bolsonaro-marcarao-68-anos-da-petrobras-com-protestos-contra-a-privatizacao-e-os-precos-abusivos-dos-combustiveis\/","og_locale":"pt_BR","og_type":"article","og_title":"Atos Fora Bolsonaro marcar\u00e3o 68 anos da Petrobr\u00e1s, com protestos contra a privatiza\u00e7\u00e3o e os pre\u00e7os abusivos dos combust\u00edveis - Sindipetro BA","og_description":"A Petrobr\u00e1s completa 68 anos no dia 03 de outubro, em meio ao maior desmonte de sua hist\u00f3ria, cuja conta o governo Bolsonaro est\u00e1\u00a0impondo \u00e0 popula\u00e7\u00e3o,\u00a0com pre\u00e7os\u00a0absurdos dos derivados, o que fez disparar a infla\u00e7\u00e3o e o custo de vida.\u00a0Para protestar, a FUP e seus sindicatos\u00a0estar\u00e3o nas ruas\u00a0nos\u00a0atos do dia 02 pelo Fora Bolsonaro e\u00a0nas... Ver artigo","og_url":"http:\/\/www.sindipetroba.org.br\/2019\/atos-fora-bolsonaro-marcarao-68-anos-da-petrobras-com-protestos-contra-a-privatizacao-e-os-precos-abusivos-dos-combustiveis\/","og_site_name":"Sindipetro BA","article_publisher":"https:\/\/www.facebook.com\/sindipetroBa\/","article_published_time":"2021-09-23T18:32:31+00:00","article_modified_time":"2021-09-23T21:00:48+00:00","og_image":[{"width":900,"height":675,"url":"http:\/\/www.sindipetroba.org.br\/2019\/wp-content\/uploads\/2021\/09\/0f3fb0581e0193058aaef124e68e4589_L.jpg","type":"image\/jpeg"}],"author":"ASCOM","twitter_card":"summary_large_image","twitter_creator":"@SindipetroBahia","twitter_site":"@SindipetroBahia","twitter_misc":{"Escrito por":"ASCOM","Est. tempo de leitura":"4 minutos"},"schema":{"@context":"https:\/\/schema.org","@graph":[{"@type":"Article","@id":"http:\/\/www.sindipetroba.org.br\/2019\/atos-fora-bolsonaro-marcarao-68-anos-da-petrobras-com-protestos-contra-a-privatizacao-e-os-precos-abusivos-dos-combustiveis\/#article","isPartOf":{"@id":"http:\/\/www.sindipetroba.org.br\/2019\/atos-fora-bolsonaro-marcarao-68-anos-da-petrobras-com-protestos-contra-a-privatizacao-e-os-precos-abusivos-dos-combustiveis\/"},"author":{"name":"ASCOM","@id":"http:\/\/www.sindipetroba.org.br\/2019\/#\/schema\/person\/80e88dbf823328ddad08b17600055a3c"},"headline":"Atos Fora Bolsonaro marcar\u00e3o 68 anos da Petrobr\u00e1s, com protestos contra a privatiza\u00e7\u00e3o e os pre\u00e7os abusivos dos combust\u00edveis","datePublished":"2021-09-23T18:32:31+00:00","dateModified":"2021-09-23T21:00:48+00:00","mainEntityOfPage":{"@id":"http:\/\/www.sindipetroba.org.br\/2019\/atos-fora-bolsonaro-marcarao-68-anos-da-petrobras-com-protestos-contra-a-privatizacao-e-os-precos-abusivos-dos-combustiveis\/"},"wordCount":858,"publisher":{"@id":"http:\/\/www.sindipetroba.org.br\/2019\/#organization"},"image":{"@id":"http:\/\/www.sindipetroba.org.br\/2019\/atos-fora-bolsonaro-marcarao-68-anos-da-petrobras-com-protestos-contra-a-privatizacao-e-os-precos-abusivos-dos-combustiveis\/#primaryimage"},"thumbnailUrl":"http:\/\/www.sindipetroba.org.br\/2019\/wp-content\/uploads\/2021\/09\/0f3fb0581e0193058aaef124e68e4589_L.jpg","keywords":["Brasil","diesel","gasolina","hastag","Plataforma Oper\u00e1ria e Camponesa","Plataforma Oper\u00e1ria e Camponesa para a Energia","POCAE"],"articleSection":["Not\u00edcia"],"inLanguage":"pt-BR"},{"@type":"WebPage","@id":"http:\/\/www.sindipetroba.org.br\/2019\/atos-fora-bolsonaro-marcarao-68-anos-da-petrobras-com-protestos-contra-a-privatizacao-e-os-precos-abusivos-dos-combustiveis\/","url":"http:\/\/www.sindipetroba.org.br\/2019\/atos-fora-bolsonaro-marcarao-68-anos-da-petrobras-com-protestos-contra-a-privatizacao-e-os-precos-abusivos-dos-combustiveis\/","name":"Atos Fora Bolsonaro marcar\u00e3o 68 anos da Petrobr\u00e1s, com protestos contra a privatiza\u00e7\u00e3o e os pre\u00e7os abusivos dos combust\u00edveis - Sindipetro BA","isPartOf":{"@id":"http:\/\/www.sindipetroba.org.br\/2019\/#website"},"primaryImageOfPage":{"@id":"http:\/\/www.sindipetroba.org.br\/2019\/atos-fora-bolsonaro-marcarao-68-anos-da-petrobras-com-protestos-contra-a-privatizacao-e-os-precos-abusivos-dos-combustiveis\/#primaryimage"},"image":{"@id":"http:\/\/www.sindipetroba.org.br\/2019\/atos-fora-bolsonaro-marcarao-68-anos-da-petrobras-com-protestos-contra-a-privatizacao-e-os-precos-abusivos-dos-combustiveis\/#primaryimage"},"thumbnailUrl":"http:\/\/www.sindipetroba.org.br\/2019\/wp-content\/uploads\/2021\/09\/0f3fb0581e0193058aaef124e68e4589_L.jpg","datePublished":"2021-09-23T18:32:31+00:00","dateModified":"2021-09-23T21:00:48+00:00","breadcrumb":{"@id":"http:\/\/www.sindipetroba.org.br\/2019\/atos-fora-bolsonaro-marcarao-68-anos-da-petrobras-com-protestos-contra-a-privatizacao-e-os-precos-abusivos-dos-combustiveis\/#breadcrumb"},"inLanguage":"pt-BR","potentialAction":[{"@type":"ReadAction","target":["http:\/\/www.sindipetroba.org.br\/2019\/atos-fora-bolsonaro-marcarao-68-anos-da-petrobras-com-protestos-contra-a-privatizacao-e-os-precos-abusivos-dos-combustiveis\/"]}]},{"@type":"ImageObject","inLanguage":"pt-BR","@id":"http:\/\/www.sindipetroba.org.br\/2019\/atos-fora-bolsonaro-marcarao-68-anos-da-petrobras-com-protestos-contra-a-privatizacao-e-os-precos-abusivos-dos-combustiveis\/#primaryimage","url":"http:\/\/www.sindipetroba.org.br\/2019\/wp-content\/uploads\/2021\/09\/0f3fb0581e0193058aaef124e68e4589_L.jpg","contentUrl":"http:\/\/www.sindipetroba.org.br\/2019\/wp-content\/uploads\/2021\/09\/0f3fb0581e0193058aaef124e68e4589_L.jpg","width":900,"height":675},{"@type":"BreadcrumbList","@id":"http:\/\/www.sindipetroba.org.br\/2019\/atos-fora-bolsonaro-marcarao-68-anos-da-petrobras-com-protestos-contra-a-privatizacao-e-os-precos-abusivos-dos-combustiveis\/#breadcrumb","itemListElement":[{"@type":"ListItem","position":1,"name":"In\u00edcio","item":"http:\/\/www.sindipetroba.org.br\/2019\/"},{"@type":"ListItem","position":2,"name":"Atos Fora Bolsonaro marcar\u00e3o 68 anos da Petrobr\u00e1s, com protestos contra a privatiza\u00e7\u00e3o e os pre\u00e7os abusivos dos combust\u00edveis"}]},{"@type":"WebSite","@id":"http:\/\/www.sindipetroba.org.br\/2019\/#website","url":"http:\/\/www.sindipetroba.org.br\/2019\/","name":"Sindipetro BA","description":"Sindicato dos Petroleiros e Petroleiras do Estado da Bahia","publisher":{"@id":"http:\/\/www.sindipetroba.org.br\/2019\/#organization"},"potentialAction":[{"@type":"SearchAction","target":{"@type":"EntryPoint","urlTemplate":"http:\/\/www.sindipetroba.org.br\/2019\/?s={search_term_string}"},"query-input":{"@type":"PropertyValueSpecification","valueRequired":true,"valueName":"search_term_string"}}],"inLanguage":"pt-BR"},{"@type":"Organization","@id":"http:\/\/www.sindipetroba.org.br\/2019\/#organization","name":"Sindipetro BA","url":"http:\/\/www.sindipetroba.org.br\/2019\/","logo":{"@type":"ImageObject","inLanguage":"pt-BR","@id":"http:\/\/www.sindipetroba.org.br\/2019\/#\/schema\/logo\/image\/","url":"http:\/\/www.sindipetroba.org.br\/2019\/wp-content\/uploads\/2019\/01\/sindipetro-marca-cor.png","contentUrl":"http:\/\/www.sindipetroba.org.br\/2019\/wp-content\/uploads\/2019\/01\/sindipetro-marca-cor.png","width":350,"height":126,"caption":"Sindipetro BA"},"image":{"@id":"http:\/\/www.sindipetroba.org.br\/2019\/#\/schema\/logo\/image\/"},"sameAs":["https:\/\/www.facebook.com\/sindipetroBa\/","https:\/\/x.com\/SindipetroBahia","https:\/\/www.instagram.com\/sindipetroba\/","https:\/\/www.youtube.com\/c\/SindipetroBahiaOficial"]},{"@type":"Person","@id":"http:\/\/www.sindipetroba.org.br\/2019\/#\/schema\/person\/80e88dbf823328ddad08b17600055a3c","name":"ASCOM","image":{"@type":"ImageObject","inLanguage":"pt-BR","@id":"https:\/\/secure.gravatar.com\/avatar\/a2ab2fd873c57926b9f03e30be8804429fd7b0d41f4f71170e45b7b7f84998a6?s=96&d=mm&r=g","url":"https:\/\/secure.gravatar.com\/avatar\/a2ab2fd873c57926b9f03e30be8804429fd7b0d41f4f71170e45b7b7f84998a6?s=96&d=mm&r=g","contentUrl":"https:\/\/secure.gravatar.com\/avatar\/a2ab2fd873c57926b9f03e30be8804429fd7b0d41f4f71170e45b7b7f84998a6?s=96&d=mm&r=g","caption":"ASCOM"},"sameAs":["http:\/\/www.sindipetroba.org.br"]}]}},"_links":{"self":[{"href":"http:\/\/www.sindipetroba.org.br\/2019\/wp-json\/wp\/v2\/posts\/14794","targetHints":{"allow":["GET"]}}],"collection":[{"href":"http:\/\/www.sindipetroba.org.br\/2019\/wp-json\/wp\/v2\/posts"}],"about":[{"href":"http:\/\/www.sindipetroba.org.br\/2019\/wp-json\/wp\/v2\/types\/post"}],"author":[{"embeddable":true,"href":"http:\/\/www.sindipetroba.org.br\/2019\/wp-json\/wp\/v2\/users\/4"}],"replies":[{"embeddable":true,"href":"http:\/\/www.sindipetroba.org.br\/2019\/wp-json\/wp\/v2\/comments?post=14794"}],"version-history":[{"count":3,"href":"http:\/\/www.sindipetroba.org.br\/2019\/wp-json\/wp\/v2\/posts\/14794\/revisions"}],"predecessor-version":[{"id":14798,"href":"http:\/\/www.sindipetroba.org.br\/2019\/wp-json\/wp\/v2\/posts\/14794\/revisions\/14798"}],"wp:featuredmedia":[{"embeddable":true,"href":"http:\/\/www.sindipetroba.org.br\/2019\/wp-json\/wp\/v2\/media\/14791"}],"wp:attachment":[{"href":"http:\/\/www.sindipetroba.org.br\/2019\/wp-json\/wp\/v2\/media?parent=14794"}],"wp:term":[{"taxonomy":"category","embeddable":true,"href":"http:\/\/www.sindipetroba.org.br\/2019\/wp-json\/wp\/v2\/categories?post=14794"},{"taxonomy":"post_tag","embeddable":true,"href":"http:\/\/www.sindipetroba.org.br\/2019\/wp-json\/wp\/v2\/tags?post=14794"}],"curies":[{"name":"wp","href":"https:\/\/api.w.org\/{rel}","templated":true}]}}