{"id":1730,"date":"2019-05-22T14:47:11","date_gmt":"2019-05-22T17:47:11","guid":{"rendered":"http:\/\/www.sindipetroba.org.br\/2019\/?p=1730"},"modified":"2025-09-29T16:47:59","modified_gmt":"2025-09-29T19:47:59","slug":"pdv-anunciado-pelo-governo-nas-estatais-vai-piorar-servicos-e-encarecer-tarifas","status":"publish","type":"post","link":"http:\/\/www.sindipetroba.org.br\/2019\/pdv-anunciado-pelo-governo-nas-estatais-vai-piorar-servicos-e-encarecer-tarifas\/","title":{"rendered":"PDV anunciado pelo governo nas estatais vai piorar servi\u00e7os e encarecer tarifas"},"content":{"rendered":"<p>Em sua estrat\u00e9gia de enfraquecer a atua\u00e7\u00e3o das estatais e piorar a qualidade do atendimento ao consumidor para atrair a simpatia da popula\u00e7\u00e3o para a privatiza\u00e7\u00e3o, o governo de Jair Bolsonaro (PSL) anunciou mais um Plano de Demiss\u00e3o Volunt\u00e1ria (PDV), em sete empresas p\u00fablicas. O governo espera a ades\u00e3o de 21 mil funcion\u00e1rios e uma \u201ceconomia\u201d de R$ 2,3 bilh\u00f5es.<\/p>\n<p>Na Infraero, o objetivo \u00e9 desligar cerca de 600 funcion\u00e1rios, na Petrobras, 4.300, nos Correios \u00e9 de 7.300 empregados. Na Embrapa, a meta \u00e9 o desligamento de 3.000. Os nomes das outras tr\u00eas estatais onde haver\u00e1 cortes n\u00e3o foram informados pelo governo.<\/p>\n<p>Na avalia\u00e7\u00e3o dos representantes dos trabalhadores e trabalhadoras dos\u00a0<strong>Correios, Eletrobras, Petrobras e bancos<\/strong>, o PDV vai aumentar as falhas no atendimento e na quantidade de acidentes ao mesmo tempo em que vai reduzir custos e sucatear as estatais para privatizar. E para completar vai encarecer o valor das tarifas banc\u00e1rias e os pre\u00e7os da energia el\u00e9trica, do g\u00e1s, da gasolina e do diesel e do servi\u00e7o postal, al\u00e9m de contribuir para\u00a0<a href=\"https:\/\/www.cut.org.br\/admin\/news\/save\/link%20https:\/www.cut.org.br\/noticias\/na-era-do-desalento-falta-trabalho-para-mais-de-28-milhoes-de-brasileiros-516c\"><strong>aumentar o n\u00famero de desempregados<\/strong><\/a>, que vem batendo recordes no pa\u00eds, al\u00e9m de entregar as empresas estrat\u00e9gicas ao mercado financeiro, colocando em risco a soberania nacional.<\/p>\n<p>O diretor do Sindicato dos Engenheiros do Rio de Janeiro e funcion\u00e1rio de Furnas, Felipe Ara\u00fajo, critica a l\u00f3gica do governo Bolsonaro em priorizar o acionista e n\u00e3o o papel social que o sistema\u00a0<strong>Eletrobras<\/strong>\u00a0tem no pa\u00eds: o de levar energia el\u00e9trica a um pre\u00e7o justo que a popula\u00e7\u00e3o possa pagar.<\/p>\n<p>\u201cA l\u00f3gica da supremacia do acionista sobre bem estar social interessa apenas ao mercado financeiro. O acionista quer o dinheiro no final do ano. A\u00a0<strong>Eletrobras<\/strong>\u00a0nasceu com uma posi\u00e7\u00e3o estrat\u00e9gica, de soberania nacional para gerar um resultado positivo para a sociedade brasileira a longo prazo e n\u00e3o para dar lucros a curto prazo\u201d, ressalta o dirigente.<\/p>\n<p>A mesma estrat\u00e9gia de desacreditar junto \u00e0 popula\u00e7\u00e3o a capacidade da empresa e de seus trabalhadores vem sendo feita na\u00a0<strong>Petrobras<\/strong>. De 2014 a 2016 aderiram a planos de demiss\u00e3o 20 mil funcion\u00e1rios e a estimativa para o pr\u00f3ximo \u00e9 de 12 mil, o que reduziria a capacidade operacional da empresa em mais de 30 mil pessoas. Isto representa quase 50% do quadro de 80 mil funcion\u00e1rios que a Petrobras tinha em 2012.<\/p>\n<p>O coordenador-geral da Frente \u00danica dos Petroleiros (FUP), Jos\u00e9 Maria Rangel tem a mesma vis\u00e3o dos eletricit\u00e1rios de que o PDV embute um processo de privatiza\u00e7\u00e3o. \u201cO PDV \u00e9 o primeiro passo e quem n\u00e3o adere sofre amea\u00e7a de demiss\u00e3o, porque a reforma Trabalhista abriu esta oportunidade para a empresa\u201d, conta.<\/p>\n<p>O secret\u00e1rio de comunica\u00e7\u00e3o da CUT Roni Barbosa, que tamb\u00e9m \u00e9 petroleiro, concorda que os programas de demiss\u00f5es visam apenas reduzir os custos da\u00a0<strong>Petrobras<\/strong>\u00a0, a preparando para a privatiza\u00e7\u00e3o.<\/p>\n<p>\u201cQuerem oferecer a Petrobras com um quadro muito enxuto al\u00e9m do necess\u00e1rio para atrair compradores. A popula\u00e7\u00e3o precisa ser alertada que os custos ser\u00e3o muito altos. Uma empresa que compra uma refinaria paga bilh\u00f5es de d\u00f3lares e vai querer tirar esta diferen\u00e7a rapidamente\u201d, diz.<\/p>\n<p>O atual presidente Roberto Castello Branco, chegou dizer que por ele venderia tudo. E enquanto coloca seu plano de privatiza\u00e7\u00e3o em a\u00e7\u00e3o, anunciou a venda de oito refinarias.<\/p>\n<p>\u201cSe as oito refinarias forem privatizadas, vai continuar a pol\u00edtica de pre\u00e7os da\u00a0<strong>Petrobras<\/strong>\u00a0que beneficia os acionistas e prejudica a sociedade. \u00c9 essa pol\u00edtica que faz a popula\u00e7\u00e3o pagar R$ 5,00 pelo litro da gasolina, quase R$ 4,00 pelo litro do diesel e R$ 100,00 pelo botij\u00e3o de g\u00e1s de cozinha\u201d, critica o coordenador-geral da FUP.<\/p>\n<p>O secret\u00e1rio de comunica\u00e7\u00e3o da CUT lembra que um barril de petr\u00f3leo \u00e9 produzido a dois d\u00f3lares. Os investidores v\u00e3o triplicar o pre\u00e7o para retirar o capital investido.<\/p>\n<p>O dirigente da CUT lembra ainda dos riscos que os cortes nos quadros de funcion\u00e1rios nas estatais e as privatiza\u00e7\u00f5es trazem aos trabalhadores e a popula\u00e7\u00e3o em geral.<\/p>\n<p>\u201cComo resultado do enxugamento de funcion\u00e1rios tivemos em 1984, o\u00a0 acidente na plataforma P 33 , na Ba\u00eda de Guanabara, que matou 36 trabalhadores e deixou outros 23 feridos.\u00a0 A privatiza\u00e7\u00e3o da Vale mostrou tamb\u00e9m que o lucro est\u00e1 acima da vida humana e est\u00e3o a\u00ed os exemplos dos acidentes nas barragens da Vale de Mariana e Brumadinho, que at\u00e9 hoje n\u00e3o enterrou todos as v\u00edtimas daquela\u00a0 trag\u00e9dia anunciada\u201d, diz Roni.<\/p>\n<p>Nos bancos p\u00fablicos, como\u00a0<strong>Banco do Brasil (BB) e Caixa Econ\u00f4mica Federal (CEF)<\/strong>, ao contr\u00e1rio dos governos Lula e Dilma Rousseff em que as tarifas eram mais baixas do que as dos bancos privados, a popula\u00e7\u00e3o j\u00e1 sente a queda na qualidade do atendimento, pela falta de funcion\u00e1rios.<\/p>\n<p>Segundo a presidenta da Confedera\u00e7\u00e3o Nacional dos Trabalhadores do Ramo Financeiro da CUT (Contraf-CUT), Juvandia Moreira, o PDV faz parte de um plano do governo para sobrecarregar o funcion\u00e1rio e, assim demorar o atendimento do cliente que fica insatisfeito e defender\u00e1 a privatiza\u00e7\u00e3o.<\/p>\n<p>Juvandia conta que desde o governo do golpista e ileg\u00edtimo Michel Temer (MDB), aderiram a planos de demiss\u00f5es 20 mil trabalhadores e trabalhadoras. Agora Jair Bolsonaro quer continuar com os PDV para preparar a venda desses bancos.<\/p>\n<p>\u201cTodo mundo perde, a sociedade e os trabalhadores que se sentem inseguros em permanecer na empresa com medo de perdas, e querem sair com algum ganho financeiro. Eles olham para o futuro e n\u00e3o v\u00eam perspectivas\u201d, diz a dirigente, que alerta ainda para os cortes que o financiamento imobili\u00e1rio, que a Caixa oferece, e os programas sociais podem vir a sofrer.<\/p>\n<p>\u201cMais de 37% da arrecada\u00e7\u00e3o das loterias v\u00e3o para programas sociais. Se privatizar, como quer o governo, o dinheiro vai para o acionista, para os ricos, que ganham ainda mais dinheiro\u201d, diz.<\/p>\n<p><strong>Os Correios<\/strong>\u00a0cuja meta do governo \u00e9 desligar 7.300 trabalhadores com o novo PDV, \u00a0j\u00e1 vem sendo sucateado h\u00e1 alguns anos. Com isso, a qualidade dos seus servi\u00e7os vem sendo questionados por parte da popula\u00e7\u00e3o, avalia Emerson Marcelo Gomes Marinho, diretor da Federa\u00e7\u00e3o Nacional dos Trabalhadores em Empresas de Correios e Tel\u00e9grafos e Similares (Fentect).<\/p>\n<p>Segundo ele, desde 2011 os\u00a0<strong>Correios<\/strong>\u00a0est\u00e3o sem concurso p\u00fablico para novos funcion\u00e1rios.\u00a0<strong>\u00a0<\/strong>Ao final de 2012 eram 125 mil funcion\u00e1rios e, ap\u00f3s v\u00e1rios planos de demiss\u00f5es, hoje s\u00e3o 105 mil, com perda de 15 mil funcion\u00e1rios na \u00e1rea operacional e o restante na parte administrativa.<\/p>\n<p>Para piorar a situa\u00e7\u00e3o do atendimento \u00e0 popula\u00e7\u00e3o, o presidente da empresa,\u00a0 General Juarez Aparecido de Paula Cunha j\u00e1 anunciou que pretende deixar o quadro de pessoal entre 70 e 80 mil, reduzindo a capacidade de servi\u00e7os em quase 50% da m\u00e3o de obra atual.<\/p>\n<p>Segundo Emerson, os\u00a0<strong>Correios<\/strong>\u00a0v\u00eam fazendo um trabalho forte de comunica\u00e7\u00e3o para que os funcion\u00e1rios pensem que a empresa vai acabar, e as pessoas se precipitam, aceitando sair com um pouco mais de dinheiro. O mesmo acontece em rela\u00e7\u00e3o aos aposentados que temem perder os 40% do FGTS, com a\u00a0<a href=\"https:\/\/www.cut.org.br\/noticias\/entenda-os-10-piores-pontos-da-reforma-da-previdencia-de-bolsonaro-99fe\"><strong>reforma da Previd\u00eancia<\/strong><\/a>, se o Congresso Nacional aprovar a Proposta de Emenda \u00e0 Constitui\u00e7\u00e3o (PEC n\u00ba 006), de Bolsonaro.<\/p>\n<p>Al\u00e9m da falta de funcion\u00e1rios, de acordo com Emerson, a empresa vem priorizando os servi\u00e7os de entrega de \u201cobjetos qualificados\u201d, que s\u00e3o pacotes ou compras que podem ser rastreados via internet, em detrimento \u00e0 carga postal, que s\u00e3o as cartas, boletos e correspond\u00eancias em geral.<\/p>\n<p>\u201cO fil\u00e9 mignon de arrecada\u00e7\u00e3o s\u00e3o as entregas dos \u2018objetos qualificados\u2019. O papel de integra\u00e7\u00e3o social, de levar a comunica\u00e7\u00e3o, as cartas aos quatro cantos do pa\u00eds, aos ribeirinhos nos confins da Amaz\u00f4nia, de integrar o Brasil\u00a0 est\u00e1 sendo relegado a um segundo plano, e vai piorar porque uma empresa privatizada n\u00e3o vai se importar com a popula\u00e7\u00e3o\u201d, alerta o diretor da Fentect.<\/p>\n<h5><strong>Conhecimento \u00e9 relegado\u00a0<\/strong><\/h5>\n<p>O engenheiro de Furnas, Felipe Ara\u00fajo alerta que os \u00faltimos planos de demiss\u00f5es volunt\u00e1rias na\u00a0<strong>Eletrobras<\/strong>, diminu\u00edram a for\u00e7a de trabalho do sistema de uma forma completamente \u2018ingerenci\u00e1vel\u2019, pela falta de concursos p\u00fablicos para repor a m\u00e3o de obra.<\/p>\n<p>Felipe alerta ainda que a fuga de capital intelectual da empresa, da capacidade de engenharia e da desapropria\u00e7\u00e3o tecnol\u00f3gica vai fazer a sociedade pagar por isso, se houver uma retomada de crescimento. Segundo ele, os funcion\u00e1rios do sistema\u00a0<strong>Eletrobras<\/strong>\u00a0t\u00eam um alto grau de qualifica\u00e7\u00e3o reconhecido no Brasil e no mundo e , essa perda \u00e9 irrepar\u00e1vel e vai custar mais caro adiante para a empresa e os consumidores.<\/p>\n<p>\u201cEssa demanda vai ter de ser suprida por empresa terceirizada e, se essa empresa n\u00e3o tiver o capital intelectual vai ter de buscar, ou fingir que n\u00e3o precisa. Com isso, os servi\u00e7os encarecem, e ainda o atendimento pode piorar\u201d, diz o diretor do Sindicato dos Engenheiros do Rio de Janeiro.<\/p>\n<p>O diretor da Fentect, Emerson Marinho tamb\u00e9m concorda que as demiss\u00f5es provocam danos ao funcionamento das estatais e nos\u00a0<strong>Correios<\/strong>\u00a0n\u00e3o \u00e9 diferente.<\/p>\n<p>\u201cA popula\u00e7\u00e3o n\u00e3o sabe que a precariza\u00e7\u00e3o dos servi\u00e7os vem acontecendo pela pol\u00edtica dos PDVs e, quando contratam terceirizados, os novos funcion\u00e1rios levam 90 dias para aprender o servi\u00e7o, mas logo em seguida s\u00e3o demitidos. \u00c9 uma pol\u00edtica de p\u00e2nico\u201d, denuncia Emerson.<\/p>\n<h5><strong>Sindicatos e CUT prometem rea\u00e7\u00e3o e pedem apoio da popula\u00e7\u00e3o<\/strong><\/h5>\n<p>\u201cA CUT recha\u00e7a esse PDV nas estatais. Vamos lutar para reverter esse processo, recompor o quadro de funcion\u00e1rios nas estatais para que elas cumpram o papel de atender a popula\u00e7\u00e3o\u201d, defende o secret\u00e1rio de comunica\u00e7\u00e3o da CUT, Roni Barbosa.<\/p>\n<p>Segundo ele, os lucros obtidos n\u00e3o podem ser remetidos ao exterior como fazem as multinacionais, que muitas vezes, tamb\u00e9m n\u00e3o cumprem legisla\u00e7\u00f5es ambientais e trabalhistas.<\/p>\n<p>\u201cA Vale \u00e9 um exemplo de que fica o baga\u00e7o para a popula\u00e7\u00e3o e o melhor vai para os acionistas. Uma estatal reinvesti no pa\u00eds\u201d, lembra o secret\u00e1rio.<\/p>\n<p>A presidenta do sindicato dos banc\u00e1rios Juvandia Moreira Leite defende a luta dos sindicatos e da CUT contra a privatiza\u00e7\u00e3o das empresas p\u00fablicas e pede o apoio da popula\u00e7\u00e3o<\/p>\n<p>\u201cA sociedade tamb\u00e9m tem de defender a soberania nacional. Este governo n\u00e3o tem projeto de Na\u00e7\u00e3o. N\u00e3o existe Na\u00e7\u00e3o forte que n\u00e3o valorize sua natureza e suas estatais fortes. Todas as categorias juntas, sejam petroleiros, eletricit\u00e1rios, banc\u00e1rios, urbanit\u00e1rios, precisamos fazer a luta conjunta contra a entrega da soberania nacional\u201d,.<\/p>\n<p>Para o dirigente da FUP, Jos\u00e9 Maria Rangel, \u00e9 preciso reagir, resistir \u00e0 privatiza\u00e7\u00e3o e buscar apoio da popula\u00e7\u00e3o.<\/p>\n<p>\u201cPrecisamos dialogar com a sociedade que tem uma vis\u00e3o distorcida de que funcion\u00e1rio p\u00fablico \u00e9 maraj\u00e1. Precisamos fazer com que a popula\u00e7\u00e3o entenda que esta n\u00e3o \u00e9 uma luta corporativa e sim da toda a sociedade porque estamos defendendo a soberania nacional\u201d, afirma Rangel.<\/p>\n<p>J\u00e1 o diretor da Fentect, Emerson Marinho, diz que a entidade \u00e9 contra o PDV por piorar o quadro de desemprego no pa\u00eds e aumentar a possibilidade de um colapso social.<\/p>\n<p>\u201cSomos contra esse desmonte e o desligamento de pessoas que poderiam estar melhorando a qualidade de entrega e dos servi\u00e7os dos Correios \u00e0 popula\u00e7\u00e3o\u201d, diz Emerson.<\/p>\n<p><strong><em>[Via CUT]<\/em><\/strong><\/p>\n","protected":false},"excerpt":{"rendered":"Em sua estrat\u00e9gia de enfraquecer a atua\u00e7\u00e3o das estatais e piorar a qualidade do atendimento ao consumidor para atrair a simpatia da popula\u00e7\u00e3o para a privatiza\u00e7\u00e3o, o governo de Jair Bolsonaro (PSL) anunciou mais um Plano de Demiss\u00e3o Volunt\u00e1ria (PDV), em sete empresas p\u00fablicas. O governo espera a ades\u00e3o de 21 mil funcion\u00e1rios e uma&#8230; <a class=\"view-article\" href=\"http:\/\/www.sindipetroba.org.br\/2019\/pdv-anunciado-pelo-governo-nas-estatais-vai-piorar-servicos-e-encarecer-tarifas\/\">Ver artigo<\/a>","protected":false},"author":1,"featured_media":1731,"comment_status":"closed","ping_status":"open","sticky":false,"template":"","format":"standard","meta":{"_et_pb_use_builder":"","_et_pb_old_content":"","_et_gb_content_width":"","footnotes":""},"categories":[1,3922],"tags":[104,53,105,106,32],"class_list":["post-1730","post","type-post","status-publish","format-standard","has-post-thumbnail","hentry","category-noticia","category-preco-justo","tag-correios","tag-cut","tag-eletrobras","tag-pdv","tag-petrobras"],"yoast_head":"<!-- This site is optimized with the Yoast SEO plugin v27.3 - https:\/\/yoast.com\/product\/yoast-seo-wordpress\/ -->\n<title>PDV anunciado pelo governo nas estatais vai piorar servi\u00e7os e encarecer tarifas - Sindipetro BA<\/title>\n<meta name=\"robots\" content=\"index, follow, max-snippet:-1, max-image-preview:large, max-video-preview:-1\" \/>\n<link rel=\"canonical\" href=\"http:\/\/www.sindipetroba.org.br\/2019\/pdv-anunciado-pelo-governo-nas-estatais-vai-piorar-servicos-e-encarecer-tarifas\/\" \/>\n<meta property=\"og:locale\" content=\"pt_BR\" \/>\n<meta property=\"og:type\" content=\"article\" \/>\n<meta property=\"og:title\" content=\"PDV anunciado pelo governo nas estatais vai piorar servi\u00e7os e encarecer tarifas - Sindipetro BA\" \/>\n<meta property=\"og:description\" content=\"Em sua estrat\u00e9gia de enfraquecer a atua\u00e7\u00e3o das estatais e piorar a qualidade do atendimento ao consumidor para atrair a simpatia da popula\u00e7\u00e3o para a privatiza\u00e7\u00e3o, o governo de Jair Bolsonaro (PSL) anunciou mais um Plano de Demiss\u00e3o Volunt\u00e1ria (PDV), em sete empresas p\u00fablicas. O governo espera a ades\u00e3o de 21 mil funcion\u00e1rios e uma... Ver artigo\" \/>\n<meta property=\"og:url\" content=\"http:\/\/www.sindipetroba.org.br\/2019\/pdv-anunciado-pelo-governo-nas-estatais-vai-piorar-servicos-e-encarecer-tarifas\/\" \/>\n<meta property=\"og:site_name\" content=\"Sindipetro BA\" \/>\n<meta property=\"article:publisher\" content=\"https:\/\/www.facebook.com\/sindipetroBa\/\" \/>\n<meta property=\"article:published_time\" content=\"2019-05-22T17:47:11+00:00\" \/>\n<meta property=\"article:modified_time\" content=\"2025-09-29T19:47:59+00:00\" \/>\n<meta property=\"og:image\" content=\"http:\/\/www.sindipetroba.org.br\/2019\/wp-content\/uploads\/2019\/05\/fffffffffff.jpg\" \/>\n\t<meta property=\"og:image:width\" content=\"600\" \/>\n\t<meta property=\"og:image:height\" content=\"300\" \/>\n\t<meta property=\"og:image:type\" content=\"image\/jpeg\" \/>\n<meta name=\"author\" content=\"admsp\" \/>\n<meta name=\"twitter:card\" content=\"summary_large_image\" \/>\n<meta name=\"twitter:creator\" content=\"@SindipetroBahia\" \/>\n<meta name=\"twitter:site\" content=\"@SindipetroBahia\" \/>\n<meta name=\"twitter:label1\" content=\"Escrito por\" \/>\n\t<meta name=\"twitter:data1\" content=\"admsp\" \/>\n\t<meta name=\"twitter:label2\" content=\"Est. tempo de leitura\" \/>\n\t<meta name=\"twitter:data2\" content=\"10 minutos\" \/>\n<script type=\"application\/ld+json\" class=\"yoast-schema-graph\">{\"@context\":\"https:\\\/\\\/schema.org\",\"@graph\":[{\"@type\":\"Article\",\"@id\":\"http:\\\/\\\/www.sindipetroba.org.br\\\/2019\\\/pdv-anunciado-pelo-governo-nas-estatais-vai-piorar-servicos-e-encarecer-tarifas\\\/#article\",\"isPartOf\":{\"@id\":\"http:\\\/\\\/www.sindipetroba.org.br\\\/2019\\\/pdv-anunciado-pelo-governo-nas-estatais-vai-piorar-servicos-e-encarecer-tarifas\\\/\"},\"author\":{\"name\":\"admsp\",\"@id\":\"http:\\\/\\\/www.sindipetroba.org.br\\\/2019\\\/#\\\/schema\\\/person\\\/e61228ef9f981537d4c4eb80f6ea7713\"},\"headline\":\"PDV anunciado pelo governo nas estatais vai piorar servi\u00e7os e encarecer tarifas\",\"datePublished\":\"2019-05-22T17:47:11+00:00\",\"dateModified\":\"2025-09-29T19:47:59+00:00\",\"mainEntityOfPage\":{\"@id\":\"http:\\\/\\\/www.sindipetroba.org.br\\\/2019\\\/pdv-anunciado-pelo-governo-nas-estatais-vai-piorar-servicos-e-encarecer-tarifas\\\/\"},\"wordCount\":1948,\"publisher\":{\"@id\":\"http:\\\/\\\/www.sindipetroba.org.br\\\/2019\\\/#organization\"},\"image\":{\"@id\":\"http:\\\/\\\/www.sindipetroba.org.br\\\/2019\\\/pdv-anunciado-pelo-governo-nas-estatais-vai-piorar-servicos-e-encarecer-tarifas\\\/#primaryimage\"},\"thumbnailUrl\":\"http:\\\/\\\/www.sindipetroba.org.br\\\/2019\\\/wp-content\\\/uploads\\\/2019\\\/05\\\/fffffffffff.jpg\",\"keywords\":[\"Correios\",\"CUT\",\"Eletrobras\",\"PDV\",\"petrobras\"],\"articleSection\":[\"Not\u00edcia\",\"Pre\u00e7o Justo\"],\"inLanguage\":\"pt-BR\"},{\"@type\":\"WebPage\",\"@id\":\"http:\\\/\\\/www.sindipetroba.org.br\\\/2019\\\/pdv-anunciado-pelo-governo-nas-estatais-vai-piorar-servicos-e-encarecer-tarifas\\\/\",\"url\":\"http:\\\/\\\/www.sindipetroba.org.br\\\/2019\\\/pdv-anunciado-pelo-governo-nas-estatais-vai-piorar-servicos-e-encarecer-tarifas\\\/\",\"name\":\"PDV anunciado pelo governo nas estatais vai piorar servi\u00e7os e encarecer tarifas - Sindipetro BA\",\"isPartOf\":{\"@id\":\"http:\\\/\\\/www.sindipetroba.org.br\\\/2019\\\/#website\"},\"primaryImageOfPage\":{\"@id\":\"http:\\\/\\\/www.sindipetroba.org.br\\\/2019\\\/pdv-anunciado-pelo-governo-nas-estatais-vai-piorar-servicos-e-encarecer-tarifas\\\/#primaryimage\"},\"image\":{\"@id\":\"http:\\\/\\\/www.sindipetroba.org.br\\\/2019\\\/pdv-anunciado-pelo-governo-nas-estatais-vai-piorar-servicos-e-encarecer-tarifas\\\/#primaryimage\"},\"thumbnailUrl\":\"http:\\\/\\\/www.sindipetroba.org.br\\\/2019\\\/wp-content\\\/uploads\\\/2019\\\/05\\\/fffffffffff.jpg\",\"datePublished\":\"2019-05-22T17:47:11+00:00\",\"dateModified\":\"2025-09-29T19:47:59+00:00\",\"breadcrumb\":{\"@id\":\"http:\\\/\\\/www.sindipetroba.org.br\\\/2019\\\/pdv-anunciado-pelo-governo-nas-estatais-vai-piorar-servicos-e-encarecer-tarifas\\\/#breadcrumb\"},\"inLanguage\":\"pt-BR\",\"potentialAction\":[{\"@type\":\"ReadAction\",\"target\":[\"http:\\\/\\\/www.sindipetroba.org.br\\\/2019\\\/pdv-anunciado-pelo-governo-nas-estatais-vai-piorar-servicos-e-encarecer-tarifas\\\/\"]}]},{\"@type\":\"ImageObject\",\"inLanguage\":\"pt-BR\",\"@id\":\"http:\\\/\\\/www.sindipetroba.org.br\\\/2019\\\/pdv-anunciado-pelo-governo-nas-estatais-vai-piorar-servicos-e-encarecer-tarifas\\\/#primaryimage\",\"url\":\"http:\\\/\\\/www.sindipetroba.org.br\\\/2019\\\/wp-content\\\/uploads\\\/2019\\\/05\\\/fffffffffff.jpg\",\"contentUrl\":\"http:\\\/\\\/www.sindipetroba.org.br\\\/2019\\\/wp-content\\\/uploads\\\/2019\\\/05\\\/fffffffffff.jpg\",\"width\":600,\"height\":300},{\"@type\":\"BreadcrumbList\",\"@id\":\"http:\\\/\\\/www.sindipetroba.org.br\\\/2019\\\/pdv-anunciado-pelo-governo-nas-estatais-vai-piorar-servicos-e-encarecer-tarifas\\\/#breadcrumb\",\"itemListElement\":[{\"@type\":\"ListItem\",\"position\":1,\"name\":\"In\u00edcio\",\"item\":\"http:\\\/\\\/www.sindipetroba.org.br\\\/2019\\\/\"},{\"@type\":\"ListItem\",\"position\":2,\"name\":\"PDV anunciado pelo governo nas estatais vai piorar servi\u00e7os e encarecer tarifas\"}]},{\"@type\":\"WebSite\",\"@id\":\"http:\\\/\\\/www.sindipetroba.org.br\\\/2019\\\/#website\",\"url\":\"http:\\\/\\\/www.sindipetroba.org.br\\\/2019\\\/\",\"name\":\"Sindipetro BA\",\"description\":\"Sindicato dos Petroleiros e Petroleiras do Estado da Bahia\",\"publisher\":{\"@id\":\"http:\\\/\\\/www.sindipetroba.org.br\\\/2019\\\/#organization\"},\"potentialAction\":[{\"@type\":\"SearchAction\",\"target\":{\"@type\":\"EntryPoint\",\"urlTemplate\":\"http:\\\/\\\/www.sindipetroba.org.br\\\/2019\\\/?s={search_term_string}\"},\"query-input\":{\"@type\":\"PropertyValueSpecification\",\"valueRequired\":true,\"valueName\":\"search_term_string\"}}],\"inLanguage\":\"pt-BR\"},{\"@type\":\"Organization\",\"@id\":\"http:\\\/\\\/www.sindipetroba.org.br\\\/2019\\\/#organization\",\"name\":\"Sindipetro BA\",\"url\":\"http:\\\/\\\/www.sindipetroba.org.br\\\/2019\\\/\",\"logo\":{\"@type\":\"ImageObject\",\"inLanguage\":\"pt-BR\",\"@id\":\"http:\\\/\\\/www.sindipetroba.org.br\\\/2019\\\/#\\\/schema\\\/logo\\\/image\\\/\",\"url\":\"http:\\\/\\\/www.sindipetroba.org.br\\\/2019\\\/wp-content\\\/uploads\\\/2019\\\/01\\\/sindipetro-marca-cor.png\",\"contentUrl\":\"http:\\\/\\\/www.sindipetroba.org.br\\\/2019\\\/wp-content\\\/uploads\\\/2019\\\/01\\\/sindipetro-marca-cor.png\",\"width\":350,\"height\":126,\"caption\":\"Sindipetro BA\"},\"image\":{\"@id\":\"http:\\\/\\\/www.sindipetroba.org.br\\\/2019\\\/#\\\/schema\\\/logo\\\/image\\\/\"},\"sameAs\":[\"https:\\\/\\\/www.facebook.com\\\/sindipetroBa\\\/\",\"https:\\\/\\\/x.com\\\/SindipetroBahia\",\"https:\\\/\\\/www.instagram.com\\\/sindipetroba\\\/\",\"https:\\\/\\\/www.youtube.com\\\/c\\\/SindipetroBahiaOficial\"]},{\"@type\":\"Person\",\"@id\":\"http:\\\/\\\/www.sindipetroba.org.br\\\/2019\\\/#\\\/schema\\\/person\\\/e61228ef9f981537d4c4eb80f6ea7713\",\"name\":\"admsp\",\"image\":{\"@type\":\"ImageObject\",\"inLanguage\":\"pt-BR\",\"@id\":\"https:\\\/\\\/secure.gravatar.com\\\/avatar\\\/50f06e2b746fe9248099d2c61c12342ab36327e9d413e3171dd7033b84800d96?s=96&d=mm&r=g\",\"url\":\"https:\\\/\\\/secure.gravatar.com\\\/avatar\\\/50f06e2b746fe9248099d2c61c12342ab36327e9d413e3171dd7033b84800d96?s=96&d=mm&r=g\",\"contentUrl\":\"https:\\\/\\\/secure.gravatar.com\\\/avatar\\\/50f06e2b746fe9248099d2c61c12342ab36327e9d413e3171dd7033b84800d96?s=96&d=mm&r=g\",\"caption\":\"admsp\"}}]}<\/script>\n<!-- \/ Yoast SEO plugin. -->","yoast_head_json":{"title":"PDV anunciado pelo governo nas estatais vai piorar servi\u00e7os e encarecer tarifas - Sindipetro BA","robots":{"index":"index","follow":"follow","max-snippet":"max-snippet:-1","max-image-preview":"max-image-preview:large","max-video-preview":"max-video-preview:-1"},"canonical":"http:\/\/www.sindipetroba.org.br\/2019\/pdv-anunciado-pelo-governo-nas-estatais-vai-piorar-servicos-e-encarecer-tarifas\/","og_locale":"pt_BR","og_type":"article","og_title":"PDV anunciado pelo governo nas estatais vai piorar servi\u00e7os e encarecer tarifas - Sindipetro BA","og_description":"Em sua estrat\u00e9gia de enfraquecer a atua\u00e7\u00e3o das estatais e piorar a qualidade do atendimento ao consumidor para atrair a simpatia da popula\u00e7\u00e3o para a privatiza\u00e7\u00e3o, o governo de Jair Bolsonaro (PSL) anunciou mais um Plano de Demiss\u00e3o Volunt\u00e1ria (PDV), em sete empresas p\u00fablicas. O governo espera a ades\u00e3o de 21 mil funcion\u00e1rios e uma... Ver artigo","og_url":"http:\/\/www.sindipetroba.org.br\/2019\/pdv-anunciado-pelo-governo-nas-estatais-vai-piorar-servicos-e-encarecer-tarifas\/","og_site_name":"Sindipetro BA","article_publisher":"https:\/\/www.facebook.com\/sindipetroBa\/","article_published_time":"2019-05-22T17:47:11+00:00","article_modified_time":"2025-09-29T19:47:59+00:00","og_image":[{"width":600,"height":300,"url":"http:\/\/www.sindipetroba.org.br\/2019\/wp-content\/uploads\/2019\/05\/fffffffffff.jpg","type":"image\/jpeg"}],"author":"admsp","twitter_card":"summary_large_image","twitter_creator":"@SindipetroBahia","twitter_site":"@SindipetroBahia","twitter_misc":{"Escrito por":"admsp","Est. tempo de leitura":"10 minutos"},"schema":{"@context":"https:\/\/schema.org","@graph":[{"@type":"Article","@id":"http:\/\/www.sindipetroba.org.br\/2019\/pdv-anunciado-pelo-governo-nas-estatais-vai-piorar-servicos-e-encarecer-tarifas\/#article","isPartOf":{"@id":"http:\/\/www.sindipetroba.org.br\/2019\/pdv-anunciado-pelo-governo-nas-estatais-vai-piorar-servicos-e-encarecer-tarifas\/"},"author":{"name":"admsp","@id":"http:\/\/www.sindipetroba.org.br\/2019\/#\/schema\/person\/e61228ef9f981537d4c4eb80f6ea7713"},"headline":"PDV anunciado pelo governo nas estatais vai piorar servi\u00e7os e encarecer tarifas","datePublished":"2019-05-22T17:47:11+00:00","dateModified":"2025-09-29T19:47:59+00:00","mainEntityOfPage":{"@id":"http:\/\/www.sindipetroba.org.br\/2019\/pdv-anunciado-pelo-governo-nas-estatais-vai-piorar-servicos-e-encarecer-tarifas\/"},"wordCount":1948,"publisher":{"@id":"http:\/\/www.sindipetroba.org.br\/2019\/#organization"},"image":{"@id":"http:\/\/www.sindipetroba.org.br\/2019\/pdv-anunciado-pelo-governo-nas-estatais-vai-piorar-servicos-e-encarecer-tarifas\/#primaryimage"},"thumbnailUrl":"http:\/\/www.sindipetroba.org.br\/2019\/wp-content\/uploads\/2019\/05\/fffffffffff.jpg","keywords":["Correios","CUT","Eletrobras","PDV","petrobras"],"articleSection":["Not\u00edcia","Pre\u00e7o Justo"],"inLanguage":"pt-BR"},{"@type":"WebPage","@id":"http:\/\/www.sindipetroba.org.br\/2019\/pdv-anunciado-pelo-governo-nas-estatais-vai-piorar-servicos-e-encarecer-tarifas\/","url":"http:\/\/www.sindipetroba.org.br\/2019\/pdv-anunciado-pelo-governo-nas-estatais-vai-piorar-servicos-e-encarecer-tarifas\/","name":"PDV anunciado pelo governo nas estatais vai piorar servi\u00e7os e encarecer tarifas - Sindipetro BA","isPartOf":{"@id":"http:\/\/www.sindipetroba.org.br\/2019\/#website"},"primaryImageOfPage":{"@id":"http:\/\/www.sindipetroba.org.br\/2019\/pdv-anunciado-pelo-governo-nas-estatais-vai-piorar-servicos-e-encarecer-tarifas\/#primaryimage"},"image":{"@id":"http:\/\/www.sindipetroba.org.br\/2019\/pdv-anunciado-pelo-governo-nas-estatais-vai-piorar-servicos-e-encarecer-tarifas\/#primaryimage"},"thumbnailUrl":"http:\/\/www.sindipetroba.org.br\/2019\/wp-content\/uploads\/2019\/05\/fffffffffff.jpg","datePublished":"2019-05-22T17:47:11+00:00","dateModified":"2025-09-29T19:47:59+00:00","breadcrumb":{"@id":"http:\/\/www.sindipetroba.org.br\/2019\/pdv-anunciado-pelo-governo-nas-estatais-vai-piorar-servicos-e-encarecer-tarifas\/#breadcrumb"},"inLanguage":"pt-BR","potentialAction":[{"@type":"ReadAction","target":["http:\/\/www.sindipetroba.org.br\/2019\/pdv-anunciado-pelo-governo-nas-estatais-vai-piorar-servicos-e-encarecer-tarifas\/"]}]},{"@type":"ImageObject","inLanguage":"pt-BR","@id":"http:\/\/www.sindipetroba.org.br\/2019\/pdv-anunciado-pelo-governo-nas-estatais-vai-piorar-servicos-e-encarecer-tarifas\/#primaryimage","url":"http:\/\/www.sindipetroba.org.br\/2019\/wp-content\/uploads\/2019\/05\/fffffffffff.jpg","contentUrl":"http:\/\/www.sindipetroba.org.br\/2019\/wp-content\/uploads\/2019\/05\/fffffffffff.jpg","width":600,"height":300},{"@type":"BreadcrumbList","@id":"http:\/\/www.sindipetroba.org.br\/2019\/pdv-anunciado-pelo-governo-nas-estatais-vai-piorar-servicos-e-encarecer-tarifas\/#breadcrumb","itemListElement":[{"@type":"ListItem","position":1,"name":"In\u00edcio","item":"http:\/\/www.sindipetroba.org.br\/2019\/"},{"@type":"ListItem","position":2,"name":"PDV anunciado pelo governo nas estatais vai piorar servi\u00e7os e encarecer tarifas"}]},{"@type":"WebSite","@id":"http:\/\/www.sindipetroba.org.br\/2019\/#website","url":"http:\/\/www.sindipetroba.org.br\/2019\/","name":"Sindipetro BA","description":"Sindicato dos Petroleiros e Petroleiras do Estado da Bahia","publisher":{"@id":"http:\/\/www.sindipetroba.org.br\/2019\/#organization"},"potentialAction":[{"@type":"SearchAction","target":{"@type":"EntryPoint","urlTemplate":"http:\/\/www.sindipetroba.org.br\/2019\/?s={search_term_string}"},"query-input":{"@type":"PropertyValueSpecification","valueRequired":true,"valueName":"search_term_string"}}],"inLanguage":"pt-BR"},{"@type":"Organization","@id":"http:\/\/www.sindipetroba.org.br\/2019\/#organization","name":"Sindipetro BA","url":"http:\/\/www.sindipetroba.org.br\/2019\/","logo":{"@type":"ImageObject","inLanguage":"pt-BR","@id":"http:\/\/www.sindipetroba.org.br\/2019\/#\/schema\/logo\/image\/","url":"http:\/\/www.sindipetroba.org.br\/2019\/wp-content\/uploads\/2019\/01\/sindipetro-marca-cor.png","contentUrl":"http:\/\/www.sindipetroba.org.br\/2019\/wp-content\/uploads\/2019\/01\/sindipetro-marca-cor.png","width":350,"height":126,"caption":"Sindipetro BA"},"image":{"@id":"http:\/\/www.sindipetroba.org.br\/2019\/#\/schema\/logo\/image\/"},"sameAs":["https:\/\/www.facebook.com\/sindipetroBa\/","https:\/\/x.com\/SindipetroBahia","https:\/\/www.instagram.com\/sindipetroba\/","https:\/\/www.youtube.com\/c\/SindipetroBahiaOficial"]},{"@type":"Person","@id":"http:\/\/www.sindipetroba.org.br\/2019\/#\/schema\/person\/e61228ef9f981537d4c4eb80f6ea7713","name":"admsp","image":{"@type":"ImageObject","inLanguage":"pt-BR","@id":"https:\/\/secure.gravatar.com\/avatar\/50f06e2b746fe9248099d2c61c12342ab36327e9d413e3171dd7033b84800d96?s=96&d=mm&r=g","url":"https:\/\/secure.gravatar.com\/avatar\/50f06e2b746fe9248099d2c61c12342ab36327e9d413e3171dd7033b84800d96?s=96&d=mm&r=g","contentUrl":"https:\/\/secure.gravatar.com\/avatar\/50f06e2b746fe9248099d2c61c12342ab36327e9d413e3171dd7033b84800d96?s=96&d=mm&r=g","caption":"admsp"}}]}},"_links":{"self":[{"href":"http:\/\/www.sindipetroba.org.br\/2019\/wp-json\/wp\/v2\/posts\/1730","targetHints":{"allow":["GET"]}}],"collection":[{"href":"http:\/\/www.sindipetroba.org.br\/2019\/wp-json\/wp\/v2\/posts"}],"about":[{"href":"http:\/\/www.sindipetroba.org.br\/2019\/wp-json\/wp\/v2\/types\/post"}],"author":[{"embeddable":true,"href":"http:\/\/www.sindipetroba.org.br\/2019\/wp-json\/wp\/v2\/users\/1"}],"replies":[{"embeddable":true,"href":"http:\/\/www.sindipetroba.org.br\/2019\/wp-json\/wp\/v2\/comments?post=1730"}],"version-history":[{"count":1,"href":"http:\/\/www.sindipetroba.org.br\/2019\/wp-json\/wp\/v2\/posts\/1730\/revisions"}],"predecessor-version":[{"id":1732,"href":"http:\/\/www.sindipetroba.org.br\/2019\/wp-json\/wp\/v2\/posts\/1730\/revisions\/1732"}],"wp:featuredmedia":[{"embeddable":true,"href":"http:\/\/www.sindipetroba.org.br\/2019\/wp-json\/wp\/v2\/media\/1731"}],"wp:attachment":[{"href":"http:\/\/www.sindipetroba.org.br\/2019\/wp-json\/wp\/v2\/media?parent=1730"}],"wp:term":[{"taxonomy":"category","embeddable":true,"href":"http:\/\/www.sindipetroba.org.br\/2019\/wp-json\/wp\/v2\/categories?post=1730"},{"taxonomy":"post_tag","embeddable":true,"href":"http:\/\/www.sindipetroba.org.br\/2019\/wp-json\/wp\/v2\/tags?post=1730"}],"curies":[{"name":"wp","href":"https:\/\/api.w.org\/{rel}","templated":true}]}}