{"id":18621,"date":"2022-07-22T10:57:27","date_gmt":"2022-07-22T13:57:27","guid":{"rendered":"http:\/\/www.sindipetroba.org.br\/2019\/?p=18621"},"modified":"2022-07-22T10:57:27","modified_gmt":"2022-07-22T13:57:27","slug":"juristas-negras-nas-proximas-vagas-do-supremo-tribunal-federal","status":"publish","type":"post","link":"http:\/\/www.sindipetroba.org.br\/2019\/juristas-negras-nas-proximas-vagas-do-supremo-tribunal-federal\/","title":{"rendered":"Juristas negras nas pr\u00f3ximas vagas do Supremo Tribunal Federal"},"content":{"rendered":"<h4>A Coletiva Juristas Negras apresenta a discuss\u00e3o acerca da falta de diversidade na mais alta corte do sistema de justi\u00e7a brasileiro<\/h4>\n<p>O Brasil foi o \u00faltimo pa\u00eds do Ocidente a declarar abolida a escravid\u00e3o e, mesmo 134 anos ap\u00f3s o fim formal do regime escravocrata, a ra\u00e7a segue sendo o fator determinante das desigualdades.<\/p>\n<p>De escravizadas reprodutoras, mucamas e amas de leite a empregadas dom\u00e9sticas, as mulheres negras, permanecem sempre na base da pir\u00e2mide socioecon\u00f4mica. Al\u00e9m disso, s\u00e3o as maiores v\u00edtimas, de todas as formas de viol\u00eancia contra as mulheres, incluindo mortalidade materna, viol\u00eancia obst\u00e9trica, viol\u00eancia sexual, viol\u00eancia dom\u00e9stica e familiar, al\u00e9m de feminic\u00eddios.<\/p>\n<p>Para um Estado que se pretende Democr\u00e1tico de Direito, onde 56% da popula\u00e7\u00e3o se autodeclara negra, a aus\u00eancia de mulheres negras nos espa\u00e7os de poder e decis\u00e3o \u00e9 not\u00f3ria e vergonhosa. Essa realidade n\u00e3o \u00e9 diferente no nosso sistema de justi\u00e7a, cuja condescend\u00eancia com a pr\u00e1tica do racismo foi reconhecida pela Comiss\u00e3o Interamericana de Direitos Humanos, no Caso Simone Diniz (caso n\u00ba 12.001).<\/p>\n<p>Em recente estudo realizado pelo Conselho Nacional de Justi\u00e7a (CNJ, 2021), Pesquisa sobre negros e negras no Poder Judici\u00e1rio, revelou que pessoas negras representam apenas 12,8% da magistratura, embora a popula\u00e7\u00e3o negra seja de, pelo menos, 56%. A partir do recorte de ra\u00e7a e g\u00eanero conclui-se que, apesar de serem o maior grupo social do nosso pa\u00eds (28% do total da popula\u00e7\u00e3o), mulheres negras representam apenas 5% da magistratura brasileira.<\/p>\n<p>Considerando apenas as magistradas negras, tem-se os seguintes percentuais por cargo: 11,1% de ministras, 12,1% de desembargadoras, 11,2% de ju\u00edzas titulares, 16,3% de ju\u00edzas substitutas. Em 130 anos de de cria\u00e7\u00e3o do Supremo Tribunal Federal no Brasil tivemos apenas tr\u00eas ministros negros, Pedro Lessa (1907 a 1921); Hermenegildo de Barros (1917 a 1931) e Joaquim Barbosa (2003-2014), e tr\u00eas mulheres enquanto Ministras no STF, Ellen Gracie (2000-2011), Carmen L\u00facia (desde 2006) e Rosa Weber (desde 2011). NUNCA em nossa hist\u00f3ria tivemos uma mulher negra como Ministra do Supremo Tribunal Federal, o que corrobora o modo como o racismo estrutural e institucional em conjunto com o sexismo produzem uma esp\u00e9cie de asfixia social de uma parcela consider\u00e1vel da popula\u00e7\u00e3o, as mulheres negras!<\/p>\n<p>A composi\u00e7\u00e3o da Suprema Corte deveria refletir a diversidade presente na sociedade brasileira e j\u00e1 que em 2023 est\u00e3o previstas as aposentadorias de Ricardo Lewandowski e Rosa Weber, quem melhor do que uma mulher negra para ocupar uma dessas vagas e compor a alta corte do sistema de justi\u00e7a brasileiro.<\/p>\n<p>A exemplo de Ketanji Brown Jackson, recentemente nomeada para a suprema corte dos Estados Unidos e Aminata Tour\u00e9, nomeada ministra dos assuntos sociais na Alemanha, \u00e9 urgente que sejam designadas mulheres negras \u2013 observando- se a diversidade regional e suas trajet\u00f3rias antirracistas \u2013 para as pr\u00f3ximas vagas de Ministras do Supremo Tribunal Federal, sem preju\u00edzo de outros cargos de inst\u00e2ncias superiores governamentais.<\/p>\n<p>Esse debate \u00e9 trazido a luz pelo Selo Juristas Negras, uma coletiva de mulheres negras que atuam nas mais diversas fun\u00e7\u00f5es do sistema de justi\u00e7a brasileiro, voltadas para o enfrentamento ao racismo, ao sexismo e a todas as formas de opress\u00e3o. A Coletiva convoca a sociedade a assinar a peti\u00e7\u00e3o dando apoio a indica\u00e7\u00e3o de uma mulher negra ao STF e a conhecer suas iniciativas presentes em seu site, o www.juristasnegras.com e em suas redes sociais @juristasnegras<\/p>\n<p><em><strong>Fonte \u2013 Selo Juristas Negras<\/strong><\/em><\/p>\n","protected":false},"excerpt":{"rendered":"A Coletiva Juristas Negras apresenta a discuss\u00e3o acerca da falta de diversidade na mais alta corte do sistema de justi\u00e7a brasileiro O Brasil foi o \u00faltimo pa\u00eds do Ocidente a declarar abolida a escravid\u00e3o e, mesmo 134 anos ap\u00f3s o fim formal do regime escravocrata, a ra\u00e7a segue sendo o fator determinante das desigualdades. De&#8230; <a class=\"view-article\" href=\"http:\/\/www.sindipetroba.org.br\/2019\/juristas-negras-nas-proximas-vagas-do-supremo-tribunal-federal\/\">Ver artigo<\/a>","protected":false},"author":1,"featured_media":18623,"comment_status":"closed","ping_status":"open","sticky":false,"template":"","format":"standard","meta":{"_et_pb_use_builder":"","_et_pb_old_content":"","_et_gb_content_width":"","footnotes":""},"categories":[1],"tags":[],"class_list":["post-18621","post","type-post","status-publish","format-standard","has-post-thumbnail","hentry","category-noticia"],"yoast_head":"<!-- This site is optimized with the Yoast SEO plugin v27.3 - https:\/\/yoast.com\/product\/yoast-seo-wordpress\/ -->\n<title>Juristas negras nas pr\u00f3ximas vagas do Supremo Tribunal Federal - Sindipetro BA<\/title>\n<meta name=\"robots\" content=\"index, follow, max-snippet:-1, max-image-preview:large, max-video-preview:-1\" \/>\n<link rel=\"canonical\" href=\"http:\/\/www.sindipetroba.org.br\/2019\/juristas-negras-nas-proximas-vagas-do-supremo-tribunal-federal\/\" \/>\n<meta property=\"og:locale\" content=\"pt_BR\" \/>\n<meta property=\"og:type\" content=\"article\" \/>\n<meta property=\"og:title\" content=\"Juristas negras nas pr\u00f3ximas vagas do Supremo Tribunal Federal - Sindipetro BA\" \/>\n<meta property=\"og:description\" content=\"A Coletiva Juristas Negras apresenta a discuss\u00e3o acerca da falta de diversidade na mais alta corte do sistema de justi\u00e7a brasileiro O Brasil foi o \u00faltimo pa\u00eds do Ocidente a declarar abolida a escravid\u00e3o e, mesmo 134 anos ap\u00f3s o fim formal do regime escravocrata, a ra\u00e7a segue sendo o fator determinante das desigualdades. De... Ver artigo\" \/>\n<meta property=\"og:url\" content=\"http:\/\/www.sindipetroba.org.br\/2019\/juristas-negras-nas-proximas-vagas-do-supremo-tribunal-federal\/\" \/>\n<meta property=\"og:site_name\" content=\"Sindipetro BA\" \/>\n<meta property=\"article:publisher\" content=\"https:\/\/www.facebook.com\/sindipetroBa\/\" \/>\n<meta property=\"article:published_time\" content=\"2022-07-22T13:57:27+00:00\" \/>\n<meta property=\"og:image\" content=\"http:\/\/www.sindipetroba.org.br\/2019\/wp-content\/uploads\/2022\/07\/DSC1294-scaled.jpeg\" \/>\n\t<meta property=\"og:image:width\" content=\"2560\" \/>\n\t<meta property=\"og:image:height\" content=\"1699\" \/>\n\t<meta property=\"og:image:type\" content=\"image\/jpeg\" \/>\n<meta name=\"author\" content=\"admsp\" \/>\n<meta name=\"twitter:card\" content=\"summary_large_image\" \/>\n<meta name=\"twitter:creator\" content=\"@SindipetroBahia\" \/>\n<meta name=\"twitter:site\" content=\"@SindipetroBahia\" \/>\n<meta name=\"twitter:label1\" content=\"Escrito por\" \/>\n\t<meta name=\"twitter:data1\" content=\"admsp\" \/>\n\t<meta name=\"twitter:label2\" content=\"Est. tempo de leitura\" \/>\n\t<meta name=\"twitter:data2\" content=\"4 minutos\" \/>\n<script type=\"application\/ld+json\" class=\"yoast-schema-graph\">{\"@context\":\"https:\\\/\\\/schema.org\",\"@graph\":[{\"@type\":\"Article\",\"@id\":\"http:\\\/\\\/www.sindipetroba.org.br\\\/2019\\\/juristas-negras-nas-proximas-vagas-do-supremo-tribunal-federal\\\/#article\",\"isPartOf\":{\"@id\":\"http:\\\/\\\/www.sindipetroba.org.br\\\/2019\\\/juristas-negras-nas-proximas-vagas-do-supremo-tribunal-federal\\\/\"},\"author\":{\"name\":\"admsp\",\"@id\":\"http:\\\/\\\/www.sindipetroba.org.br\\\/2019\\\/#\\\/schema\\\/person\\\/e61228ef9f981537d4c4eb80f6ea7713\"},\"headline\":\"Juristas negras nas pr\u00f3ximas vagas do Supremo Tribunal Federal\",\"datePublished\":\"2022-07-22T13:57:27+00:00\",\"mainEntityOfPage\":{\"@id\":\"http:\\\/\\\/www.sindipetroba.org.br\\\/2019\\\/juristas-negras-nas-proximas-vagas-do-supremo-tribunal-federal\\\/\"},\"wordCount\":597,\"publisher\":{\"@id\":\"http:\\\/\\\/www.sindipetroba.org.br\\\/2019\\\/#organization\"},\"image\":{\"@id\":\"http:\\\/\\\/www.sindipetroba.org.br\\\/2019\\\/juristas-negras-nas-proximas-vagas-do-supremo-tribunal-federal\\\/#primaryimage\"},\"thumbnailUrl\":\"http:\\\/\\\/www.sindipetroba.org.br\\\/2019\\\/wp-content\\\/uploads\\\/2022\\\/07\\\/DSC1294-scaled.jpeg\",\"articleSection\":[\"Not\u00edcia\"],\"inLanguage\":\"pt-BR\"},{\"@type\":\"WebPage\",\"@id\":\"http:\\\/\\\/www.sindipetroba.org.br\\\/2019\\\/juristas-negras-nas-proximas-vagas-do-supremo-tribunal-federal\\\/\",\"url\":\"http:\\\/\\\/www.sindipetroba.org.br\\\/2019\\\/juristas-negras-nas-proximas-vagas-do-supremo-tribunal-federal\\\/\",\"name\":\"Juristas negras nas pr\u00f3ximas vagas do Supremo Tribunal Federal - Sindipetro BA\",\"isPartOf\":{\"@id\":\"http:\\\/\\\/www.sindipetroba.org.br\\\/2019\\\/#website\"},\"primaryImageOfPage\":{\"@id\":\"http:\\\/\\\/www.sindipetroba.org.br\\\/2019\\\/juristas-negras-nas-proximas-vagas-do-supremo-tribunal-federal\\\/#primaryimage\"},\"image\":{\"@id\":\"http:\\\/\\\/www.sindipetroba.org.br\\\/2019\\\/juristas-negras-nas-proximas-vagas-do-supremo-tribunal-federal\\\/#primaryimage\"},\"thumbnailUrl\":\"http:\\\/\\\/www.sindipetroba.org.br\\\/2019\\\/wp-content\\\/uploads\\\/2022\\\/07\\\/DSC1294-scaled.jpeg\",\"datePublished\":\"2022-07-22T13:57:27+00:00\",\"breadcrumb\":{\"@id\":\"http:\\\/\\\/www.sindipetroba.org.br\\\/2019\\\/juristas-negras-nas-proximas-vagas-do-supremo-tribunal-federal\\\/#breadcrumb\"},\"inLanguage\":\"pt-BR\",\"potentialAction\":[{\"@type\":\"ReadAction\",\"target\":[\"http:\\\/\\\/www.sindipetroba.org.br\\\/2019\\\/juristas-negras-nas-proximas-vagas-do-supremo-tribunal-federal\\\/\"]}]},{\"@type\":\"ImageObject\",\"inLanguage\":\"pt-BR\",\"@id\":\"http:\\\/\\\/www.sindipetroba.org.br\\\/2019\\\/juristas-negras-nas-proximas-vagas-do-supremo-tribunal-federal\\\/#primaryimage\",\"url\":\"http:\\\/\\\/www.sindipetroba.org.br\\\/2019\\\/wp-content\\\/uploads\\\/2022\\\/07\\\/DSC1294-scaled.jpeg\",\"contentUrl\":\"http:\\\/\\\/www.sindipetroba.org.br\\\/2019\\\/wp-content\\\/uploads\\\/2022\\\/07\\\/DSC1294-scaled.jpeg\",\"width\":2560,\"height\":1699},{\"@type\":\"BreadcrumbList\",\"@id\":\"http:\\\/\\\/www.sindipetroba.org.br\\\/2019\\\/juristas-negras-nas-proximas-vagas-do-supremo-tribunal-federal\\\/#breadcrumb\",\"itemListElement\":[{\"@type\":\"ListItem\",\"position\":1,\"name\":\"In\u00edcio\",\"item\":\"http:\\\/\\\/www.sindipetroba.org.br\\\/2019\\\/\"},{\"@type\":\"ListItem\",\"position\":2,\"name\":\"Juristas negras nas pr\u00f3ximas vagas do Supremo Tribunal Federal\"}]},{\"@type\":\"WebSite\",\"@id\":\"http:\\\/\\\/www.sindipetroba.org.br\\\/2019\\\/#website\",\"url\":\"http:\\\/\\\/www.sindipetroba.org.br\\\/2019\\\/\",\"name\":\"Sindipetro BA\",\"description\":\"Sindicato dos Petroleiros e Petroleiras do Estado da Bahia\",\"publisher\":{\"@id\":\"http:\\\/\\\/www.sindipetroba.org.br\\\/2019\\\/#organization\"},\"potentialAction\":[{\"@type\":\"SearchAction\",\"target\":{\"@type\":\"EntryPoint\",\"urlTemplate\":\"http:\\\/\\\/www.sindipetroba.org.br\\\/2019\\\/?s={search_term_string}\"},\"query-input\":{\"@type\":\"PropertyValueSpecification\",\"valueRequired\":true,\"valueName\":\"search_term_string\"}}],\"inLanguage\":\"pt-BR\"},{\"@type\":\"Organization\",\"@id\":\"http:\\\/\\\/www.sindipetroba.org.br\\\/2019\\\/#organization\",\"name\":\"Sindipetro BA\",\"url\":\"http:\\\/\\\/www.sindipetroba.org.br\\\/2019\\\/\",\"logo\":{\"@type\":\"ImageObject\",\"inLanguage\":\"pt-BR\",\"@id\":\"http:\\\/\\\/www.sindipetroba.org.br\\\/2019\\\/#\\\/schema\\\/logo\\\/image\\\/\",\"url\":\"http:\\\/\\\/www.sindipetroba.org.br\\\/2019\\\/wp-content\\\/uploads\\\/2019\\\/01\\\/sindipetro-marca-cor.png\",\"contentUrl\":\"http:\\\/\\\/www.sindipetroba.org.br\\\/2019\\\/wp-content\\\/uploads\\\/2019\\\/01\\\/sindipetro-marca-cor.png\",\"width\":350,\"height\":126,\"caption\":\"Sindipetro BA\"},\"image\":{\"@id\":\"http:\\\/\\\/www.sindipetroba.org.br\\\/2019\\\/#\\\/schema\\\/logo\\\/image\\\/\"},\"sameAs\":[\"https:\\\/\\\/www.facebook.com\\\/sindipetroBa\\\/\",\"https:\\\/\\\/x.com\\\/SindipetroBahia\",\"https:\\\/\\\/www.instagram.com\\\/sindipetroba\\\/\",\"https:\\\/\\\/www.youtube.com\\\/c\\\/SindipetroBahiaOficial\"]},{\"@type\":\"Person\",\"@id\":\"http:\\\/\\\/www.sindipetroba.org.br\\\/2019\\\/#\\\/schema\\\/person\\\/e61228ef9f981537d4c4eb80f6ea7713\",\"name\":\"admsp\",\"image\":{\"@type\":\"ImageObject\",\"inLanguage\":\"pt-BR\",\"@id\":\"https:\\\/\\\/secure.gravatar.com\\\/avatar\\\/50f06e2b746fe9248099d2c61c12342ab36327e9d413e3171dd7033b84800d96?s=96&d=mm&r=g\",\"url\":\"https:\\\/\\\/secure.gravatar.com\\\/avatar\\\/50f06e2b746fe9248099d2c61c12342ab36327e9d413e3171dd7033b84800d96?s=96&d=mm&r=g\",\"contentUrl\":\"https:\\\/\\\/secure.gravatar.com\\\/avatar\\\/50f06e2b746fe9248099d2c61c12342ab36327e9d413e3171dd7033b84800d96?s=96&d=mm&r=g\",\"caption\":\"admsp\"}}]}<\/script>\n<!-- \/ Yoast SEO plugin. -->","yoast_head_json":{"title":"Juristas negras nas pr\u00f3ximas vagas do Supremo Tribunal Federal - Sindipetro BA","robots":{"index":"index","follow":"follow","max-snippet":"max-snippet:-1","max-image-preview":"max-image-preview:large","max-video-preview":"max-video-preview:-1"},"canonical":"http:\/\/www.sindipetroba.org.br\/2019\/juristas-negras-nas-proximas-vagas-do-supremo-tribunal-federal\/","og_locale":"pt_BR","og_type":"article","og_title":"Juristas negras nas pr\u00f3ximas vagas do Supremo Tribunal Federal - Sindipetro BA","og_description":"A Coletiva Juristas Negras apresenta a discuss\u00e3o acerca da falta de diversidade na mais alta corte do sistema de justi\u00e7a brasileiro O Brasil foi o \u00faltimo pa\u00eds do Ocidente a declarar abolida a escravid\u00e3o e, mesmo 134 anos ap\u00f3s o fim formal do regime escravocrata, a ra\u00e7a segue sendo o fator determinante das desigualdades. De... Ver artigo","og_url":"http:\/\/www.sindipetroba.org.br\/2019\/juristas-negras-nas-proximas-vagas-do-supremo-tribunal-federal\/","og_site_name":"Sindipetro BA","article_publisher":"https:\/\/www.facebook.com\/sindipetroBa\/","article_published_time":"2022-07-22T13:57:27+00:00","og_image":[{"width":2560,"height":1699,"url":"http:\/\/www.sindipetroba.org.br\/2019\/wp-content\/uploads\/2022\/07\/DSC1294-scaled.jpeg","type":"image\/jpeg"}],"author":"admsp","twitter_card":"summary_large_image","twitter_creator":"@SindipetroBahia","twitter_site":"@SindipetroBahia","twitter_misc":{"Escrito por":"admsp","Est. tempo de leitura":"4 minutos"},"schema":{"@context":"https:\/\/schema.org","@graph":[{"@type":"Article","@id":"http:\/\/www.sindipetroba.org.br\/2019\/juristas-negras-nas-proximas-vagas-do-supremo-tribunal-federal\/#article","isPartOf":{"@id":"http:\/\/www.sindipetroba.org.br\/2019\/juristas-negras-nas-proximas-vagas-do-supremo-tribunal-federal\/"},"author":{"name":"admsp","@id":"http:\/\/www.sindipetroba.org.br\/2019\/#\/schema\/person\/e61228ef9f981537d4c4eb80f6ea7713"},"headline":"Juristas negras nas pr\u00f3ximas vagas do Supremo Tribunal Federal","datePublished":"2022-07-22T13:57:27+00:00","mainEntityOfPage":{"@id":"http:\/\/www.sindipetroba.org.br\/2019\/juristas-negras-nas-proximas-vagas-do-supremo-tribunal-federal\/"},"wordCount":597,"publisher":{"@id":"http:\/\/www.sindipetroba.org.br\/2019\/#organization"},"image":{"@id":"http:\/\/www.sindipetroba.org.br\/2019\/juristas-negras-nas-proximas-vagas-do-supremo-tribunal-federal\/#primaryimage"},"thumbnailUrl":"http:\/\/www.sindipetroba.org.br\/2019\/wp-content\/uploads\/2022\/07\/DSC1294-scaled.jpeg","articleSection":["Not\u00edcia"],"inLanguage":"pt-BR"},{"@type":"WebPage","@id":"http:\/\/www.sindipetroba.org.br\/2019\/juristas-negras-nas-proximas-vagas-do-supremo-tribunal-federal\/","url":"http:\/\/www.sindipetroba.org.br\/2019\/juristas-negras-nas-proximas-vagas-do-supremo-tribunal-federal\/","name":"Juristas negras nas pr\u00f3ximas vagas do Supremo Tribunal Federal - Sindipetro BA","isPartOf":{"@id":"http:\/\/www.sindipetroba.org.br\/2019\/#website"},"primaryImageOfPage":{"@id":"http:\/\/www.sindipetroba.org.br\/2019\/juristas-negras-nas-proximas-vagas-do-supremo-tribunal-federal\/#primaryimage"},"image":{"@id":"http:\/\/www.sindipetroba.org.br\/2019\/juristas-negras-nas-proximas-vagas-do-supremo-tribunal-federal\/#primaryimage"},"thumbnailUrl":"http:\/\/www.sindipetroba.org.br\/2019\/wp-content\/uploads\/2022\/07\/DSC1294-scaled.jpeg","datePublished":"2022-07-22T13:57:27+00:00","breadcrumb":{"@id":"http:\/\/www.sindipetroba.org.br\/2019\/juristas-negras-nas-proximas-vagas-do-supremo-tribunal-federal\/#breadcrumb"},"inLanguage":"pt-BR","potentialAction":[{"@type":"ReadAction","target":["http:\/\/www.sindipetroba.org.br\/2019\/juristas-negras-nas-proximas-vagas-do-supremo-tribunal-federal\/"]}]},{"@type":"ImageObject","inLanguage":"pt-BR","@id":"http:\/\/www.sindipetroba.org.br\/2019\/juristas-negras-nas-proximas-vagas-do-supremo-tribunal-federal\/#primaryimage","url":"http:\/\/www.sindipetroba.org.br\/2019\/wp-content\/uploads\/2022\/07\/DSC1294-scaled.jpeg","contentUrl":"http:\/\/www.sindipetroba.org.br\/2019\/wp-content\/uploads\/2022\/07\/DSC1294-scaled.jpeg","width":2560,"height":1699},{"@type":"BreadcrumbList","@id":"http:\/\/www.sindipetroba.org.br\/2019\/juristas-negras-nas-proximas-vagas-do-supremo-tribunal-federal\/#breadcrumb","itemListElement":[{"@type":"ListItem","position":1,"name":"In\u00edcio","item":"http:\/\/www.sindipetroba.org.br\/2019\/"},{"@type":"ListItem","position":2,"name":"Juristas negras nas pr\u00f3ximas vagas do Supremo Tribunal Federal"}]},{"@type":"WebSite","@id":"http:\/\/www.sindipetroba.org.br\/2019\/#website","url":"http:\/\/www.sindipetroba.org.br\/2019\/","name":"Sindipetro BA","description":"Sindicato dos Petroleiros e Petroleiras do Estado da Bahia","publisher":{"@id":"http:\/\/www.sindipetroba.org.br\/2019\/#organization"},"potentialAction":[{"@type":"SearchAction","target":{"@type":"EntryPoint","urlTemplate":"http:\/\/www.sindipetroba.org.br\/2019\/?s={search_term_string}"},"query-input":{"@type":"PropertyValueSpecification","valueRequired":true,"valueName":"search_term_string"}}],"inLanguage":"pt-BR"},{"@type":"Organization","@id":"http:\/\/www.sindipetroba.org.br\/2019\/#organization","name":"Sindipetro BA","url":"http:\/\/www.sindipetroba.org.br\/2019\/","logo":{"@type":"ImageObject","inLanguage":"pt-BR","@id":"http:\/\/www.sindipetroba.org.br\/2019\/#\/schema\/logo\/image\/","url":"http:\/\/www.sindipetroba.org.br\/2019\/wp-content\/uploads\/2019\/01\/sindipetro-marca-cor.png","contentUrl":"http:\/\/www.sindipetroba.org.br\/2019\/wp-content\/uploads\/2019\/01\/sindipetro-marca-cor.png","width":350,"height":126,"caption":"Sindipetro BA"},"image":{"@id":"http:\/\/www.sindipetroba.org.br\/2019\/#\/schema\/logo\/image\/"},"sameAs":["https:\/\/www.facebook.com\/sindipetroBa\/","https:\/\/x.com\/SindipetroBahia","https:\/\/www.instagram.com\/sindipetroba\/","https:\/\/www.youtube.com\/c\/SindipetroBahiaOficial"]},{"@type":"Person","@id":"http:\/\/www.sindipetroba.org.br\/2019\/#\/schema\/person\/e61228ef9f981537d4c4eb80f6ea7713","name":"admsp","image":{"@type":"ImageObject","inLanguage":"pt-BR","@id":"https:\/\/secure.gravatar.com\/avatar\/50f06e2b746fe9248099d2c61c12342ab36327e9d413e3171dd7033b84800d96?s=96&d=mm&r=g","url":"https:\/\/secure.gravatar.com\/avatar\/50f06e2b746fe9248099d2c61c12342ab36327e9d413e3171dd7033b84800d96?s=96&d=mm&r=g","contentUrl":"https:\/\/secure.gravatar.com\/avatar\/50f06e2b746fe9248099d2c61c12342ab36327e9d413e3171dd7033b84800d96?s=96&d=mm&r=g","caption":"admsp"}}]}},"_links":{"self":[{"href":"http:\/\/www.sindipetroba.org.br\/2019\/wp-json\/wp\/v2\/posts\/18621","targetHints":{"allow":["GET"]}}],"collection":[{"href":"http:\/\/www.sindipetroba.org.br\/2019\/wp-json\/wp\/v2\/posts"}],"about":[{"href":"http:\/\/www.sindipetroba.org.br\/2019\/wp-json\/wp\/v2\/types\/post"}],"author":[{"embeddable":true,"href":"http:\/\/www.sindipetroba.org.br\/2019\/wp-json\/wp\/v2\/users\/1"}],"replies":[{"embeddable":true,"href":"http:\/\/www.sindipetroba.org.br\/2019\/wp-json\/wp\/v2\/comments?post=18621"}],"version-history":[{"count":1,"href":"http:\/\/www.sindipetroba.org.br\/2019\/wp-json\/wp\/v2\/posts\/18621\/revisions"}],"predecessor-version":[{"id":18624,"href":"http:\/\/www.sindipetroba.org.br\/2019\/wp-json\/wp\/v2\/posts\/18621\/revisions\/18624"}],"wp:featuredmedia":[{"embeddable":true,"href":"http:\/\/www.sindipetroba.org.br\/2019\/wp-json\/wp\/v2\/media\/18623"}],"wp:attachment":[{"href":"http:\/\/www.sindipetroba.org.br\/2019\/wp-json\/wp\/v2\/media?parent=18621"}],"wp:term":[{"taxonomy":"category","embeddable":true,"href":"http:\/\/www.sindipetroba.org.br\/2019\/wp-json\/wp\/v2\/categories?post=18621"},{"taxonomy":"post_tag","embeddable":true,"href":"http:\/\/www.sindipetroba.org.br\/2019\/wp-json\/wp\/v2\/tags?post=18621"}],"curies":[{"name":"wp","href":"https:\/\/api.w.org\/{rel}","templated":true}]}}