{"id":1899,"date":"2019-05-30T15:55:15","date_gmt":"2019-05-30T18:55:15","guid":{"rendered":"http:\/\/www.sindipetroba.org.br\/2019\/?p=1899"},"modified":"2019-06-05T10:37:45","modified_gmt":"2019-06-05T13:37:45","slug":"petroleiros-se-juntam-aos-cerca-de-70-mil-manifestantes-em-ato-pela-educacao-no-centro-de-salvador2","status":"publish","type":"post","link":"http:\/\/www.sindipetroba.org.br\/2019\/petroleiros-se-juntam-aos-cerca-de-70-mil-manifestantes-em-ato-pela-educacao-no-centro-de-salvador2\/","title":{"rendered":"Petroleiros se juntam aos cerca de 70 mil manifestantes em ato pela educa\u00e7\u00e3o, no centro de Salvador"},"content":{"rendered":"<p>\u201cA nossa luta unificou. \u00c9 estudante junto com trabalhador\u201d. Este foi um dos gritos de ordem mais entoados durante a manifesta\u00e7\u00e3o em favor da educa\u00e7\u00e3o e contra os cortes nos or\u00e7amentos das universidades e institutos p\u00fablicos federais, que reuniu cerca de 70 mil pessoas no centro de Salvador, na manh\u00e3 da quinta-feira, 30 de maio.<\/p>\n<p>Os manifestantes seguiram em passeata do Campo Grande \u00e0 Pra\u00e7a Castro Alves. Eram milhares deles \u2013 estudantes, professores, servidores da UFBA, servidores do munic\u00edpio e do estado, parlamentares, artistas, trabalhadores de diversas categorias, entre eles os petroleiros. Al\u00e9m de representantes de diversos sindicatos, centrais sindicais e at\u00e9 uma comunidade de pescadores e frades capuchinhos do Convento da Piedade.<\/p>\n<p>O frei C\u00edcero resumiu o motivo de tamanha diversidade em uma manifesta\u00e7\u00e3o. \u201cEssa \u00e9 uma bandeira \u00fanica. Estamos defendendo a educa\u00e7\u00e3o, o saneamento b\u00e1sico, a qualidade de vida, a sa\u00fade, a aposentadoria. Enfim, estamos aqui defendendo a nossa p\u00e1tria, o nosso pa\u00eds. O direito de viver\u201d.<\/p>\n<div id=\"attachment_2003\" style=\"width: 710px\" class=\"wp-caption alignnone\"><img loading=\"lazy\" decoding=\"async\" aria-describedby=\"caption-attachment-2003\" class=\"wp-image-2003 size-large\" src=\"http:\/\/www.sindipetroba.org.br\/2019\/wp-content\/uploads\/2019\/05\/foto-para-a-mat\u00e9ria-da-passeata-da-educa\u00e7\u00e3o-700x467.jpg\" alt=\"\" width=\"700\" height=\"467\" srcset=\"http:\/\/www.sindipetroba.org.br\/2019\/wp-content\/uploads\/2019\/05\/foto-para-a-mat\u00e9ria-da-passeata-da-educa\u00e7\u00e3o-700x467.jpg 700w, http:\/\/www.sindipetroba.org.br\/2019\/wp-content\/uploads\/2019\/05\/foto-para-a-mat\u00e9ria-da-passeata-da-educa\u00e7\u00e3o-250x167.jpg 250w, http:\/\/www.sindipetroba.org.br\/2019\/wp-content\/uploads\/2019\/05\/foto-para-a-mat\u00e9ria-da-passeata-da-educa\u00e7\u00e3o-768x512.jpg 768w, http:\/\/www.sindipetroba.org.br\/2019\/wp-content\/uploads\/2019\/05\/foto-para-a-mat\u00e9ria-da-passeata-da-educa\u00e7\u00e3o-120x80.jpg 120w, http:\/\/www.sindipetroba.org.br\/2019\/wp-content\/uploads\/2019\/05\/foto-para-a-mat\u00e9ria-da-passeata-da-educa\u00e7\u00e3o-1080x720.jpg 1080w\" sizes=\"(max-width: 700px) 100vw, 700px\" \/><p id=\"caption-attachment-2003\" class=\"wp-caption-text\">Freis capuchinhos<\/p><\/div>\n<p>A categoria petroleira tamb\u00e9m ressaltou a defesa da p\u00e1tria e da soberania nacional durante o ato. Com faixas e cartazes, os petroleiros lembraram que a \u201ceduca\u00e7\u00e3o n\u00e3o \u00e9 mercadoria\u201d e que riquezas como o Pr\u00e9-Sal devem ser investidas em educa\u00e7\u00e3o e sa\u00fade. Organizados, os petroleiros, distribu\u00edram adesivos e panfletos explicando a import\u00e2ncia do Pr\u00e9-Sal para a educa\u00e7\u00e3o e chamaram a aten\u00e7\u00e3o por onde passavam, recebendo o apoio da popula\u00e7\u00e3o na luta contra a privatiza\u00e7\u00e3o da Petrobr\u00e1s. Muitos trabalhadores da base compareceram \u00e0 manifesta\u00e7\u00e3o.<\/p>\n<p>\u201cVer esse mar de gente ocupando as ruas em defesa da educa\u00e7\u00e3o \u00e9 um grande alento, mostra que h\u00e1 luz no fim do t\u00fanel e esperan\u00e7a de que, com luta, podemos sim salvar o futuro do nosso pa\u00eds. Por isso, muitos petroleiros compareceram \u00e0 manifesta\u00e7\u00e3o, inclusive para mostrar a import\u00e2ncia da Petrobr\u00e1s para a educa\u00e7\u00e3o brasileira\u201d, afirmou o diretor da FUP e do Sindipetro Bahia, Deyvid Bacelar.<\/p>\n<div id=\"attachment_1916\" style=\"width: 710px\" class=\"wp-caption alignnone\"><img loading=\"lazy\" decoding=\"async\" aria-describedby=\"caption-attachment-1916\" class=\"wp-image-1916 size-large\" src=\"http:\/\/www.sindipetroba.org.br\/2019\/wp-content\/uploads\/2019\/05\/manifestacao1-700x467.jpg\" alt=\"\" width=\"700\" height=\"467\" srcset=\"http:\/\/www.sindipetroba.org.br\/2019\/wp-content\/uploads\/2019\/05\/manifestacao1-700x467.jpg 700w, http:\/\/www.sindipetroba.org.br\/2019\/wp-content\/uploads\/2019\/05\/manifestacao1-250x167.jpg 250w, http:\/\/www.sindipetroba.org.br\/2019\/wp-content\/uploads\/2019\/05\/manifestacao1-768x512.jpg 768w, http:\/\/www.sindipetroba.org.br\/2019\/wp-content\/uploads\/2019\/05\/manifestacao1-120x80.jpg 120w, http:\/\/www.sindipetroba.org.br\/2019\/wp-content\/uploads\/2019\/05\/manifestacao1.jpg 900w\" sizes=\"(max-width: 700px) 100vw, 700px\" \/><p id=\"caption-attachment-1916\" class=\"wp-caption-text\">Centro de Salvador<\/p><\/div>\n<p>O coordenador do Sindipetro, Jairo, Batista, subiu ao carro de som e falou para a multid\u00e3o que os petroleiros \u201cn\u00e3o deixar\u00e3o que a Petrobr\u00e1s seja privatizada e n\u00e3o aceitar\u00e3o a entrega do Pr\u00e9-Sal, que foi conquistado a partir de uma decis\u00e3o pol\u00edtica do governo democr\u00e1tico e popular do presidente Lula, em 2006. Em 2010, conseguimos instituir o regime de partilha, garantindo que parte da riqueza oriunda do Pr\u00e9\u2013Sal seria destinada \u00e0 educa\u00e7\u00e3o e sa\u00fade. N\u00e3o temos nenhuma d\u00favida de que defender uma educa\u00e7\u00e3o de qualidade, defender o Pr\u00e9-Sal, a Petrobr\u00e1s e a soberania nacional \u00e9 defender o Brasil\u201d.<\/p>\n<div id=\"attachment_1918\" style=\"width: 710px\" class=\"wp-caption alignnone\"><img loading=\"lazy\" decoding=\"async\" aria-describedby=\"caption-attachment-1918\" class=\"wp-image-1918 size-large\" src=\"http:\/\/www.sindipetroba.org.br\/2019\/wp-content\/uploads\/2019\/05\/manifestacao3-700x467.jpg\" alt=\"\" width=\"700\" height=\"467\" srcset=\"http:\/\/www.sindipetroba.org.br\/2019\/wp-content\/uploads\/2019\/05\/manifestacao3-700x467.jpg 700w, http:\/\/www.sindipetroba.org.br\/2019\/wp-content\/uploads\/2019\/05\/manifestacao3-250x167.jpg 250w, http:\/\/www.sindipetroba.org.br\/2019\/wp-content\/uploads\/2019\/05\/manifestacao3-768x512.jpg 768w, http:\/\/www.sindipetroba.org.br\/2019\/wp-content\/uploads\/2019\/05\/manifestacao3-120x80.jpg 120w, http:\/\/www.sindipetroba.org.br\/2019\/wp-content\/uploads\/2019\/05\/manifestacao3.jpg 900w\" sizes=\"(max-width: 700px) 100vw, 700px\" \/><p id=\"caption-attachment-1918\" class=\"wp-caption-text\">Coordenador do Sindipetro Bahia &#8211; Jairo Batista<\/p><\/div>\n<p>Fonte \u2013 Sindipetro Bahia<\/p>\n","protected":false},"excerpt":{"rendered":"\u201cA nossa luta unificou. \u00c9 estudante junto com trabalhador\u201d. Este foi um dos gritos de ordem mais entoados durante a manifesta\u00e7\u00e3o em favor da educa\u00e7\u00e3o e contra os cortes nos or\u00e7amentos das universidades e institutos p\u00fablicos federais, que reuniu cerca de 70 mil pessoas no centro de Salvador, na manh\u00e3 da quinta-feira, 30 de maio&#8230;. <a class=\"view-article\" href=\"http:\/\/www.sindipetroba.org.br\/2019\/petroleiros-se-juntam-aos-cerca-de-70-mil-manifestantes-em-ato-pela-educacao-no-centro-de-salvador2\/\">Ver artigo<\/a>","protected":false},"author":1,"featured_media":1939,"comment_status":"closed","ping_status":"open","sticky":false,"template":"","format":"standard","meta":{"_et_pb_use_builder":"","_et_pb_old_content":"","_et_gb_content_width":"","footnotes":""},"categories":[1],"tags":[120,121,34,30],"class_list":["post-1899","post","type-post","status-publish","format-standard","has-post-thumbnail","hentry","category-noticia","tag-ato-pela-educacao","tag-contra-os-cortes-das-universidades","tag-reforma-da-previdencia","tag-sindipetro-bahia"],"yoast_head":"<!-- This site is optimized with the Yoast SEO plugin v27.3 - https:\/\/yoast.com\/product\/yoast-seo-wordpress\/ -->\n<title>Petroleiros se juntam aos cerca de 70 mil manifestantes em ato pela educa\u00e7\u00e3o, no centro de Salvador - Sindipetro BA<\/title>\n<meta name=\"robots\" content=\"index, follow, max-snippet:-1, max-image-preview:large, max-video-preview:-1\" \/>\n<link rel=\"canonical\" href=\"http:\/\/www.sindipetroba.org.br\/2019\/petroleiros-se-juntam-aos-cerca-de-70-mil-manifestantes-em-ato-pela-educacao-no-centro-de-salvador2\/\" \/>\n<meta property=\"og:locale\" content=\"pt_BR\" \/>\n<meta property=\"og:type\" content=\"article\" \/>\n<meta property=\"og:title\" content=\"Petroleiros se juntam aos cerca de 70 mil manifestantes em ato pela educa\u00e7\u00e3o, no centro de Salvador - Sindipetro BA\" \/>\n<meta property=\"og:description\" content=\"\u201cA nossa luta unificou. \u00c9 estudante junto com trabalhador\u201d. Este foi um dos gritos de ordem mais entoados durante a manifesta\u00e7\u00e3o em favor da educa\u00e7\u00e3o e contra os cortes nos or\u00e7amentos das universidades e institutos p\u00fablicos federais, que reuniu cerca de 70 mil pessoas no centro de Salvador, na manh\u00e3 da quinta-feira, 30 de maio.... Ver artigo\" \/>\n<meta property=\"og:url\" content=\"http:\/\/www.sindipetroba.org.br\/2019\/petroleiros-se-juntam-aos-cerca-de-70-mil-manifestantes-em-ato-pela-educacao-no-centro-de-salvador2\/\" \/>\n<meta property=\"og:site_name\" content=\"Sindipetro BA\" \/>\n<meta property=\"article:publisher\" content=\"https:\/\/www.facebook.com\/sindipetroBa\/\" \/>\n<meta property=\"article:published_time\" content=\"2019-05-30T18:55:15+00:00\" \/>\n<meta property=\"article:modified_time\" content=\"2019-06-05T13:37:45+00:00\" \/>\n<meta property=\"og:image\" content=\"http:\/\/www.sindipetroba.org.br\/2019\/wp-content\/uploads\/2019\/05\/jkl.jpg\" \/>\n\t<meta property=\"og:image:width\" content=\"750\" \/>\n\t<meta property=\"og:image:height\" content=\"500\" \/>\n\t<meta property=\"og:image:type\" content=\"image\/jpeg\" \/>\n<meta name=\"author\" content=\"admsp\" \/>\n<meta name=\"twitter:card\" content=\"summary_large_image\" \/>\n<meta name=\"twitter:creator\" content=\"@SindipetroBahia\" \/>\n<meta name=\"twitter:site\" content=\"@SindipetroBahia\" \/>\n<meta name=\"twitter:label1\" content=\"Escrito por\" \/>\n\t<meta name=\"twitter:data1\" content=\"admsp\" \/>\n\t<meta name=\"twitter:label2\" content=\"Est. tempo de leitura\" \/>\n\t<meta name=\"twitter:data2\" content=\"2 minutos\" \/>\n<script type=\"application\/ld+json\" class=\"yoast-schema-graph\">{\"@context\":\"https:\\\/\\\/schema.org\",\"@graph\":[{\"@type\":\"Article\",\"@id\":\"http:\\\/\\\/www.sindipetroba.org.br\\\/2019\\\/petroleiros-se-juntam-aos-cerca-de-70-mil-manifestantes-em-ato-pela-educacao-no-centro-de-salvador2\\\/#article\",\"isPartOf\":{\"@id\":\"http:\\\/\\\/www.sindipetroba.org.br\\\/2019\\\/petroleiros-se-juntam-aos-cerca-de-70-mil-manifestantes-em-ato-pela-educacao-no-centro-de-salvador2\\\/\"},\"author\":{\"name\":\"admsp\",\"@id\":\"http:\\\/\\\/www.sindipetroba.org.br\\\/2019\\\/#\\\/schema\\\/person\\\/e61228ef9f981537d4c4eb80f6ea7713\"},\"headline\":\"Petroleiros se juntam aos cerca de 70 mil manifestantes em ato pela educa\u00e7\u00e3o, no centro de Salvador\",\"datePublished\":\"2019-05-30T18:55:15+00:00\",\"dateModified\":\"2019-06-05T13:37:45+00:00\",\"mainEntityOfPage\":{\"@id\":\"http:\\\/\\\/www.sindipetroba.org.br\\\/2019\\\/petroleiros-se-juntam-aos-cerca-de-70-mil-manifestantes-em-ato-pela-educacao-no-centro-de-salvador2\\\/\"},\"wordCount\":502,\"publisher\":{\"@id\":\"http:\\\/\\\/www.sindipetroba.org.br\\\/2019\\\/#organization\"},\"image\":{\"@id\":\"http:\\\/\\\/www.sindipetroba.org.br\\\/2019\\\/petroleiros-se-juntam-aos-cerca-de-70-mil-manifestantes-em-ato-pela-educacao-no-centro-de-salvador2\\\/#primaryimage\"},\"thumbnailUrl\":\"http:\\\/\\\/www.sindipetroba.org.br\\\/2019\\\/wp-content\\\/uploads\\\/2019\\\/05\\\/jkl.jpg\",\"keywords\":[\"ato pela educacao\",\"contra os cortes das universidades\",\"reforma da previdencia\",\"sindipetro bahia\"],\"articleSection\":[\"Not\u00edcia\"],\"inLanguage\":\"pt-BR\"},{\"@type\":\"WebPage\",\"@id\":\"http:\\\/\\\/www.sindipetroba.org.br\\\/2019\\\/petroleiros-se-juntam-aos-cerca-de-70-mil-manifestantes-em-ato-pela-educacao-no-centro-de-salvador2\\\/\",\"url\":\"http:\\\/\\\/www.sindipetroba.org.br\\\/2019\\\/petroleiros-se-juntam-aos-cerca-de-70-mil-manifestantes-em-ato-pela-educacao-no-centro-de-salvador2\\\/\",\"name\":\"Petroleiros se juntam aos cerca de 70 mil manifestantes em ato pela educa\u00e7\u00e3o, no centro de Salvador - Sindipetro BA\",\"isPartOf\":{\"@id\":\"http:\\\/\\\/www.sindipetroba.org.br\\\/2019\\\/#website\"},\"primaryImageOfPage\":{\"@id\":\"http:\\\/\\\/www.sindipetroba.org.br\\\/2019\\\/petroleiros-se-juntam-aos-cerca-de-70-mil-manifestantes-em-ato-pela-educacao-no-centro-de-salvador2\\\/#primaryimage\"},\"image\":{\"@id\":\"http:\\\/\\\/www.sindipetroba.org.br\\\/2019\\\/petroleiros-se-juntam-aos-cerca-de-70-mil-manifestantes-em-ato-pela-educacao-no-centro-de-salvador2\\\/#primaryimage\"},\"thumbnailUrl\":\"http:\\\/\\\/www.sindipetroba.org.br\\\/2019\\\/wp-content\\\/uploads\\\/2019\\\/05\\\/jkl.jpg\",\"datePublished\":\"2019-05-30T18:55:15+00:00\",\"dateModified\":\"2019-06-05T13:37:45+00:00\",\"breadcrumb\":{\"@id\":\"http:\\\/\\\/www.sindipetroba.org.br\\\/2019\\\/petroleiros-se-juntam-aos-cerca-de-70-mil-manifestantes-em-ato-pela-educacao-no-centro-de-salvador2\\\/#breadcrumb\"},\"inLanguage\":\"pt-BR\",\"potentialAction\":[{\"@type\":\"ReadAction\",\"target\":[\"http:\\\/\\\/www.sindipetroba.org.br\\\/2019\\\/petroleiros-se-juntam-aos-cerca-de-70-mil-manifestantes-em-ato-pela-educacao-no-centro-de-salvador2\\\/\"]}]},{\"@type\":\"ImageObject\",\"inLanguage\":\"pt-BR\",\"@id\":\"http:\\\/\\\/www.sindipetroba.org.br\\\/2019\\\/petroleiros-se-juntam-aos-cerca-de-70-mil-manifestantes-em-ato-pela-educacao-no-centro-de-salvador2\\\/#primaryimage\",\"url\":\"http:\\\/\\\/www.sindipetroba.org.br\\\/2019\\\/wp-content\\\/uploads\\\/2019\\\/05\\\/jkl.jpg\",\"contentUrl\":\"http:\\\/\\\/www.sindipetroba.org.br\\\/2019\\\/wp-content\\\/uploads\\\/2019\\\/05\\\/jkl.jpg\",\"width\":750,\"height\":500},{\"@type\":\"BreadcrumbList\",\"@id\":\"http:\\\/\\\/www.sindipetroba.org.br\\\/2019\\\/petroleiros-se-juntam-aos-cerca-de-70-mil-manifestantes-em-ato-pela-educacao-no-centro-de-salvador2\\\/#breadcrumb\",\"itemListElement\":[{\"@type\":\"ListItem\",\"position\":1,\"name\":\"In\u00edcio\",\"item\":\"http:\\\/\\\/www.sindipetroba.org.br\\\/2019\\\/\"},{\"@type\":\"ListItem\",\"position\":2,\"name\":\"Petroleiros se juntam aos cerca de 70 mil manifestantes em ato pela educa\u00e7\u00e3o, no centro de Salvador\"}]},{\"@type\":\"WebSite\",\"@id\":\"http:\\\/\\\/www.sindipetroba.org.br\\\/2019\\\/#website\",\"url\":\"http:\\\/\\\/www.sindipetroba.org.br\\\/2019\\\/\",\"name\":\"Sindipetro BA\",\"description\":\"Sindicato dos Petroleiros e Petroleiras do Estado da Bahia\",\"publisher\":{\"@id\":\"http:\\\/\\\/www.sindipetroba.org.br\\\/2019\\\/#organization\"},\"potentialAction\":[{\"@type\":\"SearchAction\",\"target\":{\"@type\":\"EntryPoint\",\"urlTemplate\":\"http:\\\/\\\/www.sindipetroba.org.br\\\/2019\\\/?s={search_term_string}\"},\"query-input\":{\"@type\":\"PropertyValueSpecification\",\"valueRequired\":true,\"valueName\":\"search_term_string\"}}],\"inLanguage\":\"pt-BR\"},{\"@type\":\"Organization\",\"@id\":\"http:\\\/\\\/www.sindipetroba.org.br\\\/2019\\\/#organization\",\"name\":\"Sindipetro BA\",\"url\":\"http:\\\/\\\/www.sindipetroba.org.br\\\/2019\\\/\",\"logo\":{\"@type\":\"ImageObject\",\"inLanguage\":\"pt-BR\",\"@id\":\"http:\\\/\\\/www.sindipetroba.org.br\\\/2019\\\/#\\\/schema\\\/logo\\\/image\\\/\",\"url\":\"http:\\\/\\\/www.sindipetroba.org.br\\\/2019\\\/wp-content\\\/uploads\\\/2019\\\/01\\\/sindipetro-marca-cor.png\",\"contentUrl\":\"http:\\\/\\\/www.sindipetroba.org.br\\\/2019\\\/wp-content\\\/uploads\\\/2019\\\/01\\\/sindipetro-marca-cor.png\",\"width\":350,\"height\":126,\"caption\":\"Sindipetro BA\"},\"image\":{\"@id\":\"http:\\\/\\\/www.sindipetroba.org.br\\\/2019\\\/#\\\/schema\\\/logo\\\/image\\\/\"},\"sameAs\":[\"https:\\\/\\\/www.facebook.com\\\/sindipetroBa\\\/\",\"https:\\\/\\\/x.com\\\/SindipetroBahia\",\"https:\\\/\\\/www.instagram.com\\\/sindipetroba\\\/\",\"https:\\\/\\\/www.youtube.com\\\/c\\\/SindipetroBahiaOficial\"]},{\"@type\":\"Person\",\"@id\":\"http:\\\/\\\/www.sindipetroba.org.br\\\/2019\\\/#\\\/schema\\\/person\\\/e61228ef9f981537d4c4eb80f6ea7713\",\"name\":\"admsp\",\"image\":{\"@type\":\"ImageObject\",\"inLanguage\":\"pt-BR\",\"@id\":\"https:\\\/\\\/secure.gravatar.com\\\/avatar\\\/50f06e2b746fe9248099d2c61c12342ab36327e9d413e3171dd7033b84800d96?s=96&d=mm&r=g\",\"url\":\"https:\\\/\\\/secure.gravatar.com\\\/avatar\\\/50f06e2b746fe9248099d2c61c12342ab36327e9d413e3171dd7033b84800d96?s=96&d=mm&r=g\",\"contentUrl\":\"https:\\\/\\\/secure.gravatar.com\\\/avatar\\\/50f06e2b746fe9248099d2c61c12342ab36327e9d413e3171dd7033b84800d96?s=96&d=mm&r=g\",\"caption\":\"admsp\"}}]}<\/script>\n<!-- \/ Yoast SEO plugin. -->","yoast_head_json":{"title":"Petroleiros se juntam aos cerca de 70 mil manifestantes em ato pela educa\u00e7\u00e3o, no centro de Salvador - Sindipetro BA","robots":{"index":"index","follow":"follow","max-snippet":"max-snippet:-1","max-image-preview":"max-image-preview:large","max-video-preview":"max-video-preview:-1"},"canonical":"http:\/\/www.sindipetroba.org.br\/2019\/petroleiros-se-juntam-aos-cerca-de-70-mil-manifestantes-em-ato-pela-educacao-no-centro-de-salvador2\/","og_locale":"pt_BR","og_type":"article","og_title":"Petroleiros se juntam aos cerca de 70 mil manifestantes em ato pela educa\u00e7\u00e3o, no centro de Salvador - Sindipetro BA","og_description":"\u201cA nossa luta unificou. \u00c9 estudante junto com trabalhador\u201d. Este foi um dos gritos de ordem mais entoados durante a manifesta\u00e7\u00e3o em favor da educa\u00e7\u00e3o e contra os cortes nos or\u00e7amentos das universidades e institutos p\u00fablicos federais, que reuniu cerca de 70 mil pessoas no centro de Salvador, na manh\u00e3 da quinta-feira, 30 de maio.... Ver artigo","og_url":"http:\/\/www.sindipetroba.org.br\/2019\/petroleiros-se-juntam-aos-cerca-de-70-mil-manifestantes-em-ato-pela-educacao-no-centro-de-salvador2\/","og_site_name":"Sindipetro BA","article_publisher":"https:\/\/www.facebook.com\/sindipetroBa\/","article_published_time":"2019-05-30T18:55:15+00:00","article_modified_time":"2019-06-05T13:37:45+00:00","og_image":[{"width":750,"height":500,"url":"http:\/\/www.sindipetroba.org.br\/2019\/wp-content\/uploads\/2019\/05\/jkl.jpg","type":"image\/jpeg"}],"author":"admsp","twitter_card":"summary_large_image","twitter_creator":"@SindipetroBahia","twitter_site":"@SindipetroBahia","twitter_misc":{"Escrito por":"admsp","Est. tempo de leitura":"2 minutos"},"schema":{"@context":"https:\/\/schema.org","@graph":[{"@type":"Article","@id":"http:\/\/www.sindipetroba.org.br\/2019\/petroleiros-se-juntam-aos-cerca-de-70-mil-manifestantes-em-ato-pela-educacao-no-centro-de-salvador2\/#article","isPartOf":{"@id":"http:\/\/www.sindipetroba.org.br\/2019\/petroleiros-se-juntam-aos-cerca-de-70-mil-manifestantes-em-ato-pela-educacao-no-centro-de-salvador2\/"},"author":{"name":"admsp","@id":"http:\/\/www.sindipetroba.org.br\/2019\/#\/schema\/person\/e61228ef9f981537d4c4eb80f6ea7713"},"headline":"Petroleiros se juntam aos cerca de 70 mil manifestantes em ato pela educa\u00e7\u00e3o, no centro de Salvador","datePublished":"2019-05-30T18:55:15+00:00","dateModified":"2019-06-05T13:37:45+00:00","mainEntityOfPage":{"@id":"http:\/\/www.sindipetroba.org.br\/2019\/petroleiros-se-juntam-aos-cerca-de-70-mil-manifestantes-em-ato-pela-educacao-no-centro-de-salvador2\/"},"wordCount":502,"publisher":{"@id":"http:\/\/www.sindipetroba.org.br\/2019\/#organization"},"image":{"@id":"http:\/\/www.sindipetroba.org.br\/2019\/petroleiros-se-juntam-aos-cerca-de-70-mil-manifestantes-em-ato-pela-educacao-no-centro-de-salvador2\/#primaryimage"},"thumbnailUrl":"http:\/\/www.sindipetroba.org.br\/2019\/wp-content\/uploads\/2019\/05\/jkl.jpg","keywords":["ato pela educacao","contra os cortes das universidades","reforma da previdencia","sindipetro bahia"],"articleSection":["Not\u00edcia"],"inLanguage":"pt-BR"},{"@type":"WebPage","@id":"http:\/\/www.sindipetroba.org.br\/2019\/petroleiros-se-juntam-aos-cerca-de-70-mil-manifestantes-em-ato-pela-educacao-no-centro-de-salvador2\/","url":"http:\/\/www.sindipetroba.org.br\/2019\/petroleiros-se-juntam-aos-cerca-de-70-mil-manifestantes-em-ato-pela-educacao-no-centro-de-salvador2\/","name":"Petroleiros se juntam aos cerca de 70 mil manifestantes em ato pela educa\u00e7\u00e3o, no centro de Salvador - Sindipetro BA","isPartOf":{"@id":"http:\/\/www.sindipetroba.org.br\/2019\/#website"},"primaryImageOfPage":{"@id":"http:\/\/www.sindipetroba.org.br\/2019\/petroleiros-se-juntam-aos-cerca-de-70-mil-manifestantes-em-ato-pela-educacao-no-centro-de-salvador2\/#primaryimage"},"image":{"@id":"http:\/\/www.sindipetroba.org.br\/2019\/petroleiros-se-juntam-aos-cerca-de-70-mil-manifestantes-em-ato-pela-educacao-no-centro-de-salvador2\/#primaryimage"},"thumbnailUrl":"http:\/\/www.sindipetroba.org.br\/2019\/wp-content\/uploads\/2019\/05\/jkl.jpg","datePublished":"2019-05-30T18:55:15+00:00","dateModified":"2019-06-05T13:37:45+00:00","breadcrumb":{"@id":"http:\/\/www.sindipetroba.org.br\/2019\/petroleiros-se-juntam-aos-cerca-de-70-mil-manifestantes-em-ato-pela-educacao-no-centro-de-salvador2\/#breadcrumb"},"inLanguage":"pt-BR","potentialAction":[{"@type":"ReadAction","target":["http:\/\/www.sindipetroba.org.br\/2019\/petroleiros-se-juntam-aos-cerca-de-70-mil-manifestantes-em-ato-pela-educacao-no-centro-de-salvador2\/"]}]},{"@type":"ImageObject","inLanguage":"pt-BR","@id":"http:\/\/www.sindipetroba.org.br\/2019\/petroleiros-se-juntam-aos-cerca-de-70-mil-manifestantes-em-ato-pela-educacao-no-centro-de-salvador2\/#primaryimage","url":"http:\/\/www.sindipetroba.org.br\/2019\/wp-content\/uploads\/2019\/05\/jkl.jpg","contentUrl":"http:\/\/www.sindipetroba.org.br\/2019\/wp-content\/uploads\/2019\/05\/jkl.jpg","width":750,"height":500},{"@type":"BreadcrumbList","@id":"http:\/\/www.sindipetroba.org.br\/2019\/petroleiros-se-juntam-aos-cerca-de-70-mil-manifestantes-em-ato-pela-educacao-no-centro-de-salvador2\/#breadcrumb","itemListElement":[{"@type":"ListItem","position":1,"name":"In\u00edcio","item":"http:\/\/www.sindipetroba.org.br\/2019\/"},{"@type":"ListItem","position":2,"name":"Petroleiros se juntam aos cerca de 70 mil manifestantes em ato pela educa\u00e7\u00e3o, no centro de Salvador"}]},{"@type":"WebSite","@id":"http:\/\/www.sindipetroba.org.br\/2019\/#website","url":"http:\/\/www.sindipetroba.org.br\/2019\/","name":"Sindipetro BA","description":"Sindicato dos Petroleiros e Petroleiras do Estado da Bahia","publisher":{"@id":"http:\/\/www.sindipetroba.org.br\/2019\/#organization"},"potentialAction":[{"@type":"SearchAction","target":{"@type":"EntryPoint","urlTemplate":"http:\/\/www.sindipetroba.org.br\/2019\/?s={search_term_string}"},"query-input":{"@type":"PropertyValueSpecification","valueRequired":true,"valueName":"search_term_string"}}],"inLanguage":"pt-BR"},{"@type":"Organization","@id":"http:\/\/www.sindipetroba.org.br\/2019\/#organization","name":"Sindipetro BA","url":"http:\/\/www.sindipetroba.org.br\/2019\/","logo":{"@type":"ImageObject","inLanguage":"pt-BR","@id":"http:\/\/www.sindipetroba.org.br\/2019\/#\/schema\/logo\/image\/","url":"http:\/\/www.sindipetroba.org.br\/2019\/wp-content\/uploads\/2019\/01\/sindipetro-marca-cor.png","contentUrl":"http:\/\/www.sindipetroba.org.br\/2019\/wp-content\/uploads\/2019\/01\/sindipetro-marca-cor.png","width":350,"height":126,"caption":"Sindipetro BA"},"image":{"@id":"http:\/\/www.sindipetroba.org.br\/2019\/#\/schema\/logo\/image\/"},"sameAs":["https:\/\/www.facebook.com\/sindipetroBa\/","https:\/\/x.com\/SindipetroBahia","https:\/\/www.instagram.com\/sindipetroba\/","https:\/\/www.youtube.com\/c\/SindipetroBahiaOficial"]},{"@type":"Person","@id":"http:\/\/www.sindipetroba.org.br\/2019\/#\/schema\/person\/e61228ef9f981537d4c4eb80f6ea7713","name":"admsp","image":{"@type":"ImageObject","inLanguage":"pt-BR","@id":"https:\/\/secure.gravatar.com\/avatar\/50f06e2b746fe9248099d2c61c12342ab36327e9d413e3171dd7033b84800d96?s=96&d=mm&r=g","url":"https:\/\/secure.gravatar.com\/avatar\/50f06e2b746fe9248099d2c61c12342ab36327e9d413e3171dd7033b84800d96?s=96&d=mm&r=g","contentUrl":"https:\/\/secure.gravatar.com\/avatar\/50f06e2b746fe9248099d2c61c12342ab36327e9d413e3171dd7033b84800d96?s=96&d=mm&r=g","caption":"admsp"}}]}},"_links":{"self":[{"href":"http:\/\/www.sindipetroba.org.br\/2019\/wp-json\/wp\/v2\/posts\/1899","targetHints":{"allow":["GET"]}}],"collection":[{"href":"http:\/\/www.sindipetroba.org.br\/2019\/wp-json\/wp\/v2\/posts"}],"about":[{"href":"http:\/\/www.sindipetroba.org.br\/2019\/wp-json\/wp\/v2\/types\/post"}],"author":[{"embeddable":true,"href":"http:\/\/www.sindipetroba.org.br\/2019\/wp-json\/wp\/v2\/users\/1"}],"replies":[{"embeddable":true,"href":"http:\/\/www.sindipetroba.org.br\/2019\/wp-json\/wp\/v2\/comments?post=1899"}],"version-history":[{"count":8,"href":"http:\/\/www.sindipetroba.org.br\/2019\/wp-json\/wp\/v2\/posts\/1899\/revisions"}],"predecessor-version":[{"id":2004,"href":"http:\/\/www.sindipetroba.org.br\/2019\/wp-json\/wp\/v2\/posts\/1899\/revisions\/2004"}],"wp:featuredmedia":[{"embeddable":true,"href":"http:\/\/www.sindipetroba.org.br\/2019\/wp-json\/wp\/v2\/media\/1939"}],"wp:attachment":[{"href":"http:\/\/www.sindipetroba.org.br\/2019\/wp-json\/wp\/v2\/media?parent=1899"}],"wp:term":[{"taxonomy":"category","embeddable":true,"href":"http:\/\/www.sindipetroba.org.br\/2019\/wp-json\/wp\/v2\/categories?post=1899"},{"taxonomy":"post_tag","embeddable":true,"href":"http:\/\/www.sindipetroba.org.br\/2019\/wp-json\/wp\/v2\/tags?post=1899"}],"curies":[{"name":"wp","href":"https:\/\/api.w.org\/{rel}","templated":true}]}}