{"id":1952,"date":"2019-06-03T09:56:38","date_gmt":"2019-06-03T12:56:38","guid":{"rendered":"http:\/\/www.sindipetroba.org.br\/2019\/?p=1952"},"modified":"2019-06-05T11:53:49","modified_gmt":"2019-06-05T14:53:49","slug":"lula-ao-festival-nada-mais-perigoso-do-que-um-povo-que-canta-e-e-feliz1","status":"publish","type":"post","link":"http:\/\/www.sindipetroba.org.br\/2019\/lula-ao-festival-nada-mais-perigoso-do-que-um-povo-que-canta-e-e-feliz1\/","title":{"rendered":"Lula, ao festival: nada mais \u2018perigoso\u2019 do que um povo que canta e \u00e9 feliz"},"content":{"rendered":"<p>Coube ao ex-presidente Luiz In\u00e1cio Lula da Silva o ato final do\u00a0<a href=\"https:\/\/www.redebrasilatual.com.br\/destaques\/2019\/05\/em-defesa-da-democracia-artistas-se-reunem-em-sao-paulo-no-festival-lula-livre\/\" target=\"_blank\" rel=\"noopener noreferrer\">Festival Lula Livre<\/a>, que reuniu neste domingo mais de 30 artistas no palco montado na Pra\u00e7a da Rep\u00fablica \u2013 hoje, a \u201cPra\u00e7a da Democracia\u201d, segundo a definiu o homenageado.<\/p>\n<p>Depois de quase oito horas de m\u00fasica,\u00a0Thiago Trindade Lula da Silva, neto de Lula, leu mensagem enviada pelo av\u00f4. \u201cEsse ato \u00e9 na verdade um grito de liberdade que estava preso em nossas gargantas. Mais que um grito, um canto de liberdade (\u2026) O cantos dos estudantes, que\u00a0<a href=\"https:\/\/www.redebrasilatual.com.br\/educacao\/2019\/05\/30m-traz-segundo-tsunami-pela-educacao-em-duas-semanas\/\" target=\"_blank\" rel=\"noopener noreferrer\">n\u00e3o aceitam nenhum retrocesso na educa\u00e7\u00e3o<\/a>. O canto das mulheres, que n\u00e3o aceitam abrir m\u00e3o de nenhuma conquista hist\u00f3rica. O canto da juventude, que n\u00e3o aceita que lhe roubem os sonhos\u201d, diz a carta.<\/p>\n<p>Dif\u00edcil n\u00e3o comparar a edi\u00e7\u00e3o paulista da\u00a0<a href=\"https:\/\/www.redebrasilatual.com.br\/politica\/2018\/07\/chico-buarque-e-gilberto-gil-encerram-festival-lula-livre-no-rio-com-aquele-abraco\/\" target=\"_blank\" rel=\"noopener noreferrer\">vers\u00e3o carioca<\/a>\u00a0do Festival Lula Livre, realizada em julho do ano passado, no centro do Rio de Janeiro. A diferen\u00e7a mais n\u00edtida ficou por conta do clima. Enquanto o festival do Rio teve como cen\u00e1rio o c\u00e9u azul claro de cart\u00e3o postal sobre os Arcos da Lapa, o show do centro paulistano desafiou o c\u00e9u acinzentado pelas nuvens que insistiam em regar a pra\u00e7a e as cerca de\u00a080 mil pessoas que por ali passaram, na avalia\u00e7\u00e3o dos organizadores.<\/p>\n<p>No mais, ambos os eventos se assemelharam em g\u00eanero, n\u00famero, diversidade de ritmos, p\u00fablico e na sensa\u00e7\u00e3o de que est\u00e3o todos do mesmo lado, numa trincheira animada de luta que re\u00fane estudantes, professores, trabalhadores, artistas, gente jovem e das antigas. Todos por um Brasil democr\u00e1tico, cidad\u00e3o, mais humano, inclusivo, alegre.<\/p>\n<p>\u201cNada mais perigoso para nossos advers\u00e1rios que um povo que canta e \u00e9 feliz. Que faz da arte e da cultura instrumentos de resist\u00eancia. Vamos ent\u00e3o \u00e0 luta, sem medo de sermos felizes, com a certeza que o amor sempre vence\u201d, disse Lula, pela voz de Thiago. O neto, com voz firme e punho cerrado, encerra o texto com uma frase que levou muitos aos prantos \u2013 \u201cum abra\u00e7o, com muita saudade e a vontade imensa de estar a\u00ed\u201d. Leia a \u00edntegra:<\/p>\n<p><em>Agrade\u00e7o de cora\u00e7\u00e3o a cada uma e a cada um de voc\u00eas, artistas e p\u00fablico, que nesse 2 de junho fazem da pra\u00e7a da Rep\u00fablica a Pra\u00e7a da Democracia. Embora tenha o nome de \u201cFestival Lula Livre\u201d, sei que esse \u00e9 muito mais que um ato de solidariedade a um preso pol\u00edtico. O que voc\u00eas exigem \u00e9 muito mais que a liberdade do Lula. \u00c9 a liberdade de um povo que n\u00e3o aceita mais ser prisioneiro do \u00f3dio, da gan\u00e2ncia e do obscurantismo.<\/em><\/p>\n<p><em>Esse ato \u00e9 na verdade um grito de liberdade que estava preso em nossas gargantas. Mais que um grito, um canto de liberdade. O canto dos trabalhadores que n\u00e3o aceitam mais o desemprego e a perda de seus direitos. O cantos dos estudantes, que n\u00e3o aceitam nenhum retrocesso na educa\u00e7\u00e3o. O canto das mulheres, que n\u00e3o aceitam abrir m\u00e3o de nenhuma conquista hist\u00f3rica. O canto da juventude, que n\u00e3o aceita que lhe roubem os sonhos, e da juventude negra em particular, que n\u00e3o aceita mais ser exterminada. O canto dos que ousam sonhar, e transformam sonhos em realidade.<\/em><\/p>\n<p><em>Boa parte de voc\u00eas que a\u00ed est\u00e3o, artistas e p\u00fablico, felizmente n\u00e3o viveram os horrores da ditadura civil e militar instalada em 1964, essa que alguns querem implantar de novo no Brasil. Foi um tempo em que a luta contra a censura podia ser traduzida em can\u00e7\u00f5es que diziam assim: \u201cVoc\u00ea corta um verso, eu escrevo outro\u201d.<\/em><\/p>\n<p><em>Foi com muita luta que conseguimos acabar com a censura neste pa\u00eds. E n\u00e3o vamos aceitar essa outra forma de censura, que \u00e9 a tentativa de acabar com as fontes de financiamento da arte e da cultura. Que n\u00e3o vamos aceitar a tentativa de censurar o pensamento cr\u00edtico, estrangulando as universidades.<\/em><\/p>\n<p><em>Se eles arrancam nossas faixas, n\u00f3s escrevemos e botamos outras no lugar. E vamos continuar ocupando as ruas em defesa da educa\u00e7\u00e3o, da sa\u00fade, p\u00fablicas e de qualidade; das oportunidades para todas e todos; contra todas as formas de desigualdade e de retrocesso.<\/em><\/p>\n<p><em>Nossos advers\u00e1rios querem mais armas e menos livros, menos m\u00fasica, menos dan\u00e7a, menos teatro e menos cinema. E n\u00f3s insistimos em ler, escrever, cantar e dan\u00e7ar, insistimos em ir ao teatro e fazer cinema.<\/em><\/p>\n<p><em>Nada mais perigoso para nossos advers\u00e1rios que um povo que canta e \u00e9 feliz. Que faz da arte e da cultura instrumentos de resist\u00eancia. Vamos ent\u00e3o \u00e0 luta, sem medo de sermos felizes, com a certeza que o amor sempre vence.<\/em><\/p>\n<p><em>Um abra\u00e7o, com muita saudade e a vontade imensa de estar a\u00ed,<\/em><\/p>\n<p><em>Lula<\/em><\/p>\n<p>&nbsp;<\/p>\n<p><iframe loading=\"lazy\" src=\"https:\/\/www.youtube.com\/embed\/EtvypDiEaX0\" width=\"560\" height=\"315\" frameborder=\"0\" allowfullscreen=\"allowfullscreen\" data-mce-fragment=\"1\"><\/iframe><\/p>\n<p>&nbsp;<\/p>\n<p>FONTE: CUT<\/p>\n","protected":false},"excerpt":{"rendered":"Coube ao ex-presidente Luiz In\u00e1cio Lula da Silva o ato final do\u00a0Festival Lula Livre, que reuniu neste domingo mais de 30 artistas no palco montado na Pra\u00e7a da Rep\u00fablica \u2013 hoje, a \u201cPra\u00e7a da Democracia\u201d, segundo a definiu o homenageado. Depois de quase oito horas de m\u00fasica,\u00a0Thiago Trindade Lula da Silva, neto de Lula, leu&#8230; <a class=\"view-article\" href=\"http:\/\/www.sindipetroba.org.br\/2019\/lula-ao-festival-nada-mais-perigoso-do-que-um-povo-que-canta-e-e-feliz1\/\">Ver artigo<\/a>","protected":false},"author":1,"featured_media":1955,"comment_status":"closed","ping_status":"open","sticky":false,"template":"","format":"standard","meta":{"_et_pb_use_builder":"","_et_pb_old_content":"","_et_gb_content_width":"","footnotes":""},"categories":[1],"tags":[53,58,30],"class_list":["post-1952","post","type-post","status-publish","format-standard","has-post-thumbnail","hentry","category-noticia","tag-cut","tag-lula","tag-sindipetro-bahia"],"yoast_head":"<!-- This site is optimized with the Yoast SEO plugin v27.3 - https:\/\/yoast.com\/product\/yoast-seo-wordpress\/ -->\n<title>Lula, ao festival: nada mais \u2018perigoso\u2019 do que um povo que canta e \u00e9 feliz - Sindipetro BA<\/title>\n<meta name=\"robots\" content=\"index, follow, max-snippet:-1, max-image-preview:large, max-video-preview:-1\" \/>\n<link rel=\"canonical\" href=\"http:\/\/www.sindipetroba.org.br\/2019\/lula-ao-festival-nada-mais-perigoso-do-que-um-povo-que-canta-e-e-feliz1\/\" \/>\n<meta property=\"og:locale\" content=\"pt_BR\" \/>\n<meta property=\"og:type\" content=\"article\" \/>\n<meta property=\"og:title\" content=\"Lula, ao festival: nada mais \u2018perigoso\u2019 do que um povo que canta e \u00e9 feliz - Sindipetro BA\" \/>\n<meta property=\"og:description\" content=\"Coube ao ex-presidente Luiz In\u00e1cio Lula da Silva o ato final do\u00a0Festival Lula Livre, que reuniu neste domingo mais de 30 artistas no palco montado na Pra\u00e7a da Rep\u00fablica \u2013 hoje, a \u201cPra\u00e7a da Democracia\u201d, segundo a definiu o homenageado. Depois de quase oito horas de m\u00fasica,\u00a0Thiago Trindade Lula da Silva, neto de Lula, leu... Ver artigo\" \/>\n<meta property=\"og:url\" content=\"http:\/\/www.sindipetroba.org.br\/2019\/lula-ao-festival-nada-mais-perigoso-do-que-um-povo-que-canta-e-e-feliz1\/\" \/>\n<meta property=\"og:site_name\" content=\"Sindipetro BA\" \/>\n<meta property=\"article:publisher\" content=\"https:\/\/www.facebook.com\/sindipetroBa\/\" \/>\n<meta property=\"article:published_time\" content=\"2019-06-03T12:56:38+00:00\" \/>\n<meta property=\"article:modified_time\" content=\"2019-06-05T14:53:49+00:00\" \/>\n<meta property=\"og:image\" content=\"http:\/\/www.sindipetroba.org.br\/2019\/wp-content\/uploads\/2019\/06\/ok.jpg\" \/>\n\t<meta property=\"og:image:width\" content=\"650\" \/>\n\t<meta property=\"og:image:height\" content=\"427\" \/>\n\t<meta property=\"og:image:type\" content=\"image\/jpeg\" \/>\n<meta name=\"author\" content=\"admsp\" \/>\n<meta name=\"twitter:card\" content=\"summary_large_image\" \/>\n<meta name=\"twitter:creator\" content=\"@SindipetroBahia\" \/>\n<meta name=\"twitter:site\" content=\"@SindipetroBahia\" \/>\n<meta name=\"twitter:label1\" content=\"Escrito por\" \/>\n\t<meta name=\"twitter:data1\" content=\"admsp\" \/>\n\t<meta name=\"twitter:label2\" content=\"Est. tempo de leitura\" \/>\n\t<meta name=\"twitter:data2\" content=\"4 minutos\" \/>\n<script type=\"application\/ld+json\" class=\"yoast-schema-graph\">{\"@context\":\"https:\\\/\\\/schema.org\",\"@graph\":[{\"@type\":\"Article\",\"@id\":\"http:\\\/\\\/www.sindipetroba.org.br\\\/2019\\\/lula-ao-festival-nada-mais-perigoso-do-que-um-povo-que-canta-e-e-feliz1\\\/#article\",\"isPartOf\":{\"@id\":\"http:\\\/\\\/www.sindipetroba.org.br\\\/2019\\\/lula-ao-festival-nada-mais-perigoso-do-que-um-povo-que-canta-e-e-feliz1\\\/\"},\"author\":{\"name\":\"admsp\",\"@id\":\"http:\\\/\\\/www.sindipetroba.org.br\\\/2019\\\/#\\\/schema\\\/person\\\/e61228ef9f981537d4c4eb80f6ea7713\"},\"headline\":\"Lula, ao festival: nada mais \u2018perigoso\u2019 do que um povo que canta e \u00e9 feliz\",\"datePublished\":\"2019-06-03T12:56:38+00:00\",\"dateModified\":\"2019-06-05T14:53:49+00:00\",\"mainEntityOfPage\":{\"@id\":\"http:\\\/\\\/www.sindipetroba.org.br\\\/2019\\\/lula-ao-festival-nada-mais-perigoso-do-que-um-povo-que-canta-e-e-feliz1\\\/\"},\"wordCount\":839,\"publisher\":{\"@id\":\"http:\\\/\\\/www.sindipetroba.org.br\\\/2019\\\/#organization\"},\"image\":{\"@id\":\"http:\\\/\\\/www.sindipetroba.org.br\\\/2019\\\/lula-ao-festival-nada-mais-perigoso-do-que-um-povo-que-canta-e-e-feliz1\\\/#primaryimage\"},\"thumbnailUrl\":\"http:\\\/\\\/www.sindipetroba.org.br\\\/2019\\\/wp-content\\\/uploads\\\/2019\\\/06\\\/ok.jpg\",\"keywords\":[\"CUT\",\"Lula\",\"sindipetro bahia\"],\"articleSection\":[\"Not\u00edcia\"],\"inLanguage\":\"pt-BR\"},{\"@type\":\"WebPage\",\"@id\":\"http:\\\/\\\/www.sindipetroba.org.br\\\/2019\\\/lula-ao-festival-nada-mais-perigoso-do-que-um-povo-que-canta-e-e-feliz1\\\/\",\"url\":\"http:\\\/\\\/www.sindipetroba.org.br\\\/2019\\\/lula-ao-festival-nada-mais-perigoso-do-que-um-povo-que-canta-e-e-feliz1\\\/\",\"name\":\"Lula, ao festival: nada mais \u2018perigoso\u2019 do que um povo que canta e \u00e9 feliz - Sindipetro BA\",\"isPartOf\":{\"@id\":\"http:\\\/\\\/www.sindipetroba.org.br\\\/2019\\\/#website\"},\"primaryImageOfPage\":{\"@id\":\"http:\\\/\\\/www.sindipetroba.org.br\\\/2019\\\/lula-ao-festival-nada-mais-perigoso-do-que-um-povo-que-canta-e-e-feliz1\\\/#primaryimage\"},\"image\":{\"@id\":\"http:\\\/\\\/www.sindipetroba.org.br\\\/2019\\\/lula-ao-festival-nada-mais-perigoso-do-que-um-povo-que-canta-e-e-feliz1\\\/#primaryimage\"},\"thumbnailUrl\":\"http:\\\/\\\/www.sindipetroba.org.br\\\/2019\\\/wp-content\\\/uploads\\\/2019\\\/06\\\/ok.jpg\",\"datePublished\":\"2019-06-03T12:56:38+00:00\",\"dateModified\":\"2019-06-05T14:53:49+00:00\",\"breadcrumb\":{\"@id\":\"http:\\\/\\\/www.sindipetroba.org.br\\\/2019\\\/lula-ao-festival-nada-mais-perigoso-do-que-um-povo-que-canta-e-e-feliz1\\\/#breadcrumb\"},\"inLanguage\":\"pt-BR\",\"potentialAction\":[{\"@type\":\"ReadAction\",\"target\":[\"http:\\\/\\\/www.sindipetroba.org.br\\\/2019\\\/lula-ao-festival-nada-mais-perigoso-do-que-um-povo-que-canta-e-e-feliz1\\\/\"]}]},{\"@type\":\"ImageObject\",\"inLanguage\":\"pt-BR\",\"@id\":\"http:\\\/\\\/www.sindipetroba.org.br\\\/2019\\\/lula-ao-festival-nada-mais-perigoso-do-que-um-povo-que-canta-e-e-feliz1\\\/#primaryimage\",\"url\":\"http:\\\/\\\/www.sindipetroba.org.br\\\/2019\\\/wp-content\\\/uploads\\\/2019\\\/06\\\/ok.jpg\",\"contentUrl\":\"http:\\\/\\\/www.sindipetroba.org.br\\\/2019\\\/wp-content\\\/uploads\\\/2019\\\/06\\\/ok.jpg\",\"width\":650,\"height\":427},{\"@type\":\"BreadcrumbList\",\"@id\":\"http:\\\/\\\/www.sindipetroba.org.br\\\/2019\\\/lula-ao-festival-nada-mais-perigoso-do-que-um-povo-que-canta-e-e-feliz1\\\/#breadcrumb\",\"itemListElement\":[{\"@type\":\"ListItem\",\"position\":1,\"name\":\"In\u00edcio\",\"item\":\"http:\\\/\\\/www.sindipetroba.org.br\\\/2019\\\/\"},{\"@type\":\"ListItem\",\"position\":2,\"name\":\"Lula, ao festival: nada mais \u2018perigoso\u2019 do que um povo que canta e \u00e9 feliz\"}]},{\"@type\":\"WebSite\",\"@id\":\"http:\\\/\\\/www.sindipetroba.org.br\\\/2019\\\/#website\",\"url\":\"http:\\\/\\\/www.sindipetroba.org.br\\\/2019\\\/\",\"name\":\"Sindipetro BA\",\"description\":\"Sindicato dos Petroleiros e Petroleiras do Estado da Bahia\",\"publisher\":{\"@id\":\"http:\\\/\\\/www.sindipetroba.org.br\\\/2019\\\/#organization\"},\"potentialAction\":[{\"@type\":\"SearchAction\",\"target\":{\"@type\":\"EntryPoint\",\"urlTemplate\":\"http:\\\/\\\/www.sindipetroba.org.br\\\/2019\\\/?s={search_term_string}\"},\"query-input\":{\"@type\":\"PropertyValueSpecification\",\"valueRequired\":true,\"valueName\":\"search_term_string\"}}],\"inLanguage\":\"pt-BR\"},{\"@type\":\"Organization\",\"@id\":\"http:\\\/\\\/www.sindipetroba.org.br\\\/2019\\\/#organization\",\"name\":\"Sindipetro BA\",\"url\":\"http:\\\/\\\/www.sindipetroba.org.br\\\/2019\\\/\",\"logo\":{\"@type\":\"ImageObject\",\"inLanguage\":\"pt-BR\",\"@id\":\"http:\\\/\\\/www.sindipetroba.org.br\\\/2019\\\/#\\\/schema\\\/logo\\\/image\\\/\",\"url\":\"http:\\\/\\\/www.sindipetroba.org.br\\\/2019\\\/wp-content\\\/uploads\\\/2019\\\/01\\\/sindipetro-marca-cor.png\",\"contentUrl\":\"http:\\\/\\\/www.sindipetroba.org.br\\\/2019\\\/wp-content\\\/uploads\\\/2019\\\/01\\\/sindipetro-marca-cor.png\",\"width\":350,\"height\":126,\"caption\":\"Sindipetro BA\"},\"image\":{\"@id\":\"http:\\\/\\\/www.sindipetroba.org.br\\\/2019\\\/#\\\/schema\\\/logo\\\/image\\\/\"},\"sameAs\":[\"https:\\\/\\\/www.facebook.com\\\/sindipetroBa\\\/\",\"https:\\\/\\\/x.com\\\/SindipetroBahia\",\"https:\\\/\\\/www.instagram.com\\\/sindipetroba\\\/\",\"https:\\\/\\\/www.youtube.com\\\/c\\\/SindipetroBahiaOficial\"]},{\"@type\":\"Person\",\"@id\":\"http:\\\/\\\/www.sindipetroba.org.br\\\/2019\\\/#\\\/schema\\\/person\\\/e61228ef9f981537d4c4eb80f6ea7713\",\"name\":\"admsp\",\"image\":{\"@type\":\"ImageObject\",\"inLanguage\":\"pt-BR\",\"@id\":\"https:\\\/\\\/secure.gravatar.com\\\/avatar\\\/50f06e2b746fe9248099d2c61c12342ab36327e9d413e3171dd7033b84800d96?s=96&d=mm&r=g\",\"url\":\"https:\\\/\\\/secure.gravatar.com\\\/avatar\\\/50f06e2b746fe9248099d2c61c12342ab36327e9d413e3171dd7033b84800d96?s=96&d=mm&r=g\",\"contentUrl\":\"https:\\\/\\\/secure.gravatar.com\\\/avatar\\\/50f06e2b746fe9248099d2c61c12342ab36327e9d413e3171dd7033b84800d96?s=96&d=mm&r=g\",\"caption\":\"admsp\"}}]}<\/script>\n<!-- \/ Yoast SEO plugin. -->","yoast_head_json":{"title":"Lula, ao festival: nada mais \u2018perigoso\u2019 do que um povo que canta e \u00e9 feliz - Sindipetro BA","robots":{"index":"index","follow":"follow","max-snippet":"max-snippet:-1","max-image-preview":"max-image-preview:large","max-video-preview":"max-video-preview:-1"},"canonical":"http:\/\/www.sindipetroba.org.br\/2019\/lula-ao-festival-nada-mais-perigoso-do-que-um-povo-que-canta-e-e-feliz1\/","og_locale":"pt_BR","og_type":"article","og_title":"Lula, ao festival: nada mais \u2018perigoso\u2019 do que um povo que canta e \u00e9 feliz - Sindipetro BA","og_description":"Coube ao ex-presidente Luiz In\u00e1cio Lula da Silva o ato final do\u00a0Festival Lula Livre, que reuniu neste domingo mais de 30 artistas no palco montado na Pra\u00e7a da Rep\u00fablica \u2013 hoje, a \u201cPra\u00e7a da Democracia\u201d, segundo a definiu o homenageado. Depois de quase oito horas de m\u00fasica,\u00a0Thiago Trindade Lula da Silva, neto de Lula, leu... Ver artigo","og_url":"http:\/\/www.sindipetroba.org.br\/2019\/lula-ao-festival-nada-mais-perigoso-do-que-um-povo-que-canta-e-e-feliz1\/","og_site_name":"Sindipetro BA","article_publisher":"https:\/\/www.facebook.com\/sindipetroBa\/","article_published_time":"2019-06-03T12:56:38+00:00","article_modified_time":"2019-06-05T14:53:49+00:00","og_image":[{"width":650,"height":427,"url":"http:\/\/www.sindipetroba.org.br\/2019\/wp-content\/uploads\/2019\/06\/ok.jpg","type":"image\/jpeg"}],"author":"admsp","twitter_card":"summary_large_image","twitter_creator":"@SindipetroBahia","twitter_site":"@SindipetroBahia","twitter_misc":{"Escrito por":"admsp","Est. tempo de leitura":"4 minutos"},"schema":{"@context":"https:\/\/schema.org","@graph":[{"@type":"Article","@id":"http:\/\/www.sindipetroba.org.br\/2019\/lula-ao-festival-nada-mais-perigoso-do-que-um-povo-que-canta-e-e-feliz1\/#article","isPartOf":{"@id":"http:\/\/www.sindipetroba.org.br\/2019\/lula-ao-festival-nada-mais-perigoso-do-que-um-povo-que-canta-e-e-feliz1\/"},"author":{"name":"admsp","@id":"http:\/\/www.sindipetroba.org.br\/2019\/#\/schema\/person\/e61228ef9f981537d4c4eb80f6ea7713"},"headline":"Lula, ao festival: nada mais \u2018perigoso\u2019 do que um povo que canta e \u00e9 feliz","datePublished":"2019-06-03T12:56:38+00:00","dateModified":"2019-06-05T14:53:49+00:00","mainEntityOfPage":{"@id":"http:\/\/www.sindipetroba.org.br\/2019\/lula-ao-festival-nada-mais-perigoso-do-que-um-povo-que-canta-e-e-feliz1\/"},"wordCount":839,"publisher":{"@id":"http:\/\/www.sindipetroba.org.br\/2019\/#organization"},"image":{"@id":"http:\/\/www.sindipetroba.org.br\/2019\/lula-ao-festival-nada-mais-perigoso-do-que-um-povo-que-canta-e-e-feliz1\/#primaryimage"},"thumbnailUrl":"http:\/\/www.sindipetroba.org.br\/2019\/wp-content\/uploads\/2019\/06\/ok.jpg","keywords":["CUT","Lula","sindipetro bahia"],"articleSection":["Not\u00edcia"],"inLanguage":"pt-BR"},{"@type":"WebPage","@id":"http:\/\/www.sindipetroba.org.br\/2019\/lula-ao-festival-nada-mais-perigoso-do-que-um-povo-que-canta-e-e-feliz1\/","url":"http:\/\/www.sindipetroba.org.br\/2019\/lula-ao-festival-nada-mais-perigoso-do-que-um-povo-que-canta-e-e-feliz1\/","name":"Lula, ao festival: nada mais \u2018perigoso\u2019 do que um povo que canta e \u00e9 feliz - Sindipetro BA","isPartOf":{"@id":"http:\/\/www.sindipetroba.org.br\/2019\/#website"},"primaryImageOfPage":{"@id":"http:\/\/www.sindipetroba.org.br\/2019\/lula-ao-festival-nada-mais-perigoso-do-que-um-povo-que-canta-e-e-feliz1\/#primaryimage"},"image":{"@id":"http:\/\/www.sindipetroba.org.br\/2019\/lula-ao-festival-nada-mais-perigoso-do-que-um-povo-que-canta-e-e-feliz1\/#primaryimage"},"thumbnailUrl":"http:\/\/www.sindipetroba.org.br\/2019\/wp-content\/uploads\/2019\/06\/ok.jpg","datePublished":"2019-06-03T12:56:38+00:00","dateModified":"2019-06-05T14:53:49+00:00","breadcrumb":{"@id":"http:\/\/www.sindipetroba.org.br\/2019\/lula-ao-festival-nada-mais-perigoso-do-que-um-povo-que-canta-e-e-feliz1\/#breadcrumb"},"inLanguage":"pt-BR","potentialAction":[{"@type":"ReadAction","target":["http:\/\/www.sindipetroba.org.br\/2019\/lula-ao-festival-nada-mais-perigoso-do-que-um-povo-que-canta-e-e-feliz1\/"]}]},{"@type":"ImageObject","inLanguage":"pt-BR","@id":"http:\/\/www.sindipetroba.org.br\/2019\/lula-ao-festival-nada-mais-perigoso-do-que-um-povo-que-canta-e-e-feliz1\/#primaryimage","url":"http:\/\/www.sindipetroba.org.br\/2019\/wp-content\/uploads\/2019\/06\/ok.jpg","contentUrl":"http:\/\/www.sindipetroba.org.br\/2019\/wp-content\/uploads\/2019\/06\/ok.jpg","width":650,"height":427},{"@type":"BreadcrumbList","@id":"http:\/\/www.sindipetroba.org.br\/2019\/lula-ao-festival-nada-mais-perigoso-do-que-um-povo-que-canta-e-e-feliz1\/#breadcrumb","itemListElement":[{"@type":"ListItem","position":1,"name":"In\u00edcio","item":"http:\/\/www.sindipetroba.org.br\/2019\/"},{"@type":"ListItem","position":2,"name":"Lula, ao festival: nada mais \u2018perigoso\u2019 do que um povo que canta e \u00e9 feliz"}]},{"@type":"WebSite","@id":"http:\/\/www.sindipetroba.org.br\/2019\/#website","url":"http:\/\/www.sindipetroba.org.br\/2019\/","name":"Sindipetro BA","description":"Sindicato dos Petroleiros e Petroleiras do Estado da Bahia","publisher":{"@id":"http:\/\/www.sindipetroba.org.br\/2019\/#organization"},"potentialAction":[{"@type":"SearchAction","target":{"@type":"EntryPoint","urlTemplate":"http:\/\/www.sindipetroba.org.br\/2019\/?s={search_term_string}"},"query-input":{"@type":"PropertyValueSpecification","valueRequired":true,"valueName":"search_term_string"}}],"inLanguage":"pt-BR"},{"@type":"Organization","@id":"http:\/\/www.sindipetroba.org.br\/2019\/#organization","name":"Sindipetro BA","url":"http:\/\/www.sindipetroba.org.br\/2019\/","logo":{"@type":"ImageObject","inLanguage":"pt-BR","@id":"http:\/\/www.sindipetroba.org.br\/2019\/#\/schema\/logo\/image\/","url":"http:\/\/www.sindipetroba.org.br\/2019\/wp-content\/uploads\/2019\/01\/sindipetro-marca-cor.png","contentUrl":"http:\/\/www.sindipetroba.org.br\/2019\/wp-content\/uploads\/2019\/01\/sindipetro-marca-cor.png","width":350,"height":126,"caption":"Sindipetro BA"},"image":{"@id":"http:\/\/www.sindipetroba.org.br\/2019\/#\/schema\/logo\/image\/"},"sameAs":["https:\/\/www.facebook.com\/sindipetroBa\/","https:\/\/x.com\/SindipetroBahia","https:\/\/www.instagram.com\/sindipetroba\/","https:\/\/www.youtube.com\/c\/SindipetroBahiaOficial"]},{"@type":"Person","@id":"http:\/\/www.sindipetroba.org.br\/2019\/#\/schema\/person\/e61228ef9f981537d4c4eb80f6ea7713","name":"admsp","image":{"@type":"ImageObject","inLanguage":"pt-BR","@id":"https:\/\/secure.gravatar.com\/avatar\/50f06e2b746fe9248099d2c61c12342ab36327e9d413e3171dd7033b84800d96?s=96&d=mm&r=g","url":"https:\/\/secure.gravatar.com\/avatar\/50f06e2b746fe9248099d2c61c12342ab36327e9d413e3171dd7033b84800d96?s=96&d=mm&r=g","contentUrl":"https:\/\/secure.gravatar.com\/avatar\/50f06e2b746fe9248099d2c61c12342ab36327e9d413e3171dd7033b84800d96?s=96&d=mm&r=g","caption":"admsp"}}]}},"_links":{"self":[{"href":"http:\/\/www.sindipetroba.org.br\/2019\/wp-json\/wp\/v2\/posts\/1952","targetHints":{"allow":["GET"]}}],"collection":[{"href":"http:\/\/www.sindipetroba.org.br\/2019\/wp-json\/wp\/v2\/posts"}],"about":[{"href":"http:\/\/www.sindipetroba.org.br\/2019\/wp-json\/wp\/v2\/types\/post"}],"author":[{"embeddable":true,"href":"http:\/\/www.sindipetroba.org.br\/2019\/wp-json\/wp\/v2\/users\/1"}],"replies":[{"embeddable":true,"href":"http:\/\/www.sindipetroba.org.br\/2019\/wp-json\/wp\/v2\/comments?post=1952"}],"version-history":[{"count":2,"href":"http:\/\/www.sindipetroba.org.br\/2019\/wp-json\/wp\/v2\/posts\/1952\/revisions"}],"predecessor-version":[{"id":2032,"href":"http:\/\/www.sindipetroba.org.br\/2019\/wp-json\/wp\/v2\/posts\/1952\/revisions\/2032"}],"wp:featuredmedia":[{"embeddable":true,"href":"http:\/\/www.sindipetroba.org.br\/2019\/wp-json\/wp\/v2\/media\/1955"}],"wp:attachment":[{"href":"http:\/\/www.sindipetroba.org.br\/2019\/wp-json\/wp\/v2\/media?parent=1952"}],"wp:term":[{"taxonomy":"category","embeddable":true,"href":"http:\/\/www.sindipetroba.org.br\/2019\/wp-json\/wp\/v2\/categories?post=1952"},{"taxonomy":"post_tag","embeddable":true,"href":"http:\/\/www.sindipetroba.org.br\/2019\/wp-json\/wp\/v2\/tags?post=1952"}],"curies":[{"name":"wp","href":"https:\/\/api.w.org\/{rel}","templated":true}]}}