{"id":21127,"date":"2023-06-17T19:10:15","date_gmt":"2023-06-17T22:10:15","guid":{"rendered":"http:\/\/www.sindipetroba.org.br\/2019\/?p=21127"},"modified":"2023-06-17T19:10:15","modified_gmt":"2023-06-17T22:10:15","slug":"diversidade-e-combate-as-opressoes-no-mundo-do-trabalho-foram-temas-de-destaque-no-xii-congresso-ds-petroleirs-da-bahia","status":"publish","type":"post","link":"http:\/\/www.sindipetroba.org.br\/2019\/diversidade-e-combate-as-opressoes-no-mundo-do-trabalho-foram-temas-de-destaque-no-xii-congresso-ds-petroleirs-da-bahia\/","title":{"rendered":"Diversidade e combate \u00e0s opress\u00f5es no mundo do trabalho foram temas de destaque no XII Congresso d@s Petroleir@s da Bahia"},"content":{"rendered":"<p>Qual o projeto de desenvolvimento social que queremos para o Brasil? Esta pergunta serviu de norte no debate sobre diversidade e combate \u00e0s opress\u00f5es no mundo do trabalho, que abriu a tarde de s\u00e1bado (17), no XII Congresso dos Petroleiros e Petroleiras da Bahia.<\/p>\n<p>A inclus\u00e3o de todos e todas \u2013 negros, negras, lgbts e mulheres &#8211; e o respeito \u00e0 diversidade foram apontados como pontos fundamentais para a constru\u00e7\u00e3o de uma sociedade igualit\u00e1ria e justa em um pa\u00eds que, desde a sua cria\u00e7\u00e3o, tem marcas profundas de desigualdade.<\/p>\n<p>Mas para o cientista pol\u00edtico e educador da Escola Sindical Nordeste da CUT, Artur N\u00f3brega \u201cn\u00e3o basta ser apenas antirracista, anti-LGBTfobia, antimis\u00f3gino, n\u00f3s precisamos discutir um projeto de desenvolvimento nacional que d\u00ea ao nosso povo tudo aquilo que \u00e9 dele, ou seja, tudo aquilo que ele produz. E para isso tem de ser nada de n\u00f3s sem n\u00f3s. Ou a gente emancipa toda a sociedade ou alguns v\u00e3o ter historicamente o lugar da mis\u00e9ria como fim das suas vidas\u201d enfatizou.<\/p>\n<p>Para N\u00f3brega, n\u00e3o h\u00e1 como discutir o mundo do trabalho se n\u00e3o houver o entendimento que esse pa\u00eds vem de uma origem escravocrata, que mant\u00e9m at\u00e9 hoje as piores condi\u00e7\u00f5es de trabalho para os negros, onde mulheres recebem menos do que os homens e pessoas trans s\u00e3o discriminadas e raramente conseguem uma vaga no mercado formal de trabalho. \u201cEstamos falando de radicalizar a democracia, pois n\u00e3o h\u00e1 possibilidade de democracia se os negros e as negras, as mulheres e os LGBTs n\u00e3o estiverem inclu\u00eddos\u201d, concluiu.<\/p>\n<p>B\u00e1rbara Bezerra, diretora do Sindipetro NF, falou sobre g\u00eanero e trabalho, destacando que o g\u00eanero nada mais \u00e9 do que uma constru\u00e7\u00e3o social para distinguir o masculino e o feminino, determinando uma hierarquia entre os g\u00eaneros. \u201cPrecisamos lembrar de uma coisa muito importante: a hist\u00f3ria do Brasil \u00e9 escrita por homens brancos que venceram. H\u00e1 um silenciamento e apagamento das figuras femininas na nossa hist\u00f3ria e das pessoas negras tamb\u00e9m\u201d, afirmou.<\/p>\n<p>Ela deu exemplos de v\u00e1rias mulheres revolucion\u00e1rias que n\u00e3o est\u00e3o ou n\u00e3o encontram destaque nos livros de hist\u00f3ria como Tereza de Benguela (l\u00edder de um quilombo no s\u00e9culo 18), B\u00e1rbara de Alencar, uma fazendeira que viveu nos s\u00e9culos 18 e 19 e Pagu (s\u00e9culo 20), uma jornalista e escritora.<\/p>\n<p>A petroleira tamb\u00e9m falou da desigualdade de condi\u00e7\u00f5es de trabalho e de sal\u00e1rios entre homens e mulheres e da urgente necessidade de uma revolu\u00e7\u00e3o cultural atrav\u00e9s do feminismo, \u201cpois estamos falando de igualdade de direitos\u201d. B\u00e1rbara trabalha em plataformas na Petrobr\u00e1s, onde segundo ela continua sendo um local hostil para as mulheres. \u201cPrecisamos combater a cultura da opress\u00e3o\u201d, frisou.<\/p>\n<p>Para Herlon Miguel, assessor especial da SEPROMI (Secretaria de Promo\u00e7\u00e3o da Igualdade Racial do governo do Estado da Bahia) \u201co racismo n\u00e3o \u00e9 uma quest\u00e3o do negro e da negra. \u00c9 uma quest\u00e3o do trabalhador e da trabalhadora brasileira. O racismo \u00e9 o principal gerador de pobreza no Brasil e, consequentemente, o principal gerador de desigualdade e de viol\u00eancia. O racismo \u00e9 um problema de todos n\u00f3s\u201d, enfatizou.<\/p>\n<p>Para ele o principal lugar de luta antirracista no Brasil \u00e9 o sindicato. \u201cO sindicato \u00e9 o lugar onde se organiza os direitos dos trabalhadores e a produ\u00e7\u00e3o da igualdade no Brasil, ent\u00e3o \u00e9 fundamental que o sindicato saiba coisas b\u00e1sicas sobre a quest\u00e3o racial. Racismo \u00e9 como a sociedade se organiza estruturalmente para que o poder permane\u00e7a nas m\u00e3os do dono da empresa\u201d.<\/p>\n<p><em><strong>Fonte \u2013 Imprensa Sindipetro Bahia<\/p>\n<p><\/strong><\/em><\/p>\n\n\t\t<style type=\"text\/css\">\n\t\t\t#gallery-1 {\n\t\t\t\tmargin: auto;\n\t\t\t}\n\t\t\t#gallery-1 .gallery-item {\n\t\t\t\tfloat: left;\n\t\t\t\tmargin-top: 10px;\n\t\t\t\ttext-align: center;\n\t\t\t\twidth: 33%;\n\t\t\t}\n\t\t\t#gallery-1 img {\n\t\t\t\tborder: 2px solid #cfcfcf;\n\t\t\t}\n\t\t\t#gallery-1 .gallery-caption {\n\t\t\t\tmargin-left: 0;\n\t\t\t}\n\t\t\t\/* see gallery_shortcode() in wp-includes\/media.php *\/\n\t\t<\/style>\n\t\t<div id='gallery-1' class='gallery galleryid-21127 gallery-columns-3 gallery-size-thumbnail'><dl class='gallery-item'>\n\t\t\t<dt class='gallery-icon landscape'>\n\t\t\t\t<a href='http:\/\/www.sindipetroba.org.br\/2019\/diversidade-e-combate-as-opressoes-no-mundo-do-trabalho-foram-temas-de-destaque-no-xii-congresso-ds-petroleirs-da-bahia\/img_2930\/'><img loading=\"lazy\" decoding=\"async\" width=\"220\" height=\"220\" src=\"http:\/\/www.sindipetroba.org.br\/2019\/wp-content\/uploads\/2023\/06\/IMG_2930-220x220.jpg\" class=\"attachment-thumbnail size-thumbnail\" alt=\"\" \/><\/a>\n\t\t\t<\/dt><\/dl><dl class='gallery-item'>\n\t\t\t<dt class='gallery-icon landscape'>\n\t\t\t\t<a href='http:\/\/www.sindipetroba.org.br\/2019\/diversidade-e-combate-as-opressoes-no-mundo-do-trabalho-foram-temas-de-destaque-no-xii-congresso-ds-petroleirs-da-bahia\/whatsapp-image-2023-06-17-at-18-27-26\/'><img loading=\"lazy\" decoding=\"async\" width=\"220\" height=\"220\" src=\"http:\/\/www.sindipetroba.org.br\/2019\/wp-content\/uploads\/2023\/06\/WhatsApp-Image-2023-06-17-at-18.27.26-220x220.jpeg\" class=\"attachment-thumbnail size-thumbnail\" alt=\"\" \/><\/a>\n\t\t\t<\/dt><\/dl><dl class='gallery-item'>\n\t\t\t<dt class='gallery-icon landscape'>\n\t\t\t\t<a href='http:\/\/www.sindipetroba.org.br\/2019\/diversidade-e-combate-as-opressoes-no-mundo-do-trabalho-foram-temas-de-destaque-no-xii-congresso-ds-petroleirs-da-bahia\/img_2990\/'><img loading=\"lazy\" decoding=\"async\" width=\"220\" height=\"220\" src=\"http:\/\/www.sindipetroba.org.br\/2019\/wp-content\/uploads\/2023\/06\/IMG_2990-220x220.jpg\" class=\"attachment-thumbnail size-thumbnail\" alt=\"\" \/><\/a>\n\t\t\t<\/dt><\/dl><br style=\"clear: both\" \/><dl class='gallery-item'>\n\t\t\t<dt class='gallery-icon landscape'>\n\t\t\t\t<a href='http:\/\/www.sindipetroba.org.br\/2019\/diversidade-e-combate-as-opressoes-no-mundo-do-trabalho-foram-temas-de-destaque-no-xii-congresso-ds-petroleirs-da-bahia\/img_2987\/'><img loading=\"lazy\" decoding=\"async\" width=\"220\" height=\"220\" src=\"http:\/\/www.sindipetroba.org.br\/2019\/wp-content\/uploads\/2023\/06\/IMG_2987-220x220.jpg\" class=\"attachment-thumbnail size-thumbnail\" alt=\"\" \/><\/a>\n\t\t\t<\/dt><\/dl><dl class='gallery-item'>\n\t\t\t<dt class='gallery-icon landscape'>\n\t\t\t\t<a href='http:\/\/www.sindipetroba.org.br\/2019\/diversidade-e-combate-as-opressoes-no-mundo-do-trabalho-foram-temas-de-destaque-no-xii-congresso-ds-petroleirs-da-bahia\/img_2938\/'><img loading=\"lazy\" decoding=\"async\" width=\"220\" height=\"220\" src=\"http:\/\/www.sindipetroba.org.br\/2019\/wp-content\/uploads\/2023\/06\/IMG_2938-220x220.jpg\" class=\"attachment-thumbnail size-thumbnail\" alt=\"\" \/><\/a>\n\t\t\t<\/dt><\/dl><dl class='gallery-item'>\n\t\t\t<dt class='gallery-icon landscape'>\n\t\t\t\t<a href='http:\/\/www.sindipetroba.org.br\/2019\/diversidade-e-combate-as-opressoes-no-mundo-do-trabalho-foram-temas-de-destaque-no-xii-congresso-ds-petroleirs-da-bahia\/whatsapp-image-2023-06-17-at-18-27-31\/'><img loading=\"lazy\" decoding=\"async\" width=\"220\" height=\"220\" src=\"http:\/\/www.sindipetroba.org.br\/2019\/wp-content\/uploads\/2023\/06\/WhatsApp-Image-2023-06-17-at-18.27.31-220x220.jpeg\" class=\"attachment-thumbnail size-thumbnail\" alt=\"\" \/><\/a>\n\t\t\t<\/dt><\/dl><br style=\"clear: both\" \/><dl class='gallery-item'>\n\t\t\t<dt class='gallery-icon landscape'>\n\t\t\t\t<a href='http:\/\/www.sindipetroba.org.br\/2019\/diversidade-e-combate-as-opressoes-no-mundo-do-trabalho-foram-temas-de-destaque-no-xii-congresso-ds-petroleirs-da-bahia\/whatsapp-image-2023-06-17-at-18-27-31-1\/'><img loading=\"lazy\" decoding=\"async\" width=\"220\" height=\"220\" src=\"http:\/\/www.sindipetroba.org.br\/2019\/wp-content\/uploads\/2023\/06\/WhatsApp-Image-2023-06-17-at-18.27.31-1-220x220.jpeg\" class=\"attachment-thumbnail size-thumbnail\" alt=\"\" \/><\/a>\n\t\t\t<\/dt><\/dl><dl class='gallery-item'>\n\t\t\t<dt class='gallery-icon landscape'>\n\t\t\t\t<a href='http:\/\/www.sindipetroba.org.br\/2019\/diversidade-e-combate-as-opressoes-no-mundo-do-trabalho-foram-temas-de-destaque-no-xii-congresso-ds-petroleirs-da-bahia\/whatsapp-image-2023-06-17-at-18-27-28\/'><img loading=\"lazy\" decoding=\"async\" width=\"220\" height=\"220\" src=\"http:\/\/www.sindipetroba.org.br\/2019\/wp-content\/uploads\/2023\/06\/WhatsApp-Image-2023-06-17-at-18.27.28-220x220.jpeg\" class=\"attachment-thumbnail size-thumbnail\" alt=\"\" \/><\/a>\n\t\t\t<\/dt><\/dl><dl class='gallery-item'>\n\t\t\t<dt class='gallery-icon landscape'>\n\t\t\t\t<a href='http:\/\/www.sindipetroba.org.br\/2019\/diversidade-e-combate-as-opressoes-no-mundo-do-trabalho-foram-temas-de-destaque-no-xii-congresso-ds-petroleirs-da-bahia\/whatsapp-image-2023-06-17-at-18-27-29\/'><img loading=\"lazy\" decoding=\"async\" width=\"220\" height=\"220\" src=\"http:\/\/www.sindipetroba.org.br\/2019\/wp-content\/uploads\/2023\/06\/WhatsApp-Image-2023-06-17-at-18.27.29-220x220.jpeg\" class=\"attachment-thumbnail size-thumbnail\" alt=\"\" \/><\/a>\n\t\t\t<\/dt><\/dl><br style=\"clear: both\" \/><dl class='gallery-item'>\n\t\t\t<dt class='gallery-icon landscape'>\n\t\t\t\t<a href='http:\/\/www.sindipetroba.org.br\/2019\/diversidade-e-combate-as-opressoes-no-mundo-do-trabalho-foram-temas-de-destaque-no-xii-congresso-ds-petroleirs-da-bahia\/whatsapp-image-2023-06-17-at-18-27-28-1\/'><img loading=\"lazy\" decoding=\"async\" width=\"220\" height=\"220\" src=\"http:\/\/www.sindipetroba.org.br\/2019\/wp-content\/uploads\/2023\/06\/WhatsApp-Image-2023-06-17-at-18.27.28-1-220x220.jpeg\" class=\"attachment-thumbnail size-thumbnail\" alt=\"\" \/><\/a>\n\t\t\t<\/dt><\/dl>\n\t\t\t<br style='clear: both' \/>\n\t\t<\/div>\n\n<p><em><strong>\u00a0<\/strong><\/em><\/p>\n","protected":false},"excerpt":{"rendered":"Qual o projeto de desenvolvimento social que queremos para o Brasil? Esta pergunta serviu de norte no debate sobre diversidade e combate \u00e0s opress\u00f5es no mundo do trabalho, que abriu a tarde de s\u00e1bado (17), no XII Congresso dos Petroleiros e Petroleiras da Bahia. A inclus\u00e3o de todos e todas \u2013 negros, negras, lgbts e&#8230; <a class=\"view-article\" href=\"http:\/\/www.sindipetroba.org.br\/2019\/diversidade-e-combate-as-opressoes-no-mundo-do-trabalho-foram-temas-de-destaque-no-xii-congresso-ds-petroleirs-da-bahia\/\">Ver artigo<\/a>","protected":false},"author":4,"featured_media":21128,"comment_status":"closed","ping_status":"open","sticky":false,"template":"","format":"standard","meta":{"_et_pb_use_builder":"","_et_pb_old_content":"","_et_gb_content_width":"","footnotes":""},"categories":[1,2694],"tags":[],"class_list":["post-21127","post","type-post","status-publish","format-standard","has-post-thumbnail","hentry","category-noticia","category-xii-congresso"],"yoast_head":"<!-- This site is optimized with the Yoast SEO plugin v27.3 - https:\/\/yoast.com\/product\/yoast-seo-wordpress\/ -->\n<title>Diversidade e combate \u00e0s opress\u00f5es no mundo do trabalho foram temas de destaque no XII Congresso d@s Petroleir@s da Bahia - Sindipetro BA<\/title>\n<meta name=\"robots\" content=\"index, follow, max-snippet:-1, max-image-preview:large, max-video-preview:-1\" \/>\n<link rel=\"canonical\" href=\"http:\/\/www.sindipetroba.org.br\/2019\/diversidade-e-combate-as-opressoes-no-mundo-do-trabalho-foram-temas-de-destaque-no-xii-congresso-ds-petroleirs-da-bahia\/\" \/>\n<meta property=\"og:locale\" content=\"pt_BR\" \/>\n<meta property=\"og:type\" content=\"article\" \/>\n<meta property=\"og:title\" content=\"Diversidade e combate \u00e0s opress\u00f5es no mundo do trabalho foram temas de destaque no XII Congresso d@s Petroleir@s da Bahia - Sindipetro BA\" \/>\n<meta property=\"og:description\" content=\"Qual o projeto de desenvolvimento social que queremos para o Brasil? Esta pergunta serviu de norte no debate sobre diversidade e combate \u00e0s opress\u00f5es no mundo do trabalho, que abriu a tarde de s\u00e1bado (17), no XII Congresso dos Petroleiros e Petroleiras da Bahia. A inclus\u00e3o de todos e todas \u2013 negros, negras, lgbts e... Ver artigo\" \/>\n<meta property=\"og:url\" content=\"http:\/\/www.sindipetroba.org.br\/2019\/diversidade-e-combate-as-opressoes-no-mundo-do-trabalho-foram-temas-de-destaque-no-xii-congresso-ds-petroleirs-da-bahia\/\" \/>\n<meta property=\"og:site_name\" content=\"Sindipetro BA\" \/>\n<meta property=\"article:publisher\" content=\"https:\/\/www.facebook.com\/sindipetroBa\/\" \/>\n<meta property=\"article:published_time\" content=\"2023-06-17T22:10:15+00:00\" \/>\n<meta property=\"og:image\" content=\"http:\/\/www.sindipetroba.org.br\/2019\/wp-content\/uploads\/2023\/06\/IMG_2837.jpg\" \/>\n\t<meta property=\"og:image:width\" content=\"1696\" \/>\n\t<meta property=\"og:image:height\" content=\"1131\" \/>\n\t<meta property=\"og:image:type\" content=\"image\/jpeg\" \/>\n<meta name=\"author\" content=\"ASCOM\" \/>\n<meta name=\"twitter:card\" content=\"summary_large_image\" \/>\n<meta name=\"twitter:creator\" content=\"@SindipetroBahia\" \/>\n<meta name=\"twitter:site\" content=\"@SindipetroBahia\" \/>\n<meta name=\"twitter:label1\" content=\"Escrito por\" \/>\n\t<meta name=\"twitter:data1\" content=\"ASCOM\" \/>\n\t<meta name=\"twitter:label2\" content=\"Est. tempo de leitura\" \/>\n\t<meta name=\"twitter:data2\" content=\"4 minutos\" \/>\n<script type=\"application\/ld+json\" class=\"yoast-schema-graph\">{\"@context\":\"https:\\\/\\\/schema.org\",\"@graph\":[{\"@type\":\"Article\",\"@id\":\"http:\\\/\\\/www.sindipetroba.org.br\\\/2019\\\/diversidade-e-combate-as-opressoes-no-mundo-do-trabalho-foram-temas-de-destaque-no-xii-congresso-ds-petroleirs-da-bahia\\\/#article\",\"isPartOf\":{\"@id\":\"http:\\\/\\\/www.sindipetroba.org.br\\\/2019\\\/diversidade-e-combate-as-opressoes-no-mundo-do-trabalho-foram-temas-de-destaque-no-xii-congresso-ds-petroleirs-da-bahia\\\/\"},\"author\":{\"name\":\"ASCOM\",\"@id\":\"http:\\\/\\\/www.sindipetroba.org.br\\\/2019\\\/#\\\/schema\\\/person\\\/80e88dbf823328ddad08b17600055a3c\"},\"headline\":\"Diversidade e combate \u00e0s opress\u00f5es no mundo do trabalho foram temas de destaque no XII Congresso d@s Petroleir@s da Bahia\",\"datePublished\":\"2023-06-17T22:10:15+00:00\",\"mainEntityOfPage\":{\"@id\":\"http:\\\/\\\/www.sindipetroba.org.br\\\/2019\\\/diversidade-e-combate-as-opressoes-no-mundo-do-trabalho-foram-temas-de-destaque-no-xii-congresso-ds-petroleirs-da-bahia\\\/\"},\"wordCount\":659,\"publisher\":{\"@id\":\"http:\\\/\\\/www.sindipetroba.org.br\\\/2019\\\/#organization\"},\"image\":{\"@id\":\"http:\\\/\\\/www.sindipetroba.org.br\\\/2019\\\/diversidade-e-combate-as-opressoes-no-mundo-do-trabalho-foram-temas-de-destaque-no-xii-congresso-ds-petroleirs-da-bahia\\\/#primaryimage\"},\"thumbnailUrl\":\"http:\\\/\\\/www.sindipetroba.org.br\\\/2019\\\/wp-content\\\/uploads\\\/2023\\\/06\\\/IMG_2837.jpg\",\"articleSection\":[\"Not\u00edcia\",\"XII Congresso\"],\"inLanguage\":\"pt-BR\"},{\"@type\":\"WebPage\",\"@id\":\"http:\\\/\\\/www.sindipetroba.org.br\\\/2019\\\/diversidade-e-combate-as-opressoes-no-mundo-do-trabalho-foram-temas-de-destaque-no-xii-congresso-ds-petroleirs-da-bahia\\\/\",\"url\":\"http:\\\/\\\/www.sindipetroba.org.br\\\/2019\\\/diversidade-e-combate-as-opressoes-no-mundo-do-trabalho-foram-temas-de-destaque-no-xii-congresso-ds-petroleirs-da-bahia\\\/\",\"name\":\"Diversidade e combate \u00e0s opress\u00f5es no mundo do trabalho foram temas de destaque no XII Congresso d@s Petroleir@s da Bahia - Sindipetro BA\",\"isPartOf\":{\"@id\":\"http:\\\/\\\/www.sindipetroba.org.br\\\/2019\\\/#website\"},\"primaryImageOfPage\":{\"@id\":\"http:\\\/\\\/www.sindipetroba.org.br\\\/2019\\\/diversidade-e-combate-as-opressoes-no-mundo-do-trabalho-foram-temas-de-destaque-no-xii-congresso-ds-petroleirs-da-bahia\\\/#primaryimage\"},\"image\":{\"@id\":\"http:\\\/\\\/www.sindipetroba.org.br\\\/2019\\\/diversidade-e-combate-as-opressoes-no-mundo-do-trabalho-foram-temas-de-destaque-no-xii-congresso-ds-petroleirs-da-bahia\\\/#primaryimage\"},\"thumbnailUrl\":\"http:\\\/\\\/www.sindipetroba.org.br\\\/2019\\\/wp-content\\\/uploads\\\/2023\\\/06\\\/IMG_2837.jpg\",\"datePublished\":\"2023-06-17T22:10:15+00:00\",\"breadcrumb\":{\"@id\":\"http:\\\/\\\/www.sindipetroba.org.br\\\/2019\\\/diversidade-e-combate-as-opressoes-no-mundo-do-trabalho-foram-temas-de-destaque-no-xii-congresso-ds-petroleirs-da-bahia\\\/#breadcrumb\"},\"inLanguage\":\"pt-BR\",\"potentialAction\":[{\"@type\":\"ReadAction\",\"target\":[\"http:\\\/\\\/www.sindipetroba.org.br\\\/2019\\\/diversidade-e-combate-as-opressoes-no-mundo-do-trabalho-foram-temas-de-destaque-no-xii-congresso-ds-petroleirs-da-bahia\\\/\"]}]},{\"@type\":\"ImageObject\",\"inLanguage\":\"pt-BR\",\"@id\":\"http:\\\/\\\/www.sindipetroba.org.br\\\/2019\\\/diversidade-e-combate-as-opressoes-no-mundo-do-trabalho-foram-temas-de-destaque-no-xii-congresso-ds-petroleirs-da-bahia\\\/#primaryimage\",\"url\":\"http:\\\/\\\/www.sindipetroba.org.br\\\/2019\\\/wp-content\\\/uploads\\\/2023\\\/06\\\/IMG_2837.jpg\",\"contentUrl\":\"http:\\\/\\\/www.sindipetroba.org.br\\\/2019\\\/wp-content\\\/uploads\\\/2023\\\/06\\\/IMG_2837.jpg\",\"width\":1696,\"height\":1131},{\"@type\":\"BreadcrumbList\",\"@id\":\"http:\\\/\\\/www.sindipetroba.org.br\\\/2019\\\/diversidade-e-combate-as-opressoes-no-mundo-do-trabalho-foram-temas-de-destaque-no-xii-congresso-ds-petroleirs-da-bahia\\\/#breadcrumb\",\"itemListElement\":[{\"@type\":\"ListItem\",\"position\":1,\"name\":\"In\u00edcio\",\"item\":\"http:\\\/\\\/www.sindipetroba.org.br\\\/2019\\\/\"},{\"@type\":\"ListItem\",\"position\":2,\"name\":\"Diversidade e combate \u00e0s opress\u00f5es no mundo do trabalho foram temas de destaque no XII Congresso d@s Petroleir@s da Bahia\"}]},{\"@type\":\"WebSite\",\"@id\":\"http:\\\/\\\/www.sindipetroba.org.br\\\/2019\\\/#website\",\"url\":\"http:\\\/\\\/www.sindipetroba.org.br\\\/2019\\\/\",\"name\":\"Sindipetro BA\",\"description\":\"Sindicato dos Petroleiros e Petroleiras do Estado da Bahia\",\"publisher\":{\"@id\":\"http:\\\/\\\/www.sindipetroba.org.br\\\/2019\\\/#organization\"},\"potentialAction\":[{\"@type\":\"SearchAction\",\"target\":{\"@type\":\"EntryPoint\",\"urlTemplate\":\"http:\\\/\\\/www.sindipetroba.org.br\\\/2019\\\/?s={search_term_string}\"},\"query-input\":{\"@type\":\"PropertyValueSpecification\",\"valueRequired\":true,\"valueName\":\"search_term_string\"}}],\"inLanguage\":\"pt-BR\"},{\"@type\":\"Organization\",\"@id\":\"http:\\\/\\\/www.sindipetroba.org.br\\\/2019\\\/#organization\",\"name\":\"Sindipetro BA\",\"url\":\"http:\\\/\\\/www.sindipetroba.org.br\\\/2019\\\/\",\"logo\":{\"@type\":\"ImageObject\",\"inLanguage\":\"pt-BR\",\"@id\":\"http:\\\/\\\/www.sindipetroba.org.br\\\/2019\\\/#\\\/schema\\\/logo\\\/image\\\/\",\"url\":\"http:\\\/\\\/www.sindipetroba.org.br\\\/2019\\\/wp-content\\\/uploads\\\/2019\\\/01\\\/sindipetro-marca-cor.png\",\"contentUrl\":\"http:\\\/\\\/www.sindipetroba.org.br\\\/2019\\\/wp-content\\\/uploads\\\/2019\\\/01\\\/sindipetro-marca-cor.png\",\"width\":350,\"height\":126,\"caption\":\"Sindipetro BA\"},\"image\":{\"@id\":\"http:\\\/\\\/www.sindipetroba.org.br\\\/2019\\\/#\\\/schema\\\/logo\\\/image\\\/\"},\"sameAs\":[\"https:\\\/\\\/www.facebook.com\\\/sindipetroBa\\\/\",\"https:\\\/\\\/x.com\\\/SindipetroBahia\",\"https:\\\/\\\/www.instagram.com\\\/sindipetroba\\\/\",\"https:\\\/\\\/www.youtube.com\\\/c\\\/SindipetroBahiaOficial\"]},{\"@type\":\"Person\",\"@id\":\"http:\\\/\\\/www.sindipetroba.org.br\\\/2019\\\/#\\\/schema\\\/person\\\/80e88dbf823328ddad08b17600055a3c\",\"name\":\"ASCOM\",\"image\":{\"@type\":\"ImageObject\",\"inLanguage\":\"pt-BR\",\"@id\":\"https:\\\/\\\/secure.gravatar.com\\\/avatar\\\/a2ab2fd873c57926b9f03e30be8804429fd7b0d41f4f71170e45b7b7f84998a6?s=96&d=mm&r=g\",\"url\":\"https:\\\/\\\/secure.gravatar.com\\\/avatar\\\/a2ab2fd873c57926b9f03e30be8804429fd7b0d41f4f71170e45b7b7f84998a6?s=96&d=mm&r=g\",\"contentUrl\":\"https:\\\/\\\/secure.gravatar.com\\\/avatar\\\/a2ab2fd873c57926b9f03e30be8804429fd7b0d41f4f71170e45b7b7f84998a6?s=96&d=mm&r=g\",\"caption\":\"ASCOM\"},\"sameAs\":[\"http:\\\/\\\/www.sindipetroba.org.br\"]}]}<\/script>\n<!-- \/ Yoast SEO plugin. -->","yoast_head_json":{"title":"Diversidade e combate \u00e0s opress\u00f5es no mundo do trabalho foram temas de destaque no XII Congresso d@s Petroleir@s da Bahia - Sindipetro BA","robots":{"index":"index","follow":"follow","max-snippet":"max-snippet:-1","max-image-preview":"max-image-preview:large","max-video-preview":"max-video-preview:-1"},"canonical":"http:\/\/www.sindipetroba.org.br\/2019\/diversidade-e-combate-as-opressoes-no-mundo-do-trabalho-foram-temas-de-destaque-no-xii-congresso-ds-petroleirs-da-bahia\/","og_locale":"pt_BR","og_type":"article","og_title":"Diversidade e combate \u00e0s opress\u00f5es no mundo do trabalho foram temas de destaque no XII Congresso d@s Petroleir@s da Bahia - Sindipetro BA","og_description":"Qual o projeto de desenvolvimento social que queremos para o Brasil? Esta pergunta serviu de norte no debate sobre diversidade e combate \u00e0s opress\u00f5es no mundo do trabalho, que abriu a tarde de s\u00e1bado (17), no XII Congresso dos Petroleiros e Petroleiras da Bahia. A inclus\u00e3o de todos e todas \u2013 negros, negras, lgbts e... Ver artigo","og_url":"http:\/\/www.sindipetroba.org.br\/2019\/diversidade-e-combate-as-opressoes-no-mundo-do-trabalho-foram-temas-de-destaque-no-xii-congresso-ds-petroleirs-da-bahia\/","og_site_name":"Sindipetro BA","article_publisher":"https:\/\/www.facebook.com\/sindipetroBa\/","article_published_time":"2023-06-17T22:10:15+00:00","og_image":[{"width":1696,"height":1131,"url":"http:\/\/www.sindipetroba.org.br\/2019\/wp-content\/uploads\/2023\/06\/IMG_2837.jpg","type":"image\/jpeg"}],"author":"ASCOM","twitter_card":"summary_large_image","twitter_creator":"@SindipetroBahia","twitter_site":"@SindipetroBahia","twitter_misc":{"Escrito por":"ASCOM","Est. tempo de leitura":"4 minutos"},"schema":{"@context":"https:\/\/schema.org","@graph":[{"@type":"Article","@id":"http:\/\/www.sindipetroba.org.br\/2019\/diversidade-e-combate-as-opressoes-no-mundo-do-trabalho-foram-temas-de-destaque-no-xii-congresso-ds-petroleirs-da-bahia\/#article","isPartOf":{"@id":"http:\/\/www.sindipetroba.org.br\/2019\/diversidade-e-combate-as-opressoes-no-mundo-do-trabalho-foram-temas-de-destaque-no-xii-congresso-ds-petroleirs-da-bahia\/"},"author":{"name":"ASCOM","@id":"http:\/\/www.sindipetroba.org.br\/2019\/#\/schema\/person\/80e88dbf823328ddad08b17600055a3c"},"headline":"Diversidade e combate \u00e0s opress\u00f5es no mundo do trabalho foram temas de destaque no XII Congresso d@s Petroleir@s da Bahia","datePublished":"2023-06-17T22:10:15+00:00","mainEntityOfPage":{"@id":"http:\/\/www.sindipetroba.org.br\/2019\/diversidade-e-combate-as-opressoes-no-mundo-do-trabalho-foram-temas-de-destaque-no-xii-congresso-ds-petroleirs-da-bahia\/"},"wordCount":659,"publisher":{"@id":"http:\/\/www.sindipetroba.org.br\/2019\/#organization"},"image":{"@id":"http:\/\/www.sindipetroba.org.br\/2019\/diversidade-e-combate-as-opressoes-no-mundo-do-trabalho-foram-temas-de-destaque-no-xii-congresso-ds-petroleirs-da-bahia\/#primaryimage"},"thumbnailUrl":"http:\/\/www.sindipetroba.org.br\/2019\/wp-content\/uploads\/2023\/06\/IMG_2837.jpg","articleSection":["Not\u00edcia","XII Congresso"],"inLanguage":"pt-BR"},{"@type":"WebPage","@id":"http:\/\/www.sindipetroba.org.br\/2019\/diversidade-e-combate-as-opressoes-no-mundo-do-trabalho-foram-temas-de-destaque-no-xii-congresso-ds-petroleirs-da-bahia\/","url":"http:\/\/www.sindipetroba.org.br\/2019\/diversidade-e-combate-as-opressoes-no-mundo-do-trabalho-foram-temas-de-destaque-no-xii-congresso-ds-petroleirs-da-bahia\/","name":"Diversidade e combate \u00e0s opress\u00f5es no mundo do trabalho foram temas de destaque no XII Congresso d@s Petroleir@s da Bahia - Sindipetro BA","isPartOf":{"@id":"http:\/\/www.sindipetroba.org.br\/2019\/#website"},"primaryImageOfPage":{"@id":"http:\/\/www.sindipetroba.org.br\/2019\/diversidade-e-combate-as-opressoes-no-mundo-do-trabalho-foram-temas-de-destaque-no-xii-congresso-ds-petroleirs-da-bahia\/#primaryimage"},"image":{"@id":"http:\/\/www.sindipetroba.org.br\/2019\/diversidade-e-combate-as-opressoes-no-mundo-do-trabalho-foram-temas-de-destaque-no-xii-congresso-ds-petroleirs-da-bahia\/#primaryimage"},"thumbnailUrl":"http:\/\/www.sindipetroba.org.br\/2019\/wp-content\/uploads\/2023\/06\/IMG_2837.jpg","datePublished":"2023-06-17T22:10:15+00:00","breadcrumb":{"@id":"http:\/\/www.sindipetroba.org.br\/2019\/diversidade-e-combate-as-opressoes-no-mundo-do-trabalho-foram-temas-de-destaque-no-xii-congresso-ds-petroleirs-da-bahia\/#breadcrumb"},"inLanguage":"pt-BR","potentialAction":[{"@type":"ReadAction","target":["http:\/\/www.sindipetroba.org.br\/2019\/diversidade-e-combate-as-opressoes-no-mundo-do-trabalho-foram-temas-de-destaque-no-xii-congresso-ds-petroleirs-da-bahia\/"]}]},{"@type":"ImageObject","inLanguage":"pt-BR","@id":"http:\/\/www.sindipetroba.org.br\/2019\/diversidade-e-combate-as-opressoes-no-mundo-do-trabalho-foram-temas-de-destaque-no-xii-congresso-ds-petroleirs-da-bahia\/#primaryimage","url":"http:\/\/www.sindipetroba.org.br\/2019\/wp-content\/uploads\/2023\/06\/IMG_2837.jpg","contentUrl":"http:\/\/www.sindipetroba.org.br\/2019\/wp-content\/uploads\/2023\/06\/IMG_2837.jpg","width":1696,"height":1131},{"@type":"BreadcrumbList","@id":"http:\/\/www.sindipetroba.org.br\/2019\/diversidade-e-combate-as-opressoes-no-mundo-do-trabalho-foram-temas-de-destaque-no-xii-congresso-ds-petroleirs-da-bahia\/#breadcrumb","itemListElement":[{"@type":"ListItem","position":1,"name":"In\u00edcio","item":"http:\/\/www.sindipetroba.org.br\/2019\/"},{"@type":"ListItem","position":2,"name":"Diversidade e combate \u00e0s opress\u00f5es no mundo do trabalho foram temas de destaque no XII Congresso d@s Petroleir@s da Bahia"}]},{"@type":"WebSite","@id":"http:\/\/www.sindipetroba.org.br\/2019\/#website","url":"http:\/\/www.sindipetroba.org.br\/2019\/","name":"Sindipetro BA","description":"Sindicato dos Petroleiros e Petroleiras do Estado da Bahia","publisher":{"@id":"http:\/\/www.sindipetroba.org.br\/2019\/#organization"},"potentialAction":[{"@type":"SearchAction","target":{"@type":"EntryPoint","urlTemplate":"http:\/\/www.sindipetroba.org.br\/2019\/?s={search_term_string}"},"query-input":{"@type":"PropertyValueSpecification","valueRequired":true,"valueName":"search_term_string"}}],"inLanguage":"pt-BR"},{"@type":"Organization","@id":"http:\/\/www.sindipetroba.org.br\/2019\/#organization","name":"Sindipetro BA","url":"http:\/\/www.sindipetroba.org.br\/2019\/","logo":{"@type":"ImageObject","inLanguage":"pt-BR","@id":"http:\/\/www.sindipetroba.org.br\/2019\/#\/schema\/logo\/image\/","url":"http:\/\/www.sindipetroba.org.br\/2019\/wp-content\/uploads\/2019\/01\/sindipetro-marca-cor.png","contentUrl":"http:\/\/www.sindipetroba.org.br\/2019\/wp-content\/uploads\/2019\/01\/sindipetro-marca-cor.png","width":350,"height":126,"caption":"Sindipetro BA"},"image":{"@id":"http:\/\/www.sindipetroba.org.br\/2019\/#\/schema\/logo\/image\/"},"sameAs":["https:\/\/www.facebook.com\/sindipetroBa\/","https:\/\/x.com\/SindipetroBahia","https:\/\/www.instagram.com\/sindipetroba\/","https:\/\/www.youtube.com\/c\/SindipetroBahiaOficial"]},{"@type":"Person","@id":"http:\/\/www.sindipetroba.org.br\/2019\/#\/schema\/person\/80e88dbf823328ddad08b17600055a3c","name":"ASCOM","image":{"@type":"ImageObject","inLanguage":"pt-BR","@id":"https:\/\/secure.gravatar.com\/avatar\/a2ab2fd873c57926b9f03e30be8804429fd7b0d41f4f71170e45b7b7f84998a6?s=96&d=mm&r=g","url":"https:\/\/secure.gravatar.com\/avatar\/a2ab2fd873c57926b9f03e30be8804429fd7b0d41f4f71170e45b7b7f84998a6?s=96&d=mm&r=g","contentUrl":"https:\/\/secure.gravatar.com\/avatar\/a2ab2fd873c57926b9f03e30be8804429fd7b0d41f4f71170e45b7b7f84998a6?s=96&d=mm&r=g","caption":"ASCOM"},"sameAs":["http:\/\/www.sindipetroba.org.br"]}]}},"_links":{"self":[{"href":"http:\/\/www.sindipetroba.org.br\/2019\/wp-json\/wp\/v2\/posts\/21127","targetHints":{"allow":["GET"]}}],"collection":[{"href":"http:\/\/www.sindipetroba.org.br\/2019\/wp-json\/wp\/v2\/posts"}],"about":[{"href":"http:\/\/www.sindipetroba.org.br\/2019\/wp-json\/wp\/v2\/types\/post"}],"author":[{"embeddable":true,"href":"http:\/\/www.sindipetroba.org.br\/2019\/wp-json\/wp\/v2\/users\/4"}],"replies":[{"embeddable":true,"href":"http:\/\/www.sindipetroba.org.br\/2019\/wp-json\/wp\/v2\/comments?post=21127"}],"version-history":[{"count":1,"href":"http:\/\/www.sindipetroba.org.br\/2019\/wp-json\/wp\/v2\/posts\/21127\/revisions"}],"predecessor-version":[{"id":21140,"href":"http:\/\/www.sindipetroba.org.br\/2019\/wp-json\/wp\/v2\/posts\/21127\/revisions\/21140"}],"wp:featuredmedia":[{"embeddable":true,"href":"http:\/\/www.sindipetroba.org.br\/2019\/wp-json\/wp\/v2\/media\/21128"}],"wp:attachment":[{"href":"http:\/\/www.sindipetroba.org.br\/2019\/wp-json\/wp\/v2\/media?parent=21127"}],"wp:term":[{"taxonomy":"category","embeddable":true,"href":"http:\/\/www.sindipetroba.org.br\/2019\/wp-json\/wp\/v2\/categories?post=21127"},{"taxonomy":"post_tag","embeddable":true,"href":"http:\/\/www.sindipetroba.org.br\/2019\/wp-json\/wp\/v2\/tags?post=21127"}],"curies":[{"name":"wp","href":"https:\/\/api.w.org\/{rel}","templated":true}]}}