{"id":21450,"date":"2023-07-11T15:34:35","date_gmt":"2023-07-11T18:34:35","guid":{"rendered":"http:\/\/www.sindipetroba.org.br\/2019\/?p=21450"},"modified":"2023-07-11T15:34:35","modified_gmt":"2023-07-11T18:34:35","slug":"petroleira-trans-conta-como-nao-e-facil-abrir-mao-de-privilegios-para-viver-a-sua-verdade","status":"publish","type":"post","link":"http:\/\/www.sindipetroba.org.br\/2019\/petroleira-trans-conta-como-nao-e-facil-abrir-mao-de-privilegios-para-viver-a-sua-verdade\/","title":{"rendered":"Petroleira trans conta como n\u00e3o \u00e9 f\u00e1cil abrir m\u00e3o de privil\u00e9gios para viver a sua verdade"},"content":{"rendered":"<p><em>Vitor Menezes \/ Imprensa do NF<\/em> \u2013 Entre os muitos olhos atentos que participaram dos debates do 19\u00ba Congrenf (Congresso dos Petroleiros e Petroleiras do Norte Fluminense), na semana passada, em Maca\u00e9, estavam os profundos e negros como o petr\u00f3leo de Amanda Rodrigues, 35 anos, petroleira trans que foi uma das delegadas da base do Parque de Tubos. Ela se aproximou dos debates sindicais pela pauta da diversidade e conta, nesta entrevista, como foi o seu processo de transi\u00e7\u00e3o e a rela\u00e7\u00e3o com ambientes como trabalho, fam\u00edlia e igreja. Confira:<\/p>\n<p><strong>Como voc\u00ea se aproximou do movimento sindical?<\/strong><\/p>\n<p>Comecei pela frente de Diversidade, montada pelo Tiago [Franco], da FUP. E a\u00ed a Janci [Jancileide Morgado, diretora do NF] descobriu que eu era trans e trabalhava na Petrobr\u00e1s e me convidou para participar dos encontros do Sindipetro. Eu j\u00e1 sou sindicalizada, mas atualmente estou morando em S\u00e3o Paulo e sou filiada por aqui [pelo Sindipetro-NF]. Ela me contou que ia ter o Congrenf, ela, B\u00e1rbara e o Tezeu tamb\u00e9m [diretora e diretor do NF], e me convidaram para participar como delegada, para colocar algumas pautas, agora que a gente tem um governo. Eles acharam interessante que a gente pudesse fortalecer as nossas lutas, junto com as meninas petroleiras.<\/p>\n<p><strong>\u00c9 a primeira vez que voc\u00ea participa de um congresso petroleiro?<\/strong><\/p>\n<p>\u00c9 a primeira vez que eu participo. A\u00ed eu vim para conhecer, l\u00f3gico, pra lutar, mas pra conhecer tamb\u00e9m, porque at\u00e9 ent\u00e3o eu n\u00e3o tinha participado de nenhum.<\/p>\n<p><strong>Voc\u00ea \u00e9 da base do Parque de Tubos, correto?<\/strong><\/p>\n<p>Na verdade, hoje estou lotada em Santos, pela quest\u00e3o da transi\u00e7\u00e3o mesmo, mas a minha ger\u00eancia \u00e9 daqui do Parque de Tubos. \u00c9 como se fosse um posto avan\u00e7ado em Santos.<\/p>\n<p><strong>E quais s\u00e3o as pautas que voc\u00ea est\u00e1 trazendo para o Congresso?<\/strong><\/p>\n<p>A gente est\u00e1 trazendo as pautas da diversidade mais ligadas \u00e0 sa\u00fade e tamb\u00e9m de respeito. A gente entende que a Presid\u00eancia est\u00e1 mais aberta a tudo isso, a gente passou pelo m\u00eas do orgulho agora, que foi totalmente diferente, a empresa est\u00e1 mais aberta para esse tipo de demanda, e quest\u00f5es de abono de horas, que a gente n\u00e3o tem op\u00e7\u00e3o de trabalhar ou n\u00e3o, e essas pautas para que a gente consiga discutir, agora que o RH est\u00e1 mais interessados nos assuntos. Ent\u00e3o acho que esse \u00e9 o momento de a gente brigar e retomar alguns direitos que a gente perdeu, talvez.<\/p>\n<p><strong>Qual a sua fun\u00e7\u00e3o na Petrobr\u00e1s, teu trabalho, tua forma\u00e7\u00e3o?<\/strong><\/p>\n<p>Eu sou t\u00e9cnica de log\u00edstica e hoje eu fa\u00e7o contrata\u00e7\u00e3o para perfura\u00e7\u00e3o de po\u00e7os, dentro de uma ger\u00eancia para contra\u00e7\u00e3o para perfura\u00e7\u00e3o de po\u00e7os.<\/p>\n<p><strong>H\u00e1 quanto tempo voc\u00ea est\u00e1 na empresa?<\/strong><\/p>\n<p>Entrei em 2011. Fiz 12 anos no \u00faltimo dia 5.<\/p>\n<p><strong>Voc\u00ea acha que, neste per\u00edodo, essa discuss\u00e3o que envolve diversidade no ambiente de trabalho, sobretudo depois de um momento de muito \u00f3dio e intoler\u00e2ncia, o que est\u00e1 mudando?<\/strong><\/p>\n<p>Eu acho que a gente est\u00e1 em um momento bom, tanto da empresa quanto do pa\u00eds. A gente passou, \u00f3bvio, por esse per\u00edodo a\u00ed de desgoverno, que foi um per\u00edodo em que a gente de fato sofreu mais opress\u00e3o, sofri coisas que eu nunca tinha sofrido na vida, mas acho que agora as pessoas t\u00eam refletido mais sobre determinados assuntos, mesmo que seja novo para muita gente, as pessoas est\u00e3o mais abertas, mais receptivas, querendo dialogar mais, ent\u00e3o eu acho que a gente est\u00e1 em um momento bom. E tamb\u00e9m, em 2018, a OMS [Organiza\u00e7\u00e3o Mundial da Sa\u00fade] retirou a transgeneridade da pauta de doen\u00e7a mental, isso vem trazendo tamb\u00e9m uma vis\u00e3o diferente para todo mundo. Ent\u00e3o eu acho que a gente est\u00e1 em um momento bom e est\u00e1 todo mundo mais receptivo, a gente consegue discutir com mais conhecimento, de forma mais inteligente, e as pessoas come\u00e7am a entender que a diversidade \u00e9 normal. Todo mundo existe e o mundo \u00e9 diverso, e ningu\u00e9m precisa ficar se enquadrando a padr\u00f5es para ser igual a todo mundo.<\/p>\n<p><strong>Voc\u00ea tem algum epis\u00f3dio de preconceito, de opress\u00e3o no ambiente de trabalho, que voc\u00ea destacaria?<\/strong><\/p>\n<p>No ambiente de trabalho, felizmente, eu nunca passei nada. Posso ter sofrido algum preconceito velado que n\u00e3o chegou a mim de forma clara. Eu fiz essa mudan\u00e7a para S\u00e3o Paulo por imaginar que eu passaria por alguns problemas. Comecei a transi\u00e7\u00e3o dentro da pandemia e ent\u00e3o eu fiquei nesse per\u00edodo em casa, ent\u00e3o muita gente n\u00e3o via, e quando eu voltei pra base eu logo pedi transfer\u00eancia. Quando precisou voltar para o ambiente de trabalho eu j\u00e1 estava em um momento de transi\u00e7\u00e3o, o meu chefe \u00e9 uma pessoa \u00edmpar, ele me disse que n\u00e3o sabia se conseguiria fazer a transfer\u00eancia [de ger\u00eancia], mas que se eu quisesse passar por esse processo dentro da ger\u00eancia ele me apoiaria em tudo. Ent\u00e3o, assim, eu tive a sorte de estar com pessoas diferenciadas mesmo. Entendo que eu sou privilegiada neste aspecto e que muitas outras meninas n\u00e3o t\u00eam a mesma sorte que eu tive. Por isso eu optei por fazer a transfer\u00eancia dentro da ger\u00eancia, que eu j\u00e1 conhecia, que todo mundo j\u00e1 tinha uma receptividade melhor, do que trocar por uma ger\u00eancia que, de repente, houvesse algum preconceito quanto a isso. Dentro da empresa eu n\u00e3o tenho do que reclamar. Eu trabalho na ger\u00eancia de po\u00e7os, acredito que j\u00e1 \u00e9 uma ger\u00eancia que \u00e9 mais plural, mais\u2026 \u00d3bvio, \u00e9 um ambiente de escrit\u00f3rio, acho que o ambiente de escrit\u00f3rio tamb\u00e9m facilita isso, do que o ambiente embarcado, que \u00e9 um ambiente mais hostil. Mas eu sou apaixonada pela ger\u00eancia de po\u00e7os porque as pessoas t\u00eam mais conhecimento, tem menos preconceito talvez, ou se t\u00eam guardam para si. Felizmente eu n\u00e3o passei por nada dentro da empresa.<\/p>\n<p><strong>Ent\u00e3o a sua transi\u00e7\u00e3o foi bem recente. Como foi todo esse processo de decis\u00e3o?<\/strong><\/p>\n<p>\u00c9 um processo muito dif\u00edcil. N\u00e3o \u00e9 f\u00e1cil tomar essa decis\u00e3o de ir contra todos os privil\u00e9gios que est\u00e3o postos a\u00ed de uma sociedade patriarcal, faloc\u00eantrica. Hoje eu tenho 35 anos. Resolvi fazer recentemente porque foi o momento em que talvez eu estivesse mais forte, e at\u00e9 por conhecimento. Eu venho de uma cultura, essa cultura que a gente tem, patriarcal, eu cresci dentro da Igreja Cat\u00f3lica\u2026<\/p>\n<p><strong>Voc\u00ea \u00e9 de qual cidade?<\/strong><\/p>\n<p>Sou natural de Friburgo, morava em Rio das Ostras e trabalhava no PT [Parque de Tubos]. E o ambiente da igreja tamb\u00e9m \u00e9 muito hostil, e a Petrobr\u00e1s por ser em sua maioria masculina traz todo um receio se voc\u00ea vai ser aceita e tal. Sempre h\u00e1 esse questionamento se voc\u00ea est\u00e1 fazendo a coisa certa, porque voc\u00ea est\u00e1 indo contra todos os privil\u00e9gios, pro estar ligada ao feminino e \u00e0 minoria mesmo. Na verdade, eu criei for\u00e7as porque, dentro da pandemia, comecei a ter uns pensamentos, que eu imaginei que eu nunca teria, porque eu sou uma pessoa que gosto muito de viver e sou uma pessoa feliz, mas dentro da pandemia eu comecei a ter uns pensamentos de ter coragem de tirar a minha vida, a\u00ed eu imaginei que isso n\u00e3o estava certo e resolvi buscar ajuda profissional. Na verdade, eu j\u00e1 vinha buscando conhecimento sobre o assunto, essa coisa de ser de Friburgo, uma cidade com menos acesso \u00e0 informa\u00e7\u00e3o, uma cidade mais de interior, esses preconceitos ficam mais evidentes. Tanto que a expectativa de uma pessoa trans no Brasil \u00e9 de 35 anos, e no interior \u00e9 ainda menor. Eu tinha comigo esses preconceitos dessa cultura, dessa viv\u00eancia desse crescimento dentro desse ambiente desta sociedade que a gente tem. Eu tinha tamb\u00e9m esse preconceito quando falava de pessoas travestis, embora eu sempre me sentia como menina eu encontrei dentro da sociedade um lugar em que eu conseguia viver os privil\u00e9gios de ser uma pessoa branca, de nascer num corpo tido como masculino, embora estivesse escrito que eu n\u00e3o me encaixava naquele sistema bin\u00e1rio de g\u00eanero. A\u00ed, quando eu comecei a ter, n\u00e3o sei classificar se de fato foi uma depress\u00e3o, mas eu acredito que sim, eu comecei a buscar ajuda e, entre ser uma pessoa infeliz e tentar tirar minha vida eu preferi enfrentar todos esses preconceitos e ser de fato quem eu era. E felizmente eu tive muito apoio, na minha fam\u00edlia, na igreja, esse ambiente que eu imaginei que eu n\u00e3o fosse ter, que eu seria hostilizada, e felizmente foi muito bom. Mas \u00e9 muito tenso. A sociedade, por mais que tenha essa viv\u00eancia de estar em todos os lugares e ser muito bem recebida, existe uma opress\u00e3o, existe um medo de estar e ser hostilizada no ambiente. Porque a sociedade \u00e9 opressora, \u00e9 dif\u00edcil viver isso. Mas hoje eu sinto que eu fiz a escolha certa, de viver a minha verdade. Hoje eu sou uma pessoa bem feliz, bem segura de mim.<\/p>\n<p><strong>Existe algo que eu n\u00e3o tenha perguntado, mas voc\u00ea gostaria de dizer?<\/strong><\/p>\n<p>Acho que n\u00e3o. Falei tudo o que tinha que falar. Espero que a sociedade consiga entender que a gente \u00e9 diverso e que m\u00e3o precisa tentar ser igual a ningu\u00e9m. A diversidade nos torna maiores. \u00c9 isso.<\/p>\n<p>[Fotos: Luciana Fonseca \/ Via Imprensa do NF]<\/p>\n","protected":false},"excerpt":{"rendered":"Vitor Menezes \/ Imprensa do NF \u2013 Entre os muitos olhos atentos que participaram dos debates do 19\u00ba Congrenf (Congresso dos Petroleiros e Petroleiras do Norte Fluminense), na semana passada, em Maca\u00e9, estavam os profundos e negros como o petr\u00f3leo de Amanda Rodrigues, 35 anos, petroleira trans que foi uma das delegadas da base do&#8230; <a class=\"view-article\" href=\"http:\/\/www.sindipetroba.org.br\/2019\/petroleira-trans-conta-como-nao-e-facil-abrir-mao-de-privilegios-para-viver-a-sua-verdade\/\">Ver artigo<\/a>","protected":false},"author":7,"featured_media":21451,"comment_status":"closed","ping_status":"open","sticky":false,"template":"","format":"standard","meta":{"_et_pb_use_builder":"","_et_pb_old_content":"","_et_gb_content_width":"","footnotes":""},"categories":[1],"tags":[1807,32,1068,2701],"class_list":["post-21450","post","type-post","status-publish","format-standard","has-post-thumbnail","hentry","category-noticia","tag-movimento-sindical","tag-petrobras","tag-petroleira","tag-trans"],"yoast_head":"<!-- This site is optimized with the Yoast SEO plugin v27.3 - https:\/\/yoast.com\/product\/yoast-seo-wordpress\/ -->\n<title>Petroleira trans conta como n\u00e3o \u00e9 f\u00e1cil abrir m\u00e3o de privil\u00e9gios para viver a sua verdade - Sindipetro BA<\/title>\n<meta name=\"robots\" content=\"index, follow, max-snippet:-1, max-image-preview:large, max-video-preview:-1\" \/>\n<link rel=\"canonical\" href=\"http:\/\/www.sindipetroba.org.br\/2019\/petroleira-trans-conta-como-nao-e-facil-abrir-mao-de-privilegios-para-viver-a-sua-verdade\/\" \/>\n<meta property=\"og:locale\" content=\"pt_BR\" \/>\n<meta property=\"og:type\" content=\"article\" \/>\n<meta property=\"og:title\" content=\"Petroleira trans conta como n\u00e3o \u00e9 f\u00e1cil abrir m\u00e3o de privil\u00e9gios para viver a sua verdade - Sindipetro BA\" \/>\n<meta property=\"og:description\" content=\"Vitor Menezes \/ Imprensa do NF \u2013 Entre os muitos olhos atentos que participaram dos debates do 19\u00ba Congrenf (Congresso dos Petroleiros e Petroleiras do Norte Fluminense), na semana passada, em Maca\u00e9, estavam os profundos e negros como o petr\u00f3leo de Amanda Rodrigues, 35 anos, petroleira trans que foi uma das delegadas da base do... Ver artigo\" \/>\n<meta property=\"og:url\" content=\"http:\/\/www.sindipetroba.org.br\/2019\/petroleira-trans-conta-como-nao-e-facil-abrir-mao-de-privilegios-para-viver-a-sua-verdade\/\" \/>\n<meta property=\"og:site_name\" content=\"Sindipetro BA\" \/>\n<meta property=\"article:publisher\" content=\"https:\/\/www.facebook.com\/sindipetroBa\/\" \/>\n<meta property=\"article:published_time\" content=\"2023-07-11T18:34:35+00:00\" \/>\n<meta property=\"og:image\" content=\"http:\/\/www.sindipetroba.org.br\/2019\/wp-content\/uploads\/2023\/07\/WhatsApp-Image-2023-07-06-at-15.41.29-3-768x512-1.jpeg\" \/>\n\t<meta property=\"og:image:width\" content=\"768\" \/>\n\t<meta property=\"og:image:height\" content=\"512\" \/>\n\t<meta property=\"og:image:type\" content=\"image\/jpeg\" \/>\n<meta name=\"author\" content=\"ASCOM AL\" \/>\n<meta name=\"twitter:card\" content=\"summary_large_image\" \/>\n<meta name=\"twitter:creator\" content=\"@SindipetroBahia\" \/>\n<meta name=\"twitter:site\" content=\"@SindipetroBahia\" \/>\n<meta name=\"twitter:label1\" content=\"Escrito por\" \/>\n\t<meta name=\"twitter:data1\" content=\"ASCOM AL\" \/>\n\t<meta name=\"twitter:label2\" content=\"Est. tempo de leitura\" \/>\n\t<meta name=\"twitter:data2\" content=\"9 minutos\" \/>\n<script type=\"application\/ld+json\" class=\"yoast-schema-graph\">{\"@context\":\"https:\\\/\\\/schema.org\",\"@graph\":[{\"@type\":\"Article\",\"@id\":\"http:\\\/\\\/www.sindipetroba.org.br\\\/2019\\\/petroleira-trans-conta-como-nao-e-facil-abrir-mao-de-privilegios-para-viver-a-sua-verdade\\\/#article\",\"isPartOf\":{\"@id\":\"http:\\\/\\\/www.sindipetroba.org.br\\\/2019\\\/petroleira-trans-conta-como-nao-e-facil-abrir-mao-de-privilegios-para-viver-a-sua-verdade\\\/\"},\"author\":{\"name\":\"ASCOM AL\",\"@id\":\"http:\\\/\\\/www.sindipetroba.org.br\\\/2019\\\/#\\\/schema\\\/person\\\/b34be57a1332ab60188a340a09275241\"},\"headline\":\"Petroleira trans conta como n\u00e3o \u00e9 f\u00e1cil abrir m\u00e3o de privil\u00e9gios para viver a sua verdade\",\"datePublished\":\"2023-07-11T18:34:35+00:00\",\"mainEntityOfPage\":{\"@id\":\"http:\\\/\\\/www.sindipetroba.org.br\\\/2019\\\/petroleira-trans-conta-como-nao-e-facil-abrir-mao-de-privilegios-para-viver-a-sua-verdade\\\/\"},\"wordCount\":1617,\"publisher\":{\"@id\":\"http:\\\/\\\/www.sindipetroba.org.br\\\/2019\\\/#organization\"},\"image\":{\"@id\":\"http:\\\/\\\/www.sindipetroba.org.br\\\/2019\\\/petroleira-trans-conta-como-nao-e-facil-abrir-mao-de-privilegios-para-viver-a-sua-verdade\\\/#primaryimage\"},\"thumbnailUrl\":\"http:\\\/\\\/www.sindipetroba.org.br\\\/2019\\\/wp-content\\\/uploads\\\/2023\\\/07\\\/WhatsApp-Image-2023-07-06-at-15.41.29-3-768x512-1.jpeg\",\"keywords\":[\"movimento sindical\",\"petrobras\",\"petroleira\",\"trans\"],\"articleSection\":[\"Not\u00edcia\"],\"inLanguage\":\"pt-BR\"},{\"@type\":\"WebPage\",\"@id\":\"http:\\\/\\\/www.sindipetroba.org.br\\\/2019\\\/petroleira-trans-conta-como-nao-e-facil-abrir-mao-de-privilegios-para-viver-a-sua-verdade\\\/\",\"url\":\"http:\\\/\\\/www.sindipetroba.org.br\\\/2019\\\/petroleira-trans-conta-como-nao-e-facil-abrir-mao-de-privilegios-para-viver-a-sua-verdade\\\/\",\"name\":\"Petroleira trans conta como n\u00e3o \u00e9 f\u00e1cil abrir m\u00e3o de privil\u00e9gios para viver a sua verdade - Sindipetro BA\",\"isPartOf\":{\"@id\":\"http:\\\/\\\/www.sindipetroba.org.br\\\/2019\\\/#website\"},\"primaryImageOfPage\":{\"@id\":\"http:\\\/\\\/www.sindipetroba.org.br\\\/2019\\\/petroleira-trans-conta-como-nao-e-facil-abrir-mao-de-privilegios-para-viver-a-sua-verdade\\\/#primaryimage\"},\"image\":{\"@id\":\"http:\\\/\\\/www.sindipetroba.org.br\\\/2019\\\/petroleira-trans-conta-como-nao-e-facil-abrir-mao-de-privilegios-para-viver-a-sua-verdade\\\/#primaryimage\"},\"thumbnailUrl\":\"http:\\\/\\\/www.sindipetroba.org.br\\\/2019\\\/wp-content\\\/uploads\\\/2023\\\/07\\\/WhatsApp-Image-2023-07-06-at-15.41.29-3-768x512-1.jpeg\",\"datePublished\":\"2023-07-11T18:34:35+00:00\",\"breadcrumb\":{\"@id\":\"http:\\\/\\\/www.sindipetroba.org.br\\\/2019\\\/petroleira-trans-conta-como-nao-e-facil-abrir-mao-de-privilegios-para-viver-a-sua-verdade\\\/#breadcrumb\"},\"inLanguage\":\"pt-BR\",\"potentialAction\":[{\"@type\":\"ReadAction\",\"target\":[\"http:\\\/\\\/www.sindipetroba.org.br\\\/2019\\\/petroleira-trans-conta-como-nao-e-facil-abrir-mao-de-privilegios-para-viver-a-sua-verdade\\\/\"]}]},{\"@type\":\"ImageObject\",\"inLanguage\":\"pt-BR\",\"@id\":\"http:\\\/\\\/www.sindipetroba.org.br\\\/2019\\\/petroleira-trans-conta-como-nao-e-facil-abrir-mao-de-privilegios-para-viver-a-sua-verdade\\\/#primaryimage\",\"url\":\"http:\\\/\\\/www.sindipetroba.org.br\\\/2019\\\/wp-content\\\/uploads\\\/2023\\\/07\\\/WhatsApp-Image-2023-07-06-at-15.41.29-3-768x512-1.jpeg\",\"contentUrl\":\"http:\\\/\\\/www.sindipetroba.org.br\\\/2019\\\/wp-content\\\/uploads\\\/2023\\\/07\\\/WhatsApp-Image-2023-07-06-at-15.41.29-3-768x512-1.jpeg\",\"width\":768,\"height\":512},{\"@type\":\"BreadcrumbList\",\"@id\":\"http:\\\/\\\/www.sindipetroba.org.br\\\/2019\\\/petroleira-trans-conta-como-nao-e-facil-abrir-mao-de-privilegios-para-viver-a-sua-verdade\\\/#breadcrumb\",\"itemListElement\":[{\"@type\":\"ListItem\",\"position\":1,\"name\":\"In\u00edcio\",\"item\":\"http:\\\/\\\/www.sindipetroba.org.br\\\/2019\\\/\"},{\"@type\":\"ListItem\",\"position\":2,\"name\":\"Petroleira trans conta como n\u00e3o \u00e9 f\u00e1cil abrir m\u00e3o de privil\u00e9gios para viver a sua verdade\"}]},{\"@type\":\"WebSite\",\"@id\":\"http:\\\/\\\/www.sindipetroba.org.br\\\/2019\\\/#website\",\"url\":\"http:\\\/\\\/www.sindipetroba.org.br\\\/2019\\\/\",\"name\":\"Sindipetro BA\",\"description\":\"Sindicato dos Petroleiros e Petroleiras do Estado da Bahia\",\"publisher\":{\"@id\":\"http:\\\/\\\/www.sindipetroba.org.br\\\/2019\\\/#organization\"},\"potentialAction\":[{\"@type\":\"SearchAction\",\"target\":{\"@type\":\"EntryPoint\",\"urlTemplate\":\"http:\\\/\\\/www.sindipetroba.org.br\\\/2019\\\/?s={search_term_string}\"},\"query-input\":{\"@type\":\"PropertyValueSpecification\",\"valueRequired\":true,\"valueName\":\"search_term_string\"}}],\"inLanguage\":\"pt-BR\"},{\"@type\":\"Organization\",\"@id\":\"http:\\\/\\\/www.sindipetroba.org.br\\\/2019\\\/#organization\",\"name\":\"Sindipetro BA\",\"url\":\"http:\\\/\\\/www.sindipetroba.org.br\\\/2019\\\/\",\"logo\":{\"@type\":\"ImageObject\",\"inLanguage\":\"pt-BR\",\"@id\":\"http:\\\/\\\/www.sindipetroba.org.br\\\/2019\\\/#\\\/schema\\\/logo\\\/image\\\/\",\"url\":\"http:\\\/\\\/www.sindipetroba.org.br\\\/2019\\\/wp-content\\\/uploads\\\/2019\\\/01\\\/sindipetro-marca-cor.png\",\"contentUrl\":\"http:\\\/\\\/www.sindipetroba.org.br\\\/2019\\\/wp-content\\\/uploads\\\/2019\\\/01\\\/sindipetro-marca-cor.png\",\"width\":350,\"height\":126,\"caption\":\"Sindipetro BA\"},\"image\":{\"@id\":\"http:\\\/\\\/www.sindipetroba.org.br\\\/2019\\\/#\\\/schema\\\/logo\\\/image\\\/\"},\"sameAs\":[\"https:\\\/\\\/www.facebook.com\\\/sindipetroBa\\\/\",\"https:\\\/\\\/x.com\\\/SindipetroBahia\",\"https:\\\/\\\/www.instagram.com\\\/sindipetroba\\\/\",\"https:\\\/\\\/www.youtube.com\\\/c\\\/SindipetroBahiaOficial\"]},{\"@type\":\"Person\",\"@id\":\"http:\\\/\\\/www.sindipetroba.org.br\\\/2019\\\/#\\\/schema\\\/person\\\/b34be57a1332ab60188a340a09275241\",\"name\":\"ASCOM AL\",\"image\":{\"@type\":\"ImageObject\",\"inLanguage\":\"pt-BR\",\"@id\":\"https:\\\/\\\/secure.gravatar.com\\\/avatar\\\/7faf4b5e74f0ebf515009a1f27466f1b1ace10867d066a91562e822c805d3157?s=96&d=mm&r=g\",\"url\":\"https:\\\/\\\/secure.gravatar.com\\\/avatar\\\/7faf4b5e74f0ebf515009a1f27466f1b1ace10867d066a91562e822c805d3157?s=96&d=mm&r=g\",\"contentUrl\":\"https:\\\/\\\/secure.gravatar.com\\\/avatar\\\/7faf4b5e74f0ebf515009a1f27466f1b1ace10867d066a91562e822c805d3157?s=96&d=mm&r=g\",\"caption\":\"ASCOM AL\"},\"sameAs\":[\"http:\\\/\\\/www.sindipetroba.org.br\"]}]}<\/script>\n<!-- \/ Yoast SEO plugin. -->","yoast_head_json":{"title":"Petroleira trans conta como n\u00e3o \u00e9 f\u00e1cil abrir m\u00e3o de privil\u00e9gios para viver a sua verdade - Sindipetro BA","robots":{"index":"index","follow":"follow","max-snippet":"max-snippet:-1","max-image-preview":"max-image-preview:large","max-video-preview":"max-video-preview:-1"},"canonical":"http:\/\/www.sindipetroba.org.br\/2019\/petroleira-trans-conta-como-nao-e-facil-abrir-mao-de-privilegios-para-viver-a-sua-verdade\/","og_locale":"pt_BR","og_type":"article","og_title":"Petroleira trans conta como n\u00e3o \u00e9 f\u00e1cil abrir m\u00e3o de privil\u00e9gios para viver a sua verdade - Sindipetro BA","og_description":"Vitor Menezes \/ Imprensa do NF \u2013 Entre os muitos olhos atentos que participaram dos debates do 19\u00ba Congrenf (Congresso dos Petroleiros e Petroleiras do Norte Fluminense), na semana passada, em Maca\u00e9, estavam os profundos e negros como o petr\u00f3leo de Amanda Rodrigues, 35 anos, petroleira trans que foi uma das delegadas da base do... Ver artigo","og_url":"http:\/\/www.sindipetroba.org.br\/2019\/petroleira-trans-conta-como-nao-e-facil-abrir-mao-de-privilegios-para-viver-a-sua-verdade\/","og_site_name":"Sindipetro BA","article_publisher":"https:\/\/www.facebook.com\/sindipetroBa\/","article_published_time":"2023-07-11T18:34:35+00:00","og_image":[{"width":768,"height":512,"url":"http:\/\/www.sindipetroba.org.br\/2019\/wp-content\/uploads\/2023\/07\/WhatsApp-Image-2023-07-06-at-15.41.29-3-768x512-1.jpeg","type":"image\/jpeg"}],"author":"ASCOM AL","twitter_card":"summary_large_image","twitter_creator":"@SindipetroBahia","twitter_site":"@SindipetroBahia","twitter_misc":{"Escrito por":"ASCOM AL","Est. tempo de leitura":"9 minutos"},"schema":{"@context":"https:\/\/schema.org","@graph":[{"@type":"Article","@id":"http:\/\/www.sindipetroba.org.br\/2019\/petroleira-trans-conta-como-nao-e-facil-abrir-mao-de-privilegios-para-viver-a-sua-verdade\/#article","isPartOf":{"@id":"http:\/\/www.sindipetroba.org.br\/2019\/petroleira-trans-conta-como-nao-e-facil-abrir-mao-de-privilegios-para-viver-a-sua-verdade\/"},"author":{"name":"ASCOM AL","@id":"http:\/\/www.sindipetroba.org.br\/2019\/#\/schema\/person\/b34be57a1332ab60188a340a09275241"},"headline":"Petroleira trans conta como n\u00e3o \u00e9 f\u00e1cil abrir m\u00e3o de privil\u00e9gios para viver a sua verdade","datePublished":"2023-07-11T18:34:35+00:00","mainEntityOfPage":{"@id":"http:\/\/www.sindipetroba.org.br\/2019\/petroleira-trans-conta-como-nao-e-facil-abrir-mao-de-privilegios-para-viver-a-sua-verdade\/"},"wordCount":1617,"publisher":{"@id":"http:\/\/www.sindipetroba.org.br\/2019\/#organization"},"image":{"@id":"http:\/\/www.sindipetroba.org.br\/2019\/petroleira-trans-conta-como-nao-e-facil-abrir-mao-de-privilegios-para-viver-a-sua-verdade\/#primaryimage"},"thumbnailUrl":"http:\/\/www.sindipetroba.org.br\/2019\/wp-content\/uploads\/2023\/07\/WhatsApp-Image-2023-07-06-at-15.41.29-3-768x512-1.jpeg","keywords":["movimento sindical","petrobras","petroleira","trans"],"articleSection":["Not\u00edcia"],"inLanguage":"pt-BR"},{"@type":"WebPage","@id":"http:\/\/www.sindipetroba.org.br\/2019\/petroleira-trans-conta-como-nao-e-facil-abrir-mao-de-privilegios-para-viver-a-sua-verdade\/","url":"http:\/\/www.sindipetroba.org.br\/2019\/petroleira-trans-conta-como-nao-e-facil-abrir-mao-de-privilegios-para-viver-a-sua-verdade\/","name":"Petroleira trans conta como n\u00e3o \u00e9 f\u00e1cil abrir m\u00e3o de privil\u00e9gios para viver a sua verdade - Sindipetro BA","isPartOf":{"@id":"http:\/\/www.sindipetroba.org.br\/2019\/#website"},"primaryImageOfPage":{"@id":"http:\/\/www.sindipetroba.org.br\/2019\/petroleira-trans-conta-como-nao-e-facil-abrir-mao-de-privilegios-para-viver-a-sua-verdade\/#primaryimage"},"image":{"@id":"http:\/\/www.sindipetroba.org.br\/2019\/petroleira-trans-conta-como-nao-e-facil-abrir-mao-de-privilegios-para-viver-a-sua-verdade\/#primaryimage"},"thumbnailUrl":"http:\/\/www.sindipetroba.org.br\/2019\/wp-content\/uploads\/2023\/07\/WhatsApp-Image-2023-07-06-at-15.41.29-3-768x512-1.jpeg","datePublished":"2023-07-11T18:34:35+00:00","breadcrumb":{"@id":"http:\/\/www.sindipetroba.org.br\/2019\/petroleira-trans-conta-como-nao-e-facil-abrir-mao-de-privilegios-para-viver-a-sua-verdade\/#breadcrumb"},"inLanguage":"pt-BR","potentialAction":[{"@type":"ReadAction","target":["http:\/\/www.sindipetroba.org.br\/2019\/petroleira-trans-conta-como-nao-e-facil-abrir-mao-de-privilegios-para-viver-a-sua-verdade\/"]}]},{"@type":"ImageObject","inLanguage":"pt-BR","@id":"http:\/\/www.sindipetroba.org.br\/2019\/petroleira-trans-conta-como-nao-e-facil-abrir-mao-de-privilegios-para-viver-a-sua-verdade\/#primaryimage","url":"http:\/\/www.sindipetroba.org.br\/2019\/wp-content\/uploads\/2023\/07\/WhatsApp-Image-2023-07-06-at-15.41.29-3-768x512-1.jpeg","contentUrl":"http:\/\/www.sindipetroba.org.br\/2019\/wp-content\/uploads\/2023\/07\/WhatsApp-Image-2023-07-06-at-15.41.29-3-768x512-1.jpeg","width":768,"height":512},{"@type":"BreadcrumbList","@id":"http:\/\/www.sindipetroba.org.br\/2019\/petroleira-trans-conta-como-nao-e-facil-abrir-mao-de-privilegios-para-viver-a-sua-verdade\/#breadcrumb","itemListElement":[{"@type":"ListItem","position":1,"name":"In\u00edcio","item":"http:\/\/www.sindipetroba.org.br\/2019\/"},{"@type":"ListItem","position":2,"name":"Petroleira trans conta como n\u00e3o \u00e9 f\u00e1cil abrir m\u00e3o de privil\u00e9gios para viver a sua verdade"}]},{"@type":"WebSite","@id":"http:\/\/www.sindipetroba.org.br\/2019\/#website","url":"http:\/\/www.sindipetroba.org.br\/2019\/","name":"Sindipetro BA","description":"Sindicato dos Petroleiros e Petroleiras do Estado da Bahia","publisher":{"@id":"http:\/\/www.sindipetroba.org.br\/2019\/#organization"},"potentialAction":[{"@type":"SearchAction","target":{"@type":"EntryPoint","urlTemplate":"http:\/\/www.sindipetroba.org.br\/2019\/?s={search_term_string}"},"query-input":{"@type":"PropertyValueSpecification","valueRequired":true,"valueName":"search_term_string"}}],"inLanguage":"pt-BR"},{"@type":"Organization","@id":"http:\/\/www.sindipetroba.org.br\/2019\/#organization","name":"Sindipetro BA","url":"http:\/\/www.sindipetroba.org.br\/2019\/","logo":{"@type":"ImageObject","inLanguage":"pt-BR","@id":"http:\/\/www.sindipetroba.org.br\/2019\/#\/schema\/logo\/image\/","url":"http:\/\/www.sindipetroba.org.br\/2019\/wp-content\/uploads\/2019\/01\/sindipetro-marca-cor.png","contentUrl":"http:\/\/www.sindipetroba.org.br\/2019\/wp-content\/uploads\/2019\/01\/sindipetro-marca-cor.png","width":350,"height":126,"caption":"Sindipetro BA"},"image":{"@id":"http:\/\/www.sindipetroba.org.br\/2019\/#\/schema\/logo\/image\/"},"sameAs":["https:\/\/www.facebook.com\/sindipetroBa\/","https:\/\/x.com\/SindipetroBahia","https:\/\/www.instagram.com\/sindipetroba\/","https:\/\/www.youtube.com\/c\/SindipetroBahiaOficial"]},{"@type":"Person","@id":"http:\/\/www.sindipetroba.org.br\/2019\/#\/schema\/person\/b34be57a1332ab60188a340a09275241","name":"ASCOM AL","image":{"@type":"ImageObject","inLanguage":"pt-BR","@id":"https:\/\/secure.gravatar.com\/avatar\/7faf4b5e74f0ebf515009a1f27466f1b1ace10867d066a91562e822c805d3157?s=96&d=mm&r=g","url":"https:\/\/secure.gravatar.com\/avatar\/7faf4b5e74f0ebf515009a1f27466f1b1ace10867d066a91562e822c805d3157?s=96&d=mm&r=g","contentUrl":"https:\/\/secure.gravatar.com\/avatar\/7faf4b5e74f0ebf515009a1f27466f1b1ace10867d066a91562e822c805d3157?s=96&d=mm&r=g","caption":"ASCOM AL"},"sameAs":["http:\/\/www.sindipetroba.org.br"]}]}},"_links":{"self":[{"href":"http:\/\/www.sindipetroba.org.br\/2019\/wp-json\/wp\/v2\/posts\/21450","targetHints":{"allow":["GET"]}}],"collection":[{"href":"http:\/\/www.sindipetroba.org.br\/2019\/wp-json\/wp\/v2\/posts"}],"about":[{"href":"http:\/\/www.sindipetroba.org.br\/2019\/wp-json\/wp\/v2\/types\/post"}],"author":[{"embeddable":true,"href":"http:\/\/www.sindipetroba.org.br\/2019\/wp-json\/wp\/v2\/users\/7"}],"replies":[{"embeddable":true,"href":"http:\/\/www.sindipetroba.org.br\/2019\/wp-json\/wp\/v2\/comments?post=21450"}],"version-history":[{"count":1,"href":"http:\/\/www.sindipetroba.org.br\/2019\/wp-json\/wp\/v2\/posts\/21450\/revisions"}],"predecessor-version":[{"id":21452,"href":"http:\/\/www.sindipetroba.org.br\/2019\/wp-json\/wp\/v2\/posts\/21450\/revisions\/21452"}],"wp:featuredmedia":[{"embeddable":true,"href":"http:\/\/www.sindipetroba.org.br\/2019\/wp-json\/wp\/v2\/media\/21451"}],"wp:attachment":[{"href":"http:\/\/www.sindipetroba.org.br\/2019\/wp-json\/wp\/v2\/media?parent=21450"}],"wp:term":[{"taxonomy":"category","embeddable":true,"href":"http:\/\/www.sindipetroba.org.br\/2019\/wp-json\/wp\/v2\/categories?post=21450"},{"taxonomy":"post_tag","embeddable":true,"href":"http:\/\/www.sindipetroba.org.br\/2019\/wp-json\/wp\/v2\/tags?post=21450"}],"curies":[{"name":"wp","href":"https:\/\/api.w.org\/{rel}","templated":true}]}}