{"id":21703,"date":"2023-08-04T15:29:35","date_gmt":"2023-08-04T18:29:35","guid":{"rendered":"http:\/\/www.sindipetroba.org.br\/2019\/?p=21703"},"modified":"2023-08-04T15:29:35","modified_gmt":"2023-08-04T18:29:35","slug":"aos-70-anos-historia-da-petrobras-e-feita-pela-luta-dos-petroleiros-e-da-sociedade-em-sua-defesa","status":"publish","type":"post","link":"http:\/\/www.sindipetroba.org.br\/2019\/aos-70-anos-historia-da-petrobras-e-feita-pela-luta-dos-petroleiros-e-da-sociedade-em-sua-defesa\/","title":{"rendered":"Aos 70 anos, hist\u00f3ria da Petrobr\u00e1s \u00e9 feita pela luta dos petroleiros e da sociedade em sua defesa"},"content":{"rendered":"<p><strong>Debate que abriu o segundo dia do XIX Confup mostrou que as lutas pol\u00edticas e por direitos n\u00e3o podem ser dissociadas, pois ambas s\u00e3o alicerce da defesa da Petrobr\u00e1s, enquanto empresa p\u00fablica e socialmente respons\u00e1vel<\/strong><\/p>\n<p><em>[Por Vitor Menezes, da imprensa do Sindipetro NF]<\/em><\/p>\n<p>A Petrobr\u00e1s completa 70 anos no dia 3 de outubro deste 2023. Sua trajet\u00f3ria, marcada desde o in\u00edcio por resist\u00eancia popular aos interesses estrangeiros do setor petr\u00f3leo, continua a impor vigil\u00e2ncia e defesa, como demonstra mesa que debateu o tema, na manh\u00e3 de hoje, durante o XIX Confup (Congresso da Federa\u00e7\u00e3o \u00danica dos Petroleiros).<\/p>\n<p>Quarto painel do evento que come\u00e7ou ontem e segue at\u00e9 o pr\u00f3ximo domingo, \u201cos 70 anos da Petrobr\u00e1s: passado, presente e futuro que queremos\u201d foram debatidos pelo ex-coordenador da FUP, Jo\u00e3o Ant\u00f4nio de Moraes, e pelo diretor t\u00e9cnico do Ineep (Instituto de Estudos Estrat\u00e9gicos de Petr\u00f3leo, G\u00e1s Natural e Biocombust\u00edveis), Mahatma Ramos dos Santos, com modera\u00e7\u00e3o da coordenadora do Sindipetro-BA, Elisabete Sacramento, e do diretor do Sindipetro-NF, Marcelo Nunes.<\/p>\n<p>Moraes tra\u00e7ou uma panor\u00e2mica hist\u00f3rica da Petrobr\u00e1s, partindo da centralidade das lutas dos petroleiros e das petroleiras pela manuten\u00e7\u00e3o do papel p\u00fablico e social da companhia ao longo das d\u00e9cadas, com destaques para as greves de 1963, 1983 e 1995.<\/p>\n<p>Antes, no entanto, o sindicalista reconheceu o grande papel da press\u00e3o exercida por toda a sociedade na cria\u00e7\u00e3o da companhia. \u201cA hist\u00f3ria da nossa empresa \u00e9 essencialmente uma hist\u00f3ria de luta pol\u00edtica. N\u00e3o h\u00e1 nenhum outro caso que tenha tido tanta disputa pol\u00edtica quanto a Petrobr\u00e1s [\u2026]. Getulio Vargas foi pressionado pela sociedade. Inicialmente ele era contra, n\u00e3o s\u00f3 \u00e0 cria\u00e7\u00e3o, mas ao monop\u00f3lio. A luta tomou tal tamanho que a disputa ficou para quem apresentava o projeto mais avan\u00e7ado\u201d, relata.<\/p>\n<p>Moraes relembra que, na greve de 1963, al\u00e9m da equipara\u00e7\u00e3o de direitos entre refinarias privadas e as duas refinarias da Petrobr\u00e1s, a categoria reivindicava a pr\u00f3pria encampa\u00e7\u00e3o das refinarias privadas pela companhia \u2014 o que vir\u00e1 a acontecer no governo Jo\u00e3o Goulart mas ser\u00e1 revertido pela ditadura implantada pelo golpe de 1964.<\/p>\n<div id=\"gallery-1\" class=\"gallery galleryid-44091 gallery-columns-3 gallery-size-medium\">\n<figure class=\"gallery-item\">\n<div class=\"gallery-icon landscape\"><a href=\"https:\/\/sindipetronf.org.br\/xix-confup-aos-70-anos-historia-da-petrobras-e-feita-pela-luta-dos-petroleiros-e-da-sociedade-em-sua-defesa\/whatsapp-image-2023-08-04-at-12-29-09\/\"><img loading=\"lazy\" decoding=\"async\" class=\"attachment-medium size-medium\" src=\"https:\/\/sindipetronf.org.br\/wp-content\/uploads\/2023\/08\/WhatsApp-Image-2023-08-04-at-12.29.09-300x200.jpeg\" sizes=\"(max-width: 300px) 100vw, 300px\" srcset=\"https:\/\/sindipetronf.org.br\/wp-content\/uploads\/2023\/08\/WhatsApp-Image-2023-08-04-at-12.29.09-300x200.jpeg 300w, https:\/\/sindipetronf.org.br\/wp-content\/uploads\/2023\/08\/WhatsApp-Image-2023-08-04-at-12.29.09-1024x682.jpeg 1024w, https:\/\/sindipetronf.org.br\/wp-content\/uploads\/2023\/08\/WhatsApp-Image-2023-08-04-at-12.29.09-768x512.jpeg 768w, https:\/\/sindipetronf.org.br\/wp-content\/uploads\/2023\/08\/WhatsApp-Image-2023-08-04-at-12.29.09-1536x1023.jpeg 1536w, https:\/\/sindipetronf.org.br\/wp-content\/uploads\/2023\/08\/WhatsApp-Image-2023-08-04-at-12.29.09.jpeg 1600w\" alt=\"\" width=\"300\" height=\"200\" \/><\/a><\/div>\n<\/figure>\n<figure class=\"gallery-item\">\n<div class=\"gallery-icon landscape\"><a href=\"https:\/\/sindipetronf.org.br\/xix-confup-aos-70-anos-historia-da-petrobras-e-feita-pela-luta-dos-petroleiros-e-da-sociedade-em-sua-defesa\/whatsapp-image-2023-08-04-at-12-29-09-1\/\"><img loading=\"lazy\" decoding=\"async\" class=\"attachment-medium size-medium\" src=\"https:\/\/sindipetronf.org.br\/wp-content\/uploads\/2023\/08\/WhatsApp-Image-2023-08-04-at-12.29.09-1-300x200.jpeg\" sizes=\"(max-width: 300px) 100vw, 300px\" srcset=\"https:\/\/sindipetronf.org.br\/wp-content\/uploads\/2023\/08\/WhatsApp-Image-2023-08-04-at-12.29.09-1-300x200.jpeg 300w, https:\/\/sindipetronf.org.br\/wp-content\/uploads\/2023\/08\/WhatsApp-Image-2023-08-04-at-12.29.09-1-1024x682.jpeg 1024w, https:\/\/sindipetronf.org.br\/wp-content\/uploads\/2023\/08\/WhatsApp-Image-2023-08-04-at-12.29.09-1-768x512.jpeg 768w, https:\/\/sindipetronf.org.br\/wp-content\/uploads\/2023\/08\/WhatsApp-Image-2023-08-04-at-12.29.09-1-1536x1023.jpeg 1536w, https:\/\/sindipetronf.org.br\/wp-content\/uploads\/2023\/08\/WhatsApp-Image-2023-08-04-at-12.29.09-1.jpeg 1600w\" alt=\"\" width=\"300\" height=\"200\" \/><\/a><\/div>\n<\/figure>\n<figure class=\"gallery-item\">\n<div class=\"gallery-icon landscape\"><a href=\"https:\/\/sindipetronf.org.br\/xix-confup-aos-70-anos-historia-da-petrobras-e-feita-pela-luta-dos-petroleiros-e-da-sociedade-em-sua-defesa\/whatsapp-image-2023-08-04-at-12-29-09-2\/\"><img loading=\"lazy\" decoding=\"async\" class=\"attachment-medium size-medium\" src=\"https:\/\/sindipetronf.org.br\/wp-content\/uploads\/2023\/08\/WhatsApp-Image-2023-08-04-at-12.29.09-2-300x200.jpeg\" sizes=\"(max-width: 300px) 100vw, 300px\" srcset=\"https:\/\/sindipetronf.org.br\/wp-content\/uploads\/2023\/08\/WhatsApp-Image-2023-08-04-at-12.29.09-2-300x200.jpeg 300w, https:\/\/sindipetronf.org.br\/wp-content\/uploads\/2023\/08\/WhatsApp-Image-2023-08-04-at-12.29.09-2-1024x682.jpeg 1024w, https:\/\/sindipetronf.org.br\/wp-content\/uploads\/2023\/08\/WhatsApp-Image-2023-08-04-at-12.29.09-2-768x512.jpeg 768w, https:\/\/sindipetronf.org.br\/wp-content\/uploads\/2023\/08\/WhatsApp-Image-2023-08-04-at-12.29.09-2-1536x1023.jpeg 1536w, https:\/\/sindipetronf.org.br\/wp-content\/uploads\/2023\/08\/WhatsApp-Image-2023-08-04-at-12.29.09-2.jpeg 1600w\" alt=\"\" width=\"300\" height=\"200\" \/><\/a><\/div>\n<\/figure>\n<figure class=\"gallery-item\">\n<div class=\"gallery-icon landscape\"><a href=\"https:\/\/sindipetronf.org.br\/xix-confup-aos-70-anos-historia-da-petrobras-e-feita-pela-luta-dos-petroleiros-e-da-sociedade-em-sua-defesa\/whatsapp-image-2023-08-04-at-12-29-10\/\"><img loading=\"lazy\" decoding=\"async\" class=\"attachment-medium size-medium\" src=\"https:\/\/sindipetronf.org.br\/wp-content\/uploads\/2023\/08\/WhatsApp-Image-2023-08-04-at-12.29.10-300x200.jpeg\" sizes=\"(max-width: 300px) 100vw, 300px\" srcset=\"https:\/\/sindipetronf.org.br\/wp-content\/uploads\/2023\/08\/WhatsApp-Image-2023-08-04-at-12.29.10-300x200.jpeg 300w, https:\/\/sindipetronf.org.br\/wp-content\/uploads\/2023\/08\/WhatsApp-Image-2023-08-04-at-12.29.10-1024x682.jpeg 1024w, https:\/\/sindipetronf.org.br\/wp-content\/uploads\/2023\/08\/WhatsApp-Image-2023-08-04-at-12.29.10-768x512.jpeg 768w, https:\/\/sindipetronf.org.br\/wp-content\/uploads\/2023\/08\/WhatsApp-Image-2023-08-04-at-12.29.10-1536x1023.jpeg 1536w, https:\/\/sindipetronf.org.br\/wp-content\/uploads\/2023\/08\/WhatsApp-Image-2023-08-04-at-12.29.10.jpeg 1600w\" alt=\"\" width=\"300\" height=\"200\" \/><\/a><\/div>\n<\/figure>\n<figure class=\"gallery-item\">\n<div class=\"gallery-icon landscape\"><a href=\"https:\/\/sindipetronf.org.br\/xix-confup-aos-70-anos-historia-da-petrobras-e-feita-pela-luta-dos-petroleiros-e-da-sociedade-em-sua-defesa\/whatsapp-image-2023-08-04-at-12-29-10-1\/\"><img loading=\"lazy\" decoding=\"async\" class=\"attachment-medium size-medium\" src=\"https:\/\/sindipetronf.org.br\/wp-content\/uploads\/2023\/08\/WhatsApp-Image-2023-08-04-at-12.29.10-1-300x200.jpeg\" sizes=\"(max-width: 300px) 100vw, 300px\" srcset=\"https:\/\/sindipetronf.org.br\/wp-content\/uploads\/2023\/08\/WhatsApp-Image-2023-08-04-at-12.29.10-1-300x200.jpeg 300w, https:\/\/sindipetronf.org.br\/wp-content\/uploads\/2023\/08\/WhatsApp-Image-2023-08-04-at-12.29.10-1-1024x682.jpeg 1024w, https:\/\/sindipetronf.org.br\/wp-content\/uploads\/2023\/08\/WhatsApp-Image-2023-08-04-at-12.29.10-1-768x512.jpeg 768w, https:\/\/sindipetronf.org.br\/wp-content\/uploads\/2023\/08\/WhatsApp-Image-2023-08-04-at-12.29.10-1-1536x1023.jpeg 1536w, https:\/\/sindipetronf.org.br\/wp-content\/uploads\/2023\/08\/WhatsApp-Image-2023-08-04-at-12.29.10-1.jpeg 1600w\" alt=\"\" width=\"300\" height=\"200\" \/><\/a><\/div>\n<\/figure>\n<figure class=\"gallery-item\">\n<div class=\"gallery-icon landscape\"><a href=\"https:\/\/sindipetronf.org.br\/xix-confup-aos-70-anos-historia-da-petrobras-e-feita-pela-luta-dos-petroleiros-e-da-sociedade-em-sua-defesa\/whatsapp-image-2023-08-04-at-12-29-11\/\"><img loading=\"lazy\" decoding=\"async\" class=\"attachment-medium size-medium\" src=\"https:\/\/sindipetronf.org.br\/wp-content\/uploads\/2023\/08\/WhatsApp-Image-2023-08-04-at-12.29.11-300x200.jpeg\" sizes=\"(max-width: 300px) 100vw, 300px\" srcset=\"https:\/\/sindipetronf.org.br\/wp-content\/uploads\/2023\/08\/WhatsApp-Image-2023-08-04-at-12.29.11-300x200.jpeg 300w, https:\/\/sindipetronf.org.br\/wp-content\/uploads\/2023\/08\/WhatsApp-Image-2023-08-04-at-12.29.11-1024x682.jpeg 1024w, https:\/\/sindipetronf.org.br\/wp-content\/uploads\/2023\/08\/WhatsApp-Image-2023-08-04-at-12.29.11-768x512.jpeg 768w, https:\/\/sindipetronf.org.br\/wp-content\/uploads\/2023\/08\/WhatsApp-Image-2023-08-04-at-12.29.11-1536x1023.jpeg 1536w, https:\/\/sindipetronf.org.br\/wp-content\/uploads\/2023\/08\/WhatsApp-Image-2023-08-04-at-12.29.11.jpeg 1600w\" alt=\"\" width=\"300\" height=\"200\" \/><\/a><\/div>\n<\/figure>\n<\/div>\n<p>Na greve de 1983, ap\u00f3s uma redu\u00e7\u00e3o brutal nos direitos dos trabalhadores, a categoria petroleira acabou por gerar uma onda de solidariedade, somando metal\u00fargicos, banc\u00e1rios e metrovi\u00e1rios, que foi essencial para enterrar de vez o regime militar.<\/p>\n<p>\u201cOs metal\u00fargicos estavam em um congresso em Piracicaba e decretaram greve de solidariedade aos petroleiros. A revolta do sistema com a solidariedade foi ainda maior. Levando ao fechamento de sindicatos de petroleiros, metal\u00fargicos, banc\u00e1rios, metrovi\u00e1rios, mas aquela greve foi a p\u00e1 de cal do regime. A greve se encerra melancolicamente, mas acaba por levar a uma greve geral que fundou a CUT\u201d, exp\u00f5e Moraes.<\/p>\n<p>E em 1995, sob o governo de Fernando Henrique Cardoso, na greve que cobrou o cumprimento de acordo firmado no governo anterior, de Itamar Franco, a categoria realizou uma grande resist\u00eancia \u00e0 privatiza\u00e7\u00e3o. A greve, considerada maior do setor petr\u00f3leo no mundo, durou 32 dias e enfrentou rea\u00e7\u00e3o governamental violenta.<br \/>\n\u201cH\u00e1 quem diga que foi a maior greve no mundo no setor petr\u00f3leo, com 90% de ades\u00e3o, paralisou tudo, um enfrentamento muito forte ao governo. No dia 24 de maio, na tentativa de abalar o movimento, o governo ocupou quatro refinarias com tropas militares, tr\u00eas em S\u00e3o Paulo e uma no Paran\u00e1, mas a greve continuou e no dia 26 de maio o TST julgou a abusividade da greve, que apesar de ser uma greve basicamente pelo cumprimento do acordo, tinha tamb\u00e9m como pauta a n\u00e3o privatiza\u00e7\u00e3o da Petrobr\u00e1s\u201d, explica.<\/p>\n<p>\u201cO que resta desse resgate dos 70 anos da Petrobr\u00e1s, com certeza, a li\u00e7\u00e3o mais importante, \u00e9 a da import\u00e2ncia da luta pol\u00edtica agregada \u00e0s lutas pelos direitos imediatos. N\u00e3o podem ser dissociadas. Em defesa da classe trabalhadora e em defesa do pa\u00eds\u201d, conclui o sindicalista.<\/p>\n<h3><strong>Cen\u00e1rio atual e perspectivas<\/strong><\/h3>\n<p>Ap\u00f3s o mergulho hist\u00f3rico proporcionado pela exposi\u00e7\u00e3o de Jo\u00e3o Moraes, a mesa de debate entrou, com a fala do pesquisador Mahatma Ramos, em uma avalia\u00e7\u00e3o de conjuntura e uma identifica\u00e7\u00e3o de uma mudan\u00e7a de rumo para a Petrobr\u00e1s.<\/p>\n<p>O diretor t\u00e9cnico do Ineep afirmou que \u201ch\u00e1 uma crescente tens\u00e3o entre as na\u00e7\u00f5es mais poderosas e a quest\u00e3o energ\u00e9tica e do petr\u00f3leo est\u00e3o no centro desses embates no mundo, em plena mudan\u00e7a geopol\u00edtica, mudan\u00e7a tecnol\u00f3gica, de amplia\u00e7\u00e3o de rota tecnol\u00f3gica, avan\u00e7os de uma agenda de pesquisas e debate, mas sobretudo de pol\u00edtica de transi\u00e7\u00e3o energ\u00e9tica\u201d.<\/p>\n<p>Defendendo a centralidade do pa\u00eds e da Petrobr\u00e1s neste cen\u00e1rio, Mahatma lembrou que \u201co Brasil est\u00e1 hoje na condi\u00e7\u00e3o de ser o 9\u00ba maior produtor de petr\u00f3leo, com 3,3% da produ\u00e7\u00e3o global, \u00e9 o 8\u00ba maior consumidor, o 9\u00ba em capacidade de refino, o 16\u00ba em reservas provadas de petr\u00f3leo. N\u00e3o \u00e9 um pa\u00eds qualquer e a Petrobr\u00e1s n\u00e3o \u00e9 uma empresa qualquer\u201d.<\/p>\n<p>O pesquisador demonstrou que a empresa passou em sua hist\u00f3ria recente por um grande ciclo de crescimento, com a descoberta do pr\u00e9-sal, com grande aumento dos investimentos e dos empregos, seguido, ap\u00f3s o golpe de 2016 e da Opera\u00e7\u00e3o Lava Jato, de um ciclo de desmonte e desnacionaliza\u00e7\u00e3o.<\/p>\n<p>Agora, sob o terceiro governo Lula, a pr\u00f3pria iniciativa privada clama pelo retorno de um protagonismo da Petrobr\u00e1s. \u201cHoje, depois de um processo de desmonte e desnacionaliza\u00e7\u00e3o, fala-se em neoindustrializa\u00e7\u00e3o do Brasil. \u00c9 a primeira demanda do setor privado, que em 2016 foi colocado como vanguarda e est\u00e3o falando hoje que n\u00e3o t\u00eam capacidade de investimento, que a Petrobr\u00e1s tem que investir, como a galinha dos ovos de ouro\u201d, afirma.<\/p>\n<p>Neste primeiro semestre de 2023, algumas mudan\u00e7as sinalizam uma virada de perspectiva para a Petrobr\u00e1s. Houve an\u00fancio de lucro de R$ 28,7 bilh\u00f5es, uma queda de 47% no lucro l\u00edquido, em raz\u00e3o da queda do pre\u00e7o do barril do petr\u00f3leo no mercado internacional e da mudan\u00e7a da pol\u00edtica comercial da companhia, que resultou na redu\u00e7\u00e3o de pre\u00e7os ao consumidor. Houve ainda redu\u00e7\u00e3o de 83% na distribui\u00e7\u00e3o de dividendos aos acionistas.<\/p>\n<p>A companhia, portanto, passou a refrear os impulsos por lucros de curto prazo e distribui\u00e7\u00f5es de dividendos vultosos aos acionistas, e a assumir um papel mais estrat\u00e9gico na defesa dos interesses nacionais, que se reflete, por exemplo, no crescimento de quase 6% no volume de investimento no segundo trimestre de 2023, na compara\u00e7\u00e3o com o segundo trimestre de 2022. \u201cVemos mudan\u00e7as que apontam na dire\u00e7\u00e3o das demandas hist\u00f3rica da FUP\u201d, avalia o pesquisador.<\/p>\n<p><strong>Assista a \u00edntegra:<\/p>\n<p><iframe loading=\"lazy\" title=\"\u201cOs 70 anos da Petrobr\u00e1s: passado, presente e futuro que queremos\u201d | Mesa 2\" width=\"900\" height=\"506\" src=\"https:\/\/www.youtube.com\/embed\/JGvlDOUmjx8?feature=oembed\" frameborder=\"0\" allow=\"accelerometer; autoplay; clipboard-write; encrypted-media; gyroscope; picture-in-picture; web-share\" allowfullscreen><\/iframe><br \/>\n<\/strong><\/p>\n","protected":false},"excerpt":{"rendered":"Debate que abriu o segundo dia do XIX Confup mostrou que as lutas pol\u00edticas e por direitos n\u00e3o podem ser dissociadas, pois ambas s\u00e3o alicerce da defesa da Petrobr\u00e1s, enquanto empresa p\u00fablica e socialmente respons\u00e1vel [Por Vitor Menezes, da imprensa do Sindipetro NF] A Petrobr\u00e1s completa 70 anos no dia 3 de outubro deste 2023&#8230;. <a class=\"view-article\" href=\"http:\/\/www.sindipetroba.org.br\/2019\/aos-70-anos-historia-da-petrobras-e-feita-pela-luta-dos-petroleiros-e-da-sociedade-em-sua-defesa\/\">Ver artigo<\/a>","protected":false},"author":7,"featured_media":21704,"comment_status":"closed","ping_status":"open","sticky":false,"template":"","format":"standard","meta":{"_et_pb_use_builder":"","_et_pb_old_content":"","_et_gb_content_width":"","footnotes":""},"categories":[1],"tags":[2746,70,32,2739],"class_list":["post-21703","post","type-post","status-publish","format-standard","has-post-thumbnail","hentry","category-noticia","tag-70-anos-da-petrobras","tag-fup","tag-petrobras","tag-xix-confup"],"yoast_head":"<!-- This site is optimized with the Yoast SEO plugin v27.3 - https:\/\/yoast.com\/product\/yoast-seo-wordpress\/ -->\n<title>Aos 70 anos, hist\u00f3ria da Petrobr\u00e1s \u00e9 feita pela luta dos petroleiros e da sociedade em sua defesa - Sindipetro BA<\/title>\n<meta name=\"robots\" content=\"index, follow, max-snippet:-1, max-image-preview:large, max-video-preview:-1\" \/>\n<link rel=\"canonical\" href=\"http:\/\/www.sindipetroba.org.br\/2019\/aos-70-anos-historia-da-petrobras-e-feita-pela-luta-dos-petroleiros-e-da-sociedade-em-sua-defesa\/\" \/>\n<meta property=\"og:locale\" content=\"pt_BR\" \/>\n<meta property=\"og:type\" content=\"article\" \/>\n<meta property=\"og:title\" content=\"Aos 70 anos, hist\u00f3ria da Petrobr\u00e1s \u00e9 feita pela luta dos petroleiros e da sociedade em sua defesa - Sindipetro BA\" \/>\n<meta property=\"og:description\" content=\"Debate que abriu o segundo dia do XIX Confup mostrou que as lutas pol\u00edticas e por direitos n\u00e3o podem ser dissociadas, pois ambas s\u00e3o alicerce da defesa da Petrobr\u00e1s, enquanto empresa p\u00fablica e socialmente respons\u00e1vel [Por Vitor Menezes, da imprensa do Sindipetro NF] A Petrobr\u00e1s completa 70 anos no dia 3 de outubro deste 2023.... Ver artigo\" \/>\n<meta property=\"og:url\" content=\"http:\/\/www.sindipetroba.org.br\/2019\/aos-70-anos-historia-da-petrobras-e-feita-pela-luta-dos-petroleiros-e-da-sociedade-em-sua-defesa\/\" \/>\n<meta property=\"og:site_name\" content=\"Sindipetro BA\" \/>\n<meta property=\"article:publisher\" content=\"https:\/\/www.facebook.com\/sindipetroBa\/\" \/>\n<meta property=\"article:published_time\" content=\"2023-08-04T18:29:35+00:00\" \/>\n<meta property=\"og:image\" content=\"http:\/\/www.sindipetroba.org.br\/2019\/wp-content\/uploads\/2023\/08\/luciana-fonseca-2-768x512-1.jpg\" \/>\n\t<meta property=\"og:image:width\" content=\"768\" \/>\n\t<meta property=\"og:image:height\" content=\"512\" \/>\n\t<meta property=\"og:image:type\" content=\"image\/jpeg\" \/>\n<meta name=\"author\" content=\"ASCOM AL\" \/>\n<meta name=\"twitter:card\" content=\"summary_large_image\" \/>\n<meta name=\"twitter:creator\" content=\"@SindipetroBahia\" \/>\n<meta name=\"twitter:site\" content=\"@SindipetroBahia\" \/>\n<meta name=\"twitter:label1\" content=\"Escrito por\" \/>\n\t<meta name=\"twitter:data1\" content=\"ASCOM AL\" \/>\n\t<meta name=\"twitter:label2\" content=\"Est. tempo de leitura\" \/>\n\t<meta name=\"twitter:data2\" content=\"8 minutos\" \/>\n<script type=\"application\/ld+json\" class=\"yoast-schema-graph\">{\"@context\":\"https:\\\/\\\/schema.org\",\"@graph\":[{\"@type\":\"Article\",\"@id\":\"http:\\\/\\\/www.sindipetroba.org.br\\\/2019\\\/aos-70-anos-historia-da-petrobras-e-feita-pela-luta-dos-petroleiros-e-da-sociedade-em-sua-defesa\\\/#article\",\"isPartOf\":{\"@id\":\"http:\\\/\\\/www.sindipetroba.org.br\\\/2019\\\/aos-70-anos-historia-da-petrobras-e-feita-pela-luta-dos-petroleiros-e-da-sociedade-em-sua-defesa\\\/\"},\"author\":{\"name\":\"ASCOM AL\",\"@id\":\"http:\\\/\\\/www.sindipetroba.org.br\\\/2019\\\/#\\\/schema\\\/person\\\/b34be57a1332ab60188a340a09275241\"},\"headline\":\"Aos 70 anos, hist\u00f3ria da Petrobr\u00e1s \u00e9 feita pela luta dos petroleiros e da sociedade em sua defesa\",\"datePublished\":\"2023-08-04T18:29:35+00:00\",\"mainEntityOfPage\":{\"@id\":\"http:\\\/\\\/www.sindipetroba.org.br\\\/2019\\\/aos-70-anos-historia-da-petrobras-e-feita-pela-luta-dos-petroleiros-e-da-sociedade-em-sua-defesa\\\/\"},\"wordCount\":1204,\"publisher\":{\"@id\":\"http:\\\/\\\/www.sindipetroba.org.br\\\/2019\\\/#organization\"},\"image\":{\"@id\":\"http:\\\/\\\/www.sindipetroba.org.br\\\/2019\\\/aos-70-anos-historia-da-petrobras-e-feita-pela-luta-dos-petroleiros-e-da-sociedade-em-sua-defesa\\\/#primaryimage\"},\"thumbnailUrl\":\"http:\\\/\\\/www.sindipetroba.org.br\\\/2019\\\/wp-content\\\/uploads\\\/2023\\\/08\\\/luciana-fonseca-2-768x512-1.jpg\",\"keywords\":[\"70 anos da Petrobr\u00e1s\",\"FUP\",\"petrobras\",\"XIX Confup\"],\"articleSection\":[\"Not\u00edcia\"],\"inLanguage\":\"pt-BR\"},{\"@type\":\"WebPage\",\"@id\":\"http:\\\/\\\/www.sindipetroba.org.br\\\/2019\\\/aos-70-anos-historia-da-petrobras-e-feita-pela-luta-dos-petroleiros-e-da-sociedade-em-sua-defesa\\\/\",\"url\":\"http:\\\/\\\/www.sindipetroba.org.br\\\/2019\\\/aos-70-anos-historia-da-petrobras-e-feita-pela-luta-dos-petroleiros-e-da-sociedade-em-sua-defesa\\\/\",\"name\":\"Aos 70 anos, hist\u00f3ria da Petrobr\u00e1s \u00e9 feita pela luta dos petroleiros e da sociedade em sua defesa - Sindipetro BA\",\"isPartOf\":{\"@id\":\"http:\\\/\\\/www.sindipetroba.org.br\\\/2019\\\/#website\"},\"primaryImageOfPage\":{\"@id\":\"http:\\\/\\\/www.sindipetroba.org.br\\\/2019\\\/aos-70-anos-historia-da-petrobras-e-feita-pela-luta-dos-petroleiros-e-da-sociedade-em-sua-defesa\\\/#primaryimage\"},\"image\":{\"@id\":\"http:\\\/\\\/www.sindipetroba.org.br\\\/2019\\\/aos-70-anos-historia-da-petrobras-e-feita-pela-luta-dos-petroleiros-e-da-sociedade-em-sua-defesa\\\/#primaryimage\"},\"thumbnailUrl\":\"http:\\\/\\\/www.sindipetroba.org.br\\\/2019\\\/wp-content\\\/uploads\\\/2023\\\/08\\\/luciana-fonseca-2-768x512-1.jpg\",\"datePublished\":\"2023-08-04T18:29:35+00:00\",\"breadcrumb\":{\"@id\":\"http:\\\/\\\/www.sindipetroba.org.br\\\/2019\\\/aos-70-anos-historia-da-petrobras-e-feita-pela-luta-dos-petroleiros-e-da-sociedade-em-sua-defesa\\\/#breadcrumb\"},\"inLanguage\":\"pt-BR\",\"potentialAction\":[{\"@type\":\"ReadAction\",\"target\":[\"http:\\\/\\\/www.sindipetroba.org.br\\\/2019\\\/aos-70-anos-historia-da-petrobras-e-feita-pela-luta-dos-petroleiros-e-da-sociedade-em-sua-defesa\\\/\"]}]},{\"@type\":\"ImageObject\",\"inLanguage\":\"pt-BR\",\"@id\":\"http:\\\/\\\/www.sindipetroba.org.br\\\/2019\\\/aos-70-anos-historia-da-petrobras-e-feita-pela-luta-dos-petroleiros-e-da-sociedade-em-sua-defesa\\\/#primaryimage\",\"url\":\"http:\\\/\\\/www.sindipetroba.org.br\\\/2019\\\/wp-content\\\/uploads\\\/2023\\\/08\\\/luciana-fonseca-2-768x512-1.jpg\",\"contentUrl\":\"http:\\\/\\\/www.sindipetroba.org.br\\\/2019\\\/wp-content\\\/uploads\\\/2023\\\/08\\\/luciana-fonseca-2-768x512-1.jpg\",\"width\":768,\"height\":512},{\"@type\":\"BreadcrumbList\",\"@id\":\"http:\\\/\\\/www.sindipetroba.org.br\\\/2019\\\/aos-70-anos-historia-da-petrobras-e-feita-pela-luta-dos-petroleiros-e-da-sociedade-em-sua-defesa\\\/#breadcrumb\",\"itemListElement\":[{\"@type\":\"ListItem\",\"position\":1,\"name\":\"In\u00edcio\",\"item\":\"http:\\\/\\\/www.sindipetroba.org.br\\\/2019\\\/\"},{\"@type\":\"ListItem\",\"position\":2,\"name\":\"Aos 70 anos, hist\u00f3ria da Petrobr\u00e1s \u00e9 feita pela luta dos petroleiros e da sociedade em sua defesa\"}]},{\"@type\":\"WebSite\",\"@id\":\"http:\\\/\\\/www.sindipetroba.org.br\\\/2019\\\/#website\",\"url\":\"http:\\\/\\\/www.sindipetroba.org.br\\\/2019\\\/\",\"name\":\"Sindipetro BA\",\"description\":\"Sindicato dos Petroleiros e Petroleiras do Estado da Bahia\",\"publisher\":{\"@id\":\"http:\\\/\\\/www.sindipetroba.org.br\\\/2019\\\/#organization\"},\"potentialAction\":[{\"@type\":\"SearchAction\",\"target\":{\"@type\":\"EntryPoint\",\"urlTemplate\":\"http:\\\/\\\/www.sindipetroba.org.br\\\/2019\\\/?s={search_term_string}\"},\"query-input\":{\"@type\":\"PropertyValueSpecification\",\"valueRequired\":true,\"valueName\":\"search_term_string\"}}],\"inLanguage\":\"pt-BR\"},{\"@type\":\"Organization\",\"@id\":\"http:\\\/\\\/www.sindipetroba.org.br\\\/2019\\\/#organization\",\"name\":\"Sindipetro BA\",\"url\":\"http:\\\/\\\/www.sindipetroba.org.br\\\/2019\\\/\",\"logo\":{\"@type\":\"ImageObject\",\"inLanguage\":\"pt-BR\",\"@id\":\"http:\\\/\\\/www.sindipetroba.org.br\\\/2019\\\/#\\\/schema\\\/logo\\\/image\\\/\",\"url\":\"http:\\\/\\\/www.sindipetroba.org.br\\\/2019\\\/wp-content\\\/uploads\\\/2019\\\/01\\\/sindipetro-marca-cor.png\",\"contentUrl\":\"http:\\\/\\\/www.sindipetroba.org.br\\\/2019\\\/wp-content\\\/uploads\\\/2019\\\/01\\\/sindipetro-marca-cor.png\",\"width\":350,\"height\":126,\"caption\":\"Sindipetro BA\"},\"image\":{\"@id\":\"http:\\\/\\\/www.sindipetroba.org.br\\\/2019\\\/#\\\/schema\\\/logo\\\/image\\\/\"},\"sameAs\":[\"https:\\\/\\\/www.facebook.com\\\/sindipetroBa\\\/\",\"https:\\\/\\\/x.com\\\/SindipetroBahia\",\"https:\\\/\\\/www.instagram.com\\\/sindipetroba\\\/\",\"https:\\\/\\\/www.youtube.com\\\/c\\\/SindipetroBahiaOficial\"]},{\"@type\":\"Person\",\"@id\":\"http:\\\/\\\/www.sindipetroba.org.br\\\/2019\\\/#\\\/schema\\\/person\\\/b34be57a1332ab60188a340a09275241\",\"name\":\"ASCOM AL\",\"image\":{\"@type\":\"ImageObject\",\"inLanguage\":\"pt-BR\",\"@id\":\"https:\\\/\\\/secure.gravatar.com\\\/avatar\\\/7faf4b5e74f0ebf515009a1f27466f1b1ace10867d066a91562e822c805d3157?s=96&d=mm&r=g\",\"url\":\"https:\\\/\\\/secure.gravatar.com\\\/avatar\\\/7faf4b5e74f0ebf515009a1f27466f1b1ace10867d066a91562e822c805d3157?s=96&d=mm&r=g\",\"contentUrl\":\"https:\\\/\\\/secure.gravatar.com\\\/avatar\\\/7faf4b5e74f0ebf515009a1f27466f1b1ace10867d066a91562e822c805d3157?s=96&d=mm&r=g\",\"caption\":\"ASCOM AL\"},\"sameAs\":[\"http:\\\/\\\/www.sindipetroba.org.br\"]}]}<\/script>\n<!-- \/ Yoast SEO plugin. -->","yoast_head_json":{"title":"Aos 70 anos, hist\u00f3ria da Petrobr\u00e1s \u00e9 feita pela luta dos petroleiros e da sociedade em sua defesa - Sindipetro BA","robots":{"index":"index","follow":"follow","max-snippet":"max-snippet:-1","max-image-preview":"max-image-preview:large","max-video-preview":"max-video-preview:-1"},"canonical":"http:\/\/www.sindipetroba.org.br\/2019\/aos-70-anos-historia-da-petrobras-e-feita-pela-luta-dos-petroleiros-e-da-sociedade-em-sua-defesa\/","og_locale":"pt_BR","og_type":"article","og_title":"Aos 70 anos, hist\u00f3ria da Petrobr\u00e1s \u00e9 feita pela luta dos petroleiros e da sociedade em sua defesa - Sindipetro BA","og_description":"Debate que abriu o segundo dia do XIX Confup mostrou que as lutas pol\u00edticas e por direitos n\u00e3o podem ser dissociadas, pois ambas s\u00e3o alicerce da defesa da Petrobr\u00e1s, enquanto empresa p\u00fablica e socialmente respons\u00e1vel [Por Vitor Menezes, da imprensa do Sindipetro NF] A Petrobr\u00e1s completa 70 anos no dia 3 de outubro deste 2023.... Ver artigo","og_url":"http:\/\/www.sindipetroba.org.br\/2019\/aos-70-anos-historia-da-petrobras-e-feita-pela-luta-dos-petroleiros-e-da-sociedade-em-sua-defesa\/","og_site_name":"Sindipetro BA","article_publisher":"https:\/\/www.facebook.com\/sindipetroBa\/","article_published_time":"2023-08-04T18:29:35+00:00","og_image":[{"width":768,"height":512,"url":"http:\/\/www.sindipetroba.org.br\/2019\/wp-content\/uploads\/2023\/08\/luciana-fonseca-2-768x512-1.jpg","type":"image\/jpeg"}],"author":"ASCOM AL","twitter_card":"summary_large_image","twitter_creator":"@SindipetroBahia","twitter_site":"@SindipetroBahia","twitter_misc":{"Escrito por":"ASCOM AL","Est. tempo de leitura":"8 minutos"},"schema":{"@context":"https:\/\/schema.org","@graph":[{"@type":"Article","@id":"http:\/\/www.sindipetroba.org.br\/2019\/aos-70-anos-historia-da-petrobras-e-feita-pela-luta-dos-petroleiros-e-da-sociedade-em-sua-defesa\/#article","isPartOf":{"@id":"http:\/\/www.sindipetroba.org.br\/2019\/aos-70-anos-historia-da-petrobras-e-feita-pela-luta-dos-petroleiros-e-da-sociedade-em-sua-defesa\/"},"author":{"name":"ASCOM AL","@id":"http:\/\/www.sindipetroba.org.br\/2019\/#\/schema\/person\/b34be57a1332ab60188a340a09275241"},"headline":"Aos 70 anos, hist\u00f3ria da Petrobr\u00e1s \u00e9 feita pela luta dos petroleiros e da sociedade em sua defesa","datePublished":"2023-08-04T18:29:35+00:00","mainEntityOfPage":{"@id":"http:\/\/www.sindipetroba.org.br\/2019\/aos-70-anos-historia-da-petrobras-e-feita-pela-luta-dos-petroleiros-e-da-sociedade-em-sua-defesa\/"},"wordCount":1204,"publisher":{"@id":"http:\/\/www.sindipetroba.org.br\/2019\/#organization"},"image":{"@id":"http:\/\/www.sindipetroba.org.br\/2019\/aos-70-anos-historia-da-petrobras-e-feita-pela-luta-dos-petroleiros-e-da-sociedade-em-sua-defesa\/#primaryimage"},"thumbnailUrl":"http:\/\/www.sindipetroba.org.br\/2019\/wp-content\/uploads\/2023\/08\/luciana-fonseca-2-768x512-1.jpg","keywords":["70 anos da Petrobr\u00e1s","FUP","petrobras","XIX Confup"],"articleSection":["Not\u00edcia"],"inLanguage":"pt-BR"},{"@type":"WebPage","@id":"http:\/\/www.sindipetroba.org.br\/2019\/aos-70-anos-historia-da-petrobras-e-feita-pela-luta-dos-petroleiros-e-da-sociedade-em-sua-defesa\/","url":"http:\/\/www.sindipetroba.org.br\/2019\/aos-70-anos-historia-da-petrobras-e-feita-pela-luta-dos-petroleiros-e-da-sociedade-em-sua-defesa\/","name":"Aos 70 anos, hist\u00f3ria da Petrobr\u00e1s \u00e9 feita pela luta dos petroleiros e da sociedade em sua defesa - Sindipetro BA","isPartOf":{"@id":"http:\/\/www.sindipetroba.org.br\/2019\/#website"},"primaryImageOfPage":{"@id":"http:\/\/www.sindipetroba.org.br\/2019\/aos-70-anos-historia-da-petrobras-e-feita-pela-luta-dos-petroleiros-e-da-sociedade-em-sua-defesa\/#primaryimage"},"image":{"@id":"http:\/\/www.sindipetroba.org.br\/2019\/aos-70-anos-historia-da-petrobras-e-feita-pela-luta-dos-petroleiros-e-da-sociedade-em-sua-defesa\/#primaryimage"},"thumbnailUrl":"http:\/\/www.sindipetroba.org.br\/2019\/wp-content\/uploads\/2023\/08\/luciana-fonseca-2-768x512-1.jpg","datePublished":"2023-08-04T18:29:35+00:00","breadcrumb":{"@id":"http:\/\/www.sindipetroba.org.br\/2019\/aos-70-anos-historia-da-petrobras-e-feita-pela-luta-dos-petroleiros-e-da-sociedade-em-sua-defesa\/#breadcrumb"},"inLanguage":"pt-BR","potentialAction":[{"@type":"ReadAction","target":["http:\/\/www.sindipetroba.org.br\/2019\/aos-70-anos-historia-da-petrobras-e-feita-pela-luta-dos-petroleiros-e-da-sociedade-em-sua-defesa\/"]}]},{"@type":"ImageObject","inLanguage":"pt-BR","@id":"http:\/\/www.sindipetroba.org.br\/2019\/aos-70-anos-historia-da-petrobras-e-feita-pela-luta-dos-petroleiros-e-da-sociedade-em-sua-defesa\/#primaryimage","url":"http:\/\/www.sindipetroba.org.br\/2019\/wp-content\/uploads\/2023\/08\/luciana-fonseca-2-768x512-1.jpg","contentUrl":"http:\/\/www.sindipetroba.org.br\/2019\/wp-content\/uploads\/2023\/08\/luciana-fonseca-2-768x512-1.jpg","width":768,"height":512},{"@type":"BreadcrumbList","@id":"http:\/\/www.sindipetroba.org.br\/2019\/aos-70-anos-historia-da-petrobras-e-feita-pela-luta-dos-petroleiros-e-da-sociedade-em-sua-defesa\/#breadcrumb","itemListElement":[{"@type":"ListItem","position":1,"name":"In\u00edcio","item":"http:\/\/www.sindipetroba.org.br\/2019\/"},{"@type":"ListItem","position":2,"name":"Aos 70 anos, hist\u00f3ria da Petrobr\u00e1s \u00e9 feita pela luta dos petroleiros e da sociedade em sua defesa"}]},{"@type":"WebSite","@id":"http:\/\/www.sindipetroba.org.br\/2019\/#website","url":"http:\/\/www.sindipetroba.org.br\/2019\/","name":"Sindipetro BA","description":"Sindicato dos Petroleiros e Petroleiras do Estado da Bahia","publisher":{"@id":"http:\/\/www.sindipetroba.org.br\/2019\/#organization"},"potentialAction":[{"@type":"SearchAction","target":{"@type":"EntryPoint","urlTemplate":"http:\/\/www.sindipetroba.org.br\/2019\/?s={search_term_string}"},"query-input":{"@type":"PropertyValueSpecification","valueRequired":true,"valueName":"search_term_string"}}],"inLanguage":"pt-BR"},{"@type":"Organization","@id":"http:\/\/www.sindipetroba.org.br\/2019\/#organization","name":"Sindipetro BA","url":"http:\/\/www.sindipetroba.org.br\/2019\/","logo":{"@type":"ImageObject","inLanguage":"pt-BR","@id":"http:\/\/www.sindipetroba.org.br\/2019\/#\/schema\/logo\/image\/","url":"http:\/\/www.sindipetroba.org.br\/2019\/wp-content\/uploads\/2019\/01\/sindipetro-marca-cor.png","contentUrl":"http:\/\/www.sindipetroba.org.br\/2019\/wp-content\/uploads\/2019\/01\/sindipetro-marca-cor.png","width":350,"height":126,"caption":"Sindipetro BA"},"image":{"@id":"http:\/\/www.sindipetroba.org.br\/2019\/#\/schema\/logo\/image\/"},"sameAs":["https:\/\/www.facebook.com\/sindipetroBa\/","https:\/\/x.com\/SindipetroBahia","https:\/\/www.instagram.com\/sindipetroba\/","https:\/\/www.youtube.com\/c\/SindipetroBahiaOficial"]},{"@type":"Person","@id":"http:\/\/www.sindipetroba.org.br\/2019\/#\/schema\/person\/b34be57a1332ab60188a340a09275241","name":"ASCOM AL","image":{"@type":"ImageObject","inLanguage":"pt-BR","@id":"https:\/\/secure.gravatar.com\/avatar\/7faf4b5e74f0ebf515009a1f27466f1b1ace10867d066a91562e822c805d3157?s=96&d=mm&r=g","url":"https:\/\/secure.gravatar.com\/avatar\/7faf4b5e74f0ebf515009a1f27466f1b1ace10867d066a91562e822c805d3157?s=96&d=mm&r=g","contentUrl":"https:\/\/secure.gravatar.com\/avatar\/7faf4b5e74f0ebf515009a1f27466f1b1ace10867d066a91562e822c805d3157?s=96&d=mm&r=g","caption":"ASCOM AL"},"sameAs":["http:\/\/www.sindipetroba.org.br"]}]}},"_links":{"self":[{"href":"http:\/\/www.sindipetroba.org.br\/2019\/wp-json\/wp\/v2\/posts\/21703","targetHints":{"allow":["GET"]}}],"collection":[{"href":"http:\/\/www.sindipetroba.org.br\/2019\/wp-json\/wp\/v2\/posts"}],"about":[{"href":"http:\/\/www.sindipetroba.org.br\/2019\/wp-json\/wp\/v2\/types\/post"}],"author":[{"embeddable":true,"href":"http:\/\/www.sindipetroba.org.br\/2019\/wp-json\/wp\/v2\/users\/7"}],"replies":[{"embeddable":true,"href":"http:\/\/www.sindipetroba.org.br\/2019\/wp-json\/wp\/v2\/comments?post=21703"}],"version-history":[{"count":2,"href":"http:\/\/www.sindipetroba.org.br\/2019\/wp-json\/wp\/v2\/posts\/21703\/revisions"}],"predecessor-version":[{"id":21706,"href":"http:\/\/www.sindipetroba.org.br\/2019\/wp-json\/wp\/v2\/posts\/21703\/revisions\/21706"}],"wp:featuredmedia":[{"embeddable":true,"href":"http:\/\/www.sindipetroba.org.br\/2019\/wp-json\/wp\/v2\/media\/21704"}],"wp:attachment":[{"href":"http:\/\/www.sindipetroba.org.br\/2019\/wp-json\/wp\/v2\/media?parent=21703"}],"wp:term":[{"taxonomy":"category","embeddable":true,"href":"http:\/\/www.sindipetroba.org.br\/2019\/wp-json\/wp\/v2\/categories?post=21703"},{"taxonomy":"post_tag","embeddable":true,"href":"http:\/\/www.sindipetroba.org.br\/2019\/wp-json\/wp\/v2\/tags?post=21703"}],"curies":[{"name":"wp","href":"https:\/\/api.w.org\/{rel}","templated":true}]}}