{"id":22192,"date":"2023-09-17T08:30:24","date_gmt":"2023-09-17T11:30:24","guid":{"rendered":"http:\/\/www.sindipetroba.org.br\/2019\/?p=22192"},"modified":"2023-09-18T09:07:49","modified_gmt":"2023-09-18T12:07:49","slug":"73-anos-da-rlam-sao-comemorados-com-campanha-pela-reestatizacao-da-refinaria-baiana","status":"publish","type":"post","link":"http:\/\/www.sindipetroba.org.br\/2019\/73-anos-da-rlam-sao-comemorados-com-campanha-pela-reestatizacao-da-refinaria-baiana\/","title":{"rendered":"73 anos da Rlam s\u00e3o comemorados com campanha pela reestatiza\u00e7\u00e3o da refinaria baiana"},"content":{"rendered":"<p>Com um misto de tristeza e esperan\u00e7a, a categoria petroleira comemora os 73 anos da Refinaria Landulpho Alves (RLAM). Tristeza, porque hoje a refinaria, localizada no munic\u00edpio de S\u00e3o Francisco do Conde, no Rec\u00f4ncavo Baiano, n\u00e3o pertence mais \u00e0 Petrobr\u00e1s e esperan\u00e7a, porque ela pode sim, ser reestatizada. Essa luta do Sindipetro Bahia e da Federa\u00e7\u00e3o \u00danica dos Petroleiros (FUP) j\u00e1 conta com a simpatia de grande parcela da sociedade, de empres\u00e1rios, pol\u00edticos, de governantes e de ministros do governo Lula.<\/p>\n<p>Vendida no governo Bolsonaro, por um pre\u00e7o abaixo do valor do mercado, a refinaria baiana, que hoje pertence ao grupo \u00e1rabe Mubadala e \u00e9 administrada pela empresa Acelen &#8211; diferente da Petrobr\u00e1s &#8211; continua a adotar como pol\u00edtica, o Pre\u00e7o de Paridade de Importa\u00e7\u00e3o (PPI), vendendo um dos combust\u00edveis mais caros do Brasil (em compara\u00e7\u00e3o com os produzidos pelas refinarias da Petrobr\u00e1s).<\/p>\n<p>O fato \u00e9 que a privatiza\u00e7\u00e3o da RLAM \u2013 como o Sindipetro e a FUP j\u00e1 haviam alertado &#8211; gerou um monop\u00f3lio regional privado e est\u00e1 causando preju\u00edzos n\u00e3o s\u00f3 para os baianos e para a Bahia, mas tamb\u00e9m para o estado de Sergipe e outros da regi\u00e3o norte e nordeste. Com a Landulpho Alves, foi entregue de brinde um potencial mercado consumidor, al\u00e9m de 669 quil\u00f4metros de oleodutos, que ligam a refinaria ao Complexo Petroqu\u00edmico de Cama\u00e7ari e ao Terminal de Madre de Deus, que tamb\u00e9m foi vendido no pacote que inclui ainda outros tr\u00eas terminais da Bahia (Candeias, Jequi\u00e9 e Itabuna).<\/p>\n<p>Infelizmente, os baianos j\u00e1 sentem no bolso as consequ\u00eancias da privatiza\u00e7\u00e3o. N\u00e3o houve redu\u00e7\u00e3o dos pre\u00e7os dos combust\u00edveis porque n\u00e3o h\u00e1 competitividade, n\u00e3o h\u00e1 concorr\u00eancia, o que desmonta um dos argumentos usados pelo governo Bolsonaro para justificar a venda da RLAM.<\/p>\n<p>A Bahia hoje \u00e9 ref\u00e9m de uma empresa estrangeira que, sem concorr\u00eancia, pratica os pre\u00e7os da gasolina, diesel e g\u00e1s de cozinha, que entende ser melhor para a sua realidade estrat\u00e9gica, como se estivesse vendendo para o mercado exterior, sem levar em conta a realidade do Brasil.<\/p>\n<h4><strong>Bahia, ber\u00e7o do petr\u00f3leo<\/strong><\/h4>\n<p>Nascida em 17 de setembro de 1950 &#8211; antes mesmo da cria\u00e7\u00e3o da Petrobr\u00e1s \u2013 a refinaria ganhou inicialmente o nome de Refinaria Nacional do Petr\u00f3leo. Em 1957, j\u00e1 incorporada \u00e0 Petrobr\u00e1s, foi rebatizada, passando a se chamar Refinaria Landulpho Alves, em homenagem ao engenheiro agr\u00f4nomo baiano que se destacou na luta em defesa do petr\u00f3leo brasileiro. Sua opera\u00e7\u00e3o possibilitou o desenvolvimento do primeiro complexo petroqu\u00edmico planejado do pa\u00eds e maior complexo industrial do Hemisf\u00e9rio Sul, o P\u00f3lo Petroqu\u00edmico de Cama\u00e7ari.<\/p>\n<p>Mas n\u00e3o \u00e9 poss\u00edvel falar da RLAM, do petr\u00f3leo e da Petrobr\u00e1s sem falar da Bahia. Foi neste estado do nordeste que foi descoberto o petr\u00f3leo, foi criada a Landulpho Alves e tamb\u00e9m a Petrobr\u00e1s. A Bahia \u00e9 o ber\u00e7o do petr\u00f3leo, da Petrobr\u00e1s e do desenvolvimento econ\u00f4mico e industrial, impulsionado no pa\u00eds a partir da cria\u00e7\u00e3o da estatal.<\/p>\n<p>Foi tamb\u00e9m neste estado que se forjaram os primeiros trabalhadores do petr\u00f3leo. Vindos da pesca e da agricultura, eles se reinventaram e com muita dedica\u00e7\u00e3o aprenderam o oficio de petroleiros, labutando dia e noite, no rec\u00e9m descoberto Campo de Candeias e na Refinaria Landulpho Alves.<\/p>\n<p>A dedica\u00e7\u00e3o desses trabalhadores, ainda sem conhecimento t\u00e9cnico na \u00e1rea, foi crucial e em pouco tempo eles viraram instrutores, transformando a refinaria na primeira escola de refino do pa\u00eds.<\/p>\n<p>O Sindipetro e a FUP conclamam os baianos e as baianas a aderirem \u00e0 luta pela reestatiza\u00e7\u00e3o da RLAM. A refinaria baiana tem de voltar a fazer parte da Petrobr\u00e1s para que tenhamos combust\u00edveis com pre\u00e7os justos e, consequentemente, redu\u00e7\u00e3o no pre\u00e7o dos alimentos. A nossa refinaria ser\u00e1 sempre Landulpho Alves.<\/p>\n","protected":false},"excerpt":{"rendered":"Com um misto de tristeza e esperan\u00e7a, a categoria petroleira comemora os 73 anos da Refinaria Landulpho Alves (RLAM). Tristeza, porque hoje a refinaria, localizada no munic\u00edpio de S\u00e3o Francisco do Conde, no Rec\u00f4ncavo Baiano, n\u00e3o pertence mais \u00e0 Petrobr\u00e1s e esperan\u00e7a, porque ela pode sim, ser reestatizada. Essa luta do Sindipetro Bahia e da&#8230; <a class=\"view-article\" href=\"http:\/\/www.sindipetroba.org.br\/2019\/73-anos-da-rlam-sao-comemorados-com-campanha-pela-reestatizacao-da-refinaria-baiana\/\">Ver artigo<\/a>","protected":false},"author":4,"featured_media":22193,"comment_status":"closed","ping_status":"open","sticky":false,"template":"","format":"standard","meta":{"_et_pb_use_builder":"","_et_pb_old_content":"","_et_gb_content_width":"","footnotes":""},"categories":[2688,1],"tags":[],"class_list":["post-22192","post","type-post","status-publish","format-standard","has-post-thumbnail","hentry","category-banner-principal","category-noticia"],"yoast_head":"<!-- This site is optimized with the Yoast SEO plugin v27.3 - https:\/\/yoast.com\/product\/yoast-seo-wordpress\/ -->\n<title>73 anos da Rlam s\u00e3o comemorados com campanha pela reestatiza\u00e7\u00e3o da refinaria baiana - Sindipetro BA<\/title>\n<meta name=\"robots\" content=\"index, follow, max-snippet:-1, max-image-preview:large, max-video-preview:-1\" \/>\n<link rel=\"canonical\" href=\"http:\/\/www.sindipetroba.org.br\/2019\/73-anos-da-rlam-sao-comemorados-com-campanha-pela-reestatizacao-da-refinaria-baiana\/\" \/>\n<meta property=\"og:locale\" content=\"pt_BR\" \/>\n<meta property=\"og:type\" content=\"article\" \/>\n<meta property=\"og:title\" content=\"73 anos da Rlam s\u00e3o comemorados com campanha pela reestatiza\u00e7\u00e3o da refinaria baiana - Sindipetro BA\" \/>\n<meta property=\"og:description\" content=\"Com um misto de tristeza e esperan\u00e7a, a categoria petroleira comemora os 73 anos da Refinaria Landulpho Alves (RLAM). Tristeza, porque hoje a refinaria, localizada no munic\u00edpio de S\u00e3o Francisco do Conde, no Rec\u00f4ncavo Baiano, n\u00e3o pertence mais \u00e0 Petrobr\u00e1s e esperan\u00e7a, porque ela pode sim, ser reestatizada. Essa luta do Sindipetro Bahia e da... Ver artigo\" \/>\n<meta property=\"og:url\" content=\"http:\/\/www.sindipetroba.org.br\/2019\/73-anos-da-rlam-sao-comemorados-com-campanha-pela-reestatizacao-da-refinaria-baiana\/\" \/>\n<meta property=\"og:site_name\" content=\"Sindipetro BA\" \/>\n<meta property=\"article:publisher\" content=\"https:\/\/www.facebook.com\/sindipetroBa\/\" \/>\n<meta property=\"article:published_time\" content=\"2023-09-17T11:30:24+00:00\" \/>\n<meta property=\"article:modified_time\" content=\"2023-09-18T12:07:49+00:00\" \/>\n<meta property=\"og:image\" content=\"http:\/\/www.sindipetroba.org.br\/2019\/wp-content\/uploads\/2023\/09\/Artboard-1-700x700.png\" \/>\n\t<meta property=\"og:image:width\" content=\"700\" \/>\n\t<meta property=\"og:image:height\" content=\"700\" \/>\n\t<meta property=\"og:image:type\" content=\"image\/png\" \/>\n<meta name=\"author\" content=\"ASCOM\" \/>\n<meta name=\"twitter:card\" content=\"summary_large_image\" \/>\n<meta name=\"twitter:creator\" content=\"@SindipetroBahia\" \/>\n<meta name=\"twitter:site\" content=\"@SindipetroBahia\" \/>\n<meta name=\"twitter:label1\" content=\"Escrito por\" \/>\n\t<meta name=\"twitter:data1\" content=\"ASCOM\" \/>\n\t<meta name=\"twitter:label2\" content=\"Est. tempo de leitura\" \/>\n\t<meta name=\"twitter:data2\" content=\"4 minutos\" \/>\n<script type=\"application\/ld+json\" class=\"yoast-schema-graph\">{\"@context\":\"https:\\\/\\\/schema.org\",\"@graph\":[{\"@type\":\"Article\",\"@id\":\"http:\\\/\\\/www.sindipetroba.org.br\\\/2019\\\/73-anos-da-rlam-sao-comemorados-com-campanha-pela-reestatizacao-da-refinaria-baiana\\\/#article\",\"isPartOf\":{\"@id\":\"http:\\\/\\\/www.sindipetroba.org.br\\\/2019\\\/73-anos-da-rlam-sao-comemorados-com-campanha-pela-reestatizacao-da-refinaria-baiana\\\/\"},\"author\":{\"name\":\"ASCOM\",\"@id\":\"http:\\\/\\\/www.sindipetroba.org.br\\\/2019\\\/#\\\/schema\\\/person\\\/80e88dbf823328ddad08b17600055a3c\"},\"headline\":\"73 anos da Rlam s\u00e3o comemorados com campanha pela reestatiza\u00e7\u00e3o da refinaria baiana\",\"datePublished\":\"2023-09-17T11:30:24+00:00\",\"dateModified\":\"2023-09-18T12:07:49+00:00\",\"mainEntityOfPage\":{\"@id\":\"http:\\\/\\\/www.sindipetroba.org.br\\\/2019\\\/73-anos-da-rlam-sao-comemorados-com-campanha-pela-reestatizacao-da-refinaria-baiana\\\/\"},\"wordCount\":687,\"publisher\":{\"@id\":\"http:\\\/\\\/www.sindipetroba.org.br\\\/2019\\\/#organization\"},\"image\":{\"@id\":\"http:\\\/\\\/www.sindipetroba.org.br\\\/2019\\\/73-anos-da-rlam-sao-comemorados-com-campanha-pela-reestatizacao-da-refinaria-baiana\\\/#primaryimage\"},\"thumbnailUrl\":\"http:\\\/\\\/www.sindipetroba.org.br\\\/2019\\\/wp-content\\\/uploads\\\/2023\\\/09\\\/Artboard-1.png\",\"articleSection\":[\"Banner Principal\",\"Not\u00edcia\"],\"inLanguage\":\"pt-BR\"},{\"@type\":\"WebPage\",\"@id\":\"http:\\\/\\\/www.sindipetroba.org.br\\\/2019\\\/73-anos-da-rlam-sao-comemorados-com-campanha-pela-reestatizacao-da-refinaria-baiana\\\/\",\"url\":\"http:\\\/\\\/www.sindipetroba.org.br\\\/2019\\\/73-anos-da-rlam-sao-comemorados-com-campanha-pela-reestatizacao-da-refinaria-baiana\\\/\",\"name\":\"73 anos da Rlam s\u00e3o comemorados com campanha pela reestatiza\u00e7\u00e3o da refinaria baiana - Sindipetro BA\",\"isPartOf\":{\"@id\":\"http:\\\/\\\/www.sindipetroba.org.br\\\/2019\\\/#website\"},\"primaryImageOfPage\":{\"@id\":\"http:\\\/\\\/www.sindipetroba.org.br\\\/2019\\\/73-anos-da-rlam-sao-comemorados-com-campanha-pela-reestatizacao-da-refinaria-baiana\\\/#primaryimage\"},\"image\":{\"@id\":\"http:\\\/\\\/www.sindipetroba.org.br\\\/2019\\\/73-anos-da-rlam-sao-comemorados-com-campanha-pela-reestatizacao-da-refinaria-baiana\\\/#primaryimage\"},\"thumbnailUrl\":\"http:\\\/\\\/www.sindipetroba.org.br\\\/2019\\\/wp-content\\\/uploads\\\/2023\\\/09\\\/Artboard-1.png\",\"datePublished\":\"2023-09-17T11:30:24+00:00\",\"dateModified\":\"2023-09-18T12:07:49+00:00\",\"breadcrumb\":{\"@id\":\"http:\\\/\\\/www.sindipetroba.org.br\\\/2019\\\/73-anos-da-rlam-sao-comemorados-com-campanha-pela-reestatizacao-da-refinaria-baiana\\\/#breadcrumb\"},\"inLanguage\":\"pt-BR\",\"potentialAction\":[{\"@type\":\"ReadAction\",\"target\":[\"http:\\\/\\\/www.sindipetroba.org.br\\\/2019\\\/73-anos-da-rlam-sao-comemorados-com-campanha-pela-reestatizacao-da-refinaria-baiana\\\/\"]}]},{\"@type\":\"ImageObject\",\"inLanguage\":\"pt-BR\",\"@id\":\"http:\\\/\\\/www.sindipetroba.org.br\\\/2019\\\/73-anos-da-rlam-sao-comemorados-com-campanha-pela-reestatizacao-da-refinaria-baiana\\\/#primaryimage\",\"url\":\"http:\\\/\\\/www.sindipetroba.org.br\\\/2019\\\/wp-content\\\/uploads\\\/2023\\\/09\\\/Artboard-1.png\",\"contentUrl\":\"http:\\\/\\\/www.sindipetroba.org.br\\\/2019\\\/wp-content\\\/uploads\\\/2023\\\/09\\\/Artboard-1.png\",\"width\":1200,\"height\":1200},{\"@type\":\"BreadcrumbList\",\"@id\":\"http:\\\/\\\/www.sindipetroba.org.br\\\/2019\\\/73-anos-da-rlam-sao-comemorados-com-campanha-pela-reestatizacao-da-refinaria-baiana\\\/#breadcrumb\",\"itemListElement\":[{\"@type\":\"ListItem\",\"position\":1,\"name\":\"In\u00edcio\",\"item\":\"http:\\\/\\\/www.sindipetroba.org.br\\\/2019\\\/\"},{\"@type\":\"ListItem\",\"position\":2,\"name\":\"73 anos da Rlam s\u00e3o comemorados com campanha pela reestatiza\u00e7\u00e3o da refinaria baiana\"}]},{\"@type\":\"WebSite\",\"@id\":\"http:\\\/\\\/www.sindipetroba.org.br\\\/2019\\\/#website\",\"url\":\"http:\\\/\\\/www.sindipetroba.org.br\\\/2019\\\/\",\"name\":\"Sindipetro BA\",\"description\":\"Sindicato dos Petroleiros e Petroleiras do Estado da Bahia\",\"publisher\":{\"@id\":\"http:\\\/\\\/www.sindipetroba.org.br\\\/2019\\\/#organization\"},\"potentialAction\":[{\"@type\":\"SearchAction\",\"target\":{\"@type\":\"EntryPoint\",\"urlTemplate\":\"http:\\\/\\\/www.sindipetroba.org.br\\\/2019\\\/?s={search_term_string}\"},\"query-input\":{\"@type\":\"PropertyValueSpecification\",\"valueRequired\":true,\"valueName\":\"search_term_string\"}}],\"inLanguage\":\"pt-BR\"},{\"@type\":\"Organization\",\"@id\":\"http:\\\/\\\/www.sindipetroba.org.br\\\/2019\\\/#organization\",\"name\":\"Sindipetro BA\",\"url\":\"http:\\\/\\\/www.sindipetroba.org.br\\\/2019\\\/\",\"logo\":{\"@type\":\"ImageObject\",\"inLanguage\":\"pt-BR\",\"@id\":\"http:\\\/\\\/www.sindipetroba.org.br\\\/2019\\\/#\\\/schema\\\/logo\\\/image\\\/\",\"url\":\"http:\\\/\\\/www.sindipetroba.org.br\\\/2019\\\/wp-content\\\/uploads\\\/2019\\\/01\\\/sindipetro-marca-cor.png\",\"contentUrl\":\"http:\\\/\\\/www.sindipetroba.org.br\\\/2019\\\/wp-content\\\/uploads\\\/2019\\\/01\\\/sindipetro-marca-cor.png\",\"width\":350,\"height\":126,\"caption\":\"Sindipetro BA\"},\"image\":{\"@id\":\"http:\\\/\\\/www.sindipetroba.org.br\\\/2019\\\/#\\\/schema\\\/logo\\\/image\\\/\"},\"sameAs\":[\"https:\\\/\\\/www.facebook.com\\\/sindipetroBa\\\/\",\"https:\\\/\\\/x.com\\\/SindipetroBahia\",\"https:\\\/\\\/www.instagram.com\\\/sindipetroba\\\/\",\"https:\\\/\\\/www.youtube.com\\\/c\\\/SindipetroBahiaOficial\"]},{\"@type\":\"Person\",\"@id\":\"http:\\\/\\\/www.sindipetroba.org.br\\\/2019\\\/#\\\/schema\\\/person\\\/80e88dbf823328ddad08b17600055a3c\",\"name\":\"ASCOM\",\"image\":{\"@type\":\"ImageObject\",\"inLanguage\":\"pt-BR\",\"@id\":\"https:\\\/\\\/secure.gravatar.com\\\/avatar\\\/a2ab2fd873c57926b9f03e30be8804429fd7b0d41f4f71170e45b7b7f84998a6?s=96&d=mm&r=g\",\"url\":\"https:\\\/\\\/secure.gravatar.com\\\/avatar\\\/a2ab2fd873c57926b9f03e30be8804429fd7b0d41f4f71170e45b7b7f84998a6?s=96&d=mm&r=g\",\"contentUrl\":\"https:\\\/\\\/secure.gravatar.com\\\/avatar\\\/a2ab2fd873c57926b9f03e30be8804429fd7b0d41f4f71170e45b7b7f84998a6?s=96&d=mm&r=g\",\"caption\":\"ASCOM\"},\"sameAs\":[\"http:\\\/\\\/www.sindipetroba.org.br\"]}]}<\/script>\n<!-- \/ Yoast SEO plugin. -->","yoast_head_json":{"title":"73 anos da Rlam s\u00e3o comemorados com campanha pela reestatiza\u00e7\u00e3o da refinaria baiana - Sindipetro BA","robots":{"index":"index","follow":"follow","max-snippet":"max-snippet:-1","max-image-preview":"max-image-preview:large","max-video-preview":"max-video-preview:-1"},"canonical":"http:\/\/www.sindipetroba.org.br\/2019\/73-anos-da-rlam-sao-comemorados-com-campanha-pela-reestatizacao-da-refinaria-baiana\/","og_locale":"pt_BR","og_type":"article","og_title":"73 anos da Rlam s\u00e3o comemorados com campanha pela reestatiza\u00e7\u00e3o da refinaria baiana - Sindipetro BA","og_description":"Com um misto de tristeza e esperan\u00e7a, a categoria petroleira comemora os 73 anos da Refinaria Landulpho Alves (RLAM). Tristeza, porque hoje a refinaria, localizada no munic\u00edpio de S\u00e3o Francisco do Conde, no Rec\u00f4ncavo Baiano, n\u00e3o pertence mais \u00e0 Petrobr\u00e1s e esperan\u00e7a, porque ela pode sim, ser reestatizada. Essa luta do Sindipetro Bahia e da... Ver artigo","og_url":"http:\/\/www.sindipetroba.org.br\/2019\/73-anos-da-rlam-sao-comemorados-com-campanha-pela-reestatizacao-da-refinaria-baiana\/","og_site_name":"Sindipetro BA","article_publisher":"https:\/\/www.facebook.com\/sindipetroBa\/","article_published_time":"2023-09-17T11:30:24+00:00","article_modified_time":"2023-09-18T12:07:49+00:00","og_image":[{"width":700,"height":700,"url":"http:\/\/www.sindipetroba.org.br\/2019\/wp-content\/uploads\/2023\/09\/Artboard-1-700x700.png","type":"image\/png"}],"author":"ASCOM","twitter_card":"summary_large_image","twitter_creator":"@SindipetroBahia","twitter_site":"@SindipetroBahia","twitter_misc":{"Escrito por":"ASCOM","Est. tempo de leitura":"4 minutos"},"schema":{"@context":"https:\/\/schema.org","@graph":[{"@type":"Article","@id":"http:\/\/www.sindipetroba.org.br\/2019\/73-anos-da-rlam-sao-comemorados-com-campanha-pela-reestatizacao-da-refinaria-baiana\/#article","isPartOf":{"@id":"http:\/\/www.sindipetroba.org.br\/2019\/73-anos-da-rlam-sao-comemorados-com-campanha-pela-reestatizacao-da-refinaria-baiana\/"},"author":{"name":"ASCOM","@id":"http:\/\/www.sindipetroba.org.br\/2019\/#\/schema\/person\/80e88dbf823328ddad08b17600055a3c"},"headline":"73 anos da Rlam s\u00e3o comemorados com campanha pela reestatiza\u00e7\u00e3o da refinaria baiana","datePublished":"2023-09-17T11:30:24+00:00","dateModified":"2023-09-18T12:07:49+00:00","mainEntityOfPage":{"@id":"http:\/\/www.sindipetroba.org.br\/2019\/73-anos-da-rlam-sao-comemorados-com-campanha-pela-reestatizacao-da-refinaria-baiana\/"},"wordCount":687,"publisher":{"@id":"http:\/\/www.sindipetroba.org.br\/2019\/#organization"},"image":{"@id":"http:\/\/www.sindipetroba.org.br\/2019\/73-anos-da-rlam-sao-comemorados-com-campanha-pela-reestatizacao-da-refinaria-baiana\/#primaryimage"},"thumbnailUrl":"http:\/\/www.sindipetroba.org.br\/2019\/wp-content\/uploads\/2023\/09\/Artboard-1.png","articleSection":["Banner Principal","Not\u00edcia"],"inLanguage":"pt-BR"},{"@type":"WebPage","@id":"http:\/\/www.sindipetroba.org.br\/2019\/73-anos-da-rlam-sao-comemorados-com-campanha-pela-reestatizacao-da-refinaria-baiana\/","url":"http:\/\/www.sindipetroba.org.br\/2019\/73-anos-da-rlam-sao-comemorados-com-campanha-pela-reestatizacao-da-refinaria-baiana\/","name":"73 anos da Rlam s\u00e3o comemorados com campanha pela reestatiza\u00e7\u00e3o da refinaria baiana - Sindipetro BA","isPartOf":{"@id":"http:\/\/www.sindipetroba.org.br\/2019\/#website"},"primaryImageOfPage":{"@id":"http:\/\/www.sindipetroba.org.br\/2019\/73-anos-da-rlam-sao-comemorados-com-campanha-pela-reestatizacao-da-refinaria-baiana\/#primaryimage"},"image":{"@id":"http:\/\/www.sindipetroba.org.br\/2019\/73-anos-da-rlam-sao-comemorados-com-campanha-pela-reestatizacao-da-refinaria-baiana\/#primaryimage"},"thumbnailUrl":"http:\/\/www.sindipetroba.org.br\/2019\/wp-content\/uploads\/2023\/09\/Artboard-1.png","datePublished":"2023-09-17T11:30:24+00:00","dateModified":"2023-09-18T12:07:49+00:00","breadcrumb":{"@id":"http:\/\/www.sindipetroba.org.br\/2019\/73-anos-da-rlam-sao-comemorados-com-campanha-pela-reestatizacao-da-refinaria-baiana\/#breadcrumb"},"inLanguage":"pt-BR","potentialAction":[{"@type":"ReadAction","target":["http:\/\/www.sindipetroba.org.br\/2019\/73-anos-da-rlam-sao-comemorados-com-campanha-pela-reestatizacao-da-refinaria-baiana\/"]}]},{"@type":"ImageObject","inLanguage":"pt-BR","@id":"http:\/\/www.sindipetroba.org.br\/2019\/73-anos-da-rlam-sao-comemorados-com-campanha-pela-reestatizacao-da-refinaria-baiana\/#primaryimage","url":"http:\/\/www.sindipetroba.org.br\/2019\/wp-content\/uploads\/2023\/09\/Artboard-1.png","contentUrl":"http:\/\/www.sindipetroba.org.br\/2019\/wp-content\/uploads\/2023\/09\/Artboard-1.png","width":1200,"height":1200},{"@type":"BreadcrumbList","@id":"http:\/\/www.sindipetroba.org.br\/2019\/73-anos-da-rlam-sao-comemorados-com-campanha-pela-reestatizacao-da-refinaria-baiana\/#breadcrumb","itemListElement":[{"@type":"ListItem","position":1,"name":"In\u00edcio","item":"http:\/\/www.sindipetroba.org.br\/2019\/"},{"@type":"ListItem","position":2,"name":"73 anos da Rlam s\u00e3o comemorados com campanha pela reestatiza\u00e7\u00e3o da refinaria baiana"}]},{"@type":"WebSite","@id":"http:\/\/www.sindipetroba.org.br\/2019\/#website","url":"http:\/\/www.sindipetroba.org.br\/2019\/","name":"Sindipetro BA","description":"Sindicato dos Petroleiros e Petroleiras do Estado da Bahia","publisher":{"@id":"http:\/\/www.sindipetroba.org.br\/2019\/#organization"},"potentialAction":[{"@type":"SearchAction","target":{"@type":"EntryPoint","urlTemplate":"http:\/\/www.sindipetroba.org.br\/2019\/?s={search_term_string}"},"query-input":{"@type":"PropertyValueSpecification","valueRequired":true,"valueName":"search_term_string"}}],"inLanguage":"pt-BR"},{"@type":"Organization","@id":"http:\/\/www.sindipetroba.org.br\/2019\/#organization","name":"Sindipetro BA","url":"http:\/\/www.sindipetroba.org.br\/2019\/","logo":{"@type":"ImageObject","inLanguage":"pt-BR","@id":"http:\/\/www.sindipetroba.org.br\/2019\/#\/schema\/logo\/image\/","url":"http:\/\/www.sindipetroba.org.br\/2019\/wp-content\/uploads\/2019\/01\/sindipetro-marca-cor.png","contentUrl":"http:\/\/www.sindipetroba.org.br\/2019\/wp-content\/uploads\/2019\/01\/sindipetro-marca-cor.png","width":350,"height":126,"caption":"Sindipetro BA"},"image":{"@id":"http:\/\/www.sindipetroba.org.br\/2019\/#\/schema\/logo\/image\/"},"sameAs":["https:\/\/www.facebook.com\/sindipetroBa\/","https:\/\/x.com\/SindipetroBahia","https:\/\/www.instagram.com\/sindipetroba\/","https:\/\/www.youtube.com\/c\/SindipetroBahiaOficial"]},{"@type":"Person","@id":"http:\/\/www.sindipetroba.org.br\/2019\/#\/schema\/person\/80e88dbf823328ddad08b17600055a3c","name":"ASCOM","image":{"@type":"ImageObject","inLanguage":"pt-BR","@id":"https:\/\/secure.gravatar.com\/avatar\/a2ab2fd873c57926b9f03e30be8804429fd7b0d41f4f71170e45b7b7f84998a6?s=96&d=mm&r=g","url":"https:\/\/secure.gravatar.com\/avatar\/a2ab2fd873c57926b9f03e30be8804429fd7b0d41f4f71170e45b7b7f84998a6?s=96&d=mm&r=g","contentUrl":"https:\/\/secure.gravatar.com\/avatar\/a2ab2fd873c57926b9f03e30be8804429fd7b0d41f4f71170e45b7b7f84998a6?s=96&d=mm&r=g","caption":"ASCOM"},"sameAs":["http:\/\/www.sindipetroba.org.br"]}]}},"_links":{"self":[{"href":"http:\/\/www.sindipetroba.org.br\/2019\/wp-json\/wp\/v2\/posts\/22192","targetHints":{"allow":["GET"]}}],"collection":[{"href":"http:\/\/www.sindipetroba.org.br\/2019\/wp-json\/wp\/v2\/posts"}],"about":[{"href":"http:\/\/www.sindipetroba.org.br\/2019\/wp-json\/wp\/v2\/types\/post"}],"author":[{"embeddable":true,"href":"http:\/\/www.sindipetroba.org.br\/2019\/wp-json\/wp\/v2\/users\/4"}],"replies":[{"embeddable":true,"href":"http:\/\/www.sindipetroba.org.br\/2019\/wp-json\/wp\/v2\/comments?post=22192"}],"version-history":[{"count":3,"href":"http:\/\/www.sindipetroba.org.br\/2019\/wp-json\/wp\/v2\/posts\/22192\/revisions"}],"predecessor-version":[{"id":22199,"href":"http:\/\/www.sindipetroba.org.br\/2019\/wp-json\/wp\/v2\/posts\/22192\/revisions\/22199"}],"wp:featuredmedia":[{"embeddable":true,"href":"http:\/\/www.sindipetroba.org.br\/2019\/wp-json\/wp\/v2\/media\/22193"}],"wp:attachment":[{"href":"http:\/\/www.sindipetroba.org.br\/2019\/wp-json\/wp\/v2\/media?parent=22192"}],"wp:term":[{"taxonomy":"category","embeddable":true,"href":"http:\/\/www.sindipetroba.org.br\/2019\/wp-json\/wp\/v2\/categories?post=22192"},{"taxonomy":"post_tag","embeddable":true,"href":"http:\/\/www.sindipetroba.org.br\/2019\/wp-json\/wp\/v2\/tags?post=22192"}],"curies":[{"name":"wp","href":"https:\/\/api.w.org\/{rel}","templated":true}]}}