{"id":23012,"date":"2023-12-07T17:24:51","date_gmt":"2023-12-07T20:24:51","guid":{"rendered":"http:\/\/www.sindipetroba.org.br\/2019\/?p=23012"},"modified":"2023-12-11T14:46:58","modified_gmt":"2023-12-11T17:46:58","slug":"sindipetro-ba-participa-de-sessao-solene-na-camara-de-vereadores-de-salvador-em-comemoracao-aos-70-anos-da-petrobras","status":"publish","type":"post","link":"http:\/\/www.sindipetroba.org.br\/2019\/sindipetro-ba-participa-de-sessao-solene-na-camara-de-vereadores-de-salvador-em-comemoracao-aos-70-anos-da-petrobras\/","title":{"rendered":"Sindipetro-Ba participa de sess\u00e3o solene na C\u00e2mara de Vereadores de Salvador em comemora\u00e7\u00e3o aos 70 anos da Petrobras"},"content":{"rendered":"<p>As celebra\u00e7\u00f5es do anivers\u00e1rio de 70 anos da Petrobras continuam na Bahia. Na pr\u00f3xima segunda-feira (11) \u00e0s 18h, haver\u00e1 uma sess\u00e3o solene na C\u00e2mara de Vereadores de Salvador, organizada pela vereadora Marta Rodrigues (PT).<\/p>\n<p>O Sindipetro-Ba estar\u00e1 presente no evento, destacando a import\u00e2ncia hist\u00f3rica dos trabalhadores baianos na constru\u00e7\u00e3o e defesa da empresa.<\/p>\n<p>Al\u00e9m do sindicato, as entidades do F\u00f3rum Baiano em Defesa da Petrobras (Aepet, Astape, Abraspet e CEPES) tamb\u00e9m estar\u00e3o presentes nesta homenagem. Dirigentes sindicais e associados s\u00e3o convidados especiais, e esperamos encontr\u00e1-los para fortalecer a luta e destacar a import\u00e2ncia da Petrobras para o nosso estado.<\/p>\n","protected":false},"excerpt":{"rendered":"As celebra\u00e7\u00f5es do anivers\u00e1rio de 70 anos da Petrobras continuam na Bahia. Na pr\u00f3xima segunda-feira (11) \u00e0s 18h, haver\u00e1 uma sess\u00e3o solene na C\u00e2mara de Vereadores de Salvador, organizada pela vereadora Marta Rodrigues (PT). O Sindipetro-Ba estar\u00e1 presente no evento, destacando a import\u00e2ncia hist\u00f3rica dos trabalhadores baianos na constru\u00e7\u00e3o e defesa da empresa. Al\u00e9m do&#8230; <a class=\"view-article\" href=\"http:\/\/www.sindipetroba.org.br\/2019\/sindipetro-ba-participa-de-sessao-solene-na-camara-de-vereadores-de-salvador-em-comemoracao-aos-70-anos-da-petrobras\/\">Ver artigo<\/a>","protected":false},"author":7,"featured_media":23013,"comment_status":"closed","ping_status":"open","sticky":false,"template":"","format":"standard","meta":{"_et_pb_use_builder":"","_et_pb_old_content":"","_et_gb_content_width":"","footnotes":""},"categories":[2688,1],"tags":[2746,409,32,2891],"class_list":["post-23012","post","type-post","status-publish","format-standard","has-post-thumbnail","hentry","category-banner-principal","category-noticia","tag-70-anos-da-petrobras","tag-camara-de-salvador","tag-petrobras","tag-sessao-solene"],"yoast_head":"<!-- This site is optimized with the Yoast SEO plugin v27.3 - https:\/\/yoast.com\/product\/yoast-seo-wordpress\/ -->\n<title>Sindipetro-Ba participa de sess\u00e3o solene na C\u00e2mara de Vereadores de Salvador em comemora\u00e7\u00e3o aos 70 anos da Petrobras - Sindipetro BA<\/title>\n<meta name=\"robots\" content=\"index, follow, max-snippet:-1, max-image-preview:large, max-video-preview:-1\" \/>\n<link rel=\"canonical\" href=\"http:\/\/www.sindipetroba.org.br\/2019\/sindipetro-ba-participa-de-sessao-solene-na-camara-de-vereadores-de-salvador-em-comemoracao-aos-70-anos-da-petrobras\/\" \/>\n<meta property=\"og:locale\" content=\"pt_BR\" \/>\n<meta property=\"og:type\" content=\"article\" \/>\n<meta property=\"og:title\" content=\"Sindipetro-Ba participa de sess\u00e3o solene na C\u00e2mara de Vereadores de Salvador em comemora\u00e7\u00e3o aos 70 anos da Petrobras - Sindipetro BA\" \/>\n<meta property=\"og:description\" content=\"As celebra\u00e7\u00f5es do anivers\u00e1rio de 70 anos da Petrobras continuam na Bahia. Na pr\u00f3xima segunda-feira (11) \u00e0s 18h, haver\u00e1 uma sess\u00e3o solene na C\u00e2mara de Vereadores de Salvador, organizada pela vereadora Marta Rodrigues (PT). O Sindipetro-Ba estar\u00e1 presente no evento, destacando a import\u00e2ncia hist\u00f3rica dos trabalhadores baianos na constru\u00e7\u00e3o e defesa da empresa. Al\u00e9m do... Ver artigo\" \/>\n<meta property=\"og:url\" content=\"http:\/\/www.sindipetroba.org.br\/2019\/sindipetro-ba-participa-de-sessao-solene-na-camara-de-vereadores-de-salvador-em-comemoracao-aos-70-anos-da-petrobras\/\" \/>\n<meta property=\"og:site_name\" content=\"Sindipetro BA\" \/>\n<meta property=\"article:publisher\" content=\"https:\/\/www.facebook.com\/sindipetroBa\/\" \/>\n<meta property=\"article:published_time\" content=\"2023-12-07T20:24:51+00:00\" \/>\n<meta property=\"article:modified_time\" content=\"2023-12-11T17:46:58+00:00\" \/>\n<meta property=\"og:image\" content=\"http:\/\/www.sindipetroba.org.br\/2019\/wp-content\/uploads\/2023\/12\/d63152bf-a53b-4e0a-8c9e-3ad72eba2815.jpeg\" \/>\n\t<meta property=\"og:image:width\" content=\"1200\" \/>\n\t<meta property=\"og:image:height\" content=\"1200\" \/>\n\t<meta property=\"og:image:type\" content=\"image\/jpeg\" \/>\n<meta name=\"author\" content=\"ASCOM AL\" \/>\n<meta name=\"twitter:card\" content=\"summary_large_image\" \/>\n<meta name=\"twitter:creator\" content=\"@SindipetroBahia\" \/>\n<meta name=\"twitter:site\" content=\"@SindipetroBahia\" \/>\n<meta name=\"twitter:label1\" content=\"Escrito por\" \/>\n\t<meta name=\"twitter:data1\" content=\"ASCOM AL\" \/>\n\t<meta name=\"twitter:label2\" content=\"Est. tempo de leitura\" \/>\n\t<meta name=\"twitter:data2\" content=\"1 minuto\" \/>\n<script type=\"application\/ld+json\" class=\"yoast-schema-graph\">{\"@context\":\"https:\\\/\\\/schema.org\",\"@graph\":[{\"@type\":\"Article\",\"@id\":\"http:\\\/\\\/www.sindipetroba.org.br\\\/2019\\\/sindipetro-ba-participa-de-sessao-solene-na-camara-de-vereadores-de-salvador-em-comemoracao-aos-70-anos-da-petrobras\\\/#article\",\"isPartOf\":{\"@id\":\"http:\\\/\\\/www.sindipetroba.org.br\\\/2019\\\/sindipetro-ba-participa-de-sessao-solene-na-camara-de-vereadores-de-salvador-em-comemoracao-aos-70-anos-da-petrobras\\\/\"},\"author\":{\"name\":\"ASCOM AL\",\"@id\":\"http:\\\/\\\/www.sindipetroba.org.br\\\/2019\\\/#\\\/schema\\\/person\\\/b34be57a1332ab60188a340a09275241\"},\"headline\":\"Sindipetro-Ba participa de sess\u00e3o solene na C\u00e2mara de Vereadores de Salvador em comemora\u00e7\u00e3o aos 70 anos da Petrobras\",\"datePublished\":\"2023-12-07T20:24:51+00:00\",\"dateModified\":\"2023-12-11T17:46:58+00:00\",\"mainEntityOfPage\":{\"@id\":\"http:\\\/\\\/www.sindipetroba.org.br\\\/2019\\\/sindipetro-ba-participa-de-sessao-solene-na-camara-de-vereadores-de-salvador-em-comemoracao-aos-70-anos-da-petrobras\\\/\"},\"wordCount\":132,\"publisher\":{\"@id\":\"http:\\\/\\\/www.sindipetroba.org.br\\\/2019\\\/#organization\"},\"image\":{\"@id\":\"http:\\\/\\\/www.sindipetroba.org.br\\\/2019\\\/sindipetro-ba-participa-de-sessao-solene-na-camara-de-vereadores-de-salvador-em-comemoracao-aos-70-anos-da-petrobras\\\/#primaryimage\"},\"thumbnailUrl\":\"http:\\\/\\\/www.sindipetroba.org.br\\\/2019\\\/wp-content\\\/uploads\\\/2023\\\/12\\\/d63152bf-a53b-4e0a-8c9e-3ad72eba2815.jpeg\",\"keywords\":[\"70 anos da Petrobr\u00e1s\",\"C\u00e2mara de Salvador\",\"petrobras\",\"sess\u00e3o solene\"],\"articleSection\":[\"Banner Principal\",\"Not\u00edcia\"],\"inLanguage\":\"pt-BR\"},{\"@type\":\"WebPage\",\"@id\":\"http:\\\/\\\/www.sindipetroba.org.br\\\/2019\\\/sindipetro-ba-participa-de-sessao-solene-na-camara-de-vereadores-de-salvador-em-comemoracao-aos-70-anos-da-petrobras\\\/\",\"url\":\"http:\\\/\\\/www.sindipetroba.org.br\\\/2019\\\/sindipetro-ba-participa-de-sessao-solene-na-camara-de-vereadores-de-salvador-em-comemoracao-aos-70-anos-da-petrobras\\\/\",\"name\":\"Sindipetro-Ba participa de sess\u00e3o solene na C\u00e2mara de Vereadores de Salvador em comemora\u00e7\u00e3o aos 70 anos da Petrobras - Sindipetro BA\",\"isPartOf\":{\"@id\":\"http:\\\/\\\/www.sindipetroba.org.br\\\/2019\\\/#website\"},\"primaryImageOfPage\":{\"@id\":\"http:\\\/\\\/www.sindipetroba.org.br\\\/2019\\\/sindipetro-ba-participa-de-sessao-solene-na-camara-de-vereadores-de-salvador-em-comemoracao-aos-70-anos-da-petrobras\\\/#primaryimage\"},\"image\":{\"@id\":\"http:\\\/\\\/www.sindipetroba.org.br\\\/2019\\\/sindipetro-ba-participa-de-sessao-solene-na-camara-de-vereadores-de-salvador-em-comemoracao-aos-70-anos-da-petrobras\\\/#primaryimage\"},\"thumbnailUrl\":\"http:\\\/\\\/www.sindipetroba.org.br\\\/2019\\\/wp-content\\\/uploads\\\/2023\\\/12\\\/d63152bf-a53b-4e0a-8c9e-3ad72eba2815.jpeg\",\"datePublished\":\"2023-12-07T20:24:51+00:00\",\"dateModified\":\"2023-12-11T17:46:58+00:00\",\"breadcrumb\":{\"@id\":\"http:\\\/\\\/www.sindipetroba.org.br\\\/2019\\\/sindipetro-ba-participa-de-sessao-solene-na-camara-de-vereadores-de-salvador-em-comemoracao-aos-70-anos-da-petrobras\\\/#breadcrumb\"},\"inLanguage\":\"pt-BR\",\"potentialAction\":[{\"@type\":\"ReadAction\",\"target\":[\"http:\\\/\\\/www.sindipetroba.org.br\\\/2019\\\/sindipetro-ba-participa-de-sessao-solene-na-camara-de-vereadores-de-salvador-em-comemoracao-aos-70-anos-da-petrobras\\\/\"]}]},{\"@type\":\"ImageObject\",\"inLanguage\":\"pt-BR\",\"@id\":\"http:\\\/\\\/www.sindipetroba.org.br\\\/2019\\\/sindipetro-ba-participa-de-sessao-solene-na-camara-de-vereadores-de-salvador-em-comemoracao-aos-70-anos-da-petrobras\\\/#primaryimage\",\"url\":\"http:\\\/\\\/www.sindipetroba.org.br\\\/2019\\\/wp-content\\\/uploads\\\/2023\\\/12\\\/d63152bf-a53b-4e0a-8c9e-3ad72eba2815.jpeg\",\"contentUrl\":\"http:\\\/\\\/www.sindipetroba.org.br\\\/2019\\\/wp-content\\\/uploads\\\/2023\\\/12\\\/d63152bf-a53b-4e0a-8c9e-3ad72eba2815.jpeg\",\"width\":1200,\"height\":1200},{\"@type\":\"BreadcrumbList\",\"@id\":\"http:\\\/\\\/www.sindipetroba.org.br\\\/2019\\\/sindipetro-ba-participa-de-sessao-solene-na-camara-de-vereadores-de-salvador-em-comemoracao-aos-70-anos-da-petrobras\\\/#breadcrumb\",\"itemListElement\":[{\"@type\":\"ListItem\",\"position\":1,\"name\":\"In\u00edcio\",\"item\":\"http:\\\/\\\/www.sindipetroba.org.br\\\/2019\\\/\"},{\"@type\":\"ListItem\",\"position\":2,\"name\":\"Sindipetro-Ba participa de sess\u00e3o solene na C\u00e2mara de Vereadores de Salvador em comemora\u00e7\u00e3o aos 70 anos da Petrobras\"}]},{\"@type\":\"WebSite\",\"@id\":\"http:\\\/\\\/www.sindipetroba.org.br\\\/2019\\\/#website\",\"url\":\"http:\\\/\\\/www.sindipetroba.org.br\\\/2019\\\/\",\"name\":\"Sindipetro BA\",\"description\":\"Sindicato dos Petroleiros e Petroleiras do Estado da Bahia\",\"publisher\":{\"@id\":\"http:\\\/\\\/www.sindipetroba.org.br\\\/2019\\\/#organization\"},\"potentialAction\":[{\"@type\":\"SearchAction\",\"target\":{\"@type\":\"EntryPoint\",\"urlTemplate\":\"http:\\\/\\\/www.sindipetroba.org.br\\\/2019\\\/?s={search_term_string}\"},\"query-input\":{\"@type\":\"PropertyValueSpecification\",\"valueRequired\":true,\"valueName\":\"search_term_string\"}}],\"inLanguage\":\"pt-BR\"},{\"@type\":\"Organization\",\"@id\":\"http:\\\/\\\/www.sindipetroba.org.br\\\/2019\\\/#organization\",\"name\":\"Sindipetro BA\",\"url\":\"http:\\\/\\\/www.sindipetroba.org.br\\\/2019\\\/\",\"logo\":{\"@type\":\"ImageObject\",\"inLanguage\":\"pt-BR\",\"@id\":\"http:\\\/\\\/www.sindipetroba.org.br\\\/2019\\\/#\\\/schema\\\/logo\\\/image\\\/\",\"url\":\"http:\\\/\\\/www.sindipetroba.org.br\\\/2019\\\/wp-content\\\/uploads\\\/2019\\\/01\\\/sindipetro-marca-cor.png\",\"contentUrl\":\"http:\\\/\\\/www.sindipetroba.org.br\\\/2019\\\/wp-content\\\/uploads\\\/2019\\\/01\\\/sindipetro-marca-cor.png\",\"width\":350,\"height\":126,\"caption\":\"Sindipetro BA\"},\"image\":{\"@id\":\"http:\\\/\\\/www.sindipetroba.org.br\\\/2019\\\/#\\\/schema\\\/logo\\\/image\\\/\"},\"sameAs\":[\"https:\\\/\\\/www.facebook.com\\\/sindipetroBa\\\/\",\"https:\\\/\\\/x.com\\\/SindipetroBahia\",\"https:\\\/\\\/www.instagram.com\\\/sindipetroba\\\/\",\"https:\\\/\\\/www.youtube.com\\\/c\\\/SindipetroBahiaOficial\"]},{\"@type\":\"Person\",\"@id\":\"http:\\\/\\\/www.sindipetroba.org.br\\\/2019\\\/#\\\/schema\\\/person\\\/b34be57a1332ab60188a340a09275241\",\"name\":\"ASCOM AL\",\"image\":{\"@type\":\"ImageObject\",\"inLanguage\":\"pt-BR\",\"@id\":\"https:\\\/\\\/secure.gravatar.com\\\/avatar\\\/7faf4b5e74f0ebf515009a1f27466f1b1ace10867d066a91562e822c805d3157?s=96&d=mm&r=g\",\"url\":\"https:\\\/\\\/secure.gravatar.com\\\/avatar\\\/7faf4b5e74f0ebf515009a1f27466f1b1ace10867d066a91562e822c805d3157?s=96&d=mm&r=g\",\"contentUrl\":\"https:\\\/\\\/secure.gravatar.com\\\/avatar\\\/7faf4b5e74f0ebf515009a1f27466f1b1ace10867d066a91562e822c805d3157?s=96&d=mm&r=g\",\"caption\":\"ASCOM AL\"},\"sameAs\":[\"http:\\\/\\\/www.sindipetroba.org.br\"]}]}<\/script>\n<!-- \/ Yoast SEO plugin. -->","yoast_head_json":{"title":"Sindipetro-Ba participa de sess\u00e3o solene na C\u00e2mara de Vereadores de Salvador em comemora\u00e7\u00e3o aos 70 anos da Petrobras - Sindipetro BA","robots":{"index":"index","follow":"follow","max-snippet":"max-snippet:-1","max-image-preview":"max-image-preview:large","max-video-preview":"max-video-preview:-1"},"canonical":"http:\/\/www.sindipetroba.org.br\/2019\/sindipetro-ba-participa-de-sessao-solene-na-camara-de-vereadores-de-salvador-em-comemoracao-aos-70-anos-da-petrobras\/","og_locale":"pt_BR","og_type":"article","og_title":"Sindipetro-Ba participa de sess\u00e3o solene na C\u00e2mara de Vereadores de Salvador em comemora\u00e7\u00e3o aos 70 anos da Petrobras - Sindipetro BA","og_description":"As celebra\u00e7\u00f5es do anivers\u00e1rio de 70 anos da Petrobras continuam na Bahia. Na pr\u00f3xima segunda-feira (11) \u00e0s 18h, haver\u00e1 uma sess\u00e3o solene na C\u00e2mara de Vereadores de Salvador, organizada pela vereadora Marta Rodrigues (PT). O Sindipetro-Ba estar\u00e1 presente no evento, destacando a import\u00e2ncia hist\u00f3rica dos trabalhadores baianos na constru\u00e7\u00e3o e defesa da empresa. Al\u00e9m do... Ver artigo","og_url":"http:\/\/www.sindipetroba.org.br\/2019\/sindipetro-ba-participa-de-sessao-solene-na-camara-de-vereadores-de-salvador-em-comemoracao-aos-70-anos-da-petrobras\/","og_site_name":"Sindipetro BA","article_publisher":"https:\/\/www.facebook.com\/sindipetroBa\/","article_published_time":"2023-12-07T20:24:51+00:00","article_modified_time":"2023-12-11T17:46:58+00:00","og_image":[{"width":1200,"height":1200,"url":"http:\/\/www.sindipetroba.org.br\/2019\/wp-content\/uploads\/2023\/12\/d63152bf-a53b-4e0a-8c9e-3ad72eba2815.jpeg","type":"image\/jpeg"}],"author":"ASCOM AL","twitter_card":"summary_large_image","twitter_creator":"@SindipetroBahia","twitter_site":"@SindipetroBahia","twitter_misc":{"Escrito por":"ASCOM AL","Est. tempo de leitura":"1 minuto"},"schema":{"@context":"https:\/\/schema.org","@graph":[{"@type":"Article","@id":"http:\/\/www.sindipetroba.org.br\/2019\/sindipetro-ba-participa-de-sessao-solene-na-camara-de-vereadores-de-salvador-em-comemoracao-aos-70-anos-da-petrobras\/#article","isPartOf":{"@id":"http:\/\/www.sindipetroba.org.br\/2019\/sindipetro-ba-participa-de-sessao-solene-na-camara-de-vereadores-de-salvador-em-comemoracao-aos-70-anos-da-petrobras\/"},"author":{"name":"ASCOM AL","@id":"http:\/\/www.sindipetroba.org.br\/2019\/#\/schema\/person\/b34be57a1332ab60188a340a09275241"},"headline":"Sindipetro-Ba participa de sess\u00e3o solene na C\u00e2mara de Vereadores de Salvador em comemora\u00e7\u00e3o aos 70 anos da Petrobras","datePublished":"2023-12-07T20:24:51+00:00","dateModified":"2023-12-11T17:46:58+00:00","mainEntityOfPage":{"@id":"http:\/\/www.sindipetroba.org.br\/2019\/sindipetro-ba-participa-de-sessao-solene-na-camara-de-vereadores-de-salvador-em-comemoracao-aos-70-anos-da-petrobras\/"},"wordCount":132,"publisher":{"@id":"http:\/\/www.sindipetroba.org.br\/2019\/#organization"},"image":{"@id":"http:\/\/www.sindipetroba.org.br\/2019\/sindipetro-ba-participa-de-sessao-solene-na-camara-de-vereadores-de-salvador-em-comemoracao-aos-70-anos-da-petrobras\/#primaryimage"},"thumbnailUrl":"http:\/\/www.sindipetroba.org.br\/2019\/wp-content\/uploads\/2023\/12\/d63152bf-a53b-4e0a-8c9e-3ad72eba2815.jpeg","keywords":["70 anos da Petrobr\u00e1s","C\u00e2mara de Salvador","petrobras","sess\u00e3o solene"],"articleSection":["Banner Principal","Not\u00edcia"],"inLanguage":"pt-BR"},{"@type":"WebPage","@id":"http:\/\/www.sindipetroba.org.br\/2019\/sindipetro-ba-participa-de-sessao-solene-na-camara-de-vereadores-de-salvador-em-comemoracao-aos-70-anos-da-petrobras\/","url":"http:\/\/www.sindipetroba.org.br\/2019\/sindipetro-ba-participa-de-sessao-solene-na-camara-de-vereadores-de-salvador-em-comemoracao-aos-70-anos-da-petrobras\/","name":"Sindipetro-Ba participa de sess\u00e3o solene na C\u00e2mara de Vereadores de Salvador em comemora\u00e7\u00e3o aos 70 anos da Petrobras - Sindipetro BA","isPartOf":{"@id":"http:\/\/www.sindipetroba.org.br\/2019\/#website"},"primaryImageOfPage":{"@id":"http:\/\/www.sindipetroba.org.br\/2019\/sindipetro-ba-participa-de-sessao-solene-na-camara-de-vereadores-de-salvador-em-comemoracao-aos-70-anos-da-petrobras\/#primaryimage"},"image":{"@id":"http:\/\/www.sindipetroba.org.br\/2019\/sindipetro-ba-participa-de-sessao-solene-na-camara-de-vereadores-de-salvador-em-comemoracao-aos-70-anos-da-petrobras\/#primaryimage"},"thumbnailUrl":"http:\/\/www.sindipetroba.org.br\/2019\/wp-content\/uploads\/2023\/12\/d63152bf-a53b-4e0a-8c9e-3ad72eba2815.jpeg","datePublished":"2023-12-07T20:24:51+00:00","dateModified":"2023-12-11T17:46:58+00:00","breadcrumb":{"@id":"http:\/\/www.sindipetroba.org.br\/2019\/sindipetro-ba-participa-de-sessao-solene-na-camara-de-vereadores-de-salvador-em-comemoracao-aos-70-anos-da-petrobras\/#breadcrumb"},"inLanguage":"pt-BR","potentialAction":[{"@type":"ReadAction","target":["http:\/\/www.sindipetroba.org.br\/2019\/sindipetro-ba-participa-de-sessao-solene-na-camara-de-vereadores-de-salvador-em-comemoracao-aos-70-anos-da-petrobras\/"]}]},{"@type":"ImageObject","inLanguage":"pt-BR","@id":"http:\/\/www.sindipetroba.org.br\/2019\/sindipetro-ba-participa-de-sessao-solene-na-camara-de-vereadores-de-salvador-em-comemoracao-aos-70-anos-da-petrobras\/#primaryimage","url":"http:\/\/www.sindipetroba.org.br\/2019\/wp-content\/uploads\/2023\/12\/d63152bf-a53b-4e0a-8c9e-3ad72eba2815.jpeg","contentUrl":"http:\/\/www.sindipetroba.org.br\/2019\/wp-content\/uploads\/2023\/12\/d63152bf-a53b-4e0a-8c9e-3ad72eba2815.jpeg","width":1200,"height":1200},{"@type":"BreadcrumbList","@id":"http:\/\/www.sindipetroba.org.br\/2019\/sindipetro-ba-participa-de-sessao-solene-na-camara-de-vereadores-de-salvador-em-comemoracao-aos-70-anos-da-petrobras\/#breadcrumb","itemListElement":[{"@type":"ListItem","position":1,"name":"In\u00edcio","item":"http:\/\/www.sindipetroba.org.br\/2019\/"},{"@type":"ListItem","position":2,"name":"Sindipetro-Ba participa de sess\u00e3o solene na C\u00e2mara de Vereadores de Salvador em comemora\u00e7\u00e3o aos 70 anos da Petrobras"}]},{"@type":"WebSite","@id":"http:\/\/www.sindipetroba.org.br\/2019\/#website","url":"http:\/\/www.sindipetroba.org.br\/2019\/","name":"Sindipetro BA","description":"Sindicato dos Petroleiros e Petroleiras do Estado da Bahia","publisher":{"@id":"http:\/\/www.sindipetroba.org.br\/2019\/#organization"},"potentialAction":[{"@type":"SearchAction","target":{"@type":"EntryPoint","urlTemplate":"http:\/\/www.sindipetroba.org.br\/2019\/?s={search_term_string}"},"query-input":{"@type":"PropertyValueSpecification","valueRequired":true,"valueName":"search_term_string"}}],"inLanguage":"pt-BR"},{"@type":"Organization","@id":"http:\/\/www.sindipetroba.org.br\/2019\/#organization","name":"Sindipetro BA","url":"http:\/\/www.sindipetroba.org.br\/2019\/","logo":{"@type":"ImageObject","inLanguage":"pt-BR","@id":"http:\/\/www.sindipetroba.org.br\/2019\/#\/schema\/logo\/image\/","url":"http:\/\/www.sindipetroba.org.br\/2019\/wp-content\/uploads\/2019\/01\/sindipetro-marca-cor.png","contentUrl":"http:\/\/www.sindipetroba.org.br\/2019\/wp-content\/uploads\/2019\/01\/sindipetro-marca-cor.png","width":350,"height":126,"caption":"Sindipetro BA"},"image":{"@id":"http:\/\/www.sindipetroba.org.br\/2019\/#\/schema\/logo\/image\/"},"sameAs":["https:\/\/www.facebook.com\/sindipetroBa\/","https:\/\/x.com\/SindipetroBahia","https:\/\/www.instagram.com\/sindipetroba\/","https:\/\/www.youtube.com\/c\/SindipetroBahiaOficial"]},{"@type":"Person","@id":"http:\/\/www.sindipetroba.org.br\/2019\/#\/schema\/person\/b34be57a1332ab60188a340a09275241","name":"ASCOM AL","image":{"@type":"ImageObject","inLanguage":"pt-BR","@id":"https:\/\/secure.gravatar.com\/avatar\/7faf4b5e74f0ebf515009a1f27466f1b1ace10867d066a91562e822c805d3157?s=96&d=mm&r=g","url":"https:\/\/secure.gravatar.com\/avatar\/7faf4b5e74f0ebf515009a1f27466f1b1ace10867d066a91562e822c805d3157?s=96&d=mm&r=g","contentUrl":"https:\/\/secure.gravatar.com\/avatar\/7faf4b5e74f0ebf515009a1f27466f1b1ace10867d066a91562e822c805d3157?s=96&d=mm&r=g","caption":"ASCOM AL"},"sameAs":["http:\/\/www.sindipetroba.org.br"]}]}},"_links":{"self":[{"href":"http:\/\/www.sindipetroba.org.br\/2019\/wp-json\/wp\/v2\/posts\/23012","targetHints":{"allow":["GET"]}}],"collection":[{"href":"http:\/\/www.sindipetroba.org.br\/2019\/wp-json\/wp\/v2\/posts"}],"about":[{"href":"http:\/\/www.sindipetroba.org.br\/2019\/wp-json\/wp\/v2\/types\/post"}],"author":[{"embeddable":true,"href":"http:\/\/www.sindipetroba.org.br\/2019\/wp-json\/wp\/v2\/users\/7"}],"replies":[{"embeddable":true,"href":"http:\/\/www.sindipetroba.org.br\/2019\/wp-json\/wp\/v2\/comments?post=23012"}],"version-history":[{"count":2,"href":"http:\/\/www.sindipetroba.org.br\/2019\/wp-json\/wp\/v2\/posts\/23012\/revisions"}],"predecessor-version":[{"id":23015,"href":"http:\/\/www.sindipetroba.org.br\/2019\/wp-json\/wp\/v2\/posts\/23012\/revisions\/23015"}],"wp:featuredmedia":[{"embeddable":true,"href":"http:\/\/www.sindipetroba.org.br\/2019\/wp-json\/wp\/v2\/media\/23013"}],"wp:attachment":[{"href":"http:\/\/www.sindipetroba.org.br\/2019\/wp-json\/wp\/v2\/media?parent=23012"}],"wp:term":[{"taxonomy":"category","embeddable":true,"href":"http:\/\/www.sindipetroba.org.br\/2019\/wp-json\/wp\/v2\/categories?post=23012"},{"taxonomy":"post_tag","embeddable":true,"href":"http:\/\/www.sindipetroba.org.br\/2019\/wp-json\/wp\/v2\/tags?post=23012"}],"curies":[{"name":"wp","href":"https:\/\/api.w.org\/{rel}","templated":true}]}}