{"id":2538,"date":"2019-07-09T15:56:29","date_gmt":"2019-07-09T18:56:29","guid":{"rendered":"http:\/\/www.sindipetroba.org.br\/2019\/?p=2538"},"modified":"2019-07-09T15:56:29","modified_gmt":"2019-07-09T18:56:29","slug":"forum-em-defesa-da-petrobras-e-da-petros-na-bahia-convoca-para-grande-ato-dia-12-07-as-7h-no-ediba","status":"publish","type":"post","link":"http:\/\/www.sindipetroba.org.br\/2019\/forum-em-defesa-da-petrobras-e-da-petros-na-bahia-convoca-para-grande-ato-dia-12-07-as-7h-no-ediba\/","title":{"rendered":"F\u00f3rum em Defesa da Petrobr\u00e1s e da Petros na Bahia convoca para grande ato dia 12\/07, \u00e0s 7h, no EDIBA"},"content":{"rendered":"<p>Ser\u00e1 nessa sexta-feira, 12\/07, \u00e0s 7h, em frente ao edif\u00edcio Torre Pituba (EDIBA), o grande ato contra a volta da cobran\u00e7a do equacionamento do Plano Petros 1.<br \/>\nO protesto \u00e9 tamb\u00e9m contra o encerramento das atividades da Petrobr\u00e1s na Bahia, contra a venda das refinarias e terminais e contra a proposta de ACT da Petrobr\u00e1s.<br \/>\nO ato, que est\u00e1 sendo organizado e convocado pelo F\u00f3rum em Defesa da Petrobr\u00e1s e da Petros na Bahia, composto pelo Sindipetro Bahia, Astape, Ambep, Aepet, Abraspet, e Cepes, ser\u00e1 a forma da categoria petroleira dar seu recado \u00e0 dire\u00e7\u00e3o da Petrobr\u00e1s. E o recado \u00e9 muito claro: os petroleiros n\u00e3o aceitam a retirada de direitos e nem v\u00e3o pagar sozinhos a conta do equacionamento.<br \/>\nPortanto, companheiros e companheiras, vamos sair das redes sociais e fazer a luta na rua. Caso contr\u00e1rio, em pouco tempo n\u00e3o teremos refinarias, campos terrestres, ACTs, Petros e AMS. Enfim, n\u00e3o teremos a Petrobr\u00e1s na Bahia e nem nossos empregos e aposentadorias;<br \/>\n<strong><br \/>\nA Petrobr\u00e1s e a responsabilidade pelo equacionamento<\/strong><br \/>\nVamos cobrar da Petrobr\u00e1s a sua responsabilidade, como gestora do Plano de Previd\u00eancia Complementar da categoria petroleira.<br \/>\nDiante da press\u00e3o que a Petrobr\u00e1s vem fazendo na justi\u00e7a para derrubar as liminares de todos os sindicatos de petroleiros, n\u00e3o podemos continuar lutando apenas na \u00e1rea judicial \u00e9 preciso tamb\u00e9m mobilizar, mostrar para a empresa que n\u00e3o vamos aceitar que ela transfira a sua responsabilidade para os assistidos e participantes da Petros.<br \/>\nO equacionamento da forma que est\u00e1 sendo feito est\u00e1 destruindo a vida financeira da categoria, que n\u00e3o tem capacidade para comportar valores t\u00e3o altos.<br \/>\nOs participantes e assistidos n\u00e3o possuem a gest\u00e3o do plano. A Petrobras \u00e9 quem faz plenamente a administra\u00e7\u00e3o e a gest\u00e3o da Funda\u00e7\u00e3o e do plano. \u00c9 injusto e desproporcional a cobran\u00e7a e responsabiliza\u00e7\u00e3o dos participantes e assistidos, que indiscutivelmente, s\u00e3o a parte mais fr\u00e1gil dessa cadeia no aspecto econ\u00f4mico.<br \/>\nNo entanto, a justi\u00e7a est\u00e1 pendendo a balan\u00e7a para o lado mais forte, eximindo a patrocinadora, que \u00e9 a Petrobr\u00e1s, de sua responsabilidade.<br \/>\nVamos continuar lutando na justi\u00e7a para que a Petrobr\u00e1s assuma seus erros na condu\u00e7\u00e3o da gest\u00e3o e administra\u00e7\u00e3o dos nossos recursos.<br \/>\nSe a Petrobras faz a gest\u00e3o, que ela assuma os riscos. Se quer compartilhar riscos, que passe a compartilhar a gest\u00e3o com os donos dos recursos: a categoria petroleira.<br \/>\nA assessoria jur\u00eddica do Sindipetro Bahia vai recorrer a justi\u00e7a contra a queda da liminar referente ao equacionamento que fez com que houvesse o retorno do desconto de 100% estabelecido pela Petros, a partir do m\u00eas de julho.<br \/>\nEnquanto isso, vamos mostrar a nossa for\u00e7a \u2013 aposentados (as), trabalhadores (as) da ativa e pensionistas \u2013 nesse grande ato, mostrando que a categoria petroleira \u00e9 a protagonista da sua hist\u00f3ria de luta e conquistas.<\/p>\n<p>Fonte \u2013 Sindipetro Bahia<\/p>\n","protected":false},"excerpt":{"rendered":"Ser\u00e1 nessa sexta-feira, 12\/07, \u00e0s 7h, em frente ao edif\u00edcio Torre Pituba (EDIBA), o grande ato contra a volta da cobran\u00e7a do equacionamento do Plano Petros 1. O protesto \u00e9 tamb\u00e9m contra o encerramento das atividades da Petrobr\u00e1s na Bahia, contra a venda das refinarias e terminais e contra a proposta de ACT da Petrobr\u00e1s&#8230;. <a class=\"view-article\" href=\"http:\/\/www.sindipetroba.org.br\/2019\/forum-em-defesa-da-petrobras-e-da-petros-na-bahia-convoca-para-grande-ato-dia-12-07-as-7h-no-ediba\/\">Ver artigo<\/a>","protected":false},"author":1,"featured_media":2540,"comment_status":"closed","ping_status":"open","sticky":false,"template":"","format":"standard","meta":{"_et_pb_use_builder":"","_et_pb_old_content":"","_et_gb_content_width":"","footnotes":""},"categories":[1],"tags":[32,30],"class_list":["post-2538","post","type-post","status-publish","format-standard","has-post-thumbnail","hentry","category-noticia","tag-petrobras","tag-sindipetro-bahia"],"yoast_head":"<!-- This site is optimized with the Yoast SEO plugin v27.3 - https:\/\/yoast.com\/product\/yoast-seo-wordpress\/ -->\n<title>F\u00f3rum em Defesa da Petrobr\u00e1s e da Petros na Bahia convoca para grande ato dia 12\/07, \u00e0s 7h, no EDIBA - Sindipetro BA<\/title>\n<meta name=\"robots\" content=\"index, follow, max-snippet:-1, max-image-preview:large, max-video-preview:-1\" \/>\n<link rel=\"canonical\" href=\"http:\/\/www.sindipetroba.org.br\/2019\/forum-em-defesa-da-petrobras-e-da-petros-na-bahia-convoca-para-grande-ato-dia-12-07-as-7h-no-ediba\/\" \/>\n<meta property=\"og:locale\" content=\"pt_BR\" \/>\n<meta property=\"og:type\" content=\"article\" \/>\n<meta property=\"og:title\" content=\"F\u00f3rum em Defesa da Petrobr\u00e1s e da Petros na Bahia convoca para grande ato dia 12\/07, \u00e0s 7h, no EDIBA - Sindipetro BA\" \/>\n<meta property=\"og:description\" content=\"Ser\u00e1 nessa sexta-feira, 12\/07, \u00e0s 7h, em frente ao edif\u00edcio Torre Pituba (EDIBA), o grande ato contra a volta da cobran\u00e7a do equacionamento do Plano Petros 1. O protesto \u00e9 tamb\u00e9m contra o encerramento das atividades da Petrobr\u00e1s na Bahia, contra a venda das refinarias e terminais e contra a proposta de ACT da Petrobr\u00e1s.... Ver artigo\" \/>\n<meta property=\"og:url\" content=\"http:\/\/www.sindipetroba.org.br\/2019\/forum-em-defesa-da-petrobras-e-da-petros-na-bahia-convoca-para-grande-ato-dia-12-07-as-7h-no-ediba\/\" \/>\n<meta property=\"og:site_name\" content=\"Sindipetro BA\" \/>\n<meta property=\"article:publisher\" content=\"https:\/\/www.facebook.com\/sindipetroBa\/\" \/>\n<meta property=\"article:published_time\" content=\"2019-07-09T18:56:29+00:00\" \/>\n<meta property=\"og:image\" content=\"http:\/\/www.sindipetroba.org.br\/2019\/wp-content\/uploads\/2019\/07\/ggg.jpg\" \/>\n\t<meta property=\"og:image:width\" content=\"750\" \/>\n\t<meta property=\"og:image:height\" content=\"562\" \/>\n\t<meta property=\"og:image:type\" content=\"image\/jpeg\" \/>\n<meta name=\"author\" content=\"admsp\" \/>\n<meta name=\"twitter:card\" content=\"summary_large_image\" \/>\n<meta name=\"twitter:creator\" content=\"@SindipetroBahia\" \/>\n<meta name=\"twitter:site\" content=\"@SindipetroBahia\" \/>\n<meta name=\"twitter:label1\" content=\"Escrito por\" \/>\n\t<meta name=\"twitter:data1\" content=\"admsp\" \/>\n\t<meta name=\"twitter:label2\" content=\"Est. tempo de leitura\" \/>\n\t<meta name=\"twitter:data2\" content=\"3 minutos\" \/>\n<script type=\"application\/ld+json\" class=\"yoast-schema-graph\">{\"@context\":\"https:\\\/\\\/schema.org\",\"@graph\":[{\"@type\":\"Article\",\"@id\":\"http:\\\/\\\/www.sindipetroba.org.br\\\/2019\\\/forum-em-defesa-da-petrobras-e-da-petros-na-bahia-convoca-para-grande-ato-dia-12-07-as-7h-no-ediba\\\/#article\",\"isPartOf\":{\"@id\":\"http:\\\/\\\/www.sindipetroba.org.br\\\/2019\\\/forum-em-defesa-da-petrobras-e-da-petros-na-bahia-convoca-para-grande-ato-dia-12-07-as-7h-no-ediba\\\/\"},\"author\":{\"name\":\"admsp\",\"@id\":\"http:\\\/\\\/www.sindipetroba.org.br\\\/2019\\\/#\\\/schema\\\/person\\\/e61228ef9f981537d4c4eb80f6ea7713\"},\"headline\":\"F\u00f3rum em Defesa da Petrobr\u00e1s e da Petros na Bahia convoca para grande ato dia 12\\\/07, \u00e0s 7h, no EDIBA\",\"datePublished\":\"2019-07-09T18:56:29+00:00\",\"mainEntityOfPage\":{\"@id\":\"http:\\\/\\\/www.sindipetroba.org.br\\\/2019\\\/forum-em-defesa-da-petrobras-e-da-petros-na-bahia-convoca-para-grande-ato-dia-12-07-as-7h-no-ediba\\\/\"},\"wordCount\":521,\"publisher\":{\"@id\":\"http:\\\/\\\/www.sindipetroba.org.br\\\/2019\\\/#organization\"},\"image\":{\"@id\":\"http:\\\/\\\/www.sindipetroba.org.br\\\/2019\\\/forum-em-defesa-da-petrobras-e-da-petros-na-bahia-convoca-para-grande-ato-dia-12-07-as-7h-no-ediba\\\/#primaryimage\"},\"thumbnailUrl\":\"http:\\\/\\\/www.sindipetroba.org.br\\\/2019\\\/wp-content\\\/uploads\\\/2019\\\/07\\\/ggg.jpg\",\"keywords\":[\"petrobras\",\"sindipetro bahia\"],\"articleSection\":[\"Not\u00edcia\"],\"inLanguage\":\"pt-BR\"},{\"@type\":\"WebPage\",\"@id\":\"http:\\\/\\\/www.sindipetroba.org.br\\\/2019\\\/forum-em-defesa-da-petrobras-e-da-petros-na-bahia-convoca-para-grande-ato-dia-12-07-as-7h-no-ediba\\\/\",\"url\":\"http:\\\/\\\/www.sindipetroba.org.br\\\/2019\\\/forum-em-defesa-da-petrobras-e-da-petros-na-bahia-convoca-para-grande-ato-dia-12-07-as-7h-no-ediba\\\/\",\"name\":\"F\u00f3rum em Defesa da Petrobr\u00e1s e da Petros na Bahia convoca para grande ato dia 12\\\/07, \u00e0s 7h, no EDIBA - Sindipetro BA\",\"isPartOf\":{\"@id\":\"http:\\\/\\\/www.sindipetroba.org.br\\\/2019\\\/#website\"},\"primaryImageOfPage\":{\"@id\":\"http:\\\/\\\/www.sindipetroba.org.br\\\/2019\\\/forum-em-defesa-da-petrobras-e-da-petros-na-bahia-convoca-para-grande-ato-dia-12-07-as-7h-no-ediba\\\/#primaryimage\"},\"image\":{\"@id\":\"http:\\\/\\\/www.sindipetroba.org.br\\\/2019\\\/forum-em-defesa-da-petrobras-e-da-petros-na-bahia-convoca-para-grande-ato-dia-12-07-as-7h-no-ediba\\\/#primaryimage\"},\"thumbnailUrl\":\"http:\\\/\\\/www.sindipetroba.org.br\\\/2019\\\/wp-content\\\/uploads\\\/2019\\\/07\\\/ggg.jpg\",\"datePublished\":\"2019-07-09T18:56:29+00:00\",\"breadcrumb\":{\"@id\":\"http:\\\/\\\/www.sindipetroba.org.br\\\/2019\\\/forum-em-defesa-da-petrobras-e-da-petros-na-bahia-convoca-para-grande-ato-dia-12-07-as-7h-no-ediba\\\/#breadcrumb\"},\"inLanguage\":\"pt-BR\",\"potentialAction\":[{\"@type\":\"ReadAction\",\"target\":[\"http:\\\/\\\/www.sindipetroba.org.br\\\/2019\\\/forum-em-defesa-da-petrobras-e-da-petros-na-bahia-convoca-para-grande-ato-dia-12-07-as-7h-no-ediba\\\/\"]}]},{\"@type\":\"ImageObject\",\"inLanguage\":\"pt-BR\",\"@id\":\"http:\\\/\\\/www.sindipetroba.org.br\\\/2019\\\/forum-em-defesa-da-petrobras-e-da-petros-na-bahia-convoca-para-grande-ato-dia-12-07-as-7h-no-ediba\\\/#primaryimage\",\"url\":\"http:\\\/\\\/www.sindipetroba.org.br\\\/2019\\\/wp-content\\\/uploads\\\/2019\\\/07\\\/ggg.jpg\",\"contentUrl\":\"http:\\\/\\\/www.sindipetroba.org.br\\\/2019\\\/wp-content\\\/uploads\\\/2019\\\/07\\\/ggg.jpg\",\"width\":750,\"height\":562},{\"@type\":\"BreadcrumbList\",\"@id\":\"http:\\\/\\\/www.sindipetroba.org.br\\\/2019\\\/forum-em-defesa-da-petrobras-e-da-petros-na-bahia-convoca-para-grande-ato-dia-12-07-as-7h-no-ediba\\\/#breadcrumb\",\"itemListElement\":[{\"@type\":\"ListItem\",\"position\":1,\"name\":\"In\u00edcio\",\"item\":\"http:\\\/\\\/www.sindipetroba.org.br\\\/2019\\\/\"},{\"@type\":\"ListItem\",\"position\":2,\"name\":\"F\u00f3rum em Defesa da Petrobr\u00e1s e da Petros na Bahia convoca para grande ato dia 12\\\/07, \u00e0s 7h, no EDIBA\"}]},{\"@type\":\"WebSite\",\"@id\":\"http:\\\/\\\/www.sindipetroba.org.br\\\/2019\\\/#website\",\"url\":\"http:\\\/\\\/www.sindipetroba.org.br\\\/2019\\\/\",\"name\":\"Sindipetro BA\",\"description\":\"Sindicato dos Petroleiros e Petroleiras do Estado da Bahia\",\"publisher\":{\"@id\":\"http:\\\/\\\/www.sindipetroba.org.br\\\/2019\\\/#organization\"},\"potentialAction\":[{\"@type\":\"SearchAction\",\"target\":{\"@type\":\"EntryPoint\",\"urlTemplate\":\"http:\\\/\\\/www.sindipetroba.org.br\\\/2019\\\/?s={search_term_string}\"},\"query-input\":{\"@type\":\"PropertyValueSpecification\",\"valueRequired\":true,\"valueName\":\"search_term_string\"}}],\"inLanguage\":\"pt-BR\"},{\"@type\":\"Organization\",\"@id\":\"http:\\\/\\\/www.sindipetroba.org.br\\\/2019\\\/#organization\",\"name\":\"Sindipetro BA\",\"url\":\"http:\\\/\\\/www.sindipetroba.org.br\\\/2019\\\/\",\"logo\":{\"@type\":\"ImageObject\",\"inLanguage\":\"pt-BR\",\"@id\":\"http:\\\/\\\/www.sindipetroba.org.br\\\/2019\\\/#\\\/schema\\\/logo\\\/image\\\/\",\"url\":\"http:\\\/\\\/www.sindipetroba.org.br\\\/2019\\\/wp-content\\\/uploads\\\/2019\\\/01\\\/sindipetro-marca-cor.png\",\"contentUrl\":\"http:\\\/\\\/www.sindipetroba.org.br\\\/2019\\\/wp-content\\\/uploads\\\/2019\\\/01\\\/sindipetro-marca-cor.png\",\"width\":350,\"height\":126,\"caption\":\"Sindipetro BA\"},\"image\":{\"@id\":\"http:\\\/\\\/www.sindipetroba.org.br\\\/2019\\\/#\\\/schema\\\/logo\\\/image\\\/\"},\"sameAs\":[\"https:\\\/\\\/www.facebook.com\\\/sindipetroBa\\\/\",\"https:\\\/\\\/x.com\\\/SindipetroBahia\",\"https:\\\/\\\/www.instagram.com\\\/sindipetroba\\\/\",\"https:\\\/\\\/www.youtube.com\\\/c\\\/SindipetroBahiaOficial\"]},{\"@type\":\"Person\",\"@id\":\"http:\\\/\\\/www.sindipetroba.org.br\\\/2019\\\/#\\\/schema\\\/person\\\/e61228ef9f981537d4c4eb80f6ea7713\",\"name\":\"admsp\",\"image\":{\"@type\":\"ImageObject\",\"inLanguage\":\"pt-BR\",\"@id\":\"https:\\\/\\\/secure.gravatar.com\\\/avatar\\\/50f06e2b746fe9248099d2c61c12342ab36327e9d413e3171dd7033b84800d96?s=96&d=mm&r=g\",\"url\":\"https:\\\/\\\/secure.gravatar.com\\\/avatar\\\/50f06e2b746fe9248099d2c61c12342ab36327e9d413e3171dd7033b84800d96?s=96&d=mm&r=g\",\"contentUrl\":\"https:\\\/\\\/secure.gravatar.com\\\/avatar\\\/50f06e2b746fe9248099d2c61c12342ab36327e9d413e3171dd7033b84800d96?s=96&d=mm&r=g\",\"caption\":\"admsp\"}}]}<\/script>\n<!-- \/ Yoast SEO plugin. -->","yoast_head_json":{"title":"F\u00f3rum em Defesa da Petrobr\u00e1s e da Petros na Bahia convoca para grande ato dia 12\/07, \u00e0s 7h, no EDIBA - Sindipetro BA","robots":{"index":"index","follow":"follow","max-snippet":"max-snippet:-1","max-image-preview":"max-image-preview:large","max-video-preview":"max-video-preview:-1"},"canonical":"http:\/\/www.sindipetroba.org.br\/2019\/forum-em-defesa-da-petrobras-e-da-petros-na-bahia-convoca-para-grande-ato-dia-12-07-as-7h-no-ediba\/","og_locale":"pt_BR","og_type":"article","og_title":"F\u00f3rum em Defesa da Petrobr\u00e1s e da Petros na Bahia convoca para grande ato dia 12\/07, \u00e0s 7h, no EDIBA - Sindipetro BA","og_description":"Ser\u00e1 nessa sexta-feira, 12\/07, \u00e0s 7h, em frente ao edif\u00edcio Torre Pituba (EDIBA), o grande ato contra a volta da cobran\u00e7a do equacionamento do Plano Petros 1. O protesto \u00e9 tamb\u00e9m contra o encerramento das atividades da Petrobr\u00e1s na Bahia, contra a venda das refinarias e terminais e contra a proposta de ACT da Petrobr\u00e1s.... Ver artigo","og_url":"http:\/\/www.sindipetroba.org.br\/2019\/forum-em-defesa-da-petrobras-e-da-petros-na-bahia-convoca-para-grande-ato-dia-12-07-as-7h-no-ediba\/","og_site_name":"Sindipetro BA","article_publisher":"https:\/\/www.facebook.com\/sindipetroBa\/","article_published_time":"2019-07-09T18:56:29+00:00","og_image":[{"width":750,"height":562,"url":"http:\/\/www.sindipetroba.org.br\/2019\/wp-content\/uploads\/2019\/07\/ggg.jpg","type":"image\/jpeg"}],"author":"admsp","twitter_card":"summary_large_image","twitter_creator":"@SindipetroBahia","twitter_site":"@SindipetroBahia","twitter_misc":{"Escrito por":"admsp","Est. tempo de leitura":"3 minutos"},"schema":{"@context":"https:\/\/schema.org","@graph":[{"@type":"Article","@id":"http:\/\/www.sindipetroba.org.br\/2019\/forum-em-defesa-da-petrobras-e-da-petros-na-bahia-convoca-para-grande-ato-dia-12-07-as-7h-no-ediba\/#article","isPartOf":{"@id":"http:\/\/www.sindipetroba.org.br\/2019\/forum-em-defesa-da-petrobras-e-da-petros-na-bahia-convoca-para-grande-ato-dia-12-07-as-7h-no-ediba\/"},"author":{"name":"admsp","@id":"http:\/\/www.sindipetroba.org.br\/2019\/#\/schema\/person\/e61228ef9f981537d4c4eb80f6ea7713"},"headline":"F\u00f3rum em Defesa da Petrobr\u00e1s e da Petros na Bahia convoca para grande ato dia 12\/07, \u00e0s 7h, no EDIBA","datePublished":"2019-07-09T18:56:29+00:00","mainEntityOfPage":{"@id":"http:\/\/www.sindipetroba.org.br\/2019\/forum-em-defesa-da-petrobras-e-da-petros-na-bahia-convoca-para-grande-ato-dia-12-07-as-7h-no-ediba\/"},"wordCount":521,"publisher":{"@id":"http:\/\/www.sindipetroba.org.br\/2019\/#organization"},"image":{"@id":"http:\/\/www.sindipetroba.org.br\/2019\/forum-em-defesa-da-petrobras-e-da-petros-na-bahia-convoca-para-grande-ato-dia-12-07-as-7h-no-ediba\/#primaryimage"},"thumbnailUrl":"http:\/\/www.sindipetroba.org.br\/2019\/wp-content\/uploads\/2019\/07\/ggg.jpg","keywords":["petrobras","sindipetro bahia"],"articleSection":["Not\u00edcia"],"inLanguage":"pt-BR"},{"@type":"WebPage","@id":"http:\/\/www.sindipetroba.org.br\/2019\/forum-em-defesa-da-petrobras-e-da-petros-na-bahia-convoca-para-grande-ato-dia-12-07-as-7h-no-ediba\/","url":"http:\/\/www.sindipetroba.org.br\/2019\/forum-em-defesa-da-petrobras-e-da-petros-na-bahia-convoca-para-grande-ato-dia-12-07-as-7h-no-ediba\/","name":"F\u00f3rum em Defesa da Petrobr\u00e1s e da Petros na Bahia convoca para grande ato dia 12\/07, \u00e0s 7h, no EDIBA - Sindipetro BA","isPartOf":{"@id":"http:\/\/www.sindipetroba.org.br\/2019\/#website"},"primaryImageOfPage":{"@id":"http:\/\/www.sindipetroba.org.br\/2019\/forum-em-defesa-da-petrobras-e-da-petros-na-bahia-convoca-para-grande-ato-dia-12-07-as-7h-no-ediba\/#primaryimage"},"image":{"@id":"http:\/\/www.sindipetroba.org.br\/2019\/forum-em-defesa-da-petrobras-e-da-petros-na-bahia-convoca-para-grande-ato-dia-12-07-as-7h-no-ediba\/#primaryimage"},"thumbnailUrl":"http:\/\/www.sindipetroba.org.br\/2019\/wp-content\/uploads\/2019\/07\/ggg.jpg","datePublished":"2019-07-09T18:56:29+00:00","breadcrumb":{"@id":"http:\/\/www.sindipetroba.org.br\/2019\/forum-em-defesa-da-petrobras-e-da-petros-na-bahia-convoca-para-grande-ato-dia-12-07-as-7h-no-ediba\/#breadcrumb"},"inLanguage":"pt-BR","potentialAction":[{"@type":"ReadAction","target":["http:\/\/www.sindipetroba.org.br\/2019\/forum-em-defesa-da-petrobras-e-da-petros-na-bahia-convoca-para-grande-ato-dia-12-07-as-7h-no-ediba\/"]}]},{"@type":"ImageObject","inLanguage":"pt-BR","@id":"http:\/\/www.sindipetroba.org.br\/2019\/forum-em-defesa-da-petrobras-e-da-petros-na-bahia-convoca-para-grande-ato-dia-12-07-as-7h-no-ediba\/#primaryimage","url":"http:\/\/www.sindipetroba.org.br\/2019\/wp-content\/uploads\/2019\/07\/ggg.jpg","contentUrl":"http:\/\/www.sindipetroba.org.br\/2019\/wp-content\/uploads\/2019\/07\/ggg.jpg","width":750,"height":562},{"@type":"BreadcrumbList","@id":"http:\/\/www.sindipetroba.org.br\/2019\/forum-em-defesa-da-petrobras-e-da-petros-na-bahia-convoca-para-grande-ato-dia-12-07-as-7h-no-ediba\/#breadcrumb","itemListElement":[{"@type":"ListItem","position":1,"name":"In\u00edcio","item":"http:\/\/www.sindipetroba.org.br\/2019\/"},{"@type":"ListItem","position":2,"name":"F\u00f3rum em Defesa da Petrobr\u00e1s e da Petros na Bahia convoca para grande ato dia 12\/07, \u00e0s 7h, no EDIBA"}]},{"@type":"WebSite","@id":"http:\/\/www.sindipetroba.org.br\/2019\/#website","url":"http:\/\/www.sindipetroba.org.br\/2019\/","name":"Sindipetro BA","description":"Sindicato dos Petroleiros e Petroleiras do Estado da Bahia","publisher":{"@id":"http:\/\/www.sindipetroba.org.br\/2019\/#organization"},"potentialAction":[{"@type":"SearchAction","target":{"@type":"EntryPoint","urlTemplate":"http:\/\/www.sindipetroba.org.br\/2019\/?s={search_term_string}"},"query-input":{"@type":"PropertyValueSpecification","valueRequired":true,"valueName":"search_term_string"}}],"inLanguage":"pt-BR"},{"@type":"Organization","@id":"http:\/\/www.sindipetroba.org.br\/2019\/#organization","name":"Sindipetro BA","url":"http:\/\/www.sindipetroba.org.br\/2019\/","logo":{"@type":"ImageObject","inLanguage":"pt-BR","@id":"http:\/\/www.sindipetroba.org.br\/2019\/#\/schema\/logo\/image\/","url":"http:\/\/www.sindipetroba.org.br\/2019\/wp-content\/uploads\/2019\/01\/sindipetro-marca-cor.png","contentUrl":"http:\/\/www.sindipetroba.org.br\/2019\/wp-content\/uploads\/2019\/01\/sindipetro-marca-cor.png","width":350,"height":126,"caption":"Sindipetro BA"},"image":{"@id":"http:\/\/www.sindipetroba.org.br\/2019\/#\/schema\/logo\/image\/"},"sameAs":["https:\/\/www.facebook.com\/sindipetroBa\/","https:\/\/x.com\/SindipetroBahia","https:\/\/www.instagram.com\/sindipetroba\/","https:\/\/www.youtube.com\/c\/SindipetroBahiaOficial"]},{"@type":"Person","@id":"http:\/\/www.sindipetroba.org.br\/2019\/#\/schema\/person\/e61228ef9f981537d4c4eb80f6ea7713","name":"admsp","image":{"@type":"ImageObject","inLanguage":"pt-BR","@id":"https:\/\/secure.gravatar.com\/avatar\/50f06e2b746fe9248099d2c61c12342ab36327e9d413e3171dd7033b84800d96?s=96&d=mm&r=g","url":"https:\/\/secure.gravatar.com\/avatar\/50f06e2b746fe9248099d2c61c12342ab36327e9d413e3171dd7033b84800d96?s=96&d=mm&r=g","contentUrl":"https:\/\/secure.gravatar.com\/avatar\/50f06e2b746fe9248099d2c61c12342ab36327e9d413e3171dd7033b84800d96?s=96&d=mm&r=g","caption":"admsp"}}]}},"_links":{"self":[{"href":"http:\/\/www.sindipetroba.org.br\/2019\/wp-json\/wp\/v2\/posts\/2538","targetHints":{"allow":["GET"]}}],"collection":[{"href":"http:\/\/www.sindipetroba.org.br\/2019\/wp-json\/wp\/v2\/posts"}],"about":[{"href":"http:\/\/www.sindipetroba.org.br\/2019\/wp-json\/wp\/v2\/types\/post"}],"author":[{"embeddable":true,"href":"http:\/\/www.sindipetroba.org.br\/2019\/wp-json\/wp\/v2\/users\/1"}],"replies":[{"embeddable":true,"href":"http:\/\/www.sindipetroba.org.br\/2019\/wp-json\/wp\/v2\/comments?post=2538"}],"version-history":[{"count":1,"href":"http:\/\/www.sindipetroba.org.br\/2019\/wp-json\/wp\/v2\/posts\/2538\/revisions"}],"predecessor-version":[{"id":2541,"href":"http:\/\/www.sindipetroba.org.br\/2019\/wp-json\/wp\/v2\/posts\/2538\/revisions\/2541"}],"wp:featuredmedia":[{"embeddable":true,"href":"http:\/\/www.sindipetroba.org.br\/2019\/wp-json\/wp\/v2\/media\/2540"}],"wp:attachment":[{"href":"http:\/\/www.sindipetroba.org.br\/2019\/wp-json\/wp\/v2\/media?parent=2538"}],"wp:term":[{"taxonomy":"category","embeddable":true,"href":"http:\/\/www.sindipetroba.org.br\/2019\/wp-json\/wp\/v2\/categories?post=2538"},{"taxonomy":"post_tag","embeddable":true,"href":"http:\/\/www.sindipetroba.org.br\/2019\/wp-json\/wp\/v2\/tags?post=2538"}],"curies":[{"name":"wp","href":"https:\/\/api.w.org\/{rel}","templated":true}]}}