{"id":25453,"date":"2024-07-24T14:10:03","date_gmt":"2024-07-24T17:10:03","guid":{"rendered":"http:\/\/www.sindipetroba.org.br\/2019\/?p=25453"},"modified":"2024-07-24T14:10:03","modified_gmt":"2024-07-24T17:10:03","slug":"fup-e-petrobras-assinam-termo-aditivo-que-retoma-relacao-historica-de-custeio-da-ams","status":"publish","type":"post","link":"http:\/\/www.sindipetroba.org.br\/2019\/fup-e-petrobras-assinam-termo-aditivo-que-retoma-relacao-historica-de-custeio-da-ams\/","title":{"rendered":"FUP e Petrobr\u00e1s assinam termo aditivo que retoma rela\u00e7\u00e3o hist\u00f3rica de custeio da AMS"},"content":{"rendered":"<p><strong>O Termo Aditivo ao ACT 2023-2025 foi aprovado praticamente por unanimidade nas assembleias e \u00e9 o in\u00edcio da retomada de direitos hist\u00f3ricos da categoria que foram retirados nos governos Temer e Bolsonaro<\/strong><\/p>\n<p><em>[Da comunica\u00e7\u00e3o da FUP]<\/em><\/p>\n<p>Em cerim\u00f4nia na manh\u00e3 desta quarta-feira, 24, no Edisen, representantes dos trabalhadores e da Petrobr\u00e1s e subsidi\u00e1rias assinaram o Termo Aditivo ao Acordo Coletivo de Trabalho 2023-2025, que garante a retomada da rela\u00e7\u00e3o de custeio 70\u00d730 na AMS e do pagamento integral da HETT.<\/p>\n<p>O evento contou com a participa\u00e7\u00e3o de dirigentes da FUP, da FNP e das entidades de trabalhadores mar\u00edtimos (FNTTAA e Sindimestre), al\u00e9m de diversos gestores da Petrobr\u00e1s e do presidente da APS, Paulo Alves.<\/p>\n<p>O Termo Aditivo foi aprovado praticamente por unanimidade nas assembleias das bases e \u00e9 o in\u00edcio da retomada de direitos hist\u00f3ricos da categoria que foram retirados nos governos passados.\u00a0O coordenador-geral da FUP, Deyvid Bacelar, relembrou os diversos momentos dif\u00edceis que os trabalhadores, aposentados e pensionistas viveram ao longo das gest\u00f5es Temer e Bolsonaro na Petrobr\u00e1s.<\/p>\n<p>\u201cMuitos aqui ainda se lembram do movimento brusco que tivemos na gest\u00e3o da empresa, n\u00e3o somente mudando a rela\u00e7\u00e3o de custeio da AMS, mas tamb\u00e9m mudando por completo o nosso plano, que deixou de ser de autogest\u00e3o pelo RH e tornou-se um plano gerido por uma associa\u00e7\u00e3o, a APS, com mudan\u00e7as substantivas para a categoria\u201d, destacou, refor\u00e7ando as reivindica\u00e7\u00f5es da FUP para que a AMS volte a ser gerido pelo RH.<\/p>\n<p>A altera\u00e7\u00e3o do custeio do plano de sa\u00fade dos trabalhadores do Sistema Petrobr\u00e1s foi implementada agora em julho, de forma retroativa a primeiro de abril de 2024, garantindo redu\u00e7\u00e3o de 16% no valor mensal do Grande Risco, uma nova margem consign\u00e1vel de 15% do sal\u00e1rio ou benef\u00edcio total l\u00edquido (Petros + INSS) e o fim da contribui\u00e7\u00e3o adicional de novembro, que gerava dois descontos da AMS no mesmo m\u00eas.<\/p>\n<p>O coordenador da FUP lembrou os diversos atos e mobiliza\u00e7\u00f5es realizadas, bem como a \u00e1rdua negocia\u00e7\u00e3o para resgatar a rela\u00e7\u00e3o de custeio do plano de sa\u00fade, processo que envolveu lutas conjuntas com as demais entidades da categoria. Ele enfatizou ainda a import\u00e2ncia da Petrobras resolver tamb\u00e9m os problemas estruturais da Petros e acabar com os equacionamentos. \u201cApesar dessa mudan\u00e7a importante na rela\u00e7\u00e3o de custeio da AMS, ainda temos muitos aposentados e pensionistas sofrendo com os descontos dos equacionamentos, devido a problemas estruturais no plano que n\u00e3o foram resolvidos e que agora estamos hoje pagando essa conta\u201d, afirmou.<\/p>\n<p>A Diretora de Relacionamento Institucional e Sustentabilidade, Clarice Coppetti, ressaltou a import\u00e2ncia da luta conjunta com as entidades sindicais na formula\u00e7\u00e3o da nova Resolu\u00e7\u00e3o 52 da Comiss\u00e3o Interministerial de Governan\u00e7a Corporativa e de Administra\u00e7\u00e3o de Participa\u00e7\u00f5es Societ\u00e1rias (CGPAR). \u201cEu sei o quanto essa conquista \u00e9 muito cara para todos os trabalhadores e aposentados da companhia\u201d, afirmou, destacando os valores da Petrobr\u00e1s de \u201ccuidado com as pessoas\u201d e de \u201cintegridade\u201d, lembrando o compromisso que a diretoria assumiu no Acordo Coletivo de implementar as mudan\u00e7as resultantes da nova resolu\u00e7\u00e3o.<\/p>\n<p>A cerim\u00f4nia de assinatura do Termo Aditivo ao ACT contou tamb\u00e9m com a participa\u00e7\u00e3o das diretoras\u00a0Renata Baruzzi, de Engenharia, Tecnologia e Inova\u00e7\u00e3o e Sylvia dos Anjos, de Explora\u00e7\u00e3o e Produ\u00e7\u00e3o,; da Gerente Executiva de Recursos Humanos, Lilian Soncin; do \u00a0diretor de Transi\u00e7\u00e3o Energ\u00e9tica e Sustentabilidade, Maur\u00edcio Tolmasquim; do\u00a0diretor de Processos Industriais e Produtos, William Fran\u00e7a, e do diretor de Log\u00edstica, Comercializa\u00e7\u00e3o e Mercados, Cl\u00e1udio Schlosser.<\/p>\n<div id=\"oAKc7XD8Sg\" class=\"gss-container no-captions\">\n<div class=\"cycle-slideshow\" style=\"box-sizing: border-box; z-index: 0; position: relative;\" data-cycle-slides=\"&gt; a\" data-cycle-paused=\"true\" data-cycle-prev=\"#oAKc7XD8Sg_prev\" data-cycle-next=\"#oAKc7XD8Sg_next\" data-cycle-pager=\"#oAKc7XD8Sg_pager\" data-cycle-pager-template=\"&lt;a href=#&gt;\u00a0&lt;\/a&gt;\" data-cycle-speed=\"750\"><a class=\"cycle-slide cycle-sentinel\" href=\"https:\/\/fup.org.br\/wp-content\/uploads\/2024\/07\/WhatsApp-Image-2024-07-24-at-10.31.37-scaled.jpeg\" data-cycle-caption=\"\"><img loading=\"lazy\" decoding=\"async\" class=\"entered lazyloaded\" title=\"WhatsApp Image 2024-07-24 at 10.31.37\" src=\"https:\/\/fup.org.br\/wp-content\/uploads\/2024\/07\/WhatsApp-Image-2024-07-24-at-10.31.37-scaled.jpeg\" alt=\"WhatsApp Image 2024-07-24 at 10.31.37\" width=\"1280\" height=\"1033\" data-lazy-src=\"https:\/\/fup.org.br\/wp-content\/uploads\/2024\/07\/WhatsApp-Image-2024-07-24-at-10.31.37-scaled.jpeg\" data-ll-status=\"loaded\" \/><\/a><a class=\"cycle-slide cycle-slide-active\" href=\"https:\/\/fup.org.br\/wp-content\/uploads\/2024\/07\/WhatsApp-Image-2024-07-24-at-10.31.37-scaled.jpeg\" data-cycle-caption=\"\"><img loading=\"lazy\" decoding=\"async\" class=\"entered lazyloaded\" title=\"WhatsApp Image 2024-07-24 at 10.31.37\" src=\"https:\/\/fup.org.br\/wp-content\/uploads\/2024\/07\/WhatsApp-Image-2024-07-24-at-10.31.37-scaled.jpeg\" alt=\"WhatsApp Image 2024-07-24 at 10.31.37\" width=\"1280\" height=\"1033\" data-lazy-src=\"https:\/\/fup.org.br\/wp-content\/uploads\/2024\/07\/WhatsApp-Image-2024-07-24-at-10.31.37-scaled.jpeg\" data-ll-status=\"loaded\" \/><\/a><a class=\"cycle-slide\" href=\"https:\/\/fup.org.br\/wp-content\/uploads\/2024\/07\/WhatsApp-Image-2024-07-24-at-10.30.54-scaled.jpeg\" data-cycle-caption=\"\"><img loading=\"lazy\" decoding=\"async\" class=\"entered lazyloaded\" title=\"WhatsApp Image 2024-07-24 at 10.30.54\" src=\"https:\/\/fup.org.br\/wp-content\/uploads\/2024\/07\/WhatsApp-Image-2024-07-24-at-10.30.54-scaled.jpeg\" alt=\"WhatsApp Image 2024-07-24 at 10.30.54\" width=\"1280\" height=\"960\" data-lazy-src=\"https:\/\/fup.org.br\/wp-content\/uploads\/2024\/07\/WhatsApp-Image-2024-07-24-at-10.30.54-scaled.jpeg\" data-ll-status=\"loaded\" \/><\/a><a class=\"cycle-slide\" href=\"https:\/\/fup.org.br\/wp-content\/uploads\/2024\/07\/maritimos-scaled.jpeg\" data-cycle-caption=\"\"><img loading=\"lazy\" decoding=\"async\" class=\"entered lazyloaded\" title=\"maritimos\" src=\"https:\/\/fup.org.br\/wp-content\/uploads\/2024\/07\/maritimos-scaled.jpeg\" alt=\"maritimos\" width=\"1280\" height=\"1029\" data-lazy-src=\"https:\/\/fup.org.br\/wp-content\/uploads\/2024\/07\/maritimos-scaled.jpeg\" data-ll-status=\"loaded\" \/><\/a><a class=\"cycle-slide\" href=\"https:\/\/fup.org.br\/wp-content\/uploads\/2024\/07\/WhatsApp-Image-2024-07-24-at-10.32.17-scaled.jpeg\" data-cycle-caption=\"\"><img loading=\"lazy\" decoding=\"async\" class=\"entered lazyloaded\" title=\"WhatsApp Image 2024-07-24 at 10.32.17\" src=\"https:\/\/fup.org.br\/wp-content\/uploads\/2024\/07\/WhatsApp-Image-2024-07-24-at-10.32.17-scaled.jpeg\" alt=\"WhatsApp Image 2024-07-24 at 10.32.17\" width=\"1280\" height=\"960\" data-lazy-src=\"https:\/\/fup.org.br\/wp-content\/uploads\/2024\/07\/WhatsApp-Image-2024-07-24-at-10.32.17-scaled.jpeg\" data-ll-status=\"loaded\" \/><\/a><a class=\"cycle-slide\" href=\"https:\/\/fup.org.br\/wp-content\/uploads\/2024\/07\/WhatsApp-Image-2024-07-24-at-10.31.57-scaled.jpeg\" data-cycle-caption=\"\"><img loading=\"lazy\" decoding=\"async\" class=\"entered lazyloaded\" title=\"WhatsApp Image 2024-07-24 at 10.31.57\" src=\"https:\/\/fup.org.br\/wp-content\/uploads\/2024\/07\/WhatsApp-Image-2024-07-24-at-10.31.57-scaled.jpeg\" alt=\"WhatsApp Image 2024-07-24 at 10.31.57\" width=\"1280\" height=\"960\" data-lazy-src=\"https:\/\/fup.org.br\/wp-content\/uploads\/2024\/07\/WhatsApp-Image-2024-07-24-at-10.31.57-scaled.jpeg\" data-ll-status=\"loaded\" \/><\/a><a class=\"cycle-slide\" href=\"https:\/\/fup.org.br\/wp-content\/uploads\/2024\/07\/WhatsApp-Image-2024-07-24-at-10.32.06-scaled.jpeg\" data-cycle-caption=\"\"><img loading=\"lazy\" decoding=\"async\" class=\"entered lazyloaded\" title=\"WhatsApp Image 2024-07-24 at 10.32.06\" src=\"https:\/\/fup.org.br\/wp-content\/uploads\/2024\/07\/WhatsApp-Image-2024-07-24-at-10.32.06-scaled.jpeg\" alt=\"WhatsApp Image 2024-07-24 at 10.32.06\" width=\"1280\" height=\"960\" data-lazy-src=\"https:\/\/fup.org.br\/wp-content\/uploads\/2024\/07\/WhatsApp-Image-2024-07-24-at-10.32.06-scaled.jpeg\" data-ll-status=\"loaded\" \/><\/a><a class=\"cycle-slide\" href=\"https:\/\/fup.org.br\/wp-content\/uploads\/2024\/07\/geral-com-diretores-scaled.jpeg\" data-cycle-caption=\"\"><img loading=\"lazy\" decoding=\"async\" class=\"entered lazyloaded\" title=\"geral com diretores\" src=\"https:\/\/fup.org.br\/wp-content\/uploads\/2024\/07\/geral-com-diretores-scaled.jpeg\" alt=\"geral com diretores\" width=\"1280\" height=\"1076\" data-lazy-src=\"https:\/\/fup.org.br\/wp-content\/uploads\/2024\/07\/geral-com-diretores-scaled.jpeg\" data-ll-status=\"loaded\" \/><\/a><a class=\"cycle-slide\" href=\"https:\/\/fup.org.br\/wp-content\/uploads\/2024\/07\/WhatsApp-Image-2024-07-24-at-10.15.31-scaled.jpeg\" data-cycle-caption=\"\"><img loading=\"lazy\" decoding=\"async\" class=\"entered lazyloaded\" title=\"WhatsApp Image 2024-07-24 at 10.15.31\" src=\"https:\/\/fup.org.br\/wp-content\/uploads\/2024\/07\/WhatsApp-Image-2024-07-24-at-10.15.31-scaled.jpeg\" alt=\"WhatsApp Image 2024-07-24 at 10.15.31\" width=\"1280\" height=\"960\" data-lazy-src=\"https:\/\/fup.org.br\/wp-content\/uploads\/2024\/07\/WhatsApp-Image-2024-07-24-at-10.15.31-scaled.jpeg\" data-ll-status=\"loaded\" \/><\/a><a class=\"cycle-slide\" href=\"https:\/\/fup.org.br\/wp-content\/uploads\/2024\/07\/WhatsApp-Image-2024-07-24-at-10.17.38-scaled.jpeg\" data-cycle-caption=\"\"><img loading=\"lazy\" decoding=\"async\" class=\"entered lazyloaded\" title=\"WhatsApp Image 2024-07-24 at 10.17.38\" src=\"https:\/\/fup.org.br\/wp-content\/uploads\/2024\/07\/WhatsApp-Image-2024-07-24-at-10.17.38-scaled.jpeg\" alt=\"WhatsApp Image 2024-07-24 at 10.17.38\" width=\"1280\" height=\"960\" data-lazy-src=\"https:\/\/fup.org.br\/wp-content\/uploads\/2024\/07\/WhatsApp-Image-2024-07-24-at-10.17.38-scaled.jpeg\" data-ll-status=\"loaded\" \/><\/a><\/div>\n<div class=\"gss-info\">\n<div class=\"gss-nav\">\n<div id=\"oAKc7XD8Sg_prev\" class=\"gss-prev\"><\/div>\n<\/div>\n<\/div>\n<\/div>\n<p>&nbsp;<\/p>\n","protected":false},"excerpt":{"rendered":"O Termo Aditivo ao ACT 2023-2025 foi aprovado praticamente por unanimidade nas assembleias e \u00e9 o in\u00edcio da retomada de direitos hist\u00f3ricos da categoria que foram retirados nos governos Temer e Bolsonaro [Da comunica\u00e7\u00e3o da FUP] Em cerim\u00f4nia na manh\u00e3 desta quarta-feira, 24, no Edisen, representantes dos trabalhadores e da Petrobr\u00e1s e subsidi\u00e1rias assinaram o&#8230; <a class=\"view-article\" href=\"http:\/\/www.sindipetroba.org.br\/2019\/fup-e-petrobras-assinam-termo-aditivo-que-retoma-relacao-historica-de-custeio-da-ams\/\">Ver artigo<\/a>","protected":false},"author":7,"featured_media":25454,"comment_status":"closed","ping_status":"open","sticky":false,"template":"","format":"standard","meta":{"_et_pb_use_builder":"","_et_pb_old_content":"","_et_gb_content_width":"","footnotes":""},"categories":[2688,1],"tags":[2872,3049,2925,3306],"class_list":["post-25453","post","type-post","status-publish","format-standard","has-post-thumbnail","hentry","category-banner-principal","category-noticia","tag-70x30","tag-custeio-da-ams","tag-fim-do-equacionamento-da-petros","tag-termo-aditivo-ao-act-2023-2025"],"yoast_head":"<!-- This site is optimized with the Yoast SEO plugin v27.3 - https:\/\/yoast.com\/product\/yoast-seo-wordpress\/ -->\n<title>FUP e Petrobr\u00e1s assinam termo aditivo que retoma rela\u00e7\u00e3o hist\u00f3rica de custeio da AMS - Sindipetro BA<\/title>\n<meta name=\"robots\" content=\"index, follow, max-snippet:-1, max-image-preview:large, max-video-preview:-1\" \/>\n<link rel=\"canonical\" href=\"http:\/\/www.sindipetroba.org.br\/2019\/fup-e-petrobras-assinam-termo-aditivo-que-retoma-relacao-historica-de-custeio-da-ams\/\" \/>\n<meta property=\"og:locale\" content=\"pt_BR\" \/>\n<meta property=\"og:type\" content=\"article\" \/>\n<meta property=\"og:title\" content=\"FUP e Petrobr\u00e1s assinam termo aditivo que retoma rela\u00e7\u00e3o hist\u00f3rica de custeio da AMS - Sindipetro BA\" \/>\n<meta property=\"og:description\" content=\"O Termo Aditivo ao ACT 2023-2025 foi aprovado praticamente por unanimidade nas assembleias e \u00e9 o in\u00edcio da retomada de direitos hist\u00f3ricos da categoria que foram retirados nos governos Temer e Bolsonaro [Da comunica\u00e7\u00e3o da FUP] Em cerim\u00f4nia na manh\u00e3 desta quarta-feira, 24, no Edisen, representantes dos trabalhadores e da Petrobr\u00e1s e subsidi\u00e1rias assinaram o... Ver artigo\" \/>\n<meta property=\"og:url\" content=\"http:\/\/www.sindipetroba.org.br\/2019\/fup-e-petrobras-assinam-termo-aditivo-que-retoma-relacao-historica-de-custeio-da-ams\/\" \/>\n<meta property=\"og:site_name\" content=\"Sindipetro BA\" \/>\n<meta property=\"article:publisher\" content=\"https:\/\/www.facebook.com\/sindipetroBa\/\" \/>\n<meta property=\"article:published_time\" content=\"2024-07-24T17:10:03+00:00\" \/>\n<meta property=\"og:image\" content=\"http:\/\/www.sindipetroba.org.br\/2019\/wp-content\/uploads\/2024\/07\/IMG_3780.webp\" \/>\n\t<meta property=\"og:image:width\" content=\"1280\" \/>\n\t<meta property=\"og:image:height\" content=\"950\" \/>\n\t<meta property=\"og:image:type\" content=\"image\/webp\" \/>\n<meta name=\"author\" content=\"ASCOM AL\" \/>\n<meta name=\"twitter:card\" content=\"summary_large_image\" \/>\n<meta name=\"twitter:creator\" content=\"@SindipetroBahia\" \/>\n<meta name=\"twitter:site\" content=\"@SindipetroBahia\" \/>\n<meta name=\"twitter:label1\" content=\"Escrito por\" \/>\n\t<meta name=\"twitter:data1\" content=\"ASCOM AL\" \/>\n\t<meta name=\"twitter:label2\" content=\"Est. tempo de leitura\" \/>\n\t<meta name=\"twitter:data2\" content=\"6 minutos\" \/>\n<script type=\"application\/ld+json\" class=\"yoast-schema-graph\">{\"@context\":\"https:\\\/\\\/schema.org\",\"@graph\":[{\"@type\":\"Article\",\"@id\":\"http:\\\/\\\/www.sindipetroba.org.br\\\/2019\\\/fup-e-petrobras-assinam-termo-aditivo-que-retoma-relacao-historica-de-custeio-da-ams\\\/#article\",\"isPartOf\":{\"@id\":\"http:\\\/\\\/www.sindipetroba.org.br\\\/2019\\\/fup-e-petrobras-assinam-termo-aditivo-que-retoma-relacao-historica-de-custeio-da-ams\\\/\"},\"author\":{\"name\":\"ASCOM AL\",\"@id\":\"http:\\\/\\\/www.sindipetroba.org.br\\\/2019\\\/#\\\/schema\\\/person\\\/b34be57a1332ab60188a340a09275241\"},\"headline\":\"FUP e Petrobr\u00e1s assinam termo aditivo que retoma rela\u00e7\u00e3o hist\u00f3rica de custeio da AMS\",\"datePublished\":\"2024-07-24T17:10:03+00:00\",\"mainEntityOfPage\":{\"@id\":\"http:\\\/\\\/www.sindipetroba.org.br\\\/2019\\\/fup-e-petrobras-assinam-termo-aditivo-que-retoma-relacao-historica-de-custeio-da-ams\\\/\"},\"wordCount\":637,\"publisher\":{\"@id\":\"http:\\\/\\\/www.sindipetroba.org.br\\\/2019\\\/#organization\"},\"image\":{\"@id\":\"http:\\\/\\\/www.sindipetroba.org.br\\\/2019\\\/fup-e-petrobras-assinam-termo-aditivo-que-retoma-relacao-historica-de-custeio-da-ams\\\/#primaryimage\"},\"thumbnailUrl\":\"http:\\\/\\\/www.sindipetroba.org.br\\\/2019\\\/wp-content\\\/uploads\\\/2024\\\/07\\\/IMG_3780.webp\",\"keywords\":[\"70x30\",\"custeio da AMS\",\"fim do equacionamento da Petros\",\"termo aditivo ao ACT 2023\\\/2025\"],\"articleSection\":[\"Banner Principal\",\"Not\u00edcia\"],\"inLanguage\":\"pt-BR\"},{\"@type\":\"WebPage\",\"@id\":\"http:\\\/\\\/www.sindipetroba.org.br\\\/2019\\\/fup-e-petrobras-assinam-termo-aditivo-que-retoma-relacao-historica-de-custeio-da-ams\\\/\",\"url\":\"http:\\\/\\\/www.sindipetroba.org.br\\\/2019\\\/fup-e-petrobras-assinam-termo-aditivo-que-retoma-relacao-historica-de-custeio-da-ams\\\/\",\"name\":\"FUP e Petrobr\u00e1s assinam termo aditivo que retoma rela\u00e7\u00e3o hist\u00f3rica de custeio da AMS - Sindipetro BA\",\"isPartOf\":{\"@id\":\"http:\\\/\\\/www.sindipetroba.org.br\\\/2019\\\/#website\"},\"primaryImageOfPage\":{\"@id\":\"http:\\\/\\\/www.sindipetroba.org.br\\\/2019\\\/fup-e-petrobras-assinam-termo-aditivo-que-retoma-relacao-historica-de-custeio-da-ams\\\/#primaryimage\"},\"image\":{\"@id\":\"http:\\\/\\\/www.sindipetroba.org.br\\\/2019\\\/fup-e-petrobras-assinam-termo-aditivo-que-retoma-relacao-historica-de-custeio-da-ams\\\/#primaryimage\"},\"thumbnailUrl\":\"http:\\\/\\\/www.sindipetroba.org.br\\\/2019\\\/wp-content\\\/uploads\\\/2024\\\/07\\\/IMG_3780.webp\",\"datePublished\":\"2024-07-24T17:10:03+00:00\",\"breadcrumb\":{\"@id\":\"http:\\\/\\\/www.sindipetroba.org.br\\\/2019\\\/fup-e-petrobras-assinam-termo-aditivo-que-retoma-relacao-historica-de-custeio-da-ams\\\/#breadcrumb\"},\"inLanguage\":\"pt-BR\",\"potentialAction\":[{\"@type\":\"ReadAction\",\"target\":[\"http:\\\/\\\/www.sindipetroba.org.br\\\/2019\\\/fup-e-petrobras-assinam-termo-aditivo-que-retoma-relacao-historica-de-custeio-da-ams\\\/\"]}]},{\"@type\":\"ImageObject\",\"inLanguage\":\"pt-BR\",\"@id\":\"http:\\\/\\\/www.sindipetroba.org.br\\\/2019\\\/fup-e-petrobras-assinam-termo-aditivo-que-retoma-relacao-historica-de-custeio-da-ams\\\/#primaryimage\",\"url\":\"http:\\\/\\\/www.sindipetroba.org.br\\\/2019\\\/wp-content\\\/uploads\\\/2024\\\/07\\\/IMG_3780.webp\",\"contentUrl\":\"http:\\\/\\\/www.sindipetroba.org.br\\\/2019\\\/wp-content\\\/uploads\\\/2024\\\/07\\\/IMG_3780.webp\",\"width\":1280,\"height\":950},{\"@type\":\"BreadcrumbList\",\"@id\":\"http:\\\/\\\/www.sindipetroba.org.br\\\/2019\\\/fup-e-petrobras-assinam-termo-aditivo-que-retoma-relacao-historica-de-custeio-da-ams\\\/#breadcrumb\",\"itemListElement\":[{\"@type\":\"ListItem\",\"position\":1,\"name\":\"In\u00edcio\",\"item\":\"http:\\\/\\\/www.sindipetroba.org.br\\\/2019\\\/\"},{\"@type\":\"ListItem\",\"position\":2,\"name\":\"FUP e Petrobr\u00e1s assinam termo aditivo que retoma rela\u00e7\u00e3o hist\u00f3rica de custeio da AMS\"}]},{\"@type\":\"WebSite\",\"@id\":\"http:\\\/\\\/www.sindipetroba.org.br\\\/2019\\\/#website\",\"url\":\"http:\\\/\\\/www.sindipetroba.org.br\\\/2019\\\/\",\"name\":\"Sindipetro BA\",\"description\":\"Sindicato dos Petroleiros e Petroleiras do Estado da Bahia\",\"publisher\":{\"@id\":\"http:\\\/\\\/www.sindipetroba.org.br\\\/2019\\\/#organization\"},\"potentialAction\":[{\"@type\":\"SearchAction\",\"target\":{\"@type\":\"EntryPoint\",\"urlTemplate\":\"http:\\\/\\\/www.sindipetroba.org.br\\\/2019\\\/?s={search_term_string}\"},\"query-input\":{\"@type\":\"PropertyValueSpecification\",\"valueRequired\":true,\"valueName\":\"search_term_string\"}}],\"inLanguage\":\"pt-BR\"},{\"@type\":\"Organization\",\"@id\":\"http:\\\/\\\/www.sindipetroba.org.br\\\/2019\\\/#organization\",\"name\":\"Sindipetro BA\",\"url\":\"http:\\\/\\\/www.sindipetroba.org.br\\\/2019\\\/\",\"logo\":{\"@type\":\"ImageObject\",\"inLanguage\":\"pt-BR\",\"@id\":\"http:\\\/\\\/www.sindipetroba.org.br\\\/2019\\\/#\\\/schema\\\/logo\\\/image\\\/\",\"url\":\"http:\\\/\\\/www.sindipetroba.org.br\\\/2019\\\/wp-content\\\/uploads\\\/2019\\\/01\\\/sindipetro-marca-cor.png\",\"contentUrl\":\"http:\\\/\\\/www.sindipetroba.org.br\\\/2019\\\/wp-content\\\/uploads\\\/2019\\\/01\\\/sindipetro-marca-cor.png\",\"width\":350,\"height\":126,\"caption\":\"Sindipetro BA\"},\"image\":{\"@id\":\"http:\\\/\\\/www.sindipetroba.org.br\\\/2019\\\/#\\\/schema\\\/logo\\\/image\\\/\"},\"sameAs\":[\"https:\\\/\\\/www.facebook.com\\\/sindipetroBa\\\/\",\"https:\\\/\\\/x.com\\\/SindipetroBahia\",\"https:\\\/\\\/www.instagram.com\\\/sindipetroba\\\/\",\"https:\\\/\\\/www.youtube.com\\\/c\\\/SindipetroBahiaOficial\"]},{\"@type\":\"Person\",\"@id\":\"http:\\\/\\\/www.sindipetroba.org.br\\\/2019\\\/#\\\/schema\\\/person\\\/b34be57a1332ab60188a340a09275241\",\"name\":\"ASCOM AL\",\"image\":{\"@type\":\"ImageObject\",\"inLanguage\":\"pt-BR\",\"@id\":\"https:\\\/\\\/secure.gravatar.com\\\/avatar\\\/7faf4b5e74f0ebf515009a1f27466f1b1ace10867d066a91562e822c805d3157?s=96&d=mm&r=g\",\"url\":\"https:\\\/\\\/secure.gravatar.com\\\/avatar\\\/7faf4b5e74f0ebf515009a1f27466f1b1ace10867d066a91562e822c805d3157?s=96&d=mm&r=g\",\"contentUrl\":\"https:\\\/\\\/secure.gravatar.com\\\/avatar\\\/7faf4b5e74f0ebf515009a1f27466f1b1ace10867d066a91562e822c805d3157?s=96&d=mm&r=g\",\"caption\":\"ASCOM AL\"},\"sameAs\":[\"http:\\\/\\\/www.sindipetroba.org.br\"]}]}<\/script>\n<!-- \/ Yoast SEO plugin. -->","yoast_head_json":{"title":"FUP e Petrobr\u00e1s assinam termo aditivo que retoma rela\u00e7\u00e3o hist\u00f3rica de custeio da AMS - Sindipetro BA","robots":{"index":"index","follow":"follow","max-snippet":"max-snippet:-1","max-image-preview":"max-image-preview:large","max-video-preview":"max-video-preview:-1"},"canonical":"http:\/\/www.sindipetroba.org.br\/2019\/fup-e-petrobras-assinam-termo-aditivo-que-retoma-relacao-historica-de-custeio-da-ams\/","og_locale":"pt_BR","og_type":"article","og_title":"FUP e Petrobr\u00e1s assinam termo aditivo que retoma rela\u00e7\u00e3o hist\u00f3rica de custeio da AMS - Sindipetro BA","og_description":"O Termo Aditivo ao ACT 2023-2025 foi aprovado praticamente por unanimidade nas assembleias e \u00e9 o in\u00edcio da retomada de direitos hist\u00f3ricos da categoria que foram retirados nos governos Temer e Bolsonaro [Da comunica\u00e7\u00e3o da FUP] Em cerim\u00f4nia na manh\u00e3 desta quarta-feira, 24, no Edisen, representantes dos trabalhadores e da Petrobr\u00e1s e subsidi\u00e1rias assinaram o... Ver artigo","og_url":"http:\/\/www.sindipetroba.org.br\/2019\/fup-e-petrobras-assinam-termo-aditivo-que-retoma-relacao-historica-de-custeio-da-ams\/","og_site_name":"Sindipetro BA","article_publisher":"https:\/\/www.facebook.com\/sindipetroBa\/","article_published_time":"2024-07-24T17:10:03+00:00","og_image":[{"width":1280,"height":950,"url":"http:\/\/www.sindipetroba.org.br\/2019\/wp-content\/uploads\/2024\/07\/IMG_3780.webp","type":"image\/webp"}],"author":"ASCOM AL","twitter_card":"summary_large_image","twitter_creator":"@SindipetroBahia","twitter_site":"@SindipetroBahia","twitter_misc":{"Escrito por":"ASCOM AL","Est. tempo de leitura":"6 minutos"},"schema":{"@context":"https:\/\/schema.org","@graph":[{"@type":"Article","@id":"http:\/\/www.sindipetroba.org.br\/2019\/fup-e-petrobras-assinam-termo-aditivo-que-retoma-relacao-historica-de-custeio-da-ams\/#article","isPartOf":{"@id":"http:\/\/www.sindipetroba.org.br\/2019\/fup-e-petrobras-assinam-termo-aditivo-que-retoma-relacao-historica-de-custeio-da-ams\/"},"author":{"name":"ASCOM AL","@id":"http:\/\/www.sindipetroba.org.br\/2019\/#\/schema\/person\/b34be57a1332ab60188a340a09275241"},"headline":"FUP e Petrobr\u00e1s assinam termo aditivo que retoma rela\u00e7\u00e3o hist\u00f3rica de custeio da AMS","datePublished":"2024-07-24T17:10:03+00:00","mainEntityOfPage":{"@id":"http:\/\/www.sindipetroba.org.br\/2019\/fup-e-petrobras-assinam-termo-aditivo-que-retoma-relacao-historica-de-custeio-da-ams\/"},"wordCount":637,"publisher":{"@id":"http:\/\/www.sindipetroba.org.br\/2019\/#organization"},"image":{"@id":"http:\/\/www.sindipetroba.org.br\/2019\/fup-e-petrobras-assinam-termo-aditivo-que-retoma-relacao-historica-de-custeio-da-ams\/#primaryimage"},"thumbnailUrl":"http:\/\/www.sindipetroba.org.br\/2019\/wp-content\/uploads\/2024\/07\/IMG_3780.webp","keywords":["70x30","custeio da AMS","fim do equacionamento da Petros","termo aditivo ao ACT 2023\/2025"],"articleSection":["Banner Principal","Not\u00edcia"],"inLanguage":"pt-BR"},{"@type":"WebPage","@id":"http:\/\/www.sindipetroba.org.br\/2019\/fup-e-petrobras-assinam-termo-aditivo-que-retoma-relacao-historica-de-custeio-da-ams\/","url":"http:\/\/www.sindipetroba.org.br\/2019\/fup-e-petrobras-assinam-termo-aditivo-que-retoma-relacao-historica-de-custeio-da-ams\/","name":"FUP e Petrobr\u00e1s assinam termo aditivo que retoma rela\u00e7\u00e3o hist\u00f3rica de custeio da AMS - Sindipetro BA","isPartOf":{"@id":"http:\/\/www.sindipetroba.org.br\/2019\/#website"},"primaryImageOfPage":{"@id":"http:\/\/www.sindipetroba.org.br\/2019\/fup-e-petrobras-assinam-termo-aditivo-que-retoma-relacao-historica-de-custeio-da-ams\/#primaryimage"},"image":{"@id":"http:\/\/www.sindipetroba.org.br\/2019\/fup-e-petrobras-assinam-termo-aditivo-que-retoma-relacao-historica-de-custeio-da-ams\/#primaryimage"},"thumbnailUrl":"http:\/\/www.sindipetroba.org.br\/2019\/wp-content\/uploads\/2024\/07\/IMG_3780.webp","datePublished":"2024-07-24T17:10:03+00:00","breadcrumb":{"@id":"http:\/\/www.sindipetroba.org.br\/2019\/fup-e-petrobras-assinam-termo-aditivo-que-retoma-relacao-historica-de-custeio-da-ams\/#breadcrumb"},"inLanguage":"pt-BR","potentialAction":[{"@type":"ReadAction","target":["http:\/\/www.sindipetroba.org.br\/2019\/fup-e-petrobras-assinam-termo-aditivo-que-retoma-relacao-historica-de-custeio-da-ams\/"]}]},{"@type":"ImageObject","inLanguage":"pt-BR","@id":"http:\/\/www.sindipetroba.org.br\/2019\/fup-e-petrobras-assinam-termo-aditivo-que-retoma-relacao-historica-de-custeio-da-ams\/#primaryimage","url":"http:\/\/www.sindipetroba.org.br\/2019\/wp-content\/uploads\/2024\/07\/IMG_3780.webp","contentUrl":"http:\/\/www.sindipetroba.org.br\/2019\/wp-content\/uploads\/2024\/07\/IMG_3780.webp","width":1280,"height":950},{"@type":"BreadcrumbList","@id":"http:\/\/www.sindipetroba.org.br\/2019\/fup-e-petrobras-assinam-termo-aditivo-que-retoma-relacao-historica-de-custeio-da-ams\/#breadcrumb","itemListElement":[{"@type":"ListItem","position":1,"name":"In\u00edcio","item":"http:\/\/www.sindipetroba.org.br\/2019\/"},{"@type":"ListItem","position":2,"name":"FUP e Petrobr\u00e1s assinam termo aditivo que retoma rela\u00e7\u00e3o hist\u00f3rica de custeio da AMS"}]},{"@type":"WebSite","@id":"http:\/\/www.sindipetroba.org.br\/2019\/#website","url":"http:\/\/www.sindipetroba.org.br\/2019\/","name":"Sindipetro BA","description":"Sindicato dos Petroleiros e Petroleiras do Estado da Bahia","publisher":{"@id":"http:\/\/www.sindipetroba.org.br\/2019\/#organization"},"potentialAction":[{"@type":"SearchAction","target":{"@type":"EntryPoint","urlTemplate":"http:\/\/www.sindipetroba.org.br\/2019\/?s={search_term_string}"},"query-input":{"@type":"PropertyValueSpecification","valueRequired":true,"valueName":"search_term_string"}}],"inLanguage":"pt-BR"},{"@type":"Organization","@id":"http:\/\/www.sindipetroba.org.br\/2019\/#organization","name":"Sindipetro BA","url":"http:\/\/www.sindipetroba.org.br\/2019\/","logo":{"@type":"ImageObject","inLanguage":"pt-BR","@id":"http:\/\/www.sindipetroba.org.br\/2019\/#\/schema\/logo\/image\/","url":"http:\/\/www.sindipetroba.org.br\/2019\/wp-content\/uploads\/2019\/01\/sindipetro-marca-cor.png","contentUrl":"http:\/\/www.sindipetroba.org.br\/2019\/wp-content\/uploads\/2019\/01\/sindipetro-marca-cor.png","width":350,"height":126,"caption":"Sindipetro BA"},"image":{"@id":"http:\/\/www.sindipetroba.org.br\/2019\/#\/schema\/logo\/image\/"},"sameAs":["https:\/\/www.facebook.com\/sindipetroBa\/","https:\/\/x.com\/SindipetroBahia","https:\/\/www.instagram.com\/sindipetroba\/","https:\/\/www.youtube.com\/c\/SindipetroBahiaOficial"]},{"@type":"Person","@id":"http:\/\/www.sindipetroba.org.br\/2019\/#\/schema\/person\/b34be57a1332ab60188a340a09275241","name":"ASCOM AL","image":{"@type":"ImageObject","inLanguage":"pt-BR","@id":"https:\/\/secure.gravatar.com\/avatar\/7faf4b5e74f0ebf515009a1f27466f1b1ace10867d066a91562e822c805d3157?s=96&d=mm&r=g","url":"https:\/\/secure.gravatar.com\/avatar\/7faf4b5e74f0ebf515009a1f27466f1b1ace10867d066a91562e822c805d3157?s=96&d=mm&r=g","contentUrl":"https:\/\/secure.gravatar.com\/avatar\/7faf4b5e74f0ebf515009a1f27466f1b1ace10867d066a91562e822c805d3157?s=96&d=mm&r=g","caption":"ASCOM AL"},"sameAs":["http:\/\/www.sindipetroba.org.br"]}]}},"_links":{"self":[{"href":"http:\/\/www.sindipetroba.org.br\/2019\/wp-json\/wp\/v2\/posts\/25453","targetHints":{"allow":["GET"]}}],"collection":[{"href":"http:\/\/www.sindipetroba.org.br\/2019\/wp-json\/wp\/v2\/posts"}],"about":[{"href":"http:\/\/www.sindipetroba.org.br\/2019\/wp-json\/wp\/v2\/types\/post"}],"author":[{"embeddable":true,"href":"http:\/\/www.sindipetroba.org.br\/2019\/wp-json\/wp\/v2\/users\/7"}],"replies":[{"embeddable":true,"href":"http:\/\/www.sindipetroba.org.br\/2019\/wp-json\/wp\/v2\/comments?post=25453"}],"version-history":[{"count":1,"href":"http:\/\/www.sindipetroba.org.br\/2019\/wp-json\/wp\/v2\/posts\/25453\/revisions"}],"predecessor-version":[{"id":25455,"href":"http:\/\/www.sindipetroba.org.br\/2019\/wp-json\/wp\/v2\/posts\/25453\/revisions\/25455"}],"wp:featuredmedia":[{"embeddable":true,"href":"http:\/\/www.sindipetroba.org.br\/2019\/wp-json\/wp\/v2\/media\/25454"}],"wp:attachment":[{"href":"http:\/\/www.sindipetroba.org.br\/2019\/wp-json\/wp\/v2\/media?parent=25453"}],"wp:term":[{"taxonomy":"category","embeddable":true,"href":"http:\/\/www.sindipetroba.org.br\/2019\/wp-json\/wp\/v2\/categories?post=25453"},{"taxonomy":"post_tag","embeddable":true,"href":"http:\/\/www.sindipetroba.org.br\/2019\/wp-json\/wp\/v2\/tags?post=25453"}],"curies":[{"name":"wp","href":"https:\/\/api.w.org\/{rel}","templated":true}]}}