{"id":25609,"date":"2024-08-16T11:56:24","date_gmt":"2024-08-16T14:56:24","guid":{"rendered":"http:\/\/www.sindipetroba.org.br\/2019\/?p=25609"},"modified":"2024-08-16T12:36:25","modified_gmt":"2024-08-16T15:36:25","slug":"emocao-marca-cerimonia-de-retomada-da-fafen-pr-apos-4-anos-fechada","status":"publish","type":"post","link":"http:\/\/www.sindipetroba.org.br\/2019\/emocao-marca-cerimonia-de-retomada-da-fafen-pr-apos-4-anos-fechada\/","title":{"rendered":"Emo\u00e7\u00e3o marca cerim\u00f4nia de retomada da Fafen PR, ap\u00f3s 4 anos fechada"},"content":{"rendered":"<div class=\"elementor-element elementor-element-22ff588 elementor-widget elementor-widget-theme-post-content\" data-id=\"22ff588\" data-element_type=\"widget\" data-widget_type=\"theme-post-content.default\">\n<div class=\"elementor-widget-container\">\n<p style=\"text-align: left;\"><strong>\u201cVoc\u00eas n\u00e3o t\u00eam dimens\u00e3o do orgulho que estou de estar vestindo essa camisa da Petrobr\u00e1s\u201d, afirmou, aos prantos, o presidente Lula, depois de entregar os crach\u00e1s da empresa aos trabalhadores que foram readmitidos ap\u00f3s 4 anos de luta<\/strong><\/p>\n<p><em>[Da comunica\u00e7\u00e3o da FUP | Fotos: Pal\u00e1cio do Planalto]<\/em><\/p>\n<p>A emo\u00e7\u00e3o tomou conta da solenidade desta quinta-feira, 15\/08, em Arauc\u00e1ria, no Paran\u00e1, quando o presidente Lula e a presidenta da Petrobr\u00e1s, Magda Chambriard, anunciaram investimentos de R$ 4,2 bilh\u00f5es para reabertura da F\u00e1brica de Fertilizantes Nitrogenados e amplia\u00e7\u00e3o e capacita\u00e7\u00e3o da Repar para a transi\u00e7\u00e3o energ\u00e9tica.<\/p>\n<p>O evento foi realizado na refinaria, com participa\u00e7\u00e3o de centenas de trabalhadoras e de trabalhadores petroleiros e petroqu\u00edmicos, que puderam presenciar uma fala extremamente emocionada do presidente da Rep\u00fablica, ap\u00f3s entregar simbolicamente os crach\u00e1s da Petrobr\u00e1s a tr\u00eas dos 215 trabalhadores que recuperaram seus empregos de volta na Fafen. \u201cVoc\u00eas conquistaram o direito de voltarem a ser cidad\u00e3os de primeira classe, a ter trabalho e a cuidar de suas fam\u00edlias\u201d, afirmou.<\/p>\n<p>\u201cA gente n\u00e3o est\u00e1 s\u00f3 recuperando uma f\u00e1brica de fertilizantes, a gente n\u00e3o est\u00e1 fazendo s\u00f3 investimentos na Repar, a gente est\u00e1 cuidando de recuperar a autoestima deste pa\u00eds, o orgulho do povo brasileiro e o orgulho da gente ser brasileiro, porque o trabalhador, o que vale para n\u00f3s \u00e9 ter o emprego garantido, ter um sal\u00e1rio justo e cuidar da nossa fam\u00edlia com dec\u00eancia e com respeito. \u00c9 esse o sonho de todos n\u00f3s\u201d, declarou Lula.<\/p>\n<p>\u201cOs caras que fecharam essa f\u00e1brica e que mandaram voc\u00eas embora certamente eles nunca ficaram desempregados, eles n\u00e3o sabem o que \u00e9 um pai de fam\u00edlia levantar de manh\u00e3 e n\u00e3o ter dinheiro para comprar o p\u00e3o e a manteiga\u2026 ent\u00e3o, voc\u00eas ficarem desempregados quatro anos para eles n\u00e3o interessa nada, voc\u00eas s\u00e3o n\u00fameros estat\u00edsticos, pois pra mim interessa porque j\u00e1 fiquei desempregado muitas vezes\u201d, enfatizou o presidente da Rep\u00fablica.<\/p>\n<p>\u201cEsse ato demonstra que o presidente Lula voltou e a Petrobr\u00e1s tamb\u00e9m voltou a investir no Brasil e a investir no Paran\u00e1. Foram quatro anos de sofrimento desses trabalhadores e dessas trabalhadoras que aqui est\u00e3o\u201d, destacou o coordenador-geral da FUP, Deyvid Bacelar, ao lembrar a luta da categoria petroleira para impedir o fechamento da Fafen no governo Bolsonaro. Resist\u00eancia que teve in\u00edcio com uma greve hist\u00f3rica de 21 dias, em fevereiro de 2020, e permaneceu ao longo de todos esses anos.<\/p>\n<p><img loading=\"lazy\" decoding=\"async\" class=\"alignnone size-medium wp-image-67102 entered lazyloaded\" src=\"https:\/\/fup.org.br\/wp-content\/uploads\/2024\/08\/geral-lula-deyvid-e-magda-600x350.jpeg\" sizes=\"(max-width: 600px) 100vw, 600px\" srcset=\"https:\/\/fup.org.br\/wp-content\/uploads\/2024\/08\/geral-lula-deyvid-e-magda-600x350.jpeg 600w, https:\/\/fup.org.br\/wp-content\/uploads\/2024\/08\/geral-lula-deyvid-e-magda-1024x597.jpeg 1024w, https:\/\/fup.org.br\/wp-content\/uploads\/2024\/08\/geral-lula-deyvid-e-magda-768x448.jpeg 768w, https:\/\/fup.org.br\/wp-content\/uploads\/2024\/08\/geral-lula-deyvid-e-magda-scaled.jpeg 1280w\" alt=\"\" width=\"600\" height=\"350\" data-lazy-srcset=\"https:\/\/fup.org.br\/wp-content\/uploads\/2024\/08\/geral-lula-deyvid-e-magda-600x350.jpeg 600w, https:\/\/fup.org.br\/wp-content\/uploads\/2024\/08\/geral-lula-deyvid-e-magda-1024x597.jpeg 1024w, https:\/\/fup.org.br\/wp-content\/uploads\/2024\/08\/geral-lula-deyvid-e-magda-768x448.jpeg 768w, https:\/\/fup.org.br\/wp-content\/uploads\/2024\/08\/geral-lula-deyvid-e-magda-scaled.jpeg 1280w\" data-lazy-sizes=\"(max-width: 600px) 100vw, 600px\" data-lazy-src=\"https:\/\/fup.org.br\/wp-content\/uploads\/2024\/08\/geral-lula-deyvid-e-magda-600x350.jpeg\" data-ll-status=\"loaded\" \/><\/p>\n<p>\u201cFelizmente n\u00e3o somente esses trabalhadores e trabalhadoras est\u00e3o retornando hoje. Est\u00e1 retornando tamb\u00e9m a Petrobr\u00e1s com investimentos grandes aqui no estado do Paran\u00e1\u201d, destacou o coordenador da FUP, referindo aos R$ 3,2 bilh\u00f5es de investimentos na Repar e R$ 900 milh\u00f5es na Fafen. \u201cN\u00f3s temos um pa\u00eds exportador de commodities da agroind\u00fastria brasileira, n\u00f3s temos um pa\u00eds que a partir da agricultura familiar alimenta o povo brasileiro. Como um pa\u00eds como este dependente de mais de 90% de fertilizantes importados?\u201d, questionou Bacelar, refor\u00e7ando a import\u00e2ncia da volta da Petrobr\u00e1s ao setor de fertilizantes para garantir a soberania alimentar do pa\u00eds.<\/p>\n<h3><strong>Lula chora, ao afirmar o orgulho de vestir a camisa da Petrobr\u00e1s<\/strong><\/h3>\n<p>O presidente Lula iniciou o seu discurso, quebrando o protocolo da cerim\u00f4nia, ao afirmar que sua fala n\u00e3o seguiria o roteiro que recebeu. Vestindo o jaleco laranja de trabalhador da Petrobr\u00e1s, ele n\u00e3o conseguiu conter as l\u00e1grimas ao afirmar que \u00e9 muito grato aos trabalhadores e aos movimentos sociais do Paran\u00e1 que ficaram ao lado dele no acampamento em frente \u00e0 sede da Pol\u00edcia Federal, em Curitiba, durante os 580 dias em que foi mantido arbitrariamente preso. \u201cVoc\u00eas n\u00e3o t\u00eam dimens\u00e3o do orgulho que estou de estar vestindo essa camisa da Petrobr\u00e1s\u201d, declarou, aos prantos, lembrando os momentos dif\u00edceis que passou.<\/p>\n<p><img loading=\"lazy\" decoding=\"async\" class=\"alignnone size-medium wp-image-67109 entered lazyloaded\" src=\"https:\/\/fup.org.br\/wp-content\/uploads\/2024\/08\/53924386387_8623bc8165_c-600x338.jpg\" sizes=\"(max-width: 600px) 100vw, 600px\" srcset=\"https:\/\/fup.org.br\/wp-content\/uploads\/2024\/08\/53924386387_8623bc8165_c-600x338.jpg 600w, https:\/\/fup.org.br\/wp-content\/uploads\/2024\/08\/53924386387_8623bc8165_c-768x432.jpg 768w, https:\/\/fup.org.br\/wp-content\/uploads\/2024\/08\/53924386387_8623bc8165_c.jpg 800w\" alt=\"\" width=\"600\" height=\"338\" data-lazy-srcset=\"https:\/\/fup.org.br\/wp-content\/uploads\/2024\/08\/53924386387_8623bc8165_c-600x338.jpg 600w, https:\/\/fup.org.br\/wp-content\/uploads\/2024\/08\/53924386387_8623bc8165_c-768x432.jpg 768w, https:\/\/fup.org.br\/wp-content\/uploads\/2024\/08\/53924386387_8623bc8165_c.jpg 800w\" data-lazy-sizes=\"(max-width: 600px) 100vw, 600px\" data-lazy-src=\"https:\/\/fup.org.br\/wp-content\/uploads\/2024\/08\/53924386387_8623bc8165_c-600x338.jpg\" data-ll-status=\"loaded\" \/><\/p>\n<p>\u201cMuitas vezes, eu ficava deprimido e chorava quando ficava sabendo de not\u00edcias de que os companheiros, trabalhadores da Petrobr\u00e1s entravam no restaurante para comer, ou no bar, e muitas vezes eram chamados de ladr\u00e3o, porque eles (a m\u00eddia e a Lava Jato) conseguiram criar no imagin\u00e1rio daqueles que n\u00e3o gostam de n\u00f3s a ideia de que todo mundo na Petrobr\u00e1s era ladr\u00e3o, inclusive aqueles que eram respons\u00e1veis pela grandiosidade da Petrobr\u00e1s, que eram os seus trabalhadores\u201d, revelou, bastante emocionado. \u201cEu j\u00e1 falei para Magda que eu quero voltar para visitar o pr\u00e9dio da Petrobr\u00e1s, entrar na sala dela com essa camisa e dizer: a Petrobr\u00e1s \u00e9 do povo brasileiro\u201d, afirmou o presidente Lula.<\/p>\n<p><iframe id=\"instagram-embed-0\" class=\"instagram-media instagram-media-rendered\" src=\"https:\/\/www.instagram.com\/reel\/C-tEmhuxAEU\/embed\/captioned\/?cr=1&amp;v=14&amp;wp=1104&amp;rd=https%3A%2F%2Ffup.org.br&amp;rp=%2Femocao-marca-cerimonia-de-retorno-dos-investimentos-da-petrobras-na-fafen-pr%2F#%7B%22ci%22%3A0%2C%22os%22%3A830.0000000000001%2C%22ls%22%3A727%2C%22le%22%3A727%7D\" height=\"826\" frameborder=\"0\" scrolling=\"no\" allowfullscreen=\"allowfullscreen\" data-instgrm-payload-id=\"instagram-media-payload-0\" data-mce-fragment=\"1\"><\/iframe><\/p>\n<h3><strong>Fafen volta a produzir em maio de 2025, afirma diretor da Petrobr\u00e1s<\/strong><\/h3>\n<p>O an\u00fancio dos investimentos da Petrobr\u00e1s no Paran\u00e1 contou com a participa\u00e7\u00e3o de toda a diretoria da empresa, de integrantes do Conselho de Administra\u00e7\u00e3o, de diversos ministros de Estado, de parlamentares, de representa\u00e7\u00f5es da FUP, do Sindiqu\u00edmica Paran\u00e1 e do Sindipetro PR\/SC, da FNP, do Sindimont PR, do MST, entre outras entidades e movimentos sociais.<\/p>\n<p><img loading=\"lazy\" decoding=\"async\" class=\"alignnone size-medium wp-image-67115 entered lazyloaded\" src=\"https:\/\/fup.org.br\/wp-content\/uploads\/2024\/08\/53925604610_56935711c4_c-600x400.jpg\" sizes=\"(max-width: 600px) 100vw, 600px\" srcset=\"https:\/\/fup.org.br\/wp-content\/uploads\/2024\/08\/53925604610_56935711c4_c-600x400.jpg 600w, https:\/\/fup.org.br\/wp-content\/uploads\/2024\/08\/53925604610_56935711c4_c-768x512.jpg 768w, https:\/\/fup.org.br\/wp-content\/uploads\/2024\/08\/53925604610_56935711c4_c.jpg 799w\" alt=\"\" width=\"600\" height=\"400\" data-lazy-srcset=\"https:\/\/fup.org.br\/wp-content\/uploads\/2024\/08\/53925604610_56935711c4_c-600x400.jpg 600w, https:\/\/fup.org.br\/wp-content\/uploads\/2024\/08\/53925604610_56935711c4_c-768x512.jpg 768w, https:\/\/fup.org.br\/wp-content\/uploads\/2024\/08\/53925604610_56935711c4_c.jpg 799w\" data-lazy-sizes=\"(max-width: 600px) 100vw, 600px\" data-lazy-src=\"https:\/\/fup.org.br\/wp-content\/uploads\/2024\/08\/53925604610_56935711c4_c-600x400.jpg\" data-ll-status=\"loaded\" \/><\/p>\n<p>Durante o evento, o diretor de Processos Industriais e Produtos da Petrobr\u00e1s, William Fran\u00e7a, anunciou que a produ\u00e7\u00e3o da Fafen PR foi antecipada para maio de 2025. A previs\u00e3o inicial era de retomada da opera\u00e7\u00e3o somente no segundo semestre.<\/p>\n<p>A presidenta da Petrobr\u00e1s, Magda Chambriard, afirmou que os investimentos, tanto na Fafen, quanto na Repar, ir\u00e3o gerar 30 mil novos postos de trabalho no Paran\u00e1, ao longo dos pr\u00f3ximos cinco anos. \u201cA miss\u00e3o que o presidente Lula nos passou foi a miss\u00e3o de movimentar a Petrobr\u00e1s, porque a Petrobr\u00e1s ajuda a movimentar o Brasil e \u00e9 isso que estamos fazendo hoje\u201d, afirmou Magda. Ela lembrou que o plano estrat\u00e9gico da companhia contempla investimentos de cerca de 60 bilh\u00f5es em expans\u00e3o do parque de refino e cerca de 6 bilh\u00f5es em f\u00e1bricas de fertilizantes, nos pr\u00f3ximos cinco anos.<\/p>\n<p><img loading=\"lazy\" decoding=\"async\" class=\"alignnone size-medium wp-image-67116 entered lazyloaded\" src=\"https:\/\/fup.org.br\/wp-content\/uploads\/2024\/08\/53925733590_cb11ddb353_c-600x402.jpg\" sizes=\"(max-width: 600px) 100vw, 600px\" srcset=\"https:\/\/fup.org.br\/wp-content\/uploads\/2024\/08\/53925733590_cb11ddb353_c-600x402.jpg 600w, https:\/\/fup.org.br\/wp-content\/uploads\/2024\/08\/53925733590_cb11ddb353_c-768x515.jpg 768w, https:\/\/fup.org.br\/wp-content\/uploads\/2024\/08\/53925733590_cb11ddb353_c.jpg 800w\" alt=\"\" width=\"600\" height=\"402\" data-lazy-srcset=\"https:\/\/fup.org.br\/wp-content\/uploads\/2024\/08\/53925733590_cb11ddb353_c-600x402.jpg 600w, https:\/\/fup.org.br\/wp-content\/uploads\/2024\/08\/53925733590_cb11ddb353_c-768x515.jpg 768w, https:\/\/fup.org.br\/wp-content\/uploads\/2024\/08\/53925733590_cb11ddb353_c.jpg 800w\" data-lazy-sizes=\"(max-width: 600px) 100vw, 600px\" data-lazy-src=\"https:\/\/fup.org.br\/wp-content\/uploads\/2024\/08\/53925733590_cb11ddb353_c-600x402.jpg\" data-ll-status=\"loaded\" \/><\/p>\n<p>\u201cEsses investimentos representam a retomada da Petrobr\u00e1s ao segmento de fertilizantes\u201d, destacou a presidenta da empresa, ressaltando tamb\u00e9m a import\u00e2ncia dos investimentos no parque de refino para descarboniza\u00e7\u00e3o dos combust\u00edveis. A Repar, cuja produ\u00e7\u00e3o \u00e9 respons\u00e1vel por abastecer cerca 15% do mercado nacional de derivados de petr\u00f3leo, receber\u00e1 investimentos robustos para amplia\u00e7\u00e3o da capacidade de produ\u00e7\u00e3o, melhoria da qualidade dos produtos, desenvolvimento de tecnologias para a transi\u00e7\u00e3o energ\u00e9tica e constru\u00e7\u00e3o de novas unidades de hidrotratamento (HDT) para aumentar a produ\u00e7\u00e3o de diesel S10, com uma pegada menor de carbono.<\/p>\n<p>Na Fafen Paran\u00e1, os investimentos iniciais s\u00e3o para retirar a f\u00e1brica da hiberna\u00e7\u00e3o, o que necessita da contrata\u00e7\u00e3o de servi\u00e7os de manuten\u00e7\u00e3o e da aquisi\u00e7\u00e3o de materiais cr\u00edticos. A inten\u00e7\u00e3o \u00e9 que a f\u00e1brica volte a produzir ainda no primeiro semestre de 2025, com capacidade de atender ao menos 8% das necessidades do mercado nacional de fertilizantes.<\/p>\n<p>Ao todo, a opera\u00e7\u00e3o ser\u00e1 capaz de produzir 720 mil toneladas de ureia e 475 mil toneladas de am\u00f4nia anualmente, al\u00e9m de 450 mil metros c\u00fabicos do Agente Redutor L\u00edquido Automotivo (Arla 32) por ano.<\/p>\n<p><img loading=\"lazy\" decoding=\"async\" class=\"alignnone size-medium wp-image-67117 entered lazyloaded\" src=\"https:\/\/fup.org.br\/wp-content\/uploads\/2024\/08\/53925277871_eab802d08e_c-600x400.jpg\" sizes=\"(max-width: 600px) 100vw, 600px\" srcset=\"https:\/\/fup.org.br\/wp-content\/uploads\/2024\/08\/53925277871_eab802d08e_c-600x400.jpg 600w, https:\/\/fup.org.br\/wp-content\/uploads\/2024\/08\/53925277871_eab802d08e_c-768x512.jpg 768w, https:\/\/fup.org.br\/wp-content\/uploads\/2024\/08\/53925277871_eab802d08e_c.jpg 799w\" alt=\"\" width=\"600\" height=\"400\" data-lazy-srcset=\"https:\/\/fup.org.br\/wp-content\/uploads\/2024\/08\/53925277871_eab802d08e_c-600x400.jpg 600w, https:\/\/fup.org.br\/wp-content\/uploads\/2024\/08\/53925277871_eab802d08e_c-768x512.jpg 768w, https:\/\/fup.org.br\/wp-content\/uploads\/2024\/08\/53925277871_eab802d08e_c.jpg 799w\" data-lazy-sizes=\"(max-width: 600px) 100vw, 600px\" data-lazy-src=\"https:\/\/fup.org.br\/wp-content\/uploads\/2024\/08\/53925277871_eab802d08e_c-600x400.jpg\" data-ll-status=\"loaded\" \/><\/p>\n<p>Durante o processo de reativa\u00e7\u00e3o da Fafen PR, a Petrobr\u00e1s estima que mais de 2 mil postos de trabalho sejam gerados e que cerca de 700 empregos diretos sejam mantidos ap\u00f3s o in\u00edcio das opera\u00e7\u00f5es.<\/p>\n<p>Esses recursos ser\u00e3o destinados \u00e0 manuten\u00e7\u00e3o e a novos projetos, incluindo a implanta\u00e7\u00e3o de uma unidade de hidrotratamento de m\u00e9dios (HDT) para aumentar a produ\u00e7\u00e3o de diesel S10 e melhorias na efici\u00eancia energ\u00e9tica, visando reduzir a pegada de carbono e aumentar a produ\u00e7\u00e3o de derivados para atender \u00e0 demanda do mercado.<\/p>\n<h3><strong>Uma luta de quatro anos<\/strong><\/h3>\n<p>A Fafen PR foi fechada pelo governo Bolsonaro, em fevereiro de 2020, levando os petroleiros a realizarem uma greve nacional de 21 dias, a segunda maior da hist\u00f3ria da categoria. O fechamento da f\u00e1brica causou a demiss\u00e3o em massa de cerca de 1000 trabalhadores, sendo 400 pr\u00f3prios e 600 prestadores de servi\u00e7o.<\/p>\n<p>Desde ent\u00e3o, a f\u00e1brica permaneceu hibernada, causando preju\u00edzos econ\u00f4micos \u00e0 regi\u00e3o de Arauc\u00e1ria, al\u00e9m do aumento da depend\u00eancia do pa\u00eds da importa\u00e7\u00e3o de fertilizantes nitrogenados. Antes do governo Bolsonaro, quando as tr\u00eas f\u00e1bricas de fertilizantes da Petrobr\u00e1s produziam sob o controle da estatal, o Brasil importava cerca de 70% dos fertilizantes consumidos no pa\u00eds.<\/p>\n<p><img loading=\"lazy\" decoding=\"async\" class=\"alignnone size-medium wp-image-67113 entered lazyloaded\" src=\"https:\/\/fup.org.br\/wp-content\/uploads\/2024\/08\/53925412398_2a1ecf696f_c-600x410.jpg\" sizes=\"(max-width: 600px) 100vw, 600px\" srcset=\"https:\/\/fup.org.br\/wp-content\/uploads\/2024\/08\/53925412398_2a1ecf696f_c-600x410.jpg 600w, https:\/\/fup.org.br\/wp-content\/uploads\/2024\/08\/53925412398_2a1ecf696f_c-768x524.jpg 768w, https:\/\/fup.org.br\/wp-content\/uploads\/2024\/08\/53925412398_2a1ecf696f_c.jpg 800w\" alt=\"\" width=\"600\" height=\"410\" data-lazy-srcset=\"https:\/\/fup.org.br\/wp-content\/uploads\/2024\/08\/53925412398_2a1ecf696f_c-600x410.jpg 600w, https:\/\/fup.org.br\/wp-content\/uploads\/2024\/08\/53925412398_2a1ecf696f_c-768x524.jpg 768w, https:\/\/fup.org.br\/wp-content\/uploads\/2024\/08\/53925412398_2a1ecf696f_c.jpg 800w\" data-lazy-sizes=\"(max-width: 600px) 100vw, 600px\" data-lazy-src=\"https:\/\/fup.org.br\/wp-content\/uploads\/2024\/08\/53925412398_2a1ecf696f_c-600x410.jpg\" data-ll-status=\"loaded\" \/><\/p>\n<p>Com a sa\u00edda da estatal do setor, chegamos a importar 100% dos insumos durante a pandemia da Covid-19. Com o retorno da produ\u00e7\u00e3o das f\u00e1bricas da Bahia e de Sergipe, arrendadas no governo Bolsonaro para a Unigel, houve uma ligeira redu\u00e7\u00e3o das importa\u00e7\u00f5es, mas o setor agr\u00edcola ainda \u00e9 90% dependente de fertilizantes produzidos fora do Brasil, apesar do pa\u00eds ser o quarto mercado que mais consome os insumos em todo o planeta.<\/p>\n<p>A reabertura da Fafen PR e o retorno da Petrobr\u00e1s ao setor de fertilizantes fazem parte da proposta de reconstru\u00e7\u00e3o da estatal apresentada pela FUP ao presidente Lula ainda durante a campanha eleitoral e que foi incorporada posteriormente ao projeto de governo para o setor de energia.<\/p>\n<p><img loading=\"lazy\" decoding=\"async\" class=\"alignnone size-medium wp-image-67107 entered lazyloaded\" src=\"https:\/\/fup.org.br\/wp-content\/uploads\/2024\/08\/53925146646_5597f76fed_c-600x474.jpg\" sizes=\"(max-width: 600px) 100vw, 600px\" srcset=\"https:\/\/fup.org.br\/wp-content\/uploads\/2024\/08\/53925146646_5597f76fed_c-600x474.jpg 600w, https:\/\/fup.org.br\/wp-content\/uploads\/2024\/08\/53925146646_5597f76fed_c-768x607.jpg 768w, https:\/\/fup.org.br\/wp-content\/uploads\/2024\/08\/53925146646_5597f76fed_c.jpg 800w\" alt=\"\" width=\"600\" height=\"474\" data-lazy-srcset=\"https:\/\/fup.org.br\/wp-content\/uploads\/2024\/08\/53925146646_5597f76fed_c-600x474.jpg 600w, https:\/\/fup.org.br\/wp-content\/uploads\/2024\/08\/53925146646_5597f76fed_c-768x607.jpg 768w, https:\/\/fup.org.br\/wp-content\/uploads\/2024\/08\/53925146646_5597f76fed_c.jpg 800w\" data-lazy-sizes=\"(max-width: 600px) 100vw, 600px\" data-lazy-src=\"https:\/\/fup.org.br\/wp-content\/uploads\/2024\/08\/53925146646_5597f76fed_c-600x474.jpg\" data-ll-status=\"loaded\" \/><\/p>\n<p>O primeiro passo para implementa\u00e7\u00e3o dessas propostas foi dado no dia 23 de novembro de 2023, quando o Conselho de Administra\u00e7\u00e3o da Petrobr\u00e1s aprovou o novo Plano Estrat\u00e9gico,\u00a0<a href=\"https:\/\/fup.org.br\/conquista-da-categoria-petroleira-novo-plano-estrategico-da-petrobras-preve-reabertura-da-fafen-pr-e-conclusao-da-fafen-ms\/\">prevendo a retomada da f\u00e1brica\u00a0<\/a>e a conclus\u00e3o das obras da\u00a0Fafen\u00a0MS.<\/p>\n<p>A FUP e o Sindiqu\u00edmica\u00a0PR\u00a0apresentaram \u00e0 gest\u00e3o da empresa um parecer jur\u00eddico recomendando a recontrata\u00e7\u00e3o dos trabalhadores que haviam sido demitidos em 2020, dada a larga experi\u00eancia e conhecimento que eles t\u00eam da f\u00e1brica de Arauc\u00e1ria.<\/p>\n<p>No dia 17 de abril de 2024, a diretoria da Petrobr\u00e1s aprovou a negocia\u00e7\u00e3o dos termos do acordo para recontrata\u00e7\u00e3o dos demitidos e o in\u00edcio dos tr\u00e2mites para a retomada da f\u00e1brica.<\/p>\n<p>A FUP e o Sindiqu\u00edmica PR intensificaram as negocia\u00e7\u00f5es com a Petrobr\u00e1s para retorno dos trabalhadores, com media\u00e7\u00e3o do Tribunal Superior do Trabalho, que no dia 12 de junho, homologou o acordo coletivo de trabalho da categoria petroqu\u00edmica.<\/p>\n<p>No dia 05 de julho, a Petrobr\u00e1s recebeu os primeiros trabalhadores que regressaram \u00e0 Fafen PR, que estar\u00e1 pronta para voltar a produzir em 2025. At\u00e9 o momento, 215 petroqu\u00edmicos das \u00e1reas de opera\u00e7\u00e3o, manuten\u00e7\u00e3o e engenharia j\u00e1 retornaram \u00e0s suas atividades.<\/p>\n<div id=\"qwQzgKN0BE\" class=\"gss-container no-captions\">\n<div class=\"cycle-slideshow\" style=\"box-sizing: border-box; z-index: 0; position: relative;\" data-cycle-slides=\"&gt; a\" data-cycle-paused=\"true\" data-cycle-prev=\"#qwQzgKN0BE_prev\" data-cycle-next=\"#qwQzgKN0BE_next\" data-cycle-pager=\"#qwQzgKN0BE_pager\" data-cycle-pager-template=\"&lt;a href=#&gt;\u00a0&lt;\/a&gt;\" data-cycle-speed=\"750\"><a class=\"cycle-slide cycle-sentinel\" href=\"https:\/\/fup.org.br\/wp-content\/uploads\/2024\/08\/53925621160_5207927ffe_c.jpg\" data-cycle-caption=\"\"><img loading=\"lazy\" decoding=\"async\" class=\"entered lazyloaded\" title=\"53925621160_5207927ffe_c\" src=\"https:\/\/fup.org.br\/wp-content\/uploads\/2024\/08\/53925621160_5207927ffe_c.jpg\" alt=\"53925621160_5207927ffe_c\" width=\"799\" height=\"661\" data-lazy-src=\"https:\/\/fup.org.br\/wp-content\/uploads\/2024\/08\/53925621160_5207927ffe_c.jpg\" data-ll-status=\"loaded\" \/><\/a><\/p>\n<p><a class=\"cycle-slide cycle-slide-active\" href=\"https:\/\/fup.org.br\/wp-content\/uploads\/2024\/08\/53925621160_5207927ffe_c.jpg\" data-cycle-caption=\"\"><img loading=\"lazy\" decoding=\"async\" class=\"entered lazyloaded\" title=\"53925621160_5207927ffe_c\" src=\"https:\/\/fup.org.br\/wp-content\/uploads\/2024\/08\/53925621160_5207927ffe_c.jpg\" alt=\"53925621160_5207927ffe_c\" width=\"799\" height=\"661\" data-lazy-src=\"https:\/\/fup.org.br\/wp-content\/uploads\/2024\/08\/53925621160_5207927ffe_c.jpg\" data-ll-status=\"loaded\" \/><\/a><\/p>\n<p><a class=\"cycle-slide\" href=\"https:\/\/fup.org.br\/wp-content\/uploads\/2024\/08\/53925412398_2a1ecf696f_c.jpg\" data-cycle-caption=\"\"><img loading=\"lazy\" decoding=\"async\" class=\"entered lazyloaded\" title=\"53925412398_2a1ecf696f_c\" src=\"https:\/\/fup.org.br\/wp-content\/uploads\/2024\/08\/53925412398_2a1ecf696f_c.jpg\" alt=\"53925412398_2a1ecf696f_c\" width=\"800\" height=\"546\" data-lazy-src=\"https:\/\/fup.org.br\/wp-content\/uploads\/2024\/08\/53925412398_2a1ecf696f_c.jpg\" data-ll-status=\"loaded\" \/><\/a><\/div>\n<div data-cycle-slides=\"&gt; a\" data-cycle-paused=\"true\" data-cycle-prev=\"#qwQzgKN0BE_prev\" data-cycle-next=\"#qwQzgKN0BE_next\" data-cycle-pager=\"#qwQzgKN0BE_pager\" data-cycle-pager-template=\"&lt;a href=#&gt;\u00a0&lt;\/a&gt;\" data-cycle-speed=\"750\"><\/div>\n<div class=\"cycle-slideshow\" style=\"box-sizing: border-box; z-index: 0; position: relative;\" data-cycle-slides=\"&gt; a\" data-cycle-paused=\"true\" data-cycle-prev=\"#qwQzgKN0BE_prev\" data-cycle-next=\"#qwQzgKN0BE_next\" data-cycle-pager=\"#qwQzgKN0BE_pager\" data-cycle-pager-template=\"&lt;a href=#&gt;\u00a0&lt;\/a&gt;\" data-cycle-speed=\"750\"><a class=\"cycle-slide\" href=\"https:\/\/fup.org.br\/wp-content\/uploads\/2024\/08\/53925412403_db42e975c0_c.jpg\" data-cycle-caption=\"\"><img loading=\"lazy\" decoding=\"async\" class=\"entered lazyloaded\" title=\"53925412403_db42e975c0_c\" src=\"https:\/\/fup.org.br\/wp-content\/uploads\/2024\/08\/53925412403_db42e975c0_c.jpg\" alt=\"53925412403_db42e975c0_c\" width=\"799\" height=\"514\" data-lazy-src=\"https:\/\/fup.org.br\/wp-content\/uploads\/2024\/08\/53925412403_db42e975c0_c.jpg\" data-ll-status=\"loaded\" \/><\/a><\/div>\n<div data-cycle-slides=\"&gt; a\" data-cycle-paused=\"true\" data-cycle-prev=\"#qwQzgKN0BE_prev\" data-cycle-next=\"#qwQzgKN0BE_next\" data-cycle-pager=\"#qwQzgKN0BE_pager\" data-cycle-pager-template=\"&lt;a href=#&gt;\u00a0&lt;\/a&gt;\" data-cycle-speed=\"750\"><\/div>\n<div class=\"cycle-slideshow\" style=\"box-sizing: border-box; z-index: 0; position: relative;\" data-cycle-slides=\"&gt; a\" data-cycle-paused=\"true\" data-cycle-prev=\"#qwQzgKN0BE_prev\" data-cycle-next=\"#qwQzgKN0BE_next\" data-cycle-pager=\"#qwQzgKN0BE_pager\" data-cycle-pager-template=\"&lt;a href=#&gt;\u00a0&lt;\/a&gt;\" data-cycle-speed=\"750\"><a class=\"cycle-slide\" href=\"https:\/\/fup.org.br\/wp-content\/uploads\/2024\/08\/53924273297_ec267ccb4d_c.jpg\" data-cycle-caption=\"\"><img loading=\"lazy\" decoding=\"async\" class=\"entered lazyloaded\" title=\"53924273297_ec267ccb4d_c\" src=\"https:\/\/fup.org.br\/wp-content\/uploads\/2024\/08\/53924273297_ec267ccb4d_c.jpg\" alt=\"53924273297_ec267ccb4d_c\" width=\"799\" height=\"591\" data-lazy-src=\"https:\/\/fup.org.br\/wp-content\/uploads\/2024\/08\/53924273297_ec267ccb4d_c.jpg\" data-ll-status=\"loaded\" \/><\/a><\/p>\n<\/div>\n<div class=\"cycle-slideshow\" style=\"box-sizing: border-box; z-index: 0; position: relative;\" data-cycle-slides=\"&gt; a\" data-cycle-paused=\"true\" data-cycle-prev=\"#qwQzgKN0BE_prev\" data-cycle-next=\"#qwQzgKN0BE_next\" data-cycle-pager=\"#qwQzgKN0BE_pager\" data-cycle-pager-template=\"&lt;a href=#&gt;\u00a0&lt;\/a&gt;\" data-cycle-speed=\"750\"><a class=\"cycle-slide\" href=\"https:\/\/fup.org.br\/wp-content\/uploads\/2024\/08\/53925115063_291b6c208d_c.jpg\" data-cycle-caption=\"\"><img loading=\"lazy\" decoding=\"async\" class=\"entered lazyloaded\" title=\"53925115063_291b6c208d_c\" src=\"https:\/\/fup.org.br\/wp-content\/uploads\/2024\/08\/53925115063_291b6c208d_c.jpg\" alt=\"53925115063_291b6c208d_c\" width=\"800\" height=\"585\" data-lazy-src=\"https:\/\/fup.org.br\/wp-content\/uploads\/2024\/08\/53925115063_291b6c208d_c.jpg\" data-ll-status=\"loaded\" \/><\/a><\/p>\n<p><a class=\"cycle-slide\" href=\"https:\/\/fup.org.br\/wp-content\/uploads\/2024\/08\/53925633469_5fb8c5b599_c.jpg\" data-cycle-caption=\"\"><img loading=\"lazy\" decoding=\"async\" class=\"entered lazyloaded\" title=\"53925633469_5fb8c5b599_c\" src=\"https:\/\/fup.org.br\/wp-content\/uploads\/2024\/08\/53925633469_5fb8c5b599_c.jpg\" alt=\"53925633469_5fb8c5b599_c\" width=\"800\" height=\"497\" data-lazy-src=\"https:\/\/fup.org.br\/wp-content\/uploads\/2024\/08\/53925633469_5fb8c5b599_c.jpg\" data-ll-status=\"loaded\" \/><\/a><a class=\"cycle-slide\" href=\"https:\/\/fup.org.br\/wp-content\/uploads\/2024\/08\/53924386387_8623bc8165_c.jpg\" data-cycle-caption=\"\"><img loading=\"lazy\" decoding=\"async\" class=\"entered lazyloaded\" title=\"53924386387_8623bc8165_c\" src=\"https:\/\/fup.org.br\/wp-content\/uploads\/2024\/08\/53924386387_8623bc8165_c.jpg\" alt=\"53924386387_8623bc8165_c\" width=\"800\" height=\"450\" data-lazy-src=\"https:\/\/fup.org.br\/wp-content\/uploads\/2024\/08\/53924386387_8623bc8165_c.jpg\" data-ll-status=\"loaded\" \/><\/a><\/div>\n<div data-cycle-slides=\"&gt; a\" data-cycle-paused=\"true\" data-cycle-prev=\"#qwQzgKN0BE_prev\" data-cycle-next=\"#qwQzgKN0BE_next\" data-cycle-pager=\"#qwQzgKN0BE_pager\" data-cycle-pager-template=\"&lt;a href=#&gt;\u00a0&lt;\/a&gt;\" data-cycle-speed=\"750\"><\/div>\n<div class=\"cycle-slideshow\" style=\"box-sizing: border-box; z-index: 0; position: relative;\" data-cycle-slides=\"&gt; a\" data-cycle-paused=\"true\" data-cycle-prev=\"#qwQzgKN0BE_prev\" data-cycle-next=\"#qwQzgKN0BE_next\" data-cycle-pager=\"#qwQzgKN0BE_pager\" data-cycle-pager-template=\"&lt;a href=#&gt;\u00a0&lt;\/a&gt;\" data-cycle-speed=\"750\"><a class=\"cycle-slide\" href=\"https:\/\/fup.org.br\/wp-content\/uploads\/2024\/08\/53925604610_56935711c4_c.jpg\" data-cycle-caption=\"\"><img loading=\"lazy\" decoding=\"async\" class=\"entered lazyloaded\" title=\"53925604610_56935711c4_c\" src=\"https:\/\/fup.org.br\/wp-content\/uploads\/2024\/08\/53925604610_56935711c4_c.jpg\" alt=\"53925604610_56935711c4_c\" width=\"799\" height=\"533\" data-lazy-src=\"https:\/\/fup.org.br\/wp-content\/uploads\/2024\/08\/53925604610_56935711c4_c.jpg\" data-ll-status=\"loaded\" \/><\/a><\/div>\n<div data-cycle-slides=\"&gt; a\" data-cycle-paused=\"true\" data-cycle-prev=\"#qwQzgKN0BE_prev\" data-cycle-next=\"#qwQzgKN0BE_next\" data-cycle-pager=\"#qwQzgKN0BE_pager\" data-cycle-pager-template=\"&lt;a href=#&gt;\u00a0&lt;\/a&gt;\" data-cycle-speed=\"750\"><\/div>\n<div class=\"cycle-slideshow\" style=\"box-sizing: border-box; z-index: 0; position: relative;\" data-cycle-slides=\"&gt; a\" data-cycle-paused=\"true\" data-cycle-prev=\"#qwQzgKN0BE_prev\" data-cycle-next=\"#qwQzgKN0BE_next\" data-cycle-pager=\"#qwQzgKN0BE_pager\" data-cycle-pager-template=\"&lt;a href=#&gt;\u00a0&lt;\/a&gt;\" data-cycle-speed=\"750\"><a class=\"cycle-slide\" href=\"https:\/\/fup.org.br\/wp-content\/uploads\/2024\/08\/53925347080_726f3d6032_c.jpg\" data-cycle-caption=\"\"><img loading=\"lazy\" decoding=\"async\" class=\"entered lazyloaded\" title=\"53925347080_726f3d6032_c\" src=\"https:\/\/fup.org.br\/wp-content\/uploads\/2024\/08\/53925347080_726f3d6032_c.jpg\" alt=\"53925347080_726f3d6032_c\" width=\"800\" height=\"453\" data-lazy-src=\"https:\/\/fup.org.br\/wp-content\/uploads\/2024\/08\/53925347080_726f3d6032_c.jpg\" data-ll-status=\"loaded\" \/><\/a><a class=\"cycle-slide\" href=\"https:\/\/fup.org.br\/wp-content\/uploads\/2024\/08\/WhatsApp-Image-2024-08-15-at-16.06.58-scaled.jpeg\" data-cycle-caption=\"\"><img loading=\"lazy\" decoding=\"async\" class=\"entered lazyloaded\" title=\"WhatsApp Image 2024-08-15 at 16.06.58\" src=\"https:\/\/fup.org.br\/wp-content\/uploads\/2024\/08\/WhatsApp-Image-2024-08-15-at-16.06.58-scaled.jpeg\" alt=\"WhatsApp Image 2024-08-15 at 16.06.58\" width=\"1280\" height=\"848\" data-lazy-src=\"https:\/\/fup.org.br\/wp-content\/uploads\/2024\/08\/WhatsApp-Image-2024-08-15-at-16.06.58-scaled.jpeg\" data-ll-status=\"loaded\" \/><\/a><\/p>\n<p><a class=\"cycle-slide\" href=\"https:\/\/fup.org.br\/wp-content\/uploads\/2024\/08\/WhatsApp-Image-2024-08-15-at-15.50.47-scaled.jpeg\" data-cycle-caption=\"\"><img loading=\"lazy\" decoding=\"async\" class=\"entered lazyloaded\" title=\"WhatsApp Image 2024-08-15 at 15.50.47\" src=\"https:\/\/fup.org.br\/wp-content\/uploads\/2024\/08\/WhatsApp-Image-2024-08-15-at-15.50.47-scaled.jpeg\" alt=\"WhatsApp Image 2024-08-15 at 15.50.47\" width=\"1280\" height=\"914\" data-lazy-src=\"https:\/\/fup.org.br\/wp-content\/uploads\/2024\/08\/WhatsApp-Image-2024-08-15-at-15.50.47-scaled.jpeg\" data-ll-status=\"loaded\" \/><\/a><a class=\"cycle-slide\" href=\"https:\/\/fup.org.br\/wp-content\/uploads\/2024\/08\/WhatsApp-Image-2024-08-15-at-15.50.00.jpeg\" data-cycle-caption=\"\"><img loading=\"lazy\" decoding=\"async\" class=\"entered lazyloaded\" title=\"WhatsApp Image 2024-08-15 at 15.50.00\" src=\"https:\/\/fup.org.br\/wp-content\/uploads\/2024\/08\/WhatsApp-Image-2024-08-15-at-15.50.00.jpeg\" alt=\"WhatsApp Image 2024-08-15 at 15.50.00\" width=\"1280\" height=\"1280\" data-lazy-src=\"https:\/\/fup.org.br\/wp-content\/uploads\/2024\/08\/WhatsApp-Image-2024-08-15-at-15.50.00.jpeg\" data-ll-status=\"loaded\" \/><\/a><a class=\"cycle-slide\" href=\"https:\/\/fup.org.br\/wp-content\/uploads\/2024\/08\/geral-lula-deyvid-e-magda-scaled.jpeg\" data-cycle-caption=\"\"><img loading=\"lazy\" decoding=\"async\" class=\"entered lazyloaded\" title=\"geral lula deyvid e magda\" src=\"https:\/\/fup.org.br\/wp-content\/uploads\/2024\/08\/geral-lula-deyvid-e-magda-scaled.jpeg\" alt=\"geral lula deyvid e magda\" width=\"1280\" height=\"746\" data-lazy-src=\"https:\/\/fup.org.br\/wp-content\/uploads\/2024\/08\/geral-lula-deyvid-e-magda-scaled.jpeg\" data-ll-status=\"loaded\" \/><\/a><\/p>\n<p><a class=\"cycle-slide\" href=\"https:\/\/fup.org.br\/wp-content\/uploads\/2024\/08\/53925277871_eab802d08e_c.jpg\" data-cycle-caption=\"\"><img loading=\"lazy\" decoding=\"async\" class=\"entered lazyloaded\" title=\"53925277871_eab802d08e_c\" src=\"https:\/\/fup.org.br\/wp-content\/uploads\/2024\/08\/53925277871_eab802d08e_c.jpg\" alt=\"53925277871_eab802d08e_c\" width=\"799\" height=\"533\" data-lazy-src=\"https:\/\/fup.org.br\/wp-content\/uploads\/2024\/08\/53925277871_eab802d08e_c.jpg\" data-ll-status=\"loaded\" \/><\/a><\/div>\n<div data-cycle-slides=\"&gt; a\" data-cycle-paused=\"true\" data-cycle-prev=\"#qwQzgKN0BE_prev\" data-cycle-next=\"#qwQzgKN0BE_next\" data-cycle-pager=\"#qwQzgKN0BE_pager\" data-cycle-pager-template=\"&lt;a href=#&gt;\u00a0&lt;\/a&gt;\" data-cycle-speed=\"750\"><\/div>\n<div class=\"gss-info\">\n<div class=\"gss-nav\">\n<div id=\"qwQzgKN0BE_prev\" class=\"gss-prev\"><\/div>\n<\/div>\n<\/div>\n<\/div>\n<\/div>\n<\/div>\n","protected":false},"excerpt":{"rendered":"\u201cVoc\u00eas n\u00e3o t\u00eam dimens\u00e3o do orgulho que estou de estar vestindo essa camisa da Petrobr\u00e1s\u201d, afirmou, aos prantos, o presidente Lula, depois de entregar os crach\u00e1s da empresa aos trabalhadores que foram readmitidos ap\u00f3s 4 anos de luta [Da comunica\u00e7\u00e3o da FUP | Fotos: Pal\u00e1cio do Planalto] A emo\u00e7\u00e3o tomou conta da solenidade desta quinta-feira,&#8230; <a class=\"view-article\" href=\"http:\/\/www.sindipetroba.org.br\/2019\/emocao-marca-cerimonia-de-retomada-da-fafen-pr-apos-4-anos-fechada\/\">Ver artigo<\/a>","protected":false},"author":7,"featured_media":25611,"comment_status":"closed","ping_status":"open","sticky":false,"template":"","format":"standard","meta":{"_et_pb_use_builder":"","_et_pb_old_content":"","_et_gb_content_width":"","footnotes":""},"categories":[2688,1],"tags":[3231,666,3317,2909,3132],"class_list":["post-25609","post","type-post","status-publish","format-standard","has-post-thumbnail","hentry","category-banner-principal","category-noticia","tag-ansa","tag-fertilizantes","tag-greve-de-2020","tag-reabertura-da-fafen-pr","tag-reintegracao-demitidos-ansa"],"yoast_head":"<!-- This site is optimized with the Yoast SEO plugin v27.3 - https:\/\/yoast.com\/product\/yoast-seo-wordpress\/ -->\n<title>Emo\u00e7\u00e3o marca cerim\u00f4nia de retomada da Fafen PR, ap\u00f3s 4 anos fechada - Sindipetro BA<\/title>\n<meta name=\"robots\" content=\"index, follow, max-snippet:-1, max-image-preview:large, max-video-preview:-1\" \/>\n<link rel=\"canonical\" href=\"http:\/\/www.sindipetroba.org.br\/2019\/emocao-marca-cerimonia-de-retomada-da-fafen-pr-apos-4-anos-fechada\/\" \/>\n<meta property=\"og:locale\" content=\"pt_BR\" \/>\n<meta property=\"og:type\" content=\"article\" \/>\n<meta property=\"og:title\" content=\"Emo\u00e7\u00e3o marca cerim\u00f4nia de retomada da Fafen PR, ap\u00f3s 4 anos fechada - Sindipetro BA\" \/>\n<meta property=\"og:description\" content=\"\u201cVoc\u00eas n\u00e3o t\u00eam dimens\u00e3o do orgulho que estou de estar vestindo essa camisa da Petrobr\u00e1s\u201d, afirmou, aos prantos, o presidente Lula, depois de entregar os crach\u00e1s da empresa aos trabalhadores que foram readmitidos ap\u00f3s 4 anos de luta [Da comunica\u00e7\u00e3o da FUP | Fotos: Pal\u00e1cio do Planalto] A emo\u00e7\u00e3o tomou conta da solenidade desta quinta-feira,... Ver artigo\" \/>\n<meta property=\"og:url\" content=\"http:\/\/www.sindipetroba.org.br\/2019\/emocao-marca-cerimonia-de-retomada-da-fafen-pr-apos-4-anos-fechada\/\" \/>\n<meta property=\"og:site_name\" content=\"Sindipetro BA\" \/>\n<meta property=\"article:publisher\" content=\"https:\/\/www.facebook.com\/sindipetroBa\/\" \/>\n<meta property=\"article:published_time\" content=\"2024-08-16T14:56:24+00:00\" \/>\n<meta property=\"article:modified_time\" content=\"2024-08-16T15:36:25+00:00\" \/>\n<meta property=\"og:image\" content=\"http:\/\/www.sindipetroba.org.br\/2019\/wp-content\/uploads\/2024\/08\/IMG_4765.webp\" \/>\n\t<meta property=\"og:image:width\" content=\"800\" \/>\n\t<meta property=\"og:image:height\" content=\"453\" \/>\n\t<meta property=\"og:image:type\" content=\"image\/webp\" \/>\n<meta name=\"author\" content=\"ASCOM AL\" \/>\n<meta name=\"twitter:card\" content=\"summary_large_image\" \/>\n<meta name=\"twitter:creator\" content=\"@SindipetroBahia\" \/>\n<meta name=\"twitter:site\" content=\"@SindipetroBahia\" \/>\n<meta name=\"twitter:label1\" content=\"Escrito por\" \/>\n\t<meta name=\"twitter:data1\" content=\"ASCOM AL\" \/>\n\t<meta name=\"twitter:label2\" content=\"Est. tempo de leitura\" \/>\n\t<meta name=\"twitter:data2\" content=\"14 minutos\" \/>\n<script type=\"application\/ld+json\" class=\"yoast-schema-graph\">{\"@context\":\"https:\\\/\\\/schema.org\",\"@graph\":[{\"@type\":\"Article\",\"@id\":\"http:\\\/\\\/www.sindipetroba.org.br\\\/2019\\\/emocao-marca-cerimonia-de-retomada-da-fafen-pr-apos-4-anos-fechada\\\/#article\",\"isPartOf\":{\"@id\":\"http:\\\/\\\/www.sindipetroba.org.br\\\/2019\\\/emocao-marca-cerimonia-de-retomada-da-fafen-pr-apos-4-anos-fechada\\\/\"},\"author\":{\"name\":\"ASCOM AL\",\"@id\":\"http:\\\/\\\/www.sindipetroba.org.br\\\/2019\\\/#\\\/schema\\\/person\\\/b34be57a1332ab60188a340a09275241\"},\"headline\":\"Emo\u00e7\u00e3o marca cerim\u00f4nia de retomada da Fafen PR, ap\u00f3s 4 anos fechada\",\"datePublished\":\"2024-08-16T14:56:24+00:00\",\"dateModified\":\"2024-08-16T15:36:25+00:00\",\"mainEntityOfPage\":{\"@id\":\"http:\\\/\\\/www.sindipetroba.org.br\\\/2019\\\/emocao-marca-cerimonia-de-retomada-da-fafen-pr-apos-4-anos-fechada\\\/\"},\"wordCount\":1794,\"publisher\":{\"@id\":\"http:\\\/\\\/www.sindipetroba.org.br\\\/2019\\\/#organization\"},\"image\":{\"@id\":\"http:\\\/\\\/www.sindipetroba.org.br\\\/2019\\\/emocao-marca-cerimonia-de-retomada-da-fafen-pr-apos-4-anos-fechada\\\/#primaryimage\"},\"thumbnailUrl\":\"http:\\\/\\\/www.sindipetroba.org.br\\\/2019\\\/wp-content\\\/uploads\\\/2024\\\/08\\\/IMG_4765.webp\",\"keywords\":[\"Ansa\",\"fertilizantes\",\"greve de 2020\",\"reabertura da Fafen PR\",\"reintegra\u00e7\u00e3o demitidos Ansa\"],\"articleSection\":[\"Banner Principal\",\"Not\u00edcia\"],\"inLanguage\":\"pt-BR\"},{\"@type\":\"WebPage\",\"@id\":\"http:\\\/\\\/www.sindipetroba.org.br\\\/2019\\\/emocao-marca-cerimonia-de-retomada-da-fafen-pr-apos-4-anos-fechada\\\/\",\"url\":\"http:\\\/\\\/www.sindipetroba.org.br\\\/2019\\\/emocao-marca-cerimonia-de-retomada-da-fafen-pr-apos-4-anos-fechada\\\/\",\"name\":\"Emo\u00e7\u00e3o marca cerim\u00f4nia de retomada da Fafen PR, ap\u00f3s 4 anos fechada - Sindipetro BA\",\"isPartOf\":{\"@id\":\"http:\\\/\\\/www.sindipetroba.org.br\\\/2019\\\/#website\"},\"primaryImageOfPage\":{\"@id\":\"http:\\\/\\\/www.sindipetroba.org.br\\\/2019\\\/emocao-marca-cerimonia-de-retomada-da-fafen-pr-apos-4-anos-fechada\\\/#primaryimage\"},\"image\":{\"@id\":\"http:\\\/\\\/www.sindipetroba.org.br\\\/2019\\\/emocao-marca-cerimonia-de-retomada-da-fafen-pr-apos-4-anos-fechada\\\/#primaryimage\"},\"thumbnailUrl\":\"http:\\\/\\\/www.sindipetroba.org.br\\\/2019\\\/wp-content\\\/uploads\\\/2024\\\/08\\\/IMG_4765.webp\",\"datePublished\":\"2024-08-16T14:56:24+00:00\",\"dateModified\":\"2024-08-16T15:36:25+00:00\",\"breadcrumb\":{\"@id\":\"http:\\\/\\\/www.sindipetroba.org.br\\\/2019\\\/emocao-marca-cerimonia-de-retomada-da-fafen-pr-apos-4-anos-fechada\\\/#breadcrumb\"},\"inLanguage\":\"pt-BR\",\"potentialAction\":[{\"@type\":\"ReadAction\",\"target\":[\"http:\\\/\\\/www.sindipetroba.org.br\\\/2019\\\/emocao-marca-cerimonia-de-retomada-da-fafen-pr-apos-4-anos-fechada\\\/\"]}]},{\"@type\":\"ImageObject\",\"inLanguage\":\"pt-BR\",\"@id\":\"http:\\\/\\\/www.sindipetroba.org.br\\\/2019\\\/emocao-marca-cerimonia-de-retomada-da-fafen-pr-apos-4-anos-fechada\\\/#primaryimage\",\"url\":\"http:\\\/\\\/www.sindipetroba.org.br\\\/2019\\\/wp-content\\\/uploads\\\/2024\\\/08\\\/IMG_4765.webp\",\"contentUrl\":\"http:\\\/\\\/www.sindipetroba.org.br\\\/2019\\\/wp-content\\\/uploads\\\/2024\\\/08\\\/IMG_4765.webp\",\"width\":800,\"height\":453},{\"@type\":\"BreadcrumbList\",\"@id\":\"http:\\\/\\\/www.sindipetroba.org.br\\\/2019\\\/emocao-marca-cerimonia-de-retomada-da-fafen-pr-apos-4-anos-fechada\\\/#breadcrumb\",\"itemListElement\":[{\"@type\":\"ListItem\",\"position\":1,\"name\":\"In\u00edcio\",\"item\":\"http:\\\/\\\/www.sindipetroba.org.br\\\/2019\\\/\"},{\"@type\":\"ListItem\",\"position\":2,\"name\":\"Emo\u00e7\u00e3o marca cerim\u00f4nia de retomada da Fafen PR, ap\u00f3s 4 anos fechada\"}]},{\"@type\":\"WebSite\",\"@id\":\"http:\\\/\\\/www.sindipetroba.org.br\\\/2019\\\/#website\",\"url\":\"http:\\\/\\\/www.sindipetroba.org.br\\\/2019\\\/\",\"name\":\"Sindipetro BA\",\"description\":\"Sindicato dos Petroleiros e Petroleiras do Estado da Bahia\",\"publisher\":{\"@id\":\"http:\\\/\\\/www.sindipetroba.org.br\\\/2019\\\/#organization\"},\"potentialAction\":[{\"@type\":\"SearchAction\",\"target\":{\"@type\":\"EntryPoint\",\"urlTemplate\":\"http:\\\/\\\/www.sindipetroba.org.br\\\/2019\\\/?s={search_term_string}\"},\"query-input\":{\"@type\":\"PropertyValueSpecification\",\"valueRequired\":true,\"valueName\":\"search_term_string\"}}],\"inLanguage\":\"pt-BR\"},{\"@type\":\"Organization\",\"@id\":\"http:\\\/\\\/www.sindipetroba.org.br\\\/2019\\\/#organization\",\"name\":\"Sindipetro BA\",\"url\":\"http:\\\/\\\/www.sindipetroba.org.br\\\/2019\\\/\",\"logo\":{\"@type\":\"ImageObject\",\"inLanguage\":\"pt-BR\",\"@id\":\"http:\\\/\\\/www.sindipetroba.org.br\\\/2019\\\/#\\\/schema\\\/logo\\\/image\\\/\",\"url\":\"http:\\\/\\\/www.sindipetroba.org.br\\\/2019\\\/wp-content\\\/uploads\\\/2019\\\/01\\\/sindipetro-marca-cor.png\",\"contentUrl\":\"http:\\\/\\\/www.sindipetroba.org.br\\\/2019\\\/wp-content\\\/uploads\\\/2019\\\/01\\\/sindipetro-marca-cor.png\",\"width\":350,\"height\":126,\"caption\":\"Sindipetro BA\"},\"image\":{\"@id\":\"http:\\\/\\\/www.sindipetroba.org.br\\\/2019\\\/#\\\/schema\\\/logo\\\/image\\\/\"},\"sameAs\":[\"https:\\\/\\\/www.facebook.com\\\/sindipetroBa\\\/\",\"https:\\\/\\\/x.com\\\/SindipetroBahia\",\"https:\\\/\\\/www.instagram.com\\\/sindipetroba\\\/\",\"https:\\\/\\\/www.youtube.com\\\/c\\\/SindipetroBahiaOficial\"]},{\"@type\":\"Person\",\"@id\":\"http:\\\/\\\/www.sindipetroba.org.br\\\/2019\\\/#\\\/schema\\\/person\\\/b34be57a1332ab60188a340a09275241\",\"name\":\"ASCOM AL\",\"image\":{\"@type\":\"ImageObject\",\"inLanguage\":\"pt-BR\",\"@id\":\"https:\\\/\\\/secure.gravatar.com\\\/avatar\\\/7faf4b5e74f0ebf515009a1f27466f1b1ace10867d066a91562e822c805d3157?s=96&d=mm&r=g\",\"url\":\"https:\\\/\\\/secure.gravatar.com\\\/avatar\\\/7faf4b5e74f0ebf515009a1f27466f1b1ace10867d066a91562e822c805d3157?s=96&d=mm&r=g\",\"contentUrl\":\"https:\\\/\\\/secure.gravatar.com\\\/avatar\\\/7faf4b5e74f0ebf515009a1f27466f1b1ace10867d066a91562e822c805d3157?s=96&d=mm&r=g\",\"caption\":\"ASCOM AL\"},\"sameAs\":[\"http:\\\/\\\/www.sindipetroba.org.br\"]}]}<\/script>\n<!-- \/ Yoast SEO plugin. -->","yoast_head_json":{"title":"Emo\u00e7\u00e3o marca cerim\u00f4nia de retomada da Fafen PR, ap\u00f3s 4 anos fechada - Sindipetro BA","robots":{"index":"index","follow":"follow","max-snippet":"max-snippet:-1","max-image-preview":"max-image-preview:large","max-video-preview":"max-video-preview:-1"},"canonical":"http:\/\/www.sindipetroba.org.br\/2019\/emocao-marca-cerimonia-de-retomada-da-fafen-pr-apos-4-anos-fechada\/","og_locale":"pt_BR","og_type":"article","og_title":"Emo\u00e7\u00e3o marca cerim\u00f4nia de retomada da Fafen PR, ap\u00f3s 4 anos fechada - Sindipetro BA","og_description":"\u201cVoc\u00eas n\u00e3o t\u00eam dimens\u00e3o do orgulho que estou de estar vestindo essa camisa da Petrobr\u00e1s\u201d, afirmou, aos prantos, o presidente Lula, depois de entregar os crach\u00e1s da empresa aos trabalhadores que foram readmitidos ap\u00f3s 4 anos de luta [Da comunica\u00e7\u00e3o da FUP | Fotos: Pal\u00e1cio do Planalto] A emo\u00e7\u00e3o tomou conta da solenidade desta quinta-feira,... Ver artigo","og_url":"http:\/\/www.sindipetroba.org.br\/2019\/emocao-marca-cerimonia-de-retomada-da-fafen-pr-apos-4-anos-fechada\/","og_site_name":"Sindipetro BA","article_publisher":"https:\/\/www.facebook.com\/sindipetroBa\/","article_published_time":"2024-08-16T14:56:24+00:00","article_modified_time":"2024-08-16T15:36:25+00:00","og_image":[{"width":800,"height":453,"url":"http:\/\/www.sindipetroba.org.br\/2019\/wp-content\/uploads\/2024\/08\/IMG_4765.webp","type":"image\/webp"}],"author":"ASCOM AL","twitter_card":"summary_large_image","twitter_creator":"@SindipetroBahia","twitter_site":"@SindipetroBahia","twitter_misc":{"Escrito por":"ASCOM AL","Est. tempo de leitura":"14 minutos"},"schema":{"@context":"https:\/\/schema.org","@graph":[{"@type":"Article","@id":"http:\/\/www.sindipetroba.org.br\/2019\/emocao-marca-cerimonia-de-retomada-da-fafen-pr-apos-4-anos-fechada\/#article","isPartOf":{"@id":"http:\/\/www.sindipetroba.org.br\/2019\/emocao-marca-cerimonia-de-retomada-da-fafen-pr-apos-4-anos-fechada\/"},"author":{"name":"ASCOM AL","@id":"http:\/\/www.sindipetroba.org.br\/2019\/#\/schema\/person\/b34be57a1332ab60188a340a09275241"},"headline":"Emo\u00e7\u00e3o marca cerim\u00f4nia de retomada da Fafen PR, ap\u00f3s 4 anos fechada","datePublished":"2024-08-16T14:56:24+00:00","dateModified":"2024-08-16T15:36:25+00:00","mainEntityOfPage":{"@id":"http:\/\/www.sindipetroba.org.br\/2019\/emocao-marca-cerimonia-de-retomada-da-fafen-pr-apos-4-anos-fechada\/"},"wordCount":1794,"publisher":{"@id":"http:\/\/www.sindipetroba.org.br\/2019\/#organization"},"image":{"@id":"http:\/\/www.sindipetroba.org.br\/2019\/emocao-marca-cerimonia-de-retomada-da-fafen-pr-apos-4-anos-fechada\/#primaryimage"},"thumbnailUrl":"http:\/\/www.sindipetroba.org.br\/2019\/wp-content\/uploads\/2024\/08\/IMG_4765.webp","keywords":["Ansa","fertilizantes","greve de 2020","reabertura da Fafen PR","reintegra\u00e7\u00e3o demitidos Ansa"],"articleSection":["Banner Principal","Not\u00edcia"],"inLanguage":"pt-BR"},{"@type":"WebPage","@id":"http:\/\/www.sindipetroba.org.br\/2019\/emocao-marca-cerimonia-de-retomada-da-fafen-pr-apos-4-anos-fechada\/","url":"http:\/\/www.sindipetroba.org.br\/2019\/emocao-marca-cerimonia-de-retomada-da-fafen-pr-apos-4-anos-fechada\/","name":"Emo\u00e7\u00e3o marca cerim\u00f4nia de retomada da Fafen PR, ap\u00f3s 4 anos fechada - Sindipetro BA","isPartOf":{"@id":"http:\/\/www.sindipetroba.org.br\/2019\/#website"},"primaryImageOfPage":{"@id":"http:\/\/www.sindipetroba.org.br\/2019\/emocao-marca-cerimonia-de-retomada-da-fafen-pr-apos-4-anos-fechada\/#primaryimage"},"image":{"@id":"http:\/\/www.sindipetroba.org.br\/2019\/emocao-marca-cerimonia-de-retomada-da-fafen-pr-apos-4-anos-fechada\/#primaryimage"},"thumbnailUrl":"http:\/\/www.sindipetroba.org.br\/2019\/wp-content\/uploads\/2024\/08\/IMG_4765.webp","datePublished":"2024-08-16T14:56:24+00:00","dateModified":"2024-08-16T15:36:25+00:00","breadcrumb":{"@id":"http:\/\/www.sindipetroba.org.br\/2019\/emocao-marca-cerimonia-de-retomada-da-fafen-pr-apos-4-anos-fechada\/#breadcrumb"},"inLanguage":"pt-BR","potentialAction":[{"@type":"ReadAction","target":["http:\/\/www.sindipetroba.org.br\/2019\/emocao-marca-cerimonia-de-retomada-da-fafen-pr-apos-4-anos-fechada\/"]}]},{"@type":"ImageObject","inLanguage":"pt-BR","@id":"http:\/\/www.sindipetroba.org.br\/2019\/emocao-marca-cerimonia-de-retomada-da-fafen-pr-apos-4-anos-fechada\/#primaryimage","url":"http:\/\/www.sindipetroba.org.br\/2019\/wp-content\/uploads\/2024\/08\/IMG_4765.webp","contentUrl":"http:\/\/www.sindipetroba.org.br\/2019\/wp-content\/uploads\/2024\/08\/IMG_4765.webp","width":800,"height":453},{"@type":"BreadcrumbList","@id":"http:\/\/www.sindipetroba.org.br\/2019\/emocao-marca-cerimonia-de-retomada-da-fafen-pr-apos-4-anos-fechada\/#breadcrumb","itemListElement":[{"@type":"ListItem","position":1,"name":"In\u00edcio","item":"http:\/\/www.sindipetroba.org.br\/2019\/"},{"@type":"ListItem","position":2,"name":"Emo\u00e7\u00e3o marca cerim\u00f4nia de retomada da Fafen PR, ap\u00f3s 4 anos fechada"}]},{"@type":"WebSite","@id":"http:\/\/www.sindipetroba.org.br\/2019\/#website","url":"http:\/\/www.sindipetroba.org.br\/2019\/","name":"Sindipetro BA","description":"Sindicato dos Petroleiros e Petroleiras do Estado da Bahia","publisher":{"@id":"http:\/\/www.sindipetroba.org.br\/2019\/#organization"},"potentialAction":[{"@type":"SearchAction","target":{"@type":"EntryPoint","urlTemplate":"http:\/\/www.sindipetroba.org.br\/2019\/?s={search_term_string}"},"query-input":{"@type":"PropertyValueSpecification","valueRequired":true,"valueName":"search_term_string"}}],"inLanguage":"pt-BR"},{"@type":"Organization","@id":"http:\/\/www.sindipetroba.org.br\/2019\/#organization","name":"Sindipetro BA","url":"http:\/\/www.sindipetroba.org.br\/2019\/","logo":{"@type":"ImageObject","inLanguage":"pt-BR","@id":"http:\/\/www.sindipetroba.org.br\/2019\/#\/schema\/logo\/image\/","url":"http:\/\/www.sindipetroba.org.br\/2019\/wp-content\/uploads\/2019\/01\/sindipetro-marca-cor.png","contentUrl":"http:\/\/www.sindipetroba.org.br\/2019\/wp-content\/uploads\/2019\/01\/sindipetro-marca-cor.png","width":350,"height":126,"caption":"Sindipetro BA"},"image":{"@id":"http:\/\/www.sindipetroba.org.br\/2019\/#\/schema\/logo\/image\/"},"sameAs":["https:\/\/www.facebook.com\/sindipetroBa\/","https:\/\/x.com\/SindipetroBahia","https:\/\/www.instagram.com\/sindipetroba\/","https:\/\/www.youtube.com\/c\/SindipetroBahiaOficial"]},{"@type":"Person","@id":"http:\/\/www.sindipetroba.org.br\/2019\/#\/schema\/person\/b34be57a1332ab60188a340a09275241","name":"ASCOM AL","image":{"@type":"ImageObject","inLanguage":"pt-BR","@id":"https:\/\/secure.gravatar.com\/avatar\/7faf4b5e74f0ebf515009a1f27466f1b1ace10867d066a91562e822c805d3157?s=96&d=mm&r=g","url":"https:\/\/secure.gravatar.com\/avatar\/7faf4b5e74f0ebf515009a1f27466f1b1ace10867d066a91562e822c805d3157?s=96&d=mm&r=g","contentUrl":"https:\/\/secure.gravatar.com\/avatar\/7faf4b5e74f0ebf515009a1f27466f1b1ace10867d066a91562e822c805d3157?s=96&d=mm&r=g","caption":"ASCOM AL"},"sameAs":["http:\/\/www.sindipetroba.org.br"]}]}},"_links":{"self":[{"href":"http:\/\/www.sindipetroba.org.br\/2019\/wp-json\/wp\/v2\/posts\/25609","targetHints":{"allow":["GET"]}}],"collection":[{"href":"http:\/\/www.sindipetroba.org.br\/2019\/wp-json\/wp\/v2\/posts"}],"about":[{"href":"http:\/\/www.sindipetroba.org.br\/2019\/wp-json\/wp\/v2\/types\/post"}],"author":[{"embeddable":true,"href":"http:\/\/www.sindipetroba.org.br\/2019\/wp-json\/wp\/v2\/users\/7"}],"replies":[{"embeddable":true,"href":"http:\/\/www.sindipetroba.org.br\/2019\/wp-json\/wp\/v2\/comments?post=25609"}],"version-history":[{"count":3,"href":"http:\/\/www.sindipetroba.org.br\/2019\/wp-json\/wp\/v2\/posts\/25609\/revisions"}],"predecessor-version":[{"id":25616,"href":"http:\/\/www.sindipetroba.org.br\/2019\/wp-json\/wp\/v2\/posts\/25609\/revisions\/25616"}],"wp:featuredmedia":[{"embeddable":true,"href":"http:\/\/www.sindipetroba.org.br\/2019\/wp-json\/wp\/v2\/media\/25611"}],"wp:attachment":[{"href":"http:\/\/www.sindipetroba.org.br\/2019\/wp-json\/wp\/v2\/media?parent=25609"}],"wp:term":[{"taxonomy":"category","embeddable":true,"href":"http:\/\/www.sindipetroba.org.br\/2019\/wp-json\/wp\/v2\/categories?post=25609"},{"taxonomy":"post_tag","embeddable":true,"href":"http:\/\/www.sindipetroba.org.br\/2019\/wp-json\/wp\/v2\/tags?post=25609"}],"curies":[{"name":"wp","href":"https:\/\/api.w.org\/{rel}","templated":true}]}}