{"id":25701,"date":"2024-08-28T09:23:05","date_gmt":"2024-08-28T12:23:05","guid":{"rendered":"http:\/\/www.sindipetroba.org.br\/2019\/?p=25701"},"modified":"2024-08-28T09:23:05","modified_gmt":"2024-08-28T12:23:05","slug":"juntos-somos-mais-fortes-abertura-da-plenafup-reforca-importancia-da-unidade","status":"publish","type":"post","link":"http:\/\/www.sindipetroba.org.br\/2019\/juntos-somos-mais-fortes-abertura-da-plenafup-reforca-importancia-da-unidade\/","title":{"rendered":"Juntos somos mais fortes: Abertura da Plenafup refor\u00e7a import\u00e2ncia da unidade"},"content":{"rendered":"<p><strong>Lideran\u00e7as sindicais e de movimentos sociais enfatizaram a import\u00e2ncia da unidade da classe trabalhadora e do campo da esquerda para avan\u00e7ar nas lutas sociais e sobretudo derrotar a agenda negacionista e ultraconservadora da extrema direita<\/strong><\/p>\n<p><em>[Da comunica\u00e7\u00e3o da FUP | Fotos: Wellington Lenon \/ MST]<\/em><\/p>\n<p>O Centro Cultural do Assentamento Contestado, no Paran\u00e1, \u00e9 palco dos debates da 11\u00aa Plen\u00e1ria Nacional da FUP, cuja solenidade de abertura foi realizada na tarde desta ter\u00e7a-feira, 27, com a presen\u00e7a de diversas lideran\u00e7as sindicais e de movimentos sociais. O Casar\u00e3o era sede da antiga Fazenda Santa Am\u00e9lia, \u00e1rea remanescente do per\u00edodo colonial e imperial, que desde 1999 \u00e9 ocupada por fam\u00edlias de agricultores do assentamento do MST, onde tamb\u00e9m funciona a Escola Latino Americana de Agroecologia (ELAA).<\/p>\n<p>Amandha Felix, da Dire\u00e7\u00e3o Pol\u00edtica da ELAA e do MST no Paran\u00e1, emocionou as delega\u00e7\u00f5es da Plenafup, ao enfatizar a import\u00e2ncia da unidade da classe trabalhadora nas lutas pelo direito \u00e0 terra. Ela foi uma das integrantes da mesa de abertura e, em sua sauda\u00e7\u00e3o \u00e0s petroleiras e aos petroleiros, agradeceu a solidariedade da categoria e as reformas realizadas na escola, que completou 19 anos nesta ter\u00e7a. \u201cPor meio da nossa luta di\u00e1ria pelo acesso \u00e0 terra, a gente encampa v\u00e1rias outras lutas, como estamos fazendo agora, recebendo e acolhendo voc\u00eas e outros sujeitos pol\u00edticos que est\u00e3o travando lutas no espa\u00e7o urbano\u201d, afirmou.<\/p>\n<p>As falas das demais lideran\u00e7as que saudaram os participantes da 11\u00aa Plenafup tamb\u00e9m foram no sentido de refor\u00e7ar a import\u00e2ncia da unidade dos trabalhadores e do campo da esquerda para avan\u00e7ar nas lutas sociais e sobretudo derrotar a agenda negacionista e ultraconservadora da extrema direita.<\/p>\n<figure id=\"attachment_67343\" class=\"wp-caption alignnone\" aria-describedby=\"caption-attachment-67343\"><img loading=\"lazy\" decoding=\"async\" class=\"size-medium wp-image-67343 entered lazyloaded\" src=\"https:\/\/fup.org.br\/wp-content\/uploads\/2024\/08\/mistica-1-600x400.jpeg\" sizes=\"(max-width: 600px) 100vw, 600px\" srcset=\"https:\/\/fup.org.br\/wp-content\/uploads\/2024\/08\/mistica-1-600x400.jpeg 600w, https:\/\/fup.org.br\/wp-content\/uploads\/2024\/08\/mistica-1-1024x682.jpeg 1024w, https:\/\/fup.org.br\/wp-content\/uploads\/2024\/08\/mistica-1-768x512.jpeg 768w, https:\/\/fup.org.br\/wp-content\/uploads\/2024\/08\/mistica-1.jpeg 1280w\" alt=\"\" width=\"600\" height=\"400\" data-lazy-srcset=\"https:\/\/fup.org.br\/wp-content\/uploads\/2024\/08\/mistica-1-600x400.jpeg 600w, https:\/\/fup.org.br\/wp-content\/uploads\/2024\/08\/mistica-1-1024x682.jpeg 1024w, https:\/\/fup.org.br\/wp-content\/uploads\/2024\/08\/mistica-1-768x512.jpeg 768w, https:\/\/fup.org.br\/wp-content\/uploads\/2024\/08\/mistica-1.jpeg 1280w\" data-lazy-sizes=\"(max-width: 600px) 100vw, 600px\" data-lazy-src=\"https:\/\/fup.org.br\/wp-content\/uploads\/2024\/08\/mistica-1-600x400.jpeg\" data-ll-status=\"loaded\" \/><figcaption id=\"caption-attachment-67343\" class=\"wp-caption-text\">M\u00edstica do MST na Plenafup refor\u00e7ou solidariedade de classe entre trabalhadores do campo e da cidade | Foto: Wellington Lenon \/ MST<\/figcaption><\/figure>\n<p>Robson Fornica, da Coordena\u00e7\u00e3o Nacional do MAB, refor\u00e7ou que \u00e9 em espa\u00e7os como a ELA que a \u201cclasse trabalhadora se educa e se emancipa\u201d e que \u00e9 \u201cpreciso insistir e persistir na constru\u00e7\u00e3o da nossa unidade\u201d, buscando sempre \u201ccoes\u00e3o e estrat\u00e9gia no que nos une\u201d, como as agendas de luta em defesa da soberania, da reestatiza\u00e7\u00e3o e do enfrentamento \u00e0s mudan\u00e7as clim\u00e1ticas.<\/p>\n<p>\u201cAcreditamos na alian\u00e7a entre os trabalhadores do campo e da cidade na constru\u00e7\u00e3o da soberania alimentar e da soberania energ\u00e9tica e nada mais justo estarmos em um local que n\u00e3o s\u00f3 discute a import\u00e2ncia disso, como pratica a agroecologia\u201d, afirmou Anderson Amaro, da Coordena\u00e7\u00e3o Nacional do MPA. Ele ressaltou ainda a import\u00e2ncia da \u201creabertura da Fafen PR para n\u00f3s que dependemos dos fertilizantes na agricultura\u201d.<\/p>\n<p>A solenidade de abertura da 11\u00aa Plenafup contou ainda com a presen\u00e7a do presidente da CTB, Adilson Ara\u00fajo, do secret\u00e1rio-geral da CUT, Renato Zulato, e do presidente do Sindipetro PR\/SC, Alexandro Guilherme Jorge, sindicato anfitri\u00e3o do evento. \u201cCelebrar \u00e9 muito bom, mas resistir \u00e9 melhor ainda\u201d, afirmou Ara\u00fajo, referindo-se \u00e0 reabertura da Fafen e aos 30 anos da FUP. \u201cA capacidade de pensar grande \u00e9 saber que podemos fazer mais e melhor e promover as transforma\u00e7\u00f5es do nosso tempo\u201d, emendou.<\/p>\n<p>J\u00e1 o secret\u00e1rio-geral da CUT lembrou que a entidade completa 41 anos nesta quarta, dia 28\/08, e que os petroleiros sempre estiveram juntos com a central desde a sua funda\u00e7\u00e3o. \u201cEssa plen\u00e1ria trata de temas muito importantes em rela\u00e7\u00e3o aos direitos da categoria e da reconstru\u00e7\u00e3o da Petrobr\u00e1s como empresa integrada, mas tem um tema que considero muito especial, que \u00e9 a transi\u00e7\u00e3o energ\u00e9tica justa, pois n\u00f3s trabalhadores estamos construindo uma proposta para que o presidente Lula apresente no G20\u201d, lembrou.<\/p>\n<h3><strong>\u201cSomos todos classe trabalhadora\u201d, afirma presidente do Sindipetro PR\/SC<\/strong><\/h3>\n<p>Em seu discurso de encerramento da cerim\u00f4nia, o presidente do Sindipetro PR\/SC saudou os trabalhadores recontratados da Fafen que estavam presentes\u00e0 na cerim\u00f4nia de abertura da Plen\u00e1ria, lembrando da luta enfrentada pela categoria desde a greve de fevereiro de 2020. \u201cInfelizmente, n\u00e3o s\u00e3o todas as lutas que a gente faz que, por mais combativos que sejamos, a gente sai vitorioso naquele momento. Mas, o que a gente fez de l\u00e1 pra c\u00e1 foi continuar perseverando. E perseveramos, perseveramos e lutamos, incomodamos, fizemos tudo o que pod\u00edamos fazer e n\u00e3o temos d\u00favida alguma de que o que levou a gente a mudar essa situa\u00e7\u00e3o foi eleger o presidente Lula e poder com um novo projeto de pa\u00eds, um novo projeto pra Petrobr\u00e1s, estar voltando para o setor de fertilizantes, com a reabertura da f\u00e1brica, mas tamb\u00e9m com a perspectiva de retomada das FAFENs Bahia e Sergipe e terminar a Fafen Mato Grosso do Sul\u201d, afirmou Alex.<\/p>\n<p>Ele lembrou a emo\u00e7\u00e3o do ato com o presidente Lula em Aruac\u00e1ria e o quanto isso refor\u00e7a a import\u00e2ncia da unidade da classe trabalhadora, na conquista de mais de 3 bilh\u00f5es de investimentos para a Fafen e a Repar, com gera\u00e7\u00e3o de milhares de empregos. Alex destacou ainda que os debates que ser\u00e3o realizados na plen\u00e1ria na ELAA, 15 anos ap\u00f3s a primeira Plenafup no local, \u201cn\u00e3o \u00e9 para n\u00f3s somente, n\u00e3o \u00e9 em fun\u00e7\u00e3o do que a gente quer, precisa e almeja para n\u00f3s, mas \u00e9 porque a gente tem uma heran\u00e7a de pessoas que lutaram e n\u00e3o est\u00e3o mais por aqui\u201d, lembrando dos ex-diretores da FUP, Luiz Lourenzon e Silvaney Bernardi, j\u00e1 falecidos. \u201cEm nome deles, fa\u00e7o o resgate da mem\u00f3ria de tantos e tantas guerreiros e guerreiras que v\u00eam construindo o movimento sindical petroleiro\u201d.<\/p>\n<p>O presidente do Sindipetro PR\/SC encerrou a sua fala fazendo alus\u00e3o ao tema da Plenafup, \u201cJuntos somos mais fortes: em defesa da Petrobr\u00e1s integrada\u201d. Ele refor\u00e7ou que a categoria petroleira vai muito al\u00e9m da estatal. \u201cN\u00f3s temos a obriga\u00e7\u00e3o de representar muito bem todos os trabalhadores da Petrobr\u00e1s, da Transpetro, da TBG, da PBio, da Fafen, de todas as subsidi\u00e1rias, mas tamb\u00e9m trabalhadoras e trabalhadores do setor privado, respeitando essa heran\u00e7a de tudo o que recebemos. Somos todos classe trabalhadora\u201d, afirmou.<\/p>\n<h3>11\u00aa Plenafup prossegue at\u00e9 sexta, 30<\/h3>\n<p>Confira a programa\u00e7\u00e3o dos pr\u00f3ximos dias:<\/p>\n<h4><strong>Dia 28\/08<\/strong><\/h4>\n<p>7h \u00e0s 8h \u2013 Caf\u00e9 da manh\u00e3<\/p>\n<p>8h \u2013\u00a0<strong>Mesa 2 \u2013 Conjuntura Internacional: Direita e Esquerda no mundo<\/strong><\/p>\n<p>Edson Bagnara, da Dire\u00e7\u00e3o do MST<br \/>\nRicardo Abreu de Melo, diretor da Funda\u00e7\u00e3o Maur\u00edcio Grabois<\/p>\n<p>11h30 \u2013 Almo\u00e7o<\/p>\n<p>13h \u2013\u00a0<strong>Mesa 3 \u2013 Petrobr\u00e1s integrada: Modelos poss\u00edveis<\/strong><\/p>\n<p>Jos\u00e9 S\u00e9rgio Gabrielli (Ineep)<br \/>\nAdilson Siqueira \u2013 Escrit\u00f3rio de Advocacia Normando Rodrigues<\/p>\n<p>15h30 \u2013 Intervalo<\/p>\n<p>16h \u2013\u00a0<strong>Mesa 4 \u2013 Transi\u00e7\u00e3o Energ\u00e9tica Justa, Machismo e Racismo Energ\u00e9tico e Ambiental<\/strong><\/p>\n<p>Michelle Ferreti (Instituto Alziras)<br \/>\nMahatma Ramos (Ineep)<\/p>\n<p>19h \u2013 Jantar<\/p>\n<h4><strong>Dia 29\/08\u00a0<\/strong><\/h4>\n<p>7h \u00e0s 8h \u2013 Caf\u00e9 da manh\u00e3<\/p>\n<p>8h \u2013\u00a0<strong>Mesa 5 \u2013 Lutas da Categoria e Negocia\u00e7\u00f5es em andamento<\/strong><\/p>\n<p>10h \u2013\u00a0<strong>Grupos de Trabalhos<\/strong><\/p>\n<p>1. GT Sistema Petrobr\u00e1s e Setor Privado;<br \/>\n2. GT Temas a serem negociados (PLR, Plano de Cargos, Acordo de parada);<br \/>\n3. GT Condi\u00e7\u00f5es de trabalho (SMS, Regime, Alimenta\u00e7\u00e3o)<br \/>\n4. GT Petros e AMS<br \/>\n5. GT Organiza\u00e7\u00e3o Sindical<\/p>\n<p>12h- Almo\u00e7o<\/p>\n<p>13h \u2013\u00a0<strong>Continua\u00e7\u00e3o dos GTs<\/strong><\/p>\n<p>19h \u2013 Jantar<\/p>\n<h4><strong>Dia 30\/08<\/strong><\/h4>\n<p>7h \u00e0s 8h \u2013 Caf\u00e9 da manh\u00e3<\/p>\n<p>8h \u2013\u00a0<strong>Plen\u00e1ria final<\/strong><\/p>\n<p>11h30 \u2013 Almo\u00e7o<\/p>\n<p>13h \u2013 Sa\u00edda dos \u00f4nibus para o Sindiqu\u00edmica PR<\/p>\n<p>14h \u2013\u00a0<strong>Cerim\u00f4nia de 30 anos da FUP<\/strong><\/p>\n<p>16h \u2013\u00a0<strong>Encerramento e confraternizia\u00e7\u00e3o<\/strong><\/p>\n","protected":false},"excerpt":{"rendered":"Lideran\u00e7as sindicais e de movimentos sociais enfatizaram a import\u00e2ncia da unidade da classe trabalhadora e do campo da esquerda para avan\u00e7ar nas lutas sociais e sobretudo derrotar a agenda negacionista e ultraconservadora da extrema direita [Da comunica\u00e7\u00e3o da FUP | Fotos: Wellington Lenon \/ MST] O Centro Cultural do Assentamento Contestado, no Paran\u00e1, \u00e9 palco&#8230; <a class=\"view-article\" href=\"http:\/\/www.sindipetroba.org.br\/2019\/juntos-somos-mais-fortes-abertura-da-plenafup-reforca-importancia-da-unidade\/\">Ver artigo<\/a>","protected":false},"author":7,"featured_media":25702,"comment_status":"closed","ping_status":"open","sticky":false,"template":"","format":"standard","meta":{"_et_pb_use_builder":"","_et_pb_old_content":"","_et_gb_content_width":"","footnotes":""},"categories":[2688,1],"tags":[3413,3414,3410,3415],"class_list":["post-25701","post","type-post","status-publish","format-standard","has-post-thumbnail","hentry","category-banner-principal","category-noticia","tag-11-plenafup","tag-escola-de-agroecologia","tag-mst","tag-plenafup-2024"],"yoast_head":"<!-- This site is optimized with the Yoast SEO plugin v27.3 - https:\/\/yoast.com\/product\/yoast-seo-wordpress\/ -->\n<title>Juntos somos mais fortes: Abertura da Plenafup refor\u00e7a import\u00e2ncia da unidade - Sindipetro BA<\/title>\n<meta name=\"robots\" content=\"index, follow, max-snippet:-1, max-image-preview:large, max-video-preview:-1\" \/>\n<link rel=\"canonical\" href=\"http:\/\/www.sindipetroba.org.br\/2019\/juntos-somos-mais-fortes-abertura-da-plenafup-reforca-importancia-da-unidade\/\" \/>\n<meta property=\"og:locale\" content=\"pt_BR\" \/>\n<meta property=\"og:type\" content=\"article\" \/>\n<meta property=\"og:title\" content=\"Juntos somos mais fortes: Abertura da Plenafup refor\u00e7a import\u00e2ncia da unidade - Sindipetro BA\" \/>\n<meta property=\"og:description\" content=\"Lideran\u00e7as sindicais e de movimentos sociais enfatizaram a import\u00e2ncia da unidade da classe trabalhadora e do campo da esquerda para avan\u00e7ar nas lutas sociais e sobretudo derrotar a agenda negacionista e ultraconservadora da extrema direita [Da comunica\u00e7\u00e3o da FUP | Fotos: Wellington Lenon \/ MST] O Centro Cultural do Assentamento Contestado, no Paran\u00e1, \u00e9 palco... Ver artigo\" \/>\n<meta property=\"og:url\" content=\"http:\/\/www.sindipetroba.org.br\/2019\/juntos-somos-mais-fortes-abertura-da-plenafup-reforca-importancia-da-unidade\/\" \/>\n<meta property=\"og:site_name\" content=\"Sindipetro BA\" \/>\n<meta property=\"article:publisher\" content=\"https:\/\/www.facebook.com\/sindipetroBa\/\" \/>\n<meta property=\"article:published_time\" content=\"2024-08-28T12:23:05+00:00\" \/>\n<meta property=\"og:image\" content=\"http:\/\/www.sindipetroba.org.br\/2019\/wp-content\/uploads\/2024\/08\/IMG_5264.webp\" \/>\n\t<meta property=\"og:image:width\" content=\"1280\" \/>\n\t<meta property=\"og:image:height\" content=\"853\" \/>\n\t<meta property=\"og:image:type\" content=\"image\/webp\" \/>\n<meta name=\"author\" content=\"ASCOM AL\" \/>\n<meta name=\"twitter:card\" content=\"summary_large_image\" \/>\n<meta name=\"twitter:creator\" content=\"@SindipetroBahia\" \/>\n<meta name=\"twitter:site\" content=\"@SindipetroBahia\" \/>\n<meta name=\"twitter:label1\" content=\"Escrito por\" \/>\n\t<meta name=\"twitter:data1\" content=\"ASCOM AL\" \/>\n\t<meta name=\"twitter:label2\" content=\"Est. tempo de leitura\" \/>\n\t<meta name=\"twitter:data2\" content=\"7 minutos\" \/>\n<script type=\"application\/ld+json\" class=\"yoast-schema-graph\">{\"@context\":\"https:\\\/\\\/schema.org\",\"@graph\":[{\"@type\":\"Article\",\"@id\":\"http:\\\/\\\/www.sindipetroba.org.br\\\/2019\\\/juntos-somos-mais-fortes-abertura-da-plenafup-reforca-importancia-da-unidade\\\/#article\",\"isPartOf\":{\"@id\":\"http:\\\/\\\/www.sindipetroba.org.br\\\/2019\\\/juntos-somos-mais-fortes-abertura-da-plenafup-reforca-importancia-da-unidade\\\/\"},\"author\":{\"name\":\"ASCOM AL\",\"@id\":\"http:\\\/\\\/www.sindipetroba.org.br\\\/2019\\\/#\\\/schema\\\/person\\\/b34be57a1332ab60188a340a09275241\"},\"headline\":\"Juntos somos mais fortes: Abertura da Plenafup refor\u00e7a import\u00e2ncia da unidade\",\"datePublished\":\"2024-08-28T12:23:05+00:00\",\"mainEntityOfPage\":{\"@id\":\"http:\\\/\\\/www.sindipetroba.org.br\\\/2019\\\/juntos-somos-mais-fortes-abertura-da-plenafup-reforca-importancia-da-unidade\\\/\"},\"wordCount\":1256,\"publisher\":{\"@id\":\"http:\\\/\\\/www.sindipetroba.org.br\\\/2019\\\/#organization\"},\"image\":{\"@id\":\"http:\\\/\\\/www.sindipetroba.org.br\\\/2019\\\/juntos-somos-mais-fortes-abertura-da-plenafup-reforca-importancia-da-unidade\\\/#primaryimage\"},\"thumbnailUrl\":\"http:\\\/\\\/www.sindipetroba.org.br\\\/2019\\\/wp-content\\\/uploads\\\/2024\\\/08\\\/IMG_5264.webp\",\"keywords\":[\": 11 plenafup\",\"escola de agroecologia\",\"MST\",\"Plenafup 2024\"],\"articleSection\":[\"Banner Principal\",\"Not\u00edcia\"],\"inLanguage\":\"pt-BR\"},{\"@type\":\"WebPage\",\"@id\":\"http:\\\/\\\/www.sindipetroba.org.br\\\/2019\\\/juntos-somos-mais-fortes-abertura-da-plenafup-reforca-importancia-da-unidade\\\/\",\"url\":\"http:\\\/\\\/www.sindipetroba.org.br\\\/2019\\\/juntos-somos-mais-fortes-abertura-da-plenafup-reforca-importancia-da-unidade\\\/\",\"name\":\"Juntos somos mais fortes: Abertura da Plenafup refor\u00e7a import\u00e2ncia da unidade - Sindipetro BA\",\"isPartOf\":{\"@id\":\"http:\\\/\\\/www.sindipetroba.org.br\\\/2019\\\/#website\"},\"primaryImageOfPage\":{\"@id\":\"http:\\\/\\\/www.sindipetroba.org.br\\\/2019\\\/juntos-somos-mais-fortes-abertura-da-plenafup-reforca-importancia-da-unidade\\\/#primaryimage\"},\"image\":{\"@id\":\"http:\\\/\\\/www.sindipetroba.org.br\\\/2019\\\/juntos-somos-mais-fortes-abertura-da-plenafup-reforca-importancia-da-unidade\\\/#primaryimage\"},\"thumbnailUrl\":\"http:\\\/\\\/www.sindipetroba.org.br\\\/2019\\\/wp-content\\\/uploads\\\/2024\\\/08\\\/IMG_5264.webp\",\"datePublished\":\"2024-08-28T12:23:05+00:00\",\"breadcrumb\":{\"@id\":\"http:\\\/\\\/www.sindipetroba.org.br\\\/2019\\\/juntos-somos-mais-fortes-abertura-da-plenafup-reforca-importancia-da-unidade\\\/#breadcrumb\"},\"inLanguage\":\"pt-BR\",\"potentialAction\":[{\"@type\":\"ReadAction\",\"target\":[\"http:\\\/\\\/www.sindipetroba.org.br\\\/2019\\\/juntos-somos-mais-fortes-abertura-da-plenafup-reforca-importancia-da-unidade\\\/\"]}]},{\"@type\":\"ImageObject\",\"inLanguage\":\"pt-BR\",\"@id\":\"http:\\\/\\\/www.sindipetroba.org.br\\\/2019\\\/juntos-somos-mais-fortes-abertura-da-plenafup-reforca-importancia-da-unidade\\\/#primaryimage\",\"url\":\"http:\\\/\\\/www.sindipetroba.org.br\\\/2019\\\/wp-content\\\/uploads\\\/2024\\\/08\\\/IMG_5264.webp\",\"contentUrl\":\"http:\\\/\\\/www.sindipetroba.org.br\\\/2019\\\/wp-content\\\/uploads\\\/2024\\\/08\\\/IMG_5264.webp\",\"width\":1280,\"height\":853},{\"@type\":\"BreadcrumbList\",\"@id\":\"http:\\\/\\\/www.sindipetroba.org.br\\\/2019\\\/juntos-somos-mais-fortes-abertura-da-plenafup-reforca-importancia-da-unidade\\\/#breadcrumb\",\"itemListElement\":[{\"@type\":\"ListItem\",\"position\":1,\"name\":\"In\u00edcio\",\"item\":\"http:\\\/\\\/www.sindipetroba.org.br\\\/2019\\\/\"},{\"@type\":\"ListItem\",\"position\":2,\"name\":\"Juntos somos mais fortes: Abertura da Plenafup refor\u00e7a import\u00e2ncia da unidade\"}]},{\"@type\":\"WebSite\",\"@id\":\"http:\\\/\\\/www.sindipetroba.org.br\\\/2019\\\/#website\",\"url\":\"http:\\\/\\\/www.sindipetroba.org.br\\\/2019\\\/\",\"name\":\"Sindipetro BA\",\"description\":\"Sindicato dos Petroleiros e Petroleiras do Estado da Bahia\",\"publisher\":{\"@id\":\"http:\\\/\\\/www.sindipetroba.org.br\\\/2019\\\/#organization\"},\"potentialAction\":[{\"@type\":\"SearchAction\",\"target\":{\"@type\":\"EntryPoint\",\"urlTemplate\":\"http:\\\/\\\/www.sindipetroba.org.br\\\/2019\\\/?s={search_term_string}\"},\"query-input\":{\"@type\":\"PropertyValueSpecification\",\"valueRequired\":true,\"valueName\":\"search_term_string\"}}],\"inLanguage\":\"pt-BR\"},{\"@type\":\"Organization\",\"@id\":\"http:\\\/\\\/www.sindipetroba.org.br\\\/2019\\\/#organization\",\"name\":\"Sindipetro BA\",\"url\":\"http:\\\/\\\/www.sindipetroba.org.br\\\/2019\\\/\",\"logo\":{\"@type\":\"ImageObject\",\"inLanguage\":\"pt-BR\",\"@id\":\"http:\\\/\\\/www.sindipetroba.org.br\\\/2019\\\/#\\\/schema\\\/logo\\\/image\\\/\",\"url\":\"http:\\\/\\\/www.sindipetroba.org.br\\\/2019\\\/wp-content\\\/uploads\\\/2019\\\/01\\\/sindipetro-marca-cor.png\",\"contentUrl\":\"http:\\\/\\\/www.sindipetroba.org.br\\\/2019\\\/wp-content\\\/uploads\\\/2019\\\/01\\\/sindipetro-marca-cor.png\",\"width\":350,\"height\":126,\"caption\":\"Sindipetro BA\"},\"image\":{\"@id\":\"http:\\\/\\\/www.sindipetroba.org.br\\\/2019\\\/#\\\/schema\\\/logo\\\/image\\\/\"},\"sameAs\":[\"https:\\\/\\\/www.facebook.com\\\/sindipetroBa\\\/\",\"https:\\\/\\\/x.com\\\/SindipetroBahia\",\"https:\\\/\\\/www.instagram.com\\\/sindipetroba\\\/\",\"https:\\\/\\\/www.youtube.com\\\/c\\\/SindipetroBahiaOficial\"]},{\"@type\":\"Person\",\"@id\":\"http:\\\/\\\/www.sindipetroba.org.br\\\/2019\\\/#\\\/schema\\\/person\\\/b34be57a1332ab60188a340a09275241\",\"name\":\"ASCOM AL\",\"image\":{\"@type\":\"ImageObject\",\"inLanguage\":\"pt-BR\",\"@id\":\"https:\\\/\\\/secure.gravatar.com\\\/avatar\\\/7faf4b5e74f0ebf515009a1f27466f1b1ace10867d066a91562e822c805d3157?s=96&d=mm&r=g\",\"url\":\"https:\\\/\\\/secure.gravatar.com\\\/avatar\\\/7faf4b5e74f0ebf515009a1f27466f1b1ace10867d066a91562e822c805d3157?s=96&d=mm&r=g\",\"contentUrl\":\"https:\\\/\\\/secure.gravatar.com\\\/avatar\\\/7faf4b5e74f0ebf515009a1f27466f1b1ace10867d066a91562e822c805d3157?s=96&d=mm&r=g\",\"caption\":\"ASCOM AL\"},\"sameAs\":[\"http:\\\/\\\/www.sindipetroba.org.br\"]}]}<\/script>\n<!-- \/ Yoast SEO plugin. -->","yoast_head_json":{"title":"Juntos somos mais fortes: Abertura da Plenafup refor\u00e7a import\u00e2ncia da unidade - Sindipetro BA","robots":{"index":"index","follow":"follow","max-snippet":"max-snippet:-1","max-image-preview":"max-image-preview:large","max-video-preview":"max-video-preview:-1"},"canonical":"http:\/\/www.sindipetroba.org.br\/2019\/juntos-somos-mais-fortes-abertura-da-plenafup-reforca-importancia-da-unidade\/","og_locale":"pt_BR","og_type":"article","og_title":"Juntos somos mais fortes: Abertura da Plenafup refor\u00e7a import\u00e2ncia da unidade - Sindipetro BA","og_description":"Lideran\u00e7as sindicais e de movimentos sociais enfatizaram a import\u00e2ncia da unidade da classe trabalhadora e do campo da esquerda para avan\u00e7ar nas lutas sociais e sobretudo derrotar a agenda negacionista e ultraconservadora da extrema direita [Da comunica\u00e7\u00e3o da FUP | Fotos: Wellington Lenon \/ MST] O Centro Cultural do Assentamento Contestado, no Paran\u00e1, \u00e9 palco... Ver artigo","og_url":"http:\/\/www.sindipetroba.org.br\/2019\/juntos-somos-mais-fortes-abertura-da-plenafup-reforca-importancia-da-unidade\/","og_site_name":"Sindipetro BA","article_publisher":"https:\/\/www.facebook.com\/sindipetroBa\/","article_published_time":"2024-08-28T12:23:05+00:00","og_image":[{"width":1280,"height":853,"url":"http:\/\/www.sindipetroba.org.br\/2019\/wp-content\/uploads\/2024\/08\/IMG_5264.webp","type":"image\/webp"}],"author":"ASCOM AL","twitter_card":"summary_large_image","twitter_creator":"@SindipetroBahia","twitter_site":"@SindipetroBahia","twitter_misc":{"Escrito por":"ASCOM AL","Est. tempo de leitura":"7 minutos"},"schema":{"@context":"https:\/\/schema.org","@graph":[{"@type":"Article","@id":"http:\/\/www.sindipetroba.org.br\/2019\/juntos-somos-mais-fortes-abertura-da-plenafup-reforca-importancia-da-unidade\/#article","isPartOf":{"@id":"http:\/\/www.sindipetroba.org.br\/2019\/juntos-somos-mais-fortes-abertura-da-plenafup-reforca-importancia-da-unidade\/"},"author":{"name":"ASCOM AL","@id":"http:\/\/www.sindipetroba.org.br\/2019\/#\/schema\/person\/b34be57a1332ab60188a340a09275241"},"headline":"Juntos somos mais fortes: Abertura da Plenafup refor\u00e7a import\u00e2ncia da unidade","datePublished":"2024-08-28T12:23:05+00:00","mainEntityOfPage":{"@id":"http:\/\/www.sindipetroba.org.br\/2019\/juntos-somos-mais-fortes-abertura-da-plenafup-reforca-importancia-da-unidade\/"},"wordCount":1256,"publisher":{"@id":"http:\/\/www.sindipetroba.org.br\/2019\/#organization"},"image":{"@id":"http:\/\/www.sindipetroba.org.br\/2019\/juntos-somos-mais-fortes-abertura-da-plenafup-reforca-importancia-da-unidade\/#primaryimage"},"thumbnailUrl":"http:\/\/www.sindipetroba.org.br\/2019\/wp-content\/uploads\/2024\/08\/IMG_5264.webp","keywords":[": 11 plenafup","escola de agroecologia","MST","Plenafup 2024"],"articleSection":["Banner Principal","Not\u00edcia"],"inLanguage":"pt-BR"},{"@type":"WebPage","@id":"http:\/\/www.sindipetroba.org.br\/2019\/juntos-somos-mais-fortes-abertura-da-plenafup-reforca-importancia-da-unidade\/","url":"http:\/\/www.sindipetroba.org.br\/2019\/juntos-somos-mais-fortes-abertura-da-plenafup-reforca-importancia-da-unidade\/","name":"Juntos somos mais fortes: Abertura da Plenafup refor\u00e7a import\u00e2ncia da unidade - Sindipetro BA","isPartOf":{"@id":"http:\/\/www.sindipetroba.org.br\/2019\/#website"},"primaryImageOfPage":{"@id":"http:\/\/www.sindipetroba.org.br\/2019\/juntos-somos-mais-fortes-abertura-da-plenafup-reforca-importancia-da-unidade\/#primaryimage"},"image":{"@id":"http:\/\/www.sindipetroba.org.br\/2019\/juntos-somos-mais-fortes-abertura-da-plenafup-reforca-importancia-da-unidade\/#primaryimage"},"thumbnailUrl":"http:\/\/www.sindipetroba.org.br\/2019\/wp-content\/uploads\/2024\/08\/IMG_5264.webp","datePublished":"2024-08-28T12:23:05+00:00","breadcrumb":{"@id":"http:\/\/www.sindipetroba.org.br\/2019\/juntos-somos-mais-fortes-abertura-da-plenafup-reforca-importancia-da-unidade\/#breadcrumb"},"inLanguage":"pt-BR","potentialAction":[{"@type":"ReadAction","target":["http:\/\/www.sindipetroba.org.br\/2019\/juntos-somos-mais-fortes-abertura-da-plenafup-reforca-importancia-da-unidade\/"]}]},{"@type":"ImageObject","inLanguage":"pt-BR","@id":"http:\/\/www.sindipetroba.org.br\/2019\/juntos-somos-mais-fortes-abertura-da-plenafup-reforca-importancia-da-unidade\/#primaryimage","url":"http:\/\/www.sindipetroba.org.br\/2019\/wp-content\/uploads\/2024\/08\/IMG_5264.webp","contentUrl":"http:\/\/www.sindipetroba.org.br\/2019\/wp-content\/uploads\/2024\/08\/IMG_5264.webp","width":1280,"height":853},{"@type":"BreadcrumbList","@id":"http:\/\/www.sindipetroba.org.br\/2019\/juntos-somos-mais-fortes-abertura-da-plenafup-reforca-importancia-da-unidade\/#breadcrumb","itemListElement":[{"@type":"ListItem","position":1,"name":"In\u00edcio","item":"http:\/\/www.sindipetroba.org.br\/2019\/"},{"@type":"ListItem","position":2,"name":"Juntos somos mais fortes: Abertura da Plenafup refor\u00e7a import\u00e2ncia da unidade"}]},{"@type":"WebSite","@id":"http:\/\/www.sindipetroba.org.br\/2019\/#website","url":"http:\/\/www.sindipetroba.org.br\/2019\/","name":"Sindipetro BA","description":"Sindicato dos Petroleiros e Petroleiras do Estado da Bahia","publisher":{"@id":"http:\/\/www.sindipetroba.org.br\/2019\/#organization"},"potentialAction":[{"@type":"SearchAction","target":{"@type":"EntryPoint","urlTemplate":"http:\/\/www.sindipetroba.org.br\/2019\/?s={search_term_string}"},"query-input":{"@type":"PropertyValueSpecification","valueRequired":true,"valueName":"search_term_string"}}],"inLanguage":"pt-BR"},{"@type":"Organization","@id":"http:\/\/www.sindipetroba.org.br\/2019\/#organization","name":"Sindipetro BA","url":"http:\/\/www.sindipetroba.org.br\/2019\/","logo":{"@type":"ImageObject","inLanguage":"pt-BR","@id":"http:\/\/www.sindipetroba.org.br\/2019\/#\/schema\/logo\/image\/","url":"http:\/\/www.sindipetroba.org.br\/2019\/wp-content\/uploads\/2019\/01\/sindipetro-marca-cor.png","contentUrl":"http:\/\/www.sindipetroba.org.br\/2019\/wp-content\/uploads\/2019\/01\/sindipetro-marca-cor.png","width":350,"height":126,"caption":"Sindipetro BA"},"image":{"@id":"http:\/\/www.sindipetroba.org.br\/2019\/#\/schema\/logo\/image\/"},"sameAs":["https:\/\/www.facebook.com\/sindipetroBa\/","https:\/\/x.com\/SindipetroBahia","https:\/\/www.instagram.com\/sindipetroba\/","https:\/\/www.youtube.com\/c\/SindipetroBahiaOficial"]},{"@type":"Person","@id":"http:\/\/www.sindipetroba.org.br\/2019\/#\/schema\/person\/b34be57a1332ab60188a340a09275241","name":"ASCOM AL","image":{"@type":"ImageObject","inLanguage":"pt-BR","@id":"https:\/\/secure.gravatar.com\/avatar\/7faf4b5e74f0ebf515009a1f27466f1b1ace10867d066a91562e822c805d3157?s=96&d=mm&r=g","url":"https:\/\/secure.gravatar.com\/avatar\/7faf4b5e74f0ebf515009a1f27466f1b1ace10867d066a91562e822c805d3157?s=96&d=mm&r=g","contentUrl":"https:\/\/secure.gravatar.com\/avatar\/7faf4b5e74f0ebf515009a1f27466f1b1ace10867d066a91562e822c805d3157?s=96&d=mm&r=g","caption":"ASCOM AL"},"sameAs":["http:\/\/www.sindipetroba.org.br"]}]}},"_links":{"self":[{"href":"http:\/\/www.sindipetroba.org.br\/2019\/wp-json\/wp\/v2\/posts\/25701","targetHints":{"allow":["GET"]}}],"collection":[{"href":"http:\/\/www.sindipetroba.org.br\/2019\/wp-json\/wp\/v2\/posts"}],"about":[{"href":"http:\/\/www.sindipetroba.org.br\/2019\/wp-json\/wp\/v2\/types\/post"}],"author":[{"embeddable":true,"href":"http:\/\/www.sindipetroba.org.br\/2019\/wp-json\/wp\/v2\/users\/7"}],"replies":[{"embeddable":true,"href":"http:\/\/www.sindipetroba.org.br\/2019\/wp-json\/wp\/v2\/comments?post=25701"}],"version-history":[{"count":1,"href":"http:\/\/www.sindipetroba.org.br\/2019\/wp-json\/wp\/v2\/posts\/25701\/revisions"}],"predecessor-version":[{"id":25703,"href":"http:\/\/www.sindipetroba.org.br\/2019\/wp-json\/wp\/v2\/posts\/25701\/revisions\/25703"}],"wp:featuredmedia":[{"embeddable":true,"href":"http:\/\/www.sindipetroba.org.br\/2019\/wp-json\/wp\/v2\/media\/25702"}],"wp:attachment":[{"href":"http:\/\/www.sindipetroba.org.br\/2019\/wp-json\/wp\/v2\/media?parent=25701"}],"wp:term":[{"taxonomy":"category","embeddable":true,"href":"http:\/\/www.sindipetroba.org.br\/2019\/wp-json\/wp\/v2\/categories?post=25701"},{"taxonomy":"post_tag","embeddable":true,"href":"http:\/\/www.sindipetroba.org.br\/2019\/wp-json\/wp\/v2\/tags?post=25701"}],"curies":[{"name":"wp","href":"https:\/\/api.w.org\/{rel}","templated":true}]}}