{"id":25709,"date":"2024-08-28T11:24:23","date_gmt":"2024-08-28T14:24:23","guid":{"rendered":"http:\/\/www.sindipetroba.org.br\/2019\/?p=25709"},"modified":"2024-08-28T11:24:23","modified_gmt":"2024-08-28T14:24:23","slug":"nada-e-mais-importante-do-que-deter-o-avanco-da-extrema-direita-afirmam-debatedores-na-plenafup","status":"publish","type":"post","link":"http:\/\/www.sindipetroba.org.br\/2019\/nada-e-mais-importante-do-que-deter-o-avanco-da-extrema-direita-afirmam-debatedores-na-plenafup\/","title":{"rendered":"Nada \u00e9 mais importante do que deter o avan\u00e7o da extrema direita, afirmam debatedores na Plenafup"},"content":{"rendered":"<div class=\"elementor-element elementor-element-22ff588 elementor-widget elementor-widget-theme-post-content\" data-id=\"22ff588\" data-element_type=\"widget\" data-widget_type=\"theme-post-content.default\">\n<div class=\"elementor-widget-container\">\n<p><strong>Primeira mesa tem\u00e1tica refor\u00e7a a maturidade pol\u00edtica da categoria petroleira ao se posicionar contra o neoliberalismo e o neofascismo<\/strong><\/p>\n<p><em>[Por Alessandra Murteira, da comunica\u00e7\u00e3o da FUP]<\/em><\/p>\n<p>A primeira mesa tem\u00e1tica da 11\u00aa Plen\u00e1ria Nacional da FUP, realizada no final da tarde de ontem (27\/08), enfatizou a import\u00e2ncia da maturidade pol\u00edtica da categoria petroleira ao se posicionar contra o neoliberalismo e o avan\u00e7o da extrema direita. O debate, centrado na an\u00e1lise da conjuntura pol\u00edtica nacional, contou com a participa\u00e7\u00e3o do petroleiro Divanilton Pereira, da dire\u00e7\u00e3o nacional do PCdoB, do historiador Val\u00e9rio Arcary, militante da Resist\u00eancia\/PSOL, e da deputada estadual do Paran\u00e1, Ana J\u00falia Ribeiro (PT).<\/p>\n<p>Divanilton destacou que, a partir da elei\u00e7\u00e3o de Lula para seu terceiro governo, o Brasil voltou a ocupar papel de destaque na transi\u00e7\u00e3o para a nova reconfigura\u00e7\u00e3o geopol\u00edtica mundial liderada pela China. Ele afirmou que \u201ca calorosa recep\u00e7\u00e3o do Brasil ao lado que historicamente deve estar, ao lado do Brics, por ser um pa\u00eds de m\u00e9dio desenvolvimento industrial, com uma imensa riqueza de recursos naturais, um pa\u00eds de lideran\u00e7a regional\u201d imp\u00f5e ao pa\u00eds \u201cum papel muito importante e estrat\u00e9gico nessa transi\u00e7\u00e3o geopol\u00edtica\u201d.<\/p>\n<p>O l\u00edder petroleiro declarou, no entanto, que a reconstru\u00e7\u00e3o do Brasil n\u00e3o \u00e9 tarefa f\u00e1cil, pois a conjuntura pol\u00edtica que atravessa o atual governo Lula \u00e9 muito distinta dos outros governos do PT. \u201cHoje n\u00f3s temos uma economia mundial em crise, as estruturas do aparato estatal e p\u00fablico semidestru\u00eddas, ap\u00f3s Bolsonaro e Temer, um congresso chantageador e usurpador do or\u00e7amento p\u00fablico\u201d, refor\u00e7ou.<\/p>\n<p>&nbsp;<\/p>\n<figure id=\"attachment_67357\" class=\"wp-caption alignnone\" aria-describedby=\"caption-attachment-67357\"><img loading=\"lazy\" decoding=\"async\" class=\"size-medium wp-image-67357 entered lazyloaded\" src=\"https:\/\/fup.org.br\/wp-content\/uploads\/2024\/08\/diva-interno-450x600.jpeg\" sizes=\"(max-width: 450px) 100vw, 450px\" srcset=\"https:\/\/fup.org.br\/wp-content\/uploads\/2024\/08\/diva-interno-450x600.jpeg 450w, https:\/\/fup.org.br\/wp-content\/uploads\/2024\/08\/diva-interno-768x1024.jpeg 768w, https:\/\/fup.org.br\/wp-content\/uploads\/2024\/08\/diva-interno-scaled.jpeg 960w\" alt=\"\" width=\"450\" height=\"600\" data-lazy-srcset=\"https:\/\/fup.org.br\/wp-content\/uploads\/2024\/08\/diva-interno-450x600.jpeg 450w, https:\/\/fup.org.br\/wp-content\/uploads\/2024\/08\/diva-interno-768x1024.jpeg 768w, https:\/\/fup.org.br\/wp-content\/uploads\/2024\/08\/diva-interno-scaled.jpeg 960w\" data-lazy-sizes=\"(max-width: 450px) 100vw, 450px\" data-lazy-src=\"https:\/\/fup.org.br\/wp-content\/uploads\/2024\/08\/diva-interno-450x600.jpeg\" data-ll-status=\"loaded\" \/><figcaption id=\"caption-attachment-67357\" class=\"wp-caption-text\">Foto: Paulo Neves\/FUP<\/figcaption><\/figure>\n<p>Divanilton chamou a aten\u00e7\u00e3o para o papel pol\u00edtico da FUP nessa disputa e a import\u00e2ncia da entidade ter tomado a decis\u00e3o correta de criar o INEEP, \u201cque \u00e9 o centro e a usina da elabora\u00e7\u00e3o pol\u00edtica dessa categoria\u201d. Ele alertou, ainda, que as elei\u00e7\u00f5es municipais deste ano s\u00e3o \u201ca antessala da grande batalha que teremos em 2026\u201d, que \u00e9 derrotar o bolsonarismo, o que classificou como \u201cuma guerra cultural de grande e longas jornadas, que espero que possamos encurta-las\u201d.<\/p>\n<p>\u201cEssa plen\u00e1ria deve reafirmar o papel das lutas pelos nossos direitos, mas sobretudo, penso que voc\u00eas, assim como n\u00f3s aqui, precisamos ter a maturidade de saber combinar essa luta espec\u00edfica, sem perder o foco da grande batalha pol\u00edtica do ano que \u00e9 derrotar a extrema direita no Brasil\u201d, afirmou o dirigente do PCdoB.<\/p>\n<p>O historiador Val\u00e9rio Arcary, professor titular do Instituto Federal de S\u00e3o Paulo (IFSP), concordou com a avalia\u00e7\u00e3o do l\u00edder petroleiro e enfatizou que o conflito fundamental do Brasil atual \u00e9 o bolsonarismo. Ele afirmou que \u201ca corrente de extrema direita liderada por neofascistas, tem influ\u00eancia sobre no m\u00ednimo um ter\u00e7o da sociedade e em algumas regi\u00f5es mais do que um ter\u00e7o\u201d e que \u201ca tarefa central\u201d da atual gera\u00e7\u00e3o de trabalhadores e lideran\u00e7as sociais \u201c\u00e9 pensar, refletir e concluir qual \u00e9 o caminho para derrota-la\u201d, enfatizando que \u201cnada \u00e9 mais importante do que isso\u201d.<\/p>\n<figure id=\"attachment_67352\" class=\"wp-caption alignnone\" aria-describedby=\"caption-attachment-67352\"><img loading=\"lazy\" decoding=\"async\" class=\"size-medium wp-image-67352 entered lazyloaded\" src=\"https:\/\/fup.org.br\/wp-content\/uploads\/2024\/08\/arcary-600x506.jpeg\" sizes=\"(max-width: 600px) 100vw, 600px\" srcset=\"https:\/\/fup.org.br\/wp-content\/uploads\/2024\/08\/arcary-600x506.jpeg 600w, https:\/\/fup.org.br\/wp-content\/uploads\/2024\/08\/arcary-1024x863.jpeg 1024w, https:\/\/fup.org.br\/wp-content\/uploads\/2024\/08\/arcary-768x647.jpeg 768w, https:\/\/fup.org.br\/wp-content\/uploads\/2024\/08\/arcary-scaled.jpeg 1280w\" alt=\"\" width=\"600\" height=\"506\" data-lazy-srcset=\"https:\/\/fup.org.br\/wp-content\/uploads\/2024\/08\/arcary-600x506.jpeg 600w, https:\/\/fup.org.br\/wp-content\/uploads\/2024\/08\/arcary-1024x863.jpeg 1024w, https:\/\/fup.org.br\/wp-content\/uploads\/2024\/08\/arcary-768x647.jpeg 768w, https:\/\/fup.org.br\/wp-content\/uploads\/2024\/08\/arcary-scaled.jpeg 1280w\" data-lazy-sizes=\"(max-width: 600px) 100vw, 600px\" data-lazy-src=\"https:\/\/fup.org.br\/wp-content\/uploads\/2024\/08\/arcary-600x506.jpeg\" data-ll-status=\"loaded\" \/><figcaption id=\"caption-attachment-67352\" class=\"wp-caption-text\">Foto: Alessandra Murteira\/FUP<\/figcaption><\/figure>\n<p>Arcary alertou que parte da popula\u00e7\u00e3o est\u00e1 sendo cooptada por \u201cuma fra\u00e7\u00e3o burguesa que quer naturalizar a extrema direita como uma corrente eleitoral leg\u00edtima dentro do regime democr\u00e1tico\u201d, citando como exemplo as elei\u00e7\u00f5es municipais de S\u00e3o Paulo.<\/p>\n<h3>\u201cEssa plen\u00e1ria tem muita pol\u00edtica e n\u00f3s n\u00e3o mudamos nada sem a pol\u00edtica\u201d, afirma deputada<\/h3>\n<p>A deputada estadual Ana J\u00falia Ribeiro (PT\/PR), lembrou que sua liga\u00e7\u00e3o com a categoria petroleira vem de sua milit\u00e2ncia no movimento estudantil, quando debatia os royalties do petr\u00f3leo para a educa\u00e7\u00e3o e a constru\u00e7\u00e3o do novo Fundeb. \u201cEstar aqui, portanto, \u00e9 uma honra muito grande, eu fico especialmente feliz, mas fico ainda mais orgulhosa de saber que conseguimos fazer uma constru\u00e7\u00e3o coletiva dentro do mandato aqui no Paran\u00e1, em que os petroleiros e petroqu\u00edmicos participam, t\u00eam debate na pol\u00edtica, pautam o mandato, pautam as nossas atividades e nos d\u00e3o muita tarefa e cumprem elas junto com a gente\u201d, afirmou.<\/p>\n<p>Ela refor\u00e7ou o orgulho de estar diante de uma categoria que n\u00e3o hesita em se posicionar politicamente, compreendendo o que \u00e9 ser de fato classe trabalhadora e que a pol\u00edtica \u00e9 uma ferramenta sobretudo dos trabalhadores, pois \u00e9 por meio dela que se pode avan\u00e7ar nas conquistas e transformar o mundo.<\/p>\n<figure id=\"attachment_67351\" class=\"wp-caption alignnone\" aria-describedby=\"caption-attachment-67351\"><img loading=\"lazy\" decoding=\"async\" class=\"size-medium wp-image-67351 entered lazyloaded\" src=\"https:\/\/fup.org.br\/wp-content\/uploads\/2024\/08\/ana-julia-594x600.jpeg\" sizes=\"(max-width: 594px) 100vw, 594px\" srcset=\"https:\/\/fup.org.br\/wp-content\/uploads\/2024\/08\/ana-julia-594x600.jpeg 594w, https:\/\/fup.org.br\/wp-content\/uploads\/2024\/08\/ana-julia-1014x1024.jpeg 1014w, https:\/\/fup.org.br\/wp-content\/uploads\/2024\/08\/ana-julia-768x775.jpeg 768w, https:\/\/fup.org.br\/wp-content\/uploads\/2024\/08\/ana-julia-scaled.jpeg 1268w\" alt=\"\" width=\"594\" height=\"600\" data-lazy-srcset=\"https:\/\/fup.org.br\/wp-content\/uploads\/2024\/08\/ana-julia-594x600.jpeg 594w, https:\/\/fup.org.br\/wp-content\/uploads\/2024\/08\/ana-julia-1014x1024.jpeg 1014w, https:\/\/fup.org.br\/wp-content\/uploads\/2024\/08\/ana-julia-768x775.jpeg 768w, https:\/\/fup.org.br\/wp-content\/uploads\/2024\/08\/ana-julia-scaled.jpeg 1268w\" data-lazy-sizes=\"(max-width: 594px) 100vw, 594px\" data-lazy-src=\"https:\/\/fup.org.br\/wp-content\/uploads\/2024\/08\/ana-julia-594x600.jpeg\" data-ll-status=\"loaded\" \/><figcaption id=\"caption-attachment-67351\" class=\"wp-caption-text\">Foto: Alessandra Murteira\/FUP<\/figcaption><\/figure>\n<p>\u201cO que me deixa com maior certeza da maturidade pol\u00edtica da FUP, mas principalmente, da compreens\u00e3o da sociedade, \u00e9 que essa plen\u00e1ria tem muita pol\u00edtica e n\u00f3s n\u00e3o mudamos nada sem a pol\u00edtica, n\u00f3s n\u00e3o constru\u00edmos nada sem a pol\u00edtica\u201d, afirmou. \u201dEssa categoria n\u00e3o se isenta em debater pol\u00edtica, em discutir as elei\u00e7\u00f5es e \u00e9 muito importante voc\u00eas se colocarem nesse processo\u201d, declarou, lembrando a fala do coordenador da FUP, Deyvid Bacelar, no ato pela manh\u00e3, em frente \u00e0 Fafen PR, quando ele afirmou que a categoria petroleira precisa, sim, discutir pol\u00edtica, discutir elei\u00e7\u00f5es, mas sem abrir m\u00e3o da autonomia sindical e da luta, independentemente de quem est\u00e1 no governo e do patr\u00e3o.<\/p>\n<p>A deputada tamb\u00e9m lembrou que o golpe de 2016, que alavancou a extrema direita, \u201cnasce quando a gente descobre o pr\u00e9-sal, nasce quando o Brasil come\u00e7a a liderar o BRICS, nasce quando a gente vira a hip\u00f3tese de pot\u00eancia mundial, quando a gente come\u00e7a a liderar os insurgentes, quando a gente come\u00e7a a liderar um processo contra hegem\u00f4nico\u201d, refor\u00e7ando que a Petrobr\u00e1s foi fundamental nessa mudan\u00e7a de chave e por isso foi t\u00e3o atacada ap\u00f3s o golpe. \u201cTudo o que aconteceu foi porque n\u00e3o abrimos m\u00e3o da nossa soberania, muito por conta da luta dos petroleiros\u201d, concluiu.<\/p>\n<\/div>\n<\/div>\n","protected":false},"excerpt":{"rendered":"Primeira mesa tem\u00e1tica refor\u00e7a a maturidade pol\u00edtica da categoria petroleira ao se posicionar contra o neoliberalismo e o neofascismo [Por Alessandra Murteira, da comunica\u00e7\u00e3o da FUP] A primeira mesa tem\u00e1tica da 11\u00aa Plen\u00e1ria Nacional da FUP, realizada no final da tarde de ontem (27\/08), enfatizou a import\u00e2ncia da maturidade pol\u00edtica da categoria petroleira ao se&#8230; <a class=\"view-article\" href=\"http:\/\/www.sindipetroba.org.br\/2019\/nada-e-mais-importante-do-que-deter-o-avanco-da-extrema-direita-afirmam-debatedores-na-plenafup\/\">Ver artigo<\/a>","protected":false},"author":7,"featured_media":25710,"comment_status":"closed","ping_status":"open","sticky":false,"template":"","format":"standard","meta":{"_et_pb_use_builder":"","_et_pb_old_content":"","_et_gb_content_width":"","footnotes":""},"categories":[2688,1],"tags":[3413,3415],"class_list":["post-25709","post","type-post","status-publish","format-standard","has-post-thumbnail","hentry","category-banner-principal","category-noticia","tag-11-plenafup","tag-plenafup-2024"],"yoast_head":"<!-- This site is optimized with the Yoast SEO plugin v27.3 - https:\/\/yoast.com\/product\/yoast-seo-wordpress\/ -->\n<title>Nada \u00e9 mais importante do que deter o avan\u00e7o da extrema direita, afirmam debatedores na Plenafup - Sindipetro BA<\/title>\n<meta name=\"robots\" content=\"index, follow, max-snippet:-1, max-image-preview:large, max-video-preview:-1\" \/>\n<link rel=\"canonical\" href=\"http:\/\/www.sindipetroba.org.br\/2019\/nada-e-mais-importante-do-que-deter-o-avanco-da-extrema-direita-afirmam-debatedores-na-plenafup\/\" \/>\n<meta property=\"og:locale\" content=\"pt_BR\" \/>\n<meta property=\"og:type\" content=\"article\" \/>\n<meta property=\"og:title\" content=\"Nada \u00e9 mais importante do que deter o avan\u00e7o da extrema direita, afirmam debatedores na Plenafup - Sindipetro BA\" \/>\n<meta property=\"og:description\" content=\"Primeira mesa tem\u00e1tica refor\u00e7a a maturidade pol\u00edtica da categoria petroleira ao se posicionar contra o neoliberalismo e o neofascismo [Por Alessandra Murteira, da comunica\u00e7\u00e3o da FUP] A primeira mesa tem\u00e1tica da 11\u00aa Plen\u00e1ria Nacional da FUP, realizada no final da tarde de ontem (27\/08), enfatizou a import\u00e2ncia da maturidade pol\u00edtica da categoria petroleira ao se... Ver artigo\" \/>\n<meta property=\"og:url\" content=\"http:\/\/www.sindipetroba.org.br\/2019\/nada-e-mais-importante-do-que-deter-o-avanco-da-extrema-direita-afirmam-debatedores-na-plenafup\/\" \/>\n<meta property=\"og:site_name\" content=\"Sindipetro BA\" \/>\n<meta property=\"article:publisher\" content=\"https:\/\/www.facebook.com\/sindipetroBa\/\" \/>\n<meta property=\"article:published_time\" content=\"2024-08-28T14:24:23+00:00\" \/>\n<meta property=\"og:image\" content=\"http:\/\/www.sindipetroba.org.br\/2019\/wp-content\/uploads\/2024\/08\/WhatsApp-Image-2024-08-28-at-11.19.18.jpeg\" \/>\n\t<meta property=\"og:image:width\" content=\"768\" \/>\n\t<meta property=\"og:image:height\" content=\"624\" \/>\n\t<meta property=\"og:image:type\" content=\"image\/jpeg\" \/>\n<meta name=\"author\" content=\"ASCOM AL\" \/>\n<meta name=\"twitter:card\" content=\"summary_large_image\" \/>\n<meta name=\"twitter:creator\" content=\"@SindipetroBahia\" \/>\n<meta name=\"twitter:site\" content=\"@SindipetroBahia\" \/>\n<meta name=\"twitter:label1\" content=\"Escrito por\" \/>\n\t<meta name=\"twitter:data1\" content=\"ASCOM AL\" \/>\n\t<meta name=\"twitter:label2\" content=\"Est. tempo de leitura\" \/>\n\t<meta name=\"twitter:data2\" content=\"6 minutos\" \/>\n<script type=\"application\/ld+json\" class=\"yoast-schema-graph\">{\"@context\":\"https:\\\/\\\/schema.org\",\"@graph\":[{\"@type\":\"Article\",\"@id\":\"http:\\\/\\\/www.sindipetroba.org.br\\\/2019\\\/nada-e-mais-importante-do-que-deter-o-avanco-da-extrema-direita-afirmam-debatedores-na-plenafup\\\/#article\",\"isPartOf\":{\"@id\":\"http:\\\/\\\/www.sindipetroba.org.br\\\/2019\\\/nada-e-mais-importante-do-que-deter-o-avanco-da-extrema-direita-afirmam-debatedores-na-plenafup\\\/\"},\"author\":{\"name\":\"ASCOM AL\",\"@id\":\"http:\\\/\\\/www.sindipetroba.org.br\\\/2019\\\/#\\\/schema\\\/person\\\/b34be57a1332ab60188a340a09275241\"},\"headline\":\"Nada \u00e9 mais importante do que deter o avan\u00e7o da extrema direita, afirmam debatedores na Plenafup\",\"datePublished\":\"2024-08-28T14:24:23+00:00\",\"mainEntityOfPage\":{\"@id\":\"http:\\\/\\\/www.sindipetroba.org.br\\\/2019\\\/nada-e-mais-importante-do-que-deter-o-avanco-da-extrema-direita-afirmam-debatedores-na-plenafup\\\/\"},\"wordCount\":1023,\"publisher\":{\"@id\":\"http:\\\/\\\/www.sindipetroba.org.br\\\/2019\\\/#organization\"},\"image\":{\"@id\":\"http:\\\/\\\/www.sindipetroba.org.br\\\/2019\\\/nada-e-mais-importante-do-que-deter-o-avanco-da-extrema-direita-afirmam-debatedores-na-plenafup\\\/#primaryimage\"},\"thumbnailUrl\":\"http:\\\/\\\/www.sindipetroba.org.br\\\/2019\\\/wp-content\\\/uploads\\\/2024\\\/08\\\/WhatsApp-Image-2024-08-28-at-11.19.18.jpeg\",\"keywords\":[\": 11 plenafup\",\"Plenafup 2024\"],\"articleSection\":[\"Banner Principal\",\"Not\u00edcia\"],\"inLanguage\":\"pt-BR\"},{\"@type\":\"WebPage\",\"@id\":\"http:\\\/\\\/www.sindipetroba.org.br\\\/2019\\\/nada-e-mais-importante-do-que-deter-o-avanco-da-extrema-direita-afirmam-debatedores-na-plenafup\\\/\",\"url\":\"http:\\\/\\\/www.sindipetroba.org.br\\\/2019\\\/nada-e-mais-importante-do-que-deter-o-avanco-da-extrema-direita-afirmam-debatedores-na-plenafup\\\/\",\"name\":\"Nada \u00e9 mais importante do que deter o avan\u00e7o da extrema direita, afirmam debatedores na Plenafup - Sindipetro BA\",\"isPartOf\":{\"@id\":\"http:\\\/\\\/www.sindipetroba.org.br\\\/2019\\\/#website\"},\"primaryImageOfPage\":{\"@id\":\"http:\\\/\\\/www.sindipetroba.org.br\\\/2019\\\/nada-e-mais-importante-do-que-deter-o-avanco-da-extrema-direita-afirmam-debatedores-na-plenafup\\\/#primaryimage\"},\"image\":{\"@id\":\"http:\\\/\\\/www.sindipetroba.org.br\\\/2019\\\/nada-e-mais-importante-do-que-deter-o-avanco-da-extrema-direita-afirmam-debatedores-na-plenafup\\\/#primaryimage\"},\"thumbnailUrl\":\"http:\\\/\\\/www.sindipetroba.org.br\\\/2019\\\/wp-content\\\/uploads\\\/2024\\\/08\\\/WhatsApp-Image-2024-08-28-at-11.19.18.jpeg\",\"datePublished\":\"2024-08-28T14:24:23+00:00\",\"breadcrumb\":{\"@id\":\"http:\\\/\\\/www.sindipetroba.org.br\\\/2019\\\/nada-e-mais-importante-do-que-deter-o-avanco-da-extrema-direita-afirmam-debatedores-na-plenafup\\\/#breadcrumb\"},\"inLanguage\":\"pt-BR\",\"potentialAction\":[{\"@type\":\"ReadAction\",\"target\":[\"http:\\\/\\\/www.sindipetroba.org.br\\\/2019\\\/nada-e-mais-importante-do-que-deter-o-avanco-da-extrema-direita-afirmam-debatedores-na-plenafup\\\/\"]}]},{\"@type\":\"ImageObject\",\"inLanguage\":\"pt-BR\",\"@id\":\"http:\\\/\\\/www.sindipetroba.org.br\\\/2019\\\/nada-e-mais-importante-do-que-deter-o-avanco-da-extrema-direita-afirmam-debatedores-na-plenafup\\\/#primaryimage\",\"url\":\"http:\\\/\\\/www.sindipetroba.org.br\\\/2019\\\/wp-content\\\/uploads\\\/2024\\\/08\\\/WhatsApp-Image-2024-08-28-at-11.19.18.jpeg\",\"contentUrl\":\"http:\\\/\\\/www.sindipetroba.org.br\\\/2019\\\/wp-content\\\/uploads\\\/2024\\\/08\\\/WhatsApp-Image-2024-08-28-at-11.19.18.jpeg\",\"width\":768,\"height\":624},{\"@type\":\"BreadcrumbList\",\"@id\":\"http:\\\/\\\/www.sindipetroba.org.br\\\/2019\\\/nada-e-mais-importante-do-que-deter-o-avanco-da-extrema-direita-afirmam-debatedores-na-plenafup\\\/#breadcrumb\",\"itemListElement\":[{\"@type\":\"ListItem\",\"position\":1,\"name\":\"In\u00edcio\",\"item\":\"http:\\\/\\\/www.sindipetroba.org.br\\\/2019\\\/\"},{\"@type\":\"ListItem\",\"position\":2,\"name\":\"Nada \u00e9 mais importante do que deter o avan\u00e7o da extrema direita, afirmam debatedores na Plenafup\"}]},{\"@type\":\"WebSite\",\"@id\":\"http:\\\/\\\/www.sindipetroba.org.br\\\/2019\\\/#website\",\"url\":\"http:\\\/\\\/www.sindipetroba.org.br\\\/2019\\\/\",\"name\":\"Sindipetro BA\",\"description\":\"Sindicato dos Petroleiros e Petroleiras do Estado da Bahia\",\"publisher\":{\"@id\":\"http:\\\/\\\/www.sindipetroba.org.br\\\/2019\\\/#organization\"},\"potentialAction\":[{\"@type\":\"SearchAction\",\"target\":{\"@type\":\"EntryPoint\",\"urlTemplate\":\"http:\\\/\\\/www.sindipetroba.org.br\\\/2019\\\/?s={search_term_string}\"},\"query-input\":{\"@type\":\"PropertyValueSpecification\",\"valueRequired\":true,\"valueName\":\"search_term_string\"}}],\"inLanguage\":\"pt-BR\"},{\"@type\":\"Organization\",\"@id\":\"http:\\\/\\\/www.sindipetroba.org.br\\\/2019\\\/#organization\",\"name\":\"Sindipetro BA\",\"url\":\"http:\\\/\\\/www.sindipetroba.org.br\\\/2019\\\/\",\"logo\":{\"@type\":\"ImageObject\",\"inLanguage\":\"pt-BR\",\"@id\":\"http:\\\/\\\/www.sindipetroba.org.br\\\/2019\\\/#\\\/schema\\\/logo\\\/image\\\/\",\"url\":\"http:\\\/\\\/www.sindipetroba.org.br\\\/2019\\\/wp-content\\\/uploads\\\/2019\\\/01\\\/sindipetro-marca-cor.png\",\"contentUrl\":\"http:\\\/\\\/www.sindipetroba.org.br\\\/2019\\\/wp-content\\\/uploads\\\/2019\\\/01\\\/sindipetro-marca-cor.png\",\"width\":350,\"height\":126,\"caption\":\"Sindipetro BA\"},\"image\":{\"@id\":\"http:\\\/\\\/www.sindipetroba.org.br\\\/2019\\\/#\\\/schema\\\/logo\\\/image\\\/\"},\"sameAs\":[\"https:\\\/\\\/www.facebook.com\\\/sindipetroBa\\\/\",\"https:\\\/\\\/x.com\\\/SindipetroBahia\",\"https:\\\/\\\/www.instagram.com\\\/sindipetroba\\\/\",\"https:\\\/\\\/www.youtube.com\\\/c\\\/SindipetroBahiaOficial\"]},{\"@type\":\"Person\",\"@id\":\"http:\\\/\\\/www.sindipetroba.org.br\\\/2019\\\/#\\\/schema\\\/person\\\/b34be57a1332ab60188a340a09275241\",\"name\":\"ASCOM AL\",\"image\":{\"@type\":\"ImageObject\",\"inLanguage\":\"pt-BR\",\"@id\":\"https:\\\/\\\/secure.gravatar.com\\\/avatar\\\/7faf4b5e74f0ebf515009a1f27466f1b1ace10867d066a91562e822c805d3157?s=96&d=mm&r=g\",\"url\":\"https:\\\/\\\/secure.gravatar.com\\\/avatar\\\/7faf4b5e74f0ebf515009a1f27466f1b1ace10867d066a91562e822c805d3157?s=96&d=mm&r=g\",\"contentUrl\":\"https:\\\/\\\/secure.gravatar.com\\\/avatar\\\/7faf4b5e74f0ebf515009a1f27466f1b1ace10867d066a91562e822c805d3157?s=96&d=mm&r=g\",\"caption\":\"ASCOM AL\"},\"sameAs\":[\"http:\\\/\\\/www.sindipetroba.org.br\"]}]}<\/script>\n<!-- \/ Yoast SEO plugin. -->","yoast_head_json":{"title":"Nada \u00e9 mais importante do que deter o avan\u00e7o da extrema direita, afirmam debatedores na Plenafup - Sindipetro BA","robots":{"index":"index","follow":"follow","max-snippet":"max-snippet:-1","max-image-preview":"max-image-preview:large","max-video-preview":"max-video-preview:-1"},"canonical":"http:\/\/www.sindipetroba.org.br\/2019\/nada-e-mais-importante-do-que-deter-o-avanco-da-extrema-direita-afirmam-debatedores-na-plenafup\/","og_locale":"pt_BR","og_type":"article","og_title":"Nada \u00e9 mais importante do que deter o avan\u00e7o da extrema direita, afirmam debatedores na Plenafup - Sindipetro BA","og_description":"Primeira mesa tem\u00e1tica refor\u00e7a a maturidade pol\u00edtica da categoria petroleira ao se posicionar contra o neoliberalismo e o neofascismo [Por Alessandra Murteira, da comunica\u00e7\u00e3o da FUP] A primeira mesa tem\u00e1tica da 11\u00aa Plen\u00e1ria Nacional da FUP, realizada no final da tarde de ontem (27\/08), enfatizou a import\u00e2ncia da maturidade pol\u00edtica da categoria petroleira ao se... Ver artigo","og_url":"http:\/\/www.sindipetroba.org.br\/2019\/nada-e-mais-importante-do-que-deter-o-avanco-da-extrema-direita-afirmam-debatedores-na-plenafup\/","og_site_name":"Sindipetro BA","article_publisher":"https:\/\/www.facebook.com\/sindipetroBa\/","article_published_time":"2024-08-28T14:24:23+00:00","og_image":[{"width":768,"height":624,"url":"http:\/\/www.sindipetroba.org.br\/2019\/wp-content\/uploads\/2024\/08\/WhatsApp-Image-2024-08-28-at-11.19.18.jpeg","type":"image\/jpeg"}],"author":"ASCOM AL","twitter_card":"summary_large_image","twitter_creator":"@SindipetroBahia","twitter_site":"@SindipetroBahia","twitter_misc":{"Escrito por":"ASCOM AL","Est. tempo de leitura":"6 minutos"},"schema":{"@context":"https:\/\/schema.org","@graph":[{"@type":"Article","@id":"http:\/\/www.sindipetroba.org.br\/2019\/nada-e-mais-importante-do-que-deter-o-avanco-da-extrema-direita-afirmam-debatedores-na-plenafup\/#article","isPartOf":{"@id":"http:\/\/www.sindipetroba.org.br\/2019\/nada-e-mais-importante-do-que-deter-o-avanco-da-extrema-direita-afirmam-debatedores-na-plenafup\/"},"author":{"name":"ASCOM AL","@id":"http:\/\/www.sindipetroba.org.br\/2019\/#\/schema\/person\/b34be57a1332ab60188a340a09275241"},"headline":"Nada \u00e9 mais importante do que deter o avan\u00e7o da extrema direita, afirmam debatedores na Plenafup","datePublished":"2024-08-28T14:24:23+00:00","mainEntityOfPage":{"@id":"http:\/\/www.sindipetroba.org.br\/2019\/nada-e-mais-importante-do-que-deter-o-avanco-da-extrema-direita-afirmam-debatedores-na-plenafup\/"},"wordCount":1023,"publisher":{"@id":"http:\/\/www.sindipetroba.org.br\/2019\/#organization"},"image":{"@id":"http:\/\/www.sindipetroba.org.br\/2019\/nada-e-mais-importante-do-que-deter-o-avanco-da-extrema-direita-afirmam-debatedores-na-plenafup\/#primaryimage"},"thumbnailUrl":"http:\/\/www.sindipetroba.org.br\/2019\/wp-content\/uploads\/2024\/08\/WhatsApp-Image-2024-08-28-at-11.19.18.jpeg","keywords":[": 11 plenafup","Plenafup 2024"],"articleSection":["Banner Principal","Not\u00edcia"],"inLanguage":"pt-BR"},{"@type":"WebPage","@id":"http:\/\/www.sindipetroba.org.br\/2019\/nada-e-mais-importante-do-que-deter-o-avanco-da-extrema-direita-afirmam-debatedores-na-plenafup\/","url":"http:\/\/www.sindipetroba.org.br\/2019\/nada-e-mais-importante-do-que-deter-o-avanco-da-extrema-direita-afirmam-debatedores-na-plenafup\/","name":"Nada \u00e9 mais importante do que deter o avan\u00e7o da extrema direita, afirmam debatedores na Plenafup - Sindipetro BA","isPartOf":{"@id":"http:\/\/www.sindipetroba.org.br\/2019\/#website"},"primaryImageOfPage":{"@id":"http:\/\/www.sindipetroba.org.br\/2019\/nada-e-mais-importante-do-que-deter-o-avanco-da-extrema-direita-afirmam-debatedores-na-plenafup\/#primaryimage"},"image":{"@id":"http:\/\/www.sindipetroba.org.br\/2019\/nada-e-mais-importante-do-que-deter-o-avanco-da-extrema-direita-afirmam-debatedores-na-plenafup\/#primaryimage"},"thumbnailUrl":"http:\/\/www.sindipetroba.org.br\/2019\/wp-content\/uploads\/2024\/08\/WhatsApp-Image-2024-08-28-at-11.19.18.jpeg","datePublished":"2024-08-28T14:24:23+00:00","breadcrumb":{"@id":"http:\/\/www.sindipetroba.org.br\/2019\/nada-e-mais-importante-do-que-deter-o-avanco-da-extrema-direita-afirmam-debatedores-na-plenafup\/#breadcrumb"},"inLanguage":"pt-BR","potentialAction":[{"@type":"ReadAction","target":["http:\/\/www.sindipetroba.org.br\/2019\/nada-e-mais-importante-do-que-deter-o-avanco-da-extrema-direita-afirmam-debatedores-na-plenafup\/"]}]},{"@type":"ImageObject","inLanguage":"pt-BR","@id":"http:\/\/www.sindipetroba.org.br\/2019\/nada-e-mais-importante-do-que-deter-o-avanco-da-extrema-direita-afirmam-debatedores-na-plenafup\/#primaryimage","url":"http:\/\/www.sindipetroba.org.br\/2019\/wp-content\/uploads\/2024\/08\/WhatsApp-Image-2024-08-28-at-11.19.18.jpeg","contentUrl":"http:\/\/www.sindipetroba.org.br\/2019\/wp-content\/uploads\/2024\/08\/WhatsApp-Image-2024-08-28-at-11.19.18.jpeg","width":768,"height":624},{"@type":"BreadcrumbList","@id":"http:\/\/www.sindipetroba.org.br\/2019\/nada-e-mais-importante-do-que-deter-o-avanco-da-extrema-direita-afirmam-debatedores-na-plenafup\/#breadcrumb","itemListElement":[{"@type":"ListItem","position":1,"name":"In\u00edcio","item":"http:\/\/www.sindipetroba.org.br\/2019\/"},{"@type":"ListItem","position":2,"name":"Nada \u00e9 mais importante do que deter o avan\u00e7o da extrema direita, afirmam debatedores na Plenafup"}]},{"@type":"WebSite","@id":"http:\/\/www.sindipetroba.org.br\/2019\/#website","url":"http:\/\/www.sindipetroba.org.br\/2019\/","name":"Sindipetro BA","description":"Sindicato dos Petroleiros e Petroleiras do Estado da Bahia","publisher":{"@id":"http:\/\/www.sindipetroba.org.br\/2019\/#organization"},"potentialAction":[{"@type":"SearchAction","target":{"@type":"EntryPoint","urlTemplate":"http:\/\/www.sindipetroba.org.br\/2019\/?s={search_term_string}"},"query-input":{"@type":"PropertyValueSpecification","valueRequired":true,"valueName":"search_term_string"}}],"inLanguage":"pt-BR"},{"@type":"Organization","@id":"http:\/\/www.sindipetroba.org.br\/2019\/#organization","name":"Sindipetro BA","url":"http:\/\/www.sindipetroba.org.br\/2019\/","logo":{"@type":"ImageObject","inLanguage":"pt-BR","@id":"http:\/\/www.sindipetroba.org.br\/2019\/#\/schema\/logo\/image\/","url":"http:\/\/www.sindipetroba.org.br\/2019\/wp-content\/uploads\/2019\/01\/sindipetro-marca-cor.png","contentUrl":"http:\/\/www.sindipetroba.org.br\/2019\/wp-content\/uploads\/2019\/01\/sindipetro-marca-cor.png","width":350,"height":126,"caption":"Sindipetro BA"},"image":{"@id":"http:\/\/www.sindipetroba.org.br\/2019\/#\/schema\/logo\/image\/"},"sameAs":["https:\/\/www.facebook.com\/sindipetroBa\/","https:\/\/x.com\/SindipetroBahia","https:\/\/www.instagram.com\/sindipetroba\/","https:\/\/www.youtube.com\/c\/SindipetroBahiaOficial"]},{"@type":"Person","@id":"http:\/\/www.sindipetroba.org.br\/2019\/#\/schema\/person\/b34be57a1332ab60188a340a09275241","name":"ASCOM AL","image":{"@type":"ImageObject","inLanguage":"pt-BR","@id":"https:\/\/secure.gravatar.com\/avatar\/7faf4b5e74f0ebf515009a1f27466f1b1ace10867d066a91562e822c805d3157?s=96&d=mm&r=g","url":"https:\/\/secure.gravatar.com\/avatar\/7faf4b5e74f0ebf515009a1f27466f1b1ace10867d066a91562e822c805d3157?s=96&d=mm&r=g","contentUrl":"https:\/\/secure.gravatar.com\/avatar\/7faf4b5e74f0ebf515009a1f27466f1b1ace10867d066a91562e822c805d3157?s=96&d=mm&r=g","caption":"ASCOM AL"},"sameAs":["http:\/\/www.sindipetroba.org.br"]}]}},"_links":{"self":[{"href":"http:\/\/www.sindipetroba.org.br\/2019\/wp-json\/wp\/v2\/posts\/25709","targetHints":{"allow":["GET"]}}],"collection":[{"href":"http:\/\/www.sindipetroba.org.br\/2019\/wp-json\/wp\/v2\/posts"}],"about":[{"href":"http:\/\/www.sindipetroba.org.br\/2019\/wp-json\/wp\/v2\/types\/post"}],"author":[{"embeddable":true,"href":"http:\/\/www.sindipetroba.org.br\/2019\/wp-json\/wp\/v2\/users\/7"}],"replies":[{"embeddable":true,"href":"http:\/\/www.sindipetroba.org.br\/2019\/wp-json\/wp\/v2\/comments?post=25709"}],"version-history":[{"count":1,"href":"http:\/\/www.sindipetroba.org.br\/2019\/wp-json\/wp\/v2\/posts\/25709\/revisions"}],"predecessor-version":[{"id":25711,"href":"http:\/\/www.sindipetroba.org.br\/2019\/wp-json\/wp\/v2\/posts\/25709\/revisions\/25711"}],"wp:featuredmedia":[{"embeddable":true,"href":"http:\/\/www.sindipetroba.org.br\/2019\/wp-json\/wp\/v2\/media\/25710"}],"wp:attachment":[{"href":"http:\/\/www.sindipetroba.org.br\/2019\/wp-json\/wp\/v2\/media?parent=25709"}],"wp:term":[{"taxonomy":"category","embeddable":true,"href":"http:\/\/www.sindipetroba.org.br\/2019\/wp-json\/wp\/v2\/categories?post=25709"},{"taxonomy":"post_tag","embeddable":true,"href":"http:\/\/www.sindipetroba.org.br\/2019\/wp-json\/wp\/v2\/tags?post=25709"}],"curies":[{"name":"wp","href":"https:\/\/api.w.org\/{rel}","templated":true}]}}