{"id":25727,"date":"2024-08-30T14:43:39","date_gmt":"2024-08-30T17:43:39","guid":{"rendered":"http:\/\/www.sindipetroba.org.br\/2019\/?p=25727"},"modified":"2024-08-30T14:43:39","modified_gmt":"2024-08-30T17:43:39","slug":"11a-plenafup-aprova-lutas-pela-reestatizacao-de-unidades-privatizadas-e-reunificacao-da-categoria","status":"publish","type":"post","link":"http:\/\/www.sindipetroba.org.br\/2019\/11a-plenafup-aprova-lutas-pela-reestatizacao-de-unidades-privatizadas-e-reunificacao-da-categoria\/","title":{"rendered":"11\u00aa Plenafup aprova lutas pela reestatiza\u00e7\u00e3o de unidades privatizadas e reunifica\u00e7\u00e3o da categoria"},"content":{"rendered":"<div class=\"elementor-element elementor-element-22ff588 elementor-widget elementor-widget-theme-post-content\" data-id=\"22ff588\" data-element_type=\"widget\" data-widget_type=\"theme-post-content.default\">\n<div class=\"elementor-widget-container\">\n<p><strong>Foram quatro dias de debates em torno de pautas fundamentais para a reconstru\u00e7\u00e3o do Sistema Petrobr\u00e1s, para a reconquista de direitos que foram retirados da categoria nos governos Temer e Bolsonaro e para o fortalecimento da organiza\u00e7\u00e3o sindical petroleira, com avan\u00e7o na unidade e na representa\u00e7\u00e3o de todos os trabalhadores e trabalhadoras do setor<\/strong><\/p>\n<p><em>[Por Alessandra Murteira, da comunica\u00e7\u00e3o da FUP\/Fotos: Paulo Neves]<\/em><\/p>\n<p>Com participa\u00e7\u00e3o de cerca de 200 petroleiros e petroleiras de todo o Brasil, terminou nesta sexta-feira, 30, no Paran\u00e1, a 11\u00aa Plen\u00e1ria Nacional da FUP. Foram quatro dias de debates em torno de pautas fundamentais para a reconstru\u00e7\u00e3o do Sistema Petrobr\u00e1s, para a reconquista de direitos que foram retirados da categoria nos governos Temer e Bolsonaro e para o fortalecimento da organiza\u00e7\u00e3o sindical petroleira, com avan\u00e7o na unidade e na representa\u00e7\u00e3o de todos os trabalhadores e trabalhadoras do setor.<\/p>\n<p>A 11\u00aa Plenafup foi realizada na Escola Latino-Americana de Agroecologia (ELAA), do MST, localizada no Assentamento Contestado, na cidade de Lapa, no Paran\u00e1, que h\u00e1 15 anos sediou a primeira Plen\u00e1ria Nacional da FUP. O frio intenso que fez despencar a temperatura no Sul do pa\u00eds nessa semana foi compensado pelo calor humano e a solidariedade que marcaram esses quatro dias de conviv\u00eancia entre os petroleiros e os agricultores, fortalecendo a unidade classista entre os trabalhadores do campo e da cidade.<\/p>\n<p>Em sua fala de encerramento da plen\u00e1ria, o coordenador-geral da FUP, Deyvid Bacelar, agradeceu, em nome de todas as delega\u00e7\u00f5es petroleiras, o acolhimento da brigada de trabalhadores da escola de agroecologia, que se esfor\u00e7aram dia e noite para a realiza\u00e7\u00e3o da Plenafup, de forma volunt\u00e1ria. \u201cEstamos aqui em terra, onde pisam companheiros e companheiras de um dos movimentos sociais mais respeitados do mundo, que \u00e9 o MST\u201d, refor\u00e7ou.<\/p>\n<p><img loading=\"lazy\" decoding=\"async\" class=\"alignnone size-medium wp-image-67521 entered lazyloaded\" src=\"https:\/\/fup.org.br\/wp-content\/uploads\/2024\/08\/mst-600x450.jpeg\" sizes=\"(max-width: 600px) 100vw, 600px\" srcset=\"https:\/\/fup.org.br\/wp-content\/uploads\/2024\/08\/mst-600x450.jpeg 600w, https:\/\/fup.org.br\/wp-content\/uploads\/2024\/08\/mst-1024x768.jpeg 1024w, https:\/\/fup.org.br\/wp-content\/uploads\/2024\/08\/mst-768x576.jpeg 768w, https:\/\/fup.org.br\/wp-content\/uploads\/2024\/08\/mst-scaled.jpeg 1280w\" alt=\"\" width=\"600\" height=\"450\" data-lazy-srcset=\"https:\/\/fup.org.br\/wp-content\/uploads\/2024\/08\/mst-600x450.jpeg 600w, https:\/\/fup.org.br\/wp-content\/uploads\/2024\/08\/mst-1024x768.jpeg 1024w, https:\/\/fup.org.br\/wp-content\/uploads\/2024\/08\/mst-768x576.jpeg 768w, https:\/\/fup.org.br\/wp-content\/uploads\/2024\/08\/mst-scaled.jpeg 1280w\" data-lazy-sizes=\"(max-width: 600px) 100vw, 600px\" data-lazy-src=\"https:\/\/fup.org.br\/wp-content\/uploads\/2024\/08\/mst-600x450.jpeg\" data-ll-status=\"loaded\" \/><\/p>\n<p>A emo\u00e7\u00e3o deu o tom dessa plen\u00e1ria do come\u00e7o ao fim. O primeiro dia foi aberto com um ato pol\u00edtico em frente \u00e0 F\u00e1brica de Fertilizantes Nitrogenados (Fafen PR), em Arauc\u00e1ria, que foi reativada recentemente, ap\u00f3s permanecer quatro anos fechada, desde que foi hibernada pelo governo Bolsonaro. A volta dos mais de 200 trabalhadores que foram demitidos de forma sum\u00e1ria foi celebrada no ato, que reafirmou a import\u00e2ncia da luta e da unidade da categoria, que jamais deixou para tr\u00e1s os companheiros da Fafen.<\/p>\n<p>O \u00faltimo dia da 11\u00aa Plenafup trouxe ainda mais emo\u00e7\u00e3o para as delega\u00e7\u00f5es presentes. Um ato de celebra\u00e7\u00e3o dos 30 anos da Federa\u00e7\u00e3o re\u00fane hoje na sede do Sindiqu\u00edmica Paran\u00e1 diferentes gera\u00e7\u00f5es de dirigentes sindicais petroleiros, refor\u00e7ando a import\u00e2ncia da unidade para as lutas e conquistas da categoria.<\/p>\n<p>O ato relembrar\u00e1 as diferentes etapas da organiza\u00e7\u00e3o nacional dos petroleiros e petroleiras, desde a cria\u00e7\u00e3o do Departamento Nacional dos Petroleiros da CUT, do Comando Nacional dos Petroleiros e da Federa\u00e7\u00e3o \u00danica Cutista dos Petroleiros (FUCP), que resultaram na consolida\u00e7\u00e3o da cria\u00e7\u00e3o da FUP, durante o III Congresso Nacional dos Trabalhadores do Sistema Petrobr\u00e1s, em junho de 1994.<\/p>\n<p><a href=\"https:\/\/fup.org.br\/xi-plenafup\/\"><strong>Acesse aqui a cobertura completa da 11\u00aa Plenafup<\/strong><\/a><\/p>\n<h3><strong>Por uma s\u00f3 federa\u00e7\u00e3o<\/strong><\/h3>\n<p><img loading=\"lazy\" decoding=\"async\" class=\"alignnone size-medium wp-image-67523 entered lazyloaded\" src=\"https:\/\/fup.org.br\/wp-content\/uploads\/2024\/08\/WhatsApp-Image-2024-08-30-at-11.46.27-2-600x450.jpeg\" sizes=\"(max-width: 600px) 100vw, 600px\" srcset=\"https:\/\/fup.org.br\/wp-content\/uploads\/2024\/08\/WhatsApp-Image-2024-08-30-at-11.46.27-2-600x450.jpeg 600w, https:\/\/fup.org.br\/wp-content\/uploads\/2024\/08\/WhatsApp-Image-2024-08-30-at-11.46.27-2-1024x768.jpeg 1024w, https:\/\/fup.org.br\/wp-content\/uploads\/2024\/08\/WhatsApp-Image-2024-08-30-at-11.46.27-2-768x576.jpeg 768w, https:\/\/fup.org.br\/wp-content\/uploads\/2024\/08\/WhatsApp-Image-2024-08-30-at-11.46.27-2-scaled.jpeg 1280w\" alt=\"\" width=\"600\" height=\"450\" data-lazy-srcset=\"https:\/\/fup.org.br\/wp-content\/uploads\/2024\/08\/WhatsApp-Image-2024-08-30-at-11.46.27-2-600x450.jpeg 600w, https:\/\/fup.org.br\/wp-content\/uploads\/2024\/08\/WhatsApp-Image-2024-08-30-at-11.46.27-2-1024x768.jpeg 1024w, https:\/\/fup.org.br\/wp-content\/uploads\/2024\/08\/WhatsApp-Image-2024-08-30-at-11.46.27-2-768x576.jpeg 768w, https:\/\/fup.org.br\/wp-content\/uploads\/2024\/08\/WhatsApp-Image-2024-08-30-at-11.46.27-2-scaled.jpeg 1280w\" data-lazy-sizes=\"(max-width: 600px) 100vw, 600px\" data-lazy-src=\"https:\/\/fup.org.br\/wp-content\/uploads\/2024\/08\/WhatsApp-Image-2024-08-30-at-11.46.27-2-600x450.jpeg\" data-ll-status=\"loaded\" \/><\/p>\n<p>A Plenafup refor\u00e7ou a necessidade de reunifica\u00e7\u00e3o da organiza\u00e7\u00e3o sindical petroleira em uma s\u00f3 federa\u00e7\u00e3o, aprovando, por unanimidade, que essa deve ser uma das lutas centrais da categoria petroleira. \u201cA experi\u00eancia acumulada tem nos ensinado que a unidade sempre foi fundamental para o fortalecimento das nossas lutas e o avan\u00e7o das nossas conquistas. A divis\u00e3o s\u00f3 prejudica a nossa categoria. \u00c9 urgente avan\u00e7armos na constru\u00e7\u00e3o da nossa unidade e essa plen\u00e1ria apontou caminhos para continuarmos lutando por isso\u201d, afirmou o coordenador-geral da FUP.<\/p>\n<h3><strong>Retomada de direitos<\/strong><\/h3>\n<p>A 11\u00aa Plenafup debateu e deliberou sobre estrat\u00e9gias de lutas para avan\u00e7ar nas negocia\u00e7\u00f5es coletivas com a Petrobr\u00e1s e as empresas do setor privado. As delega\u00e7\u00f5es se debru\u00e7aram sobre quest\u00f5es estruturais para a categoria, como constru\u00e7\u00e3o de um modelo \u00fanico de plano de cargos e sal\u00e1rios, recomposi\u00e7\u00e3o urgente de efetivos, fortalecimento da AMS, fim dos equacionamentos da Petros com medidas imediatas para reduzir o impacto financeiros dos descontos enquanto o problema n\u00e3o for resolvido pela Comiss\u00e3o Quadripartite (ex: suspens\u00e3o da cobran\u00e7a do saldo devedor da AMS e o alongamento do prazo dos empr\u00e9stimos da Petros), melhoria das condi\u00e7\u00f5es de trabalho e seguran\u00e7a dos trabalhadores pr\u00f3prios e contratados, entre outros temas (regramento da PLR, acordo de parada de manuten\u00e7\u00e3o, fim do saldo AF, regramento do teletrabalho, etc).<\/p>\n<p><img loading=\"lazy\" decoding=\"async\" class=\"alignnone size-medium wp-image-67520 entered lazyloaded\" src=\"https:\/\/fup.org.br\/wp-content\/uploads\/2024\/08\/mesa-geral-600x450.jpeg\" sizes=\"(max-width: 600px) 100vw, 600px\" srcset=\"https:\/\/fup.org.br\/wp-content\/uploads\/2024\/08\/mesa-geral-600x450.jpeg 600w, https:\/\/fup.org.br\/wp-content\/uploads\/2024\/08\/mesa-geral-1024x768.jpeg 1024w, https:\/\/fup.org.br\/wp-content\/uploads\/2024\/08\/mesa-geral-768x576.jpeg 768w, https:\/\/fup.org.br\/wp-content\/uploads\/2024\/08\/mesa-geral-scaled.jpeg 1280w\" alt=\"\" width=\"600\" height=\"450\" data-lazy-srcset=\"https:\/\/fup.org.br\/wp-content\/uploads\/2024\/08\/mesa-geral-600x450.jpeg 600w, https:\/\/fup.org.br\/wp-content\/uploads\/2024\/08\/mesa-geral-1024x768.jpeg 1024w, https:\/\/fup.org.br\/wp-content\/uploads\/2024\/08\/mesa-geral-768x576.jpeg 768w, https:\/\/fup.org.br\/wp-content\/uploads\/2024\/08\/mesa-geral-scaled.jpeg 1280w\" data-lazy-sizes=\"(max-width: 600px) 100vw, 600px\" data-lazy-src=\"https:\/\/fup.org.br\/wp-content\/uploads\/2024\/08\/mesa-geral-600x450.jpeg\" data-ll-status=\"loaded\" \/><\/p>\n<p>As delibera\u00e7\u00f5es ser\u00e3o sistematizadas e divulgadas em breve para toda a categoria.<\/p>\n<h3><strong>Por uma Petrobr\u00e1s integrada<\/strong><\/h3>\n<p>Tema central da 11\u00aa Plenafup, a reconstru\u00e7\u00e3o da Petrobr\u00e1s como empresa integrada esteve presente em todos os debates. A plen\u00e1ria reafirmou a luta pela reestatiza\u00e7\u00e3o de todas as refinarias privatizadas, pelo fortalecimento dos setores de fertilizantes e de biocombust\u00edveis e para que a transi\u00e7\u00e3o energ\u00e9tica seja liderada pela Petrobr\u00e1s, de forma justa e com participa\u00e7\u00e3o das trabalhadoras e dos trabalhadores.<\/p>\n<p>A 11\u00aa Plenafup aprovou tamb\u00e9m o direito de prioridade aos trabalhadores e trabalhadoras transferidos na poss\u00edvel retomada por parte da Petrobras do controle das unidades privatizadas. A plen\u00e1ria referendou, ainda, que os processos de reestatiza\u00e7\u00e3o n\u00e3o podem gerar demiss\u00f5es em massa.<\/p>\n<p><strong>Leia tamb\u00e9m: <a href=\"https:\/\/fup.org.br\/11a-plenafup-aprova-mocao-pela-reestatizacao-de-unidades-privatizadas-com-direito-a-volta-pra-casa-dos-transferidos-e-garantia-de-emprego\/\">Plenafup aprova mo\u00e7\u00e3o pela reestatiza\u00e7\u00e3o de unidades privatizadas, com direito \u00e0 \u201cvolta pra casa\u201d dos transferidos e garantia de emprego<\/a><\/strong><\/p>\n<p>A plen\u00e1ria tamb\u00e9m aprovou declara\u00e7\u00e3o de apoio a todos os candidatos e candidatas da categoria petroleira de partidos do campo progressista que disputam as elei\u00e7\u00f5es municipais, comprometidos com a reconstru\u00e7\u00e3o do Sistema Petrobr\u00e1s e a defesa da soberania nacional.<\/p>\n<\/div>\n<\/div>\n","protected":false},"excerpt":{"rendered":"Foram quatro dias de debates em torno de pautas fundamentais para a reconstru\u00e7\u00e3o do Sistema Petrobr\u00e1s, para a reconquista de direitos que foram retirados da categoria nos governos Temer e Bolsonaro e para o fortalecimento da organiza\u00e7\u00e3o sindical petroleira, com avan\u00e7o na unidade e na representa\u00e7\u00e3o de todos os trabalhadores e trabalhadoras do setor [Por&#8230; <a class=\"view-article\" href=\"http:\/\/www.sindipetroba.org.br\/2019\/11a-plenafup-aprova-lutas-pela-reestatizacao-de-unidades-privatizadas-e-reunificacao-da-categoria\/\">Ver artigo<\/a>","protected":false},"author":7,"featured_media":25728,"comment_status":"closed","ping_status":"open","sticky":false,"template":"","format":"standard","meta":{"_et_pb_use_builder":"","_et_pb_old_content":"","_et_gb_content_width":"","footnotes":""},"categories":[2688,1],"tags":[3413,3415],"class_list":["post-25727","post","type-post","status-publish","format-standard","has-post-thumbnail","hentry","category-banner-principal","category-noticia","tag-11-plenafup","tag-plenafup-2024"],"yoast_head":"<!-- This site is optimized with the Yoast SEO plugin v27.3 - https:\/\/yoast.com\/product\/yoast-seo-wordpress\/ -->\n<title>11\u00aa Plenafup aprova lutas pela reestatiza\u00e7\u00e3o de unidades privatizadas e reunifica\u00e7\u00e3o da categoria - Sindipetro BA<\/title>\n<meta name=\"robots\" content=\"index, follow, max-snippet:-1, max-image-preview:large, max-video-preview:-1\" \/>\n<link rel=\"canonical\" href=\"http:\/\/www.sindipetroba.org.br\/2019\/11a-plenafup-aprova-lutas-pela-reestatizacao-de-unidades-privatizadas-e-reunificacao-da-categoria\/\" \/>\n<meta property=\"og:locale\" content=\"pt_BR\" \/>\n<meta property=\"og:type\" content=\"article\" \/>\n<meta property=\"og:title\" content=\"11\u00aa Plenafup aprova lutas pela reestatiza\u00e7\u00e3o de unidades privatizadas e reunifica\u00e7\u00e3o da categoria - Sindipetro BA\" \/>\n<meta property=\"og:description\" content=\"Foram quatro dias de debates em torno de pautas fundamentais para a reconstru\u00e7\u00e3o do Sistema Petrobr\u00e1s, para a reconquista de direitos que foram retirados da categoria nos governos Temer e Bolsonaro e para o fortalecimento da organiza\u00e7\u00e3o sindical petroleira, com avan\u00e7o na unidade e na representa\u00e7\u00e3o de todos os trabalhadores e trabalhadoras do setor [Por... Ver artigo\" \/>\n<meta property=\"og:url\" content=\"http:\/\/www.sindipetroba.org.br\/2019\/11a-plenafup-aprova-lutas-pela-reestatizacao-de-unidades-privatizadas-e-reunificacao-da-categoria\/\" \/>\n<meta property=\"og:site_name\" content=\"Sindipetro BA\" \/>\n<meta property=\"article:publisher\" content=\"https:\/\/www.facebook.com\/sindipetroBa\/\" \/>\n<meta property=\"article:published_time\" content=\"2024-08-30T17:43:39+00:00\" \/>\n<meta property=\"og:image\" content=\"http:\/\/www.sindipetroba.org.br\/2019\/wp-content\/uploads\/2024\/08\/WhatsApp-Image-2024-08-30-at-14.41.37.jpeg\" \/>\n\t<meta property=\"og:image:width\" content=\"768\" \/>\n\t<meta property=\"og:image:height\" content=\"340\" \/>\n\t<meta property=\"og:image:type\" content=\"image\/jpeg\" \/>\n<meta name=\"author\" content=\"ASCOM AL\" \/>\n<meta name=\"twitter:card\" content=\"summary_large_image\" \/>\n<meta name=\"twitter:creator\" content=\"@SindipetroBahia\" \/>\n<meta name=\"twitter:site\" content=\"@SindipetroBahia\" \/>\n<meta name=\"twitter:label1\" content=\"Escrito por\" \/>\n\t<meta name=\"twitter:data1\" content=\"ASCOM AL\" \/>\n\t<meta name=\"twitter:label2\" content=\"Est. tempo de leitura\" \/>\n\t<meta name=\"twitter:data2\" content=\"6 minutos\" \/>\n<script type=\"application\/ld+json\" class=\"yoast-schema-graph\">{\"@context\":\"https:\\\/\\\/schema.org\",\"@graph\":[{\"@type\":\"Article\",\"@id\":\"http:\\\/\\\/www.sindipetroba.org.br\\\/2019\\\/11a-plenafup-aprova-lutas-pela-reestatizacao-de-unidades-privatizadas-e-reunificacao-da-categoria\\\/#article\",\"isPartOf\":{\"@id\":\"http:\\\/\\\/www.sindipetroba.org.br\\\/2019\\\/11a-plenafup-aprova-lutas-pela-reestatizacao-de-unidades-privatizadas-e-reunificacao-da-categoria\\\/\"},\"author\":{\"name\":\"ASCOM AL\",\"@id\":\"http:\\\/\\\/www.sindipetroba.org.br\\\/2019\\\/#\\\/schema\\\/person\\\/b34be57a1332ab60188a340a09275241\"},\"headline\":\"11\u00aa Plenafup aprova lutas pela reestatiza\u00e7\u00e3o de unidades privatizadas e reunifica\u00e7\u00e3o da categoria\",\"datePublished\":\"2024-08-30T17:43:39+00:00\",\"mainEntityOfPage\":{\"@id\":\"http:\\\/\\\/www.sindipetroba.org.br\\\/2019\\\/11a-plenafup-aprova-lutas-pela-reestatizacao-de-unidades-privatizadas-e-reunificacao-da-categoria\\\/\"},\"wordCount\":985,\"publisher\":{\"@id\":\"http:\\\/\\\/www.sindipetroba.org.br\\\/2019\\\/#organization\"},\"image\":{\"@id\":\"http:\\\/\\\/www.sindipetroba.org.br\\\/2019\\\/11a-plenafup-aprova-lutas-pela-reestatizacao-de-unidades-privatizadas-e-reunificacao-da-categoria\\\/#primaryimage\"},\"thumbnailUrl\":\"http:\\\/\\\/www.sindipetroba.org.br\\\/2019\\\/wp-content\\\/uploads\\\/2024\\\/08\\\/WhatsApp-Image-2024-08-30-at-14.41.37.jpeg\",\"keywords\":[\": 11 plenafup\",\"Plenafup 2024\"],\"articleSection\":[\"Banner Principal\",\"Not\u00edcia\"],\"inLanguage\":\"pt-BR\"},{\"@type\":\"WebPage\",\"@id\":\"http:\\\/\\\/www.sindipetroba.org.br\\\/2019\\\/11a-plenafup-aprova-lutas-pela-reestatizacao-de-unidades-privatizadas-e-reunificacao-da-categoria\\\/\",\"url\":\"http:\\\/\\\/www.sindipetroba.org.br\\\/2019\\\/11a-plenafup-aprova-lutas-pela-reestatizacao-de-unidades-privatizadas-e-reunificacao-da-categoria\\\/\",\"name\":\"11\u00aa Plenafup aprova lutas pela reestatiza\u00e7\u00e3o de unidades privatizadas e reunifica\u00e7\u00e3o da categoria - Sindipetro BA\",\"isPartOf\":{\"@id\":\"http:\\\/\\\/www.sindipetroba.org.br\\\/2019\\\/#website\"},\"primaryImageOfPage\":{\"@id\":\"http:\\\/\\\/www.sindipetroba.org.br\\\/2019\\\/11a-plenafup-aprova-lutas-pela-reestatizacao-de-unidades-privatizadas-e-reunificacao-da-categoria\\\/#primaryimage\"},\"image\":{\"@id\":\"http:\\\/\\\/www.sindipetroba.org.br\\\/2019\\\/11a-plenafup-aprova-lutas-pela-reestatizacao-de-unidades-privatizadas-e-reunificacao-da-categoria\\\/#primaryimage\"},\"thumbnailUrl\":\"http:\\\/\\\/www.sindipetroba.org.br\\\/2019\\\/wp-content\\\/uploads\\\/2024\\\/08\\\/WhatsApp-Image-2024-08-30-at-14.41.37.jpeg\",\"datePublished\":\"2024-08-30T17:43:39+00:00\",\"breadcrumb\":{\"@id\":\"http:\\\/\\\/www.sindipetroba.org.br\\\/2019\\\/11a-plenafup-aprova-lutas-pela-reestatizacao-de-unidades-privatizadas-e-reunificacao-da-categoria\\\/#breadcrumb\"},\"inLanguage\":\"pt-BR\",\"potentialAction\":[{\"@type\":\"ReadAction\",\"target\":[\"http:\\\/\\\/www.sindipetroba.org.br\\\/2019\\\/11a-plenafup-aprova-lutas-pela-reestatizacao-de-unidades-privatizadas-e-reunificacao-da-categoria\\\/\"]}]},{\"@type\":\"ImageObject\",\"inLanguage\":\"pt-BR\",\"@id\":\"http:\\\/\\\/www.sindipetroba.org.br\\\/2019\\\/11a-plenafup-aprova-lutas-pela-reestatizacao-de-unidades-privatizadas-e-reunificacao-da-categoria\\\/#primaryimage\",\"url\":\"http:\\\/\\\/www.sindipetroba.org.br\\\/2019\\\/wp-content\\\/uploads\\\/2024\\\/08\\\/WhatsApp-Image-2024-08-30-at-14.41.37.jpeg\",\"contentUrl\":\"http:\\\/\\\/www.sindipetroba.org.br\\\/2019\\\/wp-content\\\/uploads\\\/2024\\\/08\\\/WhatsApp-Image-2024-08-30-at-14.41.37.jpeg\",\"width\":768,\"height\":340},{\"@type\":\"BreadcrumbList\",\"@id\":\"http:\\\/\\\/www.sindipetroba.org.br\\\/2019\\\/11a-plenafup-aprova-lutas-pela-reestatizacao-de-unidades-privatizadas-e-reunificacao-da-categoria\\\/#breadcrumb\",\"itemListElement\":[{\"@type\":\"ListItem\",\"position\":1,\"name\":\"In\u00edcio\",\"item\":\"http:\\\/\\\/www.sindipetroba.org.br\\\/2019\\\/\"},{\"@type\":\"ListItem\",\"position\":2,\"name\":\"11\u00aa Plenafup aprova lutas pela reestatiza\u00e7\u00e3o de unidades privatizadas e reunifica\u00e7\u00e3o da categoria\"}]},{\"@type\":\"WebSite\",\"@id\":\"http:\\\/\\\/www.sindipetroba.org.br\\\/2019\\\/#website\",\"url\":\"http:\\\/\\\/www.sindipetroba.org.br\\\/2019\\\/\",\"name\":\"Sindipetro BA\",\"description\":\"Sindicato dos Petroleiros e Petroleiras do Estado da Bahia\",\"publisher\":{\"@id\":\"http:\\\/\\\/www.sindipetroba.org.br\\\/2019\\\/#organization\"},\"potentialAction\":[{\"@type\":\"SearchAction\",\"target\":{\"@type\":\"EntryPoint\",\"urlTemplate\":\"http:\\\/\\\/www.sindipetroba.org.br\\\/2019\\\/?s={search_term_string}\"},\"query-input\":{\"@type\":\"PropertyValueSpecification\",\"valueRequired\":true,\"valueName\":\"search_term_string\"}}],\"inLanguage\":\"pt-BR\"},{\"@type\":\"Organization\",\"@id\":\"http:\\\/\\\/www.sindipetroba.org.br\\\/2019\\\/#organization\",\"name\":\"Sindipetro BA\",\"url\":\"http:\\\/\\\/www.sindipetroba.org.br\\\/2019\\\/\",\"logo\":{\"@type\":\"ImageObject\",\"inLanguage\":\"pt-BR\",\"@id\":\"http:\\\/\\\/www.sindipetroba.org.br\\\/2019\\\/#\\\/schema\\\/logo\\\/image\\\/\",\"url\":\"http:\\\/\\\/www.sindipetroba.org.br\\\/2019\\\/wp-content\\\/uploads\\\/2019\\\/01\\\/sindipetro-marca-cor.png\",\"contentUrl\":\"http:\\\/\\\/www.sindipetroba.org.br\\\/2019\\\/wp-content\\\/uploads\\\/2019\\\/01\\\/sindipetro-marca-cor.png\",\"width\":350,\"height\":126,\"caption\":\"Sindipetro BA\"},\"image\":{\"@id\":\"http:\\\/\\\/www.sindipetroba.org.br\\\/2019\\\/#\\\/schema\\\/logo\\\/image\\\/\"},\"sameAs\":[\"https:\\\/\\\/www.facebook.com\\\/sindipetroBa\\\/\",\"https:\\\/\\\/x.com\\\/SindipetroBahia\",\"https:\\\/\\\/www.instagram.com\\\/sindipetroba\\\/\",\"https:\\\/\\\/www.youtube.com\\\/c\\\/SindipetroBahiaOficial\"]},{\"@type\":\"Person\",\"@id\":\"http:\\\/\\\/www.sindipetroba.org.br\\\/2019\\\/#\\\/schema\\\/person\\\/b34be57a1332ab60188a340a09275241\",\"name\":\"ASCOM AL\",\"image\":{\"@type\":\"ImageObject\",\"inLanguage\":\"pt-BR\",\"@id\":\"https:\\\/\\\/secure.gravatar.com\\\/avatar\\\/7faf4b5e74f0ebf515009a1f27466f1b1ace10867d066a91562e822c805d3157?s=96&d=mm&r=g\",\"url\":\"https:\\\/\\\/secure.gravatar.com\\\/avatar\\\/7faf4b5e74f0ebf515009a1f27466f1b1ace10867d066a91562e822c805d3157?s=96&d=mm&r=g\",\"contentUrl\":\"https:\\\/\\\/secure.gravatar.com\\\/avatar\\\/7faf4b5e74f0ebf515009a1f27466f1b1ace10867d066a91562e822c805d3157?s=96&d=mm&r=g\",\"caption\":\"ASCOM AL\"},\"sameAs\":[\"http:\\\/\\\/www.sindipetroba.org.br\"]}]}<\/script>\n<!-- \/ Yoast SEO plugin. -->","yoast_head_json":{"title":"11\u00aa Plenafup aprova lutas pela reestatiza\u00e7\u00e3o de unidades privatizadas e reunifica\u00e7\u00e3o da categoria - Sindipetro BA","robots":{"index":"index","follow":"follow","max-snippet":"max-snippet:-1","max-image-preview":"max-image-preview:large","max-video-preview":"max-video-preview:-1"},"canonical":"http:\/\/www.sindipetroba.org.br\/2019\/11a-plenafup-aprova-lutas-pela-reestatizacao-de-unidades-privatizadas-e-reunificacao-da-categoria\/","og_locale":"pt_BR","og_type":"article","og_title":"11\u00aa Plenafup aprova lutas pela reestatiza\u00e7\u00e3o de unidades privatizadas e reunifica\u00e7\u00e3o da categoria - Sindipetro BA","og_description":"Foram quatro dias de debates em torno de pautas fundamentais para a reconstru\u00e7\u00e3o do Sistema Petrobr\u00e1s, para a reconquista de direitos que foram retirados da categoria nos governos Temer e Bolsonaro e para o fortalecimento da organiza\u00e7\u00e3o sindical petroleira, com avan\u00e7o na unidade e na representa\u00e7\u00e3o de todos os trabalhadores e trabalhadoras do setor [Por... Ver artigo","og_url":"http:\/\/www.sindipetroba.org.br\/2019\/11a-plenafup-aprova-lutas-pela-reestatizacao-de-unidades-privatizadas-e-reunificacao-da-categoria\/","og_site_name":"Sindipetro BA","article_publisher":"https:\/\/www.facebook.com\/sindipetroBa\/","article_published_time":"2024-08-30T17:43:39+00:00","og_image":[{"width":768,"height":340,"url":"http:\/\/www.sindipetroba.org.br\/2019\/wp-content\/uploads\/2024\/08\/WhatsApp-Image-2024-08-30-at-14.41.37.jpeg","type":"image\/jpeg"}],"author":"ASCOM AL","twitter_card":"summary_large_image","twitter_creator":"@SindipetroBahia","twitter_site":"@SindipetroBahia","twitter_misc":{"Escrito por":"ASCOM AL","Est. tempo de leitura":"6 minutos"},"schema":{"@context":"https:\/\/schema.org","@graph":[{"@type":"Article","@id":"http:\/\/www.sindipetroba.org.br\/2019\/11a-plenafup-aprova-lutas-pela-reestatizacao-de-unidades-privatizadas-e-reunificacao-da-categoria\/#article","isPartOf":{"@id":"http:\/\/www.sindipetroba.org.br\/2019\/11a-plenafup-aprova-lutas-pela-reestatizacao-de-unidades-privatizadas-e-reunificacao-da-categoria\/"},"author":{"name":"ASCOM AL","@id":"http:\/\/www.sindipetroba.org.br\/2019\/#\/schema\/person\/b34be57a1332ab60188a340a09275241"},"headline":"11\u00aa Plenafup aprova lutas pela reestatiza\u00e7\u00e3o de unidades privatizadas e reunifica\u00e7\u00e3o da categoria","datePublished":"2024-08-30T17:43:39+00:00","mainEntityOfPage":{"@id":"http:\/\/www.sindipetroba.org.br\/2019\/11a-plenafup-aprova-lutas-pela-reestatizacao-de-unidades-privatizadas-e-reunificacao-da-categoria\/"},"wordCount":985,"publisher":{"@id":"http:\/\/www.sindipetroba.org.br\/2019\/#organization"},"image":{"@id":"http:\/\/www.sindipetroba.org.br\/2019\/11a-plenafup-aprova-lutas-pela-reestatizacao-de-unidades-privatizadas-e-reunificacao-da-categoria\/#primaryimage"},"thumbnailUrl":"http:\/\/www.sindipetroba.org.br\/2019\/wp-content\/uploads\/2024\/08\/WhatsApp-Image-2024-08-30-at-14.41.37.jpeg","keywords":[": 11 plenafup","Plenafup 2024"],"articleSection":["Banner Principal","Not\u00edcia"],"inLanguage":"pt-BR"},{"@type":"WebPage","@id":"http:\/\/www.sindipetroba.org.br\/2019\/11a-plenafup-aprova-lutas-pela-reestatizacao-de-unidades-privatizadas-e-reunificacao-da-categoria\/","url":"http:\/\/www.sindipetroba.org.br\/2019\/11a-plenafup-aprova-lutas-pela-reestatizacao-de-unidades-privatizadas-e-reunificacao-da-categoria\/","name":"11\u00aa Plenafup aprova lutas pela reestatiza\u00e7\u00e3o de unidades privatizadas e reunifica\u00e7\u00e3o da categoria - Sindipetro BA","isPartOf":{"@id":"http:\/\/www.sindipetroba.org.br\/2019\/#website"},"primaryImageOfPage":{"@id":"http:\/\/www.sindipetroba.org.br\/2019\/11a-plenafup-aprova-lutas-pela-reestatizacao-de-unidades-privatizadas-e-reunificacao-da-categoria\/#primaryimage"},"image":{"@id":"http:\/\/www.sindipetroba.org.br\/2019\/11a-plenafup-aprova-lutas-pela-reestatizacao-de-unidades-privatizadas-e-reunificacao-da-categoria\/#primaryimage"},"thumbnailUrl":"http:\/\/www.sindipetroba.org.br\/2019\/wp-content\/uploads\/2024\/08\/WhatsApp-Image-2024-08-30-at-14.41.37.jpeg","datePublished":"2024-08-30T17:43:39+00:00","breadcrumb":{"@id":"http:\/\/www.sindipetroba.org.br\/2019\/11a-plenafup-aprova-lutas-pela-reestatizacao-de-unidades-privatizadas-e-reunificacao-da-categoria\/#breadcrumb"},"inLanguage":"pt-BR","potentialAction":[{"@type":"ReadAction","target":["http:\/\/www.sindipetroba.org.br\/2019\/11a-plenafup-aprova-lutas-pela-reestatizacao-de-unidades-privatizadas-e-reunificacao-da-categoria\/"]}]},{"@type":"ImageObject","inLanguage":"pt-BR","@id":"http:\/\/www.sindipetroba.org.br\/2019\/11a-plenafup-aprova-lutas-pela-reestatizacao-de-unidades-privatizadas-e-reunificacao-da-categoria\/#primaryimage","url":"http:\/\/www.sindipetroba.org.br\/2019\/wp-content\/uploads\/2024\/08\/WhatsApp-Image-2024-08-30-at-14.41.37.jpeg","contentUrl":"http:\/\/www.sindipetroba.org.br\/2019\/wp-content\/uploads\/2024\/08\/WhatsApp-Image-2024-08-30-at-14.41.37.jpeg","width":768,"height":340},{"@type":"BreadcrumbList","@id":"http:\/\/www.sindipetroba.org.br\/2019\/11a-plenafup-aprova-lutas-pela-reestatizacao-de-unidades-privatizadas-e-reunificacao-da-categoria\/#breadcrumb","itemListElement":[{"@type":"ListItem","position":1,"name":"In\u00edcio","item":"http:\/\/www.sindipetroba.org.br\/2019\/"},{"@type":"ListItem","position":2,"name":"11\u00aa Plenafup aprova lutas pela reestatiza\u00e7\u00e3o de unidades privatizadas e reunifica\u00e7\u00e3o da categoria"}]},{"@type":"WebSite","@id":"http:\/\/www.sindipetroba.org.br\/2019\/#website","url":"http:\/\/www.sindipetroba.org.br\/2019\/","name":"Sindipetro BA","description":"Sindicato dos Petroleiros e Petroleiras do Estado da Bahia","publisher":{"@id":"http:\/\/www.sindipetroba.org.br\/2019\/#organization"},"potentialAction":[{"@type":"SearchAction","target":{"@type":"EntryPoint","urlTemplate":"http:\/\/www.sindipetroba.org.br\/2019\/?s={search_term_string}"},"query-input":{"@type":"PropertyValueSpecification","valueRequired":true,"valueName":"search_term_string"}}],"inLanguage":"pt-BR"},{"@type":"Organization","@id":"http:\/\/www.sindipetroba.org.br\/2019\/#organization","name":"Sindipetro BA","url":"http:\/\/www.sindipetroba.org.br\/2019\/","logo":{"@type":"ImageObject","inLanguage":"pt-BR","@id":"http:\/\/www.sindipetroba.org.br\/2019\/#\/schema\/logo\/image\/","url":"http:\/\/www.sindipetroba.org.br\/2019\/wp-content\/uploads\/2019\/01\/sindipetro-marca-cor.png","contentUrl":"http:\/\/www.sindipetroba.org.br\/2019\/wp-content\/uploads\/2019\/01\/sindipetro-marca-cor.png","width":350,"height":126,"caption":"Sindipetro BA"},"image":{"@id":"http:\/\/www.sindipetroba.org.br\/2019\/#\/schema\/logo\/image\/"},"sameAs":["https:\/\/www.facebook.com\/sindipetroBa\/","https:\/\/x.com\/SindipetroBahia","https:\/\/www.instagram.com\/sindipetroba\/","https:\/\/www.youtube.com\/c\/SindipetroBahiaOficial"]},{"@type":"Person","@id":"http:\/\/www.sindipetroba.org.br\/2019\/#\/schema\/person\/b34be57a1332ab60188a340a09275241","name":"ASCOM AL","image":{"@type":"ImageObject","inLanguage":"pt-BR","@id":"https:\/\/secure.gravatar.com\/avatar\/7faf4b5e74f0ebf515009a1f27466f1b1ace10867d066a91562e822c805d3157?s=96&d=mm&r=g","url":"https:\/\/secure.gravatar.com\/avatar\/7faf4b5e74f0ebf515009a1f27466f1b1ace10867d066a91562e822c805d3157?s=96&d=mm&r=g","contentUrl":"https:\/\/secure.gravatar.com\/avatar\/7faf4b5e74f0ebf515009a1f27466f1b1ace10867d066a91562e822c805d3157?s=96&d=mm&r=g","caption":"ASCOM AL"},"sameAs":["http:\/\/www.sindipetroba.org.br"]}]}},"_links":{"self":[{"href":"http:\/\/www.sindipetroba.org.br\/2019\/wp-json\/wp\/v2\/posts\/25727","targetHints":{"allow":["GET"]}}],"collection":[{"href":"http:\/\/www.sindipetroba.org.br\/2019\/wp-json\/wp\/v2\/posts"}],"about":[{"href":"http:\/\/www.sindipetroba.org.br\/2019\/wp-json\/wp\/v2\/types\/post"}],"author":[{"embeddable":true,"href":"http:\/\/www.sindipetroba.org.br\/2019\/wp-json\/wp\/v2\/users\/7"}],"replies":[{"embeddable":true,"href":"http:\/\/www.sindipetroba.org.br\/2019\/wp-json\/wp\/v2\/comments?post=25727"}],"version-history":[{"count":1,"href":"http:\/\/www.sindipetroba.org.br\/2019\/wp-json\/wp\/v2\/posts\/25727\/revisions"}],"predecessor-version":[{"id":25729,"href":"http:\/\/www.sindipetroba.org.br\/2019\/wp-json\/wp\/v2\/posts\/25727\/revisions\/25729"}],"wp:featuredmedia":[{"embeddable":true,"href":"http:\/\/www.sindipetroba.org.br\/2019\/wp-json\/wp\/v2\/media\/25728"}],"wp:attachment":[{"href":"http:\/\/www.sindipetroba.org.br\/2019\/wp-json\/wp\/v2\/media?parent=25727"}],"wp:term":[{"taxonomy":"category","embeddable":true,"href":"http:\/\/www.sindipetroba.org.br\/2019\/wp-json\/wp\/v2\/categories?post=25727"},{"taxonomy":"post_tag","embeddable":true,"href":"http:\/\/www.sindipetroba.org.br\/2019\/wp-json\/wp\/v2\/tags?post=25727"}],"curies":[{"name":"wp","href":"https:\/\/api.w.org\/{rel}","templated":true}]}}