{"id":25872,"date":"2024-09-17T16:55:57","date_gmt":"2024-09-17T19:55:57","guid":{"rendered":"http:\/\/www.sindipetroba.org.br\/2019\/?p=25872"},"modified":"2024-09-17T17:06:46","modified_gmt":"2024-09-17T20:06:46","slug":"ato-em-comemoracao-aos-74-anos-da-rlam","status":"publish","type":"post","link":"http:\/\/www.sindipetroba.org.br\/2019\/ato-em-comemoracao-aos-74-anos-da-rlam\/","title":{"rendered":"Ato em comemora\u00e7\u00e3o aos 74 anos da RLAM reafirma a import\u00e2ncia da luta pela volta da refinaria para a Petrobr\u00e1s"},"content":{"rendered":"<p>Expectativa e esperan\u00e7a. Estes dois sentimentos nortearam o grande ato promovido pelo Sindipetro Bahia e o Sitticcan na manh\u00e3 desta ter\u00e7a-feira (17) para comemorar os 74 anos de cria\u00e7\u00e3o da Refinaria Landulpho Alves (RLAM). A mobiliza\u00e7\u00e3o que reuniu trabalhadores e trabalhadoras da Petrobr\u00e1s, da Acelen e de diversas empresas terceirizadas, aconteceu em um local que tem grande significado para a categoria petroleira: o Trevo da Resist\u00eancia.<\/p>\n<p>Neste Trevo, que fica no caminho que d\u00e1 acesso \u00e0 refinaria, j\u00e1 foram travadas muitas greves e mobiliza\u00e7\u00f5es em defesa do Sistema Petrobr\u00e1s e dos direitos da categoria. Por tudo o que representa, o local foi escolhido para ser palco n\u00e3o s\u00f3 de comemora\u00e7\u00e3o, mas tamb\u00e9m de luta e resgate dos direitos perdidos no \u00faltimo governo de extrema-direita, que quase acabou com a Petrobr\u00e1s na Bahia.<\/p>\n<p>\u201cTemos um compromisso que, inclusive, foi referendado na 11\u00aa Plenafup, que \u00e9 o de lutar pelo retorno de todos(as) petroleiros(as) que foram obrigados(as) a sair da Bahia para outros estados, muitas vezes sofrendo xenofobia e racismo e garantir a manuten\u00e7\u00e3o dos empregos daqueles que est\u00e3o aqui e fazem parte do quadro da Acelen\u201d, afirmou a coordenadora do Sindipetro Bahia, Elizabete Sacramento.<\/p>\n<p>A coordenadora lamentou o que aconteceu com a refinaria ap\u00f3s sua privatiza\u00e7\u00e3o em 2021. \u201cA produ\u00e7\u00e3o est\u00e1 caindo, unidades foram fechadas e os resultados operacionais s\u00e3o baixos e isto est\u00e1 impactando a sociedade baiana, prejudicando at\u00e9 a manuten\u00e7\u00e3o dos empregos. Por isso, a import\u00e2ncia de lutar para que essa retomada da refinaria pela Petrobr\u00e1s realmente aconte\u00e7a. Trata-se tamb\u00e9m da defesa da nossa soberania\u201d, finalizou.<\/p>\n<p>O petroleiro e deputado estadual, Radiovaldo Costa (PT), lembrou a luta do Sindipetro Bahia e da FUP contra a privatiza\u00e7\u00e3o da RLAM e o alerta dado a respeito das consequ\u00eancias do monop\u00f3lio privado. \u201cN\u00f3s est\u00e1vamos certos, al\u00e9m dos pre\u00e7os altos dos combust\u00edveis, a privatiza\u00e7\u00e3o prejudicou a refinaria e seus trabalhadores. Nunca vimos um n\u00famero t\u00e3o reduzido de trabalhadores nesta refinaria como atualmente. Ap\u00f3s a sua venda, a refinaria est\u00e1 operando com 67% da sua capacidade de processamento. A refinaria de Manaus, que tamb\u00e9m foi privatizada, parou de processar. Enquanto isto, 11 das refinarias da Petrobr\u00e1s est\u00e3o com 97% da sua capacidade de processamento\u201d.<\/p>\n<p>O coordenador da Federa\u00e7\u00e3o \u00danica dos Petroleiros (FUP), Deyvid Bacelar, reafirmou a luta pela reestatiza\u00e7\u00e3o do que foi privatizado no governo anterior. \u201cNo caso do Sistema Petrobr\u00e1s, isto inclui a nossa RLAM, que hoje completa 74 anos, e tamb\u00e9m a REMAN. Queremos ainda o fortalecimento dos setores de fertilizantes e de biocombust\u00edveis. Bacelar frisou que os(as) companheiros que quiserem retornar para a Bahia ter\u00e3o esta garantia, alertando que os processos de reestatiza\u00e7\u00e3o n\u00e3o podem gerar demiss\u00e3o em massa\u201d.<\/p>\n<p>O diretor do Siticcan, Antonio Loteba, defendeu uma Petrobras para todos. \u201cEsta retomada \u00e9 importante. A Petrobr\u00e1s tem que voltar a ser realmente nossa, inclusive para os terceirizados, para dar a eles melhores condi\u00e7\u00f5es de trabalho do que est\u00e3o tendo hoje na Acelen. \u00c9 reclama\u00e7\u00e3o todos os dias e as condi\u00e7\u00f5es s\u00e3o as piores poss\u00edveis\u201d.<\/p>\n<p>Outro diretor do Siticcan, Claudio Guedes, tamb\u00e9m defendeu a volta da Petrobr\u00e1s para o setor de refino na Bahia, reivindicando mais mudan\u00e7as no crit\u00e9rio de contrata\u00e7\u00e3o da estatal, \u201cassim como a Companhia mudou a pol\u00edtica de pre\u00e7os dos combust\u00edveis\u201d.<\/p>\n<p>O diretor do Sindipetro Bahia, Diogo Teixeira, conclamou a todos e todas a se darem as m\u00e3os para fortificar a luta pela manuten\u00e7\u00e3o dos empregos e incentivou a categoria a sempre procurar o sindicato.<\/p>\n<p>O ato, que contou tamb\u00e9m com a presen\u00e7a de dirigentes da CUT e da CTB e de diretores do Sindicato dos Trabalhadores em Supermercados (Sintrasuper) e do Sindicato dos trabalhadores em Telecomunica\u00e7\u00f5es (Sinttel), foi finalizado com a certeza de que as entidades sindicais se manter\u00e3o firmes na luta pela retomada da RLAM e garantia dos empregos.<\/p>\n<p>{Escrito por Imprensa do Sindipetro Bahia}<\/p>\n","protected":false},"excerpt":{"rendered":"Expectativa e esperan\u00e7a. Estes dois sentimentos nortearam o grande ato promovido pelo Sindipetro Bahia e o Sitticcan na manh\u00e3 desta ter\u00e7a-feira (17) para comemorar os 74 anos de cria\u00e7\u00e3o da Refinaria Landulpho Alves (RLAM). A mobiliza\u00e7\u00e3o que reuniu trabalhadores e trabalhadoras da Petrobr\u00e1s, da Acelen e de diversas empresas terceirizadas, aconteceu em um local que&#8230; <a class=\"view-article\" href=\"http:\/\/www.sindipetroba.org.br\/2019\/ato-em-comemoracao-aos-74-anos-da-rlam\/\">Ver artigo<\/a>","protected":false},"author":7,"featured_media":25889,"comment_status":"closed","ping_status":"open","sticky":false,"template":"","format":"standard","meta":{"_et_pb_use_builder":"","_et_pb_old_content":"","_et_gb_content_width":"","footnotes":""},"categories":[2688,1],"tags":[3465,3464,3470,3469,3466,235,30,94,2221,719,3388,3468,355,3467],"class_list":["post-25872","post","type-post","status-publish","format-standard","has-post-thumbnail","hentry","category-banner-principal","category-noticia","tag-74-anos-rlam","tag-ato-em-comemoracao","tag-direitos-da-categoria","tag-greves","tag-luta-pela-refinaria","tag-mobilizacoes","tag-sindipetro-bahia","tag-sistema-petrobras","tag-sitticcan","tag-terceirizados","tag-trabalhadores-acelen","tag-trabalhadores-petrobras","tag-trevo-da-resistencia","tag-volta-para-a-petrobras"],"yoast_head":"<!-- This site is optimized with the Yoast SEO plugin v27.3 - https:\/\/yoast.com\/product\/yoast-seo-wordpress\/ -->\n<title>Ato em comemora\u00e7\u00e3o aos 74 anos da RLAM reafirma a import\u00e2ncia da luta pela volta da refinaria para a Petrobr\u00e1s - Sindipetro BA<\/title>\n<meta name=\"robots\" content=\"index, follow, max-snippet:-1, max-image-preview:large, max-video-preview:-1\" \/>\n<link rel=\"canonical\" href=\"http:\/\/www.sindipetroba.org.br\/2019\/ato-em-comemoracao-aos-74-anos-da-rlam\/\" \/>\n<meta property=\"og:locale\" content=\"pt_BR\" \/>\n<meta property=\"og:type\" content=\"article\" \/>\n<meta property=\"og:title\" content=\"Ato em comemora\u00e7\u00e3o aos 74 anos da RLAM reafirma a import\u00e2ncia da luta pela volta da refinaria para a Petrobr\u00e1s - Sindipetro BA\" \/>\n<meta property=\"og:description\" content=\"Expectativa e esperan\u00e7a. Estes dois sentimentos nortearam o grande ato promovido pelo Sindipetro Bahia e o Sitticcan na manh\u00e3 desta ter\u00e7a-feira (17) para comemorar os 74 anos de cria\u00e7\u00e3o da Refinaria Landulpho Alves (RLAM). A mobiliza\u00e7\u00e3o que reuniu trabalhadores e trabalhadoras da Petrobr\u00e1s, da Acelen e de diversas empresas terceirizadas, aconteceu em um local que... Ver artigo\" \/>\n<meta property=\"og:url\" content=\"http:\/\/www.sindipetroba.org.br\/2019\/ato-em-comemoracao-aos-74-anos-da-rlam\/\" \/>\n<meta property=\"og:site_name\" content=\"Sindipetro BA\" \/>\n<meta property=\"article:publisher\" content=\"https:\/\/www.facebook.com\/sindipetroBa\/\" \/>\n<meta property=\"article:published_time\" content=\"2024-09-17T19:55:57+00:00\" \/>\n<meta property=\"article:modified_time\" content=\"2024-09-17T20:06:46+00:00\" \/>\n<meta property=\"og:image\" content=\"http:\/\/www.sindipetroba.org.br\/2019\/wp-content\/uploads\/2024\/09\/ROD_2135-copiar-1536x1022-1.jpg\" \/>\n\t<meta property=\"og:image:width\" content=\"1536\" \/>\n\t<meta property=\"og:image:height\" content=\"1022\" \/>\n\t<meta property=\"og:image:type\" content=\"image\/jpeg\" \/>\n<meta name=\"author\" content=\"ASCOM AL\" \/>\n<meta name=\"twitter:card\" content=\"summary_large_image\" \/>\n<meta name=\"twitter:creator\" content=\"@SindipetroBahia\" \/>\n<meta name=\"twitter:site\" content=\"@SindipetroBahia\" \/>\n<meta name=\"twitter:label1\" content=\"Escrito por\" \/>\n\t<meta name=\"twitter:data1\" content=\"ASCOM AL\" \/>\n\t<meta name=\"twitter:label2\" content=\"Est. tempo de leitura\" \/>\n\t<meta name=\"twitter:data2\" content=\"4 minutos\" \/>\n<script type=\"application\/ld+json\" class=\"yoast-schema-graph\">{\"@context\":\"https:\\\/\\\/schema.org\",\"@graph\":[{\"@type\":\"Article\",\"@id\":\"http:\\\/\\\/www.sindipetroba.org.br\\\/2019\\\/ato-em-comemoracao-aos-74-anos-da-rlam\\\/#article\",\"isPartOf\":{\"@id\":\"http:\\\/\\\/www.sindipetroba.org.br\\\/2019\\\/ato-em-comemoracao-aos-74-anos-da-rlam\\\/\"},\"author\":{\"name\":\"ASCOM AL\",\"@id\":\"http:\\\/\\\/www.sindipetroba.org.br\\\/2019\\\/#\\\/schema\\\/person\\\/b34be57a1332ab60188a340a09275241\"},\"headline\":\"Ato em comemora\u00e7\u00e3o aos 74 anos da RLAM reafirma a import\u00e2ncia da luta pela volta da refinaria para a Petrobr\u00e1s\",\"datePublished\":\"2024-09-17T19:55:57+00:00\",\"dateModified\":\"2024-09-17T20:06:46+00:00\",\"mainEntityOfPage\":{\"@id\":\"http:\\\/\\\/www.sindipetroba.org.br\\\/2019\\\/ato-em-comemoracao-aos-74-anos-da-rlam\\\/\"},\"wordCount\":710,\"publisher\":{\"@id\":\"http:\\\/\\\/www.sindipetroba.org.br\\\/2019\\\/#organization\"},\"image\":{\"@id\":\"http:\\\/\\\/www.sindipetroba.org.br\\\/2019\\\/ato-em-comemoracao-aos-74-anos-da-rlam\\\/#primaryimage\"},\"thumbnailUrl\":\"http:\\\/\\\/www.sindipetroba.org.br\\\/2019\\\/wp-content\\\/uploads\\\/2024\\\/09\\\/ROD_2135-copiar-1536x1022-1.jpg\",\"keywords\":[\"74 anos RLAM\",\"Ato em comemora\u00e7\u00e3o\",\"direitos da categoria\",\"greves\",\"luta pela refinaria\",\"mobiliza\u00e7\u00f5es\",\"sindipetro bahia\",\"Sistema Petrobr\u00e1s\",\"Sitticcan\",\"terceirizados\",\"trabalhadores Acelen\",\"trabalhadores Petrobr\u00e1s\",\"Trevo da Resist\u00eancia\",\"volta para a Petrobr\u00e1s\"],\"articleSection\":[\"Banner Principal\",\"Not\u00edcia\"],\"inLanguage\":\"pt-BR\"},{\"@type\":\"WebPage\",\"@id\":\"http:\\\/\\\/www.sindipetroba.org.br\\\/2019\\\/ato-em-comemoracao-aos-74-anos-da-rlam\\\/\",\"url\":\"http:\\\/\\\/www.sindipetroba.org.br\\\/2019\\\/ato-em-comemoracao-aos-74-anos-da-rlam\\\/\",\"name\":\"Ato em comemora\u00e7\u00e3o aos 74 anos da RLAM reafirma a import\u00e2ncia da luta pela volta da refinaria para a Petrobr\u00e1s - Sindipetro BA\",\"isPartOf\":{\"@id\":\"http:\\\/\\\/www.sindipetroba.org.br\\\/2019\\\/#website\"},\"primaryImageOfPage\":{\"@id\":\"http:\\\/\\\/www.sindipetroba.org.br\\\/2019\\\/ato-em-comemoracao-aos-74-anos-da-rlam\\\/#primaryimage\"},\"image\":{\"@id\":\"http:\\\/\\\/www.sindipetroba.org.br\\\/2019\\\/ato-em-comemoracao-aos-74-anos-da-rlam\\\/#primaryimage\"},\"thumbnailUrl\":\"http:\\\/\\\/www.sindipetroba.org.br\\\/2019\\\/wp-content\\\/uploads\\\/2024\\\/09\\\/ROD_2135-copiar-1536x1022-1.jpg\",\"datePublished\":\"2024-09-17T19:55:57+00:00\",\"dateModified\":\"2024-09-17T20:06:46+00:00\",\"breadcrumb\":{\"@id\":\"http:\\\/\\\/www.sindipetroba.org.br\\\/2019\\\/ato-em-comemoracao-aos-74-anos-da-rlam\\\/#breadcrumb\"},\"inLanguage\":\"pt-BR\",\"potentialAction\":[{\"@type\":\"ReadAction\",\"target\":[\"http:\\\/\\\/www.sindipetroba.org.br\\\/2019\\\/ato-em-comemoracao-aos-74-anos-da-rlam\\\/\"]}]},{\"@type\":\"ImageObject\",\"inLanguage\":\"pt-BR\",\"@id\":\"http:\\\/\\\/www.sindipetroba.org.br\\\/2019\\\/ato-em-comemoracao-aos-74-anos-da-rlam\\\/#primaryimage\",\"url\":\"http:\\\/\\\/www.sindipetroba.org.br\\\/2019\\\/wp-content\\\/uploads\\\/2024\\\/09\\\/ROD_2135-copiar-1536x1022-1.jpg\",\"contentUrl\":\"http:\\\/\\\/www.sindipetroba.org.br\\\/2019\\\/wp-content\\\/uploads\\\/2024\\\/09\\\/ROD_2135-copiar-1536x1022-1.jpg\",\"width\":1536,\"height\":1022},{\"@type\":\"BreadcrumbList\",\"@id\":\"http:\\\/\\\/www.sindipetroba.org.br\\\/2019\\\/ato-em-comemoracao-aos-74-anos-da-rlam\\\/#breadcrumb\",\"itemListElement\":[{\"@type\":\"ListItem\",\"position\":1,\"name\":\"In\u00edcio\",\"item\":\"http:\\\/\\\/www.sindipetroba.org.br\\\/2019\\\/\"},{\"@type\":\"ListItem\",\"position\":2,\"name\":\"Ato em comemora\u00e7\u00e3o aos 74 anos da RLAM reafirma a import\u00e2ncia da luta pela volta da refinaria para a Petrobr\u00e1s\"}]},{\"@type\":\"WebSite\",\"@id\":\"http:\\\/\\\/www.sindipetroba.org.br\\\/2019\\\/#website\",\"url\":\"http:\\\/\\\/www.sindipetroba.org.br\\\/2019\\\/\",\"name\":\"Sindipetro BA\",\"description\":\"Sindicato dos Petroleiros e Petroleiras do Estado da Bahia\",\"publisher\":{\"@id\":\"http:\\\/\\\/www.sindipetroba.org.br\\\/2019\\\/#organization\"},\"potentialAction\":[{\"@type\":\"SearchAction\",\"target\":{\"@type\":\"EntryPoint\",\"urlTemplate\":\"http:\\\/\\\/www.sindipetroba.org.br\\\/2019\\\/?s={search_term_string}\"},\"query-input\":{\"@type\":\"PropertyValueSpecification\",\"valueRequired\":true,\"valueName\":\"search_term_string\"}}],\"inLanguage\":\"pt-BR\"},{\"@type\":\"Organization\",\"@id\":\"http:\\\/\\\/www.sindipetroba.org.br\\\/2019\\\/#organization\",\"name\":\"Sindipetro BA\",\"url\":\"http:\\\/\\\/www.sindipetroba.org.br\\\/2019\\\/\",\"logo\":{\"@type\":\"ImageObject\",\"inLanguage\":\"pt-BR\",\"@id\":\"http:\\\/\\\/www.sindipetroba.org.br\\\/2019\\\/#\\\/schema\\\/logo\\\/image\\\/\",\"url\":\"http:\\\/\\\/www.sindipetroba.org.br\\\/2019\\\/wp-content\\\/uploads\\\/2019\\\/01\\\/sindipetro-marca-cor.png\",\"contentUrl\":\"http:\\\/\\\/www.sindipetroba.org.br\\\/2019\\\/wp-content\\\/uploads\\\/2019\\\/01\\\/sindipetro-marca-cor.png\",\"width\":350,\"height\":126,\"caption\":\"Sindipetro BA\"},\"image\":{\"@id\":\"http:\\\/\\\/www.sindipetroba.org.br\\\/2019\\\/#\\\/schema\\\/logo\\\/image\\\/\"},\"sameAs\":[\"https:\\\/\\\/www.facebook.com\\\/sindipetroBa\\\/\",\"https:\\\/\\\/x.com\\\/SindipetroBahia\",\"https:\\\/\\\/www.instagram.com\\\/sindipetroba\\\/\",\"https:\\\/\\\/www.youtube.com\\\/c\\\/SindipetroBahiaOficial\"]},{\"@type\":\"Person\",\"@id\":\"http:\\\/\\\/www.sindipetroba.org.br\\\/2019\\\/#\\\/schema\\\/person\\\/b34be57a1332ab60188a340a09275241\",\"name\":\"ASCOM AL\",\"image\":{\"@type\":\"ImageObject\",\"inLanguage\":\"pt-BR\",\"@id\":\"https:\\\/\\\/secure.gravatar.com\\\/avatar\\\/7faf4b5e74f0ebf515009a1f27466f1b1ace10867d066a91562e822c805d3157?s=96&d=mm&r=g\",\"url\":\"https:\\\/\\\/secure.gravatar.com\\\/avatar\\\/7faf4b5e74f0ebf515009a1f27466f1b1ace10867d066a91562e822c805d3157?s=96&d=mm&r=g\",\"contentUrl\":\"https:\\\/\\\/secure.gravatar.com\\\/avatar\\\/7faf4b5e74f0ebf515009a1f27466f1b1ace10867d066a91562e822c805d3157?s=96&d=mm&r=g\",\"caption\":\"ASCOM AL\"},\"sameAs\":[\"http:\\\/\\\/www.sindipetroba.org.br\"]}]}<\/script>\n<!-- \/ Yoast SEO plugin. -->","yoast_head_json":{"title":"Ato em comemora\u00e7\u00e3o aos 74 anos da RLAM reafirma a import\u00e2ncia da luta pela volta da refinaria para a Petrobr\u00e1s - Sindipetro BA","robots":{"index":"index","follow":"follow","max-snippet":"max-snippet:-1","max-image-preview":"max-image-preview:large","max-video-preview":"max-video-preview:-1"},"canonical":"http:\/\/www.sindipetroba.org.br\/2019\/ato-em-comemoracao-aos-74-anos-da-rlam\/","og_locale":"pt_BR","og_type":"article","og_title":"Ato em comemora\u00e7\u00e3o aos 74 anos da RLAM reafirma a import\u00e2ncia da luta pela volta da refinaria para a Petrobr\u00e1s - Sindipetro BA","og_description":"Expectativa e esperan\u00e7a. Estes dois sentimentos nortearam o grande ato promovido pelo Sindipetro Bahia e o Sitticcan na manh\u00e3 desta ter\u00e7a-feira (17) para comemorar os 74 anos de cria\u00e7\u00e3o da Refinaria Landulpho Alves (RLAM). A mobiliza\u00e7\u00e3o que reuniu trabalhadores e trabalhadoras da Petrobr\u00e1s, da Acelen e de diversas empresas terceirizadas, aconteceu em um local que... Ver artigo","og_url":"http:\/\/www.sindipetroba.org.br\/2019\/ato-em-comemoracao-aos-74-anos-da-rlam\/","og_site_name":"Sindipetro BA","article_publisher":"https:\/\/www.facebook.com\/sindipetroBa\/","article_published_time":"2024-09-17T19:55:57+00:00","article_modified_time":"2024-09-17T20:06:46+00:00","og_image":[{"width":1536,"height":1022,"url":"http:\/\/www.sindipetroba.org.br\/2019\/wp-content\/uploads\/2024\/09\/ROD_2135-copiar-1536x1022-1.jpg","type":"image\/jpeg"}],"author":"ASCOM AL","twitter_card":"summary_large_image","twitter_creator":"@SindipetroBahia","twitter_site":"@SindipetroBahia","twitter_misc":{"Escrito por":"ASCOM AL","Est. tempo de leitura":"4 minutos"},"schema":{"@context":"https:\/\/schema.org","@graph":[{"@type":"Article","@id":"http:\/\/www.sindipetroba.org.br\/2019\/ato-em-comemoracao-aos-74-anos-da-rlam\/#article","isPartOf":{"@id":"http:\/\/www.sindipetroba.org.br\/2019\/ato-em-comemoracao-aos-74-anos-da-rlam\/"},"author":{"name":"ASCOM AL","@id":"http:\/\/www.sindipetroba.org.br\/2019\/#\/schema\/person\/b34be57a1332ab60188a340a09275241"},"headline":"Ato em comemora\u00e7\u00e3o aos 74 anos da RLAM reafirma a import\u00e2ncia da luta pela volta da refinaria para a Petrobr\u00e1s","datePublished":"2024-09-17T19:55:57+00:00","dateModified":"2024-09-17T20:06:46+00:00","mainEntityOfPage":{"@id":"http:\/\/www.sindipetroba.org.br\/2019\/ato-em-comemoracao-aos-74-anos-da-rlam\/"},"wordCount":710,"publisher":{"@id":"http:\/\/www.sindipetroba.org.br\/2019\/#organization"},"image":{"@id":"http:\/\/www.sindipetroba.org.br\/2019\/ato-em-comemoracao-aos-74-anos-da-rlam\/#primaryimage"},"thumbnailUrl":"http:\/\/www.sindipetroba.org.br\/2019\/wp-content\/uploads\/2024\/09\/ROD_2135-copiar-1536x1022-1.jpg","keywords":["74 anos RLAM","Ato em comemora\u00e7\u00e3o","direitos da categoria","greves","luta pela refinaria","mobiliza\u00e7\u00f5es","sindipetro bahia","Sistema Petrobr\u00e1s","Sitticcan","terceirizados","trabalhadores Acelen","trabalhadores Petrobr\u00e1s","Trevo da Resist\u00eancia","volta para a Petrobr\u00e1s"],"articleSection":["Banner Principal","Not\u00edcia"],"inLanguage":"pt-BR"},{"@type":"WebPage","@id":"http:\/\/www.sindipetroba.org.br\/2019\/ato-em-comemoracao-aos-74-anos-da-rlam\/","url":"http:\/\/www.sindipetroba.org.br\/2019\/ato-em-comemoracao-aos-74-anos-da-rlam\/","name":"Ato em comemora\u00e7\u00e3o aos 74 anos da RLAM reafirma a import\u00e2ncia da luta pela volta da refinaria para a Petrobr\u00e1s - Sindipetro BA","isPartOf":{"@id":"http:\/\/www.sindipetroba.org.br\/2019\/#website"},"primaryImageOfPage":{"@id":"http:\/\/www.sindipetroba.org.br\/2019\/ato-em-comemoracao-aos-74-anos-da-rlam\/#primaryimage"},"image":{"@id":"http:\/\/www.sindipetroba.org.br\/2019\/ato-em-comemoracao-aos-74-anos-da-rlam\/#primaryimage"},"thumbnailUrl":"http:\/\/www.sindipetroba.org.br\/2019\/wp-content\/uploads\/2024\/09\/ROD_2135-copiar-1536x1022-1.jpg","datePublished":"2024-09-17T19:55:57+00:00","dateModified":"2024-09-17T20:06:46+00:00","breadcrumb":{"@id":"http:\/\/www.sindipetroba.org.br\/2019\/ato-em-comemoracao-aos-74-anos-da-rlam\/#breadcrumb"},"inLanguage":"pt-BR","potentialAction":[{"@type":"ReadAction","target":["http:\/\/www.sindipetroba.org.br\/2019\/ato-em-comemoracao-aos-74-anos-da-rlam\/"]}]},{"@type":"ImageObject","inLanguage":"pt-BR","@id":"http:\/\/www.sindipetroba.org.br\/2019\/ato-em-comemoracao-aos-74-anos-da-rlam\/#primaryimage","url":"http:\/\/www.sindipetroba.org.br\/2019\/wp-content\/uploads\/2024\/09\/ROD_2135-copiar-1536x1022-1.jpg","contentUrl":"http:\/\/www.sindipetroba.org.br\/2019\/wp-content\/uploads\/2024\/09\/ROD_2135-copiar-1536x1022-1.jpg","width":1536,"height":1022},{"@type":"BreadcrumbList","@id":"http:\/\/www.sindipetroba.org.br\/2019\/ato-em-comemoracao-aos-74-anos-da-rlam\/#breadcrumb","itemListElement":[{"@type":"ListItem","position":1,"name":"In\u00edcio","item":"http:\/\/www.sindipetroba.org.br\/2019\/"},{"@type":"ListItem","position":2,"name":"Ato em comemora\u00e7\u00e3o aos 74 anos da RLAM reafirma a import\u00e2ncia da luta pela volta da refinaria para a Petrobr\u00e1s"}]},{"@type":"WebSite","@id":"http:\/\/www.sindipetroba.org.br\/2019\/#website","url":"http:\/\/www.sindipetroba.org.br\/2019\/","name":"Sindipetro BA","description":"Sindicato dos Petroleiros e Petroleiras do Estado da Bahia","publisher":{"@id":"http:\/\/www.sindipetroba.org.br\/2019\/#organization"},"potentialAction":[{"@type":"SearchAction","target":{"@type":"EntryPoint","urlTemplate":"http:\/\/www.sindipetroba.org.br\/2019\/?s={search_term_string}"},"query-input":{"@type":"PropertyValueSpecification","valueRequired":true,"valueName":"search_term_string"}}],"inLanguage":"pt-BR"},{"@type":"Organization","@id":"http:\/\/www.sindipetroba.org.br\/2019\/#organization","name":"Sindipetro BA","url":"http:\/\/www.sindipetroba.org.br\/2019\/","logo":{"@type":"ImageObject","inLanguage":"pt-BR","@id":"http:\/\/www.sindipetroba.org.br\/2019\/#\/schema\/logo\/image\/","url":"http:\/\/www.sindipetroba.org.br\/2019\/wp-content\/uploads\/2019\/01\/sindipetro-marca-cor.png","contentUrl":"http:\/\/www.sindipetroba.org.br\/2019\/wp-content\/uploads\/2019\/01\/sindipetro-marca-cor.png","width":350,"height":126,"caption":"Sindipetro BA"},"image":{"@id":"http:\/\/www.sindipetroba.org.br\/2019\/#\/schema\/logo\/image\/"},"sameAs":["https:\/\/www.facebook.com\/sindipetroBa\/","https:\/\/x.com\/SindipetroBahia","https:\/\/www.instagram.com\/sindipetroba\/","https:\/\/www.youtube.com\/c\/SindipetroBahiaOficial"]},{"@type":"Person","@id":"http:\/\/www.sindipetroba.org.br\/2019\/#\/schema\/person\/b34be57a1332ab60188a340a09275241","name":"ASCOM AL","image":{"@type":"ImageObject","inLanguage":"pt-BR","@id":"https:\/\/secure.gravatar.com\/avatar\/7faf4b5e74f0ebf515009a1f27466f1b1ace10867d066a91562e822c805d3157?s=96&d=mm&r=g","url":"https:\/\/secure.gravatar.com\/avatar\/7faf4b5e74f0ebf515009a1f27466f1b1ace10867d066a91562e822c805d3157?s=96&d=mm&r=g","contentUrl":"https:\/\/secure.gravatar.com\/avatar\/7faf4b5e74f0ebf515009a1f27466f1b1ace10867d066a91562e822c805d3157?s=96&d=mm&r=g","caption":"ASCOM AL"},"sameAs":["http:\/\/www.sindipetroba.org.br"]}]}},"_links":{"self":[{"href":"http:\/\/www.sindipetroba.org.br\/2019\/wp-json\/wp\/v2\/posts\/25872","targetHints":{"allow":["GET"]}}],"collection":[{"href":"http:\/\/www.sindipetroba.org.br\/2019\/wp-json\/wp\/v2\/posts"}],"about":[{"href":"http:\/\/www.sindipetroba.org.br\/2019\/wp-json\/wp\/v2\/types\/post"}],"author":[{"embeddable":true,"href":"http:\/\/www.sindipetroba.org.br\/2019\/wp-json\/wp\/v2\/users\/7"}],"replies":[{"embeddable":true,"href":"http:\/\/www.sindipetroba.org.br\/2019\/wp-json\/wp\/v2\/comments?post=25872"}],"version-history":[{"count":3,"href":"http:\/\/www.sindipetroba.org.br\/2019\/wp-json\/wp\/v2\/posts\/25872\/revisions"}],"predecessor-version":[{"id":25886,"href":"http:\/\/www.sindipetroba.org.br\/2019\/wp-json\/wp\/v2\/posts\/25872\/revisions\/25886"}],"wp:featuredmedia":[{"embeddable":true,"href":"http:\/\/www.sindipetroba.org.br\/2019\/wp-json\/wp\/v2\/media\/25889"}],"wp:attachment":[{"href":"http:\/\/www.sindipetroba.org.br\/2019\/wp-json\/wp\/v2\/media?parent=25872"}],"wp:term":[{"taxonomy":"category","embeddable":true,"href":"http:\/\/www.sindipetroba.org.br\/2019\/wp-json\/wp\/v2\/categories?post=25872"},{"taxonomy":"post_tag","embeddable":true,"href":"http:\/\/www.sindipetroba.org.br\/2019\/wp-json\/wp\/v2\/tags?post=25872"}],"curies":[{"name":"wp","href":"https:\/\/api.w.org\/{rel}","templated":true}]}}