{"id":26036,"date":"2024-10-05T01:12:10","date_gmt":"2024-10-05T04:12:10","guid":{"rendered":"http:\/\/www.sindipetroba.org.br\/2019\/?p=26036"},"modified":"2024-10-05T11:28:08","modified_gmt":"2024-10-05T14:28:08","slug":"historia-e-memoria-deram-o-tom-da-celebracao-dos-setenta-anos-da-representacao-sindical","status":"publish","type":"post","link":"http:\/\/www.sindipetroba.org.br\/2019\/historia-e-memoria-deram-o-tom-da-celebracao-dos-setenta-anos-da-representacao-sindical\/","title":{"rendered":"Hist\u00f3ria e mem\u00f3ria deram o tom da celebra\u00e7\u00e3o dos 70 anos do Sindicato dos Petroleiros e Petroleiras"},"content":{"rendered":"<p>Uma noite para celebrar, confraternizar, mas principalmente para recordar. Assim pode ser resumida a comemora\u00e7\u00e3o dos <strong>70 anos de representa\u00e7\u00e3o sindical petroleira da Bahia<\/strong>, que aconteceu na sexta-feira (4), no CEPE Stella Maris, em Salvador.<\/p>\n<p>Atrav\u00e9s da mem\u00f3ria, a hist\u00f3ria da categoria foi contada pela <strong>coordenadora da entidade sindical, Elizabete Sacramento<\/strong>e pelo <strong>petroleiro e deputado estadual, Radiovaldo Costa<\/strong>. <strong>Pioneirismo<\/strong> foi a palavra mais usada para falar dos prim\u00f3rdios da hist\u00f3ria de uma grande e importante categoria que teve sua base na Bahia, terra onde o petr\u00f3leo foi descoberto, a Petrobr\u00e1s nasceu e tamb\u00e9m onde foram forjados os primeiros petroleiros.<\/p>\n<p>Como se tivessem entrado em um t\u00fanel do tempo, os anfitri\u00f5es transportaram os convidados para o ano de <strong>1954, quando foi criada a Associa\u00e7\u00e3o Profissional dos Trabalhadores na Ind\u00fastria do Petr\u00f3leo<\/strong>. A partir da\u00ed foi constru\u00edda a hist\u00f3ria da categoria petroleira, baseada, principalmente na <strong>resist\u00eancia<\/strong>.<\/p>\n<p>No decorrer da noite, a hist\u00f3ria ganhou forma, provocando saudades ao reavivar a mem\u00f3ria de centenas de petroleiros e petroleiras presentes. Foram lembrados os <strong>fundadores da Associa\u00e7\u00e3o<\/strong>, <strong>presidentes e coordenadores do STIEP<\/strong> e do antigo e novo <strong>Sindipetro<\/strong>, que hoje, ap\u00f3s 70 anos, pela primeira vez, tem uma mulher, <strong>Elizabete Sacramento, como coordenadora<\/strong>.<\/p>\n<p>Tamb\u00e9m houve <strong>homenagens<\/strong>. Muitas. Foram homenageados, <strong>ex-presidentes e ex-coordenadores dos Sindipetros e STIEP \u2013 Germino Borges, Armando Tripodi e Jairo Batista<\/strong>. E ainda os diretores sindicais, <strong>Gilberto Malafaia e Paulo C\u00e9sar<\/strong>, representando os grevistas das ic\u00f4nicas <strong>greves de 1983 e 1994<\/strong>. Destaque tamb\u00e9m para as <strong>greves de 1995, 2015 e 2020<\/strong>.<\/p>\n<p>O ex-vereador, <strong>Mois\u00e9s Rocha<\/strong>, foi homenageado, representando todos os petroleiros parlamentares que levaram a voz da categoria para as c\u00e2maras municipais, Assembleia da Bahia e Congresso Nacional.<\/p>\n<p>Em uma categoria composta majoritariamente por homens, n\u00e3o poderia ficar de fora das homenagens <strong>uma das primeiras mulheres a ocupar um cargo de diretora do sindicato dos petroleiros: Nilzete Motta Andrade<\/strong> falou dessa experi\u00eancia. \u201cO sindicato para mim foi uma faculdade, eu me tornei uma pessoa mais forte por causa dele\u201d.<\/p>\n<p>E a noite seguiu com mais homenagens, para os e as representantes sindicais, que desempenham um importante papel nas 12 subsedes do sindicato no interior do estado, para as funcion\u00e1rias e os funcion\u00e1rios do Sindipetro, e para um dos mais antigos diretores da entidade sindical, conhecido por todos como <strong>Pel\u00e9<\/strong>. Afinal, essa \u00e9 uma hist\u00f3ria que foi constru\u00edda de forma coletiva. Por isso, a necessidade de homenagear todas essas pessoas pelos anos de dedica\u00e7\u00e3o \u00e0 categoria petroleira, de diferentes formas.<\/p>\n<p>Aqueles que faleceram, como mais recentemente os companheiros <strong>Wilton Valen\u00e7a e Celso Babi<\/strong>, tamb\u00e9m foram lembrados, assim como a import\u00e2ncia deles para a luta petroleira.<\/p>\n<p>O <strong>enfrentamento \u00e0 ditadura militar e ao neoliberalismo<\/strong>, as in\u00fameras <strong>greves em defesa dos direitos da categoria<\/strong>\u2013 aposentados e trabalhadores(as) da ativa do <strong>Sistema Petrobr\u00e1s e tamb\u00e9m do setor privado de petr\u00f3leo<\/strong> \u2013 foram lembrados. Da forma\u00a0 mesma que a luta em defesa da Petrobr\u00e1s. Momentos bons e outros nem tanto foram citados, sempre lembrando daqueles que constru\u00edram essa hist\u00f3ria de pioneirismo, pois foi <strong>na Bahia onde tudo come\u00e7ou<\/strong>.<\/p>\n<p>{Escrito por imprensa Sindipetro Bahia}<\/p>\n<p>FOTOS<\/p>\n\n\t\t<style type=\"text\/css\">\n\t\t\t#gallery-1 {\n\t\t\t\tmargin: auto;\n\t\t\t}\n\t\t\t#gallery-1 .gallery-item {\n\t\t\t\tfloat: left;\n\t\t\t\tmargin-top: 10px;\n\t\t\t\ttext-align: center;\n\t\t\t\twidth: 33%;\n\t\t\t}\n\t\t\t#gallery-1 img {\n\t\t\t\tborder: 2px solid #cfcfcf;\n\t\t\t}\n\t\t\t#gallery-1 .gallery-caption {\n\t\t\t\tmargin-left: 0;\n\t\t\t}\n\t\t\t\/* see gallery_shortcode() in wp-includes\/media.php *\/\n\t\t<\/style>\n\t\t<div id='gallery-1' class='gallery galleryid-26036 gallery-columns-3 gallery-size-thumbnail'><dl class='gallery-item'>\n\t\t\t<dt class='gallery-icon landscape'>\n\t\t\t\t<a href='http:\/\/www.sindipetroba.org.br\/2019\/historia-e-memoria-deram-o-tom-da-celebracao-dos-setenta-anos-da-representacao-sindical\/whatsapp-image-2024-10-05-at-01-53-28\/'><img loading=\"lazy\" decoding=\"async\" width=\"220\" height=\"220\" src=\"http:\/\/www.sindipetroba.org.br\/2019\/wp-content\/uploads\/2024\/10\/WhatsApp-Image-2024-10-05-at-01.53.28-220x220.jpeg\" class=\"attachment-thumbnail size-thumbnail\" alt=\"\" \/><\/a>\n\t\t\t<\/dt><\/dl><dl class='gallery-item'>\n\t\t\t<dt class='gallery-icon landscape'>\n\t\t\t\t<a href='http:\/\/www.sindipetroba.org.br\/2019\/historia-e-memoria-deram-o-tom-da-celebracao-dos-setenta-anos-da-representacao-sindical\/whatsapp-image-2024-10-05-at-01-54-04\/'><img loading=\"lazy\" decoding=\"async\" width=\"220\" height=\"220\" src=\"http:\/\/www.sindipetroba.org.br\/2019\/wp-content\/uploads\/2024\/10\/WhatsApp-Image-2024-10-05-at-01.54.04-220x220.jpeg\" class=\"attachment-thumbnail size-thumbnail\" alt=\"\" \/><\/a>\n\t\t\t<\/dt><\/dl><dl class='gallery-item'>\n\t\t\t<dt class='gallery-icon landscape'>\n\t\t\t\t<a href='http:\/\/www.sindipetroba.org.br\/2019\/historia-e-memoria-deram-o-tom-da-celebracao-dos-setenta-anos-da-representacao-sindical\/whatsapp-image-2024-10-05-at-01-54-54-1\/'><img loading=\"lazy\" decoding=\"async\" width=\"220\" height=\"220\" src=\"http:\/\/www.sindipetroba.org.br\/2019\/wp-content\/uploads\/2024\/10\/WhatsApp-Image-2024-10-05-at-01.54.54-1-220x220.jpeg\" class=\"attachment-thumbnail size-thumbnail\" alt=\"\" \/><\/a>\n\t\t\t<\/dt><\/dl><br style=\"clear: both\" \/><dl class='gallery-item'>\n\t\t\t<dt class='gallery-icon landscape'>\n\t\t\t\t<a href='http:\/\/www.sindipetroba.org.br\/2019\/historia-e-memoria-deram-o-tom-da-celebracao-dos-setenta-anos-da-representacao-sindical\/whatsapp-image-2024-10-05-at-01-54-54\/'><img loading=\"lazy\" decoding=\"async\" width=\"220\" height=\"220\" src=\"http:\/\/www.sindipetroba.org.br\/2019\/wp-content\/uploads\/2024\/10\/WhatsApp-Image-2024-10-05-at-01.54.54-220x220.jpeg\" class=\"attachment-thumbnail size-thumbnail\" alt=\"\" \/><\/a>\n\t\t\t<\/dt><\/dl><dl class='gallery-item'>\n\t\t\t<dt class='gallery-icon landscape'>\n\t\t\t\t<a href='http:\/\/www.sindipetroba.org.br\/2019\/historia-e-memoria-deram-o-tom-da-celebracao-dos-setenta-anos-da-representacao-sindical\/whatsapp-image-2024-10-05-at-01-57-32-1\/'><img loading=\"lazy\" decoding=\"async\" width=\"220\" height=\"220\" src=\"http:\/\/www.sindipetroba.org.br\/2019\/wp-content\/uploads\/2024\/10\/WhatsApp-Image-2024-10-05-at-01.57.32-1-220x220.jpeg\" class=\"attachment-thumbnail size-thumbnail\" alt=\"\" \/><\/a>\n\t\t\t<\/dt><\/dl><dl class='gallery-item'>\n\t\t\t<dt class='gallery-icon landscape'>\n\t\t\t\t<a href='http:\/\/www.sindipetroba.org.br\/2019\/historia-e-memoria-deram-o-tom-da-celebracao-dos-setenta-anos-da-representacao-sindical\/whatsapp-image-2024-10-05-at-01-57-32-2\/'><img loading=\"lazy\" decoding=\"async\" width=\"220\" height=\"220\" src=\"http:\/\/www.sindipetroba.org.br\/2019\/wp-content\/uploads\/2024\/10\/WhatsApp-Image-2024-10-05-at-01.57.32-2-220x220.jpeg\" class=\"attachment-thumbnail size-thumbnail\" alt=\"\" \/><\/a>\n\t\t\t<\/dt><\/dl><br style=\"clear: both\" \/><dl class='gallery-item'>\n\t\t\t<dt class='gallery-icon landscape'>\n\t\t\t\t<a href='http:\/\/www.sindipetroba.org.br\/2019\/historia-e-memoria-deram-o-tom-da-celebracao-dos-setenta-anos-da-representacao-sindical\/whatsapp-image-2024-10-05-at-01-57-32\/'><img loading=\"lazy\" decoding=\"async\" width=\"220\" height=\"220\" src=\"http:\/\/www.sindipetroba.org.br\/2019\/wp-content\/uploads\/2024\/10\/WhatsApp-Image-2024-10-05-at-01.57.32-220x220.jpeg\" class=\"attachment-thumbnail size-thumbnail\" alt=\"\" \/><\/a>\n\t\t\t<\/dt><\/dl><dl class='gallery-item'>\n\t\t\t<dt class='gallery-icon landscape'>\n\t\t\t\t<a href='http:\/\/www.sindipetroba.org.br\/2019\/historia-e-memoria-deram-o-tom-da-celebracao-dos-setenta-anos-da-representacao-sindical\/whatsapp-image-2024-10-05-at-01-57-33\/'><img loading=\"lazy\" decoding=\"async\" width=\"220\" height=\"220\" src=\"http:\/\/www.sindipetroba.org.br\/2019\/wp-content\/uploads\/2024\/10\/WhatsApp-Image-2024-10-05-at-01.57.33-220x220.jpeg\" class=\"attachment-thumbnail size-thumbnail\" alt=\"\" \/><\/a>\n\t\t\t<\/dt><\/dl><dl class='gallery-item'>\n\t\t\t<dt class='gallery-icon landscape'>\n\t\t\t\t<a href='http:\/\/www.sindipetroba.org.br\/2019\/historia-e-memoria-deram-o-tom-da-celebracao-dos-setenta-anos-da-representacao-sindical\/whatsapp-image-2024-10-05-at-02-00-06\/'><img loading=\"lazy\" decoding=\"async\" width=\"220\" height=\"220\" src=\"http:\/\/www.sindipetroba.org.br\/2019\/wp-content\/uploads\/2024\/10\/WhatsApp-Image-2024-10-05-at-02.00.06-220x220.jpeg\" class=\"attachment-thumbnail size-thumbnail\" alt=\"\" \/><\/a>\n\t\t\t<\/dt><\/dl><br style=\"clear: both\" \/><dl class='gallery-item'>\n\t\t\t<dt class='gallery-icon landscape'>\n\t\t\t\t<a href='http:\/\/www.sindipetroba.org.br\/2019\/historia-e-memoria-deram-o-tom-da-celebracao-dos-setenta-anos-da-representacao-sindical\/whatsapp-image-2024-10-05-at-02-00-07-1\/'><img loading=\"lazy\" decoding=\"async\" width=\"220\" height=\"220\" src=\"http:\/\/www.sindipetroba.org.br\/2019\/wp-content\/uploads\/2024\/10\/WhatsApp-Image-2024-10-05-at-02.00.07-1-220x220.jpeg\" class=\"attachment-thumbnail size-thumbnail\" alt=\"\" \/><\/a>\n\t\t\t<\/dt><\/dl><dl class='gallery-item'>\n\t\t\t<dt class='gallery-icon landscape'>\n\t\t\t\t<a href='http:\/\/www.sindipetroba.org.br\/2019\/historia-e-memoria-deram-o-tom-da-celebracao-dos-setenta-anos-da-representacao-sindical\/whatsapp-image-2024-10-05-at-02-00-07-2\/'><img loading=\"lazy\" decoding=\"async\" width=\"220\" height=\"220\" src=\"http:\/\/www.sindipetroba.org.br\/2019\/wp-content\/uploads\/2024\/10\/WhatsApp-Image-2024-10-05-at-02.00.07-2-220x220.jpeg\" class=\"attachment-thumbnail size-thumbnail\" alt=\"\" \/><\/a>\n\t\t\t<\/dt><\/dl><dl class='gallery-item'>\n\t\t\t<dt class='gallery-icon landscape'>\n\t\t\t\t<a href='http:\/\/www.sindipetroba.org.br\/2019\/historia-e-memoria-deram-o-tom-da-celebracao-dos-setenta-anos-da-representacao-sindical\/whatsapp-image-2024-10-05-at-02-00-07-3\/'><img loading=\"lazy\" decoding=\"async\" width=\"220\" height=\"220\" src=\"http:\/\/www.sindipetroba.org.br\/2019\/wp-content\/uploads\/2024\/10\/WhatsApp-Image-2024-10-05-at-02.00.07-3-220x220.jpeg\" class=\"attachment-thumbnail size-thumbnail\" alt=\"\" \/><\/a>\n\t\t\t<\/dt><\/dl><br style=\"clear: both\" \/><dl class='gallery-item'>\n\t\t\t<dt class='gallery-icon landscape'>\n\t\t\t\t<a href='http:\/\/www.sindipetroba.org.br\/2019\/historia-e-memoria-deram-o-tom-da-celebracao-dos-setenta-anos-da-representacao-sindical\/whatsapp-image-2024-10-05-at-02-00-07\/'><img loading=\"lazy\" decoding=\"async\" width=\"220\" height=\"220\" src=\"http:\/\/www.sindipetroba.org.br\/2019\/wp-content\/uploads\/2024\/10\/WhatsApp-Image-2024-10-05-at-02.00.07-220x220.jpeg\" class=\"attachment-thumbnail size-thumbnail\" alt=\"\" \/><\/a>\n\t\t\t<\/dt><\/dl><dl class='gallery-item'>\n\t\t\t<dt class='gallery-icon landscape'>\n\t\t\t\t<a href='http:\/\/www.sindipetroba.org.br\/2019\/historia-e-memoria-deram-o-tom-da-celebracao-dos-setenta-anos-da-representacao-sindical\/whatsapp-image-2024-10-05-at-02-00-08-1\/'><img loading=\"lazy\" decoding=\"async\" width=\"220\" height=\"220\" src=\"http:\/\/www.sindipetroba.org.br\/2019\/wp-content\/uploads\/2024\/10\/WhatsApp-Image-2024-10-05-at-02.00.08-1-220x220.jpeg\" class=\"attachment-thumbnail size-thumbnail\" alt=\"\" \/><\/a>\n\t\t\t<\/dt><\/dl><dl class='gallery-item'>\n\t\t\t<dt class='gallery-icon landscape'>\n\t\t\t\t<a href='http:\/\/www.sindipetroba.org.br\/2019\/historia-e-memoria-deram-o-tom-da-celebracao-dos-setenta-anos-da-representacao-sindical\/whatsapp-image-2024-10-05-at-02-00-08\/'><img loading=\"lazy\" decoding=\"async\" width=\"220\" height=\"220\" src=\"http:\/\/www.sindipetroba.org.br\/2019\/wp-content\/uploads\/2024\/10\/WhatsApp-Image-2024-10-05-at-02.00.08-220x220.jpeg\" class=\"attachment-thumbnail size-thumbnail\" alt=\"\" \/><\/a>\n\t\t\t<\/dt><\/dl><br style=\"clear: both\" \/><dl class='gallery-item'>\n\t\t\t<dt class='gallery-icon landscape'>\n\t\t\t\t<a href='http:\/\/www.sindipetroba.org.br\/2019\/historia-e-memoria-deram-o-tom-da-celebracao-dos-setenta-anos-da-representacao-sindical\/whatsapp-image-2024-10-05-at-02-01-17-1\/'><img loading=\"lazy\" decoding=\"async\" width=\"220\" height=\"220\" src=\"http:\/\/www.sindipetroba.org.br\/2019\/wp-content\/uploads\/2024\/10\/WhatsApp-Image-2024-10-05-at-02.01.17-1-220x220.jpeg\" class=\"attachment-thumbnail size-thumbnail\" alt=\"\" \/><\/a>\n\t\t\t<\/dt><\/dl><dl class='gallery-item'>\n\t\t\t<dt class='gallery-icon landscape'>\n\t\t\t\t<a href='http:\/\/www.sindipetroba.org.br\/2019\/historia-e-memoria-deram-o-tom-da-celebracao-dos-setenta-anos-da-representacao-sindical\/whatsapp-image-2024-10-05-at-02-01-17-2\/'><img loading=\"lazy\" decoding=\"async\" width=\"220\" height=\"220\" src=\"http:\/\/www.sindipetroba.org.br\/2019\/wp-content\/uploads\/2024\/10\/WhatsApp-Image-2024-10-05-at-02.01.17-2-220x220.jpeg\" class=\"attachment-thumbnail size-thumbnail\" alt=\"\" \/><\/a>\n\t\t\t<\/dt><\/dl><dl class='gallery-item'>\n\t\t\t<dt class='gallery-icon landscape'>\n\t\t\t\t<a href='http:\/\/www.sindipetroba.org.br\/2019\/historia-e-memoria-deram-o-tom-da-celebracao-dos-setenta-anos-da-representacao-sindical\/whatsapp-image-2024-10-05-at-02-01-17\/'><img loading=\"lazy\" decoding=\"async\" width=\"220\" height=\"220\" src=\"http:\/\/www.sindipetroba.org.br\/2019\/wp-content\/uploads\/2024\/10\/WhatsApp-Image-2024-10-05-at-02.01.17-220x220.jpeg\" class=\"attachment-thumbnail size-thumbnail\" alt=\"\" \/><\/a>\n\t\t\t<\/dt><\/dl><br style=\"clear: both\" \/><dl class='gallery-item'>\n\t\t\t<dt class='gallery-icon landscape'>\n\t\t\t\t<a href='http:\/\/www.sindipetroba.org.br\/2019\/historia-e-memoria-deram-o-tom-da-celebracao-dos-setenta-anos-da-representacao-sindical\/whatsapp-image-2024-10-05-at-02-03-21\/'><img loading=\"lazy\" decoding=\"async\" width=\"220\" height=\"220\" src=\"http:\/\/www.sindipetroba.org.br\/2019\/wp-content\/uploads\/2024\/10\/WhatsApp-Image-2024-10-05-at-02.03.21-220x220.jpeg\" class=\"attachment-thumbnail size-thumbnail\" alt=\"\" \/><\/a>\n\t\t\t<\/dt><\/dl><dl class='gallery-item'>\n\t\t\t<dt class='gallery-icon landscape'>\n\t\t\t\t<a href='http:\/\/www.sindipetroba.org.br\/2019\/historia-e-memoria-deram-o-tom-da-celebracao-dos-setenta-anos-da-representacao-sindical\/whatsapp-image-2024-10-05-at-02-03-22-1\/'><img loading=\"lazy\" decoding=\"async\" width=\"220\" height=\"220\" src=\"http:\/\/www.sindipetroba.org.br\/2019\/wp-content\/uploads\/2024\/10\/WhatsApp-Image-2024-10-05-at-02.03.22-1-220x220.jpeg\" class=\"attachment-thumbnail size-thumbnail\" alt=\"\" \/><\/a>\n\t\t\t<\/dt><\/dl><dl class='gallery-item'>\n\t\t\t<dt class='gallery-icon landscape'>\n\t\t\t\t<a href='http:\/\/www.sindipetroba.org.br\/2019\/historia-e-memoria-deram-o-tom-da-celebracao-dos-setenta-anos-da-representacao-sindical\/whatsapp-image-2024-10-05-at-02-03-22-2\/'><img loading=\"lazy\" decoding=\"async\" width=\"220\" height=\"220\" src=\"http:\/\/www.sindipetroba.org.br\/2019\/wp-content\/uploads\/2024\/10\/WhatsApp-Image-2024-10-05-at-02.03.22-2-220x220.jpeg\" class=\"attachment-thumbnail size-thumbnail\" alt=\"\" \/><\/a>\n\t\t\t<\/dt><\/dl><br style=\"clear: both\" \/><dl class='gallery-item'>\n\t\t\t<dt class='gallery-icon landscape'>\n\t\t\t\t<a href='http:\/\/www.sindipetroba.org.br\/2019\/historia-e-memoria-deram-o-tom-da-celebracao-dos-setenta-anos-da-representacao-sindical\/whatsapp-image-2024-10-05-at-02-03-22\/'><img loading=\"lazy\" decoding=\"async\" width=\"220\" height=\"220\" src=\"http:\/\/www.sindipetroba.org.br\/2019\/wp-content\/uploads\/2024\/10\/WhatsApp-Image-2024-10-05-at-02.03.22-220x220.jpeg\" class=\"attachment-thumbnail size-thumbnail\" alt=\"\" \/><\/a>\n\t\t\t<\/dt><\/dl><dl class='gallery-item'>\n\t\t\t<dt class='gallery-icon landscape'>\n\t\t\t\t<a href='http:\/\/www.sindipetroba.org.br\/2019\/historia-e-memoria-deram-o-tom-da-celebracao-dos-setenta-anos-da-representacao-sindical\/whatsapp-image-2024-10-05-at-02-04-11\/'><img loading=\"lazy\" decoding=\"async\" width=\"220\" height=\"220\" src=\"http:\/\/www.sindipetroba.org.br\/2019\/wp-content\/uploads\/2024\/10\/WhatsApp-Image-2024-10-05-at-02.04.11-220x220.jpeg\" class=\"attachment-thumbnail size-thumbnail\" alt=\"\" \/><\/a>\n\t\t\t<\/dt><\/dl><dl class='gallery-item'>\n\t\t\t<dt class='gallery-icon landscape'>\n\t\t\t\t<a href='http:\/\/www.sindipetroba.org.br\/2019\/historia-e-memoria-deram-o-tom-da-celebracao-dos-setenta-anos-da-representacao-sindical\/whatsapp-image-2024-10-05-at-02-04-44-1\/'><img loading=\"lazy\" decoding=\"async\" width=\"220\" height=\"220\" src=\"http:\/\/www.sindipetroba.org.br\/2019\/wp-content\/uploads\/2024\/10\/WhatsApp-Image-2024-10-05-at-02.04.44-1-220x220.jpeg\" class=\"attachment-thumbnail size-thumbnail\" alt=\"\" \/><\/a>\n\t\t\t<\/dt><\/dl><br style=\"clear: both\" \/><dl class='gallery-item'>\n\t\t\t<dt class='gallery-icon landscape'>\n\t\t\t\t<a href='http:\/\/www.sindipetroba.org.br\/2019\/historia-e-memoria-deram-o-tom-da-celebracao-dos-setenta-anos-da-representacao-sindical\/whatsapp-image-2024-10-05-at-02-04-44-2\/'><img loading=\"lazy\" decoding=\"async\" width=\"220\" height=\"220\" src=\"http:\/\/www.sindipetroba.org.br\/2019\/wp-content\/uploads\/2024\/10\/WhatsApp-Image-2024-10-05-at-02.04.44-2-220x220.jpeg\" class=\"attachment-thumbnail size-thumbnail\" alt=\"\" \/><\/a>\n\t\t\t<\/dt><\/dl><dl class='gallery-item'>\n\t\t\t<dt class='gallery-icon landscape'>\n\t\t\t\t<a href='http:\/\/www.sindipetroba.org.br\/2019\/historia-e-memoria-deram-o-tom-da-celebracao-dos-setenta-anos-da-representacao-sindical\/whatsapp-image-2024-10-05-at-02-04-44-3\/'><img loading=\"lazy\" decoding=\"async\" width=\"220\" height=\"220\" src=\"http:\/\/www.sindipetroba.org.br\/2019\/wp-content\/uploads\/2024\/10\/WhatsApp-Image-2024-10-05-at-02.04.44-3-220x220.jpeg\" class=\"attachment-thumbnail size-thumbnail\" alt=\"\" \/><\/a>\n\t\t\t<\/dt><\/dl><dl class='gallery-item'>\n\t\t\t<dt class='gallery-icon landscape'>\n\t\t\t\t<a href='http:\/\/www.sindipetroba.org.br\/2019\/historia-e-memoria-deram-o-tom-da-celebracao-dos-setenta-anos-da-representacao-sindical\/whatsapp-image-2024-10-05-at-02-04-44\/'><img loading=\"lazy\" decoding=\"async\" width=\"220\" height=\"220\" src=\"http:\/\/www.sindipetroba.org.br\/2019\/wp-content\/uploads\/2024\/10\/WhatsApp-Image-2024-10-05-at-02.04.44-220x220.jpeg\" class=\"attachment-thumbnail size-thumbnail\" alt=\"\" \/><\/a>\n\t\t\t<\/dt><\/dl><br style=\"clear: both\" \/><dl class='gallery-item'>\n\t\t\t<dt class='gallery-icon landscape'>\n\t\t\t\t<a href='http:\/\/www.sindipetroba.org.br\/2019\/historia-e-memoria-deram-o-tom-da-celebracao-dos-setenta-anos-da-representacao-sindical\/whatsapp-image-2024-10-05-at-02-07-22\/'><img loading=\"lazy\" decoding=\"async\" width=\"220\" height=\"220\" src=\"http:\/\/www.sindipetroba.org.br\/2019\/wp-content\/uploads\/2024\/10\/WhatsApp-Image-2024-10-05-at-02.07.22-220x220.jpeg\" class=\"attachment-thumbnail size-thumbnail\" alt=\"\" \/><\/a>\n\t\t\t<\/dt><\/dl><dl class='gallery-item'>\n\t\t\t<dt class='gallery-icon landscape'>\n\t\t\t\t<a href='http:\/\/www.sindipetroba.org.br\/2019\/historia-e-memoria-deram-o-tom-da-celebracao-dos-setenta-anos-da-representacao-sindical\/whatsapp-image-2024-10-05-at-02-07-23-1\/'><img loading=\"lazy\" decoding=\"async\" width=\"220\" height=\"220\" src=\"http:\/\/www.sindipetroba.org.br\/2019\/wp-content\/uploads\/2024\/10\/WhatsApp-Image-2024-10-05-at-02.07.23-1-220x220.jpeg\" class=\"attachment-thumbnail size-thumbnail\" alt=\"\" \/><\/a>\n\t\t\t<\/dt><\/dl><dl class='gallery-item'>\n\t\t\t<dt class='gallery-icon landscape'>\n\t\t\t\t<a href='http:\/\/www.sindipetroba.org.br\/2019\/historia-e-memoria-deram-o-tom-da-celebracao-dos-setenta-anos-da-representacao-sindical\/whatsapp-image-2024-10-05-at-02-07-23-2\/'><img loading=\"lazy\" decoding=\"async\" width=\"220\" height=\"220\" src=\"http:\/\/www.sindipetroba.org.br\/2019\/wp-content\/uploads\/2024\/10\/WhatsApp-Image-2024-10-05-at-02.07.23-2-220x220.jpeg\" class=\"attachment-thumbnail size-thumbnail\" alt=\"\" \/><\/a>\n\t\t\t<\/dt><\/dl><br style=\"clear: both\" \/><dl class='gallery-item'>\n\t\t\t<dt class='gallery-icon landscape'>\n\t\t\t\t<a href='http:\/\/www.sindipetroba.org.br\/2019\/historia-e-memoria-deram-o-tom-da-celebracao-dos-setenta-anos-da-representacao-sindical\/whatsapp-image-2024-10-05-at-02-07-23-3\/'><img loading=\"lazy\" decoding=\"async\" width=\"220\" height=\"220\" src=\"http:\/\/www.sindipetroba.org.br\/2019\/wp-content\/uploads\/2024\/10\/WhatsApp-Image-2024-10-05-at-02.07.23-3-220x220.jpeg\" class=\"attachment-thumbnail size-thumbnail\" alt=\"\" \/><\/a>\n\t\t\t<\/dt><\/dl><dl class='gallery-item'>\n\t\t\t<dt class='gallery-icon landscape'>\n\t\t\t\t<a href='http:\/\/www.sindipetroba.org.br\/2019\/historia-e-memoria-deram-o-tom-da-celebracao-dos-setenta-anos-da-representacao-sindical\/whatsapp-image-2024-10-05-at-02-07-23\/'><img loading=\"lazy\" decoding=\"async\" width=\"220\" height=\"220\" src=\"http:\/\/www.sindipetroba.org.br\/2019\/wp-content\/uploads\/2024\/10\/WhatsApp-Image-2024-10-05-at-02.07.23-220x220.jpeg\" class=\"attachment-thumbnail size-thumbnail\" alt=\"\" \/><\/a>\n\t\t\t<\/dt><\/dl><dl class='gallery-item'>\n\t\t\t<dt class='gallery-icon landscape'>\n\t\t\t\t<a href='http:\/\/www.sindipetroba.org.br\/2019\/historia-e-memoria-deram-o-tom-da-celebracao-dos-setenta-anos-da-representacao-sindical\/whatsapp-image-2024-10-05-at-02-07-24-1\/'><img loading=\"lazy\" decoding=\"async\" width=\"220\" height=\"220\" src=\"http:\/\/www.sindipetroba.org.br\/2019\/wp-content\/uploads\/2024\/10\/WhatsApp-Image-2024-10-05-at-02.07.24-1-220x220.jpeg\" class=\"attachment-thumbnail size-thumbnail\" alt=\"\" \/><\/a>\n\t\t\t<\/dt><\/dl><br style=\"clear: both\" \/><dl class='gallery-item'>\n\t\t\t<dt class='gallery-icon portrait'>\n\t\t\t\t<a href='http:\/\/www.sindipetroba.org.br\/2019\/historia-e-memoria-deram-o-tom-da-celebracao-dos-setenta-anos-da-representacao-sindical\/whatsapp-image-2024-10-05-at-02-07-24-2\/'><img loading=\"lazy\" decoding=\"async\" width=\"220\" height=\"220\" src=\"http:\/\/www.sindipetroba.org.br\/2019\/wp-content\/uploads\/2024\/10\/WhatsApp-Image-2024-10-05-at-02.07.24-2-220x220.jpeg\" class=\"attachment-thumbnail size-thumbnail\" alt=\"\" \/><\/a>\n\t\t\t<\/dt><\/dl><dl class='gallery-item'>\n\t\t\t<dt class='gallery-icon landscape'>\n\t\t\t\t<a href='http:\/\/www.sindipetroba.org.br\/2019\/historia-e-memoria-deram-o-tom-da-celebracao-dos-setenta-anos-da-representacao-sindical\/whatsapp-image-2024-10-05-at-02-07-24-3\/'><img loading=\"lazy\" decoding=\"async\" width=\"220\" height=\"220\" src=\"http:\/\/www.sindipetroba.org.br\/2019\/wp-content\/uploads\/2024\/10\/WhatsApp-Image-2024-10-05-at-02.07.24-3-220x220.jpeg\" class=\"attachment-thumbnail size-thumbnail\" alt=\"\" \/><\/a>\n\t\t\t<\/dt><\/dl><dl class='gallery-item'>\n\t\t\t<dt class='gallery-icon portrait'>\n\t\t\t\t<a href='http:\/\/www.sindipetroba.org.br\/2019\/historia-e-memoria-deram-o-tom-da-celebracao-dos-setenta-anos-da-representacao-sindical\/whatsapp-image-2024-10-05-at-02-07-24-4\/'><img loading=\"lazy\" decoding=\"async\" width=\"220\" height=\"220\" src=\"http:\/\/www.sindipetroba.org.br\/2019\/wp-content\/uploads\/2024\/10\/WhatsApp-Image-2024-10-05-at-02.07.24-4-220x220.jpeg\" class=\"attachment-thumbnail size-thumbnail\" alt=\"\" \/><\/a>\n\t\t\t<\/dt><\/dl><br style=\"clear: both\" \/><dl class='gallery-item'>\n\t\t\t<dt class='gallery-icon portrait'>\n\t\t\t\t<a href='http:\/\/www.sindipetroba.org.br\/2019\/historia-e-memoria-deram-o-tom-da-celebracao-dos-setenta-anos-da-representacao-sindical\/whatsapp-image-2024-10-05-at-02-07-24\/'><img loading=\"lazy\" decoding=\"async\" width=\"220\" height=\"220\" src=\"http:\/\/www.sindipetroba.org.br\/2019\/wp-content\/uploads\/2024\/10\/WhatsApp-Image-2024-10-05-at-02.07.24-220x220.jpeg\" class=\"attachment-thumbnail size-thumbnail\" alt=\"\" \/><\/a>\n\t\t\t<\/dt><\/dl><dl class='gallery-item'>\n\t\t\t<dt class='gallery-icon landscape'>\n\t\t\t\t<a href='http:\/\/www.sindipetroba.org.br\/2019\/historia-e-memoria-deram-o-tom-da-celebracao-dos-setenta-anos-da-representacao-sindical\/whatsapp-image-2024-10-05-at-02-07-25-1\/'><img loading=\"lazy\" decoding=\"async\" width=\"220\" height=\"220\" src=\"http:\/\/www.sindipetroba.org.br\/2019\/wp-content\/uploads\/2024\/10\/WhatsApp-Image-2024-10-05-at-02.07.25-1-220x220.jpeg\" class=\"attachment-thumbnail size-thumbnail\" alt=\"\" \/><\/a>\n\t\t\t<\/dt><\/dl><dl class='gallery-item'>\n\t\t\t<dt class='gallery-icon landscape'>\n\t\t\t\t<a href='http:\/\/www.sindipetroba.org.br\/2019\/historia-e-memoria-deram-o-tom-da-celebracao-dos-setenta-anos-da-representacao-sindical\/whatsapp-image-2024-10-05-at-02-07-25-2\/'><img loading=\"lazy\" decoding=\"async\" width=\"220\" height=\"220\" src=\"http:\/\/www.sindipetroba.org.br\/2019\/wp-content\/uploads\/2024\/10\/WhatsApp-Image-2024-10-05-at-02.07.25-2-220x220.jpeg\" class=\"attachment-thumbnail size-thumbnail\" alt=\"\" \/><\/a>\n\t\t\t<\/dt><\/dl><br style=\"clear: both\" \/><dl class='gallery-item'>\n\t\t\t<dt class='gallery-icon landscape'>\n\t\t\t\t<a href='http:\/\/www.sindipetroba.org.br\/2019\/historia-e-memoria-deram-o-tom-da-celebracao-dos-setenta-anos-da-representacao-sindical\/whatsapp-image-2024-10-05-at-02-07-25-3\/'><img loading=\"lazy\" decoding=\"async\" width=\"220\" height=\"220\" src=\"http:\/\/www.sindipetroba.org.br\/2019\/wp-content\/uploads\/2024\/10\/WhatsApp-Image-2024-10-05-at-02.07.25-3-220x220.jpeg\" class=\"attachment-thumbnail size-thumbnail\" alt=\"\" \/><\/a>\n\t\t\t<\/dt><\/dl><dl class='gallery-item'>\n\t\t\t<dt class='gallery-icon landscape'>\n\t\t\t\t<a href='http:\/\/www.sindipetroba.org.br\/2019\/historia-e-memoria-deram-o-tom-da-celebracao-dos-setenta-anos-da-representacao-sindical\/whatsapp-image-2024-10-05-at-02-07-25\/'><img loading=\"lazy\" decoding=\"async\" width=\"220\" height=\"220\" src=\"http:\/\/www.sindipetroba.org.br\/2019\/wp-content\/uploads\/2024\/10\/WhatsApp-Image-2024-10-05-at-02.07.25-220x220.jpeg\" class=\"attachment-thumbnail size-thumbnail\" alt=\"\" \/><\/a>\n\t\t\t<\/dt><\/dl><dl class='gallery-item'>\n\t\t\t<dt class='gallery-icon landscape'>\n\t\t\t\t<a href='http:\/\/www.sindipetroba.org.br\/2019\/historia-e-memoria-deram-o-tom-da-celebracao-dos-setenta-anos-da-representacao-sindical\/whatsapp-image-2024-10-05-at-02-07-26-1\/'><img loading=\"lazy\" decoding=\"async\" width=\"220\" height=\"220\" src=\"http:\/\/www.sindipetroba.org.br\/2019\/wp-content\/uploads\/2024\/10\/WhatsApp-Image-2024-10-05-at-02.07.26-1-220x220.jpeg\" class=\"attachment-thumbnail size-thumbnail\" alt=\"\" \/><\/a>\n\t\t\t<\/dt><\/dl><br style=\"clear: both\" \/><dl class='gallery-item'>\n\t\t\t<dt class='gallery-icon landscape'>\n\t\t\t\t<a href='http:\/\/www.sindipetroba.org.br\/2019\/historia-e-memoria-deram-o-tom-da-celebracao-dos-setenta-anos-da-representacao-sindical\/whatsapp-image-2024-10-05-at-02-07-26\/'><img loading=\"lazy\" decoding=\"async\" width=\"220\" height=\"220\" src=\"http:\/\/www.sindipetroba.org.br\/2019\/wp-content\/uploads\/2024\/10\/WhatsApp-Image-2024-10-05-at-02.07.26-220x220.jpeg\" class=\"attachment-thumbnail size-thumbnail\" alt=\"\" \/><\/a>\n\t\t\t<\/dt><\/dl><dl class='gallery-item'>\n\t\t\t<dt class='gallery-icon landscape'>\n\t\t\t\t<a href='http:\/\/www.sindipetroba.org.br\/2019\/historia-e-memoria-deram-o-tom-da-celebracao-dos-setenta-anos-da-representacao-sindical\/whatsapp-image-2024-10-05-at-02-22-13-1\/'><img loading=\"lazy\" decoding=\"async\" width=\"220\" height=\"220\" src=\"http:\/\/www.sindipetroba.org.br\/2019\/wp-content\/uploads\/2024\/10\/WhatsApp-Image-2024-10-05-at-02.22.13-1-220x220.jpeg\" class=\"attachment-thumbnail size-thumbnail\" alt=\"\" \/><\/a>\n\t\t\t<\/dt><\/dl><dl class='gallery-item'>\n\t\t\t<dt class='gallery-icon landscape'>\n\t\t\t\t<a href='http:\/\/www.sindipetroba.org.br\/2019\/historia-e-memoria-deram-o-tom-da-celebracao-dos-setenta-anos-da-representacao-sindical\/whatsapp-image-2024-10-05-at-02-22-13-2\/'><img loading=\"lazy\" decoding=\"async\" width=\"220\" height=\"220\" src=\"http:\/\/www.sindipetroba.org.br\/2019\/wp-content\/uploads\/2024\/10\/WhatsApp-Image-2024-10-05-at-02.22.13-2-220x220.jpeg\" class=\"attachment-thumbnail size-thumbnail\" alt=\"\" \/><\/a>\n\t\t\t<\/dt><\/dl><br style=\"clear: both\" \/>\n\t\t<\/div>\n\n","protected":false},"excerpt":{"rendered":"Uma noite para celebrar, confraternizar, mas principalmente para recordar. Assim pode ser resumida a comemora\u00e7\u00e3o dos 70 anos de representa\u00e7\u00e3o sindical petroleira da Bahia, que aconteceu na sexta-feira (4), no CEPE Stella Maris, em Salvador. Atrav\u00e9s da mem\u00f3ria, a hist\u00f3ria da categoria foi contada pela coordenadora da entidade sindical, Elizabete Sacramentoe pelo petroleiro e deputado&#8230; <a class=\"view-article\" href=\"http:\/\/www.sindipetroba.org.br\/2019\/historia-e-memoria-deram-o-tom-da-celebracao-dos-setenta-anos-da-representacao-sindical\/\">Ver artigo<\/a>","protected":false},"author":7,"featured_media":26094,"comment_status":"closed","ping_status":"open","sticky":false,"template":"","format":"standard","meta":{"_et_pb_use_builder":"","_et_pb_old_content":"","_et_gb_content_width":"","footnotes":""},"categories":[2688,1],"tags":[1220,96,2430,2153,1221,3509,32,43,513,3510,423,3044,404],"class_list":["post-26036","post","type-post","status-publish","format-standard","has-post-thumbnail","hentry","category-banner-principal","category-noticia","tag-70-anos","tag-bahia","tag-cepe-stella-maris","tag-elizabete-sacramento","tag-historia","tag-memoria","tag-petrobras","tag-petroleiros","tag-petroleo","tag-pioneirismo","tag-radiovaldo-costa","tag-representacao-sindical","tag-salvador"],"yoast_head":"<!-- This site is optimized with the Yoast SEO plugin v27.3 - https:\/\/yoast.com\/product\/yoast-seo-wordpress\/ -->\n<title>Hist\u00f3ria e mem\u00f3ria deram o tom da celebra\u00e7\u00e3o dos 70 anos do Sindicato dos Petroleiros e Petroleiras - Sindipetro BA<\/title>\n<meta name=\"robots\" content=\"index, follow, max-snippet:-1, max-image-preview:large, max-video-preview:-1\" \/>\n<link rel=\"canonical\" href=\"http:\/\/www.sindipetroba.org.br\/2019\/historia-e-memoria-deram-o-tom-da-celebracao-dos-setenta-anos-da-representacao-sindical\/\" \/>\n<meta property=\"og:locale\" content=\"pt_BR\" \/>\n<meta property=\"og:type\" content=\"article\" \/>\n<meta property=\"og:title\" content=\"Hist\u00f3ria e mem\u00f3ria deram o tom da celebra\u00e7\u00e3o dos 70 anos do Sindicato dos Petroleiros e Petroleiras - Sindipetro BA\" \/>\n<meta property=\"og:description\" content=\"Uma noite para celebrar, confraternizar, mas principalmente para recordar. Assim pode ser resumida a comemora\u00e7\u00e3o dos 70 anos de representa\u00e7\u00e3o sindical petroleira da Bahia, que aconteceu na sexta-feira (4), no CEPE Stella Maris, em Salvador. Atrav\u00e9s da mem\u00f3ria, a hist\u00f3ria da categoria foi contada pela coordenadora da entidade sindical, Elizabete Sacramentoe pelo petroleiro e deputado... Ver artigo\" \/>\n<meta property=\"og:url\" content=\"http:\/\/www.sindipetroba.org.br\/2019\/historia-e-memoria-deram-o-tom-da-celebracao-dos-setenta-anos-da-representacao-sindical\/\" \/>\n<meta property=\"og:site_name\" content=\"Sindipetro BA\" \/>\n<meta property=\"article:publisher\" content=\"https:\/\/www.facebook.com\/sindipetroBa\/\" \/>\n<meta property=\"article:published_time\" content=\"2024-10-05T04:12:10+00:00\" \/>\n<meta property=\"article:modified_time\" content=\"2024-10-05T14:28:08+00:00\" \/>\n<meta property=\"og:image\" content=\"http:\/\/www.sindipetroba.org.br\/2019\/wp-content\/uploads\/2024\/10\/foto-1-capa.jpg\" \/>\n\t<meta property=\"og:image:width\" content=\"1600\" \/>\n\t<meta property=\"og:image:height\" content=\"1064\" \/>\n\t<meta property=\"og:image:type\" content=\"image\/jpeg\" \/>\n<meta name=\"author\" content=\"ASCOM AL\" \/>\n<meta name=\"twitter:card\" content=\"summary_large_image\" \/>\n<meta name=\"twitter:creator\" content=\"@SindipetroBahia\" \/>\n<meta name=\"twitter:site\" content=\"@SindipetroBahia\" \/>\n<meta name=\"twitter:label1\" content=\"Escrito por\" \/>\n\t<meta name=\"twitter:data1\" content=\"ASCOM AL\" \/>\n\t<meta name=\"twitter:label2\" content=\"Est. tempo de leitura\" \/>\n\t<meta name=\"twitter:data2\" content=\"4 minutos\" \/>\n<script type=\"application\/ld+json\" class=\"yoast-schema-graph\">{\"@context\":\"https:\\\/\\\/schema.org\",\"@graph\":[{\"@type\":\"Article\",\"@id\":\"http:\\\/\\\/www.sindipetroba.org.br\\\/2019\\\/historia-e-memoria-deram-o-tom-da-celebracao-dos-setenta-anos-da-representacao-sindical\\\/#article\",\"isPartOf\":{\"@id\":\"http:\\\/\\\/www.sindipetroba.org.br\\\/2019\\\/historia-e-memoria-deram-o-tom-da-celebracao-dos-setenta-anos-da-representacao-sindical\\\/\"},\"author\":{\"name\":\"ASCOM AL\",\"@id\":\"http:\\\/\\\/www.sindipetroba.org.br\\\/2019\\\/#\\\/schema\\\/person\\\/b34be57a1332ab60188a340a09275241\"},\"headline\":\"Hist\u00f3ria e mem\u00f3ria deram o tom da celebra\u00e7\u00e3o dos 70 anos do Sindicato dos Petroleiros e Petroleiras\",\"datePublished\":\"2024-10-05T04:12:10+00:00\",\"dateModified\":\"2024-10-05T14:28:08+00:00\",\"mainEntityOfPage\":{\"@id\":\"http:\\\/\\\/www.sindipetroba.org.br\\\/2019\\\/historia-e-memoria-deram-o-tom-da-celebracao-dos-setenta-anos-da-representacao-sindical\\\/\"},\"wordCount\":577,\"publisher\":{\"@id\":\"http:\\\/\\\/www.sindipetroba.org.br\\\/2019\\\/#organization\"},\"image\":{\"@id\":\"http:\\\/\\\/www.sindipetroba.org.br\\\/2019\\\/historia-e-memoria-deram-o-tom-da-celebracao-dos-setenta-anos-da-representacao-sindical\\\/#primaryimage\"},\"thumbnailUrl\":\"http:\\\/\\\/www.sindipetroba.org.br\\\/2019\\\/wp-content\\\/uploads\\\/2024\\\/10\\\/foto-1-capa.jpg\",\"keywords\":[\"70 anos\",\"Bahia\",\"CEPE Stella Maris\",\"Elizabete Sacramento\",\"hist\u00f3ria\",\"mem\u00f3ria\",\"petrobras\",\"petroleiros\",\"petr\u00f3leo\",\"pioneirismo\",\"Radiovaldo Costa\",\"representa\u00e7\u00e3o sindical\",\"Salvador\"],\"articleSection\":[\"Banner Principal\",\"Not\u00edcia\"],\"inLanguage\":\"pt-BR\"},{\"@type\":\"WebPage\",\"@id\":\"http:\\\/\\\/www.sindipetroba.org.br\\\/2019\\\/historia-e-memoria-deram-o-tom-da-celebracao-dos-setenta-anos-da-representacao-sindical\\\/\",\"url\":\"http:\\\/\\\/www.sindipetroba.org.br\\\/2019\\\/historia-e-memoria-deram-o-tom-da-celebracao-dos-setenta-anos-da-representacao-sindical\\\/\",\"name\":\"Hist\u00f3ria e mem\u00f3ria deram o tom da celebra\u00e7\u00e3o dos 70 anos do Sindicato dos Petroleiros e Petroleiras - Sindipetro BA\",\"isPartOf\":{\"@id\":\"http:\\\/\\\/www.sindipetroba.org.br\\\/2019\\\/#website\"},\"primaryImageOfPage\":{\"@id\":\"http:\\\/\\\/www.sindipetroba.org.br\\\/2019\\\/historia-e-memoria-deram-o-tom-da-celebracao-dos-setenta-anos-da-representacao-sindical\\\/#primaryimage\"},\"image\":{\"@id\":\"http:\\\/\\\/www.sindipetroba.org.br\\\/2019\\\/historia-e-memoria-deram-o-tom-da-celebracao-dos-setenta-anos-da-representacao-sindical\\\/#primaryimage\"},\"thumbnailUrl\":\"http:\\\/\\\/www.sindipetroba.org.br\\\/2019\\\/wp-content\\\/uploads\\\/2024\\\/10\\\/foto-1-capa.jpg\",\"datePublished\":\"2024-10-05T04:12:10+00:00\",\"dateModified\":\"2024-10-05T14:28:08+00:00\",\"breadcrumb\":{\"@id\":\"http:\\\/\\\/www.sindipetroba.org.br\\\/2019\\\/historia-e-memoria-deram-o-tom-da-celebracao-dos-setenta-anos-da-representacao-sindical\\\/#breadcrumb\"},\"inLanguage\":\"pt-BR\",\"potentialAction\":[{\"@type\":\"ReadAction\",\"target\":[\"http:\\\/\\\/www.sindipetroba.org.br\\\/2019\\\/historia-e-memoria-deram-o-tom-da-celebracao-dos-setenta-anos-da-representacao-sindical\\\/\"]}]},{\"@type\":\"ImageObject\",\"inLanguage\":\"pt-BR\",\"@id\":\"http:\\\/\\\/www.sindipetroba.org.br\\\/2019\\\/historia-e-memoria-deram-o-tom-da-celebracao-dos-setenta-anos-da-representacao-sindical\\\/#primaryimage\",\"url\":\"http:\\\/\\\/www.sindipetroba.org.br\\\/2019\\\/wp-content\\\/uploads\\\/2024\\\/10\\\/foto-1-capa.jpg\",\"contentUrl\":\"http:\\\/\\\/www.sindipetroba.org.br\\\/2019\\\/wp-content\\\/uploads\\\/2024\\\/10\\\/foto-1-capa.jpg\",\"width\":1600,\"height\":1064},{\"@type\":\"BreadcrumbList\",\"@id\":\"http:\\\/\\\/www.sindipetroba.org.br\\\/2019\\\/historia-e-memoria-deram-o-tom-da-celebracao-dos-setenta-anos-da-representacao-sindical\\\/#breadcrumb\",\"itemListElement\":[{\"@type\":\"ListItem\",\"position\":1,\"name\":\"In\u00edcio\",\"item\":\"http:\\\/\\\/www.sindipetroba.org.br\\\/2019\\\/\"},{\"@type\":\"ListItem\",\"position\":2,\"name\":\"Hist\u00f3ria e mem\u00f3ria deram o tom da celebra\u00e7\u00e3o dos 70 anos do Sindicato dos Petroleiros e Petroleiras\"}]},{\"@type\":\"WebSite\",\"@id\":\"http:\\\/\\\/www.sindipetroba.org.br\\\/2019\\\/#website\",\"url\":\"http:\\\/\\\/www.sindipetroba.org.br\\\/2019\\\/\",\"name\":\"Sindipetro BA\",\"description\":\"Sindicato dos Petroleiros e Petroleiras do Estado da Bahia\",\"publisher\":{\"@id\":\"http:\\\/\\\/www.sindipetroba.org.br\\\/2019\\\/#organization\"},\"potentialAction\":[{\"@type\":\"SearchAction\",\"target\":{\"@type\":\"EntryPoint\",\"urlTemplate\":\"http:\\\/\\\/www.sindipetroba.org.br\\\/2019\\\/?s={search_term_string}\"},\"query-input\":{\"@type\":\"PropertyValueSpecification\",\"valueRequired\":true,\"valueName\":\"search_term_string\"}}],\"inLanguage\":\"pt-BR\"},{\"@type\":\"Organization\",\"@id\":\"http:\\\/\\\/www.sindipetroba.org.br\\\/2019\\\/#organization\",\"name\":\"Sindipetro BA\",\"url\":\"http:\\\/\\\/www.sindipetroba.org.br\\\/2019\\\/\",\"logo\":{\"@type\":\"ImageObject\",\"inLanguage\":\"pt-BR\",\"@id\":\"http:\\\/\\\/www.sindipetroba.org.br\\\/2019\\\/#\\\/schema\\\/logo\\\/image\\\/\",\"url\":\"http:\\\/\\\/www.sindipetroba.org.br\\\/2019\\\/wp-content\\\/uploads\\\/2019\\\/01\\\/sindipetro-marca-cor.png\",\"contentUrl\":\"http:\\\/\\\/www.sindipetroba.org.br\\\/2019\\\/wp-content\\\/uploads\\\/2019\\\/01\\\/sindipetro-marca-cor.png\",\"width\":350,\"height\":126,\"caption\":\"Sindipetro BA\"},\"image\":{\"@id\":\"http:\\\/\\\/www.sindipetroba.org.br\\\/2019\\\/#\\\/schema\\\/logo\\\/image\\\/\"},\"sameAs\":[\"https:\\\/\\\/www.facebook.com\\\/sindipetroBa\\\/\",\"https:\\\/\\\/x.com\\\/SindipetroBahia\",\"https:\\\/\\\/www.instagram.com\\\/sindipetroba\\\/\",\"https:\\\/\\\/www.youtube.com\\\/c\\\/SindipetroBahiaOficial\"]},{\"@type\":\"Person\",\"@id\":\"http:\\\/\\\/www.sindipetroba.org.br\\\/2019\\\/#\\\/schema\\\/person\\\/b34be57a1332ab60188a340a09275241\",\"name\":\"ASCOM AL\",\"image\":{\"@type\":\"ImageObject\",\"inLanguage\":\"pt-BR\",\"@id\":\"https:\\\/\\\/secure.gravatar.com\\\/avatar\\\/7faf4b5e74f0ebf515009a1f27466f1b1ace10867d066a91562e822c805d3157?s=96&d=mm&r=g\",\"url\":\"https:\\\/\\\/secure.gravatar.com\\\/avatar\\\/7faf4b5e74f0ebf515009a1f27466f1b1ace10867d066a91562e822c805d3157?s=96&d=mm&r=g\",\"contentUrl\":\"https:\\\/\\\/secure.gravatar.com\\\/avatar\\\/7faf4b5e74f0ebf515009a1f27466f1b1ace10867d066a91562e822c805d3157?s=96&d=mm&r=g\",\"caption\":\"ASCOM AL\"},\"sameAs\":[\"http:\\\/\\\/www.sindipetroba.org.br\"]}]}<\/script>\n<!-- \/ Yoast SEO plugin. -->","yoast_head_json":{"title":"Hist\u00f3ria e mem\u00f3ria deram o tom da celebra\u00e7\u00e3o dos 70 anos do Sindicato dos Petroleiros e Petroleiras - Sindipetro BA","robots":{"index":"index","follow":"follow","max-snippet":"max-snippet:-1","max-image-preview":"max-image-preview:large","max-video-preview":"max-video-preview:-1"},"canonical":"http:\/\/www.sindipetroba.org.br\/2019\/historia-e-memoria-deram-o-tom-da-celebracao-dos-setenta-anos-da-representacao-sindical\/","og_locale":"pt_BR","og_type":"article","og_title":"Hist\u00f3ria e mem\u00f3ria deram o tom da celebra\u00e7\u00e3o dos 70 anos do Sindicato dos Petroleiros e Petroleiras - Sindipetro BA","og_description":"Uma noite para celebrar, confraternizar, mas principalmente para recordar. Assim pode ser resumida a comemora\u00e7\u00e3o dos 70 anos de representa\u00e7\u00e3o sindical petroleira da Bahia, que aconteceu na sexta-feira (4), no CEPE Stella Maris, em Salvador. Atrav\u00e9s da mem\u00f3ria, a hist\u00f3ria da categoria foi contada pela coordenadora da entidade sindical, Elizabete Sacramentoe pelo petroleiro e deputado... Ver artigo","og_url":"http:\/\/www.sindipetroba.org.br\/2019\/historia-e-memoria-deram-o-tom-da-celebracao-dos-setenta-anos-da-representacao-sindical\/","og_site_name":"Sindipetro BA","article_publisher":"https:\/\/www.facebook.com\/sindipetroBa\/","article_published_time":"2024-10-05T04:12:10+00:00","article_modified_time":"2024-10-05T14:28:08+00:00","og_image":[{"width":1600,"height":1064,"url":"http:\/\/www.sindipetroba.org.br\/2019\/wp-content\/uploads\/2024\/10\/foto-1-capa.jpg","type":"image\/jpeg"}],"author":"ASCOM AL","twitter_card":"summary_large_image","twitter_creator":"@SindipetroBahia","twitter_site":"@SindipetroBahia","twitter_misc":{"Escrito por":"ASCOM AL","Est. tempo de leitura":"4 minutos"},"schema":{"@context":"https:\/\/schema.org","@graph":[{"@type":"Article","@id":"http:\/\/www.sindipetroba.org.br\/2019\/historia-e-memoria-deram-o-tom-da-celebracao-dos-setenta-anos-da-representacao-sindical\/#article","isPartOf":{"@id":"http:\/\/www.sindipetroba.org.br\/2019\/historia-e-memoria-deram-o-tom-da-celebracao-dos-setenta-anos-da-representacao-sindical\/"},"author":{"name":"ASCOM AL","@id":"http:\/\/www.sindipetroba.org.br\/2019\/#\/schema\/person\/b34be57a1332ab60188a340a09275241"},"headline":"Hist\u00f3ria e mem\u00f3ria deram o tom da celebra\u00e7\u00e3o dos 70 anos do Sindicato dos Petroleiros e Petroleiras","datePublished":"2024-10-05T04:12:10+00:00","dateModified":"2024-10-05T14:28:08+00:00","mainEntityOfPage":{"@id":"http:\/\/www.sindipetroba.org.br\/2019\/historia-e-memoria-deram-o-tom-da-celebracao-dos-setenta-anos-da-representacao-sindical\/"},"wordCount":577,"publisher":{"@id":"http:\/\/www.sindipetroba.org.br\/2019\/#organization"},"image":{"@id":"http:\/\/www.sindipetroba.org.br\/2019\/historia-e-memoria-deram-o-tom-da-celebracao-dos-setenta-anos-da-representacao-sindical\/#primaryimage"},"thumbnailUrl":"http:\/\/www.sindipetroba.org.br\/2019\/wp-content\/uploads\/2024\/10\/foto-1-capa.jpg","keywords":["70 anos","Bahia","CEPE Stella Maris","Elizabete Sacramento","hist\u00f3ria","mem\u00f3ria","petrobras","petroleiros","petr\u00f3leo","pioneirismo","Radiovaldo Costa","representa\u00e7\u00e3o sindical","Salvador"],"articleSection":["Banner Principal","Not\u00edcia"],"inLanguage":"pt-BR"},{"@type":"WebPage","@id":"http:\/\/www.sindipetroba.org.br\/2019\/historia-e-memoria-deram-o-tom-da-celebracao-dos-setenta-anos-da-representacao-sindical\/","url":"http:\/\/www.sindipetroba.org.br\/2019\/historia-e-memoria-deram-o-tom-da-celebracao-dos-setenta-anos-da-representacao-sindical\/","name":"Hist\u00f3ria e mem\u00f3ria deram o tom da celebra\u00e7\u00e3o dos 70 anos do Sindicato dos Petroleiros e Petroleiras - Sindipetro BA","isPartOf":{"@id":"http:\/\/www.sindipetroba.org.br\/2019\/#website"},"primaryImageOfPage":{"@id":"http:\/\/www.sindipetroba.org.br\/2019\/historia-e-memoria-deram-o-tom-da-celebracao-dos-setenta-anos-da-representacao-sindical\/#primaryimage"},"image":{"@id":"http:\/\/www.sindipetroba.org.br\/2019\/historia-e-memoria-deram-o-tom-da-celebracao-dos-setenta-anos-da-representacao-sindical\/#primaryimage"},"thumbnailUrl":"http:\/\/www.sindipetroba.org.br\/2019\/wp-content\/uploads\/2024\/10\/foto-1-capa.jpg","datePublished":"2024-10-05T04:12:10+00:00","dateModified":"2024-10-05T14:28:08+00:00","breadcrumb":{"@id":"http:\/\/www.sindipetroba.org.br\/2019\/historia-e-memoria-deram-o-tom-da-celebracao-dos-setenta-anos-da-representacao-sindical\/#breadcrumb"},"inLanguage":"pt-BR","potentialAction":[{"@type":"ReadAction","target":["http:\/\/www.sindipetroba.org.br\/2019\/historia-e-memoria-deram-o-tom-da-celebracao-dos-setenta-anos-da-representacao-sindical\/"]}]},{"@type":"ImageObject","inLanguage":"pt-BR","@id":"http:\/\/www.sindipetroba.org.br\/2019\/historia-e-memoria-deram-o-tom-da-celebracao-dos-setenta-anos-da-representacao-sindical\/#primaryimage","url":"http:\/\/www.sindipetroba.org.br\/2019\/wp-content\/uploads\/2024\/10\/foto-1-capa.jpg","contentUrl":"http:\/\/www.sindipetroba.org.br\/2019\/wp-content\/uploads\/2024\/10\/foto-1-capa.jpg","width":1600,"height":1064},{"@type":"BreadcrumbList","@id":"http:\/\/www.sindipetroba.org.br\/2019\/historia-e-memoria-deram-o-tom-da-celebracao-dos-setenta-anos-da-representacao-sindical\/#breadcrumb","itemListElement":[{"@type":"ListItem","position":1,"name":"In\u00edcio","item":"http:\/\/www.sindipetroba.org.br\/2019\/"},{"@type":"ListItem","position":2,"name":"Hist\u00f3ria e mem\u00f3ria deram o tom da celebra\u00e7\u00e3o dos 70 anos do Sindicato dos Petroleiros e Petroleiras"}]},{"@type":"WebSite","@id":"http:\/\/www.sindipetroba.org.br\/2019\/#website","url":"http:\/\/www.sindipetroba.org.br\/2019\/","name":"Sindipetro BA","description":"Sindicato dos Petroleiros e Petroleiras do Estado da Bahia","publisher":{"@id":"http:\/\/www.sindipetroba.org.br\/2019\/#organization"},"potentialAction":[{"@type":"SearchAction","target":{"@type":"EntryPoint","urlTemplate":"http:\/\/www.sindipetroba.org.br\/2019\/?s={search_term_string}"},"query-input":{"@type":"PropertyValueSpecification","valueRequired":true,"valueName":"search_term_string"}}],"inLanguage":"pt-BR"},{"@type":"Organization","@id":"http:\/\/www.sindipetroba.org.br\/2019\/#organization","name":"Sindipetro BA","url":"http:\/\/www.sindipetroba.org.br\/2019\/","logo":{"@type":"ImageObject","inLanguage":"pt-BR","@id":"http:\/\/www.sindipetroba.org.br\/2019\/#\/schema\/logo\/image\/","url":"http:\/\/www.sindipetroba.org.br\/2019\/wp-content\/uploads\/2019\/01\/sindipetro-marca-cor.png","contentUrl":"http:\/\/www.sindipetroba.org.br\/2019\/wp-content\/uploads\/2019\/01\/sindipetro-marca-cor.png","width":350,"height":126,"caption":"Sindipetro BA"},"image":{"@id":"http:\/\/www.sindipetroba.org.br\/2019\/#\/schema\/logo\/image\/"},"sameAs":["https:\/\/www.facebook.com\/sindipetroBa\/","https:\/\/x.com\/SindipetroBahia","https:\/\/www.instagram.com\/sindipetroba\/","https:\/\/www.youtube.com\/c\/SindipetroBahiaOficial"]},{"@type":"Person","@id":"http:\/\/www.sindipetroba.org.br\/2019\/#\/schema\/person\/b34be57a1332ab60188a340a09275241","name":"ASCOM AL","image":{"@type":"ImageObject","inLanguage":"pt-BR","@id":"https:\/\/secure.gravatar.com\/avatar\/7faf4b5e74f0ebf515009a1f27466f1b1ace10867d066a91562e822c805d3157?s=96&d=mm&r=g","url":"https:\/\/secure.gravatar.com\/avatar\/7faf4b5e74f0ebf515009a1f27466f1b1ace10867d066a91562e822c805d3157?s=96&d=mm&r=g","contentUrl":"https:\/\/secure.gravatar.com\/avatar\/7faf4b5e74f0ebf515009a1f27466f1b1ace10867d066a91562e822c805d3157?s=96&d=mm&r=g","caption":"ASCOM AL"},"sameAs":["http:\/\/www.sindipetroba.org.br"]}]}},"_links":{"self":[{"href":"http:\/\/www.sindipetroba.org.br\/2019\/wp-json\/wp\/v2\/posts\/26036","targetHints":{"allow":["GET"]}}],"collection":[{"href":"http:\/\/www.sindipetroba.org.br\/2019\/wp-json\/wp\/v2\/posts"}],"about":[{"href":"http:\/\/www.sindipetroba.org.br\/2019\/wp-json\/wp\/v2\/types\/post"}],"author":[{"embeddable":true,"href":"http:\/\/www.sindipetroba.org.br\/2019\/wp-json\/wp\/v2\/users\/7"}],"replies":[{"embeddable":true,"href":"http:\/\/www.sindipetroba.org.br\/2019\/wp-json\/wp\/v2\/comments?post=26036"}],"version-history":[{"count":10,"href":"http:\/\/www.sindipetroba.org.br\/2019\/wp-json\/wp\/v2\/posts\/26036\/revisions"}],"predecessor-version":[{"id":26097,"href":"http:\/\/www.sindipetroba.org.br\/2019\/wp-json\/wp\/v2\/posts\/26036\/revisions\/26097"}],"wp:featuredmedia":[{"embeddable":true,"href":"http:\/\/www.sindipetroba.org.br\/2019\/wp-json\/wp\/v2\/media\/26094"}],"wp:attachment":[{"href":"http:\/\/www.sindipetroba.org.br\/2019\/wp-json\/wp\/v2\/media?parent=26036"}],"wp:term":[{"taxonomy":"category","embeddable":true,"href":"http:\/\/www.sindipetroba.org.br\/2019\/wp-json\/wp\/v2\/categories?post=26036"},{"taxonomy":"post_tag","embeddable":true,"href":"http:\/\/www.sindipetroba.org.br\/2019\/wp-json\/wp\/v2\/tags?post=26036"}],"curies":[{"name":"wp","href":"https:\/\/api.w.org\/{rel}","templated":true}]}}