{"id":26323,"date":"2024-11-11T14:31:55","date_gmt":"2024-11-11T17:31:55","guid":{"rendered":"http:\/\/www.sindipetroba.org.br\/2019\/?p=26323"},"modified":"2024-11-11T14:31:55","modified_gmt":"2024-11-11T17:31:55","slug":"coordenador-da-fup-deyvid-bacelar-recebera-comenda-maria-quiteria","status":"publish","type":"post","link":"http:\/\/www.sindipetroba.org.br\/2019\/coordenador-da-fup-deyvid-bacelar-recebera-comenda-maria-quiteria\/","title":{"rendered":"Coordenador da FUP, Deyvid Bacelar receber\u00e1 Comenda Maria Quit\u00e9ria"},"content":{"rendered":"<p><em>Homenagem foi uma iniciativa do vereador Silvio Dias (PT)<\/em><\/p>\n<p>\u201cEu sei o que voc\u00ea passou, Deyvid. Eu sei o que o sindicato dos petroleiros e a FUP passaram\u201d, disse o presidente Lula, durante a cerim\u00f4nia de retomada dos investimentos da Petrobras na Refinaria Abreu e Lima, em Pernambuco. Esse reconhecimento expressa a proje\u00e7\u00e3o nacional alcan\u00e7ada pelo atual coordenador-geral da Federa\u00e7\u00e3o \u00danica dos Petroleiros (FUP), Deyvid Bacelar.<\/p>\n<p>Nesta ter\u00e7a-feira (12), em reconhecimento \u00e0 sua trajet\u00f3ria em defesa dos direitos dos trabalhadores, o feirense e filho da terra Deyvid Bacelar receber\u00e1 a Comenda Maria Quit\u00e9ria em uma sess\u00e3o solene na C\u00e2mara Municipal de Feira de Santana. A homenagem \u00e9 uma iniciativa do vereador Silvio Dias (PT), destacando a import\u00e2ncia de Bacelar para o movimento sindical e sua influ\u00eancia no cen\u00e1rio pol\u00edtico nacional.<\/p>\n<p>\u201cQue a luta continua, todo mundo sabe. Mas s\u00e3o poucos os l\u00edderes que lutam durante todos os dias de sua vida. Esses s\u00e3o os homens imprescind\u00edveis, conforme explicou o poeta Bertolt Brecht\u201d, disse S\u00edlvio Dias.<\/p>\n<p>A solenidade acontecer\u00e1 \u00e0s 19h, na C\u00e2mara Municipal. A Comenda Maria Quit\u00e9ria \u00e9 uma das maiores honrarias concedidas pela cidade, destinada a cidad\u00e3os que contribuem de maneira significativa para o desenvolvimento social e pol\u00edtico de Feira de Santana e da Bahia.<\/p>\n<p>Deyvid Bacelar vem travando nos \u00faltimos anos uma luta pela retomada dos investimentos na Petrobras, em todo o Brasil, pela reestatiza\u00e7\u00e3o de ativos da empresa, como a Refinaria Landulpho Alves (RLAM), em S\u00e3o Francisco do Conde (BA), e pela reabertura da Fafen e do Canteiro de S\u00e3o Roque do Paragua\u00e7u, o que deve voltar a gerar emprego e renda na Bahia, al\u00e9m de dividendos para o estado. Al\u00e9m de ser uma voz ativa na defesa dos direitos dos trabalhadores do setor de petr\u00f3leo e g\u00e1s, \u00e9 uma figura respeitada no di\u00e1logo com o presidente Lula e com outros \u00f3rg\u00e3os consultivos do Governo Federal.<\/p>\n<p>Sua atua\u00e7\u00e3o firme em prol da classe trabalhadora o tornou um nome reconhecido e cogitado para ocupar posi\u00e7\u00f5es estrat\u00e9gicas no governo do estado, liderado por Jer\u00f4nimo Rodrigues. A perspectiva de sua candidatura para deputado federal em 2026 \u00e9 vista com bons olhos por lideran\u00e7as pol\u00edticas e sindicalistas, que acreditam em sua capacidade de lideran\u00e7a e representa\u00e7\u00e3o.<\/p>\n<p>O vereador Silvio Dias enfatizou ainda a import\u00e2ncia da homenagem: \u201cDeyvid representa a for\u00e7a e o compromisso do povo de Feira de Santana. Esta comenda \u00e9 um s\u00edmbolo de nosso respeito e admira\u00e7\u00e3o pelo seu trabalho e sua luta incans\u00e1vel pela dignidade e justi\u00e7a social\u201d.<\/p>\n<p>Via Jornal Massa<\/p>\n","protected":false},"excerpt":{"rendered":"Homenagem foi uma iniciativa do vereador Silvio Dias (PT) \u201cEu sei o que voc\u00ea passou, Deyvid. Eu sei o que o sindicato dos petroleiros e a FUP passaram\u201d, disse o presidente Lula, durante a cerim\u00f4nia de retomada dos investimentos da Petrobras na Refinaria Abreu e Lima, em Pernambuco. Esse reconhecimento expressa a proje\u00e7\u00e3o nacional alcan\u00e7ada&#8230; <a class=\"view-article\" href=\"http:\/\/www.sindipetroba.org.br\/2019\/coordenador-da-fup-deyvid-bacelar-recebera-comenda-maria-quiteria\/\">Ver artigo<\/a>","protected":false},"author":7,"featured_media":26324,"comment_status":"closed","ping_status":"open","sticky":false,"template":"","format":"standard","meta":{"_et_pb_use_builder":"","_et_pb_old_content":"","_et_gb_content_width":"","footnotes":""},"categories":[2688,1],"tags":[3586,3585,883,70,58,32,3587,3584],"class_list":["post-26323","post","type-post","status-publish","format-standard","has-post-thumbnail","hentry","category-banner-principal","category-noticia","tag-camara-municipal-de-feira-de-santana","tag-comenda-maria-quiteria","tag-deyvid-bacelar","tag-fup","tag-lula","tag-petrobras","tag-silvio-dias","tag-sindicato-dos-petroleiros"],"yoast_head":"<!-- This site is optimized with the Yoast SEO plugin v27.3 - https:\/\/yoast.com\/product\/yoast-seo-wordpress\/ -->\n<title>Coordenador da FUP, Deyvid Bacelar receber\u00e1 Comenda Maria Quit\u00e9ria - Sindipetro BA<\/title>\n<meta name=\"robots\" content=\"index, follow, max-snippet:-1, max-image-preview:large, max-video-preview:-1\" \/>\n<link rel=\"canonical\" href=\"http:\/\/www.sindipetroba.org.br\/2019\/coordenador-da-fup-deyvid-bacelar-recebera-comenda-maria-quiteria\/\" \/>\n<meta property=\"og:locale\" content=\"pt_BR\" \/>\n<meta property=\"og:type\" content=\"article\" \/>\n<meta property=\"og:title\" content=\"Coordenador da FUP, Deyvid Bacelar receber\u00e1 Comenda Maria Quit\u00e9ria - Sindipetro BA\" \/>\n<meta property=\"og:description\" content=\"Homenagem foi uma iniciativa do vereador Silvio Dias (PT) \u201cEu sei o que voc\u00ea passou, Deyvid. Eu sei o que o sindicato dos petroleiros e a FUP passaram\u201d, disse o presidente Lula, durante a cerim\u00f4nia de retomada dos investimentos da Petrobras na Refinaria Abreu e Lima, em Pernambuco. Esse reconhecimento expressa a proje\u00e7\u00e3o nacional alcan\u00e7ada... Ver artigo\" \/>\n<meta property=\"og:url\" content=\"http:\/\/www.sindipetroba.org.br\/2019\/coordenador-da-fup-deyvid-bacelar-recebera-comenda-maria-quiteria\/\" \/>\n<meta property=\"og:site_name\" content=\"Sindipetro BA\" \/>\n<meta property=\"article:publisher\" content=\"https:\/\/www.facebook.com\/sindipetroBa\/\" \/>\n<meta property=\"article:published_time\" content=\"2024-11-11T17:31:55+00:00\" \/>\n<meta property=\"og:image\" content=\"http:\/\/www.sindipetroba.org.br\/2019\/wp-content\/uploads\/2024\/11\/IMG_8941.webp\" \/>\n\t<meta property=\"og:image:width\" content=\"380\" \/>\n\t<meta property=\"og:image:height\" content=\"300\" \/>\n\t<meta property=\"og:image:type\" content=\"image\/webp\" \/>\n<meta name=\"author\" content=\"ASCOM AL\" \/>\n<meta name=\"twitter:card\" content=\"summary_large_image\" \/>\n<meta name=\"twitter:creator\" content=\"@SindipetroBahia\" \/>\n<meta name=\"twitter:site\" content=\"@SindipetroBahia\" \/>\n<meta name=\"twitter:label1\" content=\"Escrito por\" \/>\n\t<meta name=\"twitter:data1\" content=\"ASCOM AL\" \/>\n\t<meta name=\"twitter:label2\" content=\"Est. tempo de leitura\" \/>\n\t<meta name=\"twitter:data2\" content=\"3 minutos\" \/>\n<script type=\"application\/ld+json\" class=\"yoast-schema-graph\">{\"@context\":\"https:\\\/\\\/schema.org\",\"@graph\":[{\"@type\":\"Article\",\"@id\":\"http:\\\/\\\/www.sindipetroba.org.br\\\/2019\\\/coordenador-da-fup-deyvid-bacelar-recebera-comenda-maria-quiteria\\\/#article\",\"isPartOf\":{\"@id\":\"http:\\\/\\\/www.sindipetroba.org.br\\\/2019\\\/coordenador-da-fup-deyvid-bacelar-recebera-comenda-maria-quiteria\\\/\"},\"author\":{\"name\":\"ASCOM AL\",\"@id\":\"http:\\\/\\\/www.sindipetroba.org.br\\\/2019\\\/#\\\/schema\\\/person\\\/b34be57a1332ab60188a340a09275241\"},\"headline\":\"Coordenador da FUP, Deyvid Bacelar receber\u00e1 Comenda Maria Quit\u00e9ria\",\"datePublished\":\"2024-11-11T17:31:55+00:00\",\"mainEntityOfPage\":{\"@id\":\"http:\\\/\\\/www.sindipetroba.org.br\\\/2019\\\/coordenador-da-fup-deyvid-bacelar-recebera-comenda-maria-quiteria\\\/\"},\"wordCount\":461,\"publisher\":{\"@id\":\"http:\\\/\\\/www.sindipetroba.org.br\\\/2019\\\/#organization\"},\"image\":{\"@id\":\"http:\\\/\\\/www.sindipetroba.org.br\\\/2019\\\/coordenador-da-fup-deyvid-bacelar-recebera-comenda-maria-quiteria\\\/#primaryimage\"},\"thumbnailUrl\":\"http:\\\/\\\/www.sindipetroba.org.br\\\/2019\\\/wp-content\\\/uploads\\\/2024\\\/11\\\/IMG_8941.webp\",\"keywords\":[\"C\u00e2mara Municipal de Feira de Santana\",\"Comenda Maria Quit\u00e9ria\",\"Deyvid Bacelar\",\"FUP\",\"Lula\",\"petrobras\",\"S\u00edlvio Dias\",\"Sindicato dos Petroleiros\"],\"articleSection\":[\"Banner Principal\",\"Not\u00edcia\"],\"inLanguage\":\"pt-BR\"},{\"@type\":\"WebPage\",\"@id\":\"http:\\\/\\\/www.sindipetroba.org.br\\\/2019\\\/coordenador-da-fup-deyvid-bacelar-recebera-comenda-maria-quiteria\\\/\",\"url\":\"http:\\\/\\\/www.sindipetroba.org.br\\\/2019\\\/coordenador-da-fup-deyvid-bacelar-recebera-comenda-maria-quiteria\\\/\",\"name\":\"Coordenador da FUP, Deyvid Bacelar receber\u00e1 Comenda Maria Quit\u00e9ria - Sindipetro BA\",\"isPartOf\":{\"@id\":\"http:\\\/\\\/www.sindipetroba.org.br\\\/2019\\\/#website\"},\"primaryImageOfPage\":{\"@id\":\"http:\\\/\\\/www.sindipetroba.org.br\\\/2019\\\/coordenador-da-fup-deyvid-bacelar-recebera-comenda-maria-quiteria\\\/#primaryimage\"},\"image\":{\"@id\":\"http:\\\/\\\/www.sindipetroba.org.br\\\/2019\\\/coordenador-da-fup-deyvid-bacelar-recebera-comenda-maria-quiteria\\\/#primaryimage\"},\"thumbnailUrl\":\"http:\\\/\\\/www.sindipetroba.org.br\\\/2019\\\/wp-content\\\/uploads\\\/2024\\\/11\\\/IMG_8941.webp\",\"datePublished\":\"2024-11-11T17:31:55+00:00\",\"breadcrumb\":{\"@id\":\"http:\\\/\\\/www.sindipetroba.org.br\\\/2019\\\/coordenador-da-fup-deyvid-bacelar-recebera-comenda-maria-quiteria\\\/#breadcrumb\"},\"inLanguage\":\"pt-BR\",\"potentialAction\":[{\"@type\":\"ReadAction\",\"target\":[\"http:\\\/\\\/www.sindipetroba.org.br\\\/2019\\\/coordenador-da-fup-deyvid-bacelar-recebera-comenda-maria-quiteria\\\/\"]}]},{\"@type\":\"ImageObject\",\"inLanguage\":\"pt-BR\",\"@id\":\"http:\\\/\\\/www.sindipetroba.org.br\\\/2019\\\/coordenador-da-fup-deyvid-bacelar-recebera-comenda-maria-quiteria\\\/#primaryimage\",\"url\":\"http:\\\/\\\/www.sindipetroba.org.br\\\/2019\\\/wp-content\\\/uploads\\\/2024\\\/11\\\/IMG_8941.webp\",\"contentUrl\":\"http:\\\/\\\/www.sindipetroba.org.br\\\/2019\\\/wp-content\\\/uploads\\\/2024\\\/11\\\/IMG_8941.webp\",\"width\":380,\"height\":300},{\"@type\":\"BreadcrumbList\",\"@id\":\"http:\\\/\\\/www.sindipetroba.org.br\\\/2019\\\/coordenador-da-fup-deyvid-bacelar-recebera-comenda-maria-quiteria\\\/#breadcrumb\",\"itemListElement\":[{\"@type\":\"ListItem\",\"position\":1,\"name\":\"In\u00edcio\",\"item\":\"http:\\\/\\\/www.sindipetroba.org.br\\\/2019\\\/\"},{\"@type\":\"ListItem\",\"position\":2,\"name\":\"Coordenador da FUP, Deyvid Bacelar receber\u00e1 Comenda Maria Quit\u00e9ria\"}]},{\"@type\":\"WebSite\",\"@id\":\"http:\\\/\\\/www.sindipetroba.org.br\\\/2019\\\/#website\",\"url\":\"http:\\\/\\\/www.sindipetroba.org.br\\\/2019\\\/\",\"name\":\"Sindipetro BA\",\"description\":\"Sindicato dos Petroleiros e Petroleiras do Estado da Bahia\",\"publisher\":{\"@id\":\"http:\\\/\\\/www.sindipetroba.org.br\\\/2019\\\/#organization\"},\"potentialAction\":[{\"@type\":\"SearchAction\",\"target\":{\"@type\":\"EntryPoint\",\"urlTemplate\":\"http:\\\/\\\/www.sindipetroba.org.br\\\/2019\\\/?s={search_term_string}\"},\"query-input\":{\"@type\":\"PropertyValueSpecification\",\"valueRequired\":true,\"valueName\":\"search_term_string\"}}],\"inLanguage\":\"pt-BR\"},{\"@type\":\"Organization\",\"@id\":\"http:\\\/\\\/www.sindipetroba.org.br\\\/2019\\\/#organization\",\"name\":\"Sindipetro BA\",\"url\":\"http:\\\/\\\/www.sindipetroba.org.br\\\/2019\\\/\",\"logo\":{\"@type\":\"ImageObject\",\"inLanguage\":\"pt-BR\",\"@id\":\"http:\\\/\\\/www.sindipetroba.org.br\\\/2019\\\/#\\\/schema\\\/logo\\\/image\\\/\",\"url\":\"http:\\\/\\\/www.sindipetroba.org.br\\\/2019\\\/wp-content\\\/uploads\\\/2019\\\/01\\\/sindipetro-marca-cor.png\",\"contentUrl\":\"http:\\\/\\\/www.sindipetroba.org.br\\\/2019\\\/wp-content\\\/uploads\\\/2019\\\/01\\\/sindipetro-marca-cor.png\",\"width\":350,\"height\":126,\"caption\":\"Sindipetro BA\"},\"image\":{\"@id\":\"http:\\\/\\\/www.sindipetroba.org.br\\\/2019\\\/#\\\/schema\\\/logo\\\/image\\\/\"},\"sameAs\":[\"https:\\\/\\\/www.facebook.com\\\/sindipetroBa\\\/\",\"https:\\\/\\\/x.com\\\/SindipetroBahia\",\"https:\\\/\\\/www.instagram.com\\\/sindipetroba\\\/\",\"https:\\\/\\\/www.youtube.com\\\/c\\\/SindipetroBahiaOficial\"]},{\"@type\":\"Person\",\"@id\":\"http:\\\/\\\/www.sindipetroba.org.br\\\/2019\\\/#\\\/schema\\\/person\\\/b34be57a1332ab60188a340a09275241\",\"name\":\"ASCOM AL\",\"image\":{\"@type\":\"ImageObject\",\"inLanguage\":\"pt-BR\",\"@id\":\"https:\\\/\\\/secure.gravatar.com\\\/avatar\\\/7faf4b5e74f0ebf515009a1f27466f1b1ace10867d066a91562e822c805d3157?s=96&d=mm&r=g\",\"url\":\"https:\\\/\\\/secure.gravatar.com\\\/avatar\\\/7faf4b5e74f0ebf515009a1f27466f1b1ace10867d066a91562e822c805d3157?s=96&d=mm&r=g\",\"contentUrl\":\"https:\\\/\\\/secure.gravatar.com\\\/avatar\\\/7faf4b5e74f0ebf515009a1f27466f1b1ace10867d066a91562e822c805d3157?s=96&d=mm&r=g\",\"caption\":\"ASCOM AL\"},\"sameAs\":[\"http:\\\/\\\/www.sindipetroba.org.br\"]}]}<\/script>\n<!-- \/ Yoast SEO plugin. -->","yoast_head_json":{"title":"Coordenador da FUP, Deyvid Bacelar receber\u00e1 Comenda Maria Quit\u00e9ria - Sindipetro BA","robots":{"index":"index","follow":"follow","max-snippet":"max-snippet:-1","max-image-preview":"max-image-preview:large","max-video-preview":"max-video-preview:-1"},"canonical":"http:\/\/www.sindipetroba.org.br\/2019\/coordenador-da-fup-deyvid-bacelar-recebera-comenda-maria-quiteria\/","og_locale":"pt_BR","og_type":"article","og_title":"Coordenador da FUP, Deyvid Bacelar receber\u00e1 Comenda Maria Quit\u00e9ria - Sindipetro BA","og_description":"Homenagem foi uma iniciativa do vereador Silvio Dias (PT) \u201cEu sei o que voc\u00ea passou, Deyvid. Eu sei o que o sindicato dos petroleiros e a FUP passaram\u201d, disse o presidente Lula, durante a cerim\u00f4nia de retomada dos investimentos da Petrobras na Refinaria Abreu e Lima, em Pernambuco. Esse reconhecimento expressa a proje\u00e7\u00e3o nacional alcan\u00e7ada... Ver artigo","og_url":"http:\/\/www.sindipetroba.org.br\/2019\/coordenador-da-fup-deyvid-bacelar-recebera-comenda-maria-quiteria\/","og_site_name":"Sindipetro BA","article_publisher":"https:\/\/www.facebook.com\/sindipetroBa\/","article_published_time":"2024-11-11T17:31:55+00:00","og_image":[{"width":380,"height":300,"url":"http:\/\/www.sindipetroba.org.br\/2019\/wp-content\/uploads\/2024\/11\/IMG_8941.webp","type":"image\/webp"}],"author":"ASCOM AL","twitter_card":"summary_large_image","twitter_creator":"@SindipetroBahia","twitter_site":"@SindipetroBahia","twitter_misc":{"Escrito por":"ASCOM AL","Est. tempo de leitura":"3 minutos"},"schema":{"@context":"https:\/\/schema.org","@graph":[{"@type":"Article","@id":"http:\/\/www.sindipetroba.org.br\/2019\/coordenador-da-fup-deyvid-bacelar-recebera-comenda-maria-quiteria\/#article","isPartOf":{"@id":"http:\/\/www.sindipetroba.org.br\/2019\/coordenador-da-fup-deyvid-bacelar-recebera-comenda-maria-quiteria\/"},"author":{"name":"ASCOM AL","@id":"http:\/\/www.sindipetroba.org.br\/2019\/#\/schema\/person\/b34be57a1332ab60188a340a09275241"},"headline":"Coordenador da FUP, Deyvid Bacelar receber\u00e1 Comenda Maria Quit\u00e9ria","datePublished":"2024-11-11T17:31:55+00:00","mainEntityOfPage":{"@id":"http:\/\/www.sindipetroba.org.br\/2019\/coordenador-da-fup-deyvid-bacelar-recebera-comenda-maria-quiteria\/"},"wordCount":461,"publisher":{"@id":"http:\/\/www.sindipetroba.org.br\/2019\/#organization"},"image":{"@id":"http:\/\/www.sindipetroba.org.br\/2019\/coordenador-da-fup-deyvid-bacelar-recebera-comenda-maria-quiteria\/#primaryimage"},"thumbnailUrl":"http:\/\/www.sindipetroba.org.br\/2019\/wp-content\/uploads\/2024\/11\/IMG_8941.webp","keywords":["C\u00e2mara Municipal de Feira de Santana","Comenda Maria Quit\u00e9ria","Deyvid Bacelar","FUP","Lula","petrobras","S\u00edlvio Dias","Sindicato dos Petroleiros"],"articleSection":["Banner Principal","Not\u00edcia"],"inLanguage":"pt-BR"},{"@type":"WebPage","@id":"http:\/\/www.sindipetroba.org.br\/2019\/coordenador-da-fup-deyvid-bacelar-recebera-comenda-maria-quiteria\/","url":"http:\/\/www.sindipetroba.org.br\/2019\/coordenador-da-fup-deyvid-bacelar-recebera-comenda-maria-quiteria\/","name":"Coordenador da FUP, Deyvid Bacelar receber\u00e1 Comenda Maria Quit\u00e9ria - Sindipetro BA","isPartOf":{"@id":"http:\/\/www.sindipetroba.org.br\/2019\/#website"},"primaryImageOfPage":{"@id":"http:\/\/www.sindipetroba.org.br\/2019\/coordenador-da-fup-deyvid-bacelar-recebera-comenda-maria-quiteria\/#primaryimage"},"image":{"@id":"http:\/\/www.sindipetroba.org.br\/2019\/coordenador-da-fup-deyvid-bacelar-recebera-comenda-maria-quiteria\/#primaryimage"},"thumbnailUrl":"http:\/\/www.sindipetroba.org.br\/2019\/wp-content\/uploads\/2024\/11\/IMG_8941.webp","datePublished":"2024-11-11T17:31:55+00:00","breadcrumb":{"@id":"http:\/\/www.sindipetroba.org.br\/2019\/coordenador-da-fup-deyvid-bacelar-recebera-comenda-maria-quiteria\/#breadcrumb"},"inLanguage":"pt-BR","potentialAction":[{"@type":"ReadAction","target":["http:\/\/www.sindipetroba.org.br\/2019\/coordenador-da-fup-deyvid-bacelar-recebera-comenda-maria-quiteria\/"]}]},{"@type":"ImageObject","inLanguage":"pt-BR","@id":"http:\/\/www.sindipetroba.org.br\/2019\/coordenador-da-fup-deyvid-bacelar-recebera-comenda-maria-quiteria\/#primaryimage","url":"http:\/\/www.sindipetroba.org.br\/2019\/wp-content\/uploads\/2024\/11\/IMG_8941.webp","contentUrl":"http:\/\/www.sindipetroba.org.br\/2019\/wp-content\/uploads\/2024\/11\/IMG_8941.webp","width":380,"height":300},{"@type":"BreadcrumbList","@id":"http:\/\/www.sindipetroba.org.br\/2019\/coordenador-da-fup-deyvid-bacelar-recebera-comenda-maria-quiteria\/#breadcrumb","itemListElement":[{"@type":"ListItem","position":1,"name":"In\u00edcio","item":"http:\/\/www.sindipetroba.org.br\/2019\/"},{"@type":"ListItem","position":2,"name":"Coordenador da FUP, Deyvid Bacelar receber\u00e1 Comenda Maria Quit\u00e9ria"}]},{"@type":"WebSite","@id":"http:\/\/www.sindipetroba.org.br\/2019\/#website","url":"http:\/\/www.sindipetroba.org.br\/2019\/","name":"Sindipetro BA","description":"Sindicato dos Petroleiros e Petroleiras do Estado da Bahia","publisher":{"@id":"http:\/\/www.sindipetroba.org.br\/2019\/#organization"},"potentialAction":[{"@type":"SearchAction","target":{"@type":"EntryPoint","urlTemplate":"http:\/\/www.sindipetroba.org.br\/2019\/?s={search_term_string}"},"query-input":{"@type":"PropertyValueSpecification","valueRequired":true,"valueName":"search_term_string"}}],"inLanguage":"pt-BR"},{"@type":"Organization","@id":"http:\/\/www.sindipetroba.org.br\/2019\/#organization","name":"Sindipetro BA","url":"http:\/\/www.sindipetroba.org.br\/2019\/","logo":{"@type":"ImageObject","inLanguage":"pt-BR","@id":"http:\/\/www.sindipetroba.org.br\/2019\/#\/schema\/logo\/image\/","url":"http:\/\/www.sindipetroba.org.br\/2019\/wp-content\/uploads\/2019\/01\/sindipetro-marca-cor.png","contentUrl":"http:\/\/www.sindipetroba.org.br\/2019\/wp-content\/uploads\/2019\/01\/sindipetro-marca-cor.png","width":350,"height":126,"caption":"Sindipetro BA"},"image":{"@id":"http:\/\/www.sindipetroba.org.br\/2019\/#\/schema\/logo\/image\/"},"sameAs":["https:\/\/www.facebook.com\/sindipetroBa\/","https:\/\/x.com\/SindipetroBahia","https:\/\/www.instagram.com\/sindipetroba\/","https:\/\/www.youtube.com\/c\/SindipetroBahiaOficial"]},{"@type":"Person","@id":"http:\/\/www.sindipetroba.org.br\/2019\/#\/schema\/person\/b34be57a1332ab60188a340a09275241","name":"ASCOM AL","image":{"@type":"ImageObject","inLanguage":"pt-BR","@id":"https:\/\/secure.gravatar.com\/avatar\/7faf4b5e74f0ebf515009a1f27466f1b1ace10867d066a91562e822c805d3157?s=96&d=mm&r=g","url":"https:\/\/secure.gravatar.com\/avatar\/7faf4b5e74f0ebf515009a1f27466f1b1ace10867d066a91562e822c805d3157?s=96&d=mm&r=g","contentUrl":"https:\/\/secure.gravatar.com\/avatar\/7faf4b5e74f0ebf515009a1f27466f1b1ace10867d066a91562e822c805d3157?s=96&d=mm&r=g","caption":"ASCOM AL"},"sameAs":["http:\/\/www.sindipetroba.org.br"]}]}},"_links":{"self":[{"href":"http:\/\/www.sindipetroba.org.br\/2019\/wp-json\/wp\/v2\/posts\/26323","targetHints":{"allow":["GET"]}}],"collection":[{"href":"http:\/\/www.sindipetroba.org.br\/2019\/wp-json\/wp\/v2\/posts"}],"about":[{"href":"http:\/\/www.sindipetroba.org.br\/2019\/wp-json\/wp\/v2\/types\/post"}],"author":[{"embeddable":true,"href":"http:\/\/www.sindipetroba.org.br\/2019\/wp-json\/wp\/v2\/users\/7"}],"replies":[{"embeddable":true,"href":"http:\/\/www.sindipetroba.org.br\/2019\/wp-json\/wp\/v2\/comments?post=26323"}],"version-history":[{"count":1,"href":"http:\/\/www.sindipetroba.org.br\/2019\/wp-json\/wp\/v2\/posts\/26323\/revisions"}],"predecessor-version":[{"id":26325,"href":"http:\/\/www.sindipetroba.org.br\/2019\/wp-json\/wp\/v2\/posts\/26323\/revisions\/26325"}],"wp:featuredmedia":[{"embeddable":true,"href":"http:\/\/www.sindipetroba.org.br\/2019\/wp-json\/wp\/v2\/media\/26324"}],"wp:attachment":[{"href":"http:\/\/www.sindipetroba.org.br\/2019\/wp-json\/wp\/v2\/media?parent=26323"}],"wp:term":[{"taxonomy":"category","embeddable":true,"href":"http:\/\/www.sindipetroba.org.br\/2019\/wp-json\/wp\/v2\/categories?post=26323"},{"taxonomy":"post_tag","embeddable":true,"href":"http:\/\/www.sindipetroba.org.br\/2019\/wp-json\/wp\/v2\/tags?post=26323"}],"curies":[{"name":"wp","href":"https:\/\/api.w.org\/{rel}","templated":true}]}}