{"id":26607,"date":"2025-01-08T13:25:52","date_gmt":"2025-01-08T16:25:52","guid":{"rendered":"http:\/\/www.sindipetroba.org.br\/2019\/?p=26607"},"modified":"2025-01-08T13:27:03","modified_gmt":"2025-01-08T16:27:03","slug":"8-de-janeiro-ato-em-defesa-da-democracia-tera-lula-e-liderancas-dos-tres-poderes","status":"publish","type":"post","link":"http:\/\/www.sindipetroba.org.br\/2019\/8-de-janeiro-ato-em-defesa-da-democracia-tera-lula-e-liderancas-dos-tres-poderes\/","title":{"rendered":"8 de janeiro: ato em defesa da democracia ter\u00e1 Lula e lideran\u00e7as dos Tr\u00eas Poderes"},"content":{"rendered":"<p style=\"text-align: left;\"><strong>Abra\u00e7o da Democracia, em Bras\u00edlia, ter\u00e1 a presen\u00e7a do Presidente Lula, ministros e militares. O presidente da CUT-DF representar\u00e1 a entidade<\/strong><\/p>\n<p>Na madrugada de segunda-feira (6), a atriz Fernanda Torres recebeu, merecidamente, o Globo de Ouro de melhor atriz com o filme Ainda Estou Aqui, do diretor Walter Salles, sobre os crimes da ditadura no Brasil.<\/p>\n<p>Uma ditadura que puniu inocentes, aniquilou fam\u00edlias e jogou o pa\u00eds numa vala de viol\u00eancia com torturas e assassinatos e que . come\u00e7ou com um golpe que colocou o pa\u00eds numa fossa de crueldade e da barb\u00e1rie. Como se n\u00e3o bastasse, essa mancha hist\u00f3rica do pa\u00eds teve uma tentativa de reedi\u00e7\u00e3o quase 40 anos depois do seu fim, no dia 08 de janeiro de 2023, e que n\u00e3o deve ser esquecida, jamais.<\/p>\n<p>As cenas de destrui\u00e7\u00e3o nos pr\u00e9dios do Congresso Nacional, Supremo Tribunal Federal (STF) e Pal\u00e1cio do Planalto ainda ecoam como um alerta para os riscos da radicaliza\u00e7\u00e3o pol\u00edtica e da coniv\u00eancia de lideran\u00e7as p\u00fablicas com discursos antidemocr\u00e1ticos. Por isso, nesta quarta-feira (8), quando a Na\u00e7\u00e3o chega ao segundo anivers\u00e1rio dos ataques horrendos na tentativa de golpe contra as institui\u00e7\u00f5es democr\u00e1ticas, haver\u00e1 um ato em Bras\u00edlia.<\/p>\n<p>O evento <strong>\u201cAbra\u00e7o da Democracia\u201d<\/strong>, que ocorre na Pra\u00e7a dos Tr\u00eas Poderes, busca tanto reafirmar a resili\u00eancia democr\u00e1tica quanto lembrar os danos causados por um movimento que n\u00e3o pode ser esquecido nem relativizado.<\/p>\n<p>Nas redes sociais, o Partido dos Trabalhadores (PT) e outras entidades convocam para uma concentra\u00e7\u00e3o a partir das 11h, na Pra\u00e7a dos Tr\u00eas Poderes. O ato, descrito como suprapartid\u00e1rio, contar\u00e1 al\u00e9m de lideran\u00e7as dos Tr\u00eas Poderes, com representantes movimentos sociais e religiosas, refor\u00e7ando que a luta pela democracia transcende siglas e interesses particulares.<\/p>\n<p>A Central \u00danica dos Trabalhadores estar\u00e1 representada pelo presidente da CUT-DF, Rodrigo Rodrigues, al\u00e9m de dirigentes de diversos sindicatos filiados \u00e0 Central.<\/p>\n<p><strong>Programa\u00e7\u00e3o<\/strong><\/p>\n<p><strong>A cerim\u00f4nia ter\u00e1 in\u00edcio \u00e0s 9h30<\/strong>, com a restitui\u00e7\u00e3o simb\u00f3lica de obras de arte destru\u00eddas pelos golpistas.<\/p>\n<p>Entre as 21 pe\u00e7as recuperadas est\u00e1 um raro rel\u00f3gio do s\u00e9culo XVII, trazido ao Brasil por D. Jo\u00e3o VI e destru\u00eddo no ataque. A cena da destrui\u00e7\u00e3o da obra, uma cria\u00e7\u00e3o do relojoeiro Balthazar Martinot, foi restaurado na Su\u00ed\u00e7a sem custos ao governo. O rel\u00f3gio retorna ao Pal\u00e1cio do Planalto como testemunho da reconstru\u00e7\u00e3o.<\/p>\n<p>Outro destaque ser\u00e1 a reinaugura\u00e7\u00e3o da pintura <strong>\u201cAs Mulatas\u201d<\/strong>, de Di Cavalcanti, avaliada em R$ 8 milh\u00f5es. O quadro, alvo direto da f\u00faria golpista, simboliza os ataques \u00e0 diversidade cultural e ao significado do patrim\u00f4nio como express\u00e3o da identidade nacional.<\/p>\n<p><strong>\u00c0s 11h<\/strong>, <strong>no Sal\u00e3o Nobre do Pal\u00e1cio do Planalto<\/strong>, o presidente Luiz In\u00e1cio Lula da Silva e outras lideran\u00e7as institucionais, como o presidente do Congresso, Rodrigo Pacheco, e o ministro do Supremo Tribunal Federal (STF), Alexandre de Moraes, far\u00e3o discursos reafirmando o compromisso com a democracia e denunciando as tentativas de subvert\u00ea-la.<\/p>\n<p><strong>Depois do ato oficial<\/strong>, o presidente Lula sair\u00e1 em dire\u00e7\u00e3o \u00e0 Pra\u00e7a dos Tr\u00eas Poderes onde encontrar\u00e1 a popula\u00e7\u00e3o para juntos realizarem o abra\u00e7o no local em defesa da democracia.<\/p>\n<p><strong>Simbolismo<\/strong><\/p>\n<p>O simbolismo do evento \u00e9 refor\u00e7ado pela presen\u00e7a do ministro da Defesa, Jos\u00e9 M\u00facio Monteiro, e dos comandantes das For\u00e7as Armadas, institui\u00e7\u00f5es que enfrentaram questionamentos quanto \u00e0 sua postura durante os eventos de 2023. Documentos e mensagens revelados pela Pol\u00edcia Federal mostram que integrantes do governo Bolsonaro e militares discutiram abertamente planos para um golpe de Estado. Um relat\u00f3rio da PF destacou propostas de assassinato de autoridades e a cria\u00e7\u00e3o de um \u201cgabinete de crise\u201d que seria liderado pelos generais da reserva Braga Netto e Augusto Heleno.<\/p>\n<p>A gravidade desses planos n\u00e3o pode ser subestimada. Eles n\u00e3o foram fruto de del\u00edrios isolados, mas de uma articula\u00e7\u00e3o com objetivos claros: interromper o ciclo democr\u00e1tico, desmontar as institui\u00e7\u00f5es republicanas e perpetuar um projeto autorit\u00e1rio de poder.<\/p>\n<p><strong>Mem\u00f3ria e resist\u00eancia<\/strong><\/p>\n<p>Este evento \u00e9 mais do que uma celebra\u00e7\u00e3o simb\u00f3lica: \u00e9 uma den\u00fancia enf\u00e1tica contra os que tentaram silenciar a soberania popular e uma mensagem clara de que o Brasil n\u00e3o tolerar\u00e1 novos ataques ao Estado Democr\u00e1tico de Direito.<\/p>\n<p>Ao mesmo tempo, \u00e9 uma oportunidade para refletir sobre os caminhos que permitiram a ascens\u00e3o de um discurso autorit\u00e1rio, a coniv\u00eancia de institui\u00e7\u00f5es e a manipula\u00e7\u00e3o de setores da sociedade. A reconstru\u00e7\u00e3o das obras danificadas \u00e9 um gesto de esperan\u00e7a, mas tamb\u00e9m um lembrete de que a reconstru\u00e7\u00e3o democr\u00e1tica exige vigil\u00e2ncia, mem\u00f3ria e a\u00e7\u00e3o cont\u00ednua contra as amea\u00e7as que permanecem latentes.<\/p>\n<p><a href=\"https:\/\/www.cut.org.br\/noticias\/8-de-janeiro-ato-em-defesa-da-democracia-tera-lula-e-liderancas-dos-tres-poderes-0a4a\"><em>Via CUT<\/em><\/a><\/p>\n","protected":false},"excerpt":{"rendered":"Abra\u00e7o da Democracia, em Bras\u00edlia, ter\u00e1 a presen\u00e7a do Presidente Lula, ministros e militares. O presidente da CUT-DF representar\u00e1 a entidade Na madrugada de segunda-feira (6), a atriz Fernanda Torres recebeu, merecidamente, o Globo de Ouro de melhor atriz com o filme Ainda Estou Aqui, do diretor Walter Salles, sobre os crimes da ditadura no&#8230; <a class=\"view-article\" href=\"http:\/\/www.sindipetroba.org.br\/2019\/8-de-janeiro-ato-em-defesa-da-democracia-tera-lula-e-liderancas-dos-tres-poderes\/\">Ver artigo<\/a>","protected":false},"author":4,"featured_media":26608,"comment_status":"closed","ping_status":"open","sticky":false,"template":"","format":"standard","meta":{"_et_pb_use_builder":"","_et_pb_old_content":"","_et_gb_content_width":"","footnotes":""},"categories":[2688,1],"tags":[3710,3699,3705,2587,3719,3709,3711,3714,3727,3718,3726,782,948,785,3707,3702,857,3720,3293,3715,3729,3703,3723,3704,3024,3725,3722,996,58,3509,3701,3700,1581,3717,2257,1474,3713,3712,3730,3721,3724,486,1632,3716,3728,130,3708,3731,3706],"class_list":["post-26607","post","type-post","status-publish","format-standard","has-post-thumbnail","hentry","category-banner-principal","category-noticia","tag-08-de-janeiro-de-2023","tag-abraco-da-democracia","tag-ainda-estou-aqui","tag-alexandre-de-moraes","tag-as-mulatas","tag-assassinatos","tag-ataques-golpistas","tag-ato-suprapartidario","tag-augusto-heleno","tag-balthazar-martinot","tag-braga-netto","tag-brasilia","tag-central-unica-dos-trabalhadores","tag-congresso-nacional","tag-crimes","tag-cut-df","tag-democracia","tag-di-cavalcanti","tag-ditadura","tag-diversidade-cultural","tag-estado-democratico-de-direito","tag-fernanda-torres","tag-forcas-armadas","tag-globo-de-ouro","tag-golpe-de-1964","tag-golpe-de-estado","tag-jose-mucio-monteiro","tag-luiz-inacio-lula-da-silva","tag-lula","tag-memoria","tag-militares","tag-ministros","tag-movimentos-sociais","tag-obras-de-arte","tag-palacio-do-planalto","tag-policia-federal","tag-praca-dos-tres-poderes","tag-radicalizacao-politica","tag-reconstrucao","tag-reconstrucao-democratica","tag-relatorios","tag-resistencia","tag-rodrigo-pacheco","tag-rodrigo-rodrigues","tag-soberania-popular","tag-stf","tag-tortura","tag-vigilancia","tag-walter-salles"],"yoast_head":"<!-- This site is optimized with the Yoast SEO plugin v27.3 - https:\/\/yoast.com\/product\/yoast-seo-wordpress\/ -->\n<title>8 de janeiro: ato em defesa da democracia ter\u00e1 Lula e lideran\u00e7as dos Tr\u00eas Poderes - Sindipetro BA<\/title>\n<meta name=\"robots\" content=\"index, follow, max-snippet:-1, max-image-preview:large, max-video-preview:-1\" \/>\n<link rel=\"canonical\" href=\"http:\/\/www.sindipetroba.org.br\/2019\/8-de-janeiro-ato-em-defesa-da-democracia-tera-lula-e-liderancas-dos-tres-poderes\/\" \/>\n<meta property=\"og:locale\" content=\"pt_BR\" \/>\n<meta property=\"og:type\" content=\"article\" \/>\n<meta property=\"og:title\" content=\"8 de janeiro: ato em defesa da democracia ter\u00e1 Lula e lideran\u00e7as dos Tr\u00eas Poderes - Sindipetro BA\" \/>\n<meta property=\"og:description\" content=\"Abra\u00e7o da Democracia, em Bras\u00edlia, ter\u00e1 a presen\u00e7a do Presidente Lula, ministros e militares. O presidente da CUT-DF representar\u00e1 a entidade Na madrugada de segunda-feira (6), a atriz Fernanda Torres recebeu, merecidamente, o Globo de Ouro de melhor atriz com o filme Ainda Estou Aqui, do diretor Walter Salles, sobre os crimes da ditadura no... Ver artigo\" \/>\n<meta property=\"og:url\" content=\"http:\/\/www.sindipetroba.org.br\/2019\/8-de-janeiro-ato-em-defesa-da-democracia-tera-lula-e-liderancas-dos-tres-poderes\/\" \/>\n<meta property=\"og:site_name\" content=\"Sindipetro BA\" \/>\n<meta property=\"article:publisher\" content=\"https:\/\/www.facebook.com\/sindipetroBa\/\" \/>\n<meta property=\"article:published_time\" content=\"2025-01-08T16:25:52+00:00\" \/>\n<meta property=\"article:modified_time\" content=\"2025-01-08T16:27:03+00:00\" \/>\n<meta property=\"og:image\" content=\"http:\/\/www.sindipetroba.org.br\/2019\/wp-content\/uploads\/2025\/01\/systemuploadsnews0a4a2d09e806603a17d-700x460xfit-155e1.jpg\" \/>\n\t<meta property=\"og:image:width\" content=\"700\" \/>\n\t<meta property=\"og:image:height\" content=\"460\" \/>\n\t<meta property=\"og:image:type\" content=\"image\/jpeg\" \/>\n<meta name=\"author\" content=\"ASCOM\" \/>\n<meta name=\"twitter:card\" content=\"summary_large_image\" \/>\n<meta name=\"twitter:creator\" content=\"@SindipetroBahia\" \/>\n<meta name=\"twitter:site\" content=\"@SindipetroBahia\" \/>\n<meta name=\"twitter:label1\" content=\"Escrito por\" \/>\n\t<meta name=\"twitter:data1\" content=\"ASCOM\" \/>\n\t<meta name=\"twitter:label2\" content=\"Est. tempo de leitura\" \/>\n\t<meta name=\"twitter:data2\" content=\"5 minutos\" \/>\n<script type=\"application\/ld+json\" class=\"yoast-schema-graph\">{\"@context\":\"https:\\\/\\\/schema.org\",\"@graph\":[{\"@type\":\"Article\",\"@id\":\"http:\\\/\\\/www.sindipetroba.org.br\\\/2019\\\/8-de-janeiro-ato-em-defesa-da-democracia-tera-lula-e-liderancas-dos-tres-poderes\\\/#article\",\"isPartOf\":{\"@id\":\"http:\\\/\\\/www.sindipetroba.org.br\\\/2019\\\/8-de-janeiro-ato-em-defesa-da-democracia-tera-lula-e-liderancas-dos-tres-poderes\\\/\"},\"author\":{\"name\":\"ASCOM\",\"@id\":\"http:\\\/\\\/www.sindipetroba.org.br\\\/2019\\\/#\\\/schema\\\/person\\\/80e88dbf823328ddad08b17600055a3c\"},\"headline\":\"8 de janeiro: ato em defesa da democracia ter\u00e1 Lula e lideran\u00e7as dos Tr\u00eas Poderes\",\"datePublished\":\"2025-01-08T16:25:52+00:00\",\"dateModified\":\"2025-01-08T16:27:03+00:00\",\"mainEntityOfPage\":{\"@id\":\"http:\\\/\\\/www.sindipetroba.org.br\\\/2019\\\/8-de-janeiro-ato-em-defesa-da-democracia-tera-lula-e-liderancas-dos-tres-poderes\\\/\"},\"wordCount\":836,\"publisher\":{\"@id\":\"http:\\\/\\\/www.sindipetroba.org.br\\\/2019\\\/#organization\"},\"image\":{\"@id\":\"http:\\\/\\\/www.sindipetroba.org.br\\\/2019\\\/8-de-janeiro-ato-em-defesa-da-democracia-tera-lula-e-liderancas-dos-tres-poderes\\\/#primaryimage\"},\"thumbnailUrl\":\"http:\\\/\\\/www.sindipetroba.org.br\\\/2019\\\/wp-content\\\/uploads\\\/2025\\\/01\\\/systemuploadsnews0a4a2d09e806603a17d-700x460xfit-155e1.jpg\",\"keywords\":[\"08 de janeiro de 2023\",\"Abra\u00e7o da Democracia\",\"Ainda Estou Aqui\",\"Alexandre de Moraes\",\"As Mulatas\",\"assassinatos\",\"ataques golpistas\",\"ato suprapartid\u00e1rio\",\"Augusto Heleno\",\"Balthazar Martinot\",\"Braga Netto\",\"Bras\u00edlia\",\"Central \u00danica dos Trabalhadores\",\"Congresso Nacional\",\"crimes\",\"CUT-DF\",\"Democracia\",\"Di Cavalcanti\",\"ditadura\",\"diversidade cultural\",\"Estado Democr\u00e1tico de Direito\",\"Fernanda Torres\",\"For\u00e7as Armadas\",\"Globo de Ouro\",\"golpe de 1964\",\"golpe de Estado\",\"Jos\u00e9 M\u00facio Monteiro\",\"Luiz In\u00e1cio Lula da Silva\",\"Lula\",\"mem\u00f3ria\",\"militares\",\"ministros\",\"Movimentos sociais\",\"obras de arte\",\"Pal\u00e1cio do Planalto\",\"Pol\u00edcia Federal\",\"Pra\u00e7a dos Tr\u00eas Poderes\",\"radicaliza\u00e7\u00e3o pol\u00edtica\",\"reconstru\u00e7\u00e3o\",\"reconstru\u00e7\u00e3o democr\u00e1tica\",\"relat\u00f3rios\",\"resist\u00eancia\",\"Rodrigo Pacheco\",\"Rodrigo Rodrigues\",\"soberania popular\",\"STF\",\"tortura\",\"vigil\u00e2ncia.\",\"Walter Salles\"],\"articleSection\":[\"Banner Principal\",\"Not\u00edcia\"],\"inLanguage\":\"pt-BR\"},{\"@type\":\"WebPage\",\"@id\":\"http:\\\/\\\/www.sindipetroba.org.br\\\/2019\\\/8-de-janeiro-ato-em-defesa-da-democracia-tera-lula-e-liderancas-dos-tres-poderes\\\/\",\"url\":\"http:\\\/\\\/www.sindipetroba.org.br\\\/2019\\\/8-de-janeiro-ato-em-defesa-da-democracia-tera-lula-e-liderancas-dos-tres-poderes\\\/\",\"name\":\"8 de janeiro: ato em defesa da democracia ter\u00e1 Lula e lideran\u00e7as dos Tr\u00eas Poderes - Sindipetro BA\",\"isPartOf\":{\"@id\":\"http:\\\/\\\/www.sindipetroba.org.br\\\/2019\\\/#website\"},\"primaryImageOfPage\":{\"@id\":\"http:\\\/\\\/www.sindipetroba.org.br\\\/2019\\\/8-de-janeiro-ato-em-defesa-da-democracia-tera-lula-e-liderancas-dos-tres-poderes\\\/#primaryimage\"},\"image\":{\"@id\":\"http:\\\/\\\/www.sindipetroba.org.br\\\/2019\\\/8-de-janeiro-ato-em-defesa-da-democracia-tera-lula-e-liderancas-dos-tres-poderes\\\/#primaryimage\"},\"thumbnailUrl\":\"http:\\\/\\\/www.sindipetroba.org.br\\\/2019\\\/wp-content\\\/uploads\\\/2025\\\/01\\\/systemuploadsnews0a4a2d09e806603a17d-700x460xfit-155e1.jpg\",\"datePublished\":\"2025-01-08T16:25:52+00:00\",\"dateModified\":\"2025-01-08T16:27:03+00:00\",\"breadcrumb\":{\"@id\":\"http:\\\/\\\/www.sindipetroba.org.br\\\/2019\\\/8-de-janeiro-ato-em-defesa-da-democracia-tera-lula-e-liderancas-dos-tres-poderes\\\/#breadcrumb\"},\"inLanguage\":\"pt-BR\",\"potentialAction\":[{\"@type\":\"ReadAction\",\"target\":[\"http:\\\/\\\/www.sindipetroba.org.br\\\/2019\\\/8-de-janeiro-ato-em-defesa-da-democracia-tera-lula-e-liderancas-dos-tres-poderes\\\/\"]}]},{\"@type\":\"ImageObject\",\"inLanguage\":\"pt-BR\",\"@id\":\"http:\\\/\\\/www.sindipetroba.org.br\\\/2019\\\/8-de-janeiro-ato-em-defesa-da-democracia-tera-lula-e-liderancas-dos-tres-poderes\\\/#primaryimage\",\"url\":\"http:\\\/\\\/www.sindipetroba.org.br\\\/2019\\\/wp-content\\\/uploads\\\/2025\\\/01\\\/systemuploadsnews0a4a2d09e806603a17d-700x460xfit-155e1.jpg\",\"contentUrl\":\"http:\\\/\\\/www.sindipetroba.org.br\\\/2019\\\/wp-content\\\/uploads\\\/2025\\\/01\\\/systemuploadsnews0a4a2d09e806603a17d-700x460xfit-155e1.jpg\",\"width\":700,\"height\":460,\"caption\":\"Tentativa de golpe de Estado em 8 de janeiro de 2023\"},{\"@type\":\"BreadcrumbList\",\"@id\":\"http:\\\/\\\/www.sindipetroba.org.br\\\/2019\\\/8-de-janeiro-ato-em-defesa-da-democracia-tera-lula-e-liderancas-dos-tres-poderes\\\/#breadcrumb\",\"itemListElement\":[{\"@type\":\"ListItem\",\"position\":1,\"name\":\"In\u00edcio\",\"item\":\"http:\\\/\\\/www.sindipetroba.org.br\\\/2019\\\/\"},{\"@type\":\"ListItem\",\"position\":2,\"name\":\"8 de janeiro: ato em defesa da democracia ter\u00e1 Lula e lideran\u00e7as dos Tr\u00eas Poderes\"}]},{\"@type\":\"WebSite\",\"@id\":\"http:\\\/\\\/www.sindipetroba.org.br\\\/2019\\\/#website\",\"url\":\"http:\\\/\\\/www.sindipetroba.org.br\\\/2019\\\/\",\"name\":\"Sindipetro BA\",\"description\":\"Sindicato dos Petroleiros e Petroleiras do Estado da Bahia\",\"publisher\":{\"@id\":\"http:\\\/\\\/www.sindipetroba.org.br\\\/2019\\\/#organization\"},\"potentialAction\":[{\"@type\":\"SearchAction\",\"target\":{\"@type\":\"EntryPoint\",\"urlTemplate\":\"http:\\\/\\\/www.sindipetroba.org.br\\\/2019\\\/?s={search_term_string}\"},\"query-input\":{\"@type\":\"PropertyValueSpecification\",\"valueRequired\":true,\"valueName\":\"search_term_string\"}}],\"inLanguage\":\"pt-BR\"},{\"@type\":\"Organization\",\"@id\":\"http:\\\/\\\/www.sindipetroba.org.br\\\/2019\\\/#organization\",\"name\":\"Sindipetro BA\",\"url\":\"http:\\\/\\\/www.sindipetroba.org.br\\\/2019\\\/\",\"logo\":{\"@type\":\"ImageObject\",\"inLanguage\":\"pt-BR\",\"@id\":\"http:\\\/\\\/www.sindipetroba.org.br\\\/2019\\\/#\\\/schema\\\/logo\\\/image\\\/\",\"url\":\"http:\\\/\\\/www.sindipetroba.org.br\\\/2019\\\/wp-content\\\/uploads\\\/2019\\\/01\\\/sindipetro-marca-cor.png\",\"contentUrl\":\"http:\\\/\\\/www.sindipetroba.org.br\\\/2019\\\/wp-content\\\/uploads\\\/2019\\\/01\\\/sindipetro-marca-cor.png\",\"width\":350,\"height\":126,\"caption\":\"Sindipetro BA\"},\"image\":{\"@id\":\"http:\\\/\\\/www.sindipetroba.org.br\\\/2019\\\/#\\\/schema\\\/logo\\\/image\\\/\"},\"sameAs\":[\"https:\\\/\\\/www.facebook.com\\\/sindipetroBa\\\/\",\"https:\\\/\\\/x.com\\\/SindipetroBahia\",\"https:\\\/\\\/www.instagram.com\\\/sindipetroba\\\/\",\"https:\\\/\\\/www.youtube.com\\\/c\\\/SindipetroBahiaOficial\"]},{\"@type\":\"Person\",\"@id\":\"http:\\\/\\\/www.sindipetroba.org.br\\\/2019\\\/#\\\/schema\\\/person\\\/80e88dbf823328ddad08b17600055a3c\",\"name\":\"ASCOM\",\"image\":{\"@type\":\"ImageObject\",\"inLanguage\":\"pt-BR\",\"@id\":\"https:\\\/\\\/secure.gravatar.com\\\/avatar\\\/a2ab2fd873c57926b9f03e30be8804429fd7b0d41f4f71170e45b7b7f84998a6?s=96&d=mm&r=g\",\"url\":\"https:\\\/\\\/secure.gravatar.com\\\/avatar\\\/a2ab2fd873c57926b9f03e30be8804429fd7b0d41f4f71170e45b7b7f84998a6?s=96&d=mm&r=g\",\"contentUrl\":\"https:\\\/\\\/secure.gravatar.com\\\/avatar\\\/a2ab2fd873c57926b9f03e30be8804429fd7b0d41f4f71170e45b7b7f84998a6?s=96&d=mm&r=g\",\"caption\":\"ASCOM\"},\"sameAs\":[\"http:\\\/\\\/www.sindipetroba.org.br\"]}]}<\/script>\n<!-- \/ Yoast SEO plugin. -->","yoast_head_json":{"title":"8 de janeiro: ato em defesa da democracia ter\u00e1 Lula e lideran\u00e7as dos Tr\u00eas Poderes - Sindipetro BA","robots":{"index":"index","follow":"follow","max-snippet":"max-snippet:-1","max-image-preview":"max-image-preview:large","max-video-preview":"max-video-preview:-1"},"canonical":"http:\/\/www.sindipetroba.org.br\/2019\/8-de-janeiro-ato-em-defesa-da-democracia-tera-lula-e-liderancas-dos-tres-poderes\/","og_locale":"pt_BR","og_type":"article","og_title":"8 de janeiro: ato em defesa da democracia ter\u00e1 Lula e lideran\u00e7as dos Tr\u00eas Poderes - Sindipetro BA","og_description":"Abra\u00e7o da Democracia, em Bras\u00edlia, ter\u00e1 a presen\u00e7a do Presidente Lula, ministros e militares. O presidente da CUT-DF representar\u00e1 a entidade Na madrugada de segunda-feira (6), a atriz Fernanda Torres recebeu, merecidamente, o Globo de Ouro de melhor atriz com o filme Ainda Estou Aqui, do diretor Walter Salles, sobre os crimes da ditadura no... Ver artigo","og_url":"http:\/\/www.sindipetroba.org.br\/2019\/8-de-janeiro-ato-em-defesa-da-democracia-tera-lula-e-liderancas-dos-tres-poderes\/","og_site_name":"Sindipetro BA","article_publisher":"https:\/\/www.facebook.com\/sindipetroBa\/","article_published_time":"2025-01-08T16:25:52+00:00","article_modified_time":"2025-01-08T16:27:03+00:00","og_image":[{"width":700,"height":460,"url":"http:\/\/www.sindipetroba.org.br\/2019\/wp-content\/uploads\/2025\/01\/systemuploadsnews0a4a2d09e806603a17d-700x460xfit-155e1.jpg","type":"image\/jpeg"}],"author":"ASCOM","twitter_card":"summary_large_image","twitter_creator":"@SindipetroBahia","twitter_site":"@SindipetroBahia","twitter_misc":{"Escrito por":"ASCOM","Est. tempo de leitura":"5 minutos"},"schema":{"@context":"https:\/\/schema.org","@graph":[{"@type":"Article","@id":"http:\/\/www.sindipetroba.org.br\/2019\/8-de-janeiro-ato-em-defesa-da-democracia-tera-lula-e-liderancas-dos-tres-poderes\/#article","isPartOf":{"@id":"http:\/\/www.sindipetroba.org.br\/2019\/8-de-janeiro-ato-em-defesa-da-democracia-tera-lula-e-liderancas-dos-tres-poderes\/"},"author":{"name":"ASCOM","@id":"http:\/\/www.sindipetroba.org.br\/2019\/#\/schema\/person\/80e88dbf823328ddad08b17600055a3c"},"headline":"8 de janeiro: ato em defesa da democracia ter\u00e1 Lula e lideran\u00e7as dos Tr\u00eas Poderes","datePublished":"2025-01-08T16:25:52+00:00","dateModified":"2025-01-08T16:27:03+00:00","mainEntityOfPage":{"@id":"http:\/\/www.sindipetroba.org.br\/2019\/8-de-janeiro-ato-em-defesa-da-democracia-tera-lula-e-liderancas-dos-tres-poderes\/"},"wordCount":836,"publisher":{"@id":"http:\/\/www.sindipetroba.org.br\/2019\/#organization"},"image":{"@id":"http:\/\/www.sindipetroba.org.br\/2019\/8-de-janeiro-ato-em-defesa-da-democracia-tera-lula-e-liderancas-dos-tres-poderes\/#primaryimage"},"thumbnailUrl":"http:\/\/www.sindipetroba.org.br\/2019\/wp-content\/uploads\/2025\/01\/systemuploadsnews0a4a2d09e806603a17d-700x460xfit-155e1.jpg","keywords":["08 de janeiro de 2023","Abra\u00e7o da Democracia","Ainda Estou Aqui","Alexandre de Moraes","As Mulatas","assassinatos","ataques golpistas","ato suprapartid\u00e1rio","Augusto Heleno","Balthazar Martinot","Braga Netto","Bras\u00edlia","Central \u00danica dos Trabalhadores","Congresso Nacional","crimes","CUT-DF","Democracia","Di Cavalcanti","ditadura","diversidade cultural","Estado Democr\u00e1tico de Direito","Fernanda Torres","For\u00e7as Armadas","Globo de Ouro","golpe de 1964","golpe de Estado","Jos\u00e9 M\u00facio Monteiro","Luiz In\u00e1cio Lula da Silva","Lula","mem\u00f3ria","militares","ministros","Movimentos sociais","obras de arte","Pal\u00e1cio do Planalto","Pol\u00edcia Federal","Pra\u00e7a dos Tr\u00eas Poderes","radicaliza\u00e7\u00e3o pol\u00edtica","reconstru\u00e7\u00e3o","reconstru\u00e7\u00e3o democr\u00e1tica","relat\u00f3rios","resist\u00eancia","Rodrigo Pacheco","Rodrigo Rodrigues","soberania popular","STF","tortura","vigil\u00e2ncia.","Walter Salles"],"articleSection":["Banner Principal","Not\u00edcia"],"inLanguage":"pt-BR"},{"@type":"WebPage","@id":"http:\/\/www.sindipetroba.org.br\/2019\/8-de-janeiro-ato-em-defesa-da-democracia-tera-lula-e-liderancas-dos-tres-poderes\/","url":"http:\/\/www.sindipetroba.org.br\/2019\/8-de-janeiro-ato-em-defesa-da-democracia-tera-lula-e-liderancas-dos-tres-poderes\/","name":"8 de janeiro: ato em defesa da democracia ter\u00e1 Lula e lideran\u00e7as dos Tr\u00eas Poderes - Sindipetro BA","isPartOf":{"@id":"http:\/\/www.sindipetroba.org.br\/2019\/#website"},"primaryImageOfPage":{"@id":"http:\/\/www.sindipetroba.org.br\/2019\/8-de-janeiro-ato-em-defesa-da-democracia-tera-lula-e-liderancas-dos-tres-poderes\/#primaryimage"},"image":{"@id":"http:\/\/www.sindipetroba.org.br\/2019\/8-de-janeiro-ato-em-defesa-da-democracia-tera-lula-e-liderancas-dos-tres-poderes\/#primaryimage"},"thumbnailUrl":"http:\/\/www.sindipetroba.org.br\/2019\/wp-content\/uploads\/2025\/01\/systemuploadsnews0a4a2d09e806603a17d-700x460xfit-155e1.jpg","datePublished":"2025-01-08T16:25:52+00:00","dateModified":"2025-01-08T16:27:03+00:00","breadcrumb":{"@id":"http:\/\/www.sindipetroba.org.br\/2019\/8-de-janeiro-ato-em-defesa-da-democracia-tera-lula-e-liderancas-dos-tres-poderes\/#breadcrumb"},"inLanguage":"pt-BR","potentialAction":[{"@type":"ReadAction","target":["http:\/\/www.sindipetroba.org.br\/2019\/8-de-janeiro-ato-em-defesa-da-democracia-tera-lula-e-liderancas-dos-tres-poderes\/"]}]},{"@type":"ImageObject","inLanguage":"pt-BR","@id":"http:\/\/www.sindipetroba.org.br\/2019\/8-de-janeiro-ato-em-defesa-da-democracia-tera-lula-e-liderancas-dos-tres-poderes\/#primaryimage","url":"http:\/\/www.sindipetroba.org.br\/2019\/wp-content\/uploads\/2025\/01\/systemuploadsnews0a4a2d09e806603a17d-700x460xfit-155e1.jpg","contentUrl":"http:\/\/www.sindipetroba.org.br\/2019\/wp-content\/uploads\/2025\/01\/systemuploadsnews0a4a2d09e806603a17d-700x460xfit-155e1.jpg","width":700,"height":460,"caption":"Tentativa de golpe de Estado em 8 de janeiro de 2023"},{"@type":"BreadcrumbList","@id":"http:\/\/www.sindipetroba.org.br\/2019\/8-de-janeiro-ato-em-defesa-da-democracia-tera-lula-e-liderancas-dos-tres-poderes\/#breadcrumb","itemListElement":[{"@type":"ListItem","position":1,"name":"In\u00edcio","item":"http:\/\/www.sindipetroba.org.br\/2019\/"},{"@type":"ListItem","position":2,"name":"8 de janeiro: ato em defesa da democracia ter\u00e1 Lula e lideran\u00e7as dos Tr\u00eas Poderes"}]},{"@type":"WebSite","@id":"http:\/\/www.sindipetroba.org.br\/2019\/#website","url":"http:\/\/www.sindipetroba.org.br\/2019\/","name":"Sindipetro BA","description":"Sindicato dos Petroleiros e Petroleiras do Estado da Bahia","publisher":{"@id":"http:\/\/www.sindipetroba.org.br\/2019\/#organization"},"potentialAction":[{"@type":"SearchAction","target":{"@type":"EntryPoint","urlTemplate":"http:\/\/www.sindipetroba.org.br\/2019\/?s={search_term_string}"},"query-input":{"@type":"PropertyValueSpecification","valueRequired":true,"valueName":"search_term_string"}}],"inLanguage":"pt-BR"},{"@type":"Organization","@id":"http:\/\/www.sindipetroba.org.br\/2019\/#organization","name":"Sindipetro BA","url":"http:\/\/www.sindipetroba.org.br\/2019\/","logo":{"@type":"ImageObject","inLanguage":"pt-BR","@id":"http:\/\/www.sindipetroba.org.br\/2019\/#\/schema\/logo\/image\/","url":"http:\/\/www.sindipetroba.org.br\/2019\/wp-content\/uploads\/2019\/01\/sindipetro-marca-cor.png","contentUrl":"http:\/\/www.sindipetroba.org.br\/2019\/wp-content\/uploads\/2019\/01\/sindipetro-marca-cor.png","width":350,"height":126,"caption":"Sindipetro BA"},"image":{"@id":"http:\/\/www.sindipetroba.org.br\/2019\/#\/schema\/logo\/image\/"},"sameAs":["https:\/\/www.facebook.com\/sindipetroBa\/","https:\/\/x.com\/SindipetroBahia","https:\/\/www.instagram.com\/sindipetroba\/","https:\/\/www.youtube.com\/c\/SindipetroBahiaOficial"]},{"@type":"Person","@id":"http:\/\/www.sindipetroba.org.br\/2019\/#\/schema\/person\/80e88dbf823328ddad08b17600055a3c","name":"ASCOM","image":{"@type":"ImageObject","inLanguage":"pt-BR","@id":"https:\/\/secure.gravatar.com\/avatar\/a2ab2fd873c57926b9f03e30be8804429fd7b0d41f4f71170e45b7b7f84998a6?s=96&d=mm&r=g","url":"https:\/\/secure.gravatar.com\/avatar\/a2ab2fd873c57926b9f03e30be8804429fd7b0d41f4f71170e45b7b7f84998a6?s=96&d=mm&r=g","contentUrl":"https:\/\/secure.gravatar.com\/avatar\/a2ab2fd873c57926b9f03e30be8804429fd7b0d41f4f71170e45b7b7f84998a6?s=96&d=mm&r=g","caption":"ASCOM"},"sameAs":["http:\/\/www.sindipetroba.org.br"]}]}},"_links":{"self":[{"href":"http:\/\/www.sindipetroba.org.br\/2019\/wp-json\/wp\/v2\/posts\/26607","targetHints":{"allow":["GET"]}}],"collection":[{"href":"http:\/\/www.sindipetroba.org.br\/2019\/wp-json\/wp\/v2\/posts"}],"about":[{"href":"http:\/\/www.sindipetroba.org.br\/2019\/wp-json\/wp\/v2\/types\/post"}],"author":[{"embeddable":true,"href":"http:\/\/www.sindipetroba.org.br\/2019\/wp-json\/wp\/v2\/users\/4"}],"replies":[{"embeddable":true,"href":"http:\/\/www.sindipetroba.org.br\/2019\/wp-json\/wp\/v2\/comments?post=26607"}],"version-history":[{"count":2,"href":"http:\/\/www.sindipetroba.org.br\/2019\/wp-json\/wp\/v2\/posts\/26607\/revisions"}],"predecessor-version":[{"id":26610,"href":"http:\/\/www.sindipetroba.org.br\/2019\/wp-json\/wp\/v2\/posts\/26607\/revisions\/26610"}],"wp:featuredmedia":[{"embeddable":true,"href":"http:\/\/www.sindipetroba.org.br\/2019\/wp-json\/wp\/v2\/media\/26608"}],"wp:attachment":[{"href":"http:\/\/www.sindipetroba.org.br\/2019\/wp-json\/wp\/v2\/media?parent=26607"}],"wp:term":[{"taxonomy":"category","embeddable":true,"href":"http:\/\/www.sindipetroba.org.br\/2019\/wp-json\/wp\/v2\/categories?post=26607"},{"taxonomy":"post_tag","embeddable":true,"href":"http:\/\/www.sindipetroba.org.br\/2019\/wp-json\/wp\/v2\/tags?post=26607"}],"curies":[{"name":"wp","href":"https:\/\/api.w.org\/{rel}","templated":true}]}}