{"id":2736,"date":"2019-07-23T15:50:06","date_gmt":"2019-07-23T18:50:06","guid":{"rendered":"http:\/\/www.sindipetroba.org.br\/2019\/?p=2736"},"modified":"2019-07-23T15:50:06","modified_gmt":"2019-07-23T18:50:06","slug":"julho-das-pretas-enfrentamento-ao-racismo-e-violencia-contra-as-mulheres-negras","status":"publish","type":"post","link":"http:\/\/www.sindipetroba.org.br\/2019\/julho-das-pretas-enfrentamento-ao-racismo-e-violencia-contra-as-mulheres-negras\/","title":{"rendered":"Julho das Pretas: enfrentamento ao racismo e viol\u00eancia contra as mulheres negras"},"content":{"rendered":"<p>O \u201cJulho das Pretas\u201d \u00e9 uma agenda comum de interven\u00e7\u00e3o do movimento de mulheres negras, que al\u00e9m de discutir a programa\u00e7\u00e3o de atividades e a\u00e7\u00f5es de mulheres negras para o m\u00eas de julho, se prop\u00f5e a debater amplamente o racismo e machismo que as mulheres, sobretudo, as negras, s\u00e3o v\u00edtimas todos os dias em todo o Brasil.<\/p>\n<p>Julho foi escolhido por ser o m\u00eas da Mulher Afro-Latino Americana e Afro-Caribenha, dando visibilidade \u00e0 luta, \u00e0s a\u00e7\u00f5es, promo\u00e7\u00e3o e valoriza\u00e7\u00e3o do debate e da identidade da mulher negra brasileira, e na Bahia, reafirmando o julho como um m\u00eas de interven\u00e7\u00e3o das feministas negras.<\/p>\n<p>&#8220;O m\u00eas das pretas \u00e9 um bom momento para reflex\u00e3o. \u00c9 hora de ir para as ruas com as mulheres e com os homens que apoiam essa causa, que \u00e9 uma causa de todos. Principalmente agora que n\u00f3s estamos sofrendo v\u00e1rios ataques e amea\u00e7as de 20, 30 anos de retrocesso, e qui\u00e7\u00e1 a escravatura&#8221;, afirma a diretora do Sindipetro Bahia, Christiane Barroso.<\/p>\n<p>A diretora do sindicato ainda demonstra preocupa\u00e7\u00e3o com a Reforma da Previd\u00eancia. Para ela, a reforma prejudica todas as mulheres e principalmente as mulheres pobres e negras da periferia que s\u00e3o mais vulner\u00e1veis a essa falta de assist\u00eancia do Estado.<\/p>\n<p><strong>A data<\/strong><br \/>\nO Dia Internacional da Mulher Afro-Latino americana e Afro-Caribenha foi criado em 25 de julho de 1992, durante o I\u00ba Encontro de Mulheres Afro-Latino-Americanas e Afro-caribenhas, em Santo Domingos, na Rep\u00fablica Dominicana.<\/p>\n<p><strong>Assista o Cara a Cara especial &#8220;Julho das Pretas&#8221;<\/strong><br \/>\nNa pr\u00f3xima ter\u00e7a-feira (30), \u00e0s 15h, o programa Cara a Cara ter\u00e1 uma edi\u00e7\u00e3o especial dedicada a agenda &#8220;Julho das Pretas&#8221;, com o tema &#8220;Mulheres na luta por um Nordeste livre&#8221;. O programa ter\u00e1 a participa\u00e7\u00e3o das convidadas: Laina Cris\u00f3stomo (advogada e presidente da ONG TamoJuntas), Ana Georgina Dias (Supervisora T\u00e9cnica do DIEESE) e Erilza Galv\u00e3o (diretora do Sintsef) e Tha\u00eds (ativista do Levante).<\/p>\n<p>&#8220;Hoje, mais do que nunca \u00e9 preciso estarmos juntas, participando das marchas, das rodas de conversa, dos saraus, debatendo e trazendo todas as perspectivas , nos fortalecendo e nos preparando para o combate&#8221;, diz Christiane Barroso.<\/p>\n<p><strong>Participe do Sarau das Pretas<\/strong><br \/>\nComo parte da agenda especial que est\u00e1 sendo promovida pelo Sindipetro, ser\u00e1 realizada na sexta-feira (9), \u00e0s 18h, o Sarau das Pretas, na sede do sindicato. Mulheres na luta por um Nordeste livre e contra o feminic\u00eddio, a xenofobia e o desemprego! Participe do nosso sarau!<\/p>\n<p><strong>Mulheres na rua e na luta!<\/strong><br \/>\nNesta quinta-feira (25), acontece a marcha \u201cMulheres na luta por um Nordeste livre. A concentra\u00e7\u00e3o ser\u00e1 na Pra\u00e7a da Piedade, \u00e0s 13h, com uma passeata at\u00e9 o Pelourinho.<\/p>\n","protected":false},"excerpt":{"rendered":"O \u201cJulho das Pretas\u201d \u00e9 uma agenda comum de interven\u00e7\u00e3o do movimento de mulheres negras, que al\u00e9m de discutir a programa\u00e7\u00e3o de atividades e a\u00e7\u00f5es de mulheres negras para o m\u00eas de julho, se prop\u00f5e a debater amplamente o racismo e machismo que as mulheres, sobretudo, as negras, s\u00e3o v\u00edtimas todos os dias em todo&#8230; <a class=\"view-article\" href=\"http:\/\/www.sindipetroba.org.br\/2019\/julho-das-pretas-enfrentamento-ao-racismo-e-violencia-contra-as-mulheres-negras\/\">Ver artigo<\/a>","protected":false},"author":1,"featured_media":2737,"comment_status":"closed","ping_status":"open","sticky":false,"template":"","format":"standard","meta":{"_et_pb_use_builder":"","_et_pb_old_content":"","_et_gb_content_width":"","footnotes":""},"categories":[1],"tags":[221,46],"class_list":["post-2736","post","type-post","status-publish","format-standard","has-post-thumbnail","hentry","category-noticia","tag-julho-das-pretas","tag-sindipetro"],"yoast_head":"<!-- This site is optimized with the Yoast SEO plugin v27.3 - https:\/\/yoast.com\/product\/yoast-seo-wordpress\/ -->\n<title>Julho das Pretas: enfrentamento ao racismo e viol\u00eancia contra as mulheres negras - Sindipetro BA<\/title>\n<meta name=\"robots\" content=\"index, follow, max-snippet:-1, max-image-preview:large, max-video-preview:-1\" \/>\n<link rel=\"canonical\" href=\"http:\/\/www.sindipetroba.org.br\/2019\/julho-das-pretas-enfrentamento-ao-racismo-e-violencia-contra-as-mulheres-negras\/\" \/>\n<meta property=\"og:locale\" content=\"pt_BR\" \/>\n<meta property=\"og:type\" content=\"article\" \/>\n<meta property=\"og:title\" content=\"Julho das Pretas: enfrentamento ao racismo e viol\u00eancia contra as mulheres negras - Sindipetro BA\" \/>\n<meta property=\"og:description\" content=\"O \u201cJulho das Pretas\u201d \u00e9 uma agenda comum de interven\u00e7\u00e3o do movimento de mulheres negras, que al\u00e9m de discutir a programa\u00e7\u00e3o de atividades e a\u00e7\u00f5es de mulheres negras para o m\u00eas de julho, se prop\u00f5e a debater amplamente o racismo e machismo que as mulheres, sobretudo, as negras, s\u00e3o v\u00edtimas todos os dias em todo... Ver artigo\" \/>\n<meta property=\"og:url\" content=\"http:\/\/www.sindipetroba.org.br\/2019\/julho-das-pretas-enfrentamento-ao-racismo-e-violencia-contra-as-mulheres-negras\/\" \/>\n<meta property=\"og:site_name\" content=\"Sindipetro BA\" \/>\n<meta property=\"article:publisher\" content=\"https:\/\/www.facebook.com\/sindipetroBa\/\" \/>\n<meta property=\"article:published_time\" content=\"2019-07-23T18:50:06+00:00\" \/>\n<meta property=\"og:image\" content=\"http:\/\/www.sindipetroba.org.br\/2019\/wp-content\/uploads\/2019\/07\/julho.jpg\" \/>\n\t<meta property=\"og:image:width\" content=\"1080\" \/>\n\t<meta property=\"og:image:height\" content=\"1080\" \/>\n\t<meta property=\"og:image:type\" content=\"image\/jpeg\" \/>\n<meta name=\"author\" content=\"admsp\" \/>\n<meta name=\"twitter:card\" content=\"summary_large_image\" \/>\n<meta name=\"twitter:creator\" content=\"@SindipetroBahia\" \/>\n<meta name=\"twitter:site\" content=\"@SindipetroBahia\" \/>\n<meta name=\"twitter:label1\" content=\"Escrito por\" \/>\n\t<meta name=\"twitter:data1\" content=\"admsp\" \/>\n\t<meta name=\"twitter:label2\" content=\"Est. tempo de leitura\" \/>\n\t<meta name=\"twitter:data2\" content=\"2 minutos\" \/>\n<script type=\"application\/ld+json\" class=\"yoast-schema-graph\">{\"@context\":\"https:\\\/\\\/schema.org\",\"@graph\":[{\"@type\":\"Article\",\"@id\":\"http:\\\/\\\/www.sindipetroba.org.br\\\/2019\\\/julho-das-pretas-enfrentamento-ao-racismo-e-violencia-contra-as-mulheres-negras\\\/#article\",\"isPartOf\":{\"@id\":\"http:\\\/\\\/www.sindipetroba.org.br\\\/2019\\\/julho-das-pretas-enfrentamento-ao-racismo-e-violencia-contra-as-mulheres-negras\\\/\"},\"author\":{\"name\":\"admsp\",\"@id\":\"http:\\\/\\\/www.sindipetroba.org.br\\\/2019\\\/#\\\/schema\\\/person\\\/e61228ef9f981537d4c4eb80f6ea7713\"},\"headline\":\"Julho das Pretas: enfrentamento ao racismo e viol\u00eancia contra as mulheres negras\",\"datePublished\":\"2019-07-23T18:50:06+00:00\",\"mainEntityOfPage\":{\"@id\":\"http:\\\/\\\/www.sindipetroba.org.br\\\/2019\\\/julho-das-pretas-enfrentamento-ao-racismo-e-violencia-contra-as-mulheres-negras\\\/\"},\"wordCount\":467,\"publisher\":{\"@id\":\"http:\\\/\\\/www.sindipetroba.org.br\\\/2019\\\/#organization\"},\"image\":{\"@id\":\"http:\\\/\\\/www.sindipetroba.org.br\\\/2019\\\/julho-das-pretas-enfrentamento-ao-racismo-e-violencia-contra-as-mulheres-negras\\\/#primaryimage\"},\"thumbnailUrl\":\"http:\\\/\\\/www.sindipetroba.org.br\\\/2019\\\/wp-content\\\/uploads\\\/2019\\\/07\\\/julho.jpg\",\"keywords\":[\"Julho das Pretas\",\"sindipetro\"],\"articleSection\":[\"Not\u00edcia\"],\"inLanguage\":\"pt-BR\"},{\"@type\":\"WebPage\",\"@id\":\"http:\\\/\\\/www.sindipetroba.org.br\\\/2019\\\/julho-das-pretas-enfrentamento-ao-racismo-e-violencia-contra-as-mulheres-negras\\\/\",\"url\":\"http:\\\/\\\/www.sindipetroba.org.br\\\/2019\\\/julho-das-pretas-enfrentamento-ao-racismo-e-violencia-contra-as-mulheres-negras\\\/\",\"name\":\"Julho das Pretas: enfrentamento ao racismo e viol\u00eancia contra as mulheres negras - Sindipetro BA\",\"isPartOf\":{\"@id\":\"http:\\\/\\\/www.sindipetroba.org.br\\\/2019\\\/#website\"},\"primaryImageOfPage\":{\"@id\":\"http:\\\/\\\/www.sindipetroba.org.br\\\/2019\\\/julho-das-pretas-enfrentamento-ao-racismo-e-violencia-contra-as-mulheres-negras\\\/#primaryimage\"},\"image\":{\"@id\":\"http:\\\/\\\/www.sindipetroba.org.br\\\/2019\\\/julho-das-pretas-enfrentamento-ao-racismo-e-violencia-contra-as-mulheres-negras\\\/#primaryimage\"},\"thumbnailUrl\":\"http:\\\/\\\/www.sindipetroba.org.br\\\/2019\\\/wp-content\\\/uploads\\\/2019\\\/07\\\/julho.jpg\",\"datePublished\":\"2019-07-23T18:50:06+00:00\",\"breadcrumb\":{\"@id\":\"http:\\\/\\\/www.sindipetroba.org.br\\\/2019\\\/julho-das-pretas-enfrentamento-ao-racismo-e-violencia-contra-as-mulheres-negras\\\/#breadcrumb\"},\"inLanguage\":\"pt-BR\",\"potentialAction\":[{\"@type\":\"ReadAction\",\"target\":[\"http:\\\/\\\/www.sindipetroba.org.br\\\/2019\\\/julho-das-pretas-enfrentamento-ao-racismo-e-violencia-contra-as-mulheres-negras\\\/\"]}]},{\"@type\":\"ImageObject\",\"inLanguage\":\"pt-BR\",\"@id\":\"http:\\\/\\\/www.sindipetroba.org.br\\\/2019\\\/julho-das-pretas-enfrentamento-ao-racismo-e-violencia-contra-as-mulheres-negras\\\/#primaryimage\",\"url\":\"http:\\\/\\\/www.sindipetroba.org.br\\\/2019\\\/wp-content\\\/uploads\\\/2019\\\/07\\\/julho.jpg\",\"contentUrl\":\"http:\\\/\\\/www.sindipetroba.org.br\\\/2019\\\/wp-content\\\/uploads\\\/2019\\\/07\\\/julho.jpg\",\"width\":1080,\"height\":1080},{\"@type\":\"BreadcrumbList\",\"@id\":\"http:\\\/\\\/www.sindipetroba.org.br\\\/2019\\\/julho-das-pretas-enfrentamento-ao-racismo-e-violencia-contra-as-mulheres-negras\\\/#breadcrumb\",\"itemListElement\":[{\"@type\":\"ListItem\",\"position\":1,\"name\":\"In\u00edcio\",\"item\":\"http:\\\/\\\/www.sindipetroba.org.br\\\/2019\\\/\"},{\"@type\":\"ListItem\",\"position\":2,\"name\":\"Julho das Pretas: enfrentamento ao racismo e viol\u00eancia contra as mulheres negras\"}]},{\"@type\":\"WebSite\",\"@id\":\"http:\\\/\\\/www.sindipetroba.org.br\\\/2019\\\/#website\",\"url\":\"http:\\\/\\\/www.sindipetroba.org.br\\\/2019\\\/\",\"name\":\"Sindipetro BA\",\"description\":\"Sindicato dos Petroleiros e Petroleiras do Estado da Bahia\",\"publisher\":{\"@id\":\"http:\\\/\\\/www.sindipetroba.org.br\\\/2019\\\/#organization\"},\"potentialAction\":[{\"@type\":\"SearchAction\",\"target\":{\"@type\":\"EntryPoint\",\"urlTemplate\":\"http:\\\/\\\/www.sindipetroba.org.br\\\/2019\\\/?s={search_term_string}\"},\"query-input\":{\"@type\":\"PropertyValueSpecification\",\"valueRequired\":true,\"valueName\":\"search_term_string\"}}],\"inLanguage\":\"pt-BR\"},{\"@type\":\"Organization\",\"@id\":\"http:\\\/\\\/www.sindipetroba.org.br\\\/2019\\\/#organization\",\"name\":\"Sindipetro BA\",\"url\":\"http:\\\/\\\/www.sindipetroba.org.br\\\/2019\\\/\",\"logo\":{\"@type\":\"ImageObject\",\"inLanguage\":\"pt-BR\",\"@id\":\"http:\\\/\\\/www.sindipetroba.org.br\\\/2019\\\/#\\\/schema\\\/logo\\\/image\\\/\",\"url\":\"http:\\\/\\\/www.sindipetroba.org.br\\\/2019\\\/wp-content\\\/uploads\\\/2019\\\/01\\\/sindipetro-marca-cor.png\",\"contentUrl\":\"http:\\\/\\\/www.sindipetroba.org.br\\\/2019\\\/wp-content\\\/uploads\\\/2019\\\/01\\\/sindipetro-marca-cor.png\",\"width\":350,\"height\":126,\"caption\":\"Sindipetro BA\"},\"image\":{\"@id\":\"http:\\\/\\\/www.sindipetroba.org.br\\\/2019\\\/#\\\/schema\\\/logo\\\/image\\\/\"},\"sameAs\":[\"https:\\\/\\\/www.facebook.com\\\/sindipetroBa\\\/\",\"https:\\\/\\\/x.com\\\/SindipetroBahia\",\"https:\\\/\\\/www.instagram.com\\\/sindipetroba\\\/\",\"https:\\\/\\\/www.youtube.com\\\/c\\\/SindipetroBahiaOficial\"]},{\"@type\":\"Person\",\"@id\":\"http:\\\/\\\/www.sindipetroba.org.br\\\/2019\\\/#\\\/schema\\\/person\\\/e61228ef9f981537d4c4eb80f6ea7713\",\"name\":\"admsp\",\"image\":{\"@type\":\"ImageObject\",\"inLanguage\":\"pt-BR\",\"@id\":\"https:\\\/\\\/secure.gravatar.com\\\/avatar\\\/50f06e2b746fe9248099d2c61c12342ab36327e9d413e3171dd7033b84800d96?s=96&d=mm&r=g\",\"url\":\"https:\\\/\\\/secure.gravatar.com\\\/avatar\\\/50f06e2b746fe9248099d2c61c12342ab36327e9d413e3171dd7033b84800d96?s=96&d=mm&r=g\",\"contentUrl\":\"https:\\\/\\\/secure.gravatar.com\\\/avatar\\\/50f06e2b746fe9248099d2c61c12342ab36327e9d413e3171dd7033b84800d96?s=96&d=mm&r=g\",\"caption\":\"admsp\"}}]}<\/script>\n<!-- \/ Yoast SEO plugin. -->","yoast_head_json":{"title":"Julho das Pretas: enfrentamento ao racismo e viol\u00eancia contra as mulheres negras - Sindipetro BA","robots":{"index":"index","follow":"follow","max-snippet":"max-snippet:-1","max-image-preview":"max-image-preview:large","max-video-preview":"max-video-preview:-1"},"canonical":"http:\/\/www.sindipetroba.org.br\/2019\/julho-das-pretas-enfrentamento-ao-racismo-e-violencia-contra-as-mulheres-negras\/","og_locale":"pt_BR","og_type":"article","og_title":"Julho das Pretas: enfrentamento ao racismo e viol\u00eancia contra as mulheres negras - Sindipetro BA","og_description":"O \u201cJulho das Pretas\u201d \u00e9 uma agenda comum de interven\u00e7\u00e3o do movimento de mulheres negras, que al\u00e9m de discutir a programa\u00e7\u00e3o de atividades e a\u00e7\u00f5es de mulheres negras para o m\u00eas de julho, se prop\u00f5e a debater amplamente o racismo e machismo que as mulheres, sobretudo, as negras, s\u00e3o v\u00edtimas todos os dias em todo... Ver artigo","og_url":"http:\/\/www.sindipetroba.org.br\/2019\/julho-das-pretas-enfrentamento-ao-racismo-e-violencia-contra-as-mulheres-negras\/","og_site_name":"Sindipetro BA","article_publisher":"https:\/\/www.facebook.com\/sindipetroBa\/","article_published_time":"2019-07-23T18:50:06+00:00","og_image":[{"width":1080,"height":1080,"url":"http:\/\/www.sindipetroba.org.br\/2019\/wp-content\/uploads\/2019\/07\/julho.jpg","type":"image\/jpeg"}],"author":"admsp","twitter_card":"summary_large_image","twitter_creator":"@SindipetroBahia","twitter_site":"@SindipetroBahia","twitter_misc":{"Escrito por":"admsp","Est. tempo de leitura":"2 minutos"},"schema":{"@context":"https:\/\/schema.org","@graph":[{"@type":"Article","@id":"http:\/\/www.sindipetroba.org.br\/2019\/julho-das-pretas-enfrentamento-ao-racismo-e-violencia-contra-as-mulheres-negras\/#article","isPartOf":{"@id":"http:\/\/www.sindipetroba.org.br\/2019\/julho-das-pretas-enfrentamento-ao-racismo-e-violencia-contra-as-mulheres-negras\/"},"author":{"name":"admsp","@id":"http:\/\/www.sindipetroba.org.br\/2019\/#\/schema\/person\/e61228ef9f981537d4c4eb80f6ea7713"},"headline":"Julho das Pretas: enfrentamento ao racismo e viol\u00eancia contra as mulheres negras","datePublished":"2019-07-23T18:50:06+00:00","mainEntityOfPage":{"@id":"http:\/\/www.sindipetroba.org.br\/2019\/julho-das-pretas-enfrentamento-ao-racismo-e-violencia-contra-as-mulheres-negras\/"},"wordCount":467,"publisher":{"@id":"http:\/\/www.sindipetroba.org.br\/2019\/#organization"},"image":{"@id":"http:\/\/www.sindipetroba.org.br\/2019\/julho-das-pretas-enfrentamento-ao-racismo-e-violencia-contra-as-mulheres-negras\/#primaryimage"},"thumbnailUrl":"http:\/\/www.sindipetroba.org.br\/2019\/wp-content\/uploads\/2019\/07\/julho.jpg","keywords":["Julho das Pretas","sindipetro"],"articleSection":["Not\u00edcia"],"inLanguage":"pt-BR"},{"@type":"WebPage","@id":"http:\/\/www.sindipetroba.org.br\/2019\/julho-das-pretas-enfrentamento-ao-racismo-e-violencia-contra-as-mulheres-negras\/","url":"http:\/\/www.sindipetroba.org.br\/2019\/julho-das-pretas-enfrentamento-ao-racismo-e-violencia-contra-as-mulheres-negras\/","name":"Julho das Pretas: enfrentamento ao racismo e viol\u00eancia contra as mulheres negras - Sindipetro BA","isPartOf":{"@id":"http:\/\/www.sindipetroba.org.br\/2019\/#website"},"primaryImageOfPage":{"@id":"http:\/\/www.sindipetroba.org.br\/2019\/julho-das-pretas-enfrentamento-ao-racismo-e-violencia-contra-as-mulheres-negras\/#primaryimage"},"image":{"@id":"http:\/\/www.sindipetroba.org.br\/2019\/julho-das-pretas-enfrentamento-ao-racismo-e-violencia-contra-as-mulheres-negras\/#primaryimage"},"thumbnailUrl":"http:\/\/www.sindipetroba.org.br\/2019\/wp-content\/uploads\/2019\/07\/julho.jpg","datePublished":"2019-07-23T18:50:06+00:00","breadcrumb":{"@id":"http:\/\/www.sindipetroba.org.br\/2019\/julho-das-pretas-enfrentamento-ao-racismo-e-violencia-contra-as-mulheres-negras\/#breadcrumb"},"inLanguage":"pt-BR","potentialAction":[{"@type":"ReadAction","target":["http:\/\/www.sindipetroba.org.br\/2019\/julho-das-pretas-enfrentamento-ao-racismo-e-violencia-contra-as-mulheres-negras\/"]}]},{"@type":"ImageObject","inLanguage":"pt-BR","@id":"http:\/\/www.sindipetroba.org.br\/2019\/julho-das-pretas-enfrentamento-ao-racismo-e-violencia-contra-as-mulheres-negras\/#primaryimage","url":"http:\/\/www.sindipetroba.org.br\/2019\/wp-content\/uploads\/2019\/07\/julho.jpg","contentUrl":"http:\/\/www.sindipetroba.org.br\/2019\/wp-content\/uploads\/2019\/07\/julho.jpg","width":1080,"height":1080},{"@type":"BreadcrumbList","@id":"http:\/\/www.sindipetroba.org.br\/2019\/julho-das-pretas-enfrentamento-ao-racismo-e-violencia-contra-as-mulheres-negras\/#breadcrumb","itemListElement":[{"@type":"ListItem","position":1,"name":"In\u00edcio","item":"http:\/\/www.sindipetroba.org.br\/2019\/"},{"@type":"ListItem","position":2,"name":"Julho das Pretas: enfrentamento ao racismo e viol\u00eancia contra as mulheres negras"}]},{"@type":"WebSite","@id":"http:\/\/www.sindipetroba.org.br\/2019\/#website","url":"http:\/\/www.sindipetroba.org.br\/2019\/","name":"Sindipetro BA","description":"Sindicato dos Petroleiros e Petroleiras do Estado da Bahia","publisher":{"@id":"http:\/\/www.sindipetroba.org.br\/2019\/#organization"},"potentialAction":[{"@type":"SearchAction","target":{"@type":"EntryPoint","urlTemplate":"http:\/\/www.sindipetroba.org.br\/2019\/?s={search_term_string}"},"query-input":{"@type":"PropertyValueSpecification","valueRequired":true,"valueName":"search_term_string"}}],"inLanguage":"pt-BR"},{"@type":"Organization","@id":"http:\/\/www.sindipetroba.org.br\/2019\/#organization","name":"Sindipetro BA","url":"http:\/\/www.sindipetroba.org.br\/2019\/","logo":{"@type":"ImageObject","inLanguage":"pt-BR","@id":"http:\/\/www.sindipetroba.org.br\/2019\/#\/schema\/logo\/image\/","url":"http:\/\/www.sindipetroba.org.br\/2019\/wp-content\/uploads\/2019\/01\/sindipetro-marca-cor.png","contentUrl":"http:\/\/www.sindipetroba.org.br\/2019\/wp-content\/uploads\/2019\/01\/sindipetro-marca-cor.png","width":350,"height":126,"caption":"Sindipetro BA"},"image":{"@id":"http:\/\/www.sindipetroba.org.br\/2019\/#\/schema\/logo\/image\/"},"sameAs":["https:\/\/www.facebook.com\/sindipetroBa\/","https:\/\/x.com\/SindipetroBahia","https:\/\/www.instagram.com\/sindipetroba\/","https:\/\/www.youtube.com\/c\/SindipetroBahiaOficial"]},{"@type":"Person","@id":"http:\/\/www.sindipetroba.org.br\/2019\/#\/schema\/person\/e61228ef9f981537d4c4eb80f6ea7713","name":"admsp","image":{"@type":"ImageObject","inLanguage":"pt-BR","@id":"https:\/\/secure.gravatar.com\/avatar\/50f06e2b746fe9248099d2c61c12342ab36327e9d413e3171dd7033b84800d96?s=96&d=mm&r=g","url":"https:\/\/secure.gravatar.com\/avatar\/50f06e2b746fe9248099d2c61c12342ab36327e9d413e3171dd7033b84800d96?s=96&d=mm&r=g","contentUrl":"https:\/\/secure.gravatar.com\/avatar\/50f06e2b746fe9248099d2c61c12342ab36327e9d413e3171dd7033b84800d96?s=96&d=mm&r=g","caption":"admsp"}}]}},"_links":{"self":[{"href":"http:\/\/www.sindipetroba.org.br\/2019\/wp-json\/wp\/v2\/posts\/2736","targetHints":{"allow":["GET"]}}],"collection":[{"href":"http:\/\/www.sindipetroba.org.br\/2019\/wp-json\/wp\/v2\/posts"}],"about":[{"href":"http:\/\/www.sindipetroba.org.br\/2019\/wp-json\/wp\/v2\/types\/post"}],"author":[{"embeddable":true,"href":"http:\/\/www.sindipetroba.org.br\/2019\/wp-json\/wp\/v2\/users\/1"}],"replies":[{"embeddable":true,"href":"http:\/\/www.sindipetroba.org.br\/2019\/wp-json\/wp\/v2\/comments?post=2736"}],"version-history":[{"count":1,"href":"http:\/\/www.sindipetroba.org.br\/2019\/wp-json\/wp\/v2\/posts\/2736\/revisions"}],"predecessor-version":[{"id":2738,"href":"http:\/\/www.sindipetroba.org.br\/2019\/wp-json\/wp\/v2\/posts\/2736\/revisions\/2738"}],"wp:featuredmedia":[{"embeddable":true,"href":"http:\/\/www.sindipetroba.org.br\/2019\/wp-json\/wp\/v2\/media\/2737"}],"wp:attachment":[{"href":"http:\/\/www.sindipetroba.org.br\/2019\/wp-json\/wp\/v2\/media?parent=2736"}],"wp:term":[{"taxonomy":"category","embeddable":true,"href":"http:\/\/www.sindipetroba.org.br\/2019\/wp-json\/wp\/v2\/categories?post=2736"},{"taxonomy":"post_tag","embeddable":true,"href":"http:\/\/www.sindipetroba.org.br\/2019\/wp-json\/wp\/v2\/tags?post=2736"}],"curies":[{"name":"wp","href":"https:\/\/api.w.org\/{rel}","templated":true}]}}