{"id":27692,"date":"2025-08-06T16:08:07","date_gmt":"2025-08-06T19:08:07","guid":{"rendered":"http:\/\/www.sindipetroba.org.br\/2019\/?p=27692"},"modified":"2025-12-04T14:42:02","modified_gmt":"2025-12-04T17:42:02","slug":"segundo-dia-da-12a-plenafup-reforca-a-importancia-da-categoria-na-construcao-de-uma-transicao-energetica-justa","status":"publish","type":"post","link":"http:\/\/www.sindipetroba.org.br\/2019\/segundo-dia-da-12a-plenafup-reforca-a-importancia-da-categoria-na-construcao-de-uma-transicao-energetica-justa\/","title":{"rendered":"Segundo dia da 12\u00aa Plenafup refor\u00e7a a import\u00e2ncia da categoria na constru\u00e7\u00e3o de uma transi\u00e7\u00e3o energ\u00e9tica justa"},"content":{"rendered":"<p><em>[Com informa\u00e7\u00f5es da FUP, do Sindipetro-PE\/PB e do Sindipetro-PR\/SC]<\/em><\/p>\n<p>O segundo dia da 12\u00aa Plenafup come\u00e7ou com o tradicional ato nacional dos petroleiros e petroleiras, que sa\u00edram cedo para chegar \u00e0 Refinaria Abreu e Lima, localizada no munic\u00edpio de Ipojuca (PE). A manh\u00e3 da ter\u00e7a-feira (5) foi bastante chuvosa em alguns momentos, com sol torrencial em outros, mas nada impediu as falas firmes que saudaram a retomada dos investimentos da Petrobr\u00e1s e defenderam a soberania nacional, destacando a import\u00e2ncia da categoria petroleira para essas batalhas.<\/p>\n<p>No retorno para o Centro de Forma\u00e7\u00e3o e Lazer, onde ocorre a 12\u00aa Plenafup, delegados e delegadas participaram da mesa tem\u00e1tica que abordou os temas de geopol\u00edtica internacional e transi\u00e7\u00e3o energ\u00e9tica. \u201cA mesa foi muito importante, porque compreendemos a necessidade de fazer uma an\u00e1lise profunda do setor energ\u00e9tico, para que n\u00f3s possamos tomar decis\u00f5es\u201d, avalia o coordenador geral da FUP e diretor do Sindipetro Bahia, Deyvid Bacelar.<\/p>\n<p>A primeira contribui\u00e7\u00e3o da mesa foi de Graciela Rodriguez, do Instituto Equit (G\u00eanero, Economia e Cidadania Global), que fez uma an\u00e1lise cr\u00edtica da conjuntura internacional, destacando os impactos da crise estrutural do capitalismo, o papel das grandes pot\u00eancias e a import\u00e2ncia da articula\u00e7\u00e3o dos pa\u00edses do Sul Global. \u201cEstamos em um momento pol\u00edtico internacional e nacional muito complexo. A crise do capitalismo est\u00e1 se aprofundando. Esse modelo econ\u00f4mico vem gerando crises cada vez mais curtas, profundas e que se repetem rapidamente\u201d, afirmou, destacando ainda que, apesar das contradi\u00e7\u00f5es internas entre seus membros, o BRICS tem se consolidado como uma alternativa contra-hegem\u00f4nica frente ao dom\u00ednio dos Estados Unidos.<\/p>\n<p>O pesquisador do INEEP e ex-presidente da Petrobr\u00e1s, Jos\u00e9 S\u00e9rgio Gabrielli, analisou o futuro do setor de \u00f3leo e g\u00e1s no Brasil, em especial sobre a posi\u00e7\u00e3o da estatal brasileira na transi\u00e7\u00e3o energ\u00e9tica que se aproxima. \u201cA Petrobr\u00e1s n\u00e3o est\u00e1 se preparando para daqui a 10 anos, ela est\u00e1 pensando em 10 meses\u201d, criticou, apontando para a aus\u00eancia de uma plano de longo prazo para diversifica\u00e7\u00e3o da matriz energ\u00e9tica. \u201cO que de fato vai substituir os combust\u00edveis f\u00f3sseis \u00e9 o hidrog\u00eanio. E qual \u00e9 a posi\u00e7\u00e3o da Petrobr\u00e1s em rela\u00e7\u00e3o a isso? Nada est\u00e1 sendo feito\u201d.<\/p>\n<p>O painel foi encerrado com a apresenta\u00e7\u00e3o de Lala Pe\u00f1arada, coordenadora da TUED (Trade Unions for Energy Democracy) na Am\u00e9rica Latina, que compartilhou sua perspectiva sobre a geopol\u00edtica internacional e os impactos das rela\u00e7\u00f5es de poder nas lutas socioambientais e de classe. A pesquisadora apresentou o plano estrat\u00e9gico da Uni\u00e3o Sindical Oper\u00e1ria, da Col\u00f4mbia, elaborado pelos pr\u00f3prios trabalhadores. O documento prop\u00f5e uma transi\u00e7\u00e3o energ\u00e9tica justa e soberana, que inclui o fortalecimento dos direitos trabalhistas, a diversifica\u00e7\u00e3o da matriz produtiva para al\u00e9m do setor de hidrocarbonetos, a industrializa\u00e7\u00e3o ecol\u00f3gica e o uso da contrata\u00e7\u00e3o p\u00fablica como instrumento de desenvolvimento nacional.<\/p>\n<p>As informa\u00e7\u00f5es apresentadas pelos oradores serviram para qualificar ainda mais o debate entre os cerca de 280 petroleiros e petroleiras presentes na plen\u00e1ria, que nesta quarta-feira (6) ir\u00e3o se dividir em grupos de trabalho para elaborarem as propostas para um Acordo Coletivo de Trabalho forte e uma transi\u00e7\u00e3o energ\u00e9tica justa.<\/p>\n","protected":false},"excerpt":{"rendered":"[Com informa\u00e7\u00f5es da FUP, do Sindipetro-PE\/PB e do Sindipetro-PR\/SC] O segundo dia da 12\u00aa Plenafup come\u00e7ou com o tradicional ato nacional dos petroleiros e petroleiras, que sa\u00edram cedo para chegar \u00e0 Refinaria Abreu e Lima, localizada no munic\u00edpio de Ipojuca (PE). A manh\u00e3 da ter\u00e7a-feira (5) foi bastante chuvosa em alguns momentos, com sol torrencial&#8230; <a class=\"view-article\" href=\"http:\/\/www.sindipetroba.org.br\/2019\/segundo-dia-da-12a-plenafup-reforca-a-importancia-da-categoria-na-construcao-de-uma-transicao-energetica-justa\/\">Ver artigo<\/a>","protected":false},"author":4,"featured_media":27693,"comment_status":"closed","ping_status":"open","sticky":false,"template":"","format":"standard","meta":{"_et_pb_use_builder":"","_et_pb_old_content":"","_et_gb_content_width":"","footnotes":""},"categories":[2688,1],"tags":[3929],"class_list":["post-27692","post","type-post","status-publish","format-standard","has-post-thumbnail","hentry","category-banner-principal","category-noticia","tag-campanha-reivindicatoria-act-2025"],"yoast_head":"<!-- This site is optimized with the Yoast SEO plugin v27.3 - https:\/\/yoast.com\/product\/yoast-seo-wordpress\/ -->\n<title>Segundo dia da 12\u00aa Plenafup refor\u00e7a a import\u00e2ncia da categoria na constru\u00e7\u00e3o de uma transi\u00e7\u00e3o energ\u00e9tica justa - Sindipetro BA<\/title>\n<meta name=\"robots\" content=\"index, follow, max-snippet:-1, max-image-preview:large, max-video-preview:-1\" \/>\n<link rel=\"canonical\" href=\"http:\/\/www.sindipetroba.org.br\/2019\/segundo-dia-da-12a-plenafup-reforca-a-importancia-da-categoria-na-construcao-de-uma-transicao-energetica-justa\/\" \/>\n<meta property=\"og:locale\" content=\"pt_BR\" \/>\n<meta property=\"og:type\" content=\"article\" \/>\n<meta property=\"og:title\" content=\"Segundo dia da 12\u00aa Plenafup refor\u00e7a a import\u00e2ncia da categoria na constru\u00e7\u00e3o de uma transi\u00e7\u00e3o energ\u00e9tica justa - Sindipetro BA\" \/>\n<meta property=\"og:description\" content=\"[Com informa\u00e7\u00f5es da FUP, do Sindipetro-PE\/PB e do Sindipetro-PR\/SC] O segundo dia da 12\u00aa Plenafup come\u00e7ou com o tradicional ato nacional dos petroleiros e petroleiras, que sa\u00edram cedo para chegar \u00e0 Refinaria Abreu e Lima, localizada no munic\u00edpio de Ipojuca (PE). A manh\u00e3 da ter\u00e7a-feira (5) foi bastante chuvosa em alguns momentos, com sol torrencial... Ver artigo\" \/>\n<meta property=\"og:url\" content=\"http:\/\/www.sindipetroba.org.br\/2019\/segundo-dia-da-12a-plenafup-reforca-a-importancia-da-categoria-na-construcao-de-uma-transicao-energetica-justa\/\" \/>\n<meta property=\"og:site_name\" content=\"Sindipetro BA\" \/>\n<meta property=\"article:publisher\" content=\"https:\/\/www.facebook.com\/sindipetroBa\/\" \/>\n<meta property=\"article:published_time\" content=\"2025-08-06T19:08:07+00:00\" \/>\n<meta property=\"article:modified_time\" content=\"2025-12-04T17:42:02+00:00\" \/>\n<meta property=\"og:image\" content=\"http:\/\/www.sindipetroba.org.br\/2019\/wp-content\/uploads\/2025\/08\/WhatsApp-Image-2025-08-06-at-15.25.39.jpeg\" \/>\n\t<meta property=\"og:image:width\" content=\"1600\" \/>\n\t<meta property=\"og:image:height\" content=\"900\" \/>\n\t<meta property=\"og:image:type\" content=\"image\/jpeg\" \/>\n<meta name=\"author\" content=\"ASCOM\" \/>\n<meta name=\"twitter:card\" content=\"summary_large_image\" \/>\n<meta name=\"twitter:creator\" content=\"@SindipetroBahia\" \/>\n<meta name=\"twitter:site\" content=\"@SindipetroBahia\" \/>\n<meta name=\"twitter:label1\" content=\"Escrito por\" \/>\n\t<meta name=\"twitter:data1\" content=\"ASCOM\" \/>\n\t<meta name=\"twitter:label2\" content=\"Est. tempo de leitura\" \/>\n\t<meta name=\"twitter:data2\" content=\"3 minutos\" \/>\n<script type=\"application\/ld+json\" class=\"yoast-schema-graph\">{\"@context\":\"https:\\\/\\\/schema.org\",\"@graph\":[{\"@type\":\"Article\",\"@id\":\"http:\\\/\\\/www.sindipetroba.org.br\\\/2019\\\/segundo-dia-da-12a-plenafup-reforca-a-importancia-da-categoria-na-construcao-de-uma-transicao-energetica-justa\\\/#article\",\"isPartOf\":{\"@id\":\"http:\\\/\\\/www.sindipetroba.org.br\\\/2019\\\/segundo-dia-da-12a-plenafup-reforca-a-importancia-da-categoria-na-construcao-de-uma-transicao-energetica-justa\\\/\"},\"author\":{\"name\":\"ASCOM\",\"@id\":\"http:\\\/\\\/www.sindipetroba.org.br\\\/2019\\\/#\\\/schema\\\/person\\\/80e88dbf823328ddad08b17600055a3c\"},\"headline\":\"Segundo dia da 12\u00aa Plenafup refor\u00e7a a import\u00e2ncia da categoria na constru\u00e7\u00e3o de uma transi\u00e7\u00e3o energ\u00e9tica justa\",\"datePublished\":\"2025-08-06T19:08:07+00:00\",\"dateModified\":\"2025-12-04T17:42:02+00:00\",\"mainEntityOfPage\":{\"@id\":\"http:\\\/\\\/www.sindipetroba.org.br\\\/2019\\\/segundo-dia-da-12a-plenafup-reforca-a-importancia-da-categoria-na-construcao-de-uma-transicao-energetica-justa\\\/\"},\"wordCount\":587,\"publisher\":{\"@id\":\"http:\\\/\\\/www.sindipetroba.org.br\\\/2019\\\/#organization\"},\"image\":{\"@id\":\"http:\\\/\\\/www.sindipetroba.org.br\\\/2019\\\/segundo-dia-da-12a-plenafup-reforca-a-importancia-da-categoria-na-construcao-de-uma-transicao-energetica-justa\\\/#primaryimage\"},\"thumbnailUrl\":\"http:\\\/\\\/www.sindipetroba.org.br\\\/2019\\\/wp-content\\\/uploads\\\/2025\\\/08\\\/WhatsApp-Image-2025-08-06-at-15.25.39.jpeg\",\"keywords\":[\"Campanha Reivindicat\u00f3ria - ACT 2025\"],\"articleSection\":[\"Banner Principal\",\"Not\u00edcia\"],\"inLanguage\":\"pt-BR\"},{\"@type\":\"WebPage\",\"@id\":\"http:\\\/\\\/www.sindipetroba.org.br\\\/2019\\\/segundo-dia-da-12a-plenafup-reforca-a-importancia-da-categoria-na-construcao-de-uma-transicao-energetica-justa\\\/\",\"url\":\"http:\\\/\\\/www.sindipetroba.org.br\\\/2019\\\/segundo-dia-da-12a-plenafup-reforca-a-importancia-da-categoria-na-construcao-de-uma-transicao-energetica-justa\\\/\",\"name\":\"Segundo dia da 12\u00aa Plenafup refor\u00e7a a import\u00e2ncia da categoria na constru\u00e7\u00e3o de uma transi\u00e7\u00e3o energ\u00e9tica justa - Sindipetro BA\",\"isPartOf\":{\"@id\":\"http:\\\/\\\/www.sindipetroba.org.br\\\/2019\\\/#website\"},\"primaryImageOfPage\":{\"@id\":\"http:\\\/\\\/www.sindipetroba.org.br\\\/2019\\\/segundo-dia-da-12a-plenafup-reforca-a-importancia-da-categoria-na-construcao-de-uma-transicao-energetica-justa\\\/#primaryimage\"},\"image\":{\"@id\":\"http:\\\/\\\/www.sindipetroba.org.br\\\/2019\\\/segundo-dia-da-12a-plenafup-reforca-a-importancia-da-categoria-na-construcao-de-uma-transicao-energetica-justa\\\/#primaryimage\"},\"thumbnailUrl\":\"http:\\\/\\\/www.sindipetroba.org.br\\\/2019\\\/wp-content\\\/uploads\\\/2025\\\/08\\\/WhatsApp-Image-2025-08-06-at-15.25.39.jpeg\",\"datePublished\":\"2025-08-06T19:08:07+00:00\",\"dateModified\":\"2025-12-04T17:42:02+00:00\",\"breadcrumb\":{\"@id\":\"http:\\\/\\\/www.sindipetroba.org.br\\\/2019\\\/segundo-dia-da-12a-plenafup-reforca-a-importancia-da-categoria-na-construcao-de-uma-transicao-energetica-justa\\\/#breadcrumb\"},\"inLanguage\":\"pt-BR\",\"potentialAction\":[{\"@type\":\"ReadAction\",\"target\":[\"http:\\\/\\\/www.sindipetroba.org.br\\\/2019\\\/segundo-dia-da-12a-plenafup-reforca-a-importancia-da-categoria-na-construcao-de-uma-transicao-energetica-justa\\\/\"]}]},{\"@type\":\"ImageObject\",\"inLanguage\":\"pt-BR\",\"@id\":\"http:\\\/\\\/www.sindipetroba.org.br\\\/2019\\\/segundo-dia-da-12a-plenafup-reforca-a-importancia-da-categoria-na-construcao-de-uma-transicao-energetica-justa\\\/#primaryimage\",\"url\":\"http:\\\/\\\/www.sindipetroba.org.br\\\/2019\\\/wp-content\\\/uploads\\\/2025\\\/08\\\/WhatsApp-Image-2025-08-06-at-15.25.39.jpeg\",\"contentUrl\":\"http:\\\/\\\/www.sindipetroba.org.br\\\/2019\\\/wp-content\\\/uploads\\\/2025\\\/08\\\/WhatsApp-Image-2025-08-06-at-15.25.39.jpeg\",\"width\":1600,\"height\":900},{\"@type\":\"BreadcrumbList\",\"@id\":\"http:\\\/\\\/www.sindipetroba.org.br\\\/2019\\\/segundo-dia-da-12a-plenafup-reforca-a-importancia-da-categoria-na-construcao-de-uma-transicao-energetica-justa\\\/#breadcrumb\",\"itemListElement\":[{\"@type\":\"ListItem\",\"position\":1,\"name\":\"In\u00edcio\",\"item\":\"http:\\\/\\\/www.sindipetroba.org.br\\\/2019\\\/\"},{\"@type\":\"ListItem\",\"position\":2,\"name\":\"Segundo dia da 12\u00aa Plenafup refor\u00e7a a import\u00e2ncia da categoria na constru\u00e7\u00e3o de uma transi\u00e7\u00e3o energ\u00e9tica justa\"}]},{\"@type\":\"WebSite\",\"@id\":\"http:\\\/\\\/www.sindipetroba.org.br\\\/2019\\\/#website\",\"url\":\"http:\\\/\\\/www.sindipetroba.org.br\\\/2019\\\/\",\"name\":\"Sindipetro BA\",\"description\":\"Sindicato dos Petroleiros e Petroleiras do Estado da Bahia\",\"publisher\":{\"@id\":\"http:\\\/\\\/www.sindipetroba.org.br\\\/2019\\\/#organization\"},\"potentialAction\":[{\"@type\":\"SearchAction\",\"target\":{\"@type\":\"EntryPoint\",\"urlTemplate\":\"http:\\\/\\\/www.sindipetroba.org.br\\\/2019\\\/?s={search_term_string}\"},\"query-input\":{\"@type\":\"PropertyValueSpecification\",\"valueRequired\":true,\"valueName\":\"search_term_string\"}}],\"inLanguage\":\"pt-BR\"},{\"@type\":\"Organization\",\"@id\":\"http:\\\/\\\/www.sindipetroba.org.br\\\/2019\\\/#organization\",\"name\":\"Sindipetro BA\",\"url\":\"http:\\\/\\\/www.sindipetroba.org.br\\\/2019\\\/\",\"logo\":{\"@type\":\"ImageObject\",\"inLanguage\":\"pt-BR\",\"@id\":\"http:\\\/\\\/www.sindipetroba.org.br\\\/2019\\\/#\\\/schema\\\/logo\\\/image\\\/\",\"url\":\"http:\\\/\\\/www.sindipetroba.org.br\\\/2019\\\/wp-content\\\/uploads\\\/2019\\\/01\\\/sindipetro-marca-cor.png\",\"contentUrl\":\"http:\\\/\\\/www.sindipetroba.org.br\\\/2019\\\/wp-content\\\/uploads\\\/2019\\\/01\\\/sindipetro-marca-cor.png\",\"width\":350,\"height\":126,\"caption\":\"Sindipetro BA\"},\"image\":{\"@id\":\"http:\\\/\\\/www.sindipetroba.org.br\\\/2019\\\/#\\\/schema\\\/logo\\\/image\\\/\"},\"sameAs\":[\"https:\\\/\\\/www.facebook.com\\\/sindipetroBa\\\/\",\"https:\\\/\\\/x.com\\\/SindipetroBahia\",\"https:\\\/\\\/www.instagram.com\\\/sindipetroba\\\/\",\"https:\\\/\\\/www.youtube.com\\\/c\\\/SindipetroBahiaOficial\"]},{\"@type\":\"Person\",\"@id\":\"http:\\\/\\\/www.sindipetroba.org.br\\\/2019\\\/#\\\/schema\\\/person\\\/80e88dbf823328ddad08b17600055a3c\",\"name\":\"ASCOM\",\"image\":{\"@type\":\"ImageObject\",\"inLanguage\":\"pt-BR\",\"@id\":\"https:\\\/\\\/secure.gravatar.com\\\/avatar\\\/a2ab2fd873c57926b9f03e30be8804429fd7b0d41f4f71170e45b7b7f84998a6?s=96&d=mm&r=g\",\"url\":\"https:\\\/\\\/secure.gravatar.com\\\/avatar\\\/a2ab2fd873c57926b9f03e30be8804429fd7b0d41f4f71170e45b7b7f84998a6?s=96&d=mm&r=g\",\"contentUrl\":\"https:\\\/\\\/secure.gravatar.com\\\/avatar\\\/a2ab2fd873c57926b9f03e30be8804429fd7b0d41f4f71170e45b7b7f84998a6?s=96&d=mm&r=g\",\"caption\":\"ASCOM\"},\"sameAs\":[\"http:\\\/\\\/www.sindipetroba.org.br\"]}]}<\/script>\n<!-- \/ Yoast SEO plugin. -->","yoast_head_json":{"title":"Segundo dia da 12\u00aa Plenafup refor\u00e7a a import\u00e2ncia da categoria na constru\u00e7\u00e3o de uma transi\u00e7\u00e3o energ\u00e9tica justa - Sindipetro BA","robots":{"index":"index","follow":"follow","max-snippet":"max-snippet:-1","max-image-preview":"max-image-preview:large","max-video-preview":"max-video-preview:-1"},"canonical":"http:\/\/www.sindipetroba.org.br\/2019\/segundo-dia-da-12a-plenafup-reforca-a-importancia-da-categoria-na-construcao-de-uma-transicao-energetica-justa\/","og_locale":"pt_BR","og_type":"article","og_title":"Segundo dia da 12\u00aa Plenafup refor\u00e7a a import\u00e2ncia da categoria na constru\u00e7\u00e3o de uma transi\u00e7\u00e3o energ\u00e9tica justa - Sindipetro BA","og_description":"[Com informa\u00e7\u00f5es da FUP, do Sindipetro-PE\/PB e do Sindipetro-PR\/SC] O segundo dia da 12\u00aa Plenafup come\u00e7ou com o tradicional ato nacional dos petroleiros e petroleiras, que sa\u00edram cedo para chegar \u00e0 Refinaria Abreu e Lima, localizada no munic\u00edpio de Ipojuca (PE). A manh\u00e3 da ter\u00e7a-feira (5) foi bastante chuvosa em alguns momentos, com sol torrencial... Ver artigo","og_url":"http:\/\/www.sindipetroba.org.br\/2019\/segundo-dia-da-12a-plenafup-reforca-a-importancia-da-categoria-na-construcao-de-uma-transicao-energetica-justa\/","og_site_name":"Sindipetro BA","article_publisher":"https:\/\/www.facebook.com\/sindipetroBa\/","article_published_time":"2025-08-06T19:08:07+00:00","article_modified_time":"2025-12-04T17:42:02+00:00","og_image":[{"width":1600,"height":900,"url":"http:\/\/www.sindipetroba.org.br\/2019\/wp-content\/uploads\/2025\/08\/WhatsApp-Image-2025-08-06-at-15.25.39.jpeg","type":"image\/jpeg"}],"author":"ASCOM","twitter_card":"summary_large_image","twitter_creator":"@SindipetroBahia","twitter_site":"@SindipetroBahia","twitter_misc":{"Escrito por":"ASCOM","Est. tempo de leitura":"3 minutos"},"schema":{"@context":"https:\/\/schema.org","@graph":[{"@type":"Article","@id":"http:\/\/www.sindipetroba.org.br\/2019\/segundo-dia-da-12a-plenafup-reforca-a-importancia-da-categoria-na-construcao-de-uma-transicao-energetica-justa\/#article","isPartOf":{"@id":"http:\/\/www.sindipetroba.org.br\/2019\/segundo-dia-da-12a-plenafup-reforca-a-importancia-da-categoria-na-construcao-de-uma-transicao-energetica-justa\/"},"author":{"name":"ASCOM","@id":"http:\/\/www.sindipetroba.org.br\/2019\/#\/schema\/person\/80e88dbf823328ddad08b17600055a3c"},"headline":"Segundo dia da 12\u00aa Plenafup refor\u00e7a a import\u00e2ncia da categoria na constru\u00e7\u00e3o de uma transi\u00e7\u00e3o energ\u00e9tica justa","datePublished":"2025-08-06T19:08:07+00:00","dateModified":"2025-12-04T17:42:02+00:00","mainEntityOfPage":{"@id":"http:\/\/www.sindipetroba.org.br\/2019\/segundo-dia-da-12a-plenafup-reforca-a-importancia-da-categoria-na-construcao-de-uma-transicao-energetica-justa\/"},"wordCount":587,"publisher":{"@id":"http:\/\/www.sindipetroba.org.br\/2019\/#organization"},"image":{"@id":"http:\/\/www.sindipetroba.org.br\/2019\/segundo-dia-da-12a-plenafup-reforca-a-importancia-da-categoria-na-construcao-de-uma-transicao-energetica-justa\/#primaryimage"},"thumbnailUrl":"http:\/\/www.sindipetroba.org.br\/2019\/wp-content\/uploads\/2025\/08\/WhatsApp-Image-2025-08-06-at-15.25.39.jpeg","keywords":["Campanha Reivindicat\u00f3ria - ACT 2025"],"articleSection":["Banner Principal","Not\u00edcia"],"inLanguage":"pt-BR"},{"@type":"WebPage","@id":"http:\/\/www.sindipetroba.org.br\/2019\/segundo-dia-da-12a-plenafup-reforca-a-importancia-da-categoria-na-construcao-de-uma-transicao-energetica-justa\/","url":"http:\/\/www.sindipetroba.org.br\/2019\/segundo-dia-da-12a-plenafup-reforca-a-importancia-da-categoria-na-construcao-de-uma-transicao-energetica-justa\/","name":"Segundo dia da 12\u00aa Plenafup refor\u00e7a a import\u00e2ncia da categoria na constru\u00e7\u00e3o de uma transi\u00e7\u00e3o energ\u00e9tica justa - Sindipetro BA","isPartOf":{"@id":"http:\/\/www.sindipetroba.org.br\/2019\/#website"},"primaryImageOfPage":{"@id":"http:\/\/www.sindipetroba.org.br\/2019\/segundo-dia-da-12a-plenafup-reforca-a-importancia-da-categoria-na-construcao-de-uma-transicao-energetica-justa\/#primaryimage"},"image":{"@id":"http:\/\/www.sindipetroba.org.br\/2019\/segundo-dia-da-12a-plenafup-reforca-a-importancia-da-categoria-na-construcao-de-uma-transicao-energetica-justa\/#primaryimage"},"thumbnailUrl":"http:\/\/www.sindipetroba.org.br\/2019\/wp-content\/uploads\/2025\/08\/WhatsApp-Image-2025-08-06-at-15.25.39.jpeg","datePublished":"2025-08-06T19:08:07+00:00","dateModified":"2025-12-04T17:42:02+00:00","breadcrumb":{"@id":"http:\/\/www.sindipetroba.org.br\/2019\/segundo-dia-da-12a-plenafup-reforca-a-importancia-da-categoria-na-construcao-de-uma-transicao-energetica-justa\/#breadcrumb"},"inLanguage":"pt-BR","potentialAction":[{"@type":"ReadAction","target":["http:\/\/www.sindipetroba.org.br\/2019\/segundo-dia-da-12a-plenafup-reforca-a-importancia-da-categoria-na-construcao-de-uma-transicao-energetica-justa\/"]}]},{"@type":"ImageObject","inLanguage":"pt-BR","@id":"http:\/\/www.sindipetroba.org.br\/2019\/segundo-dia-da-12a-plenafup-reforca-a-importancia-da-categoria-na-construcao-de-uma-transicao-energetica-justa\/#primaryimage","url":"http:\/\/www.sindipetroba.org.br\/2019\/wp-content\/uploads\/2025\/08\/WhatsApp-Image-2025-08-06-at-15.25.39.jpeg","contentUrl":"http:\/\/www.sindipetroba.org.br\/2019\/wp-content\/uploads\/2025\/08\/WhatsApp-Image-2025-08-06-at-15.25.39.jpeg","width":1600,"height":900},{"@type":"BreadcrumbList","@id":"http:\/\/www.sindipetroba.org.br\/2019\/segundo-dia-da-12a-plenafup-reforca-a-importancia-da-categoria-na-construcao-de-uma-transicao-energetica-justa\/#breadcrumb","itemListElement":[{"@type":"ListItem","position":1,"name":"In\u00edcio","item":"http:\/\/www.sindipetroba.org.br\/2019\/"},{"@type":"ListItem","position":2,"name":"Segundo dia da 12\u00aa Plenafup refor\u00e7a a import\u00e2ncia da categoria na constru\u00e7\u00e3o de uma transi\u00e7\u00e3o energ\u00e9tica justa"}]},{"@type":"WebSite","@id":"http:\/\/www.sindipetroba.org.br\/2019\/#website","url":"http:\/\/www.sindipetroba.org.br\/2019\/","name":"Sindipetro BA","description":"Sindicato dos Petroleiros e Petroleiras do Estado da Bahia","publisher":{"@id":"http:\/\/www.sindipetroba.org.br\/2019\/#organization"},"potentialAction":[{"@type":"SearchAction","target":{"@type":"EntryPoint","urlTemplate":"http:\/\/www.sindipetroba.org.br\/2019\/?s={search_term_string}"},"query-input":{"@type":"PropertyValueSpecification","valueRequired":true,"valueName":"search_term_string"}}],"inLanguage":"pt-BR"},{"@type":"Organization","@id":"http:\/\/www.sindipetroba.org.br\/2019\/#organization","name":"Sindipetro BA","url":"http:\/\/www.sindipetroba.org.br\/2019\/","logo":{"@type":"ImageObject","inLanguage":"pt-BR","@id":"http:\/\/www.sindipetroba.org.br\/2019\/#\/schema\/logo\/image\/","url":"http:\/\/www.sindipetroba.org.br\/2019\/wp-content\/uploads\/2019\/01\/sindipetro-marca-cor.png","contentUrl":"http:\/\/www.sindipetroba.org.br\/2019\/wp-content\/uploads\/2019\/01\/sindipetro-marca-cor.png","width":350,"height":126,"caption":"Sindipetro BA"},"image":{"@id":"http:\/\/www.sindipetroba.org.br\/2019\/#\/schema\/logo\/image\/"},"sameAs":["https:\/\/www.facebook.com\/sindipetroBa\/","https:\/\/x.com\/SindipetroBahia","https:\/\/www.instagram.com\/sindipetroba\/","https:\/\/www.youtube.com\/c\/SindipetroBahiaOficial"]},{"@type":"Person","@id":"http:\/\/www.sindipetroba.org.br\/2019\/#\/schema\/person\/80e88dbf823328ddad08b17600055a3c","name":"ASCOM","image":{"@type":"ImageObject","inLanguage":"pt-BR","@id":"https:\/\/secure.gravatar.com\/avatar\/a2ab2fd873c57926b9f03e30be8804429fd7b0d41f4f71170e45b7b7f84998a6?s=96&d=mm&r=g","url":"https:\/\/secure.gravatar.com\/avatar\/a2ab2fd873c57926b9f03e30be8804429fd7b0d41f4f71170e45b7b7f84998a6?s=96&d=mm&r=g","contentUrl":"https:\/\/secure.gravatar.com\/avatar\/a2ab2fd873c57926b9f03e30be8804429fd7b0d41f4f71170e45b7b7f84998a6?s=96&d=mm&r=g","caption":"ASCOM"},"sameAs":["http:\/\/www.sindipetroba.org.br"]}]}},"_links":{"self":[{"href":"http:\/\/www.sindipetroba.org.br\/2019\/wp-json\/wp\/v2\/posts\/27692","targetHints":{"allow":["GET"]}}],"collection":[{"href":"http:\/\/www.sindipetroba.org.br\/2019\/wp-json\/wp\/v2\/posts"}],"about":[{"href":"http:\/\/www.sindipetroba.org.br\/2019\/wp-json\/wp\/v2\/types\/post"}],"author":[{"embeddable":true,"href":"http:\/\/www.sindipetroba.org.br\/2019\/wp-json\/wp\/v2\/users\/4"}],"replies":[{"embeddable":true,"href":"http:\/\/www.sindipetroba.org.br\/2019\/wp-json\/wp\/v2\/comments?post=27692"}],"version-history":[{"count":3,"href":"http:\/\/www.sindipetroba.org.br\/2019\/wp-json\/wp\/v2\/posts\/27692\/revisions"}],"predecessor-version":[{"id":27697,"href":"http:\/\/www.sindipetroba.org.br\/2019\/wp-json\/wp\/v2\/posts\/27692\/revisions\/27697"}],"wp:featuredmedia":[{"embeddable":true,"href":"http:\/\/www.sindipetroba.org.br\/2019\/wp-json\/wp\/v2\/media\/27693"}],"wp:attachment":[{"href":"http:\/\/www.sindipetroba.org.br\/2019\/wp-json\/wp\/v2\/media?parent=27692"}],"wp:term":[{"taxonomy":"category","embeddable":true,"href":"http:\/\/www.sindipetroba.org.br\/2019\/wp-json\/wp\/v2\/categories?post=27692"},{"taxonomy":"post_tag","embeddable":true,"href":"http:\/\/www.sindipetroba.org.br\/2019\/wp-json\/wp\/v2\/tags?post=27692"}],"curies":[{"name":"wp","href":"https:\/\/api.w.org\/{rel}","templated":true}]}}