{"id":27702,"date":"2025-08-07T16:18:05","date_gmt":"2025-08-07T19:18:05","guid":{"rendered":"http:\/\/www.sindipetroba.org.br\/2019\/?p=27702"},"modified":"2025-12-04T14:42:01","modified_gmt":"2025-12-04T17:42:01","slug":"terceiro-dia-da-plenaria-nacional-da-fup-e-dedicado-aos-grupos-de-trabalho","status":"publish","type":"post","link":"http:\/\/www.sindipetroba.org.br\/2019\/terceiro-dia-da-plenaria-nacional-da-fup-e-dedicado-aos-grupos-de-trabalho\/","title":{"rendered":"Terceiro dia da Plen\u00e1ria Nacional da FUP \u00e9 dedicado aos grupos de trabalho"},"content":{"rendered":"<p>[Com informa\u00e7\u00f5es da FUP]<\/p>\n<p>A delega\u00e7\u00e3o baiana que est\u00e1 em Pernambuco participando da 12\u00aa Plen\u00e1ria Nacional da FUP se dividiu, nesta quarta-feira (6), em grupos de trabalho para deliberar sobre as reivindica\u00e7\u00f5es referentes aos Acordos Coletivos de Trabalho que ser\u00e3o negociados com as empresas do Sistema Petrobr\u00e1s e do setor privado, al\u00e9m de outras pautas estrat\u00e9gicas da categoria. \u201cNos dividimos em grupos para nos aprofundar nas cl\u00e1usulas do nosso ACT e fechar uma pauta reivindicat\u00f3ria que ser\u00e1 votada no Plenar\u00e3o\u201d, explicou o diretor do Sindipetro Bahia e vice-presidente da CUT, Luciomar Machado.<\/p>\n<p>Os seis grupos de trabalho discutiram a amplia\u00e7\u00e3o e o fortalecimento dos direitos da categoria, propostas para uma transi\u00e7\u00e3o energ\u00e9tica justa, avan\u00e7os na luta pelo fim dos equacionamentos da Petros, a unidade da organiza\u00e7\u00e3o sindical petroleira, a defesa da soberania nacional, melhoria dos benef\u00edcios e das condi\u00e7\u00f5es de trabalho, sa\u00fade e seguran\u00e7a, entre outros temas. Confira as principais quest\u00f5es abordadas nos grupos de trabalho:<\/p>\n<p>GT 1 \u2013 Setor Privado e Pacto Global<br \/>\nGT 2 \u2013 AMS e Petros<br \/>\nGT 3 \u2013 Cl\u00e1usulas Econ\u00f4micas e Benef\u00edcios<br \/>\nGT 4 \u2013 Sa\u00fade, Meio Ambiente e Seguran\u00e7a<br \/>\nGT 5 \u2013 Condi\u00e7\u00f5es de trabalho<br \/>\nGT 6 \u2013 Sistema Petrobr\u00e1s, Novas Fronteiras e Transi\u00e7\u00e3o Energ\u00e9tica Justa<\/p>\n<p>Com o tema \u201cAcordo Coletivo Forte e Transi\u00e7\u00e3o Energ\u00e9tica Justa\u201d, a 12\u00aa Plenafup termina nesta quinta-feira (7), quando a plen\u00e1ria final aprovar\u00e1 as pautas de reivindica\u00e7\u00f5es, eixos de lutas e quest\u00f5es estruturantes para as trabalhadoras e os trabalhadores do setor petr\u00f3leo. A plen\u00e1ria tamb\u00e9m definir\u00e1 a posi\u00e7\u00e3o da FUP em rela\u00e7\u00e3o \u00e0 explora\u00e7\u00e3o da margem equatorial e apontar\u00e1 caminhos para avan\u00e7ar na unidade da organiza\u00e7\u00e3o sindical petroleira.<\/p>\n","protected":false},"excerpt":{"rendered":"[Com informa\u00e7\u00f5es da FUP] A delega\u00e7\u00e3o baiana que est\u00e1 em Pernambuco participando da 12\u00aa Plen\u00e1ria Nacional da FUP se dividiu, nesta quarta-feira (6), em grupos de trabalho para deliberar sobre as reivindica\u00e7\u00f5es referentes aos Acordos Coletivos de Trabalho que ser\u00e3o negociados com as empresas do Sistema Petrobr\u00e1s e do setor privado, al\u00e9m de outras pautas&#8230; <a class=\"view-article\" href=\"http:\/\/www.sindipetroba.org.br\/2019\/terceiro-dia-da-plenaria-nacional-da-fup-e-dedicado-aos-grupos-de-trabalho\/\">Ver artigo<\/a>","protected":false},"author":4,"featured_media":27703,"comment_status":"closed","ping_status":"open","sticky":false,"template":"","format":"standard","meta":{"_et_pb_use_builder":"","_et_pb_old_content":"","_et_gb_content_width":"","footnotes":""},"categories":[2688,1],"tags":[3929],"class_list":["post-27702","post","type-post","status-publish","format-standard","has-post-thumbnail","hentry","category-banner-principal","category-noticia","tag-campanha-reivindicatoria-act-2025"],"yoast_head":"<!-- This site is optimized with the Yoast SEO plugin v27.3 - https:\/\/yoast.com\/product\/yoast-seo-wordpress\/ -->\n<title>Terceiro dia da Plen\u00e1ria Nacional da FUP \u00e9 dedicado aos grupos de trabalho - Sindipetro BA<\/title>\n<meta name=\"robots\" content=\"index, follow, max-snippet:-1, max-image-preview:large, max-video-preview:-1\" \/>\n<link rel=\"canonical\" href=\"http:\/\/www.sindipetroba.org.br\/2019\/terceiro-dia-da-plenaria-nacional-da-fup-e-dedicado-aos-grupos-de-trabalho\/\" \/>\n<meta property=\"og:locale\" content=\"pt_BR\" \/>\n<meta property=\"og:type\" content=\"article\" \/>\n<meta property=\"og:title\" content=\"Terceiro dia da Plen\u00e1ria Nacional da FUP \u00e9 dedicado aos grupos de trabalho - Sindipetro BA\" \/>\n<meta property=\"og:description\" content=\"[Com informa\u00e7\u00f5es da FUP] A delega\u00e7\u00e3o baiana que est\u00e1 em Pernambuco participando da 12\u00aa Plen\u00e1ria Nacional da FUP se dividiu, nesta quarta-feira (6), em grupos de trabalho para deliberar sobre as reivindica\u00e7\u00f5es referentes aos Acordos Coletivos de Trabalho que ser\u00e3o negociados com as empresas do Sistema Petrobr\u00e1s e do setor privado, al\u00e9m de outras pautas... Ver artigo\" \/>\n<meta property=\"og:url\" content=\"http:\/\/www.sindipetroba.org.br\/2019\/terceiro-dia-da-plenaria-nacional-da-fup-e-dedicado-aos-grupos-de-trabalho\/\" \/>\n<meta property=\"og:site_name\" content=\"Sindipetro BA\" \/>\n<meta property=\"article:publisher\" content=\"https:\/\/www.facebook.com\/sindipetroBa\/\" \/>\n<meta property=\"article:published_time\" content=\"2025-08-07T19:18:05+00:00\" \/>\n<meta property=\"article:modified_time\" content=\"2025-12-04T17:42:01+00:00\" \/>\n<meta property=\"og:image\" content=\"http:\/\/www.sindipetroba.org.br\/2019\/wp-content\/uploads\/2025\/08\/WhatsApp-Image-2025-08-07-at-15.57.23-1-scaled.jpeg\" \/>\n\t<meta property=\"og:image:width\" content=\"2560\" \/>\n\t<meta property=\"og:image:height\" content=\"1440\" \/>\n\t<meta property=\"og:image:type\" content=\"image\/jpeg\" \/>\n<meta name=\"author\" content=\"ASCOM\" \/>\n<meta name=\"twitter:card\" content=\"summary_large_image\" \/>\n<meta name=\"twitter:creator\" content=\"@SindipetroBahia\" \/>\n<meta name=\"twitter:site\" content=\"@SindipetroBahia\" \/>\n<meta name=\"twitter:label1\" content=\"Escrito por\" \/>\n\t<meta name=\"twitter:data1\" content=\"ASCOM\" \/>\n\t<meta name=\"twitter:label2\" content=\"Est. tempo de leitura\" \/>\n\t<meta name=\"twitter:data2\" content=\"2 minutos\" \/>\n<script type=\"application\/ld+json\" class=\"yoast-schema-graph\">{\"@context\":\"https:\\\/\\\/schema.org\",\"@graph\":[{\"@type\":\"Article\",\"@id\":\"http:\\\/\\\/www.sindipetroba.org.br\\\/2019\\\/terceiro-dia-da-plenaria-nacional-da-fup-e-dedicado-aos-grupos-de-trabalho\\\/#article\",\"isPartOf\":{\"@id\":\"http:\\\/\\\/www.sindipetroba.org.br\\\/2019\\\/terceiro-dia-da-plenaria-nacional-da-fup-e-dedicado-aos-grupos-de-trabalho\\\/\"},\"author\":{\"name\":\"ASCOM\",\"@id\":\"http:\\\/\\\/www.sindipetroba.org.br\\\/2019\\\/#\\\/schema\\\/person\\\/80e88dbf823328ddad08b17600055a3c\"},\"headline\":\"Terceiro dia da Plen\u00e1ria Nacional da FUP \u00e9 dedicado aos grupos de trabalho\",\"datePublished\":\"2025-08-07T19:18:05+00:00\",\"dateModified\":\"2025-12-04T17:42:01+00:00\",\"mainEntityOfPage\":{\"@id\":\"http:\\\/\\\/www.sindipetroba.org.br\\\/2019\\\/terceiro-dia-da-plenaria-nacional-da-fup-e-dedicado-aos-grupos-de-trabalho\\\/\"},\"wordCount\":308,\"publisher\":{\"@id\":\"http:\\\/\\\/www.sindipetroba.org.br\\\/2019\\\/#organization\"},\"image\":{\"@id\":\"http:\\\/\\\/www.sindipetroba.org.br\\\/2019\\\/terceiro-dia-da-plenaria-nacional-da-fup-e-dedicado-aos-grupos-de-trabalho\\\/#primaryimage\"},\"thumbnailUrl\":\"http:\\\/\\\/www.sindipetroba.org.br\\\/2019\\\/wp-content\\\/uploads\\\/2025\\\/08\\\/WhatsApp-Image-2025-08-07-at-15.57.23-1-scaled.jpeg\",\"keywords\":[\"Campanha Reivindicat\u00f3ria - ACT 2025\"],\"articleSection\":[\"Banner Principal\",\"Not\u00edcia\"],\"inLanguage\":\"pt-BR\"},{\"@type\":\"WebPage\",\"@id\":\"http:\\\/\\\/www.sindipetroba.org.br\\\/2019\\\/terceiro-dia-da-plenaria-nacional-da-fup-e-dedicado-aos-grupos-de-trabalho\\\/\",\"url\":\"http:\\\/\\\/www.sindipetroba.org.br\\\/2019\\\/terceiro-dia-da-plenaria-nacional-da-fup-e-dedicado-aos-grupos-de-trabalho\\\/\",\"name\":\"Terceiro dia da Plen\u00e1ria Nacional da FUP \u00e9 dedicado aos grupos de trabalho - Sindipetro BA\",\"isPartOf\":{\"@id\":\"http:\\\/\\\/www.sindipetroba.org.br\\\/2019\\\/#website\"},\"primaryImageOfPage\":{\"@id\":\"http:\\\/\\\/www.sindipetroba.org.br\\\/2019\\\/terceiro-dia-da-plenaria-nacional-da-fup-e-dedicado-aos-grupos-de-trabalho\\\/#primaryimage\"},\"image\":{\"@id\":\"http:\\\/\\\/www.sindipetroba.org.br\\\/2019\\\/terceiro-dia-da-plenaria-nacional-da-fup-e-dedicado-aos-grupos-de-trabalho\\\/#primaryimage\"},\"thumbnailUrl\":\"http:\\\/\\\/www.sindipetroba.org.br\\\/2019\\\/wp-content\\\/uploads\\\/2025\\\/08\\\/WhatsApp-Image-2025-08-07-at-15.57.23-1-scaled.jpeg\",\"datePublished\":\"2025-08-07T19:18:05+00:00\",\"dateModified\":\"2025-12-04T17:42:01+00:00\",\"breadcrumb\":{\"@id\":\"http:\\\/\\\/www.sindipetroba.org.br\\\/2019\\\/terceiro-dia-da-plenaria-nacional-da-fup-e-dedicado-aos-grupos-de-trabalho\\\/#breadcrumb\"},\"inLanguage\":\"pt-BR\",\"potentialAction\":[{\"@type\":\"ReadAction\",\"target\":[\"http:\\\/\\\/www.sindipetroba.org.br\\\/2019\\\/terceiro-dia-da-plenaria-nacional-da-fup-e-dedicado-aos-grupos-de-trabalho\\\/\"]}]},{\"@type\":\"ImageObject\",\"inLanguage\":\"pt-BR\",\"@id\":\"http:\\\/\\\/www.sindipetroba.org.br\\\/2019\\\/terceiro-dia-da-plenaria-nacional-da-fup-e-dedicado-aos-grupos-de-trabalho\\\/#primaryimage\",\"url\":\"http:\\\/\\\/www.sindipetroba.org.br\\\/2019\\\/wp-content\\\/uploads\\\/2025\\\/08\\\/WhatsApp-Image-2025-08-07-at-15.57.23-1-scaled.jpeg\",\"contentUrl\":\"http:\\\/\\\/www.sindipetroba.org.br\\\/2019\\\/wp-content\\\/uploads\\\/2025\\\/08\\\/WhatsApp-Image-2025-08-07-at-15.57.23-1-scaled.jpeg\",\"width\":2560,\"height\":1440},{\"@type\":\"BreadcrumbList\",\"@id\":\"http:\\\/\\\/www.sindipetroba.org.br\\\/2019\\\/terceiro-dia-da-plenaria-nacional-da-fup-e-dedicado-aos-grupos-de-trabalho\\\/#breadcrumb\",\"itemListElement\":[{\"@type\":\"ListItem\",\"position\":1,\"name\":\"In\u00edcio\",\"item\":\"http:\\\/\\\/www.sindipetroba.org.br\\\/2019\\\/\"},{\"@type\":\"ListItem\",\"position\":2,\"name\":\"Terceiro dia da Plen\u00e1ria Nacional da FUP \u00e9 dedicado aos grupos de trabalho\"}]},{\"@type\":\"WebSite\",\"@id\":\"http:\\\/\\\/www.sindipetroba.org.br\\\/2019\\\/#website\",\"url\":\"http:\\\/\\\/www.sindipetroba.org.br\\\/2019\\\/\",\"name\":\"Sindipetro BA\",\"description\":\"Sindicato dos Petroleiros e Petroleiras do Estado da Bahia\",\"publisher\":{\"@id\":\"http:\\\/\\\/www.sindipetroba.org.br\\\/2019\\\/#organization\"},\"potentialAction\":[{\"@type\":\"SearchAction\",\"target\":{\"@type\":\"EntryPoint\",\"urlTemplate\":\"http:\\\/\\\/www.sindipetroba.org.br\\\/2019\\\/?s={search_term_string}\"},\"query-input\":{\"@type\":\"PropertyValueSpecification\",\"valueRequired\":true,\"valueName\":\"search_term_string\"}}],\"inLanguage\":\"pt-BR\"},{\"@type\":\"Organization\",\"@id\":\"http:\\\/\\\/www.sindipetroba.org.br\\\/2019\\\/#organization\",\"name\":\"Sindipetro BA\",\"url\":\"http:\\\/\\\/www.sindipetroba.org.br\\\/2019\\\/\",\"logo\":{\"@type\":\"ImageObject\",\"inLanguage\":\"pt-BR\",\"@id\":\"http:\\\/\\\/www.sindipetroba.org.br\\\/2019\\\/#\\\/schema\\\/logo\\\/image\\\/\",\"url\":\"http:\\\/\\\/www.sindipetroba.org.br\\\/2019\\\/wp-content\\\/uploads\\\/2019\\\/01\\\/sindipetro-marca-cor.png\",\"contentUrl\":\"http:\\\/\\\/www.sindipetroba.org.br\\\/2019\\\/wp-content\\\/uploads\\\/2019\\\/01\\\/sindipetro-marca-cor.png\",\"width\":350,\"height\":126,\"caption\":\"Sindipetro BA\"},\"image\":{\"@id\":\"http:\\\/\\\/www.sindipetroba.org.br\\\/2019\\\/#\\\/schema\\\/logo\\\/image\\\/\"},\"sameAs\":[\"https:\\\/\\\/www.facebook.com\\\/sindipetroBa\\\/\",\"https:\\\/\\\/x.com\\\/SindipetroBahia\",\"https:\\\/\\\/www.instagram.com\\\/sindipetroba\\\/\",\"https:\\\/\\\/www.youtube.com\\\/c\\\/SindipetroBahiaOficial\"]},{\"@type\":\"Person\",\"@id\":\"http:\\\/\\\/www.sindipetroba.org.br\\\/2019\\\/#\\\/schema\\\/person\\\/80e88dbf823328ddad08b17600055a3c\",\"name\":\"ASCOM\",\"image\":{\"@type\":\"ImageObject\",\"inLanguage\":\"pt-BR\",\"@id\":\"https:\\\/\\\/secure.gravatar.com\\\/avatar\\\/a2ab2fd873c57926b9f03e30be8804429fd7b0d41f4f71170e45b7b7f84998a6?s=96&d=mm&r=g\",\"url\":\"https:\\\/\\\/secure.gravatar.com\\\/avatar\\\/a2ab2fd873c57926b9f03e30be8804429fd7b0d41f4f71170e45b7b7f84998a6?s=96&d=mm&r=g\",\"contentUrl\":\"https:\\\/\\\/secure.gravatar.com\\\/avatar\\\/a2ab2fd873c57926b9f03e30be8804429fd7b0d41f4f71170e45b7b7f84998a6?s=96&d=mm&r=g\",\"caption\":\"ASCOM\"},\"sameAs\":[\"http:\\\/\\\/www.sindipetroba.org.br\"]}]}<\/script>\n<!-- \/ Yoast SEO plugin. -->","yoast_head_json":{"title":"Terceiro dia da Plen\u00e1ria Nacional da FUP \u00e9 dedicado aos grupos de trabalho - Sindipetro BA","robots":{"index":"index","follow":"follow","max-snippet":"max-snippet:-1","max-image-preview":"max-image-preview:large","max-video-preview":"max-video-preview:-1"},"canonical":"http:\/\/www.sindipetroba.org.br\/2019\/terceiro-dia-da-plenaria-nacional-da-fup-e-dedicado-aos-grupos-de-trabalho\/","og_locale":"pt_BR","og_type":"article","og_title":"Terceiro dia da Plen\u00e1ria Nacional da FUP \u00e9 dedicado aos grupos de trabalho - Sindipetro BA","og_description":"[Com informa\u00e7\u00f5es da FUP] A delega\u00e7\u00e3o baiana que est\u00e1 em Pernambuco participando da 12\u00aa Plen\u00e1ria Nacional da FUP se dividiu, nesta quarta-feira (6), em grupos de trabalho para deliberar sobre as reivindica\u00e7\u00f5es referentes aos Acordos Coletivos de Trabalho que ser\u00e3o negociados com as empresas do Sistema Petrobr\u00e1s e do setor privado, al\u00e9m de outras pautas... Ver artigo","og_url":"http:\/\/www.sindipetroba.org.br\/2019\/terceiro-dia-da-plenaria-nacional-da-fup-e-dedicado-aos-grupos-de-trabalho\/","og_site_name":"Sindipetro BA","article_publisher":"https:\/\/www.facebook.com\/sindipetroBa\/","article_published_time":"2025-08-07T19:18:05+00:00","article_modified_time":"2025-12-04T17:42:01+00:00","og_image":[{"width":2560,"height":1440,"url":"http:\/\/www.sindipetroba.org.br\/2019\/wp-content\/uploads\/2025\/08\/WhatsApp-Image-2025-08-07-at-15.57.23-1-scaled.jpeg","type":"image\/jpeg"}],"author":"ASCOM","twitter_card":"summary_large_image","twitter_creator":"@SindipetroBahia","twitter_site":"@SindipetroBahia","twitter_misc":{"Escrito por":"ASCOM","Est. tempo de leitura":"2 minutos"},"schema":{"@context":"https:\/\/schema.org","@graph":[{"@type":"Article","@id":"http:\/\/www.sindipetroba.org.br\/2019\/terceiro-dia-da-plenaria-nacional-da-fup-e-dedicado-aos-grupos-de-trabalho\/#article","isPartOf":{"@id":"http:\/\/www.sindipetroba.org.br\/2019\/terceiro-dia-da-plenaria-nacional-da-fup-e-dedicado-aos-grupos-de-trabalho\/"},"author":{"name":"ASCOM","@id":"http:\/\/www.sindipetroba.org.br\/2019\/#\/schema\/person\/80e88dbf823328ddad08b17600055a3c"},"headline":"Terceiro dia da Plen\u00e1ria Nacional da FUP \u00e9 dedicado aos grupos de trabalho","datePublished":"2025-08-07T19:18:05+00:00","dateModified":"2025-12-04T17:42:01+00:00","mainEntityOfPage":{"@id":"http:\/\/www.sindipetroba.org.br\/2019\/terceiro-dia-da-plenaria-nacional-da-fup-e-dedicado-aos-grupos-de-trabalho\/"},"wordCount":308,"publisher":{"@id":"http:\/\/www.sindipetroba.org.br\/2019\/#organization"},"image":{"@id":"http:\/\/www.sindipetroba.org.br\/2019\/terceiro-dia-da-plenaria-nacional-da-fup-e-dedicado-aos-grupos-de-trabalho\/#primaryimage"},"thumbnailUrl":"http:\/\/www.sindipetroba.org.br\/2019\/wp-content\/uploads\/2025\/08\/WhatsApp-Image-2025-08-07-at-15.57.23-1-scaled.jpeg","keywords":["Campanha Reivindicat\u00f3ria - ACT 2025"],"articleSection":["Banner Principal","Not\u00edcia"],"inLanguage":"pt-BR"},{"@type":"WebPage","@id":"http:\/\/www.sindipetroba.org.br\/2019\/terceiro-dia-da-plenaria-nacional-da-fup-e-dedicado-aos-grupos-de-trabalho\/","url":"http:\/\/www.sindipetroba.org.br\/2019\/terceiro-dia-da-plenaria-nacional-da-fup-e-dedicado-aos-grupos-de-trabalho\/","name":"Terceiro dia da Plen\u00e1ria Nacional da FUP \u00e9 dedicado aos grupos de trabalho - Sindipetro BA","isPartOf":{"@id":"http:\/\/www.sindipetroba.org.br\/2019\/#website"},"primaryImageOfPage":{"@id":"http:\/\/www.sindipetroba.org.br\/2019\/terceiro-dia-da-plenaria-nacional-da-fup-e-dedicado-aos-grupos-de-trabalho\/#primaryimage"},"image":{"@id":"http:\/\/www.sindipetroba.org.br\/2019\/terceiro-dia-da-plenaria-nacional-da-fup-e-dedicado-aos-grupos-de-trabalho\/#primaryimage"},"thumbnailUrl":"http:\/\/www.sindipetroba.org.br\/2019\/wp-content\/uploads\/2025\/08\/WhatsApp-Image-2025-08-07-at-15.57.23-1-scaled.jpeg","datePublished":"2025-08-07T19:18:05+00:00","dateModified":"2025-12-04T17:42:01+00:00","breadcrumb":{"@id":"http:\/\/www.sindipetroba.org.br\/2019\/terceiro-dia-da-plenaria-nacional-da-fup-e-dedicado-aos-grupos-de-trabalho\/#breadcrumb"},"inLanguage":"pt-BR","potentialAction":[{"@type":"ReadAction","target":["http:\/\/www.sindipetroba.org.br\/2019\/terceiro-dia-da-plenaria-nacional-da-fup-e-dedicado-aos-grupos-de-trabalho\/"]}]},{"@type":"ImageObject","inLanguage":"pt-BR","@id":"http:\/\/www.sindipetroba.org.br\/2019\/terceiro-dia-da-plenaria-nacional-da-fup-e-dedicado-aos-grupos-de-trabalho\/#primaryimage","url":"http:\/\/www.sindipetroba.org.br\/2019\/wp-content\/uploads\/2025\/08\/WhatsApp-Image-2025-08-07-at-15.57.23-1-scaled.jpeg","contentUrl":"http:\/\/www.sindipetroba.org.br\/2019\/wp-content\/uploads\/2025\/08\/WhatsApp-Image-2025-08-07-at-15.57.23-1-scaled.jpeg","width":2560,"height":1440},{"@type":"BreadcrumbList","@id":"http:\/\/www.sindipetroba.org.br\/2019\/terceiro-dia-da-plenaria-nacional-da-fup-e-dedicado-aos-grupos-de-trabalho\/#breadcrumb","itemListElement":[{"@type":"ListItem","position":1,"name":"In\u00edcio","item":"http:\/\/www.sindipetroba.org.br\/2019\/"},{"@type":"ListItem","position":2,"name":"Terceiro dia da Plen\u00e1ria Nacional da FUP \u00e9 dedicado aos grupos de trabalho"}]},{"@type":"WebSite","@id":"http:\/\/www.sindipetroba.org.br\/2019\/#website","url":"http:\/\/www.sindipetroba.org.br\/2019\/","name":"Sindipetro BA","description":"Sindicato dos Petroleiros e Petroleiras do Estado da Bahia","publisher":{"@id":"http:\/\/www.sindipetroba.org.br\/2019\/#organization"},"potentialAction":[{"@type":"SearchAction","target":{"@type":"EntryPoint","urlTemplate":"http:\/\/www.sindipetroba.org.br\/2019\/?s={search_term_string}"},"query-input":{"@type":"PropertyValueSpecification","valueRequired":true,"valueName":"search_term_string"}}],"inLanguage":"pt-BR"},{"@type":"Organization","@id":"http:\/\/www.sindipetroba.org.br\/2019\/#organization","name":"Sindipetro BA","url":"http:\/\/www.sindipetroba.org.br\/2019\/","logo":{"@type":"ImageObject","inLanguage":"pt-BR","@id":"http:\/\/www.sindipetroba.org.br\/2019\/#\/schema\/logo\/image\/","url":"http:\/\/www.sindipetroba.org.br\/2019\/wp-content\/uploads\/2019\/01\/sindipetro-marca-cor.png","contentUrl":"http:\/\/www.sindipetroba.org.br\/2019\/wp-content\/uploads\/2019\/01\/sindipetro-marca-cor.png","width":350,"height":126,"caption":"Sindipetro BA"},"image":{"@id":"http:\/\/www.sindipetroba.org.br\/2019\/#\/schema\/logo\/image\/"},"sameAs":["https:\/\/www.facebook.com\/sindipetroBa\/","https:\/\/x.com\/SindipetroBahia","https:\/\/www.instagram.com\/sindipetroba\/","https:\/\/www.youtube.com\/c\/SindipetroBahiaOficial"]},{"@type":"Person","@id":"http:\/\/www.sindipetroba.org.br\/2019\/#\/schema\/person\/80e88dbf823328ddad08b17600055a3c","name":"ASCOM","image":{"@type":"ImageObject","inLanguage":"pt-BR","@id":"https:\/\/secure.gravatar.com\/avatar\/a2ab2fd873c57926b9f03e30be8804429fd7b0d41f4f71170e45b7b7f84998a6?s=96&d=mm&r=g","url":"https:\/\/secure.gravatar.com\/avatar\/a2ab2fd873c57926b9f03e30be8804429fd7b0d41f4f71170e45b7b7f84998a6?s=96&d=mm&r=g","contentUrl":"https:\/\/secure.gravatar.com\/avatar\/a2ab2fd873c57926b9f03e30be8804429fd7b0d41f4f71170e45b7b7f84998a6?s=96&d=mm&r=g","caption":"ASCOM"},"sameAs":["http:\/\/www.sindipetroba.org.br"]}]}},"_links":{"self":[{"href":"http:\/\/www.sindipetroba.org.br\/2019\/wp-json\/wp\/v2\/posts\/27702","targetHints":{"allow":["GET"]}}],"collection":[{"href":"http:\/\/www.sindipetroba.org.br\/2019\/wp-json\/wp\/v2\/posts"}],"about":[{"href":"http:\/\/www.sindipetroba.org.br\/2019\/wp-json\/wp\/v2\/types\/post"}],"author":[{"embeddable":true,"href":"http:\/\/www.sindipetroba.org.br\/2019\/wp-json\/wp\/v2\/users\/4"}],"replies":[{"embeddable":true,"href":"http:\/\/www.sindipetroba.org.br\/2019\/wp-json\/wp\/v2\/comments?post=27702"}],"version-history":[{"count":1,"href":"http:\/\/www.sindipetroba.org.br\/2019\/wp-json\/wp\/v2\/posts\/27702\/revisions"}],"predecessor-version":[{"id":27704,"href":"http:\/\/www.sindipetroba.org.br\/2019\/wp-json\/wp\/v2\/posts\/27702\/revisions\/27704"}],"wp:featuredmedia":[{"embeddable":true,"href":"http:\/\/www.sindipetroba.org.br\/2019\/wp-json\/wp\/v2\/media\/27703"}],"wp:attachment":[{"href":"http:\/\/www.sindipetroba.org.br\/2019\/wp-json\/wp\/v2\/media?parent=27702"}],"wp:term":[{"taxonomy":"category","embeddable":true,"href":"http:\/\/www.sindipetroba.org.br\/2019\/wp-json\/wp\/v2\/categories?post=27702"},{"taxonomy":"post_tag","embeddable":true,"href":"http:\/\/www.sindipetroba.org.br\/2019\/wp-json\/wp\/v2\/tags?post=27702"}],"curies":[{"name":"wp","href":"https:\/\/api.w.org\/{rel}","templated":true}]}}