{"id":28769,"date":"2026-01-20T10:31:19","date_gmt":"2026-01-20T13:31:19","guid":{"rendered":"http:\/\/www.sindipetroba.org.br\/2019\/?p=28769"},"modified":"2026-01-20T10:31:19","modified_gmt":"2026-01-20T13:31:19","slug":"apos-cobranca-da-fup-petrobras-retoma-entendimento-original-sobre-o-lancamento-dos-dias-de-greve","status":"publish","type":"post","link":"http:\/\/www.sindipetroba.org.br\/2019\/apos-cobranca-da-fup-petrobras-retoma-entendimento-original-sobre-o-lancamento-dos-dias-de-greve\/","title":{"rendered":"Ap\u00f3s cobran\u00e7a da FUP, Petrobr\u00e1s retoma entendimento original sobre o lan\u00e7amento dos dias de greve"},"content":{"rendered":"<h3>Lan\u00e7amento poder\u00e1 ser na nova sistem\u00e1tica garantida no ACT; medida \u00e9 conquista da FUP e beneficia os trabalhadores<\/h3>\n<p><em>[Da Comunica\u00e7\u00e3o da FUP]<\/em><\/p>\n<p>Durante as negocia\u00e7\u00f5es do Acordo Coletivo de Trabalho e a greve petroleira, um assunto que despertou preocupa\u00e7\u00e3o dos trabalhadores foi a forma em que seriam descontadas as horas dos dias parados durante a mobiliza\u00e7\u00e3o. A Federa\u00e7\u00e3o \u00danica dos Petroleiros (FUP) garantiu na mesa que os trabalhadores pudessem escolher a compensa\u00e7\u00e3o dos dias atrav\u00e9s de descontos em folha sem reflexo ou lan\u00e7amento dos d\u00edas no banco de horas.<\/p>\n<p>Nessas negocia\u00e7\u00f5es, o RH da Petrobr\u00e1s se comprometeu a garantir que todo esse processo seria realizado no novo regramento do Banco de Horas garantido no ACT, que \u00e9 vantajoso para os trabalhadores. Em nota enviada \u00e0 for\u00e7a de trabalho, a gest\u00e3o afirma que os trabalhadores t\u00eam a op\u00e7\u00e3o de postergar para fevereiro o lan\u00e7amento das horas da greve e que j\u00e1 est\u00e1 dispon\u00edvel o link para esta solicita\u00e7\u00e3o. Quem tiver desconto no banco em janeiro ter\u00e1 um ajuste em contracheque espec\u00edfico, quem fez a op\u00e7\u00e3o at\u00e9 o dia 15\/01 recebe o ajuste ainda em Janeiro. O pedido para postergar pode ser feito at\u00e9 o dia 6 de fevereiro, e o trabalhador receber\u00e1 em fevereiro o ajuste do banco que tiver sido descontado.<\/p>\n<p>A Transpetro confirmou que vai seguir esse encaminhamento, dando ao empregado o prazo de 6 de fevereiro para fazer essa posterga\u00e7\u00e3o, e que lan\u00e7ar\u00e1 um comunicado pr\u00f3prio detalhando as possibilidades. O mecanismo de desconto das horas da Greve \u00e9 uma conquista importante da FUP na mesa de negocia\u00e7\u00e3o e garante previsibilidade e seguran\u00e7a aos trabalhadores e trabalhadoras que participaram da hist\u00f3rica mobiliza\u00e7\u00e3o da categoria.<\/p>\n","protected":false},"excerpt":{"rendered":"Lan\u00e7amento poder\u00e1 ser na nova sistem\u00e1tica garantida no ACT; medida \u00e9 conquista da FUP e beneficia os trabalhadores [Da Comunica\u00e7\u00e3o da FUP] Durante as negocia\u00e7\u00f5es do Acordo Coletivo de Trabalho e a greve petroleira, um assunto que despertou preocupa\u00e7\u00e3o dos trabalhadores foi a forma em que seriam descontadas as horas dos dias parados durante a&#8230; <a class=\"view-article\" href=\"http:\/\/www.sindipetroba.org.br\/2019\/apos-cobranca-da-fup-petrobras-retoma-entendimento-original-sobre-o-lancamento-dos-dias-de-greve\/\">Ver artigo<\/a>","protected":false},"author":4,"featured_media":28770,"comment_status":"closed","ping_status":"open","sticky":false,"template":"","format":"standard","meta":{"_et_pb_use_builder":"","_et_pb_old_content":"","_et_gb_content_width":"","footnotes":""},"categories":[2688,1],"tags":[],"class_list":["post-28769","post","type-post","status-publish","format-standard","has-post-thumbnail","hentry","category-banner-principal","category-noticia"],"yoast_head":"<!-- This site is optimized with the Yoast SEO plugin v27.3 - https:\/\/yoast.com\/product\/yoast-seo-wordpress\/ -->\n<title>Ap\u00f3s cobran\u00e7a da FUP, Petrobr\u00e1s retoma entendimento original sobre o lan\u00e7amento dos dias de greve - Sindipetro BA<\/title>\n<meta name=\"robots\" content=\"index, follow, max-snippet:-1, max-image-preview:large, max-video-preview:-1\" \/>\n<link rel=\"canonical\" href=\"http:\/\/www.sindipetroba.org.br\/2019\/apos-cobranca-da-fup-petrobras-retoma-entendimento-original-sobre-o-lancamento-dos-dias-de-greve\/\" \/>\n<meta property=\"og:locale\" content=\"pt_BR\" \/>\n<meta property=\"og:type\" content=\"article\" \/>\n<meta property=\"og:title\" content=\"Ap\u00f3s cobran\u00e7a da FUP, Petrobr\u00e1s retoma entendimento original sobre o lan\u00e7amento dos dias de greve - Sindipetro BA\" \/>\n<meta property=\"og:description\" content=\"Lan\u00e7amento poder\u00e1 ser na nova sistem\u00e1tica garantida no ACT; medida \u00e9 conquista da FUP e beneficia os trabalhadores [Da Comunica\u00e7\u00e3o da FUP] Durante as negocia\u00e7\u00f5es do Acordo Coletivo de Trabalho e a greve petroleira, um assunto que despertou preocupa\u00e7\u00e3o dos trabalhadores foi a forma em que seriam descontadas as horas dos dias parados durante a... Ver artigo\" \/>\n<meta property=\"og:url\" content=\"http:\/\/www.sindipetroba.org.br\/2019\/apos-cobranca-da-fup-petrobras-retoma-entendimento-original-sobre-o-lancamento-dos-dias-de-greve\/\" \/>\n<meta property=\"og:site_name\" content=\"Sindipetro BA\" \/>\n<meta property=\"article:publisher\" content=\"https:\/\/www.facebook.com\/sindipetroBa\/\" \/>\n<meta property=\"article:published_time\" content=\"2026-01-20T13:31:19+00:00\" \/>\n<meta property=\"og:image\" content=\"http:\/\/www.sindipetroba.org.br\/2019\/wp-content\/uploads\/2026\/01\/foto-62.jpg\" \/>\n\t<meta property=\"og:image:width\" content=\"900\" \/>\n\t<meta property=\"og:image:height\" content=\"600\" \/>\n\t<meta property=\"og:image:type\" content=\"image\/jpeg\" \/>\n<meta name=\"author\" content=\"ASCOM\" \/>\n<meta name=\"twitter:card\" content=\"summary_large_image\" \/>\n<meta name=\"twitter:creator\" content=\"@SindipetroBahia\" \/>\n<meta name=\"twitter:site\" content=\"@SindipetroBahia\" \/>\n<meta name=\"twitter:label1\" content=\"Escrito por\" \/>\n\t<meta name=\"twitter:data1\" content=\"ASCOM\" \/>\n\t<meta name=\"twitter:label2\" content=\"Est. tempo de leitura\" \/>\n\t<meta name=\"twitter:data2\" content=\"2 minutos\" \/>\n<script type=\"application\/ld+json\" class=\"yoast-schema-graph\">{\"@context\":\"https:\\\/\\\/schema.org\",\"@graph\":[{\"@type\":\"Article\",\"@id\":\"http:\\\/\\\/www.sindipetroba.org.br\\\/2019\\\/apos-cobranca-da-fup-petrobras-retoma-entendimento-original-sobre-o-lancamento-dos-dias-de-greve\\\/#article\",\"isPartOf\":{\"@id\":\"http:\\\/\\\/www.sindipetroba.org.br\\\/2019\\\/apos-cobranca-da-fup-petrobras-retoma-entendimento-original-sobre-o-lancamento-dos-dias-de-greve\\\/\"},\"author\":{\"name\":\"ASCOM\",\"@id\":\"http:\\\/\\\/www.sindipetroba.org.br\\\/2019\\\/#\\\/schema\\\/person\\\/80e88dbf823328ddad08b17600055a3c\"},\"headline\":\"Ap\u00f3s cobran\u00e7a da FUP, Petrobr\u00e1s retoma entendimento original sobre o lan\u00e7amento dos dias de greve\",\"datePublished\":\"2026-01-20T13:31:19+00:00\",\"mainEntityOfPage\":{\"@id\":\"http:\\\/\\\/www.sindipetroba.org.br\\\/2019\\\/apos-cobranca-da-fup-petrobras-retoma-entendimento-original-sobre-o-lancamento-dos-dias-de-greve\\\/\"},\"wordCount\":316,\"publisher\":{\"@id\":\"http:\\\/\\\/www.sindipetroba.org.br\\\/2019\\\/#organization\"},\"image\":{\"@id\":\"http:\\\/\\\/www.sindipetroba.org.br\\\/2019\\\/apos-cobranca-da-fup-petrobras-retoma-entendimento-original-sobre-o-lancamento-dos-dias-de-greve\\\/#primaryimage\"},\"thumbnailUrl\":\"http:\\\/\\\/www.sindipetroba.org.br\\\/2019\\\/wp-content\\\/uploads\\\/2026\\\/01\\\/foto-62.jpg\",\"articleSection\":[\"Banner Principal\",\"Not\u00edcia\"],\"inLanguage\":\"pt-BR\"},{\"@type\":\"WebPage\",\"@id\":\"http:\\\/\\\/www.sindipetroba.org.br\\\/2019\\\/apos-cobranca-da-fup-petrobras-retoma-entendimento-original-sobre-o-lancamento-dos-dias-de-greve\\\/\",\"url\":\"http:\\\/\\\/www.sindipetroba.org.br\\\/2019\\\/apos-cobranca-da-fup-petrobras-retoma-entendimento-original-sobre-o-lancamento-dos-dias-de-greve\\\/\",\"name\":\"Ap\u00f3s cobran\u00e7a da FUP, Petrobr\u00e1s retoma entendimento original sobre o lan\u00e7amento dos dias de greve - Sindipetro BA\",\"isPartOf\":{\"@id\":\"http:\\\/\\\/www.sindipetroba.org.br\\\/2019\\\/#website\"},\"primaryImageOfPage\":{\"@id\":\"http:\\\/\\\/www.sindipetroba.org.br\\\/2019\\\/apos-cobranca-da-fup-petrobras-retoma-entendimento-original-sobre-o-lancamento-dos-dias-de-greve\\\/#primaryimage\"},\"image\":{\"@id\":\"http:\\\/\\\/www.sindipetroba.org.br\\\/2019\\\/apos-cobranca-da-fup-petrobras-retoma-entendimento-original-sobre-o-lancamento-dos-dias-de-greve\\\/#primaryimage\"},\"thumbnailUrl\":\"http:\\\/\\\/www.sindipetroba.org.br\\\/2019\\\/wp-content\\\/uploads\\\/2026\\\/01\\\/foto-62.jpg\",\"datePublished\":\"2026-01-20T13:31:19+00:00\",\"breadcrumb\":{\"@id\":\"http:\\\/\\\/www.sindipetroba.org.br\\\/2019\\\/apos-cobranca-da-fup-petrobras-retoma-entendimento-original-sobre-o-lancamento-dos-dias-de-greve\\\/#breadcrumb\"},\"inLanguage\":\"pt-BR\",\"potentialAction\":[{\"@type\":\"ReadAction\",\"target\":[\"http:\\\/\\\/www.sindipetroba.org.br\\\/2019\\\/apos-cobranca-da-fup-petrobras-retoma-entendimento-original-sobre-o-lancamento-dos-dias-de-greve\\\/\"]}]},{\"@type\":\"ImageObject\",\"inLanguage\":\"pt-BR\",\"@id\":\"http:\\\/\\\/www.sindipetroba.org.br\\\/2019\\\/apos-cobranca-da-fup-petrobras-retoma-entendimento-original-sobre-o-lancamento-dos-dias-de-greve\\\/#primaryimage\",\"url\":\"http:\\\/\\\/www.sindipetroba.org.br\\\/2019\\\/wp-content\\\/uploads\\\/2026\\\/01\\\/foto-62.jpg\",\"contentUrl\":\"http:\\\/\\\/www.sindipetroba.org.br\\\/2019\\\/wp-content\\\/uploads\\\/2026\\\/01\\\/foto-62.jpg\",\"width\":900,\"height\":600},{\"@type\":\"BreadcrumbList\",\"@id\":\"http:\\\/\\\/www.sindipetroba.org.br\\\/2019\\\/apos-cobranca-da-fup-petrobras-retoma-entendimento-original-sobre-o-lancamento-dos-dias-de-greve\\\/#breadcrumb\",\"itemListElement\":[{\"@type\":\"ListItem\",\"position\":1,\"name\":\"In\u00edcio\",\"item\":\"http:\\\/\\\/www.sindipetroba.org.br\\\/2019\\\/\"},{\"@type\":\"ListItem\",\"position\":2,\"name\":\"Ap\u00f3s cobran\u00e7a da FUP, Petrobr\u00e1s retoma entendimento original sobre o lan\u00e7amento dos dias de greve\"}]},{\"@type\":\"WebSite\",\"@id\":\"http:\\\/\\\/www.sindipetroba.org.br\\\/2019\\\/#website\",\"url\":\"http:\\\/\\\/www.sindipetroba.org.br\\\/2019\\\/\",\"name\":\"Sindipetro BA\",\"description\":\"Sindicato dos Petroleiros e Petroleiras do Estado da Bahia\",\"publisher\":{\"@id\":\"http:\\\/\\\/www.sindipetroba.org.br\\\/2019\\\/#organization\"},\"potentialAction\":[{\"@type\":\"SearchAction\",\"target\":{\"@type\":\"EntryPoint\",\"urlTemplate\":\"http:\\\/\\\/www.sindipetroba.org.br\\\/2019\\\/?s={search_term_string}\"},\"query-input\":{\"@type\":\"PropertyValueSpecification\",\"valueRequired\":true,\"valueName\":\"search_term_string\"}}],\"inLanguage\":\"pt-BR\"},{\"@type\":\"Organization\",\"@id\":\"http:\\\/\\\/www.sindipetroba.org.br\\\/2019\\\/#organization\",\"name\":\"Sindipetro BA\",\"url\":\"http:\\\/\\\/www.sindipetroba.org.br\\\/2019\\\/\",\"logo\":{\"@type\":\"ImageObject\",\"inLanguage\":\"pt-BR\",\"@id\":\"http:\\\/\\\/www.sindipetroba.org.br\\\/2019\\\/#\\\/schema\\\/logo\\\/image\\\/\",\"url\":\"http:\\\/\\\/www.sindipetroba.org.br\\\/2019\\\/wp-content\\\/uploads\\\/2019\\\/01\\\/sindipetro-marca-cor.png\",\"contentUrl\":\"http:\\\/\\\/www.sindipetroba.org.br\\\/2019\\\/wp-content\\\/uploads\\\/2019\\\/01\\\/sindipetro-marca-cor.png\",\"width\":350,\"height\":126,\"caption\":\"Sindipetro BA\"},\"image\":{\"@id\":\"http:\\\/\\\/www.sindipetroba.org.br\\\/2019\\\/#\\\/schema\\\/logo\\\/image\\\/\"},\"sameAs\":[\"https:\\\/\\\/www.facebook.com\\\/sindipetroBa\\\/\",\"https:\\\/\\\/x.com\\\/SindipetroBahia\",\"https:\\\/\\\/www.instagram.com\\\/sindipetroba\\\/\",\"https:\\\/\\\/www.youtube.com\\\/c\\\/SindipetroBahiaOficial\"]},{\"@type\":\"Person\",\"@id\":\"http:\\\/\\\/www.sindipetroba.org.br\\\/2019\\\/#\\\/schema\\\/person\\\/80e88dbf823328ddad08b17600055a3c\",\"name\":\"ASCOM\",\"image\":{\"@type\":\"ImageObject\",\"inLanguage\":\"pt-BR\",\"@id\":\"https:\\\/\\\/secure.gravatar.com\\\/avatar\\\/a2ab2fd873c57926b9f03e30be8804429fd7b0d41f4f71170e45b7b7f84998a6?s=96&d=mm&r=g\",\"url\":\"https:\\\/\\\/secure.gravatar.com\\\/avatar\\\/a2ab2fd873c57926b9f03e30be8804429fd7b0d41f4f71170e45b7b7f84998a6?s=96&d=mm&r=g\",\"contentUrl\":\"https:\\\/\\\/secure.gravatar.com\\\/avatar\\\/a2ab2fd873c57926b9f03e30be8804429fd7b0d41f4f71170e45b7b7f84998a6?s=96&d=mm&r=g\",\"caption\":\"ASCOM\"},\"sameAs\":[\"http:\\\/\\\/www.sindipetroba.org.br\"]}]}<\/script>\n<!-- \/ Yoast SEO plugin. -->","yoast_head_json":{"title":"Ap\u00f3s cobran\u00e7a da FUP, Petrobr\u00e1s retoma entendimento original sobre o lan\u00e7amento dos dias de greve - Sindipetro BA","robots":{"index":"index","follow":"follow","max-snippet":"max-snippet:-1","max-image-preview":"max-image-preview:large","max-video-preview":"max-video-preview:-1"},"canonical":"http:\/\/www.sindipetroba.org.br\/2019\/apos-cobranca-da-fup-petrobras-retoma-entendimento-original-sobre-o-lancamento-dos-dias-de-greve\/","og_locale":"pt_BR","og_type":"article","og_title":"Ap\u00f3s cobran\u00e7a da FUP, Petrobr\u00e1s retoma entendimento original sobre o lan\u00e7amento dos dias de greve - Sindipetro BA","og_description":"Lan\u00e7amento poder\u00e1 ser na nova sistem\u00e1tica garantida no ACT; medida \u00e9 conquista da FUP e beneficia os trabalhadores [Da Comunica\u00e7\u00e3o da FUP] Durante as negocia\u00e7\u00f5es do Acordo Coletivo de Trabalho e a greve petroleira, um assunto que despertou preocupa\u00e7\u00e3o dos trabalhadores foi a forma em que seriam descontadas as horas dos dias parados durante a... Ver artigo","og_url":"http:\/\/www.sindipetroba.org.br\/2019\/apos-cobranca-da-fup-petrobras-retoma-entendimento-original-sobre-o-lancamento-dos-dias-de-greve\/","og_site_name":"Sindipetro BA","article_publisher":"https:\/\/www.facebook.com\/sindipetroBa\/","article_published_time":"2026-01-20T13:31:19+00:00","og_image":[{"width":900,"height":600,"url":"http:\/\/www.sindipetroba.org.br\/2019\/wp-content\/uploads\/2026\/01\/foto-62.jpg","type":"image\/jpeg"}],"author":"ASCOM","twitter_card":"summary_large_image","twitter_creator":"@SindipetroBahia","twitter_site":"@SindipetroBahia","twitter_misc":{"Escrito por":"ASCOM","Est. tempo de leitura":"2 minutos"},"schema":{"@context":"https:\/\/schema.org","@graph":[{"@type":"Article","@id":"http:\/\/www.sindipetroba.org.br\/2019\/apos-cobranca-da-fup-petrobras-retoma-entendimento-original-sobre-o-lancamento-dos-dias-de-greve\/#article","isPartOf":{"@id":"http:\/\/www.sindipetroba.org.br\/2019\/apos-cobranca-da-fup-petrobras-retoma-entendimento-original-sobre-o-lancamento-dos-dias-de-greve\/"},"author":{"name":"ASCOM","@id":"http:\/\/www.sindipetroba.org.br\/2019\/#\/schema\/person\/80e88dbf823328ddad08b17600055a3c"},"headline":"Ap\u00f3s cobran\u00e7a da FUP, Petrobr\u00e1s retoma entendimento original sobre o lan\u00e7amento dos dias de greve","datePublished":"2026-01-20T13:31:19+00:00","mainEntityOfPage":{"@id":"http:\/\/www.sindipetroba.org.br\/2019\/apos-cobranca-da-fup-petrobras-retoma-entendimento-original-sobre-o-lancamento-dos-dias-de-greve\/"},"wordCount":316,"publisher":{"@id":"http:\/\/www.sindipetroba.org.br\/2019\/#organization"},"image":{"@id":"http:\/\/www.sindipetroba.org.br\/2019\/apos-cobranca-da-fup-petrobras-retoma-entendimento-original-sobre-o-lancamento-dos-dias-de-greve\/#primaryimage"},"thumbnailUrl":"http:\/\/www.sindipetroba.org.br\/2019\/wp-content\/uploads\/2026\/01\/foto-62.jpg","articleSection":["Banner Principal","Not\u00edcia"],"inLanguage":"pt-BR"},{"@type":"WebPage","@id":"http:\/\/www.sindipetroba.org.br\/2019\/apos-cobranca-da-fup-petrobras-retoma-entendimento-original-sobre-o-lancamento-dos-dias-de-greve\/","url":"http:\/\/www.sindipetroba.org.br\/2019\/apos-cobranca-da-fup-petrobras-retoma-entendimento-original-sobre-o-lancamento-dos-dias-de-greve\/","name":"Ap\u00f3s cobran\u00e7a da FUP, Petrobr\u00e1s retoma entendimento original sobre o lan\u00e7amento dos dias de greve - Sindipetro BA","isPartOf":{"@id":"http:\/\/www.sindipetroba.org.br\/2019\/#website"},"primaryImageOfPage":{"@id":"http:\/\/www.sindipetroba.org.br\/2019\/apos-cobranca-da-fup-petrobras-retoma-entendimento-original-sobre-o-lancamento-dos-dias-de-greve\/#primaryimage"},"image":{"@id":"http:\/\/www.sindipetroba.org.br\/2019\/apos-cobranca-da-fup-petrobras-retoma-entendimento-original-sobre-o-lancamento-dos-dias-de-greve\/#primaryimage"},"thumbnailUrl":"http:\/\/www.sindipetroba.org.br\/2019\/wp-content\/uploads\/2026\/01\/foto-62.jpg","datePublished":"2026-01-20T13:31:19+00:00","breadcrumb":{"@id":"http:\/\/www.sindipetroba.org.br\/2019\/apos-cobranca-da-fup-petrobras-retoma-entendimento-original-sobre-o-lancamento-dos-dias-de-greve\/#breadcrumb"},"inLanguage":"pt-BR","potentialAction":[{"@type":"ReadAction","target":["http:\/\/www.sindipetroba.org.br\/2019\/apos-cobranca-da-fup-petrobras-retoma-entendimento-original-sobre-o-lancamento-dos-dias-de-greve\/"]}]},{"@type":"ImageObject","inLanguage":"pt-BR","@id":"http:\/\/www.sindipetroba.org.br\/2019\/apos-cobranca-da-fup-petrobras-retoma-entendimento-original-sobre-o-lancamento-dos-dias-de-greve\/#primaryimage","url":"http:\/\/www.sindipetroba.org.br\/2019\/wp-content\/uploads\/2026\/01\/foto-62.jpg","contentUrl":"http:\/\/www.sindipetroba.org.br\/2019\/wp-content\/uploads\/2026\/01\/foto-62.jpg","width":900,"height":600},{"@type":"BreadcrumbList","@id":"http:\/\/www.sindipetroba.org.br\/2019\/apos-cobranca-da-fup-petrobras-retoma-entendimento-original-sobre-o-lancamento-dos-dias-de-greve\/#breadcrumb","itemListElement":[{"@type":"ListItem","position":1,"name":"In\u00edcio","item":"http:\/\/www.sindipetroba.org.br\/2019\/"},{"@type":"ListItem","position":2,"name":"Ap\u00f3s cobran\u00e7a da FUP, Petrobr\u00e1s retoma entendimento original sobre o lan\u00e7amento dos dias de greve"}]},{"@type":"WebSite","@id":"http:\/\/www.sindipetroba.org.br\/2019\/#website","url":"http:\/\/www.sindipetroba.org.br\/2019\/","name":"Sindipetro BA","description":"Sindicato dos Petroleiros e Petroleiras do Estado da Bahia","publisher":{"@id":"http:\/\/www.sindipetroba.org.br\/2019\/#organization"},"potentialAction":[{"@type":"SearchAction","target":{"@type":"EntryPoint","urlTemplate":"http:\/\/www.sindipetroba.org.br\/2019\/?s={search_term_string}"},"query-input":{"@type":"PropertyValueSpecification","valueRequired":true,"valueName":"search_term_string"}}],"inLanguage":"pt-BR"},{"@type":"Organization","@id":"http:\/\/www.sindipetroba.org.br\/2019\/#organization","name":"Sindipetro BA","url":"http:\/\/www.sindipetroba.org.br\/2019\/","logo":{"@type":"ImageObject","inLanguage":"pt-BR","@id":"http:\/\/www.sindipetroba.org.br\/2019\/#\/schema\/logo\/image\/","url":"http:\/\/www.sindipetroba.org.br\/2019\/wp-content\/uploads\/2019\/01\/sindipetro-marca-cor.png","contentUrl":"http:\/\/www.sindipetroba.org.br\/2019\/wp-content\/uploads\/2019\/01\/sindipetro-marca-cor.png","width":350,"height":126,"caption":"Sindipetro BA"},"image":{"@id":"http:\/\/www.sindipetroba.org.br\/2019\/#\/schema\/logo\/image\/"},"sameAs":["https:\/\/www.facebook.com\/sindipetroBa\/","https:\/\/x.com\/SindipetroBahia","https:\/\/www.instagram.com\/sindipetroba\/","https:\/\/www.youtube.com\/c\/SindipetroBahiaOficial"]},{"@type":"Person","@id":"http:\/\/www.sindipetroba.org.br\/2019\/#\/schema\/person\/80e88dbf823328ddad08b17600055a3c","name":"ASCOM","image":{"@type":"ImageObject","inLanguage":"pt-BR","@id":"https:\/\/secure.gravatar.com\/avatar\/a2ab2fd873c57926b9f03e30be8804429fd7b0d41f4f71170e45b7b7f84998a6?s=96&d=mm&r=g","url":"https:\/\/secure.gravatar.com\/avatar\/a2ab2fd873c57926b9f03e30be8804429fd7b0d41f4f71170e45b7b7f84998a6?s=96&d=mm&r=g","contentUrl":"https:\/\/secure.gravatar.com\/avatar\/a2ab2fd873c57926b9f03e30be8804429fd7b0d41f4f71170e45b7b7f84998a6?s=96&d=mm&r=g","caption":"ASCOM"},"sameAs":["http:\/\/www.sindipetroba.org.br"]}]}},"_links":{"self":[{"href":"http:\/\/www.sindipetroba.org.br\/2019\/wp-json\/wp\/v2\/posts\/28769","targetHints":{"allow":["GET"]}}],"collection":[{"href":"http:\/\/www.sindipetroba.org.br\/2019\/wp-json\/wp\/v2\/posts"}],"about":[{"href":"http:\/\/www.sindipetroba.org.br\/2019\/wp-json\/wp\/v2\/types\/post"}],"author":[{"embeddable":true,"href":"http:\/\/www.sindipetroba.org.br\/2019\/wp-json\/wp\/v2\/users\/4"}],"replies":[{"embeddable":true,"href":"http:\/\/www.sindipetroba.org.br\/2019\/wp-json\/wp\/v2\/comments?post=28769"}],"version-history":[{"count":1,"href":"http:\/\/www.sindipetroba.org.br\/2019\/wp-json\/wp\/v2\/posts\/28769\/revisions"}],"predecessor-version":[{"id":28771,"href":"http:\/\/www.sindipetroba.org.br\/2019\/wp-json\/wp\/v2\/posts\/28769\/revisions\/28771"}],"wp:featuredmedia":[{"embeddable":true,"href":"http:\/\/www.sindipetroba.org.br\/2019\/wp-json\/wp\/v2\/media\/28770"}],"wp:attachment":[{"href":"http:\/\/www.sindipetroba.org.br\/2019\/wp-json\/wp\/v2\/media?parent=28769"}],"wp:term":[{"taxonomy":"category","embeddable":true,"href":"http:\/\/www.sindipetroba.org.br\/2019\/wp-json\/wp\/v2\/categories?post=28769"},{"taxonomy":"post_tag","embeddable":true,"href":"http:\/\/www.sindipetroba.org.br\/2019\/wp-json\/wp\/v2\/tags?post=28769"}],"curies":[{"name":"wp","href":"https:\/\/api.w.org\/{rel}","templated":true}]}}