{"id":29023,"date":"2026-03-16T18:13:44","date_gmt":"2026-03-16T21:13:44","guid":{"rendered":"http:\/\/www.sindipetroba.org.br\/2019\/?p=29023"},"modified":"2026-03-16T18:13:44","modified_gmt":"2026-03-16T21:13:44","slug":"energia-limpa-brasil-soberano-crise-climatica-e-transicao-energetica","status":"publish","type":"post","link":"http:\/\/www.sindipetroba.org.br\/2019\/energia-limpa-brasil-soberano-crise-climatica-e-transicao-energetica\/","title":{"rendered":"Energia Limpa, Brasil Soberano: crise clim\u00e1tica e transi\u00e7\u00e3o energ\u00e9tica"},"content":{"rendered":"<p><span style=\"font-weight: 400;\">As mudan\u00e7as clim\u00e1ticas n\u00e3o pertencem a um futuro dist\u00f3pico que nunca vai chegar, elas j\u00e1 est\u00e3o afetando o planeta. Em 2024, a temperatura m\u00e9dia global chegou a 1,5\u00b0C acima dos n\u00edveis pr\u00e9-industriais (1)<\/span><span style=\"font-weight: 400;\">, limite al\u00e9m do qual os efeitos clim\u00e1ticos tornam-se progressivamente irrevers\u00edveis. Secas, inunda\u00e7\u00f5es, queda na biodiversidade e crises alimentares n\u00e3o s\u00e3o cen\u00e1rios distantes, seus efeitos j\u00e1 est\u00e3o sendo sentidos pela popula\u00e7\u00e3o.<\/span><\/p>\n<p><span style=\"font-weight: 400;\">Neste Dia Nacional da Conscientiza\u00e7\u00e3o das Mudan\u00e7as Clim\u00e1ticas, \u00e9 importante destacar que a queima de combust\u00edveis f\u00f3sseis \u00e9 a principal causa de emiss\u00e3o dos gases do efeito estufa (2)<\/span><span style=\"font-weight: 400;\">, contribuindo mais para o aumento da temperatura do planeta do que qualquer outro fator. A resposta para mudar esse cen\u00e1rio, portanto, passa necessariamente pela transforma\u00e7\u00e3o das matrizes energ\u00e9ticas em todo o globo.<\/span><\/p>\n<p><span style=\"font-weight: 400;\">A transi\u00e7\u00e3o para fontes renov\u00e1veis n\u00e3o \u00e9 apenas uma agenda ambiental, \u00e9 uma reorganiza\u00e7\u00e3o da geopol\u00edtica e da economia mundial que se apresenta como necess\u00e1ria e urgente. At\u00e9 2050, quase 90% da eletricidade precisar\u00e1 vir de fontes limpas para manter o aquecimento global abaixo de 1,5\u00b0C (3)<\/span><span style=\"font-weight: 400;\">. Por isso, quem dominar a produ\u00e7\u00e3o de energia sustent\u00e1vel ter\u00e1 ampla vantagem estrat\u00e9gica.\u00a0<\/span><\/p>\n<p><b>O caminho brasileiro<\/b><\/p>\n<p><span style=\"font-weight: 400;\">O Brasil ocupa uma posi\u00e7\u00e3o singular. Com uma matriz el\u00e9trica que j\u00e1 \u00e9 majoritariamente renov\u00e1vel, com 88% proveniente de fontes limpas (4)<\/span><span style=\"font-weight: 400;\">, o pa\u00eds parte na frente. Some-se a isso o potencial na produ\u00e7\u00e3o de hidrog\u00eanio verde, a vastid\u00e3o de territ\u00f3rios com irradia\u00e7\u00e3o solar e ventos excepcionais, e a capacidade de uma empresa estatal como a Petrobr\u00e1s para liderar essa transi\u00e7\u00e3o. &#8220;O Brasil est\u00e1 anos-luz \u00e0 frente do Norte Global&#8221;, afirma Deyvid Bacelar, coordenador geral da FUP, destacando, ainda, que n\u00e3o h\u00e1 contradi\u00e7\u00e3o entre explorar petr\u00f3leo e combater o aquecimento global com uma transi\u00e7\u00e3o energ\u00e9tica justa, soberana e popular (5)<\/span><span style=\"font-weight: 400;\">.<\/span><\/p>\n<p><span style=\"font-weight: 400;\">O dirigente sindical dos trabalhadores e das trabalhadoras da ind\u00fastria de petr\u00f3leo e g\u00e1s explica que o grande vil\u00e3o do aquecimento global \u00e9 a queima de combust\u00edveis f\u00f3sseis, n\u00e3o a extra\u00e7\u00e3o e transforma\u00e7\u00e3o do petr\u00f3leo em produtos utilizados pelo consumidor final e como mat\u00e9ria-prima em cadeias industriais de larga escala. \u201cDefender o fim da queima de combust\u00edveis f\u00f3sseis n\u00e3o significa abrir m\u00e3o da extra\u00e7\u00e3o de petr\u00f3leo, porque s\u00e3o dimens\u00f5es distintas do mesmo recurso. Compreender essa diferen\u00e7a \u00e9 fundamental para um debate honesto e consistente sobre clima, desenvolvimento e ind\u00fastria\u201d, argumenta.<\/span><\/p>\n<p><span style=\"font-weight: 400;\">A soberania energ\u00e9tica brasileira depende que esse caminho seja aprofundado. Um pa\u00eds que domina a produ\u00e7\u00e3o de energia limpa reduz sua vulnerabilidade \u00e0s oscila\u00e7\u00f5es do mercado internacional de petr\u00f3leo, atrai investimentos s\u00f3lidos e posiciona-se como fornecedor estrat\u00e9gico em uma economia global descarbonizada. Para o Brasil, a transi\u00e7\u00e3o energ\u00e9tica tem tripla vantagem: mitiga\u00e7\u00e3o clim\u00e1tica, refor\u00e7o de sua soberania e estrat\u00e9gia econ\u00f4mica.<\/span><\/p>\n<p><b>Transi\u00e7\u00e3o energ\u00e9tica justa<\/b><\/p>\n<p><span style=\"font-weight: 400;\">O movimento sindical petroleiro, bem como o Instituto de Estudos Estrat\u00e9gicos de Petr\u00f3leo, G\u00e1s Natural e Biocombust\u00edveis Z\u00e9 Eduardo Dutra (Ineep), defendem ainda que a transi\u00e7\u00e3o energ\u00e9tica precisa ser feita com inclus\u00e3o da classe trabalhadora, de forma sustent\u00e1vel e pensando no desenvolvimento brasileiro. \u201cN\u00e3o basta reduzir as emiss\u00f5es e gases de efeito estufa, \u00e9 preciso criar novas condi\u00e7\u00f5es para o desenvolvimento nacional, para a ind\u00fastria brasileira, para <\/span><span style=\"font-weight: 400;\">criar empregos e democratizar o acesso da popula\u00e7\u00e3o \u00e0 energia\u201d, afirma editorial do instituto (6)<\/span><span style=\"font-weight: 400;\">.<\/span><\/p>\n<p><span style=\"font-weight: 400;\">A transi\u00e7\u00e3o energ\u00e9tica n\u00e3o \u00e9 uma escolha entre desenvolvimento e meio ambiente. \u00c9 a condi\u00e7\u00e3o para que ambos sejam poss\u00edveis. O Brasil tem os recursos, a posi\u00e7\u00e3o geogr\u00e1fica e o conhecimento t\u00e9cnico para liderar esse processo. Para a coordenadora geral do Sindipetro Bahia, as escolhas que faremos agora ir\u00e3o determinar qual posi\u00e7\u00e3o o pa\u00eds vai ocupar no tabuleiro geopol\u00edtico global. \u201cO Brasil j\u00e1 est\u00e1 preparado para assistir do sof\u00e1 a transi\u00e7\u00e3o energ\u00e9tica global sem grandes solavancos. Mas temos a possibilidade de ter o controle remoto na m\u00e3o\u201d, define Elizabete Sacramento.\u00a0<\/span><\/p>\n<p>&nbsp;<\/p>\n<hr \/>\n<p><span style=\"font-weight: 400;\">\u00a01. Organiza\u00e7\u00e3o Meteorol\u00f3gica Mundial (WMO): <\/span><a href=\"https:\/\/wmo.int\/news\/media-centre\/wmo-confirms-2024-warmest-year-record-about-155degc-above-pre-industrial-level\"><span style=\"font-weight: 400;\">https:\/\/wmo.int\/news\/media-centre\/wmo-confirms-2024-warmest-year-record-about-155degc-above-pre-industrial-level<\/span><\/a><\/p>\n<p><span style=\"font-weight: 400;\">\u00a02. Painel Intergovernamental sobre Mudan\u00e7a Clim\u00e1tica (IPCC): <\/span><a href=\"https:\/\/www.ipcc.ch\/report\/ar6\/syr\/downloads\/report\/IPCC_AR6_SYR_SPM.pdf\"><span style=\"font-weight: 400;\">https:\/\/www.ipcc.ch\/report\/ar6\/syr\/downloads\/report\/IPCC_AR6_SYR_SPM.pdf<\/span><\/a><\/p>\n<p><span style=\"font-weight: 400;\">\u00a03. Ag\u00eancia Internacional de Energia (IEA): <\/span><a href=\"https:\/\/www.iea.org\/reports\/world-energy-outlook-2025\/net-zero-emissions-by-2050\"><span style=\"font-weight: 400;\">https:\/\/www.iea.org\/reports\/world-energy-outlook-2025\/net-zero-emissions-by-2050<\/span><\/a><\/p>\n<p><span style=\"font-weight: 400;\">\u00a04. Empresa de Pesquisas Energ\u00e9ticas (EPE): <\/span><a href=\"https:\/\/www.epe.gov.br\/sites-pt\/publicacoes-dados-abertos\/publicacoes\/PublicacoesArquivos\/publicacao-885\/topico-767\/BEN_S%C3%ADntese_2025_PT.pdf\"><span style=\"font-weight: 400;\">https:\/\/www.epe.gov.br\/sites-pt\/publicacoes-dados-abertos\/publicacoes\/PublicacoesArquivos\/publicacao-885\/topico-767\/BEN_S%C3%ADntese_2025_PT.pdf<\/span><\/a><\/p>\n<p><span style=\"font-weight: 400;\">5. Entrevista ao Bom Dia 247, em 07\/11\/2025: <\/span><a href=\"https:\/\/www.brasil247.com\/entrevistas\/brasil-esta-anos-luz-a-frente-do-norte-global-diz-deyvid-bacelar-sobre-politica-energetica\"><span style=\"font-weight: 400;\">https:\/\/www.brasil247.com\/entrevistas\/brasil-esta-anos-luz-a-frente-do-norte-global-diz-deyvid-bacelar-sobre-politica-energetica<\/span><\/a><\/p>\n<p><span style=\"font-weight: 400;\">6. Boletim Ineep n\u00ba 21, fevereiro de 2025: <\/span><a href=\"https:\/\/ineep.org.br\/wp-content\/uploads\/2026\/01\/boletim-ineep-no-21.pdf\"><span style=\"font-weight: 400;\">https:\/\/ineep.org.br\/wp-content\/uploads\/2026\/01\/boletim-ineep-no-21.pdf<\/span><\/a><\/p>\n<p><br style=\"font-weight: 400;\" \/><br style=\"font-weight: 400;\" \/><br \/>\n<br style=\"font-weight: 400;\" \/><br \/>\n<br style=\"font-weight: 400;\" \/><br \/>\n<br style=\"font-weight: 400;\" \/><br \/>\n<br style=\"font-weight: 400;\" \/><br \/>\n<br style=\"font-weight: 400;\" \/><br style=\"font-weight: 400;\" \/><\/p>\n","protected":false},"excerpt":{"rendered":"As mudan\u00e7as clim\u00e1ticas n\u00e3o pertencem a um futuro dist\u00f3pico que nunca vai chegar, elas j\u00e1 est\u00e3o afetando o planeta. Em 2024, a temperatura m\u00e9dia global chegou a 1,5\u00b0C acima dos n\u00edveis pr\u00e9-industriais (1), limite al\u00e9m do qual os efeitos clim\u00e1ticos tornam-se progressivamente irrevers\u00edveis. Secas, inunda\u00e7\u00f5es, queda na biodiversidade e crises alimentares n\u00e3o s\u00e3o cen\u00e1rios distantes,&#8230; <a class=\"view-article\" href=\"http:\/\/www.sindipetroba.org.br\/2019\/energia-limpa-brasil-soberano-crise-climatica-e-transicao-energetica\/\">Ver artigo<\/a>","protected":false},"author":4,"featured_media":29024,"comment_status":"closed","ping_status":"open","sticky":false,"template":"","format":"standard","meta":{"_et_pb_use_builder":"","_et_pb_old_content":"","_et_gb_content_width":"","footnotes":""},"categories":[2688,1],"tags":[],"class_list":["post-29023","post","type-post","status-publish","format-standard","has-post-thumbnail","hentry","category-banner-principal","category-noticia"],"yoast_head":"<!-- This site is optimized with the Yoast SEO plugin v27.3 - https:\/\/yoast.com\/product\/yoast-seo-wordpress\/ -->\n<title>Energia Limpa, Brasil Soberano: crise clim\u00e1tica e transi\u00e7\u00e3o energ\u00e9tica - Sindipetro BA<\/title>\n<meta name=\"robots\" content=\"index, follow, max-snippet:-1, max-image-preview:large, max-video-preview:-1\" \/>\n<link rel=\"canonical\" href=\"http:\/\/www.sindipetroba.org.br\/2019\/energia-limpa-brasil-soberano-crise-climatica-e-transicao-energetica\/\" \/>\n<meta property=\"og:locale\" content=\"pt_BR\" \/>\n<meta property=\"og:type\" content=\"article\" \/>\n<meta property=\"og:title\" content=\"Energia Limpa, Brasil Soberano: crise clim\u00e1tica e transi\u00e7\u00e3o energ\u00e9tica - Sindipetro BA\" \/>\n<meta property=\"og:description\" content=\"As mudan\u00e7as clim\u00e1ticas n\u00e3o pertencem a um futuro dist\u00f3pico que nunca vai chegar, elas j\u00e1 est\u00e3o afetando o planeta. Em 2024, a temperatura m\u00e9dia global chegou a 1,5\u00b0C acima dos n\u00edveis pr\u00e9-industriais (1), limite al\u00e9m do qual os efeitos clim\u00e1ticos tornam-se progressivamente irrevers\u00edveis. Secas, inunda\u00e7\u00f5es, queda na biodiversidade e crises alimentares n\u00e3o s\u00e3o cen\u00e1rios distantes,... Ver artigo\" \/>\n<meta property=\"og:url\" content=\"http:\/\/www.sindipetroba.org.br\/2019\/energia-limpa-brasil-soberano-crise-climatica-e-transicao-energetica\/\" \/>\n<meta property=\"og:site_name\" content=\"Sindipetro BA\" \/>\n<meta property=\"article:publisher\" content=\"https:\/\/www.facebook.com\/sindipetroBa\/\" \/>\n<meta property=\"article:published_time\" content=\"2026-03-16T21:13:44+00:00\" \/>\n<meta property=\"og:image\" content=\"http:\/\/www.sindipetroba.org.br\/2019\/wp-content\/uploads\/2026\/03\/IMAGEM.jpg\" \/>\n\t<meta property=\"og:image:width\" content=\"1080\" \/>\n\t<meta property=\"og:image:height\" content=\"1350\" \/>\n\t<meta property=\"og:image:type\" content=\"image\/jpeg\" \/>\n<meta name=\"author\" content=\"ASCOM\" \/>\n<meta name=\"twitter:card\" content=\"summary_large_image\" \/>\n<meta name=\"twitter:creator\" content=\"@SindipetroBahia\" \/>\n<meta name=\"twitter:site\" content=\"@SindipetroBahia\" \/>\n<meta name=\"twitter:label1\" content=\"Escrito por\" \/>\n\t<meta name=\"twitter:data1\" content=\"ASCOM\" \/>\n\t<meta name=\"twitter:label2\" content=\"Est. tempo de leitura\" \/>\n\t<meta name=\"twitter:data2\" content=\"4 minutos\" \/>\n<script type=\"application\/ld+json\" class=\"yoast-schema-graph\">{\"@context\":\"https:\\\/\\\/schema.org\",\"@graph\":[{\"@type\":\"Article\",\"@id\":\"http:\\\/\\\/www.sindipetroba.org.br\\\/2019\\\/energia-limpa-brasil-soberano-crise-climatica-e-transicao-energetica\\\/#article\",\"isPartOf\":{\"@id\":\"http:\\\/\\\/www.sindipetroba.org.br\\\/2019\\\/energia-limpa-brasil-soberano-crise-climatica-e-transicao-energetica\\\/\"},\"author\":{\"name\":\"ASCOM\",\"@id\":\"http:\\\/\\\/www.sindipetroba.org.br\\\/2019\\\/#\\\/schema\\\/person\\\/80e88dbf823328ddad08b17600055a3c\"},\"headline\":\"Energia Limpa, Brasil Soberano: crise clim\u00e1tica e transi\u00e7\u00e3o energ\u00e9tica\",\"datePublished\":\"2026-03-16T21:13:44+00:00\",\"mainEntityOfPage\":{\"@id\":\"http:\\\/\\\/www.sindipetroba.org.br\\\/2019\\\/energia-limpa-brasil-soberano-crise-climatica-e-transicao-energetica\\\/\"},\"wordCount\":815,\"publisher\":{\"@id\":\"http:\\\/\\\/www.sindipetroba.org.br\\\/2019\\\/#organization\"},\"image\":{\"@id\":\"http:\\\/\\\/www.sindipetroba.org.br\\\/2019\\\/energia-limpa-brasil-soberano-crise-climatica-e-transicao-energetica\\\/#primaryimage\"},\"thumbnailUrl\":\"http:\\\/\\\/www.sindipetroba.org.br\\\/2019\\\/wp-content\\\/uploads\\\/2026\\\/03\\\/IMAGEM.jpg\",\"articleSection\":[\"Banner Principal\",\"Not\u00edcia\"],\"inLanguage\":\"pt-BR\"},{\"@type\":\"WebPage\",\"@id\":\"http:\\\/\\\/www.sindipetroba.org.br\\\/2019\\\/energia-limpa-brasil-soberano-crise-climatica-e-transicao-energetica\\\/\",\"url\":\"http:\\\/\\\/www.sindipetroba.org.br\\\/2019\\\/energia-limpa-brasil-soberano-crise-climatica-e-transicao-energetica\\\/\",\"name\":\"Energia Limpa, Brasil Soberano: crise clim\u00e1tica e transi\u00e7\u00e3o energ\u00e9tica - Sindipetro BA\",\"isPartOf\":{\"@id\":\"http:\\\/\\\/www.sindipetroba.org.br\\\/2019\\\/#website\"},\"primaryImageOfPage\":{\"@id\":\"http:\\\/\\\/www.sindipetroba.org.br\\\/2019\\\/energia-limpa-brasil-soberano-crise-climatica-e-transicao-energetica\\\/#primaryimage\"},\"image\":{\"@id\":\"http:\\\/\\\/www.sindipetroba.org.br\\\/2019\\\/energia-limpa-brasil-soberano-crise-climatica-e-transicao-energetica\\\/#primaryimage\"},\"thumbnailUrl\":\"http:\\\/\\\/www.sindipetroba.org.br\\\/2019\\\/wp-content\\\/uploads\\\/2026\\\/03\\\/IMAGEM.jpg\",\"datePublished\":\"2026-03-16T21:13:44+00:00\",\"breadcrumb\":{\"@id\":\"http:\\\/\\\/www.sindipetroba.org.br\\\/2019\\\/energia-limpa-brasil-soberano-crise-climatica-e-transicao-energetica\\\/#breadcrumb\"},\"inLanguage\":\"pt-BR\",\"potentialAction\":[{\"@type\":\"ReadAction\",\"target\":[\"http:\\\/\\\/www.sindipetroba.org.br\\\/2019\\\/energia-limpa-brasil-soberano-crise-climatica-e-transicao-energetica\\\/\"]}]},{\"@type\":\"ImageObject\",\"inLanguage\":\"pt-BR\",\"@id\":\"http:\\\/\\\/www.sindipetroba.org.br\\\/2019\\\/energia-limpa-brasil-soberano-crise-climatica-e-transicao-energetica\\\/#primaryimage\",\"url\":\"http:\\\/\\\/www.sindipetroba.org.br\\\/2019\\\/wp-content\\\/uploads\\\/2026\\\/03\\\/IMAGEM.jpg\",\"contentUrl\":\"http:\\\/\\\/www.sindipetroba.org.br\\\/2019\\\/wp-content\\\/uploads\\\/2026\\\/03\\\/IMAGEM.jpg\",\"width\":1080,\"height\":1350},{\"@type\":\"BreadcrumbList\",\"@id\":\"http:\\\/\\\/www.sindipetroba.org.br\\\/2019\\\/energia-limpa-brasil-soberano-crise-climatica-e-transicao-energetica\\\/#breadcrumb\",\"itemListElement\":[{\"@type\":\"ListItem\",\"position\":1,\"name\":\"In\u00edcio\",\"item\":\"http:\\\/\\\/www.sindipetroba.org.br\\\/2019\\\/\"},{\"@type\":\"ListItem\",\"position\":2,\"name\":\"Energia Limpa, Brasil Soberano: crise clim\u00e1tica e transi\u00e7\u00e3o energ\u00e9tica\"}]},{\"@type\":\"WebSite\",\"@id\":\"http:\\\/\\\/www.sindipetroba.org.br\\\/2019\\\/#website\",\"url\":\"http:\\\/\\\/www.sindipetroba.org.br\\\/2019\\\/\",\"name\":\"Sindipetro BA\",\"description\":\"Sindicato dos Petroleiros e Petroleiras do Estado da Bahia\",\"publisher\":{\"@id\":\"http:\\\/\\\/www.sindipetroba.org.br\\\/2019\\\/#organization\"},\"potentialAction\":[{\"@type\":\"SearchAction\",\"target\":{\"@type\":\"EntryPoint\",\"urlTemplate\":\"http:\\\/\\\/www.sindipetroba.org.br\\\/2019\\\/?s={search_term_string}\"},\"query-input\":{\"@type\":\"PropertyValueSpecification\",\"valueRequired\":true,\"valueName\":\"search_term_string\"}}],\"inLanguage\":\"pt-BR\"},{\"@type\":\"Organization\",\"@id\":\"http:\\\/\\\/www.sindipetroba.org.br\\\/2019\\\/#organization\",\"name\":\"Sindipetro BA\",\"url\":\"http:\\\/\\\/www.sindipetroba.org.br\\\/2019\\\/\",\"logo\":{\"@type\":\"ImageObject\",\"inLanguage\":\"pt-BR\",\"@id\":\"http:\\\/\\\/www.sindipetroba.org.br\\\/2019\\\/#\\\/schema\\\/logo\\\/image\\\/\",\"url\":\"http:\\\/\\\/www.sindipetroba.org.br\\\/2019\\\/wp-content\\\/uploads\\\/2019\\\/01\\\/sindipetro-marca-cor.png\",\"contentUrl\":\"http:\\\/\\\/www.sindipetroba.org.br\\\/2019\\\/wp-content\\\/uploads\\\/2019\\\/01\\\/sindipetro-marca-cor.png\",\"width\":350,\"height\":126,\"caption\":\"Sindipetro BA\"},\"image\":{\"@id\":\"http:\\\/\\\/www.sindipetroba.org.br\\\/2019\\\/#\\\/schema\\\/logo\\\/image\\\/\"},\"sameAs\":[\"https:\\\/\\\/www.facebook.com\\\/sindipetroBa\\\/\",\"https:\\\/\\\/x.com\\\/SindipetroBahia\",\"https:\\\/\\\/www.instagram.com\\\/sindipetroba\\\/\",\"https:\\\/\\\/www.youtube.com\\\/c\\\/SindipetroBahiaOficial\"]},{\"@type\":\"Person\",\"@id\":\"http:\\\/\\\/www.sindipetroba.org.br\\\/2019\\\/#\\\/schema\\\/person\\\/80e88dbf823328ddad08b17600055a3c\",\"name\":\"ASCOM\",\"image\":{\"@type\":\"ImageObject\",\"inLanguage\":\"pt-BR\",\"@id\":\"https:\\\/\\\/secure.gravatar.com\\\/avatar\\\/a2ab2fd873c57926b9f03e30be8804429fd7b0d41f4f71170e45b7b7f84998a6?s=96&d=mm&r=g\",\"url\":\"https:\\\/\\\/secure.gravatar.com\\\/avatar\\\/a2ab2fd873c57926b9f03e30be8804429fd7b0d41f4f71170e45b7b7f84998a6?s=96&d=mm&r=g\",\"contentUrl\":\"https:\\\/\\\/secure.gravatar.com\\\/avatar\\\/a2ab2fd873c57926b9f03e30be8804429fd7b0d41f4f71170e45b7b7f84998a6?s=96&d=mm&r=g\",\"caption\":\"ASCOM\"},\"sameAs\":[\"http:\\\/\\\/www.sindipetroba.org.br\"]}]}<\/script>\n<!-- \/ Yoast SEO plugin. -->","yoast_head_json":{"title":"Energia Limpa, Brasil Soberano: crise clim\u00e1tica e transi\u00e7\u00e3o energ\u00e9tica - Sindipetro BA","robots":{"index":"index","follow":"follow","max-snippet":"max-snippet:-1","max-image-preview":"max-image-preview:large","max-video-preview":"max-video-preview:-1"},"canonical":"http:\/\/www.sindipetroba.org.br\/2019\/energia-limpa-brasil-soberano-crise-climatica-e-transicao-energetica\/","og_locale":"pt_BR","og_type":"article","og_title":"Energia Limpa, Brasil Soberano: crise clim\u00e1tica e transi\u00e7\u00e3o energ\u00e9tica - Sindipetro BA","og_description":"As mudan\u00e7as clim\u00e1ticas n\u00e3o pertencem a um futuro dist\u00f3pico que nunca vai chegar, elas j\u00e1 est\u00e3o afetando o planeta. Em 2024, a temperatura m\u00e9dia global chegou a 1,5\u00b0C acima dos n\u00edveis pr\u00e9-industriais (1), limite al\u00e9m do qual os efeitos clim\u00e1ticos tornam-se progressivamente irrevers\u00edveis. Secas, inunda\u00e7\u00f5es, queda na biodiversidade e crises alimentares n\u00e3o s\u00e3o cen\u00e1rios distantes,... Ver artigo","og_url":"http:\/\/www.sindipetroba.org.br\/2019\/energia-limpa-brasil-soberano-crise-climatica-e-transicao-energetica\/","og_site_name":"Sindipetro BA","article_publisher":"https:\/\/www.facebook.com\/sindipetroBa\/","article_published_time":"2026-03-16T21:13:44+00:00","og_image":[{"width":1080,"height":1350,"url":"http:\/\/www.sindipetroba.org.br\/2019\/wp-content\/uploads\/2026\/03\/IMAGEM.jpg","type":"image\/jpeg"}],"author":"ASCOM","twitter_card":"summary_large_image","twitter_creator":"@SindipetroBahia","twitter_site":"@SindipetroBahia","twitter_misc":{"Escrito por":"ASCOM","Est. tempo de leitura":"4 minutos"},"schema":{"@context":"https:\/\/schema.org","@graph":[{"@type":"Article","@id":"http:\/\/www.sindipetroba.org.br\/2019\/energia-limpa-brasil-soberano-crise-climatica-e-transicao-energetica\/#article","isPartOf":{"@id":"http:\/\/www.sindipetroba.org.br\/2019\/energia-limpa-brasil-soberano-crise-climatica-e-transicao-energetica\/"},"author":{"name":"ASCOM","@id":"http:\/\/www.sindipetroba.org.br\/2019\/#\/schema\/person\/80e88dbf823328ddad08b17600055a3c"},"headline":"Energia Limpa, Brasil Soberano: crise clim\u00e1tica e transi\u00e7\u00e3o energ\u00e9tica","datePublished":"2026-03-16T21:13:44+00:00","mainEntityOfPage":{"@id":"http:\/\/www.sindipetroba.org.br\/2019\/energia-limpa-brasil-soberano-crise-climatica-e-transicao-energetica\/"},"wordCount":815,"publisher":{"@id":"http:\/\/www.sindipetroba.org.br\/2019\/#organization"},"image":{"@id":"http:\/\/www.sindipetroba.org.br\/2019\/energia-limpa-brasil-soberano-crise-climatica-e-transicao-energetica\/#primaryimage"},"thumbnailUrl":"http:\/\/www.sindipetroba.org.br\/2019\/wp-content\/uploads\/2026\/03\/IMAGEM.jpg","articleSection":["Banner Principal","Not\u00edcia"],"inLanguage":"pt-BR"},{"@type":"WebPage","@id":"http:\/\/www.sindipetroba.org.br\/2019\/energia-limpa-brasil-soberano-crise-climatica-e-transicao-energetica\/","url":"http:\/\/www.sindipetroba.org.br\/2019\/energia-limpa-brasil-soberano-crise-climatica-e-transicao-energetica\/","name":"Energia Limpa, Brasil Soberano: crise clim\u00e1tica e transi\u00e7\u00e3o energ\u00e9tica - Sindipetro BA","isPartOf":{"@id":"http:\/\/www.sindipetroba.org.br\/2019\/#website"},"primaryImageOfPage":{"@id":"http:\/\/www.sindipetroba.org.br\/2019\/energia-limpa-brasil-soberano-crise-climatica-e-transicao-energetica\/#primaryimage"},"image":{"@id":"http:\/\/www.sindipetroba.org.br\/2019\/energia-limpa-brasil-soberano-crise-climatica-e-transicao-energetica\/#primaryimage"},"thumbnailUrl":"http:\/\/www.sindipetroba.org.br\/2019\/wp-content\/uploads\/2026\/03\/IMAGEM.jpg","datePublished":"2026-03-16T21:13:44+00:00","breadcrumb":{"@id":"http:\/\/www.sindipetroba.org.br\/2019\/energia-limpa-brasil-soberano-crise-climatica-e-transicao-energetica\/#breadcrumb"},"inLanguage":"pt-BR","potentialAction":[{"@type":"ReadAction","target":["http:\/\/www.sindipetroba.org.br\/2019\/energia-limpa-brasil-soberano-crise-climatica-e-transicao-energetica\/"]}]},{"@type":"ImageObject","inLanguage":"pt-BR","@id":"http:\/\/www.sindipetroba.org.br\/2019\/energia-limpa-brasil-soberano-crise-climatica-e-transicao-energetica\/#primaryimage","url":"http:\/\/www.sindipetroba.org.br\/2019\/wp-content\/uploads\/2026\/03\/IMAGEM.jpg","contentUrl":"http:\/\/www.sindipetroba.org.br\/2019\/wp-content\/uploads\/2026\/03\/IMAGEM.jpg","width":1080,"height":1350},{"@type":"BreadcrumbList","@id":"http:\/\/www.sindipetroba.org.br\/2019\/energia-limpa-brasil-soberano-crise-climatica-e-transicao-energetica\/#breadcrumb","itemListElement":[{"@type":"ListItem","position":1,"name":"In\u00edcio","item":"http:\/\/www.sindipetroba.org.br\/2019\/"},{"@type":"ListItem","position":2,"name":"Energia Limpa, Brasil Soberano: crise clim\u00e1tica e transi\u00e7\u00e3o energ\u00e9tica"}]},{"@type":"WebSite","@id":"http:\/\/www.sindipetroba.org.br\/2019\/#website","url":"http:\/\/www.sindipetroba.org.br\/2019\/","name":"Sindipetro BA","description":"Sindicato dos Petroleiros e Petroleiras do Estado da Bahia","publisher":{"@id":"http:\/\/www.sindipetroba.org.br\/2019\/#organization"},"potentialAction":[{"@type":"SearchAction","target":{"@type":"EntryPoint","urlTemplate":"http:\/\/www.sindipetroba.org.br\/2019\/?s={search_term_string}"},"query-input":{"@type":"PropertyValueSpecification","valueRequired":true,"valueName":"search_term_string"}}],"inLanguage":"pt-BR"},{"@type":"Organization","@id":"http:\/\/www.sindipetroba.org.br\/2019\/#organization","name":"Sindipetro BA","url":"http:\/\/www.sindipetroba.org.br\/2019\/","logo":{"@type":"ImageObject","inLanguage":"pt-BR","@id":"http:\/\/www.sindipetroba.org.br\/2019\/#\/schema\/logo\/image\/","url":"http:\/\/www.sindipetroba.org.br\/2019\/wp-content\/uploads\/2019\/01\/sindipetro-marca-cor.png","contentUrl":"http:\/\/www.sindipetroba.org.br\/2019\/wp-content\/uploads\/2019\/01\/sindipetro-marca-cor.png","width":350,"height":126,"caption":"Sindipetro BA"},"image":{"@id":"http:\/\/www.sindipetroba.org.br\/2019\/#\/schema\/logo\/image\/"},"sameAs":["https:\/\/www.facebook.com\/sindipetroBa\/","https:\/\/x.com\/SindipetroBahia","https:\/\/www.instagram.com\/sindipetroba\/","https:\/\/www.youtube.com\/c\/SindipetroBahiaOficial"]},{"@type":"Person","@id":"http:\/\/www.sindipetroba.org.br\/2019\/#\/schema\/person\/80e88dbf823328ddad08b17600055a3c","name":"ASCOM","image":{"@type":"ImageObject","inLanguage":"pt-BR","@id":"https:\/\/secure.gravatar.com\/avatar\/a2ab2fd873c57926b9f03e30be8804429fd7b0d41f4f71170e45b7b7f84998a6?s=96&d=mm&r=g","url":"https:\/\/secure.gravatar.com\/avatar\/a2ab2fd873c57926b9f03e30be8804429fd7b0d41f4f71170e45b7b7f84998a6?s=96&d=mm&r=g","contentUrl":"https:\/\/secure.gravatar.com\/avatar\/a2ab2fd873c57926b9f03e30be8804429fd7b0d41f4f71170e45b7b7f84998a6?s=96&d=mm&r=g","caption":"ASCOM"},"sameAs":["http:\/\/www.sindipetroba.org.br"]}]}},"_links":{"self":[{"href":"http:\/\/www.sindipetroba.org.br\/2019\/wp-json\/wp\/v2\/posts\/29023","targetHints":{"allow":["GET"]}}],"collection":[{"href":"http:\/\/www.sindipetroba.org.br\/2019\/wp-json\/wp\/v2\/posts"}],"about":[{"href":"http:\/\/www.sindipetroba.org.br\/2019\/wp-json\/wp\/v2\/types\/post"}],"author":[{"embeddable":true,"href":"http:\/\/www.sindipetroba.org.br\/2019\/wp-json\/wp\/v2\/users\/4"}],"replies":[{"embeddable":true,"href":"http:\/\/www.sindipetroba.org.br\/2019\/wp-json\/wp\/v2\/comments?post=29023"}],"version-history":[{"count":1,"href":"http:\/\/www.sindipetroba.org.br\/2019\/wp-json\/wp\/v2\/posts\/29023\/revisions"}],"predecessor-version":[{"id":29025,"href":"http:\/\/www.sindipetroba.org.br\/2019\/wp-json\/wp\/v2\/posts\/29023\/revisions\/29025"}],"wp:featuredmedia":[{"embeddable":true,"href":"http:\/\/www.sindipetroba.org.br\/2019\/wp-json\/wp\/v2\/media\/29024"}],"wp:attachment":[{"href":"http:\/\/www.sindipetroba.org.br\/2019\/wp-json\/wp\/v2\/media?parent=29023"}],"wp:term":[{"taxonomy":"category","embeddable":true,"href":"http:\/\/www.sindipetroba.org.br\/2019\/wp-json\/wp\/v2\/categories?post=29023"},{"taxonomy":"post_tag","embeddable":true,"href":"http:\/\/www.sindipetroba.org.br\/2019\/wp-json\/wp\/v2\/tags?post=29023"}],"curies":[{"name":"wp","href":"https:\/\/api.w.org\/{rel}","templated":true}]}}