{"id":29181,"date":"2026-04-28T19:48:54","date_gmt":"2026-04-28T22:48:54","guid":{"rendered":"http:\/\/www.sindipetroba.org.br\/2019\/?p=29181"},"modified":"2026-04-28T19:48:54","modified_gmt":"2026-04-28T22:48:54","slug":"trabalhador-sofre-lesao-grave-e-tem-perna-amputada-apos-acidente-na-regap","status":"publish","type":"post","link":"http:\/\/www.sindipetroba.org.br\/2019\/trabalhador-sofre-lesao-grave-e-tem-perna-amputada-apos-acidente-na-regap\/","title":{"rendered":"Trabalhador sofre les\u00e3o grave e tem perna amputada ap\u00f3s acidente na Regap"},"content":{"rendered":"<p><strong>Neste 28 de abril, Dia Mundial em Mem\u00f3ria \u00e0s V\u00edtimas de Acidentes e Doen\u00e7as do Trabalho, mais um petroleiro \u00e9 vitima da inseguran\u00e7a em unidades da Petrobr\u00e1s. Funcion\u00e1rio da BF Engenharia e Servicos, que presta servi\u00e7os na Regap, se acidentou durante movimenta\u00e7\u00e3o de carga e teve as pernas esmagadas<\/strong><\/p>\n<p><em>[Com informa\u00e7\u00f5es da comunica\u00e7\u00e3o do Sindipetro MG | Atualizada \u00e0s 16h]<\/em><\/p>\n<p>O Sindipetro-MG tomou conhecimento sobre grav\u00edssimo acidente na Usina Fotovoltaica da Regap. O trabalhador contratado da empresa BF Engenharia e Servicos, Ivo C\u00e9lio de Paula, de 55 anos, teve as pernas esmagadas ap\u00f3s queda de material, durante movimenta\u00e7\u00e3o de carga na segunda-feira, 27.<\/p>\n<p>Segundo informa\u00e7\u00e3o da ger\u00eancia da Regap, o trabalhador acidentado foi imediatamente encaminhado ao Hospital Jo\u00e3o XXIII, em Belo Horizonte, onde segue internado. O Sindicato cobrou o envio do relat\u00f3rio m\u00e9dico, para o devido acompanhamento da situa\u00e7\u00e3o do trabalhador.<\/p>\n<p>Nesta ter\u00e7a-feira, 28, as informa\u00e7\u00f5es recebidas pelo sindicato foram de que a gravidade da les\u00e3o causou a amputa\u00e7\u00e3o de uma das pernas do trabalhador.<\/p>\n<p>\u201cEm pleno 28 de abril, Dia Mundial em Mem\u00f3ria \u00e0s V\u00edtimas de Acidentes e Doen\u00e7as do Trabalho, temos que mais uma vez lamentar um acidente na Petrobr\u00e1s. Do que adianta tantos recordes de produ\u00e7\u00e3o da Regap, se um trabalhador agora sofre com uma les\u00e3o t\u00e3o grave? Somos solid\u00e1rios ao trabalhador e sua fam\u00edlia, e vamos lutar para que eles tenham todo apoio necess\u00e1rio\u201d, afirma Guilherme Alves, coordenador-geral do Sindipetro-MG.<\/p>\n<p>O Sindicato est\u00e1 acompanhando de perto a situa\u00e7\u00e3o e cobrou ao Gerente Geral da Regap o total apoio ao trabalhador e \u00e0 fam\u00edlia, al\u00e9m da imediata apura\u00e7\u00e3o do acidente com participa\u00e7\u00e3o da entidade. Representantes da Diretoria do Sindipetro MG estiveram, nesta manh\u00e3, na Regap e se reuniram com o Gerente Geral da Refinaria, cobrando mais detalhes e esclarecimentos sobre o acidente.<\/p>\n<p>Durante reuni\u00e3o da Comiss\u00e3o de Acompanhamento do ACT, na tarde desta ter\u00e7a, 28, os diretores da FUP repudiaram a ocorr\u00eancia de mais um acidente grave com movimenta\u00e7\u00e3o de cargas nas refinarias.<\/p>\n<p>\u201c\u00c9 inconceb\u00edvel que acidentes desta natureza ainda ocorram no Sistema Petrobr\u00e1s, vitimando trabalhadores prestadores de servi\u00e7o, que j\u00e1 vivem uma situa\u00e7\u00e3o precarizada, expostos a condi\u00e7\u00f5es inseguras de trabalho e baixos sal\u00e1rios. Recebermos a informa\u00e7\u00e3o de que esse companheiro teve as duas pernas esmagadas e uma delas amputada hoje, no dia 28 de abril, \u00e9 duro. N\u00f3s lutamos diariamente para que todos os trabalhadores voltem pra casa com sua sa\u00fade f\u00edsica e mental integras. Esperamos que haja uma apura\u00e7\u00e3o rigorosa deste acidente e que sejam aplicadas medidas para evitar que ocorr\u00eancias dessa natureza continuem vitimando trabalhadores\u201d, afirmou a diretora de SMS da FUP, Nalva Faleiro.<\/p>\n","protected":false},"excerpt":{"rendered":"Neste 28 de abril, Dia Mundial em Mem\u00f3ria \u00e0s V\u00edtimas de Acidentes e Doen\u00e7as do Trabalho, mais um petroleiro \u00e9 vitima da inseguran\u00e7a em unidades da Petrobr\u00e1s. Funcion\u00e1rio da BF Engenharia e Servicos, que presta servi\u00e7os na Regap, se acidentou durante movimenta\u00e7\u00e3o de carga e teve as pernas esmagadas [Com informa\u00e7\u00f5es da comunica\u00e7\u00e3o do Sindipetro&#8230; <a class=\"view-article\" href=\"http:\/\/www.sindipetroba.org.br\/2019\/trabalhador-sofre-lesao-grave-e-tem-perna-amputada-apos-acidente-na-regap\/\">Ver artigo<\/a>","protected":false},"author":4,"featured_media":29182,"comment_status":"closed","ping_status":"open","sticky":false,"template":"","format":"standard","meta":{"_et_pb_use_builder":"","_et_pb_old_content":"","_et_gb_content_width":"","footnotes":""},"categories":[2688,1],"tags":[],"class_list":["post-29181","post","type-post","status-publish","format-standard","has-post-thumbnail","hentry","category-banner-principal","category-noticia"],"yoast_head":"<!-- This site is optimized with the Yoast SEO plugin v27.3 - https:\/\/yoast.com\/product\/yoast-seo-wordpress\/ -->\n<title>Trabalhador sofre les\u00e3o grave e tem perna amputada ap\u00f3s acidente na Regap - Sindipetro BA<\/title>\n<meta name=\"robots\" content=\"index, follow, max-snippet:-1, max-image-preview:large, max-video-preview:-1\" \/>\n<link rel=\"canonical\" href=\"http:\/\/www.sindipetroba.org.br\/2019\/trabalhador-sofre-lesao-grave-e-tem-perna-amputada-apos-acidente-na-regap\/\" \/>\n<meta property=\"og:locale\" content=\"pt_BR\" \/>\n<meta property=\"og:type\" content=\"article\" \/>\n<meta property=\"og:title\" content=\"Trabalhador sofre les\u00e3o grave e tem perna amputada ap\u00f3s acidente na Regap - Sindipetro BA\" \/>\n<meta property=\"og:description\" content=\"Neste 28 de abril, Dia Mundial em Mem\u00f3ria \u00e0s V\u00edtimas de Acidentes e Doen\u00e7as do Trabalho, mais um petroleiro \u00e9 vitima da inseguran\u00e7a em unidades da Petrobr\u00e1s. Funcion\u00e1rio da BF Engenharia e Servicos, que presta servi\u00e7os na Regap, se acidentou durante movimenta\u00e7\u00e3o de carga e teve as pernas esmagadas [Com informa\u00e7\u00f5es da comunica\u00e7\u00e3o do Sindipetro... Ver artigo\" \/>\n<meta property=\"og:url\" content=\"http:\/\/www.sindipetroba.org.br\/2019\/trabalhador-sofre-lesao-grave-e-tem-perna-amputada-apos-acidente-na-regap\/\" \/>\n<meta property=\"og:site_name\" content=\"Sindipetro BA\" \/>\n<meta property=\"article:publisher\" content=\"https:\/\/www.facebook.com\/sindipetroBa\/\" \/>\n<meta property=\"article:published_time\" content=\"2026-04-28T22:48:54+00:00\" \/>\n<meta property=\"og:image\" content=\"http:\/\/www.sindipetroba.org.br\/2019\/wp-content\/uploads\/2026\/04\/EPI-na-construcao-civil-1536x864-1-scaled-e1777393499166.jpeg\" \/>\n\t<meta property=\"og:image:width\" content=\"680\" \/>\n\t<meta property=\"og:image:height\" content=\"383\" \/>\n\t<meta property=\"og:image:type\" content=\"image\/jpeg\" \/>\n<meta name=\"author\" content=\"ASCOM\" \/>\n<meta name=\"twitter:card\" content=\"summary_large_image\" \/>\n<meta name=\"twitter:creator\" content=\"@SindipetroBahia\" \/>\n<meta name=\"twitter:site\" content=\"@SindipetroBahia\" \/>\n<meta name=\"twitter:label1\" content=\"Escrito por\" \/>\n\t<meta name=\"twitter:data1\" content=\"ASCOM\" \/>\n\t<meta name=\"twitter:label2\" content=\"Est. tempo de leitura\" \/>\n\t<meta name=\"twitter:data2\" content=\"3 minutos\" \/>\n<script type=\"application\/ld+json\" class=\"yoast-schema-graph\">{\"@context\":\"https:\\\/\\\/schema.org\",\"@graph\":[{\"@type\":\"Article\",\"@id\":\"http:\\\/\\\/www.sindipetroba.org.br\\\/2019\\\/trabalhador-sofre-lesao-grave-e-tem-perna-amputada-apos-acidente-na-regap\\\/#article\",\"isPartOf\":{\"@id\":\"http:\\\/\\\/www.sindipetroba.org.br\\\/2019\\\/trabalhador-sofre-lesao-grave-e-tem-perna-amputada-apos-acidente-na-regap\\\/\"},\"author\":{\"name\":\"ASCOM\",\"@id\":\"http:\\\/\\\/www.sindipetroba.org.br\\\/2019\\\/#\\\/schema\\\/person\\\/80e88dbf823328ddad08b17600055a3c\"},\"headline\":\"Trabalhador sofre les\u00e3o grave e tem perna amputada ap\u00f3s acidente na Regap\",\"datePublished\":\"2026-04-28T22:48:54+00:00\",\"mainEntityOfPage\":{\"@id\":\"http:\\\/\\\/www.sindipetroba.org.br\\\/2019\\\/trabalhador-sofre-lesao-grave-e-tem-perna-amputada-apos-acidente-na-regap\\\/\"},\"wordCount\":488,\"publisher\":{\"@id\":\"http:\\\/\\\/www.sindipetroba.org.br\\\/2019\\\/#organization\"},\"image\":{\"@id\":\"http:\\\/\\\/www.sindipetroba.org.br\\\/2019\\\/trabalhador-sofre-lesao-grave-e-tem-perna-amputada-apos-acidente-na-regap\\\/#primaryimage\"},\"thumbnailUrl\":\"http:\\\/\\\/www.sindipetroba.org.br\\\/2019\\\/wp-content\\\/uploads\\\/2026\\\/04\\\/EPI-na-construcao-civil-1536x864-1-scaled-e1777393499166.jpeg\",\"articleSection\":[\"Banner Principal\",\"Not\u00edcia\"],\"inLanguage\":\"pt-BR\"},{\"@type\":\"WebPage\",\"@id\":\"http:\\\/\\\/www.sindipetroba.org.br\\\/2019\\\/trabalhador-sofre-lesao-grave-e-tem-perna-amputada-apos-acidente-na-regap\\\/\",\"url\":\"http:\\\/\\\/www.sindipetroba.org.br\\\/2019\\\/trabalhador-sofre-lesao-grave-e-tem-perna-amputada-apos-acidente-na-regap\\\/\",\"name\":\"Trabalhador sofre les\u00e3o grave e tem perna amputada ap\u00f3s acidente na Regap - Sindipetro BA\",\"isPartOf\":{\"@id\":\"http:\\\/\\\/www.sindipetroba.org.br\\\/2019\\\/#website\"},\"primaryImageOfPage\":{\"@id\":\"http:\\\/\\\/www.sindipetroba.org.br\\\/2019\\\/trabalhador-sofre-lesao-grave-e-tem-perna-amputada-apos-acidente-na-regap\\\/#primaryimage\"},\"image\":{\"@id\":\"http:\\\/\\\/www.sindipetroba.org.br\\\/2019\\\/trabalhador-sofre-lesao-grave-e-tem-perna-amputada-apos-acidente-na-regap\\\/#primaryimage\"},\"thumbnailUrl\":\"http:\\\/\\\/www.sindipetroba.org.br\\\/2019\\\/wp-content\\\/uploads\\\/2026\\\/04\\\/EPI-na-construcao-civil-1536x864-1-scaled-e1777393499166.jpeg\",\"datePublished\":\"2026-04-28T22:48:54+00:00\",\"breadcrumb\":{\"@id\":\"http:\\\/\\\/www.sindipetroba.org.br\\\/2019\\\/trabalhador-sofre-lesao-grave-e-tem-perna-amputada-apos-acidente-na-regap\\\/#breadcrumb\"},\"inLanguage\":\"pt-BR\",\"potentialAction\":[{\"@type\":\"ReadAction\",\"target\":[\"http:\\\/\\\/www.sindipetroba.org.br\\\/2019\\\/trabalhador-sofre-lesao-grave-e-tem-perna-amputada-apos-acidente-na-regap\\\/\"]}]},{\"@type\":\"ImageObject\",\"inLanguage\":\"pt-BR\",\"@id\":\"http:\\\/\\\/www.sindipetroba.org.br\\\/2019\\\/trabalhador-sofre-lesao-grave-e-tem-perna-amputada-apos-acidente-na-regap\\\/#primaryimage\",\"url\":\"http:\\\/\\\/www.sindipetroba.org.br\\\/2019\\\/wp-content\\\/uploads\\\/2026\\\/04\\\/EPI-na-construcao-civil-1536x864-1-scaled-e1777393499166.jpeg\",\"contentUrl\":\"http:\\\/\\\/www.sindipetroba.org.br\\\/2019\\\/wp-content\\\/uploads\\\/2026\\\/04\\\/EPI-na-construcao-civil-1536x864-1-scaled-e1777393499166.jpeg\",\"width\":680,\"height\":383},{\"@type\":\"BreadcrumbList\",\"@id\":\"http:\\\/\\\/www.sindipetroba.org.br\\\/2019\\\/trabalhador-sofre-lesao-grave-e-tem-perna-amputada-apos-acidente-na-regap\\\/#breadcrumb\",\"itemListElement\":[{\"@type\":\"ListItem\",\"position\":1,\"name\":\"In\u00edcio\",\"item\":\"http:\\\/\\\/www.sindipetroba.org.br\\\/2019\\\/\"},{\"@type\":\"ListItem\",\"position\":2,\"name\":\"Trabalhador sofre les\u00e3o grave e tem perna amputada ap\u00f3s acidente na Regap\"}]},{\"@type\":\"WebSite\",\"@id\":\"http:\\\/\\\/www.sindipetroba.org.br\\\/2019\\\/#website\",\"url\":\"http:\\\/\\\/www.sindipetroba.org.br\\\/2019\\\/\",\"name\":\"Sindipetro BA\",\"description\":\"Sindicato dos Petroleiros e Petroleiras do Estado da Bahia\",\"publisher\":{\"@id\":\"http:\\\/\\\/www.sindipetroba.org.br\\\/2019\\\/#organization\"},\"potentialAction\":[{\"@type\":\"SearchAction\",\"target\":{\"@type\":\"EntryPoint\",\"urlTemplate\":\"http:\\\/\\\/www.sindipetroba.org.br\\\/2019\\\/?s={search_term_string}\"},\"query-input\":{\"@type\":\"PropertyValueSpecification\",\"valueRequired\":true,\"valueName\":\"search_term_string\"}}],\"inLanguage\":\"pt-BR\"},{\"@type\":\"Organization\",\"@id\":\"http:\\\/\\\/www.sindipetroba.org.br\\\/2019\\\/#organization\",\"name\":\"Sindipetro BA\",\"url\":\"http:\\\/\\\/www.sindipetroba.org.br\\\/2019\\\/\",\"logo\":{\"@type\":\"ImageObject\",\"inLanguage\":\"pt-BR\",\"@id\":\"http:\\\/\\\/www.sindipetroba.org.br\\\/2019\\\/#\\\/schema\\\/logo\\\/image\\\/\",\"url\":\"http:\\\/\\\/www.sindipetroba.org.br\\\/2019\\\/wp-content\\\/uploads\\\/2019\\\/01\\\/sindipetro-marca-cor.png\",\"contentUrl\":\"http:\\\/\\\/www.sindipetroba.org.br\\\/2019\\\/wp-content\\\/uploads\\\/2019\\\/01\\\/sindipetro-marca-cor.png\",\"width\":350,\"height\":126,\"caption\":\"Sindipetro BA\"},\"image\":{\"@id\":\"http:\\\/\\\/www.sindipetroba.org.br\\\/2019\\\/#\\\/schema\\\/logo\\\/image\\\/\"},\"sameAs\":[\"https:\\\/\\\/www.facebook.com\\\/sindipetroBa\\\/\",\"https:\\\/\\\/x.com\\\/SindipetroBahia\",\"https:\\\/\\\/www.instagram.com\\\/sindipetroba\\\/\",\"https:\\\/\\\/www.youtube.com\\\/c\\\/SindipetroBahiaOficial\"]},{\"@type\":\"Person\",\"@id\":\"http:\\\/\\\/www.sindipetroba.org.br\\\/2019\\\/#\\\/schema\\\/person\\\/80e88dbf823328ddad08b17600055a3c\",\"name\":\"ASCOM\",\"image\":{\"@type\":\"ImageObject\",\"inLanguage\":\"pt-BR\",\"@id\":\"https:\\\/\\\/secure.gravatar.com\\\/avatar\\\/a2ab2fd873c57926b9f03e30be8804429fd7b0d41f4f71170e45b7b7f84998a6?s=96&d=mm&r=g\",\"url\":\"https:\\\/\\\/secure.gravatar.com\\\/avatar\\\/a2ab2fd873c57926b9f03e30be8804429fd7b0d41f4f71170e45b7b7f84998a6?s=96&d=mm&r=g\",\"contentUrl\":\"https:\\\/\\\/secure.gravatar.com\\\/avatar\\\/a2ab2fd873c57926b9f03e30be8804429fd7b0d41f4f71170e45b7b7f84998a6?s=96&d=mm&r=g\",\"caption\":\"ASCOM\"},\"sameAs\":[\"http:\\\/\\\/www.sindipetroba.org.br\"]}]}<\/script>\n<!-- \/ Yoast SEO plugin. -->","yoast_head_json":{"title":"Trabalhador sofre les\u00e3o grave e tem perna amputada ap\u00f3s acidente na Regap - Sindipetro BA","robots":{"index":"index","follow":"follow","max-snippet":"max-snippet:-1","max-image-preview":"max-image-preview:large","max-video-preview":"max-video-preview:-1"},"canonical":"http:\/\/www.sindipetroba.org.br\/2019\/trabalhador-sofre-lesao-grave-e-tem-perna-amputada-apos-acidente-na-regap\/","og_locale":"pt_BR","og_type":"article","og_title":"Trabalhador sofre les\u00e3o grave e tem perna amputada ap\u00f3s acidente na Regap - Sindipetro BA","og_description":"Neste 28 de abril, Dia Mundial em Mem\u00f3ria \u00e0s V\u00edtimas de Acidentes e Doen\u00e7as do Trabalho, mais um petroleiro \u00e9 vitima da inseguran\u00e7a em unidades da Petrobr\u00e1s. Funcion\u00e1rio da BF Engenharia e Servicos, que presta servi\u00e7os na Regap, se acidentou durante movimenta\u00e7\u00e3o de carga e teve as pernas esmagadas [Com informa\u00e7\u00f5es da comunica\u00e7\u00e3o do Sindipetro... Ver artigo","og_url":"http:\/\/www.sindipetroba.org.br\/2019\/trabalhador-sofre-lesao-grave-e-tem-perna-amputada-apos-acidente-na-regap\/","og_site_name":"Sindipetro BA","article_publisher":"https:\/\/www.facebook.com\/sindipetroBa\/","article_published_time":"2026-04-28T22:48:54+00:00","og_image":[{"width":680,"height":383,"url":"http:\/\/www.sindipetroba.org.br\/2019\/wp-content\/uploads\/2026\/04\/EPI-na-construcao-civil-1536x864-1-scaled-e1777393499166.jpeg","type":"image\/jpeg"}],"author":"ASCOM","twitter_card":"summary_large_image","twitter_creator":"@SindipetroBahia","twitter_site":"@SindipetroBahia","twitter_misc":{"Escrito por":"ASCOM","Est. tempo de leitura":"3 minutos"},"schema":{"@context":"https:\/\/schema.org","@graph":[{"@type":"Article","@id":"http:\/\/www.sindipetroba.org.br\/2019\/trabalhador-sofre-lesao-grave-e-tem-perna-amputada-apos-acidente-na-regap\/#article","isPartOf":{"@id":"http:\/\/www.sindipetroba.org.br\/2019\/trabalhador-sofre-lesao-grave-e-tem-perna-amputada-apos-acidente-na-regap\/"},"author":{"name":"ASCOM","@id":"http:\/\/www.sindipetroba.org.br\/2019\/#\/schema\/person\/80e88dbf823328ddad08b17600055a3c"},"headline":"Trabalhador sofre les\u00e3o grave e tem perna amputada ap\u00f3s acidente na Regap","datePublished":"2026-04-28T22:48:54+00:00","mainEntityOfPage":{"@id":"http:\/\/www.sindipetroba.org.br\/2019\/trabalhador-sofre-lesao-grave-e-tem-perna-amputada-apos-acidente-na-regap\/"},"wordCount":488,"publisher":{"@id":"http:\/\/www.sindipetroba.org.br\/2019\/#organization"},"image":{"@id":"http:\/\/www.sindipetroba.org.br\/2019\/trabalhador-sofre-lesao-grave-e-tem-perna-amputada-apos-acidente-na-regap\/#primaryimage"},"thumbnailUrl":"http:\/\/www.sindipetroba.org.br\/2019\/wp-content\/uploads\/2026\/04\/EPI-na-construcao-civil-1536x864-1-scaled-e1777393499166.jpeg","articleSection":["Banner Principal","Not\u00edcia"],"inLanguage":"pt-BR"},{"@type":"WebPage","@id":"http:\/\/www.sindipetroba.org.br\/2019\/trabalhador-sofre-lesao-grave-e-tem-perna-amputada-apos-acidente-na-regap\/","url":"http:\/\/www.sindipetroba.org.br\/2019\/trabalhador-sofre-lesao-grave-e-tem-perna-amputada-apos-acidente-na-regap\/","name":"Trabalhador sofre les\u00e3o grave e tem perna amputada ap\u00f3s acidente na Regap - Sindipetro BA","isPartOf":{"@id":"http:\/\/www.sindipetroba.org.br\/2019\/#website"},"primaryImageOfPage":{"@id":"http:\/\/www.sindipetroba.org.br\/2019\/trabalhador-sofre-lesao-grave-e-tem-perna-amputada-apos-acidente-na-regap\/#primaryimage"},"image":{"@id":"http:\/\/www.sindipetroba.org.br\/2019\/trabalhador-sofre-lesao-grave-e-tem-perna-amputada-apos-acidente-na-regap\/#primaryimage"},"thumbnailUrl":"http:\/\/www.sindipetroba.org.br\/2019\/wp-content\/uploads\/2026\/04\/EPI-na-construcao-civil-1536x864-1-scaled-e1777393499166.jpeg","datePublished":"2026-04-28T22:48:54+00:00","breadcrumb":{"@id":"http:\/\/www.sindipetroba.org.br\/2019\/trabalhador-sofre-lesao-grave-e-tem-perna-amputada-apos-acidente-na-regap\/#breadcrumb"},"inLanguage":"pt-BR","potentialAction":[{"@type":"ReadAction","target":["http:\/\/www.sindipetroba.org.br\/2019\/trabalhador-sofre-lesao-grave-e-tem-perna-amputada-apos-acidente-na-regap\/"]}]},{"@type":"ImageObject","inLanguage":"pt-BR","@id":"http:\/\/www.sindipetroba.org.br\/2019\/trabalhador-sofre-lesao-grave-e-tem-perna-amputada-apos-acidente-na-regap\/#primaryimage","url":"http:\/\/www.sindipetroba.org.br\/2019\/wp-content\/uploads\/2026\/04\/EPI-na-construcao-civil-1536x864-1-scaled-e1777393499166.jpeg","contentUrl":"http:\/\/www.sindipetroba.org.br\/2019\/wp-content\/uploads\/2026\/04\/EPI-na-construcao-civil-1536x864-1-scaled-e1777393499166.jpeg","width":680,"height":383},{"@type":"BreadcrumbList","@id":"http:\/\/www.sindipetroba.org.br\/2019\/trabalhador-sofre-lesao-grave-e-tem-perna-amputada-apos-acidente-na-regap\/#breadcrumb","itemListElement":[{"@type":"ListItem","position":1,"name":"In\u00edcio","item":"http:\/\/www.sindipetroba.org.br\/2019\/"},{"@type":"ListItem","position":2,"name":"Trabalhador sofre les\u00e3o grave e tem perna amputada ap\u00f3s acidente na Regap"}]},{"@type":"WebSite","@id":"http:\/\/www.sindipetroba.org.br\/2019\/#website","url":"http:\/\/www.sindipetroba.org.br\/2019\/","name":"Sindipetro BA","description":"Sindicato dos Petroleiros e Petroleiras do Estado da Bahia","publisher":{"@id":"http:\/\/www.sindipetroba.org.br\/2019\/#organization"},"potentialAction":[{"@type":"SearchAction","target":{"@type":"EntryPoint","urlTemplate":"http:\/\/www.sindipetroba.org.br\/2019\/?s={search_term_string}"},"query-input":{"@type":"PropertyValueSpecification","valueRequired":true,"valueName":"search_term_string"}}],"inLanguage":"pt-BR"},{"@type":"Organization","@id":"http:\/\/www.sindipetroba.org.br\/2019\/#organization","name":"Sindipetro BA","url":"http:\/\/www.sindipetroba.org.br\/2019\/","logo":{"@type":"ImageObject","inLanguage":"pt-BR","@id":"http:\/\/www.sindipetroba.org.br\/2019\/#\/schema\/logo\/image\/","url":"http:\/\/www.sindipetroba.org.br\/2019\/wp-content\/uploads\/2019\/01\/sindipetro-marca-cor.png","contentUrl":"http:\/\/www.sindipetroba.org.br\/2019\/wp-content\/uploads\/2019\/01\/sindipetro-marca-cor.png","width":350,"height":126,"caption":"Sindipetro BA"},"image":{"@id":"http:\/\/www.sindipetroba.org.br\/2019\/#\/schema\/logo\/image\/"},"sameAs":["https:\/\/www.facebook.com\/sindipetroBa\/","https:\/\/x.com\/SindipetroBahia","https:\/\/www.instagram.com\/sindipetroba\/","https:\/\/www.youtube.com\/c\/SindipetroBahiaOficial"]},{"@type":"Person","@id":"http:\/\/www.sindipetroba.org.br\/2019\/#\/schema\/person\/80e88dbf823328ddad08b17600055a3c","name":"ASCOM","image":{"@type":"ImageObject","inLanguage":"pt-BR","@id":"https:\/\/secure.gravatar.com\/avatar\/a2ab2fd873c57926b9f03e30be8804429fd7b0d41f4f71170e45b7b7f84998a6?s=96&d=mm&r=g","url":"https:\/\/secure.gravatar.com\/avatar\/a2ab2fd873c57926b9f03e30be8804429fd7b0d41f4f71170e45b7b7f84998a6?s=96&d=mm&r=g","contentUrl":"https:\/\/secure.gravatar.com\/avatar\/a2ab2fd873c57926b9f03e30be8804429fd7b0d41f4f71170e45b7b7f84998a6?s=96&d=mm&r=g","caption":"ASCOM"},"sameAs":["http:\/\/www.sindipetroba.org.br"]}]}},"_links":{"self":[{"href":"http:\/\/www.sindipetroba.org.br\/2019\/wp-json\/wp\/v2\/posts\/29181","targetHints":{"allow":["GET"]}}],"collection":[{"href":"http:\/\/www.sindipetroba.org.br\/2019\/wp-json\/wp\/v2\/posts"}],"about":[{"href":"http:\/\/www.sindipetroba.org.br\/2019\/wp-json\/wp\/v2\/types\/post"}],"author":[{"embeddable":true,"href":"http:\/\/www.sindipetroba.org.br\/2019\/wp-json\/wp\/v2\/users\/4"}],"replies":[{"embeddable":true,"href":"http:\/\/www.sindipetroba.org.br\/2019\/wp-json\/wp\/v2\/comments?post=29181"}],"version-history":[{"count":1,"href":"http:\/\/www.sindipetroba.org.br\/2019\/wp-json\/wp\/v2\/posts\/29181\/revisions"}],"predecessor-version":[{"id":29183,"href":"http:\/\/www.sindipetroba.org.br\/2019\/wp-json\/wp\/v2\/posts\/29181\/revisions\/29183"}],"wp:featuredmedia":[{"embeddable":true,"href":"http:\/\/www.sindipetroba.org.br\/2019\/wp-json\/wp\/v2\/media\/29182"}],"wp:attachment":[{"href":"http:\/\/www.sindipetroba.org.br\/2019\/wp-json\/wp\/v2\/media?parent=29181"}],"wp:term":[{"taxonomy":"category","embeddable":true,"href":"http:\/\/www.sindipetroba.org.br\/2019\/wp-json\/wp\/v2\/categories?post=29181"},{"taxonomy":"post_tag","embeddable":true,"href":"http:\/\/www.sindipetroba.org.br\/2019\/wp-json\/wp\/v2\/tags?post=29181"}],"curies":[{"name":"wp","href":"https:\/\/api.w.org\/{rel}","templated":true}]}}