{"id":2985,"date":"2019-08-08T11:32:44","date_gmt":"2019-08-08T14:32:44","guid":{"rendered":"http:\/\/www.sindipetroba.org.br\/2019\/?p=2985"},"modified":"2019-08-08T11:32:44","modified_gmt":"2019-08-08T14:32:44","slug":"biografia-de-waldir-pires-volume-ii-sera-lancada-em-salvador-dia-15-de-agosto","status":"publish","type":"post","link":"http:\/\/www.sindipetroba.org.br\/2019\/biografia-de-waldir-pires-volume-ii-sera-lancada-em-salvador-dia-15-de-agosto\/","title":{"rendered":"Biografia de Waldir Pires (Volume II) ser\u00e1 lan\u00e7ada em Salvador dia 15 de agosto"},"content":{"rendered":"<p>O jornalista Emiliano Jos\u00e9 lan\u00e7a a Biografia de Waldir Pires &#8211; Volume II no pr\u00f3ximo dia 15 de agosto, no Pal\u00e1cio Rio Branco, (Centro Hist\u00f3rico de Salvador) a partir de 17h. No cap\u00edtulo final, o escritor crava a \u00faltima mensagem do ex-governador da Bahia: \u201cEncerro minha vida parlamentar aos 90 anos, mas, n\u00e3o encerro minha luta. Derrotados s\u00e3o os que deixam de lutar\u201d.<\/p>\n<p>Segundo Emiliano Jos\u00e9, a frase de Waldir Pires pronunciada quando ele encerrou a carreira parlamentar aos 90 anos de idade, sintetiza com perfei\u00e7\u00e3o o esp\u00edrito combativo do pol\u00edtico exemplar que viveu com intensidade a Era Vargas, o governo Jo\u00e3o Goulart, o golpe militar de 1964, o ex\u00edlio, a resist\u00eancia, a redemocratiza\u00e7\u00e3o, a Constitui\u00e7\u00e3o de 1988, inclusive com participa\u00e7\u00e3o ativa nos governos de Lula e Dilma Rousseff.<\/p>\n<p>Em sua obra, produzida pela Versal Editores, o autor documenta o pioneirismo de Waldir Pires no combate \u00e0 corrup\u00e7\u00e3o, a convite do presidente Lula, com a cria\u00e7\u00e3o da Controladoria-Geral da Uni\u00e3o (CGU), do Portal da Transpar\u00eancia, das leis que tornaram obrigat\u00f3rios portais estaduais e municipais de acesso \u00e0s contas p\u00fablicas, e o Programa de Fiscaliza\u00e7\u00e3o das verbas federais repassadas aos munic\u00edpios.<\/p>\n<p>O bi\u00f3grafo de Waldir Pires registra que, ao vencer a reelei\u00e7\u00e3o em 2006, o presidente Lula havia se decidido a enfrentar tr\u00eas desafios; distribuir renda, defender a soberania nacional e ultrapassar a pol\u00edtica monetarista. Portanto, n\u00e3o desejava uma crise militar que se desenhava com o embaixador Jos\u00e9 Viegas no Minist\u00e9rio da Defesa. A solu\u00e7\u00e3o foi Waldir Pires para a Minist\u00e9rio da Defesa. J\u00e1 na casa dos 90 anos de idade, Waldir Pires\u00a0participou ativamente da campanha em defesa do presidente Lula contra a persegui\u00e7\u00e3o pol\u00edtica da Opera\u00e7\u00e3o Lava Jato, agora desmascarada pelo jornalismo do site The Intercept.<\/p>\n<p>Com este segundo volume, Emiliano Jos\u00e9 encerra a biografia de Waldir Pires. No Volume I, o escritor narra o in\u00edcio da carreira do pol\u00edtico baiano, que faleceu em junho de 2018 aos 91 anos de idade. Sua inf\u00e2ncia, juventude, ingresso na vida p\u00fabli\u00adca, os primeiros mandatos parlamentares, a candidatura a gover\u00adnador em 1962 e a participa\u00e7\u00e3o no governo Jo\u00e3o Goulart.<\/p>\n","protected":false},"excerpt":{"rendered":"O jornalista Emiliano Jos\u00e9 lan\u00e7a a Biografia de Waldir Pires &#8211; Volume II no pr\u00f3ximo dia 15 de agosto, no Pal\u00e1cio Rio Branco, (Centro Hist\u00f3rico de Salvador) a partir de 17h. No cap\u00edtulo final, o escritor crava a \u00faltima mensagem do ex-governador da Bahia: \u201cEncerro minha vida parlamentar aos 90 anos, mas, n\u00e3o encerro minha&#8230; <a class=\"view-article\" href=\"http:\/\/www.sindipetroba.org.br\/2019\/biografia-de-waldir-pires-volume-ii-sera-lancada-em-salvador-dia-15-de-agosto\/\">Ver artigo<\/a>","protected":false},"author":1,"featured_media":2986,"comment_status":"closed","ping_status":"open","sticky":false,"template":"","format":"standard","meta":{"_et_pb_use_builder":"","_et_pb_old_content":"","_et_gb_content_width":"","footnotes":""},"categories":[1],"tags":[254,255,256,253,252],"class_list":["post-2985","post","type-post","status-publish","format-standard","has-post-thumbnail","hentry","category-noticia","tag-biografia","tag-emiliano-jose","tag-operacao-lava-jato","tag-versal-editores","tag-waldir-pires"],"yoast_head":"<!-- This site is optimized with the Yoast SEO plugin v27.3 - https:\/\/yoast.com\/product\/yoast-seo-wordpress\/ -->\n<title>Biografia de Waldir Pires (Volume II) ser\u00e1 lan\u00e7ada em Salvador dia 15 de agosto - Sindipetro BA<\/title>\n<meta name=\"robots\" content=\"index, follow, max-snippet:-1, max-image-preview:large, max-video-preview:-1\" \/>\n<link rel=\"canonical\" href=\"http:\/\/www.sindipetroba.org.br\/2019\/biografia-de-waldir-pires-volume-ii-sera-lancada-em-salvador-dia-15-de-agosto\/\" \/>\n<meta property=\"og:locale\" content=\"pt_BR\" \/>\n<meta property=\"og:type\" content=\"article\" \/>\n<meta property=\"og:title\" content=\"Biografia de Waldir Pires (Volume II) ser\u00e1 lan\u00e7ada em Salvador dia 15 de agosto - Sindipetro BA\" \/>\n<meta property=\"og:description\" content=\"O jornalista Emiliano Jos\u00e9 lan\u00e7a a Biografia de Waldir Pires &#8211; Volume II no pr\u00f3ximo dia 15 de agosto, no Pal\u00e1cio Rio Branco, (Centro Hist\u00f3rico de Salvador) a partir de 17h. No cap\u00edtulo final, o escritor crava a \u00faltima mensagem do ex-governador da Bahia: \u201cEncerro minha vida parlamentar aos 90 anos, mas, n\u00e3o encerro minha... Ver artigo\" \/>\n<meta property=\"og:url\" content=\"http:\/\/www.sindipetroba.org.br\/2019\/biografia-de-waldir-pires-volume-ii-sera-lancada-em-salvador-dia-15-de-agosto\/\" \/>\n<meta property=\"og:site_name\" content=\"Sindipetro BA\" \/>\n<meta property=\"article:publisher\" content=\"https:\/\/www.facebook.com\/sindipetroBa\/\" \/>\n<meta property=\"article:published_time\" content=\"2019-08-08T14:32:44+00:00\" \/>\n<meta property=\"og:image\" content=\"http:\/\/www.sindipetroba.org.br\/2019\/wp-content\/uploads\/2019\/08\/WP.jpg\" \/>\n\t<meta property=\"og:image:width\" content=\"886\" \/>\n\t<meta property=\"og:image:height\" content=\"886\" \/>\n\t<meta property=\"og:image:type\" content=\"image\/jpeg\" \/>\n<meta name=\"author\" content=\"admsp\" \/>\n<meta name=\"twitter:card\" content=\"summary_large_image\" \/>\n<meta name=\"twitter:creator\" content=\"@SindipetroBahia\" \/>\n<meta name=\"twitter:site\" content=\"@SindipetroBahia\" \/>\n<meta name=\"twitter:label1\" content=\"Escrito por\" \/>\n\t<meta name=\"twitter:data1\" content=\"admsp\" \/>\n\t<meta name=\"twitter:label2\" content=\"Est. tempo de leitura\" \/>\n\t<meta name=\"twitter:data2\" content=\"2 minutos\" \/>\n<script type=\"application\/ld+json\" class=\"yoast-schema-graph\">{\"@context\":\"https:\\\/\\\/schema.org\",\"@graph\":[{\"@type\":\"Article\",\"@id\":\"http:\\\/\\\/www.sindipetroba.org.br\\\/2019\\\/biografia-de-waldir-pires-volume-ii-sera-lancada-em-salvador-dia-15-de-agosto\\\/#article\",\"isPartOf\":{\"@id\":\"http:\\\/\\\/www.sindipetroba.org.br\\\/2019\\\/biografia-de-waldir-pires-volume-ii-sera-lancada-em-salvador-dia-15-de-agosto\\\/\"},\"author\":{\"name\":\"admsp\",\"@id\":\"http:\\\/\\\/www.sindipetroba.org.br\\\/2019\\\/#\\\/schema\\\/person\\\/e61228ef9f981537d4c4eb80f6ea7713\"},\"headline\":\"Biografia de Waldir Pires (Volume II) ser\u00e1 lan\u00e7ada em Salvador dia 15 de agosto\",\"datePublished\":\"2019-08-08T14:32:44+00:00\",\"mainEntityOfPage\":{\"@id\":\"http:\\\/\\\/www.sindipetroba.org.br\\\/2019\\\/biografia-de-waldir-pires-volume-ii-sera-lancada-em-salvador-dia-15-de-agosto\\\/\"},\"wordCount\":393,\"publisher\":{\"@id\":\"http:\\\/\\\/www.sindipetroba.org.br\\\/2019\\\/#organization\"},\"image\":{\"@id\":\"http:\\\/\\\/www.sindipetroba.org.br\\\/2019\\\/biografia-de-waldir-pires-volume-ii-sera-lancada-em-salvador-dia-15-de-agosto\\\/#primaryimage\"},\"thumbnailUrl\":\"http:\\\/\\\/www.sindipetroba.org.br\\\/2019\\\/wp-content\\\/uploads\\\/2019\\\/08\\\/WP.jpg\",\"keywords\":[\"biografia\",\"Emiliano Jos\u00e9\",\"Opera\u00e7\u00e3o Lava Jato\",\"Versal Editores\",\"Waldir Pires\"],\"articleSection\":[\"Not\u00edcia\"],\"inLanguage\":\"pt-BR\"},{\"@type\":\"WebPage\",\"@id\":\"http:\\\/\\\/www.sindipetroba.org.br\\\/2019\\\/biografia-de-waldir-pires-volume-ii-sera-lancada-em-salvador-dia-15-de-agosto\\\/\",\"url\":\"http:\\\/\\\/www.sindipetroba.org.br\\\/2019\\\/biografia-de-waldir-pires-volume-ii-sera-lancada-em-salvador-dia-15-de-agosto\\\/\",\"name\":\"Biografia de Waldir Pires (Volume II) ser\u00e1 lan\u00e7ada em Salvador dia 15 de agosto - Sindipetro BA\",\"isPartOf\":{\"@id\":\"http:\\\/\\\/www.sindipetroba.org.br\\\/2019\\\/#website\"},\"primaryImageOfPage\":{\"@id\":\"http:\\\/\\\/www.sindipetroba.org.br\\\/2019\\\/biografia-de-waldir-pires-volume-ii-sera-lancada-em-salvador-dia-15-de-agosto\\\/#primaryimage\"},\"image\":{\"@id\":\"http:\\\/\\\/www.sindipetroba.org.br\\\/2019\\\/biografia-de-waldir-pires-volume-ii-sera-lancada-em-salvador-dia-15-de-agosto\\\/#primaryimage\"},\"thumbnailUrl\":\"http:\\\/\\\/www.sindipetroba.org.br\\\/2019\\\/wp-content\\\/uploads\\\/2019\\\/08\\\/WP.jpg\",\"datePublished\":\"2019-08-08T14:32:44+00:00\",\"breadcrumb\":{\"@id\":\"http:\\\/\\\/www.sindipetroba.org.br\\\/2019\\\/biografia-de-waldir-pires-volume-ii-sera-lancada-em-salvador-dia-15-de-agosto\\\/#breadcrumb\"},\"inLanguage\":\"pt-BR\",\"potentialAction\":[{\"@type\":\"ReadAction\",\"target\":[\"http:\\\/\\\/www.sindipetroba.org.br\\\/2019\\\/biografia-de-waldir-pires-volume-ii-sera-lancada-em-salvador-dia-15-de-agosto\\\/\"]}]},{\"@type\":\"ImageObject\",\"inLanguage\":\"pt-BR\",\"@id\":\"http:\\\/\\\/www.sindipetroba.org.br\\\/2019\\\/biografia-de-waldir-pires-volume-ii-sera-lancada-em-salvador-dia-15-de-agosto\\\/#primaryimage\",\"url\":\"http:\\\/\\\/www.sindipetroba.org.br\\\/2019\\\/wp-content\\\/uploads\\\/2019\\\/08\\\/WP.jpg\",\"contentUrl\":\"http:\\\/\\\/www.sindipetroba.org.br\\\/2019\\\/wp-content\\\/uploads\\\/2019\\\/08\\\/WP.jpg\",\"width\":886,\"height\":886},{\"@type\":\"BreadcrumbList\",\"@id\":\"http:\\\/\\\/www.sindipetroba.org.br\\\/2019\\\/biografia-de-waldir-pires-volume-ii-sera-lancada-em-salvador-dia-15-de-agosto\\\/#breadcrumb\",\"itemListElement\":[{\"@type\":\"ListItem\",\"position\":1,\"name\":\"In\u00edcio\",\"item\":\"http:\\\/\\\/www.sindipetroba.org.br\\\/2019\\\/\"},{\"@type\":\"ListItem\",\"position\":2,\"name\":\"Biografia de Waldir Pires (Volume II) ser\u00e1 lan\u00e7ada em Salvador dia 15 de agosto\"}]},{\"@type\":\"WebSite\",\"@id\":\"http:\\\/\\\/www.sindipetroba.org.br\\\/2019\\\/#website\",\"url\":\"http:\\\/\\\/www.sindipetroba.org.br\\\/2019\\\/\",\"name\":\"Sindipetro BA\",\"description\":\"Sindicato dos Petroleiros e Petroleiras do Estado da Bahia\",\"publisher\":{\"@id\":\"http:\\\/\\\/www.sindipetroba.org.br\\\/2019\\\/#organization\"},\"potentialAction\":[{\"@type\":\"SearchAction\",\"target\":{\"@type\":\"EntryPoint\",\"urlTemplate\":\"http:\\\/\\\/www.sindipetroba.org.br\\\/2019\\\/?s={search_term_string}\"},\"query-input\":{\"@type\":\"PropertyValueSpecification\",\"valueRequired\":true,\"valueName\":\"search_term_string\"}}],\"inLanguage\":\"pt-BR\"},{\"@type\":\"Organization\",\"@id\":\"http:\\\/\\\/www.sindipetroba.org.br\\\/2019\\\/#organization\",\"name\":\"Sindipetro BA\",\"url\":\"http:\\\/\\\/www.sindipetroba.org.br\\\/2019\\\/\",\"logo\":{\"@type\":\"ImageObject\",\"inLanguage\":\"pt-BR\",\"@id\":\"http:\\\/\\\/www.sindipetroba.org.br\\\/2019\\\/#\\\/schema\\\/logo\\\/image\\\/\",\"url\":\"http:\\\/\\\/www.sindipetroba.org.br\\\/2019\\\/wp-content\\\/uploads\\\/2019\\\/01\\\/sindipetro-marca-cor.png\",\"contentUrl\":\"http:\\\/\\\/www.sindipetroba.org.br\\\/2019\\\/wp-content\\\/uploads\\\/2019\\\/01\\\/sindipetro-marca-cor.png\",\"width\":350,\"height\":126,\"caption\":\"Sindipetro BA\"},\"image\":{\"@id\":\"http:\\\/\\\/www.sindipetroba.org.br\\\/2019\\\/#\\\/schema\\\/logo\\\/image\\\/\"},\"sameAs\":[\"https:\\\/\\\/www.facebook.com\\\/sindipetroBa\\\/\",\"https:\\\/\\\/x.com\\\/SindipetroBahia\",\"https:\\\/\\\/www.instagram.com\\\/sindipetroba\\\/\",\"https:\\\/\\\/www.youtube.com\\\/c\\\/SindipetroBahiaOficial\"]},{\"@type\":\"Person\",\"@id\":\"http:\\\/\\\/www.sindipetroba.org.br\\\/2019\\\/#\\\/schema\\\/person\\\/e61228ef9f981537d4c4eb80f6ea7713\",\"name\":\"admsp\",\"image\":{\"@type\":\"ImageObject\",\"inLanguage\":\"pt-BR\",\"@id\":\"https:\\\/\\\/secure.gravatar.com\\\/avatar\\\/50f06e2b746fe9248099d2c61c12342ab36327e9d413e3171dd7033b84800d96?s=96&d=mm&r=g\",\"url\":\"https:\\\/\\\/secure.gravatar.com\\\/avatar\\\/50f06e2b746fe9248099d2c61c12342ab36327e9d413e3171dd7033b84800d96?s=96&d=mm&r=g\",\"contentUrl\":\"https:\\\/\\\/secure.gravatar.com\\\/avatar\\\/50f06e2b746fe9248099d2c61c12342ab36327e9d413e3171dd7033b84800d96?s=96&d=mm&r=g\",\"caption\":\"admsp\"}}]}<\/script>\n<!-- \/ Yoast SEO plugin. -->","yoast_head_json":{"title":"Biografia de Waldir Pires (Volume II) ser\u00e1 lan\u00e7ada em Salvador dia 15 de agosto - Sindipetro BA","robots":{"index":"index","follow":"follow","max-snippet":"max-snippet:-1","max-image-preview":"max-image-preview:large","max-video-preview":"max-video-preview:-1"},"canonical":"http:\/\/www.sindipetroba.org.br\/2019\/biografia-de-waldir-pires-volume-ii-sera-lancada-em-salvador-dia-15-de-agosto\/","og_locale":"pt_BR","og_type":"article","og_title":"Biografia de Waldir Pires (Volume II) ser\u00e1 lan\u00e7ada em Salvador dia 15 de agosto - Sindipetro BA","og_description":"O jornalista Emiliano Jos\u00e9 lan\u00e7a a Biografia de Waldir Pires &#8211; Volume II no pr\u00f3ximo dia 15 de agosto, no Pal\u00e1cio Rio Branco, (Centro Hist\u00f3rico de Salvador) a partir de 17h. No cap\u00edtulo final, o escritor crava a \u00faltima mensagem do ex-governador da Bahia: \u201cEncerro minha vida parlamentar aos 90 anos, mas, n\u00e3o encerro minha... Ver artigo","og_url":"http:\/\/www.sindipetroba.org.br\/2019\/biografia-de-waldir-pires-volume-ii-sera-lancada-em-salvador-dia-15-de-agosto\/","og_site_name":"Sindipetro BA","article_publisher":"https:\/\/www.facebook.com\/sindipetroBa\/","article_published_time":"2019-08-08T14:32:44+00:00","og_image":[{"width":886,"height":886,"url":"http:\/\/www.sindipetroba.org.br\/2019\/wp-content\/uploads\/2019\/08\/WP.jpg","type":"image\/jpeg"}],"author":"admsp","twitter_card":"summary_large_image","twitter_creator":"@SindipetroBahia","twitter_site":"@SindipetroBahia","twitter_misc":{"Escrito por":"admsp","Est. tempo de leitura":"2 minutos"},"schema":{"@context":"https:\/\/schema.org","@graph":[{"@type":"Article","@id":"http:\/\/www.sindipetroba.org.br\/2019\/biografia-de-waldir-pires-volume-ii-sera-lancada-em-salvador-dia-15-de-agosto\/#article","isPartOf":{"@id":"http:\/\/www.sindipetroba.org.br\/2019\/biografia-de-waldir-pires-volume-ii-sera-lancada-em-salvador-dia-15-de-agosto\/"},"author":{"name":"admsp","@id":"http:\/\/www.sindipetroba.org.br\/2019\/#\/schema\/person\/e61228ef9f981537d4c4eb80f6ea7713"},"headline":"Biografia de Waldir Pires (Volume II) ser\u00e1 lan\u00e7ada em Salvador dia 15 de agosto","datePublished":"2019-08-08T14:32:44+00:00","mainEntityOfPage":{"@id":"http:\/\/www.sindipetroba.org.br\/2019\/biografia-de-waldir-pires-volume-ii-sera-lancada-em-salvador-dia-15-de-agosto\/"},"wordCount":393,"publisher":{"@id":"http:\/\/www.sindipetroba.org.br\/2019\/#organization"},"image":{"@id":"http:\/\/www.sindipetroba.org.br\/2019\/biografia-de-waldir-pires-volume-ii-sera-lancada-em-salvador-dia-15-de-agosto\/#primaryimage"},"thumbnailUrl":"http:\/\/www.sindipetroba.org.br\/2019\/wp-content\/uploads\/2019\/08\/WP.jpg","keywords":["biografia","Emiliano Jos\u00e9","Opera\u00e7\u00e3o Lava Jato","Versal Editores","Waldir Pires"],"articleSection":["Not\u00edcia"],"inLanguage":"pt-BR"},{"@type":"WebPage","@id":"http:\/\/www.sindipetroba.org.br\/2019\/biografia-de-waldir-pires-volume-ii-sera-lancada-em-salvador-dia-15-de-agosto\/","url":"http:\/\/www.sindipetroba.org.br\/2019\/biografia-de-waldir-pires-volume-ii-sera-lancada-em-salvador-dia-15-de-agosto\/","name":"Biografia de Waldir Pires (Volume II) ser\u00e1 lan\u00e7ada em Salvador dia 15 de agosto - Sindipetro BA","isPartOf":{"@id":"http:\/\/www.sindipetroba.org.br\/2019\/#website"},"primaryImageOfPage":{"@id":"http:\/\/www.sindipetroba.org.br\/2019\/biografia-de-waldir-pires-volume-ii-sera-lancada-em-salvador-dia-15-de-agosto\/#primaryimage"},"image":{"@id":"http:\/\/www.sindipetroba.org.br\/2019\/biografia-de-waldir-pires-volume-ii-sera-lancada-em-salvador-dia-15-de-agosto\/#primaryimage"},"thumbnailUrl":"http:\/\/www.sindipetroba.org.br\/2019\/wp-content\/uploads\/2019\/08\/WP.jpg","datePublished":"2019-08-08T14:32:44+00:00","breadcrumb":{"@id":"http:\/\/www.sindipetroba.org.br\/2019\/biografia-de-waldir-pires-volume-ii-sera-lancada-em-salvador-dia-15-de-agosto\/#breadcrumb"},"inLanguage":"pt-BR","potentialAction":[{"@type":"ReadAction","target":["http:\/\/www.sindipetroba.org.br\/2019\/biografia-de-waldir-pires-volume-ii-sera-lancada-em-salvador-dia-15-de-agosto\/"]}]},{"@type":"ImageObject","inLanguage":"pt-BR","@id":"http:\/\/www.sindipetroba.org.br\/2019\/biografia-de-waldir-pires-volume-ii-sera-lancada-em-salvador-dia-15-de-agosto\/#primaryimage","url":"http:\/\/www.sindipetroba.org.br\/2019\/wp-content\/uploads\/2019\/08\/WP.jpg","contentUrl":"http:\/\/www.sindipetroba.org.br\/2019\/wp-content\/uploads\/2019\/08\/WP.jpg","width":886,"height":886},{"@type":"BreadcrumbList","@id":"http:\/\/www.sindipetroba.org.br\/2019\/biografia-de-waldir-pires-volume-ii-sera-lancada-em-salvador-dia-15-de-agosto\/#breadcrumb","itemListElement":[{"@type":"ListItem","position":1,"name":"In\u00edcio","item":"http:\/\/www.sindipetroba.org.br\/2019\/"},{"@type":"ListItem","position":2,"name":"Biografia de Waldir Pires (Volume II) ser\u00e1 lan\u00e7ada em Salvador dia 15 de agosto"}]},{"@type":"WebSite","@id":"http:\/\/www.sindipetroba.org.br\/2019\/#website","url":"http:\/\/www.sindipetroba.org.br\/2019\/","name":"Sindipetro BA","description":"Sindicato dos Petroleiros e Petroleiras do Estado da Bahia","publisher":{"@id":"http:\/\/www.sindipetroba.org.br\/2019\/#organization"},"potentialAction":[{"@type":"SearchAction","target":{"@type":"EntryPoint","urlTemplate":"http:\/\/www.sindipetroba.org.br\/2019\/?s={search_term_string}"},"query-input":{"@type":"PropertyValueSpecification","valueRequired":true,"valueName":"search_term_string"}}],"inLanguage":"pt-BR"},{"@type":"Organization","@id":"http:\/\/www.sindipetroba.org.br\/2019\/#organization","name":"Sindipetro BA","url":"http:\/\/www.sindipetroba.org.br\/2019\/","logo":{"@type":"ImageObject","inLanguage":"pt-BR","@id":"http:\/\/www.sindipetroba.org.br\/2019\/#\/schema\/logo\/image\/","url":"http:\/\/www.sindipetroba.org.br\/2019\/wp-content\/uploads\/2019\/01\/sindipetro-marca-cor.png","contentUrl":"http:\/\/www.sindipetroba.org.br\/2019\/wp-content\/uploads\/2019\/01\/sindipetro-marca-cor.png","width":350,"height":126,"caption":"Sindipetro BA"},"image":{"@id":"http:\/\/www.sindipetroba.org.br\/2019\/#\/schema\/logo\/image\/"},"sameAs":["https:\/\/www.facebook.com\/sindipetroBa\/","https:\/\/x.com\/SindipetroBahia","https:\/\/www.instagram.com\/sindipetroba\/","https:\/\/www.youtube.com\/c\/SindipetroBahiaOficial"]},{"@type":"Person","@id":"http:\/\/www.sindipetroba.org.br\/2019\/#\/schema\/person\/e61228ef9f981537d4c4eb80f6ea7713","name":"admsp","image":{"@type":"ImageObject","inLanguage":"pt-BR","@id":"https:\/\/secure.gravatar.com\/avatar\/50f06e2b746fe9248099d2c61c12342ab36327e9d413e3171dd7033b84800d96?s=96&d=mm&r=g","url":"https:\/\/secure.gravatar.com\/avatar\/50f06e2b746fe9248099d2c61c12342ab36327e9d413e3171dd7033b84800d96?s=96&d=mm&r=g","contentUrl":"https:\/\/secure.gravatar.com\/avatar\/50f06e2b746fe9248099d2c61c12342ab36327e9d413e3171dd7033b84800d96?s=96&d=mm&r=g","caption":"admsp"}}]}},"_links":{"self":[{"href":"http:\/\/www.sindipetroba.org.br\/2019\/wp-json\/wp\/v2\/posts\/2985","targetHints":{"allow":["GET"]}}],"collection":[{"href":"http:\/\/www.sindipetroba.org.br\/2019\/wp-json\/wp\/v2\/posts"}],"about":[{"href":"http:\/\/www.sindipetroba.org.br\/2019\/wp-json\/wp\/v2\/types\/post"}],"author":[{"embeddable":true,"href":"http:\/\/www.sindipetroba.org.br\/2019\/wp-json\/wp\/v2\/users\/1"}],"replies":[{"embeddable":true,"href":"http:\/\/www.sindipetroba.org.br\/2019\/wp-json\/wp\/v2\/comments?post=2985"}],"version-history":[{"count":1,"href":"http:\/\/www.sindipetroba.org.br\/2019\/wp-json\/wp\/v2\/posts\/2985\/revisions"}],"predecessor-version":[{"id":2987,"href":"http:\/\/www.sindipetroba.org.br\/2019\/wp-json\/wp\/v2\/posts\/2985\/revisions\/2987"}],"wp:featuredmedia":[{"embeddable":true,"href":"http:\/\/www.sindipetroba.org.br\/2019\/wp-json\/wp\/v2\/media\/2986"}],"wp:attachment":[{"href":"http:\/\/www.sindipetroba.org.br\/2019\/wp-json\/wp\/v2\/media?parent=2985"}],"wp:term":[{"taxonomy":"category","embeddable":true,"href":"http:\/\/www.sindipetroba.org.br\/2019\/wp-json\/wp\/v2\/categories?post=2985"},{"taxonomy":"post_tag","embeddable":true,"href":"http:\/\/www.sindipetroba.org.br\/2019\/wp-json\/wp\/v2\/tags?post=2985"}],"curies":[{"name":"wp","href":"https:\/\/api.w.org\/{rel}","templated":true}]}}