{"id":3016,"date":"2019-08-12T15:17:05","date_gmt":"2019-08-12T18:17:05","guid":{"rendered":"http:\/\/www.sindipetroba.org.br\/2019\/?p=3016"},"modified":"2019-08-13T13:00:54","modified_gmt":"2019-08-13T16:00:54","slug":"1dia-26-de-agosto-e-dia-de-folga-no-campo-e-dia-de-luta-por-emprego-e-direitos","status":"publish","type":"post","link":"http:\/\/www.sindipetroba.org.br\/2019\/1dia-26-de-agosto-e-dia-de-folga-no-campo-e-dia-de-luta-por-emprego-e-direitos\/","title":{"rendered":"26 de agosto \u00e9 dia de folga no campo e de luta por emprego e direitos"},"content":{"rendered":"<p>No dia 26 de agosto, segunda-feira, o Sindipetro Bahia vai realizar um grande ato c\u00edvico\/cultural em defesa da Petrobr\u00e1s e da soberania nacional.<br \/>\nO ato ter\u00e1 concentra\u00e7\u00e3o, \u00e0s 14h, em frente ao edif\u00edcio Torre Pituba. No final da tarde caminharemos em dire\u00e7\u00e3o ao Parque Jardim dos Namorados, onde \u00e0s 18h, acontecer\u00e1 um ato cultural com a apresenta\u00e7\u00e3o de diversas atra\u00e7\u00f5es musicais.<br \/>\nA data da manifesta\u00e7\u00e3o foi escolhida por ser o dia de folga dos trabalhadores do campo, dando, assim, oportunidade para que todos participem.<br \/>\nA atividade n\u00e3o \u00e9 s\u00f3 mais uma entre tantas outras organizadas pelo Sindipetro, essa tem import\u00e2ncia \u00fanica e objetivo especial, que \u00e9 o de mostrar para a dire\u00e7\u00e3o da Petrobr\u00e1s e o governo federal que os petroleiros n\u00e3o ficar\u00e3o de bra\u00e7os cruzados diante das amea\u00e7as da empresa.<br \/>\nA ideia do sindicato \u00e9 tamb\u00e9m dar visibilidade \u00e0 luta dos petroleiros para que a sociedade saiba o que est\u00e1 acontecendo na Petrobr\u00e1s e os riscos que a popula\u00e7\u00e3o, o Estado e munic\u00edpios correm com a sa\u00edda da Petrobr\u00e1s da Bahia.<br \/>\n\u00c9 importante tamb\u00e9m dizer que em toda a sua hist\u00f3ria, a categoria petroleira nunca correu tantos riscos de perder seus empregos e direitos. Por isso a import\u00e2ncia de participar desse ato.<br \/>\nSe voc\u00ea mora no interior tamb\u00e9m pode participar do ato, pois o Sindipetro vai disponibilizar transporte para quem mora nas cidades de Candeias, Madre de Deus, S\u00e3o Francisco do Conde, S\u00e3o Sebasti\u00e3o do Pass\u00e9, Cama\u00e7ari e Catu.<br \/>\nConvide seus familiares e amigos para participar da manifesta\u00e7\u00e3o. Vamos engrossar esse coro em defesa da Petrobr\u00e1s e da soberania nacional.<\/p>\n<p>Ato em defesa da soberania nacional e da Petrobr\u00e1s<br \/>\nDia 26 de agosto (segunda-feira)<\/p>\n<p>\u2022 14h \u2013 Concentra\u00e7\u00e3o em frente ao edif\u00edcio Torre Pituba<br \/>\n\u2022 16h \u2013 Caminhada em dire\u00e7\u00e3o \u00e0 Pituba<br \/>\n\u2022 18h \u2013 Ato c\u00edvico\/cultural no Parque do Jardim dos Namorados<\/p>\n<p>A Petrobr\u00e1s \u00e9 do Brasil e do povo baiano<\/p>\n<p>Fonte \u2013 Sindipetro Bahia<\/p>\n","protected":false},"excerpt":{"rendered":"No dia 26 de agosto, segunda-feira, o Sindipetro Bahia vai realizar um grande ato c\u00edvico\/cultural em defesa da Petrobr\u00e1s e da soberania nacional. O ato ter\u00e1 concentra\u00e7\u00e3o, \u00e0s 14h, em frente ao edif\u00edcio Torre Pituba. No final da tarde caminharemos em dire\u00e7\u00e3o ao Parque Jardim dos Namorados, onde \u00e0s 18h, acontecer\u00e1 um ato cultural com&#8230; <a class=\"view-article\" href=\"http:\/\/www.sindipetroba.org.br\/2019\/1dia-26-de-agosto-e-dia-de-folga-no-campo-e-dia-de-luta-por-emprego-e-direitos\/\">Ver artigo<\/a>","protected":false},"author":1,"featured_media":3019,"comment_status":"closed","ping_status":"open","sticky":false,"template":"","format":"standard","meta":{"_et_pb_use_builder":"","_et_pb_old_content":"","_et_gb_content_width":"","footnotes":""},"categories":[1],"tags":[32,46],"class_list":["post-3016","post","type-post","status-publish","format-standard","has-post-thumbnail","hentry","category-noticia","tag-petrobras","tag-sindipetro"],"yoast_head":"<!-- This site is optimized with the Yoast SEO plugin v27.3 - https:\/\/yoast.com\/product\/yoast-seo-wordpress\/ -->\n<title>26 de agosto \u00e9 dia de folga no campo e de luta por emprego e direitos - Sindipetro BA<\/title>\n<meta name=\"robots\" content=\"index, follow, max-snippet:-1, max-image-preview:large, max-video-preview:-1\" \/>\n<link rel=\"canonical\" href=\"http:\/\/www.sindipetroba.org.br\/2019\/1dia-26-de-agosto-e-dia-de-folga-no-campo-e-dia-de-luta-por-emprego-e-direitos\/\" \/>\n<meta property=\"og:locale\" content=\"pt_BR\" \/>\n<meta property=\"og:type\" content=\"article\" \/>\n<meta property=\"og:title\" content=\"26 de agosto \u00e9 dia de folga no campo e de luta por emprego e direitos - Sindipetro BA\" \/>\n<meta property=\"og:description\" content=\"No dia 26 de agosto, segunda-feira, o Sindipetro Bahia vai realizar um grande ato c\u00edvico\/cultural em defesa da Petrobr\u00e1s e da soberania nacional. O ato ter\u00e1 concentra\u00e7\u00e3o, \u00e0s 14h, em frente ao edif\u00edcio Torre Pituba. No final da tarde caminharemos em dire\u00e7\u00e3o ao Parque Jardim dos Namorados, onde \u00e0s 18h, acontecer\u00e1 um ato cultural com... Ver artigo\" \/>\n<meta property=\"og:url\" content=\"http:\/\/www.sindipetroba.org.br\/2019\/1dia-26-de-agosto-e-dia-de-folga-no-campo-e-dia-de-luta-por-emprego-e-direitos\/\" \/>\n<meta property=\"og:site_name\" content=\"Sindipetro BA\" \/>\n<meta property=\"article:publisher\" content=\"https:\/\/www.facebook.com\/sindipetroBa\/\" \/>\n<meta property=\"article:published_time\" content=\"2019-08-12T18:17:05+00:00\" \/>\n<meta property=\"article:modified_time\" content=\"2019-08-13T16:00:54+00:00\" \/>\n<meta property=\"og:image\" content=\"http:\/\/www.sindipetroba.org.br\/2019\/wp-content\/uploads\/2019\/08\/kkk-1.jpg\" \/>\n\t<meta property=\"og:image:width\" content=\"555\" \/>\n\t<meta property=\"og:image:height\" content=\"555\" \/>\n\t<meta property=\"og:image:type\" content=\"image\/jpeg\" \/>\n<meta name=\"author\" content=\"admsp\" \/>\n<meta name=\"twitter:card\" content=\"summary_large_image\" \/>\n<meta name=\"twitter:creator\" content=\"@SindipetroBahia\" \/>\n<meta name=\"twitter:site\" content=\"@SindipetroBahia\" \/>\n<meta name=\"twitter:label1\" content=\"Escrito por\" \/>\n\t<meta name=\"twitter:data1\" content=\"admsp\" \/>\n\t<meta name=\"twitter:label2\" content=\"Est. tempo de leitura\" \/>\n\t<meta name=\"twitter:data2\" content=\"2 minutos\" \/>\n<script type=\"application\/ld+json\" class=\"yoast-schema-graph\">{\"@context\":\"https:\\\/\\\/schema.org\",\"@graph\":[{\"@type\":\"Article\",\"@id\":\"http:\\\/\\\/www.sindipetroba.org.br\\\/2019\\\/1dia-26-de-agosto-e-dia-de-folga-no-campo-e-dia-de-luta-por-emprego-e-direitos\\\/#article\",\"isPartOf\":{\"@id\":\"http:\\\/\\\/www.sindipetroba.org.br\\\/2019\\\/1dia-26-de-agosto-e-dia-de-folga-no-campo-e-dia-de-luta-por-emprego-e-direitos\\\/\"},\"author\":{\"name\":\"admsp\",\"@id\":\"http:\\\/\\\/www.sindipetroba.org.br\\\/2019\\\/#\\\/schema\\\/person\\\/e61228ef9f981537d4c4eb80f6ea7713\"},\"headline\":\"26 de agosto \u00e9 dia de folga no campo e de luta por emprego e direitos\",\"datePublished\":\"2019-08-12T18:17:05+00:00\",\"dateModified\":\"2019-08-13T16:00:54+00:00\",\"mainEntityOfPage\":{\"@id\":\"http:\\\/\\\/www.sindipetroba.org.br\\\/2019\\\/1dia-26-de-agosto-e-dia-de-folga-no-campo-e-dia-de-luta-por-emprego-e-direitos\\\/\"},\"wordCount\":355,\"publisher\":{\"@id\":\"http:\\\/\\\/www.sindipetroba.org.br\\\/2019\\\/#organization\"},\"image\":{\"@id\":\"http:\\\/\\\/www.sindipetroba.org.br\\\/2019\\\/1dia-26-de-agosto-e-dia-de-folga-no-campo-e-dia-de-luta-por-emprego-e-direitos\\\/#primaryimage\"},\"thumbnailUrl\":\"http:\\\/\\\/www.sindipetroba.org.br\\\/2019\\\/wp-content\\\/uploads\\\/2019\\\/08\\\/kkk-1.jpg\",\"keywords\":[\"petrobras\",\"sindipetro\"],\"articleSection\":[\"Not\u00edcia\"],\"inLanguage\":\"pt-BR\"},{\"@type\":\"WebPage\",\"@id\":\"http:\\\/\\\/www.sindipetroba.org.br\\\/2019\\\/1dia-26-de-agosto-e-dia-de-folga-no-campo-e-dia-de-luta-por-emprego-e-direitos\\\/\",\"url\":\"http:\\\/\\\/www.sindipetroba.org.br\\\/2019\\\/1dia-26-de-agosto-e-dia-de-folga-no-campo-e-dia-de-luta-por-emprego-e-direitos\\\/\",\"name\":\"26 de agosto \u00e9 dia de folga no campo e de luta por emprego e direitos - Sindipetro BA\",\"isPartOf\":{\"@id\":\"http:\\\/\\\/www.sindipetroba.org.br\\\/2019\\\/#website\"},\"primaryImageOfPage\":{\"@id\":\"http:\\\/\\\/www.sindipetroba.org.br\\\/2019\\\/1dia-26-de-agosto-e-dia-de-folga-no-campo-e-dia-de-luta-por-emprego-e-direitos\\\/#primaryimage\"},\"image\":{\"@id\":\"http:\\\/\\\/www.sindipetroba.org.br\\\/2019\\\/1dia-26-de-agosto-e-dia-de-folga-no-campo-e-dia-de-luta-por-emprego-e-direitos\\\/#primaryimage\"},\"thumbnailUrl\":\"http:\\\/\\\/www.sindipetroba.org.br\\\/2019\\\/wp-content\\\/uploads\\\/2019\\\/08\\\/kkk-1.jpg\",\"datePublished\":\"2019-08-12T18:17:05+00:00\",\"dateModified\":\"2019-08-13T16:00:54+00:00\",\"breadcrumb\":{\"@id\":\"http:\\\/\\\/www.sindipetroba.org.br\\\/2019\\\/1dia-26-de-agosto-e-dia-de-folga-no-campo-e-dia-de-luta-por-emprego-e-direitos\\\/#breadcrumb\"},\"inLanguage\":\"pt-BR\",\"potentialAction\":[{\"@type\":\"ReadAction\",\"target\":[\"http:\\\/\\\/www.sindipetroba.org.br\\\/2019\\\/1dia-26-de-agosto-e-dia-de-folga-no-campo-e-dia-de-luta-por-emprego-e-direitos\\\/\"]}]},{\"@type\":\"ImageObject\",\"inLanguage\":\"pt-BR\",\"@id\":\"http:\\\/\\\/www.sindipetroba.org.br\\\/2019\\\/1dia-26-de-agosto-e-dia-de-folga-no-campo-e-dia-de-luta-por-emprego-e-direitos\\\/#primaryimage\",\"url\":\"http:\\\/\\\/www.sindipetroba.org.br\\\/2019\\\/wp-content\\\/uploads\\\/2019\\\/08\\\/kkk-1.jpg\",\"contentUrl\":\"http:\\\/\\\/www.sindipetroba.org.br\\\/2019\\\/wp-content\\\/uploads\\\/2019\\\/08\\\/kkk-1.jpg\",\"width\":555,\"height\":555},{\"@type\":\"BreadcrumbList\",\"@id\":\"http:\\\/\\\/www.sindipetroba.org.br\\\/2019\\\/1dia-26-de-agosto-e-dia-de-folga-no-campo-e-dia-de-luta-por-emprego-e-direitos\\\/#breadcrumb\",\"itemListElement\":[{\"@type\":\"ListItem\",\"position\":1,\"name\":\"In\u00edcio\",\"item\":\"http:\\\/\\\/www.sindipetroba.org.br\\\/2019\\\/\"},{\"@type\":\"ListItem\",\"position\":2,\"name\":\"26 de agosto \u00e9 dia de folga no campo e de luta por emprego e direitos\"}]},{\"@type\":\"WebSite\",\"@id\":\"http:\\\/\\\/www.sindipetroba.org.br\\\/2019\\\/#website\",\"url\":\"http:\\\/\\\/www.sindipetroba.org.br\\\/2019\\\/\",\"name\":\"Sindipetro BA\",\"description\":\"Sindicato dos Petroleiros e Petroleiras do Estado da Bahia\",\"publisher\":{\"@id\":\"http:\\\/\\\/www.sindipetroba.org.br\\\/2019\\\/#organization\"},\"potentialAction\":[{\"@type\":\"SearchAction\",\"target\":{\"@type\":\"EntryPoint\",\"urlTemplate\":\"http:\\\/\\\/www.sindipetroba.org.br\\\/2019\\\/?s={search_term_string}\"},\"query-input\":{\"@type\":\"PropertyValueSpecification\",\"valueRequired\":true,\"valueName\":\"search_term_string\"}}],\"inLanguage\":\"pt-BR\"},{\"@type\":\"Organization\",\"@id\":\"http:\\\/\\\/www.sindipetroba.org.br\\\/2019\\\/#organization\",\"name\":\"Sindipetro BA\",\"url\":\"http:\\\/\\\/www.sindipetroba.org.br\\\/2019\\\/\",\"logo\":{\"@type\":\"ImageObject\",\"inLanguage\":\"pt-BR\",\"@id\":\"http:\\\/\\\/www.sindipetroba.org.br\\\/2019\\\/#\\\/schema\\\/logo\\\/image\\\/\",\"url\":\"http:\\\/\\\/www.sindipetroba.org.br\\\/2019\\\/wp-content\\\/uploads\\\/2019\\\/01\\\/sindipetro-marca-cor.png\",\"contentUrl\":\"http:\\\/\\\/www.sindipetroba.org.br\\\/2019\\\/wp-content\\\/uploads\\\/2019\\\/01\\\/sindipetro-marca-cor.png\",\"width\":350,\"height\":126,\"caption\":\"Sindipetro BA\"},\"image\":{\"@id\":\"http:\\\/\\\/www.sindipetroba.org.br\\\/2019\\\/#\\\/schema\\\/logo\\\/image\\\/\"},\"sameAs\":[\"https:\\\/\\\/www.facebook.com\\\/sindipetroBa\\\/\",\"https:\\\/\\\/x.com\\\/SindipetroBahia\",\"https:\\\/\\\/www.instagram.com\\\/sindipetroba\\\/\",\"https:\\\/\\\/www.youtube.com\\\/c\\\/SindipetroBahiaOficial\"]},{\"@type\":\"Person\",\"@id\":\"http:\\\/\\\/www.sindipetroba.org.br\\\/2019\\\/#\\\/schema\\\/person\\\/e61228ef9f981537d4c4eb80f6ea7713\",\"name\":\"admsp\",\"image\":{\"@type\":\"ImageObject\",\"inLanguage\":\"pt-BR\",\"@id\":\"https:\\\/\\\/secure.gravatar.com\\\/avatar\\\/50f06e2b746fe9248099d2c61c12342ab36327e9d413e3171dd7033b84800d96?s=96&d=mm&r=g\",\"url\":\"https:\\\/\\\/secure.gravatar.com\\\/avatar\\\/50f06e2b746fe9248099d2c61c12342ab36327e9d413e3171dd7033b84800d96?s=96&d=mm&r=g\",\"contentUrl\":\"https:\\\/\\\/secure.gravatar.com\\\/avatar\\\/50f06e2b746fe9248099d2c61c12342ab36327e9d413e3171dd7033b84800d96?s=96&d=mm&r=g\",\"caption\":\"admsp\"}}]}<\/script>\n<!-- \/ Yoast SEO plugin. -->","yoast_head_json":{"title":"26 de agosto \u00e9 dia de folga no campo e de luta por emprego e direitos - Sindipetro BA","robots":{"index":"index","follow":"follow","max-snippet":"max-snippet:-1","max-image-preview":"max-image-preview:large","max-video-preview":"max-video-preview:-1"},"canonical":"http:\/\/www.sindipetroba.org.br\/2019\/1dia-26-de-agosto-e-dia-de-folga-no-campo-e-dia-de-luta-por-emprego-e-direitos\/","og_locale":"pt_BR","og_type":"article","og_title":"26 de agosto \u00e9 dia de folga no campo e de luta por emprego e direitos - Sindipetro BA","og_description":"No dia 26 de agosto, segunda-feira, o Sindipetro Bahia vai realizar um grande ato c\u00edvico\/cultural em defesa da Petrobr\u00e1s e da soberania nacional. O ato ter\u00e1 concentra\u00e7\u00e3o, \u00e0s 14h, em frente ao edif\u00edcio Torre Pituba. No final da tarde caminharemos em dire\u00e7\u00e3o ao Parque Jardim dos Namorados, onde \u00e0s 18h, acontecer\u00e1 um ato cultural com... Ver artigo","og_url":"http:\/\/www.sindipetroba.org.br\/2019\/1dia-26-de-agosto-e-dia-de-folga-no-campo-e-dia-de-luta-por-emprego-e-direitos\/","og_site_name":"Sindipetro BA","article_publisher":"https:\/\/www.facebook.com\/sindipetroBa\/","article_published_time":"2019-08-12T18:17:05+00:00","article_modified_time":"2019-08-13T16:00:54+00:00","og_image":[{"width":555,"height":555,"url":"http:\/\/www.sindipetroba.org.br\/2019\/wp-content\/uploads\/2019\/08\/kkk-1.jpg","type":"image\/jpeg"}],"author":"admsp","twitter_card":"summary_large_image","twitter_creator":"@SindipetroBahia","twitter_site":"@SindipetroBahia","twitter_misc":{"Escrito por":"admsp","Est. tempo de leitura":"2 minutos"},"schema":{"@context":"https:\/\/schema.org","@graph":[{"@type":"Article","@id":"http:\/\/www.sindipetroba.org.br\/2019\/1dia-26-de-agosto-e-dia-de-folga-no-campo-e-dia-de-luta-por-emprego-e-direitos\/#article","isPartOf":{"@id":"http:\/\/www.sindipetroba.org.br\/2019\/1dia-26-de-agosto-e-dia-de-folga-no-campo-e-dia-de-luta-por-emprego-e-direitos\/"},"author":{"name":"admsp","@id":"http:\/\/www.sindipetroba.org.br\/2019\/#\/schema\/person\/e61228ef9f981537d4c4eb80f6ea7713"},"headline":"26 de agosto \u00e9 dia de folga no campo e de luta por emprego e direitos","datePublished":"2019-08-12T18:17:05+00:00","dateModified":"2019-08-13T16:00:54+00:00","mainEntityOfPage":{"@id":"http:\/\/www.sindipetroba.org.br\/2019\/1dia-26-de-agosto-e-dia-de-folga-no-campo-e-dia-de-luta-por-emprego-e-direitos\/"},"wordCount":355,"publisher":{"@id":"http:\/\/www.sindipetroba.org.br\/2019\/#organization"},"image":{"@id":"http:\/\/www.sindipetroba.org.br\/2019\/1dia-26-de-agosto-e-dia-de-folga-no-campo-e-dia-de-luta-por-emprego-e-direitos\/#primaryimage"},"thumbnailUrl":"http:\/\/www.sindipetroba.org.br\/2019\/wp-content\/uploads\/2019\/08\/kkk-1.jpg","keywords":["petrobras","sindipetro"],"articleSection":["Not\u00edcia"],"inLanguage":"pt-BR"},{"@type":"WebPage","@id":"http:\/\/www.sindipetroba.org.br\/2019\/1dia-26-de-agosto-e-dia-de-folga-no-campo-e-dia-de-luta-por-emprego-e-direitos\/","url":"http:\/\/www.sindipetroba.org.br\/2019\/1dia-26-de-agosto-e-dia-de-folga-no-campo-e-dia-de-luta-por-emprego-e-direitos\/","name":"26 de agosto \u00e9 dia de folga no campo e de luta por emprego e direitos - Sindipetro BA","isPartOf":{"@id":"http:\/\/www.sindipetroba.org.br\/2019\/#website"},"primaryImageOfPage":{"@id":"http:\/\/www.sindipetroba.org.br\/2019\/1dia-26-de-agosto-e-dia-de-folga-no-campo-e-dia-de-luta-por-emprego-e-direitos\/#primaryimage"},"image":{"@id":"http:\/\/www.sindipetroba.org.br\/2019\/1dia-26-de-agosto-e-dia-de-folga-no-campo-e-dia-de-luta-por-emprego-e-direitos\/#primaryimage"},"thumbnailUrl":"http:\/\/www.sindipetroba.org.br\/2019\/wp-content\/uploads\/2019\/08\/kkk-1.jpg","datePublished":"2019-08-12T18:17:05+00:00","dateModified":"2019-08-13T16:00:54+00:00","breadcrumb":{"@id":"http:\/\/www.sindipetroba.org.br\/2019\/1dia-26-de-agosto-e-dia-de-folga-no-campo-e-dia-de-luta-por-emprego-e-direitos\/#breadcrumb"},"inLanguage":"pt-BR","potentialAction":[{"@type":"ReadAction","target":["http:\/\/www.sindipetroba.org.br\/2019\/1dia-26-de-agosto-e-dia-de-folga-no-campo-e-dia-de-luta-por-emprego-e-direitos\/"]}]},{"@type":"ImageObject","inLanguage":"pt-BR","@id":"http:\/\/www.sindipetroba.org.br\/2019\/1dia-26-de-agosto-e-dia-de-folga-no-campo-e-dia-de-luta-por-emprego-e-direitos\/#primaryimage","url":"http:\/\/www.sindipetroba.org.br\/2019\/wp-content\/uploads\/2019\/08\/kkk-1.jpg","contentUrl":"http:\/\/www.sindipetroba.org.br\/2019\/wp-content\/uploads\/2019\/08\/kkk-1.jpg","width":555,"height":555},{"@type":"BreadcrumbList","@id":"http:\/\/www.sindipetroba.org.br\/2019\/1dia-26-de-agosto-e-dia-de-folga-no-campo-e-dia-de-luta-por-emprego-e-direitos\/#breadcrumb","itemListElement":[{"@type":"ListItem","position":1,"name":"In\u00edcio","item":"http:\/\/www.sindipetroba.org.br\/2019\/"},{"@type":"ListItem","position":2,"name":"26 de agosto \u00e9 dia de folga no campo e de luta por emprego e direitos"}]},{"@type":"WebSite","@id":"http:\/\/www.sindipetroba.org.br\/2019\/#website","url":"http:\/\/www.sindipetroba.org.br\/2019\/","name":"Sindipetro BA","description":"Sindicato dos Petroleiros e Petroleiras do Estado da Bahia","publisher":{"@id":"http:\/\/www.sindipetroba.org.br\/2019\/#organization"},"potentialAction":[{"@type":"SearchAction","target":{"@type":"EntryPoint","urlTemplate":"http:\/\/www.sindipetroba.org.br\/2019\/?s={search_term_string}"},"query-input":{"@type":"PropertyValueSpecification","valueRequired":true,"valueName":"search_term_string"}}],"inLanguage":"pt-BR"},{"@type":"Organization","@id":"http:\/\/www.sindipetroba.org.br\/2019\/#organization","name":"Sindipetro BA","url":"http:\/\/www.sindipetroba.org.br\/2019\/","logo":{"@type":"ImageObject","inLanguage":"pt-BR","@id":"http:\/\/www.sindipetroba.org.br\/2019\/#\/schema\/logo\/image\/","url":"http:\/\/www.sindipetroba.org.br\/2019\/wp-content\/uploads\/2019\/01\/sindipetro-marca-cor.png","contentUrl":"http:\/\/www.sindipetroba.org.br\/2019\/wp-content\/uploads\/2019\/01\/sindipetro-marca-cor.png","width":350,"height":126,"caption":"Sindipetro BA"},"image":{"@id":"http:\/\/www.sindipetroba.org.br\/2019\/#\/schema\/logo\/image\/"},"sameAs":["https:\/\/www.facebook.com\/sindipetroBa\/","https:\/\/x.com\/SindipetroBahia","https:\/\/www.instagram.com\/sindipetroba\/","https:\/\/www.youtube.com\/c\/SindipetroBahiaOficial"]},{"@type":"Person","@id":"http:\/\/www.sindipetroba.org.br\/2019\/#\/schema\/person\/e61228ef9f981537d4c4eb80f6ea7713","name":"admsp","image":{"@type":"ImageObject","inLanguage":"pt-BR","@id":"https:\/\/secure.gravatar.com\/avatar\/50f06e2b746fe9248099d2c61c12342ab36327e9d413e3171dd7033b84800d96?s=96&d=mm&r=g","url":"https:\/\/secure.gravatar.com\/avatar\/50f06e2b746fe9248099d2c61c12342ab36327e9d413e3171dd7033b84800d96?s=96&d=mm&r=g","contentUrl":"https:\/\/secure.gravatar.com\/avatar\/50f06e2b746fe9248099d2c61c12342ab36327e9d413e3171dd7033b84800d96?s=96&d=mm&r=g","caption":"admsp"}}]}},"_links":{"self":[{"href":"http:\/\/www.sindipetroba.org.br\/2019\/wp-json\/wp\/v2\/posts\/3016","targetHints":{"allow":["GET"]}}],"collection":[{"href":"http:\/\/www.sindipetroba.org.br\/2019\/wp-json\/wp\/v2\/posts"}],"about":[{"href":"http:\/\/www.sindipetroba.org.br\/2019\/wp-json\/wp\/v2\/types\/post"}],"author":[{"embeddable":true,"href":"http:\/\/www.sindipetroba.org.br\/2019\/wp-json\/wp\/v2\/users\/1"}],"replies":[{"embeddable":true,"href":"http:\/\/www.sindipetroba.org.br\/2019\/wp-json\/wp\/v2\/comments?post=3016"}],"version-history":[{"count":3,"href":"http:\/\/www.sindipetroba.org.br\/2019\/wp-json\/wp\/v2\/posts\/3016\/revisions"}],"predecessor-version":[{"id":3078,"href":"http:\/\/www.sindipetroba.org.br\/2019\/wp-json\/wp\/v2\/posts\/3016\/revisions\/3078"}],"wp:featuredmedia":[{"embeddable":true,"href":"http:\/\/www.sindipetroba.org.br\/2019\/wp-json\/wp\/v2\/media\/3019"}],"wp:attachment":[{"href":"http:\/\/www.sindipetroba.org.br\/2019\/wp-json\/wp\/v2\/media?parent=3016"}],"wp:term":[{"taxonomy":"category","embeddable":true,"href":"http:\/\/www.sindipetroba.org.br\/2019\/wp-json\/wp\/v2\/categories?post=3016"},{"taxonomy":"post_tag","embeddable":true,"href":"http:\/\/www.sindipetroba.org.br\/2019\/wp-json\/wp\/v2\/tags?post=3016"}],"curies":[{"name":"wp","href":"https:\/\/api.w.org\/{rel}","templated":true}]}}