{"id":3378,"date":"2019-09-02T09:22:22","date_gmt":"2019-09-02T12:22:22","guid":{"rendered":"http:\/\/www.sindipetroba.org.br\/2019\/?p=3378"},"modified":"2019-09-02T15:35:07","modified_gmt":"2019-09-02T18:35:07","slug":"fafen-ba-vazamento-de-amonia-causa-panico-na-forca-de-trabalho-e-afeta-a-braskem","status":"publish","type":"post","link":"http:\/\/www.sindipetroba.org.br\/2019\/fafen-ba-vazamento-de-amonia-causa-panico-na-forca-de-trabalho-e-afeta-a-braskem\/","title":{"rendered":"FAFEN-BA &#8211; Vazamento de am\u00f4nia causa p\u00e2nico na for\u00e7a de trabalho e afeta a BRASKEM"},"content":{"rendered":"<p>Na sexta-feira (30\/08) os trabalhadores da FAFEN-BA e da Braskem se assustaram com um odor muito forte de Am\u00f4nia Anidra devido a um vazamento ocorrido durante os preparativos para a hiberna\u00e7\u00e3o da F\u00e1brica de Fertilizantes.<\/p>\n<p>Apesar de estranhamente o alarme de emerg\u00eancia n\u00e3o ter soado, equipes de evacua\u00e7\u00e3o se dirigiram \u00e0 portaria bem como para os fundos da f\u00e1brica, no port\u00e3o que d\u00e1 acesso \u00e0 UTE-RA. O ex-coordenador de Meio Ambiente, Iury Costa, foi o monitor de uma dessas equipes.<\/p>\n<p>A Braskem reclamou do odor por meio do r\u00e1dio PAM, que \u00e9 compartilhado por todas as ind\u00fastrias do Polo Petroqu\u00edmico de Cama\u00e7ari. Parte do ADM 1 da Braskem foi esvaziado devido ao vazamento, segundo informa\u00e7\u00f5es da Central de Comunica\u00e7\u00e3o da empresa.<\/p>\n<p>O vazamento ocorreu numa bomba que faz o suprimento de Am\u00f4nia aos clientes do Polo Petroqu\u00edmico e os de Candeias. Devido ao vazamento a bomba teve que ser parada e isolada bem como houve interrup\u00e7\u00e3o emergencial do bombeamento reverso do Porto de Aratu desabastecendo ind\u00fastrias como a Proquigel, Acrinor e Oxiteno. Parte da brigada da unidade atuou no controle do vazamento e, apesar do susto, ningu\u00e9m se feriu.<\/p>\n<p>Fonte \u2013 Sindipetro Bahia<\/p>\n<p>&nbsp;<\/p>\n","protected":false},"excerpt":{"rendered":"Na sexta-feira (30\/08) os trabalhadores da FAFEN-BA e da Braskem se assustaram com um odor muito forte de Am\u00f4nia Anidra devido a um vazamento ocorrido durante os preparativos para a hiberna\u00e7\u00e3o da F\u00e1brica de Fertilizantes. Apesar de estranhamente o alarme de emerg\u00eancia n\u00e3o ter soado, equipes de evacua\u00e7\u00e3o se dirigiram \u00e0 portaria bem como para&#8230; <a class=\"view-article\" href=\"http:\/\/www.sindipetroba.org.br\/2019\/fafen-ba-vazamento-de-amonia-causa-panico-na-forca-de-trabalho-e-afeta-a-braskem\/\">Ver artigo<\/a>","protected":false},"author":1,"featured_media":3379,"comment_status":"closed","ping_status":"open","sticky":false,"template":"","format":"standard","meta":{"_et_pb_use_builder":"","_et_pb_old_content":"","_et_gb_content_width":"","footnotes":""},"categories":[1],"tags":[299,297,37,298,30,296],"class_list":["post-3378","post","type-post","status-publish","format-standard","has-post-thumbnail","hentry","category-noticia","tag-braskem","tag-emergencia","tag-fafen-bahia","tag-polo-de-camacari","tag-sindipetro-bahia","tag-vazamento-de-amonia"],"yoast_head":"<!-- This site is optimized with the Yoast SEO plugin v27.3 - https:\/\/yoast.com\/product\/yoast-seo-wordpress\/ -->\n<title>FAFEN-BA - Vazamento de am\u00f4nia causa p\u00e2nico na for\u00e7a de trabalho e afeta a BRASKEM - Sindipetro BA<\/title>\n<meta name=\"robots\" content=\"index, follow, max-snippet:-1, max-image-preview:large, max-video-preview:-1\" \/>\n<link rel=\"canonical\" href=\"http:\/\/www.sindipetroba.org.br\/2019\/fafen-ba-vazamento-de-amonia-causa-panico-na-forca-de-trabalho-e-afeta-a-braskem\/\" \/>\n<meta property=\"og:locale\" content=\"pt_BR\" \/>\n<meta property=\"og:type\" content=\"article\" \/>\n<meta property=\"og:title\" content=\"FAFEN-BA - Vazamento de am\u00f4nia causa p\u00e2nico na for\u00e7a de trabalho e afeta a BRASKEM - Sindipetro BA\" \/>\n<meta property=\"og:description\" content=\"Na sexta-feira (30\/08) os trabalhadores da FAFEN-BA e da Braskem se assustaram com um odor muito forte de Am\u00f4nia Anidra devido a um vazamento ocorrido durante os preparativos para a hiberna\u00e7\u00e3o da F\u00e1brica de Fertilizantes. Apesar de estranhamente o alarme de emerg\u00eancia n\u00e3o ter soado, equipes de evacua\u00e7\u00e3o se dirigiram \u00e0 portaria bem como para... Ver artigo\" \/>\n<meta property=\"og:url\" content=\"http:\/\/www.sindipetroba.org.br\/2019\/fafen-ba-vazamento-de-amonia-causa-panico-na-forca-de-trabalho-e-afeta-a-braskem\/\" \/>\n<meta property=\"og:site_name\" content=\"Sindipetro BA\" \/>\n<meta property=\"article:publisher\" content=\"https:\/\/www.facebook.com\/sindipetroBa\/\" \/>\n<meta property=\"article:published_time\" content=\"2019-09-02T12:22:22+00:00\" \/>\n<meta property=\"article:modified_time\" content=\"2019-09-02T18:35:07+00:00\" \/>\n<meta property=\"og:image\" content=\"http:\/\/www.sindipetroba.org.br\/2019\/wp-content\/uploads\/2019\/09\/fafen-Bahia-essa.jpg\" \/>\n\t<meta property=\"og:image:width\" content=\"750\" \/>\n\t<meta property=\"og:image:height\" content=\"463\" \/>\n\t<meta property=\"og:image:type\" content=\"image\/jpeg\" \/>\n<meta name=\"author\" content=\"admsp\" \/>\n<meta name=\"twitter:card\" content=\"summary_large_image\" \/>\n<meta name=\"twitter:creator\" content=\"@SindipetroBahia\" \/>\n<meta name=\"twitter:site\" content=\"@SindipetroBahia\" \/>\n<meta name=\"twitter:label1\" content=\"Escrito por\" \/>\n\t<meta name=\"twitter:data1\" content=\"admsp\" \/>\n\t<meta name=\"twitter:label2\" content=\"Est. tempo de leitura\" \/>\n\t<meta name=\"twitter:data2\" content=\"1 minuto\" \/>\n<script type=\"application\/ld+json\" class=\"yoast-schema-graph\">{\"@context\":\"https:\\\/\\\/schema.org\",\"@graph\":[{\"@type\":\"Article\",\"@id\":\"http:\\\/\\\/www.sindipetroba.org.br\\\/2019\\\/fafen-ba-vazamento-de-amonia-causa-panico-na-forca-de-trabalho-e-afeta-a-braskem\\\/#article\",\"isPartOf\":{\"@id\":\"http:\\\/\\\/www.sindipetroba.org.br\\\/2019\\\/fafen-ba-vazamento-de-amonia-causa-panico-na-forca-de-trabalho-e-afeta-a-braskem\\\/\"},\"author\":{\"name\":\"admsp\",\"@id\":\"http:\\\/\\\/www.sindipetroba.org.br\\\/2019\\\/#\\\/schema\\\/person\\\/e61228ef9f981537d4c4eb80f6ea7713\"},\"headline\":\"FAFEN-BA &#8211; Vazamento de am\u00f4nia causa p\u00e2nico na for\u00e7a de trabalho e afeta a BRASKEM\",\"datePublished\":\"2019-09-02T12:22:22+00:00\",\"dateModified\":\"2019-09-02T18:35:07+00:00\",\"mainEntityOfPage\":{\"@id\":\"http:\\\/\\\/www.sindipetroba.org.br\\\/2019\\\/fafen-ba-vazamento-de-amonia-causa-panico-na-forca-de-trabalho-e-afeta-a-braskem\\\/\"},\"wordCount\":225,\"publisher\":{\"@id\":\"http:\\\/\\\/www.sindipetroba.org.br\\\/2019\\\/#organization\"},\"image\":{\"@id\":\"http:\\\/\\\/www.sindipetroba.org.br\\\/2019\\\/fafen-ba-vazamento-de-amonia-causa-panico-na-forca-de-trabalho-e-afeta-a-braskem\\\/#primaryimage\"},\"thumbnailUrl\":\"http:\\\/\\\/www.sindipetroba.org.br\\\/2019\\\/wp-content\\\/uploads\\\/2019\\\/09\\\/fafen-Bahia-essa.jpg\",\"keywords\":[\"Braskem\",\"emerg\u00eancia\",\"fafen bahia\",\"Polo de Cama\u00e7ari\",\"sindipetro bahia\",\"vazamento de amonia\"],\"articleSection\":[\"Not\u00edcia\"],\"inLanguage\":\"pt-BR\"},{\"@type\":\"WebPage\",\"@id\":\"http:\\\/\\\/www.sindipetroba.org.br\\\/2019\\\/fafen-ba-vazamento-de-amonia-causa-panico-na-forca-de-trabalho-e-afeta-a-braskem\\\/\",\"url\":\"http:\\\/\\\/www.sindipetroba.org.br\\\/2019\\\/fafen-ba-vazamento-de-amonia-causa-panico-na-forca-de-trabalho-e-afeta-a-braskem\\\/\",\"name\":\"FAFEN-BA - Vazamento de am\u00f4nia causa p\u00e2nico na for\u00e7a de trabalho e afeta a BRASKEM - Sindipetro BA\",\"isPartOf\":{\"@id\":\"http:\\\/\\\/www.sindipetroba.org.br\\\/2019\\\/#website\"},\"primaryImageOfPage\":{\"@id\":\"http:\\\/\\\/www.sindipetroba.org.br\\\/2019\\\/fafen-ba-vazamento-de-amonia-causa-panico-na-forca-de-trabalho-e-afeta-a-braskem\\\/#primaryimage\"},\"image\":{\"@id\":\"http:\\\/\\\/www.sindipetroba.org.br\\\/2019\\\/fafen-ba-vazamento-de-amonia-causa-panico-na-forca-de-trabalho-e-afeta-a-braskem\\\/#primaryimage\"},\"thumbnailUrl\":\"http:\\\/\\\/www.sindipetroba.org.br\\\/2019\\\/wp-content\\\/uploads\\\/2019\\\/09\\\/fafen-Bahia-essa.jpg\",\"datePublished\":\"2019-09-02T12:22:22+00:00\",\"dateModified\":\"2019-09-02T18:35:07+00:00\",\"breadcrumb\":{\"@id\":\"http:\\\/\\\/www.sindipetroba.org.br\\\/2019\\\/fafen-ba-vazamento-de-amonia-causa-panico-na-forca-de-trabalho-e-afeta-a-braskem\\\/#breadcrumb\"},\"inLanguage\":\"pt-BR\",\"potentialAction\":[{\"@type\":\"ReadAction\",\"target\":[\"http:\\\/\\\/www.sindipetroba.org.br\\\/2019\\\/fafen-ba-vazamento-de-amonia-causa-panico-na-forca-de-trabalho-e-afeta-a-braskem\\\/\"]}]},{\"@type\":\"ImageObject\",\"inLanguage\":\"pt-BR\",\"@id\":\"http:\\\/\\\/www.sindipetroba.org.br\\\/2019\\\/fafen-ba-vazamento-de-amonia-causa-panico-na-forca-de-trabalho-e-afeta-a-braskem\\\/#primaryimage\",\"url\":\"http:\\\/\\\/www.sindipetroba.org.br\\\/2019\\\/wp-content\\\/uploads\\\/2019\\\/09\\\/fafen-Bahia-essa.jpg\",\"contentUrl\":\"http:\\\/\\\/www.sindipetroba.org.br\\\/2019\\\/wp-content\\\/uploads\\\/2019\\\/09\\\/fafen-Bahia-essa.jpg\",\"width\":750,\"height\":463},{\"@type\":\"BreadcrumbList\",\"@id\":\"http:\\\/\\\/www.sindipetroba.org.br\\\/2019\\\/fafen-ba-vazamento-de-amonia-causa-panico-na-forca-de-trabalho-e-afeta-a-braskem\\\/#breadcrumb\",\"itemListElement\":[{\"@type\":\"ListItem\",\"position\":1,\"name\":\"In\u00edcio\",\"item\":\"http:\\\/\\\/www.sindipetroba.org.br\\\/2019\\\/\"},{\"@type\":\"ListItem\",\"position\":2,\"name\":\"FAFEN-BA &#8211; Vazamento de am\u00f4nia causa p\u00e2nico na for\u00e7a de trabalho e afeta a BRASKEM\"}]},{\"@type\":\"WebSite\",\"@id\":\"http:\\\/\\\/www.sindipetroba.org.br\\\/2019\\\/#website\",\"url\":\"http:\\\/\\\/www.sindipetroba.org.br\\\/2019\\\/\",\"name\":\"Sindipetro BA\",\"description\":\"Sindicato dos Petroleiros e Petroleiras do Estado da Bahia\",\"publisher\":{\"@id\":\"http:\\\/\\\/www.sindipetroba.org.br\\\/2019\\\/#organization\"},\"potentialAction\":[{\"@type\":\"SearchAction\",\"target\":{\"@type\":\"EntryPoint\",\"urlTemplate\":\"http:\\\/\\\/www.sindipetroba.org.br\\\/2019\\\/?s={search_term_string}\"},\"query-input\":{\"@type\":\"PropertyValueSpecification\",\"valueRequired\":true,\"valueName\":\"search_term_string\"}}],\"inLanguage\":\"pt-BR\"},{\"@type\":\"Organization\",\"@id\":\"http:\\\/\\\/www.sindipetroba.org.br\\\/2019\\\/#organization\",\"name\":\"Sindipetro BA\",\"url\":\"http:\\\/\\\/www.sindipetroba.org.br\\\/2019\\\/\",\"logo\":{\"@type\":\"ImageObject\",\"inLanguage\":\"pt-BR\",\"@id\":\"http:\\\/\\\/www.sindipetroba.org.br\\\/2019\\\/#\\\/schema\\\/logo\\\/image\\\/\",\"url\":\"http:\\\/\\\/www.sindipetroba.org.br\\\/2019\\\/wp-content\\\/uploads\\\/2019\\\/01\\\/sindipetro-marca-cor.png\",\"contentUrl\":\"http:\\\/\\\/www.sindipetroba.org.br\\\/2019\\\/wp-content\\\/uploads\\\/2019\\\/01\\\/sindipetro-marca-cor.png\",\"width\":350,\"height\":126,\"caption\":\"Sindipetro BA\"},\"image\":{\"@id\":\"http:\\\/\\\/www.sindipetroba.org.br\\\/2019\\\/#\\\/schema\\\/logo\\\/image\\\/\"},\"sameAs\":[\"https:\\\/\\\/www.facebook.com\\\/sindipetroBa\\\/\",\"https:\\\/\\\/x.com\\\/SindipetroBahia\",\"https:\\\/\\\/www.instagram.com\\\/sindipetroba\\\/\",\"https:\\\/\\\/www.youtube.com\\\/c\\\/SindipetroBahiaOficial\"]},{\"@type\":\"Person\",\"@id\":\"http:\\\/\\\/www.sindipetroba.org.br\\\/2019\\\/#\\\/schema\\\/person\\\/e61228ef9f981537d4c4eb80f6ea7713\",\"name\":\"admsp\",\"image\":{\"@type\":\"ImageObject\",\"inLanguage\":\"pt-BR\",\"@id\":\"https:\\\/\\\/secure.gravatar.com\\\/avatar\\\/50f06e2b746fe9248099d2c61c12342ab36327e9d413e3171dd7033b84800d96?s=96&d=mm&r=g\",\"url\":\"https:\\\/\\\/secure.gravatar.com\\\/avatar\\\/50f06e2b746fe9248099d2c61c12342ab36327e9d413e3171dd7033b84800d96?s=96&d=mm&r=g\",\"contentUrl\":\"https:\\\/\\\/secure.gravatar.com\\\/avatar\\\/50f06e2b746fe9248099d2c61c12342ab36327e9d413e3171dd7033b84800d96?s=96&d=mm&r=g\",\"caption\":\"admsp\"}}]}<\/script>\n<!-- \/ Yoast SEO plugin. -->","yoast_head_json":{"title":"FAFEN-BA - Vazamento de am\u00f4nia causa p\u00e2nico na for\u00e7a de trabalho e afeta a BRASKEM - Sindipetro BA","robots":{"index":"index","follow":"follow","max-snippet":"max-snippet:-1","max-image-preview":"max-image-preview:large","max-video-preview":"max-video-preview:-1"},"canonical":"http:\/\/www.sindipetroba.org.br\/2019\/fafen-ba-vazamento-de-amonia-causa-panico-na-forca-de-trabalho-e-afeta-a-braskem\/","og_locale":"pt_BR","og_type":"article","og_title":"FAFEN-BA - Vazamento de am\u00f4nia causa p\u00e2nico na for\u00e7a de trabalho e afeta a BRASKEM - Sindipetro BA","og_description":"Na sexta-feira (30\/08) os trabalhadores da FAFEN-BA e da Braskem se assustaram com um odor muito forte de Am\u00f4nia Anidra devido a um vazamento ocorrido durante os preparativos para a hiberna\u00e7\u00e3o da F\u00e1brica de Fertilizantes. Apesar de estranhamente o alarme de emerg\u00eancia n\u00e3o ter soado, equipes de evacua\u00e7\u00e3o se dirigiram \u00e0 portaria bem como para... Ver artigo","og_url":"http:\/\/www.sindipetroba.org.br\/2019\/fafen-ba-vazamento-de-amonia-causa-panico-na-forca-de-trabalho-e-afeta-a-braskem\/","og_site_name":"Sindipetro BA","article_publisher":"https:\/\/www.facebook.com\/sindipetroBa\/","article_published_time":"2019-09-02T12:22:22+00:00","article_modified_time":"2019-09-02T18:35:07+00:00","og_image":[{"width":750,"height":463,"url":"http:\/\/www.sindipetroba.org.br\/2019\/wp-content\/uploads\/2019\/09\/fafen-Bahia-essa.jpg","type":"image\/jpeg"}],"author":"admsp","twitter_card":"summary_large_image","twitter_creator":"@SindipetroBahia","twitter_site":"@SindipetroBahia","twitter_misc":{"Escrito por":"admsp","Est. tempo de leitura":"1 minuto"},"schema":{"@context":"https:\/\/schema.org","@graph":[{"@type":"Article","@id":"http:\/\/www.sindipetroba.org.br\/2019\/fafen-ba-vazamento-de-amonia-causa-panico-na-forca-de-trabalho-e-afeta-a-braskem\/#article","isPartOf":{"@id":"http:\/\/www.sindipetroba.org.br\/2019\/fafen-ba-vazamento-de-amonia-causa-panico-na-forca-de-trabalho-e-afeta-a-braskem\/"},"author":{"name":"admsp","@id":"http:\/\/www.sindipetroba.org.br\/2019\/#\/schema\/person\/e61228ef9f981537d4c4eb80f6ea7713"},"headline":"FAFEN-BA &#8211; Vazamento de am\u00f4nia causa p\u00e2nico na for\u00e7a de trabalho e afeta a BRASKEM","datePublished":"2019-09-02T12:22:22+00:00","dateModified":"2019-09-02T18:35:07+00:00","mainEntityOfPage":{"@id":"http:\/\/www.sindipetroba.org.br\/2019\/fafen-ba-vazamento-de-amonia-causa-panico-na-forca-de-trabalho-e-afeta-a-braskem\/"},"wordCount":225,"publisher":{"@id":"http:\/\/www.sindipetroba.org.br\/2019\/#organization"},"image":{"@id":"http:\/\/www.sindipetroba.org.br\/2019\/fafen-ba-vazamento-de-amonia-causa-panico-na-forca-de-trabalho-e-afeta-a-braskem\/#primaryimage"},"thumbnailUrl":"http:\/\/www.sindipetroba.org.br\/2019\/wp-content\/uploads\/2019\/09\/fafen-Bahia-essa.jpg","keywords":["Braskem","emerg\u00eancia","fafen bahia","Polo de Cama\u00e7ari","sindipetro bahia","vazamento de amonia"],"articleSection":["Not\u00edcia"],"inLanguage":"pt-BR"},{"@type":"WebPage","@id":"http:\/\/www.sindipetroba.org.br\/2019\/fafen-ba-vazamento-de-amonia-causa-panico-na-forca-de-trabalho-e-afeta-a-braskem\/","url":"http:\/\/www.sindipetroba.org.br\/2019\/fafen-ba-vazamento-de-amonia-causa-panico-na-forca-de-trabalho-e-afeta-a-braskem\/","name":"FAFEN-BA - Vazamento de am\u00f4nia causa p\u00e2nico na for\u00e7a de trabalho e afeta a BRASKEM - Sindipetro BA","isPartOf":{"@id":"http:\/\/www.sindipetroba.org.br\/2019\/#website"},"primaryImageOfPage":{"@id":"http:\/\/www.sindipetroba.org.br\/2019\/fafen-ba-vazamento-de-amonia-causa-panico-na-forca-de-trabalho-e-afeta-a-braskem\/#primaryimage"},"image":{"@id":"http:\/\/www.sindipetroba.org.br\/2019\/fafen-ba-vazamento-de-amonia-causa-panico-na-forca-de-trabalho-e-afeta-a-braskem\/#primaryimage"},"thumbnailUrl":"http:\/\/www.sindipetroba.org.br\/2019\/wp-content\/uploads\/2019\/09\/fafen-Bahia-essa.jpg","datePublished":"2019-09-02T12:22:22+00:00","dateModified":"2019-09-02T18:35:07+00:00","breadcrumb":{"@id":"http:\/\/www.sindipetroba.org.br\/2019\/fafen-ba-vazamento-de-amonia-causa-panico-na-forca-de-trabalho-e-afeta-a-braskem\/#breadcrumb"},"inLanguage":"pt-BR","potentialAction":[{"@type":"ReadAction","target":["http:\/\/www.sindipetroba.org.br\/2019\/fafen-ba-vazamento-de-amonia-causa-panico-na-forca-de-trabalho-e-afeta-a-braskem\/"]}]},{"@type":"ImageObject","inLanguage":"pt-BR","@id":"http:\/\/www.sindipetroba.org.br\/2019\/fafen-ba-vazamento-de-amonia-causa-panico-na-forca-de-trabalho-e-afeta-a-braskem\/#primaryimage","url":"http:\/\/www.sindipetroba.org.br\/2019\/wp-content\/uploads\/2019\/09\/fafen-Bahia-essa.jpg","contentUrl":"http:\/\/www.sindipetroba.org.br\/2019\/wp-content\/uploads\/2019\/09\/fafen-Bahia-essa.jpg","width":750,"height":463},{"@type":"BreadcrumbList","@id":"http:\/\/www.sindipetroba.org.br\/2019\/fafen-ba-vazamento-de-amonia-causa-panico-na-forca-de-trabalho-e-afeta-a-braskem\/#breadcrumb","itemListElement":[{"@type":"ListItem","position":1,"name":"In\u00edcio","item":"http:\/\/www.sindipetroba.org.br\/2019\/"},{"@type":"ListItem","position":2,"name":"FAFEN-BA &#8211; Vazamento de am\u00f4nia causa p\u00e2nico na for\u00e7a de trabalho e afeta a BRASKEM"}]},{"@type":"WebSite","@id":"http:\/\/www.sindipetroba.org.br\/2019\/#website","url":"http:\/\/www.sindipetroba.org.br\/2019\/","name":"Sindipetro BA","description":"Sindicato dos Petroleiros e Petroleiras do Estado da Bahia","publisher":{"@id":"http:\/\/www.sindipetroba.org.br\/2019\/#organization"},"potentialAction":[{"@type":"SearchAction","target":{"@type":"EntryPoint","urlTemplate":"http:\/\/www.sindipetroba.org.br\/2019\/?s={search_term_string}"},"query-input":{"@type":"PropertyValueSpecification","valueRequired":true,"valueName":"search_term_string"}}],"inLanguage":"pt-BR"},{"@type":"Organization","@id":"http:\/\/www.sindipetroba.org.br\/2019\/#organization","name":"Sindipetro BA","url":"http:\/\/www.sindipetroba.org.br\/2019\/","logo":{"@type":"ImageObject","inLanguage":"pt-BR","@id":"http:\/\/www.sindipetroba.org.br\/2019\/#\/schema\/logo\/image\/","url":"http:\/\/www.sindipetroba.org.br\/2019\/wp-content\/uploads\/2019\/01\/sindipetro-marca-cor.png","contentUrl":"http:\/\/www.sindipetroba.org.br\/2019\/wp-content\/uploads\/2019\/01\/sindipetro-marca-cor.png","width":350,"height":126,"caption":"Sindipetro BA"},"image":{"@id":"http:\/\/www.sindipetroba.org.br\/2019\/#\/schema\/logo\/image\/"},"sameAs":["https:\/\/www.facebook.com\/sindipetroBa\/","https:\/\/x.com\/SindipetroBahia","https:\/\/www.instagram.com\/sindipetroba\/","https:\/\/www.youtube.com\/c\/SindipetroBahiaOficial"]},{"@type":"Person","@id":"http:\/\/www.sindipetroba.org.br\/2019\/#\/schema\/person\/e61228ef9f981537d4c4eb80f6ea7713","name":"admsp","image":{"@type":"ImageObject","inLanguage":"pt-BR","@id":"https:\/\/secure.gravatar.com\/avatar\/50f06e2b746fe9248099d2c61c12342ab36327e9d413e3171dd7033b84800d96?s=96&d=mm&r=g","url":"https:\/\/secure.gravatar.com\/avatar\/50f06e2b746fe9248099d2c61c12342ab36327e9d413e3171dd7033b84800d96?s=96&d=mm&r=g","contentUrl":"https:\/\/secure.gravatar.com\/avatar\/50f06e2b746fe9248099d2c61c12342ab36327e9d413e3171dd7033b84800d96?s=96&d=mm&r=g","caption":"admsp"}}]}},"_links":{"self":[{"href":"http:\/\/www.sindipetroba.org.br\/2019\/wp-json\/wp\/v2\/posts\/3378","targetHints":{"allow":["GET"]}}],"collection":[{"href":"http:\/\/www.sindipetroba.org.br\/2019\/wp-json\/wp\/v2\/posts"}],"about":[{"href":"http:\/\/www.sindipetroba.org.br\/2019\/wp-json\/wp\/v2\/types\/post"}],"author":[{"embeddable":true,"href":"http:\/\/www.sindipetroba.org.br\/2019\/wp-json\/wp\/v2\/users\/1"}],"replies":[{"embeddable":true,"href":"http:\/\/www.sindipetroba.org.br\/2019\/wp-json\/wp\/v2\/comments?post=3378"}],"version-history":[{"count":2,"href":"http:\/\/www.sindipetroba.org.br\/2019\/wp-json\/wp\/v2\/posts\/3378\/revisions"}],"predecessor-version":[{"id":3381,"href":"http:\/\/www.sindipetroba.org.br\/2019\/wp-json\/wp\/v2\/posts\/3378\/revisions\/3381"}],"wp:featuredmedia":[{"embeddable":true,"href":"http:\/\/www.sindipetroba.org.br\/2019\/wp-json\/wp\/v2\/media\/3379"}],"wp:attachment":[{"href":"http:\/\/www.sindipetroba.org.br\/2019\/wp-json\/wp\/v2\/media?parent=3378"}],"wp:term":[{"taxonomy":"category","embeddable":true,"href":"http:\/\/www.sindipetroba.org.br\/2019\/wp-json\/wp\/v2\/categories?post=3378"},{"taxonomy":"post_tag","embeddable":true,"href":"http:\/\/www.sindipetroba.org.br\/2019\/wp-json\/wp\/v2\/tags?post=3378"}],"curies":[{"name":"wp","href":"https:\/\/api.w.org\/{rel}","templated":true}]}}