{"id":3389,"date":"2019-09-03T09:56:54","date_gmt":"2019-09-03T12:56:54","guid":{"rendered":"http:\/\/www.sindipetroba.org.br\/2019\/?p=3389"},"modified":"2019-09-03T09:56:54","modified_gmt":"2019-09-03T12:56:54","slug":"artigo-os-suicidios-da-petrobras","status":"publish","type":"post","link":"http:\/\/www.sindipetroba.org.br\/2019\/artigo-os-suicidios-da-petrobras\/","title":{"rendered":"Artigo &#8211; Os suic\u00eddios da Petrobras"},"content":{"rendered":"<p>Desde que a Petrobras decidiu vender refinarias, terminais e desativar F\u00e1bricas de Fertilizantes, v\u00e1rios incidentes ocorreram causando medo na for\u00e7a de trabalho que, al\u00e9m de estar trabalhando para a venda ou fechamento de suas unidades e extin\u00e7\u00e3o dos seus pr\u00f3prios postos de trabalho, tem que conviver com a decis\u00e3o da Petrobras de transferi-los a outros estados desestruturando suas fam\u00edlias e suas vidas.<\/p>\n<p>Na FAFEN-BA, por exemplo, dados do PCMSO indicam que, em 2018, 12,2% dos trabalhadores e trabalhadoras tiveram afastamentos m\u00e9dicos por depress\u00e3o ou problemas emocionais, ano em que a Petrobras decidiu fechar as f\u00e1bricas da Bahia e Sergipe.<\/p>\n<p>A depress\u00e3o \u00e9 uma das maiores causas de suic\u00eddio no mundo e fatores organizacionais contribuem para o aumento do suic\u00eddio no trabalho. A nova ordem da Petrobras orientada a m\u00e9rito, dilacera o tecido social do ambiente de trabalho trazendo disputa, solid\u00e3o e estresse. A imposi\u00e7\u00e3o da Companhia para que seus gestores participem de assembleias e disputem os indicativos sobre o ACT, como nos \u00faltimos dias, traz como resultado uma tens\u00e3o entre a luta pela sobreviv\u00eancia e o subalternismo expondo de forma desrespeitosa os seus gestores e os trabalhadores sem fun\u00e7\u00f5es gratificadas e trazendo-lhes ang\u00fastia.<\/p>\n<p>A institui\u00e7\u00e3o do PRVE (Programa de Remunera\u00e7\u00e3o Vari\u00e1vel dos Empregados) pouco antes do in\u00edcio das discuss\u00f5es sobre o ACT 2019 \u2013 2021 foi mais uma iniciativa da Petrobras para a incita\u00e7\u00e3o \u00e0 viol\u00eancia moral, \u00e0 competi\u00e7\u00e3o e ao individualismo em suas unidades. A Petrobras invadiu o espa\u00e7o de luta com cargos e dinheiro e agora vigia os votos, cobrando a fatura dos assediados. \u201cE o rebanho do pastor Marinho goza sofrendo (ou vice versa)\u201d \u00e9 c\u00e2ntico do Mundo Livre S\/A e diz muito do perfil dos a\u00e7oitados p\u00fablicos federais imposto pela Petrobras.<\/p>\n<p>Nas s\u00e1bias palavras do diretor do Sindipetro-Ba Radiovaldo Costa, &#8220;a Petrobras rasgou seu C\u00f3digo de \u00c9tica&#8221;. Alinhada com o governo federal, a Companhia agora v\u00ea o meio ambiente, a vida, a sa\u00fade e a seguran\u00e7a como itens secund\u00e1rios de sua bandeira que, longe de ser o lucro, mata pouco a pouco a si mesma at\u00e9 sua completa extin\u00e7\u00e3o.<\/p>\n<p>Esse novo paradigma da Petrobras deslocando o valor do trabalho pessoal para a gest\u00e3o de resultados traz consequ\u00eancias como os derramamentos de \u00f3leo da P-53 e P-58 para o mar esse ano, bem como o vazamento de \u00f3leo na Refinaria Abreu e Lima essa semana e o vazamento de amonia na \u00faltima sexta-feira no Polo Petroqu\u00edmico de Cama\u00e7ari, na Bahia.<\/p>\n<p>Enquanto observamos a gest\u00e3o suicida da Petrobras, promovida pelos seus PDM &#8211; Portadores de Defici\u00eancia Moral, mortes est\u00e3o ocorrendo em raz\u00e3o de seu desatino doloso. Casos de suic\u00eddio envolvendo a Petrobras se avolumam a exemplo de Sadi Paulo Castiel Gitz, empres\u00e1rio que deu um tiro na pr\u00f3pria boca, ao vivo, diante do Governador de Sergipe e do Ministro das Minas e Energia, devido \u00e0 nova pol\u00edtica de g\u00e1s da Companhia e do s\u00e1dico Programa G\u00e1s pra Crescer que o levaram \u00e0 fal\u00eancia.<\/p>\n<p>O T\u00e9cnico de Opera\u00e7\u00e3o Luiz de Paulo Santana pulou do oitavo andar da Universidade Petrobras no Rio de Janeiro em julho\/2016 expondo as v\u00edsceras de um projeto de autodestrui\u00e7\u00e3o de uma das maiores empresas de petr\u00f3leo e g\u00e1s do mundo.<\/p>\n<p>N\u00e3o podemos esquecer do suic\u00eddio da t\u00e9cnica de opera\u00e7\u00e3o da FAFEN-BA em 2007 que causou como\u00e7\u00e3o \u00e0 classe petroleira baiana.<\/p>\n<p>Nos \u00faltimos dias mais um petroleiro tenta ceifar a pr\u00f3pria vida na Bahia.<\/p>\n<p>\u00c9 preciso lembrar que o primeiro suic\u00eddio causado tamb\u00e9m pela Petrobras foi o de Get\u00falio Vargas, perseguido pelo monop\u00f3lio midi\u00e1tico absoluto e privado de Assis Chateaubriand que n\u00e3o queria a exist\u00eancia da Companhia e colocou isso como condi\u00e7\u00e3o para o n\u00e3o linchamento moral do presidente nos dois \u00fanicos canais de TV do pa\u00eds e em sua revista de meio milh\u00e3o de exemplares por semana.<\/p>\n<p>Em sua Carta Testamento, Vargas narra a sanha do capital em se apossar das riquezas nacionais:<\/p>\n<p>&#8220;Quis criar a liberdade nacional na potencializa\u00e7\u00e3o das nossas riquezas atrav\u00e9s da Petrobras, mal come\u00e7a esta a funcionar a onda de agita\u00e7\u00e3o se avoluma. A Eletrobr\u00e1s foi obstaculada (sic) at\u00e9 o desespero. N\u00e3o querem que o trabalhador seja livre, n\u00e3o querem que o povo seja independente&#8221;.<\/p>\n<p>Daquela vez a Petrobras era minada de fora. Desta, \u00e9 sabotada pelos pr\u00f3prios gestores matando simbolicamente seus empregados assim como autoc\u00eddiando-se.<\/p>\n<p>Portanto, \u00e9 preciso que a Petrobras se perceba inserida nas causas do aumento de suic\u00eddios por motivo do trabalho no Brasil;<\/p>\n<p>\u00c9 preciso que a Petrobras seja mais humana no trato com os trabalhadores e trabalhadoras, a exemplo da for\u00e7a de trabalho das FAFEN`s que vive num momento t\u00e3o delicado de suas vidas, bem como n\u00e3o os submeta a riscos pessoais num planejamento de hiberna\u00e7\u00e3o mambembe;<\/p>\n<p>\u00c9 preciso que o(a) petroleiro(a) se veja como instrumento de sua mudan\u00e7a e do que est\u00e1 \u00e0 sua volta. Get\u00falio pagou com a vida e impediu o desmonte da Petrobras um ano depois de sua cria\u00e7\u00e3o. N\u00f3s n\u00e3o precisamos fazer isso. Somos mais \u00fateis lutando e venceremos, e do mal queimaremos a semente.<\/p>\n<p>Nenhum direito a menos \u00e9 o que tem dito nas assembleias da Bahia o diretor do Sindipetro-Ba Attila Barbosa. Nada a menos, inclusive o direito a vida, a um ambiente de trabalho saud\u00e1vel e \u00e0 recompensa pelo esfor\u00e7o despendido diariamente nos rinc\u00f5es petrol\u00edferos deste pa\u00eds.<\/p>\n<p>Por eles ou apesar deles, &#8220;o petr\u00f3leo \u00e9 nosso&#8221;&#8230;<\/p>\n<p>Jailton Andrade<br \/>\nSINDIPETRO BAHIA<\/p>\n","protected":false},"excerpt":{"rendered":"Desde que a Petrobras decidiu vender refinarias, terminais e desativar F\u00e1bricas de Fertilizantes, v\u00e1rios incidentes ocorreram causando medo na for\u00e7a de trabalho que, al\u00e9m de estar trabalhando para a venda ou fechamento de suas unidades e extin\u00e7\u00e3o dos seus pr\u00f3prios postos de trabalho, tem que conviver com a decis\u00e3o da Petrobras de transferi-los a outros&#8230; <a class=\"view-article\" href=\"http:\/\/www.sindipetroba.org.br\/2019\/artigo-os-suicidios-da-petrobras\/\">Ver artigo<\/a>","protected":false},"author":1,"featured_media":2804,"comment_status":"closed","ping_status":"open","sticky":false,"template":"","format":"standard","meta":{"_et_pb_use_builder":"","_et_pb_old_content":"","_et_gb_content_width":"","footnotes":""},"categories":[1],"tags":[89,71,32],"class_list":["post-3389","post","type-post","status-publish","format-standard","has-post-thumbnail","hentry","category-noticia","tag-act","tag-fafen","tag-petrobras"],"yoast_head":"<!-- This site is optimized with the Yoast SEO plugin v27.3 - https:\/\/yoast.com\/product\/yoast-seo-wordpress\/ -->\n<title>Artigo - Os suic\u00eddios da Petrobras - Sindipetro BA<\/title>\n<meta name=\"robots\" content=\"index, follow, max-snippet:-1, max-image-preview:large, max-video-preview:-1\" \/>\n<link rel=\"canonical\" href=\"http:\/\/www.sindipetroba.org.br\/2019\/artigo-os-suicidios-da-petrobras\/\" \/>\n<meta property=\"og:locale\" content=\"pt_BR\" \/>\n<meta property=\"og:type\" content=\"article\" \/>\n<meta property=\"og:title\" content=\"Artigo - Os suic\u00eddios da Petrobras - Sindipetro BA\" \/>\n<meta property=\"og:description\" content=\"Desde que a Petrobras decidiu vender refinarias, terminais e desativar F\u00e1bricas de Fertilizantes, v\u00e1rios incidentes ocorreram causando medo na for\u00e7a de trabalho que, al\u00e9m de estar trabalhando para a venda ou fechamento de suas unidades e extin\u00e7\u00e3o dos seus pr\u00f3prios postos de trabalho, tem que conviver com a decis\u00e3o da Petrobras de transferi-los a outros... Ver artigo\" \/>\n<meta property=\"og:url\" content=\"http:\/\/www.sindipetroba.org.br\/2019\/artigo-os-suicidios-da-petrobras\/\" \/>\n<meta property=\"og:site_name\" content=\"Sindipetro BA\" \/>\n<meta property=\"article:publisher\" content=\"https:\/\/www.facebook.com\/sindipetroBa\/\" \/>\n<meta property=\"article:published_time\" content=\"2019-09-03T12:56:54+00:00\" \/>\n<meta property=\"og:image\" content=\"http:\/\/www.sindipetroba.org.br\/2019\/wp-content\/uploads\/2019\/07\/petrobrasReuters-1-e1571688937773.jpg\" \/>\n\t<meta property=\"og:image:width\" content=\"555\" \/>\n\t<meta property=\"og:image:height\" content=\"333\" \/>\n\t<meta property=\"og:image:type\" content=\"image\/jpeg\" \/>\n<meta name=\"author\" content=\"admsp\" \/>\n<meta name=\"twitter:card\" content=\"summary_large_image\" \/>\n<meta name=\"twitter:creator\" content=\"@SindipetroBahia\" \/>\n<meta name=\"twitter:site\" content=\"@SindipetroBahia\" \/>\n<meta name=\"twitter:label1\" content=\"Escrito por\" \/>\n\t<meta name=\"twitter:data1\" content=\"admsp\" \/>\n\t<meta name=\"twitter:label2\" content=\"Est. tempo de leitura\" \/>\n\t<meta name=\"twitter:data2\" content=\"5 minutos\" \/>\n<script type=\"application\/ld+json\" class=\"yoast-schema-graph\">{\"@context\":\"https:\\\/\\\/schema.org\",\"@graph\":[{\"@type\":\"Article\",\"@id\":\"http:\\\/\\\/www.sindipetroba.org.br\\\/2019\\\/artigo-os-suicidios-da-petrobras\\\/#article\",\"isPartOf\":{\"@id\":\"http:\\\/\\\/www.sindipetroba.org.br\\\/2019\\\/artigo-os-suicidios-da-petrobras\\\/\"},\"author\":{\"name\":\"admsp\",\"@id\":\"http:\\\/\\\/www.sindipetroba.org.br\\\/2019\\\/#\\\/schema\\\/person\\\/e61228ef9f981537d4c4eb80f6ea7713\"},\"headline\":\"Artigo &#8211; Os suic\u00eddios da Petrobras\",\"datePublished\":\"2019-09-03T12:56:54+00:00\",\"mainEntityOfPage\":{\"@id\":\"http:\\\/\\\/www.sindipetroba.org.br\\\/2019\\\/artigo-os-suicidios-da-petrobras\\\/\"},\"wordCount\":974,\"publisher\":{\"@id\":\"http:\\\/\\\/www.sindipetroba.org.br\\\/2019\\\/#organization\"},\"image\":{\"@id\":\"http:\\\/\\\/www.sindipetroba.org.br\\\/2019\\\/artigo-os-suicidios-da-petrobras\\\/#primaryimage\"},\"thumbnailUrl\":\"http:\\\/\\\/www.sindipetroba.org.br\\\/2019\\\/wp-content\\\/uploads\\\/2019\\\/07\\\/petrobrasReuters-1-e1571688937773.jpg\",\"keywords\":[\"ACT\",\"FAFEN\",\"petrobras\"],\"articleSection\":[\"Not\u00edcia\"],\"inLanguage\":\"pt-BR\"},{\"@type\":\"WebPage\",\"@id\":\"http:\\\/\\\/www.sindipetroba.org.br\\\/2019\\\/artigo-os-suicidios-da-petrobras\\\/\",\"url\":\"http:\\\/\\\/www.sindipetroba.org.br\\\/2019\\\/artigo-os-suicidios-da-petrobras\\\/\",\"name\":\"Artigo - Os suic\u00eddios da Petrobras - Sindipetro BA\",\"isPartOf\":{\"@id\":\"http:\\\/\\\/www.sindipetroba.org.br\\\/2019\\\/#website\"},\"primaryImageOfPage\":{\"@id\":\"http:\\\/\\\/www.sindipetroba.org.br\\\/2019\\\/artigo-os-suicidios-da-petrobras\\\/#primaryimage\"},\"image\":{\"@id\":\"http:\\\/\\\/www.sindipetroba.org.br\\\/2019\\\/artigo-os-suicidios-da-petrobras\\\/#primaryimage\"},\"thumbnailUrl\":\"http:\\\/\\\/www.sindipetroba.org.br\\\/2019\\\/wp-content\\\/uploads\\\/2019\\\/07\\\/petrobrasReuters-1-e1571688937773.jpg\",\"datePublished\":\"2019-09-03T12:56:54+00:00\",\"breadcrumb\":{\"@id\":\"http:\\\/\\\/www.sindipetroba.org.br\\\/2019\\\/artigo-os-suicidios-da-petrobras\\\/#breadcrumb\"},\"inLanguage\":\"pt-BR\",\"potentialAction\":[{\"@type\":\"ReadAction\",\"target\":[\"http:\\\/\\\/www.sindipetroba.org.br\\\/2019\\\/artigo-os-suicidios-da-petrobras\\\/\"]}]},{\"@type\":\"ImageObject\",\"inLanguage\":\"pt-BR\",\"@id\":\"http:\\\/\\\/www.sindipetroba.org.br\\\/2019\\\/artigo-os-suicidios-da-petrobras\\\/#primaryimage\",\"url\":\"http:\\\/\\\/www.sindipetroba.org.br\\\/2019\\\/wp-content\\\/uploads\\\/2019\\\/07\\\/petrobrasReuters-1-e1571688937773.jpg\",\"contentUrl\":\"http:\\\/\\\/www.sindipetroba.org.br\\\/2019\\\/wp-content\\\/uploads\\\/2019\\\/07\\\/petrobrasReuters-1-e1571688937773.jpg\",\"width\":555,\"height\":333},{\"@type\":\"BreadcrumbList\",\"@id\":\"http:\\\/\\\/www.sindipetroba.org.br\\\/2019\\\/artigo-os-suicidios-da-petrobras\\\/#breadcrumb\",\"itemListElement\":[{\"@type\":\"ListItem\",\"position\":1,\"name\":\"In\u00edcio\",\"item\":\"http:\\\/\\\/www.sindipetroba.org.br\\\/2019\\\/\"},{\"@type\":\"ListItem\",\"position\":2,\"name\":\"Artigo &#8211; Os suic\u00eddios da Petrobras\"}]},{\"@type\":\"WebSite\",\"@id\":\"http:\\\/\\\/www.sindipetroba.org.br\\\/2019\\\/#website\",\"url\":\"http:\\\/\\\/www.sindipetroba.org.br\\\/2019\\\/\",\"name\":\"Sindipetro BA\",\"description\":\"Sindicato dos Petroleiros e Petroleiras do Estado da Bahia\",\"publisher\":{\"@id\":\"http:\\\/\\\/www.sindipetroba.org.br\\\/2019\\\/#organization\"},\"potentialAction\":[{\"@type\":\"SearchAction\",\"target\":{\"@type\":\"EntryPoint\",\"urlTemplate\":\"http:\\\/\\\/www.sindipetroba.org.br\\\/2019\\\/?s={search_term_string}\"},\"query-input\":{\"@type\":\"PropertyValueSpecification\",\"valueRequired\":true,\"valueName\":\"search_term_string\"}}],\"inLanguage\":\"pt-BR\"},{\"@type\":\"Organization\",\"@id\":\"http:\\\/\\\/www.sindipetroba.org.br\\\/2019\\\/#organization\",\"name\":\"Sindipetro BA\",\"url\":\"http:\\\/\\\/www.sindipetroba.org.br\\\/2019\\\/\",\"logo\":{\"@type\":\"ImageObject\",\"inLanguage\":\"pt-BR\",\"@id\":\"http:\\\/\\\/www.sindipetroba.org.br\\\/2019\\\/#\\\/schema\\\/logo\\\/image\\\/\",\"url\":\"http:\\\/\\\/www.sindipetroba.org.br\\\/2019\\\/wp-content\\\/uploads\\\/2019\\\/01\\\/sindipetro-marca-cor.png\",\"contentUrl\":\"http:\\\/\\\/www.sindipetroba.org.br\\\/2019\\\/wp-content\\\/uploads\\\/2019\\\/01\\\/sindipetro-marca-cor.png\",\"width\":350,\"height\":126,\"caption\":\"Sindipetro BA\"},\"image\":{\"@id\":\"http:\\\/\\\/www.sindipetroba.org.br\\\/2019\\\/#\\\/schema\\\/logo\\\/image\\\/\"},\"sameAs\":[\"https:\\\/\\\/www.facebook.com\\\/sindipetroBa\\\/\",\"https:\\\/\\\/x.com\\\/SindipetroBahia\",\"https:\\\/\\\/www.instagram.com\\\/sindipetroba\\\/\",\"https:\\\/\\\/www.youtube.com\\\/c\\\/SindipetroBahiaOficial\"]},{\"@type\":\"Person\",\"@id\":\"http:\\\/\\\/www.sindipetroba.org.br\\\/2019\\\/#\\\/schema\\\/person\\\/e61228ef9f981537d4c4eb80f6ea7713\",\"name\":\"admsp\",\"image\":{\"@type\":\"ImageObject\",\"inLanguage\":\"pt-BR\",\"@id\":\"https:\\\/\\\/secure.gravatar.com\\\/avatar\\\/50f06e2b746fe9248099d2c61c12342ab36327e9d413e3171dd7033b84800d96?s=96&d=mm&r=g\",\"url\":\"https:\\\/\\\/secure.gravatar.com\\\/avatar\\\/50f06e2b746fe9248099d2c61c12342ab36327e9d413e3171dd7033b84800d96?s=96&d=mm&r=g\",\"contentUrl\":\"https:\\\/\\\/secure.gravatar.com\\\/avatar\\\/50f06e2b746fe9248099d2c61c12342ab36327e9d413e3171dd7033b84800d96?s=96&d=mm&r=g\",\"caption\":\"admsp\"}}]}<\/script>\n<!-- \/ Yoast SEO plugin. -->","yoast_head_json":{"title":"Artigo - Os suic\u00eddios da Petrobras - Sindipetro BA","robots":{"index":"index","follow":"follow","max-snippet":"max-snippet:-1","max-image-preview":"max-image-preview:large","max-video-preview":"max-video-preview:-1"},"canonical":"http:\/\/www.sindipetroba.org.br\/2019\/artigo-os-suicidios-da-petrobras\/","og_locale":"pt_BR","og_type":"article","og_title":"Artigo - Os suic\u00eddios da Petrobras - Sindipetro BA","og_description":"Desde que a Petrobras decidiu vender refinarias, terminais e desativar F\u00e1bricas de Fertilizantes, v\u00e1rios incidentes ocorreram causando medo na for\u00e7a de trabalho que, al\u00e9m de estar trabalhando para a venda ou fechamento de suas unidades e extin\u00e7\u00e3o dos seus pr\u00f3prios postos de trabalho, tem que conviver com a decis\u00e3o da Petrobras de transferi-los a outros... Ver artigo","og_url":"http:\/\/www.sindipetroba.org.br\/2019\/artigo-os-suicidios-da-petrobras\/","og_site_name":"Sindipetro BA","article_publisher":"https:\/\/www.facebook.com\/sindipetroBa\/","article_published_time":"2019-09-03T12:56:54+00:00","og_image":[{"width":555,"height":333,"url":"http:\/\/www.sindipetroba.org.br\/2019\/wp-content\/uploads\/2019\/07\/petrobrasReuters-1-e1571688937773.jpg","type":"image\/jpeg"}],"author":"admsp","twitter_card":"summary_large_image","twitter_creator":"@SindipetroBahia","twitter_site":"@SindipetroBahia","twitter_misc":{"Escrito por":"admsp","Est. tempo de leitura":"5 minutos"},"schema":{"@context":"https:\/\/schema.org","@graph":[{"@type":"Article","@id":"http:\/\/www.sindipetroba.org.br\/2019\/artigo-os-suicidios-da-petrobras\/#article","isPartOf":{"@id":"http:\/\/www.sindipetroba.org.br\/2019\/artigo-os-suicidios-da-petrobras\/"},"author":{"name":"admsp","@id":"http:\/\/www.sindipetroba.org.br\/2019\/#\/schema\/person\/e61228ef9f981537d4c4eb80f6ea7713"},"headline":"Artigo &#8211; Os suic\u00eddios da Petrobras","datePublished":"2019-09-03T12:56:54+00:00","mainEntityOfPage":{"@id":"http:\/\/www.sindipetroba.org.br\/2019\/artigo-os-suicidios-da-petrobras\/"},"wordCount":974,"publisher":{"@id":"http:\/\/www.sindipetroba.org.br\/2019\/#organization"},"image":{"@id":"http:\/\/www.sindipetroba.org.br\/2019\/artigo-os-suicidios-da-petrobras\/#primaryimage"},"thumbnailUrl":"http:\/\/www.sindipetroba.org.br\/2019\/wp-content\/uploads\/2019\/07\/petrobrasReuters-1-e1571688937773.jpg","keywords":["ACT","FAFEN","petrobras"],"articleSection":["Not\u00edcia"],"inLanguage":"pt-BR"},{"@type":"WebPage","@id":"http:\/\/www.sindipetroba.org.br\/2019\/artigo-os-suicidios-da-petrobras\/","url":"http:\/\/www.sindipetroba.org.br\/2019\/artigo-os-suicidios-da-petrobras\/","name":"Artigo - Os suic\u00eddios da Petrobras - Sindipetro BA","isPartOf":{"@id":"http:\/\/www.sindipetroba.org.br\/2019\/#website"},"primaryImageOfPage":{"@id":"http:\/\/www.sindipetroba.org.br\/2019\/artigo-os-suicidios-da-petrobras\/#primaryimage"},"image":{"@id":"http:\/\/www.sindipetroba.org.br\/2019\/artigo-os-suicidios-da-petrobras\/#primaryimage"},"thumbnailUrl":"http:\/\/www.sindipetroba.org.br\/2019\/wp-content\/uploads\/2019\/07\/petrobrasReuters-1-e1571688937773.jpg","datePublished":"2019-09-03T12:56:54+00:00","breadcrumb":{"@id":"http:\/\/www.sindipetroba.org.br\/2019\/artigo-os-suicidios-da-petrobras\/#breadcrumb"},"inLanguage":"pt-BR","potentialAction":[{"@type":"ReadAction","target":["http:\/\/www.sindipetroba.org.br\/2019\/artigo-os-suicidios-da-petrobras\/"]}]},{"@type":"ImageObject","inLanguage":"pt-BR","@id":"http:\/\/www.sindipetroba.org.br\/2019\/artigo-os-suicidios-da-petrobras\/#primaryimage","url":"http:\/\/www.sindipetroba.org.br\/2019\/wp-content\/uploads\/2019\/07\/petrobrasReuters-1-e1571688937773.jpg","contentUrl":"http:\/\/www.sindipetroba.org.br\/2019\/wp-content\/uploads\/2019\/07\/petrobrasReuters-1-e1571688937773.jpg","width":555,"height":333},{"@type":"BreadcrumbList","@id":"http:\/\/www.sindipetroba.org.br\/2019\/artigo-os-suicidios-da-petrobras\/#breadcrumb","itemListElement":[{"@type":"ListItem","position":1,"name":"In\u00edcio","item":"http:\/\/www.sindipetroba.org.br\/2019\/"},{"@type":"ListItem","position":2,"name":"Artigo &#8211; Os suic\u00eddios da Petrobras"}]},{"@type":"WebSite","@id":"http:\/\/www.sindipetroba.org.br\/2019\/#website","url":"http:\/\/www.sindipetroba.org.br\/2019\/","name":"Sindipetro BA","description":"Sindicato dos Petroleiros e Petroleiras do Estado da Bahia","publisher":{"@id":"http:\/\/www.sindipetroba.org.br\/2019\/#organization"},"potentialAction":[{"@type":"SearchAction","target":{"@type":"EntryPoint","urlTemplate":"http:\/\/www.sindipetroba.org.br\/2019\/?s={search_term_string}"},"query-input":{"@type":"PropertyValueSpecification","valueRequired":true,"valueName":"search_term_string"}}],"inLanguage":"pt-BR"},{"@type":"Organization","@id":"http:\/\/www.sindipetroba.org.br\/2019\/#organization","name":"Sindipetro BA","url":"http:\/\/www.sindipetroba.org.br\/2019\/","logo":{"@type":"ImageObject","inLanguage":"pt-BR","@id":"http:\/\/www.sindipetroba.org.br\/2019\/#\/schema\/logo\/image\/","url":"http:\/\/www.sindipetroba.org.br\/2019\/wp-content\/uploads\/2019\/01\/sindipetro-marca-cor.png","contentUrl":"http:\/\/www.sindipetroba.org.br\/2019\/wp-content\/uploads\/2019\/01\/sindipetro-marca-cor.png","width":350,"height":126,"caption":"Sindipetro BA"},"image":{"@id":"http:\/\/www.sindipetroba.org.br\/2019\/#\/schema\/logo\/image\/"},"sameAs":["https:\/\/www.facebook.com\/sindipetroBa\/","https:\/\/x.com\/SindipetroBahia","https:\/\/www.instagram.com\/sindipetroba\/","https:\/\/www.youtube.com\/c\/SindipetroBahiaOficial"]},{"@type":"Person","@id":"http:\/\/www.sindipetroba.org.br\/2019\/#\/schema\/person\/e61228ef9f981537d4c4eb80f6ea7713","name":"admsp","image":{"@type":"ImageObject","inLanguage":"pt-BR","@id":"https:\/\/secure.gravatar.com\/avatar\/50f06e2b746fe9248099d2c61c12342ab36327e9d413e3171dd7033b84800d96?s=96&d=mm&r=g","url":"https:\/\/secure.gravatar.com\/avatar\/50f06e2b746fe9248099d2c61c12342ab36327e9d413e3171dd7033b84800d96?s=96&d=mm&r=g","contentUrl":"https:\/\/secure.gravatar.com\/avatar\/50f06e2b746fe9248099d2c61c12342ab36327e9d413e3171dd7033b84800d96?s=96&d=mm&r=g","caption":"admsp"}}]}},"_links":{"self":[{"href":"http:\/\/www.sindipetroba.org.br\/2019\/wp-json\/wp\/v2\/posts\/3389","targetHints":{"allow":["GET"]}}],"collection":[{"href":"http:\/\/www.sindipetroba.org.br\/2019\/wp-json\/wp\/v2\/posts"}],"about":[{"href":"http:\/\/www.sindipetroba.org.br\/2019\/wp-json\/wp\/v2\/types\/post"}],"author":[{"embeddable":true,"href":"http:\/\/www.sindipetroba.org.br\/2019\/wp-json\/wp\/v2\/users\/1"}],"replies":[{"embeddable":true,"href":"http:\/\/www.sindipetroba.org.br\/2019\/wp-json\/wp\/v2\/comments?post=3389"}],"version-history":[{"count":1,"href":"http:\/\/www.sindipetroba.org.br\/2019\/wp-json\/wp\/v2\/posts\/3389\/revisions"}],"predecessor-version":[{"id":3390,"href":"http:\/\/www.sindipetroba.org.br\/2019\/wp-json\/wp\/v2\/posts\/3389\/revisions\/3390"}],"wp:featuredmedia":[{"embeddable":true,"href":"http:\/\/www.sindipetroba.org.br\/2019\/wp-json\/wp\/v2\/media\/2804"}],"wp:attachment":[{"href":"http:\/\/www.sindipetroba.org.br\/2019\/wp-json\/wp\/v2\/media?parent=3389"}],"wp:term":[{"taxonomy":"category","embeddable":true,"href":"http:\/\/www.sindipetroba.org.br\/2019\/wp-json\/wp\/v2\/categories?post=3389"},{"taxonomy":"post_tag","embeddable":true,"href":"http:\/\/www.sindipetroba.org.br\/2019\/wp-json\/wp\/v2\/tags?post=3389"}],"curies":[{"name":"wp","href":"https:\/\/api.w.org\/{rel}","templated":true}]}}