{"id":3503,"date":"2019-09-11T14:27:53","date_gmt":"2019-09-11T17:27:53","guid":{"rendered":"http:\/\/www.sindipetroba.org.br\/2019\/?p=3503"},"modified":"2019-09-11T14:27:53","modified_gmt":"2019-09-11T17:27:53","slug":"carteiros-entram-em-greve-em-todo-o-pais-por-tempo-indeterminado","status":"publish","type":"post","link":"http:\/\/www.sindipetroba.org.br\/2019\/carteiros-entram-em-greve-em-todo-o-pais-por-tempo-indeterminado\/","title":{"rendered":"Carteiros entram em greve em todo o pa\u00eds por tempo indeterminado"},"content":{"rendered":"<div class=\"dd-m-editor\">\n<p>Em assembleias realizadas no pa\u00eds na noite de hoje (10), os carteiros decidiram entrar em greve nacional, por tempo indeterminado, a partir das 22h de hoje. Em S\u00e3o Paulo, a assembleia na sede do CMTC Clube, no Canind\u00e9, reuniu perto de 5 mil trabalhadores. Foram realizadas tamb\u00e9m assembleias no Rio de Janeiro, Bauru (SP), Tocantins, Maranh\u00e3o e em outros estados.<\/p>\n<p>Os trabalhadores culpam o governo de Jair Bolsonaro, que tem se recusado a negociar a pauta da categoria, que tem data-base em 1\u00ba de agosto, e tamb\u00e9m pretende privatizar a empresa.<\/p>\n<p>\u201cA decis\u00e3o foi uma exig\u00eancia para defender os direitos conquistados em anos de lutas, os sal\u00e1rios, os empregos, a estatal p\u00fablica e o sustento da fam\u00edlia. A dire\u00e7\u00e3o dos Correios, a mando do governo, se negou a negociar com os trabalhadores. O pr\u00f3prio TST denunciou isso. Sua vice-presid\u00eancia convocou a empresa para negociar, mas ela se negou\u201d, afirmou a Federa\u00e7\u00e3o Interestadual dos Sindicatos dos Trabalhadores e Trabalhadoras dos Correios (Findect).<\/p>\n<p>A dire\u00e7\u00e3o da empresa estatal quer cortar 45 cl\u00e1usulas do Acordo Coletivo de Trabalho, o que, segundo os trabalhadores, representa um preju\u00edzo anual para cada trabalhador em torno de R$ 5 mil. A empresa tamb\u00e9m oferece apenas 0,8% de reajuste salarial.<\/p>\n<p>Al\u00e9m de defender a manuten\u00e7\u00e3o de todas as cl\u00e1usulas, os trabalhadores querem um aumento linear de R$ 300 por conta de aumento de produtividade, al\u00e9m da reposi\u00e7\u00e3o da infla\u00e7\u00e3o pelo \u00edndice IPCA-Dieese. Os carteiros tamb\u00e9m reivindicam que os valores do acordo coletivo de trabalho sejam reajustados pelo percentual do reajuste salarial, entre outros itens da pauta da categoria.<\/p>\n<h5>Confira o momento da aprova\u00e7\u00e3o da greve na assembleia de S\u00e3o Paulo:<\/h5>\n<p><iframe loading=\"lazy\" src=\"https:\/\/www.youtube.com\/embed\/PnhHyxmu4rM\" width=\"560\" height=\"315\" frameborder=\"0\" allowfullscreen=\"allowfullscreen\" data-mce-fragment=\"1\"><\/iframe><\/p>\n<\/div>\n","protected":false},"excerpt":{"rendered":"Em assembleias realizadas no pa\u00eds na noite de hoje (10), os carteiros decidiram entrar em greve nacional, por tempo indeterminado, a partir das 22h de hoje. Em S\u00e3o Paulo, a assembleia na sede do CMTC Clube, no Canind\u00e9, reuniu perto de 5 mil trabalhadores. Foram realizadas tamb\u00e9m assembleias no Rio de Janeiro, Bauru (SP), Tocantins,&#8230; <a class=\"view-article\" href=\"http:\/\/www.sindipetroba.org.br\/2019\/carteiros-entram-em-greve-em-todo-o-pais-por-tempo-indeterminado\/\">Ver artigo<\/a>","protected":false},"author":1,"featured_media":3504,"comment_status":"closed","ping_status":"open","sticky":false,"template":"","format":"standard","meta":{"_et_pb_use_builder":"","_et_pb_old_content":"","_et_gb_content_width":"","footnotes":""},"categories":[1],"tags":[312,104,75,69],"class_list":["post-3503","post","type-post","status-publish","format-standard","has-post-thumbnail","hentry","category-noticia","tag-carteiros","tag-correios","tag-greve","tag-privatizacao"],"yoast_head":"<!-- This site is optimized with the Yoast SEO plugin v27.3 - https:\/\/yoast.com\/product\/yoast-seo-wordpress\/ -->\n<title>Carteiros entram em greve em todo o pa\u00eds por tempo indeterminado - Sindipetro BA<\/title>\n<meta name=\"robots\" content=\"index, follow, max-snippet:-1, max-image-preview:large, max-video-preview:-1\" \/>\n<link rel=\"canonical\" href=\"http:\/\/www.sindipetroba.org.br\/2019\/carteiros-entram-em-greve-em-todo-o-pais-por-tempo-indeterminado\/\" \/>\n<meta property=\"og:locale\" content=\"pt_BR\" \/>\n<meta property=\"og:type\" content=\"article\" \/>\n<meta property=\"og:title\" content=\"Carteiros entram em greve em todo o pa\u00eds por tempo indeterminado - Sindipetro BA\" \/>\n<meta property=\"og:description\" content=\"Em assembleias realizadas no pa\u00eds na noite de hoje (10), os carteiros decidiram entrar em greve nacional, por tempo indeterminado, a partir das 22h de hoje. Em S\u00e3o Paulo, a assembleia na sede do CMTC Clube, no Canind\u00e9, reuniu perto de 5 mil trabalhadores. Foram realizadas tamb\u00e9m assembleias no Rio de Janeiro, Bauru (SP), Tocantins,... Ver artigo\" \/>\n<meta property=\"og:url\" content=\"http:\/\/www.sindipetroba.org.br\/2019\/carteiros-entram-em-greve-em-todo-o-pais-por-tempo-indeterminado\/\" \/>\n<meta property=\"og:site_name\" content=\"Sindipetro BA\" \/>\n<meta property=\"article:publisher\" content=\"https:\/\/www.facebook.com\/sindipetroBa\/\" \/>\n<meta property=\"article:published_time\" content=\"2019-09-11T17:27:53+00:00\" \/>\n<meta property=\"og:image\" content=\"http:\/\/www.sindipetroba.org.br\/2019\/wp-content\/uploads\/2019\/09\/systemuploadsnewsf1e1c04fee5617c76c8-700x460xfit-0d59a.jpg\" \/>\n\t<meta property=\"og:image:width\" content=\"700\" \/>\n\t<meta property=\"og:image:height\" content=\"460\" \/>\n\t<meta property=\"og:image:type\" content=\"image\/jpeg\" \/>\n<meta name=\"author\" content=\"admsp\" \/>\n<meta name=\"twitter:card\" content=\"summary_large_image\" \/>\n<meta name=\"twitter:creator\" content=\"@SindipetroBahia\" \/>\n<meta name=\"twitter:site\" content=\"@SindipetroBahia\" \/>\n<meta name=\"twitter:label1\" content=\"Escrito por\" \/>\n\t<meta name=\"twitter:data1\" content=\"admsp\" \/>\n\t<meta name=\"twitter:label2\" content=\"Est. tempo de leitura\" \/>\n\t<meta name=\"twitter:data2\" content=\"1 minuto\" \/>\n<script type=\"application\/ld+json\" class=\"yoast-schema-graph\">{\"@context\":\"https:\\\/\\\/schema.org\",\"@graph\":[{\"@type\":\"Article\",\"@id\":\"http:\\\/\\\/www.sindipetroba.org.br\\\/2019\\\/carteiros-entram-em-greve-em-todo-o-pais-por-tempo-indeterminado\\\/#article\",\"isPartOf\":{\"@id\":\"http:\\\/\\\/www.sindipetroba.org.br\\\/2019\\\/carteiros-entram-em-greve-em-todo-o-pais-por-tempo-indeterminado\\\/\"},\"author\":{\"name\":\"admsp\",\"@id\":\"http:\\\/\\\/www.sindipetroba.org.br\\\/2019\\\/#\\\/schema\\\/person\\\/e61228ef9f981537d4c4eb80f6ea7713\"},\"headline\":\"Carteiros entram em greve em todo o pa\u00eds por tempo indeterminado\",\"datePublished\":\"2019-09-11T17:27:53+00:00\",\"mainEntityOfPage\":{\"@id\":\"http:\\\/\\\/www.sindipetroba.org.br\\\/2019\\\/carteiros-entram-em-greve-em-todo-o-pais-por-tempo-indeterminado\\\/\"},\"wordCount\":304,\"publisher\":{\"@id\":\"http:\\\/\\\/www.sindipetroba.org.br\\\/2019\\\/#organization\"},\"image\":{\"@id\":\"http:\\\/\\\/www.sindipetroba.org.br\\\/2019\\\/carteiros-entram-em-greve-em-todo-o-pais-por-tempo-indeterminado\\\/#primaryimage\"},\"thumbnailUrl\":\"http:\\\/\\\/www.sindipetroba.org.br\\\/2019\\\/wp-content\\\/uploads\\\/2019\\\/09\\\/systemuploadsnewsf1e1c04fee5617c76c8-700x460xfit-0d59a.jpg\",\"keywords\":[\"Carteiros\",\"Correios\",\"greve\",\"privatiza\u00e7\u00e3o\"],\"articleSection\":[\"Not\u00edcia\"],\"inLanguage\":\"pt-BR\"},{\"@type\":\"WebPage\",\"@id\":\"http:\\\/\\\/www.sindipetroba.org.br\\\/2019\\\/carteiros-entram-em-greve-em-todo-o-pais-por-tempo-indeterminado\\\/\",\"url\":\"http:\\\/\\\/www.sindipetroba.org.br\\\/2019\\\/carteiros-entram-em-greve-em-todo-o-pais-por-tempo-indeterminado\\\/\",\"name\":\"Carteiros entram em greve em todo o pa\u00eds por tempo indeterminado - Sindipetro BA\",\"isPartOf\":{\"@id\":\"http:\\\/\\\/www.sindipetroba.org.br\\\/2019\\\/#website\"},\"primaryImageOfPage\":{\"@id\":\"http:\\\/\\\/www.sindipetroba.org.br\\\/2019\\\/carteiros-entram-em-greve-em-todo-o-pais-por-tempo-indeterminado\\\/#primaryimage\"},\"image\":{\"@id\":\"http:\\\/\\\/www.sindipetroba.org.br\\\/2019\\\/carteiros-entram-em-greve-em-todo-o-pais-por-tempo-indeterminado\\\/#primaryimage\"},\"thumbnailUrl\":\"http:\\\/\\\/www.sindipetroba.org.br\\\/2019\\\/wp-content\\\/uploads\\\/2019\\\/09\\\/systemuploadsnewsf1e1c04fee5617c76c8-700x460xfit-0d59a.jpg\",\"datePublished\":\"2019-09-11T17:27:53+00:00\",\"breadcrumb\":{\"@id\":\"http:\\\/\\\/www.sindipetroba.org.br\\\/2019\\\/carteiros-entram-em-greve-em-todo-o-pais-por-tempo-indeterminado\\\/#breadcrumb\"},\"inLanguage\":\"pt-BR\",\"potentialAction\":[{\"@type\":\"ReadAction\",\"target\":[\"http:\\\/\\\/www.sindipetroba.org.br\\\/2019\\\/carteiros-entram-em-greve-em-todo-o-pais-por-tempo-indeterminado\\\/\"]}]},{\"@type\":\"ImageObject\",\"inLanguage\":\"pt-BR\",\"@id\":\"http:\\\/\\\/www.sindipetroba.org.br\\\/2019\\\/carteiros-entram-em-greve-em-todo-o-pais-por-tempo-indeterminado\\\/#primaryimage\",\"url\":\"http:\\\/\\\/www.sindipetroba.org.br\\\/2019\\\/wp-content\\\/uploads\\\/2019\\\/09\\\/systemuploadsnewsf1e1c04fee5617c76c8-700x460xfit-0d59a.jpg\",\"contentUrl\":\"http:\\\/\\\/www.sindipetroba.org.br\\\/2019\\\/wp-content\\\/uploads\\\/2019\\\/09\\\/systemuploadsnewsf1e1c04fee5617c76c8-700x460xfit-0d59a.jpg\",\"width\":700,\"height\":460},{\"@type\":\"BreadcrumbList\",\"@id\":\"http:\\\/\\\/www.sindipetroba.org.br\\\/2019\\\/carteiros-entram-em-greve-em-todo-o-pais-por-tempo-indeterminado\\\/#breadcrumb\",\"itemListElement\":[{\"@type\":\"ListItem\",\"position\":1,\"name\":\"In\u00edcio\",\"item\":\"http:\\\/\\\/www.sindipetroba.org.br\\\/2019\\\/\"},{\"@type\":\"ListItem\",\"position\":2,\"name\":\"Carteiros entram em greve em todo o pa\u00eds por tempo indeterminado\"}]},{\"@type\":\"WebSite\",\"@id\":\"http:\\\/\\\/www.sindipetroba.org.br\\\/2019\\\/#website\",\"url\":\"http:\\\/\\\/www.sindipetroba.org.br\\\/2019\\\/\",\"name\":\"Sindipetro BA\",\"description\":\"Sindicato dos Petroleiros e Petroleiras do Estado da Bahia\",\"publisher\":{\"@id\":\"http:\\\/\\\/www.sindipetroba.org.br\\\/2019\\\/#organization\"},\"potentialAction\":[{\"@type\":\"SearchAction\",\"target\":{\"@type\":\"EntryPoint\",\"urlTemplate\":\"http:\\\/\\\/www.sindipetroba.org.br\\\/2019\\\/?s={search_term_string}\"},\"query-input\":{\"@type\":\"PropertyValueSpecification\",\"valueRequired\":true,\"valueName\":\"search_term_string\"}}],\"inLanguage\":\"pt-BR\"},{\"@type\":\"Organization\",\"@id\":\"http:\\\/\\\/www.sindipetroba.org.br\\\/2019\\\/#organization\",\"name\":\"Sindipetro BA\",\"url\":\"http:\\\/\\\/www.sindipetroba.org.br\\\/2019\\\/\",\"logo\":{\"@type\":\"ImageObject\",\"inLanguage\":\"pt-BR\",\"@id\":\"http:\\\/\\\/www.sindipetroba.org.br\\\/2019\\\/#\\\/schema\\\/logo\\\/image\\\/\",\"url\":\"http:\\\/\\\/www.sindipetroba.org.br\\\/2019\\\/wp-content\\\/uploads\\\/2019\\\/01\\\/sindipetro-marca-cor.png\",\"contentUrl\":\"http:\\\/\\\/www.sindipetroba.org.br\\\/2019\\\/wp-content\\\/uploads\\\/2019\\\/01\\\/sindipetro-marca-cor.png\",\"width\":350,\"height\":126,\"caption\":\"Sindipetro BA\"},\"image\":{\"@id\":\"http:\\\/\\\/www.sindipetroba.org.br\\\/2019\\\/#\\\/schema\\\/logo\\\/image\\\/\"},\"sameAs\":[\"https:\\\/\\\/www.facebook.com\\\/sindipetroBa\\\/\",\"https:\\\/\\\/x.com\\\/SindipetroBahia\",\"https:\\\/\\\/www.instagram.com\\\/sindipetroba\\\/\",\"https:\\\/\\\/www.youtube.com\\\/c\\\/SindipetroBahiaOficial\"]},{\"@type\":\"Person\",\"@id\":\"http:\\\/\\\/www.sindipetroba.org.br\\\/2019\\\/#\\\/schema\\\/person\\\/e61228ef9f981537d4c4eb80f6ea7713\",\"name\":\"admsp\",\"image\":{\"@type\":\"ImageObject\",\"inLanguage\":\"pt-BR\",\"@id\":\"https:\\\/\\\/secure.gravatar.com\\\/avatar\\\/50f06e2b746fe9248099d2c61c12342ab36327e9d413e3171dd7033b84800d96?s=96&d=mm&r=g\",\"url\":\"https:\\\/\\\/secure.gravatar.com\\\/avatar\\\/50f06e2b746fe9248099d2c61c12342ab36327e9d413e3171dd7033b84800d96?s=96&d=mm&r=g\",\"contentUrl\":\"https:\\\/\\\/secure.gravatar.com\\\/avatar\\\/50f06e2b746fe9248099d2c61c12342ab36327e9d413e3171dd7033b84800d96?s=96&d=mm&r=g\",\"caption\":\"admsp\"}}]}<\/script>\n<!-- \/ Yoast SEO plugin. -->","yoast_head_json":{"title":"Carteiros entram em greve em todo o pa\u00eds por tempo indeterminado - Sindipetro BA","robots":{"index":"index","follow":"follow","max-snippet":"max-snippet:-1","max-image-preview":"max-image-preview:large","max-video-preview":"max-video-preview:-1"},"canonical":"http:\/\/www.sindipetroba.org.br\/2019\/carteiros-entram-em-greve-em-todo-o-pais-por-tempo-indeterminado\/","og_locale":"pt_BR","og_type":"article","og_title":"Carteiros entram em greve em todo o pa\u00eds por tempo indeterminado - Sindipetro BA","og_description":"Em assembleias realizadas no pa\u00eds na noite de hoje (10), os carteiros decidiram entrar em greve nacional, por tempo indeterminado, a partir das 22h de hoje. Em S\u00e3o Paulo, a assembleia na sede do CMTC Clube, no Canind\u00e9, reuniu perto de 5 mil trabalhadores. Foram realizadas tamb\u00e9m assembleias no Rio de Janeiro, Bauru (SP), Tocantins,... Ver artigo","og_url":"http:\/\/www.sindipetroba.org.br\/2019\/carteiros-entram-em-greve-em-todo-o-pais-por-tempo-indeterminado\/","og_site_name":"Sindipetro BA","article_publisher":"https:\/\/www.facebook.com\/sindipetroBa\/","article_published_time":"2019-09-11T17:27:53+00:00","og_image":[{"width":700,"height":460,"url":"http:\/\/www.sindipetroba.org.br\/2019\/wp-content\/uploads\/2019\/09\/systemuploadsnewsf1e1c04fee5617c76c8-700x460xfit-0d59a.jpg","type":"image\/jpeg"}],"author":"admsp","twitter_card":"summary_large_image","twitter_creator":"@SindipetroBahia","twitter_site":"@SindipetroBahia","twitter_misc":{"Escrito por":"admsp","Est. tempo de leitura":"1 minuto"},"schema":{"@context":"https:\/\/schema.org","@graph":[{"@type":"Article","@id":"http:\/\/www.sindipetroba.org.br\/2019\/carteiros-entram-em-greve-em-todo-o-pais-por-tempo-indeterminado\/#article","isPartOf":{"@id":"http:\/\/www.sindipetroba.org.br\/2019\/carteiros-entram-em-greve-em-todo-o-pais-por-tempo-indeterminado\/"},"author":{"name":"admsp","@id":"http:\/\/www.sindipetroba.org.br\/2019\/#\/schema\/person\/e61228ef9f981537d4c4eb80f6ea7713"},"headline":"Carteiros entram em greve em todo o pa\u00eds por tempo indeterminado","datePublished":"2019-09-11T17:27:53+00:00","mainEntityOfPage":{"@id":"http:\/\/www.sindipetroba.org.br\/2019\/carteiros-entram-em-greve-em-todo-o-pais-por-tempo-indeterminado\/"},"wordCount":304,"publisher":{"@id":"http:\/\/www.sindipetroba.org.br\/2019\/#organization"},"image":{"@id":"http:\/\/www.sindipetroba.org.br\/2019\/carteiros-entram-em-greve-em-todo-o-pais-por-tempo-indeterminado\/#primaryimage"},"thumbnailUrl":"http:\/\/www.sindipetroba.org.br\/2019\/wp-content\/uploads\/2019\/09\/systemuploadsnewsf1e1c04fee5617c76c8-700x460xfit-0d59a.jpg","keywords":["Carteiros","Correios","greve","privatiza\u00e7\u00e3o"],"articleSection":["Not\u00edcia"],"inLanguage":"pt-BR"},{"@type":"WebPage","@id":"http:\/\/www.sindipetroba.org.br\/2019\/carteiros-entram-em-greve-em-todo-o-pais-por-tempo-indeterminado\/","url":"http:\/\/www.sindipetroba.org.br\/2019\/carteiros-entram-em-greve-em-todo-o-pais-por-tempo-indeterminado\/","name":"Carteiros entram em greve em todo o pa\u00eds por tempo indeterminado - Sindipetro BA","isPartOf":{"@id":"http:\/\/www.sindipetroba.org.br\/2019\/#website"},"primaryImageOfPage":{"@id":"http:\/\/www.sindipetroba.org.br\/2019\/carteiros-entram-em-greve-em-todo-o-pais-por-tempo-indeterminado\/#primaryimage"},"image":{"@id":"http:\/\/www.sindipetroba.org.br\/2019\/carteiros-entram-em-greve-em-todo-o-pais-por-tempo-indeterminado\/#primaryimage"},"thumbnailUrl":"http:\/\/www.sindipetroba.org.br\/2019\/wp-content\/uploads\/2019\/09\/systemuploadsnewsf1e1c04fee5617c76c8-700x460xfit-0d59a.jpg","datePublished":"2019-09-11T17:27:53+00:00","breadcrumb":{"@id":"http:\/\/www.sindipetroba.org.br\/2019\/carteiros-entram-em-greve-em-todo-o-pais-por-tempo-indeterminado\/#breadcrumb"},"inLanguage":"pt-BR","potentialAction":[{"@type":"ReadAction","target":["http:\/\/www.sindipetroba.org.br\/2019\/carteiros-entram-em-greve-em-todo-o-pais-por-tempo-indeterminado\/"]}]},{"@type":"ImageObject","inLanguage":"pt-BR","@id":"http:\/\/www.sindipetroba.org.br\/2019\/carteiros-entram-em-greve-em-todo-o-pais-por-tempo-indeterminado\/#primaryimage","url":"http:\/\/www.sindipetroba.org.br\/2019\/wp-content\/uploads\/2019\/09\/systemuploadsnewsf1e1c04fee5617c76c8-700x460xfit-0d59a.jpg","contentUrl":"http:\/\/www.sindipetroba.org.br\/2019\/wp-content\/uploads\/2019\/09\/systemuploadsnewsf1e1c04fee5617c76c8-700x460xfit-0d59a.jpg","width":700,"height":460},{"@type":"BreadcrumbList","@id":"http:\/\/www.sindipetroba.org.br\/2019\/carteiros-entram-em-greve-em-todo-o-pais-por-tempo-indeterminado\/#breadcrumb","itemListElement":[{"@type":"ListItem","position":1,"name":"In\u00edcio","item":"http:\/\/www.sindipetroba.org.br\/2019\/"},{"@type":"ListItem","position":2,"name":"Carteiros entram em greve em todo o pa\u00eds por tempo indeterminado"}]},{"@type":"WebSite","@id":"http:\/\/www.sindipetroba.org.br\/2019\/#website","url":"http:\/\/www.sindipetroba.org.br\/2019\/","name":"Sindipetro BA","description":"Sindicato dos Petroleiros e Petroleiras do Estado da Bahia","publisher":{"@id":"http:\/\/www.sindipetroba.org.br\/2019\/#organization"},"potentialAction":[{"@type":"SearchAction","target":{"@type":"EntryPoint","urlTemplate":"http:\/\/www.sindipetroba.org.br\/2019\/?s={search_term_string}"},"query-input":{"@type":"PropertyValueSpecification","valueRequired":true,"valueName":"search_term_string"}}],"inLanguage":"pt-BR"},{"@type":"Organization","@id":"http:\/\/www.sindipetroba.org.br\/2019\/#organization","name":"Sindipetro BA","url":"http:\/\/www.sindipetroba.org.br\/2019\/","logo":{"@type":"ImageObject","inLanguage":"pt-BR","@id":"http:\/\/www.sindipetroba.org.br\/2019\/#\/schema\/logo\/image\/","url":"http:\/\/www.sindipetroba.org.br\/2019\/wp-content\/uploads\/2019\/01\/sindipetro-marca-cor.png","contentUrl":"http:\/\/www.sindipetroba.org.br\/2019\/wp-content\/uploads\/2019\/01\/sindipetro-marca-cor.png","width":350,"height":126,"caption":"Sindipetro BA"},"image":{"@id":"http:\/\/www.sindipetroba.org.br\/2019\/#\/schema\/logo\/image\/"},"sameAs":["https:\/\/www.facebook.com\/sindipetroBa\/","https:\/\/x.com\/SindipetroBahia","https:\/\/www.instagram.com\/sindipetroba\/","https:\/\/www.youtube.com\/c\/SindipetroBahiaOficial"]},{"@type":"Person","@id":"http:\/\/www.sindipetroba.org.br\/2019\/#\/schema\/person\/e61228ef9f981537d4c4eb80f6ea7713","name":"admsp","image":{"@type":"ImageObject","inLanguage":"pt-BR","@id":"https:\/\/secure.gravatar.com\/avatar\/50f06e2b746fe9248099d2c61c12342ab36327e9d413e3171dd7033b84800d96?s=96&d=mm&r=g","url":"https:\/\/secure.gravatar.com\/avatar\/50f06e2b746fe9248099d2c61c12342ab36327e9d413e3171dd7033b84800d96?s=96&d=mm&r=g","contentUrl":"https:\/\/secure.gravatar.com\/avatar\/50f06e2b746fe9248099d2c61c12342ab36327e9d413e3171dd7033b84800d96?s=96&d=mm&r=g","caption":"admsp"}}]}},"_links":{"self":[{"href":"http:\/\/www.sindipetroba.org.br\/2019\/wp-json\/wp\/v2\/posts\/3503","targetHints":{"allow":["GET"]}}],"collection":[{"href":"http:\/\/www.sindipetroba.org.br\/2019\/wp-json\/wp\/v2\/posts"}],"about":[{"href":"http:\/\/www.sindipetroba.org.br\/2019\/wp-json\/wp\/v2\/types\/post"}],"author":[{"embeddable":true,"href":"http:\/\/www.sindipetroba.org.br\/2019\/wp-json\/wp\/v2\/users\/1"}],"replies":[{"embeddable":true,"href":"http:\/\/www.sindipetroba.org.br\/2019\/wp-json\/wp\/v2\/comments?post=3503"}],"version-history":[{"count":1,"href":"http:\/\/www.sindipetroba.org.br\/2019\/wp-json\/wp\/v2\/posts\/3503\/revisions"}],"predecessor-version":[{"id":3505,"href":"http:\/\/www.sindipetroba.org.br\/2019\/wp-json\/wp\/v2\/posts\/3503\/revisions\/3505"}],"wp:featuredmedia":[{"embeddable":true,"href":"http:\/\/www.sindipetroba.org.br\/2019\/wp-json\/wp\/v2\/media\/3504"}],"wp:attachment":[{"href":"http:\/\/www.sindipetroba.org.br\/2019\/wp-json\/wp\/v2\/media?parent=3503"}],"wp:term":[{"taxonomy":"category","embeddable":true,"href":"http:\/\/www.sindipetroba.org.br\/2019\/wp-json\/wp\/v2\/categories?post=3503"},{"taxonomy":"post_tag","embeddable":true,"href":"http:\/\/www.sindipetroba.org.br\/2019\/wp-json\/wp\/v2\/tags?post=3503"}],"curies":[{"name":"wp","href":"https:\/\/api.w.org\/{rel}","templated":true}]}}