{"id":3641,"date":"2019-09-19T11:55:11","date_gmt":"2019-09-19T14:55:11","guid":{"rendered":"http:\/\/www.sindipetroba.org.br\/2019\/?p=3641"},"modified":"2019-09-19T11:55:11","modified_gmt":"2019-09-19T14:55:11","slug":"ato-em-defesa-ao-meio-ambiente-a-educacao-a-previdencia-e-soberania-nacional","status":"publish","type":"post","link":"http:\/\/www.sindipetroba.org.br\/2019\/ato-em-defesa-ao-meio-ambiente-a-educacao-a-previdencia-e-soberania-nacional\/","title":{"rendered":"Ato em defesa ao meio ambiente, a educa\u00e7\u00e3o, a previd\u00eancia e soberania nacional"},"content":{"rendered":"<div class=\"dd-m-editor\">\n<p>Dia 20\/9 \u00e9 a Greve Global pelo Clima, somando for\u00e7as a fundamental pauta de fiscaliza\u00e7\u00e3o ambiental, a Central \u00danica dos Trabalhadores da Bahia (CUT Bahia), demais centrais e movimentos sociais organizam grande mobiliza\u00e7\u00e3o em defesa dos direitos e do meio ambiente e contra a destrui\u00e7\u00e3o do Brasil.<\/p>\n<p>A CUT Bahia capitaneia ato do Campo Grande a Pra\u00e7a Castro Alves, como uma demonstra\u00e7\u00e3o p\u00fablica de que n\u00e3o vamos cruzar os bra\u00e7os e esperar o resultado desastrosos das tomadas de decis\u00f5es erradas do governo federal que s\u00f3 prejudicam trabalhadores (as) e a grande maioria da popula\u00e7\u00e3o. Lutaremos sim, pelo meio ambiente, por respeito aos direitos trabalhistas, em defesa a previd\u00eancia p\u00fablica, pela educa\u00e7\u00e3o p\u00fablica de qualidade, e soberania nacional, na capital e interior da Bahia.<\/p>\n<p>A reflex\u00e3o comprova, qual \u00e9 o benef\u00edcio para povo brasileiro com as privatiza\u00e7\u00f5es das estatais como Correios, Petrobras e Eletrobr\u00e1s? Qual foi o a nova lei para melhoria na vida do(a) trabalhador (a) que consta no projeto que tenta acabar com previd\u00eancia p\u00fablica? Qual \u00e9 a vantagem de reduzir investimentos t\u00e3o necess\u00e1rios na educa\u00e7\u00e3o p\u00fablica? Qual \u00e9 o motivo da libera\u00e7\u00e3o de tanto agrot\u00f3xico e aumento das queimadas na Amaz\u00f4nia? E o planejamento at\u00e9 agora para diminuir desemprego? N\u00e3o houve. A verdade \u00e9 uma s\u00f3: o atual governo federal n\u00e3o pensa no povo, e d\u00e1 as costas para problemas urgentes da popula\u00e7\u00e3o brasileira a favor de uma pol\u00edtica mesquinha.<\/p>\n<p>O presidente da CUT Bahia, Cedro Silva reafirma que o dia de reflex\u00e3o sobre as pol\u00edticas ambientais do Brasil \u00e9 totalmente relacionada com a lutas por direitos da popula\u00e7\u00e3o. \u201cO momento \u00e9 de unir for\u00e7as. Lutamos por mais respeito nas tratativas relacionadas ao meio ambiente, que tamb\u00e9m refletem como a atual equipe de governo federal desrespeita os (as) trabalhadores(as) brasileiros(as), e est\u00e3o sem comprometimento com a soberania nacional, eles tentam vender nossas principais estatais, assim como deixaram a Amaz\u00f4nia queimar por dias seguidos. Trabalhadores enfrentam filas quilom\u00e9tricas em busca de uma vaga de emprego e nenhuma pol\u00edtica para diminuir o n\u00famero de desempregados \u00e9 tomada pelo governo, que n\u00e3o liga para meio ambiente, nem para Brasil, t\u00e3o pouco para o povo brasileiro\u201d, destaca.<\/p>\n<p>Nosso ato de manifesta\u00e7\u00e3o p\u00fablica \u00e9 para denunciar as a\u00e7\u00f5es do governo o de Jair Bolsonaro (PSL) que trabalha para um demonstre da democracia, dos direitos dos trabalhadores, dos empregos, da Previd\u00eancia Social e destr\u00f3i por inefici\u00eancia de governan\u00e7a, o meio ambiente.<br \/>\nO caminho da mudan\u00e7a \u00e9 a luta, a resist\u00eancia e fazer o contra ponto sobre atitudes que n\u00e3o representam a maioria da vontade da popula\u00e7\u00e3o e que prejudicam o povo.<\/p>\n<p>Defender o meio ambiente, a continuidade de uma previd\u00eancia p\u00fablica, a educa\u00e7\u00e3o p\u00fablica de qualidade, a soberania nacional e Lula Livre \u00e9 defender o Brasil para os brasileiros (as).<\/p>\n<p><strong>A luta continua<\/strong><\/p>\n<p>Al\u00e9m do dia 20, a CUT e demais centrais tamb\u00e9m far\u00e3o protestos no dia 24 em Bras\u00edlia, data em que ser\u00e1 votada a Proposta de Emenda \u00e0 Constitui\u00e7\u00e3o (PEC) da reforma da Previd\u00eancia, no Senado.<\/p>\n<p><strong>DIA 20\/9<\/strong><\/p>\n<p><strong>Salvador<\/strong><br \/>\n<strong>9H &#8211; Campo Grande at\u00e9 a Pra\u00e7a Castro Alves<\/strong><\/p>\n<p><strong>PARTICIPE!<\/strong><\/p>\n<\/div>\n","protected":false},"excerpt":{"rendered":"Dia 20\/9 \u00e9 a Greve Global pelo Clima, somando for\u00e7as a fundamental pauta de fiscaliza\u00e7\u00e3o ambiental, a Central \u00danica dos Trabalhadores da Bahia (CUT Bahia), demais centrais e movimentos sociais organizam grande mobiliza\u00e7\u00e3o em defesa dos direitos e do meio ambiente e contra a destrui\u00e7\u00e3o do Brasil. A CUT Bahia capitaneia ato do Campo Grande&#8230; <a class=\"view-article\" href=\"http:\/\/www.sindipetroba.org.br\/2019\/ato-em-defesa-ao-meio-ambiente-a-educacao-a-previdencia-e-soberania-nacional\/\">Ver artigo<\/a>","protected":false},"author":1,"featured_media":3642,"comment_status":"closed","ping_status":"open","sticky":false,"template":"","format":"standard","meta":{"_et_pb_use_builder":"","_et_pb_old_content":"","_et_gb_content_width":"","footnotes":""},"categories":[1],"tags":[326,327,56,325,192,140],"class_list":["post-3641","post","type-post","status-publish","format-standard","has-post-thumbnail","hentry","category-noticia","tag-a-educacao","tag-a-previdencia","tag-ato","tag-meio-ambiente","tag-mobilizacao","tag-soberania-nacional"],"yoast_head":"<!-- This site is optimized with the Yoast SEO plugin v27.3 - https:\/\/yoast.com\/product\/yoast-seo-wordpress\/ -->\n<title>Ato em defesa ao meio ambiente, a educa\u00e7\u00e3o, a previd\u00eancia e soberania nacional - Sindipetro BA<\/title>\n<meta name=\"robots\" content=\"index, follow, max-snippet:-1, max-image-preview:large, max-video-preview:-1\" \/>\n<link rel=\"canonical\" href=\"http:\/\/www.sindipetroba.org.br\/2019\/ato-em-defesa-ao-meio-ambiente-a-educacao-a-previdencia-e-soberania-nacional\/\" \/>\n<meta property=\"og:locale\" content=\"pt_BR\" \/>\n<meta property=\"og:type\" content=\"article\" \/>\n<meta property=\"og:title\" content=\"Ato em defesa ao meio ambiente, a educa\u00e7\u00e3o, a previd\u00eancia e soberania nacional - Sindipetro BA\" \/>\n<meta property=\"og:description\" content=\"Dia 20\/9 \u00e9 a Greve Global pelo Clima, somando for\u00e7as a fundamental pauta de fiscaliza\u00e7\u00e3o ambiental, a Central \u00danica dos Trabalhadores da Bahia (CUT Bahia), demais centrais e movimentos sociais organizam grande mobiliza\u00e7\u00e3o em defesa dos direitos e do meio ambiente e contra a destrui\u00e7\u00e3o do Brasil. A CUT Bahia capitaneia ato do Campo Grande... Ver artigo\" \/>\n<meta property=\"og:url\" content=\"http:\/\/www.sindipetroba.org.br\/2019\/ato-em-defesa-ao-meio-ambiente-a-educacao-a-previdencia-e-soberania-nacional\/\" \/>\n<meta property=\"og:site_name\" content=\"Sindipetro BA\" \/>\n<meta property=\"article:publisher\" content=\"https:\/\/www.facebook.com\/sindipetroBa\/\" \/>\n<meta property=\"article:published_time\" content=\"2019-09-19T14:55:11+00:00\" \/>\n<meta property=\"og:image\" content=\"http:\/\/www.sindipetroba.org.br\/2019\/wp-content\/uploads\/2019\/09\/systemuploadsnews228191d171890d453a8-700x460xfit-ad7c0.jpg\" \/>\n\t<meta property=\"og:image:width\" content=\"700\" \/>\n\t<meta property=\"og:image:height\" content=\"460\" \/>\n\t<meta property=\"og:image:type\" content=\"image\/jpeg\" \/>\n<meta name=\"author\" content=\"admsp\" \/>\n<meta name=\"twitter:card\" content=\"summary_large_image\" \/>\n<meta name=\"twitter:creator\" content=\"@SindipetroBahia\" \/>\n<meta name=\"twitter:site\" content=\"@SindipetroBahia\" \/>\n<meta name=\"twitter:label1\" content=\"Escrito por\" \/>\n\t<meta name=\"twitter:data1\" content=\"admsp\" \/>\n\t<meta name=\"twitter:label2\" content=\"Est. tempo de leitura\" \/>\n\t<meta name=\"twitter:data2\" content=\"3 minutos\" \/>\n<script type=\"application\/ld+json\" class=\"yoast-schema-graph\">{\"@context\":\"https:\\\/\\\/schema.org\",\"@graph\":[{\"@type\":\"Article\",\"@id\":\"http:\\\/\\\/www.sindipetroba.org.br\\\/2019\\\/ato-em-defesa-ao-meio-ambiente-a-educacao-a-previdencia-e-soberania-nacional\\\/#article\",\"isPartOf\":{\"@id\":\"http:\\\/\\\/www.sindipetroba.org.br\\\/2019\\\/ato-em-defesa-ao-meio-ambiente-a-educacao-a-previdencia-e-soberania-nacional\\\/\"},\"author\":{\"name\":\"admsp\",\"@id\":\"http:\\\/\\\/www.sindipetroba.org.br\\\/2019\\\/#\\\/schema\\\/person\\\/e61228ef9f981537d4c4eb80f6ea7713\"},\"headline\":\"Ato em defesa ao meio ambiente, a educa\u00e7\u00e3o, a previd\u00eancia e soberania nacional\",\"datePublished\":\"2019-09-19T14:55:11+00:00\",\"mainEntityOfPage\":{\"@id\":\"http:\\\/\\\/www.sindipetroba.org.br\\\/2019\\\/ato-em-defesa-ao-meio-ambiente-a-educacao-a-previdencia-e-soberania-nacional\\\/\"},\"wordCount\":575,\"publisher\":{\"@id\":\"http:\\\/\\\/www.sindipetroba.org.br\\\/2019\\\/#organization\"},\"image\":{\"@id\":\"http:\\\/\\\/www.sindipetroba.org.br\\\/2019\\\/ato-em-defesa-ao-meio-ambiente-a-educacao-a-previdencia-e-soberania-nacional\\\/#primaryimage\"},\"thumbnailUrl\":\"http:\\\/\\\/www.sindipetroba.org.br\\\/2019\\\/wp-content\\\/uploads\\\/2019\\\/09\\\/systemuploadsnews228191d171890d453a8-700x460xfit-ad7c0.jpg\",\"keywords\":[\"a educa\u00e7\u00e3o\",\"a previd\u00eancia\",\"ato\",\"meio ambiente\",\"mobiliza\u00e7\u00e3o\",\"soberania nacional\"],\"articleSection\":[\"Not\u00edcia\"],\"inLanguage\":\"pt-BR\"},{\"@type\":\"WebPage\",\"@id\":\"http:\\\/\\\/www.sindipetroba.org.br\\\/2019\\\/ato-em-defesa-ao-meio-ambiente-a-educacao-a-previdencia-e-soberania-nacional\\\/\",\"url\":\"http:\\\/\\\/www.sindipetroba.org.br\\\/2019\\\/ato-em-defesa-ao-meio-ambiente-a-educacao-a-previdencia-e-soberania-nacional\\\/\",\"name\":\"Ato em defesa ao meio ambiente, a educa\u00e7\u00e3o, a previd\u00eancia e soberania nacional - Sindipetro BA\",\"isPartOf\":{\"@id\":\"http:\\\/\\\/www.sindipetroba.org.br\\\/2019\\\/#website\"},\"primaryImageOfPage\":{\"@id\":\"http:\\\/\\\/www.sindipetroba.org.br\\\/2019\\\/ato-em-defesa-ao-meio-ambiente-a-educacao-a-previdencia-e-soberania-nacional\\\/#primaryimage\"},\"image\":{\"@id\":\"http:\\\/\\\/www.sindipetroba.org.br\\\/2019\\\/ato-em-defesa-ao-meio-ambiente-a-educacao-a-previdencia-e-soberania-nacional\\\/#primaryimage\"},\"thumbnailUrl\":\"http:\\\/\\\/www.sindipetroba.org.br\\\/2019\\\/wp-content\\\/uploads\\\/2019\\\/09\\\/systemuploadsnews228191d171890d453a8-700x460xfit-ad7c0.jpg\",\"datePublished\":\"2019-09-19T14:55:11+00:00\",\"breadcrumb\":{\"@id\":\"http:\\\/\\\/www.sindipetroba.org.br\\\/2019\\\/ato-em-defesa-ao-meio-ambiente-a-educacao-a-previdencia-e-soberania-nacional\\\/#breadcrumb\"},\"inLanguage\":\"pt-BR\",\"potentialAction\":[{\"@type\":\"ReadAction\",\"target\":[\"http:\\\/\\\/www.sindipetroba.org.br\\\/2019\\\/ato-em-defesa-ao-meio-ambiente-a-educacao-a-previdencia-e-soberania-nacional\\\/\"]}]},{\"@type\":\"ImageObject\",\"inLanguage\":\"pt-BR\",\"@id\":\"http:\\\/\\\/www.sindipetroba.org.br\\\/2019\\\/ato-em-defesa-ao-meio-ambiente-a-educacao-a-previdencia-e-soberania-nacional\\\/#primaryimage\",\"url\":\"http:\\\/\\\/www.sindipetroba.org.br\\\/2019\\\/wp-content\\\/uploads\\\/2019\\\/09\\\/systemuploadsnews228191d171890d453a8-700x460xfit-ad7c0.jpg\",\"contentUrl\":\"http:\\\/\\\/www.sindipetroba.org.br\\\/2019\\\/wp-content\\\/uploads\\\/2019\\\/09\\\/systemuploadsnews228191d171890d453a8-700x460xfit-ad7c0.jpg\",\"width\":700,\"height\":460},{\"@type\":\"BreadcrumbList\",\"@id\":\"http:\\\/\\\/www.sindipetroba.org.br\\\/2019\\\/ato-em-defesa-ao-meio-ambiente-a-educacao-a-previdencia-e-soberania-nacional\\\/#breadcrumb\",\"itemListElement\":[{\"@type\":\"ListItem\",\"position\":1,\"name\":\"In\u00edcio\",\"item\":\"http:\\\/\\\/www.sindipetroba.org.br\\\/2019\\\/\"},{\"@type\":\"ListItem\",\"position\":2,\"name\":\"Ato em defesa ao meio ambiente, a educa\u00e7\u00e3o, a previd\u00eancia e soberania nacional\"}]},{\"@type\":\"WebSite\",\"@id\":\"http:\\\/\\\/www.sindipetroba.org.br\\\/2019\\\/#website\",\"url\":\"http:\\\/\\\/www.sindipetroba.org.br\\\/2019\\\/\",\"name\":\"Sindipetro BA\",\"description\":\"Sindicato dos Petroleiros e Petroleiras do Estado da Bahia\",\"publisher\":{\"@id\":\"http:\\\/\\\/www.sindipetroba.org.br\\\/2019\\\/#organization\"},\"potentialAction\":[{\"@type\":\"SearchAction\",\"target\":{\"@type\":\"EntryPoint\",\"urlTemplate\":\"http:\\\/\\\/www.sindipetroba.org.br\\\/2019\\\/?s={search_term_string}\"},\"query-input\":{\"@type\":\"PropertyValueSpecification\",\"valueRequired\":true,\"valueName\":\"search_term_string\"}}],\"inLanguage\":\"pt-BR\"},{\"@type\":\"Organization\",\"@id\":\"http:\\\/\\\/www.sindipetroba.org.br\\\/2019\\\/#organization\",\"name\":\"Sindipetro BA\",\"url\":\"http:\\\/\\\/www.sindipetroba.org.br\\\/2019\\\/\",\"logo\":{\"@type\":\"ImageObject\",\"inLanguage\":\"pt-BR\",\"@id\":\"http:\\\/\\\/www.sindipetroba.org.br\\\/2019\\\/#\\\/schema\\\/logo\\\/image\\\/\",\"url\":\"http:\\\/\\\/www.sindipetroba.org.br\\\/2019\\\/wp-content\\\/uploads\\\/2019\\\/01\\\/sindipetro-marca-cor.png\",\"contentUrl\":\"http:\\\/\\\/www.sindipetroba.org.br\\\/2019\\\/wp-content\\\/uploads\\\/2019\\\/01\\\/sindipetro-marca-cor.png\",\"width\":350,\"height\":126,\"caption\":\"Sindipetro BA\"},\"image\":{\"@id\":\"http:\\\/\\\/www.sindipetroba.org.br\\\/2019\\\/#\\\/schema\\\/logo\\\/image\\\/\"},\"sameAs\":[\"https:\\\/\\\/www.facebook.com\\\/sindipetroBa\\\/\",\"https:\\\/\\\/x.com\\\/SindipetroBahia\",\"https:\\\/\\\/www.instagram.com\\\/sindipetroba\\\/\",\"https:\\\/\\\/www.youtube.com\\\/c\\\/SindipetroBahiaOficial\"]},{\"@type\":\"Person\",\"@id\":\"http:\\\/\\\/www.sindipetroba.org.br\\\/2019\\\/#\\\/schema\\\/person\\\/e61228ef9f981537d4c4eb80f6ea7713\",\"name\":\"admsp\",\"image\":{\"@type\":\"ImageObject\",\"inLanguage\":\"pt-BR\",\"@id\":\"https:\\\/\\\/secure.gravatar.com\\\/avatar\\\/50f06e2b746fe9248099d2c61c12342ab36327e9d413e3171dd7033b84800d96?s=96&d=mm&r=g\",\"url\":\"https:\\\/\\\/secure.gravatar.com\\\/avatar\\\/50f06e2b746fe9248099d2c61c12342ab36327e9d413e3171dd7033b84800d96?s=96&d=mm&r=g\",\"contentUrl\":\"https:\\\/\\\/secure.gravatar.com\\\/avatar\\\/50f06e2b746fe9248099d2c61c12342ab36327e9d413e3171dd7033b84800d96?s=96&d=mm&r=g\",\"caption\":\"admsp\"}}]}<\/script>\n<!-- \/ Yoast SEO plugin. -->","yoast_head_json":{"title":"Ato em defesa ao meio ambiente, a educa\u00e7\u00e3o, a previd\u00eancia e soberania nacional - Sindipetro BA","robots":{"index":"index","follow":"follow","max-snippet":"max-snippet:-1","max-image-preview":"max-image-preview:large","max-video-preview":"max-video-preview:-1"},"canonical":"http:\/\/www.sindipetroba.org.br\/2019\/ato-em-defesa-ao-meio-ambiente-a-educacao-a-previdencia-e-soberania-nacional\/","og_locale":"pt_BR","og_type":"article","og_title":"Ato em defesa ao meio ambiente, a educa\u00e7\u00e3o, a previd\u00eancia e soberania nacional - Sindipetro BA","og_description":"Dia 20\/9 \u00e9 a Greve Global pelo Clima, somando for\u00e7as a fundamental pauta de fiscaliza\u00e7\u00e3o ambiental, a Central \u00danica dos Trabalhadores da Bahia (CUT Bahia), demais centrais e movimentos sociais organizam grande mobiliza\u00e7\u00e3o em defesa dos direitos e do meio ambiente e contra a destrui\u00e7\u00e3o do Brasil. A CUT Bahia capitaneia ato do Campo Grande... Ver artigo","og_url":"http:\/\/www.sindipetroba.org.br\/2019\/ato-em-defesa-ao-meio-ambiente-a-educacao-a-previdencia-e-soberania-nacional\/","og_site_name":"Sindipetro BA","article_publisher":"https:\/\/www.facebook.com\/sindipetroBa\/","article_published_time":"2019-09-19T14:55:11+00:00","og_image":[{"width":700,"height":460,"url":"http:\/\/www.sindipetroba.org.br\/2019\/wp-content\/uploads\/2019\/09\/systemuploadsnews228191d171890d453a8-700x460xfit-ad7c0.jpg","type":"image\/jpeg"}],"author":"admsp","twitter_card":"summary_large_image","twitter_creator":"@SindipetroBahia","twitter_site":"@SindipetroBahia","twitter_misc":{"Escrito por":"admsp","Est. tempo de leitura":"3 minutos"},"schema":{"@context":"https:\/\/schema.org","@graph":[{"@type":"Article","@id":"http:\/\/www.sindipetroba.org.br\/2019\/ato-em-defesa-ao-meio-ambiente-a-educacao-a-previdencia-e-soberania-nacional\/#article","isPartOf":{"@id":"http:\/\/www.sindipetroba.org.br\/2019\/ato-em-defesa-ao-meio-ambiente-a-educacao-a-previdencia-e-soberania-nacional\/"},"author":{"name":"admsp","@id":"http:\/\/www.sindipetroba.org.br\/2019\/#\/schema\/person\/e61228ef9f981537d4c4eb80f6ea7713"},"headline":"Ato em defesa ao meio ambiente, a educa\u00e7\u00e3o, a previd\u00eancia e soberania nacional","datePublished":"2019-09-19T14:55:11+00:00","mainEntityOfPage":{"@id":"http:\/\/www.sindipetroba.org.br\/2019\/ato-em-defesa-ao-meio-ambiente-a-educacao-a-previdencia-e-soberania-nacional\/"},"wordCount":575,"publisher":{"@id":"http:\/\/www.sindipetroba.org.br\/2019\/#organization"},"image":{"@id":"http:\/\/www.sindipetroba.org.br\/2019\/ato-em-defesa-ao-meio-ambiente-a-educacao-a-previdencia-e-soberania-nacional\/#primaryimage"},"thumbnailUrl":"http:\/\/www.sindipetroba.org.br\/2019\/wp-content\/uploads\/2019\/09\/systemuploadsnews228191d171890d453a8-700x460xfit-ad7c0.jpg","keywords":["a educa\u00e7\u00e3o","a previd\u00eancia","ato","meio ambiente","mobiliza\u00e7\u00e3o","soberania nacional"],"articleSection":["Not\u00edcia"],"inLanguage":"pt-BR"},{"@type":"WebPage","@id":"http:\/\/www.sindipetroba.org.br\/2019\/ato-em-defesa-ao-meio-ambiente-a-educacao-a-previdencia-e-soberania-nacional\/","url":"http:\/\/www.sindipetroba.org.br\/2019\/ato-em-defesa-ao-meio-ambiente-a-educacao-a-previdencia-e-soberania-nacional\/","name":"Ato em defesa ao meio ambiente, a educa\u00e7\u00e3o, a previd\u00eancia e soberania nacional - Sindipetro BA","isPartOf":{"@id":"http:\/\/www.sindipetroba.org.br\/2019\/#website"},"primaryImageOfPage":{"@id":"http:\/\/www.sindipetroba.org.br\/2019\/ato-em-defesa-ao-meio-ambiente-a-educacao-a-previdencia-e-soberania-nacional\/#primaryimage"},"image":{"@id":"http:\/\/www.sindipetroba.org.br\/2019\/ato-em-defesa-ao-meio-ambiente-a-educacao-a-previdencia-e-soberania-nacional\/#primaryimage"},"thumbnailUrl":"http:\/\/www.sindipetroba.org.br\/2019\/wp-content\/uploads\/2019\/09\/systemuploadsnews228191d171890d453a8-700x460xfit-ad7c0.jpg","datePublished":"2019-09-19T14:55:11+00:00","breadcrumb":{"@id":"http:\/\/www.sindipetroba.org.br\/2019\/ato-em-defesa-ao-meio-ambiente-a-educacao-a-previdencia-e-soberania-nacional\/#breadcrumb"},"inLanguage":"pt-BR","potentialAction":[{"@type":"ReadAction","target":["http:\/\/www.sindipetroba.org.br\/2019\/ato-em-defesa-ao-meio-ambiente-a-educacao-a-previdencia-e-soberania-nacional\/"]}]},{"@type":"ImageObject","inLanguage":"pt-BR","@id":"http:\/\/www.sindipetroba.org.br\/2019\/ato-em-defesa-ao-meio-ambiente-a-educacao-a-previdencia-e-soberania-nacional\/#primaryimage","url":"http:\/\/www.sindipetroba.org.br\/2019\/wp-content\/uploads\/2019\/09\/systemuploadsnews228191d171890d453a8-700x460xfit-ad7c0.jpg","contentUrl":"http:\/\/www.sindipetroba.org.br\/2019\/wp-content\/uploads\/2019\/09\/systemuploadsnews228191d171890d453a8-700x460xfit-ad7c0.jpg","width":700,"height":460},{"@type":"BreadcrumbList","@id":"http:\/\/www.sindipetroba.org.br\/2019\/ato-em-defesa-ao-meio-ambiente-a-educacao-a-previdencia-e-soberania-nacional\/#breadcrumb","itemListElement":[{"@type":"ListItem","position":1,"name":"In\u00edcio","item":"http:\/\/www.sindipetroba.org.br\/2019\/"},{"@type":"ListItem","position":2,"name":"Ato em defesa ao meio ambiente, a educa\u00e7\u00e3o, a previd\u00eancia e soberania nacional"}]},{"@type":"WebSite","@id":"http:\/\/www.sindipetroba.org.br\/2019\/#website","url":"http:\/\/www.sindipetroba.org.br\/2019\/","name":"Sindipetro BA","description":"Sindicato dos Petroleiros e Petroleiras do Estado da Bahia","publisher":{"@id":"http:\/\/www.sindipetroba.org.br\/2019\/#organization"},"potentialAction":[{"@type":"SearchAction","target":{"@type":"EntryPoint","urlTemplate":"http:\/\/www.sindipetroba.org.br\/2019\/?s={search_term_string}"},"query-input":{"@type":"PropertyValueSpecification","valueRequired":true,"valueName":"search_term_string"}}],"inLanguage":"pt-BR"},{"@type":"Organization","@id":"http:\/\/www.sindipetroba.org.br\/2019\/#organization","name":"Sindipetro BA","url":"http:\/\/www.sindipetroba.org.br\/2019\/","logo":{"@type":"ImageObject","inLanguage":"pt-BR","@id":"http:\/\/www.sindipetroba.org.br\/2019\/#\/schema\/logo\/image\/","url":"http:\/\/www.sindipetroba.org.br\/2019\/wp-content\/uploads\/2019\/01\/sindipetro-marca-cor.png","contentUrl":"http:\/\/www.sindipetroba.org.br\/2019\/wp-content\/uploads\/2019\/01\/sindipetro-marca-cor.png","width":350,"height":126,"caption":"Sindipetro BA"},"image":{"@id":"http:\/\/www.sindipetroba.org.br\/2019\/#\/schema\/logo\/image\/"},"sameAs":["https:\/\/www.facebook.com\/sindipetroBa\/","https:\/\/x.com\/SindipetroBahia","https:\/\/www.instagram.com\/sindipetroba\/","https:\/\/www.youtube.com\/c\/SindipetroBahiaOficial"]},{"@type":"Person","@id":"http:\/\/www.sindipetroba.org.br\/2019\/#\/schema\/person\/e61228ef9f981537d4c4eb80f6ea7713","name":"admsp","image":{"@type":"ImageObject","inLanguage":"pt-BR","@id":"https:\/\/secure.gravatar.com\/avatar\/50f06e2b746fe9248099d2c61c12342ab36327e9d413e3171dd7033b84800d96?s=96&d=mm&r=g","url":"https:\/\/secure.gravatar.com\/avatar\/50f06e2b746fe9248099d2c61c12342ab36327e9d413e3171dd7033b84800d96?s=96&d=mm&r=g","contentUrl":"https:\/\/secure.gravatar.com\/avatar\/50f06e2b746fe9248099d2c61c12342ab36327e9d413e3171dd7033b84800d96?s=96&d=mm&r=g","caption":"admsp"}}]}},"_links":{"self":[{"href":"http:\/\/www.sindipetroba.org.br\/2019\/wp-json\/wp\/v2\/posts\/3641","targetHints":{"allow":["GET"]}}],"collection":[{"href":"http:\/\/www.sindipetroba.org.br\/2019\/wp-json\/wp\/v2\/posts"}],"about":[{"href":"http:\/\/www.sindipetroba.org.br\/2019\/wp-json\/wp\/v2\/types\/post"}],"author":[{"embeddable":true,"href":"http:\/\/www.sindipetroba.org.br\/2019\/wp-json\/wp\/v2\/users\/1"}],"replies":[{"embeddable":true,"href":"http:\/\/www.sindipetroba.org.br\/2019\/wp-json\/wp\/v2\/comments?post=3641"}],"version-history":[{"count":1,"href":"http:\/\/www.sindipetroba.org.br\/2019\/wp-json\/wp\/v2\/posts\/3641\/revisions"}],"predecessor-version":[{"id":3643,"href":"http:\/\/www.sindipetroba.org.br\/2019\/wp-json\/wp\/v2\/posts\/3641\/revisions\/3643"}],"wp:featuredmedia":[{"embeddable":true,"href":"http:\/\/www.sindipetroba.org.br\/2019\/wp-json\/wp\/v2\/media\/3642"}],"wp:attachment":[{"href":"http:\/\/www.sindipetroba.org.br\/2019\/wp-json\/wp\/v2\/media?parent=3641"}],"wp:term":[{"taxonomy":"category","embeddable":true,"href":"http:\/\/www.sindipetroba.org.br\/2019\/wp-json\/wp\/v2\/categories?post=3641"},{"taxonomy":"post_tag","embeddable":true,"href":"http:\/\/www.sindipetroba.org.br\/2019\/wp-json\/wp\/v2\/tags?post=3641"}],"curies":[{"name":"wp","href":"https:\/\/api.w.org\/{rel}","templated":true}]}}