{"id":4305,"date":"2019-10-25T15:24:17","date_gmt":"2019-10-25T17:24:17","guid":{"rendered":"http:\/\/www.sindipetroba.org.br\/2019\/?p=4305"},"modified":"2019-10-25T16:17:33","modified_gmt":"2019-10-25T18:17:33","slug":"1camara-de-salvador-lanca-frente-parlamentar-mista-em-defesa-da-petrobras-nesta-terca-feira-29","status":"publish","type":"post","link":"http:\/\/www.sindipetroba.org.br\/2019\/1camara-de-salvador-lanca-frente-parlamentar-mista-em-defesa-da-petrobras-nesta-terca-feira-29\/","title":{"rendered":"C\u00e2mara de Salvador lan\u00e7a frente parlamentar mista em defesa da Petrobras, nesta ter\u00e7a-feira (29)"},"content":{"rendered":"<p>Preocupados com a arrecada\u00e7\u00e3o de Salvador e os empregos que ser\u00e3o perdidos com a privatiza\u00e7\u00e3o da Petrobras, os vereadores de Salvador, em uma iniciativa do vereador Mois\u00e9s Rocha (PT), lan\u00e7a nesta ter\u00e7a-feira (29), a frente parlamentar mista em defesa da Petrobras. O evento acontece no Plen\u00e1rio Cosme de Farias, a partir das 9h.<\/p>\n<p>O vereador Mois\u00e9s Rocha (PT) explica que essa frente parlamentar mista ir\u00e1 atuar em parceria com outras frentes parlamentares, em outros n\u00edveis no pa\u00eds.<\/p>\n<p>&#8220;Essa frente parlamentar vai atuar em parceria com a frente lan\u00e7ada na C\u00e2mara Federal pelo deputado Nelson Pelegrino (PT) e a frente da Assembleia Legislativa que vai ser criada em breve pelo deputado Marcelino Galo (PT), al\u00e9m da sociedade civil, sindicatos e associa\u00e7\u00f5es que trabalham dia a dia com a Petrobras. [&#8230;] O objetivo \u00e9 envolver a sociedade civil, n\u00e3o ficar apenas na Casa, mas sair em mobiliza\u00e7\u00e3o&#8221;, explica o petista.<\/p>\n<p>A preocupa\u00e7\u00e3o com a economia de Salvador e do estado \u00e9 um dos pontos centrais entre os parlamentares, segundo Mois\u00e9s. Ele explica que a Petrobras possui uma cadeia produtiva completa na Bahia, gerando grande arrecada\u00e7\u00e3o no estado e tamb\u00e9m em Salvador, pois algumas dessas instala\u00e7\u00f5es est\u00e3o na capital como o pr\u00e9dio do Ediba. Para o vereador, a sa\u00edda da estatal do estado ir\u00e1 influenciar fortemente a economia de Salvador, principalmente daqueles que dependem de forma indireta do funcionamento de instala\u00e7\u00f5es como o Ediba.<\/p>\n<p>&#8220;Existe uma cadeia muito grande do Sistema Petrobras aqui na Bahia, com um potencial muito grande de arrecada\u00e7\u00e3o para o estado e consequentemente para salvador, porque a Petrobras tamb\u00e9m possui instala\u00e7\u00f5es na cidade. Quando fecham o pr\u00e9dio d Ediba, aquele trabalhador que sa\u00eda para almo\u00e7ar em restaurante ali do lado, para fazer lanches ou fazer compras, deixa tamb\u00e9m de movimentar a economia da regi\u00e3o. Sai todo mundo perdendo\u201d, diz o parlamentar.<\/p>\n<p>O petista ainda criticou a pol\u00edtica de pre\u00e7os que vem sendo usado na Petrobras e que tem causado sucessivos aumentos, em diversos combust\u00edveis e outros produtos produzidos pela estatal. O vereador ainda diz que defender a manuten\u00e7\u00e3o da Petrobras, \u00e9 defender a soberania nacional e que isso deve ser explicado a sociedade civil, que segundo ele, muitos acreditam que &#8220;toda essa mobiliza\u00e7\u00e3o \u00e9 devido a uma campanha salarial da categoria, o que n\u00e3o procede&#8221;.<\/p>\n<p>&#8220;N\u00e3o apenas os parlamentares est\u00e3o mobilizados, mas muitas pessoas da sociedade civil e o Sindipetro, por exemplo, que est\u00e1 fazendo uma grande mobiliza\u00e7\u00e3o de conscientiza\u00e7\u00e3o de que esse preju\u00edzo da privatiza\u00e7\u00e3o da Petrobras n\u00e3o ser\u00e1 apenas dos petroleiros, mas de todos os brasileiros&#8221;, afirma.<\/p>\n<p>FONTE: Sindipetro Bahia<\/p>\n","protected":false},"excerpt":{"rendered":"Preocupados com a arrecada\u00e7\u00e3o de Salvador e os empregos que ser\u00e3o perdidos com a privatiza\u00e7\u00e3o da Petrobras, os vereadores de Salvador, em uma iniciativa do vereador Mois\u00e9s Rocha (PT), lan\u00e7a nesta ter\u00e7a-feira (29), a frente parlamentar mista em defesa da Petrobras. O evento acontece no Plen\u00e1rio Cosme de Farias, a partir das 9h. O vereador&#8230; <a class=\"view-article\" href=\"http:\/\/www.sindipetroba.org.br\/2019\/1camara-de-salvador-lanca-frente-parlamentar-mista-em-defesa-da-petrobras-nesta-terca-feira-29\/\">Ver artigo<\/a>","protected":false},"author":1,"featured_media":4311,"comment_status":"closed","ping_status":"open","sticky":false,"template":"","format":"standard","meta":{"_et_pb_use_builder":"","_et_pb_old_content":"","_et_gb_content_width":"","footnotes":""},"categories":[1],"tags":[403,32,404],"class_list":["post-4305","post","type-post","status-publish","format-standard","has-post-thumbnail","hentry","category-noticia","tag-ediba","tag-petrobras","tag-salvador"],"yoast_head":"<!-- This site is optimized with the Yoast SEO plugin v27.3 - https:\/\/yoast.com\/product\/yoast-seo-wordpress\/ -->\n<title>C\u00e2mara de Salvador lan\u00e7a frente parlamentar mista em defesa da Petrobras, nesta ter\u00e7a-feira (29) - Sindipetro BA<\/title>\n<meta name=\"robots\" content=\"index, follow, max-snippet:-1, max-image-preview:large, max-video-preview:-1\" \/>\n<link rel=\"canonical\" href=\"http:\/\/www.sindipetroba.org.br\/2019\/1camara-de-salvador-lanca-frente-parlamentar-mista-em-defesa-da-petrobras-nesta-terca-feira-29\/\" \/>\n<meta property=\"og:locale\" content=\"pt_BR\" \/>\n<meta property=\"og:type\" content=\"article\" \/>\n<meta property=\"og:title\" content=\"C\u00e2mara de Salvador lan\u00e7a frente parlamentar mista em defesa da Petrobras, nesta ter\u00e7a-feira (29) - Sindipetro BA\" \/>\n<meta property=\"og:description\" content=\"Preocupados com a arrecada\u00e7\u00e3o de Salvador e os empregos que ser\u00e3o perdidos com a privatiza\u00e7\u00e3o da Petrobras, os vereadores de Salvador, em uma iniciativa do vereador Mois\u00e9s Rocha (PT), lan\u00e7a nesta ter\u00e7a-feira (29), a frente parlamentar mista em defesa da Petrobras. O evento acontece no Plen\u00e1rio Cosme de Farias, a partir das 9h. O vereador... Ver artigo\" \/>\n<meta property=\"og:url\" content=\"http:\/\/www.sindipetroba.org.br\/2019\/1camara-de-salvador-lanca-frente-parlamentar-mista-em-defesa-da-petrobras-nesta-terca-feira-29\/\" \/>\n<meta property=\"og:site_name\" content=\"Sindipetro BA\" \/>\n<meta property=\"article:publisher\" content=\"https:\/\/www.facebook.com\/sindipetroBa\/\" \/>\n<meta property=\"article:published_time\" content=\"2019-10-25T17:24:17+00:00\" \/>\n<meta property=\"article:modified_time\" content=\"2019-10-25T18:17:33+00:00\" \/>\n<meta property=\"og:image\" content=\"http:\/\/www.sindipetroba.org.br\/2019\/wp-content\/uploads\/2019\/10\/eee-e1572027432252.jpg\" \/>\n\t<meta property=\"og:image:width\" content=\"555\" \/>\n\t<meta property=\"og:image:height\" content=\"555\" \/>\n\t<meta property=\"og:image:type\" content=\"image\/jpeg\" \/>\n<meta name=\"author\" content=\"admsp\" \/>\n<meta name=\"twitter:card\" content=\"summary_large_image\" \/>\n<meta name=\"twitter:creator\" content=\"@SindipetroBahia\" \/>\n<meta name=\"twitter:site\" content=\"@SindipetroBahia\" \/>\n<meta name=\"twitter:label1\" content=\"Escrito por\" \/>\n\t<meta name=\"twitter:data1\" content=\"admsp\" \/>\n\t<meta name=\"twitter:label2\" content=\"Est. tempo de leitura\" \/>\n\t<meta name=\"twitter:data2\" content=\"2 minutos\" \/>\n<script type=\"application\/ld+json\" class=\"yoast-schema-graph\">{\"@context\":\"https:\\\/\\\/schema.org\",\"@graph\":[{\"@type\":\"Article\",\"@id\":\"http:\\\/\\\/www.sindipetroba.org.br\\\/2019\\\/1camara-de-salvador-lanca-frente-parlamentar-mista-em-defesa-da-petrobras-nesta-terca-feira-29\\\/#article\",\"isPartOf\":{\"@id\":\"http:\\\/\\\/www.sindipetroba.org.br\\\/2019\\\/1camara-de-salvador-lanca-frente-parlamentar-mista-em-defesa-da-petrobras-nesta-terca-feira-29\\\/\"},\"author\":{\"name\":\"admsp\",\"@id\":\"http:\\\/\\\/www.sindipetroba.org.br\\\/2019\\\/#\\\/schema\\\/person\\\/e61228ef9f981537d4c4eb80f6ea7713\"},\"headline\":\"C\u00e2mara de Salvador lan\u00e7a frente parlamentar mista em defesa da Petrobras, nesta ter\u00e7a-feira (29)\",\"datePublished\":\"2019-10-25T17:24:17+00:00\",\"dateModified\":\"2019-10-25T18:17:33+00:00\",\"mainEntityOfPage\":{\"@id\":\"http:\\\/\\\/www.sindipetroba.org.br\\\/2019\\\/1camara-de-salvador-lanca-frente-parlamentar-mista-em-defesa-da-petrobras-nesta-terca-feira-29\\\/\"},\"wordCount\":479,\"publisher\":{\"@id\":\"http:\\\/\\\/www.sindipetroba.org.br\\\/2019\\\/#organization\"},\"image\":{\"@id\":\"http:\\\/\\\/www.sindipetroba.org.br\\\/2019\\\/1camara-de-salvador-lanca-frente-parlamentar-mista-em-defesa-da-petrobras-nesta-terca-feira-29\\\/#primaryimage\"},\"thumbnailUrl\":\"http:\\\/\\\/www.sindipetroba.org.br\\\/2019\\\/wp-content\\\/uploads\\\/2019\\\/10\\\/eee-e1572027432252.jpg\",\"keywords\":[\"Ediba\",\"petrobras\",\"Salvador\"],\"articleSection\":[\"Not\u00edcia\"],\"inLanguage\":\"pt-BR\"},{\"@type\":\"WebPage\",\"@id\":\"http:\\\/\\\/www.sindipetroba.org.br\\\/2019\\\/1camara-de-salvador-lanca-frente-parlamentar-mista-em-defesa-da-petrobras-nesta-terca-feira-29\\\/\",\"url\":\"http:\\\/\\\/www.sindipetroba.org.br\\\/2019\\\/1camara-de-salvador-lanca-frente-parlamentar-mista-em-defesa-da-petrobras-nesta-terca-feira-29\\\/\",\"name\":\"C\u00e2mara de Salvador lan\u00e7a frente parlamentar mista em defesa da Petrobras, nesta ter\u00e7a-feira (29) - Sindipetro BA\",\"isPartOf\":{\"@id\":\"http:\\\/\\\/www.sindipetroba.org.br\\\/2019\\\/#website\"},\"primaryImageOfPage\":{\"@id\":\"http:\\\/\\\/www.sindipetroba.org.br\\\/2019\\\/1camara-de-salvador-lanca-frente-parlamentar-mista-em-defesa-da-petrobras-nesta-terca-feira-29\\\/#primaryimage\"},\"image\":{\"@id\":\"http:\\\/\\\/www.sindipetroba.org.br\\\/2019\\\/1camara-de-salvador-lanca-frente-parlamentar-mista-em-defesa-da-petrobras-nesta-terca-feira-29\\\/#primaryimage\"},\"thumbnailUrl\":\"http:\\\/\\\/www.sindipetroba.org.br\\\/2019\\\/wp-content\\\/uploads\\\/2019\\\/10\\\/eee-e1572027432252.jpg\",\"datePublished\":\"2019-10-25T17:24:17+00:00\",\"dateModified\":\"2019-10-25T18:17:33+00:00\",\"breadcrumb\":{\"@id\":\"http:\\\/\\\/www.sindipetroba.org.br\\\/2019\\\/1camara-de-salvador-lanca-frente-parlamentar-mista-em-defesa-da-petrobras-nesta-terca-feira-29\\\/#breadcrumb\"},\"inLanguage\":\"pt-BR\",\"potentialAction\":[{\"@type\":\"ReadAction\",\"target\":[\"http:\\\/\\\/www.sindipetroba.org.br\\\/2019\\\/1camara-de-salvador-lanca-frente-parlamentar-mista-em-defesa-da-petrobras-nesta-terca-feira-29\\\/\"]}]},{\"@type\":\"ImageObject\",\"inLanguage\":\"pt-BR\",\"@id\":\"http:\\\/\\\/www.sindipetroba.org.br\\\/2019\\\/1camara-de-salvador-lanca-frente-parlamentar-mista-em-defesa-da-petrobras-nesta-terca-feira-29\\\/#primaryimage\",\"url\":\"http:\\\/\\\/www.sindipetroba.org.br\\\/2019\\\/wp-content\\\/uploads\\\/2019\\\/10\\\/eee-e1572027432252.jpg\",\"contentUrl\":\"http:\\\/\\\/www.sindipetroba.org.br\\\/2019\\\/wp-content\\\/uploads\\\/2019\\\/10\\\/eee-e1572027432252.jpg\",\"width\":555,\"height\":555},{\"@type\":\"BreadcrumbList\",\"@id\":\"http:\\\/\\\/www.sindipetroba.org.br\\\/2019\\\/1camara-de-salvador-lanca-frente-parlamentar-mista-em-defesa-da-petrobras-nesta-terca-feira-29\\\/#breadcrumb\",\"itemListElement\":[{\"@type\":\"ListItem\",\"position\":1,\"name\":\"In\u00edcio\",\"item\":\"http:\\\/\\\/www.sindipetroba.org.br\\\/2019\\\/\"},{\"@type\":\"ListItem\",\"position\":2,\"name\":\"C\u00e2mara de Salvador lan\u00e7a frente parlamentar mista em defesa da Petrobras, nesta ter\u00e7a-feira (29)\"}]},{\"@type\":\"WebSite\",\"@id\":\"http:\\\/\\\/www.sindipetroba.org.br\\\/2019\\\/#website\",\"url\":\"http:\\\/\\\/www.sindipetroba.org.br\\\/2019\\\/\",\"name\":\"Sindipetro BA\",\"description\":\"Sindicato dos Petroleiros e Petroleiras do Estado da Bahia\",\"publisher\":{\"@id\":\"http:\\\/\\\/www.sindipetroba.org.br\\\/2019\\\/#organization\"},\"potentialAction\":[{\"@type\":\"SearchAction\",\"target\":{\"@type\":\"EntryPoint\",\"urlTemplate\":\"http:\\\/\\\/www.sindipetroba.org.br\\\/2019\\\/?s={search_term_string}\"},\"query-input\":{\"@type\":\"PropertyValueSpecification\",\"valueRequired\":true,\"valueName\":\"search_term_string\"}}],\"inLanguage\":\"pt-BR\"},{\"@type\":\"Organization\",\"@id\":\"http:\\\/\\\/www.sindipetroba.org.br\\\/2019\\\/#organization\",\"name\":\"Sindipetro BA\",\"url\":\"http:\\\/\\\/www.sindipetroba.org.br\\\/2019\\\/\",\"logo\":{\"@type\":\"ImageObject\",\"inLanguage\":\"pt-BR\",\"@id\":\"http:\\\/\\\/www.sindipetroba.org.br\\\/2019\\\/#\\\/schema\\\/logo\\\/image\\\/\",\"url\":\"http:\\\/\\\/www.sindipetroba.org.br\\\/2019\\\/wp-content\\\/uploads\\\/2019\\\/01\\\/sindipetro-marca-cor.png\",\"contentUrl\":\"http:\\\/\\\/www.sindipetroba.org.br\\\/2019\\\/wp-content\\\/uploads\\\/2019\\\/01\\\/sindipetro-marca-cor.png\",\"width\":350,\"height\":126,\"caption\":\"Sindipetro BA\"},\"image\":{\"@id\":\"http:\\\/\\\/www.sindipetroba.org.br\\\/2019\\\/#\\\/schema\\\/logo\\\/image\\\/\"},\"sameAs\":[\"https:\\\/\\\/www.facebook.com\\\/sindipetroBa\\\/\",\"https:\\\/\\\/x.com\\\/SindipetroBahia\",\"https:\\\/\\\/www.instagram.com\\\/sindipetroba\\\/\",\"https:\\\/\\\/www.youtube.com\\\/c\\\/SindipetroBahiaOficial\"]},{\"@type\":\"Person\",\"@id\":\"http:\\\/\\\/www.sindipetroba.org.br\\\/2019\\\/#\\\/schema\\\/person\\\/e61228ef9f981537d4c4eb80f6ea7713\",\"name\":\"admsp\",\"image\":{\"@type\":\"ImageObject\",\"inLanguage\":\"pt-BR\",\"@id\":\"https:\\\/\\\/secure.gravatar.com\\\/avatar\\\/50f06e2b746fe9248099d2c61c12342ab36327e9d413e3171dd7033b84800d96?s=96&d=mm&r=g\",\"url\":\"https:\\\/\\\/secure.gravatar.com\\\/avatar\\\/50f06e2b746fe9248099d2c61c12342ab36327e9d413e3171dd7033b84800d96?s=96&d=mm&r=g\",\"contentUrl\":\"https:\\\/\\\/secure.gravatar.com\\\/avatar\\\/50f06e2b746fe9248099d2c61c12342ab36327e9d413e3171dd7033b84800d96?s=96&d=mm&r=g\",\"caption\":\"admsp\"}}]}<\/script>\n<!-- \/ Yoast SEO plugin. -->","yoast_head_json":{"title":"C\u00e2mara de Salvador lan\u00e7a frente parlamentar mista em defesa da Petrobras, nesta ter\u00e7a-feira (29) - Sindipetro BA","robots":{"index":"index","follow":"follow","max-snippet":"max-snippet:-1","max-image-preview":"max-image-preview:large","max-video-preview":"max-video-preview:-1"},"canonical":"http:\/\/www.sindipetroba.org.br\/2019\/1camara-de-salvador-lanca-frente-parlamentar-mista-em-defesa-da-petrobras-nesta-terca-feira-29\/","og_locale":"pt_BR","og_type":"article","og_title":"C\u00e2mara de Salvador lan\u00e7a frente parlamentar mista em defesa da Petrobras, nesta ter\u00e7a-feira (29) - Sindipetro BA","og_description":"Preocupados com a arrecada\u00e7\u00e3o de Salvador e os empregos que ser\u00e3o perdidos com a privatiza\u00e7\u00e3o da Petrobras, os vereadores de Salvador, em uma iniciativa do vereador Mois\u00e9s Rocha (PT), lan\u00e7a nesta ter\u00e7a-feira (29), a frente parlamentar mista em defesa da Petrobras. O evento acontece no Plen\u00e1rio Cosme de Farias, a partir das 9h. O vereador... Ver artigo","og_url":"http:\/\/www.sindipetroba.org.br\/2019\/1camara-de-salvador-lanca-frente-parlamentar-mista-em-defesa-da-petrobras-nesta-terca-feira-29\/","og_site_name":"Sindipetro BA","article_publisher":"https:\/\/www.facebook.com\/sindipetroBa\/","article_published_time":"2019-10-25T17:24:17+00:00","article_modified_time":"2019-10-25T18:17:33+00:00","og_image":[{"width":555,"height":555,"url":"http:\/\/www.sindipetroba.org.br\/2019\/wp-content\/uploads\/2019\/10\/eee-e1572027432252.jpg","type":"image\/jpeg"}],"author":"admsp","twitter_card":"summary_large_image","twitter_creator":"@SindipetroBahia","twitter_site":"@SindipetroBahia","twitter_misc":{"Escrito por":"admsp","Est. tempo de leitura":"2 minutos"},"schema":{"@context":"https:\/\/schema.org","@graph":[{"@type":"Article","@id":"http:\/\/www.sindipetroba.org.br\/2019\/1camara-de-salvador-lanca-frente-parlamentar-mista-em-defesa-da-petrobras-nesta-terca-feira-29\/#article","isPartOf":{"@id":"http:\/\/www.sindipetroba.org.br\/2019\/1camara-de-salvador-lanca-frente-parlamentar-mista-em-defesa-da-petrobras-nesta-terca-feira-29\/"},"author":{"name":"admsp","@id":"http:\/\/www.sindipetroba.org.br\/2019\/#\/schema\/person\/e61228ef9f981537d4c4eb80f6ea7713"},"headline":"C\u00e2mara de Salvador lan\u00e7a frente parlamentar mista em defesa da Petrobras, nesta ter\u00e7a-feira (29)","datePublished":"2019-10-25T17:24:17+00:00","dateModified":"2019-10-25T18:17:33+00:00","mainEntityOfPage":{"@id":"http:\/\/www.sindipetroba.org.br\/2019\/1camara-de-salvador-lanca-frente-parlamentar-mista-em-defesa-da-petrobras-nesta-terca-feira-29\/"},"wordCount":479,"publisher":{"@id":"http:\/\/www.sindipetroba.org.br\/2019\/#organization"},"image":{"@id":"http:\/\/www.sindipetroba.org.br\/2019\/1camara-de-salvador-lanca-frente-parlamentar-mista-em-defesa-da-petrobras-nesta-terca-feira-29\/#primaryimage"},"thumbnailUrl":"http:\/\/www.sindipetroba.org.br\/2019\/wp-content\/uploads\/2019\/10\/eee-e1572027432252.jpg","keywords":["Ediba","petrobras","Salvador"],"articleSection":["Not\u00edcia"],"inLanguage":"pt-BR"},{"@type":"WebPage","@id":"http:\/\/www.sindipetroba.org.br\/2019\/1camara-de-salvador-lanca-frente-parlamentar-mista-em-defesa-da-petrobras-nesta-terca-feira-29\/","url":"http:\/\/www.sindipetroba.org.br\/2019\/1camara-de-salvador-lanca-frente-parlamentar-mista-em-defesa-da-petrobras-nesta-terca-feira-29\/","name":"C\u00e2mara de Salvador lan\u00e7a frente parlamentar mista em defesa da Petrobras, nesta ter\u00e7a-feira (29) - Sindipetro BA","isPartOf":{"@id":"http:\/\/www.sindipetroba.org.br\/2019\/#website"},"primaryImageOfPage":{"@id":"http:\/\/www.sindipetroba.org.br\/2019\/1camara-de-salvador-lanca-frente-parlamentar-mista-em-defesa-da-petrobras-nesta-terca-feira-29\/#primaryimage"},"image":{"@id":"http:\/\/www.sindipetroba.org.br\/2019\/1camara-de-salvador-lanca-frente-parlamentar-mista-em-defesa-da-petrobras-nesta-terca-feira-29\/#primaryimage"},"thumbnailUrl":"http:\/\/www.sindipetroba.org.br\/2019\/wp-content\/uploads\/2019\/10\/eee-e1572027432252.jpg","datePublished":"2019-10-25T17:24:17+00:00","dateModified":"2019-10-25T18:17:33+00:00","breadcrumb":{"@id":"http:\/\/www.sindipetroba.org.br\/2019\/1camara-de-salvador-lanca-frente-parlamentar-mista-em-defesa-da-petrobras-nesta-terca-feira-29\/#breadcrumb"},"inLanguage":"pt-BR","potentialAction":[{"@type":"ReadAction","target":["http:\/\/www.sindipetroba.org.br\/2019\/1camara-de-salvador-lanca-frente-parlamentar-mista-em-defesa-da-petrobras-nesta-terca-feira-29\/"]}]},{"@type":"ImageObject","inLanguage":"pt-BR","@id":"http:\/\/www.sindipetroba.org.br\/2019\/1camara-de-salvador-lanca-frente-parlamentar-mista-em-defesa-da-petrobras-nesta-terca-feira-29\/#primaryimage","url":"http:\/\/www.sindipetroba.org.br\/2019\/wp-content\/uploads\/2019\/10\/eee-e1572027432252.jpg","contentUrl":"http:\/\/www.sindipetroba.org.br\/2019\/wp-content\/uploads\/2019\/10\/eee-e1572027432252.jpg","width":555,"height":555},{"@type":"BreadcrumbList","@id":"http:\/\/www.sindipetroba.org.br\/2019\/1camara-de-salvador-lanca-frente-parlamentar-mista-em-defesa-da-petrobras-nesta-terca-feira-29\/#breadcrumb","itemListElement":[{"@type":"ListItem","position":1,"name":"In\u00edcio","item":"http:\/\/www.sindipetroba.org.br\/2019\/"},{"@type":"ListItem","position":2,"name":"C\u00e2mara de Salvador lan\u00e7a frente parlamentar mista em defesa da Petrobras, nesta ter\u00e7a-feira (29)"}]},{"@type":"WebSite","@id":"http:\/\/www.sindipetroba.org.br\/2019\/#website","url":"http:\/\/www.sindipetroba.org.br\/2019\/","name":"Sindipetro BA","description":"Sindicato dos Petroleiros e Petroleiras do Estado da Bahia","publisher":{"@id":"http:\/\/www.sindipetroba.org.br\/2019\/#organization"},"potentialAction":[{"@type":"SearchAction","target":{"@type":"EntryPoint","urlTemplate":"http:\/\/www.sindipetroba.org.br\/2019\/?s={search_term_string}"},"query-input":{"@type":"PropertyValueSpecification","valueRequired":true,"valueName":"search_term_string"}}],"inLanguage":"pt-BR"},{"@type":"Organization","@id":"http:\/\/www.sindipetroba.org.br\/2019\/#organization","name":"Sindipetro BA","url":"http:\/\/www.sindipetroba.org.br\/2019\/","logo":{"@type":"ImageObject","inLanguage":"pt-BR","@id":"http:\/\/www.sindipetroba.org.br\/2019\/#\/schema\/logo\/image\/","url":"http:\/\/www.sindipetroba.org.br\/2019\/wp-content\/uploads\/2019\/01\/sindipetro-marca-cor.png","contentUrl":"http:\/\/www.sindipetroba.org.br\/2019\/wp-content\/uploads\/2019\/01\/sindipetro-marca-cor.png","width":350,"height":126,"caption":"Sindipetro BA"},"image":{"@id":"http:\/\/www.sindipetroba.org.br\/2019\/#\/schema\/logo\/image\/"},"sameAs":["https:\/\/www.facebook.com\/sindipetroBa\/","https:\/\/x.com\/SindipetroBahia","https:\/\/www.instagram.com\/sindipetroba\/","https:\/\/www.youtube.com\/c\/SindipetroBahiaOficial"]},{"@type":"Person","@id":"http:\/\/www.sindipetroba.org.br\/2019\/#\/schema\/person\/e61228ef9f981537d4c4eb80f6ea7713","name":"admsp","image":{"@type":"ImageObject","inLanguage":"pt-BR","@id":"https:\/\/secure.gravatar.com\/avatar\/50f06e2b746fe9248099d2c61c12342ab36327e9d413e3171dd7033b84800d96?s=96&d=mm&r=g","url":"https:\/\/secure.gravatar.com\/avatar\/50f06e2b746fe9248099d2c61c12342ab36327e9d413e3171dd7033b84800d96?s=96&d=mm&r=g","contentUrl":"https:\/\/secure.gravatar.com\/avatar\/50f06e2b746fe9248099d2c61c12342ab36327e9d413e3171dd7033b84800d96?s=96&d=mm&r=g","caption":"admsp"}}]}},"_links":{"self":[{"href":"http:\/\/www.sindipetroba.org.br\/2019\/wp-json\/wp\/v2\/posts\/4305","targetHints":{"allow":["GET"]}}],"collection":[{"href":"http:\/\/www.sindipetroba.org.br\/2019\/wp-json\/wp\/v2\/posts"}],"about":[{"href":"http:\/\/www.sindipetroba.org.br\/2019\/wp-json\/wp\/v2\/types\/post"}],"author":[{"embeddable":true,"href":"http:\/\/www.sindipetroba.org.br\/2019\/wp-json\/wp\/v2\/users\/1"}],"replies":[{"embeddable":true,"href":"http:\/\/www.sindipetroba.org.br\/2019\/wp-json\/wp\/v2\/comments?post=4305"}],"version-history":[{"count":1,"href":"http:\/\/www.sindipetroba.org.br\/2019\/wp-json\/wp\/v2\/posts\/4305\/revisions"}],"predecessor-version":[{"id":4307,"href":"http:\/\/www.sindipetroba.org.br\/2019\/wp-json\/wp\/v2\/posts\/4305\/revisions\/4307"}],"wp:featuredmedia":[{"embeddable":true,"href":"http:\/\/www.sindipetroba.org.br\/2019\/wp-json\/wp\/v2\/media\/4311"}],"wp:attachment":[{"href":"http:\/\/www.sindipetroba.org.br\/2019\/wp-json\/wp\/v2\/media?parent=4305"}],"wp:term":[{"taxonomy":"category","embeddable":true,"href":"http:\/\/www.sindipetroba.org.br\/2019\/wp-json\/wp\/v2\/categories?post=4305"},{"taxonomy":"post_tag","embeddable":true,"href":"http:\/\/www.sindipetroba.org.br\/2019\/wp-json\/wp\/v2\/tags?post=4305"}],"curies":[{"name":"wp","href":"https:\/\/api.w.org\/{rel}","templated":true}]}}