{"id":6021,"date":"2020-02-06T13:30:47","date_gmt":"2020-02-06T15:30:47","guid":{"rendered":"http:\/\/www.sindipetroba.org.br\/2019\/?p=6021"},"modified":"2020-02-06T16:45:07","modified_gmt":"2020-02-06T18:45:07","slug":"greve-dos-petroleiros-rlam-ja-tem-trabalhadores-em-carcere-privado","status":"publish","type":"post","link":"http:\/\/www.sindipetroba.org.br\/2019\/greve-dos-petroleiros-rlam-ja-tem-trabalhadores-em-carcere-privado\/","title":{"rendered":"Greve dos petroleiros &#8211;  Rlam j\u00e1 tem trabalhadores em c\u00e1rcere privado"},"content":{"rendered":"<p>A greve dos petroleiros entra no sexto dia com a ades\u00e3o de 50 unidades do Sistema Petrobr\u00e1s em todo o Brasil, o que significa que cerca de 18 mil petroleiros est\u00e3o de bra\u00e7os cruzados em 13 estados do pa\u00eds.<\/p>\n<p>Na Bahia, a greve se fortalece a cada dia, ganhando a ades\u00e3o de trabalhadores pr\u00f3prios\u00a0 do adm e\u00a0 do turno e tamb\u00e9m dos terceirizados.<\/p>\n<p>Na Refinaria Landulpho Alves, com o corte de rendi\u00e7\u00e3o, os operadores n\u00e3o entraram para trabalhar, retornando para as suas resid\u00eancias. Muitos daqueles que j\u00e1 estavam na unidade est\u00e3o pedindo para sair, pois n\u00e3o se sentem mais em condi\u00e7\u00f5es de continuar trabalhando.<\/p>\n<p>A n\u00e3o permiss\u00e3o da sa\u00edda desses trabalhadores configura c\u00e1rcere privado, o que \u00e9 ilegal e pode trazer s\u00e9rias consequ\u00eancias para a seguran\u00e7a do operador e da pr\u00f3pria unidade. A ger\u00eancia da RLAM est\u00e1 correndo esse risco e deve arcar com as consequ\u00eancias jur\u00eddicas em caso de acidente.<\/p>\n<p>Para aqueles trabalhadores que j\u00e1\u00a0 cumpriram sua jornada de trabalho, a orienta\u00e7\u00e3o do Sindipetro Bahia \u00e9 que preencha o <a href=\"http:\/\/www.sindipetroba.org.br\/2019\/wp-content\/uploads\/2020\/02\/Documento-1-1-1.pdf\"><strong>modelo de solicita\u00e7\u00e3o<\/strong> <\/a>para sa\u00edda da refinaria, entregue ao seu gerente e envie c\u00f3pia para\u00a0 <a href=\"mailto:secretaria@sindipetroba.org.br\">secretaria@sindipetroba.org.br<\/a>.<\/p>\n<p>No Temadre tamb\u00e9m houve corte de rendi\u00e7\u00e3o. J\u00e1 nas unidades da UO-BA, como Ara\u00e7as, Santiago, Buracica, B\u00e1lsamo, Candeias, Miranga e Taquipe,\u00a0 os trabalhadores t\u00eam participado de atividades com a diretoria do Sindipetro, retornando, em seguida, para as suas casas.<\/p>\n<p>Em Taquipe, foi realizada outra grande mobiliza\u00e7\u00e3o na manh\u00e3 dessa quinta-feira (06). Como vem acontecendo desde o inicio da greve, somente gerentes, equipe m\u00e9dica, seguran\u00e7a industrial, patrimonial e equipe ambiental, entraram para trabalhar ap\u00f3s negocia\u00e7\u00e3o com o sindicato.<\/p>\n<p><img loading=\"lazy\" decoding=\"async\" width=\"750\" height=\"500\" class=\"alignnone size-full wp-image-6024\" src=\"http:\/\/www.sindipetroba.org.br\/2019\/wp-content\/uploads\/2020\/02\/greve-Taquipe.jpg\" alt=\"\" srcset=\"http:\/\/www.sindipetroba.org.br\/2019\/wp-content\/uploads\/2020\/02\/greve-Taquipe.jpg 750w, http:\/\/www.sindipetroba.org.br\/2019\/wp-content\/uploads\/2020\/02\/greve-Taquipe-250x167.jpg 250w, http:\/\/www.sindipetroba.org.br\/2019\/wp-content\/uploads\/2020\/02\/greve-Taquipe-700x467.jpg 700w, http:\/\/www.sindipetroba.org.br\/2019\/wp-content\/uploads\/2020\/02\/greve-Taquipe-120x80.jpg 120w\" sizes=\"(max-width: 750px) 100vw, 750px\" \/><\/p>\n<p>Na PBIO, as atividades est\u00e3o paralisadas desde a segunda-feira (03). Os trabalhadores da manuten\u00e7\u00e3o, laborat\u00f3rio e adm est\u00e3o de bra\u00e7os cruzados. Na f\u00e1brica de Biodiesel, a produ\u00e7\u00e3o est\u00e1 quase parando devido ao movimento paredista.<\/p>\n<p>A greve dos petroleiros \u00e9 contra o descumprindo do Acordo Coletivo de Trabalho e pela suspens\u00e3o imediata do programa de demiss\u00f5es de 1.000 trabalhadores na F\u00e1brica de Fertilizantes Nitrogenados do Paran\u00e1 (Fafen-PR), em Arauc\u00e1ria, regi\u00e3o metropolitana de Curitiba, que segundo comunicado pela Petrobr\u00e1s, ser\u00e1 iniciado em 14 de fevereiro. As demiss\u00f5es ferem a cl\u00e1usula 26 do ACT, que determina que qualquer demiss\u00e3o em massa deve ser discutida previamente com os sindicatos, o que n\u00e3o ocorreu.<\/p>\n<p>Mas esse n\u00e3o \u00e9 um caso isolado de descumprimento de acordo. A dire\u00e7\u00e3o da Petrobr\u00e1s vem, reiteradamente, atropelando as legisla\u00e7\u00f5es e o pr\u00f3prio processo de negocia\u00e7\u00e3o, impondo decis\u00f5es unilaterais, \u00e0 revelia dos sindicatos e da vontade dos trabalhadores\u201d revela a Federa\u00e7\u00e3o, citando como exemplos a tabela de turno, banco de horas, hora extra na troca de turno, rel\u00f3gio de ponto, interst\u00edcio total, PLR, mudan\u00e7as na Assist\u00eancia M\u00e9dica Supletiva (AMS), transfer\u00eancias arbitr\u00e1rias de trabalhadores, demiss\u00f5es individuais e seletivas.<\/p>\n<p>&nbsp;<\/p>\n<p><a href=\"http:\/\/www.sindipetroba.org.br\/2019\/wp-content\/uploads\/2020\/02\/Documento-1-1-1.pdf\"><strong>Clique aqui para acessar o\u00a0 modelo de solicita\u00e7\u00e3o para sa\u00edda da refinaria<\/strong><\/a><\/p>\n<p>&nbsp;<\/p>\n<p>Fonte \u2013 Sindipetro Bahia<\/p>\n","protected":false},"excerpt":{"rendered":"A greve dos petroleiros entra no sexto dia com a ades\u00e3o de 50 unidades do Sistema Petrobr\u00e1s em todo o Brasil, o que significa que cerca de 18 mil petroleiros est\u00e3o de bra\u00e7os cruzados em 13 estados do pa\u00eds. Na Bahia, a greve se fortalece a cada dia, ganhando a ades\u00e3o de trabalhadores pr\u00f3prios\u00a0 do&#8230; <a class=\"view-article\" href=\"http:\/\/www.sindipetroba.org.br\/2019\/greve-dos-petroleiros-rlam-ja-tem-trabalhadores-em-carcere-privado\/\">Ver artigo<\/a>","protected":false},"author":1,"featured_media":6022,"comment_status":"closed","ping_status":"open","sticky":false,"template":"","format":"standard","meta":{"_et_pb_use_builder":"","_et_pb_old_content":"","_et_gb_content_width":"","footnotes":""},"categories":[1],"tags":[488,568,44,30],"class_list":["post-6021","post","type-post","status-publish","format-standard","has-post-thumbnail","hentry","category-noticia","tag-carcere-privado","tag-greve-dos-petroleiros","tag-rlam","tag-sindipetro-bahia"],"yoast_head":"<!-- This site is optimized with the Yoast SEO plugin v27.3 - https:\/\/yoast.com\/product\/yoast-seo-wordpress\/ -->\n<title>Greve dos petroleiros - Rlam j\u00e1 tem trabalhadores em c\u00e1rcere privado - Sindipetro BA<\/title>\n<meta name=\"robots\" content=\"index, follow, max-snippet:-1, max-image-preview:large, max-video-preview:-1\" \/>\n<link rel=\"canonical\" href=\"http:\/\/www.sindipetroba.org.br\/2019\/greve-dos-petroleiros-rlam-ja-tem-trabalhadores-em-carcere-privado\/\" \/>\n<meta property=\"og:locale\" content=\"pt_BR\" \/>\n<meta property=\"og:type\" content=\"article\" \/>\n<meta property=\"og:title\" content=\"Greve dos petroleiros - Rlam j\u00e1 tem trabalhadores em c\u00e1rcere privado - Sindipetro BA\" \/>\n<meta property=\"og:description\" content=\"A greve dos petroleiros entra no sexto dia com a ades\u00e3o de 50 unidades do Sistema Petrobr\u00e1s em todo o Brasil, o que significa que cerca de 18 mil petroleiros est\u00e3o de bra\u00e7os cruzados em 13 estados do pa\u00eds. Na Bahia, a greve se fortalece a cada dia, ganhando a ades\u00e3o de trabalhadores pr\u00f3prios\u00a0 do... Ver artigo\" \/>\n<meta property=\"og:url\" content=\"http:\/\/www.sindipetroba.org.br\/2019\/greve-dos-petroleiros-rlam-ja-tem-trabalhadores-em-carcere-privado\/\" \/>\n<meta property=\"og:site_name\" content=\"Sindipetro BA\" \/>\n<meta property=\"article:publisher\" content=\"https:\/\/www.facebook.com\/sindipetroBa\/\" \/>\n<meta property=\"article:published_time\" content=\"2020-02-06T15:30:47+00:00\" \/>\n<meta property=\"article:modified_time\" content=\"2020-02-06T18:45:07+00:00\" \/>\n<meta property=\"og:image\" content=\"http:\/\/www.sindipetroba.org.br\/2019\/wp-content\/uploads\/2020\/02\/taquipe-estamos-em-greve.jpg\" \/>\n\t<meta property=\"og:image:width\" content=\"750\" \/>\n\t<meta property=\"og:image:height\" content=\"500\" \/>\n\t<meta property=\"og:image:type\" content=\"image\/jpeg\" \/>\n<meta name=\"author\" content=\"admsp\" \/>\n<meta name=\"twitter:card\" content=\"summary_large_image\" \/>\n<meta name=\"twitter:creator\" content=\"@SindipetroBahia\" \/>\n<meta name=\"twitter:site\" content=\"@SindipetroBahia\" \/>\n<meta name=\"twitter:label1\" content=\"Escrito por\" \/>\n\t<meta name=\"twitter:data1\" content=\"admsp\" \/>\n\t<meta name=\"twitter:label2\" content=\"Est. tempo de leitura\" \/>\n\t<meta name=\"twitter:data2\" content=\"3 minutos\" \/>\n<script type=\"application\/ld+json\" class=\"yoast-schema-graph\">{\"@context\":\"https:\\\/\\\/schema.org\",\"@graph\":[{\"@type\":\"Article\",\"@id\":\"http:\\\/\\\/www.sindipetroba.org.br\\\/2019\\\/greve-dos-petroleiros-rlam-ja-tem-trabalhadores-em-carcere-privado\\\/#article\",\"isPartOf\":{\"@id\":\"http:\\\/\\\/www.sindipetroba.org.br\\\/2019\\\/greve-dos-petroleiros-rlam-ja-tem-trabalhadores-em-carcere-privado\\\/\"},\"author\":{\"name\":\"admsp\",\"@id\":\"http:\\\/\\\/www.sindipetroba.org.br\\\/2019\\\/#\\\/schema\\\/person\\\/e61228ef9f981537d4c4eb80f6ea7713\"},\"headline\":\"Greve dos petroleiros &#8211; Rlam j\u00e1 tem trabalhadores em c\u00e1rcere privado\",\"datePublished\":\"2020-02-06T15:30:47+00:00\",\"dateModified\":\"2020-02-06T18:45:07+00:00\",\"mainEntityOfPage\":{\"@id\":\"http:\\\/\\\/www.sindipetroba.org.br\\\/2019\\\/greve-dos-petroleiros-rlam-ja-tem-trabalhadores-em-carcere-privado\\\/\"},\"wordCount\":542,\"publisher\":{\"@id\":\"http:\\\/\\\/www.sindipetroba.org.br\\\/2019\\\/#organization\"},\"image\":{\"@id\":\"http:\\\/\\\/www.sindipetroba.org.br\\\/2019\\\/greve-dos-petroleiros-rlam-ja-tem-trabalhadores-em-carcere-privado\\\/#primaryimage\"},\"thumbnailUrl\":\"http:\\\/\\\/www.sindipetroba.org.br\\\/2019\\\/wp-content\\\/uploads\\\/2020\\\/02\\\/taquipe-estamos-em-greve.jpg\",\"keywords\":[\"c\u00e1rcere privado\",\"greve dos petroleiros\",\"RLAM\",\"sindipetro bahia\"],\"articleSection\":[\"Not\u00edcia\"],\"inLanguage\":\"pt-BR\"},{\"@type\":\"WebPage\",\"@id\":\"http:\\\/\\\/www.sindipetroba.org.br\\\/2019\\\/greve-dos-petroleiros-rlam-ja-tem-trabalhadores-em-carcere-privado\\\/\",\"url\":\"http:\\\/\\\/www.sindipetroba.org.br\\\/2019\\\/greve-dos-petroleiros-rlam-ja-tem-trabalhadores-em-carcere-privado\\\/\",\"name\":\"Greve dos petroleiros - Rlam j\u00e1 tem trabalhadores em c\u00e1rcere privado - Sindipetro BA\",\"isPartOf\":{\"@id\":\"http:\\\/\\\/www.sindipetroba.org.br\\\/2019\\\/#website\"},\"primaryImageOfPage\":{\"@id\":\"http:\\\/\\\/www.sindipetroba.org.br\\\/2019\\\/greve-dos-petroleiros-rlam-ja-tem-trabalhadores-em-carcere-privado\\\/#primaryimage\"},\"image\":{\"@id\":\"http:\\\/\\\/www.sindipetroba.org.br\\\/2019\\\/greve-dos-petroleiros-rlam-ja-tem-trabalhadores-em-carcere-privado\\\/#primaryimage\"},\"thumbnailUrl\":\"http:\\\/\\\/www.sindipetroba.org.br\\\/2019\\\/wp-content\\\/uploads\\\/2020\\\/02\\\/taquipe-estamos-em-greve.jpg\",\"datePublished\":\"2020-02-06T15:30:47+00:00\",\"dateModified\":\"2020-02-06T18:45:07+00:00\",\"breadcrumb\":{\"@id\":\"http:\\\/\\\/www.sindipetroba.org.br\\\/2019\\\/greve-dos-petroleiros-rlam-ja-tem-trabalhadores-em-carcere-privado\\\/#breadcrumb\"},\"inLanguage\":\"pt-BR\",\"potentialAction\":[{\"@type\":\"ReadAction\",\"target\":[\"http:\\\/\\\/www.sindipetroba.org.br\\\/2019\\\/greve-dos-petroleiros-rlam-ja-tem-trabalhadores-em-carcere-privado\\\/\"]}]},{\"@type\":\"ImageObject\",\"inLanguage\":\"pt-BR\",\"@id\":\"http:\\\/\\\/www.sindipetroba.org.br\\\/2019\\\/greve-dos-petroleiros-rlam-ja-tem-trabalhadores-em-carcere-privado\\\/#primaryimage\",\"url\":\"http:\\\/\\\/www.sindipetroba.org.br\\\/2019\\\/wp-content\\\/uploads\\\/2020\\\/02\\\/taquipe-estamos-em-greve.jpg\",\"contentUrl\":\"http:\\\/\\\/www.sindipetroba.org.br\\\/2019\\\/wp-content\\\/uploads\\\/2020\\\/02\\\/taquipe-estamos-em-greve.jpg\",\"width\":750,\"height\":500},{\"@type\":\"BreadcrumbList\",\"@id\":\"http:\\\/\\\/www.sindipetroba.org.br\\\/2019\\\/greve-dos-petroleiros-rlam-ja-tem-trabalhadores-em-carcere-privado\\\/#breadcrumb\",\"itemListElement\":[{\"@type\":\"ListItem\",\"position\":1,\"name\":\"In\u00edcio\",\"item\":\"http:\\\/\\\/www.sindipetroba.org.br\\\/2019\\\/\"},{\"@type\":\"ListItem\",\"position\":2,\"name\":\"Greve dos petroleiros &#8211; Rlam j\u00e1 tem trabalhadores em c\u00e1rcere privado\"}]},{\"@type\":\"WebSite\",\"@id\":\"http:\\\/\\\/www.sindipetroba.org.br\\\/2019\\\/#website\",\"url\":\"http:\\\/\\\/www.sindipetroba.org.br\\\/2019\\\/\",\"name\":\"Sindipetro BA\",\"description\":\"Sindicato dos Petroleiros e Petroleiras do Estado da Bahia\",\"publisher\":{\"@id\":\"http:\\\/\\\/www.sindipetroba.org.br\\\/2019\\\/#organization\"},\"potentialAction\":[{\"@type\":\"SearchAction\",\"target\":{\"@type\":\"EntryPoint\",\"urlTemplate\":\"http:\\\/\\\/www.sindipetroba.org.br\\\/2019\\\/?s={search_term_string}\"},\"query-input\":{\"@type\":\"PropertyValueSpecification\",\"valueRequired\":true,\"valueName\":\"search_term_string\"}}],\"inLanguage\":\"pt-BR\"},{\"@type\":\"Organization\",\"@id\":\"http:\\\/\\\/www.sindipetroba.org.br\\\/2019\\\/#organization\",\"name\":\"Sindipetro BA\",\"url\":\"http:\\\/\\\/www.sindipetroba.org.br\\\/2019\\\/\",\"logo\":{\"@type\":\"ImageObject\",\"inLanguage\":\"pt-BR\",\"@id\":\"http:\\\/\\\/www.sindipetroba.org.br\\\/2019\\\/#\\\/schema\\\/logo\\\/image\\\/\",\"url\":\"http:\\\/\\\/www.sindipetroba.org.br\\\/2019\\\/wp-content\\\/uploads\\\/2019\\\/01\\\/sindipetro-marca-cor.png\",\"contentUrl\":\"http:\\\/\\\/www.sindipetroba.org.br\\\/2019\\\/wp-content\\\/uploads\\\/2019\\\/01\\\/sindipetro-marca-cor.png\",\"width\":350,\"height\":126,\"caption\":\"Sindipetro BA\"},\"image\":{\"@id\":\"http:\\\/\\\/www.sindipetroba.org.br\\\/2019\\\/#\\\/schema\\\/logo\\\/image\\\/\"},\"sameAs\":[\"https:\\\/\\\/www.facebook.com\\\/sindipetroBa\\\/\",\"https:\\\/\\\/x.com\\\/SindipetroBahia\",\"https:\\\/\\\/www.instagram.com\\\/sindipetroba\\\/\",\"https:\\\/\\\/www.youtube.com\\\/c\\\/SindipetroBahiaOficial\"]},{\"@type\":\"Person\",\"@id\":\"http:\\\/\\\/www.sindipetroba.org.br\\\/2019\\\/#\\\/schema\\\/person\\\/e61228ef9f981537d4c4eb80f6ea7713\",\"name\":\"admsp\",\"image\":{\"@type\":\"ImageObject\",\"inLanguage\":\"pt-BR\",\"@id\":\"https:\\\/\\\/secure.gravatar.com\\\/avatar\\\/50f06e2b746fe9248099d2c61c12342ab36327e9d413e3171dd7033b84800d96?s=96&d=mm&r=g\",\"url\":\"https:\\\/\\\/secure.gravatar.com\\\/avatar\\\/50f06e2b746fe9248099d2c61c12342ab36327e9d413e3171dd7033b84800d96?s=96&d=mm&r=g\",\"contentUrl\":\"https:\\\/\\\/secure.gravatar.com\\\/avatar\\\/50f06e2b746fe9248099d2c61c12342ab36327e9d413e3171dd7033b84800d96?s=96&d=mm&r=g\",\"caption\":\"admsp\"}}]}<\/script>\n<!-- \/ Yoast SEO plugin. -->","yoast_head_json":{"title":"Greve dos petroleiros - Rlam j\u00e1 tem trabalhadores em c\u00e1rcere privado - Sindipetro BA","robots":{"index":"index","follow":"follow","max-snippet":"max-snippet:-1","max-image-preview":"max-image-preview:large","max-video-preview":"max-video-preview:-1"},"canonical":"http:\/\/www.sindipetroba.org.br\/2019\/greve-dos-petroleiros-rlam-ja-tem-trabalhadores-em-carcere-privado\/","og_locale":"pt_BR","og_type":"article","og_title":"Greve dos petroleiros - Rlam j\u00e1 tem trabalhadores em c\u00e1rcere privado - Sindipetro BA","og_description":"A greve dos petroleiros entra no sexto dia com a ades\u00e3o de 50 unidades do Sistema Petrobr\u00e1s em todo o Brasil, o que significa que cerca de 18 mil petroleiros est\u00e3o de bra\u00e7os cruzados em 13 estados do pa\u00eds. Na Bahia, a greve se fortalece a cada dia, ganhando a ades\u00e3o de trabalhadores pr\u00f3prios\u00a0 do... Ver artigo","og_url":"http:\/\/www.sindipetroba.org.br\/2019\/greve-dos-petroleiros-rlam-ja-tem-trabalhadores-em-carcere-privado\/","og_site_name":"Sindipetro BA","article_publisher":"https:\/\/www.facebook.com\/sindipetroBa\/","article_published_time":"2020-02-06T15:30:47+00:00","article_modified_time":"2020-02-06T18:45:07+00:00","og_image":[{"width":750,"height":500,"url":"http:\/\/www.sindipetroba.org.br\/2019\/wp-content\/uploads\/2020\/02\/taquipe-estamos-em-greve.jpg","type":"image\/jpeg"}],"author":"admsp","twitter_card":"summary_large_image","twitter_creator":"@SindipetroBahia","twitter_site":"@SindipetroBahia","twitter_misc":{"Escrito por":"admsp","Est. tempo de leitura":"3 minutos"},"schema":{"@context":"https:\/\/schema.org","@graph":[{"@type":"Article","@id":"http:\/\/www.sindipetroba.org.br\/2019\/greve-dos-petroleiros-rlam-ja-tem-trabalhadores-em-carcere-privado\/#article","isPartOf":{"@id":"http:\/\/www.sindipetroba.org.br\/2019\/greve-dos-petroleiros-rlam-ja-tem-trabalhadores-em-carcere-privado\/"},"author":{"name":"admsp","@id":"http:\/\/www.sindipetroba.org.br\/2019\/#\/schema\/person\/e61228ef9f981537d4c4eb80f6ea7713"},"headline":"Greve dos petroleiros &#8211; Rlam j\u00e1 tem trabalhadores em c\u00e1rcere privado","datePublished":"2020-02-06T15:30:47+00:00","dateModified":"2020-02-06T18:45:07+00:00","mainEntityOfPage":{"@id":"http:\/\/www.sindipetroba.org.br\/2019\/greve-dos-petroleiros-rlam-ja-tem-trabalhadores-em-carcere-privado\/"},"wordCount":542,"publisher":{"@id":"http:\/\/www.sindipetroba.org.br\/2019\/#organization"},"image":{"@id":"http:\/\/www.sindipetroba.org.br\/2019\/greve-dos-petroleiros-rlam-ja-tem-trabalhadores-em-carcere-privado\/#primaryimage"},"thumbnailUrl":"http:\/\/www.sindipetroba.org.br\/2019\/wp-content\/uploads\/2020\/02\/taquipe-estamos-em-greve.jpg","keywords":["c\u00e1rcere privado","greve dos petroleiros","RLAM","sindipetro bahia"],"articleSection":["Not\u00edcia"],"inLanguage":"pt-BR"},{"@type":"WebPage","@id":"http:\/\/www.sindipetroba.org.br\/2019\/greve-dos-petroleiros-rlam-ja-tem-trabalhadores-em-carcere-privado\/","url":"http:\/\/www.sindipetroba.org.br\/2019\/greve-dos-petroleiros-rlam-ja-tem-trabalhadores-em-carcere-privado\/","name":"Greve dos petroleiros - Rlam j\u00e1 tem trabalhadores em c\u00e1rcere privado - Sindipetro BA","isPartOf":{"@id":"http:\/\/www.sindipetroba.org.br\/2019\/#website"},"primaryImageOfPage":{"@id":"http:\/\/www.sindipetroba.org.br\/2019\/greve-dos-petroleiros-rlam-ja-tem-trabalhadores-em-carcere-privado\/#primaryimage"},"image":{"@id":"http:\/\/www.sindipetroba.org.br\/2019\/greve-dos-petroleiros-rlam-ja-tem-trabalhadores-em-carcere-privado\/#primaryimage"},"thumbnailUrl":"http:\/\/www.sindipetroba.org.br\/2019\/wp-content\/uploads\/2020\/02\/taquipe-estamos-em-greve.jpg","datePublished":"2020-02-06T15:30:47+00:00","dateModified":"2020-02-06T18:45:07+00:00","breadcrumb":{"@id":"http:\/\/www.sindipetroba.org.br\/2019\/greve-dos-petroleiros-rlam-ja-tem-trabalhadores-em-carcere-privado\/#breadcrumb"},"inLanguage":"pt-BR","potentialAction":[{"@type":"ReadAction","target":["http:\/\/www.sindipetroba.org.br\/2019\/greve-dos-petroleiros-rlam-ja-tem-trabalhadores-em-carcere-privado\/"]}]},{"@type":"ImageObject","inLanguage":"pt-BR","@id":"http:\/\/www.sindipetroba.org.br\/2019\/greve-dos-petroleiros-rlam-ja-tem-trabalhadores-em-carcere-privado\/#primaryimage","url":"http:\/\/www.sindipetroba.org.br\/2019\/wp-content\/uploads\/2020\/02\/taquipe-estamos-em-greve.jpg","contentUrl":"http:\/\/www.sindipetroba.org.br\/2019\/wp-content\/uploads\/2020\/02\/taquipe-estamos-em-greve.jpg","width":750,"height":500},{"@type":"BreadcrumbList","@id":"http:\/\/www.sindipetroba.org.br\/2019\/greve-dos-petroleiros-rlam-ja-tem-trabalhadores-em-carcere-privado\/#breadcrumb","itemListElement":[{"@type":"ListItem","position":1,"name":"In\u00edcio","item":"http:\/\/www.sindipetroba.org.br\/2019\/"},{"@type":"ListItem","position":2,"name":"Greve dos petroleiros &#8211; Rlam j\u00e1 tem trabalhadores em c\u00e1rcere privado"}]},{"@type":"WebSite","@id":"http:\/\/www.sindipetroba.org.br\/2019\/#website","url":"http:\/\/www.sindipetroba.org.br\/2019\/","name":"Sindipetro BA","description":"Sindicato dos Petroleiros e Petroleiras do Estado da Bahia","publisher":{"@id":"http:\/\/www.sindipetroba.org.br\/2019\/#organization"},"potentialAction":[{"@type":"SearchAction","target":{"@type":"EntryPoint","urlTemplate":"http:\/\/www.sindipetroba.org.br\/2019\/?s={search_term_string}"},"query-input":{"@type":"PropertyValueSpecification","valueRequired":true,"valueName":"search_term_string"}}],"inLanguage":"pt-BR"},{"@type":"Organization","@id":"http:\/\/www.sindipetroba.org.br\/2019\/#organization","name":"Sindipetro BA","url":"http:\/\/www.sindipetroba.org.br\/2019\/","logo":{"@type":"ImageObject","inLanguage":"pt-BR","@id":"http:\/\/www.sindipetroba.org.br\/2019\/#\/schema\/logo\/image\/","url":"http:\/\/www.sindipetroba.org.br\/2019\/wp-content\/uploads\/2019\/01\/sindipetro-marca-cor.png","contentUrl":"http:\/\/www.sindipetroba.org.br\/2019\/wp-content\/uploads\/2019\/01\/sindipetro-marca-cor.png","width":350,"height":126,"caption":"Sindipetro BA"},"image":{"@id":"http:\/\/www.sindipetroba.org.br\/2019\/#\/schema\/logo\/image\/"},"sameAs":["https:\/\/www.facebook.com\/sindipetroBa\/","https:\/\/x.com\/SindipetroBahia","https:\/\/www.instagram.com\/sindipetroba\/","https:\/\/www.youtube.com\/c\/SindipetroBahiaOficial"]},{"@type":"Person","@id":"http:\/\/www.sindipetroba.org.br\/2019\/#\/schema\/person\/e61228ef9f981537d4c4eb80f6ea7713","name":"admsp","image":{"@type":"ImageObject","inLanguage":"pt-BR","@id":"https:\/\/secure.gravatar.com\/avatar\/50f06e2b746fe9248099d2c61c12342ab36327e9d413e3171dd7033b84800d96?s=96&d=mm&r=g","url":"https:\/\/secure.gravatar.com\/avatar\/50f06e2b746fe9248099d2c61c12342ab36327e9d413e3171dd7033b84800d96?s=96&d=mm&r=g","contentUrl":"https:\/\/secure.gravatar.com\/avatar\/50f06e2b746fe9248099d2c61c12342ab36327e9d413e3171dd7033b84800d96?s=96&d=mm&r=g","caption":"admsp"}}]}},"_links":{"self":[{"href":"http:\/\/www.sindipetroba.org.br\/2019\/wp-json\/wp\/v2\/posts\/6021","targetHints":{"allow":["GET"]}}],"collection":[{"href":"http:\/\/www.sindipetroba.org.br\/2019\/wp-json\/wp\/v2\/posts"}],"about":[{"href":"http:\/\/www.sindipetroba.org.br\/2019\/wp-json\/wp\/v2\/types\/post"}],"author":[{"embeddable":true,"href":"http:\/\/www.sindipetroba.org.br\/2019\/wp-json\/wp\/v2\/users\/1"}],"replies":[{"embeddable":true,"href":"http:\/\/www.sindipetroba.org.br\/2019\/wp-json\/wp\/v2\/comments?post=6021"}],"version-history":[{"count":3,"href":"http:\/\/www.sindipetroba.org.br\/2019\/wp-json\/wp\/v2\/posts\/6021\/revisions"}],"predecessor-version":[{"id":6041,"href":"http:\/\/www.sindipetroba.org.br\/2019\/wp-json\/wp\/v2\/posts\/6021\/revisions\/6041"}],"wp:featuredmedia":[{"embeddable":true,"href":"http:\/\/www.sindipetroba.org.br\/2019\/wp-json\/wp\/v2\/media\/6022"}],"wp:attachment":[{"href":"http:\/\/www.sindipetroba.org.br\/2019\/wp-json\/wp\/v2\/media?parent=6021"}],"wp:term":[{"taxonomy":"category","embeddable":true,"href":"http:\/\/www.sindipetroba.org.br\/2019\/wp-json\/wp\/v2\/categories?post=6021"},{"taxonomy":"post_tag","embeddable":true,"href":"http:\/\/www.sindipetroba.org.br\/2019\/wp-json\/wp\/v2\/tags?post=6021"}],"curies":[{"name":"wp","href":"https:\/\/api.w.org\/{rel}","templated":true}]}}