{"id":6090,"date":"2020-02-07T18:08:53","date_gmt":"2020-02-07T20:08:53","guid":{"rendered":"http:\/\/www.sindipetroba.org.br\/2019\/?p=6090"},"modified":"2020-02-07T18:08:53","modified_gmt":"2020-02-07T20:08:53","slug":"7o-dia-de-greve-confira-o-quadro-nacional-desta-sexta-2","status":"publish","type":"post","link":"http:\/\/www.sindipetroba.org.br\/2019\/7o-dia-de-greve-confira-o-quadro-nacional-desta-sexta-2\/","title":{"rendered":"7\u00ba dia de greve: confira o quadro nacional desta sexta"},"content":{"rendered":"<p>Os petroleiros completam uma semana em greve nesta sexta-feira,07, com ades\u00e3o da categoria em todo o pa\u00eds.\u00a0J\u00e1 chega a\u00a077 o n\u00famero de unidades do Sistema Petrobr\u00e1s mobilizadas em 13 estados.<\/p>\n<p>Os trabalhadores lutam pela suspens\u00e3o das demiss\u00f5es na F\u00e1brica de Fertilizantes Nitrogenados do Paran\u00e1 (Fafen-PR) e pelo cumprimento do Acordo Coletivo de Trabalho (ACT).<\/p>\n<p>Em cumprimento \u00e0 liminar que o ministro do Tribunal Superior do Trabalho (TST), Ives Gandra, proferiu no \u00faltimo dia 04, os sindicatos n\u00e3o est\u00e3o realizando piquetes nas unidades. A participa\u00e7\u00e3o dos trabalhadores na greve \u00e9 espont\u00e2nea e se d\u00e1 pela indigna\u00e7\u00e3o da categoria com as demiss\u00f5es na Fafen-PR e as medidas unilaterais tomadas pela gest\u00e3o da Petrobr\u00e1s, em descumprimento ao ACT. Por isso, a cada dia, crescem as ades\u00f5es ao movimento.<\/p>\n<p>Desde o in\u00edcio, a FUP e seus sindicatos t\u00eam cumprido todos os procedimentos legais em rela\u00e7\u00e3o \u00e0 greve, tanto no que diz respeito \u00e0 busca de interlocu\u00e7\u00e3o com a Petrobr\u00e1s, quanto no atendimento das necessidades essenciais da popula\u00e7\u00e3o.<\/p>\n<p>Em atendimento \u00e0 determina\u00e7\u00e3o do ministro do TST, as entidades sindicais enviaram na quarta-feira, 05, of\u00edcios \u00e0 Petrobr\u00e1s solicitando informa\u00e7\u00f5es sobre quantidade de produto necess\u00e1ria para o atendimento da necessidade inadi\u00e1vel da popula\u00e7\u00e3o, bem como n\u00famero de trabalhadores para o cumprimento das cotas de produ\u00e7\u00e3o. A FUP e seus sindicatos tamb\u00e9m questionaram a empresa sobre quantos trabalhadores s\u00e3o necess\u00e1rios para completar o efetivo de 90% determinado pelo ministro do TST.<\/p>\n<p>A gest\u00e3o da Petrobr\u00e1s, no entanto, at\u00e9 hoje n\u00e3o forneceu essas informa\u00e7\u00f5es e continua se negando a negociar com a Comiss\u00e3o Permanente da FUP, que est\u00e1 h\u00e1 oito dias dentro do edif\u00edcio sede da empresa, cobrando a abertura de um canal de di\u00e1logo para buscar o atendimento das reivindica\u00e7\u00f5es dos trabalhadores em greve.<\/p>\n<p>Quem est\u00e1 descumprindo a liminar do ministro Ives Gandra, portanto, \u00e9 a gest\u00e3o da Petrobr\u00e1s.<strong>\u00a0<\/strong>\u00a0Veja o v\u00eddeo de Deyvid Bacelar, integrante da Comiss\u00e3o Permanente de Negocia\u00e7\u00e3o da FUP:<\/p>\n<p><iframe loading=\"lazy\" src=\"https:\/\/www.facebook.com\/plugins\/video.php?href=https%3A%2F%2Fwww.facebook.com%2Ffupetroleiros%2Fvideos%2F473456809996954%2F&amp;show_text=0&amp;width=560\" width=\"560\" height=\"314\" frameborder=\"0\" scrolling=\"no\" allowfullscreen=\"allowfullscreen\" data-mce-fragment=\"1\"><\/iframe><\/p>\n<h4><strong>Quadro nacional da greve dos petroleiros nesta sexta \u2013 07\/02<\/strong><\/h4>\n<p>29 plataformas<\/p>\n<p>11 refinarias<\/p>\n<p>15 terminais<\/p>\n<p>7 campos terrestres<\/p>\n<p>5 termel\u00e9tricas<\/p>\n<p>3 UTGC (processamento de g\u00e1s)<\/p>\n<p>1 usina de biocombust\u00edvel<\/p>\n<p>1 f\u00e1brica de fertilizantes<\/p>\n<p>1 f\u00e1brica de lubrificantes<\/p>\n<p>1 f\u00e1brica de xisto<\/p>\n<p>3 bases administrativas<\/p>\n<p><strong>Amazonas<\/strong><\/p>\n<p>Terminal de Coari (TACoari)<\/p>\n<p>Refinaria de Manaus (Reman)<\/p>\n<p><strong>Cear\u00e1<\/strong><\/p>\n<p>Plataformas &#8211; 4<\/p>\n<p>Terminal de Mucuripe<\/p>\n<p>Temel\u00e9trica TermoCear\u00e1<\/p>\n<p>F\u00e1brica de Lubrificantes do Nordeste (Lubnor)<\/p>\n<p><strong>Pernambuco<\/strong><\/p>\n<p>Refinaria Abreu e Lima (Rnest)<\/p>\n<p>Terminal Aquavi\u00e1rio de Suape<\/p>\n<p><strong>Bahia<\/strong><\/p>\n<p>UO-BA \u2013 07 ativos terrestres<\/p>\n<p>Refinaria Landulpho Alves (Rlam)<\/p>\n<p>Terminal Madre de Deus<\/p>\n<p>Usina de Biocombust\u00edveis de Candeias (PBIO)<\/p>\n<p><strong>Esp\u00edrito Santo<\/strong><\/p>\n<p>Unidade de tratamento de G\u00e1s de Cacimbas (UTGC)<\/p>\n<p>Sede administrativa da Base 61, polo de produ\u00e7\u00e3o terrestre em S\u00e3o Mateus<\/p>\n<p><strong>Minas Gerais<\/strong><\/p>\n<p>Termel\u00e9trica de Ibirit\u00e9 (UTE-Ibirit\u00e9)<\/p>\n<p>Refinaria Gabriel Passos (Regap)<\/p>\n<p><strong>Rio de Janeiro<\/strong><\/p>\n<p>Bacia de Campos \u2013 23 plataformas<\/p>\n<p>Terminal de Cabi\u00fanas, em Maca\u00e9 (UTGCAB)<\/p>\n<p>Terminal de Campos El\u00edseos (Tecam)<\/p>\n<p>Termel\u00e9trica Governador Leonel Brizola (UTE-GLB)<\/p>\n<p>Refinaria Duque de Caxias (Reduc)<\/p>\n<p><strong>S\u00e3o Paulo<\/strong><\/p>\n<p>Terminal de Guararema<\/p>\n<p>Terminal de Barueri<\/p>\n<p>Refinaria de Paul\u00ednia (Replan)<\/p>\n<p>Refinaria de Capuava, em Mau\u00e1 (Recap)<\/p>\n<p>Refinaria Henrique Lages, em S\u00e3o Jos\u00e9 dos Campos (Revap)<\/p>\n<p>Refinaria Presidente Bernardes, em Cubat\u00e3o (RPBC)<\/p>\n<p>Plataformas P66 e P67<\/p>\n<p>Terminal de Alemoa<\/p>\n<p>Terminal de S\u00e3o Sebastiao<\/p>\n<p>Unidade de Tratamento de G\u00e1s Monteiro Lobato (UTGCA)<\/p>\n<p>Termel\u00e9tria Cubat\u00e3o (UTE Euz\u00e9bio Rocha)<\/p>\n<p>Torre Valongo &#8211; base administrativa\u00a0da Petrobras em Santos<\/p>\n<p><strong>Mato Grosso do Sul<\/strong><\/p>\n<p>Termel\u00e9trica de Tr\u00eas Lagoas (UTE Luiz Carlos Prestes)<\/p>\n<p><strong>Paran\u00e1<\/strong><\/p>\n<p>Refinaria Presidente Get\u00falio Vargas (Repar)<\/p>\n<p>F\u00e1brica de Xisto (SIX)<\/p>\n<p>F\u00e1brica de Fertilizantes Nitrogenados (FafenPR\/Ansa)<\/p>\n<p>Terminal de Paranagu\u00e1 (Tepar)<\/p>\n<p><strong>Santa Catarina<\/strong><\/p>\n<p>Terminal de Bigua\u00e7u (TEGUA\u00c7U)<\/p>\n<p>Terminal Terrestre de Itaja\u00ed (TEJA\u00cd)<\/p>\n<p>Terminal de Guaramirim (Temirim)<\/p>\n<p>Terminal de S\u00e3o Francisco do Sul (Tefran)<\/p>\n<p>Base administrativa de Joinville (Ediville)<\/p>\n<p><strong>Rio Grande do Sul<\/strong><\/p>\n<p>Refinaria Alberto Pasqualini (Refap)<\/p>\n<p><strong>Rio Grande do Norte<\/strong><\/p>\n<p>Polo de Guamar\u00e9, Base 34<strong>\u00a0<\/strong>e Alto do Rodrigues<strong>\u00a0&#8211;\u00a0<\/strong>mobiliza\u00e7\u00f5es parciais<\/p>\n<p>[FUP]<\/p>\n","protected":false},"excerpt":{"rendered":"Os petroleiros completam uma semana em greve nesta sexta-feira,07, com ades\u00e3o da categoria em todo o pa\u00eds.\u00a0J\u00e1 chega a\u00a077 o n\u00famero de unidades do Sistema Petrobr\u00e1s mobilizadas em 13 estados. Os trabalhadores lutam pela suspens\u00e3o das demiss\u00f5es na F\u00e1brica de Fertilizantes Nitrogenados do Paran\u00e1 (Fafen-PR) e pelo cumprimento do Acordo Coletivo de Trabalho (ACT). Em&#8230; <a class=\"view-article\" href=\"http:\/\/www.sindipetroba.org.br\/2019\/7o-dia-de-greve-confira-o-quadro-nacional-desta-sexta-2\/\">Ver artigo<\/a>","protected":false},"author":1,"featured_media":6091,"comment_status":"closed","ping_status":"open","sticky":false,"template":"","format":"standard","meta":{"_et_pb_use_builder":"","_et_pb_old_content":"","_et_gb_content_width":"","footnotes":""},"categories":[1],"tags":[553,75,568,567],"class_list":["post-6090","post","type-post","status-publish","format-standard","has-post-thumbnail","hentry","category-noticia","tag-fafen-parana","tag-greve","tag-greve-dos-petroleiros","tag-greve-nacional"],"yoast_head":"<!-- This site is optimized with the Yoast SEO plugin v27.3 - https:\/\/yoast.com\/product\/yoast-seo-wordpress\/ -->\n<title>7\u00ba dia de greve: confira o quadro nacional desta sexta - Sindipetro BA<\/title>\n<meta name=\"robots\" content=\"index, follow, max-snippet:-1, max-image-preview:large, max-video-preview:-1\" \/>\n<link rel=\"canonical\" href=\"http:\/\/www.sindipetroba.org.br\/2019\/7o-dia-de-greve-confira-o-quadro-nacional-desta-sexta-2\/\" \/>\n<meta property=\"og:locale\" content=\"pt_BR\" \/>\n<meta property=\"og:type\" content=\"article\" \/>\n<meta property=\"og:title\" content=\"7\u00ba dia de greve: confira o quadro nacional desta sexta - Sindipetro BA\" \/>\n<meta property=\"og:description\" content=\"Os petroleiros completam uma semana em greve nesta sexta-feira,07, com ades\u00e3o da categoria em todo o pa\u00eds.\u00a0J\u00e1 chega a\u00a077 o n\u00famero de unidades do Sistema Petrobr\u00e1s mobilizadas em 13 estados. Os trabalhadores lutam pela suspens\u00e3o das demiss\u00f5es na F\u00e1brica de Fertilizantes Nitrogenados do Paran\u00e1 (Fafen-PR) e pelo cumprimento do Acordo Coletivo de Trabalho (ACT). Em... Ver artigo\" \/>\n<meta property=\"og:url\" content=\"http:\/\/www.sindipetroba.org.br\/2019\/7o-dia-de-greve-confira-o-quadro-nacional-desta-sexta-2\/\" \/>\n<meta property=\"og:site_name\" content=\"Sindipetro BA\" \/>\n<meta property=\"article:publisher\" content=\"https:\/\/www.facebook.com\/sindipetroBa\/\" \/>\n<meta property=\"article:published_time\" content=\"2020-02-07T20:08:53+00:00\" \/>\n<meta property=\"og:image\" content=\"http:\/\/www.sindipetroba.org.br\/2019\/wp-content\/uploads\/2020\/02\/d259ec810cd7397c4b2b93e2da959b77_L-e1581106118278.jpg\" \/>\n\t<meta property=\"og:image:width\" content=\"550\" \/>\n\t<meta property=\"og:image:height\" content=\"267\" \/>\n\t<meta property=\"og:image:type\" content=\"image\/jpeg\" \/>\n<meta name=\"author\" content=\"admsp\" \/>\n<meta name=\"twitter:card\" content=\"summary_large_image\" \/>\n<meta name=\"twitter:creator\" content=\"@SindipetroBahia\" \/>\n<meta name=\"twitter:site\" content=\"@SindipetroBahia\" \/>\n<meta name=\"twitter:label1\" content=\"Escrito por\" \/>\n\t<meta name=\"twitter:data1\" content=\"admsp\" \/>\n\t<meta name=\"twitter:label2\" content=\"Est. tempo de leitura\" \/>\n\t<meta name=\"twitter:data2\" content=\"3 minutos\" \/>\n<script type=\"application\/ld+json\" class=\"yoast-schema-graph\">{\"@context\":\"https:\\\/\\\/schema.org\",\"@graph\":[{\"@type\":\"Article\",\"@id\":\"http:\\\/\\\/www.sindipetroba.org.br\\\/2019\\\/7o-dia-de-greve-confira-o-quadro-nacional-desta-sexta-2\\\/#article\",\"isPartOf\":{\"@id\":\"http:\\\/\\\/www.sindipetroba.org.br\\\/2019\\\/7o-dia-de-greve-confira-o-quadro-nacional-desta-sexta-2\\\/\"},\"author\":{\"name\":\"admsp\",\"@id\":\"http:\\\/\\\/www.sindipetroba.org.br\\\/2019\\\/#\\\/schema\\\/person\\\/e61228ef9f981537d4c4eb80f6ea7713\"},\"headline\":\"7\u00ba dia de greve: confira o quadro nacional desta sexta\",\"datePublished\":\"2020-02-07T20:08:53+00:00\",\"mainEntityOfPage\":{\"@id\":\"http:\\\/\\\/www.sindipetroba.org.br\\\/2019\\\/7o-dia-de-greve-confira-o-quadro-nacional-desta-sexta-2\\\/\"},\"wordCount\":688,\"publisher\":{\"@id\":\"http:\\\/\\\/www.sindipetroba.org.br\\\/2019\\\/#organization\"},\"image\":{\"@id\":\"http:\\\/\\\/www.sindipetroba.org.br\\\/2019\\\/7o-dia-de-greve-confira-o-quadro-nacional-desta-sexta-2\\\/#primaryimage\"},\"thumbnailUrl\":\"http:\\\/\\\/www.sindipetroba.org.br\\\/2019\\\/wp-content\\\/uploads\\\/2020\\\/02\\\/d259ec810cd7397c4b2b93e2da959b77_L-e1581106118278.jpg\",\"keywords\":[\"Fafen Paran\u00e1\",\"greve\",\"greve dos petroleiros\",\"greve nacional\"],\"articleSection\":[\"Not\u00edcia\"],\"inLanguage\":\"pt-BR\"},{\"@type\":\"WebPage\",\"@id\":\"http:\\\/\\\/www.sindipetroba.org.br\\\/2019\\\/7o-dia-de-greve-confira-o-quadro-nacional-desta-sexta-2\\\/\",\"url\":\"http:\\\/\\\/www.sindipetroba.org.br\\\/2019\\\/7o-dia-de-greve-confira-o-quadro-nacional-desta-sexta-2\\\/\",\"name\":\"7\u00ba dia de greve: confira o quadro nacional desta sexta - Sindipetro BA\",\"isPartOf\":{\"@id\":\"http:\\\/\\\/www.sindipetroba.org.br\\\/2019\\\/#website\"},\"primaryImageOfPage\":{\"@id\":\"http:\\\/\\\/www.sindipetroba.org.br\\\/2019\\\/7o-dia-de-greve-confira-o-quadro-nacional-desta-sexta-2\\\/#primaryimage\"},\"image\":{\"@id\":\"http:\\\/\\\/www.sindipetroba.org.br\\\/2019\\\/7o-dia-de-greve-confira-o-quadro-nacional-desta-sexta-2\\\/#primaryimage\"},\"thumbnailUrl\":\"http:\\\/\\\/www.sindipetroba.org.br\\\/2019\\\/wp-content\\\/uploads\\\/2020\\\/02\\\/d259ec810cd7397c4b2b93e2da959b77_L-e1581106118278.jpg\",\"datePublished\":\"2020-02-07T20:08:53+00:00\",\"breadcrumb\":{\"@id\":\"http:\\\/\\\/www.sindipetroba.org.br\\\/2019\\\/7o-dia-de-greve-confira-o-quadro-nacional-desta-sexta-2\\\/#breadcrumb\"},\"inLanguage\":\"pt-BR\",\"potentialAction\":[{\"@type\":\"ReadAction\",\"target\":[\"http:\\\/\\\/www.sindipetroba.org.br\\\/2019\\\/7o-dia-de-greve-confira-o-quadro-nacional-desta-sexta-2\\\/\"]}]},{\"@type\":\"ImageObject\",\"inLanguage\":\"pt-BR\",\"@id\":\"http:\\\/\\\/www.sindipetroba.org.br\\\/2019\\\/7o-dia-de-greve-confira-o-quadro-nacional-desta-sexta-2\\\/#primaryimage\",\"url\":\"http:\\\/\\\/www.sindipetroba.org.br\\\/2019\\\/wp-content\\\/uploads\\\/2020\\\/02\\\/d259ec810cd7397c4b2b93e2da959b77_L-e1581106118278.jpg\",\"contentUrl\":\"http:\\\/\\\/www.sindipetroba.org.br\\\/2019\\\/wp-content\\\/uploads\\\/2020\\\/02\\\/d259ec810cd7397c4b2b93e2da959b77_L-e1581106118278.jpg\",\"width\":550,\"height\":267},{\"@type\":\"BreadcrumbList\",\"@id\":\"http:\\\/\\\/www.sindipetroba.org.br\\\/2019\\\/7o-dia-de-greve-confira-o-quadro-nacional-desta-sexta-2\\\/#breadcrumb\",\"itemListElement\":[{\"@type\":\"ListItem\",\"position\":1,\"name\":\"In\u00edcio\",\"item\":\"http:\\\/\\\/www.sindipetroba.org.br\\\/2019\\\/\"},{\"@type\":\"ListItem\",\"position\":2,\"name\":\"7\u00ba dia de greve: confira o quadro nacional desta sexta\"}]},{\"@type\":\"WebSite\",\"@id\":\"http:\\\/\\\/www.sindipetroba.org.br\\\/2019\\\/#website\",\"url\":\"http:\\\/\\\/www.sindipetroba.org.br\\\/2019\\\/\",\"name\":\"Sindipetro BA\",\"description\":\"Sindicato dos Petroleiros e Petroleiras do Estado da Bahia\",\"publisher\":{\"@id\":\"http:\\\/\\\/www.sindipetroba.org.br\\\/2019\\\/#organization\"},\"potentialAction\":[{\"@type\":\"SearchAction\",\"target\":{\"@type\":\"EntryPoint\",\"urlTemplate\":\"http:\\\/\\\/www.sindipetroba.org.br\\\/2019\\\/?s={search_term_string}\"},\"query-input\":{\"@type\":\"PropertyValueSpecification\",\"valueRequired\":true,\"valueName\":\"search_term_string\"}}],\"inLanguage\":\"pt-BR\"},{\"@type\":\"Organization\",\"@id\":\"http:\\\/\\\/www.sindipetroba.org.br\\\/2019\\\/#organization\",\"name\":\"Sindipetro BA\",\"url\":\"http:\\\/\\\/www.sindipetroba.org.br\\\/2019\\\/\",\"logo\":{\"@type\":\"ImageObject\",\"inLanguage\":\"pt-BR\",\"@id\":\"http:\\\/\\\/www.sindipetroba.org.br\\\/2019\\\/#\\\/schema\\\/logo\\\/image\\\/\",\"url\":\"http:\\\/\\\/www.sindipetroba.org.br\\\/2019\\\/wp-content\\\/uploads\\\/2019\\\/01\\\/sindipetro-marca-cor.png\",\"contentUrl\":\"http:\\\/\\\/www.sindipetroba.org.br\\\/2019\\\/wp-content\\\/uploads\\\/2019\\\/01\\\/sindipetro-marca-cor.png\",\"width\":350,\"height\":126,\"caption\":\"Sindipetro BA\"},\"image\":{\"@id\":\"http:\\\/\\\/www.sindipetroba.org.br\\\/2019\\\/#\\\/schema\\\/logo\\\/image\\\/\"},\"sameAs\":[\"https:\\\/\\\/www.facebook.com\\\/sindipetroBa\\\/\",\"https:\\\/\\\/x.com\\\/SindipetroBahia\",\"https:\\\/\\\/www.instagram.com\\\/sindipetroba\\\/\",\"https:\\\/\\\/www.youtube.com\\\/c\\\/SindipetroBahiaOficial\"]},{\"@type\":\"Person\",\"@id\":\"http:\\\/\\\/www.sindipetroba.org.br\\\/2019\\\/#\\\/schema\\\/person\\\/e61228ef9f981537d4c4eb80f6ea7713\",\"name\":\"admsp\",\"image\":{\"@type\":\"ImageObject\",\"inLanguage\":\"pt-BR\",\"@id\":\"https:\\\/\\\/secure.gravatar.com\\\/avatar\\\/50f06e2b746fe9248099d2c61c12342ab36327e9d413e3171dd7033b84800d96?s=96&d=mm&r=g\",\"url\":\"https:\\\/\\\/secure.gravatar.com\\\/avatar\\\/50f06e2b746fe9248099d2c61c12342ab36327e9d413e3171dd7033b84800d96?s=96&d=mm&r=g\",\"contentUrl\":\"https:\\\/\\\/secure.gravatar.com\\\/avatar\\\/50f06e2b746fe9248099d2c61c12342ab36327e9d413e3171dd7033b84800d96?s=96&d=mm&r=g\",\"caption\":\"admsp\"}}]}<\/script>\n<!-- \/ Yoast SEO plugin. -->","yoast_head_json":{"title":"7\u00ba dia de greve: confira o quadro nacional desta sexta - Sindipetro BA","robots":{"index":"index","follow":"follow","max-snippet":"max-snippet:-1","max-image-preview":"max-image-preview:large","max-video-preview":"max-video-preview:-1"},"canonical":"http:\/\/www.sindipetroba.org.br\/2019\/7o-dia-de-greve-confira-o-quadro-nacional-desta-sexta-2\/","og_locale":"pt_BR","og_type":"article","og_title":"7\u00ba dia de greve: confira o quadro nacional desta sexta - Sindipetro BA","og_description":"Os petroleiros completam uma semana em greve nesta sexta-feira,07, com ades\u00e3o da categoria em todo o pa\u00eds.\u00a0J\u00e1 chega a\u00a077 o n\u00famero de unidades do Sistema Petrobr\u00e1s mobilizadas em 13 estados. Os trabalhadores lutam pela suspens\u00e3o das demiss\u00f5es na F\u00e1brica de Fertilizantes Nitrogenados do Paran\u00e1 (Fafen-PR) e pelo cumprimento do Acordo Coletivo de Trabalho (ACT). Em... Ver artigo","og_url":"http:\/\/www.sindipetroba.org.br\/2019\/7o-dia-de-greve-confira-o-quadro-nacional-desta-sexta-2\/","og_site_name":"Sindipetro BA","article_publisher":"https:\/\/www.facebook.com\/sindipetroBa\/","article_published_time":"2020-02-07T20:08:53+00:00","og_image":[{"width":550,"height":267,"url":"http:\/\/www.sindipetroba.org.br\/2019\/wp-content\/uploads\/2020\/02\/d259ec810cd7397c4b2b93e2da959b77_L-e1581106118278.jpg","type":"image\/jpeg"}],"author":"admsp","twitter_card":"summary_large_image","twitter_creator":"@SindipetroBahia","twitter_site":"@SindipetroBahia","twitter_misc":{"Escrito por":"admsp","Est. tempo de leitura":"3 minutos"},"schema":{"@context":"https:\/\/schema.org","@graph":[{"@type":"Article","@id":"http:\/\/www.sindipetroba.org.br\/2019\/7o-dia-de-greve-confira-o-quadro-nacional-desta-sexta-2\/#article","isPartOf":{"@id":"http:\/\/www.sindipetroba.org.br\/2019\/7o-dia-de-greve-confira-o-quadro-nacional-desta-sexta-2\/"},"author":{"name":"admsp","@id":"http:\/\/www.sindipetroba.org.br\/2019\/#\/schema\/person\/e61228ef9f981537d4c4eb80f6ea7713"},"headline":"7\u00ba dia de greve: confira o quadro nacional desta sexta","datePublished":"2020-02-07T20:08:53+00:00","mainEntityOfPage":{"@id":"http:\/\/www.sindipetroba.org.br\/2019\/7o-dia-de-greve-confira-o-quadro-nacional-desta-sexta-2\/"},"wordCount":688,"publisher":{"@id":"http:\/\/www.sindipetroba.org.br\/2019\/#organization"},"image":{"@id":"http:\/\/www.sindipetroba.org.br\/2019\/7o-dia-de-greve-confira-o-quadro-nacional-desta-sexta-2\/#primaryimage"},"thumbnailUrl":"http:\/\/www.sindipetroba.org.br\/2019\/wp-content\/uploads\/2020\/02\/d259ec810cd7397c4b2b93e2da959b77_L-e1581106118278.jpg","keywords":["Fafen Paran\u00e1","greve","greve dos petroleiros","greve nacional"],"articleSection":["Not\u00edcia"],"inLanguage":"pt-BR"},{"@type":"WebPage","@id":"http:\/\/www.sindipetroba.org.br\/2019\/7o-dia-de-greve-confira-o-quadro-nacional-desta-sexta-2\/","url":"http:\/\/www.sindipetroba.org.br\/2019\/7o-dia-de-greve-confira-o-quadro-nacional-desta-sexta-2\/","name":"7\u00ba dia de greve: confira o quadro nacional desta sexta - Sindipetro BA","isPartOf":{"@id":"http:\/\/www.sindipetroba.org.br\/2019\/#website"},"primaryImageOfPage":{"@id":"http:\/\/www.sindipetroba.org.br\/2019\/7o-dia-de-greve-confira-o-quadro-nacional-desta-sexta-2\/#primaryimage"},"image":{"@id":"http:\/\/www.sindipetroba.org.br\/2019\/7o-dia-de-greve-confira-o-quadro-nacional-desta-sexta-2\/#primaryimage"},"thumbnailUrl":"http:\/\/www.sindipetroba.org.br\/2019\/wp-content\/uploads\/2020\/02\/d259ec810cd7397c4b2b93e2da959b77_L-e1581106118278.jpg","datePublished":"2020-02-07T20:08:53+00:00","breadcrumb":{"@id":"http:\/\/www.sindipetroba.org.br\/2019\/7o-dia-de-greve-confira-o-quadro-nacional-desta-sexta-2\/#breadcrumb"},"inLanguage":"pt-BR","potentialAction":[{"@type":"ReadAction","target":["http:\/\/www.sindipetroba.org.br\/2019\/7o-dia-de-greve-confira-o-quadro-nacional-desta-sexta-2\/"]}]},{"@type":"ImageObject","inLanguage":"pt-BR","@id":"http:\/\/www.sindipetroba.org.br\/2019\/7o-dia-de-greve-confira-o-quadro-nacional-desta-sexta-2\/#primaryimage","url":"http:\/\/www.sindipetroba.org.br\/2019\/wp-content\/uploads\/2020\/02\/d259ec810cd7397c4b2b93e2da959b77_L-e1581106118278.jpg","contentUrl":"http:\/\/www.sindipetroba.org.br\/2019\/wp-content\/uploads\/2020\/02\/d259ec810cd7397c4b2b93e2da959b77_L-e1581106118278.jpg","width":550,"height":267},{"@type":"BreadcrumbList","@id":"http:\/\/www.sindipetroba.org.br\/2019\/7o-dia-de-greve-confira-o-quadro-nacional-desta-sexta-2\/#breadcrumb","itemListElement":[{"@type":"ListItem","position":1,"name":"In\u00edcio","item":"http:\/\/www.sindipetroba.org.br\/2019\/"},{"@type":"ListItem","position":2,"name":"7\u00ba dia de greve: confira o quadro nacional desta sexta"}]},{"@type":"WebSite","@id":"http:\/\/www.sindipetroba.org.br\/2019\/#website","url":"http:\/\/www.sindipetroba.org.br\/2019\/","name":"Sindipetro BA","description":"Sindicato dos Petroleiros e Petroleiras do Estado da Bahia","publisher":{"@id":"http:\/\/www.sindipetroba.org.br\/2019\/#organization"},"potentialAction":[{"@type":"SearchAction","target":{"@type":"EntryPoint","urlTemplate":"http:\/\/www.sindipetroba.org.br\/2019\/?s={search_term_string}"},"query-input":{"@type":"PropertyValueSpecification","valueRequired":true,"valueName":"search_term_string"}}],"inLanguage":"pt-BR"},{"@type":"Organization","@id":"http:\/\/www.sindipetroba.org.br\/2019\/#organization","name":"Sindipetro BA","url":"http:\/\/www.sindipetroba.org.br\/2019\/","logo":{"@type":"ImageObject","inLanguage":"pt-BR","@id":"http:\/\/www.sindipetroba.org.br\/2019\/#\/schema\/logo\/image\/","url":"http:\/\/www.sindipetroba.org.br\/2019\/wp-content\/uploads\/2019\/01\/sindipetro-marca-cor.png","contentUrl":"http:\/\/www.sindipetroba.org.br\/2019\/wp-content\/uploads\/2019\/01\/sindipetro-marca-cor.png","width":350,"height":126,"caption":"Sindipetro BA"},"image":{"@id":"http:\/\/www.sindipetroba.org.br\/2019\/#\/schema\/logo\/image\/"},"sameAs":["https:\/\/www.facebook.com\/sindipetroBa\/","https:\/\/x.com\/SindipetroBahia","https:\/\/www.instagram.com\/sindipetroba\/","https:\/\/www.youtube.com\/c\/SindipetroBahiaOficial"]},{"@type":"Person","@id":"http:\/\/www.sindipetroba.org.br\/2019\/#\/schema\/person\/e61228ef9f981537d4c4eb80f6ea7713","name":"admsp","image":{"@type":"ImageObject","inLanguage":"pt-BR","@id":"https:\/\/secure.gravatar.com\/avatar\/50f06e2b746fe9248099d2c61c12342ab36327e9d413e3171dd7033b84800d96?s=96&d=mm&r=g","url":"https:\/\/secure.gravatar.com\/avatar\/50f06e2b746fe9248099d2c61c12342ab36327e9d413e3171dd7033b84800d96?s=96&d=mm&r=g","contentUrl":"https:\/\/secure.gravatar.com\/avatar\/50f06e2b746fe9248099d2c61c12342ab36327e9d413e3171dd7033b84800d96?s=96&d=mm&r=g","caption":"admsp"}}]}},"_links":{"self":[{"href":"http:\/\/www.sindipetroba.org.br\/2019\/wp-json\/wp\/v2\/posts\/6090","targetHints":{"allow":["GET"]}}],"collection":[{"href":"http:\/\/www.sindipetroba.org.br\/2019\/wp-json\/wp\/v2\/posts"}],"about":[{"href":"http:\/\/www.sindipetroba.org.br\/2019\/wp-json\/wp\/v2\/types\/post"}],"author":[{"embeddable":true,"href":"http:\/\/www.sindipetroba.org.br\/2019\/wp-json\/wp\/v2\/users\/1"}],"replies":[{"embeddable":true,"href":"http:\/\/www.sindipetroba.org.br\/2019\/wp-json\/wp\/v2\/comments?post=6090"}],"version-history":[{"count":1,"href":"http:\/\/www.sindipetroba.org.br\/2019\/wp-json\/wp\/v2\/posts\/6090\/revisions"}],"predecessor-version":[{"id":6092,"href":"http:\/\/www.sindipetroba.org.br\/2019\/wp-json\/wp\/v2\/posts\/6090\/revisions\/6092"}],"wp:featuredmedia":[{"embeddable":true,"href":"http:\/\/www.sindipetroba.org.br\/2019\/wp-json\/wp\/v2\/media\/6091"}],"wp:attachment":[{"href":"http:\/\/www.sindipetroba.org.br\/2019\/wp-json\/wp\/v2\/media?parent=6090"}],"wp:term":[{"taxonomy":"category","embeddable":true,"href":"http:\/\/www.sindipetroba.org.br\/2019\/wp-json\/wp\/v2\/categories?post=6090"},{"taxonomy":"post_tag","embeddable":true,"href":"http:\/\/www.sindipetroba.org.br\/2019\/wp-json\/wp\/v2\/tags?post=6090"}],"curies":[{"name":"wp","href":"https:\/\/api.w.org\/{rel}","templated":true}]}}