{"id":6717,"date":"2020-03-20T16:51:47","date_gmt":"2020-03-20T19:51:47","guid":{"rendered":"http:\/\/www.sindipetroba.org.br\/2019\/?p=6717"},"modified":"2020-03-20T16:51:47","modified_gmt":"2020-03-20T19:51:47","slug":"em-nota-cut-diz-que-medidas-economicas-para-enfrentar-crise-sao-insuficientes","status":"publish","type":"post","link":"http:\/\/www.sindipetroba.org.br\/2019\/em-nota-cut-diz-que-medidas-economicas-para-enfrentar-crise-sao-insuficientes\/","title":{"rendered":"Em nota, CUT diz que medidas econ\u00f4micas para enfrentar crise s\u00e3o insuficientes"},"content":{"rendered":"<p>Para Central, medidas para conter a crise durante enfrentamento ao coronav\u00edrus seguem a linha de austeridade adotada por este governo que n\u00e3o deu certo<\/p>\n<p>&nbsp;<\/p>\n<p>&nbsp;<\/p>\n<p>A Central \u00danica dos trabalhadores (CUT) divulgou nota nesta sexta-feira (20), criticando fortemente as medidas econ\u00f4micas de enfrentamento a pandemia do coronav\u00edrus (Covid-19) anunciadas pelo governo de Jair Bolsonaro, propondo um fundo emergencial de R$ 75 bilh\u00f5es para proteger a renda dos trabalhadores formais e informais por tr\u00eas meses, reafirmando a firme oposi\u00e7\u00e3o ao governo Bolsonaro, e convocando uma mobiliza\u00e7\u00e3o para o dia 21.<\/p>\n<p>Para a CUT, as\u00a0<a href=\"https:\/\/www.cut.org.br\/noticias\/reducao-de-jornada-e-salarios-nao-resolve-o-problema-so-agrava-crise-economica-ba0e\">medidas anunciadas nos \u00fatimos dias<\/a>\u00a0s\u00e3o insuficientes e seguem a linha de austeridade adotada por este governo. Medidas essas que n\u00e3o melhoraram a economia do pa\u00eds, que vinha estagnada at\u00e9 a crise de sa\u00fade p\u00fablica piorar a situa\u00e7\u00e3o.<\/p>\n<p>A Central entende que as medidas beneficiam empres\u00e1rios e n\u00e3o protegem trabalhadores, ao contr\u00e1rio do que vem sendo feito em todo o mundo.<\/p>\n<p>A CUT pede a revoga\u00e7\u00e3o da EC do congelamento de gastos p\u00fablicos, manuten\u00e7\u00e3o dos empregos em contrapartida \u201cas medidas voltadas \u00e0s empresas\u201d, como \u201cadiamento de obriga\u00e7\u00f5es tribut\u00e1rias, car\u00eancia em empr\u00e9stimos e ofertas de recursos para o cumprimento de compromissos financeiros\u201c. Al\u00e9m disso, a CUT prop\u00f5e um fundo emergencial de R$ 75 bilh\u00f5es por tr\u00eas meses para financiar e proteger a renda dos trabalhadores formais e informais.<\/p>\n<p>\u201cS\u00e3o inaceit\u00e1veis as medidas que visam reduzir sal\u00e1rios e jornada. Desde 2016 a popula\u00e7\u00e3o j\u00e1 vem pagando a conta da crise com desemprego, trabalho prec\u00e1rio e baixos sal\u00e1rios. O Estado brasileiro n\u00e3o pode virar as costas para quem produz toda a riqueza desse pa\u00eds por meio do seu trabalho. Se a op\u00e7\u00e3o do governo for a de socializar preju\u00edzos com os mais pobres e proteger os privilegiados pode estar certo que contar\u00e1 com a decidida resist\u00eancia dos trabalhadores\u201d, diz trecho da nota.<\/p>\n<p>Na nota, os dirigentes da CUT convocam para mais um ato: \u201cNo pr\u00f3ximo s\u00e1bado, 21 de mar\u00e7o, \u00e0s 20h, enviaremos de todas as janelas do Brasil nova mensagem ao Presidente Bolsonaro. Vamos novamente dizer, em alto e bom som, que\u00a0 #AcabouBolsonaro, defender o SUS e a prote\u00e7\u00e3o social ao povo trabalhador.\u201d<\/p>\n<p><strong>Confira a \u00edntegra da nota:<\/strong><\/p>\n<p>O novo coronav\u00edrus (Covid-19) aprofunda a crise brasileira. Um pa\u00eds sem governo onde o presidente, irrespons\u00e1vel perante o povo, vive em uma realidade particular. Se, aos poucos, autoridades sanit\u00e1rias, profissionais da sa\u00fade e popula\u00e7\u00e3o se unem no combate \u00e0 grave pandemia, as medidas de prote\u00e7\u00e3o \u00e0 economia e a renda do trabalho s\u00e3o insuficientes e n\u00e3o abandonam as f\u00f3rmulas de austeridade que nos levaram a estagna\u00e7\u00e3o econ\u00f4mica e ao alto desemprego.<\/p>\n<p>O presidente colhe aquilo que planta. \u00c9 por isso que o Brasil assistiu nesta quarta-feira (18), nas janelas de todo o Pa\u00eds, \u00e0 massiva demonstra\u00e7\u00e3o da insatisfa\u00e7\u00e3o popular com o governo Bolsonaro.<\/p>\n<p>2019 j\u00e1 foi um ano perdido para a economia brasileira. A qualidade de vida do povo piorou, os servi\u00e7os p\u00fablicos v\u00eam sendo estrangulados, o crescimento da economia foi p\u00edfio e o desemprego segue em n\u00edveis recordes. O apoio da maioria do Congresso Nacional \u00e0 implementa\u00e7\u00e3o da agenda econ\u00f4mica de Paulo Guedes com privatiza\u00e7\u00f5es, cortes nos investimentos sociais e nos direitos da classe trabalhadora s\u00f3 aprofundou a crise.<\/p>\n<p>Para 2020 a perspectiva n\u00e3o \u00e9 melhor. A pandemia do novo coronav\u00edrus motiva uma crise econ\u00f4mica, social e sanit\u00e1ria global. Seu avan\u00e7o no Brasil, nas \u00faltimas semanas, produz apreens\u00e3o e medo na popula\u00e7\u00e3o e traz ainda incalcul\u00e1veis preju\u00edzos \u00e0 nossa j\u00e1 fragilizada economia.<\/p>\n<p>Diante de eventos sem paralelo em nossa hist\u00f3ria, estamos sem governo. O Presidente debocha da pandemia, que teve no seu n\u00facleo pol\u00edtico mais pr\u00f3ximo, um dos focos de dissemina\u00e7\u00e3o no Brasil. Mesmo com a impressionante velocidade em que cresce a contamina\u00e7\u00e3o insiste em afirmar que n\u00e3o h\u00e1 motivo para alarme ou como\u00e7\u00e3o, diferentemente dos chefes de Estado de todas as na\u00e7\u00f5es.<\/p>\n<p>A falta de governo fica ainda mais n\u00edtida quando todas as rea\u00e7\u00f5es para enfrentar o problema passam longe do Pal\u00e1cio do Planalto. Os ministros batem cabe\u00e7a. Os outros poderes buscam sa\u00eddas com o Minist\u00e9rio da Sa\u00fade. Em uma atrapalhada tentativa de mostrar autoridade, Bolsonaro reuniu nesta quarta-feira (18) ministros mascarados para que, em frente \u00e0s c\u00e2meras, fizessem declara\u00e7\u00f5es de obedi\u00eancia sem apresentar novidades. Na paranoia da fam\u00edlia presidencial o importante \u00e9 identificar culpados e traidores, nunca solu\u00e7\u00f5es.<\/p>\n<p>As medidas anunciadas pelo Minist\u00e9rio da Economia s\u00e3o insuficientes e mant\u00eam na agenda os projetos de ajuste fiscal e austeridade, na contram\u00e3o dos governos do mundo todo que gastam para proteger suas economias. Nenhuma raz\u00e3o justifica mais o endividamento estatal do que garantir a sobreviv\u00eancia e a sa\u00fade do seu povo. \u00c9 por isso que a Emenda Constitucional do Teto dos gastos (EC 95) deve ser revogada, para reagirmos \u00e0 crise no curto prazo e estimularmos a retomada da economia por meio do investimento p\u00fablico no m\u00e9dio prazo.<\/p>\n<p>S\u00e3o iniciativas t\u00edmidas pois, em grande medida, n\u00e3o injetam os recursos necess\u00e1rios na economia e apenas remanejam ou antecipam gastos, inclusive com direitos assegurados aos trabalhadores como 13\u00ba sal\u00e1rio, abono e FGTS. \u00c9 a gra\u00e7a com chap\u00e9u alheio de Paulo Guedes. Nem sequer a fila do Bolsa Fam\u00edlia, que j\u00e1 ultrapassa 3 milh\u00f5es de pessoas, o governo se prop\u00f4s a zerar. N\u00f3s propomos a constru\u00e7\u00e3o de um fundo emergencial, de pelo menos R$ 75 bilh\u00f5es nos pr\u00f3ximos tr\u00eas meses, para financiar a prote\u00e7\u00e3o \u00e0 renda dos trabalhadores formais e informais.<\/p>\n<p>As medidas voltadas \u00e0s empresas s\u00e3o de adiamento de obriga\u00e7\u00f5es tribut\u00e1rias, car\u00eancia em empr\u00e9stimos e ofertas de recursos para o cumprimento de compromissos financeiros. Para n\u00f3s \u00e9 fundamental que os benef\u00edcios empresariais tenham como contrapartida a manuten\u00e7\u00e3o dos empregos. De nada serve gastar recursos p\u00fablicos sem garantir a manuten\u00e7\u00e3o da atividade econ\u00f4mica e da renda do trabalhador.<\/p>\n<p>S\u00e3o inaceit\u00e1veis as medidas que visam reduzir sal\u00e1rios e jornada. Desde 2016 a popula\u00e7\u00e3o j\u00e1 vem pagando a conta da crise com desemprego, trabalho prec\u00e1rio e baixos sal\u00e1rios. O Estado brasileiro n\u00e3o pode virar as costas para quem produz toda a riqueza desse pa\u00eds por meio do seu trabalho. Se a op\u00e7\u00e3o do governo for a de socializar preju\u00edzos com os mais pobres e proteger os privilegiados pode estar certo que contar\u00e1 com a decidida resist\u00eancia dos trabalhadores.<\/p>\n<p>A CUT reafirma suas propostas, elaboradas em conjunto com as centrais sindicais, de estabilidade nos empregos, garantia de renda aos trabalhadores informais e prote\u00e7\u00e3o aos desempregados. N\u00e3o aceitamos que um poder legislativo, enclausurado, persista no debate a vota\u00e7\u00e3o de projetos que atacam nossos direitos e servi\u00e7os p\u00fablicos. O momento exige a prioridade na discuss\u00e3o das medidas que verdadeiramente projetam nossa sa\u00fade e nossa economia, em detrimento daquelas de ajuste fiscal e desregula\u00e7\u00e3o, ainda maior, do mercado de trabalho (MP 905, PEC Emergencial e outras).<\/p>\n<p>Viemos a p\u00fablico tamb\u00e9m reafirmar nossa firme oposi\u00e7\u00e3o ao governo Bolsonaro, capit\u00e3o dos ataques aos direitos da classe trabalhadora, aos direitos humanos, \u00e0 democracia e \u00e0 soberania do Brasil. Sua falta de legitimidade e compet\u00eancia mostra agora seu mais grave resultado com a incapacidade presidencial de lidar com uma crise social e econ\u00f4mica aguda.<\/p>\n<p>O povo brasileiro est\u00e1 se unindo para derrotar o coronav\u00edrus. Em seguida, deve estender essa unidade para dar fim a um governo que se mostra incompetente e criminoso e trazer para si de volta o poder de definir os rumos do pa\u00eds. A crise pol\u00edtica e econ\u00f4mica brasileira s\u00f3 encontrar\u00e1 sa\u00edda pela via democr\u00e1tica, com elei\u00e7\u00f5es livres e limpas, e com a elei\u00e7\u00e3o de um governo comprometido com um projeto popular de desenvolvimento soberano, com inclus\u00e3o social e combate a desigualdade social.<\/p>\n<p>\u00c9 por isso que, no pr\u00f3ximo s\u00e1bado, 21 de mar\u00e7o, \u00e0s 20h, enviaremos de todas as janelas do Brasil nova mensagem ao Presidente Bolsonaro. Vamos novamente dizer, em alto e bom som, que\u00a0 #AcabouBolsonaro, defender o SUS e a prote\u00e7\u00e3o social ao povo trabalhador.<\/p>\n<p>S\u00e3o Paulo, 20 de mar\u00e7o de 2020.<\/p>\n<p>Executiva Nacional da CUT<\/p>\n<p>&nbsp;<\/p>\n<p><em>Fonte: Central \u00danica dos Trabalhadores<\/em><\/p>\n","protected":false},"excerpt":{"rendered":"Para Central, medidas para conter a crise durante enfrentamento ao coronav\u00edrus seguem a linha de austeridade adotada por este governo que n\u00e3o deu certo &nbsp; &nbsp; A Central \u00danica dos trabalhadores (CUT) divulgou nota nesta sexta-feira (20), criticando fortemente as medidas econ\u00f4micas de enfrentamento a pandemia do coronav\u00edrus (Covid-19) anunciadas pelo governo de Jair Bolsonaro,&#8230; <a class=\"view-article\" href=\"http:\/\/www.sindipetroba.org.br\/2019\/em-nota-cut-diz-que-medidas-economicas-para-enfrentar-crise-sao-insuficientes\/\">Ver artigo<\/a>","protected":false},"author":1,"featured_media":6721,"comment_status":"closed","ping_status":"open","sticky":false,"template":"","format":"standard","meta":{"_et_pb_use_builder":"","_et_pb_old_content":"","_et_gb_content_width":"","footnotes":""},"categories":[1],"tags":[640,53],"class_list":["post-6717","post","type-post","status-publish","format-standard","has-post-thumbnail","hentry","category-noticia","tag-coronavirus","tag-cut"],"yoast_head":"<!-- This site is optimized with the Yoast SEO plugin v27.3 - https:\/\/yoast.com\/product\/yoast-seo-wordpress\/ -->\n<title>Em nota, CUT diz que medidas econ\u00f4micas para enfrentar crise s\u00e3o insuficientes - Sindipetro BA<\/title>\n<meta name=\"robots\" content=\"index, follow, max-snippet:-1, max-image-preview:large, max-video-preview:-1\" \/>\n<link rel=\"canonical\" href=\"http:\/\/www.sindipetroba.org.br\/2019\/em-nota-cut-diz-que-medidas-economicas-para-enfrentar-crise-sao-insuficientes\/\" \/>\n<meta property=\"og:locale\" content=\"pt_BR\" \/>\n<meta property=\"og:type\" content=\"article\" \/>\n<meta property=\"og:title\" content=\"Em nota, CUT diz que medidas econ\u00f4micas para enfrentar crise s\u00e3o insuficientes - Sindipetro BA\" \/>\n<meta property=\"og:description\" content=\"Para Central, medidas para conter a crise durante enfrentamento ao coronav\u00edrus seguem a linha de austeridade adotada por este governo que n\u00e3o deu certo &nbsp; &nbsp; A Central \u00danica dos trabalhadores (CUT) divulgou nota nesta sexta-feira (20), criticando fortemente as medidas econ\u00f4micas de enfrentamento a pandemia do coronav\u00edrus (Covid-19) anunciadas pelo governo de Jair Bolsonaro,... Ver artigo\" \/>\n<meta property=\"og:url\" content=\"http:\/\/www.sindipetroba.org.br\/2019\/em-nota-cut-diz-que-medidas-economicas-para-enfrentar-crise-sao-insuficientes\/\" \/>\n<meta property=\"og:site_name\" content=\"Sindipetro BA\" \/>\n<meta property=\"article:publisher\" content=\"https:\/\/www.facebook.com\/sindipetroBa\/\" \/>\n<meta property=\"article:published_time\" content=\"2020-03-20T19:51:47+00:00\" \/>\n<meta property=\"og:image\" content=\"http:\/\/www.sindipetroba.org.br\/2019\/wp-content\/uploads\/2020\/03\/20mar-cut1-e1584733856700.jpg\" \/>\n\t<meta property=\"og:image:width\" content=\"550\" \/>\n\t<meta property=\"og:image:height\" content=\"361\" \/>\n\t<meta property=\"og:image:type\" content=\"image\/jpeg\" \/>\n<meta name=\"author\" content=\"admsp\" \/>\n<meta name=\"twitter:card\" content=\"summary_large_image\" \/>\n<meta name=\"twitter:creator\" content=\"@SindipetroBahia\" \/>\n<meta name=\"twitter:site\" content=\"@SindipetroBahia\" \/>\n<meta name=\"twitter:label1\" content=\"Escrito por\" \/>\n\t<meta name=\"twitter:data1\" content=\"admsp\" \/>\n\t<meta name=\"twitter:label2\" content=\"Est. tempo de leitura\" \/>\n\t<meta name=\"twitter:data2\" content=\"7 minutos\" \/>\n<script type=\"application\/ld+json\" class=\"yoast-schema-graph\">{\"@context\":\"https:\\\/\\\/schema.org\",\"@graph\":[{\"@type\":\"Article\",\"@id\":\"http:\\\/\\\/www.sindipetroba.org.br\\\/2019\\\/em-nota-cut-diz-que-medidas-economicas-para-enfrentar-crise-sao-insuficientes\\\/#article\",\"isPartOf\":{\"@id\":\"http:\\\/\\\/www.sindipetroba.org.br\\\/2019\\\/em-nota-cut-diz-que-medidas-economicas-para-enfrentar-crise-sao-insuficientes\\\/\"},\"author\":{\"name\":\"admsp\",\"@id\":\"http:\\\/\\\/www.sindipetroba.org.br\\\/2019\\\/#\\\/schema\\\/person\\\/e61228ef9f981537d4c4eb80f6ea7713\"},\"headline\":\"Em nota, CUT diz que medidas econ\u00f4micas para enfrentar crise s\u00e3o insuficientes\",\"datePublished\":\"2020-03-20T19:51:47+00:00\",\"mainEntityOfPage\":{\"@id\":\"http:\\\/\\\/www.sindipetroba.org.br\\\/2019\\\/em-nota-cut-diz-que-medidas-economicas-para-enfrentar-crise-sao-insuficientes\\\/\"},\"wordCount\":1455,\"publisher\":{\"@id\":\"http:\\\/\\\/www.sindipetroba.org.br\\\/2019\\\/#organization\"},\"image\":{\"@id\":\"http:\\\/\\\/www.sindipetroba.org.br\\\/2019\\\/em-nota-cut-diz-que-medidas-economicas-para-enfrentar-crise-sao-insuficientes\\\/#primaryimage\"},\"thumbnailUrl\":\"http:\\\/\\\/www.sindipetroba.org.br\\\/2019\\\/wp-content\\\/uploads\\\/2020\\\/03\\\/20mar-cut1-e1584733856700.jpg\",\"keywords\":[\"coronav\u00edrus\",\"CUT\"],\"articleSection\":[\"Not\u00edcia\"],\"inLanguage\":\"pt-BR\"},{\"@type\":\"WebPage\",\"@id\":\"http:\\\/\\\/www.sindipetroba.org.br\\\/2019\\\/em-nota-cut-diz-que-medidas-economicas-para-enfrentar-crise-sao-insuficientes\\\/\",\"url\":\"http:\\\/\\\/www.sindipetroba.org.br\\\/2019\\\/em-nota-cut-diz-que-medidas-economicas-para-enfrentar-crise-sao-insuficientes\\\/\",\"name\":\"Em nota, CUT diz que medidas econ\u00f4micas para enfrentar crise s\u00e3o insuficientes - Sindipetro BA\",\"isPartOf\":{\"@id\":\"http:\\\/\\\/www.sindipetroba.org.br\\\/2019\\\/#website\"},\"primaryImageOfPage\":{\"@id\":\"http:\\\/\\\/www.sindipetroba.org.br\\\/2019\\\/em-nota-cut-diz-que-medidas-economicas-para-enfrentar-crise-sao-insuficientes\\\/#primaryimage\"},\"image\":{\"@id\":\"http:\\\/\\\/www.sindipetroba.org.br\\\/2019\\\/em-nota-cut-diz-que-medidas-economicas-para-enfrentar-crise-sao-insuficientes\\\/#primaryimage\"},\"thumbnailUrl\":\"http:\\\/\\\/www.sindipetroba.org.br\\\/2019\\\/wp-content\\\/uploads\\\/2020\\\/03\\\/20mar-cut1-e1584733856700.jpg\",\"datePublished\":\"2020-03-20T19:51:47+00:00\",\"breadcrumb\":{\"@id\":\"http:\\\/\\\/www.sindipetroba.org.br\\\/2019\\\/em-nota-cut-diz-que-medidas-economicas-para-enfrentar-crise-sao-insuficientes\\\/#breadcrumb\"},\"inLanguage\":\"pt-BR\",\"potentialAction\":[{\"@type\":\"ReadAction\",\"target\":[\"http:\\\/\\\/www.sindipetroba.org.br\\\/2019\\\/em-nota-cut-diz-que-medidas-economicas-para-enfrentar-crise-sao-insuficientes\\\/\"]}]},{\"@type\":\"ImageObject\",\"inLanguage\":\"pt-BR\",\"@id\":\"http:\\\/\\\/www.sindipetroba.org.br\\\/2019\\\/em-nota-cut-diz-que-medidas-economicas-para-enfrentar-crise-sao-insuficientes\\\/#primaryimage\",\"url\":\"http:\\\/\\\/www.sindipetroba.org.br\\\/2019\\\/wp-content\\\/uploads\\\/2020\\\/03\\\/20mar-cut1-e1584733856700.jpg\",\"contentUrl\":\"http:\\\/\\\/www.sindipetroba.org.br\\\/2019\\\/wp-content\\\/uploads\\\/2020\\\/03\\\/20mar-cut1-e1584733856700.jpg\",\"width\":550,\"height\":361},{\"@type\":\"BreadcrumbList\",\"@id\":\"http:\\\/\\\/www.sindipetroba.org.br\\\/2019\\\/em-nota-cut-diz-que-medidas-economicas-para-enfrentar-crise-sao-insuficientes\\\/#breadcrumb\",\"itemListElement\":[{\"@type\":\"ListItem\",\"position\":1,\"name\":\"In\u00edcio\",\"item\":\"http:\\\/\\\/www.sindipetroba.org.br\\\/2019\\\/\"},{\"@type\":\"ListItem\",\"position\":2,\"name\":\"Em nota, CUT diz que medidas econ\u00f4micas para enfrentar crise s\u00e3o insuficientes\"}]},{\"@type\":\"WebSite\",\"@id\":\"http:\\\/\\\/www.sindipetroba.org.br\\\/2019\\\/#website\",\"url\":\"http:\\\/\\\/www.sindipetroba.org.br\\\/2019\\\/\",\"name\":\"Sindipetro BA\",\"description\":\"Sindicato dos Petroleiros e Petroleiras do Estado da Bahia\",\"publisher\":{\"@id\":\"http:\\\/\\\/www.sindipetroba.org.br\\\/2019\\\/#organization\"},\"potentialAction\":[{\"@type\":\"SearchAction\",\"target\":{\"@type\":\"EntryPoint\",\"urlTemplate\":\"http:\\\/\\\/www.sindipetroba.org.br\\\/2019\\\/?s={search_term_string}\"},\"query-input\":{\"@type\":\"PropertyValueSpecification\",\"valueRequired\":true,\"valueName\":\"search_term_string\"}}],\"inLanguage\":\"pt-BR\"},{\"@type\":\"Organization\",\"@id\":\"http:\\\/\\\/www.sindipetroba.org.br\\\/2019\\\/#organization\",\"name\":\"Sindipetro BA\",\"url\":\"http:\\\/\\\/www.sindipetroba.org.br\\\/2019\\\/\",\"logo\":{\"@type\":\"ImageObject\",\"inLanguage\":\"pt-BR\",\"@id\":\"http:\\\/\\\/www.sindipetroba.org.br\\\/2019\\\/#\\\/schema\\\/logo\\\/image\\\/\",\"url\":\"http:\\\/\\\/www.sindipetroba.org.br\\\/2019\\\/wp-content\\\/uploads\\\/2019\\\/01\\\/sindipetro-marca-cor.png\",\"contentUrl\":\"http:\\\/\\\/www.sindipetroba.org.br\\\/2019\\\/wp-content\\\/uploads\\\/2019\\\/01\\\/sindipetro-marca-cor.png\",\"width\":350,\"height\":126,\"caption\":\"Sindipetro BA\"},\"image\":{\"@id\":\"http:\\\/\\\/www.sindipetroba.org.br\\\/2019\\\/#\\\/schema\\\/logo\\\/image\\\/\"},\"sameAs\":[\"https:\\\/\\\/www.facebook.com\\\/sindipetroBa\\\/\",\"https:\\\/\\\/x.com\\\/SindipetroBahia\",\"https:\\\/\\\/www.instagram.com\\\/sindipetroba\\\/\",\"https:\\\/\\\/www.youtube.com\\\/c\\\/SindipetroBahiaOficial\"]},{\"@type\":\"Person\",\"@id\":\"http:\\\/\\\/www.sindipetroba.org.br\\\/2019\\\/#\\\/schema\\\/person\\\/e61228ef9f981537d4c4eb80f6ea7713\",\"name\":\"admsp\",\"image\":{\"@type\":\"ImageObject\",\"inLanguage\":\"pt-BR\",\"@id\":\"https:\\\/\\\/secure.gravatar.com\\\/avatar\\\/50f06e2b746fe9248099d2c61c12342ab36327e9d413e3171dd7033b84800d96?s=96&d=mm&r=g\",\"url\":\"https:\\\/\\\/secure.gravatar.com\\\/avatar\\\/50f06e2b746fe9248099d2c61c12342ab36327e9d413e3171dd7033b84800d96?s=96&d=mm&r=g\",\"contentUrl\":\"https:\\\/\\\/secure.gravatar.com\\\/avatar\\\/50f06e2b746fe9248099d2c61c12342ab36327e9d413e3171dd7033b84800d96?s=96&d=mm&r=g\",\"caption\":\"admsp\"}}]}<\/script>\n<!-- \/ Yoast SEO plugin. -->","yoast_head_json":{"title":"Em nota, CUT diz que medidas econ\u00f4micas para enfrentar crise s\u00e3o insuficientes - Sindipetro BA","robots":{"index":"index","follow":"follow","max-snippet":"max-snippet:-1","max-image-preview":"max-image-preview:large","max-video-preview":"max-video-preview:-1"},"canonical":"http:\/\/www.sindipetroba.org.br\/2019\/em-nota-cut-diz-que-medidas-economicas-para-enfrentar-crise-sao-insuficientes\/","og_locale":"pt_BR","og_type":"article","og_title":"Em nota, CUT diz que medidas econ\u00f4micas para enfrentar crise s\u00e3o insuficientes - Sindipetro BA","og_description":"Para Central, medidas para conter a crise durante enfrentamento ao coronav\u00edrus seguem a linha de austeridade adotada por este governo que n\u00e3o deu certo &nbsp; &nbsp; A Central \u00danica dos trabalhadores (CUT) divulgou nota nesta sexta-feira (20), criticando fortemente as medidas econ\u00f4micas de enfrentamento a pandemia do coronav\u00edrus (Covid-19) anunciadas pelo governo de Jair Bolsonaro,... Ver artigo","og_url":"http:\/\/www.sindipetroba.org.br\/2019\/em-nota-cut-diz-que-medidas-economicas-para-enfrentar-crise-sao-insuficientes\/","og_site_name":"Sindipetro BA","article_publisher":"https:\/\/www.facebook.com\/sindipetroBa\/","article_published_time":"2020-03-20T19:51:47+00:00","og_image":[{"width":550,"height":361,"url":"http:\/\/www.sindipetroba.org.br\/2019\/wp-content\/uploads\/2020\/03\/20mar-cut1-e1584733856700.jpg","type":"image\/jpeg"}],"author":"admsp","twitter_card":"summary_large_image","twitter_creator":"@SindipetroBahia","twitter_site":"@SindipetroBahia","twitter_misc":{"Escrito por":"admsp","Est. tempo de leitura":"7 minutos"},"schema":{"@context":"https:\/\/schema.org","@graph":[{"@type":"Article","@id":"http:\/\/www.sindipetroba.org.br\/2019\/em-nota-cut-diz-que-medidas-economicas-para-enfrentar-crise-sao-insuficientes\/#article","isPartOf":{"@id":"http:\/\/www.sindipetroba.org.br\/2019\/em-nota-cut-diz-que-medidas-economicas-para-enfrentar-crise-sao-insuficientes\/"},"author":{"name":"admsp","@id":"http:\/\/www.sindipetroba.org.br\/2019\/#\/schema\/person\/e61228ef9f981537d4c4eb80f6ea7713"},"headline":"Em nota, CUT diz que medidas econ\u00f4micas para enfrentar crise s\u00e3o insuficientes","datePublished":"2020-03-20T19:51:47+00:00","mainEntityOfPage":{"@id":"http:\/\/www.sindipetroba.org.br\/2019\/em-nota-cut-diz-que-medidas-economicas-para-enfrentar-crise-sao-insuficientes\/"},"wordCount":1455,"publisher":{"@id":"http:\/\/www.sindipetroba.org.br\/2019\/#organization"},"image":{"@id":"http:\/\/www.sindipetroba.org.br\/2019\/em-nota-cut-diz-que-medidas-economicas-para-enfrentar-crise-sao-insuficientes\/#primaryimage"},"thumbnailUrl":"http:\/\/www.sindipetroba.org.br\/2019\/wp-content\/uploads\/2020\/03\/20mar-cut1-e1584733856700.jpg","keywords":["coronav\u00edrus","CUT"],"articleSection":["Not\u00edcia"],"inLanguage":"pt-BR"},{"@type":"WebPage","@id":"http:\/\/www.sindipetroba.org.br\/2019\/em-nota-cut-diz-que-medidas-economicas-para-enfrentar-crise-sao-insuficientes\/","url":"http:\/\/www.sindipetroba.org.br\/2019\/em-nota-cut-diz-que-medidas-economicas-para-enfrentar-crise-sao-insuficientes\/","name":"Em nota, CUT diz que medidas econ\u00f4micas para enfrentar crise s\u00e3o insuficientes - Sindipetro BA","isPartOf":{"@id":"http:\/\/www.sindipetroba.org.br\/2019\/#website"},"primaryImageOfPage":{"@id":"http:\/\/www.sindipetroba.org.br\/2019\/em-nota-cut-diz-que-medidas-economicas-para-enfrentar-crise-sao-insuficientes\/#primaryimage"},"image":{"@id":"http:\/\/www.sindipetroba.org.br\/2019\/em-nota-cut-diz-que-medidas-economicas-para-enfrentar-crise-sao-insuficientes\/#primaryimage"},"thumbnailUrl":"http:\/\/www.sindipetroba.org.br\/2019\/wp-content\/uploads\/2020\/03\/20mar-cut1-e1584733856700.jpg","datePublished":"2020-03-20T19:51:47+00:00","breadcrumb":{"@id":"http:\/\/www.sindipetroba.org.br\/2019\/em-nota-cut-diz-que-medidas-economicas-para-enfrentar-crise-sao-insuficientes\/#breadcrumb"},"inLanguage":"pt-BR","potentialAction":[{"@type":"ReadAction","target":["http:\/\/www.sindipetroba.org.br\/2019\/em-nota-cut-diz-que-medidas-economicas-para-enfrentar-crise-sao-insuficientes\/"]}]},{"@type":"ImageObject","inLanguage":"pt-BR","@id":"http:\/\/www.sindipetroba.org.br\/2019\/em-nota-cut-diz-que-medidas-economicas-para-enfrentar-crise-sao-insuficientes\/#primaryimage","url":"http:\/\/www.sindipetroba.org.br\/2019\/wp-content\/uploads\/2020\/03\/20mar-cut1-e1584733856700.jpg","contentUrl":"http:\/\/www.sindipetroba.org.br\/2019\/wp-content\/uploads\/2020\/03\/20mar-cut1-e1584733856700.jpg","width":550,"height":361},{"@type":"BreadcrumbList","@id":"http:\/\/www.sindipetroba.org.br\/2019\/em-nota-cut-diz-que-medidas-economicas-para-enfrentar-crise-sao-insuficientes\/#breadcrumb","itemListElement":[{"@type":"ListItem","position":1,"name":"In\u00edcio","item":"http:\/\/www.sindipetroba.org.br\/2019\/"},{"@type":"ListItem","position":2,"name":"Em nota, CUT diz que medidas econ\u00f4micas para enfrentar crise s\u00e3o insuficientes"}]},{"@type":"WebSite","@id":"http:\/\/www.sindipetroba.org.br\/2019\/#website","url":"http:\/\/www.sindipetroba.org.br\/2019\/","name":"Sindipetro BA","description":"Sindicato dos Petroleiros e Petroleiras do Estado da Bahia","publisher":{"@id":"http:\/\/www.sindipetroba.org.br\/2019\/#organization"},"potentialAction":[{"@type":"SearchAction","target":{"@type":"EntryPoint","urlTemplate":"http:\/\/www.sindipetroba.org.br\/2019\/?s={search_term_string}"},"query-input":{"@type":"PropertyValueSpecification","valueRequired":true,"valueName":"search_term_string"}}],"inLanguage":"pt-BR"},{"@type":"Organization","@id":"http:\/\/www.sindipetroba.org.br\/2019\/#organization","name":"Sindipetro BA","url":"http:\/\/www.sindipetroba.org.br\/2019\/","logo":{"@type":"ImageObject","inLanguage":"pt-BR","@id":"http:\/\/www.sindipetroba.org.br\/2019\/#\/schema\/logo\/image\/","url":"http:\/\/www.sindipetroba.org.br\/2019\/wp-content\/uploads\/2019\/01\/sindipetro-marca-cor.png","contentUrl":"http:\/\/www.sindipetroba.org.br\/2019\/wp-content\/uploads\/2019\/01\/sindipetro-marca-cor.png","width":350,"height":126,"caption":"Sindipetro BA"},"image":{"@id":"http:\/\/www.sindipetroba.org.br\/2019\/#\/schema\/logo\/image\/"},"sameAs":["https:\/\/www.facebook.com\/sindipetroBa\/","https:\/\/x.com\/SindipetroBahia","https:\/\/www.instagram.com\/sindipetroba\/","https:\/\/www.youtube.com\/c\/SindipetroBahiaOficial"]},{"@type":"Person","@id":"http:\/\/www.sindipetroba.org.br\/2019\/#\/schema\/person\/e61228ef9f981537d4c4eb80f6ea7713","name":"admsp","image":{"@type":"ImageObject","inLanguage":"pt-BR","@id":"https:\/\/secure.gravatar.com\/avatar\/50f06e2b746fe9248099d2c61c12342ab36327e9d413e3171dd7033b84800d96?s=96&d=mm&r=g","url":"https:\/\/secure.gravatar.com\/avatar\/50f06e2b746fe9248099d2c61c12342ab36327e9d413e3171dd7033b84800d96?s=96&d=mm&r=g","contentUrl":"https:\/\/secure.gravatar.com\/avatar\/50f06e2b746fe9248099d2c61c12342ab36327e9d413e3171dd7033b84800d96?s=96&d=mm&r=g","caption":"admsp"}}]}},"_links":{"self":[{"href":"http:\/\/www.sindipetroba.org.br\/2019\/wp-json\/wp\/v2\/posts\/6717","targetHints":{"allow":["GET"]}}],"collection":[{"href":"http:\/\/www.sindipetroba.org.br\/2019\/wp-json\/wp\/v2\/posts"}],"about":[{"href":"http:\/\/www.sindipetroba.org.br\/2019\/wp-json\/wp\/v2\/types\/post"}],"author":[{"embeddable":true,"href":"http:\/\/www.sindipetroba.org.br\/2019\/wp-json\/wp\/v2\/users\/1"}],"replies":[{"embeddable":true,"href":"http:\/\/www.sindipetroba.org.br\/2019\/wp-json\/wp\/v2\/comments?post=6717"}],"version-history":[{"count":1,"href":"http:\/\/www.sindipetroba.org.br\/2019\/wp-json\/wp\/v2\/posts\/6717\/revisions"}],"predecessor-version":[{"id":6722,"href":"http:\/\/www.sindipetroba.org.br\/2019\/wp-json\/wp\/v2\/posts\/6717\/revisions\/6722"}],"wp:featuredmedia":[{"embeddable":true,"href":"http:\/\/www.sindipetroba.org.br\/2019\/wp-json\/wp\/v2\/media\/6721"}],"wp:attachment":[{"href":"http:\/\/www.sindipetroba.org.br\/2019\/wp-json\/wp\/v2\/media?parent=6717"}],"wp:term":[{"taxonomy":"category","embeddable":true,"href":"http:\/\/www.sindipetroba.org.br\/2019\/wp-json\/wp\/v2\/categories?post=6717"},{"taxonomy":"post_tag","embeddable":true,"href":"http:\/\/www.sindipetroba.org.br\/2019\/wp-json\/wp\/v2\/tags?post=6717"}],"curies":[{"name":"wp","href":"https:\/\/api.w.org\/{rel}","templated":true}]}}