{"id":7303,"date":"2020-04-29T13:41:11","date_gmt":"2020-04-29T16:41:11","guid":{"rendered":"http:\/\/www.sindipetroba.org.br\/2019\/?p=7303"},"modified":"2020-04-29T13:41:11","modified_gmt":"2020-04-29T16:41:11","slug":"executiva-da-cut-convoca-para-1o-de-maio-solidario-de-luta-e-fora-bolsonaro","status":"publish","type":"post","link":"http:\/\/www.sindipetroba.org.br\/2019\/executiva-da-cut-convoca-para-1o-de-maio-solidario-de-luta-e-fora-bolsonaro\/","title":{"rendered":"Executiva da CUT convoca para 1\u00ba de Maio solid\u00e1rio, de luta e \u201cFora, Bolsonaro\u201d"},"content":{"rendered":"<p>Mobiliza\u00e7\u00e3o ser\u00e1 virtual para proteger os trabalhadores do coronav\u00edrus, ter\u00e1 a participa\u00e7\u00e3o de Lula, Dilma e Haddad que gravar\u00e3o mensagens para a classe trabalhadora e v\u00e1rios artistas que gravar\u00e3o participa\u00e7\u00f5es<\/p>\n<p>&nbsp;<\/p>\n<p>A mobiliza\u00e7\u00e3o do Dia Internacional do Trabalhador, na pr\u00f3xima sexta-feira, 1\u00ba de maio, ser\u00e1 realizada a partir das 11h30 pela CUT, em conjunto com as demais centrais sindicais e as frentes Brasil Popular e Povo Sem Medo, por meio das redes sociais.<\/p>\n<p>Em convocat\u00f3ria divulgada nesta quarta-feira (29), para os sindicatos, federa\u00e7\u00f5es e confedera\u00e7\u00f5es filiadas, CUTs estaduais, ramos, militantes, trabalhadores e trabalhadoras, a Executiva Nacional da CUT falou sobre o ineditismo do formato da mobiliza\u00e7\u00e3o, que ser\u00e1 pela Internet, ressaltando a import\u00e2ncia do isolamento social para conter a dissemina\u00e7\u00e3o do novo coronav\u00edrus, que j\u00e1 infectou mais de 3 milh\u00f5es de pessoas no mundo.<\/p>\n<p>A ideia da CUT e demais centrais, de acordo com a convocat\u00f3ria, \u00e9 que milh\u00f5es de pessoas participem deste dia de solidariedade de classe e que fique em destaque a pauta da classe trabalhadora em defesa da vida e da sa\u00fade, dos direitos sociais e trabalhistas, dos sal\u00e1rios e empregos.<\/p>\n<p>Para a CUT, a luta, que \u00e9 tamb\u00e9m pela democracia e por um projeto de Na\u00e7\u00e3o, pressup\u00f5e o fim do governo de Jair Bolsonaro e se traduz no \u201cFora, Bolsonaro!\u201d.<\/p>\n<p>De acordo com a Secret\u00e1ria-Geral da CUT, Carmen Foro, com Bolsonaro n\u00e3o h\u00e1 democracia, n\u00e3o h\u00e1 empregos, sa\u00fade, educa\u00e7\u00e3o nem pol\u00edticas sociais. Com Bolsonaro, refor\u00e7a a dirigente, n\u00e3o h\u00e1 toler\u00e2ncia muito menos solidariedade. Por isso, diz, a solidariedade \u00e9 um dos temas importantes deste 1 de Maio, assim como o \u201cfora, Bolsonaro\u201d.<\/p>\n<p>\u201cDurante a transmiss\u00e3o ao vivo da mobiliza\u00e7\u00e3o, os sindicalistas, autoridades e artistas convidados, que gravar\u00e3o suas mensagens e m\u00fasicas, v\u00e3o pedir a quem tiver condi\u00e7\u00f5es, a doa\u00e7\u00e3o de alimentos e produtos de higiene para os mais necessitados\u201d, explicou Carmen.<\/p>\n<p><strong>Artistas confirmados<\/strong><\/p>\n<p>Segundo a secret\u00e1ria, entre os artistas que j\u00e1 confirmaram participa\u00e7\u00e3o neste \u00a0<strong>1\u00ba de Maio Solid\u00e1rio\u00a0<\/strong>est\u00e3o Chico C\u00e9sar, Z\u00e9lia Duncan, Otto, Preta Ferreira, Dexter, Delacruz, Odair Jos\u00e9, Leci Brand\u00e3o, A\u00edla, Preta Rara, Mistura Popular, Taciana Barros, Francis Hime e Olivia Hime, entre outros.<\/p>\n<p><strong>Nesta quinta-feira (30),\u00a0<\/strong>ser\u00e1 divulgada a grade completa da programa\u00e7\u00e3o, todas as informa\u00e7\u00f5es t\u00e9cnicas, al\u00e9m de detalhes da campanha de solidariedade.<\/p>\n<p><strong>Convocat\u00f3ria destaca cen\u00e1rio atual<\/strong><\/p>\n<p>A convocat\u00f3ria da CUT tamb\u00e9m destaca que as pol\u00edticas neoliberais, de redu\u00e7\u00e3o do papel do Estado, sucateamento da \u00e1rea da sa\u00fade e extin\u00e7\u00e3o ou redu\u00e7\u00e3o de programas sociais contribuem para que os efeitos da pandemia sejam mais cru\u00e9is para os mais pobres e vulner\u00e1veis do pa\u00eds.<\/p>\n<p>E os brasileiros, diz a convocat\u00f3ria, est\u00e3o em uma situa\u00e7\u00e3o mais grave ainda porque, al\u00e9m da falta de investimentos em \u00e1reas essenciais como sa\u00fade, saneamento e educa\u00e7\u00e3o, t\u00eam um presidente que nega a pandemia, que chama de gripezinha e aproveita a emerg\u00eancia sanit\u00e1ria para tirar direitos dos trabalhadores, como \u00e9 o caso da Medida Provis\u00f3ria (MP) 936 que autoriza redu\u00e7\u00e3o de jornada e de sal\u00e1rio e suspens\u00e3o dos contratos de trabalho.<\/p>\n<p><strong>Confira a \u00edntegra da convocat\u00f3ria:<\/strong><\/p>\n<p><strong>Convoca\u00e7\u00e3o 1\u00ba de Maio<\/strong><\/p>\n<p>Companheiros e companheiras,<\/p>\n<p>A Executiva Nacional da CUT convoca nossos sindicatos, federa\u00e7\u00f5es e confedera\u00e7\u00f5es filiadas, CUTs estaduais, ramos, todos os nossos militantes e a classe trabalhadora \u00e0 mobiliza\u00e7\u00e3o para o 1\u00ba de Maio de 2020, Dia Internacional de Luta da Classe Trabalhadora, cujas atividades ser\u00e3o realizadas de forma unit\u00e1ria com as demais centrais sindicais, frentes e movimentos populares a partir das 11 horas e 30 minutos.<\/p>\n<p>Pela primeira vez na hist\u00f3ria do movimento sindical mundial n\u00e3o haver\u00e1 mobiliza\u00e7\u00f5es nas ruas e pra\u00e7as ao redor do planeta, em fun\u00e7\u00e3o do confinamento que atinge mais de 4,5 bilh\u00f5es de pessoas por conta da pandemia do novo coronav\u00edrus (Covid-19). Uma trag\u00e9dia nunca vista por nossa gera\u00e7\u00e3o e que j\u00e1 matou mais de 200 mil pessoas, em sua esmagadora maioria trabalhadoras, trabalhadores e a popula\u00e7\u00e3o mais carente.<\/p>\n<p>Esses efeitos da pandemia n\u00e3o se devem ao acaso, mas sim \u00e0 aplica\u00e7\u00e3o nos \u00faltimos anos, por parte de governos a servi\u00e7o dos interesses das grandes corpora\u00e7\u00f5es e do mercado capitalista, de pol\u00edticas que sucatearam a sa\u00fade p\u00fablica e universal, desmontaram a prote\u00e7\u00e3o social e atacaram as condi\u00e7\u00f5es de vida das amplas massas, aumentando o desemprego e as desigualdades sociais, concentrando a renda nos bolsos de 1% da popula\u00e7\u00e3o mundial.\u00a0 A esse quadro j\u00e1 existente quando iniciou a pandemia, junte-se o descaso de governantes que n\u00e3o deram a devida import\u00e2ncia \u00e0 crise sanit\u00e1ria, expondo irresponsavelmente grande parte do povo ao v\u00edrus, que hoje contabiliza mais de tr\u00eas milh\u00f5es de infectados no mundo.<\/p>\n<p>No Brasil, a irresponsabilidade do governo Bolsonaro chega ao extremo. Mesmo diante de todas as evid\u00eancias do que se passa no mundo, ele continua a minimizar os efeitos do coronav\u00edrus para a popula\u00e7\u00e3o. N\u00e3o satisfeito, se aproveita da situa\u00e7\u00e3o para avan\u00e7ar na destrui\u00e7\u00e3o dos direitos sociais e trabalhistas, atacando e tentando criminalizar a organiza\u00e7\u00e3o dos trabalhadores e dos movimentos populares.<\/p>\n<p>Por tudo isso, nesse 1\u00ba de Maio, temos o desafio in\u00e9dito de realizar, de forma virtual como imp\u00f5e a situa\u00e7\u00e3o, uma grande manifesta\u00e7\u00e3o que atinja milh\u00f5es de pessoas em todo pa\u00eds e coloque na ordem o dia a solidariedade de classe, a pauta da classe trabalhadora em defesa da vida e da sa\u00fade, dos direitos sociais e trabalhistas, dos sal\u00e1rios e empregos.<\/p>\n<p>Para a CUT, essa pauta da classe trabalhadora d\u00e1 conte\u00fado \u00e0 luta pela democracia e pelo fim do governo Bolsonaro, como decidido em nosso 13\u00ba CONCUT, que hoje se traduz no Fora Bolsonaro!<\/p>\n<p>Na programa\u00e7\u00e3o unit\u00e1ria do 1\u00ba de Maio teremos a participa\u00e7\u00e3o de movimentos populares, personalidades e artistas que sempre estiveram ao lado da classe trabalhadora em sua luta, bem como a de sindicalistas de outros pa\u00edses, dando o car\u00e1ter internacional dessa manifesta\u00e7\u00e3o de classe. Nos convites da CUT para a participa\u00e7\u00e3o atrav\u00e9s de mensagens de v\u00eddeo, al\u00e9m das frentes Brasil Popular e Povo sem Medo, destacamos a participa\u00e7\u00e3o do ex-presidente Lula, da ex presidenta Dilma, da presidenta do PT Gleisi Hoffmann e Fernando Haddad dentre outros parceiros hist\u00f3ricos da nossa central.<\/p>\n<p>A programa\u00e7\u00e3o detalhada ser\u00e1 enviada ao longo da semana, mas o trabalho de mobiliza\u00e7\u00e3o deve come\u00e7ar imediatamente em nossas bases, para garantir o m\u00e1ximo de participa\u00e7\u00e3o poss\u00edvel neste 1\u00ba de Maio Solid\u00e1rio e de Luta e dar uma resposta contundente aos ataques desferidos contra a classe trabalhadora por esse governo e seus aliados no Congresso Nacional.<\/p>\n<p>Todos e todas ao 1\u00ba de Maio Solid\u00e1rio!<\/p>\n<p>Em defesa da sa\u00fade, empregos e renda!<\/p>\n<p>Fora, Bolsonaro, Governo da Morte!<\/p>\n<p>Sauda\u00e7\u00f5es CUTistas,<\/p>\n<p><strong>S\u00e9rgio Nobre \u00a0\u00a0\u00a0\u00a0\u00a0\u00a0\u00a0\u00a0\u00a0\u00a0\u00a0\u00a0\u00a0\u00a0\u00a0\u00a0\u00a0\u00a0\u00a0\u00a0\u00a0\u00a0\u00a0\u00a0\u00a0\u00a0\u00a0\u00a0\u00a0\u00a0\u00a0\u00a0\u00a0\u00a0\u00a0\u00a0\u00a0\u00a0\u00a0\u00a0\u00a0\u00a0\u00a0\u00a0\u00a0\u00a0\u00a0\u00a0\u00a0\u00a0\u00a0\u00a0\u00a0\u00a0\u00a0\u00a0\u00a0\u00a0 Carmen Foro\u00a0 \u00a0 \u00a0 \u00a0 \u00a0 \u00a0 \u00a0 \u00a0 \u00a0 \u00a0 \u00a0 \u00a0 \u00a0 \u00a0 \u00a0 \u00a0 \u00a0 \u00a0 \u00a0 \u00a0 \u00a0 \u00a0 \u00a0\u00a0<\/strong><\/p>\n<p>Presidente \u00a0\u00a0\u00a0\u00a0\u00a0\u00a0\u00a0\u00a0\u00a0\u00a0\u00a0\u00a0\u00a0\u00a0\u00a0\u00a0\u00a0\u00a0\u00a0\u00a0\u00a0\u00a0\u00a0\u00a0\u00a0\u00a0\u00a0\u00a0\u00a0\u00a0\u00a0\u00a0\u00a0\u00a0\u00a0\u00a0\u00a0\u00a0\u00a0\u00a0\u00a0\u00a0\u00a0\u00a0\u00a0\u00a0\u00a0\u00a0\u00a0\u00a0\u00a0\u00a0\u00a0\u00a0\u00a0\u00a0\u00a0\u00a0\u00a0\u00a0\u00a0\u00a0\u00a0 Secret\u00e1ria Geral<\/p>\n<p>&nbsp;<\/p>\n<p><em><strong>Fonte: Central \u00danica dos Petroleiros (CUT)<\/strong><\/em><\/p>\n","protected":false},"excerpt":{"rendered":"Mobiliza\u00e7\u00e3o ser\u00e1 virtual para proteger os trabalhadores do coronav\u00edrus, ter\u00e1 a participa\u00e7\u00e3o de Lula, Dilma e Haddad que gravar\u00e3o mensagens para a classe trabalhadora e v\u00e1rios artistas que gravar\u00e3o participa\u00e7\u00f5es &nbsp; A mobiliza\u00e7\u00e3o do Dia Internacional do Trabalhador, na pr\u00f3xima sexta-feira, 1\u00ba de maio, ser\u00e1 realizada a partir das 11h30 pela CUT, em conjunto com&#8230; <a class=\"view-article\" href=\"http:\/\/www.sindipetroba.org.br\/2019\/executiva-da-cut-convoca-para-1o-de-maio-solidario-de-luta-e-fora-bolsonaro\/\">Ver artigo<\/a>","protected":false},"author":1,"featured_media":7304,"comment_status":"closed","ping_status":"open","sticky":false,"template":"","format":"standard","meta":{"_et_pb_use_builder":"","_et_pb_old_content":"","_et_gb_content_width":"","footnotes":""},"categories":[1],"tags":[731,54,732,192],"class_list":["post-7303","post","type-post","status-publish","format-standard","has-post-thumbnail","hentry","category-noticia","tag-1o-de-maio","tag-dia-do-trabalhador","tag-dia-do-trabalho","tag-mobilizacao"],"yoast_head":"<!-- This site is optimized with the Yoast SEO plugin v27.3 - https:\/\/yoast.com\/product\/yoast-seo-wordpress\/ -->\n<title>Executiva da CUT convoca para 1\u00ba de Maio solid\u00e1rio, de luta e \u201cFora, Bolsonaro\u201d - Sindipetro BA<\/title>\n<meta name=\"robots\" content=\"index, follow, max-snippet:-1, max-image-preview:large, max-video-preview:-1\" \/>\n<link rel=\"canonical\" href=\"http:\/\/www.sindipetroba.org.br\/2019\/executiva-da-cut-convoca-para-1o-de-maio-solidario-de-luta-e-fora-bolsonaro\/\" \/>\n<meta property=\"og:locale\" content=\"pt_BR\" \/>\n<meta property=\"og:type\" content=\"article\" \/>\n<meta property=\"og:title\" content=\"Executiva da CUT convoca para 1\u00ba de Maio solid\u00e1rio, de luta e \u201cFora, Bolsonaro\u201d - Sindipetro BA\" \/>\n<meta property=\"og:description\" content=\"Mobiliza\u00e7\u00e3o ser\u00e1 virtual para proteger os trabalhadores do coronav\u00edrus, ter\u00e1 a participa\u00e7\u00e3o de Lula, Dilma e Haddad que gravar\u00e3o mensagens para a classe trabalhadora e v\u00e1rios artistas que gravar\u00e3o participa\u00e7\u00f5es &nbsp; A mobiliza\u00e7\u00e3o do Dia Internacional do Trabalhador, na pr\u00f3xima sexta-feira, 1\u00ba de maio, ser\u00e1 realizada a partir das 11h30 pela CUT, em conjunto com... Ver artigo\" \/>\n<meta property=\"og:url\" content=\"http:\/\/www.sindipetroba.org.br\/2019\/executiva-da-cut-convoca-para-1o-de-maio-solidario-de-luta-e-fora-bolsonaro\/\" \/>\n<meta property=\"og:site_name\" content=\"Sindipetro BA\" \/>\n<meta property=\"article:publisher\" content=\"https:\/\/www.facebook.com\/sindipetroBa\/\" \/>\n<meta property=\"article:published_time\" content=\"2020-04-29T16:41:11+00:00\" \/>\n<meta property=\"og:image\" content=\"http:\/\/www.sindipetroba.org.br\/2019\/wp-content\/uploads\/2020\/04\/29abr-cut1-e1588178456528.jpg\" \/>\n\t<meta property=\"og:image:width\" content=\"550\" \/>\n\t<meta property=\"og:image:height\" content=\"361\" \/>\n\t<meta property=\"og:image:type\" content=\"image\/jpeg\" \/>\n<meta name=\"author\" content=\"admsp\" \/>\n<meta name=\"twitter:card\" content=\"summary_large_image\" \/>\n<meta name=\"twitter:creator\" content=\"@SindipetroBahia\" \/>\n<meta name=\"twitter:site\" content=\"@SindipetroBahia\" \/>\n<meta name=\"twitter:label1\" content=\"Escrito por\" \/>\n\t<meta name=\"twitter:data1\" content=\"admsp\" \/>\n\t<meta name=\"twitter:label2\" content=\"Est. tempo de leitura\" \/>\n\t<meta name=\"twitter:data2\" content=\"6 minutos\" \/>\n<script type=\"application\/ld+json\" class=\"yoast-schema-graph\">{\"@context\":\"https:\\\/\\\/schema.org\",\"@graph\":[{\"@type\":\"Article\",\"@id\":\"http:\\\/\\\/www.sindipetroba.org.br\\\/2019\\\/executiva-da-cut-convoca-para-1o-de-maio-solidario-de-luta-e-fora-bolsonaro\\\/#article\",\"isPartOf\":{\"@id\":\"http:\\\/\\\/www.sindipetroba.org.br\\\/2019\\\/executiva-da-cut-convoca-para-1o-de-maio-solidario-de-luta-e-fora-bolsonaro\\\/\"},\"author\":{\"name\":\"admsp\",\"@id\":\"http:\\\/\\\/www.sindipetroba.org.br\\\/2019\\\/#\\\/schema\\\/person\\\/e61228ef9f981537d4c4eb80f6ea7713\"},\"headline\":\"Executiva da CUT convoca para 1\u00ba de Maio solid\u00e1rio, de luta e \u201cFora, Bolsonaro\u201d\",\"datePublished\":\"2020-04-29T16:41:11+00:00\",\"mainEntityOfPage\":{\"@id\":\"http:\\\/\\\/www.sindipetroba.org.br\\\/2019\\\/executiva-da-cut-convoca-para-1o-de-maio-solidario-de-luta-e-fora-bolsonaro\\\/\"},\"wordCount\":1220,\"publisher\":{\"@id\":\"http:\\\/\\\/www.sindipetroba.org.br\\\/2019\\\/#organization\"},\"image\":{\"@id\":\"http:\\\/\\\/www.sindipetroba.org.br\\\/2019\\\/executiva-da-cut-convoca-para-1o-de-maio-solidario-de-luta-e-fora-bolsonaro\\\/#primaryimage\"},\"thumbnailUrl\":\"http:\\\/\\\/www.sindipetroba.org.br\\\/2019\\\/wp-content\\\/uploads\\\/2020\\\/04\\\/29abr-cut1-e1588178456528.jpg\",\"keywords\":[\"1\u00ba de maio\",\"Dia do Trabalhador\",\"dia do trabalho\",\"mobiliza\u00e7\u00e3o\"],\"articleSection\":[\"Not\u00edcia\"],\"inLanguage\":\"pt-BR\"},{\"@type\":\"WebPage\",\"@id\":\"http:\\\/\\\/www.sindipetroba.org.br\\\/2019\\\/executiva-da-cut-convoca-para-1o-de-maio-solidario-de-luta-e-fora-bolsonaro\\\/\",\"url\":\"http:\\\/\\\/www.sindipetroba.org.br\\\/2019\\\/executiva-da-cut-convoca-para-1o-de-maio-solidario-de-luta-e-fora-bolsonaro\\\/\",\"name\":\"Executiva da CUT convoca para 1\u00ba de Maio solid\u00e1rio, de luta e \u201cFora, Bolsonaro\u201d - Sindipetro BA\",\"isPartOf\":{\"@id\":\"http:\\\/\\\/www.sindipetroba.org.br\\\/2019\\\/#website\"},\"primaryImageOfPage\":{\"@id\":\"http:\\\/\\\/www.sindipetroba.org.br\\\/2019\\\/executiva-da-cut-convoca-para-1o-de-maio-solidario-de-luta-e-fora-bolsonaro\\\/#primaryimage\"},\"image\":{\"@id\":\"http:\\\/\\\/www.sindipetroba.org.br\\\/2019\\\/executiva-da-cut-convoca-para-1o-de-maio-solidario-de-luta-e-fora-bolsonaro\\\/#primaryimage\"},\"thumbnailUrl\":\"http:\\\/\\\/www.sindipetroba.org.br\\\/2019\\\/wp-content\\\/uploads\\\/2020\\\/04\\\/29abr-cut1-e1588178456528.jpg\",\"datePublished\":\"2020-04-29T16:41:11+00:00\",\"breadcrumb\":{\"@id\":\"http:\\\/\\\/www.sindipetroba.org.br\\\/2019\\\/executiva-da-cut-convoca-para-1o-de-maio-solidario-de-luta-e-fora-bolsonaro\\\/#breadcrumb\"},\"inLanguage\":\"pt-BR\",\"potentialAction\":[{\"@type\":\"ReadAction\",\"target\":[\"http:\\\/\\\/www.sindipetroba.org.br\\\/2019\\\/executiva-da-cut-convoca-para-1o-de-maio-solidario-de-luta-e-fora-bolsonaro\\\/\"]}]},{\"@type\":\"ImageObject\",\"inLanguage\":\"pt-BR\",\"@id\":\"http:\\\/\\\/www.sindipetroba.org.br\\\/2019\\\/executiva-da-cut-convoca-para-1o-de-maio-solidario-de-luta-e-fora-bolsonaro\\\/#primaryimage\",\"url\":\"http:\\\/\\\/www.sindipetroba.org.br\\\/2019\\\/wp-content\\\/uploads\\\/2020\\\/04\\\/29abr-cut1-e1588178456528.jpg\",\"contentUrl\":\"http:\\\/\\\/www.sindipetroba.org.br\\\/2019\\\/wp-content\\\/uploads\\\/2020\\\/04\\\/29abr-cut1-e1588178456528.jpg\",\"width\":550,\"height\":361},{\"@type\":\"BreadcrumbList\",\"@id\":\"http:\\\/\\\/www.sindipetroba.org.br\\\/2019\\\/executiva-da-cut-convoca-para-1o-de-maio-solidario-de-luta-e-fora-bolsonaro\\\/#breadcrumb\",\"itemListElement\":[{\"@type\":\"ListItem\",\"position\":1,\"name\":\"In\u00edcio\",\"item\":\"http:\\\/\\\/www.sindipetroba.org.br\\\/2019\\\/\"},{\"@type\":\"ListItem\",\"position\":2,\"name\":\"Executiva da CUT convoca para 1\u00ba de Maio solid\u00e1rio, de luta e \u201cFora, Bolsonaro\u201d\"}]},{\"@type\":\"WebSite\",\"@id\":\"http:\\\/\\\/www.sindipetroba.org.br\\\/2019\\\/#website\",\"url\":\"http:\\\/\\\/www.sindipetroba.org.br\\\/2019\\\/\",\"name\":\"Sindipetro BA\",\"description\":\"Sindicato dos Petroleiros e Petroleiras do Estado da Bahia\",\"publisher\":{\"@id\":\"http:\\\/\\\/www.sindipetroba.org.br\\\/2019\\\/#organization\"},\"potentialAction\":[{\"@type\":\"SearchAction\",\"target\":{\"@type\":\"EntryPoint\",\"urlTemplate\":\"http:\\\/\\\/www.sindipetroba.org.br\\\/2019\\\/?s={search_term_string}\"},\"query-input\":{\"@type\":\"PropertyValueSpecification\",\"valueRequired\":true,\"valueName\":\"search_term_string\"}}],\"inLanguage\":\"pt-BR\"},{\"@type\":\"Organization\",\"@id\":\"http:\\\/\\\/www.sindipetroba.org.br\\\/2019\\\/#organization\",\"name\":\"Sindipetro BA\",\"url\":\"http:\\\/\\\/www.sindipetroba.org.br\\\/2019\\\/\",\"logo\":{\"@type\":\"ImageObject\",\"inLanguage\":\"pt-BR\",\"@id\":\"http:\\\/\\\/www.sindipetroba.org.br\\\/2019\\\/#\\\/schema\\\/logo\\\/image\\\/\",\"url\":\"http:\\\/\\\/www.sindipetroba.org.br\\\/2019\\\/wp-content\\\/uploads\\\/2019\\\/01\\\/sindipetro-marca-cor.png\",\"contentUrl\":\"http:\\\/\\\/www.sindipetroba.org.br\\\/2019\\\/wp-content\\\/uploads\\\/2019\\\/01\\\/sindipetro-marca-cor.png\",\"width\":350,\"height\":126,\"caption\":\"Sindipetro BA\"},\"image\":{\"@id\":\"http:\\\/\\\/www.sindipetroba.org.br\\\/2019\\\/#\\\/schema\\\/logo\\\/image\\\/\"},\"sameAs\":[\"https:\\\/\\\/www.facebook.com\\\/sindipetroBa\\\/\",\"https:\\\/\\\/x.com\\\/SindipetroBahia\",\"https:\\\/\\\/www.instagram.com\\\/sindipetroba\\\/\",\"https:\\\/\\\/www.youtube.com\\\/c\\\/SindipetroBahiaOficial\"]},{\"@type\":\"Person\",\"@id\":\"http:\\\/\\\/www.sindipetroba.org.br\\\/2019\\\/#\\\/schema\\\/person\\\/e61228ef9f981537d4c4eb80f6ea7713\",\"name\":\"admsp\",\"image\":{\"@type\":\"ImageObject\",\"inLanguage\":\"pt-BR\",\"@id\":\"https:\\\/\\\/secure.gravatar.com\\\/avatar\\\/50f06e2b746fe9248099d2c61c12342ab36327e9d413e3171dd7033b84800d96?s=96&d=mm&r=g\",\"url\":\"https:\\\/\\\/secure.gravatar.com\\\/avatar\\\/50f06e2b746fe9248099d2c61c12342ab36327e9d413e3171dd7033b84800d96?s=96&d=mm&r=g\",\"contentUrl\":\"https:\\\/\\\/secure.gravatar.com\\\/avatar\\\/50f06e2b746fe9248099d2c61c12342ab36327e9d413e3171dd7033b84800d96?s=96&d=mm&r=g\",\"caption\":\"admsp\"}}]}<\/script>\n<!-- \/ Yoast SEO plugin. -->","yoast_head_json":{"title":"Executiva da CUT convoca para 1\u00ba de Maio solid\u00e1rio, de luta e \u201cFora, Bolsonaro\u201d - Sindipetro BA","robots":{"index":"index","follow":"follow","max-snippet":"max-snippet:-1","max-image-preview":"max-image-preview:large","max-video-preview":"max-video-preview:-1"},"canonical":"http:\/\/www.sindipetroba.org.br\/2019\/executiva-da-cut-convoca-para-1o-de-maio-solidario-de-luta-e-fora-bolsonaro\/","og_locale":"pt_BR","og_type":"article","og_title":"Executiva da CUT convoca para 1\u00ba de Maio solid\u00e1rio, de luta e \u201cFora, Bolsonaro\u201d - Sindipetro BA","og_description":"Mobiliza\u00e7\u00e3o ser\u00e1 virtual para proteger os trabalhadores do coronav\u00edrus, ter\u00e1 a participa\u00e7\u00e3o de Lula, Dilma e Haddad que gravar\u00e3o mensagens para a classe trabalhadora e v\u00e1rios artistas que gravar\u00e3o participa\u00e7\u00f5es &nbsp; A mobiliza\u00e7\u00e3o do Dia Internacional do Trabalhador, na pr\u00f3xima sexta-feira, 1\u00ba de maio, ser\u00e1 realizada a partir das 11h30 pela CUT, em conjunto com... Ver artigo","og_url":"http:\/\/www.sindipetroba.org.br\/2019\/executiva-da-cut-convoca-para-1o-de-maio-solidario-de-luta-e-fora-bolsonaro\/","og_site_name":"Sindipetro BA","article_publisher":"https:\/\/www.facebook.com\/sindipetroBa\/","article_published_time":"2020-04-29T16:41:11+00:00","og_image":[{"width":550,"height":361,"url":"http:\/\/www.sindipetroba.org.br\/2019\/wp-content\/uploads\/2020\/04\/29abr-cut1-e1588178456528.jpg","type":"image\/jpeg"}],"author":"admsp","twitter_card":"summary_large_image","twitter_creator":"@SindipetroBahia","twitter_site":"@SindipetroBahia","twitter_misc":{"Escrito por":"admsp","Est. tempo de leitura":"6 minutos"},"schema":{"@context":"https:\/\/schema.org","@graph":[{"@type":"Article","@id":"http:\/\/www.sindipetroba.org.br\/2019\/executiva-da-cut-convoca-para-1o-de-maio-solidario-de-luta-e-fora-bolsonaro\/#article","isPartOf":{"@id":"http:\/\/www.sindipetroba.org.br\/2019\/executiva-da-cut-convoca-para-1o-de-maio-solidario-de-luta-e-fora-bolsonaro\/"},"author":{"name":"admsp","@id":"http:\/\/www.sindipetroba.org.br\/2019\/#\/schema\/person\/e61228ef9f981537d4c4eb80f6ea7713"},"headline":"Executiva da CUT convoca para 1\u00ba de Maio solid\u00e1rio, de luta e \u201cFora, Bolsonaro\u201d","datePublished":"2020-04-29T16:41:11+00:00","mainEntityOfPage":{"@id":"http:\/\/www.sindipetroba.org.br\/2019\/executiva-da-cut-convoca-para-1o-de-maio-solidario-de-luta-e-fora-bolsonaro\/"},"wordCount":1220,"publisher":{"@id":"http:\/\/www.sindipetroba.org.br\/2019\/#organization"},"image":{"@id":"http:\/\/www.sindipetroba.org.br\/2019\/executiva-da-cut-convoca-para-1o-de-maio-solidario-de-luta-e-fora-bolsonaro\/#primaryimage"},"thumbnailUrl":"http:\/\/www.sindipetroba.org.br\/2019\/wp-content\/uploads\/2020\/04\/29abr-cut1-e1588178456528.jpg","keywords":["1\u00ba de maio","Dia do Trabalhador","dia do trabalho","mobiliza\u00e7\u00e3o"],"articleSection":["Not\u00edcia"],"inLanguage":"pt-BR"},{"@type":"WebPage","@id":"http:\/\/www.sindipetroba.org.br\/2019\/executiva-da-cut-convoca-para-1o-de-maio-solidario-de-luta-e-fora-bolsonaro\/","url":"http:\/\/www.sindipetroba.org.br\/2019\/executiva-da-cut-convoca-para-1o-de-maio-solidario-de-luta-e-fora-bolsonaro\/","name":"Executiva da CUT convoca para 1\u00ba de Maio solid\u00e1rio, de luta e \u201cFora, Bolsonaro\u201d - Sindipetro BA","isPartOf":{"@id":"http:\/\/www.sindipetroba.org.br\/2019\/#website"},"primaryImageOfPage":{"@id":"http:\/\/www.sindipetroba.org.br\/2019\/executiva-da-cut-convoca-para-1o-de-maio-solidario-de-luta-e-fora-bolsonaro\/#primaryimage"},"image":{"@id":"http:\/\/www.sindipetroba.org.br\/2019\/executiva-da-cut-convoca-para-1o-de-maio-solidario-de-luta-e-fora-bolsonaro\/#primaryimage"},"thumbnailUrl":"http:\/\/www.sindipetroba.org.br\/2019\/wp-content\/uploads\/2020\/04\/29abr-cut1-e1588178456528.jpg","datePublished":"2020-04-29T16:41:11+00:00","breadcrumb":{"@id":"http:\/\/www.sindipetroba.org.br\/2019\/executiva-da-cut-convoca-para-1o-de-maio-solidario-de-luta-e-fora-bolsonaro\/#breadcrumb"},"inLanguage":"pt-BR","potentialAction":[{"@type":"ReadAction","target":["http:\/\/www.sindipetroba.org.br\/2019\/executiva-da-cut-convoca-para-1o-de-maio-solidario-de-luta-e-fora-bolsonaro\/"]}]},{"@type":"ImageObject","inLanguage":"pt-BR","@id":"http:\/\/www.sindipetroba.org.br\/2019\/executiva-da-cut-convoca-para-1o-de-maio-solidario-de-luta-e-fora-bolsonaro\/#primaryimage","url":"http:\/\/www.sindipetroba.org.br\/2019\/wp-content\/uploads\/2020\/04\/29abr-cut1-e1588178456528.jpg","contentUrl":"http:\/\/www.sindipetroba.org.br\/2019\/wp-content\/uploads\/2020\/04\/29abr-cut1-e1588178456528.jpg","width":550,"height":361},{"@type":"BreadcrumbList","@id":"http:\/\/www.sindipetroba.org.br\/2019\/executiva-da-cut-convoca-para-1o-de-maio-solidario-de-luta-e-fora-bolsonaro\/#breadcrumb","itemListElement":[{"@type":"ListItem","position":1,"name":"In\u00edcio","item":"http:\/\/www.sindipetroba.org.br\/2019\/"},{"@type":"ListItem","position":2,"name":"Executiva da CUT convoca para 1\u00ba de Maio solid\u00e1rio, de luta e \u201cFora, Bolsonaro\u201d"}]},{"@type":"WebSite","@id":"http:\/\/www.sindipetroba.org.br\/2019\/#website","url":"http:\/\/www.sindipetroba.org.br\/2019\/","name":"Sindipetro BA","description":"Sindicato dos Petroleiros e Petroleiras do Estado da Bahia","publisher":{"@id":"http:\/\/www.sindipetroba.org.br\/2019\/#organization"},"potentialAction":[{"@type":"SearchAction","target":{"@type":"EntryPoint","urlTemplate":"http:\/\/www.sindipetroba.org.br\/2019\/?s={search_term_string}"},"query-input":{"@type":"PropertyValueSpecification","valueRequired":true,"valueName":"search_term_string"}}],"inLanguage":"pt-BR"},{"@type":"Organization","@id":"http:\/\/www.sindipetroba.org.br\/2019\/#organization","name":"Sindipetro BA","url":"http:\/\/www.sindipetroba.org.br\/2019\/","logo":{"@type":"ImageObject","inLanguage":"pt-BR","@id":"http:\/\/www.sindipetroba.org.br\/2019\/#\/schema\/logo\/image\/","url":"http:\/\/www.sindipetroba.org.br\/2019\/wp-content\/uploads\/2019\/01\/sindipetro-marca-cor.png","contentUrl":"http:\/\/www.sindipetroba.org.br\/2019\/wp-content\/uploads\/2019\/01\/sindipetro-marca-cor.png","width":350,"height":126,"caption":"Sindipetro BA"},"image":{"@id":"http:\/\/www.sindipetroba.org.br\/2019\/#\/schema\/logo\/image\/"},"sameAs":["https:\/\/www.facebook.com\/sindipetroBa\/","https:\/\/x.com\/SindipetroBahia","https:\/\/www.instagram.com\/sindipetroba\/","https:\/\/www.youtube.com\/c\/SindipetroBahiaOficial"]},{"@type":"Person","@id":"http:\/\/www.sindipetroba.org.br\/2019\/#\/schema\/person\/e61228ef9f981537d4c4eb80f6ea7713","name":"admsp","image":{"@type":"ImageObject","inLanguage":"pt-BR","@id":"https:\/\/secure.gravatar.com\/avatar\/50f06e2b746fe9248099d2c61c12342ab36327e9d413e3171dd7033b84800d96?s=96&d=mm&r=g","url":"https:\/\/secure.gravatar.com\/avatar\/50f06e2b746fe9248099d2c61c12342ab36327e9d413e3171dd7033b84800d96?s=96&d=mm&r=g","contentUrl":"https:\/\/secure.gravatar.com\/avatar\/50f06e2b746fe9248099d2c61c12342ab36327e9d413e3171dd7033b84800d96?s=96&d=mm&r=g","caption":"admsp"}}]}},"_links":{"self":[{"href":"http:\/\/www.sindipetroba.org.br\/2019\/wp-json\/wp\/v2\/posts\/7303","targetHints":{"allow":["GET"]}}],"collection":[{"href":"http:\/\/www.sindipetroba.org.br\/2019\/wp-json\/wp\/v2\/posts"}],"about":[{"href":"http:\/\/www.sindipetroba.org.br\/2019\/wp-json\/wp\/v2\/types\/post"}],"author":[{"embeddable":true,"href":"http:\/\/www.sindipetroba.org.br\/2019\/wp-json\/wp\/v2\/users\/1"}],"replies":[{"embeddable":true,"href":"http:\/\/www.sindipetroba.org.br\/2019\/wp-json\/wp\/v2\/comments?post=7303"}],"version-history":[{"count":1,"href":"http:\/\/www.sindipetroba.org.br\/2019\/wp-json\/wp\/v2\/posts\/7303\/revisions"}],"predecessor-version":[{"id":7305,"href":"http:\/\/www.sindipetroba.org.br\/2019\/wp-json\/wp\/v2\/posts\/7303\/revisions\/7305"}],"wp:featuredmedia":[{"embeddable":true,"href":"http:\/\/www.sindipetroba.org.br\/2019\/wp-json\/wp\/v2\/media\/7304"}],"wp:attachment":[{"href":"http:\/\/www.sindipetroba.org.br\/2019\/wp-json\/wp\/v2\/media?parent=7303"}],"wp:term":[{"taxonomy":"category","embeddable":true,"href":"http:\/\/www.sindipetroba.org.br\/2019\/wp-json\/wp\/v2\/categories?post=7303"},{"taxonomy":"post_tag","embeddable":true,"href":"http:\/\/www.sindipetroba.org.br\/2019\/wp-json\/wp\/v2\/tags?post=7303"}],"curies":[{"name":"wp","href":"https:\/\/api.w.org\/{rel}","templated":true}]}}