{"id":7841,"date":"2020-06-01T16:49:10","date_gmt":"2020-06-01T19:49:10","guid":{"rendered":"http:\/\/www.sindipetroba.org.br\/2019\/?p=7841"},"modified":"2020-06-01T17:29:46","modified_gmt":"2020-06-01T20:29:46","slug":"brasil-tem-domingo-marcado-por-atos-pela-democracia-e-contra-bandeiras-neofascistas","status":"publish","type":"post","link":"http:\/\/www.sindipetroba.org.br\/2019\/brasil-tem-domingo-marcado-por-atos-pela-democracia-e-contra-bandeiras-neofascistas\/","title":{"rendered":"Brasil tem domingo marcado por atos pela democracia e contra bandeiras neofascistas"},"content":{"rendered":"<div class=\"dd-m-display dd-m-display--small dd-m-background-energized-light\">\n<div class=\"wrap\">\n<div class=\"row\">\n<div class=\"col-xs-12\">\n<div class=\"row\">\n<div class=\"col-xs-12 col-lg-10 col-md-10 col-lg-offset-1 col-md-offset-1\">\n<p class=\"dd-m-text dd-m-text--big font-MerriWeather\"><strong>Bolsonaro participa da manifesta\u00e7\u00f5es antidemocr\u00e1ticas, mas n\u00e3o fala nada sobre casos e mortes por Covid-19 que s\u00f3 aumentam no pa\u00eds. Movimento somos 70% cresce na rede e novos protestos s\u00e3o marcados.<\/strong><\/p>\n<p>O domingo (31) foi marcado por protestos em pelo menos cinco cidades brasileiras, Rio de Janeiro, S\u00e3o Paulo, Bras\u00edlia, Belo Horizonte e Porto Alegre, apesar da pandemia do novo coronav\u00edrus e com o pa\u00eds se tornando o epicentro da contamina\u00e7\u00e3o pela Covid-19, com quase 30 mil mortes pela doen\u00e7a.<\/p>\n<p>O que levou a maioria das pessoas a protestar nas ruas foi o avan\u00e7o da pauta fascista e antidemocr\u00e1tica dos seguidores do presidente Jair Bolsonaro (ex-PSL), que querem o fechamento do Congresso Nacional e at\u00e9 do Supremo Tribunal Federal (STF). Em grupos menores, os defensores da pauta de Bolsonaro levaram suas bandeiras fascistas e provocaram confrontos pelo menos em S\u00e3o Paulo e no Rio.<\/p>\n<p>Na capital paulista, de um lado da Avenida Paulista, a defesa da democracia e do outro lado manifestantes com bandeiras neofascistas. O tratamento desigual dado pela Pol\u00edcia Militar, que protegeu os apoiadores de Bolsonaro e dispersou o grupo que defendia a democracia com bombas de efeito moral, gerou pol\u00eamica e foi criticado por defensores dos direitos humanos e advogados. Muitos desistiram e voltaram para casa embaixo de uma chuva de bombas e g\u00e1s lacrimog\u00eanio. Do outro lado, \u00a0os fascistas ganharam at\u00e9 abra\u00e7o dos policiais, mesmo portando arma branca.<\/p>\n<p>Torcedores do Corinthians, Palmeiras, Santos e S\u00e3o Paulo, al\u00e9m de outros grupos, de forma pacifica, com m\u00e1scaras, vestidos de preto e segurando bandeiras em defesa da vida, da democracia e antifascista, ocuparam o v\u00e3o livre do Masp, na Av.Paulista, caminhavam pela avenida gritando coias como \u201cdemocracia\u201d e \u201c\u00f4, \u00f4, \u00f4, ditadura acabou\u201d.<\/p>\n<p>Separados inicialmente por um cord\u00e3o policial, na mesma avenida, em frente a Fiesp, um grupo bem menor em defesa de Bolsonaro estava com bandeiras em defesa da interven\u00e7\u00e3o militar, exibindo s\u00edmbolos neofascistas e criticavam o Congresso e o STF.<\/p>\n<p>\u201cAs bandeiras que vimos neste domingo s\u00e3o totalmente opostas. Enquanto uns se colocam como neofascistas, que \u00e9 uma minoria que segue o &#8220;l\u00edder&#8221; para instaurar regime autorit\u00e1rio, repressivo aos que pensam diferente. Outros sa\u00edram \u00e0s ruas para defender a democracia, no qual o poder emana do povo e \u00e9 a vontade da maioria, que hoje \u00e9 70% contra o Bolsonaro\u201d, explica o professor de hist\u00f3ria e ex-dirigente da CUT, J\u00falio Turra.<\/p>\n<p>Outras manifesta\u00e7\u00f5es est\u00e3o sendo convocadas para o pr\u00f3ximo domingo (7).<\/p>\n<p><strong>Confronto<\/strong><\/p>\n<p>As bandeiras opostas podem ter sido os motivos da confus\u00e3o entre os grupos, duas horas depois do come\u00e7o dos protestos.<\/p>\n<p>Segundo a fotojornalista Tha\u00eds Haliski, em entrevista a UOL, membros do grupo bolsonarista come\u00e7aram a andar v\u00e1rias vezes at\u00e9 o MASP para provocar e xingar de vagabundos e de outras coisas aqueles que participavam do outro ato. Ela testemunhou a poucos metros o come\u00e7o da briga e a viol\u00eancia da Pol\u00edcia Militar para um dos lados, que inclusive quase a machucou.<\/p>\n<p>Uma mulher de m\u00e1scara da bandeira americana e com um taco de beisebol na m\u00e3o no qual se lia &#8220;rivotril&#8221; inflamou mais ainda a confus\u00e3o, segundo, o jornalista Fernando Tadeu Moraes, editorialista da Folha, narrou para uma mat\u00e9ria do jornal.<\/p>\n<p>De folga, ele passou pelo local no momento da confus\u00e3o e disse que policiais cercaram a mulher e come\u00e7aram a conduzi-la abra\u00e7ada para o outro lado. Embora mantendo certa dist\u00e2ncia, um grupo de torcedores come\u00e7ou a ir na mesma dire\u00e7\u00e3o o que fez a pol\u00edcia reagir imediatamente com bombas de g\u00e1s lacrimog\u00eaneo e balas de borracha o que fez dispersar a manifesta\u00e7\u00e3o.<\/p>\n<p><strong>Protestos e confronto tamb\u00e9m aconteceram no RJ<\/strong><\/p>\n<p>Logo pela manh\u00e3 do domingo, no Rio de Janeiro, grupos pr\u00f3 e contra Bolsonaro ficaram frente a frente na praia de Copacabana. Os bolsonaristas criticavam o STF e o Congresso e pediam o impeachment do governador Wilson Witzel (PSC).<\/p>\n<p>O outro grupo, que se apresentava como antifascista, eram os membros da torcida organizada Fla Antifa, do Flamengo, que participaram das manifesta\u00e7\u00f5es.<\/p>\n<p>A Pol\u00edcia Militar do estado usou bombas de g\u00e1s para dispersar os manifestantes, mas um flagrante da Globo News tamb\u00e9m mostrou a desigualdade de tratamento. Um manifestante desarmado e descal\u00e7o, que estava em frente ao Pal\u00e1cio Guanabara e participava de um ato &#8220;Vidas negras importam&#8221;, teve um fuzil apontado para sua cabe\u00e7a pela PM.<\/p>\n<p><strong>Bras\u00edlia<\/strong><\/p>\n<p>Apoiadores de Bolsonaro tamb\u00e9m fizeram uma manifesta\u00e7\u00e3o na manh\u00e3 do domingo na Esplanada dos Minist\u00e9rios, em Bras\u00edlia, contra o STF e o Congresso Nacional.<\/p>\n<p>Bolsonaro sobrevoou o ato, depois se aproximou sem m\u00e1scaras e at\u00e9 segurou um crian\u00e7a no colo.<\/p>\n<p>Imagens transmitidas por v\u00e1rios telejornais mostraram que ele ainda andou a cavalo durante a manifesta\u00e7\u00e3o e ficou por cerca de 25 minutos no local e dirigiu-se ao Pal\u00e1cio do Planalto, antes de retornar ao Pal\u00e1cio da Alvorada.<\/p>\n<p>Ele n\u00e3o comentou em nenhum momento sobre mortes e casos de covid-19 no pa\u00eds, que s\u00f3 tem aumentado.<\/p>\n<p><strong>Outras capitais<\/strong><\/p>\n<p>Em <strong>Belo Horizonte<\/strong> tamb\u00e9m atos a favor e contra Bolsonaro. Torcedores de clubes mineiros e membros de grupos \u201cantifacistas\u201d se manifestaram contra o governo Bolsonaro caminhando pela capital mineira com cartazes que carregavam os dizeres \u201cFora Bolsonaro\u201d.<\/p>\n<p>J\u00e1 os apoiadores de presidente percorreram as principais avenidas da cidade de carro, fazendo um buzina\u00e7o e carregando bandeiras do pa\u00eds. O grupo tamb\u00e9m gritava palavras de ordem contra o STF (Supremo Tribunal Federal).<\/p>\n<p><strong>Em Porto Alegre, p<\/strong>elo terceiro domingo consecutivo, o Centro Hist\u00f3rico da capital ga\u00facha\u00a0 foi palco de uma manifesta\u00e7\u00e3o em defesa da democracia, contra o fascismo e o governo de Jair Bolsonaro. Os atos v\u00eam ocorrendo na rua dos Andradas, perto da rua General Bento Martins, onde est\u00e1 sediado o Comando Militar do Sul, que se tornou um centro de peregrina\u00e7\u00e3o para apoiadores de Bolsonaro que defendem um golpe militar no pa\u00eds, segundo o <a href=\"https:\/\/www.sul21.com.br\/ultimas-noticias\/politica\/2020\/05\/manifestantes-antifascistas-promovem-novo-protesto-no-centro-de-porto-alegre\/\">Portal Sul21<\/a>.<\/p>\n<p><strong>Movimento 70% contra Bolsonaro cresce nas redes<\/strong><\/p>\n<p>Durante todo o fim de semana, um movimento chamado \u201c70% contra Bolsonaro\u201d cresceu nas redes, se referindo a maioria da popula\u00e7\u00e3o que \u00e9 contra o governo.<\/p>\n<p>O movimento ganhou at\u00e9 famosos como adeptos e foi um dos assuntos mais falado no Twitter este fim de semana. \u00a0\u201cSomos 70% contra Bolsonaro\u201d procura mostrar que os apoiadores de Bolsonaro s\u00e3o minoria.<\/p>\n<p><strong>Veja as imagens da manifesta\u00e7\u00e3o na Paulista<\/strong><\/p>\n<p><img loading=\"lazy\" decoding=\"async\" width=\"250\" height=\"163\" class=\"alignnone size-medium wp-image-7843\" src=\"http:\/\/www.sindipetroba.org.br\/2019\/wp-content\/uploads\/2020\/06\/systemuploadsphotob523781ba8c6adbf17-780x510xfit-3d356-250x163.jpg\" alt=\"\" srcset=\"http:\/\/www.sindipetroba.org.br\/2019\/wp-content\/uploads\/2020\/06\/systemuploadsphotob523781ba8c6adbf17-780x510xfit-3d356-250x163.jpg 250w, http:\/\/www.sindipetroba.org.br\/2019\/wp-content\/uploads\/2020\/06\/systemuploadsphotob523781ba8c6adbf17-780x510xfit-3d356-700x458.jpg 700w, http:\/\/www.sindipetroba.org.br\/2019\/wp-content\/uploads\/2020\/06\/systemuploadsphotob523781ba8c6adbf17-780x510xfit-3d356-768x502.jpg 768w, http:\/\/www.sindipetroba.org.br\/2019\/wp-content\/uploads\/2020\/06\/systemuploadsphotob523781ba8c6adbf17-780x510xfit-3d356-120x78.jpg 120w, http:\/\/www.sindipetroba.org.br\/2019\/wp-content\/uploads\/2020\/06\/systemuploadsphotob523781ba8c6adbf17-780x510xfit-3d356.jpg 780w\" sizes=\"(max-width: 250px) 100vw, 250px\" \/> <img loading=\"lazy\" decoding=\"async\" width=\"250\" height=\"163\" class=\"alignnone size-medium wp-image-7844\" src=\"http:\/\/www.sindipetroba.org.br\/2019\/wp-content\/uploads\/2020\/06\/systemuploadsphotob523781ba8c6adbf17-780x510xfit-4b8c8-250x163.jpg\" alt=\"\" srcset=\"http:\/\/www.sindipetroba.org.br\/2019\/wp-content\/uploads\/2020\/06\/systemuploadsphotob523781ba8c6adbf17-780x510xfit-4b8c8-250x163.jpg 250w, http:\/\/www.sindipetroba.org.br\/2019\/wp-content\/uploads\/2020\/06\/systemuploadsphotob523781ba8c6adbf17-780x510xfit-4b8c8-700x458.jpg 700w, http:\/\/www.sindipetroba.org.br\/2019\/wp-content\/uploads\/2020\/06\/systemuploadsphotob523781ba8c6adbf17-780x510xfit-4b8c8-768x502.jpg 768w, http:\/\/www.sindipetroba.org.br\/2019\/wp-content\/uploads\/2020\/06\/systemuploadsphotob523781ba8c6adbf17-780x510xfit-4b8c8-120x78.jpg 120w, http:\/\/www.sindipetroba.org.br\/2019\/wp-content\/uploads\/2020\/06\/systemuploadsphotob523781ba8c6adbf17-780x510xfit-4b8c8.jpg 780w\" sizes=\"(max-width: 250px) 100vw, 250px\" \/> <img loading=\"lazy\" decoding=\"async\" width=\"250\" height=\"163\" class=\"alignnone size-medium wp-image-7845\" src=\"http:\/\/www.sindipetroba.org.br\/2019\/wp-content\/uploads\/2020\/06\/systemuploadsphotob523781ba8c6adbf17-780x510xfit-5dcbf-250x163.jpg\" alt=\"\" srcset=\"http:\/\/www.sindipetroba.org.br\/2019\/wp-content\/uploads\/2020\/06\/systemuploadsphotob523781ba8c6adbf17-780x510xfit-5dcbf-250x163.jpg 250w, http:\/\/www.sindipetroba.org.br\/2019\/wp-content\/uploads\/2020\/06\/systemuploadsphotob523781ba8c6adbf17-780x510xfit-5dcbf-700x458.jpg 700w, http:\/\/www.sindipetroba.org.br\/2019\/wp-content\/uploads\/2020\/06\/systemuploadsphotob523781ba8c6adbf17-780x510xfit-5dcbf-768x502.jpg 768w, http:\/\/www.sindipetroba.org.br\/2019\/wp-content\/uploads\/2020\/06\/systemuploadsphotob523781ba8c6adbf17-780x510xfit-5dcbf-120x78.jpg 120w, http:\/\/www.sindipetroba.org.br\/2019\/wp-content\/uploads\/2020\/06\/systemuploadsphotob523781ba8c6adbf17-780x510xfit-5dcbf.jpg 780w\" sizes=\"(max-width: 250px) 100vw, 250px\" \/> <img loading=\"lazy\" decoding=\"async\" width=\"250\" height=\"163\" class=\"alignnone size-medium wp-image-7846\" src=\"http:\/\/www.sindipetroba.org.br\/2019\/wp-content\/uploads\/2020\/06\/systemuploadsphotob523781ba8c6adbf17-780x510xfit-9fd7d-250x163.jpg\" alt=\"\" srcset=\"http:\/\/www.sindipetroba.org.br\/2019\/wp-content\/uploads\/2020\/06\/systemuploadsphotob523781ba8c6adbf17-780x510xfit-9fd7d-250x163.jpg 250w, http:\/\/www.sindipetroba.org.br\/2019\/wp-content\/uploads\/2020\/06\/systemuploadsphotob523781ba8c6adbf17-780x510xfit-9fd7d-700x458.jpg 700w, http:\/\/www.sindipetroba.org.br\/2019\/wp-content\/uploads\/2020\/06\/systemuploadsphotob523781ba8c6adbf17-780x510xfit-9fd7d-768x502.jpg 768w, http:\/\/www.sindipetroba.org.br\/2019\/wp-content\/uploads\/2020\/06\/systemuploadsphotob523781ba8c6adbf17-780x510xfit-9fd7d-120x78.jpg 120w, http:\/\/www.sindipetroba.org.br\/2019\/wp-content\/uploads\/2020\/06\/systemuploadsphotob523781ba8c6adbf17-780x510xfit-9fd7d.jpg 780w\" sizes=\"(max-width: 250px) 100vw, 250px\" \/> <img loading=\"lazy\" decoding=\"async\" width=\"250\" height=\"163\" class=\"alignnone size-medium wp-image-7847\" src=\"http:\/\/www.sindipetroba.org.br\/2019\/wp-content\/uploads\/2020\/06\/systemuploadsphotob523781ba8c6adbf17-780x510xfit-40e3c-250x163.jpg\" alt=\"\" srcset=\"http:\/\/www.sindipetroba.org.br\/2019\/wp-content\/uploads\/2020\/06\/systemuploadsphotob523781ba8c6adbf17-780x510xfit-40e3c-250x163.jpg 250w, http:\/\/www.sindipetroba.org.br\/2019\/wp-content\/uploads\/2020\/06\/systemuploadsphotob523781ba8c6adbf17-780x510xfit-40e3c-700x458.jpg 700w, http:\/\/www.sindipetroba.org.br\/2019\/wp-content\/uploads\/2020\/06\/systemuploadsphotob523781ba8c6adbf17-780x510xfit-40e3c-768x502.jpg 768w, http:\/\/www.sindipetroba.org.br\/2019\/wp-content\/uploads\/2020\/06\/systemuploadsphotob523781ba8c6adbf17-780x510xfit-40e3c-120x78.jpg 120w, http:\/\/www.sindipetroba.org.br\/2019\/wp-content\/uploads\/2020\/06\/systemuploadsphotob523781ba8c6adbf17-780x510xfit-40e3c.jpg 780w\" sizes=\"(max-width: 250px) 100vw, 250px\" \/> <img loading=\"lazy\" decoding=\"async\" width=\"250\" height=\"163\" class=\"alignnone size-medium wp-image-7848\" src=\"http:\/\/www.sindipetroba.org.br\/2019\/wp-content\/uploads\/2020\/06\/systemuploadsphotob523781ba8c6adbf17-780x510xfit-043ef-250x163.jpg\" alt=\"\" srcset=\"http:\/\/www.sindipetroba.org.br\/2019\/wp-content\/uploads\/2020\/06\/systemuploadsphotob523781ba8c6adbf17-780x510xfit-043ef-250x163.jpg 250w, http:\/\/www.sindipetroba.org.br\/2019\/wp-content\/uploads\/2020\/06\/systemuploadsphotob523781ba8c6adbf17-780x510xfit-043ef-700x458.jpg 700w, http:\/\/www.sindipetroba.org.br\/2019\/wp-content\/uploads\/2020\/06\/systemuploadsphotob523781ba8c6adbf17-780x510xfit-043ef-768x502.jpg 768w, http:\/\/www.sindipetroba.org.br\/2019\/wp-content\/uploads\/2020\/06\/systemuploadsphotob523781ba8c6adbf17-780x510xfit-043ef-120x78.jpg 120w, http:\/\/www.sindipetroba.org.br\/2019\/wp-content\/uploads\/2020\/06\/systemuploadsphotob523781ba8c6adbf17-780x510xfit-043ef.jpg 780w\" sizes=\"(max-width: 250px) 100vw, 250px\" \/> <img loading=\"lazy\" decoding=\"async\" width=\"250\" height=\"163\" class=\"alignnone size-medium wp-image-7849\" src=\"http:\/\/www.sindipetroba.org.br\/2019\/wp-content\/uploads\/2020\/06\/systemuploadsphotob523781ba8c6adbf17-780x510xfit-747b4-250x163.jpg\" alt=\"\" srcset=\"http:\/\/www.sindipetroba.org.br\/2019\/wp-content\/uploads\/2020\/06\/systemuploadsphotob523781ba8c6adbf17-780x510xfit-747b4-250x163.jpg 250w, http:\/\/www.sindipetroba.org.br\/2019\/wp-content\/uploads\/2020\/06\/systemuploadsphotob523781ba8c6adbf17-780x510xfit-747b4-700x458.jpg 700w, http:\/\/www.sindipetroba.org.br\/2019\/wp-content\/uploads\/2020\/06\/systemuploadsphotob523781ba8c6adbf17-780x510xfit-747b4-768x502.jpg 768w, http:\/\/www.sindipetroba.org.br\/2019\/wp-content\/uploads\/2020\/06\/systemuploadsphotob523781ba8c6adbf17-780x510xfit-747b4-120x78.jpg 120w, http:\/\/www.sindipetroba.org.br\/2019\/wp-content\/uploads\/2020\/06\/systemuploadsphotob523781ba8c6adbf17-780x510xfit-747b4.jpg 780w\" sizes=\"(max-width: 250px) 100vw, 250px\" \/> <img loading=\"lazy\" decoding=\"async\" width=\"250\" height=\"163\" class=\"alignnone size-medium wp-image-7850\" src=\"http:\/\/www.sindipetroba.org.br\/2019\/wp-content\/uploads\/2020\/06\/systemuploadsphotob523781ba8c6adbf17-780x510xfit-25301-250x163.jpg\" alt=\"\" srcset=\"http:\/\/www.sindipetroba.org.br\/2019\/wp-content\/uploads\/2020\/06\/systemuploadsphotob523781ba8c6adbf17-780x510xfit-25301-250x163.jpg 250w, http:\/\/www.sindipetroba.org.br\/2019\/wp-content\/uploads\/2020\/06\/systemuploadsphotob523781ba8c6adbf17-780x510xfit-25301-700x458.jpg 700w, http:\/\/www.sindipetroba.org.br\/2019\/wp-content\/uploads\/2020\/06\/systemuploadsphotob523781ba8c6adbf17-780x510xfit-25301-768x502.jpg 768w, http:\/\/www.sindipetroba.org.br\/2019\/wp-content\/uploads\/2020\/06\/systemuploadsphotob523781ba8c6adbf17-780x510xfit-25301-120x78.jpg 120w, http:\/\/www.sindipetroba.org.br\/2019\/wp-content\/uploads\/2020\/06\/systemuploadsphotob523781ba8c6adbf17-780x510xfit-25301.jpg 780w\" sizes=\"(max-width: 250px) 100vw, 250px\" \/><\/p>\n<p>FONTE: <a href=\"https:\/\/www.cut.org.br\/noticias\/brasil-tem-domingo-marcado-por-atos-pela-democracia-e-contra-bandeiras-neofascis-6f54\">CUT BRASIL<\/a><\/p>\n<\/div>\n<\/div>\n<\/div>\n<\/div>\n<\/div>\n<\/div>\n","protected":false},"excerpt":{"rendered":"Bolsonaro participa da manifesta\u00e7\u00f5es antidemocr\u00e1ticas, mas n\u00e3o fala nada sobre casos e mortes por Covid-19 que s\u00f3 aumentam no pa\u00eds. Movimento somos 70% cresce na rede e novos protestos s\u00e3o marcados. O domingo (31) foi marcado por protestos em pelo menos cinco cidades brasileiras, Rio de Janeiro, S\u00e3o Paulo, Bras\u00edlia, Belo Horizonte e Porto Alegre,&#8230; <a class=\"view-article\" href=\"http:\/\/www.sindipetroba.org.br\/2019\/brasil-tem-domingo-marcado-por-atos-pela-democracia-e-contra-bandeiras-neofascistas\/\">Ver artigo<\/a>","protected":false},"author":4,"featured_media":7842,"comment_status":"closed","ping_status":"open","sticky":false,"template":"","format":"standard","meta":{"_et_pb_use_builder":"","_et_pb_old_content":"","_et_gb_content_width":"","footnotes":""},"categories":[1],"tags":[791,783,320,787,782,785,779,790,780,788,786,784,554,781,130,789],"class_list":["post-7841","post","type-post","status-publish","format-standard","has-post-thumbnail","hentry","category-noticia","tag-70-contra-bolsonaro","tag-belo-horizonte","tag-bolsonaro","tag-bombas-de-efeito-moral","tag-brasilia","tag-congresso-nacional","tag-fiesp","tag-fora-bolsonaro","tag-manifestantes","tag-masp","tag-neofascistas","tag-porto-alegre","tag-rio-de-janeiro","tag-sao-paulo","tag-stf","tag-wilson-witzel"],"yoast_head":"<!-- This site is optimized with the Yoast SEO plugin v27.3 - https:\/\/yoast.com\/product\/yoast-seo-wordpress\/ -->\n<title>Brasil tem domingo marcado por atos pela democracia e contra bandeiras neofascistas - Sindipetro BA<\/title>\n<meta name=\"robots\" content=\"index, follow, max-snippet:-1, max-image-preview:large, max-video-preview:-1\" \/>\n<link rel=\"canonical\" href=\"http:\/\/www.sindipetroba.org.br\/2019\/brasil-tem-domingo-marcado-por-atos-pela-democracia-e-contra-bandeiras-neofascistas\/\" \/>\n<meta property=\"og:locale\" content=\"pt_BR\" \/>\n<meta property=\"og:type\" content=\"article\" \/>\n<meta property=\"og:title\" content=\"Brasil tem domingo marcado por atos pela democracia e contra bandeiras neofascistas - Sindipetro BA\" \/>\n<meta property=\"og:description\" content=\"Bolsonaro participa da manifesta\u00e7\u00f5es antidemocr\u00e1ticas, mas n\u00e3o fala nada sobre casos e mortes por Covid-19 que s\u00f3 aumentam no pa\u00eds. Movimento somos 70% cresce na rede e novos protestos s\u00e3o marcados. O domingo (31) foi marcado por protestos em pelo menos cinco cidades brasileiras, Rio de Janeiro, S\u00e3o Paulo, Bras\u00edlia, Belo Horizonte e Porto Alegre,... Ver artigo\" \/>\n<meta property=\"og:url\" content=\"http:\/\/www.sindipetroba.org.br\/2019\/brasil-tem-domingo-marcado-por-atos-pela-democracia-e-contra-bandeiras-neofascistas\/\" \/>\n<meta property=\"og:site_name\" content=\"Sindipetro BA\" \/>\n<meta property=\"article:publisher\" content=\"https:\/\/www.facebook.com\/sindipetroBa\/\" \/>\n<meta property=\"article:published_time\" content=\"2020-06-01T19:49:10+00:00\" \/>\n<meta property=\"article:modified_time\" content=\"2020-06-01T20:29:46+00:00\" \/>\n<meta property=\"og:image\" content=\"http:\/\/www.sindipetroba.org.br\/2019\/wp-content\/uploads\/2020\/06\/systemuploadsnews6f54526d710fbaecd15-700x460xfit-16338.png\" \/>\n\t<meta property=\"og:image:width\" content=\"700\" \/>\n\t<meta property=\"og:image:height\" content=\"460\" \/>\n\t<meta property=\"og:image:type\" content=\"image\/png\" \/>\n<meta name=\"author\" content=\"ASCOM\" \/>\n<meta name=\"twitter:card\" content=\"summary_large_image\" \/>\n<meta name=\"twitter:creator\" content=\"@SindipetroBahia\" \/>\n<meta name=\"twitter:site\" content=\"@SindipetroBahia\" \/>\n<meta name=\"twitter:label1\" content=\"Escrito por\" \/>\n\t<meta name=\"twitter:data1\" content=\"ASCOM\" \/>\n\t<meta name=\"twitter:label2\" content=\"Est. tempo de leitura\" \/>\n\t<meta name=\"twitter:data2\" content=\"6 minutos\" \/>\n<script type=\"application\/ld+json\" class=\"yoast-schema-graph\">{\"@context\":\"https:\\\/\\\/schema.org\",\"@graph\":[{\"@type\":\"Article\",\"@id\":\"http:\\\/\\\/www.sindipetroba.org.br\\\/2019\\\/brasil-tem-domingo-marcado-por-atos-pela-democracia-e-contra-bandeiras-neofascistas\\\/#article\",\"isPartOf\":{\"@id\":\"http:\\\/\\\/www.sindipetroba.org.br\\\/2019\\\/brasil-tem-domingo-marcado-por-atos-pela-democracia-e-contra-bandeiras-neofascistas\\\/\"},\"author\":{\"name\":\"ASCOM\",\"@id\":\"http:\\\/\\\/www.sindipetroba.org.br\\\/2019\\\/#\\\/schema\\\/person\\\/80e88dbf823328ddad08b17600055a3c\"},\"headline\":\"Brasil tem domingo marcado por atos pela democracia e contra bandeiras neofascistas\",\"datePublished\":\"2020-06-01T19:49:10+00:00\",\"dateModified\":\"2020-06-01T20:29:46+00:00\",\"mainEntityOfPage\":{\"@id\":\"http:\\\/\\\/www.sindipetroba.org.br\\\/2019\\\/brasil-tem-domingo-marcado-por-atos-pela-democracia-e-contra-bandeiras-neofascistas\\\/\"},\"wordCount\":1118,\"publisher\":{\"@id\":\"http:\\\/\\\/www.sindipetroba.org.br\\\/2019\\\/#organization\"},\"image\":{\"@id\":\"http:\\\/\\\/www.sindipetroba.org.br\\\/2019\\\/brasil-tem-domingo-marcado-por-atos-pela-democracia-e-contra-bandeiras-neofascistas\\\/#primaryimage\"},\"thumbnailUrl\":\"http:\\\/\\\/www.sindipetroba.org.br\\\/2019\\\/wp-content\\\/uploads\\\/2020\\\/06\\\/systemuploadsnews6f54526d710fbaecd15-700x460xfit-16338.png\",\"keywords\":[\"70% contra Bolsonaro\",\"Belo Horizonte\",\"Bolsonaro\",\"bombas de efeito moral\",\"Bras\u00edlia\",\"Congresso Nacional\",\"Fiesp\",\"Fora Bolsonaro\",\"manifestantes\",\"Masp\",\"neofascistas\",\"Porto Alegre\",\"Rio de Janeiro\",\"S\u00e3o Paulo\",\"STF\",\"Wilson Witzel\"],\"articleSection\":[\"Not\u00edcia\"],\"inLanguage\":\"pt-BR\"},{\"@type\":\"WebPage\",\"@id\":\"http:\\\/\\\/www.sindipetroba.org.br\\\/2019\\\/brasil-tem-domingo-marcado-por-atos-pela-democracia-e-contra-bandeiras-neofascistas\\\/\",\"url\":\"http:\\\/\\\/www.sindipetroba.org.br\\\/2019\\\/brasil-tem-domingo-marcado-por-atos-pela-democracia-e-contra-bandeiras-neofascistas\\\/\",\"name\":\"Brasil tem domingo marcado por atos pela democracia e contra bandeiras neofascistas - Sindipetro BA\",\"isPartOf\":{\"@id\":\"http:\\\/\\\/www.sindipetroba.org.br\\\/2019\\\/#website\"},\"primaryImageOfPage\":{\"@id\":\"http:\\\/\\\/www.sindipetroba.org.br\\\/2019\\\/brasil-tem-domingo-marcado-por-atos-pela-democracia-e-contra-bandeiras-neofascistas\\\/#primaryimage\"},\"image\":{\"@id\":\"http:\\\/\\\/www.sindipetroba.org.br\\\/2019\\\/brasil-tem-domingo-marcado-por-atos-pela-democracia-e-contra-bandeiras-neofascistas\\\/#primaryimage\"},\"thumbnailUrl\":\"http:\\\/\\\/www.sindipetroba.org.br\\\/2019\\\/wp-content\\\/uploads\\\/2020\\\/06\\\/systemuploadsnews6f54526d710fbaecd15-700x460xfit-16338.png\",\"datePublished\":\"2020-06-01T19:49:10+00:00\",\"dateModified\":\"2020-06-01T20:29:46+00:00\",\"breadcrumb\":{\"@id\":\"http:\\\/\\\/www.sindipetroba.org.br\\\/2019\\\/brasil-tem-domingo-marcado-por-atos-pela-democracia-e-contra-bandeiras-neofascistas\\\/#breadcrumb\"},\"inLanguage\":\"pt-BR\",\"potentialAction\":[{\"@type\":\"ReadAction\",\"target\":[\"http:\\\/\\\/www.sindipetroba.org.br\\\/2019\\\/brasil-tem-domingo-marcado-por-atos-pela-democracia-e-contra-bandeiras-neofascistas\\\/\"]}]},{\"@type\":\"ImageObject\",\"inLanguage\":\"pt-BR\",\"@id\":\"http:\\\/\\\/www.sindipetroba.org.br\\\/2019\\\/brasil-tem-domingo-marcado-por-atos-pela-democracia-e-contra-bandeiras-neofascistas\\\/#primaryimage\",\"url\":\"http:\\\/\\\/www.sindipetroba.org.br\\\/2019\\\/wp-content\\\/uploads\\\/2020\\\/06\\\/systemuploadsnews6f54526d710fbaecd15-700x460xfit-16338.png\",\"contentUrl\":\"http:\\\/\\\/www.sindipetroba.org.br\\\/2019\\\/wp-content\\\/uploads\\\/2020\\\/06\\\/systemuploadsnews6f54526d710fbaecd15-700x460xfit-16338.png\",\"width\":700,\"height\":460},{\"@type\":\"BreadcrumbList\",\"@id\":\"http:\\\/\\\/www.sindipetroba.org.br\\\/2019\\\/brasil-tem-domingo-marcado-por-atos-pela-democracia-e-contra-bandeiras-neofascistas\\\/#breadcrumb\",\"itemListElement\":[{\"@type\":\"ListItem\",\"position\":1,\"name\":\"In\u00edcio\",\"item\":\"http:\\\/\\\/www.sindipetroba.org.br\\\/2019\\\/\"},{\"@type\":\"ListItem\",\"position\":2,\"name\":\"Brasil tem domingo marcado por atos pela democracia e contra bandeiras neofascistas\"}]},{\"@type\":\"WebSite\",\"@id\":\"http:\\\/\\\/www.sindipetroba.org.br\\\/2019\\\/#website\",\"url\":\"http:\\\/\\\/www.sindipetroba.org.br\\\/2019\\\/\",\"name\":\"Sindipetro BA\",\"description\":\"Sindicato dos Petroleiros e Petroleiras do Estado da Bahia\",\"publisher\":{\"@id\":\"http:\\\/\\\/www.sindipetroba.org.br\\\/2019\\\/#organization\"},\"potentialAction\":[{\"@type\":\"SearchAction\",\"target\":{\"@type\":\"EntryPoint\",\"urlTemplate\":\"http:\\\/\\\/www.sindipetroba.org.br\\\/2019\\\/?s={search_term_string}\"},\"query-input\":{\"@type\":\"PropertyValueSpecification\",\"valueRequired\":true,\"valueName\":\"search_term_string\"}}],\"inLanguage\":\"pt-BR\"},{\"@type\":\"Organization\",\"@id\":\"http:\\\/\\\/www.sindipetroba.org.br\\\/2019\\\/#organization\",\"name\":\"Sindipetro BA\",\"url\":\"http:\\\/\\\/www.sindipetroba.org.br\\\/2019\\\/\",\"logo\":{\"@type\":\"ImageObject\",\"inLanguage\":\"pt-BR\",\"@id\":\"http:\\\/\\\/www.sindipetroba.org.br\\\/2019\\\/#\\\/schema\\\/logo\\\/image\\\/\",\"url\":\"http:\\\/\\\/www.sindipetroba.org.br\\\/2019\\\/wp-content\\\/uploads\\\/2019\\\/01\\\/sindipetro-marca-cor.png\",\"contentUrl\":\"http:\\\/\\\/www.sindipetroba.org.br\\\/2019\\\/wp-content\\\/uploads\\\/2019\\\/01\\\/sindipetro-marca-cor.png\",\"width\":350,\"height\":126,\"caption\":\"Sindipetro BA\"},\"image\":{\"@id\":\"http:\\\/\\\/www.sindipetroba.org.br\\\/2019\\\/#\\\/schema\\\/logo\\\/image\\\/\"},\"sameAs\":[\"https:\\\/\\\/www.facebook.com\\\/sindipetroBa\\\/\",\"https:\\\/\\\/x.com\\\/SindipetroBahia\",\"https:\\\/\\\/www.instagram.com\\\/sindipetroba\\\/\",\"https:\\\/\\\/www.youtube.com\\\/c\\\/SindipetroBahiaOficial\"]},{\"@type\":\"Person\",\"@id\":\"http:\\\/\\\/www.sindipetroba.org.br\\\/2019\\\/#\\\/schema\\\/person\\\/80e88dbf823328ddad08b17600055a3c\",\"name\":\"ASCOM\",\"image\":{\"@type\":\"ImageObject\",\"inLanguage\":\"pt-BR\",\"@id\":\"https:\\\/\\\/secure.gravatar.com\\\/avatar\\\/a2ab2fd873c57926b9f03e30be8804429fd7b0d41f4f71170e45b7b7f84998a6?s=96&d=mm&r=g\",\"url\":\"https:\\\/\\\/secure.gravatar.com\\\/avatar\\\/a2ab2fd873c57926b9f03e30be8804429fd7b0d41f4f71170e45b7b7f84998a6?s=96&d=mm&r=g\",\"contentUrl\":\"https:\\\/\\\/secure.gravatar.com\\\/avatar\\\/a2ab2fd873c57926b9f03e30be8804429fd7b0d41f4f71170e45b7b7f84998a6?s=96&d=mm&r=g\",\"caption\":\"ASCOM\"},\"sameAs\":[\"http:\\\/\\\/www.sindipetroba.org.br\"]}]}<\/script>\n<!-- \/ Yoast SEO plugin. -->","yoast_head_json":{"title":"Brasil tem domingo marcado por atos pela democracia e contra bandeiras neofascistas - Sindipetro BA","robots":{"index":"index","follow":"follow","max-snippet":"max-snippet:-1","max-image-preview":"max-image-preview:large","max-video-preview":"max-video-preview:-1"},"canonical":"http:\/\/www.sindipetroba.org.br\/2019\/brasil-tem-domingo-marcado-por-atos-pela-democracia-e-contra-bandeiras-neofascistas\/","og_locale":"pt_BR","og_type":"article","og_title":"Brasil tem domingo marcado por atos pela democracia e contra bandeiras neofascistas - Sindipetro BA","og_description":"Bolsonaro participa da manifesta\u00e7\u00f5es antidemocr\u00e1ticas, mas n\u00e3o fala nada sobre casos e mortes por Covid-19 que s\u00f3 aumentam no pa\u00eds. Movimento somos 70% cresce na rede e novos protestos s\u00e3o marcados. O domingo (31) foi marcado por protestos em pelo menos cinco cidades brasileiras, Rio de Janeiro, S\u00e3o Paulo, Bras\u00edlia, Belo Horizonte e Porto Alegre,... Ver artigo","og_url":"http:\/\/www.sindipetroba.org.br\/2019\/brasil-tem-domingo-marcado-por-atos-pela-democracia-e-contra-bandeiras-neofascistas\/","og_site_name":"Sindipetro BA","article_publisher":"https:\/\/www.facebook.com\/sindipetroBa\/","article_published_time":"2020-06-01T19:49:10+00:00","article_modified_time":"2020-06-01T20:29:46+00:00","og_image":[{"width":700,"height":460,"url":"http:\/\/www.sindipetroba.org.br\/2019\/wp-content\/uploads\/2020\/06\/systemuploadsnews6f54526d710fbaecd15-700x460xfit-16338.png","type":"image\/png"}],"author":"ASCOM","twitter_card":"summary_large_image","twitter_creator":"@SindipetroBahia","twitter_site":"@SindipetroBahia","twitter_misc":{"Escrito por":"ASCOM","Est. tempo de leitura":"6 minutos"},"schema":{"@context":"https:\/\/schema.org","@graph":[{"@type":"Article","@id":"http:\/\/www.sindipetroba.org.br\/2019\/brasil-tem-domingo-marcado-por-atos-pela-democracia-e-contra-bandeiras-neofascistas\/#article","isPartOf":{"@id":"http:\/\/www.sindipetroba.org.br\/2019\/brasil-tem-domingo-marcado-por-atos-pela-democracia-e-contra-bandeiras-neofascistas\/"},"author":{"name":"ASCOM","@id":"http:\/\/www.sindipetroba.org.br\/2019\/#\/schema\/person\/80e88dbf823328ddad08b17600055a3c"},"headline":"Brasil tem domingo marcado por atos pela democracia e contra bandeiras neofascistas","datePublished":"2020-06-01T19:49:10+00:00","dateModified":"2020-06-01T20:29:46+00:00","mainEntityOfPage":{"@id":"http:\/\/www.sindipetroba.org.br\/2019\/brasil-tem-domingo-marcado-por-atos-pela-democracia-e-contra-bandeiras-neofascistas\/"},"wordCount":1118,"publisher":{"@id":"http:\/\/www.sindipetroba.org.br\/2019\/#organization"},"image":{"@id":"http:\/\/www.sindipetroba.org.br\/2019\/brasil-tem-domingo-marcado-por-atos-pela-democracia-e-contra-bandeiras-neofascistas\/#primaryimage"},"thumbnailUrl":"http:\/\/www.sindipetroba.org.br\/2019\/wp-content\/uploads\/2020\/06\/systemuploadsnews6f54526d710fbaecd15-700x460xfit-16338.png","keywords":["70% contra Bolsonaro","Belo Horizonte","Bolsonaro","bombas de efeito moral","Bras\u00edlia","Congresso Nacional","Fiesp","Fora Bolsonaro","manifestantes","Masp","neofascistas","Porto Alegre","Rio de Janeiro","S\u00e3o Paulo","STF","Wilson Witzel"],"articleSection":["Not\u00edcia"],"inLanguage":"pt-BR"},{"@type":"WebPage","@id":"http:\/\/www.sindipetroba.org.br\/2019\/brasil-tem-domingo-marcado-por-atos-pela-democracia-e-contra-bandeiras-neofascistas\/","url":"http:\/\/www.sindipetroba.org.br\/2019\/brasil-tem-domingo-marcado-por-atos-pela-democracia-e-contra-bandeiras-neofascistas\/","name":"Brasil tem domingo marcado por atos pela democracia e contra bandeiras neofascistas - Sindipetro BA","isPartOf":{"@id":"http:\/\/www.sindipetroba.org.br\/2019\/#website"},"primaryImageOfPage":{"@id":"http:\/\/www.sindipetroba.org.br\/2019\/brasil-tem-domingo-marcado-por-atos-pela-democracia-e-contra-bandeiras-neofascistas\/#primaryimage"},"image":{"@id":"http:\/\/www.sindipetroba.org.br\/2019\/brasil-tem-domingo-marcado-por-atos-pela-democracia-e-contra-bandeiras-neofascistas\/#primaryimage"},"thumbnailUrl":"http:\/\/www.sindipetroba.org.br\/2019\/wp-content\/uploads\/2020\/06\/systemuploadsnews6f54526d710fbaecd15-700x460xfit-16338.png","datePublished":"2020-06-01T19:49:10+00:00","dateModified":"2020-06-01T20:29:46+00:00","breadcrumb":{"@id":"http:\/\/www.sindipetroba.org.br\/2019\/brasil-tem-domingo-marcado-por-atos-pela-democracia-e-contra-bandeiras-neofascistas\/#breadcrumb"},"inLanguage":"pt-BR","potentialAction":[{"@type":"ReadAction","target":["http:\/\/www.sindipetroba.org.br\/2019\/brasil-tem-domingo-marcado-por-atos-pela-democracia-e-contra-bandeiras-neofascistas\/"]}]},{"@type":"ImageObject","inLanguage":"pt-BR","@id":"http:\/\/www.sindipetroba.org.br\/2019\/brasil-tem-domingo-marcado-por-atos-pela-democracia-e-contra-bandeiras-neofascistas\/#primaryimage","url":"http:\/\/www.sindipetroba.org.br\/2019\/wp-content\/uploads\/2020\/06\/systemuploadsnews6f54526d710fbaecd15-700x460xfit-16338.png","contentUrl":"http:\/\/www.sindipetroba.org.br\/2019\/wp-content\/uploads\/2020\/06\/systemuploadsnews6f54526d710fbaecd15-700x460xfit-16338.png","width":700,"height":460},{"@type":"BreadcrumbList","@id":"http:\/\/www.sindipetroba.org.br\/2019\/brasil-tem-domingo-marcado-por-atos-pela-democracia-e-contra-bandeiras-neofascistas\/#breadcrumb","itemListElement":[{"@type":"ListItem","position":1,"name":"In\u00edcio","item":"http:\/\/www.sindipetroba.org.br\/2019\/"},{"@type":"ListItem","position":2,"name":"Brasil tem domingo marcado por atos pela democracia e contra bandeiras neofascistas"}]},{"@type":"WebSite","@id":"http:\/\/www.sindipetroba.org.br\/2019\/#website","url":"http:\/\/www.sindipetroba.org.br\/2019\/","name":"Sindipetro BA","description":"Sindicato dos Petroleiros e Petroleiras do Estado da Bahia","publisher":{"@id":"http:\/\/www.sindipetroba.org.br\/2019\/#organization"},"potentialAction":[{"@type":"SearchAction","target":{"@type":"EntryPoint","urlTemplate":"http:\/\/www.sindipetroba.org.br\/2019\/?s={search_term_string}"},"query-input":{"@type":"PropertyValueSpecification","valueRequired":true,"valueName":"search_term_string"}}],"inLanguage":"pt-BR"},{"@type":"Organization","@id":"http:\/\/www.sindipetroba.org.br\/2019\/#organization","name":"Sindipetro BA","url":"http:\/\/www.sindipetroba.org.br\/2019\/","logo":{"@type":"ImageObject","inLanguage":"pt-BR","@id":"http:\/\/www.sindipetroba.org.br\/2019\/#\/schema\/logo\/image\/","url":"http:\/\/www.sindipetroba.org.br\/2019\/wp-content\/uploads\/2019\/01\/sindipetro-marca-cor.png","contentUrl":"http:\/\/www.sindipetroba.org.br\/2019\/wp-content\/uploads\/2019\/01\/sindipetro-marca-cor.png","width":350,"height":126,"caption":"Sindipetro BA"},"image":{"@id":"http:\/\/www.sindipetroba.org.br\/2019\/#\/schema\/logo\/image\/"},"sameAs":["https:\/\/www.facebook.com\/sindipetroBa\/","https:\/\/x.com\/SindipetroBahia","https:\/\/www.instagram.com\/sindipetroba\/","https:\/\/www.youtube.com\/c\/SindipetroBahiaOficial"]},{"@type":"Person","@id":"http:\/\/www.sindipetroba.org.br\/2019\/#\/schema\/person\/80e88dbf823328ddad08b17600055a3c","name":"ASCOM","image":{"@type":"ImageObject","inLanguage":"pt-BR","@id":"https:\/\/secure.gravatar.com\/avatar\/a2ab2fd873c57926b9f03e30be8804429fd7b0d41f4f71170e45b7b7f84998a6?s=96&d=mm&r=g","url":"https:\/\/secure.gravatar.com\/avatar\/a2ab2fd873c57926b9f03e30be8804429fd7b0d41f4f71170e45b7b7f84998a6?s=96&d=mm&r=g","contentUrl":"https:\/\/secure.gravatar.com\/avatar\/a2ab2fd873c57926b9f03e30be8804429fd7b0d41f4f71170e45b7b7f84998a6?s=96&d=mm&r=g","caption":"ASCOM"},"sameAs":["http:\/\/www.sindipetroba.org.br"]}]}},"_links":{"self":[{"href":"http:\/\/www.sindipetroba.org.br\/2019\/wp-json\/wp\/v2\/posts\/7841","targetHints":{"allow":["GET"]}}],"collection":[{"href":"http:\/\/www.sindipetroba.org.br\/2019\/wp-json\/wp\/v2\/posts"}],"about":[{"href":"http:\/\/www.sindipetroba.org.br\/2019\/wp-json\/wp\/v2\/types\/post"}],"author":[{"embeddable":true,"href":"http:\/\/www.sindipetroba.org.br\/2019\/wp-json\/wp\/v2\/users\/4"}],"replies":[{"embeddable":true,"href":"http:\/\/www.sindipetroba.org.br\/2019\/wp-json\/wp\/v2\/comments?post=7841"}],"version-history":[{"count":3,"href":"http:\/\/www.sindipetroba.org.br\/2019\/wp-json\/wp\/v2\/posts\/7841\/revisions"}],"predecessor-version":[{"id":7854,"href":"http:\/\/www.sindipetroba.org.br\/2019\/wp-json\/wp\/v2\/posts\/7841\/revisions\/7854"}],"wp:featuredmedia":[{"embeddable":true,"href":"http:\/\/www.sindipetroba.org.br\/2019\/wp-json\/wp\/v2\/media\/7842"}],"wp:attachment":[{"href":"http:\/\/www.sindipetroba.org.br\/2019\/wp-json\/wp\/v2\/media?parent=7841"}],"wp:term":[{"taxonomy":"category","embeddable":true,"href":"http:\/\/www.sindipetroba.org.br\/2019\/wp-json\/wp\/v2\/categories?post=7841"},{"taxonomy":"post_tag","embeddable":true,"href":"http:\/\/www.sindipetroba.org.br\/2019\/wp-json\/wp\/v2\/tags?post=7841"}],"curies":[{"name":"wp","href":"https:\/\/api.w.org\/{rel}","templated":true}]}}