{"id":7985,"date":"2020-06-11T16:16:59","date_gmt":"2020-06-11T19:16:59","guid":{"rendered":"http:\/\/www.sindipetroba.org.br\/2019\/?p=7985"},"modified":"2020-06-11T16:16:59","modified_gmt":"2020-06-11T19:16:59","slug":"sociedade-reage-a-tentativa-de-bolsonaro-de-atacar-autonomia-das-universidades","status":"publish","type":"post","link":"http:\/\/www.sindipetroba.org.br\/2019\/sociedade-reage-a-tentativa-de-bolsonaro-de-atacar-autonomia-das-universidades\/","title":{"rendered":"Sociedade reage a tentativa de Bolsonaro de atacar autonomia das universidades"},"content":{"rendered":"<div class=\"dd-m-display dd-m-display--small dd-m-background-energized-light\">\n<div class=\"wrap\">\n<div class=\"row\">\n<div class=\"col-xs-12\">\n<div class=\"row\">\n<div class=\"col-xs-12 col-lg-10 col-md-10 col-lg-offset-1 col-md-offset-1\">\n<p class=\"dd-m-text dd-m-text--big font-MerriWeather\"><em>Reitores, professores, parlamentares e a sociedade civil organizada, que est\u00e1 votando contra a medida no site do Senado, reagem a MP que d\u00e1 ao ministro da Educa\u00e7\u00e3o o direito de nomear reitores durante pandemia<\/em><\/p>\n<\/div>\n<\/div>\n<\/div>\n<\/div>\n<\/div>\n<\/div>\n<div class=\"dd-m-icon__group-icons\">\n<p>Reitores, professores e deputados federais de diversos partidos querem que o Congresso Nacional devolva a Medida Provis\u00f3ria (MP) n\u00ba 979\/2020 que d\u00e1 ao ministro da Educa\u00e7\u00e3o, Abraham Weintraub, o direito de nomear reitores de institui\u00e7\u00f5es federais de ensino durante a emerg\u00eancia de sa\u00fade p\u00fablica provocada pela pandemia do novo coronav\u00edrus.<\/p>\n<p>O presidente da C\u00e2mara, Rodrigo Maia (DEM-RJ), n\u00e3o se comprometeu a devolver a MP para o governo, mas disse que a medida \u00e9 inconstitucional. No Senado, Davi Alcolumbre (DEM-AP) recebeu os of\u00edcios pedindo a devolu\u00e7\u00e3o da MP, mas n\u00e3o se pronunciou. Por\u00e9m, o site do Senado colocou no ar uma consulta p\u00fablica sobre a MP no Portal <a href=\"http:\/\/www12.senado.leg.br\/ecidadania\/visualizacaomateria?id=142445\">e-cidadania<\/a>. At\u00e9 o in\u00edcio da tarde desta quarta-feira (10), quase 26 mil internautas haviam votado contra a MP, enquanto pouco mais de 1,2 mil manifestaram apoio ao texto.<\/p>\n<p><strong>A\u00e7\u00f5es judicial e pol\u00edticas<\/strong><\/p>\n<p>Oito partidos de oposi\u00e7\u00e3o ao governo \u2013 Psol, PCdoB, PT, PSB, PDT, Rede, Partido Verde e Cidadania \u2013 ingressaram com uma A\u00e7\u00e3o Direta da Inconstitucionalidade (ADI) no Supremo Tribunal Federal (STF) pedindo a suspens\u00e3o imediata dos efeitos da medida provis\u00f3ria.<\/p>\n<p>\u201cAl\u00e9m de ser claramente inconstitucional, essa MP representa mais um ataque do governo federal \u00e0s universidades, \u00e0 democracia e \u00e0 liberdade da comunidade acad\u00eamica em escolher seus gestores\u201d, afirmou a l\u00edder da bancada do Psol,\u00a0 Fernanda Melchionna\u00a0 (RS). \u201c\u00c9 um ato arbitr\u00e1rio, ali\u00e1s bastante utilizado durante a ditadura civil-militar, colocar reitores bi\u00f4nicos para controlar a produ\u00e7\u00e3o da ci\u00eancia e do conhecimento e a gest\u00e3o das universidades e institutos federais. Isso \u00e9 inadmiss\u00edvel\u201d.<\/p>\n<p>Paralelamente, as bancadas do PT, Psol, PCdoB, PSB, PDT e Rede protocolaram of\u00edcio cobrando do presidente do Congresso Nacional, senador Davi Alcolumbre, a devolu\u00e7\u00e3o da MP 979, com a justificativa de que o governo se aproveita de uma pandemia para intervir nas institui\u00e7\u00f5es de ensino.<\/p>\n<p>O mesmo movimento foi feito por deputados ligados \u00e0s Frentes Parlamentares em Defesa da Valoriza\u00e7\u00e3o das Universidades e dos Institutos Federais de Educa\u00e7\u00e3o, Ci\u00eancia e Tecnologia. Eles alegam que o texto \u00e9 inconstitucional por ferir o artigo 207 da Constitui\u00e7\u00e3o Federal, que trata da autonomia das universidades.<\/p>\n<p>\u201cAs Universidades e Institutos s\u00e3o produtores do conhecimento. N\u00e3o podem ser tutelados. A autonomia \u00e9 um princ\u00edpio que est\u00e1 na Constitui\u00e7\u00e3o Federal\u201d, disse a deputada Margarida Salom\u00e3o (PT-MG), tamb\u00e9m coordenadora da Frente Parlamentar, que j\u00e1 foi reitora da Universidade Federal de Juiz de Fora.<\/p>\n<p><strong>Inseguran\u00e7a institucional<\/strong><\/p>\n<p>Deputados da Comiss\u00e3o Externa de Acompanhamento do Minist\u00e9rio da Educa\u00e7\u00e3o (Comex\/MEC) tamb\u00e9m se posicionaram contra a MP 979. Em nota, eles afirmaram que o Poder Executivo demonstra autoritarismo e desrespeito \u00e0 comunidade acad\u00eamica e ao Congresso Nacional. Al\u00e9m disso, afirmam que a MP gera inseguran\u00e7a institucional, comprometendo n\u00e3o apenas a confian\u00e7a entre as institui\u00e7\u00f5es de ensino e o governo federal, mas tamb\u00e9m a estabilidade para organiza\u00e7\u00e3o interna das institui\u00e7\u00f5es e de seus projetos.<\/p>\n<p>A comiss\u00e3o, composta por deputados de partidos como PSB, Novo, PTB e PDT, sugere ao MEC a possibilidade de realizar uma consulta com a comunidade acad\u00eamica para discutir o processo de escolha de reitores por meio remoto ou prorrogar as elei\u00e7\u00f5es, mantendo os reitores j\u00e1 eleitos em seus respectivos cargos enquanto durar a pandemia do novo coronav\u00edrus.<\/p>\n<p><strong>O que diz a MP e o que representa para as institui\u00e7\u00f5es<\/strong><\/p>\n<p>Publicada nesta quarta-feira (10), a MP assinada pelo presidente Jair Bolsonaro (ex-PSL), usa a pandemia para suspender o processo de consulta \u00e0 comunidade escolar ou acad\u00eamica para escolha de novos reitores. A regra vale at\u00e9 o dia 31 de dezembro deste ano, quando se encerra o decreto de calamidade p\u00fablica.<\/p>\n<p>Segundo o texto, que j\u00e1 est\u00e1 em vigor, mas ainda precisa ser referendado pelo Congresso, tamb\u00e9m n\u00e3o ser\u00e1 formada lista tr\u00edplice para escolha dos dirigentes. Quando terminar a crise sanit\u00e1ria ser\u00e1 necess\u00e1ria consulta \u00e0 comunidade para a nomea\u00e7\u00e3o dos novos dirigentes.<\/p>\n<p>\u201cN\u00e3o haver\u00e1 processo de consulta \u00e0 comunidade, escolar ou acad\u00eamica, ou forma\u00e7\u00e3o de lista tr\u00edplice para a escolha de dirigentes das institui\u00e7\u00f5es federais de ensino durante o per\u00edodo da pandemia&#8221;, diz trecho da MP se referindo as consultas que s\u00e3o realizadas a cada quatro anos, quando as universidades iniciam o processo de indica\u00e7\u00e3o dos seus reitores.<\/p>\n<p>Por conta da MP, todos os processos em andamento para escolha de reitores ficam suspensos at\u00e9 que o Congresso rejeite ou devolva a medida para o governo, como pedem acad\u00eamicos e parlamentares. Caso a medida seja aprovada, pelo menos 18 institui\u00e7\u00f5es federais ser\u00e3o afetadas imediatamente em sua autonomia na escolha de seus representantes.<\/p>\n<p><strong>Rea\u00e7\u00e3o dos reitores <\/strong><\/p>\n<p>Assim que a medida foi divulgada, reitores e ex-reitores reagiram e come\u00e7aram uma mobiliza\u00e7\u00e3o para derrubar a MP. Em um v\u00eddeo disponibilizado no site da Universidade Federal do Rio Grande do Sul (UFRGS) o reitor Rui Oppermann afirmou estar muito preocupado.<\/p>\n<p>\u201cFomos surpreendidos por uma MP que literalmente determina a suspens\u00e3o do processo de escolha de reitores e vice-reitores. A UFRGS como todos sabem est\u00e1 em andamento [o processo eleitoral] desde sexta-feira passada. O momento \u00e9 de entender a extens\u00e3o dessa medida, de mobilizar as diferentes inst\u00e2ncias, no sentido de avaliar sua constitucionalidade, e de fazer prevalecer e garantir a autonomia das institui\u00e7\u00f5es p\u00fablicas de ensino\u201d, declarou.<\/p>\n<p>De acordo com o reitor, h\u00e1 uma mobiliza\u00e7\u00e3o geral no pa\u00eds junto aos minist\u00e9rios p\u00fablicos, Congresso, Supremo Tribunal Federal e outras inst\u00e2ncias, buscando encaminhamentos que questionem a constitucionalidade da Medida.<\/p>\n<p>\u201cMandatos encerrados nesse per\u00edodo ser\u00e3o sucedidos por reitores pro tempore, indicados diretamente pelo ministro da Educa\u00e7\u00e3o, o mesmo que sugeriu em v\u00eddeo tornado p\u00fablico que os \u201cvagabundos\u201d do Supremo Tribunal Federal deveriam estar presos. A universidade p\u00fablica em geral, e cada instituto em particular, n\u00e3o pode prescindir da legitimidade democr\u00e1tica de seus mandat\u00e1rios. Especialmente nas atuais circunst\u00e2ncias da vida pol\u00edtica nacional. Da nossa parte, estaremos atuando junto \u00e0 Andifes [Associa\u00e7\u00e3o Nacional dos Dirigentes das Institui\u00e7\u00f5es Federais de Ensino Superior] e outras institui\u00e7\u00f5es e parlamentares pela imediata revoga\u00e7\u00e3o da absurda MP 979\/2020\u201d, ressaltou o reitor da Universidade Federal de Pelotas (UFPel), Pedro Hallal.<\/p>\n<p>Em aula p\u00fablica realizada pela Associa\u00e7\u00e3o dos Docentes da Universidade Federal do Rio Grande do Sul (Adufrgs), por videoconfer\u00eancia, outros reitores tamb\u00e9m demonstraram preocupa\u00e7\u00e3o. \u201cEssa MP novamente vem no sentido de tirar a autonomia e ferir as nossas institui\u00e7\u00f5es\u201d, apontou Fl\u00e1vio Nunes, reitor do Instituto Federal de Educa\u00e7\u00e3o, Ci\u00eancia e Tecnologia Sul-Rio-Grandense (IFSUL).<\/p>\n<p><strong>Autonomia na berlinda<\/strong><\/p>\n<p>No ano passado, o governo de Bolsonaro j\u00e1 tentou atacar essa autonomia de escolha por meio da Medida Provis\u00f3ria 914\/2019, que dava ao presidente a prerrogativa de escolher e n\u00e3o apenas referendar o nome do reitor de universidades e institutos federais de ensino superior. A medida tamb\u00e9m acabava com a possibilidade da paridade no peso de estudantes, professores e t\u00e9cnicos. A MP caducou, e agora, mais uma vez, o presidente tenta acabar com a autonomia com a MP 979.<\/p>\n<p>\u201cEssa nova medida vem porque a anterior caiu na semana passada. Agora de novo o governo mexe na quest\u00e3o. Isso traz um engessamento muito forte e retira toda a discuss\u00e3o interna na universidade, dos seus processos, sua forma de gerir e de pensar o ensino, a pesquisa e a extens\u00e3o. Isso \u00e9 muito grave\u201d, ressalta a professora do Departamento de Comunica\u00e7\u00e3o e diretora da Faculdade de Biblioteconomia e Comunica\u00e7\u00e3o da UFRGS, Karla Maria M\u00fcller.<\/p>\n<p>Para ela, tal medida, caso se mantenha, representar\u00e1 um grande retrocesso. \u201cUma situa\u00e7\u00e3o arbitr\u00e1ria e que desconsidera toda a caminhada que as universidades j\u00e1 fizeram. As institui\u00e7\u00f5es j\u00e1 est\u00e3o sofrendo com escassos recursos, cortes de verba, corte na contrata\u00e7\u00e3o de servidores, t\u00e9cnicos e professores. Isso vai contra tudo que viemos lutando h\u00e1 muitos anos para manter uma universidade com qualidade\u201d, afirma.<\/p>\n<p>Com informa\u00e7\u00f5es do Portal do Senado, Congresso em Foco e BdF.<\/p>\n<p>Fonte: <a href=\"https:\/\/www.cut.org.br\/noticias\/sociedade-reage-a-tentativa-de-bolsonaro-de-atacar-autonomia-das-universidades-f2b1\">CUT Brasil<\/a><\/p>\n<\/div>\n","protected":false},"excerpt":{"rendered":"Reitores, professores, parlamentares e a sociedade civil organizada, que est\u00e1 votando contra a medida no site do Senado, reagem a MP que d\u00e1 ao ministro da Educa\u00e7\u00e3o o direito de nomear reitores durante pandemia Reitores, professores e deputados federais de diversos partidos querem que o Congresso Nacional devolva a Medida Provis\u00f3ria (MP) n\u00ba 979\/2020 que&#8230; <a class=\"view-article\" href=\"http:\/\/www.sindipetroba.org.br\/2019\/sociedade-reage-a-tentativa-de-bolsonaro-de-atacar-autonomia-das-universidades\/\">Ver artigo<\/a>","protected":false},"author":4,"featured_media":7986,"comment_status":"closed","ping_status":"open","sticky":false,"template":"","format":"standard","meta":{"_et_pb_use_builder":"","_et_pb_old_content":"","_et_gb_content_width":"","footnotes":""},"categories":[1],"tags":[320,816,815,814],"class_list":["post-7985","post","type-post","status-publish","format-standard","has-post-thumbnail","hentry","category-noticia","tag-bolsonaro","tag-flavio-nunes","tag-medida-provisoria-914","tag-retrocesso"],"yoast_head":"<!-- This site is optimized with the Yoast SEO plugin v27.3 - https:\/\/yoast.com\/product\/yoast-seo-wordpress\/ -->\n<title>Sociedade reage a tentativa de Bolsonaro de atacar autonomia das universidades - Sindipetro BA<\/title>\n<meta name=\"robots\" content=\"index, follow, max-snippet:-1, max-image-preview:large, max-video-preview:-1\" \/>\n<link rel=\"canonical\" href=\"http:\/\/www.sindipetroba.org.br\/2019\/sociedade-reage-a-tentativa-de-bolsonaro-de-atacar-autonomia-das-universidades\/\" \/>\n<meta property=\"og:locale\" content=\"pt_BR\" \/>\n<meta property=\"og:type\" content=\"article\" \/>\n<meta property=\"og:title\" content=\"Sociedade reage a tentativa de Bolsonaro de atacar autonomia das universidades - Sindipetro BA\" \/>\n<meta property=\"og:description\" content=\"Reitores, professores, parlamentares e a sociedade civil organizada, que est\u00e1 votando contra a medida no site do Senado, reagem a MP que d\u00e1 ao ministro da Educa\u00e7\u00e3o o direito de nomear reitores durante pandemia Reitores, professores e deputados federais de diversos partidos querem que o Congresso Nacional devolva a Medida Provis\u00f3ria (MP) n\u00ba 979\/2020 que... Ver artigo\" \/>\n<meta property=\"og:url\" content=\"http:\/\/www.sindipetroba.org.br\/2019\/sociedade-reage-a-tentativa-de-bolsonaro-de-atacar-autonomia-das-universidades\/\" \/>\n<meta property=\"og:site_name\" content=\"Sindipetro BA\" \/>\n<meta property=\"article:publisher\" content=\"https:\/\/www.facebook.com\/sindipetroBa\/\" \/>\n<meta property=\"article:published_time\" content=\"2020-06-11T19:16:59+00:00\" \/>\n<meta property=\"og:image\" content=\"http:\/\/www.sindipetroba.org.br\/2019\/wp-content\/uploads\/2020\/06\/systemuploadsnewsf2b13aa5404556ecf78-700x460xfit-3ea17.jpg\" \/>\n\t<meta property=\"og:image:width\" content=\"700\" \/>\n\t<meta property=\"og:image:height\" content=\"460\" \/>\n\t<meta property=\"og:image:type\" content=\"image\/jpeg\" \/>\n<meta name=\"author\" content=\"ASCOM\" \/>\n<meta name=\"twitter:card\" content=\"summary_large_image\" \/>\n<meta name=\"twitter:creator\" content=\"@SindipetroBahia\" \/>\n<meta name=\"twitter:site\" content=\"@SindipetroBahia\" \/>\n<meta name=\"twitter:label1\" content=\"Escrito por\" \/>\n\t<meta name=\"twitter:data1\" content=\"ASCOM\" \/>\n\t<meta name=\"twitter:label2\" content=\"Est. tempo de leitura\" \/>\n\t<meta name=\"twitter:data2\" content=\"7 minutos\" \/>\n<script type=\"application\/ld+json\" class=\"yoast-schema-graph\">{\"@context\":\"https:\\\/\\\/schema.org\",\"@graph\":[{\"@type\":\"Article\",\"@id\":\"http:\\\/\\\/www.sindipetroba.org.br\\\/2019\\\/sociedade-reage-a-tentativa-de-bolsonaro-de-atacar-autonomia-das-universidades\\\/#article\",\"isPartOf\":{\"@id\":\"http:\\\/\\\/www.sindipetroba.org.br\\\/2019\\\/sociedade-reage-a-tentativa-de-bolsonaro-de-atacar-autonomia-das-universidades\\\/\"},\"author\":{\"name\":\"ASCOM\",\"@id\":\"http:\\\/\\\/www.sindipetroba.org.br\\\/2019\\\/#\\\/schema\\\/person\\\/80e88dbf823328ddad08b17600055a3c\"},\"headline\":\"Sociedade reage a tentativa de Bolsonaro de atacar autonomia das universidades\",\"datePublished\":\"2020-06-11T19:16:59+00:00\",\"mainEntityOfPage\":{\"@id\":\"http:\\\/\\\/www.sindipetroba.org.br\\\/2019\\\/sociedade-reage-a-tentativa-de-bolsonaro-de-atacar-autonomia-das-universidades\\\/\"},\"wordCount\":1412,\"publisher\":{\"@id\":\"http:\\\/\\\/www.sindipetroba.org.br\\\/2019\\\/#organization\"},\"image\":{\"@id\":\"http:\\\/\\\/www.sindipetroba.org.br\\\/2019\\\/sociedade-reage-a-tentativa-de-bolsonaro-de-atacar-autonomia-das-universidades\\\/#primaryimage\"},\"thumbnailUrl\":\"http:\\\/\\\/www.sindipetroba.org.br\\\/2019\\\/wp-content\\\/uploads\\\/2020\\\/06\\\/systemuploadsnewsf2b13aa5404556ecf78-700x460xfit-3ea17.jpg\",\"keywords\":[\"Bolsonaro\",\"Fl\u00e1vio Nunes\",\"Medida Provis\u00f3ria 914\",\"retrocesso\"],\"articleSection\":[\"Not\u00edcia\"],\"inLanguage\":\"pt-BR\"},{\"@type\":\"WebPage\",\"@id\":\"http:\\\/\\\/www.sindipetroba.org.br\\\/2019\\\/sociedade-reage-a-tentativa-de-bolsonaro-de-atacar-autonomia-das-universidades\\\/\",\"url\":\"http:\\\/\\\/www.sindipetroba.org.br\\\/2019\\\/sociedade-reage-a-tentativa-de-bolsonaro-de-atacar-autonomia-das-universidades\\\/\",\"name\":\"Sociedade reage a tentativa de Bolsonaro de atacar autonomia das universidades - Sindipetro BA\",\"isPartOf\":{\"@id\":\"http:\\\/\\\/www.sindipetroba.org.br\\\/2019\\\/#website\"},\"primaryImageOfPage\":{\"@id\":\"http:\\\/\\\/www.sindipetroba.org.br\\\/2019\\\/sociedade-reage-a-tentativa-de-bolsonaro-de-atacar-autonomia-das-universidades\\\/#primaryimage\"},\"image\":{\"@id\":\"http:\\\/\\\/www.sindipetroba.org.br\\\/2019\\\/sociedade-reage-a-tentativa-de-bolsonaro-de-atacar-autonomia-das-universidades\\\/#primaryimage\"},\"thumbnailUrl\":\"http:\\\/\\\/www.sindipetroba.org.br\\\/2019\\\/wp-content\\\/uploads\\\/2020\\\/06\\\/systemuploadsnewsf2b13aa5404556ecf78-700x460xfit-3ea17.jpg\",\"datePublished\":\"2020-06-11T19:16:59+00:00\",\"breadcrumb\":{\"@id\":\"http:\\\/\\\/www.sindipetroba.org.br\\\/2019\\\/sociedade-reage-a-tentativa-de-bolsonaro-de-atacar-autonomia-das-universidades\\\/#breadcrumb\"},\"inLanguage\":\"pt-BR\",\"potentialAction\":[{\"@type\":\"ReadAction\",\"target\":[\"http:\\\/\\\/www.sindipetroba.org.br\\\/2019\\\/sociedade-reage-a-tentativa-de-bolsonaro-de-atacar-autonomia-das-universidades\\\/\"]}]},{\"@type\":\"ImageObject\",\"inLanguage\":\"pt-BR\",\"@id\":\"http:\\\/\\\/www.sindipetroba.org.br\\\/2019\\\/sociedade-reage-a-tentativa-de-bolsonaro-de-atacar-autonomia-das-universidades\\\/#primaryimage\",\"url\":\"http:\\\/\\\/www.sindipetroba.org.br\\\/2019\\\/wp-content\\\/uploads\\\/2020\\\/06\\\/systemuploadsnewsf2b13aa5404556ecf78-700x460xfit-3ea17.jpg\",\"contentUrl\":\"http:\\\/\\\/www.sindipetroba.org.br\\\/2019\\\/wp-content\\\/uploads\\\/2020\\\/06\\\/systemuploadsnewsf2b13aa5404556ecf78-700x460xfit-3ea17.jpg\",\"width\":700,\"height\":460},{\"@type\":\"BreadcrumbList\",\"@id\":\"http:\\\/\\\/www.sindipetroba.org.br\\\/2019\\\/sociedade-reage-a-tentativa-de-bolsonaro-de-atacar-autonomia-das-universidades\\\/#breadcrumb\",\"itemListElement\":[{\"@type\":\"ListItem\",\"position\":1,\"name\":\"In\u00edcio\",\"item\":\"http:\\\/\\\/www.sindipetroba.org.br\\\/2019\\\/\"},{\"@type\":\"ListItem\",\"position\":2,\"name\":\"Sociedade reage a tentativa de Bolsonaro de atacar autonomia das universidades\"}]},{\"@type\":\"WebSite\",\"@id\":\"http:\\\/\\\/www.sindipetroba.org.br\\\/2019\\\/#website\",\"url\":\"http:\\\/\\\/www.sindipetroba.org.br\\\/2019\\\/\",\"name\":\"Sindipetro BA\",\"description\":\"Sindicato dos Petroleiros e Petroleiras do Estado da Bahia\",\"publisher\":{\"@id\":\"http:\\\/\\\/www.sindipetroba.org.br\\\/2019\\\/#organization\"},\"potentialAction\":[{\"@type\":\"SearchAction\",\"target\":{\"@type\":\"EntryPoint\",\"urlTemplate\":\"http:\\\/\\\/www.sindipetroba.org.br\\\/2019\\\/?s={search_term_string}\"},\"query-input\":{\"@type\":\"PropertyValueSpecification\",\"valueRequired\":true,\"valueName\":\"search_term_string\"}}],\"inLanguage\":\"pt-BR\"},{\"@type\":\"Organization\",\"@id\":\"http:\\\/\\\/www.sindipetroba.org.br\\\/2019\\\/#organization\",\"name\":\"Sindipetro BA\",\"url\":\"http:\\\/\\\/www.sindipetroba.org.br\\\/2019\\\/\",\"logo\":{\"@type\":\"ImageObject\",\"inLanguage\":\"pt-BR\",\"@id\":\"http:\\\/\\\/www.sindipetroba.org.br\\\/2019\\\/#\\\/schema\\\/logo\\\/image\\\/\",\"url\":\"http:\\\/\\\/www.sindipetroba.org.br\\\/2019\\\/wp-content\\\/uploads\\\/2019\\\/01\\\/sindipetro-marca-cor.png\",\"contentUrl\":\"http:\\\/\\\/www.sindipetroba.org.br\\\/2019\\\/wp-content\\\/uploads\\\/2019\\\/01\\\/sindipetro-marca-cor.png\",\"width\":350,\"height\":126,\"caption\":\"Sindipetro BA\"},\"image\":{\"@id\":\"http:\\\/\\\/www.sindipetroba.org.br\\\/2019\\\/#\\\/schema\\\/logo\\\/image\\\/\"},\"sameAs\":[\"https:\\\/\\\/www.facebook.com\\\/sindipetroBa\\\/\",\"https:\\\/\\\/x.com\\\/SindipetroBahia\",\"https:\\\/\\\/www.instagram.com\\\/sindipetroba\\\/\",\"https:\\\/\\\/www.youtube.com\\\/c\\\/SindipetroBahiaOficial\"]},{\"@type\":\"Person\",\"@id\":\"http:\\\/\\\/www.sindipetroba.org.br\\\/2019\\\/#\\\/schema\\\/person\\\/80e88dbf823328ddad08b17600055a3c\",\"name\":\"ASCOM\",\"image\":{\"@type\":\"ImageObject\",\"inLanguage\":\"pt-BR\",\"@id\":\"https:\\\/\\\/secure.gravatar.com\\\/avatar\\\/a2ab2fd873c57926b9f03e30be8804429fd7b0d41f4f71170e45b7b7f84998a6?s=96&d=mm&r=g\",\"url\":\"https:\\\/\\\/secure.gravatar.com\\\/avatar\\\/a2ab2fd873c57926b9f03e30be8804429fd7b0d41f4f71170e45b7b7f84998a6?s=96&d=mm&r=g\",\"contentUrl\":\"https:\\\/\\\/secure.gravatar.com\\\/avatar\\\/a2ab2fd873c57926b9f03e30be8804429fd7b0d41f4f71170e45b7b7f84998a6?s=96&d=mm&r=g\",\"caption\":\"ASCOM\"},\"sameAs\":[\"http:\\\/\\\/www.sindipetroba.org.br\"]}]}<\/script>\n<!-- \/ Yoast SEO plugin. -->","yoast_head_json":{"title":"Sociedade reage a tentativa de Bolsonaro de atacar autonomia das universidades - Sindipetro BA","robots":{"index":"index","follow":"follow","max-snippet":"max-snippet:-1","max-image-preview":"max-image-preview:large","max-video-preview":"max-video-preview:-1"},"canonical":"http:\/\/www.sindipetroba.org.br\/2019\/sociedade-reage-a-tentativa-de-bolsonaro-de-atacar-autonomia-das-universidades\/","og_locale":"pt_BR","og_type":"article","og_title":"Sociedade reage a tentativa de Bolsonaro de atacar autonomia das universidades - Sindipetro BA","og_description":"Reitores, professores, parlamentares e a sociedade civil organizada, que est\u00e1 votando contra a medida no site do Senado, reagem a MP que d\u00e1 ao ministro da Educa\u00e7\u00e3o o direito de nomear reitores durante pandemia Reitores, professores e deputados federais de diversos partidos querem que o Congresso Nacional devolva a Medida Provis\u00f3ria (MP) n\u00ba 979\/2020 que... Ver artigo","og_url":"http:\/\/www.sindipetroba.org.br\/2019\/sociedade-reage-a-tentativa-de-bolsonaro-de-atacar-autonomia-das-universidades\/","og_site_name":"Sindipetro BA","article_publisher":"https:\/\/www.facebook.com\/sindipetroBa\/","article_published_time":"2020-06-11T19:16:59+00:00","og_image":[{"width":700,"height":460,"url":"http:\/\/www.sindipetroba.org.br\/2019\/wp-content\/uploads\/2020\/06\/systemuploadsnewsf2b13aa5404556ecf78-700x460xfit-3ea17.jpg","type":"image\/jpeg"}],"author":"ASCOM","twitter_card":"summary_large_image","twitter_creator":"@SindipetroBahia","twitter_site":"@SindipetroBahia","twitter_misc":{"Escrito por":"ASCOM","Est. tempo de leitura":"7 minutos"},"schema":{"@context":"https:\/\/schema.org","@graph":[{"@type":"Article","@id":"http:\/\/www.sindipetroba.org.br\/2019\/sociedade-reage-a-tentativa-de-bolsonaro-de-atacar-autonomia-das-universidades\/#article","isPartOf":{"@id":"http:\/\/www.sindipetroba.org.br\/2019\/sociedade-reage-a-tentativa-de-bolsonaro-de-atacar-autonomia-das-universidades\/"},"author":{"name":"ASCOM","@id":"http:\/\/www.sindipetroba.org.br\/2019\/#\/schema\/person\/80e88dbf823328ddad08b17600055a3c"},"headline":"Sociedade reage a tentativa de Bolsonaro de atacar autonomia das universidades","datePublished":"2020-06-11T19:16:59+00:00","mainEntityOfPage":{"@id":"http:\/\/www.sindipetroba.org.br\/2019\/sociedade-reage-a-tentativa-de-bolsonaro-de-atacar-autonomia-das-universidades\/"},"wordCount":1412,"publisher":{"@id":"http:\/\/www.sindipetroba.org.br\/2019\/#organization"},"image":{"@id":"http:\/\/www.sindipetroba.org.br\/2019\/sociedade-reage-a-tentativa-de-bolsonaro-de-atacar-autonomia-das-universidades\/#primaryimage"},"thumbnailUrl":"http:\/\/www.sindipetroba.org.br\/2019\/wp-content\/uploads\/2020\/06\/systemuploadsnewsf2b13aa5404556ecf78-700x460xfit-3ea17.jpg","keywords":["Bolsonaro","Fl\u00e1vio Nunes","Medida Provis\u00f3ria 914","retrocesso"],"articleSection":["Not\u00edcia"],"inLanguage":"pt-BR"},{"@type":"WebPage","@id":"http:\/\/www.sindipetroba.org.br\/2019\/sociedade-reage-a-tentativa-de-bolsonaro-de-atacar-autonomia-das-universidades\/","url":"http:\/\/www.sindipetroba.org.br\/2019\/sociedade-reage-a-tentativa-de-bolsonaro-de-atacar-autonomia-das-universidades\/","name":"Sociedade reage a tentativa de Bolsonaro de atacar autonomia das universidades - Sindipetro BA","isPartOf":{"@id":"http:\/\/www.sindipetroba.org.br\/2019\/#website"},"primaryImageOfPage":{"@id":"http:\/\/www.sindipetroba.org.br\/2019\/sociedade-reage-a-tentativa-de-bolsonaro-de-atacar-autonomia-das-universidades\/#primaryimage"},"image":{"@id":"http:\/\/www.sindipetroba.org.br\/2019\/sociedade-reage-a-tentativa-de-bolsonaro-de-atacar-autonomia-das-universidades\/#primaryimage"},"thumbnailUrl":"http:\/\/www.sindipetroba.org.br\/2019\/wp-content\/uploads\/2020\/06\/systemuploadsnewsf2b13aa5404556ecf78-700x460xfit-3ea17.jpg","datePublished":"2020-06-11T19:16:59+00:00","breadcrumb":{"@id":"http:\/\/www.sindipetroba.org.br\/2019\/sociedade-reage-a-tentativa-de-bolsonaro-de-atacar-autonomia-das-universidades\/#breadcrumb"},"inLanguage":"pt-BR","potentialAction":[{"@type":"ReadAction","target":["http:\/\/www.sindipetroba.org.br\/2019\/sociedade-reage-a-tentativa-de-bolsonaro-de-atacar-autonomia-das-universidades\/"]}]},{"@type":"ImageObject","inLanguage":"pt-BR","@id":"http:\/\/www.sindipetroba.org.br\/2019\/sociedade-reage-a-tentativa-de-bolsonaro-de-atacar-autonomia-das-universidades\/#primaryimage","url":"http:\/\/www.sindipetroba.org.br\/2019\/wp-content\/uploads\/2020\/06\/systemuploadsnewsf2b13aa5404556ecf78-700x460xfit-3ea17.jpg","contentUrl":"http:\/\/www.sindipetroba.org.br\/2019\/wp-content\/uploads\/2020\/06\/systemuploadsnewsf2b13aa5404556ecf78-700x460xfit-3ea17.jpg","width":700,"height":460},{"@type":"BreadcrumbList","@id":"http:\/\/www.sindipetroba.org.br\/2019\/sociedade-reage-a-tentativa-de-bolsonaro-de-atacar-autonomia-das-universidades\/#breadcrumb","itemListElement":[{"@type":"ListItem","position":1,"name":"In\u00edcio","item":"http:\/\/www.sindipetroba.org.br\/2019\/"},{"@type":"ListItem","position":2,"name":"Sociedade reage a tentativa de Bolsonaro de atacar autonomia das universidades"}]},{"@type":"WebSite","@id":"http:\/\/www.sindipetroba.org.br\/2019\/#website","url":"http:\/\/www.sindipetroba.org.br\/2019\/","name":"Sindipetro BA","description":"Sindicato dos Petroleiros e Petroleiras do Estado da Bahia","publisher":{"@id":"http:\/\/www.sindipetroba.org.br\/2019\/#organization"},"potentialAction":[{"@type":"SearchAction","target":{"@type":"EntryPoint","urlTemplate":"http:\/\/www.sindipetroba.org.br\/2019\/?s={search_term_string}"},"query-input":{"@type":"PropertyValueSpecification","valueRequired":true,"valueName":"search_term_string"}}],"inLanguage":"pt-BR"},{"@type":"Organization","@id":"http:\/\/www.sindipetroba.org.br\/2019\/#organization","name":"Sindipetro BA","url":"http:\/\/www.sindipetroba.org.br\/2019\/","logo":{"@type":"ImageObject","inLanguage":"pt-BR","@id":"http:\/\/www.sindipetroba.org.br\/2019\/#\/schema\/logo\/image\/","url":"http:\/\/www.sindipetroba.org.br\/2019\/wp-content\/uploads\/2019\/01\/sindipetro-marca-cor.png","contentUrl":"http:\/\/www.sindipetroba.org.br\/2019\/wp-content\/uploads\/2019\/01\/sindipetro-marca-cor.png","width":350,"height":126,"caption":"Sindipetro BA"},"image":{"@id":"http:\/\/www.sindipetroba.org.br\/2019\/#\/schema\/logo\/image\/"},"sameAs":["https:\/\/www.facebook.com\/sindipetroBa\/","https:\/\/x.com\/SindipetroBahia","https:\/\/www.instagram.com\/sindipetroba\/","https:\/\/www.youtube.com\/c\/SindipetroBahiaOficial"]},{"@type":"Person","@id":"http:\/\/www.sindipetroba.org.br\/2019\/#\/schema\/person\/80e88dbf823328ddad08b17600055a3c","name":"ASCOM","image":{"@type":"ImageObject","inLanguage":"pt-BR","@id":"https:\/\/secure.gravatar.com\/avatar\/a2ab2fd873c57926b9f03e30be8804429fd7b0d41f4f71170e45b7b7f84998a6?s=96&d=mm&r=g","url":"https:\/\/secure.gravatar.com\/avatar\/a2ab2fd873c57926b9f03e30be8804429fd7b0d41f4f71170e45b7b7f84998a6?s=96&d=mm&r=g","contentUrl":"https:\/\/secure.gravatar.com\/avatar\/a2ab2fd873c57926b9f03e30be8804429fd7b0d41f4f71170e45b7b7f84998a6?s=96&d=mm&r=g","caption":"ASCOM"},"sameAs":["http:\/\/www.sindipetroba.org.br"]}]}},"_links":{"self":[{"href":"http:\/\/www.sindipetroba.org.br\/2019\/wp-json\/wp\/v2\/posts\/7985","targetHints":{"allow":["GET"]}}],"collection":[{"href":"http:\/\/www.sindipetroba.org.br\/2019\/wp-json\/wp\/v2\/posts"}],"about":[{"href":"http:\/\/www.sindipetroba.org.br\/2019\/wp-json\/wp\/v2\/types\/post"}],"author":[{"embeddable":true,"href":"http:\/\/www.sindipetroba.org.br\/2019\/wp-json\/wp\/v2\/users\/4"}],"replies":[{"embeddable":true,"href":"http:\/\/www.sindipetroba.org.br\/2019\/wp-json\/wp\/v2\/comments?post=7985"}],"version-history":[{"count":1,"href":"http:\/\/www.sindipetroba.org.br\/2019\/wp-json\/wp\/v2\/posts\/7985\/revisions"}],"predecessor-version":[{"id":7987,"href":"http:\/\/www.sindipetroba.org.br\/2019\/wp-json\/wp\/v2\/posts\/7985\/revisions\/7987"}],"wp:featuredmedia":[{"embeddable":true,"href":"http:\/\/www.sindipetroba.org.br\/2019\/wp-json\/wp\/v2\/media\/7986"}],"wp:attachment":[{"href":"http:\/\/www.sindipetroba.org.br\/2019\/wp-json\/wp\/v2\/media?parent=7985"}],"wp:term":[{"taxonomy":"category","embeddable":true,"href":"http:\/\/www.sindipetroba.org.br\/2019\/wp-json\/wp\/v2\/categories?post=7985"},{"taxonomy":"post_tag","embeddable":true,"href":"http:\/\/www.sindipetroba.org.br\/2019\/wp-json\/wp\/v2\/tags?post=7985"}],"curies":[{"name":"wp","href":"https:\/\/api.w.org\/{rel}","templated":true}]}}