{"id":8393,"date":"2020-07-01T17:00:58","date_gmt":"2020-07-01T20:00:58","guid":{"rendered":"http:\/\/www.sindipetroba.org.br\/2019\/?p=8393"},"modified":"2020-07-06T19:12:40","modified_gmt":"2020-07-06T22:12:40","slug":"9-congresso-ds-petroleirs-da-bahia-abordara-temas-como-petros-ams-acoes-juridicas-e-conjuntura-politica-e-economica","status":"publish","type":"post","link":"http:\/\/www.sindipetroba.org.br\/2019\/9-congresso-ds-petroleirs-da-bahia-abordara-temas-como-petros-ams-acoes-juridicas-e-conjuntura-politica-e-economica\/","title":{"rendered":"9\u00b0 Congresso d@s Petroleir@s da Bahia abordar\u00e1 temas como Petros, AMS, a\u00e7\u00f5es jur\u00eddicas e conjuntura pol\u00edtica e econ\u00f4mica"},"content":{"rendered":"<p>A comiss\u00e3o organizadora do 9\u00b0 Congresso d@s Petroleir@s da Bahia definiu a programa\u00e7\u00e3o do evento que acontece nesse s\u00e1bado (04\/07), a partir das 8h, atrav\u00e9s da plataforma de videoconfer\u00eancia Zoom (aplicativo que pode ser baixado em celulares, tablets e computadores)<\/p>\n<p>Haver\u00e1 mesas de debates com assuntos relacionados a atual conjuntura pol\u00edtica do pa\u00eds, com o ex-ministro Jos\u00e9 Dirceu. Vamos falar tamb\u00e9m da geopol\u00edtica do petr\u00f3leo, Petrobras e o p\u00f3s pandemia, com o economista e ex- presidente da Petrobr\u00e1s Jos\u00e9 S\u00e9rgio Gabrielli. Outro assunto abordado ser\u00e1 sobre empregos e direitos durante e p\u00f3s pandemia\u201d, com a supervisora t\u00e9cnica do DIEESE, Ana Georgina Dias e o assessor jur\u00eddico do Sindipetro, Cl\u00e9riston Bulh\u00f5es. Abordaremos ainda, atrav\u00e9s de palestras, quest\u00f5es relacionadas \u00e0 Petros e AMS, com o Conselheiro Deliberativo eleito da Petros, Andr\u00e9 Ara\u00fajo e o diretor da FUP, Paulo C\u00e9sar Martin.<\/p>\n<p>As palestras ser\u00e3o abertas para quem quiser assistir e participar e acontecer\u00e3o atrav\u00e9s de lives no facebook e youtube do Sindipetro Bahia.<\/p>\n<p>Veja abaixo a programa\u00e7\u00e3o:<\/p>\n<p>Programa\u00e7\u00e3o do 9\u00b0 Congresso dos Petroleiros e Petroleiras da Bahia<\/p>\n<p>8h &#8211; Leitura do Regimento Interno do Congresso<\/p>\n<p>8h30 &#8211; Mesa de Abertura<\/p>\n<p>Jairo Batista (Coordenador do Sindipetro Bahia), Deyvid Bacelar (Coordenador da FUP), Jos\u00e9 Maria Rangel (ex-Coordenador da FUP), Leninha Oliveira (presidente da CUT Bahia) Pascoal Carneiro (presidente da CTB Bahia) e representantes da Via Campesina e do Levante Popular da Juventude.<\/p>\n<p>09h &#8211; An\u00e1lise de conjuntura: crise econ\u00f4mica x crise pol\u00edtica<br \/>\nJos\u00e9 Dirceu \u2013 ex-deputado federal<\/p>\n<p>10h \u2013 Sauda\u00e7\u00f5es de lideran\u00e7as e autoridades<\/p>\n<p>10h30min &#8211; Geopol\u00edtica do petr\u00f3leo, Petrobras e o p\u00f3s pandemia<br \/>\nJos\u00e9 S\u00e9rgio Gabrielli \u2013 economista, membro do INEEP e ex-presidente da Petrobr\u00e1s<\/p>\n<p>11h30 &#8211; Empregos e Direitos durante e p\u00f3s pandemia<br \/>\nCl\u00e9riston Bulh\u00f5es \u2013 Assessor jur\u00eddico do Sindipetro Bahia<br \/>\nAna Georgina Dias \u2013 Supervisora T\u00e9cnica do DIEESE<\/p>\n<p>12h30 \u00e0s 14h- Almo\u00e7o<\/p>\n<p>14h \u2013 Novo Plano Petros (NPP) x Petros 3: diferen\u00e7as e impactos na mudan\u00e7a de plano \u2013<br \/>\nAndr\u00e9 Ara\u00fajo e Norton Almeida \u2013 Conselheiros Deliberativos eleito da Petros<\/p>\n<p>15h \u201cAMS &#8211; Riscos e preju\u00edzos com as mudan\u00e7as pretendidas pela Petrobr\u00e1s<br \/>\nPaulo C\u00e9sar Martin \u2013 Diretor da FUP e do Sindipetro Bahia<\/p>\n<p>16h &#8211; Pauta de reivindica\u00e7\u00f5es, teses, mo\u00e7\u00f5es<\/p>\n<p>18h \u2013 Encerramento com atividade cultural- Grupo Flor de Imbuia<\/p>\n<p><span style=\"color: #0000ff;\"><a style=\"color: #0000ff;\" href=\"http:\/\/www.sindipetroba.org.br\/2019\/saiba-como-sera-realizado-o-9-congresso-dos-petroleiros-e-petroleiras-da-bahia-e-se-inscreva-ate-o-dia-02-07\/\" target=\"_blank\" rel=\"noopener noreferrer\">Clique aqui para saber como participar e enviar teses para o congresso<\/a><\/span><\/p>\n<p>Fonte \u2013 Sindipetro Bahia<\/p>\n","protected":false},"excerpt":{"rendered":"A comiss\u00e3o organizadora do 9\u00b0 Congresso d@s Petroleir@s da Bahia definiu a programa\u00e7\u00e3o do evento que acontece nesse s\u00e1bado (04\/07), a partir das 8h, atrav\u00e9s da plataforma de videoconfer\u00eancia Zoom (aplicativo que pode ser baixado em celulares, tablets e computadores) Haver\u00e1 mesas de debates com assuntos relacionados a atual conjuntura pol\u00edtica do pa\u00eds, com o&#8230; <a class=\"view-article\" href=\"http:\/\/www.sindipetroba.org.br\/2019\/9-congresso-ds-petroleirs-da-bahia-abordara-temas-como-petros-ams-acoes-juridicas-e-conjuntura-politica-e-economica\/\">Ver artigo<\/a>","protected":false},"author":4,"featured_media":8394,"comment_status":"closed","ping_status":"open","sticky":false,"template":"","format":"standard","meta":{"_et_pb_use_builder":"","_et_pb_old_content":"","_et_gb_content_width":"","footnotes":""},"categories":[12,904,1],"tags":[49,907,151,70,909,908,664,32,48,906,30,910],"class_list":["post-8393","post","type-post","status-publish","format-standard","has-post-thumbnail","hentry","category-congressos","category-ix-congresso","category-noticia","tag-ams","tag-congresso-dos-petroleiros-e-petroleiras-da-bahia","tag-dieese","tag-fup","tag-geopolitica","tag-jose-dirceu","tag-jose-sergio-gabrielli","tag-petrobras","tag-petros","tag-regimento-interno-do-congresso","tag-sindipetro-bahia","tag-zoom"],"yoast_head":"<!-- This site is optimized with the Yoast SEO plugin v27.3 - https:\/\/yoast.com\/product\/yoast-seo-wordpress\/ -->\n<title>9\u00b0 Congresso d@s Petroleir@s da Bahia abordar\u00e1 temas como Petros, AMS, a\u00e7\u00f5es jur\u00eddicas e conjuntura pol\u00edtica e econ\u00f4mica - Sindipetro BA<\/title>\n<meta name=\"robots\" content=\"index, follow, max-snippet:-1, max-image-preview:large, max-video-preview:-1\" \/>\n<link rel=\"canonical\" href=\"http:\/\/www.sindipetroba.org.br\/2019\/9-congresso-ds-petroleirs-da-bahia-abordara-temas-como-petros-ams-acoes-juridicas-e-conjuntura-politica-e-economica\/\" \/>\n<meta property=\"og:locale\" content=\"pt_BR\" \/>\n<meta property=\"og:type\" content=\"article\" \/>\n<meta property=\"og:title\" content=\"9\u00b0 Congresso d@s Petroleir@s da Bahia abordar\u00e1 temas como Petros, AMS, a\u00e7\u00f5es jur\u00eddicas e conjuntura pol\u00edtica e econ\u00f4mica - Sindipetro BA\" \/>\n<meta property=\"og:description\" content=\"A comiss\u00e3o organizadora do 9\u00b0 Congresso d@s Petroleir@s da Bahia definiu a programa\u00e7\u00e3o do evento que acontece nesse s\u00e1bado (04\/07), a partir das 8h, atrav\u00e9s da plataforma de videoconfer\u00eancia Zoom (aplicativo que pode ser baixado em celulares, tablets e computadores) Haver\u00e1 mesas de debates com assuntos relacionados a atual conjuntura pol\u00edtica do pa\u00eds, com o... Ver artigo\" \/>\n<meta property=\"og:url\" content=\"http:\/\/www.sindipetroba.org.br\/2019\/9-congresso-ds-petroleirs-da-bahia-abordara-temas-como-petros-ams-acoes-juridicas-e-conjuntura-politica-e-economica\/\" \/>\n<meta property=\"og:site_name\" content=\"Sindipetro BA\" \/>\n<meta property=\"article:publisher\" content=\"https:\/\/www.facebook.com\/sindipetroBa\/\" \/>\n<meta property=\"article:published_time\" content=\"2020-07-01T20:00:58+00:00\" \/>\n<meta property=\"article:modified_time\" content=\"2020-07-06T22:12:40+00:00\" \/>\n<meta property=\"og:image\" content=\"http:\/\/www.sindipetroba.org.br\/2019\/wp-content\/uploads\/2020\/07\/GERAL.png\" \/>\n\t<meta property=\"og:image:width\" content=\"1200\" \/>\n\t<meta property=\"og:image:height\" content=\"1200\" \/>\n\t<meta property=\"og:image:type\" content=\"image\/png\" \/>\n<meta name=\"author\" content=\"ASCOM\" \/>\n<meta name=\"twitter:card\" content=\"summary_large_image\" \/>\n<meta name=\"twitter:creator\" content=\"@SindipetroBahia\" \/>\n<meta name=\"twitter:site\" content=\"@SindipetroBahia\" \/>\n<meta name=\"twitter:label1\" content=\"Escrito por\" \/>\n\t<meta name=\"twitter:data1\" content=\"ASCOM\" \/>\n\t<meta name=\"twitter:label2\" content=\"Est. tempo de leitura\" \/>\n\t<meta name=\"twitter:data2\" content=\"2 minutos\" \/>\n<script type=\"application\/ld+json\" class=\"yoast-schema-graph\">{\"@context\":\"https:\\\/\\\/schema.org\",\"@graph\":[{\"@type\":\"Article\",\"@id\":\"http:\\\/\\\/www.sindipetroba.org.br\\\/2019\\\/9-congresso-ds-petroleirs-da-bahia-abordara-temas-como-petros-ams-acoes-juridicas-e-conjuntura-politica-e-economica\\\/#article\",\"isPartOf\":{\"@id\":\"http:\\\/\\\/www.sindipetroba.org.br\\\/2019\\\/9-congresso-ds-petroleirs-da-bahia-abordara-temas-como-petros-ams-acoes-juridicas-e-conjuntura-politica-e-economica\\\/\"},\"author\":{\"name\":\"ASCOM\",\"@id\":\"http:\\\/\\\/www.sindipetroba.org.br\\\/2019\\\/#\\\/schema\\\/person\\\/80e88dbf823328ddad08b17600055a3c\"},\"headline\":\"9\u00b0 Congresso d@s Petroleir@s da Bahia abordar\u00e1 temas como Petros, AMS, a\u00e7\u00f5es jur\u00eddicas e conjuntura pol\u00edtica e econ\u00f4mica\",\"datePublished\":\"2020-07-01T20:00:58+00:00\",\"dateModified\":\"2020-07-06T22:12:40+00:00\",\"mainEntityOfPage\":{\"@id\":\"http:\\\/\\\/www.sindipetroba.org.br\\\/2019\\\/9-congresso-ds-petroleirs-da-bahia-abordara-temas-como-petros-ams-acoes-juridicas-e-conjuntura-politica-e-economica\\\/\"},\"wordCount\":446,\"publisher\":{\"@id\":\"http:\\\/\\\/www.sindipetroba.org.br\\\/2019\\\/#organization\"},\"image\":{\"@id\":\"http:\\\/\\\/www.sindipetroba.org.br\\\/2019\\\/9-congresso-ds-petroleirs-da-bahia-abordara-temas-como-petros-ams-acoes-juridicas-e-conjuntura-politica-e-economica\\\/#primaryimage\"},\"thumbnailUrl\":\"http:\\\/\\\/www.sindipetroba.org.br\\\/2019\\\/wp-content\\\/uploads\\\/2020\\\/07\\\/GERAL.png\",\"keywords\":[\"AMS\",\"Congresso dos Petroleiros e Petroleiras da Bahia\",\"Dieese\",\"FUP\",\"geopol\u00edtica\",\"Jos\u00e9 Dirceu\",\"Jos\u00e9 S\u00e9rgio Gabrielli\",\"petrobras\",\"Petros\",\"Regimento Interno do Congresso\",\"sindipetro bahia\",\"Zoom\"],\"articleSection\":[\"Congressos\",\"IX Congresso\",\"Not\u00edcia\"],\"inLanguage\":\"pt-BR\"},{\"@type\":\"WebPage\",\"@id\":\"http:\\\/\\\/www.sindipetroba.org.br\\\/2019\\\/9-congresso-ds-petroleirs-da-bahia-abordara-temas-como-petros-ams-acoes-juridicas-e-conjuntura-politica-e-economica\\\/\",\"url\":\"http:\\\/\\\/www.sindipetroba.org.br\\\/2019\\\/9-congresso-ds-petroleirs-da-bahia-abordara-temas-como-petros-ams-acoes-juridicas-e-conjuntura-politica-e-economica\\\/\",\"name\":\"9\u00b0 Congresso d@s Petroleir@s da Bahia abordar\u00e1 temas como Petros, AMS, a\u00e7\u00f5es jur\u00eddicas e conjuntura pol\u00edtica e econ\u00f4mica - Sindipetro BA\",\"isPartOf\":{\"@id\":\"http:\\\/\\\/www.sindipetroba.org.br\\\/2019\\\/#website\"},\"primaryImageOfPage\":{\"@id\":\"http:\\\/\\\/www.sindipetroba.org.br\\\/2019\\\/9-congresso-ds-petroleirs-da-bahia-abordara-temas-como-petros-ams-acoes-juridicas-e-conjuntura-politica-e-economica\\\/#primaryimage\"},\"image\":{\"@id\":\"http:\\\/\\\/www.sindipetroba.org.br\\\/2019\\\/9-congresso-ds-petroleirs-da-bahia-abordara-temas-como-petros-ams-acoes-juridicas-e-conjuntura-politica-e-economica\\\/#primaryimage\"},\"thumbnailUrl\":\"http:\\\/\\\/www.sindipetroba.org.br\\\/2019\\\/wp-content\\\/uploads\\\/2020\\\/07\\\/GERAL.png\",\"datePublished\":\"2020-07-01T20:00:58+00:00\",\"dateModified\":\"2020-07-06T22:12:40+00:00\",\"breadcrumb\":{\"@id\":\"http:\\\/\\\/www.sindipetroba.org.br\\\/2019\\\/9-congresso-ds-petroleirs-da-bahia-abordara-temas-como-petros-ams-acoes-juridicas-e-conjuntura-politica-e-economica\\\/#breadcrumb\"},\"inLanguage\":\"pt-BR\",\"potentialAction\":[{\"@type\":\"ReadAction\",\"target\":[\"http:\\\/\\\/www.sindipetroba.org.br\\\/2019\\\/9-congresso-ds-petroleirs-da-bahia-abordara-temas-como-petros-ams-acoes-juridicas-e-conjuntura-politica-e-economica\\\/\"]}]},{\"@type\":\"ImageObject\",\"inLanguage\":\"pt-BR\",\"@id\":\"http:\\\/\\\/www.sindipetroba.org.br\\\/2019\\\/9-congresso-ds-petroleirs-da-bahia-abordara-temas-como-petros-ams-acoes-juridicas-e-conjuntura-politica-e-economica\\\/#primaryimage\",\"url\":\"http:\\\/\\\/www.sindipetroba.org.br\\\/2019\\\/wp-content\\\/uploads\\\/2020\\\/07\\\/GERAL.png\",\"contentUrl\":\"http:\\\/\\\/www.sindipetroba.org.br\\\/2019\\\/wp-content\\\/uploads\\\/2020\\\/07\\\/GERAL.png\",\"width\":1200,\"height\":1200},{\"@type\":\"BreadcrumbList\",\"@id\":\"http:\\\/\\\/www.sindipetroba.org.br\\\/2019\\\/9-congresso-ds-petroleirs-da-bahia-abordara-temas-como-petros-ams-acoes-juridicas-e-conjuntura-politica-e-economica\\\/#breadcrumb\",\"itemListElement\":[{\"@type\":\"ListItem\",\"position\":1,\"name\":\"In\u00edcio\",\"item\":\"http:\\\/\\\/www.sindipetroba.org.br\\\/2019\\\/\"},{\"@type\":\"ListItem\",\"position\":2,\"name\":\"9\u00b0 Congresso d@s Petroleir@s da Bahia abordar\u00e1 temas como Petros, AMS, a\u00e7\u00f5es jur\u00eddicas e conjuntura pol\u00edtica e econ\u00f4mica\"}]},{\"@type\":\"WebSite\",\"@id\":\"http:\\\/\\\/www.sindipetroba.org.br\\\/2019\\\/#website\",\"url\":\"http:\\\/\\\/www.sindipetroba.org.br\\\/2019\\\/\",\"name\":\"Sindipetro BA\",\"description\":\"Sindicato dos Petroleiros e Petroleiras do Estado da Bahia\",\"publisher\":{\"@id\":\"http:\\\/\\\/www.sindipetroba.org.br\\\/2019\\\/#organization\"},\"potentialAction\":[{\"@type\":\"SearchAction\",\"target\":{\"@type\":\"EntryPoint\",\"urlTemplate\":\"http:\\\/\\\/www.sindipetroba.org.br\\\/2019\\\/?s={search_term_string}\"},\"query-input\":{\"@type\":\"PropertyValueSpecification\",\"valueRequired\":true,\"valueName\":\"search_term_string\"}}],\"inLanguage\":\"pt-BR\"},{\"@type\":\"Organization\",\"@id\":\"http:\\\/\\\/www.sindipetroba.org.br\\\/2019\\\/#organization\",\"name\":\"Sindipetro BA\",\"url\":\"http:\\\/\\\/www.sindipetroba.org.br\\\/2019\\\/\",\"logo\":{\"@type\":\"ImageObject\",\"inLanguage\":\"pt-BR\",\"@id\":\"http:\\\/\\\/www.sindipetroba.org.br\\\/2019\\\/#\\\/schema\\\/logo\\\/image\\\/\",\"url\":\"http:\\\/\\\/www.sindipetroba.org.br\\\/2019\\\/wp-content\\\/uploads\\\/2019\\\/01\\\/sindipetro-marca-cor.png\",\"contentUrl\":\"http:\\\/\\\/www.sindipetroba.org.br\\\/2019\\\/wp-content\\\/uploads\\\/2019\\\/01\\\/sindipetro-marca-cor.png\",\"width\":350,\"height\":126,\"caption\":\"Sindipetro BA\"},\"image\":{\"@id\":\"http:\\\/\\\/www.sindipetroba.org.br\\\/2019\\\/#\\\/schema\\\/logo\\\/image\\\/\"},\"sameAs\":[\"https:\\\/\\\/www.facebook.com\\\/sindipetroBa\\\/\",\"https:\\\/\\\/x.com\\\/SindipetroBahia\",\"https:\\\/\\\/www.instagram.com\\\/sindipetroba\\\/\",\"https:\\\/\\\/www.youtube.com\\\/c\\\/SindipetroBahiaOficial\"]},{\"@type\":\"Person\",\"@id\":\"http:\\\/\\\/www.sindipetroba.org.br\\\/2019\\\/#\\\/schema\\\/person\\\/80e88dbf823328ddad08b17600055a3c\",\"name\":\"ASCOM\",\"image\":{\"@type\":\"ImageObject\",\"inLanguage\":\"pt-BR\",\"@id\":\"https:\\\/\\\/secure.gravatar.com\\\/avatar\\\/a2ab2fd873c57926b9f03e30be8804429fd7b0d41f4f71170e45b7b7f84998a6?s=96&d=mm&r=g\",\"url\":\"https:\\\/\\\/secure.gravatar.com\\\/avatar\\\/a2ab2fd873c57926b9f03e30be8804429fd7b0d41f4f71170e45b7b7f84998a6?s=96&d=mm&r=g\",\"contentUrl\":\"https:\\\/\\\/secure.gravatar.com\\\/avatar\\\/a2ab2fd873c57926b9f03e30be8804429fd7b0d41f4f71170e45b7b7f84998a6?s=96&d=mm&r=g\",\"caption\":\"ASCOM\"},\"sameAs\":[\"http:\\\/\\\/www.sindipetroba.org.br\"]}]}<\/script>\n<!-- \/ Yoast SEO plugin. -->","yoast_head_json":{"title":"9\u00b0 Congresso d@s Petroleir@s da Bahia abordar\u00e1 temas como Petros, AMS, a\u00e7\u00f5es jur\u00eddicas e conjuntura pol\u00edtica e econ\u00f4mica - Sindipetro BA","robots":{"index":"index","follow":"follow","max-snippet":"max-snippet:-1","max-image-preview":"max-image-preview:large","max-video-preview":"max-video-preview:-1"},"canonical":"http:\/\/www.sindipetroba.org.br\/2019\/9-congresso-ds-petroleirs-da-bahia-abordara-temas-como-petros-ams-acoes-juridicas-e-conjuntura-politica-e-economica\/","og_locale":"pt_BR","og_type":"article","og_title":"9\u00b0 Congresso d@s Petroleir@s da Bahia abordar\u00e1 temas como Petros, AMS, a\u00e7\u00f5es jur\u00eddicas e conjuntura pol\u00edtica e econ\u00f4mica - Sindipetro BA","og_description":"A comiss\u00e3o organizadora do 9\u00b0 Congresso d@s Petroleir@s da Bahia definiu a programa\u00e7\u00e3o do evento que acontece nesse s\u00e1bado (04\/07), a partir das 8h, atrav\u00e9s da plataforma de videoconfer\u00eancia Zoom (aplicativo que pode ser baixado em celulares, tablets e computadores) Haver\u00e1 mesas de debates com assuntos relacionados a atual conjuntura pol\u00edtica do pa\u00eds, com o... Ver artigo","og_url":"http:\/\/www.sindipetroba.org.br\/2019\/9-congresso-ds-petroleirs-da-bahia-abordara-temas-como-petros-ams-acoes-juridicas-e-conjuntura-politica-e-economica\/","og_site_name":"Sindipetro BA","article_publisher":"https:\/\/www.facebook.com\/sindipetroBa\/","article_published_time":"2020-07-01T20:00:58+00:00","article_modified_time":"2020-07-06T22:12:40+00:00","og_image":[{"width":1200,"height":1200,"url":"http:\/\/www.sindipetroba.org.br\/2019\/wp-content\/uploads\/2020\/07\/GERAL.png","type":"image\/png"}],"author":"ASCOM","twitter_card":"summary_large_image","twitter_creator":"@SindipetroBahia","twitter_site":"@SindipetroBahia","twitter_misc":{"Escrito por":"ASCOM","Est. tempo de leitura":"2 minutos"},"schema":{"@context":"https:\/\/schema.org","@graph":[{"@type":"Article","@id":"http:\/\/www.sindipetroba.org.br\/2019\/9-congresso-ds-petroleirs-da-bahia-abordara-temas-como-petros-ams-acoes-juridicas-e-conjuntura-politica-e-economica\/#article","isPartOf":{"@id":"http:\/\/www.sindipetroba.org.br\/2019\/9-congresso-ds-petroleirs-da-bahia-abordara-temas-como-petros-ams-acoes-juridicas-e-conjuntura-politica-e-economica\/"},"author":{"name":"ASCOM","@id":"http:\/\/www.sindipetroba.org.br\/2019\/#\/schema\/person\/80e88dbf823328ddad08b17600055a3c"},"headline":"9\u00b0 Congresso d@s Petroleir@s da Bahia abordar\u00e1 temas como Petros, AMS, a\u00e7\u00f5es jur\u00eddicas e conjuntura pol\u00edtica e econ\u00f4mica","datePublished":"2020-07-01T20:00:58+00:00","dateModified":"2020-07-06T22:12:40+00:00","mainEntityOfPage":{"@id":"http:\/\/www.sindipetroba.org.br\/2019\/9-congresso-ds-petroleirs-da-bahia-abordara-temas-como-petros-ams-acoes-juridicas-e-conjuntura-politica-e-economica\/"},"wordCount":446,"publisher":{"@id":"http:\/\/www.sindipetroba.org.br\/2019\/#organization"},"image":{"@id":"http:\/\/www.sindipetroba.org.br\/2019\/9-congresso-ds-petroleirs-da-bahia-abordara-temas-como-petros-ams-acoes-juridicas-e-conjuntura-politica-e-economica\/#primaryimage"},"thumbnailUrl":"http:\/\/www.sindipetroba.org.br\/2019\/wp-content\/uploads\/2020\/07\/GERAL.png","keywords":["AMS","Congresso dos Petroleiros e Petroleiras da Bahia","Dieese","FUP","geopol\u00edtica","Jos\u00e9 Dirceu","Jos\u00e9 S\u00e9rgio Gabrielli","petrobras","Petros","Regimento Interno do Congresso","sindipetro bahia","Zoom"],"articleSection":["Congressos","IX Congresso","Not\u00edcia"],"inLanguage":"pt-BR"},{"@type":"WebPage","@id":"http:\/\/www.sindipetroba.org.br\/2019\/9-congresso-ds-petroleirs-da-bahia-abordara-temas-como-petros-ams-acoes-juridicas-e-conjuntura-politica-e-economica\/","url":"http:\/\/www.sindipetroba.org.br\/2019\/9-congresso-ds-petroleirs-da-bahia-abordara-temas-como-petros-ams-acoes-juridicas-e-conjuntura-politica-e-economica\/","name":"9\u00b0 Congresso d@s Petroleir@s da Bahia abordar\u00e1 temas como Petros, AMS, a\u00e7\u00f5es jur\u00eddicas e conjuntura pol\u00edtica e econ\u00f4mica - Sindipetro BA","isPartOf":{"@id":"http:\/\/www.sindipetroba.org.br\/2019\/#website"},"primaryImageOfPage":{"@id":"http:\/\/www.sindipetroba.org.br\/2019\/9-congresso-ds-petroleirs-da-bahia-abordara-temas-como-petros-ams-acoes-juridicas-e-conjuntura-politica-e-economica\/#primaryimage"},"image":{"@id":"http:\/\/www.sindipetroba.org.br\/2019\/9-congresso-ds-petroleirs-da-bahia-abordara-temas-como-petros-ams-acoes-juridicas-e-conjuntura-politica-e-economica\/#primaryimage"},"thumbnailUrl":"http:\/\/www.sindipetroba.org.br\/2019\/wp-content\/uploads\/2020\/07\/GERAL.png","datePublished":"2020-07-01T20:00:58+00:00","dateModified":"2020-07-06T22:12:40+00:00","breadcrumb":{"@id":"http:\/\/www.sindipetroba.org.br\/2019\/9-congresso-ds-petroleirs-da-bahia-abordara-temas-como-petros-ams-acoes-juridicas-e-conjuntura-politica-e-economica\/#breadcrumb"},"inLanguage":"pt-BR","potentialAction":[{"@type":"ReadAction","target":["http:\/\/www.sindipetroba.org.br\/2019\/9-congresso-ds-petroleirs-da-bahia-abordara-temas-como-petros-ams-acoes-juridicas-e-conjuntura-politica-e-economica\/"]}]},{"@type":"ImageObject","inLanguage":"pt-BR","@id":"http:\/\/www.sindipetroba.org.br\/2019\/9-congresso-ds-petroleirs-da-bahia-abordara-temas-como-petros-ams-acoes-juridicas-e-conjuntura-politica-e-economica\/#primaryimage","url":"http:\/\/www.sindipetroba.org.br\/2019\/wp-content\/uploads\/2020\/07\/GERAL.png","contentUrl":"http:\/\/www.sindipetroba.org.br\/2019\/wp-content\/uploads\/2020\/07\/GERAL.png","width":1200,"height":1200},{"@type":"BreadcrumbList","@id":"http:\/\/www.sindipetroba.org.br\/2019\/9-congresso-ds-petroleirs-da-bahia-abordara-temas-como-petros-ams-acoes-juridicas-e-conjuntura-politica-e-economica\/#breadcrumb","itemListElement":[{"@type":"ListItem","position":1,"name":"In\u00edcio","item":"http:\/\/www.sindipetroba.org.br\/2019\/"},{"@type":"ListItem","position":2,"name":"9\u00b0 Congresso d@s Petroleir@s da Bahia abordar\u00e1 temas como Petros, AMS, a\u00e7\u00f5es jur\u00eddicas e conjuntura pol\u00edtica e econ\u00f4mica"}]},{"@type":"WebSite","@id":"http:\/\/www.sindipetroba.org.br\/2019\/#website","url":"http:\/\/www.sindipetroba.org.br\/2019\/","name":"Sindipetro BA","description":"Sindicato dos Petroleiros e Petroleiras do Estado da Bahia","publisher":{"@id":"http:\/\/www.sindipetroba.org.br\/2019\/#organization"},"potentialAction":[{"@type":"SearchAction","target":{"@type":"EntryPoint","urlTemplate":"http:\/\/www.sindipetroba.org.br\/2019\/?s={search_term_string}"},"query-input":{"@type":"PropertyValueSpecification","valueRequired":true,"valueName":"search_term_string"}}],"inLanguage":"pt-BR"},{"@type":"Organization","@id":"http:\/\/www.sindipetroba.org.br\/2019\/#organization","name":"Sindipetro BA","url":"http:\/\/www.sindipetroba.org.br\/2019\/","logo":{"@type":"ImageObject","inLanguage":"pt-BR","@id":"http:\/\/www.sindipetroba.org.br\/2019\/#\/schema\/logo\/image\/","url":"http:\/\/www.sindipetroba.org.br\/2019\/wp-content\/uploads\/2019\/01\/sindipetro-marca-cor.png","contentUrl":"http:\/\/www.sindipetroba.org.br\/2019\/wp-content\/uploads\/2019\/01\/sindipetro-marca-cor.png","width":350,"height":126,"caption":"Sindipetro BA"},"image":{"@id":"http:\/\/www.sindipetroba.org.br\/2019\/#\/schema\/logo\/image\/"},"sameAs":["https:\/\/www.facebook.com\/sindipetroBa\/","https:\/\/x.com\/SindipetroBahia","https:\/\/www.instagram.com\/sindipetroba\/","https:\/\/www.youtube.com\/c\/SindipetroBahiaOficial"]},{"@type":"Person","@id":"http:\/\/www.sindipetroba.org.br\/2019\/#\/schema\/person\/80e88dbf823328ddad08b17600055a3c","name":"ASCOM","image":{"@type":"ImageObject","inLanguage":"pt-BR","@id":"https:\/\/secure.gravatar.com\/avatar\/a2ab2fd873c57926b9f03e30be8804429fd7b0d41f4f71170e45b7b7f84998a6?s=96&d=mm&r=g","url":"https:\/\/secure.gravatar.com\/avatar\/a2ab2fd873c57926b9f03e30be8804429fd7b0d41f4f71170e45b7b7f84998a6?s=96&d=mm&r=g","contentUrl":"https:\/\/secure.gravatar.com\/avatar\/a2ab2fd873c57926b9f03e30be8804429fd7b0d41f4f71170e45b7b7f84998a6?s=96&d=mm&r=g","caption":"ASCOM"},"sameAs":["http:\/\/www.sindipetroba.org.br"]}]}},"_links":{"self":[{"href":"http:\/\/www.sindipetroba.org.br\/2019\/wp-json\/wp\/v2\/posts\/8393","targetHints":{"allow":["GET"]}}],"collection":[{"href":"http:\/\/www.sindipetroba.org.br\/2019\/wp-json\/wp\/v2\/posts"}],"about":[{"href":"http:\/\/www.sindipetroba.org.br\/2019\/wp-json\/wp\/v2\/types\/post"}],"author":[{"embeddable":true,"href":"http:\/\/www.sindipetroba.org.br\/2019\/wp-json\/wp\/v2\/users\/4"}],"replies":[{"embeddable":true,"href":"http:\/\/www.sindipetroba.org.br\/2019\/wp-json\/wp\/v2\/comments?post=8393"}],"version-history":[{"count":4,"href":"http:\/\/www.sindipetroba.org.br\/2019\/wp-json\/wp\/v2\/posts\/8393\/revisions"}],"predecessor-version":[{"id":8462,"href":"http:\/\/www.sindipetroba.org.br\/2019\/wp-json\/wp\/v2\/posts\/8393\/revisions\/8462"}],"wp:featuredmedia":[{"embeddable":true,"href":"http:\/\/www.sindipetroba.org.br\/2019\/wp-json\/wp\/v2\/media\/8394"}],"wp:attachment":[{"href":"http:\/\/www.sindipetroba.org.br\/2019\/wp-json\/wp\/v2\/media?parent=8393"}],"wp:term":[{"taxonomy":"category","embeddable":true,"href":"http:\/\/www.sindipetroba.org.br\/2019\/wp-json\/wp\/v2\/categories?post=8393"},{"taxonomy":"post_tag","embeddable":true,"href":"http:\/\/www.sindipetroba.org.br\/2019\/wp-json\/wp\/v2\/tags?post=8393"}],"curies":[{"name":"wp","href":"https:\/\/api.w.org\/{rel}","templated":true}]}}